{"id":2673,"date":"2010-05-16T08:41:43","date_gmt":"2010-05-16T07:41:43","guid":{"rendered":"http:\/\/fjala.shkoder.net\/?p=2673"},"modified":"2010-05-16T08:41:43","modified_gmt":"2010-05-16T07:41:43","slug":"frika-nga-transparenca-deshmi-e-paligjshmerise","status":"publish","type":"post","link":"https:\/\/fjala.info\/2009-2015\/frika-nga-transparenca-deshmi-e-paligjshmerise\/","title":{"rendered":"FRIKA NGA TRANSPARENCA D\u00cbSHMI E PALIGJSHM\u00cbRIS\u00cb"},"content":{"rendered":"<p><strong>Daut Gumeni<\/strong><\/p>\n<p>Reagimi i deritanish\u00ebm i pushtetit ndaj grev\u00ebs s\u00eb uris\u00eb q\u00eb zhvillohet n\u00eb bulevardin \u201cD\u00ebshmor\u00ebt e Kombit\u201d \u2013 q\u00eb zhvillohet aty midis dy godinave q\u00eb kryeqyteti yn\u00eb ka trash\u00ebguar nj\u00ebr\u00ebn nga koha e diktatur\u00ebs fashiste dhe tjetr\u00ebn nga koha e diktatur\u00ebs komuniste &#8211; tregon ve\u00e7 t\u00eb tjerash edhe nj\u00eb frik\u00eb t\u00eb madhe nga transparenca. Tregon jo vet\u00ebm frik\u00eb nga transparenca e zgjedhjeve t\u00eb d\u00ebshtuara t\u00eb radh\u00ebs me 28 qershorin e kaluar, por tregon frik\u00eb nga transparenca e m\u00ebnyr\u00ebs se si p\u00ebrdoren parat\u00eb publike t\u00eb mbledhura nga taksat e qytetar\u00ebve. Tregon frik\u00eb nga transparenca e marr\u00ebdh\u00ebnieve t\u00eb pushtetit aktual t\u00eb Tiran\u00ebs me miqt\u00eb e pushtetit t\u00eb tyre n\u00eb institucionet nd\u00ebrkomb\u00ebtare, tregon dhe frik\u00ebn e madhe t\u00eb pushtetit aktual nga transparenca e marr\u00ebdh\u00ebnieve t\u00eb tij me fqinj\u00ebt tan\u00eb e me miqt\u00eb dhe aleat\u00ebt strategjik\u00eb n\u00eb BE dhe n\u00eb Uashington.<\/p>\n<p>Gjithkush b\u00ebn pyetjen k\u00ebto dit\u00eb t\u00eb nxehta t\u00eb kriz\u00ebs politike, q\u00eb kulmojn\u00eb me grev\u00ebn e uris\u00eb n\u00eb bulevardin \u201cD\u00ebshmor\u00ebt e Kombit\u201d :\u201dSi \u00ebsht\u00eb e mundur q\u00eb grevist\u00ebt e uris\u00eb nuk i ka vizituar ende asnj\u00eb p\u00ebrfaq\u00ebsues i pushtetit?\u201d&#8230;<\/p>\n<p>Dhe \u00ebsht\u00eb m\u00eb se e natyrshme t\u00eb vijohet gjat\u00eb me pyetje t\u00eb tilla&#8230; A kan\u00eb marr\u00eb p\u00ebrsip\u00ebr ta qeverisin k\u00ebt\u00eb vend pushtetar\u00ebt tan\u00eb aktual\u00eb, apo edhe k\u00ebt\u00eb her\u00eb i vodh\u00ebn votat p\u00ebr ta sunduar? A kan\u00eb nj\u00eb fije p\u00ebrgjegj\u00ebsie pushtetar\u00ebt aktual\u00eb, t\u00eb pakt\u00ebn p\u00ebr sigurin\u00eb e jet\u00ebs s\u00eb qytetar\u00ebve t\u00eb k\u00ebtij vendi? Nuk e kujtojn\u00eb fare pushtetar\u00ebt tan\u00eb aktual\u00eb as at\u00eb th\u00ebnien e urt\u00ebsis\u00eb njer\u00ebzore se \u201cNj\u00eb pushteti q\u00eb nuk t\u00eb siguron dot jet\u00ebn, nuk i detyrohesh p\u00ebr asgj\u00eb\u201d?&#8230;<\/p>\n<p>Dhe pastaj vjen vetiu ajo pyetja e pyetjeve e m\u00eb e thjeshta e m\u00eb thelb\u00ebsorja e t\u00eb gjithave: P\u00ebrse kan\u00eb kaq shum\u00eb frik\u00eb nga hapja e kutive t\u00eb votimit, kur jan\u00eb aq t\u00eb bindur sa t\u00eb bindin dhe miqt\u00eb e pushtetit t\u00eb tyre n\u00eb BE se na i paskan fituar paq ato \u201czgjedhjet m\u00eb t\u00eb lira, m\u00eb demokratike e m\u00eb t\u00eb ndershmet e zhvilluara n\u00eb historin\u00eb e k\u00ebtij vendi\u201d?&#8230; P\u00ebr t\u00eb mos p\u00ebrmendur q\u00eb, kur tremben kaq shum\u00eb t\u00eb hapin kutit\u00eb edhe p\u00ebr zgjedhjet \u201cm\u00eb t\u00eb mira e m\u00eb t\u00eb lira\u201d q\u00eb kan\u00eb zhvilluar n\u00eb historin\u00eb e tyre pushtetar\u00ebt tan\u00eb, merret me mend leht\u00eb se \u00e7\u2019paskan punuar me zgjedhjet e tjera (!)&#8230;<\/p>\n<p style=\"text-align: center;\">* * *<\/p>\n<p>Pastaj, kur qenka e v\u00ebrtet\u00eb se kriza politike dhe vet\u00eb sakrifica e grevist\u00ebve t\u00eb uris\u00eb na qenka \u201cvet\u00ebm pjell\u00eb e interesave personale t\u00eb kryetarit t\u00eb opozit\u00ebs\u201d apo m\u00eb sakt\u00eb pjell\u00eb e fantazis\u00eb s\u00eb tij, pse nuk i hapin kutit\u00eb faqe gjith\u00eb bot\u00ebs q\u00eb edhe \u201carmiku i radh\u00ebs i demokracis\u00eb\u201d s\u00eb klonuar n\u00eb laborator\u00ebt e Partis\u00eb s\u00eb Pun\u00ebs t\u00eb largohet nga politika, pasi ta ket\u00eb par\u00eb bota mbar\u00eb humbjen e tij n\u00eb \u201czgjedhjet m\u00eb t\u00eb lira e m\u00eb t\u00eb ndershme t\u00eb historis\u00eb\u201d?&#8230; Kur qenka aq e v\u00ebrtet\u00eb se kreu aktual i opozit\u00ebs e b\u00ebn t\u00ebr\u00eb k\u00ebt\u00eb gurgule vet\u00ebm p\u00ebr t\u00eb mbajtur t\u00eb uzurpuar Partin\u00eb Socialiste, pse nuk i hap kutit\u00eb pushteti aktual dhe t\u2019i gjej\u00eb edhe Partis\u00eb Socialiste nj\u00eb Sali Rexhep t\u00eb ri fringo p\u00ebr ta shpur\u00eb Shqip\u00ebrin\u00eb n\u00eb BE me nj\u00eb parti t\u00eb vetme e me parull\u00ebn e dikurshme \u201cPopulli n\u00eb k\u00ebmb\u00eb, Partia n\u00eb ball\u00eb!\u201d&#8230; Mbase ka dhe n\u00eb Europ\u00eb nostalgjik\u00eb t\u00eb \u201cvitorjeve\u201d t\u00eb tilla, doemos midis miqve t\u00eb pushtetit ton\u00eb aktual&#8230;<\/p>\n<p>Ja pse k\u00ebto dit\u00eb t\u00eb r\u00ebnda p\u00ebr sh\u00ebndetin e grevist\u00ebve t\u00eb uris\u00eb n\u00eb bulevardin \u201cD\u00ebshmor\u00ebt e Kombit\u201d, gjithkush mund t\u00eb \u00e7uditet me frik\u00ebn q\u00eb kan\u00eb nga transparenca p\u00ebrfaq\u00ebsuesit e pushtetit. Nj\u00eb \u00e7uditje q\u00eb t\u00eb b\u00ebn t\u00eb mendosh se t\u00ebr\u00eb kjo frik\u00eb e k\u00ebtij lloj pushteti nga transparenca e t\u00eb gjitha pun\u00ebve t\u00eb qeverisjes aktuale e jo vet\u00ebm nga transparenca e zgjedhjeve, \u00ebsht\u00eb nj\u00eb d\u00ebshmi e pakund\u00ebrshtueshme e paligjshm\u00ebris\u00eb s\u00eb nj\u00eb pushteti t\u00eb ngritur mbi themele kaq t\u00eb lemerisura nga frika e transparenc\u00ebs m\u00eb t\u00eb nevojshme p\u00ebr t\u00eb gjitha pun\u00ebt publike n\u00eb t\u00eb gjith\u00eb bot\u00ebn e zhvilluar, ku themi se duam t\u00eb ingranohemi, por q\u00eb pushtetar\u00ebt tan\u00eb po p\u00ebrpiqen aq shum\u00eb p\u00ebr ta larguar vendin sa m\u00eb tep\u00ebr prej asaj bote e prej asaj dite t\u00eb \u00ebnd\u00ebrruar me zjarr nga t\u00eb gjith\u00eb shqiptar\u00ebt e varf\u00ebr.<\/p>\n<p>At\u00ebher\u00eb nuk duket dhe aq e v\u00ebshtir\u00eb t\u00eb kuptohet nga t\u00eb gjith\u00eb se pse trembet aq shum\u00eb nga transparenca pushteti aktual. Pse trembet aq shum\u00eb nga ballafaqimi me t\u00eb v\u00ebrtet\u00ebn, sa t\u00eb mos guxoj\u00eb as t\u2019i shoh\u00eb n\u00eb sy grevist\u00ebt, qoft\u00eb edhe n\u00eb nj\u00eb vizit\u00eb mir\u00ebsjelljeje n\u00eb em\u00ebr t\u00eb detyr\u00ebs s\u00eb pushtetarit. Se edhe pushtetar\u00ebt q\u00eb b\u00ebjn\u00eb regjistrimin e popullsis\u00eb n\u00eb vend t\u00eb zgjedhjeve demokratike \u2013 duke nisur nga Koreja e Veriut e n\u00eb Kub\u00ebn e Kastrove \u2013 kan\u00eb aq mir\u00ebsjellje pushtetari sa t\u00eb mos i sulmojn\u00eb grevist\u00ebt me antimitingje, q\u00eb e kthejn\u00eb dhe Nj\u00eb Majin nga fest\u00eb t\u00eb diktaturave komuniste n\u00eb fest\u00eb t\u00eb \u201cfitoreve europiane\u201d&#8230; As ai sorollop diktator\u00ebsh nuk ka arritur ta vesh\u00eb dhe Nj\u00eb Majin e feudal\u00ebve t\u00eb kuq me ngjyr\u00eb blu, si t\u00eb ishte fest\u00eb e policis\u00eb&#8230;<\/p>\n<p>Edhe diktator\u00ebt m\u00eb t\u00eb fandaksur, mundohen me zor t\u00eb tregohen sa p\u00ebr sy e faqe disi m\u00eb t\u00eb p\u00ebrmbajtur n\u00eb sulmet ndaj grevist\u00ebve t\u00eb uris\u00eb. Edhe p\u00ebrbind\u00ebsha t\u00eb till\u00eb social\u00eb, si diktator\u00ebt fashist\u00eb e komunist\u00eb, arrijn\u00eb t\u00eb p\u00ebrmbahen sa t\u00eb mos i fyejn\u00eb grevist\u00ebt e uris\u00eb, ca m\u00eb tep\u00ebr kur b\u00ebhet fjal\u00eb p\u00ebr gra e p\u00ebr vajza greviste. As k\u00ebt\u00eb p\u00ebrmbajtje nuk arrin ta ket\u00eb pushteti aktual dhe kjo \u00ebsht\u00eb vet\u00ebm pasoj\u00eb e frik\u00ebs nga transparenca. \u00cbsht\u00eb d\u00ebshmia m\u00eb b\u00ebrtit\u00ebse se dhe vet\u00eb ky lloj pushteti e di q\u00eb p\u00ebrpiqet kot ta fsheh\u00eb paligjshm\u00ebrin\u00eb e vet.<\/p>\n<p>Prandaj dhe t\u00eb kap v\u00ebrtet nj\u00eb trishtim i r\u00ebnd\u00eb, kur sheh se si ministra e deputet\u00eb t\u00eb pozit\u00ebs e harrojn\u00eb fare pun\u00ebn p\u00ebr t\u00eb cil\u00ebn paguhen dhe vihen n\u00eb rresht p\u00ebr t\u00eb shar\u00eb nj\u00eb njeri, kryetarin e opozit\u00ebs. T\u00eb kap nj\u00eb dhembje koke, kur sheh se si vihen n\u00eb rreshtat e listave t\u00eb gjata p\u00ebr t\u00eb mallkuar grevist\u00ebt e uris\u00eb edhe ata njer\u00ebz, q\u00eb shoq\u00ebria pret t\u2019u prijn\u00eb proceseve demokratike dhe jo t\u00eb n\u00ebnshkruajn\u00eb dhe sot e k\u00ebt\u00eb dit\u00eb ca nga ato letrat e famshme, q\u00eb bashk\u00ebpun\u00ebtor\u00ebt vullnetar\u00eb t\u00eb Kooperativ\u00ebs s\u00eb Fier-Sheganit i d\u00ebrgonin dikur \u201cudh\u00ebheq\u00ebsit legjendar\u201d&#8230;<\/p>\n<p>Ja e zum\u00eb se pushtetar\u00ebt tan\u00eb aktual\u00eb nuk kan\u00eb as drit\u00eb e as nevoj\u00eb t\u00eb lexojn\u00eb Deklarat\u00ebn e Algjerit t\u00eb vitit 1978, q\u00eb u siguron popujve Kat\u00ebr t\u00eb Drejta Themelore:<\/p>\n<p><em>a) T\u00eb Drejt\u00ebn p\u00ebr Ushqim<br \/>\nb) T\u00eb Drejt\u00ebn p\u00ebr nj\u00eb Mjedis t\u00eb P\u00ebrshtatsh\u00ebm<br \/>\nc) T\u00eb Drejt\u00ebn p\u00ebr Zhvillim dhe<br \/>\nd) T\u00eb Drejt\u00ebn p\u00ebr Paqe<\/em><\/p>\n<p>Po njer\u00ebzit e k\u00ebtij vendi t\u00eb varf\u00ebr, q\u00eb jan\u00eb paguar nj\u00eb jet\u00eb p\u00ebr t\u00eb qen\u00eb n\u00eb ball\u00eb t\u00eb zhvillimeve dhe jo n\u00eb rreshtat e listave mallkuese t\u00eb paramilitar\u00ebve partiak\u00eb, pse nuk e kan\u00eb lexuar nj\u00eb her\u00eb t\u00eb vetme at\u00eb deklarat\u00eb? Se po ta kishin lexuar nj\u00eb her\u00eb at\u00eb deklarat\u00eb e, pasi t\u00eb shikonin se pushteti (edhe ashtu me vota t\u00eb vjedhura sikund\u00ebr po mundohet t\u00eb na e ligj\u00ebroj\u00eb edhe Europa e lirive) t\u2019i kishte siguruar popullit t\u00eb vet ato t\u00eb drejta, at\u00ebher\u00eb mbase mund t\u00eb vinte radha edhe t\u00eb b\u00ebnin v\u00ebrejtjet e tyre kund\u00ebr protestave opozitare, n\u00eb cil\u00ebndo form\u00eb q\u00eb t\u00eb d\u00ebshironin. Sepse ndoshta duhej s\u00eb pari t\u00eb uronin sh\u00ebndet t\u00eb mir\u00eb p\u00ebr protestuesit grevist\u00eb e pastaj t\u2019u tregonin dhe mund\u00ebsit\u00eb, q\u00eb ata nuk i pask\u00ebshin shfryt\u00ebzuar para se t\u00eb arrinin t\u00eb ngujoheshin n\u00eb grev\u00eb urie&#8230;<\/p>\n<p>Sepse njer\u00ebzit e paguar nj\u00eb jet\u00eb p\u00ebr pun\u00eb kulture, bota e qytet\u00ebruar nuk i radhit n\u00eb listat e tifoz\u00ebve t\u00eb pushtetit, kur qytetar\u00ebt e saj jan\u00eb n\u00eb grev\u00eb urie. Sepse bota e qytet\u00ebruar, ku duam mbase t\u00eb gjith\u00eb t\u00eb vemi, nuk mallkon protestuesit dhe grevist\u00ebt e uris\u00eb kur pushteti ka vjedhur votat e popullit, kur pushteti ka shum\u00ebfishuar dhe \u00e7mimet e ushqimeve, t\u00eb energjis\u00eb e t\u00eb ujit. Bota e qytet\u00ebruar, ku mbase duam t\u00eb gjith\u00eb t\u00eb vemi sa m\u00eb shpejt, nuk p\u00ebrgj\u00ebrohet p\u00ebr pushtetet e votave t\u00eb vjedhura. Bota e qytet\u00ebruar p\u00ebrpiqet t\u00eb sh\u00ebndosh\u00eb shtetin e t\u00eb gjith\u00ebve dhe jo pushtetin e disa t\u00eb zgjedhurve si trash\u00ebgimtar\u00eb besnik\u00eb t\u00eb diktatur\u00ebs s\u00eb djeshme. Bota e qytet\u00ebruar, p\u00ebr ku duhej t\u00eb na prinin t\u00eb par\u00ebt njer\u00ebzit e paguar nj\u00eb jet\u00eb p\u00ebr pun\u00eb kulture, jo vet\u00ebm q\u00eb nuk i mallkon ata q\u00eb sakrifikojn\u00eb sh\u00ebndetin e vet n\u00eb grev\u00eb urie, por i p\u00ebrsh\u00ebndet e i mb\u00ebshtet haptazi t\u00eb gjith\u00eb ata qytetar\u00eb t\u00eb mir\u00eb, q\u00eb kan\u00eb guximin e protestuesit p\u00ebr t\u00eb drejtat e t\u00eb gjith\u00ebve.<\/p>\n<p>Se n\u00eb at\u00eb bot\u00ebn e qytet\u00ebruar, ku duhet t\u00eb na prinin njer\u00ebzit e paguar nj\u00eb jet\u00eb p\u00ebr pun\u00eb kulture, nuk i d\u00ebrgohen pushtetit letra e lista p\u00ebr ta siguruar q\u00eb mbeten edhe sot e k\u00ebt\u00eb dit\u00eb ca \u201cndihm\u00ebs besnik\u00eb t\u00eb Partis\u00eb\u201d&#8230; Se at\u00ebher\u00eb, m\u00eb shum\u00eb se protestuesit opozitar\u00eb e m\u00eb shum\u00eb se grevist\u00ebt e uris\u00eb, vuan vet\u00eb kultura e nj\u00eb vendi, vuan vet\u00ebdija politike dhe kujtesa historike e nj\u00eb populli.<\/p>\n<p style=\"text-align: center;\">* * *<\/p>\n<p>Dikur i paharruari Lumo Sk\u00ebndo shkruante n\u00eb tregimin \u201cPlaku i Lynecit\u201d se fati i Shqip\u00ebris\u00eb i ngjante nj\u00eb djepi t\u00eb varur p\u00ebrmbi humner\u00eb. Ishte n\u00eb dor\u00eb t\u00eb shqiptar\u00ebve t\u00eb mos e linin f\u00ebmij\u00ebn-fat t\u00eb binte n\u00eb val\u00ebt e turbullta, por t\u00eb d\u00ebgjonin Plakun e Lynecit \u2013 t\u00eb mos hanin nj\u00ebri-tjetrin por t\u00eb bashkoheshin n\u00eb udh\u00ebn e p\u00ebrparimit&#8230;<\/p>\n<p>Shqiptar\u00ebt, si t\u00eb shumt\u00ebn e historis\u00eb s\u00eb tyre, nuk d\u00ebgjuan z\u00ebrin e dhimbjes q\u00eb dilte nga shk\u00ebmbi i Lynecit \u2013 nuk u b\u00ebn\u00eb dot bashk\u00eb kund\u00ebr t\u00eb keqes, por u ndan\u00eb n\u00eb pal\u00eb dhe e lan\u00eb djepin e fatit me f\u00ebmij\u00ebn brenda t\u00eb binte n\u00eb val\u00ebt e turbullta&#8230;<\/p>\n<p>Ato \u00e7adra t\u00eb grevist\u00ebve t\u00eb uris\u00eb, q\u00eb q\u00ebndrojn\u00eb t\u00eb heshtura midis dy godinave t\u00eb pushtetit (nj\u00ebra trash\u00ebgimi e diktatur\u00ebs fashiste dhe tjetra trash\u00ebgimi e diktatur\u00ebs komuniste), \u00ebsht\u00eb mir\u00eb t\u2019i shohim t\u00eb gjith\u00eb tok si \u00e7adra t\u00eb uris\u00eb p\u00ebr liri. Le t\u2019i p\u00ebrsh\u00ebndetim t\u00eb gjith\u00eb paq\u00ebsisht, madje le t\u00eb p\u00ebrpiqet dhe vet\u00eb pushteti aktual t\u2019i p\u00ebrsh\u00ebndes\u00eb q\u00eb, t\u00eb pakt\u00ebn nj\u00eb her\u00eb, e mira e vendit t\u00eb dal\u00eb p\u00ebrmbi interesin e vock\u00ebl t\u00eb pushtetit t\u00eb verb\u00ebr. Ashtu besoj se fitojm\u00eb t\u00eb gjith\u00eb, se fitojm\u00eb t\u00eb gjith\u00eb kur fiton liria. Fitojm\u00eb t\u00eb gjith\u00eb kur fiton Shqip\u00ebria demokracin\u00eb e v\u00ebrtet\u00eb e jo k\u00ebt\u00eb ka\u00e7amak komunisto-fashist, q\u00eb arrin t\u00eb mall\u00ebngjej\u00eb edhe zonj\u00ebn e nderuar, Doris Pak, si mike t\u00eb pushtetit n\u00eb Bruksel, por nuk e bind dot Elsa Lil\u00ebn e mir\u00eb t\u00eb ngujuar p\u00ebr turpin ton\u00eb e nga paaft\u00ebsia jon\u00eb n\u00eb ato \u00e7adrat e grev\u00ebs s\u00eb uris\u00eb n\u00eb bulevardin \u201cD\u00ebshmor\u00ebt e Kombit\u201d.<\/p>\n","protected":false},"excerpt":{"rendered":"<p>Daut Gumeni Reagimi i deritanish\u00ebm i pushtetit ndaj grev\u00ebs s\u00eb uris\u00eb q\u00eb zhvillohet n\u00eb bulevardin \u201cD\u00ebshmor\u00ebt e Kombit\u201d \u2013 q\u00eb zhvillohet aty midis dy godinave q\u00eb kryeqyteti yn\u00eb ka trash\u00ebguar nj\u00ebr\u00ebn nga koha e diktatur\u00ebs fashiste dhe tjetr\u00ebn nga koha e diktatur\u00ebs komuniste &#8211; tregon ve\u00e7 t\u00eb tjerash edhe nj\u00eb frik\u00eb t\u00eb madhe nga transparenca. [&hellip;]<\/p>\n","protected":false},"author":1,"featured_media":0,"comment_status":"open","ping_status":"closed","sticky":false,"template":"","format":"standard","meta":{"footnotes":""},"categories":[2],"tags":[],"class_list":{"0":"post-2673","1":"post","2":"type-post","3":"status-publish","4":"format-standard","6":"category-artikuj"},"yoast_head":"<!-- This site is optimized with the Yoast SEO plugin v27.4 - https:\/\/yoast.com\/product\/yoast-seo-wordpress\/ -->\n<title>FRIKA NGA TRANSPARENCA D\u00cbSHMI E PALIGJSHM\u00cbRIS\u00cb - FjALA e LIR\u00cb - Arkivi<\/title>\n<meta name=\"robots\" content=\"index, follow, max-snippet:-1, max-image-preview:large, max-video-preview:-1\" \/>\n<link rel=\"canonical\" href=\"https:\/\/fjala.info\/2009-2015\/frika-nga-transparenca-deshmi-e-paligjshmerise\/\" \/>\n<meta property=\"og:locale\" content=\"sq_AL\" \/>\n<meta property=\"og:type\" content=\"article\" \/>\n<meta property=\"og:title\" content=\"FRIKA NGA TRANSPARENCA D\u00cbSHMI E PALIGJSHM\u00cbRIS\u00cb - FjALA e LIR\u00cb - Arkivi\" \/>\n<meta property=\"og:description\" content=\"Daut Gumeni Reagimi i deritanish\u00ebm i pushtetit ndaj grev\u00ebs s\u00eb uris\u00eb q\u00eb zhvillohet n\u00eb bulevardin \u201cD\u00ebshmor\u00ebt e Kombit\u201d \u2013 q\u00eb zhvillohet aty midis dy godinave q\u00eb kryeqyteti yn\u00eb ka trash\u00ebguar nj\u00ebr\u00ebn nga koha e diktatur\u00ebs fashiste dhe tjetr\u00ebn nga koha e diktatur\u00ebs komuniste &#8211; tregon ve\u00e7 t\u00eb tjerash edhe nj\u00eb frik\u00eb t\u00eb madhe nga transparenca. [&hellip;]\" \/>\n<meta property=\"og:url\" content=\"https:\/\/fjala.info\/2009-2015\/frika-nga-transparenca-deshmi-e-paligjshmerise\/\" \/>\n<meta property=\"og:site_name\" content=\"FjALA e LIR\u00cb - Arkivi\" \/>\n<meta property=\"article:published_time\" content=\"2010-05-16T07:41:43+00:00\" \/>\n<meta name=\"author\" content=\"admin\" \/>\n<meta name=\"twitter:card\" content=\"summary_large_image\" \/>\n<meta name=\"twitter:label1\" content=\"Written by\" \/>\n\t<meta name=\"twitter:data1\" content=\"admin\" \/>\n\t<meta name=\"twitter:label2\" content=\"Est. reading time\" \/>\n\t<meta name=\"twitter:data2\" content=\"10 minutes\" \/>\n<script type=\"application\/ld+json\" class=\"yoast-schema-graph\">{\"@context\":\"https:\\\/\\\/schema.org\",\"@graph\":[{\"@type\":\"Article\",\"@id\":\"https:\\\/\\\/fjala.info\\\/2009-2015\\\/frika-nga-transparenca-deshmi-e-paligjshmerise\\\/#article\",\"isPartOf\":{\"@id\":\"https:\\\/\\\/fjala.info\\\/2009-2015\\\/frika-nga-transparenca-deshmi-e-paligjshmerise\\\/\"},\"author\":{\"name\":\"admin\",\"@id\":\"https:\\\/\\\/fjala.info\\\/2009-2015\\\/#\\\/schema\\\/person\\\/3aa1163ef05469c496fc94e77611ada2\"},\"headline\":\"FRIKA NGA TRANSPARENCA D\u00cbSHMI E PALIGJSHM\u00cbRIS\u00cb\",\"datePublished\":\"2010-05-16T07:41:43+00:00\",\"mainEntityOfPage\":{\"@id\":\"https:\\\/\\\/fjala.info\\\/2009-2015\\\/frika-nga-transparenca-deshmi-e-paligjshmerise\\\/\"},\"wordCount\":1970,\"commentCount\":0,\"publisher\":{\"@id\":\"https:\\\/\\\/fjala.info\\\/2009-2015\\\/#organization\"},\"articleSection\":[\"Artikuj\"],\"inLanguage\":\"sq-AL\",\"potentialAction\":[{\"@type\":\"CommentAction\",\"name\":\"Comment\",\"target\":[\"https:\\\/\\\/fjala.info\\\/2009-2015\\\/frika-nga-transparenca-deshmi-e-paligjshmerise\\\/#respond\"]}]},{\"@type\":\"WebPage\",\"@id\":\"https:\\\/\\\/fjala.info\\\/2009-2015\\\/frika-nga-transparenca-deshmi-e-paligjshmerise\\\/\",\"url\":\"https:\\\/\\\/fjala.info\\\/2009-2015\\\/frika-nga-transparenca-deshmi-e-paligjshmerise\\\/\",\"name\":\"FRIKA NGA TRANSPARENCA D\u00cbSHMI E PALIGJSHM\u00cbRIS\u00cb - FjALA e LIR\u00cb - Arkivi\",\"isPartOf\":{\"@id\":\"https:\\\/\\\/fjala.info\\\/2009-2015\\\/#website\"},\"datePublished\":\"2010-05-16T07:41:43+00:00\",\"breadcrumb\":{\"@id\":\"https:\\\/\\\/fjala.info\\\/2009-2015\\\/frika-nga-transparenca-deshmi-e-paligjshmerise\\\/#breadcrumb\"},\"inLanguage\":\"sq-AL\",\"potentialAction\":[{\"@type\":\"ReadAction\",\"target\":[\"https:\\\/\\\/fjala.info\\\/2009-2015\\\/frika-nga-transparenca-deshmi-e-paligjshmerise\\\/\"]}]},{\"@type\":\"BreadcrumbList\",\"@id\":\"https:\\\/\\\/fjala.info\\\/2009-2015\\\/frika-nga-transparenca-deshmi-e-paligjshmerise\\\/#breadcrumb\",\"itemListElement\":[{\"@type\":\"ListItem\",\"position\":1,\"name\":\"Home\",\"item\":\"https:\\\/\\\/fjala.info\\\/2009-2015\\\/\"},{\"@type\":\"ListItem\",\"position\":2,\"name\":\"FRIKA NGA TRANSPARENCA D\u00cbSHMI E PALIGJSHM\u00cbRIS\u00cb\"}]},{\"@type\":\"WebSite\",\"@id\":\"https:\\\/\\\/fjala.info\\\/2009-2015\\\/#website\",\"url\":\"https:\\\/\\\/fjala.info\\\/2009-2015\\\/\",\"name\":\"FjALA e LIR\u00cb - Arkivi\",\"description\":\"Arkivi 2009-2015\",\"publisher\":{\"@id\":\"https:\\\/\\\/fjala.info\\\/2009-2015\\\/#organization\"},\"potentialAction\":[{\"@type\":\"SearchAction\",\"target\":{\"@type\":\"EntryPoint\",\"urlTemplate\":\"https:\\\/\\\/fjala.info\\\/2009-2015\\\/?s={search_term_string}\"},\"query-input\":{\"@type\":\"PropertyValueSpecification\",\"valueRequired\":true,\"valueName\":\"search_term_string\"}}],\"inLanguage\":\"sq-AL\"},{\"@type\":\"Organization\",\"@id\":\"https:\\\/\\\/fjala.info\\\/2009-2015\\\/#organization\",\"name\":\"FjALA e LIR\u00cb - Arkivi\",\"url\":\"https:\\\/\\\/fjala.info\\\/2009-2015\\\/\",\"logo\":{\"@type\":\"ImageObject\",\"inLanguage\":\"sq-AL\",\"@id\":\"https:\\\/\\\/fjala.info\\\/2009-2015\\\/#\\\/schema\\\/logo\\\/image\\\/\",\"url\":\"\",\"contentUrl\":\"\",\"caption\":\"FjALA e LIR\u00cb - Arkivi\"},\"image\":{\"@id\":\"https:\\\/\\\/fjala.info\\\/2009-2015\\\/#\\\/schema\\\/logo\\\/image\\\/\"}},{\"@type\":\"Person\",\"@id\":\"https:\\\/\\\/fjala.info\\\/2009-2015\\\/#\\\/schema\\\/person\\\/3aa1163ef05469c496fc94e77611ada2\",\"name\":\"admin\",\"image\":{\"@type\":\"ImageObject\",\"inLanguage\":\"sq-AL\",\"@id\":\"https:\\\/\\\/fjala.info\\\/2009-2015\\\/wp-content\\\/uploads\\\/2012\\\/02\\\/arben_cokaj-120x150.jpg\",\"url\":\"https:\\\/\\\/fjala.info\\\/2009-2015\\\/wp-content\\\/uploads\\\/2012\\\/02\\\/arben_cokaj-120x150.jpg\",\"contentUrl\":\"https:\\\/\\\/fjala.info\\\/2009-2015\\\/wp-content\\\/uploads\\\/2012\\\/02\\\/arben_cokaj-120x150.jpg\",\"caption\":\"admin\"},\"description\":\"Admin, Fjala e Lir\u00eb\",\"sameAs\":[\"https:\\\/\\\/fjala.info\\\/\"],\"url\":\"https:\\\/\\\/fjala.info\\\/2009-2015\\\/author\\\/admin\\\/\"}]}<\/script>\n<!-- \/ Yoast SEO plugin. -->","yoast_head_json":{"title":"FRIKA NGA TRANSPARENCA D\u00cbSHMI E PALIGJSHM\u00cbRIS\u00cb - FjALA e LIR\u00cb - Arkivi","robots":{"index":"index","follow":"follow","max-snippet":"max-snippet:-1","max-image-preview":"max-image-preview:large","max-video-preview":"max-video-preview:-1"},"canonical":"https:\/\/fjala.info\/2009-2015\/frika-nga-transparenca-deshmi-e-paligjshmerise\/","og_locale":"sq_AL","og_type":"article","og_title":"FRIKA NGA TRANSPARENCA D\u00cbSHMI E PALIGJSHM\u00cbRIS\u00cb - FjALA e LIR\u00cb - Arkivi","og_description":"Daut Gumeni Reagimi i deritanish\u00ebm i pushtetit ndaj grev\u00ebs s\u00eb uris\u00eb q\u00eb zhvillohet n\u00eb bulevardin \u201cD\u00ebshmor\u00ebt e Kombit\u201d \u2013 q\u00eb zhvillohet aty midis dy godinave q\u00eb kryeqyteti yn\u00eb ka trash\u00ebguar nj\u00ebr\u00ebn nga koha e diktatur\u00ebs fashiste dhe tjetr\u00ebn nga koha e diktatur\u00ebs komuniste &#8211; tregon ve\u00e7 t\u00eb tjerash edhe nj\u00eb frik\u00eb t\u00eb madhe nga transparenca. [&hellip;]","og_url":"https:\/\/fjala.info\/2009-2015\/frika-nga-transparenca-deshmi-e-paligjshmerise\/","og_site_name":"FjALA e LIR\u00cb - Arkivi","article_published_time":"2010-05-16T07:41:43+00:00","author":"admin","twitter_card":"summary_large_image","twitter_misc":{"Written by":"admin","Est. reading time":"10 minutes"},"schema":{"@context":"https:\/\/schema.org","@graph":[{"@type":"Article","@id":"https:\/\/fjala.info\/2009-2015\/frika-nga-transparenca-deshmi-e-paligjshmerise\/#article","isPartOf":{"@id":"https:\/\/fjala.info\/2009-2015\/frika-nga-transparenca-deshmi-e-paligjshmerise\/"},"author":{"name":"admin","@id":"https:\/\/fjala.info\/2009-2015\/#\/schema\/person\/3aa1163ef05469c496fc94e77611ada2"},"headline":"FRIKA NGA TRANSPARENCA D\u00cbSHMI E PALIGJSHM\u00cbRIS\u00cb","datePublished":"2010-05-16T07:41:43+00:00","mainEntityOfPage":{"@id":"https:\/\/fjala.info\/2009-2015\/frika-nga-transparenca-deshmi-e-paligjshmerise\/"},"wordCount":1970,"commentCount":0,"publisher":{"@id":"https:\/\/fjala.info\/2009-2015\/#organization"},"articleSection":["Artikuj"],"inLanguage":"sq-AL","potentialAction":[{"@type":"CommentAction","name":"Comment","target":["https:\/\/fjala.info\/2009-2015\/frika-nga-transparenca-deshmi-e-paligjshmerise\/#respond"]}]},{"@type":"WebPage","@id":"https:\/\/fjala.info\/2009-2015\/frika-nga-transparenca-deshmi-e-paligjshmerise\/","url":"https:\/\/fjala.info\/2009-2015\/frika-nga-transparenca-deshmi-e-paligjshmerise\/","name":"FRIKA NGA TRANSPARENCA D\u00cbSHMI E PALIGJSHM\u00cbRIS\u00cb - FjALA e LIR\u00cb - Arkivi","isPartOf":{"@id":"https:\/\/fjala.info\/2009-2015\/#website"},"datePublished":"2010-05-16T07:41:43+00:00","breadcrumb":{"@id":"https:\/\/fjala.info\/2009-2015\/frika-nga-transparenca-deshmi-e-paligjshmerise\/#breadcrumb"},"inLanguage":"sq-AL","potentialAction":[{"@type":"ReadAction","target":["https:\/\/fjala.info\/2009-2015\/frika-nga-transparenca-deshmi-e-paligjshmerise\/"]}]},{"@type":"BreadcrumbList","@id":"https:\/\/fjala.info\/2009-2015\/frika-nga-transparenca-deshmi-e-paligjshmerise\/#breadcrumb","itemListElement":[{"@type":"ListItem","position":1,"name":"Home","item":"https:\/\/fjala.info\/2009-2015\/"},{"@type":"ListItem","position":2,"name":"FRIKA NGA TRANSPARENCA D\u00cbSHMI E PALIGJSHM\u00cbRIS\u00cb"}]},{"@type":"WebSite","@id":"https:\/\/fjala.info\/2009-2015\/#website","url":"https:\/\/fjala.info\/2009-2015\/","name":"FjALA e LIR\u00cb - Arkivi","description":"Arkivi 2009-2015","publisher":{"@id":"https:\/\/fjala.info\/2009-2015\/#organization"},"potentialAction":[{"@type":"SearchAction","target":{"@type":"EntryPoint","urlTemplate":"https:\/\/fjala.info\/2009-2015\/?s={search_term_string}"},"query-input":{"@type":"PropertyValueSpecification","valueRequired":true,"valueName":"search_term_string"}}],"inLanguage":"sq-AL"},{"@type":"Organization","@id":"https:\/\/fjala.info\/2009-2015\/#organization","name":"FjALA e LIR\u00cb - Arkivi","url":"https:\/\/fjala.info\/2009-2015\/","logo":{"@type":"ImageObject","inLanguage":"sq-AL","@id":"https:\/\/fjala.info\/2009-2015\/#\/schema\/logo\/image\/","url":"","contentUrl":"","caption":"FjALA e LIR\u00cb - Arkivi"},"image":{"@id":"https:\/\/fjala.info\/2009-2015\/#\/schema\/logo\/image\/"}},{"@type":"Person","@id":"https:\/\/fjala.info\/2009-2015\/#\/schema\/person\/3aa1163ef05469c496fc94e77611ada2","name":"admin","image":{"@type":"ImageObject","inLanguage":"sq-AL","@id":"https:\/\/fjala.info\/2009-2015\/wp-content\/uploads\/2012\/02\/arben_cokaj-120x150.jpg","url":"https:\/\/fjala.info\/2009-2015\/wp-content\/uploads\/2012\/02\/arben_cokaj-120x150.jpg","contentUrl":"https:\/\/fjala.info\/2009-2015\/wp-content\/uploads\/2012\/02\/arben_cokaj-120x150.jpg","caption":"admin"},"description":"Admin, Fjala e Lir\u00eb","sameAs":["https:\/\/fjala.info\/"],"url":"https:\/\/fjala.info\/2009-2015\/author\/admin\/"}]}},"_links":{"self":[{"href":"https:\/\/fjala.info\/2009-2015\/wp-json\/wp\/v2\/posts\/2673","targetHints":{"allow":["GET"]}}],"collection":[{"href":"https:\/\/fjala.info\/2009-2015\/wp-json\/wp\/v2\/posts"}],"about":[{"href":"https:\/\/fjala.info\/2009-2015\/wp-json\/wp\/v2\/types\/post"}],"author":[{"embeddable":true,"href":"https:\/\/fjala.info\/2009-2015\/wp-json\/wp\/v2\/users\/1"}],"replies":[{"embeddable":true,"href":"https:\/\/fjala.info\/2009-2015\/wp-json\/wp\/v2\/comments?post=2673"}],"version-history":[{"count":0,"href":"https:\/\/fjala.info\/2009-2015\/wp-json\/wp\/v2\/posts\/2673\/revisions"}],"wp:attachment":[{"href":"https:\/\/fjala.info\/2009-2015\/wp-json\/wp\/v2\/media?parent=2673"}],"wp:term":[{"taxonomy":"category","embeddable":true,"href":"https:\/\/fjala.info\/2009-2015\/wp-json\/wp\/v2\/categories?post=2673"},{"taxonomy":"post_tag","embeddable":true,"href":"https:\/\/fjala.info\/2009-2015\/wp-json\/wp\/v2\/tags?post=2673"}],"curies":[{"name":"wp","href":"https:\/\/api.w.org\/{rel}","templated":true}]}}