{"id":2672,"date":"2012-04-28T17:50:29","date_gmt":"2012-04-28T16:50:29","guid":{"rendered":"http:\/\/fjala.shkoder.net\/?p=2672"},"modified":"2012-04-28T17:50:29","modified_gmt":"2012-04-28T16:50:29","slug":"papafingoja-e-krismes-se-thate","status":"publish","type":"post","link":"https:\/\/fjala.info\/2009-2015\/papafingoja-e-krismes-se-thate\/","title":{"rendered":"Papafingoja e krism\u00ebs s\u00eb that\u00eb"},"content":{"rendered":"<p><img decoding=\"async\" class=\"alignright size-thumbnail wp-image-7236\" title=\"Edi Rama\" src=\"http:\/\/www.shkoder.net\/images\/fjala\/2011\/edi_rama6.jpg\" alt=\"\" width=\"200\" \/>(<strong><em>Siv\u00ebllait tim Ardian Klosi<\/em><\/strong>)<\/p>\n<p>Nga <strong>Edi Rama<\/strong>, <em>27 Prill 2012<\/em><br \/>\nwww.edirama.al<\/p>\n<p>Jemi tallur shpesh kahera me t\u00eb pap\u00ebrmbajtur gaz p\u00ebr vdekjen e gjithnj\u00eb e tallura mbaronte me hamendjen se cili nga t\u00eb dy do t\u00eb shkruante obituarin e tjetrit. Sikur s\u2019vete t\u00eb t\u00eb l\u00ebvdonj kur t\u00eb vdes\u00ebsh se do ta b\u00ebjn\u00eb t\u00eb t\u00ebr\u00eb, ndaj lerm\u00eb t\u00eb vdes un\u00eb m\u00eb i pari, m\u00eb thosh doktori, e aman, shtyhej Dani m\u00eb tutje, mos m\u00eb l\u00ebvdo e b\u00ebj \u00e7mos t\u2019i pengosh sa t\u00eb mund\u00ebsh t\u00eb m\u00eb l\u00ebvdojn\u00eb, se do t\u00eb detyrohem t\u00eb ngrihem nga varri e t\u2019i b\u00ebnj ta nd\u00ebrrojn\u00eb menj\u00ebher\u00eb pllak\u00ebn, nuk i duronj dot l\u00ebvdatat e tyre teksa m\u00eb kallin n\u00eb dhe e un\u00eb s\u2019u gjegjem dot.<\/p>\n<p>Ishte ila\u00e7 i fort\u00eb doktor Klosi, k\u00ebshtu e th\u00ebrrisja e k\u00ebshtu i\u2019a kam t\u00eb shkruar edhe emrin n\u00eb celuarin nga e thirra p\u00ebr t\u00eb fundit her\u00eb mbr\u00ebm\u00eb q\u00eb s\u2019ma hapi e s\u2019ma hapi t\u00eb tijin n\u00eb ato dekika tmerri, kur zilja e vet binte e binte n\u00eb sht\u00ebpin\u00eb buz\u00eb liqenit po ku i measnj\u00ebt\u00ebp\u00ebrngjasuarin mik i shtrenjt\u00eb, kishte l\u00ebn\u00eb vet\u00ebm trupin e varur n\u00eb Papafingon e Krism\u00ebs s\u00eb That\u00eb. Krisma e That\u00eb ishte b\u00ebr\u00eb pjes\u00eb e loj\u00ebs son\u00eb t\u00eb fjal\u00ebve p\u00ebr vdekjen qyshse me duart e tij q\u00eb s\u2019u binin ve\u00e7 tasteve t\u00eb kompjuterit, po kapnin edhe gur\u00eb p\u00ebr t\u00eb b\u00ebr\u00eb mure edhe vegla p\u00ebr t\u00eb prer\u00eb e latuar d\u00ebrrasa dhe sajuar dyshemera e dritare, doktor Klosi ishte duke e nd\u00ebrtuar me kursime e hope at\u00eb sht\u00ebpi t\u00eb paqme, larg Tiran\u00ebs e mes ullishtave q\u00eb u b\u00ebn\u00eb makthi i tij i madh ngaq\u00eb i zhb\u00ebheshin vit pas viti para syve prej furis\u00eb barbare t\u00eb nd\u00ebrtimeve mbi liqen. M\u00eb ngjiti deri lart mes t\u00eb qeshurash n\u00eb kantierin e tij prej ustai sqimatar, duke m\u00eb treguar se si kishte p\u00ebrz\u00ebn\u00eb murator\u00eb t\u00eb pagdhendur e marangoz\u00eb \u00e7apraz\u00eb, ngase i kishte ardhur n\u00eb maj\u00eb t\u00eb hund\u00ebs se sa keq silleshin me gur\u00ebt e me turr\u00ebn e d\u00ebrrasave t\u00eb palatuara, e m\u00eb tregoi at\u00eb dit\u00eb edhe papafingon q\u00eb shikonte nga liqeri, nj\u00eb dhom\u00eb e vog\u00ebl ku ai parashihte vendin ideal t\u00eb shkrimtaris\u00eb arratiake.<\/p>\n<p>S\u2019do ta harroj kurr\u00eb si u var prej t\u00eb qeshur\u00ebs s\u00eb tij bu\u00e7it\u00ebse mbi parvazin ende pa dritare, kur i thash\u00eb k\u00ebt\u00eb e paske b\u00ebr\u00eb p\u00ebr t\u2019ia dh\u00ebn\u00eb vetes me nj\u00eb kris\u00ebm t\u00eb that\u00eb teksa mbi liqer ka r\u00ebn\u00eb muzgu i thell\u00eb e d\u00ebgjohen s\u00eb largu krrakrrakrrat\u00eb e zgalem\u00ebve t\u00eb err\u00ebsir\u00ebs. Hyri k\u00ebsisoj K\u00ebrcitja e That\u00eb n\u00eb lumin e shakave tona ku na bashkangjitej hera \u2013 her\u00ebs p\u00ebr lundrim edhe Kujtim Spahiu, miku i pandash\u00ebm i f\u00ebmij\u00ebris\u00eb s\u00eb Danit, kitarristi i famsh\u00ebm i petroninsave t\u00eb Matur\u00ebs \u201972, n\u00eb nj\u00eb trio q\u00eb mbante me barkun n\u00eb dor\u00eb prej t\u00eb qeshurave shp\u00ebrthyese tavolinat e ziafeteve tona t\u00eb herahershme me miq. Madje para ca vitesh, n\u00eb nj\u00eb artikull ther\u00ebs t\u00eb radh\u00ebs mbi masakr\u00ebn mjedisore doktori e pat p\u00ebrdorur n\u00eb fund Krism\u00ebn e That\u00eb dhe, si fare rrall\u00eb p\u00ebr shkrimet e veta, m\u00eb pat marr\u00eb n\u00eb telefon p\u00ebr t\u00eb m\u00eb th\u00ebn\u00eb duke qeshur, lexoje lexoje se do k\u00ebnaqesh andej nga fundi po s\u2019u k\u00ebnaqe q\u00eb nga fillimi.<\/p>\n<p>Kishte shum\u00eb t\u00eb mira doktor Klosi, shum\u00eb pun\u00eb t\u00eb mira b\u00ebri e shum\u00eb t\u00eb tjera u mundua t\u00eb b\u00ebnte pa i\u2019a dal\u00eb dot, k\u00ebshtu q\u00eb e di fort mir\u00eb se s\u2019do t\u2019i pengonja assesi njer\u00ebzit e zgjuar ta l\u00ebvdojn\u00eb p\u00ebr b\u00ebmat e tij n\u00eb k\u00ebt\u00eb dit\u00eb t\u00eb shakas\u00eb s\u00eb vet m\u00eb t\u00eb r\u00ebnd\u00eb dhe prandaj as mundimin nuk do ta marr sado t\u00eb m\u00eb m\u00ebrzitet, le t\u00eb ngrihet e t\u2019ua thot\u00eb vet\u00eb pot \u00eb doj\u00eb lerm\u00ebni rehat, por duke e mbajtur fjal\u00ebn e dh\u00ebn\u00eb p\u00ebr t\u00eb mos e l\u00ebvduar un\u00eb vet\u00eb n\u00eb ikje t\u00eb tij nuk rrinj dot pa e treguar, jo p\u00ebr ta l\u00ebvduar jo, nj\u00eb t\u00eb mir\u00eb q\u00eb s\u2019besoj se do t\u2019ia v\u00ebr\u00eb kush n\u00eb dukje ngase pakkush e ka njohur prej fare af\u00ebr si\u00e7 un\u00eb pata fatin. Esht\u00eb nj\u00eb e mir\u00eb e rrall\u00eb, shum\u00eb e rrall\u00eb, e mira e mendjeve t\u00eb bekuara prej nj\u00eb bujarie t\u00eb rrall\u00eb t\u00eb per\u00ebndis\u00eb, q\u00eb rrall\u00eb shum\u00eb e kam ndeshur n\u00eb k\u00ebt\u00eb jet\u00eb edhe pse jo rrall\u00eb jeta ma ka sjell\u00eb t\u00eb takonj njer\u00ebz mendjendritur, e mira e nj\u00eb ane tjet\u00ebr t\u00eb sensit t\u00eb lindur t\u00eb ironis\u00eb q\u00eb siv\u00ebllai im i shtrenjt\u00eb e kishte me pash.<\/p>\n<p>Ironizimi i vetvetes, material i rrall\u00eb e prandaj fort i \u00e7muar i minier\u00ebs s\u00eb mendjes njer\u00ebzore, q\u00eb i jep njeriut t\u00eb bekuar me k\u00ebt\u00eb pasuri fuqin\u00eb e jasht\u00ebzakonshme t\u00eb t\u00eb mospasurit kurr\u00eb frik\u00eb nga frika e as nga vdekja, t\u00eb t\u00eb qenit gjithnj\u00eb i leht\u00eb pup\u00ebl prej vet\u00ebdijes s\u00eb p\u00ebrkohshm\u00ebris\u00eb mbi k\u00ebt\u00eb tok\u00eb dhe ndaj edhe asnj\u00ebher\u00eb ngurrues p\u00ebr t\u2019u p\u00ebrballur sy m\u00eb sy me idiot\u00ebsin\u00eb njer\u00ebzore apo p\u00ebr ta refuzuar me shpoti banalitetin e s\u00eb p\u00ebrditshmes, e sidomos i jep fuqin\u00eb e t\u00eb b\u00ebrit pafund\u00ebsisht xhibla me vdekjen si n\u00eb nj\u00eb loj\u00eb kukam\u00e7efthi brenda mendjes.<\/p>\n<p>Ishte gjenuin doktori n\u00eb gjith\u00e7ka b\u00ebnte po edhe n\u00eb gjith\u00e7ka \u00ebnd\u00ebrronte p\u00ebr k\u00ebt\u00eb vend, e donte Shqip\u00ebrin\u00eb pa hile, i\u2019a donte historin\u00eb k\u00ebtij dheu pa lajlet e lujlet e mbivendosura mbi l\u00ebkur\u00ebn e vet si makijazhe vulgare, i\u2019a donte deri thell\u00eb n\u00eb zem\u00ebr bukurit\u00eb e vrazhda e prandaj u dha prej vitesh me t\u00eb gjith\u00eb fuqin\u00eb e qenies s\u00eb brisht\u00eb n\u00eb mbrojtjen e tyre prej furis\u00eb barbare mbi Shqip\u00ebri, i\u2019a donte t\u00eb t\u00ebra hiret gjuh\u00ebs shqipe ai e k\u00ebshtu ndodhi q\u00eb u p\u00ebrpoq shum\u00eb qysh n\u00eb krye t\u00eb her\u00ebs t\u00eb shtonte di\u00e7ka t\u00eb vyer n\u00eb vandakun e letrave t\u00eb saj, i donte si nuk i donte edhe njer\u00ebzit Dani, i donte n\u00eb m\u00ebnyr\u00ebn e tij dhe them se i donte m\u00eb shum\u00eb se shum\u00eb nd\u00ebr ata q\u00eb dashurin\u00eb p\u00ebr tjetrin din\u00eb ta nxjerrin leht\u00ebsisht n\u00eb sip\u00ebrfaqe ndryshe nga ai.<\/p>\n<p>Por mbi t\u00eb gjitha Dani ishte gjenuin n\u00eb t\u00eb jetuarit e jet\u00ebs si nj\u00eb mund\u00ebsi q\u00eb duhet marr\u00eb seriozisht, po pa e marr\u00eb veten aq seriozisht sa t\u00eb jepesh pas kot\u00ebsive t\u00eb k\u00ebsaj bote derisa t\u00eb harrosh se n\u00eb k\u00ebt\u00eb bot\u00eb ke ardhur p\u00ebr t\u00eb menduar, kuptuar, dh\u00ebn\u00eb dashuri e mund, qeshur dhe ikur duke jetuar, jo p\u00ebr t\u00eb marr\u00eb m\u00eb shum\u00eb e m\u00eb shum\u00eb dhe ende m\u00eb shum\u00eb akoma se \u00e7\u2019t\u00eb duhet dhe p\u00ebr t\u00eb ndenjur mbi tok\u00eb p\u00ebrjet\u00ebsisht, e prandaj edhe shakan\u00eb m\u00eb t\u00eb madhe ai nuk e b\u00ebri me tjet\u00ebrk\u00ebnd po me veten, dhe nuk e b\u00ebri vet\u00ebm po bashk\u00eb me vdekjen, t\u00eb cil\u00ebn n\u00eb fund e talli keq duke i dh\u00ebn\u00eb fund kukam\u00e7efthit me t\u00eb pa lejuar q\u00eb dit\u00ebn e hyrjes n\u00eb sht\u00ebpin\u00eb e fundme ta vendoste ajo, Madh\u00ebria e Gjith\u00ebfuqishme mbi koh\u00ebn, e jo ai, doktor Klosi, vdek\u00ebtari i gjith\u00ebvet\u00ebdijsh\u00ebm p\u00ebr p\u00ebrkohshm\u00ebrin\u00eb e vet.<\/p>\n<p>Nuk e di doktor a i q\u00ebndrova deri k\u00ebtu ekzigjenc\u00ebs sate t\u00eb vjet\u00ebr p\u00ebr mos t\u00eb t\u00eb l\u00ebvduar n\u00ebse ti do t\u00eb ikje i pari, por nj\u00eb gj\u00eb duhet ta dish Dan, me k\u00ebt\u00eb shaka t\u00eb r\u00ebnd\u00eb plumb q\u00eb b\u00ebre do ta kesh t\u00eb pamundur p\u00ebrgjithnj\u00eb t\u00eb harrohesh k\u00ebtyre an\u00ebve p\u00ebr pun\u00ebt e mira q\u00eb b\u00ebre si\u00e7 un\u00eb e di fort mir\u00eb se ti do t\u00eb kishe d\u00ebshiruar n\u00eb fakt t\u00eb ndodhte. E tani lejom\u00eb t\u00eb t\u00eb them edhe di\u00e7ka tjet\u00ebr, mua vet\u00eb ma ke punuar keq fare sot duke ma b\u00ebr\u00eb t\u00eb pamundur t\u00eb t\u00eb k\u00ebrkoj mendim p\u00ebr \u00e7ka kam shkruar p\u00ebr ty, si\u00e7 b\u00ebja gjithnj\u00eb p\u00ebr skripturat m\u00eb t\u00eb posa\u00e7me dhe si\u00e7 nuk do t\u00eb b\u00ebj m\u00eb dot kurr\u00eb pask\u00ebtaj kur n\u00eb mbarim t\u00eb \u00e7do skripture nga ato q\u00eb lypin drit\u00ebn e syve t\u00eb tu n\u00eb fund, do t\u00eb m\u00eb d\u00ebrgosh vet\u00ebm jehon\u00ebn e t\u00eb qeshur\u00ebs s\u00eb tallazt\u00eb t\u00eb Papafingos s\u00eb Krism\u00ebs s\u00eb That\u00eb n\u00eb vend t\u00eb v\u00ebrejtjeve t\u00eb tua prej ustai t\u00eb dor\u00ebs m\u00eb t\u00eb par\u00eb. Dhe m\u00eb e tmerrshmja \u00ebsht\u00eb se sipas teje, do t\u00eb duhet t\u00eb qesh edhe un\u00eb nj\u00ebsoj si at\u00eb dit\u00eb atje buz\u00eb parvazit e si ngahera xhan\u00ebm me ty. Po s\u2019do ta b\u00ebj dot m\u00eb tani q\u00eb s\u2019je, e di pse? Sepse, mes ne t\u00eb dyve, m\u00eb i miri p\u00ebr ta merituar jet\u00ebn po edhe ai i patrembshmi nga hija e vdekjes ishe ti siv\u00ebllai im.<\/p>\n<p>Me lot t\u00eb urryer n\u00eb sy, t\u00eb d\u00ebshiroj me t\u00eb gjitha fuqit\u00eb e shpirtit q\u00eb atje ku tanim\u00eb ke mb\u00ebrritur doktor Klosi, t\u00eb gjesh p\u00ebrve\u00e7 munges\u00ebs s\u00eb shum\u00ebpritur t\u00eb vulgaritetit e t\u00eb plehrave t\u00eb k\u00ebsaj bote, nj\u00eb e nga nj\u00eb edhe t\u00eb gjith\u00eb ata q\u00eb me dhuntit\u00eb e tua i ringjalle apo \u00ebnd\u00ebrroje t\u2019i ringjallje p\u00ebrmes shqipes sate t\u00eb mrekullueshme.<\/p>\n","protected":false},"excerpt":{"rendered":"<p>(Siv\u00ebllait tim Ardian Klosi) Nga Edi Rama, 27 Prill 2012 www.edirama.al Jemi tallur shpesh kahera me t\u00eb pap\u00ebrmbajtur gaz p\u00ebr vdekjen e gjithnj\u00eb e tallura mbaronte me hamendjen se cili nga t\u00eb dy do t\u00eb shkruante obituarin e tjetrit. Sikur s\u2019vete t\u00eb t\u00eb l\u00ebvdonj kur t\u00eb vdes\u00ebsh se do ta b\u00ebjn\u00eb t\u00eb t\u00ebr\u00eb, ndaj lerm\u00eb [&hellip;]<\/p>\n","protected":false},"author":1,"featured_media":0,"comment_status":"open","ping_status":"closed","sticky":false,"template":"","format":"standard","meta":{"footnotes":""},"categories":[2],"tags":[],"class_list":{"0":"post-2672","1":"post","2":"type-post","3":"status-publish","4":"format-standard","6":"category-artikuj"},"yoast_head":"<!-- This site is optimized with the Yoast SEO plugin v27.4 - https:\/\/yoast.com\/product\/yoast-seo-wordpress\/ -->\n<title>Papafingoja e krism\u00ebs s\u00eb that\u00eb - FjALA e LIR\u00cb - Arkivi<\/title>\n<meta name=\"robots\" content=\"index, follow, max-snippet:-1, max-image-preview:large, max-video-preview:-1\" \/>\n<link rel=\"canonical\" href=\"https:\/\/fjala.info\/2009-2015\/papafingoja-e-krismes-se-thate\/\" \/>\n<meta property=\"og:locale\" content=\"sq_AL\" \/>\n<meta property=\"og:type\" content=\"article\" \/>\n<meta property=\"og:title\" content=\"Papafingoja e krism\u00ebs s\u00eb that\u00eb - FjALA e LIR\u00cb - Arkivi\" \/>\n<meta property=\"og:description\" content=\"(Siv\u00ebllait tim Ardian Klosi) Nga Edi Rama, 27 Prill 2012 www.edirama.al Jemi tallur shpesh kahera me t\u00eb pap\u00ebrmbajtur gaz p\u00ebr vdekjen e gjithnj\u00eb e tallura mbaronte me hamendjen se cili nga t\u00eb dy do t\u00eb shkruante obituarin e tjetrit. Sikur s\u2019vete t\u00eb t\u00eb l\u00ebvdonj kur t\u00eb vdes\u00ebsh se do ta b\u00ebjn\u00eb t\u00eb t\u00ebr\u00eb, ndaj lerm\u00eb [&hellip;]\" \/>\n<meta property=\"og:url\" content=\"https:\/\/fjala.info\/2009-2015\/papafingoja-e-krismes-se-thate\/\" \/>\n<meta property=\"og:site_name\" content=\"FjALA e LIR\u00cb - Arkivi\" \/>\n<meta property=\"article:published_time\" content=\"2012-04-28T16:50:29+00:00\" \/>\n<meta property=\"og:image\" content=\"http:\/\/www.shkoder.net\/images\/fjala\/2011\/edi_rama6.jpg\" \/>\n<meta name=\"author\" content=\"admin\" \/>\n<meta name=\"twitter:card\" content=\"summary_large_image\" \/>\n<meta name=\"twitter:label1\" content=\"Written by\" \/>\n\t<meta name=\"twitter:data1\" content=\"admin\" \/>\n\t<meta name=\"twitter:label2\" content=\"Est. reading time\" \/>\n\t<meta name=\"twitter:data2\" content=\"8 minutes\" \/>\n<script type=\"application\/ld+json\" class=\"yoast-schema-graph\">{\"@context\":\"https:\\\/\\\/schema.org\",\"@graph\":[{\"@type\":\"Article\",\"@id\":\"https:\\\/\\\/fjala.info\\\/2009-2015\\\/papafingoja-e-krismes-se-thate\\\/#article\",\"isPartOf\":{\"@id\":\"https:\\\/\\\/fjala.info\\\/2009-2015\\\/papafingoja-e-krismes-se-thate\\\/\"},\"author\":{\"name\":\"admin\",\"@id\":\"https:\\\/\\\/fjala.info\\\/2009-2015\\\/#\\\/schema\\\/person\\\/3aa1163ef05469c496fc94e77611ada2\"},\"headline\":\"Papafingoja e krism\u00ebs s\u00eb that\u00eb\",\"datePublished\":\"2012-04-28T16:50:29+00:00\",\"mainEntityOfPage\":{\"@id\":\"https:\\\/\\\/fjala.info\\\/2009-2015\\\/papafingoja-e-krismes-se-thate\\\/\"},\"wordCount\":1637,\"commentCount\":0,\"publisher\":{\"@id\":\"https:\\\/\\\/fjala.info\\\/2009-2015\\\/#organization\"},\"image\":{\"@id\":\"https:\\\/\\\/fjala.info\\\/2009-2015\\\/papafingoja-e-krismes-se-thate\\\/#primaryimage\"},\"thumbnailUrl\":\"http:\\\/\\\/www.shkoder.net\\\/images\\\/fjala\\\/2011\\\/edi_rama6.jpg\",\"articleSection\":[\"Artikuj\"],\"inLanguage\":\"sq-AL\",\"potentialAction\":[{\"@type\":\"CommentAction\",\"name\":\"Comment\",\"target\":[\"https:\\\/\\\/fjala.info\\\/2009-2015\\\/papafingoja-e-krismes-se-thate\\\/#respond\"]}]},{\"@type\":\"WebPage\",\"@id\":\"https:\\\/\\\/fjala.info\\\/2009-2015\\\/papafingoja-e-krismes-se-thate\\\/\",\"url\":\"https:\\\/\\\/fjala.info\\\/2009-2015\\\/papafingoja-e-krismes-se-thate\\\/\",\"name\":\"Papafingoja e krism\u00ebs s\u00eb that\u00eb - FjALA e LIR\u00cb - Arkivi\",\"isPartOf\":{\"@id\":\"https:\\\/\\\/fjala.info\\\/2009-2015\\\/#website\"},\"primaryImageOfPage\":{\"@id\":\"https:\\\/\\\/fjala.info\\\/2009-2015\\\/papafingoja-e-krismes-se-thate\\\/#primaryimage\"},\"image\":{\"@id\":\"https:\\\/\\\/fjala.info\\\/2009-2015\\\/papafingoja-e-krismes-se-thate\\\/#primaryimage\"},\"thumbnailUrl\":\"http:\\\/\\\/www.shkoder.net\\\/images\\\/fjala\\\/2011\\\/edi_rama6.jpg\",\"datePublished\":\"2012-04-28T16:50:29+00:00\",\"breadcrumb\":{\"@id\":\"https:\\\/\\\/fjala.info\\\/2009-2015\\\/papafingoja-e-krismes-se-thate\\\/#breadcrumb\"},\"inLanguage\":\"sq-AL\",\"potentialAction\":[{\"@type\":\"ReadAction\",\"target\":[\"https:\\\/\\\/fjala.info\\\/2009-2015\\\/papafingoja-e-krismes-se-thate\\\/\"]}]},{\"@type\":\"ImageObject\",\"inLanguage\":\"sq-AL\",\"@id\":\"https:\\\/\\\/fjala.info\\\/2009-2015\\\/papafingoja-e-krismes-se-thate\\\/#primaryimage\",\"url\":\"http:\\\/\\\/www.shkoder.net\\\/images\\\/fjala\\\/2011\\\/edi_rama6.jpg\",\"contentUrl\":\"http:\\\/\\\/www.shkoder.net\\\/images\\\/fjala\\\/2011\\\/edi_rama6.jpg\"},{\"@type\":\"BreadcrumbList\",\"@id\":\"https:\\\/\\\/fjala.info\\\/2009-2015\\\/papafingoja-e-krismes-se-thate\\\/#breadcrumb\",\"itemListElement\":[{\"@type\":\"ListItem\",\"position\":1,\"name\":\"Home\",\"item\":\"https:\\\/\\\/fjala.info\\\/2009-2015\\\/\"},{\"@type\":\"ListItem\",\"position\":2,\"name\":\"Papafingoja e krism\u00ebs s\u00eb that\u00eb\"}]},{\"@type\":\"WebSite\",\"@id\":\"https:\\\/\\\/fjala.info\\\/2009-2015\\\/#website\",\"url\":\"https:\\\/\\\/fjala.info\\\/2009-2015\\\/\",\"name\":\"FjALA e LIR\u00cb - Arkivi\",\"description\":\"Arkivi 2009-2015\",\"publisher\":{\"@id\":\"https:\\\/\\\/fjala.info\\\/2009-2015\\\/#organization\"},\"potentialAction\":[{\"@type\":\"SearchAction\",\"target\":{\"@type\":\"EntryPoint\",\"urlTemplate\":\"https:\\\/\\\/fjala.info\\\/2009-2015\\\/?s={search_term_string}\"},\"query-input\":{\"@type\":\"PropertyValueSpecification\",\"valueRequired\":true,\"valueName\":\"search_term_string\"}}],\"inLanguage\":\"sq-AL\"},{\"@type\":\"Organization\",\"@id\":\"https:\\\/\\\/fjala.info\\\/2009-2015\\\/#organization\",\"name\":\"FjALA e LIR\u00cb - Arkivi\",\"url\":\"https:\\\/\\\/fjala.info\\\/2009-2015\\\/\",\"logo\":{\"@type\":\"ImageObject\",\"inLanguage\":\"sq-AL\",\"@id\":\"https:\\\/\\\/fjala.info\\\/2009-2015\\\/#\\\/schema\\\/logo\\\/image\\\/\",\"url\":\"\",\"contentUrl\":\"\",\"caption\":\"FjALA e LIR\u00cb - Arkivi\"},\"image\":{\"@id\":\"https:\\\/\\\/fjala.info\\\/2009-2015\\\/#\\\/schema\\\/logo\\\/image\\\/\"}},{\"@type\":\"Person\",\"@id\":\"https:\\\/\\\/fjala.info\\\/2009-2015\\\/#\\\/schema\\\/person\\\/3aa1163ef05469c496fc94e77611ada2\",\"name\":\"admin\",\"image\":{\"@type\":\"ImageObject\",\"inLanguage\":\"sq-AL\",\"@id\":\"https:\\\/\\\/fjala.info\\\/2009-2015\\\/wp-content\\\/uploads\\\/2012\\\/02\\\/arben_cokaj-120x150.jpg\",\"url\":\"https:\\\/\\\/fjala.info\\\/2009-2015\\\/wp-content\\\/uploads\\\/2012\\\/02\\\/arben_cokaj-120x150.jpg\",\"contentUrl\":\"https:\\\/\\\/fjala.info\\\/2009-2015\\\/wp-content\\\/uploads\\\/2012\\\/02\\\/arben_cokaj-120x150.jpg\",\"caption\":\"admin\"},\"description\":\"Admin, Fjala e Lir\u00eb\",\"sameAs\":[\"https:\\\/\\\/fjala.info\\\/\"],\"url\":\"https:\\\/\\\/fjala.info\\\/2009-2015\\\/author\\\/admin\\\/\"}]}<\/script>\n<!-- \/ Yoast SEO plugin. -->","yoast_head_json":{"title":"Papafingoja e krism\u00ebs s\u00eb that\u00eb - FjALA e LIR\u00cb - Arkivi","robots":{"index":"index","follow":"follow","max-snippet":"max-snippet:-1","max-image-preview":"max-image-preview:large","max-video-preview":"max-video-preview:-1"},"canonical":"https:\/\/fjala.info\/2009-2015\/papafingoja-e-krismes-se-thate\/","og_locale":"sq_AL","og_type":"article","og_title":"Papafingoja e krism\u00ebs s\u00eb that\u00eb - FjALA e LIR\u00cb - Arkivi","og_description":"(Siv\u00ebllait tim Ardian Klosi) Nga Edi Rama, 27 Prill 2012 www.edirama.al Jemi tallur shpesh kahera me t\u00eb pap\u00ebrmbajtur gaz p\u00ebr vdekjen e gjithnj\u00eb e tallura mbaronte me hamendjen se cili nga t\u00eb dy do t\u00eb shkruante obituarin e tjetrit. Sikur s\u2019vete t\u00eb t\u00eb l\u00ebvdonj kur t\u00eb vdes\u00ebsh se do ta b\u00ebjn\u00eb t\u00eb t\u00ebr\u00eb, ndaj lerm\u00eb [&hellip;]","og_url":"https:\/\/fjala.info\/2009-2015\/papafingoja-e-krismes-se-thate\/","og_site_name":"FjALA e LIR\u00cb - Arkivi","article_published_time":"2012-04-28T16:50:29+00:00","og_image":[{"url":"http:\/\/www.shkoder.net\/images\/fjala\/2011\/edi_rama6.jpg","type":"","width":"","height":""}],"author":"admin","twitter_card":"summary_large_image","twitter_misc":{"Written by":"admin","Est. reading time":"8 minutes"},"schema":{"@context":"https:\/\/schema.org","@graph":[{"@type":"Article","@id":"https:\/\/fjala.info\/2009-2015\/papafingoja-e-krismes-se-thate\/#article","isPartOf":{"@id":"https:\/\/fjala.info\/2009-2015\/papafingoja-e-krismes-se-thate\/"},"author":{"name":"admin","@id":"https:\/\/fjala.info\/2009-2015\/#\/schema\/person\/3aa1163ef05469c496fc94e77611ada2"},"headline":"Papafingoja e krism\u00ebs s\u00eb that\u00eb","datePublished":"2012-04-28T16:50:29+00:00","mainEntityOfPage":{"@id":"https:\/\/fjala.info\/2009-2015\/papafingoja-e-krismes-se-thate\/"},"wordCount":1637,"commentCount":0,"publisher":{"@id":"https:\/\/fjala.info\/2009-2015\/#organization"},"image":{"@id":"https:\/\/fjala.info\/2009-2015\/papafingoja-e-krismes-se-thate\/#primaryimage"},"thumbnailUrl":"http:\/\/www.shkoder.net\/images\/fjala\/2011\/edi_rama6.jpg","articleSection":["Artikuj"],"inLanguage":"sq-AL","potentialAction":[{"@type":"CommentAction","name":"Comment","target":["https:\/\/fjala.info\/2009-2015\/papafingoja-e-krismes-se-thate\/#respond"]}]},{"@type":"WebPage","@id":"https:\/\/fjala.info\/2009-2015\/papafingoja-e-krismes-se-thate\/","url":"https:\/\/fjala.info\/2009-2015\/papafingoja-e-krismes-se-thate\/","name":"Papafingoja e krism\u00ebs s\u00eb that\u00eb - FjALA e LIR\u00cb - Arkivi","isPartOf":{"@id":"https:\/\/fjala.info\/2009-2015\/#website"},"primaryImageOfPage":{"@id":"https:\/\/fjala.info\/2009-2015\/papafingoja-e-krismes-se-thate\/#primaryimage"},"image":{"@id":"https:\/\/fjala.info\/2009-2015\/papafingoja-e-krismes-se-thate\/#primaryimage"},"thumbnailUrl":"http:\/\/www.shkoder.net\/images\/fjala\/2011\/edi_rama6.jpg","datePublished":"2012-04-28T16:50:29+00:00","breadcrumb":{"@id":"https:\/\/fjala.info\/2009-2015\/papafingoja-e-krismes-se-thate\/#breadcrumb"},"inLanguage":"sq-AL","potentialAction":[{"@type":"ReadAction","target":["https:\/\/fjala.info\/2009-2015\/papafingoja-e-krismes-se-thate\/"]}]},{"@type":"ImageObject","inLanguage":"sq-AL","@id":"https:\/\/fjala.info\/2009-2015\/papafingoja-e-krismes-se-thate\/#primaryimage","url":"http:\/\/www.shkoder.net\/images\/fjala\/2011\/edi_rama6.jpg","contentUrl":"http:\/\/www.shkoder.net\/images\/fjala\/2011\/edi_rama6.jpg"},{"@type":"BreadcrumbList","@id":"https:\/\/fjala.info\/2009-2015\/papafingoja-e-krismes-se-thate\/#breadcrumb","itemListElement":[{"@type":"ListItem","position":1,"name":"Home","item":"https:\/\/fjala.info\/2009-2015\/"},{"@type":"ListItem","position":2,"name":"Papafingoja e krism\u00ebs s\u00eb that\u00eb"}]},{"@type":"WebSite","@id":"https:\/\/fjala.info\/2009-2015\/#website","url":"https:\/\/fjala.info\/2009-2015\/","name":"FjALA e LIR\u00cb - Arkivi","description":"Arkivi 2009-2015","publisher":{"@id":"https:\/\/fjala.info\/2009-2015\/#organization"},"potentialAction":[{"@type":"SearchAction","target":{"@type":"EntryPoint","urlTemplate":"https:\/\/fjala.info\/2009-2015\/?s={search_term_string}"},"query-input":{"@type":"PropertyValueSpecification","valueRequired":true,"valueName":"search_term_string"}}],"inLanguage":"sq-AL"},{"@type":"Organization","@id":"https:\/\/fjala.info\/2009-2015\/#organization","name":"FjALA e LIR\u00cb - Arkivi","url":"https:\/\/fjala.info\/2009-2015\/","logo":{"@type":"ImageObject","inLanguage":"sq-AL","@id":"https:\/\/fjala.info\/2009-2015\/#\/schema\/logo\/image\/","url":"","contentUrl":"","caption":"FjALA e LIR\u00cb - Arkivi"},"image":{"@id":"https:\/\/fjala.info\/2009-2015\/#\/schema\/logo\/image\/"}},{"@type":"Person","@id":"https:\/\/fjala.info\/2009-2015\/#\/schema\/person\/3aa1163ef05469c496fc94e77611ada2","name":"admin","image":{"@type":"ImageObject","inLanguage":"sq-AL","@id":"https:\/\/fjala.info\/2009-2015\/wp-content\/uploads\/2012\/02\/arben_cokaj-120x150.jpg","url":"https:\/\/fjala.info\/2009-2015\/wp-content\/uploads\/2012\/02\/arben_cokaj-120x150.jpg","contentUrl":"https:\/\/fjala.info\/2009-2015\/wp-content\/uploads\/2012\/02\/arben_cokaj-120x150.jpg","caption":"admin"},"description":"Admin, Fjala e Lir\u00eb","sameAs":["https:\/\/fjala.info\/"],"url":"https:\/\/fjala.info\/2009-2015\/author\/admin\/"}]}},"_links":{"self":[{"href":"https:\/\/fjala.info\/2009-2015\/wp-json\/wp\/v2\/posts\/2672","targetHints":{"allow":["GET"]}}],"collection":[{"href":"https:\/\/fjala.info\/2009-2015\/wp-json\/wp\/v2\/posts"}],"about":[{"href":"https:\/\/fjala.info\/2009-2015\/wp-json\/wp\/v2\/types\/post"}],"author":[{"embeddable":true,"href":"https:\/\/fjala.info\/2009-2015\/wp-json\/wp\/v2\/users\/1"}],"replies":[{"embeddable":true,"href":"https:\/\/fjala.info\/2009-2015\/wp-json\/wp\/v2\/comments?post=2672"}],"version-history":[{"count":0,"href":"https:\/\/fjala.info\/2009-2015\/wp-json\/wp\/v2\/posts\/2672\/revisions"}],"wp:attachment":[{"href":"https:\/\/fjala.info\/2009-2015\/wp-json\/wp\/v2\/media?parent=2672"}],"wp:term":[{"taxonomy":"category","embeddable":true,"href":"https:\/\/fjala.info\/2009-2015\/wp-json\/wp\/v2\/categories?post=2672"},{"taxonomy":"post_tag","embeddable":true,"href":"https:\/\/fjala.info\/2009-2015\/wp-json\/wp\/v2\/tags?post=2672"}],"curies":[{"name":"wp","href":"https:\/\/api.w.org\/{rel}","templated":true}]}}