{"id":2671,"date":"2010-05-16T08:39:13","date_gmt":"2010-05-16T07:39:13","guid":{"rendered":"http:\/\/fjala.shkoder.net\/?p=2671"},"modified":"2010-05-16T08:39:13","modified_gmt":"2010-05-16T07:39:13","slug":"greve-urie-apo-krize-e-medias","status":"publish","type":"post","link":"https:\/\/fjala.info\/2009-2015\/greve-urie-apo-krize-e-medias\/","title":{"rendered":"Grev\u00eb urie, apo kriz\u00eb e medias?"},"content":{"rendered":"<p><img decoding=\"async\" style=\"margin-left: 10px; margin-right: 10px; border: 0px;\" src=\"http:\/\/www.shkoder.net\/images\/fjala\/2010\/greva_urise.jpg\" border=\"0\" alt=\"Greva e Uris\u00eb\" width=\"200\" align=\"right\" \/><\/p>\n<p>Nga: <strong>ANILA BASHA <\/strong><\/p>\n<p>TIRANE- Kisha dy dit\u00eb me radh\u00eb q\u00eb mendoja n\u00ebse editorit t\u00eb televizionit \u201cKlan\u201d duhet t\u2019i ktheja ose jo nj\u00eb p\u00ebrgjigje. Jo se pash\u00eb shkrimin e Moz\u00ebs (Dervishit) te gazeta \u201cShqip\u201d dhe vendosa t\u00eb reagoj, por sepse m\u00eb duket realiste, e nderuar kolege (po t\u00eb drejtohem tashm\u00eb ty), t\u00eb them disa fjal\u00eb m\u00eb shum\u00eb sesa ato q\u00eb ti ke th\u00ebn\u00eb n\u00eb at\u00eb shkrim.<\/p>\n<p>E para, m\u00eb vjen keq sa tmerr\u00ebsisht na polarizoi kjo situat\u00eb, na vuri n\u00eb dy skaje, pa dashur t\u00eb jemi t\u00eb till\u00eb.<\/p>\n<p>Moza e dashur,<br \/>\nTi i konsideron flet\u00ebrrufe, emrat tan\u00eb t\u00eb vendosur n\u00eb at\u00eb list\u00eb te televizioni \u2018Klan\u2019. Un\u00eb nuk e konsideroj t\u00eb till\u00eb k\u00ebt\u00eb list\u00eb. Un\u00eb e ti, e dashur Moza, nuk b\u00ebm\u00eb asgj\u00eb fshehtas&#8230; E b\u00ebm\u00eb ballas, e b\u00ebm\u00eb n\u00eb mes t\u00eb sheshit, n\u00eb bulevardin \u2018D\u00ebshmor\u00ebt e Kombit\u2019, e b\u00ebm\u00eb n\u00eb sy t\u00eb t\u00eb gjith\u00eb njer\u00ebzis\u00eb e kamerave q\u00eb ishin vendosur aty. Se na p\u00ebrmendi \u201cKlan\u201d, apo \u201c55\u201d, apo \u201cRD\u201d, apo \u201cGazeta Shqiptare\u201d, kjo, pak r\u00ebnd\u00ebsi ka. Sepse po, un\u00eb isha te grevist\u00ebt e uris\u00eb n\u00eb at\u00eb shesh, me nj\u00eb tuf\u00eb me lule, n\u00eb shenj\u00eb mir\u00ebnjohje p\u00ebr 200 burra e gra q\u00eb sakrifikohen. <\/p>\n<p>Nuk isha aty p\u00ebr Edi Ram\u00ebn, t\u00eb cilin e gjykoj p\u00ebr munges\u00ebn e nj\u00eb strategjie t\u00eb qart\u00eb se \u00e7far\u00eb do t\u00eb ndodh\u00eb m\u00eb tej (sepse, m\u00eb rezulton se nuk ka asnj\u00eb lloj strategjie)&#8230; Por, isha atje sepse ndiej dhimbje p\u00ebr ata njer\u00ebz t\u00eb shtrir\u00eb mes sheshit (aty ku edhe un\u00eb jetova 24 or\u00eb)&#8230; Sepse, besoj v\u00ebrtet n\u00eb aspektin human, at\u00eb q\u00eb mendoj se duhet ta shohin edhe shum\u00eb koleg\u00eb t\u00eb tjer\u00eb t\u00eb mi, t\u00eb cil\u00ebt v\u00ebrtiten rreth kafes s\u00eb Fidelit, apo n\u00eb vil\u00ebn Logoreci (pron\u00eb e deputetit Artan Ga\u00e7e q\u00eb vuan grev\u00ebn e uris\u00eb prej 13 dit\u00ebsh)&#8230; Sepse, mendoj se ky \u00ebsht\u00eb edhe misioni yn\u00eb i p\u00ebrbashk\u00ebt. Yti, imi, i Andit, Erlit, Rudin\u00ebs, Arbanit, Ilirit, Bledarit, Aleksandrit, Enedit, Samiut, Blendit, e shum\u00eb koleg\u00ebve t\u00eb tjer\u00eb, pra, t\u00eb shohin at\u00eb q\u00eb populli nuk e sheh dhe ta transmetojn\u00eb ashtu sikurse e shohin.<\/p>\n<p>Edhe ne gazetar\u00ebt, nuk mund t\u00eb jemi t\u00eb ftoht\u00eb. Ne jemi editor\u00eb t\u00eb gazetave dhe televizioneve kryesore n\u00eb vend. Sot n\u00eb bot\u00ebn e medias, nga ajo q\u00eb themi e ajo q\u00eb shkruajm\u00eb, nj\u00eb popull (jo kaq indiferent sa \u00e7\u2019duket) na d\u00ebgjon e na shikon n\u00eb m\u00ebnyr\u00ebn sesi transmetojm\u00eb e flasim. N\u00ebse themi ka kriz\u00eb, kjo n\u00ebse nuk besohet, ka element\u00eb t\u00eb s\u00eb v\u00ebrtet\u00ebs, n\u00ebse themi ka konflikt, kjo po aq \u00ebsht\u00eb e v\u00ebrtet\u00eb konsiderohet prej tyre ose jo&#8230; N\u00ebse japim mesazhe paqeje, na d\u00ebgjojn\u00eb edhe m\u00eb shum\u00eb.<\/p>\n<p>E zgjodha t\u00eb dialogoj me ty nga mediumet tona t\u00eb shkruara, jo se nuk i diskutojm\u00eb n\u00eb kafe k\u00ebto, por sepse duhet q\u00eb mendimet tona t\u2019i shohin dhe d\u00ebgjojn\u00eb edhe ata p\u00ebr t\u00eb cil\u00ebt ne shkruajm\u00eb. Sepse, un\u00eb jam gazetare, punoj n\u00eb Shqip\u00ebri, n\u00eb tranzicionin ton\u00eb t\u00eb p\u00ebshtir\u00eb, t\u00eb tejzgjatur, t\u00eb masakruar nga nj\u00eb klas\u00eb politike q\u00eb nuk e \u00e7an kok\u00ebn p\u00ebr ata grevist\u00eb, p\u00ebr qytetar\u00ebt e thjesht\u00eb, por as mb\u00ebshtet\u00ebsit e vet t\u00eb secilit kamp. Dhe si e till\u00eb, n\u00eb pik\u00ebpamjen njer\u00ebzore ndikohem&#8230; ndikohem nga realiteti ku nj\u00eb pal\u00eb \u00ebsht\u00eb duke shfaqur shenjat e para t\u00eb rebelimit, dhe pala tjet\u00ebr hesht&#8230;<\/p>\n<p>Sepse, edhe mua, sikurse ty e dashur Moza, m\u00eb kujtohet greva e uris\u00eb s\u00eb deputet\u00ebve t\u00eb PD-s\u00eb p\u00ebrball\u00eb TVSH. Nuk kishte \u00e7adra n\u00eb at\u00eb koh\u00eb, kishte nj\u00eb makin\u00eb t\u00eb vendosur mes ambasad\u00ebs italiane dhe TVSH. Mesnata m\u00eb gjente me deputet\u00ebt e PD-s\u00eb \u00e7do dit\u00eb t\u00eb grev\u00ebs. Berisha (lider i opozit\u00ebs n\u00eb at\u00eb koh\u00eb) q\u00eb i vizitonte n\u00eb or\u00ebn 1 pas mesnate, kur m\u00eb shihte aty t\u00eb vetmuar, pa asnj\u00eb televizion n\u00eb at\u00eb koh\u00eb apo gazetar tjet\u00ebr, thoshte: kjo \u00ebsht\u00eb misionarja e fjal\u00ebs s\u00eb lir\u00eb&#8230;E pse t\u00eb mos m\u00eb kujtohet sot ky episod, kur sot m\u00eb vendosin emrin n\u00eb at\u00eb flet\u00ebrrufe q\u00eb p\u00ebrmend ti? <\/p>\n<p>Sigurisht, Bejtja s\u2019ka nga ta dij\u00eb k\u00ebt\u00eb fakt, sepse nuk ka qen\u00eb kryeredaktor i \u201cKoha Jon\u00eb\u201d n\u00eb at\u00eb koh\u00eb, gazet\u00eb ku un\u00eb punoja. Por, ja e nderuar kolege, paskan ndryshuar koh\u00ebt! Si\u00e7 ndan\u00eb artist\u00ebt, duan t\u00eb na ndajn\u00eb edhe ne gazetar\u00ebt, q\u00eb gjithmon\u00eb kemi ndenjur bashk\u00eb&#8230;si edhe n\u00eb \u201997, kur mbronim po me aq fanatiz\u00ebm koleg\u00ebt tan\u00eb q\u00eb nuk i donte mileti. Ashtu sikurse m\u00eb kan\u00eb mbrojtur mua, e nderuar kolege, kur mbuloja n\u00eb \u201998 aktivitetin e PD-s\u00eb dhe sa e sa her\u00eb kan\u00eb dashur t\u00eb m\u00eb rrahin&#8230;<\/p>\n<p>E ja pra, koh\u00ebt paskan ndryshuar. Ose jo. Jo, u shpreha gabim, ne gazetar\u00ebt kemi ndryshuar. \u00c7\u2019t\u00eb t\u00eb them Moza? T\u00eb t\u00eb them se ata q\u00eb na gjykojn\u00eb, jan\u00eb ata, bos\u00ebt, megapronar\u00ebt, pronar\u00ebt e m\u00ebdhenj t\u00eb nd\u00ebrtimeve, ata q\u00eb nuk llogarisin m\u00eb sesa sht\u00ebpi kan\u00eb b\u00ebr\u00eb n\u00eb em\u00ebr t\u00eb liris\u00eb s\u00eb medias apo n\u00eb em\u00ebr t\u00eb profesionit t\u00eb gazetarit, por ata q\u00eb ulen kafeneve t\u00eb shtrenjta t\u00eb Tiran\u00ebs dhe krahasojn\u00eb se \u00e7far\u00eb marke i kan\u00eb marr\u00eb kostumet. Dhe na gjykojn\u00eb ne, mua, pse ndenja 24 or\u00eb n\u00eb grev\u00eb dhe b\u00ebra detyr\u00ebn e gazetarit, ty, Rudin\u00ebn, Enon, Lorencin, Ilv\u00ebn&#8230;<\/p>\n<p>Dhe, ta them me bindje, se sht\u00ebpin\u00eb time 1 + 1 t\u00eb cil\u00ebn nuk e kam shlyer akoma nga kredia (e verifikon \u00e7dokush me bank\u00ebn se kam edhe nja 18 vjet p\u00ebr ta shlyer), apo Rudin\u00ebs, apo ty, q\u00eb nuk je stacionuar ende k\u00ebtu, Enos, Ilv\u00ebs q\u00eb e njoh nj\u00eblloj, po e b\u00ebjm\u00eb pak e nga pak me profesionin ton\u00eb t\u00eb gazetarit. Jo nga gjobat q\u00eb i kemi v\u00ebn\u00eb Edi Ram\u00ebs, as Sali Berish\u00ebs p\u00ebr politik\u00ebn editoriale t\u00eb mediumeve q\u00eb drejtojm\u00eb e t\u00eb cil\u00ebn s\u2019e kemi n\u00eb dor\u00eb, sikurse b\u00ebjn\u00eb koleg\u00ebt tan\u00eb t\u00eb nderuar&#8230;<\/p>\n<p>E dashur kolege,<br \/>\nNuk do kisha shkruar asnj\u00ebher\u00eb k\u00ebshtu, por them se po nuk fol\u00ebm pik\u00ebrisht tani, kur media sulmon median, s\u2019do t\u00eb flasim m\u00eb kurr\u00eb&#8230; do na baltosin p\u00ebr t\u00eb treguar se jemi kund\u00ebr t\u00eb drejt\u00ebs son\u00eb. Por, un\u00eb t\u00eb them me bindje: nuk na baltos dot nj\u00eb gazetar me tre sht\u00ebpi n\u00eb Tiran\u00eb e dy vila n\u00eb bregdet; as ndonj\u00eb tjet\u00ebr q\u00eb na tregon garderob\u00ebn e fundit q\u00eb ekziston n\u00eb bot\u00eb dhe q\u00eb e ka veshur m\u00eb s\u00eb fundi; as ata q\u00eb sh\u00ebtisin me \u2018BMW\u2019 X5 apo me \u2018Tuareg\u2019, as ata q\u00eb e kan\u00eb ngritur nivelin me \u2018Benz\u2019 tip i fundit; as ata q\u00eb jan\u00eb b\u00ebr\u00eb bashk\u00ebpronar\u00eb nd\u00ebrtimesh; as nga ata q\u00eb kan\u00eb zaptuar ligjshm\u00ebrisht toka t\u00eb mrekullueshme n\u00eb periferit\u00eb e Tiran\u00ebs&#8230;<\/p>\n<p>T\u00eb them t\u00eb drejt\u00ebn, k\u00ebta vet\u00ebm gazetar\u00eb nuk jan\u00eb&#8230; Habitem si nuk gjej ndonj\u00eb vendim qeverie firmosur prej tyre, ose ndoshta ekziston diku fshehur, joligjor. Ndaj, nuk e ndiej veten pjes\u00eb t\u00eb asaj flet\u00ebrrufeje q\u00eb pash\u00eb edhe un\u00eb, sikurse ti, te \u2018Klan\u2019. Dhe, ne q\u00eb nuk e ndiejm\u00eb veten t\u00eb till\u00eb, jemi shum\u00eb m\u00eb shum\u00eb sesa k\u00ebta q\u00eb t\u00eb p\u00ebrmenda. Nj\u00eb lloj ndjenje indiference na pengon t\u00eb reagojm\u00eb. T\u00eb reagojm\u00eb p\u00ebr munges\u00ebn e profesionalizimit te lajmi dhe te e v\u00ebrteta, q\u00eb po arrin n\u00eb nivelet e tij t\u00eb ul\u00ebta.<\/p>\n<p>Dhe, po aq posht\u00eb sa ka r\u00ebn\u00eb ky lloj e soj komuniteti q\u00eb un\u00eb p\u00ebrmenda, po aq posht\u00eb ka r\u00ebn\u00eb dhe ka degjeneruar shoq\u00ebria shqiptare, q\u00eb informatat e fundit i pret prej k\u00ebtyre njer\u00ebzve mediok\u00ebr. <\/p>\n<p>(<em>G.SH\/BalkanWeb<\/em>)<\/p>\n","protected":false},"excerpt":{"rendered":"<p>Nga: ANILA BASHA TIRANE- Kisha dy dit\u00eb me radh\u00eb q\u00eb mendoja n\u00ebse editorit t\u00eb televizionit \u201cKlan\u201d duhet t\u2019i ktheja ose jo nj\u00eb p\u00ebrgjigje. Jo se pash\u00eb shkrimin e Moz\u00ebs (Dervishit) te gazeta \u201cShqip\u201d dhe vendosa t\u00eb reagoj, por sepse m\u00eb duket realiste, e nderuar kolege (po t\u00eb drejtohem tashm\u00eb ty), t\u00eb them disa fjal\u00eb m\u00eb [&hellip;]<\/p>\n","protected":false},"author":1,"featured_media":0,"comment_status":"open","ping_status":"closed","sticky":false,"template":"","format":"standard","meta":{"footnotes":""},"categories":[2],"tags":[],"class_list":{"0":"post-2671","1":"post","2":"type-post","3":"status-publish","4":"format-standard","6":"category-artikuj"},"yoast_head":"<!-- This site is optimized with the Yoast SEO plugin v27.4 - https:\/\/yoast.com\/product\/yoast-seo-wordpress\/ -->\n<title>Grev\u00eb urie, apo kriz\u00eb e medias? - FjALA e LIR\u00cb - Arkivi<\/title>\n<meta name=\"robots\" content=\"index, follow, max-snippet:-1, max-image-preview:large, max-video-preview:-1\" \/>\n<link rel=\"canonical\" href=\"https:\/\/fjala.info\/2009-2015\/greve-urie-apo-krize-e-medias\/\" \/>\n<meta property=\"og:locale\" content=\"sq_AL\" \/>\n<meta property=\"og:type\" content=\"article\" \/>\n<meta property=\"og:title\" content=\"Grev\u00eb urie, apo kriz\u00eb e medias? - FjALA e LIR\u00cb - Arkivi\" \/>\n<meta property=\"og:description\" content=\"Nga: ANILA BASHA TIRANE- Kisha dy dit\u00eb me radh\u00eb q\u00eb mendoja n\u00ebse editorit t\u00eb televizionit \u201cKlan\u201d duhet t\u2019i ktheja ose jo nj\u00eb p\u00ebrgjigje. Jo se pash\u00eb shkrimin e Moz\u00ebs (Dervishit) te gazeta \u201cShqip\u201d dhe vendosa t\u00eb reagoj, por sepse m\u00eb duket realiste, e nderuar kolege (po t\u00eb drejtohem tashm\u00eb ty), t\u00eb them disa fjal\u00eb m\u00eb [&hellip;]\" \/>\n<meta property=\"og:url\" content=\"https:\/\/fjala.info\/2009-2015\/greve-urie-apo-krize-e-medias\/\" \/>\n<meta property=\"og:site_name\" content=\"FjALA e LIR\u00cb - Arkivi\" \/>\n<meta property=\"article:published_time\" content=\"2010-05-16T07:39:13+00:00\" \/>\n<meta property=\"og:image\" content=\"http:\/\/www.shkoder.net\/images\/fjala\/2010\/greva_urise.jpg\" \/>\n<meta name=\"author\" content=\"admin\" \/>\n<meta name=\"twitter:card\" content=\"summary_large_image\" \/>\n<meta name=\"twitter:label1\" content=\"Written by\" \/>\n\t<meta name=\"twitter:data1\" content=\"admin\" \/>\n\t<meta name=\"twitter:label2\" content=\"Est. reading time\" \/>\n\t<meta name=\"twitter:data2\" content=\"6 minutes\" \/>\n<script type=\"application\/ld+json\" class=\"yoast-schema-graph\">{\"@context\":\"https:\\\/\\\/schema.org\",\"@graph\":[{\"@type\":\"Article\",\"@id\":\"https:\\\/\\\/fjala.info\\\/2009-2015\\\/greve-urie-apo-krize-e-medias\\\/#article\",\"isPartOf\":{\"@id\":\"https:\\\/\\\/fjala.info\\\/2009-2015\\\/greve-urie-apo-krize-e-medias\\\/\"},\"author\":{\"name\":\"admin\",\"@id\":\"https:\\\/\\\/fjala.info\\\/2009-2015\\\/#\\\/schema\\\/person\\\/3aa1163ef05469c496fc94e77611ada2\"},\"headline\":\"Grev\u00eb urie, apo kriz\u00eb e medias?\",\"datePublished\":\"2010-05-16T07:39:13+00:00\",\"mainEntityOfPage\":{\"@id\":\"https:\\\/\\\/fjala.info\\\/2009-2015\\\/greve-urie-apo-krize-e-medias\\\/\"},\"wordCount\":1304,\"commentCount\":0,\"publisher\":{\"@id\":\"https:\\\/\\\/fjala.info\\\/2009-2015\\\/#organization\"},\"image\":{\"@id\":\"https:\\\/\\\/fjala.info\\\/2009-2015\\\/greve-urie-apo-krize-e-medias\\\/#primaryimage\"},\"thumbnailUrl\":\"http:\\\/\\\/www.shkoder.net\\\/images\\\/fjala\\\/2010\\\/greva_urise.jpg\",\"articleSection\":[\"Artikuj\"],\"inLanguage\":\"sq-AL\",\"potentialAction\":[{\"@type\":\"CommentAction\",\"name\":\"Comment\",\"target\":[\"https:\\\/\\\/fjala.info\\\/2009-2015\\\/greve-urie-apo-krize-e-medias\\\/#respond\"]}]},{\"@type\":\"WebPage\",\"@id\":\"https:\\\/\\\/fjala.info\\\/2009-2015\\\/greve-urie-apo-krize-e-medias\\\/\",\"url\":\"https:\\\/\\\/fjala.info\\\/2009-2015\\\/greve-urie-apo-krize-e-medias\\\/\",\"name\":\"Grev\u00eb urie, apo kriz\u00eb e medias? - FjALA e LIR\u00cb - Arkivi\",\"isPartOf\":{\"@id\":\"https:\\\/\\\/fjala.info\\\/2009-2015\\\/#website\"},\"primaryImageOfPage\":{\"@id\":\"https:\\\/\\\/fjala.info\\\/2009-2015\\\/greve-urie-apo-krize-e-medias\\\/#primaryimage\"},\"image\":{\"@id\":\"https:\\\/\\\/fjala.info\\\/2009-2015\\\/greve-urie-apo-krize-e-medias\\\/#primaryimage\"},\"thumbnailUrl\":\"http:\\\/\\\/www.shkoder.net\\\/images\\\/fjala\\\/2010\\\/greva_urise.jpg\",\"datePublished\":\"2010-05-16T07:39:13+00:00\",\"breadcrumb\":{\"@id\":\"https:\\\/\\\/fjala.info\\\/2009-2015\\\/greve-urie-apo-krize-e-medias\\\/#breadcrumb\"},\"inLanguage\":\"sq-AL\",\"potentialAction\":[{\"@type\":\"ReadAction\",\"target\":[\"https:\\\/\\\/fjala.info\\\/2009-2015\\\/greve-urie-apo-krize-e-medias\\\/\"]}]},{\"@type\":\"ImageObject\",\"inLanguage\":\"sq-AL\",\"@id\":\"https:\\\/\\\/fjala.info\\\/2009-2015\\\/greve-urie-apo-krize-e-medias\\\/#primaryimage\",\"url\":\"http:\\\/\\\/www.shkoder.net\\\/images\\\/fjala\\\/2010\\\/greva_urise.jpg\",\"contentUrl\":\"http:\\\/\\\/www.shkoder.net\\\/images\\\/fjala\\\/2010\\\/greva_urise.jpg\"},{\"@type\":\"BreadcrumbList\",\"@id\":\"https:\\\/\\\/fjala.info\\\/2009-2015\\\/greve-urie-apo-krize-e-medias\\\/#breadcrumb\",\"itemListElement\":[{\"@type\":\"ListItem\",\"position\":1,\"name\":\"Home\",\"item\":\"https:\\\/\\\/fjala.info\\\/2009-2015\\\/\"},{\"@type\":\"ListItem\",\"position\":2,\"name\":\"Grev\u00eb urie, apo kriz\u00eb e medias?\"}]},{\"@type\":\"WebSite\",\"@id\":\"https:\\\/\\\/fjala.info\\\/2009-2015\\\/#website\",\"url\":\"https:\\\/\\\/fjala.info\\\/2009-2015\\\/\",\"name\":\"FjALA e LIR\u00cb - Arkivi\",\"description\":\"Arkivi 2009-2015\",\"publisher\":{\"@id\":\"https:\\\/\\\/fjala.info\\\/2009-2015\\\/#organization\"},\"potentialAction\":[{\"@type\":\"SearchAction\",\"target\":{\"@type\":\"EntryPoint\",\"urlTemplate\":\"https:\\\/\\\/fjala.info\\\/2009-2015\\\/?s={search_term_string}\"},\"query-input\":{\"@type\":\"PropertyValueSpecification\",\"valueRequired\":true,\"valueName\":\"search_term_string\"}}],\"inLanguage\":\"sq-AL\"},{\"@type\":\"Organization\",\"@id\":\"https:\\\/\\\/fjala.info\\\/2009-2015\\\/#organization\",\"name\":\"FjALA e LIR\u00cb - Arkivi\",\"url\":\"https:\\\/\\\/fjala.info\\\/2009-2015\\\/\",\"logo\":{\"@type\":\"ImageObject\",\"inLanguage\":\"sq-AL\",\"@id\":\"https:\\\/\\\/fjala.info\\\/2009-2015\\\/#\\\/schema\\\/logo\\\/image\\\/\",\"url\":\"\",\"contentUrl\":\"\",\"caption\":\"FjALA e LIR\u00cb - Arkivi\"},\"image\":{\"@id\":\"https:\\\/\\\/fjala.info\\\/2009-2015\\\/#\\\/schema\\\/logo\\\/image\\\/\"}},{\"@type\":\"Person\",\"@id\":\"https:\\\/\\\/fjala.info\\\/2009-2015\\\/#\\\/schema\\\/person\\\/3aa1163ef05469c496fc94e77611ada2\",\"name\":\"admin\",\"image\":{\"@type\":\"ImageObject\",\"inLanguage\":\"sq-AL\",\"@id\":\"https:\\\/\\\/fjala.info\\\/2009-2015\\\/wp-content\\\/uploads\\\/2012\\\/02\\\/arben_cokaj-120x150.jpg\",\"url\":\"https:\\\/\\\/fjala.info\\\/2009-2015\\\/wp-content\\\/uploads\\\/2012\\\/02\\\/arben_cokaj-120x150.jpg\",\"contentUrl\":\"https:\\\/\\\/fjala.info\\\/2009-2015\\\/wp-content\\\/uploads\\\/2012\\\/02\\\/arben_cokaj-120x150.jpg\",\"caption\":\"admin\"},\"description\":\"Admin, Fjala e Lir\u00eb\",\"sameAs\":[\"https:\\\/\\\/fjala.info\\\/\"],\"url\":\"https:\\\/\\\/fjala.info\\\/2009-2015\\\/author\\\/admin\\\/\"}]}<\/script>\n<!-- \/ Yoast SEO plugin. -->","yoast_head_json":{"title":"Grev\u00eb urie, apo kriz\u00eb e medias? - FjALA e LIR\u00cb - Arkivi","robots":{"index":"index","follow":"follow","max-snippet":"max-snippet:-1","max-image-preview":"max-image-preview:large","max-video-preview":"max-video-preview:-1"},"canonical":"https:\/\/fjala.info\/2009-2015\/greve-urie-apo-krize-e-medias\/","og_locale":"sq_AL","og_type":"article","og_title":"Grev\u00eb urie, apo kriz\u00eb e medias? - FjALA e LIR\u00cb - Arkivi","og_description":"Nga: ANILA BASHA TIRANE- Kisha dy dit\u00eb me radh\u00eb q\u00eb mendoja n\u00ebse editorit t\u00eb televizionit \u201cKlan\u201d duhet t\u2019i ktheja ose jo nj\u00eb p\u00ebrgjigje. Jo se pash\u00eb shkrimin e Moz\u00ebs (Dervishit) te gazeta \u201cShqip\u201d dhe vendosa t\u00eb reagoj, por sepse m\u00eb duket realiste, e nderuar kolege (po t\u00eb drejtohem tashm\u00eb ty), t\u00eb them disa fjal\u00eb m\u00eb [&hellip;]","og_url":"https:\/\/fjala.info\/2009-2015\/greve-urie-apo-krize-e-medias\/","og_site_name":"FjALA e LIR\u00cb - Arkivi","article_published_time":"2010-05-16T07:39:13+00:00","og_image":[{"url":"http:\/\/www.shkoder.net\/images\/fjala\/2010\/greva_urise.jpg","type":"","width":"","height":""}],"author":"admin","twitter_card":"summary_large_image","twitter_misc":{"Written by":"admin","Est. reading time":"6 minutes"},"schema":{"@context":"https:\/\/schema.org","@graph":[{"@type":"Article","@id":"https:\/\/fjala.info\/2009-2015\/greve-urie-apo-krize-e-medias\/#article","isPartOf":{"@id":"https:\/\/fjala.info\/2009-2015\/greve-urie-apo-krize-e-medias\/"},"author":{"name":"admin","@id":"https:\/\/fjala.info\/2009-2015\/#\/schema\/person\/3aa1163ef05469c496fc94e77611ada2"},"headline":"Grev\u00eb urie, apo kriz\u00eb e medias?","datePublished":"2010-05-16T07:39:13+00:00","mainEntityOfPage":{"@id":"https:\/\/fjala.info\/2009-2015\/greve-urie-apo-krize-e-medias\/"},"wordCount":1304,"commentCount":0,"publisher":{"@id":"https:\/\/fjala.info\/2009-2015\/#organization"},"image":{"@id":"https:\/\/fjala.info\/2009-2015\/greve-urie-apo-krize-e-medias\/#primaryimage"},"thumbnailUrl":"http:\/\/www.shkoder.net\/images\/fjala\/2010\/greva_urise.jpg","articleSection":["Artikuj"],"inLanguage":"sq-AL","potentialAction":[{"@type":"CommentAction","name":"Comment","target":["https:\/\/fjala.info\/2009-2015\/greve-urie-apo-krize-e-medias\/#respond"]}]},{"@type":"WebPage","@id":"https:\/\/fjala.info\/2009-2015\/greve-urie-apo-krize-e-medias\/","url":"https:\/\/fjala.info\/2009-2015\/greve-urie-apo-krize-e-medias\/","name":"Grev\u00eb urie, apo kriz\u00eb e medias? - FjALA e LIR\u00cb - Arkivi","isPartOf":{"@id":"https:\/\/fjala.info\/2009-2015\/#website"},"primaryImageOfPage":{"@id":"https:\/\/fjala.info\/2009-2015\/greve-urie-apo-krize-e-medias\/#primaryimage"},"image":{"@id":"https:\/\/fjala.info\/2009-2015\/greve-urie-apo-krize-e-medias\/#primaryimage"},"thumbnailUrl":"http:\/\/www.shkoder.net\/images\/fjala\/2010\/greva_urise.jpg","datePublished":"2010-05-16T07:39:13+00:00","breadcrumb":{"@id":"https:\/\/fjala.info\/2009-2015\/greve-urie-apo-krize-e-medias\/#breadcrumb"},"inLanguage":"sq-AL","potentialAction":[{"@type":"ReadAction","target":["https:\/\/fjala.info\/2009-2015\/greve-urie-apo-krize-e-medias\/"]}]},{"@type":"ImageObject","inLanguage":"sq-AL","@id":"https:\/\/fjala.info\/2009-2015\/greve-urie-apo-krize-e-medias\/#primaryimage","url":"http:\/\/www.shkoder.net\/images\/fjala\/2010\/greva_urise.jpg","contentUrl":"http:\/\/www.shkoder.net\/images\/fjala\/2010\/greva_urise.jpg"},{"@type":"BreadcrumbList","@id":"https:\/\/fjala.info\/2009-2015\/greve-urie-apo-krize-e-medias\/#breadcrumb","itemListElement":[{"@type":"ListItem","position":1,"name":"Home","item":"https:\/\/fjala.info\/2009-2015\/"},{"@type":"ListItem","position":2,"name":"Grev\u00eb urie, apo kriz\u00eb e medias?"}]},{"@type":"WebSite","@id":"https:\/\/fjala.info\/2009-2015\/#website","url":"https:\/\/fjala.info\/2009-2015\/","name":"FjALA e LIR\u00cb - Arkivi","description":"Arkivi 2009-2015","publisher":{"@id":"https:\/\/fjala.info\/2009-2015\/#organization"},"potentialAction":[{"@type":"SearchAction","target":{"@type":"EntryPoint","urlTemplate":"https:\/\/fjala.info\/2009-2015\/?s={search_term_string}"},"query-input":{"@type":"PropertyValueSpecification","valueRequired":true,"valueName":"search_term_string"}}],"inLanguage":"sq-AL"},{"@type":"Organization","@id":"https:\/\/fjala.info\/2009-2015\/#organization","name":"FjALA e LIR\u00cb - Arkivi","url":"https:\/\/fjala.info\/2009-2015\/","logo":{"@type":"ImageObject","inLanguage":"sq-AL","@id":"https:\/\/fjala.info\/2009-2015\/#\/schema\/logo\/image\/","url":"","contentUrl":"","caption":"FjALA e LIR\u00cb - Arkivi"},"image":{"@id":"https:\/\/fjala.info\/2009-2015\/#\/schema\/logo\/image\/"}},{"@type":"Person","@id":"https:\/\/fjala.info\/2009-2015\/#\/schema\/person\/3aa1163ef05469c496fc94e77611ada2","name":"admin","image":{"@type":"ImageObject","inLanguage":"sq-AL","@id":"https:\/\/fjala.info\/2009-2015\/wp-content\/uploads\/2012\/02\/arben_cokaj-120x150.jpg","url":"https:\/\/fjala.info\/2009-2015\/wp-content\/uploads\/2012\/02\/arben_cokaj-120x150.jpg","contentUrl":"https:\/\/fjala.info\/2009-2015\/wp-content\/uploads\/2012\/02\/arben_cokaj-120x150.jpg","caption":"admin"},"description":"Admin, Fjala e Lir\u00eb","sameAs":["https:\/\/fjala.info\/"],"url":"https:\/\/fjala.info\/2009-2015\/author\/admin\/"}]}},"_links":{"self":[{"href":"https:\/\/fjala.info\/2009-2015\/wp-json\/wp\/v2\/posts\/2671","targetHints":{"allow":["GET"]}}],"collection":[{"href":"https:\/\/fjala.info\/2009-2015\/wp-json\/wp\/v2\/posts"}],"about":[{"href":"https:\/\/fjala.info\/2009-2015\/wp-json\/wp\/v2\/types\/post"}],"author":[{"embeddable":true,"href":"https:\/\/fjala.info\/2009-2015\/wp-json\/wp\/v2\/users\/1"}],"replies":[{"embeddable":true,"href":"https:\/\/fjala.info\/2009-2015\/wp-json\/wp\/v2\/comments?post=2671"}],"version-history":[{"count":0,"href":"https:\/\/fjala.info\/2009-2015\/wp-json\/wp\/v2\/posts\/2671\/revisions"}],"wp:attachment":[{"href":"https:\/\/fjala.info\/2009-2015\/wp-json\/wp\/v2\/media?parent=2671"}],"wp:term":[{"taxonomy":"category","embeddable":true,"href":"https:\/\/fjala.info\/2009-2015\/wp-json\/wp\/v2\/categories?post=2671"},{"taxonomy":"post_tag","embeddable":true,"href":"https:\/\/fjala.info\/2009-2015\/wp-json\/wp\/v2\/tags?post=2671"}],"curies":[{"name":"wp","href":"https:\/\/api.w.org\/{rel}","templated":true}]}}