{"id":2663,"date":"2012-04-27T17:11:35","date_gmt":"2012-04-27T16:11:35","guid":{"rendered":"http:\/\/fjala.shkoder.net\/?p=2663"},"modified":"2012-04-27T17:11:35","modified_gmt":"2012-04-27T16:11:35","slug":"ardian-klosi-nuk-e-kam-frike-vdekjen-thjesht-do-doja-te-mos-ish-e-dhunshme","status":"publish","type":"post","link":"https:\/\/fjala.info\/2009-2015\/ardian-klosi-nuk-e-kam-frike-vdekjen-thjesht-do-doja-te-mos-ish-e-dhunshme\/","title":{"rendered":"Ardian Klosi: Nuk e kam frik\u00eb vdekjen; thjesht do doja t\u00eb mos ish e dhunshme"},"content":{"rendered":"<p><img decoding=\"async\" class=\"alignright size-thumbnail wp-image-7236\" title=\"Ardian Klosi\" src=\"http:\/\/www.shkoder.net\/2012\/ardian_klosi.jpg\" alt=\"\" width=\"300\" \/> <strong>INTERVIST\u00cb ME ARDIAN KLOSIN (4 SHTATOR 2011)<\/strong>, nga <strong>Mustafa Nano<\/strong><\/p>\n<p>U futa qysh n\u00eb m\u00ebngjes n\u00eb arkivat e respublica-s p\u00ebr t\u00eb gjetur e ve\u00e7uar di\u00e7ka nga Ardian Klosi (d\u00ebrgonte her\u00eb pas here gj\u00ebra p\u00ebr t\u2019u publikuar n\u00eb respublica). Do ju ftoja ta rilexonit k\u00ebt\u00eb intervist\u00eb. M. Nano<\/p>\n<p><strong>1-Zoti ekziston, mund t\u00eb ekzistoj\u00eb, duhet t\u00eb ekzistoj\u00eb apo nuk ekziston?<\/strong><\/p>\n<p>Kur rritesh n\u00eb ateiz\u00ebm, e ke v\u00ebshtir\u00eb t\u00eb besosh m\u00eb pas. M\u00ebnyra se si po ec\u00ebn shoq\u00ebria shqiptare m\u00eb bind p\u00ebr mund\u00ebsin\u00eb e fundit.<\/p>\n<p><strong>2. Gjuha shqipe ju duket e pasur, e varf\u00ebr, apo si t\u00eb tjerat?<\/strong><\/p>\n<p>Gjuha shqipe \u00ebsht\u00eb shum\u00eb e pasur, p\u00ebr dy arsye: S\u00eb pari, b\u00ebrtham\u00ebs s\u00eb mo\u00e7me t\u00eb fjal\u00ebve e strukturave shpreh\u00ebse, ajo i ka mbishtres\u00ebzuar n\u00eb shekuj huazime sidomos nga latinishtja, greqishtja, gjuh\u00ebt sllave, turqishtja (me arabishten e persishten). Nj\u00eb pjes\u00eb e madhe e k\u00ebtyre huazimeve jan\u00eb asimiluar \u201eshqiptar\u00e7e\u201c dhe sot ndihen si pjes\u00eb e gjuh\u00ebs. Arsyeja e dyt\u00eb \u00ebsht\u00eb q\u00eb shqipja \u00ebsht\u00eb kultivuar, ve\u00e7an\u00ebrisht n\u00eb shekullin 20, n\u00eb dy variantet e saj letrare, geg\u00ebnisht dhe tosk\u00ebrisht. <\/p>\n<p>Po t\u00eb shfletosh botimet e 6 dhjet\u00ebvje\u00e7ar\u00ebve t\u00eb par\u00eb 1900-1960, mahnitesh nga gjith\u00eb ajo pasuri; merrni vet\u00ebm \u201eIliad\u00ebn\u201c n\u00eb p\u00ebrkthimin e Gjon Shllakut, botim i vitit 1964, n\u00eb \u00e7do faqe gjeni fjal\u00eb t\u00eb panjohura. N\u00eb k\u00ebt\u00eb pik\u00ebpamje mund t\u00eb jet\u00eb m\u00eb e pasur nga gjuh\u00eb t\u00eb tjera indoeuropiane. Mir\u00ebpo n\u00eb an\u00eb tjet\u00ebr, shqipja \u00ebsht\u00eb m\u00eb pak e kultivuar nga gjuh\u00eb t\u00eb tjera t\u00eb kontinentit n\u00eb arsenalin e termave p.sh. nga dijet humane si filozofia, psikologjia, sociologjia etj.<\/p>\n<p><strong>3. Njer\u00ebzit jan\u00eb esencialisht t\u00eb mir\u00eb, apo jan\u00eb esencialisht t\u00eb k\u00ebqij?<\/strong><\/p>\n<p>P\u00ebr mua njer\u00ebzit jan\u00eb n\u00eb thelb irracional\u00eb. Ti g\u00ebnjehesh nga fakti se jan\u00eb t\u00eb pajisur me arsye. Kan\u00eb nevoj\u00eb p\u00ebr shum\u00eb vuajtje dhe shkat\u00ebrrime q\u00eb t\u00eb vin\u00eb n\u00eb udh\u00eb t\u00eb drejt\u00eb. E keqja m\u00eb e madhe \u00ebsht\u00eb q\u00eb njeriu \u00ebsht\u00eb qenie egoiste, grabitqare. K\u00ebshtu q\u00eb gjith\u00eb koh\u00ebn p\u00ebrpiqet t\u00eb grabis\u00eb ose nga natyra ose nga shoq\u00ebria. Kjo sjell p\u00ebrplasje dhe katastrofa t\u00eb pashmangshme.<\/p>\n<p><strong>4. Do t\u00eb ishit dakord q\u00eb f\u00ebmija juaj t\u00eb merrte pjes\u00eb n\u00eb loj\u00ebn televizive \u201cBig Brother\u201d?<\/strong><\/p>\n<p>Jo, kurr\u00eb.<\/p>\n<p><strong>5. Harmonia nd\u00ebrfetare n\u00eb Shqip\u00ebri \u00ebsht\u00eb nj\u00eb legjend\u00eb apo nj\u00eb realitet i bukur?<\/strong><\/p>\n<p>\u00cbsht\u00eb nj\u00eb realitet. Por nuk e quaj harmoni, e quaj m\u00eb shum\u00eb indiferenc\u00eb fetare. N\u00eb p\u00ebrgjith\u00ebsi shqiptar\u00ebt jan\u00eb mosdit\u00ebs n\u00eb pun\u00eb feje. Duke mos patur pasion, p\u00ebrkushtim pozitiv ndaj ndonj\u00eb feje, kjo i b\u00ebn q\u00eb edhe t\u00eb mos ken\u00eb pasione negative ndaj nj\u00eb feje tjet\u00ebr.<\/p>\n<p><strong>6. Shihni ndonj\u00eb unitet t\u00eb qart\u00eb kulturor midis Shqip\u00ebris\u00eb e Kosov\u00ebs?<\/strong><\/p>\n<p>Uniteti \u00ebsht\u00eb i dh\u00ebn\u00eb nga historia, q\u00eb e kemi t\u00eb p\u00ebrbashk\u00ebt deri te Jugosllavia e Titos dhe Shqip\u00ebria e Enver Hoxh\u00ebs. Dallimet kulturore q\u00eb nisin prej asaj kohe nuk m\u00eb duken thelb\u00ebsore. Vet\u00ebm se fakti q\u00eb shqipja q\u00eb flasin sot kosovar\u00ebt \u00ebsht\u00eb aq larg gjuh\u00ebs s\u00eb shkruar t\u00eb p\u00ebrbashk\u00ebt, p\u00ebrb\u00ebn vetiu faktor t\u00eb fort\u00eb diferencues.<\/p>\n<p><strong>7. Cili \u00ebsht\u00eb njeriu m\u00eb i r\u00ebnd\u00ebsish\u00ebm, numrin e t\u00eb cilit e keni n\u00eb phonebook?<\/strong><\/p>\n<p>Njer\u00ebzit q\u00eb dua, duke nisur nga vajzat e mia.<\/p>\n<p><strong>8. Mendoni se n\u00eb bot\u00ebn e sotme demokratike (mund t\u00eb) b\u00ebhen vrasje p\u00ebr arsye shtet\u00ebrore?<\/strong><\/p>\n<p>P\u00ebr Shqip\u00ebrin\u00eb e keni fjal\u00ebn? Sigurisht. Por Shqip\u00ebria nuk \u00ebsht\u00eb vend demokratik; k\u00ebtu kan\u00eb ndodhur disa vrasje p\u00ebr arsye shtet\u00ebrore, nga ato t\u00eb 2 prillit 1991 deri te t\u00eb fundit m\u00eb 21 janar 2011. Po edhe p\u00ebrtej, n\u00eb bot\u00ebn demokratike mund t\u00eb ndodhin. Bie fjala, kurr\u00eb nuk u sqarua vdekja e politikanit gjerman Uwe Barschel n\u00eb vitin 1987 n\u00eb nj\u00eb dhom\u00eb hoteli n\u00eb Gjenev\u00eb.<\/p>\n<p><strong>9. Fan Noli udh\u00ebhoqi nj\u00eb grusht shteti apo nj\u00eb revolucion demokratik n\u00eb vitin 1924?<\/strong><\/p>\n<p>Do ta gjuaja grusht oborri. Shtet at\u00ebher\u00eb nuk kishte, politikan\u00ebt luanin si macja me miun, gjersa doli m\u00eb i forti q\u00eb i shtypi gjith\u00eb rival\u00ebt.<\/p>\n<p><strong>10. Ajo q\u00eb komunist\u00ebt e kan\u00eb quajtur \u201cLufta Nacional\u00e7lirimtare\u201d, ka qen\u00eb sipas jush edhe luft\u00eb civile?<\/strong><\/p>\n<p>Ky ishte mallkimi, q\u00eb nj\u00eb luft\u00eb e drejt\u00eb \u00e7lirimtare u p\u00ebrzie qysh her\u00ebt me luft\u00ebn kund\u00ebr forcave kund\u00ebrshtare politike, p\u00ebr t\u00eb siguruar pushtetin pas largimit t\u00eb t\u00eb huajve, dmth. luft\u00eb civile me format m\u00eb t\u00eb ashpra dhe vrasjet m\u00eb t\u00eb sh\u00ebmtuara. Komunist\u00ebt i shfryt\u00ebzuan me mjeshtri gabimet trashanike t\u00eb nacionalist\u00ebve, q\u00eb n\u00eb vend q\u00eb t\u00eb luftonin ashp\u00ebr gjerman\u00ebt, b\u00ebn\u00eb me k\u00ebta shpesh kauza komune dhe aksione t\u00eb p\u00ebrbashk\u00ebta. Pasoja ishte q\u00eb u martirizuan fshatra, qytete, deri dhe krahina t\u00eb t\u00ebra, si ato t\u00eb Veriut.<\/p>\n<p><strong>11. N\u00ebse do t\u2019ju k\u00ebrkonin t\u00eb ve\u00e7onit ndonj\u00eb arritje t\u00eb diktatur\u00ebs komuniste pes\u00ebdhjet\u00ebvje\u00e7are, \u00e7far\u00eb do t\u00eb thoshit?<\/strong><\/p>\n<p>Ruajtja e vendit; mes nj\u00eb varf\u00ebrie e shtypjeje t\u00eb skajshme t\u00eb lirive, ruajtja e pasurive natyrore t\u00eb nj\u00ebrit prej vendeve m\u00eb t\u00eb bukura n\u00eb Europ\u00eb.<\/p>\n<p><strong>12. Sikur t\u00eb kishit jetuar n\u00eb vitet e Luft\u00ebs s\u00eb Dyt\u00eb Bot\u00ebrore, do t\u00eb rreshtoheshit me partizan\u00ebt, me Ballin Komb\u00ebtar, apo do t\u00eb q\u00ebndronit asnjan\u00ebs?<\/strong><\/p>\n<p>Kjo pyetje e ka brenda t\u00eb fort\u00eb elementin e Hall\u00ebs. Ne jemi edukuar qysh 15-16 vje\u00e7ar\u00eb me veprat e Stendalit, Tolstoit, \u00c7ehovit pastaj Sartrit, Kafk\u00ebs. Zor se do kishim pranuar n\u00eb krye gjysm\u00eb-injorant\u00eb si Enver Hoxha. Por, si fshatar i thjesht\u00eb natyrisht do t\u00eb kisha luftuar pushtuesit.<\/p>\n<p><strong>13. Largimi i Ahmet Zogut nga Shqip\u00ebria n\u00eb prill t\u00eb vitit 1939 \u00ebsht\u00eb nj\u00eb gjest i qortuesh\u00ebm apo i kuptuesh\u00ebm?<\/strong><\/p>\n<p>I ka t\u00eb dyja brenda. Si\u00e7 e kishte nd\u00ebrtuar pushtetin e tij ai, me nj\u00eb pateric\u00eb italiane, e kishte t\u00eb pamundur t\u00eb ngrihej kund\u00ebr pushtimit italian. Por po ta kishte b\u00ebr\u00eb k\u00ebt\u00eb do t\u00eb ishte kthyer n\u00eb nj\u00eb hero komb\u00ebtar. Kurse k\u00ebshtu \u00ebsht\u00eb nj\u00eb mbret paksa komedish, q\u00eb p\u00ebr m\u00eb shum\u00eb mori me vete floririn e vendit t\u00eb tij.<\/p>\n<p><strong>14. Do t\u00eb ishit dakord t\u00eb p\u00ebrkthehej n\u00eb gjuh\u00ebn shqipe \u201cMein Kampf\u201d i Adolf Hitlerit?<\/strong><\/p>\n<p>Sot asgj\u00eb nuk mund t\u00eb ndalohet. Por n\u00ebse kushtetuta e ndalon p\u00ebrhapjen e literatur\u00ebs fashiste (besoj po, k\u00ebshtu mund t\u00eb interpretohet neni 9 pika 2), ai p\u00ebrkthim nuk mund t\u00eb botohet.<\/p>\n<p><strong>15. Cili \u00ebsht\u00eb njeriu m\u00eb i r\u00ebnd\u00ebsish\u00ebm, me t\u00eb cilin ju keni b\u00ebr\u00eb nj\u00eb fotografi?<\/strong><\/p>\n<p>Hanna kur qe 3-dit\u00ebshe dhe Katharina kur qe 2-muajshe.<\/p>\n<p><strong>16. \u00c7far\u00eb ishte n\u00eb t\u00eb v\u00ebrtet\u00eb ajo q\u00eb ndodhi n\u00eb vitin 1997?<\/strong><\/p>\n<p>Rr\u00ebshqitja e shtetit prej duarve t\u00eb njer\u00ebzve q\u00eb s\u2019ishin fare burra shteti: Berisha, Meksi etj. K\u00ebshtu ndodh kur vijn\u00eb n\u00eb krye t\u00eb nj\u00eb vendi jodiktatorial ish-sekretar\u00eb t\u00eb PPSh ose restaurator\u00eb kishash.<\/p>\n<p><strong>17. Mendoni se do t\u00eb ishit n\u00eb gjendje t\u00eb vrisnit nj\u00eb njeri n\u00eb kushtet, kur ky njeri k\u00ebrc\u00ebnon jet\u00ebn tuaj apo t\u00eb t\u00eb dashurve tuaj?<\/strong><\/p>\n<p>Po patjet\u00ebr, mbrojtja e detyruar pranohet me ligj. Besoj se do t\u00eb kisha trim\u00ebrin\u00eb e duhur, por s\u2019di sa do t\u00eb m\u00eb ndodheshin arm\u00eb.<\/p>\n<p><strong>18. Ne shqiptar\u00ebt jemi europian\u00eb me titull t\u00eb plot\u00eb?<\/strong><\/p>\n<p>\u00c7\u2019do t\u00eb thot\u00eb europian\u00eb me titull t\u00eb plot\u00eb? Si Giordano Bruno, Da Vinci, Martin Lutheri, Churchilli, De Gaulle-i, si votuesit francez\u00eb ose zviceran\u00eb, si ekologjist\u00ebt gjerman\u00eb? Jo, nuk jemi. Ne kemi brenda shum\u00eb elemente orientale, shum\u00eb elemente tradicionale t\u00eb nj\u00eb shoq\u00ebrie zakonore, p\u00ebr t\u00eb cilat jo gjithmon\u00eb duhet t\u00eb turp\u00ebrohesh dhe jo gjithmon\u00eb t\u2019i zbosh nga vetja.<\/p>\n<p>Po k\u00ebto nuk p\u00ebrb\u00ebjn\u00eb pengesa p\u00ebr t\u00eb hyr\u00eb n\u00eb BE. Sidoqoft\u00eb, t\u00eb jesh europian si natyr\u00eb dhe t\u00eb hysh n\u00eb BE si administrat\u00eb, k\u00ebto jan\u00eb dy gj\u00ebra t\u00eb ndryshme.<\/p>\n<p><strong>19. N\u00eb cil\u00ebn ngjarje t\u00eb madhe t\u00eb historis\u00eb bot\u00ebrore do donit t\u00eb kishit q\u00ebn\u00eb protagonist?<\/strong><\/p>\n<p>I kam patur gjithmon\u00eb zili dy gazetar\u00ebt q\u00eb zbuluan skandalin Watergate dhe rr\u00ebzuan Nixonin.<\/p>\n<p><strong>20. Me cilin personazh t\u00eb historis\u00eb s\u00eb Shqip\u00ebris\u00eb do kishit dashur t\u00eb b\u00ebnit nj\u00eb bised\u00eb t\u00eb gjat\u00eb e t\u00eb shtruar?<\/strong><\/p>\n<p>Me Sk\u00ebnderbeun. Do ftoja n\u00eb bised\u00eb edhe Oliver Jens Schmittin, ndoshta dhe Kadaren\u00eb.<\/p>\n<p><strong>21: Cili \u00ebsht\u00eb libri q\u00eb po lexoni?<\/strong><\/p>\n<p>Gomorra e Roberto Savianos. Nj\u00eb lib\u00ebr i mrekulluesh\u00ebm, po e lexoj p\u00ebr her\u00eb t\u00eb dyt\u00eb. Pastaj Ulisin e Joyce-it, Iliad\u00ebn n\u00eb p\u00ebrkthimin e Gjon Shllakut, Rubairat p\u00ebrkthyer nga Noli. M\u00eb p\u00eblqen t\u00eb lexoj disa libra paralelisht.<\/p>\n<p><strong>22. Cili komb europian ju ndjell m\u00eb shum\u00eb me historin\u00eb e me kultur\u00ebn e vet?<\/strong><\/p>\n<p>Anglia ka qen\u00eb n\u00eb \u00ebndrrat e rinis\u00eb, por pastaj m\u00eb kan\u00eb t\u00ebrhequr kombe t\u00eb ndryshme p\u00ebr periudha t\u00eb ndryshme. Sidomos popujt q\u00eb kan\u00eb prodhuar kultura t\u00eb larta si grek\u00ebt e vjet\u00ebr, persian\u00ebt, babilonasit, romak\u00ebt, arab\u00ebt, italian\u00ebt, spanjoll\u00ebt, francez\u00ebt etj.<\/p>\n<p><strong>23. Si do reagonit, sikur t\u00eb merrnit vesh se djali\/vajza juaj \u00ebsht\u00eb homeseksual(e)?<\/strong><\/p>\n<p>Fare i qet\u00eb. Do ta k\u00ebshilloja mos e varte n\u00eb qaf\u00eb me t\u00eb madhe publikisht. M\u00eb ka q\u00eblluar t\u00eb punoj me njer\u00ebz t\u00eb till\u00eb q\u00eb e mbanin qet\u00eb, gati fshehur homoseksualizmin e tyre, njer\u00ebz fin\u00eb me talente t\u00eb rralla.<\/p>\n<p><strong>24. Keni frik\u00eb nga vdekja?<\/strong><\/p>\n<p>Aspak, vet\u00ebm se do doja t\u00eb mos ishte e dhunshme. T\u00eb ik\u00ebsh i qet\u00eb, me vet\u00ebdije e pa dhimbje duhet t\u00eb jet\u00eb nj\u00eb bekim.<\/p>\n<p><strong>25. \u00c7\u2019\u00ebsht\u00eb Atdheu?<\/strong><\/p>\n<p>Sht\u00ebpia, rrugicat e lagjes, qyteti a fshati ku je rritur. Gjuha amtare.<\/p>\n","protected":false},"excerpt":{"rendered":"<p>INTERVIST\u00cb ME ARDIAN KLOSIN (4 SHTATOR 2011), nga Mustafa Nano U futa qysh n\u00eb m\u00ebngjes n\u00eb arkivat e respublica-s p\u00ebr t\u00eb gjetur e ve\u00e7uar di\u00e7ka nga Ardian Klosi (d\u00ebrgonte her\u00eb pas here gj\u00ebra p\u00ebr t\u2019u publikuar n\u00eb respublica). Do ju ftoja ta rilexonit k\u00ebt\u00eb intervist\u00eb. M. Nano 1-Zoti ekziston, mund t\u00eb ekzistoj\u00eb, duhet t\u00eb ekzistoj\u00eb [&hellip;]<\/p>\n","protected":false},"author":1,"featured_media":0,"comment_status":"open","ping_status":"closed","sticky":false,"template":"","format":"standard","meta":{"footnotes":""},"categories":[2],"tags":[],"class_list":{"0":"post-2663","1":"post","2":"type-post","3":"status-publish","4":"format-standard","6":"category-artikuj"},"yoast_head":"<!-- This site is optimized with the Yoast SEO plugin v27.4 - https:\/\/yoast.com\/product\/yoast-seo-wordpress\/ -->\n<title>Ardian Klosi: Nuk e kam frik\u00eb vdekjen; thjesht do doja t\u00eb mos ish e dhunshme - FjALA e LIR\u00cb - Arkivi<\/title>\n<meta name=\"robots\" content=\"index, follow, max-snippet:-1, max-image-preview:large, max-video-preview:-1\" \/>\n<link rel=\"canonical\" href=\"https:\/\/fjala.info\/2009-2015\/ardian-klosi-nuk-e-kam-frike-vdekjen-thjesht-do-doja-te-mos-ish-e-dhunshme\/\" \/>\n<meta property=\"og:locale\" content=\"sq_AL\" \/>\n<meta property=\"og:type\" content=\"article\" \/>\n<meta property=\"og:title\" content=\"Ardian Klosi: Nuk e kam frik\u00eb vdekjen; thjesht do doja t\u00eb mos ish e dhunshme - FjALA e LIR\u00cb - Arkivi\" \/>\n<meta property=\"og:description\" content=\"INTERVIST\u00cb ME ARDIAN KLOSIN (4 SHTATOR 2011), nga Mustafa Nano U futa qysh n\u00eb m\u00ebngjes n\u00eb arkivat e respublica-s p\u00ebr t\u00eb gjetur e ve\u00e7uar di\u00e7ka nga Ardian Klosi (d\u00ebrgonte her\u00eb pas here gj\u00ebra p\u00ebr t\u2019u publikuar n\u00eb respublica). Do ju ftoja ta rilexonit k\u00ebt\u00eb intervist\u00eb. M. Nano 1-Zoti ekziston, mund t\u00eb ekzistoj\u00eb, duhet t\u00eb ekzistoj\u00eb [&hellip;]\" \/>\n<meta property=\"og:url\" content=\"https:\/\/fjala.info\/2009-2015\/ardian-klosi-nuk-e-kam-frike-vdekjen-thjesht-do-doja-te-mos-ish-e-dhunshme\/\" \/>\n<meta property=\"og:site_name\" content=\"FjALA e LIR\u00cb - Arkivi\" \/>\n<meta property=\"article:published_time\" content=\"2012-04-27T16:11:35+00:00\" \/>\n<meta property=\"og:image\" content=\"http:\/\/www.shkoder.net\/2012\/ardian_klosi.jpg\" \/>\n<meta name=\"author\" content=\"admin\" \/>\n<meta name=\"twitter:card\" content=\"summary_large_image\" \/>\n<meta name=\"twitter:label1\" content=\"Written by\" \/>\n\t<meta name=\"twitter:data1\" content=\"admin\" \/>\n\t<meta name=\"twitter:label2\" content=\"Est. reading time\" \/>\n\t<meta name=\"twitter:data2\" content=\"8 minutes\" \/>\n<script type=\"application\/ld+json\" class=\"yoast-schema-graph\">{\"@context\":\"https:\\\/\\\/schema.org\",\"@graph\":[{\"@type\":\"Article\",\"@id\":\"https:\\\/\\\/fjala.info\\\/2009-2015\\\/ardian-klosi-nuk-e-kam-frike-vdekjen-thjesht-do-doja-te-mos-ish-e-dhunshme\\\/#article\",\"isPartOf\":{\"@id\":\"https:\\\/\\\/fjala.info\\\/2009-2015\\\/ardian-klosi-nuk-e-kam-frike-vdekjen-thjesht-do-doja-te-mos-ish-e-dhunshme\\\/\"},\"author\":{\"name\":\"admin\",\"@id\":\"https:\\\/\\\/fjala.info\\\/2009-2015\\\/#\\\/schema\\\/person\\\/3aa1163ef05469c496fc94e77611ada2\"},\"headline\":\"Ardian Klosi: Nuk e kam frik\u00eb vdekjen; thjesht do doja t\u00eb mos ish e dhunshme\",\"datePublished\":\"2012-04-27T16:11:35+00:00\",\"mainEntityOfPage\":{\"@id\":\"https:\\\/\\\/fjala.info\\\/2009-2015\\\/ardian-klosi-nuk-e-kam-frike-vdekjen-thjesht-do-doja-te-mos-ish-e-dhunshme\\\/\"},\"wordCount\":1608,\"commentCount\":0,\"publisher\":{\"@id\":\"https:\\\/\\\/fjala.info\\\/2009-2015\\\/#organization\"},\"image\":{\"@id\":\"https:\\\/\\\/fjala.info\\\/2009-2015\\\/ardian-klosi-nuk-e-kam-frike-vdekjen-thjesht-do-doja-te-mos-ish-e-dhunshme\\\/#primaryimage\"},\"thumbnailUrl\":\"http:\\\/\\\/www.shkoder.net\\\/2012\\\/ardian_klosi.jpg\",\"articleSection\":[\"Artikuj\"],\"inLanguage\":\"sq-AL\",\"potentialAction\":[{\"@type\":\"CommentAction\",\"name\":\"Comment\",\"target\":[\"https:\\\/\\\/fjala.info\\\/2009-2015\\\/ardian-klosi-nuk-e-kam-frike-vdekjen-thjesht-do-doja-te-mos-ish-e-dhunshme\\\/#respond\"]}]},{\"@type\":\"WebPage\",\"@id\":\"https:\\\/\\\/fjala.info\\\/2009-2015\\\/ardian-klosi-nuk-e-kam-frike-vdekjen-thjesht-do-doja-te-mos-ish-e-dhunshme\\\/\",\"url\":\"https:\\\/\\\/fjala.info\\\/2009-2015\\\/ardian-klosi-nuk-e-kam-frike-vdekjen-thjesht-do-doja-te-mos-ish-e-dhunshme\\\/\",\"name\":\"Ardian Klosi: Nuk e kam frik\u00eb vdekjen; thjesht do doja t\u00eb mos ish e dhunshme - FjALA e LIR\u00cb - Arkivi\",\"isPartOf\":{\"@id\":\"https:\\\/\\\/fjala.info\\\/2009-2015\\\/#website\"},\"primaryImageOfPage\":{\"@id\":\"https:\\\/\\\/fjala.info\\\/2009-2015\\\/ardian-klosi-nuk-e-kam-frike-vdekjen-thjesht-do-doja-te-mos-ish-e-dhunshme\\\/#primaryimage\"},\"image\":{\"@id\":\"https:\\\/\\\/fjala.info\\\/2009-2015\\\/ardian-klosi-nuk-e-kam-frike-vdekjen-thjesht-do-doja-te-mos-ish-e-dhunshme\\\/#primaryimage\"},\"thumbnailUrl\":\"http:\\\/\\\/www.shkoder.net\\\/2012\\\/ardian_klosi.jpg\",\"datePublished\":\"2012-04-27T16:11:35+00:00\",\"breadcrumb\":{\"@id\":\"https:\\\/\\\/fjala.info\\\/2009-2015\\\/ardian-klosi-nuk-e-kam-frike-vdekjen-thjesht-do-doja-te-mos-ish-e-dhunshme\\\/#breadcrumb\"},\"inLanguage\":\"sq-AL\",\"potentialAction\":[{\"@type\":\"ReadAction\",\"target\":[\"https:\\\/\\\/fjala.info\\\/2009-2015\\\/ardian-klosi-nuk-e-kam-frike-vdekjen-thjesht-do-doja-te-mos-ish-e-dhunshme\\\/\"]}]},{\"@type\":\"ImageObject\",\"inLanguage\":\"sq-AL\",\"@id\":\"https:\\\/\\\/fjala.info\\\/2009-2015\\\/ardian-klosi-nuk-e-kam-frike-vdekjen-thjesht-do-doja-te-mos-ish-e-dhunshme\\\/#primaryimage\",\"url\":\"http:\\\/\\\/www.shkoder.net\\\/2012\\\/ardian_klosi.jpg\",\"contentUrl\":\"http:\\\/\\\/www.shkoder.net\\\/2012\\\/ardian_klosi.jpg\"},{\"@type\":\"BreadcrumbList\",\"@id\":\"https:\\\/\\\/fjala.info\\\/2009-2015\\\/ardian-klosi-nuk-e-kam-frike-vdekjen-thjesht-do-doja-te-mos-ish-e-dhunshme\\\/#breadcrumb\",\"itemListElement\":[{\"@type\":\"ListItem\",\"position\":1,\"name\":\"Home\",\"item\":\"https:\\\/\\\/fjala.info\\\/2009-2015\\\/\"},{\"@type\":\"ListItem\",\"position\":2,\"name\":\"Ardian Klosi: Nuk e kam frik\u00eb vdekjen; thjesht do doja t\u00eb mos ish e dhunshme\"}]},{\"@type\":\"WebSite\",\"@id\":\"https:\\\/\\\/fjala.info\\\/2009-2015\\\/#website\",\"url\":\"https:\\\/\\\/fjala.info\\\/2009-2015\\\/\",\"name\":\"FjALA e LIR\u00cb - Arkivi\",\"description\":\"Arkivi 2009-2015\",\"publisher\":{\"@id\":\"https:\\\/\\\/fjala.info\\\/2009-2015\\\/#organization\"},\"potentialAction\":[{\"@type\":\"SearchAction\",\"target\":{\"@type\":\"EntryPoint\",\"urlTemplate\":\"https:\\\/\\\/fjala.info\\\/2009-2015\\\/?s={search_term_string}\"},\"query-input\":{\"@type\":\"PropertyValueSpecification\",\"valueRequired\":true,\"valueName\":\"search_term_string\"}}],\"inLanguage\":\"sq-AL\"},{\"@type\":\"Organization\",\"@id\":\"https:\\\/\\\/fjala.info\\\/2009-2015\\\/#organization\",\"name\":\"FjALA e LIR\u00cb - Arkivi\",\"url\":\"https:\\\/\\\/fjala.info\\\/2009-2015\\\/\",\"logo\":{\"@type\":\"ImageObject\",\"inLanguage\":\"sq-AL\",\"@id\":\"https:\\\/\\\/fjala.info\\\/2009-2015\\\/#\\\/schema\\\/logo\\\/image\\\/\",\"url\":\"\",\"contentUrl\":\"\",\"caption\":\"FjALA e LIR\u00cb - Arkivi\"},\"image\":{\"@id\":\"https:\\\/\\\/fjala.info\\\/2009-2015\\\/#\\\/schema\\\/logo\\\/image\\\/\"}},{\"@type\":\"Person\",\"@id\":\"https:\\\/\\\/fjala.info\\\/2009-2015\\\/#\\\/schema\\\/person\\\/3aa1163ef05469c496fc94e77611ada2\",\"name\":\"admin\",\"image\":{\"@type\":\"ImageObject\",\"inLanguage\":\"sq-AL\",\"@id\":\"https:\\\/\\\/fjala.info\\\/2009-2015\\\/wp-content\\\/uploads\\\/2012\\\/02\\\/arben_cokaj-120x150.jpg\",\"url\":\"https:\\\/\\\/fjala.info\\\/2009-2015\\\/wp-content\\\/uploads\\\/2012\\\/02\\\/arben_cokaj-120x150.jpg\",\"contentUrl\":\"https:\\\/\\\/fjala.info\\\/2009-2015\\\/wp-content\\\/uploads\\\/2012\\\/02\\\/arben_cokaj-120x150.jpg\",\"caption\":\"admin\"},\"description\":\"Admin, Fjala e Lir\u00eb\",\"sameAs\":[\"https:\\\/\\\/fjala.info\\\/\"],\"url\":\"https:\\\/\\\/fjala.info\\\/2009-2015\\\/author\\\/admin\\\/\"}]}<\/script>\n<!-- \/ Yoast SEO plugin. -->","yoast_head_json":{"title":"Ardian Klosi: Nuk e kam frik\u00eb vdekjen; thjesht do doja t\u00eb mos ish e dhunshme - FjALA e LIR\u00cb - Arkivi","robots":{"index":"index","follow":"follow","max-snippet":"max-snippet:-1","max-image-preview":"max-image-preview:large","max-video-preview":"max-video-preview:-1"},"canonical":"https:\/\/fjala.info\/2009-2015\/ardian-klosi-nuk-e-kam-frike-vdekjen-thjesht-do-doja-te-mos-ish-e-dhunshme\/","og_locale":"sq_AL","og_type":"article","og_title":"Ardian Klosi: Nuk e kam frik\u00eb vdekjen; thjesht do doja t\u00eb mos ish e dhunshme - FjALA e LIR\u00cb - Arkivi","og_description":"INTERVIST\u00cb ME ARDIAN KLOSIN (4 SHTATOR 2011), nga Mustafa Nano U futa qysh n\u00eb m\u00ebngjes n\u00eb arkivat e respublica-s p\u00ebr t\u00eb gjetur e ve\u00e7uar di\u00e7ka nga Ardian Klosi (d\u00ebrgonte her\u00eb pas here gj\u00ebra p\u00ebr t\u2019u publikuar n\u00eb respublica). Do ju ftoja ta rilexonit k\u00ebt\u00eb intervist\u00eb. M. Nano 1-Zoti ekziston, mund t\u00eb ekzistoj\u00eb, duhet t\u00eb ekzistoj\u00eb [&hellip;]","og_url":"https:\/\/fjala.info\/2009-2015\/ardian-klosi-nuk-e-kam-frike-vdekjen-thjesht-do-doja-te-mos-ish-e-dhunshme\/","og_site_name":"FjALA e LIR\u00cb - Arkivi","article_published_time":"2012-04-27T16:11:35+00:00","og_image":[{"url":"http:\/\/www.shkoder.net\/2012\/ardian_klosi.jpg","type":"","width":"","height":""}],"author":"admin","twitter_card":"summary_large_image","twitter_misc":{"Written by":"admin","Est. reading time":"8 minutes"},"schema":{"@context":"https:\/\/schema.org","@graph":[{"@type":"Article","@id":"https:\/\/fjala.info\/2009-2015\/ardian-klosi-nuk-e-kam-frike-vdekjen-thjesht-do-doja-te-mos-ish-e-dhunshme\/#article","isPartOf":{"@id":"https:\/\/fjala.info\/2009-2015\/ardian-klosi-nuk-e-kam-frike-vdekjen-thjesht-do-doja-te-mos-ish-e-dhunshme\/"},"author":{"name":"admin","@id":"https:\/\/fjala.info\/2009-2015\/#\/schema\/person\/3aa1163ef05469c496fc94e77611ada2"},"headline":"Ardian Klosi: Nuk e kam frik\u00eb vdekjen; thjesht do doja t\u00eb mos ish e dhunshme","datePublished":"2012-04-27T16:11:35+00:00","mainEntityOfPage":{"@id":"https:\/\/fjala.info\/2009-2015\/ardian-klosi-nuk-e-kam-frike-vdekjen-thjesht-do-doja-te-mos-ish-e-dhunshme\/"},"wordCount":1608,"commentCount":0,"publisher":{"@id":"https:\/\/fjala.info\/2009-2015\/#organization"},"image":{"@id":"https:\/\/fjala.info\/2009-2015\/ardian-klosi-nuk-e-kam-frike-vdekjen-thjesht-do-doja-te-mos-ish-e-dhunshme\/#primaryimage"},"thumbnailUrl":"http:\/\/www.shkoder.net\/2012\/ardian_klosi.jpg","articleSection":["Artikuj"],"inLanguage":"sq-AL","potentialAction":[{"@type":"CommentAction","name":"Comment","target":["https:\/\/fjala.info\/2009-2015\/ardian-klosi-nuk-e-kam-frike-vdekjen-thjesht-do-doja-te-mos-ish-e-dhunshme\/#respond"]}]},{"@type":"WebPage","@id":"https:\/\/fjala.info\/2009-2015\/ardian-klosi-nuk-e-kam-frike-vdekjen-thjesht-do-doja-te-mos-ish-e-dhunshme\/","url":"https:\/\/fjala.info\/2009-2015\/ardian-klosi-nuk-e-kam-frike-vdekjen-thjesht-do-doja-te-mos-ish-e-dhunshme\/","name":"Ardian Klosi: Nuk e kam frik\u00eb vdekjen; thjesht do doja t\u00eb mos ish e dhunshme - FjALA e LIR\u00cb - Arkivi","isPartOf":{"@id":"https:\/\/fjala.info\/2009-2015\/#website"},"primaryImageOfPage":{"@id":"https:\/\/fjala.info\/2009-2015\/ardian-klosi-nuk-e-kam-frike-vdekjen-thjesht-do-doja-te-mos-ish-e-dhunshme\/#primaryimage"},"image":{"@id":"https:\/\/fjala.info\/2009-2015\/ardian-klosi-nuk-e-kam-frike-vdekjen-thjesht-do-doja-te-mos-ish-e-dhunshme\/#primaryimage"},"thumbnailUrl":"http:\/\/www.shkoder.net\/2012\/ardian_klosi.jpg","datePublished":"2012-04-27T16:11:35+00:00","breadcrumb":{"@id":"https:\/\/fjala.info\/2009-2015\/ardian-klosi-nuk-e-kam-frike-vdekjen-thjesht-do-doja-te-mos-ish-e-dhunshme\/#breadcrumb"},"inLanguage":"sq-AL","potentialAction":[{"@type":"ReadAction","target":["https:\/\/fjala.info\/2009-2015\/ardian-klosi-nuk-e-kam-frike-vdekjen-thjesht-do-doja-te-mos-ish-e-dhunshme\/"]}]},{"@type":"ImageObject","inLanguage":"sq-AL","@id":"https:\/\/fjala.info\/2009-2015\/ardian-klosi-nuk-e-kam-frike-vdekjen-thjesht-do-doja-te-mos-ish-e-dhunshme\/#primaryimage","url":"http:\/\/www.shkoder.net\/2012\/ardian_klosi.jpg","contentUrl":"http:\/\/www.shkoder.net\/2012\/ardian_klosi.jpg"},{"@type":"BreadcrumbList","@id":"https:\/\/fjala.info\/2009-2015\/ardian-klosi-nuk-e-kam-frike-vdekjen-thjesht-do-doja-te-mos-ish-e-dhunshme\/#breadcrumb","itemListElement":[{"@type":"ListItem","position":1,"name":"Home","item":"https:\/\/fjala.info\/2009-2015\/"},{"@type":"ListItem","position":2,"name":"Ardian Klosi: Nuk e kam frik\u00eb vdekjen; thjesht do doja t\u00eb mos ish e dhunshme"}]},{"@type":"WebSite","@id":"https:\/\/fjala.info\/2009-2015\/#website","url":"https:\/\/fjala.info\/2009-2015\/","name":"FjALA e LIR\u00cb - Arkivi","description":"Arkivi 2009-2015","publisher":{"@id":"https:\/\/fjala.info\/2009-2015\/#organization"},"potentialAction":[{"@type":"SearchAction","target":{"@type":"EntryPoint","urlTemplate":"https:\/\/fjala.info\/2009-2015\/?s={search_term_string}"},"query-input":{"@type":"PropertyValueSpecification","valueRequired":true,"valueName":"search_term_string"}}],"inLanguage":"sq-AL"},{"@type":"Organization","@id":"https:\/\/fjala.info\/2009-2015\/#organization","name":"FjALA e LIR\u00cb - Arkivi","url":"https:\/\/fjala.info\/2009-2015\/","logo":{"@type":"ImageObject","inLanguage":"sq-AL","@id":"https:\/\/fjala.info\/2009-2015\/#\/schema\/logo\/image\/","url":"","contentUrl":"","caption":"FjALA e LIR\u00cb - Arkivi"},"image":{"@id":"https:\/\/fjala.info\/2009-2015\/#\/schema\/logo\/image\/"}},{"@type":"Person","@id":"https:\/\/fjala.info\/2009-2015\/#\/schema\/person\/3aa1163ef05469c496fc94e77611ada2","name":"admin","image":{"@type":"ImageObject","inLanguage":"sq-AL","@id":"https:\/\/fjala.info\/2009-2015\/wp-content\/uploads\/2012\/02\/arben_cokaj-120x150.jpg","url":"https:\/\/fjala.info\/2009-2015\/wp-content\/uploads\/2012\/02\/arben_cokaj-120x150.jpg","contentUrl":"https:\/\/fjala.info\/2009-2015\/wp-content\/uploads\/2012\/02\/arben_cokaj-120x150.jpg","caption":"admin"},"description":"Admin, Fjala e Lir\u00eb","sameAs":["https:\/\/fjala.info\/"],"url":"https:\/\/fjala.info\/2009-2015\/author\/admin\/"}]}},"_links":{"self":[{"href":"https:\/\/fjala.info\/2009-2015\/wp-json\/wp\/v2\/posts\/2663","targetHints":{"allow":["GET"]}}],"collection":[{"href":"https:\/\/fjala.info\/2009-2015\/wp-json\/wp\/v2\/posts"}],"about":[{"href":"https:\/\/fjala.info\/2009-2015\/wp-json\/wp\/v2\/types\/post"}],"author":[{"embeddable":true,"href":"https:\/\/fjala.info\/2009-2015\/wp-json\/wp\/v2\/users\/1"}],"replies":[{"embeddable":true,"href":"https:\/\/fjala.info\/2009-2015\/wp-json\/wp\/v2\/comments?post=2663"}],"version-history":[{"count":0,"href":"https:\/\/fjala.info\/2009-2015\/wp-json\/wp\/v2\/posts\/2663\/revisions"}],"wp:attachment":[{"href":"https:\/\/fjala.info\/2009-2015\/wp-json\/wp\/v2\/media?parent=2663"}],"wp:term":[{"taxonomy":"category","embeddable":true,"href":"https:\/\/fjala.info\/2009-2015\/wp-json\/wp\/v2\/categories?post=2663"},{"taxonomy":"post_tag","embeddable":true,"href":"https:\/\/fjala.info\/2009-2015\/wp-json\/wp\/v2\/tags?post=2663"}],"curies":[{"name":"wp","href":"https:\/\/api.w.org\/{rel}","templated":true}]}}