{"id":2661,"date":"2010-05-15T01:18:17","date_gmt":"2010-05-15T00:18:17","guid":{"rendered":"http:\/\/fjala.shkoder.net\/?p=2661"},"modified":"2010-05-15T01:18:17","modified_gmt":"2010-05-15T00:18:17","slug":"2661","status":"publish","type":"post","link":"https:\/\/fjala.info\/2009-2015\/2661\/","title":{"rendered":"DO P\u00cbRDORET POLICIA KUND\u00cbR OPOZIT\u00cbS?"},"content":{"rendered":"<p><img decoding=\"async\" style=\"margin-left: 10px; margin-right: 10px; border: 0px;\" src=\"http:\/\/www.shkoder.net\/images\/fjala\/mustafa_nano.jpg\" border=\"0\" alt=\"Mustafa Nano\" width=\"100\" align=\"left\" \/><\/p>\n<p><strong>Mustafa Nano<\/strong><\/p>\n<p><em>Zululand<\/em><br \/>\nBerisha do b\u00ebnte nj\u00eb gabim fatal, n\u00ebse protestuesve t\u00eb opozit\u00ebs do t\u2019u nxirrte p\u00ebrball\u00eb njer\u00ebzit me uniform\u00eb blu. Ai po b\u00ebn ca tentativa t\u00eb ndrojtura (k\u00ebto t\u00eb dit\u00ebve t\u00eb fundit, n\u00eb fakt, nuk kan\u00eb qen\u00eb dhe aq t\u00eb ndrojtura) p\u00ebr ta mobilizuar policin\u00eb e republik\u00ebs, por duket se h\u00eb p\u00ebr h\u00eb synon t\u00eb mas\u00eb pulsin e t\u00eb tjer\u00ebve (t\u00eb opozit\u00ebs, t\u00eb opinionit publik, t\u00eb nd\u00ebrkomb\u00ebtar\u00ebve etj., etj.), e jo t\u00eb realizoj\u00eb praktikisht nj\u00eb konfrontim t\u00eb till\u00eb.<\/p>\n<p>Por nuk \u00ebsht\u00eb \u00e7udi, megjithat\u00eb, q\u00eb n\u00eb t\u00eb ardhmen ta humbas\u00eb logjik\u00ebn n\u00eb at\u00eb mas\u00eb, sa t\u00eb urdh\u00ebroj\u00eb polic\u00ebt t\u00eb ushtrojn\u00eb dhun\u00eb mbi protestuesit. Pas shum\u00eb jav\u00ebsh, n\u00eb harkun e t\u00eb cilave kish ruajtur nj\u00eb lloj qet\u00ebsie n\u00eb komunikimin publik, e pam\u00eb m\u00eb n\u00eb fund t\u00eb dilte e t\u00eb fliste me zhargonin e vet. \u201cBllokqen\u00ebt\u201d, ishte gjetja e tij m\u00eb e re n\u00eb sht\u00ebrzimin folklorik e linguistik p\u00ebr t\u00eb z\u00ebvend\u00ebsuar em\u00ebrtimin \u201cbllokmen\u00ebt\u201d, me t\u00eb cilin ai dallon socialist\u00ebt. E lezetshme, apo jo? Bllokmen\u00ebt nuk jetonin dot ato koh\u00eb pa pasur rrotull lloj-lloj bllokqen\u00ebsh. Ec e merre vesh, se kush ka qen\u00eb bllokqen!<\/p>\n<p>Kjo do t\u00eb thot\u00eb se \u00ebsht\u00eb duke e humbur toruan. E n\u00eb k\u00ebto rrethana, edhe mund ta marr\u00eb vendimin p\u00ebr ta zgjidhur k\u00ebt\u00eb kriz\u00eb n\u00ebp\u00ebrmjet policis\u00eb. Duhet t\u00eb ket\u00eb plot rruga\u00e7\u00eb, q\u00eb sillen rrotull pushtetit, t\u00eb cil\u00ebt mund t\u2019ia k\u00ebshillojn\u00eb k\u00ebt\u00eb zgjidhje. Ca syresh jan\u00eb d\u00ebgjuar t\u00eb thon\u00eb: \u201cJa, shihni \u00e7\u2019po b\u00ebhet n\u00eb Greqi! Aty policia po vepron ashp\u00ebrsisht. Edhe n\u00eb vende t\u00eb tjera shteti nuk toleron bllokime rrug\u00ebsh e veprime t\u00eb tjera, q\u00eb pezullojn\u00eb jet\u00ebn nacionale\u201d.<\/p>\n<p>Nuk e din\u00eb, apo b\u00ebjn\u00eb sikur nuk e din\u00eb, q\u00eb nuk ka asnj\u00eb lidhje midis trazirave n\u00eb Greqi, apo gjetk\u00eb, dhe kriz\u00ebs n\u00eb Shqip\u00ebri? Kjo e fundit \u00ebsht\u00eb nj\u00eb kriz\u00eb politike. Me fjal\u00eb t\u00eb tjera, n\u00eb Shqip\u00ebri \u00ebsht\u00eb ngritur n\u00eb k\u00ebmb\u00eb opozita. Policia mund t\u00eb p\u00ebrdoret ndaj demonstruesve, t\u00eb cil\u00ebt p\u00ebrfaq\u00ebsojn\u00eb interesa lokale apo t\u00eb limituara, e t\u00eb cil\u00ebt vihen dhunsh\u00ebm n\u00eb mbrojtje t\u00eb k\u00ebtyre interesave, por policia nuk mund e nuk duhet t\u00eb p\u00ebrdoret kund\u00ebr opozit\u00ebs. N\u00eb demokraci kjo e fundit \u00ebsht\u00eb m\u00eb e r\u00ebnd\u00ebsishme se sa \u00e7do institucion tjet\u00ebr. \u00cbsht\u00eb m\u00eb e r\u00ebnd\u00ebsishme edhe se sa vet\u00eb policia, madje, edhe se sa vet\u00eb rendi kushtetues. N\u00eb momentin q\u00eb Policia e Shtetit p\u00ebrdoret kund\u00ebr opozit\u00ebs, at\u00ebher\u00eb policia nuk \u00ebsht\u00eb m\u00eb e shtetit dhe shteti nuk \u00ebsht\u00eb m\u00eb i opozit\u00ebs.<\/p>\n<p>N\u00eb asnj\u00eb vend normal demokratik policia nuk p\u00ebrdoret kund\u00ebr opozit\u00ebs. Kur opozita del n\u00eb rrug\u00eb, qeveris\u00eb nuk i mbetet shum\u00eb p\u00ebr t\u00eb b\u00ebr\u00eb: \u00ebsht\u00eb e detyruar t\u00eb ulet e t\u00eb bisedoj\u00eb me opozit\u00ebn, pavar\u00ebsisht nga \u201cqiqrat n\u00eb hell\u201d q\u00eb k\u00ebrkon kjo e fundit. Madje, p\u00ebrshkall\u00ebzimi e radikalizimi i protest\u00ebs s\u00eb opozit\u00ebs n\u00eb demokraci b\u00ebn dramatikisht m\u00eb t\u00eb nevojsh\u00ebm, jo mobilizimin shtet\u00ebror kund\u00ebr opozit\u00ebs (kjo ndodh n\u00eb republikat e bananeve), por bash reflektimin e pushtetit lidhur me k\u00ebrkesat e opozit\u00ebs.<\/p>\n","protected":false},"excerpt":{"rendered":"<p>Mustafa Nano Zululand Berisha do b\u00ebnte nj\u00eb gabim fatal, n\u00ebse protestuesve t\u00eb opozit\u00ebs do t\u2019u nxirrte p\u00ebrball\u00eb njer\u00ebzit me uniform\u00eb blu. Ai po b\u00ebn ca tentativa t\u00eb ndrojtura (k\u00ebto t\u00eb dit\u00ebve t\u00eb fundit, n\u00eb fakt, nuk kan\u00eb qen\u00eb dhe aq t\u00eb ndrojtura) p\u00ebr ta mobilizuar policin\u00eb e republik\u00ebs, por duket se h\u00eb p\u00ebr h\u00eb synon [&hellip;]<\/p>\n","protected":false},"author":1,"featured_media":0,"comment_status":"open","ping_status":"closed","sticky":false,"template":"","format":"standard","meta":{"footnotes":""},"categories":[2],"tags":[],"class_list":{"0":"post-2661","1":"post","2":"type-post","3":"status-publish","4":"format-standard","6":"category-artikuj"},"yoast_head":"<!-- This site is optimized with the Yoast SEO plugin v27.4 - https:\/\/yoast.com\/product\/yoast-seo-wordpress\/ -->\n<title>DO P\u00cbRDORET POLICIA KUND\u00cbR OPOZIT\u00cbS? - FjALA e LIR\u00cb - Arkivi<\/title>\n<meta name=\"robots\" content=\"index, follow, max-snippet:-1, max-image-preview:large, max-video-preview:-1\" \/>\n<link rel=\"canonical\" href=\"https:\/\/fjala.info\/2009-2015\/2661\/\" \/>\n<meta property=\"og:locale\" content=\"sq_AL\" \/>\n<meta property=\"og:type\" content=\"article\" \/>\n<meta property=\"og:title\" content=\"DO P\u00cbRDORET POLICIA KUND\u00cbR OPOZIT\u00cbS? - FjALA e LIR\u00cb - Arkivi\" \/>\n<meta property=\"og:description\" content=\"Mustafa Nano Zululand Berisha do b\u00ebnte nj\u00eb gabim fatal, n\u00ebse protestuesve t\u00eb opozit\u00ebs do t\u2019u nxirrte p\u00ebrball\u00eb njer\u00ebzit me uniform\u00eb blu. Ai po b\u00ebn ca tentativa t\u00eb ndrojtura (k\u00ebto t\u00eb dit\u00ebve t\u00eb fundit, n\u00eb fakt, nuk kan\u00eb qen\u00eb dhe aq t\u00eb ndrojtura) p\u00ebr ta mobilizuar policin\u00eb e republik\u00ebs, por duket se h\u00eb p\u00ebr h\u00eb synon [&hellip;]\" \/>\n<meta property=\"og:url\" content=\"https:\/\/fjala.info\/2009-2015\/2661\/\" \/>\n<meta property=\"og:site_name\" content=\"FjALA e LIR\u00cb - Arkivi\" \/>\n<meta property=\"article:published_time\" content=\"2010-05-15T00:18:17+00:00\" \/>\n<meta property=\"og:image\" content=\"http:\/\/www.shkoder.net\/images\/fjala\/mustafa_nano.jpg\" \/>\n<meta name=\"author\" content=\"admin\" \/>\n<meta name=\"twitter:card\" content=\"summary_large_image\" \/>\n<meta name=\"twitter:label1\" content=\"Written by\" \/>\n\t<meta name=\"twitter:data1\" content=\"admin\" \/>\n\t<meta name=\"twitter:label2\" content=\"Est. reading time\" \/>\n\t<meta name=\"twitter:data2\" content=\"3 minutes\" \/>\n<script type=\"application\/ld+json\" class=\"yoast-schema-graph\">{\"@context\":\"https:\\\/\\\/schema.org\",\"@graph\":[{\"@type\":\"Article\",\"@id\":\"https:\\\/\\\/fjala.info\\\/2009-2015\\\/2661\\\/#article\",\"isPartOf\":{\"@id\":\"https:\\\/\\\/fjala.info\\\/2009-2015\\\/2661\\\/\"},\"author\":{\"name\":\"admin\",\"@id\":\"https:\\\/\\\/fjala.info\\\/2009-2015\\\/#\\\/schema\\\/person\\\/3aa1163ef05469c496fc94e77611ada2\"},\"headline\":\"DO P\u00cbRDORET POLICIA KUND\u00cbR OPOZIT\u00cbS?\",\"datePublished\":\"2010-05-15T00:18:17+00:00\",\"mainEntityOfPage\":{\"@id\":\"https:\\\/\\\/fjala.info\\\/2009-2015\\\/2661\\\/\"},\"wordCount\":565,\"commentCount\":0,\"publisher\":{\"@id\":\"https:\\\/\\\/fjala.info\\\/2009-2015\\\/#organization\"},\"image\":{\"@id\":\"https:\\\/\\\/fjala.info\\\/2009-2015\\\/2661\\\/#primaryimage\"},\"thumbnailUrl\":\"http:\\\/\\\/www.shkoder.net\\\/images\\\/fjala\\\/mustafa_nano.jpg\",\"articleSection\":[\"Artikuj\"],\"inLanguage\":\"sq-AL\",\"potentialAction\":[{\"@type\":\"CommentAction\",\"name\":\"Comment\",\"target\":[\"https:\\\/\\\/fjala.info\\\/2009-2015\\\/2661\\\/#respond\"]}]},{\"@type\":\"WebPage\",\"@id\":\"https:\\\/\\\/fjala.info\\\/2009-2015\\\/2661\\\/\",\"url\":\"https:\\\/\\\/fjala.info\\\/2009-2015\\\/2661\\\/\",\"name\":\"DO P\u00cbRDORET POLICIA KUND\u00cbR OPOZIT\u00cbS? - FjALA e LIR\u00cb - Arkivi\",\"isPartOf\":{\"@id\":\"https:\\\/\\\/fjala.info\\\/2009-2015\\\/#website\"},\"primaryImageOfPage\":{\"@id\":\"https:\\\/\\\/fjala.info\\\/2009-2015\\\/2661\\\/#primaryimage\"},\"image\":{\"@id\":\"https:\\\/\\\/fjala.info\\\/2009-2015\\\/2661\\\/#primaryimage\"},\"thumbnailUrl\":\"http:\\\/\\\/www.shkoder.net\\\/images\\\/fjala\\\/mustafa_nano.jpg\",\"datePublished\":\"2010-05-15T00:18:17+00:00\",\"breadcrumb\":{\"@id\":\"https:\\\/\\\/fjala.info\\\/2009-2015\\\/2661\\\/#breadcrumb\"},\"inLanguage\":\"sq-AL\",\"potentialAction\":[{\"@type\":\"ReadAction\",\"target\":[\"https:\\\/\\\/fjala.info\\\/2009-2015\\\/2661\\\/\"]}]},{\"@type\":\"ImageObject\",\"inLanguage\":\"sq-AL\",\"@id\":\"https:\\\/\\\/fjala.info\\\/2009-2015\\\/2661\\\/#primaryimage\",\"url\":\"http:\\\/\\\/www.shkoder.net\\\/images\\\/fjala\\\/mustafa_nano.jpg\",\"contentUrl\":\"http:\\\/\\\/www.shkoder.net\\\/images\\\/fjala\\\/mustafa_nano.jpg\"},{\"@type\":\"BreadcrumbList\",\"@id\":\"https:\\\/\\\/fjala.info\\\/2009-2015\\\/2661\\\/#breadcrumb\",\"itemListElement\":[{\"@type\":\"ListItem\",\"position\":1,\"name\":\"Home\",\"item\":\"https:\\\/\\\/fjala.info\\\/2009-2015\\\/\"},{\"@type\":\"ListItem\",\"position\":2,\"name\":\"DO P\u00cbRDORET POLICIA KUND\u00cbR OPOZIT\u00cbS?\"}]},{\"@type\":\"WebSite\",\"@id\":\"https:\\\/\\\/fjala.info\\\/2009-2015\\\/#website\",\"url\":\"https:\\\/\\\/fjala.info\\\/2009-2015\\\/\",\"name\":\"FjALA e LIR\u00cb - Arkivi\",\"description\":\"Arkivi 2009-2015\",\"publisher\":{\"@id\":\"https:\\\/\\\/fjala.info\\\/2009-2015\\\/#organization\"},\"potentialAction\":[{\"@type\":\"SearchAction\",\"target\":{\"@type\":\"EntryPoint\",\"urlTemplate\":\"https:\\\/\\\/fjala.info\\\/2009-2015\\\/?s={search_term_string}\"},\"query-input\":{\"@type\":\"PropertyValueSpecification\",\"valueRequired\":true,\"valueName\":\"search_term_string\"}}],\"inLanguage\":\"sq-AL\"},{\"@type\":\"Organization\",\"@id\":\"https:\\\/\\\/fjala.info\\\/2009-2015\\\/#organization\",\"name\":\"FjALA e LIR\u00cb - Arkivi\",\"url\":\"https:\\\/\\\/fjala.info\\\/2009-2015\\\/\",\"logo\":{\"@type\":\"ImageObject\",\"inLanguage\":\"sq-AL\",\"@id\":\"https:\\\/\\\/fjala.info\\\/2009-2015\\\/#\\\/schema\\\/logo\\\/image\\\/\",\"url\":\"\",\"contentUrl\":\"\",\"caption\":\"FjALA e LIR\u00cb - Arkivi\"},\"image\":{\"@id\":\"https:\\\/\\\/fjala.info\\\/2009-2015\\\/#\\\/schema\\\/logo\\\/image\\\/\"}},{\"@type\":\"Person\",\"@id\":\"https:\\\/\\\/fjala.info\\\/2009-2015\\\/#\\\/schema\\\/person\\\/3aa1163ef05469c496fc94e77611ada2\",\"name\":\"admin\",\"image\":{\"@type\":\"ImageObject\",\"inLanguage\":\"sq-AL\",\"@id\":\"https:\\\/\\\/fjala.info\\\/2009-2015\\\/wp-content\\\/uploads\\\/2012\\\/02\\\/arben_cokaj-120x150.jpg\",\"url\":\"https:\\\/\\\/fjala.info\\\/2009-2015\\\/wp-content\\\/uploads\\\/2012\\\/02\\\/arben_cokaj-120x150.jpg\",\"contentUrl\":\"https:\\\/\\\/fjala.info\\\/2009-2015\\\/wp-content\\\/uploads\\\/2012\\\/02\\\/arben_cokaj-120x150.jpg\",\"caption\":\"admin\"},\"description\":\"Admin, Fjala e Lir\u00eb\",\"sameAs\":[\"https:\\\/\\\/fjala.info\\\/\"],\"url\":\"https:\\\/\\\/fjala.info\\\/2009-2015\\\/author\\\/admin\\\/\"}]}<\/script>\n<!-- \/ Yoast SEO plugin. -->","yoast_head_json":{"title":"DO P\u00cbRDORET POLICIA KUND\u00cbR OPOZIT\u00cbS? - FjALA e LIR\u00cb - Arkivi","robots":{"index":"index","follow":"follow","max-snippet":"max-snippet:-1","max-image-preview":"max-image-preview:large","max-video-preview":"max-video-preview:-1"},"canonical":"https:\/\/fjala.info\/2009-2015\/2661\/","og_locale":"sq_AL","og_type":"article","og_title":"DO P\u00cbRDORET POLICIA KUND\u00cbR OPOZIT\u00cbS? - FjALA e LIR\u00cb - Arkivi","og_description":"Mustafa Nano Zululand Berisha do b\u00ebnte nj\u00eb gabim fatal, n\u00ebse protestuesve t\u00eb opozit\u00ebs do t\u2019u nxirrte p\u00ebrball\u00eb njer\u00ebzit me uniform\u00eb blu. Ai po b\u00ebn ca tentativa t\u00eb ndrojtura (k\u00ebto t\u00eb dit\u00ebve t\u00eb fundit, n\u00eb fakt, nuk kan\u00eb qen\u00eb dhe aq t\u00eb ndrojtura) p\u00ebr ta mobilizuar policin\u00eb e republik\u00ebs, por duket se h\u00eb p\u00ebr h\u00eb synon [&hellip;]","og_url":"https:\/\/fjala.info\/2009-2015\/2661\/","og_site_name":"FjALA e LIR\u00cb - Arkivi","article_published_time":"2010-05-15T00:18:17+00:00","og_image":[{"url":"http:\/\/www.shkoder.net\/images\/fjala\/mustafa_nano.jpg","type":"","width":"","height":""}],"author":"admin","twitter_card":"summary_large_image","twitter_misc":{"Written by":"admin","Est. reading time":"3 minutes"},"schema":{"@context":"https:\/\/schema.org","@graph":[{"@type":"Article","@id":"https:\/\/fjala.info\/2009-2015\/2661\/#article","isPartOf":{"@id":"https:\/\/fjala.info\/2009-2015\/2661\/"},"author":{"name":"admin","@id":"https:\/\/fjala.info\/2009-2015\/#\/schema\/person\/3aa1163ef05469c496fc94e77611ada2"},"headline":"DO P\u00cbRDORET POLICIA KUND\u00cbR OPOZIT\u00cbS?","datePublished":"2010-05-15T00:18:17+00:00","mainEntityOfPage":{"@id":"https:\/\/fjala.info\/2009-2015\/2661\/"},"wordCount":565,"commentCount":0,"publisher":{"@id":"https:\/\/fjala.info\/2009-2015\/#organization"},"image":{"@id":"https:\/\/fjala.info\/2009-2015\/2661\/#primaryimage"},"thumbnailUrl":"http:\/\/www.shkoder.net\/images\/fjala\/mustafa_nano.jpg","articleSection":["Artikuj"],"inLanguage":"sq-AL","potentialAction":[{"@type":"CommentAction","name":"Comment","target":["https:\/\/fjala.info\/2009-2015\/2661\/#respond"]}]},{"@type":"WebPage","@id":"https:\/\/fjala.info\/2009-2015\/2661\/","url":"https:\/\/fjala.info\/2009-2015\/2661\/","name":"DO P\u00cbRDORET POLICIA KUND\u00cbR OPOZIT\u00cbS? - FjALA e LIR\u00cb - Arkivi","isPartOf":{"@id":"https:\/\/fjala.info\/2009-2015\/#website"},"primaryImageOfPage":{"@id":"https:\/\/fjala.info\/2009-2015\/2661\/#primaryimage"},"image":{"@id":"https:\/\/fjala.info\/2009-2015\/2661\/#primaryimage"},"thumbnailUrl":"http:\/\/www.shkoder.net\/images\/fjala\/mustafa_nano.jpg","datePublished":"2010-05-15T00:18:17+00:00","breadcrumb":{"@id":"https:\/\/fjala.info\/2009-2015\/2661\/#breadcrumb"},"inLanguage":"sq-AL","potentialAction":[{"@type":"ReadAction","target":["https:\/\/fjala.info\/2009-2015\/2661\/"]}]},{"@type":"ImageObject","inLanguage":"sq-AL","@id":"https:\/\/fjala.info\/2009-2015\/2661\/#primaryimage","url":"http:\/\/www.shkoder.net\/images\/fjala\/mustafa_nano.jpg","contentUrl":"http:\/\/www.shkoder.net\/images\/fjala\/mustafa_nano.jpg"},{"@type":"BreadcrumbList","@id":"https:\/\/fjala.info\/2009-2015\/2661\/#breadcrumb","itemListElement":[{"@type":"ListItem","position":1,"name":"Home","item":"https:\/\/fjala.info\/2009-2015\/"},{"@type":"ListItem","position":2,"name":"DO P\u00cbRDORET POLICIA KUND\u00cbR OPOZIT\u00cbS?"}]},{"@type":"WebSite","@id":"https:\/\/fjala.info\/2009-2015\/#website","url":"https:\/\/fjala.info\/2009-2015\/","name":"FjALA e LIR\u00cb - Arkivi","description":"Arkivi 2009-2015","publisher":{"@id":"https:\/\/fjala.info\/2009-2015\/#organization"},"potentialAction":[{"@type":"SearchAction","target":{"@type":"EntryPoint","urlTemplate":"https:\/\/fjala.info\/2009-2015\/?s={search_term_string}"},"query-input":{"@type":"PropertyValueSpecification","valueRequired":true,"valueName":"search_term_string"}}],"inLanguage":"sq-AL"},{"@type":"Organization","@id":"https:\/\/fjala.info\/2009-2015\/#organization","name":"FjALA e LIR\u00cb - Arkivi","url":"https:\/\/fjala.info\/2009-2015\/","logo":{"@type":"ImageObject","inLanguage":"sq-AL","@id":"https:\/\/fjala.info\/2009-2015\/#\/schema\/logo\/image\/","url":"","contentUrl":"","caption":"FjALA e LIR\u00cb - Arkivi"},"image":{"@id":"https:\/\/fjala.info\/2009-2015\/#\/schema\/logo\/image\/"}},{"@type":"Person","@id":"https:\/\/fjala.info\/2009-2015\/#\/schema\/person\/3aa1163ef05469c496fc94e77611ada2","name":"admin","image":{"@type":"ImageObject","inLanguage":"sq-AL","@id":"https:\/\/fjala.info\/2009-2015\/wp-content\/uploads\/2012\/02\/arben_cokaj-120x150.jpg","url":"https:\/\/fjala.info\/2009-2015\/wp-content\/uploads\/2012\/02\/arben_cokaj-120x150.jpg","contentUrl":"https:\/\/fjala.info\/2009-2015\/wp-content\/uploads\/2012\/02\/arben_cokaj-120x150.jpg","caption":"admin"},"description":"Admin, Fjala e Lir\u00eb","sameAs":["https:\/\/fjala.info\/"],"url":"https:\/\/fjala.info\/2009-2015\/author\/admin\/"}]}},"_links":{"self":[{"href":"https:\/\/fjala.info\/2009-2015\/wp-json\/wp\/v2\/posts\/2661","targetHints":{"allow":["GET"]}}],"collection":[{"href":"https:\/\/fjala.info\/2009-2015\/wp-json\/wp\/v2\/posts"}],"about":[{"href":"https:\/\/fjala.info\/2009-2015\/wp-json\/wp\/v2\/types\/post"}],"author":[{"embeddable":true,"href":"https:\/\/fjala.info\/2009-2015\/wp-json\/wp\/v2\/users\/1"}],"replies":[{"embeddable":true,"href":"https:\/\/fjala.info\/2009-2015\/wp-json\/wp\/v2\/comments?post=2661"}],"version-history":[{"count":0,"href":"https:\/\/fjala.info\/2009-2015\/wp-json\/wp\/v2\/posts\/2661\/revisions"}],"wp:attachment":[{"href":"https:\/\/fjala.info\/2009-2015\/wp-json\/wp\/v2\/media?parent=2661"}],"wp:term":[{"taxonomy":"category","embeddable":true,"href":"https:\/\/fjala.info\/2009-2015\/wp-json\/wp\/v2\/categories?post=2661"},{"taxonomy":"post_tag","embeddable":true,"href":"https:\/\/fjala.info\/2009-2015\/wp-json\/wp\/v2\/tags?post=2661"}],"curies":[{"name":"wp","href":"https:\/\/api.w.org\/{rel}","templated":true}]}}