{"id":2655,"date":"2010-05-15T01:13:56","date_gmt":"2010-05-15T00:13:56","guid":{"rendered":"http:\/\/fjala.shkoder.net\/?p=2655"},"modified":"2010-05-15T01:13:56","modified_gmt":"2010-05-15T00:13:56","slug":"ne-shesh-per-te-themeluar-institucionin-e-protestes-qytetare","status":"publish","type":"post","link":"https:\/\/fjala.info\/2009-2015\/ne-shesh-per-te-themeluar-institucionin-e-protestes-qytetare\/","title":{"rendered":"N\u00eb shesh p\u00ebr t\u00eb themeluar institucionin e protest\u00ebs qytetare"},"content":{"rendered":"<p><img decoding=\"async\" style=\"margin-left: 10px; margin-right: 10px; border: 0px;\" src=\"http:\/\/www.shkoder.net\/images\/fjala\/mero_baze1.jpg\" border=\"0\" alt=\"Mero Baze\" width=\"100\" align=\"right\" \/><\/p>\n<p>Nga <strong>Mero Baze<\/strong>, &#8220;<em>Faktori Plus<\/em>&#8221;<\/p>\n<p>Ministri i Brendsh\u00ebm Lulzim Basha po p\u00ebrpiqet t\u00eb provokoj protestuesit n\u00eb Bulevardin D\u00ebshmor\u00ebt e Kombit, duke shtuar n\u00eb m\u00ebnyr\u00eb ekstreme prezenc\u00ebn e policis\u00eb para zyrave t\u00eb kryeministris\u00eb dhe duke u shfaqur n\u00eb tarrac\u00ebn e kryeministris\u00eb duke udh\u00ebzuar policin\u00eb p\u00ebr t\u00eb siguruar objektin. Gjesti i tij vjen n\u00eb nj\u00eb koh\u00eb kur kryeministri ka b\u00ebr\u00eb kujdes t\u00eb largohet drejt Kroacis\u00eb, nd\u00ebrsa zoti Basha t\u00eb ket\u00eb larguar drejt Holand\u00ebs familjen e tij.<\/p>\n<p>Shfaqja e zotit Basha \u00ebsht\u00eb s\u00eb pari nj\u00eb mesazh i gabuar politik p\u00ebr policin\u00eb. Ministri yn\u00eb i brendsh\u00ebm nuk \u00ebsht\u00eb specialist policie, dhe me ligjin e policis\u00eb, komand\u00ebn profesionale p\u00ebr t\u00eb vepruar policia e ka drejtori i p\u00ebrgjithsh\u00ebm i policis\u00eb. Kryeministria duhet siguruar dhe duhet ruajtur, dhe njeriu q\u00eb duhet ta b\u00ebj k\u00ebt\u00eb \u00ebsht\u00eb Drejtori I p\u00ebrgjithsh\u00ebm i policis\u00eb dhe komandanti i Gard\u00ebs. Lulzim Basha edhe sikur t\u00eb kishte mbaruar shkoll\u00ebn p\u00ebr polic, p\u00ebr shkak t\u00eb postit politik q\u00eb ka nuk e ka t\u00eb lejuar t\u00eb komandoj politikisht policin\u00eb.<\/p>\n<p>Po t\u00eb llogarisim dhe faktin q\u00eb \u00ebsht\u00eb injorant sa i p\u00ebrket an\u00ebs profesionale t\u00eb drejtimit t\u00eb policis\u00eb, dhe nj\u00eb minist\u00ebr i d\u00ebshtuar q\u00eb i ka ikur nga duart kontrolli mbi rendin n\u00eb vend, shfaqja e tij teatrale n\u00eb maj\u00eb t\u00eb tarrac\u00ebs, \u00ebsht\u00eb thjesht\u00eb nj\u00eb mesazh i gabuar politik p\u00ebr policin\u00eb, pasi \u00e7do veprim i saj n\u00eb momentet q\u00eb vijn\u00eb, do t\u00eb konsiderohet si udh\u00ebzim politik i ministrit t\u00eb saj. Shfaqja e zotit Basha \u00ebsht\u00eb nga ana tjet\u00ebr dhe nj\u00eb gjest qesharak i qeveris\u00eb. Zoti Basha ka qen\u00eb emigrant n\u00eb vitin 1998, kur ajo godin\u00eb \u00ebsht\u00eb sulmuar, por po t\u00eb pyes zotin Berisha q\u00eb ka organizuar sulmin, nuk do ta b\u00ebnte at\u00eb gjest qesharak, pasi n\u00ebse protestuesit duan t\u00eb hyjn\u00eb n\u00eb kryeministri, duhen thjesht 5 minuta q\u00eb ata polic\u00eb bashk\u00eb me Lulzim Bash\u00ebn, t\u00eb mos ekzistojn\u00eb m\u00eb.<\/p>\n<p>N\u00eb nj\u00eb shtet demokratik, siguria komb\u00ebtare dhe siguria e institucioneve garantohet nga ekuilibrat demokratik dhe respekti p\u00ebr ligjin dhe jo nga skemat policeske t\u00eb kujtdoqoft\u00eb n\u00eb krye t\u00eb pushtetit, e jo m\u00eb figura qesharake si Lulzim basha. T\u00eb jap\u00ebsh mesazh se institucionet i mbron forca policore politike e ministrit t\u00eb brendsh\u00ebm, \u00ebsht\u00eb si t\u00eb hedh\u00ebsh benzin\u00eb zjarrit. Fal\u00eb zotit q\u00eb shum\u00eb njer\u00ebz njohin teatralitetin e ministrit Basha dhe ruajn\u00eb qet\u00ebsin\u00eb, pasi po ta kishte b\u00ebr\u00eb k\u00ebt\u00eb gjest nj\u00eb minist\u00ebr q\u00eb merret seriozisht tani mund t\u00eb ishte n\u00eb Lan\u00eb.<\/p>\n<p>Dhe s\u00eb fundmi \u00ebsht\u00eb banale q\u00eb sot kur qindra mij\u00ebra njer\u00ebz mblidhen p\u00ebr t\u00eb protestuar p\u00ebr transparenc\u00ebn e zgjedhjeve dhe krizat e tjera t\u00eb demokracis\u00eb n\u00eb vend, pushteti t\u00eb b\u00ebj\u00eb si i fort. N\u00ebse forca \u00ebsht\u00eb alternativa q\u00eb mund t\u00eb zgjidh k\u00ebt\u00eb kriz\u00eb, Sali Berisha mund t\u00eb mos kthehet m\u00eb nga Kroacia dhe Lulzm Basha mund t\u00eb mos ket\u00eb koh\u00eb t\u00eb ik deri n\u00eb Holand\u00eb n\u00eb azilin e dyt\u00eb politik. Problemi \u00ebsht\u00eb se ata qytetar\u00eb q\u00eb jan\u00eb n\u00eb shesh, po themelojn\u00eb institucionin e protest\u00ebs qytetare n\u00eb k\u00ebt\u00eb vend, dhe \u00e7do p\u00ebrpjekje p\u00ebr ta fyer k\u00ebt\u00eb protest\u00eb me uniforma polic\u00ebsh, apo gjeste t\u00eb fort\u00ebsh, \u00ebsht\u00eb nj\u00eb sinjal i degradimit t\u00eb pushtetit.<\/p>\n","protected":false},"excerpt":{"rendered":"<p>Nga Mero Baze, &#8220;Faktori Plus&#8221; Ministri i Brendsh\u00ebm Lulzim Basha po p\u00ebrpiqet t\u00eb provokoj protestuesit n\u00eb Bulevardin D\u00ebshmor\u00ebt e Kombit, duke shtuar n\u00eb m\u00ebnyr\u00eb ekstreme prezenc\u00ebn e policis\u00eb para zyrave t\u00eb kryeministris\u00eb dhe duke u shfaqur n\u00eb tarrac\u00ebn e kryeministris\u00eb duke udh\u00ebzuar policin\u00eb p\u00ebr t\u00eb siguruar objektin. Gjesti i tij vjen n\u00eb nj\u00eb koh\u00eb kur [&hellip;]<\/p>\n","protected":false},"author":1,"featured_media":0,"comment_status":"open","ping_status":"closed","sticky":false,"template":"","format":"standard","meta":{"footnotes":""},"categories":[2],"tags":[],"class_list":{"0":"post-2655","1":"post","2":"type-post","3":"status-publish","4":"format-standard","6":"category-artikuj"},"yoast_head":"<!-- This site is optimized with the Yoast SEO plugin v27.4 - https:\/\/yoast.com\/product\/yoast-seo-wordpress\/ -->\n<title>N\u00eb shesh p\u00ebr t\u00eb themeluar institucionin e protest\u00ebs qytetare - FjALA e LIR\u00cb - Arkivi<\/title>\n<meta name=\"robots\" content=\"index, follow, max-snippet:-1, max-image-preview:large, max-video-preview:-1\" \/>\n<link rel=\"canonical\" href=\"https:\/\/fjala.info\/2009-2015\/ne-shesh-per-te-themeluar-institucionin-e-protestes-qytetare\/\" \/>\n<meta property=\"og:locale\" content=\"sq_AL\" \/>\n<meta property=\"og:type\" content=\"article\" \/>\n<meta property=\"og:title\" content=\"N\u00eb shesh p\u00ebr t\u00eb themeluar institucionin e protest\u00ebs qytetare - FjALA e LIR\u00cb - Arkivi\" \/>\n<meta property=\"og:description\" content=\"Nga Mero Baze, &#8220;Faktori Plus&#8221; Ministri i Brendsh\u00ebm Lulzim Basha po p\u00ebrpiqet t\u00eb provokoj protestuesit n\u00eb Bulevardin D\u00ebshmor\u00ebt e Kombit, duke shtuar n\u00eb m\u00ebnyr\u00eb ekstreme prezenc\u00ebn e policis\u00eb para zyrave t\u00eb kryeministris\u00eb dhe duke u shfaqur n\u00eb tarrac\u00ebn e kryeministris\u00eb duke udh\u00ebzuar policin\u00eb p\u00ebr t\u00eb siguruar objektin. Gjesti i tij vjen n\u00eb nj\u00eb koh\u00eb kur [&hellip;]\" \/>\n<meta property=\"og:url\" content=\"https:\/\/fjala.info\/2009-2015\/ne-shesh-per-te-themeluar-institucionin-e-protestes-qytetare\/\" \/>\n<meta property=\"og:site_name\" content=\"FjALA e LIR\u00cb - Arkivi\" \/>\n<meta property=\"article:published_time\" content=\"2010-05-15T00:13:56+00:00\" \/>\n<meta property=\"og:image\" content=\"http:\/\/www.shkoder.net\/images\/fjala\/mero_baze1.jpg\" \/>\n<meta name=\"author\" content=\"admin\" \/>\n<meta name=\"twitter:card\" content=\"summary_large_image\" \/>\n<meta name=\"twitter:label1\" content=\"Written by\" \/>\n\t<meta name=\"twitter:data1\" content=\"admin\" \/>\n\t<meta name=\"twitter:label2\" content=\"Est. reading time\" \/>\n\t<meta name=\"twitter:data2\" content=\"3 minutes\" \/>\n<script type=\"application\/ld+json\" class=\"yoast-schema-graph\">{\"@context\":\"https:\\\/\\\/schema.org\",\"@graph\":[{\"@type\":\"Article\",\"@id\":\"https:\\\/\\\/fjala.info\\\/2009-2015\\\/ne-shesh-per-te-themeluar-institucionin-e-protestes-qytetare\\\/#article\",\"isPartOf\":{\"@id\":\"https:\\\/\\\/fjala.info\\\/2009-2015\\\/ne-shesh-per-te-themeluar-institucionin-e-protestes-qytetare\\\/\"},\"author\":{\"name\":\"admin\",\"@id\":\"https:\\\/\\\/fjala.info\\\/2009-2015\\\/#\\\/schema\\\/person\\\/3aa1163ef05469c496fc94e77611ada2\"},\"headline\":\"N\u00eb shesh p\u00ebr t\u00eb themeluar institucionin e protest\u00ebs qytetare\",\"datePublished\":\"2010-05-15T00:13:56+00:00\",\"mainEntityOfPage\":{\"@id\":\"https:\\\/\\\/fjala.info\\\/2009-2015\\\/ne-shesh-per-te-themeluar-institucionin-e-protestes-qytetare\\\/\"},\"wordCount\":568,\"commentCount\":0,\"publisher\":{\"@id\":\"https:\\\/\\\/fjala.info\\\/2009-2015\\\/#organization\"},\"image\":{\"@id\":\"https:\\\/\\\/fjala.info\\\/2009-2015\\\/ne-shesh-per-te-themeluar-institucionin-e-protestes-qytetare\\\/#primaryimage\"},\"thumbnailUrl\":\"http:\\\/\\\/www.shkoder.net\\\/images\\\/fjala\\\/mero_baze1.jpg\",\"articleSection\":[\"Artikuj\"],\"inLanguage\":\"sq-AL\",\"potentialAction\":[{\"@type\":\"CommentAction\",\"name\":\"Comment\",\"target\":[\"https:\\\/\\\/fjala.info\\\/2009-2015\\\/ne-shesh-per-te-themeluar-institucionin-e-protestes-qytetare\\\/#respond\"]}]},{\"@type\":\"WebPage\",\"@id\":\"https:\\\/\\\/fjala.info\\\/2009-2015\\\/ne-shesh-per-te-themeluar-institucionin-e-protestes-qytetare\\\/\",\"url\":\"https:\\\/\\\/fjala.info\\\/2009-2015\\\/ne-shesh-per-te-themeluar-institucionin-e-protestes-qytetare\\\/\",\"name\":\"N\u00eb shesh p\u00ebr t\u00eb themeluar institucionin e protest\u00ebs qytetare - FjALA e LIR\u00cb - Arkivi\",\"isPartOf\":{\"@id\":\"https:\\\/\\\/fjala.info\\\/2009-2015\\\/#website\"},\"primaryImageOfPage\":{\"@id\":\"https:\\\/\\\/fjala.info\\\/2009-2015\\\/ne-shesh-per-te-themeluar-institucionin-e-protestes-qytetare\\\/#primaryimage\"},\"image\":{\"@id\":\"https:\\\/\\\/fjala.info\\\/2009-2015\\\/ne-shesh-per-te-themeluar-institucionin-e-protestes-qytetare\\\/#primaryimage\"},\"thumbnailUrl\":\"http:\\\/\\\/www.shkoder.net\\\/images\\\/fjala\\\/mero_baze1.jpg\",\"datePublished\":\"2010-05-15T00:13:56+00:00\",\"breadcrumb\":{\"@id\":\"https:\\\/\\\/fjala.info\\\/2009-2015\\\/ne-shesh-per-te-themeluar-institucionin-e-protestes-qytetare\\\/#breadcrumb\"},\"inLanguage\":\"sq-AL\",\"potentialAction\":[{\"@type\":\"ReadAction\",\"target\":[\"https:\\\/\\\/fjala.info\\\/2009-2015\\\/ne-shesh-per-te-themeluar-institucionin-e-protestes-qytetare\\\/\"]}]},{\"@type\":\"ImageObject\",\"inLanguage\":\"sq-AL\",\"@id\":\"https:\\\/\\\/fjala.info\\\/2009-2015\\\/ne-shesh-per-te-themeluar-institucionin-e-protestes-qytetare\\\/#primaryimage\",\"url\":\"http:\\\/\\\/www.shkoder.net\\\/images\\\/fjala\\\/mero_baze1.jpg\",\"contentUrl\":\"http:\\\/\\\/www.shkoder.net\\\/images\\\/fjala\\\/mero_baze1.jpg\"},{\"@type\":\"BreadcrumbList\",\"@id\":\"https:\\\/\\\/fjala.info\\\/2009-2015\\\/ne-shesh-per-te-themeluar-institucionin-e-protestes-qytetare\\\/#breadcrumb\",\"itemListElement\":[{\"@type\":\"ListItem\",\"position\":1,\"name\":\"Home\",\"item\":\"https:\\\/\\\/fjala.info\\\/2009-2015\\\/\"},{\"@type\":\"ListItem\",\"position\":2,\"name\":\"N\u00eb shesh p\u00ebr t\u00eb themeluar institucionin e protest\u00ebs qytetare\"}]},{\"@type\":\"WebSite\",\"@id\":\"https:\\\/\\\/fjala.info\\\/2009-2015\\\/#website\",\"url\":\"https:\\\/\\\/fjala.info\\\/2009-2015\\\/\",\"name\":\"FjALA e LIR\u00cb - Arkivi\",\"description\":\"Arkivi 2009-2015\",\"publisher\":{\"@id\":\"https:\\\/\\\/fjala.info\\\/2009-2015\\\/#organization\"},\"potentialAction\":[{\"@type\":\"SearchAction\",\"target\":{\"@type\":\"EntryPoint\",\"urlTemplate\":\"https:\\\/\\\/fjala.info\\\/2009-2015\\\/?s={search_term_string}\"},\"query-input\":{\"@type\":\"PropertyValueSpecification\",\"valueRequired\":true,\"valueName\":\"search_term_string\"}}],\"inLanguage\":\"sq-AL\"},{\"@type\":\"Organization\",\"@id\":\"https:\\\/\\\/fjala.info\\\/2009-2015\\\/#organization\",\"name\":\"FjALA e LIR\u00cb - Arkivi\",\"url\":\"https:\\\/\\\/fjala.info\\\/2009-2015\\\/\",\"logo\":{\"@type\":\"ImageObject\",\"inLanguage\":\"sq-AL\",\"@id\":\"https:\\\/\\\/fjala.info\\\/2009-2015\\\/#\\\/schema\\\/logo\\\/image\\\/\",\"url\":\"\",\"contentUrl\":\"\",\"caption\":\"FjALA e LIR\u00cb - Arkivi\"},\"image\":{\"@id\":\"https:\\\/\\\/fjala.info\\\/2009-2015\\\/#\\\/schema\\\/logo\\\/image\\\/\"}},{\"@type\":\"Person\",\"@id\":\"https:\\\/\\\/fjala.info\\\/2009-2015\\\/#\\\/schema\\\/person\\\/3aa1163ef05469c496fc94e77611ada2\",\"name\":\"admin\",\"image\":{\"@type\":\"ImageObject\",\"inLanguage\":\"sq-AL\",\"@id\":\"https:\\\/\\\/fjala.info\\\/2009-2015\\\/wp-content\\\/uploads\\\/2012\\\/02\\\/arben_cokaj-120x150.jpg\",\"url\":\"https:\\\/\\\/fjala.info\\\/2009-2015\\\/wp-content\\\/uploads\\\/2012\\\/02\\\/arben_cokaj-120x150.jpg\",\"contentUrl\":\"https:\\\/\\\/fjala.info\\\/2009-2015\\\/wp-content\\\/uploads\\\/2012\\\/02\\\/arben_cokaj-120x150.jpg\",\"caption\":\"admin\"},\"description\":\"Admin, Fjala e Lir\u00eb\",\"sameAs\":[\"https:\\\/\\\/fjala.info\\\/\"],\"url\":\"https:\\\/\\\/fjala.info\\\/2009-2015\\\/author\\\/admin\\\/\"}]}<\/script>\n<!-- \/ Yoast SEO plugin. -->","yoast_head_json":{"title":"N\u00eb shesh p\u00ebr t\u00eb themeluar institucionin e protest\u00ebs qytetare - FjALA e LIR\u00cb - Arkivi","robots":{"index":"index","follow":"follow","max-snippet":"max-snippet:-1","max-image-preview":"max-image-preview:large","max-video-preview":"max-video-preview:-1"},"canonical":"https:\/\/fjala.info\/2009-2015\/ne-shesh-per-te-themeluar-institucionin-e-protestes-qytetare\/","og_locale":"sq_AL","og_type":"article","og_title":"N\u00eb shesh p\u00ebr t\u00eb themeluar institucionin e protest\u00ebs qytetare - FjALA e LIR\u00cb - Arkivi","og_description":"Nga Mero Baze, &#8220;Faktori Plus&#8221; Ministri i Brendsh\u00ebm Lulzim Basha po p\u00ebrpiqet t\u00eb provokoj protestuesit n\u00eb Bulevardin D\u00ebshmor\u00ebt e Kombit, duke shtuar n\u00eb m\u00ebnyr\u00eb ekstreme prezenc\u00ebn e policis\u00eb para zyrave t\u00eb kryeministris\u00eb dhe duke u shfaqur n\u00eb tarrac\u00ebn e kryeministris\u00eb duke udh\u00ebzuar policin\u00eb p\u00ebr t\u00eb siguruar objektin. Gjesti i tij vjen n\u00eb nj\u00eb koh\u00eb kur [&hellip;]","og_url":"https:\/\/fjala.info\/2009-2015\/ne-shesh-per-te-themeluar-institucionin-e-protestes-qytetare\/","og_site_name":"FjALA e LIR\u00cb - Arkivi","article_published_time":"2010-05-15T00:13:56+00:00","og_image":[{"url":"http:\/\/www.shkoder.net\/images\/fjala\/mero_baze1.jpg","type":"","width":"","height":""}],"author":"admin","twitter_card":"summary_large_image","twitter_misc":{"Written by":"admin","Est. reading time":"3 minutes"},"schema":{"@context":"https:\/\/schema.org","@graph":[{"@type":"Article","@id":"https:\/\/fjala.info\/2009-2015\/ne-shesh-per-te-themeluar-institucionin-e-protestes-qytetare\/#article","isPartOf":{"@id":"https:\/\/fjala.info\/2009-2015\/ne-shesh-per-te-themeluar-institucionin-e-protestes-qytetare\/"},"author":{"name":"admin","@id":"https:\/\/fjala.info\/2009-2015\/#\/schema\/person\/3aa1163ef05469c496fc94e77611ada2"},"headline":"N\u00eb shesh p\u00ebr t\u00eb themeluar institucionin e protest\u00ebs qytetare","datePublished":"2010-05-15T00:13:56+00:00","mainEntityOfPage":{"@id":"https:\/\/fjala.info\/2009-2015\/ne-shesh-per-te-themeluar-institucionin-e-protestes-qytetare\/"},"wordCount":568,"commentCount":0,"publisher":{"@id":"https:\/\/fjala.info\/2009-2015\/#organization"},"image":{"@id":"https:\/\/fjala.info\/2009-2015\/ne-shesh-per-te-themeluar-institucionin-e-protestes-qytetare\/#primaryimage"},"thumbnailUrl":"http:\/\/www.shkoder.net\/images\/fjala\/mero_baze1.jpg","articleSection":["Artikuj"],"inLanguage":"sq-AL","potentialAction":[{"@type":"CommentAction","name":"Comment","target":["https:\/\/fjala.info\/2009-2015\/ne-shesh-per-te-themeluar-institucionin-e-protestes-qytetare\/#respond"]}]},{"@type":"WebPage","@id":"https:\/\/fjala.info\/2009-2015\/ne-shesh-per-te-themeluar-institucionin-e-protestes-qytetare\/","url":"https:\/\/fjala.info\/2009-2015\/ne-shesh-per-te-themeluar-institucionin-e-protestes-qytetare\/","name":"N\u00eb shesh p\u00ebr t\u00eb themeluar institucionin e protest\u00ebs qytetare - FjALA e LIR\u00cb - Arkivi","isPartOf":{"@id":"https:\/\/fjala.info\/2009-2015\/#website"},"primaryImageOfPage":{"@id":"https:\/\/fjala.info\/2009-2015\/ne-shesh-per-te-themeluar-institucionin-e-protestes-qytetare\/#primaryimage"},"image":{"@id":"https:\/\/fjala.info\/2009-2015\/ne-shesh-per-te-themeluar-institucionin-e-protestes-qytetare\/#primaryimage"},"thumbnailUrl":"http:\/\/www.shkoder.net\/images\/fjala\/mero_baze1.jpg","datePublished":"2010-05-15T00:13:56+00:00","breadcrumb":{"@id":"https:\/\/fjala.info\/2009-2015\/ne-shesh-per-te-themeluar-institucionin-e-protestes-qytetare\/#breadcrumb"},"inLanguage":"sq-AL","potentialAction":[{"@type":"ReadAction","target":["https:\/\/fjala.info\/2009-2015\/ne-shesh-per-te-themeluar-institucionin-e-protestes-qytetare\/"]}]},{"@type":"ImageObject","inLanguage":"sq-AL","@id":"https:\/\/fjala.info\/2009-2015\/ne-shesh-per-te-themeluar-institucionin-e-protestes-qytetare\/#primaryimage","url":"http:\/\/www.shkoder.net\/images\/fjala\/mero_baze1.jpg","contentUrl":"http:\/\/www.shkoder.net\/images\/fjala\/mero_baze1.jpg"},{"@type":"BreadcrumbList","@id":"https:\/\/fjala.info\/2009-2015\/ne-shesh-per-te-themeluar-institucionin-e-protestes-qytetare\/#breadcrumb","itemListElement":[{"@type":"ListItem","position":1,"name":"Home","item":"https:\/\/fjala.info\/2009-2015\/"},{"@type":"ListItem","position":2,"name":"N\u00eb shesh p\u00ebr t\u00eb themeluar institucionin e protest\u00ebs qytetare"}]},{"@type":"WebSite","@id":"https:\/\/fjala.info\/2009-2015\/#website","url":"https:\/\/fjala.info\/2009-2015\/","name":"FjALA e LIR\u00cb - Arkivi","description":"Arkivi 2009-2015","publisher":{"@id":"https:\/\/fjala.info\/2009-2015\/#organization"},"potentialAction":[{"@type":"SearchAction","target":{"@type":"EntryPoint","urlTemplate":"https:\/\/fjala.info\/2009-2015\/?s={search_term_string}"},"query-input":{"@type":"PropertyValueSpecification","valueRequired":true,"valueName":"search_term_string"}}],"inLanguage":"sq-AL"},{"@type":"Organization","@id":"https:\/\/fjala.info\/2009-2015\/#organization","name":"FjALA e LIR\u00cb - Arkivi","url":"https:\/\/fjala.info\/2009-2015\/","logo":{"@type":"ImageObject","inLanguage":"sq-AL","@id":"https:\/\/fjala.info\/2009-2015\/#\/schema\/logo\/image\/","url":"","contentUrl":"","caption":"FjALA e LIR\u00cb - Arkivi"},"image":{"@id":"https:\/\/fjala.info\/2009-2015\/#\/schema\/logo\/image\/"}},{"@type":"Person","@id":"https:\/\/fjala.info\/2009-2015\/#\/schema\/person\/3aa1163ef05469c496fc94e77611ada2","name":"admin","image":{"@type":"ImageObject","inLanguage":"sq-AL","@id":"https:\/\/fjala.info\/2009-2015\/wp-content\/uploads\/2012\/02\/arben_cokaj-120x150.jpg","url":"https:\/\/fjala.info\/2009-2015\/wp-content\/uploads\/2012\/02\/arben_cokaj-120x150.jpg","contentUrl":"https:\/\/fjala.info\/2009-2015\/wp-content\/uploads\/2012\/02\/arben_cokaj-120x150.jpg","caption":"admin"},"description":"Admin, Fjala e Lir\u00eb","sameAs":["https:\/\/fjala.info\/"],"url":"https:\/\/fjala.info\/2009-2015\/author\/admin\/"}]}},"_links":{"self":[{"href":"https:\/\/fjala.info\/2009-2015\/wp-json\/wp\/v2\/posts\/2655","targetHints":{"allow":["GET"]}}],"collection":[{"href":"https:\/\/fjala.info\/2009-2015\/wp-json\/wp\/v2\/posts"}],"about":[{"href":"https:\/\/fjala.info\/2009-2015\/wp-json\/wp\/v2\/types\/post"}],"author":[{"embeddable":true,"href":"https:\/\/fjala.info\/2009-2015\/wp-json\/wp\/v2\/users\/1"}],"replies":[{"embeddable":true,"href":"https:\/\/fjala.info\/2009-2015\/wp-json\/wp\/v2\/comments?post=2655"}],"version-history":[{"count":0,"href":"https:\/\/fjala.info\/2009-2015\/wp-json\/wp\/v2\/posts\/2655\/revisions"}],"wp:attachment":[{"href":"https:\/\/fjala.info\/2009-2015\/wp-json\/wp\/v2\/media?parent=2655"}],"wp:term":[{"taxonomy":"category","embeddable":true,"href":"https:\/\/fjala.info\/2009-2015\/wp-json\/wp\/v2\/categories?post=2655"},{"taxonomy":"post_tag","embeddable":true,"href":"https:\/\/fjala.info\/2009-2015\/wp-json\/wp\/v2\/tags?post=2655"}],"curies":[{"name":"wp","href":"https:\/\/api.w.org\/{rel}","templated":true}]}}