{"id":2654,"date":"2012-04-25T23:00:27","date_gmt":"2012-04-25T22:00:27","guid":{"rendered":"http:\/\/fjala.shkoder.net\/?p=2654"},"modified":"2012-04-25T23:00:27","modified_gmt":"2012-04-25T22:00:27","slug":"mafia-shqiptare-ka-atdhe-dhe-shpelle-seline-e-qeverise-berisha","status":"publish","type":"post","link":"https:\/\/fjala.info\/2009-2015\/mafia-shqiptare-ka-atdhe-dhe-shpelle-seline-e-qeverise-berisha\/","title":{"rendered":"Mafia shqiptare, ka \u201catdhe\u201d dhe \u201cshpell\u00eb\u201d selin\u00eb e qeveris\u00eb \u201cBerisha\u201d"},"content":{"rendered":"<p><img decoding=\"async\" class=\"alignleft size-thumbnail wp-image-7236\" title=\"Berisha, lula\" src=\"http:\/\/www.shkoder.net\/2012\/berisha_lula.jpg\" alt=\"\" width=\"200\" \/> Nga <strong>Kledian Lula<\/strong>, <em>25 Prill 2012<\/em><\/p>\n<p>K\u00ebto dit\u00eb jan\u00eb publikuar tre skandal-krime, q\u00eb kan\u00eb lidhje t\u00eb plot\u00eb, t\u00eb qart\u00eb e t\u00eb vetme me kupol\u00ebn e pushtetit qeveris\u00ebs \u201cBerisha\u201d.<\/p>\n<p>1. Mediat publikuan skandal-afer\u00ebn e bllokimit t\u00eb linj\u00ebs s\u00eb transmetimit t\u00eb energjis\u00eb elektrike Shqip\u00ebri-Kosov\u00eb n\u00eb favor t\u00eb tregut t\u00eb energjis\u00eb s\u00eb mafias serbe, me autor kryesor kryeministrin Sali Berisha, t\u00eb birin e kryeministrit Shk\u00eblzen Berisha dhe ortakun e biznes-aferave t\u00eb familjes kryeministrore, serbo-boshnjakun Damir Fazllic.<\/p>\n<p>2. P\u00ebrs\u00ebri dje, ish-zv\/Drejtori i P\u00ebrgjithsh\u00ebm i ALUIZNI-t, Sokol Hasani, denoncoi publikisht n\u00eb media skandalin e abuzimeve me legalizimin e banesave, b\u00ebr\u00eb prej super-sh\u00ebrb\u00ebtorit t\u00eb familjes kryeministrore, ish-drejtorit t\u00eb P\u00ebrgjithsh\u00ebm t\u00eb ALUIZN-it Shaban Memia.<\/p>\n<p>3. Nj\u00eb tjet\u00ebr skandal u denoncua publikisht prej Drejtorit t\u00eb Policis\u00eb t\u00eb Qarkut Dib\u00ebr Shemsi Pren\u00e7i n\u00eb lidhje me mbrojtjen zyrtare t\u00eb mafies s\u00eb kromit n\u00eb Bulqiz\u00eb, ku akuzohej kryeministri Sali Berisha, Ministri i Brendsh\u00ebm Bujar Nishani, Drejtori i P\u00ebrgjithsh\u00ebm i Policis\u00eb s\u00eb Shtetit Hysni Burgaj dhe SHKB e Policis\u00eb s\u00eb Shtetit p\u00ebr lidhje me krimin e organizuar, p\u00ebr mbrojtje t\u00eb tij dhe goditje t\u00eb ashp\u00ebr ndaj strukturave policore, q\u00eb luftojn\u00eb k\u00ebt\u00eb krim.<\/p>\n<p>K\u00ebto tre skandale, ashtu si gjith\u00eb skandal-krimet e tjera, me t\u00eb cilat zhvaten e sigurohen miliona euro n\u00eb rrug\u00eb kriminale, kan\u00eb t\u00eb p\u00ebrbashk\u00ebt k\u00ebt\u00eb tre fakte absurde:<\/p>\n<p>1. Jan\u00eb denoncuar tek kryeministri Sali Berisha, por ky ka heshtur, nd\u00ebrsa aferat kan\u00eb vazhduar t\u00eb veprojn\u00eb lirsh\u00ebm.<\/p>\n<p>2. Jan\u00eb denoncuar tek Ministri i Brendsh\u00ebm Bujar Nishani dhe tek Drejtori i P\u00ebrgjithsh\u00ebm i Policis\u00eb s\u00eb Shtetit, Hysni Burgaj, p\u00ebr t\u2019i dh\u00ebn\u00eb mb\u00ebshtetje policis\u00eb dhe institucioneve vepruese anti-krim, p\u00ebr faktin se individ\u00ebt dhe strukturat e krimit kishin lidhje me kupol\u00ebn e pushtetit. Ministri i Brendsh\u00ebm Nishani dhe Drejtori i Policis\u00eb Burgaj, jo vet\u00ebm nuk i dhan\u00eb mb\u00ebshtetje policis\u00eb p\u00ebr t\u00eb luftuar krimin, por u b\u00ebn\u00eb pal\u00eb me krimin, duke k\u00ebrc\u00ebnuar e larguar nga policia e shtetit, drejtuesit e policis\u00eb q\u00eb kishin zbuluar krimin. Krahas k\u00ebtij q\u00ebndrimi, dyshja \u201cPRO-KRIM\u201d dhe \u201cPRO-MAFIE\u201d Nishani-Burgaj, aktivizojn\u00eb q\u00ebllimisht dhe Sh\u00ebrbimin e Kontrollit t\u00eb Brendsh\u00ebm t\u00eb Policis\u00eb s\u00eb Shtetit (SHKB) p\u00ebr t\u00eb b\u00ebr\u00eb presion e p\u00ebr t\u00eb nd\u00ebshkuar polic\u00ebt dhe drejtuesit policor\u00eb \u201cANTI-KRIM\u201d.<\/p>\n<p>3. Kryeministri Sali Berisha, si p\u00ebrher\u00eb, pas \u00e7do denoncimi nuk ka angazhuar strukturat ligj-vepruese p\u00ebr t\u00eb nd\u00ebshkuar krimin, por ka nxjerr\u00eb urdhra urgjent p\u00ebr largimin nga detyra dhe nga sh\u00ebrbimet, t\u00eb atyre drejtuesve q\u00eb zbulojn\u00eb, denoncojn\u00eb e nd\u00ebshkojn\u00eb krimet, madje gradon n\u00eb poste t\u00eb larta autor\u00ebt e krimeve, ose bashk\u00ebpunon n\u00eb afera m\u00eb strukturat e mafies.<\/p>\n<p>Mjafton kaq p\u00ebr t\u00eb kuptuar p\u00ebrfundimisht q\u00eb Shqip\u00ebrin\u00eb dhe shqiptar\u00ebt nuk i drejton nj\u00eb qeveri pune e integrimi europian, por nj\u00eb band\u00eb hajdut\u00ebsh me mandate e poste pushteti. Mjafton kaq, p\u00ebr t\u00eb kuptuar se mafia shqiptare ka \u201catdhe\u201d dhe se ky \u201catdhe\u201d, se kjo \u201cshpell\u00eb\u201d \u00ebsht\u00eb kupola e pushtetit, \u00ebsht\u00eb selia e qeveris\u00eb s\u00eb drejtuar nga \u201ckrye-shpellari\u201d Sali Berisha. Mjafton kaq p\u00ebr t\u00eb definuar bindjen totale e p\u00ebrfundimtare, se grup-banda q\u00eb harton dhe imponon ligjin n\u00eb favor t\u00eb mafies shqiptare e rajonale \u00ebsht\u00eb grupi parlamentar i \u201ckopes\u00eb\u201d s\u00eb PD-s\u00eb q\u00eb ka p\u00ebr \u201cbari\u201d super-hajdutin, super-kriminelin e anti-shqiptarin Sali Ram Berisha. Mjafton kaq, p\u00ebr t\u00eb kuptuar p\u00ebrfundimisht qart\u00eb, se k\u00ebt\u00eb band\u00eb hajdut\u00ebsh e mafioz\u00ebsh q\u00eb ka uzurpuar, q\u00eb po sundon dhe vepron n\u00ebn drejtimin e \u201ckrye-shpellarit\u201d Sali Berisha n\u00eb \u201cshpell\u00ebn\u201d e quajtur \u201cKryeministri\u201d e mbron kupola mafioze e policis\u00eb s\u00eb shtetit, duke i shoq\u00ebruar e mbrojtur krimet e saj me eskorta, duke eliminuar polic\u00eb e struktura policore q\u00eb duan ta luftojn\u00eb k\u00ebt\u00eb linj\u00eb krimesh t\u00eb band\u00ebs kriminale qeveritare!<\/p>\n<p>Kemi 7 vite q\u00eb d\u00ebgjojm\u00eb skandale e krime mafioze, q\u00eb kan\u00eb si autor\u00eb dhe mbrojt\u00ebs vet\u00ebm kryeministrin, kryetaren e kuvendit, ministra, deputet\u00eb, politikan\u00eb, familjar\u00eb t\u00eb tyre dhe sh\u00ebrb\u00ebtor\u00eb t\u00eb pushtetit. Askush nuk preket nga policia anti-krim, sepse policia \u00ebsht\u00eb mbuluese dhe mbrojt\u00ebse e krimeve t\u00eb tyre. Askush nuk d\u00ebnohet, sepse gjykatat jan\u00eb mbrojt\u00ebse t\u00eb krimeve t\u00eb tyre. Kemi 7 vjet, q\u00eb d\u00ebgjojm\u00eb kryeministrin q\u00eb na ligj\u00ebron leksione e demagogji, p\u00ebr gjoja \u201cluft\u00eb t\u00eb suksesshme\u201d kund\u00ebr krimit. Madje vendosi me buj\u00eb t\u00eb madhe dhe nj\u00eb num\u00ebr telefoni \u201canti-korrupsion\u201d, q\u00eb tashm\u00eb \u00ebsht\u00eb b\u00ebr\u00eb burim bejtesh e barcaletash deri n\u00eb dhomat e t\u00eb s\u00ebmur\u00ebve t\u00eb spitalit nr. 5. Madje \u00ebsht\u00eb tep\u00ebr e rrezikshme t\u00eb denoncosh n\u00eb k\u00ebt\u00eb num\u00ebr \u201canti-korrupsion\u201d, mbasi fill pas denoncimit, ose p\u00ebrfundon n\u00eb ndonj\u00eb aksident n\u00eb \u201cgjueti laraskash\u201d, ose n\u00ebn presion, dhun\u00eb fizike e k\u00ebrc\u00ebnim p\u00ebr jet\u00ebn detyrohesh t\u00eb \u201cdor\u00ebhiqesh\u201d, ose largohesh nga detyra, me urdh\u00ebr e porosi t\u00eb \u201cpronarit\u201d t\u00eb telefonit \u201canti-korrupsion\u201d.<\/p>\n<p>Ky \u00ebsht\u00eb pushteti aktual shqiptar. K\u00ebshtu komandon, kontrollon, funksionon dhe vepron kriminalisht kupol\u00eb-qeveria mafioze \u201cBerisha\u201d, ky pushtet i strukturuar n\u00eb banda. \u00c7do grup brenda pushtetit ka bandat e veta, si psh \u201cbanda e energjis\u00eb\u201d, \u201cbanda e koncesioneve t\u00eb hidrocentraleve\u201d, \u201cbanda e autostradave\u201d, \u201cbanda e zhavorrit t\u00eb lumenjve\u201d, \u201cbanda e naft\u00ebs virgin\u201d, \u201cbanda e librit shkollor\u201d, \u201cbanda e trojeve n\u00eb bregdetin e Vlor\u00ebs\u201d, \u201cbandat e kromit\u201d, \u201cbanda e G\u00ebrdecit\u201d, \u201cbanda e 21 janarit\u201d, \u201cbanda e votave t\u00eb 8 majit\u201d, \u201cbanda e legalizimeve\u201d, \u201cbanda e fshatrave turistik\u00eb n\u00eb bregdet\u201d, \u201cbanda e karrotrecave\u201d, \u201cbanda e interkonjeksionit\u201d etj, etj, etj banda pa fund. Dhe pavar\u00ebsisht k\u00ebtij realiteti t\u00eb zhytjes s\u00eb pushtetit n\u00eb krim e v\u00ebnies s\u00eb tij n\u00eb sh\u00ebrbim dhe n\u00ebn thundr\u00ebn e krimit, do t\u00eb d\u00ebgjoni kryeministrin Berisha, q\u00eb edhe n\u00eb SHBA do t\u00eb dal\u00eb n\u00eb podium dhe do t\u00eb recitoj fjalime demagogjike p\u00ebr \u201cfitore totale n\u00eb luft\u00ebn kund\u00ebr krimit\u201d!<\/p>\n","protected":false},"excerpt":{"rendered":"<p>Nga Kledian Lula, 25 Prill 2012 K\u00ebto dit\u00eb jan\u00eb publikuar tre skandal-krime, q\u00eb kan\u00eb lidhje t\u00eb plot\u00eb, t\u00eb qart\u00eb e t\u00eb vetme me kupol\u00ebn e pushtetit qeveris\u00ebs \u201cBerisha\u201d. 1. Mediat publikuan skandal-afer\u00ebn e bllokimit t\u00eb linj\u00ebs s\u00eb transmetimit t\u00eb energjis\u00eb elektrike Shqip\u00ebri-Kosov\u00eb n\u00eb favor t\u00eb tregut t\u00eb energjis\u00eb s\u00eb mafias serbe, me autor kryesor kryeministrin [&hellip;]<\/p>\n","protected":false},"author":1,"featured_media":0,"comment_status":"open","ping_status":"closed","sticky":false,"template":"","format":"standard","meta":{"footnotes":""},"categories":[2],"tags":[],"class_list":{"0":"post-2654","1":"post","2":"type-post","3":"status-publish","4":"format-standard","6":"category-artikuj"},"yoast_head":"<!-- This site is optimized with the Yoast SEO plugin v27.4 - https:\/\/yoast.com\/product\/yoast-seo-wordpress\/ -->\n<title>Mafia shqiptare, ka \u201catdhe\u201d dhe \u201cshpell\u00eb\u201d selin\u00eb e qeveris\u00eb \u201cBerisha\u201d - FjALA e LIR\u00cb - Arkivi<\/title>\n<meta name=\"robots\" content=\"index, follow, max-snippet:-1, max-image-preview:large, max-video-preview:-1\" \/>\n<link rel=\"canonical\" href=\"https:\/\/fjala.info\/2009-2015\/mafia-shqiptare-ka-atdhe-dhe-shpelle-seline-e-qeverise-berisha\/\" \/>\n<meta property=\"og:locale\" content=\"sq_AL\" \/>\n<meta property=\"og:type\" content=\"article\" \/>\n<meta property=\"og:title\" content=\"Mafia shqiptare, ka \u201catdhe\u201d dhe \u201cshpell\u00eb\u201d selin\u00eb e qeveris\u00eb \u201cBerisha\u201d - FjALA e LIR\u00cb - Arkivi\" \/>\n<meta property=\"og:description\" content=\"Nga Kledian Lula, 25 Prill 2012 K\u00ebto dit\u00eb jan\u00eb publikuar tre skandal-krime, q\u00eb kan\u00eb lidhje t\u00eb plot\u00eb, t\u00eb qart\u00eb e t\u00eb vetme me kupol\u00ebn e pushtetit qeveris\u00ebs \u201cBerisha\u201d. 1. Mediat publikuan skandal-afer\u00ebn e bllokimit t\u00eb linj\u00ebs s\u00eb transmetimit t\u00eb energjis\u00eb elektrike Shqip\u00ebri-Kosov\u00eb n\u00eb favor t\u00eb tregut t\u00eb energjis\u00eb s\u00eb mafias serbe, me autor kryesor kryeministrin [&hellip;]\" \/>\n<meta property=\"og:url\" content=\"https:\/\/fjala.info\/2009-2015\/mafia-shqiptare-ka-atdhe-dhe-shpelle-seline-e-qeverise-berisha\/\" \/>\n<meta property=\"og:site_name\" content=\"FjALA e LIR\u00cb - Arkivi\" \/>\n<meta property=\"article:published_time\" content=\"2012-04-25T22:00:27+00:00\" \/>\n<meta property=\"og:image\" content=\"http:\/\/www.shkoder.net\/2012\/berisha_lula.jpg\" \/>\n<meta name=\"author\" content=\"admin\" \/>\n<meta name=\"twitter:card\" content=\"summary_large_image\" \/>\n<meta name=\"twitter:label1\" content=\"Written by\" \/>\n\t<meta name=\"twitter:data1\" content=\"admin\" \/>\n\t<meta name=\"twitter:label2\" content=\"Est. reading time\" \/>\n\t<meta name=\"twitter:data2\" content=\"5 minutes\" \/>\n<script type=\"application\/ld+json\" class=\"yoast-schema-graph\">{\"@context\":\"https:\\\/\\\/schema.org\",\"@graph\":[{\"@type\":\"Article\",\"@id\":\"https:\\\/\\\/fjala.info\\\/2009-2015\\\/mafia-shqiptare-ka-atdhe-dhe-shpelle-seline-e-qeverise-berisha\\\/#article\",\"isPartOf\":{\"@id\":\"https:\\\/\\\/fjala.info\\\/2009-2015\\\/mafia-shqiptare-ka-atdhe-dhe-shpelle-seline-e-qeverise-berisha\\\/\"},\"author\":{\"name\":\"admin\",\"@id\":\"https:\\\/\\\/fjala.info\\\/2009-2015\\\/#\\\/schema\\\/person\\\/3aa1163ef05469c496fc94e77611ada2\"},\"headline\":\"Mafia shqiptare, ka \u201catdhe\u201d dhe \u201cshpell\u00eb\u201d selin\u00eb e qeveris\u00eb \u201cBerisha\u201d\",\"datePublished\":\"2012-04-25T22:00:27+00:00\",\"mainEntityOfPage\":{\"@id\":\"https:\\\/\\\/fjala.info\\\/2009-2015\\\/mafia-shqiptare-ka-atdhe-dhe-shpelle-seline-e-qeverise-berisha\\\/\"},\"wordCount\":992,\"commentCount\":1,\"publisher\":{\"@id\":\"https:\\\/\\\/fjala.info\\\/2009-2015\\\/#organization\"},\"image\":{\"@id\":\"https:\\\/\\\/fjala.info\\\/2009-2015\\\/mafia-shqiptare-ka-atdhe-dhe-shpelle-seline-e-qeverise-berisha\\\/#primaryimage\"},\"thumbnailUrl\":\"http:\\\/\\\/www.shkoder.net\\\/2012\\\/berisha_lula.jpg\",\"articleSection\":[\"Artikuj\"],\"inLanguage\":\"sq-AL\",\"potentialAction\":[{\"@type\":\"CommentAction\",\"name\":\"Comment\",\"target\":[\"https:\\\/\\\/fjala.info\\\/2009-2015\\\/mafia-shqiptare-ka-atdhe-dhe-shpelle-seline-e-qeverise-berisha\\\/#respond\"]}]},{\"@type\":\"WebPage\",\"@id\":\"https:\\\/\\\/fjala.info\\\/2009-2015\\\/mafia-shqiptare-ka-atdhe-dhe-shpelle-seline-e-qeverise-berisha\\\/\",\"url\":\"https:\\\/\\\/fjala.info\\\/2009-2015\\\/mafia-shqiptare-ka-atdhe-dhe-shpelle-seline-e-qeverise-berisha\\\/\",\"name\":\"Mafia shqiptare, ka \u201catdhe\u201d dhe \u201cshpell\u00eb\u201d selin\u00eb e qeveris\u00eb \u201cBerisha\u201d - FjALA e LIR\u00cb - Arkivi\",\"isPartOf\":{\"@id\":\"https:\\\/\\\/fjala.info\\\/2009-2015\\\/#website\"},\"primaryImageOfPage\":{\"@id\":\"https:\\\/\\\/fjala.info\\\/2009-2015\\\/mafia-shqiptare-ka-atdhe-dhe-shpelle-seline-e-qeverise-berisha\\\/#primaryimage\"},\"image\":{\"@id\":\"https:\\\/\\\/fjala.info\\\/2009-2015\\\/mafia-shqiptare-ka-atdhe-dhe-shpelle-seline-e-qeverise-berisha\\\/#primaryimage\"},\"thumbnailUrl\":\"http:\\\/\\\/www.shkoder.net\\\/2012\\\/berisha_lula.jpg\",\"datePublished\":\"2012-04-25T22:00:27+00:00\",\"breadcrumb\":{\"@id\":\"https:\\\/\\\/fjala.info\\\/2009-2015\\\/mafia-shqiptare-ka-atdhe-dhe-shpelle-seline-e-qeverise-berisha\\\/#breadcrumb\"},\"inLanguage\":\"sq-AL\",\"potentialAction\":[{\"@type\":\"ReadAction\",\"target\":[\"https:\\\/\\\/fjala.info\\\/2009-2015\\\/mafia-shqiptare-ka-atdhe-dhe-shpelle-seline-e-qeverise-berisha\\\/\"]}]},{\"@type\":\"ImageObject\",\"inLanguage\":\"sq-AL\",\"@id\":\"https:\\\/\\\/fjala.info\\\/2009-2015\\\/mafia-shqiptare-ka-atdhe-dhe-shpelle-seline-e-qeverise-berisha\\\/#primaryimage\",\"url\":\"http:\\\/\\\/www.shkoder.net\\\/2012\\\/berisha_lula.jpg\",\"contentUrl\":\"http:\\\/\\\/www.shkoder.net\\\/2012\\\/berisha_lula.jpg\"},{\"@type\":\"BreadcrumbList\",\"@id\":\"https:\\\/\\\/fjala.info\\\/2009-2015\\\/mafia-shqiptare-ka-atdhe-dhe-shpelle-seline-e-qeverise-berisha\\\/#breadcrumb\",\"itemListElement\":[{\"@type\":\"ListItem\",\"position\":1,\"name\":\"Home\",\"item\":\"https:\\\/\\\/fjala.info\\\/2009-2015\\\/\"},{\"@type\":\"ListItem\",\"position\":2,\"name\":\"Mafia shqiptare, ka \u201catdhe\u201d dhe \u201cshpell\u00eb\u201d selin\u00eb e qeveris\u00eb \u201cBerisha\u201d\"}]},{\"@type\":\"WebSite\",\"@id\":\"https:\\\/\\\/fjala.info\\\/2009-2015\\\/#website\",\"url\":\"https:\\\/\\\/fjala.info\\\/2009-2015\\\/\",\"name\":\"FjALA e LIR\u00cb - Arkivi\",\"description\":\"Arkivi 2009-2015\",\"publisher\":{\"@id\":\"https:\\\/\\\/fjala.info\\\/2009-2015\\\/#organization\"},\"potentialAction\":[{\"@type\":\"SearchAction\",\"target\":{\"@type\":\"EntryPoint\",\"urlTemplate\":\"https:\\\/\\\/fjala.info\\\/2009-2015\\\/?s={search_term_string}\"},\"query-input\":{\"@type\":\"PropertyValueSpecification\",\"valueRequired\":true,\"valueName\":\"search_term_string\"}}],\"inLanguage\":\"sq-AL\"},{\"@type\":\"Organization\",\"@id\":\"https:\\\/\\\/fjala.info\\\/2009-2015\\\/#organization\",\"name\":\"FjALA e LIR\u00cb - Arkivi\",\"url\":\"https:\\\/\\\/fjala.info\\\/2009-2015\\\/\",\"logo\":{\"@type\":\"ImageObject\",\"inLanguage\":\"sq-AL\",\"@id\":\"https:\\\/\\\/fjala.info\\\/2009-2015\\\/#\\\/schema\\\/logo\\\/image\\\/\",\"url\":\"\",\"contentUrl\":\"\",\"caption\":\"FjALA e LIR\u00cb - Arkivi\"},\"image\":{\"@id\":\"https:\\\/\\\/fjala.info\\\/2009-2015\\\/#\\\/schema\\\/logo\\\/image\\\/\"}},{\"@type\":\"Person\",\"@id\":\"https:\\\/\\\/fjala.info\\\/2009-2015\\\/#\\\/schema\\\/person\\\/3aa1163ef05469c496fc94e77611ada2\",\"name\":\"admin\",\"image\":{\"@type\":\"ImageObject\",\"inLanguage\":\"sq-AL\",\"@id\":\"https:\\\/\\\/fjala.info\\\/2009-2015\\\/wp-content\\\/uploads\\\/2012\\\/02\\\/arben_cokaj-120x150.jpg\",\"url\":\"https:\\\/\\\/fjala.info\\\/2009-2015\\\/wp-content\\\/uploads\\\/2012\\\/02\\\/arben_cokaj-120x150.jpg\",\"contentUrl\":\"https:\\\/\\\/fjala.info\\\/2009-2015\\\/wp-content\\\/uploads\\\/2012\\\/02\\\/arben_cokaj-120x150.jpg\",\"caption\":\"admin\"},\"description\":\"Admin, Fjala e Lir\u00eb\",\"sameAs\":[\"https:\\\/\\\/fjala.info\\\/\"],\"url\":\"https:\\\/\\\/fjala.info\\\/2009-2015\\\/author\\\/admin\\\/\"}]}<\/script>\n<!-- \/ Yoast SEO plugin. -->","yoast_head_json":{"title":"Mafia shqiptare, ka \u201catdhe\u201d dhe \u201cshpell\u00eb\u201d selin\u00eb e qeveris\u00eb \u201cBerisha\u201d - FjALA e LIR\u00cb - Arkivi","robots":{"index":"index","follow":"follow","max-snippet":"max-snippet:-1","max-image-preview":"max-image-preview:large","max-video-preview":"max-video-preview:-1"},"canonical":"https:\/\/fjala.info\/2009-2015\/mafia-shqiptare-ka-atdhe-dhe-shpelle-seline-e-qeverise-berisha\/","og_locale":"sq_AL","og_type":"article","og_title":"Mafia shqiptare, ka \u201catdhe\u201d dhe \u201cshpell\u00eb\u201d selin\u00eb e qeveris\u00eb \u201cBerisha\u201d - FjALA e LIR\u00cb - Arkivi","og_description":"Nga Kledian Lula, 25 Prill 2012 K\u00ebto dit\u00eb jan\u00eb publikuar tre skandal-krime, q\u00eb kan\u00eb lidhje t\u00eb plot\u00eb, t\u00eb qart\u00eb e t\u00eb vetme me kupol\u00ebn e pushtetit qeveris\u00ebs \u201cBerisha\u201d. 1. Mediat publikuan skandal-afer\u00ebn e bllokimit t\u00eb linj\u00ebs s\u00eb transmetimit t\u00eb energjis\u00eb elektrike Shqip\u00ebri-Kosov\u00eb n\u00eb favor t\u00eb tregut t\u00eb energjis\u00eb s\u00eb mafias serbe, me autor kryesor kryeministrin [&hellip;]","og_url":"https:\/\/fjala.info\/2009-2015\/mafia-shqiptare-ka-atdhe-dhe-shpelle-seline-e-qeverise-berisha\/","og_site_name":"FjALA e LIR\u00cb - Arkivi","article_published_time":"2012-04-25T22:00:27+00:00","og_image":[{"url":"http:\/\/www.shkoder.net\/2012\/berisha_lula.jpg","type":"","width":"","height":""}],"author":"admin","twitter_card":"summary_large_image","twitter_misc":{"Written by":"admin","Est. reading time":"5 minutes"},"schema":{"@context":"https:\/\/schema.org","@graph":[{"@type":"Article","@id":"https:\/\/fjala.info\/2009-2015\/mafia-shqiptare-ka-atdhe-dhe-shpelle-seline-e-qeverise-berisha\/#article","isPartOf":{"@id":"https:\/\/fjala.info\/2009-2015\/mafia-shqiptare-ka-atdhe-dhe-shpelle-seline-e-qeverise-berisha\/"},"author":{"name":"admin","@id":"https:\/\/fjala.info\/2009-2015\/#\/schema\/person\/3aa1163ef05469c496fc94e77611ada2"},"headline":"Mafia shqiptare, ka \u201catdhe\u201d dhe \u201cshpell\u00eb\u201d selin\u00eb e qeveris\u00eb \u201cBerisha\u201d","datePublished":"2012-04-25T22:00:27+00:00","mainEntityOfPage":{"@id":"https:\/\/fjala.info\/2009-2015\/mafia-shqiptare-ka-atdhe-dhe-shpelle-seline-e-qeverise-berisha\/"},"wordCount":992,"commentCount":1,"publisher":{"@id":"https:\/\/fjala.info\/2009-2015\/#organization"},"image":{"@id":"https:\/\/fjala.info\/2009-2015\/mafia-shqiptare-ka-atdhe-dhe-shpelle-seline-e-qeverise-berisha\/#primaryimage"},"thumbnailUrl":"http:\/\/www.shkoder.net\/2012\/berisha_lula.jpg","articleSection":["Artikuj"],"inLanguage":"sq-AL","potentialAction":[{"@type":"CommentAction","name":"Comment","target":["https:\/\/fjala.info\/2009-2015\/mafia-shqiptare-ka-atdhe-dhe-shpelle-seline-e-qeverise-berisha\/#respond"]}]},{"@type":"WebPage","@id":"https:\/\/fjala.info\/2009-2015\/mafia-shqiptare-ka-atdhe-dhe-shpelle-seline-e-qeverise-berisha\/","url":"https:\/\/fjala.info\/2009-2015\/mafia-shqiptare-ka-atdhe-dhe-shpelle-seline-e-qeverise-berisha\/","name":"Mafia shqiptare, ka \u201catdhe\u201d dhe \u201cshpell\u00eb\u201d selin\u00eb e qeveris\u00eb \u201cBerisha\u201d - FjALA e LIR\u00cb - Arkivi","isPartOf":{"@id":"https:\/\/fjala.info\/2009-2015\/#website"},"primaryImageOfPage":{"@id":"https:\/\/fjala.info\/2009-2015\/mafia-shqiptare-ka-atdhe-dhe-shpelle-seline-e-qeverise-berisha\/#primaryimage"},"image":{"@id":"https:\/\/fjala.info\/2009-2015\/mafia-shqiptare-ka-atdhe-dhe-shpelle-seline-e-qeverise-berisha\/#primaryimage"},"thumbnailUrl":"http:\/\/www.shkoder.net\/2012\/berisha_lula.jpg","datePublished":"2012-04-25T22:00:27+00:00","breadcrumb":{"@id":"https:\/\/fjala.info\/2009-2015\/mafia-shqiptare-ka-atdhe-dhe-shpelle-seline-e-qeverise-berisha\/#breadcrumb"},"inLanguage":"sq-AL","potentialAction":[{"@type":"ReadAction","target":["https:\/\/fjala.info\/2009-2015\/mafia-shqiptare-ka-atdhe-dhe-shpelle-seline-e-qeverise-berisha\/"]}]},{"@type":"ImageObject","inLanguage":"sq-AL","@id":"https:\/\/fjala.info\/2009-2015\/mafia-shqiptare-ka-atdhe-dhe-shpelle-seline-e-qeverise-berisha\/#primaryimage","url":"http:\/\/www.shkoder.net\/2012\/berisha_lula.jpg","contentUrl":"http:\/\/www.shkoder.net\/2012\/berisha_lula.jpg"},{"@type":"BreadcrumbList","@id":"https:\/\/fjala.info\/2009-2015\/mafia-shqiptare-ka-atdhe-dhe-shpelle-seline-e-qeverise-berisha\/#breadcrumb","itemListElement":[{"@type":"ListItem","position":1,"name":"Home","item":"https:\/\/fjala.info\/2009-2015\/"},{"@type":"ListItem","position":2,"name":"Mafia shqiptare, ka \u201catdhe\u201d dhe \u201cshpell\u00eb\u201d selin\u00eb e qeveris\u00eb \u201cBerisha\u201d"}]},{"@type":"WebSite","@id":"https:\/\/fjala.info\/2009-2015\/#website","url":"https:\/\/fjala.info\/2009-2015\/","name":"FjALA e LIR\u00cb - Arkivi","description":"Arkivi 2009-2015","publisher":{"@id":"https:\/\/fjala.info\/2009-2015\/#organization"},"potentialAction":[{"@type":"SearchAction","target":{"@type":"EntryPoint","urlTemplate":"https:\/\/fjala.info\/2009-2015\/?s={search_term_string}"},"query-input":{"@type":"PropertyValueSpecification","valueRequired":true,"valueName":"search_term_string"}}],"inLanguage":"sq-AL"},{"@type":"Organization","@id":"https:\/\/fjala.info\/2009-2015\/#organization","name":"FjALA e LIR\u00cb - Arkivi","url":"https:\/\/fjala.info\/2009-2015\/","logo":{"@type":"ImageObject","inLanguage":"sq-AL","@id":"https:\/\/fjala.info\/2009-2015\/#\/schema\/logo\/image\/","url":"","contentUrl":"","caption":"FjALA e LIR\u00cb - Arkivi"},"image":{"@id":"https:\/\/fjala.info\/2009-2015\/#\/schema\/logo\/image\/"}},{"@type":"Person","@id":"https:\/\/fjala.info\/2009-2015\/#\/schema\/person\/3aa1163ef05469c496fc94e77611ada2","name":"admin","image":{"@type":"ImageObject","inLanguage":"sq-AL","@id":"https:\/\/fjala.info\/2009-2015\/wp-content\/uploads\/2012\/02\/arben_cokaj-120x150.jpg","url":"https:\/\/fjala.info\/2009-2015\/wp-content\/uploads\/2012\/02\/arben_cokaj-120x150.jpg","contentUrl":"https:\/\/fjala.info\/2009-2015\/wp-content\/uploads\/2012\/02\/arben_cokaj-120x150.jpg","caption":"admin"},"description":"Admin, Fjala e Lir\u00eb","sameAs":["https:\/\/fjala.info\/"],"url":"https:\/\/fjala.info\/2009-2015\/author\/admin\/"}]}},"_links":{"self":[{"href":"https:\/\/fjala.info\/2009-2015\/wp-json\/wp\/v2\/posts\/2654","targetHints":{"allow":["GET"]}}],"collection":[{"href":"https:\/\/fjala.info\/2009-2015\/wp-json\/wp\/v2\/posts"}],"about":[{"href":"https:\/\/fjala.info\/2009-2015\/wp-json\/wp\/v2\/types\/post"}],"author":[{"embeddable":true,"href":"https:\/\/fjala.info\/2009-2015\/wp-json\/wp\/v2\/users\/1"}],"replies":[{"embeddable":true,"href":"https:\/\/fjala.info\/2009-2015\/wp-json\/wp\/v2\/comments?post=2654"}],"version-history":[{"count":0,"href":"https:\/\/fjala.info\/2009-2015\/wp-json\/wp\/v2\/posts\/2654\/revisions"}],"wp:attachment":[{"href":"https:\/\/fjala.info\/2009-2015\/wp-json\/wp\/v2\/media?parent=2654"}],"wp:term":[{"taxonomy":"category","embeddable":true,"href":"https:\/\/fjala.info\/2009-2015\/wp-json\/wp\/v2\/categories?post=2654"},{"taxonomy":"post_tag","embeddable":true,"href":"https:\/\/fjala.info\/2009-2015\/wp-json\/wp\/v2\/tags?post=2654"}],"curies":[{"name":"wp","href":"https:\/\/api.w.org\/{rel}","templated":true}]}}