{"id":2653,"date":"2010-05-15T01:10:28","date_gmt":"2010-05-15T00:10:28","guid":{"rendered":"http:\/\/fjala.shkoder.net\/?p=2653"},"modified":"2010-05-15T01:10:28","modified_gmt":"2010-05-15T00:10:28","slug":"bursa-e-lirise","status":"publish","type":"post","link":"https:\/\/fjala.info\/2009-2015\/bursa-e-lirise\/","title":{"rendered":"Bursa e liris\u00eb"},"content":{"rendered":"<p><strong>Prof. As. Dr. Artan Duka<\/strong>, <em>14.05.2010<\/em><\/p>\n<p><strong>&#8220;ARI&#8221; SHPIRT\u00cbROR<\/strong><\/p>\n<p>&#8220;Aksionet&#8221; e Liris\u00eb, si aset i demokracis\u00eb, nuk kan\u00eb qen\u00eb kurr\u00eb t\u00eb lira. Guximi p\u00ebr ta pohuar at\u00eb p\u00ebrball\u00eb shtetit monist, L\u00ebvizja e Dhjetorit, manifestimet dhe grevat e panum\u00ebrta n\u00eb em\u00ebr t\u00eb saj me p\u00ebrkushtimin dhe sakrificat p\u00ebr t\u00eb e kan\u00eb rritur s\u00eb tep\u00ebrmi vler\u00ebn e saj.<\/p>\n<p>Duke bashkuar p\u00ebrtej \u00e7do diversiteti, ajo \u00ebsht\u00eb aseti q\u00eb lart\u00ebson nj\u00eb komb, civilizimin per\u00ebndimor dhe garanton dinjitetin e \u00e7donj\u00ebrit prej nesh.<\/p>\n<p>Sot, e shnd\u00ebrruar n\u00eb &#8220;burs\u00ebn&#8221; m\u00eb t\u00eb fundit t\u00eb saj, tenda ku jan\u00eb t\u00eb ngujuar n\u00eb nj\u00eb ekzistenc\u00eb shpirt\u00ebrore shqiptar\u00eb fisnik\u00eb, kurajoz\u00eb dhe me integritet ka mb\u00ebrthyer v\u00ebmendjen e gjith\u00eb shoq\u00ebris\u00eb e m\u00eb tej n\u00eb ankthin e t\u00eb panjohur\u00ebs s\u00eb \u00e7mimit t\u00eb liris\u00eb s\u00eb vot\u00ebs.<\/p>\n<p>T\u00eb shnd\u00ebrruar n\u00eb dishepuj t\u00eb respektimit t\u00eb saj, grevist\u00ebt e uris\u00eb me ekstremitetin e ng\u00ebrthyer, zhvler\u00ebsojn\u00eb \u00e7do alibi q\u00eb p\u00ebrball\u00eb moralit t\u00eb liris\u00eb s\u00eb t\u00eb v\u00ebrtet\u00ebs, e konsideron lirin\u00eb t\u00eb mir\u00ebqen\u00eb dhe t\u00eb garantuar p\u00ebrjet\u00ebsisht.<\/p>\n<p><strong>KAUZ\u00cb TEJPARTIAKE<\/strong><\/p>\n<p>Askush nuk do ta d\u00ebshironte nj\u00eb grev\u00eb urie dhe gjithkush do t\u00eb uronte q\u00eb t\u00eb p\u00ebrfundonte nj\u00eb or\u00eb e m\u00eb par\u00eb. P\u00ebrfundimi i saj nuk mund t\u00eb argumentohet me kritik\u00ebn sesa ishte e p\u00ebrligjur p\u00ebrzgjedhja e saj si instrument apo se bie ndesh me procesin e liberalizimit t\u00eb vizave q\u00eb tashm\u00eb \u00ebsht\u00eb konfirmuar si nj\u00eb proces teknik, por si marrje p\u00ebrgjegj\u00ebsish p\u00ebr t&#8217;u fokusuar n\u00eb kauz\u00ebn e saj.<\/p>\n<p>Pas 20-vjet\u00ebsh t\u00eb p\u00ebrqafimit t\u00eb demokracis\u00eb, nj\u00eb qytetar i nj\u00eb vendi t\u00eb NATO-s befasohet teksa transparenca e vot\u00ebs vihet ende n\u00eb diskutim, duke provokuar nj\u00eb kauz\u00eb q\u00eb duhet t\u00eb ishte e tejkaluar me koh\u00eb.<\/p>\n<p>Di\u00e7ka stonon n\u00eb filtrin dhe nivelin e ndjeshm\u00ebris\u00eb demokratike teksa mes nesh kemi ende koncepte dhe qasje aq t\u00eb kund\u00ebrta deri n\u00eb absurd p\u00ebr di\u00e7ka q\u00eb duhet t\u00eb ishte tashm\u00eb e gjith\u00ebpranuar, nj\u00eblloj si sistemi metrik, sepse na prek t\u00eb gjith\u00ebve nj\u00eblloj.<\/p>\n<p>Liria si koncept universal bashkues dhe jo ndar\u00ebs, b\u00ebn imeniente sfid\u00ebn ndaj politik\u00ebs dhe mbar\u00eb shoq\u00ebris\u00eb p\u00ebr t&#8217;u ballafaquar me kauz\u00ebn e k\u00ebsaj greve dhe sa m\u00eb shpejt, sepse p\u00ebr lirin\u00eb jemi t\u00eb gjith\u00eb n\u00eb nj\u00eb bark\u00eb dhe ndon\u00ebse kemi qasje t\u00eb ndryshme si mund ta p\u00ebrdorim at\u00eb, kemi nevoj\u00eb t\u00eb gjith\u00eb nj\u00ebsoj p\u00ebr frym\u00ebn e saj.<\/p>\n<p>Ajo njeh gjithnj\u00eb e m\u00eb pak humb\u00ebs dhe k\u00ebrkohet gjithnj\u00eb e m\u00eb shum\u00eb. Mision i pamundur do t\u00eb ishte e kund\u00ebrta.<\/p>\n<p><strong>&#8220;MARATONA&#8221; E LIRIS\u00cb<\/strong><\/p>\n<p>Greva e uris\u00eb nuk mund t\u00eb zgjas\u00eb pafund dhe nuk duhet l\u00ebn\u00eb t\u00eb ezaurohet deri n\u00eb fund. P\u00ebr nj\u00eb shoq\u00ebri demokratike ajo \u00ebsht\u00eb &#8220;vija e kuqe&#8221; n\u00eb termometrin e ndjeshm\u00ebris\u00eb demokratike dhe indiferenca, injorimi deri n\u00eb karshill\u00ebk, ve\u00e7se e r\u00ebndojn\u00eb m\u00eb shum\u00eb situat\u00ebn.<\/p>\n<p>Kjo &#8220;maraton\u00eb&#8221; e sakrific\u00ebs mund t\u00eb ket\u00eb implikime n\u00eb sh\u00ebndetin njer\u00ebzor n\u00eb \u00e7do &#8220;kilomet\u00ebr&#8221; t\u00eb saj ndaj p\u00ebr nj\u00eb shtet demokratik t\u00eb NATO-s, nuk kemi nevoj\u00eb p\u00ebr martir\u00eb t\u00eb liris\u00eb, por p\u00ebr burra shteti t\u00eb saj.<\/p>\n<p>Ndjeshm\u00ebria ndaj grev\u00ebs s\u00eb uris\u00eb \u00ebsht\u00eb ndjeshm\u00ebri ndaj liris\u00eb. Thjesht lan\u00e7imi i saj duhet t\u00eb shkundte vet\u00ebdijen e mbar\u00eb shoq\u00ebris\u00eb shqiptare p\u00ebr t\u00eb d\u00ebshmuar ndjeshm\u00ebrin\u00eb e duhur demokratike n\u00eb rikonfirmimin e k\u00ebsaj kauz\u00eb universale dhe iniciuar nj\u00eb katarsis demokratik t\u00eb radh\u00ebs.<\/p>\n<p>Nd\u00ebrsa mund t\u00eb debatohet instrumenti, koha dhe vendi, askush nuk duhej t\u00eb ngurronte t\u00eb pohonte apriori mb\u00ebshtetjen p\u00ebr kauz\u00ebn e saj tejpartiake q\u00eb jo vet\u00ebm nuk bie ndesh me integrimin europian, por e konsolidon m\u00eb shum\u00eb &#8220;dosjen&#8221; ton\u00eb, duke e pasuruar me ato vlera q\u00eb e b\u00ebjn\u00eb Europ\u00ebn &#8211; Europ\u00eb, p\u00ebr m\u00eb shum\u00eb dinjitet n\u00eb rrug\u00ebn drejt saj.<\/p>\n<p><strong>L\u00cbMSHI Q\u00cb DUHET TA ZGJIDHIM VET\u00cb<\/strong><\/p>\n<p>P\u00ebrball\u00eb nj\u00eb situate absurde p\u00ebr Per\u00ebndimin, durimi i t\u00eb cilit po ritestohet p\u00ebrs\u00ebri, ai jo rrall\u00eb adopton qasjen &#8220;kusi presioni&#8221; p\u00ebr nj\u00eb shoq\u00ebri n\u00eb tension &#8220;perpetum&#8221; duke liruar kur dhe sa duan valvul\u00ebn derisa t&#8217;i dor\u00ebzohemi lodhjes brenda saj.<\/p>\n<p>Kjo humbje e radh\u00ebs e dinjitetit p\u00ebrball\u00eb klubit t\u00eb per\u00ebndimit, ndoshta mund t\u00eb zhb\u00ebhet, n\u00ebse d\u00ebshmojn\u00eb se jemi n\u00eb gjendje t\u00eb marrim p\u00ebrgjegj\u00ebsin\u00eb e menaxhimit t\u00eb situatave absurde q\u00eb kemi krijuar tashm\u00eb po vet\u00eb.<\/p>\n<p>N\u00ebse &#8220;gandizmi&#8221; duhet t\u00eb jet\u00eb thelbi i veprimit opozitar, kjo duhet t\u00eb paraprihet nga &#8220;lordizimi&#8221; i pushtetit p\u00ebrball\u00eb p\u00ebr t\u00eb pohuar dhe mund\u00ebsuar tejdukshm\u00ebri integrale zgjedhore, sepse tashm\u00eb zgjidhja e k\u00ebtij rebusi ka dal\u00eb nga kuadri juridik p\u00ebr t\u00eb qen\u00eb vullnet politik.<\/p>\n<p>Shoq\u00ebria civile duhet t\u00eb ushtroj\u00eb trysnin\u00eb p\u00ebrkat\u00ebse dhe thirrjet publike t\u00eb intelektual\u00ebve n\u00eb em\u00ebr t\u00eb liris\u00eb dhe shanseve p\u00ebr k\u00ebt\u00eb vend, duhet t&#8217;i adresohen t\u00eb gjitha pal\u00ebve dhe n\u00eb radh\u00eb t\u00eb par\u00eb shumic\u00ebs p\u00ebr t\u00eb qen\u00eb realisht kontribuuese dhe larg \u00e7do paragjykimi konformist.<\/p>\n<p>P\u00ebrtej refraktaritetit t\u00eb deritanish\u00ebm, shumica ende ka mund\u00ebsin\u00eb p\u00ebr t\u00eb pohuar, pavar\u00ebsisht implikimeve me konfliktin e interesit, dakord\u00ebsin\u00eb me kauz\u00ebn e leximit t\u00eb vot\u00ebs dhe shtrirjen e dor\u00ebs ndaj opozit\u00ebs p\u00ebr modalitetet p\u00ebrkat\u00ebse.<\/p>\n<p>N\u00ebse shumica pranon se transparenca \u00ebsht\u00eb esenciale p\u00ebr t\u00eb garantuar mir\u00ebbesimin e opozit\u00ebs, por sinqerisht beson se i ka duart e lidhura nga vendimet gjyq\u00ebsore, at\u00ebher\u00eb t\u00eb konsideroj\u00eb legjislacion by-pass apo n\u00eb situat\u00eb pa zgjidhje t\u00eb th\u00ebrras\u00eb deri zgjedhje t\u00eb reja p\u00ebr t\u00eb rikonfirmuar vetveten.<\/p>\n<p>Duke respektuar lirin\u00eb, ajo do t\u00eb konsolidonte kuotat e saj n\u00eb tregun politik teksa d\u00ebshmon se \u00ebsht\u00eb gati t\u00eb sakrifikoj\u00eb pushtetin p\u00ebr hir t\u00eb saj. N\u00ebse kjo nuk ndodh, greva e uris\u00eb nuk ia vlen m\u00eb t\u00eb testoj\u00eb ndjeshm\u00ebrin\u00eb e shumic\u00ebs, por t\u00eb Presidenc\u00ebs shqiptare dhe organizmave dhe kancelarive t\u00eb huaja.<\/p>\n<p>Presidenti nuk mund t\u00eb pres\u00eb derisa pal\u00ebt t\u00eb bien dakord, sepse n\u00eb k\u00ebt\u00eb rast nuk do lindte m\u00eb nevoja p\u00ebr t\u00eb. Sa p\u00ebr faktorin nd\u00ebrkomb\u00ebtar, nd\u00ebrsa opozita brenda vendit mendon se ka fituar terren n\u00eb argumentimin e kauz\u00ebs s\u00eb saj n\u00eb publik, duhet ende t\u00eb loboj\u00eb p\u00ebr t\u00eb sqaruar Per\u00ebndimin se ng\u00ebr\u00e7i politik n\u00eb Tiran\u00eb \u00ebsht\u00eb p\u00ebr vlera q\u00eb p\u00ebr ta jan\u00eb aq t\u00eb mir\u00ebqena deri n\u00eb mosbesim se nj\u00eb shoq\u00ebri mund t\u00eb ndahet n\u00eb dysh n\u00eb q\u00ebndrimin ndaj tyre.<\/p>\n<p>P\u00ebr t\u00eb mos zhg\u00ebnjyer m\u00eb tej partner\u00ebt tan\u00eb, le t\u00eb mos zhg\u00ebnjejm\u00eb pafund\u00ebsisht vetveten dhe merit\u00ebn e zgjidhjes s\u00eb k\u00ebsaj krize politike t&#8217;ia njohim nj\u00ebri-tjetrit, duke d\u00ebshmuar urt\u00ebsi dhe toleranc\u00eb n\u00eb em\u00ebr t\u00eb liris\u00eb.<\/p>\n","protected":false},"excerpt":{"rendered":"<p>Prof. As. Dr. Artan Duka, 14.05.2010 &#8220;ARI&#8221; SHPIRT\u00cbROR &#8220;Aksionet&#8221; e Liris\u00eb, si aset i demokracis\u00eb, nuk kan\u00eb qen\u00eb kurr\u00eb t\u00eb lira. Guximi p\u00ebr ta pohuar at\u00eb p\u00ebrball\u00eb shtetit monist, L\u00ebvizja e Dhjetorit, manifestimet dhe grevat e panum\u00ebrta n\u00eb em\u00ebr t\u00eb saj me p\u00ebrkushtimin dhe sakrificat p\u00ebr t\u00eb e kan\u00eb rritur s\u00eb tep\u00ebrmi vler\u00ebn e saj. [&hellip;]<\/p>\n","protected":false},"author":1,"featured_media":0,"comment_status":"open","ping_status":"closed","sticky":false,"template":"","format":"standard","meta":{"footnotes":""},"categories":[2],"tags":[],"class_list":{"0":"post-2653","1":"post","2":"type-post","3":"status-publish","4":"format-standard","6":"category-artikuj"},"yoast_head":"<!-- This site is optimized with the Yoast SEO plugin v27.4 - https:\/\/yoast.com\/product\/yoast-seo-wordpress\/ -->\n<title>Bursa e liris\u00eb - FjALA e LIR\u00cb - Arkivi<\/title>\n<meta name=\"robots\" content=\"index, follow, max-snippet:-1, max-image-preview:large, max-video-preview:-1\" \/>\n<link rel=\"canonical\" href=\"https:\/\/fjala.info\/2009-2015\/bursa-e-lirise\/\" \/>\n<meta property=\"og:locale\" content=\"sq_AL\" \/>\n<meta property=\"og:type\" content=\"article\" \/>\n<meta property=\"og:title\" content=\"Bursa e liris\u00eb - FjALA e LIR\u00cb - Arkivi\" \/>\n<meta property=\"og:description\" content=\"Prof. As. Dr. Artan Duka, 14.05.2010 &#8220;ARI&#8221; SHPIRT\u00cbROR &#8220;Aksionet&#8221; e Liris\u00eb, si aset i demokracis\u00eb, nuk kan\u00eb qen\u00eb kurr\u00eb t\u00eb lira. Guximi p\u00ebr ta pohuar at\u00eb p\u00ebrball\u00eb shtetit monist, L\u00ebvizja e Dhjetorit, manifestimet dhe grevat e panum\u00ebrta n\u00eb em\u00ebr t\u00eb saj me p\u00ebrkushtimin dhe sakrificat p\u00ebr t\u00eb e kan\u00eb rritur s\u00eb tep\u00ebrmi vler\u00ebn e saj. [&hellip;]\" \/>\n<meta property=\"og:url\" content=\"https:\/\/fjala.info\/2009-2015\/bursa-e-lirise\/\" \/>\n<meta property=\"og:site_name\" content=\"FjALA e LIR\u00cb - Arkivi\" \/>\n<meta property=\"article:published_time\" content=\"2010-05-15T00:10:28+00:00\" \/>\n<meta name=\"author\" content=\"admin\" \/>\n<meta name=\"twitter:card\" content=\"summary_large_image\" \/>\n<meta name=\"twitter:label1\" content=\"Written by\" \/>\n\t<meta name=\"twitter:data1\" content=\"admin\" \/>\n\t<meta name=\"twitter:label2\" content=\"Est. reading time\" \/>\n\t<meta name=\"twitter:data2\" content=\"6 minutes\" \/>\n<script type=\"application\/ld+json\" class=\"yoast-schema-graph\">{\"@context\":\"https:\\\/\\\/schema.org\",\"@graph\":[{\"@type\":\"Article\",\"@id\":\"https:\\\/\\\/fjala.info\\\/2009-2015\\\/bursa-e-lirise\\\/#article\",\"isPartOf\":{\"@id\":\"https:\\\/\\\/fjala.info\\\/2009-2015\\\/bursa-e-lirise\\\/\"},\"author\":{\"name\":\"admin\",\"@id\":\"https:\\\/\\\/fjala.info\\\/2009-2015\\\/#\\\/schema\\\/person\\\/3aa1163ef05469c496fc94e77611ada2\"},\"headline\":\"Bursa e liris\u00eb\",\"datePublished\":\"2010-05-15T00:10:28+00:00\",\"mainEntityOfPage\":{\"@id\":\"https:\\\/\\\/fjala.info\\\/2009-2015\\\/bursa-e-lirise\\\/\"},\"wordCount\":1171,\"commentCount\":0,\"publisher\":{\"@id\":\"https:\\\/\\\/fjala.info\\\/2009-2015\\\/#organization\"},\"articleSection\":[\"Artikuj\"],\"inLanguage\":\"sq-AL\",\"potentialAction\":[{\"@type\":\"CommentAction\",\"name\":\"Comment\",\"target\":[\"https:\\\/\\\/fjala.info\\\/2009-2015\\\/bursa-e-lirise\\\/#respond\"]}]},{\"@type\":\"WebPage\",\"@id\":\"https:\\\/\\\/fjala.info\\\/2009-2015\\\/bursa-e-lirise\\\/\",\"url\":\"https:\\\/\\\/fjala.info\\\/2009-2015\\\/bursa-e-lirise\\\/\",\"name\":\"Bursa e liris\u00eb - FjALA e LIR\u00cb - Arkivi\",\"isPartOf\":{\"@id\":\"https:\\\/\\\/fjala.info\\\/2009-2015\\\/#website\"},\"datePublished\":\"2010-05-15T00:10:28+00:00\",\"breadcrumb\":{\"@id\":\"https:\\\/\\\/fjala.info\\\/2009-2015\\\/bursa-e-lirise\\\/#breadcrumb\"},\"inLanguage\":\"sq-AL\",\"potentialAction\":[{\"@type\":\"ReadAction\",\"target\":[\"https:\\\/\\\/fjala.info\\\/2009-2015\\\/bursa-e-lirise\\\/\"]}]},{\"@type\":\"BreadcrumbList\",\"@id\":\"https:\\\/\\\/fjala.info\\\/2009-2015\\\/bursa-e-lirise\\\/#breadcrumb\",\"itemListElement\":[{\"@type\":\"ListItem\",\"position\":1,\"name\":\"Home\",\"item\":\"https:\\\/\\\/fjala.info\\\/2009-2015\\\/\"},{\"@type\":\"ListItem\",\"position\":2,\"name\":\"Bursa e liris\u00eb\"}]},{\"@type\":\"WebSite\",\"@id\":\"https:\\\/\\\/fjala.info\\\/2009-2015\\\/#website\",\"url\":\"https:\\\/\\\/fjala.info\\\/2009-2015\\\/\",\"name\":\"FjALA e LIR\u00cb - Arkivi\",\"description\":\"Arkivi 2009-2015\",\"publisher\":{\"@id\":\"https:\\\/\\\/fjala.info\\\/2009-2015\\\/#organization\"},\"potentialAction\":[{\"@type\":\"SearchAction\",\"target\":{\"@type\":\"EntryPoint\",\"urlTemplate\":\"https:\\\/\\\/fjala.info\\\/2009-2015\\\/?s={search_term_string}\"},\"query-input\":{\"@type\":\"PropertyValueSpecification\",\"valueRequired\":true,\"valueName\":\"search_term_string\"}}],\"inLanguage\":\"sq-AL\"},{\"@type\":\"Organization\",\"@id\":\"https:\\\/\\\/fjala.info\\\/2009-2015\\\/#organization\",\"name\":\"FjALA e LIR\u00cb - Arkivi\",\"url\":\"https:\\\/\\\/fjala.info\\\/2009-2015\\\/\",\"logo\":{\"@type\":\"ImageObject\",\"inLanguage\":\"sq-AL\",\"@id\":\"https:\\\/\\\/fjala.info\\\/2009-2015\\\/#\\\/schema\\\/logo\\\/image\\\/\",\"url\":\"\",\"contentUrl\":\"\",\"caption\":\"FjALA e LIR\u00cb - Arkivi\"},\"image\":{\"@id\":\"https:\\\/\\\/fjala.info\\\/2009-2015\\\/#\\\/schema\\\/logo\\\/image\\\/\"}},{\"@type\":\"Person\",\"@id\":\"https:\\\/\\\/fjala.info\\\/2009-2015\\\/#\\\/schema\\\/person\\\/3aa1163ef05469c496fc94e77611ada2\",\"name\":\"admin\",\"image\":{\"@type\":\"ImageObject\",\"inLanguage\":\"sq-AL\",\"@id\":\"https:\\\/\\\/fjala.info\\\/2009-2015\\\/wp-content\\\/uploads\\\/2012\\\/02\\\/arben_cokaj-120x150.jpg\",\"url\":\"https:\\\/\\\/fjala.info\\\/2009-2015\\\/wp-content\\\/uploads\\\/2012\\\/02\\\/arben_cokaj-120x150.jpg\",\"contentUrl\":\"https:\\\/\\\/fjala.info\\\/2009-2015\\\/wp-content\\\/uploads\\\/2012\\\/02\\\/arben_cokaj-120x150.jpg\",\"caption\":\"admin\"},\"description\":\"Admin, Fjala e Lir\u00eb\",\"sameAs\":[\"https:\\\/\\\/fjala.info\\\/\"],\"url\":\"https:\\\/\\\/fjala.info\\\/2009-2015\\\/author\\\/admin\\\/\"}]}<\/script>\n<!-- \/ Yoast SEO plugin. -->","yoast_head_json":{"title":"Bursa e liris\u00eb - FjALA e LIR\u00cb - Arkivi","robots":{"index":"index","follow":"follow","max-snippet":"max-snippet:-1","max-image-preview":"max-image-preview:large","max-video-preview":"max-video-preview:-1"},"canonical":"https:\/\/fjala.info\/2009-2015\/bursa-e-lirise\/","og_locale":"sq_AL","og_type":"article","og_title":"Bursa e liris\u00eb - FjALA e LIR\u00cb - Arkivi","og_description":"Prof. As. Dr. Artan Duka, 14.05.2010 &#8220;ARI&#8221; SHPIRT\u00cbROR &#8220;Aksionet&#8221; e Liris\u00eb, si aset i demokracis\u00eb, nuk kan\u00eb qen\u00eb kurr\u00eb t\u00eb lira. Guximi p\u00ebr ta pohuar at\u00eb p\u00ebrball\u00eb shtetit monist, L\u00ebvizja e Dhjetorit, manifestimet dhe grevat e panum\u00ebrta n\u00eb em\u00ebr t\u00eb saj me p\u00ebrkushtimin dhe sakrificat p\u00ebr t\u00eb e kan\u00eb rritur s\u00eb tep\u00ebrmi vler\u00ebn e saj. [&hellip;]","og_url":"https:\/\/fjala.info\/2009-2015\/bursa-e-lirise\/","og_site_name":"FjALA e LIR\u00cb - Arkivi","article_published_time":"2010-05-15T00:10:28+00:00","author":"admin","twitter_card":"summary_large_image","twitter_misc":{"Written by":"admin","Est. reading time":"6 minutes"},"schema":{"@context":"https:\/\/schema.org","@graph":[{"@type":"Article","@id":"https:\/\/fjala.info\/2009-2015\/bursa-e-lirise\/#article","isPartOf":{"@id":"https:\/\/fjala.info\/2009-2015\/bursa-e-lirise\/"},"author":{"name":"admin","@id":"https:\/\/fjala.info\/2009-2015\/#\/schema\/person\/3aa1163ef05469c496fc94e77611ada2"},"headline":"Bursa e liris\u00eb","datePublished":"2010-05-15T00:10:28+00:00","mainEntityOfPage":{"@id":"https:\/\/fjala.info\/2009-2015\/bursa-e-lirise\/"},"wordCount":1171,"commentCount":0,"publisher":{"@id":"https:\/\/fjala.info\/2009-2015\/#organization"},"articleSection":["Artikuj"],"inLanguage":"sq-AL","potentialAction":[{"@type":"CommentAction","name":"Comment","target":["https:\/\/fjala.info\/2009-2015\/bursa-e-lirise\/#respond"]}]},{"@type":"WebPage","@id":"https:\/\/fjala.info\/2009-2015\/bursa-e-lirise\/","url":"https:\/\/fjala.info\/2009-2015\/bursa-e-lirise\/","name":"Bursa e liris\u00eb - FjALA e LIR\u00cb - Arkivi","isPartOf":{"@id":"https:\/\/fjala.info\/2009-2015\/#website"},"datePublished":"2010-05-15T00:10:28+00:00","breadcrumb":{"@id":"https:\/\/fjala.info\/2009-2015\/bursa-e-lirise\/#breadcrumb"},"inLanguage":"sq-AL","potentialAction":[{"@type":"ReadAction","target":["https:\/\/fjala.info\/2009-2015\/bursa-e-lirise\/"]}]},{"@type":"BreadcrumbList","@id":"https:\/\/fjala.info\/2009-2015\/bursa-e-lirise\/#breadcrumb","itemListElement":[{"@type":"ListItem","position":1,"name":"Home","item":"https:\/\/fjala.info\/2009-2015\/"},{"@type":"ListItem","position":2,"name":"Bursa e liris\u00eb"}]},{"@type":"WebSite","@id":"https:\/\/fjala.info\/2009-2015\/#website","url":"https:\/\/fjala.info\/2009-2015\/","name":"FjALA e LIR\u00cb - Arkivi","description":"Arkivi 2009-2015","publisher":{"@id":"https:\/\/fjala.info\/2009-2015\/#organization"},"potentialAction":[{"@type":"SearchAction","target":{"@type":"EntryPoint","urlTemplate":"https:\/\/fjala.info\/2009-2015\/?s={search_term_string}"},"query-input":{"@type":"PropertyValueSpecification","valueRequired":true,"valueName":"search_term_string"}}],"inLanguage":"sq-AL"},{"@type":"Organization","@id":"https:\/\/fjala.info\/2009-2015\/#organization","name":"FjALA e LIR\u00cb - Arkivi","url":"https:\/\/fjala.info\/2009-2015\/","logo":{"@type":"ImageObject","inLanguage":"sq-AL","@id":"https:\/\/fjala.info\/2009-2015\/#\/schema\/logo\/image\/","url":"","contentUrl":"","caption":"FjALA e LIR\u00cb - Arkivi"},"image":{"@id":"https:\/\/fjala.info\/2009-2015\/#\/schema\/logo\/image\/"}},{"@type":"Person","@id":"https:\/\/fjala.info\/2009-2015\/#\/schema\/person\/3aa1163ef05469c496fc94e77611ada2","name":"admin","image":{"@type":"ImageObject","inLanguage":"sq-AL","@id":"https:\/\/fjala.info\/2009-2015\/wp-content\/uploads\/2012\/02\/arben_cokaj-120x150.jpg","url":"https:\/\/fjala.info\/2009-2015\/wp-content\/uploads\/2012\/02\/arben_cokaj-120x150.jpg","contentUrl":"https:\/\/fjala.info\/2009-2015\/wp-content\/uploads\/2012\/02\/arben_cokaj-120x150.jpg","caption":"admin"},"description":"Admin, Fjala e Lir\u00eb","sameAs":["https:\/\/fjala.info\/"],"url":"https:\/\/fjala.info\/2009-2015\/author\/admin\/"}]}},"_links":{"self":[{"href":"https:\/\/fjala.info\/2009-2015\/wp-json\/wp\/v2\/posts\/2653","targetHints":{"allow":["GET"]}}],"collection":[{"href":"https:\/\/fjala.info\/2009-2015\/wp-json\/wp\/v2\/posts"}],"about":[{"href":"https:\/\/fjala.info\/2009-2015\/wp-json\/wp\/v2\/types\/post"}],"author":[{"embeddable":true,"href":"https:\/\/fjala.info\/2009-2015\/wp-json\/wp\/v2\/users\/1"}],"replies":[{"embeddable":true,"href":"https:\/\/fjala.info\/2009-2015\/wp-json\/wp\/v2\/comments?post=2653"}],"version-history":[{"count":0,"href":"https:\/\/fjala.info\/2009-2015\/wp-json\/wp\/v2\/posts\/2653\/revisions"}],"wp:attachment":[{"href":"https:\/\/fjala.info\/2009-2015\/wp-json\/wp\/v2\/media?parent=2653"}],"wp:term":[{"taxonomy":"category","embeddable":true,"href":"https:\/\/fjala.info\/2009-2015\/wp-json\/wp\/v2\/categories?post=2653"},{"taxonomy":"post_tag","embeddable":true,"href":"https:\/\/fjala.info\/2009-2015\/wp-json\/wp\/v2\/tags?post=2653"}],"curies":[{"name":"wp","href":"https:\/\/api.w.org\/{rel}","templated":true}]}}