{"id":2652,"date":"2012-04-26T23:00:11","date_gmt":"2012-04-26T22:00:11","guid":{"rendered":"http:\/\/fjala.shkoder.net\/?p=2652"},"modified":"2012-04-26T23:00:11","modified_gmt":"2012-04-26T22:00:11","slug":"shperthen-topi-po-shfaqen-simptomat-e-nje-diktature-nano-servil-i-berishes","status":"publish","type":"post","link":"https:\/\/fjala.info\/2009-2015\/shperthen-topi-po-shfaqen-simptomat-e-nje-diktature-nano-servil-i-berishes\/","title":{"rendered":"SHPERTHEN Topi: Po shfaqen simptomat e nj\u00eb diktature. Nano, servil i Berish\u00ebs"},"content":{"rendered":"<p><img decoding=\"async\" class=\"alignright size-thumbnail wp-image-7236\" title=\"Bamir Topi\" src=\"http:\/\/www.shkoder.net\/2012\/bamir_topi.jpg\" alt=\"\" width=\"200\" \/> <strong>TemA<\/strong>, <em>26 Prill 2012<\/em><\/p>\n<p>Presidenti thot\u00eb se marr\u00ebdh\u00ebniet e tij me Partin\u00eb Demokratike jan\u00eb nj\u00eb kapitull i mbyllur. Presidenti thot\u00eb se Fatos Nano po flet me gjuh\u00ebn e Berish\u00ebs, duke iu servilosur atij p\u00ebr kandidimin<\/p>\n<p>Presidenti Bamir Topi, duke folur n\u00eb studion e Top Story, tha se televizioni publik \u00ebsht\u00eb kthyer n\u00eb nj\u00eb fr\u00ebngji t\u00eb Berish\u00ebs p\u00ebr t\u00eb sulmuar at\u00eb. Madje ai tha se analist\u00ebt e media nuk po flasin p\u00ebr faktin se po kalohet nga nj\u00eb diktatur\u00eb n\u00eb simptomat e nj\u00eb diktature tjet\u00ebr. Presidenti tha se TVSH \u00ebsht\u00eb nj\u00eb institucion n\u00eb dor\u00ebn e kryeministrit. S\u00ebrish duke folur p\u00ebr sulmet q\u00eb i b\u00ebhen atij nga mazhoranca, Topi tha se njer\u00ebzit kan\u00eb nisur t\u00eb ken\u00eb frik\u00eb p\u00ebr t\u00eb folur. \u201cSulmet ndaj meje b\u00ebhen sepse ata shqet\u00ebsohen. Karriget jan\u00eb b\u00ebr\u00eb shum\u00eb t\u00eb m\u00ebrzitshme p\u00ebr mua. N\u00ebse do kthehem n\u00eb politik\u00eb, do kthehem si misionar. Njer\u00ebzit kan\u00eb filluar t\u00eb ken\u00eb frik\u00eb edhe p\u00ebr t\u00eb folur.<\/p>\n<p>Misioni im do jet\u00eb p\u00ebr t\u00eb folur haptas,\u201d tha Topi, q\u00eb e quajti si zhvillim pozitiv daljen n\u00eb sken\u00eb t\u00eb Aleanc\u00ebs Kuq e Zi, por edhe t\u00eb forc\u00ebs s\u00eb re politike, q\u00eb identifikohet me emrin e tij. Por Topi b\u00ebri nj\u00eb kritik\u00eb p\u00ebr median. \u201cDo doja t\u00eb jepja nj\u00eb k\u00ebshill\u00eb p\u00ebr median, q\u00eb prej muajsh e etiketojn\u00eb k\u00ebt\u00eb formacion me emrin Partia e Topit. Gabim. Do jemi k\u00ebtu dhe sikurse \u00ebsht\u00eb th\u00ebn\u00eb edhe koh\u00eb m\u00eb par\u00eb se jam akuzuar se pas formacionit Aleanca Kuq e Zi \u00ebsht\u00eb presidenti, koha e v\u00ebrtetoi se nuk ishte. Un\u00eb pres t\u00eb mbaroj k\u00ebt\u00eb mandat p\u00ebr ta gjetur vendin tim n\u00eb nj\u00eb mjedis demokratik,\u201d tha Topi duke shtuar \u201cNuk \u00ebsht\u00eb e th\u00ebn\u00eb t\u00eb jem lider.<\/p>\n<p>Sipas presidentit, nuk \u00ebsht\u00eb demokratike t\u00eb mos pranosh rotacionin.<\/p>\n<p>I pyetur p\u00ebr marr\u00ebdh\u00ebniet e tij me PD p\u00ebr faktin se ai \u00ebsht\u00eb an\u00ebtar i K\u00ebshillit Komb\u00ebtar, Topi tha se k\u00ebto marr\u00ebdh\u00ebnie jan\u00eb nj\u00eb kapitull i mbyllur. \u201cTashm\u00eb \u00ebsht\u00eb nj\u00eb kapitull i mbyllur. E kan\u00eb mbyllur ata q\u00eb kan\u00eb pritur t\u00eb m\u00eb largojn\u00eb qoft\u00eb edhe me ngritje n\u00eb detyr\u00eb. N\u00eb jet\u00ebn time asnj\u00ebher\u00eb nuk jam sulmuar m\u00eb shum\u00eb nga ata me t\u00eb cil\u00ebt kemi kaluar sfida t\u00eb jasht\u00ebzakonshme. Pjesa m\u00eb e r\u00ebndomt\u00eb \u00ebsht\u00eb kur disa t\u00eb ardhur nga preferencat e kryetarit, njer\u00ebz t\u00eb em\u00ebruar, njer\u00ebz pa lidhje e memorie me at\u00eb subjekt politik, jan\u00eb m\u00eb agresiv\u00eb. Gj\u00ebrat jan\u00eb t\u00eb qarta,\u201d tha Topi.<\/p>\n<p>Presidenti tha se nj\u00ebkoh\u00ebsisht me marrjen e detyr\u00ebs s\u00eb tij si president nisi dhe sulmi i tij. Topi aludoi se q\u00ebllimi \u00ebsht\u00eb q\u00eb t\u00eb mos lejohet rikthimi i tij n\u00eb PD. \u201cDo jem n\u00eb politik\u00eb si nj\u00eb personazh aktiv,\u201d paralajm\u00ebroi presidenti.<\/p>\n<p>Presidenti madje ka rezervuar kritika edhe p\u00ebr klim\u00ebn n\u00eb vend sa i p\u00ebrket sulmeve dhe dhun\u00ebs verbale. \u201cT\u00eb jeni i sigurt q\u00eb nuk kam asgj\u00eb t\u00eb fshehur n\u00eb mendimet e mia. N\u00eb rast se un\u00eb flas, \u00ebsht\u00eb pozicioni q\u00eb m\u00eb detyron t\u00eb flas n\u00eb kt\u00eb m\u00ebnyr\u00eb. Dhe jam shum\u00eb m\u00eb i kufizuar si nj\u00eb analist, si nj\u00eb deputet, q\u00eb performon sipas vullnetit se si ngrihet kryetari i partis\u00eb. Pse \u00ebsht\u00eb klim\u00eb normale p\u00ebr nj\u00eb vend t\u00eb vog\u00ebl si Shqip\u00ebria? Nga m\u00ebngjesi deri n\u00eb dark\u00eb vet\u00ebm prononcime t\u00eb ashpra. Keni d\u00ebgjuar t\u00eb trajtojn\u00eb tema p\u00ebr ato q\u00eb shqet\u00ebsojn\u00eb njer\u00ebzit n\u00eb nevoj\u00eb. Pse, gjith\u00e7ka me hiperbolizime p\u00ebr arritje e suksese?<\/p>\n<p>Do ju them di\u00e7ka p\u00ebr \u00c7ernobilin: Pas ardhjes s\u00eb re nga veriu i res\u00eb atomike, Italia e Jugosllavia gropos\u00ebn ushqimet, Greqia groposi ushqimet. Vet\u00ebm n\u00eb studion televizive ku prapa perdes q\u00ebndronte Foto \u00c7ami, njer\u00ebzit q\u00eb u prononcuan than\u00eb se vet\u00ebm n\u00eb Shqip\u00ebri nuk ka probleme. Ka nj\u00eb konotacion q\u00eb duhet marr\u00eb n\u00eb konsiderat\u00eb,\u201d tha Topi.<\/p>\n<p>Duke folur p\u00ebr zgjedhjen e presidentit t\u00eb ri, Topi tha se ai \u00ebsht\u00eb p\u00ebr nj\u00eb em\u00ebr konsensual. \u201cKa nj\u00eb presion nga opinioni dhe faktori nd\u00ebrkomb\u00ebtar q\u00eb presidenti t\u00eb mos i p\u00ebrkas\u00eb vet\u00ebm nj\u00eb krahu. Presidenti nuk duhet t\u00eb jet\u00eb p\u00ebrzgjedhje politike e nj\u00eb krahu. Un\u00eb jam p\u00ebr nj\u00eb president konsensual,\u201d tha Topi.<\/p>\n<p>Presidenti komentoi edhe sulmet q\u00eb i b\u00ebhen p\u00ebr n\u00ebnkryetarin e KLD, duke th\u00ebn\u00eb se nuk ka shkelur Kushtetut\u00ebn. \u201cDo doja q\u00eb n\u00ebnkryetari i KLD t\u00eb ishte nj\u00eb figur\u00eb q\u00eb nuk i merr urdhrat nga politika,\u201d tha Topi.<\/p>\n<p>Nd\u00ebrkoh\u00eb, duke komentuar nj\u00eb em\u00ebrim t\u00eb ministrit t\u00eb Mbrojtjes, Arben Imami, t\u00eb kreut t\u00eb forcave detare, Topi tha: \u201cAntikushtetuese. U provua nga vet\u00eb ministri i Mbrojtjes. Pranoi q\u00eb ka b\u00ebr\u00eb nj\u00eb em\u00ebrim antikushtetues. B\u00ebri reflektimin. Tani \u00ebsht\u00eb procesi i ngritjes n\u00eb grad\u00eb. A e b\u00ebn me k\u00ebt\u00eb president, a menj\u00eb tjet\u00ebr, ai \u00ebsht\u00eb i detyruar t\u00eb zbatoj\u00eb korrespondenc\u00ebn me presidentin.\u201d<\/p>\n<p>Presidenti ka kritikuar faktin q\u00eb mazhoranca ngre komisione hetimore, kur kjo \u00ebsht\u00eb detyr\u00eb e opozit\u00ebs.<\/p>\n<p>Presidenti komentoi edhe vizit\u00ebn e tij t\u00eb fundit n\u00eb Britanin\u00eb e Madhe, duke th\u00ebn\u00eb se \u00ebsht\u00eb e pap\u00ebrgjegjshme q\u00eb nuk kemi ambasador aty.<\/p>\n<p>\u201cT\u00eb l\u00ebsh pa ambasador Britanin\u00eb e Madh\u00eb \u00ebsht\u00eb pap\u00ebrgjegj\u00ebsi. Nd\u00ebrkoh\u00eb q\u00eb Britania e Madhe e z\u00ebvend\u00ebsoi menj\u00ebher\u00eb ambasadorin n\u00eb Shqip\u00ebri,\u201d tha Topi.<\/p>\n<p>Nd\u00ebrkoh\u00eb presidenti ka deklaruar se duhet pranuar ekspertiza e FBI p\u00ebr hetimet e 21 janarit si e till\u00eb.<\/p>\n<p>Presidenti Bamir Topi, ka komentuar n\u00eb studion e Top Story deklarat\u00ebn e Fatos Nanos, t\u00eb vet\u00ebshpallur kandidat p\u00ebr president, se m\u00eb 21 janar, Topi nuk veproi si president.<\/p>\n<p>Topi deklaroi se Nano po p\u00ebrdor gjuh\u00ebn e Berish\u00ebs, p\u00ebr t\u2019iu servilosur atij p\u00ebr kandidatur\u00ebn e tij.<\/p>\n<p>\u201cKur ma than\u00eb dit\u00eb m\u00eb par\u00eb, mendova se zoti Nano e kishte fjal\u00ebn p\u00ebr 14 shtatorin, por duke e par\u00eb e mendoj se q\u00ebndrimi i tij lidhet me nj\u00eb pragmatiz\u00ebm konkret, por ndjej keqardhje se ai ka perifrazuar gjuh\u00ebn e Berish\u00ebs. Duke dashur t\u00eb jet\u00eb t\u00ebrheq\u00ebs p\u00ebr t\u00eb qen\u00eb n\u00eb krye t\u00eb shtetit, un\u00eb nuk do b\u00ebj komente t\u00eb tjera, por do i kujtoj zotit Nano n\u00ebse ka qen\u00eb n\u00eb Shqip\u00ebri, n\u00ebse ka qen\u00eb jasht\u00eb, uroj t\u00eb ket\u00eb ndjekur rolin e presidentit.<\/p>\n<p>N\u00eb rast se nuk e ka ndjekur, po e p\u00ebrs\u00ebris, m\u00eb 20 janar kam organizuar nj\u00eb pritje me trupin diplomatik, dhe duke par\u00eb q\u00eb klima ishte shum\u00eb e tensionuar, un\u00eb kam dal\u00eb nga teksti i shkruar dhe kam b\u00ebr\u00eb nj\u00eb apel ekstrem p\u00ebr at\u00eb \u00e7ast, duke iu kujtuar forcave politike p\u00ebrpara ambasador\u00ebve q\u00eb t\u00eb qet\u00ebsohen. Ky apel shkoi p\u00ebr fat t\u00eb keq n\u00eb vesh t\u00eb shurdh\u00ebr. Un\u00eb nuk d\u00ebshiroj t\u00eb kthehem tek nj\u00eb tem\u00eb q\u00eb e kam ezauruar, por presidenti i Republik\u00ebs ka zbatuar n\u00eb m\u00ebnyr\u00eb t\u00eb p\u00ebrpikt\u00eb p\u00ebr t\u00eb dal\u00eb nga ajo situat\u00eb e krijuar nga tensioni mes dy forcave politike, ata e realizojn\u00eb dhe fajin ia v\u00ebn\u00eb dikujt tjet\u00ebr,\u201d tha Topi.<\/p>\n<p>\u201cKjo klim\u00eb politike nuk precipiton p\u00ebr nj\u00eb dit\u00eb. Ajo \u00ebsht\u00eb konsumuar dit\u00eb pas dite. Sot \u00ebsht\u00eb momenti q\u00eb \u00e7do njeri q\u00eb ka nj\u00eb projekt politik, duhet ta b\u00ebj\u00eb n\u00eb m\u00ebnyr\u00eb dinjitoze, un\u00eb i uroj sukses n\u00eb ambicien e tij, por duke iu referuar asaj q\u00eb ai tha, do t\u2019i uroja q\u00eb k\u00ebt\u00eb gar\u00eb ta p\u00ebrballoj\u00eb me dinjitet.<\/p>\n<p>Zgjedhja e presidentit nuk duhet t\u00eb b\u00ebhet p\u00ebr interesat e nj\u00eb individi. Si\u00e7 ka ardhur puna me tendenc\u00ebn p\u00ebr pushtimin e institucioneve, nj\u00eb zgjedhje n\u00eb k\u00ebt\u00eb frym\u00eb, do prishte balanc\u00ebn e institucioneve,\u201d vijoi presidenti.<\/p>\n","protected":false},"excerpt":{"rendered":"<p>TemA, 26 Prill 2012 Presidenti thot\u00eb se marr\u00ebdh\u00ebniet e tij me Partin\u00eb Demokratike jan\u00eb nj\u00eb kapitull i mbyllur. Presidenti thot\u00eb se Fatos Nano po flet me gjuh\u00ebn e Berish\u00ebs, duke iu servilosur atij p\u00ebr kandidimin Presidenti Bamir Topi, duke folur n\u00eb studion e Top Story, tha se televizioni publik \u00ebsht\u00eb kthyer n\u00eb nj\u00eb fr\u00ebngji t\u00eb [&hellip;]<\/p>\n","protected":false},"author":1,"featured_media":0,"comment_status":"open","ping_status":"closed","sticky":false,"template":"","format":"standard","meta":{"footnotes":""},"categories":[2,4],"tags":[],"class_list":{"0":"post-2652","1":"post","2":"type-post","3":"status-publish","4":"format-standard","6":"category-artikuj","7":"category-intervista"},"yoast_head":"<!-- This site is optimized with the Yoast SEO plugin v27.4 - https:\/\/yoast.com\/product\/yoast-seo-wordpress\/ -->\n<title>SHPERTHEN Topi: Po shfaqen simptomat e nj\u00eb diktature. Nano, servil i Berish\u00ebs - FjALA e LIR\u00cb - Arkivi<\/title>\n<meta name=\"robots\" content=\"index, follow, max-snippet:-1, max-image-preview:large, max-video-preview:-1\" \/>\n<link rel=\"canonical\" href=\"https:\/\/fjala.info\/2009-2015\/shperthen-topi-po-shfaqen-simptomat-e-nje-diktature-nano-servil-i-berishes\/\" \/>\n<meta property=\"og:locale\" content=\"sq_AL\" \/>\n<meta property=\"og:type\" content=\"article\" \/>\n<meta property=\"og:title\" content=\"SHPERTHEN Topi: Po shfaqen simptomat e nj\u00eb diktature. Nano, servil i Berish\u00ebs - FjALA e LIR\u00cb - Arkivi\" \/>\n<meta property=\"og:description\" content=\"TemA, 26 Prill 2012 Presidenti thot\u00eb se marr\u00ebdh\u00ebniet e tij me Partin\u00eb Demokratike jan\u00eb nj\u00eb kapitull i mbyllur. Presidenti thot\u00eb se Fatos Nano po flet me gjuh\u00ebn e Berish\u00ebs, duke iu servilosur atij p\u00ebr kandidimin Presidenti Bamir Topi, duke folur n\u00eb studion e Top Story, tha se televizioni publik \u00ebsht\u00eb kthyer n\u00eb nj\u00eb fr\u00ebngji t\u00eb [&hellip;]\" \/>\n<meta property=\"og:url\" content=\"https:\/\/fjala.info\/2009-2015\/shperthen-topi-po-shfaqen-simptomat-e-nje-diktature-nano-servil-i-berishes\/\" \/>\n<meta property=\"og:site_name\" content=\"FjALA e LIR\u00cb - Arkivi\" \/>\n<meta property=\"article:published_time\" content=\"2012-04-26T22:00:11+00:00\" \/>\n<meta property=\"og:image\" content=\"http:\/\/www.shkoder.net\/2012\/bamir_topi.jpg\" \/>\n<meta name=\"author\" content=\"admin\" \/>\n<meta name=\"twitter:card\" content=\"summary_large_image\" \/>\n<meta name=\"twitter:label1\" content=\"Written by\" \/>\n\t<meta name=\"twitter:data1\" content=\"admin\" \/>\n\t<meta name=\"twitter:label2\" content=\"Est. reading time\" \/>\n\t<meta name=\"twitter:data2\" content=\"7 minutes\" \/>\n<script type=\"application\/ld+json\" class=\"yoast-schema-graph\">{\"@context\":\"https:\\\/\\\/schema.org\",\"@graph\":[{\"@type\":\"Article\",\"@id\":\"https:\\\/\\\/fjala.info\\\/2009-2015\\\/shperthen-topi-po-shfaqen-simptomat-e-nje-diktature-nano-servil-i-berishes\\\/#article\",\"isPartOf\":{\"@id\":\"https:\\\/\\\/fjala.info\\\/2009-2015\\\/shperthen-topi-po-shfaqen-simptomat-e-nje-diktature-nano-servil-i-berishes\\\/\"},\"author\":{\"name\":\"admin\",\"@id\":\"https:\\\/\\\/fjala.info\\\/2009-2015\\\/#\\\/schema\\\/person\\\/3aa1163ef05469c496fc94e77611ada2\"},\"headline\":\"SHPERTHEN Topi: Po shfaqen simptomat e nj\u00eb diktature. Nano, servil i Berish\u00ebs\",\"datePublished\":\"2012-04-26T22:00:11+00:00\",\"mainEntityOfPage\":{\"@id\":\"https:\\\/\\\/fjala.info\\\/2009-2015\\\/shperthen-topi-po-shfaqen-simptomat-e-nje-diktature-nano-servil-i-berishes\\\/\"},\"wordCount\":1328,\"commentCount\":0,\"publisher\":{\"@id\":\"https:\\\/\\\/fjala.info\\\/2009-2015\\\/#organization\"},\"image\":{\"@id\":\"https:\\\/\\\/fjala.info\\\/2009-2015\\\/shperthen-topi-po-shfaqen-simptomat-e-nje-diktature-nano-servil-i-berishes\\\/#primaryimage\"},\"thumbnailUrl\":\"http:\\\/\\\/www.shkoder.net\\\/2012\\\/bamir_topi.jpg\",\"articleSection\":[\"Artikuj\",\"Intervista\"],\"inLanguage\":\"sq-AL\",\"potentialAction\":[{\"@type\":\"CommentAction\",\"name\":\"Comment\",\"target\":[\"https:\\\/\\\/fjala.info\\\/2009-2015\\\/shperthen-topi-po-shfaqen-simptomat-e-nje-diktature-nano-servil-i-berishes\\\/#respond\"]}]},{\"@type\":\"WebPage\",\"@id\":\"https:\\\/\\\/fjala.info\\\/2009-2015\\\/shperthen-topi-po-shfaqen-simptomat-e-nje-diktature-nano-servil-i-berishes\\\/\",\"url\":\"https:\\\/\\\/fjala.info\\\/2009-2015\\\/shperthen-topi-po-shfaqen-simptomat-e-nje-diktature-nano-servil-i-berishes\\\/\",\"name\":\"SHPERTHEN Topi: Po shfaqen simptomat e nj\u00eb diktature. Nano, servil i Berish\u00ebs - FjALA e LIR\u00cb - Arkivi\",\"isPartOf\":{\"@id\":\"https:\\\/\\\/fjala.info\\\/2009-2015\\\/#website\"},\"primaryImageOfPage\":{\"@id\":\"https:\\\/\\\/fjala.info\\\/2009-2015\\\/shperthen-topi-po-shfaqen-simptomat-e-nje-diktature-nano-servil-i-berishes\\\/#primaryimage\"},\"image\":{\"@id\":\"https:\\\/\\\/fjala.info\\\/2009-2015\\\/shperthen-topi-po-shfaqen-simptomat-e-nje-diktature-nano-servil-i-berishes\\\/#primaryimage\"},\"thumbnailUrl\":\"http:\\\/\\\/www.shkoder.net\\\/2012\\\/bamir_topi.jpg\",\"datePublished\":\"2012-04-26T22:00:11+00:00\",\"breadcrumb\":{\"@id\":\"https:\\\/\\\/fjala.info\\\/2009-2015\\\/shperthen-topi-po-shfaqen-simptomat-e-nje-diktature-nano-servil-i-berishes\\\/#breadcrumb\"},\"inLanguage\":\"sq-AL\",\"potentialAction\":[{\"@type\":\"ReadAction\",\"target\":[\"https:\\\/\\\/fjala.info\\\/2009-2015\\\/shperthen-topi-po-shfaqen-simptomat-e-nje-diktature-nano-servil-i-berishes\\\/\"]}]},{\"@type\":\"ImageObject\",\"inLanguage\":\"sq-AL\",\"@id\":\"https:\\\/\\\/fjala.info\\\/2009-2015\\\/shperthen-topi-po-shfaqen-simptomat-e-nje-diktature-nano-servil-i-berishes\\\/#primaryimage\",\"url\":\"http:\\\/\\\/www.shkoder.net\\\/2012\\\/bamir_topi.jpg\",\"contentUrl\":\"http:\\\/\\\/www.shkoder.net\\\/2012\\\/bamir_topi.jpg\"},{\"@type\":\"BreadcrumbList\",\"@id\":\"https:\\\/\\\/fjala.info\\\/2009-2015\\\/shperthen-topi-po-shfaqen-simptomat-e-nje-diktature-nano-servil-i-berishes\\\/#breadcrumb\",\"itemListElement\":[{\"@type\":\"ListItem\",\"position\":1,\"name\":\"Home\",\"item\":\"https:\\\/\\\/fjala.info\\\/2009-2015\\\/\"},{\"@type\":\"ListItem\",\"position\":2,\"name\":\"SHPERTHEN Topi: Po shfaqen simptomat e nj\u00eb diktature. Nano, servil i Berish\u00ebs\"}]},{\"@type\":\"WebSite\",\"@id\":\"https:\\\/\\\/fjala.info\\\/2009-2015\\\/#website\",\"url\":\"https:\\\/\\\/fjala.info\\\/2009-2015\\\/\",\"name\":\"FjALA e LIR\u00cb - Arkivi\",\"description\":\"Arkivi 2009-2015\",\"publisher\":{\"@id\":\"https:\\\/\\\/fjala.info\\\/2009-2015\\\/#organization\"},\"potentialAction\":[{\"@type\":\"SearchAction\",\"target\":{\"@type\":\"EntryPoint\",\"urlTemplate\":\"https:\\\/\\\/fjala.info\\\/2009-2015\\\/?s={search_term_string}\"},\"query-input\":{\"@type\":\"PropertyValueSpecification\",\"valueRequired\":true,\"valueName\":\"search_term_string\"}}],\"inLanguage\":\"sq-AL\"},{\"@type\":\"Organization\",\"@id\":\"https:\\\/\\\/fjala.info\\\/2009-2015\\\/#organization\",\"name\":\"FjALA e LIR\u00cb - Arkivi\",\"url\":\"https:\\\/\\\/fjala.info\\\/2009-2015\\\/\",\"logo\":{\"@type\":\"ImageObject\",\"inLanguage\":\"sq-AL\",\"@id\":\"https:\\\/\\\/fjala.info\\\/2009-2015\\\/#\\\/schema\\\/logo\\\/image\\\/\",\"url\":\"\",\"contentUrl\":\"\",\"caption\":\"FjALA e LIR\u00cb - Arkivi\"},\"image\":{\"@id\":\"https:\\\/\\\/fjala.info\\\/2009-2015\\\/#\\\/schema\\\/logo\\\/image\\\/\"}},{\"@type\":\"Person\",\"@id\":\"https:\\\/\\\/fjala.info\\\/2009-2015\\\/#\\\/schema\\\/person\\\/3aa1163ef05469c496fc94e77611ada2\",\"name\":\"admin\",\"image\":{\"@type\":\"ImageObject\",\"inLanguage\":\"sq-AL\",\"@id\":\"https:\\\/\\\/fjala.info\\\/2009-2015\\\/wp-content\\\/uploads\\\/2012\\\/02\\\/arben_cokaj-120x150.jpg\",\"url\":\"https:\\\/\\\/fjala.info\\\/2009-2015\\\/wp-content\\\/uploads\\\/2012\\\/02\\\/arben_cokaj-120x150.jpg\",\"contentUrl\":\"https:\\\/\\\/fjala.info\\\/2009-2015\\\/wp-content\\\/uploads\\\/2012\\\/02\\\/arben_cokaj-120x150.jpg\",\"caption\":\"admin\"},\"description\":\"Admin, Fjala e Lir\u00eb\",\"sameAs\":[\"https:\\\/\\\/fjala.info\\\/\"],\"url\":\"https:\\\/\\\/fjala.info\\\/2009-2015\\\/author\\\/admin\\\/\"}]}<\/script>\n<!-- \/ Yoast SEO plugin. -->","yoast_head_json":{"title":"SHPERTHEN Topi: Po shfaqen simptomat e nj\u00eb diktature. Nano, servil i Berish\u00ebs - FjALA e LIR\u00cb - Arkivi","robots":{"index":"index","follow":"follow","max-snippet":"max-snippet:-1","max-image-preview":"max-image-preview:large","max-video-preview":"max-video-preview:-1"},"canonical":"https:\/\/fjala.info\/2009-2015\/shperthen-topi-po-shfaqen-simptomat-e-nje-diktature-nano-servil-i-berishes\/","og_locale":"sq_AL","og_type":"article","og_title":"SHPERTHEN Topi: Po shfaqen simptomat e nj\u00eb diktature. Nano, servil i Berish\u00ebs - FjALA e LIR\u00cb - Arkivi","og_description":"TemA, 26 Prill 2012 Presidenti thot\u00eb se marr\u00ebdh\u00ebniet e tij me Partin\u00eb Demokratike jan\u00eb nj\u00eb kapitull i mbyllur. Presidenti thot\u00eb se Fatos Nano po flet me gjuh\u00ebn e Berish\u00ebs, duke iu servilosur atij p\u00ebr kandidimin Presidenti Bamir Topi, duke folur n\u00eb studion e Top Story, tha se televizioni publik \u00ebsht\u00eb kthyer n\u00eb nj\u00eb fr\u00ebngji t\u00eb [&hellip;]","og_url":"https:\/\/fjala.info\/2009-2015\/shperthen-topi-po-shfaqen-simptomat-e-nje-diktature-nano-servil-i-berishes\/","og_site_name":"FjALA e LIR\u00cb - Arkivi","article_published_time":"2012-04-26T22:00:11+00:00","og_image":[{"url":"http:\/\/www.shkoder.net\/2012\/bamir_topi.jpg","type":"","width":"","height":""}],"author":"admin","twitter_card":"summary_large_image","twitter_misc":{"Written by":"admin","Est. reading time":"7 minutes"},"schema":{"@context":"https:\/\/schema.org","@graph":[{"@type":"Article","@id":"https:\/\/fjala.info\/2009-2015\/shperthen-topi-po-shfaqen-simptomat-e-nje-diktature-nano-servil-i-berishes\/#article","isPartOf":{"@id":"https:\/\/fjala.info\/2009-2015\/shperthen-topi-po-shfaqen-simptomat-e-nje-diktature-nano-servil-i-berishes\/"},"author":{"name":"admin","@id":"https:\/\/fjala.info\/2009-2015\/#\/schema\/person\/3aa1163ef05469c496fc94e77611ada2"},"headline":"SHPERTHEN Topi: Po shfaqen simptomat e nj\u00eb diktature. Nano, servil i Berish\u00ebs","datePublished":"2012-04-26T22:00:11+00:00","mainEntityOfPage":{"@id":"https:\/\/fjala.info\/2009-2015\/shperthen-topi-po-shfaqen-simptomat-e-nje-diktature-nano-servil-i-berishes\/"},"wordCount":1328,"commentCount":0,"publisher":{"@id":"https:\/\/fjala.info\/2009-2015\/#organization"},"image":{"@id":"https:\/\/fjala.info\/2009-2015\/shperthen-topi-po-shfaqen-simptomat-e-nje-diktature-nano-servil-i-berishes\/#primaryimage"},"thumbnailUrl":"http:\/\/www.shkoder.net\/2012\/bamir_topi.jpg","articleSection":["Artikuj","Intervista"],"inLanguage":"sq-AL","potentialAction":[{"@type":"CommentAction","name":"Comment","target":["https:\/\/fjala.info\/2009-2015\/shperthen-topi-po-shfaqen-simptomat-e-nje-diktature-nano-servil-i-berishes\/#respond"]}]},{"@type":"WebPage","@id":"https:\/\/fjala.info\/2009-2015\/shperthen-topi-po-shfaqen-simptomat-e-nje-diktature-nano-servil-i-berishes\/","url":"https:\/\/fjala.info\/2009-2015\/shperthen-topi-po-shfaqen-simptomat-e-nje-diktature-nano-servil-i-berishes\/","name":"SHPERTHEN Topi: Po shfaqen simptomat e nj\u00eb diktature. Nano, servil i Berish\u00ebs - FjALA e LIR\u00cb - Arkivi","isPartOf":{"@id":"https:\/\/fjala.info\/2009-2015\/#website"},"primaryImageOfPage":{"@id":"https:\/\/fjala.info\/2009-2015\/shperthen-topi-po-shfaqen-simptomat-e-nje-diktature-nano-servil-i-berishes\/#primaryimage"},"image":{"@id":"https:\/\/fjala.info\/2009-2015\/shperthen-topi-po-shfaqen-simptomat-e-nje-diktature-nano-servil-i-berishes\/#primaryimage"},"thumbnailUrl":"http:\/\/www.shkoder.net\/2012\/bamir_topi.jpg","datePublished":"2012-04-26T22:00:11+00:00","breadcrumb":{"@id":"https:\/\/fjala.info\/2009-2015\/shperthen-topi-po-shfaqen-simptomat-e-nje-diktature-nano-servil-i-berishes\/#breadcrumb"},"inLanguage":"sq-AL","potentialAction":[{"@type":"ReadAction","target":["https:\/\/fjala.info\/2009-2015\/shperthen-topi-po-shfaqen-simptomat-e-nje-diktature-nano-servil-i-berishes\/"]}]},{"@type":"ImageObject","inLanguage":"sq-AL","@id":"https:\/\/fjala.info\/2009-2015\/shperthen-topi-po-shfaqen-simptomat-e-nje-diktature-nano-servil-i-berishes\/#primaryimage","url":"http:\/\/www.shkoder.net\/2012\/bamir_topi.jpg","contentUrl":"http:\/\/www.shkoder.net\/2012\/bamir_topi.jpg"},{"@type":"BreadcrumbList","@id":"https:\/\/fjala.info\/2009-2015\/shperthen-topi-po-shfaqen-simptomat-e-nje-diktature-nano-servil-i-berishes\/#breadcrumb","itemListElement":[{"@type":"ListItem","position":1,"name":"Home","item":"https:\/\/fjala.info\/2009-2015\/"},{"@type":"ListItem","position":2,"name":"SHPERTHEN Topi: Po shfaqen simptomat e nj\u00eb diktature. Nano, servil i Berish\u00ebs"}]},{"@type":"WebSite","@id":"https:\/\/fjala.info\/2009-2015\/#website","url":"https:\/\/fjala.info\/2009-2015\/","name":"FjALA e LIR\u00cb - Arkivi","description":"Arkivi 2009-2015","publisher":{"@id":"https:\/\/fjala.info\/2009-2015\/#organization"},"potentialAction":[{"@type":"SearchAction","target":{"@type":"EntryPoint","urlTemplate":"https:\/\/fjala.info\/2009-2015\/?s={search_term_string}"},"query-input":{"@type":"PropertyValueSpecification","valueRequired":true,"valueName":"search_term_string"}}],"inLanguage":"sq-AL"},{"@type":"Organization","@id":"https:\/\/fjala.info\/2009-2015\/#organization","name":"FjALA e LIR\u00cb - Arkivi","url":"https:\/\/fjala.info\/2009-2015\/","logo":{"@type":"ImageObject","inLanguage":"sq-AL","@id":"https:\/\/fjala.info\/2009-2015\/#\/schema\/logo\/image\/","url":"","contentUrl":"","caption":"FjALA e LIR\u00cb - Arkivi"},"image":{"@id":"https:\/\/fjala.info\/2009-2015\/#\/schema\/logo\/image\/"}},{"@type":"Person","@id":"https:\/\/fjala.info\/2009-2015\/#\/schema\/person\/3aa1163ef05469c496fc94e77611ada2","name":"admin","image":{"@type":"ImageObject","inLanguage":"sq-AL","@id":"https:\/\/fjala.info\/2009-2015\/wp-content\/uploads\/2012\/02\/arben_cokaj-120x150.jpg","url":"https:\/\/fjala.info\/2009-2015\/wp-content\/uploads\/2012\/02\/arben_cokaj-120x150.jpg","contentUrl":"https:\/\/fjala.info\/2009-2015\/wp-content\/uploads\/2012\/02\/arben_cokaj-120x150.jpg","caption":"admin"},"description":"Admin, Fjala e Lir\u00eb","sameAs":["https:\/\/fjala.info\/"],"url":"https:\/\/fjala.info\/2009-2015\/author\/admin\/"}]}},"_links":{"self":[{"href":"https:\/\/fjala.info\/2009-2015\/wp-json\/wp\/v2\/posts\/2652","targetHints":{"allow":["GET"]}}],"collection":[{"href":"https:\/\/fjala.info\/2009-2015\/wp-json\/wp\/v2\/posts"}],"about":[{"href":"https:\/\/fjala.info\/2009-2015\/wp-json\/wp\/v2\/types\/post"}],"author":[{"embeddable":true,"href":"https:\/\/fjala.info\/2009-2015\/wp-json\/wp\/v2\/users\/1"}],"replies":[{"embeddable":true,"href":"https:\/\/fjala.info\/2009-2015\/wp-json\/wp\/v2\/comments?post=2652"}],"version-history":[{"count":0,"href":"https:\/\/fjala.info\/2009-2015\/wp-json\/wp\/v2\/posts\/2652\/revisions"}],"wp:attachment":[{"href":"https:\/\/fjala.info\/2009-2015\/wp-json\/wp\/v2\/media?parent=2652"}],"wp:term":[{"taxonomy":"category","embeddable":true,"href":"https:\/\/fjala.info\/2009-2015\/wp-json\/wp\/v2\/categories?post=2652"},{"taxonomy":"post_tag","embeddable":true,"href":"https:\/\/fjala.info\/2009-2015\/wp-json\/wp\/v2\/tags?post=2652"}],"curies":[{"name":"wp","href":"https:\/\/api.w.org\/{rel}","templated":true}]}}