{"id":2651,"date":"2010-05-15T01:08:52","date_gmt":"2010-05-15T00:08:52","guid":{"rendered":"http:\/\/fjala.shkoder.net\/?p=2651"},"modified":"2010-05-15T01:08:52","modified_gmt":"2010-05-15T00:08:52","slug":"opozita-vazhdon-greven-dhe-protestat","status":"publish","type":"post","link":"https:\/\/fjala.info\/2009-2015\/opozita-vazhdon-greven-dhe-protestat\/","title":{"rendered":"Opozita vazhdon grev\u00ebn dhe protestat"},"content":{"rendered":"<p><strong>Rama: Rezistenc\u00eb me durim, kauza jon\u00eb po p\u00ebrparon <\/strong><\/p>\n<p style=\"text-align: center;\"><img decoding=\"async\" style=\"margin-left: 10px; margin-right: 10px; border: 0px;\" src=\"http:\/\/www.shkoder.net\/images\/fjala\/2010\/rama_me_greviste_140510.jpg\" border=\"0\" alt=\"Protesta vazhdon, Rama me greviste t\u00eb uris\u00eb, 14 maj 2010\" width=\"500\" \/><br \/>\n<strong>Protesta vazhdon, Rama me greviste t\u00eb uris\u00eb, 14 maj 2010<\/strong><\/p>\n<p><em>TIRANE<\/em> &#8211; Nis protesta e opozit\u00ebs n\u00eb Bulevardin &#8220;D\u00ebshmor\u00ebt e Kombit&#8221; n\u00eb mb\u00ebshtetje t\u00eb grev\u00ebs s\u00eb uris\u00eb t\u00eb deputet\u00ebve t\u00eb PS-s\u00eb dhe mb\u00ebshtet\u00ebsve t\u00eb tyre p\u00ebr transparenc\u00ebn e zgjedhjeve. N\u00eb dit\u00ebn e 14-t\u00eb t\u00eb grev\u00ebs sh\u00ebndeti i grevist\u00ebve vazhdon t\u00eb r\u00ebndohen. Policia blindon Bulevardin.<\/p>\n<p><strong>ORA 22:45 &#8211; BUSHATI: DRAFTI, PROPOZIM RACIONAL<\/strong><br \/>\nGjat\u00eb nj\u00eb prononcimi p\u00ebr News 24 deputeti socialist Ditmir Bushati ka folur n\u00eb lidhje me ekzistenc\u00ebn e t\u00eb ashtuquajturit draft, q\u00eb do t\u00eb zgjidh\u00eb kriz\u00ebn politike. Bushati pranon se ka \u201cnj\u00eb propozim n\u00eb tavolin\u00eb, por se nuk mund t\u00eb artikulohen m\u00eb shum\u00eb detaje. Propozimi \u00ebsht\u00eb racional.\u201d<\/p>\n<p>Sipas tij duhen mir\u00ebkuptuar deklaratat e Bosch, pasi ato jan\u00eb \u201capel p\u00ebr t\u00eb zgjidhur kriz\u00ebn dhe maxhoranca duhet ti p\u00ebrgjigjet k\u00ebtyre apeleve\u201d, sipas Bushatit. Nd\u00ebr t\u00eb tjera theksoi se p\u00ebr zgjidhjen e kriz\u00ebs, nuk duhet vullneti i nj\u00eb pale, por i t\u00eb dyjave.<\/p>\n<p><strong>ORA: 21:37 &#8211; LESKAJ N\u00cb NEWS24: BERISHA T\u00cb MOS I LARGOHET ZGJIDHJES<\/strong><br \/>\nN\u00eb nj\u00eb komunikim p\u00ebr News24, deputetja e PS Valentina Leskaj deklaroi se opozita ka qen\u00eb dhe mbetet e hapur p\u00ebr zgjidhjen e ng\u00ebrcit politik n\u00eb vend. Duke ju referuar draftit t\u00eb propozuar nga nd\u00ebrkomb\u00ebtar\u00ebt, Leskaj tha se PS ka qen\u00eb n\u00eb nj\u00eb linj\u00eb vazhdimisht me partner\u00ebt nd\u00ebrkomb\u00ebtar\u00eb.<\/p>\n<p>\u201cNe vazhdimisht kemi qen\u00eb p\u00ebr zgjidhje, kemi kontribuar p\u00ebr zgjidhje kemi paraqitur oferta. PS ka qen\u00eb gjithmon\u00eb ofruese dhe jo refuzuese Jemi k\u00ebtu p\u00ebr dialog, p\u00ebr zgjidhje afatgjat\u00eb dhe t\u00eb q\u00ebndrueshme p\u00ebr shqiptar\u00ebt. Shpresoj q\u00eb kryeministri t\u00eb mos i largohet zgjidhjes\u201d u shpreh Leskaj.<\/p>\n<p><strong>ORA. 21:00 &#8211; DULE P\u00cbR NEWS 24: EKZISTON NJ\u00cb DRAFT P\u00cbR KOMPROMIS<br \/>\n<\/strong>Kreu i PBDNJ-s\u00eb, Vangjel Duke n\u00eb nj\u00eb deklarat\u00eb p\u00ebr News 24 pas protest\u00ebs s\u00eb sotme deklaron ekzistenc\u00ebn e nj\u00eb drafti idesh p\u00ebr nj\u00eb kompromis t\u00eb mundsh\u00ebm moes opozit\u00ebs e maxhoranc\u00ebs. \u201cEkziston nj\u00eb draft idesh p\u00ebr nj\u00eb kompromis. Fryma \u00ebsht\u00eb positive, na con n\u00eb zgjidhje\u201d, &#8211; deklaroi Dule.<br \/>\nSipas Dules, drafti \u00ebsht\u00eb nj\u00eb kontribut i ofruar nga nd\u00ebrkomb\u00ebtar\u00ebt p\u00ebr zgjidhje, nd\u00ebrsa shton se \u201cKam nj\u00eb kopje t\u00eb draftit t\u00eb propozuar.\u201d<\/p>\n<p><strong>ORA: 20:04 &#8211; RAMA: KAUZA JON\u00cb PO P\u00cbRPARON, ZGJIDHJA \u00cbSHT\u00cb AF\u00cbR<\/strong><br \/>\nN\u00eb dit\u00ebn e 14-t\u00eb t\u00eb aksionit politik opozitar, p\u00ebrmes protestash t\u00eb vazhdueshme n\u00eb t\u00eb gjith\u00eb Shqip\u00ebrin\u00eb dhe grev\u00ebs s\u00eb uris\u00eb n\u00eb sheshin p\u00ebrpara kryeministris\u00eb, kryesocialisti Edi Rama shpreh vendosm\u00ebrin\u00eb e opozit\u00ebs p\u00ebr t\u00eb mos u gjunj\u00ebzuar e p\u00ebr t\u00eb cuar deri n\u00eb fund kauz\u00ebn p\u00ebr transparenc\u00eb, e cila sic tha Rama, po p\u00ebrparon cdo dit\u00eb e m\u00eb shum\u00eb drejt zgjidhjes.<\/p>\n<p>\u201cDo t\u00eb rezistojm\u00eb me kurajo e durim pa thyer asnj\u00eb xham e pa k\u00ebputur asnj\u00eb lule.<br \/>\nKurr\u00eb nuk kam besuar tek dhuna dhe kurr\u00eb nuk do t\u00eb dyshoj tek rezistenca paq\u00ebsore si e vetmja rrug\u00eb p\u00ebr ti hapur rrug\u00eb t\u00eb mir\u00ebs. Z\u00ebri yn\u00eb po d\u00ebgjohet, kauza jon\u00eb po p\u00ebrparon, zgjidhja \u00ebsht\u00eb sot m\u00eb af\u00ebr se asnj\u00ebher\u00eb n\u00eb k\u00ebta 9 muaj\u201d u shpreh lideri i opozit\u00ebs p\u00ebrpara mb\u00ebshtet\u00ebsve t\u00eb shumt\u00eb q\u00eb ju bashkuan sot protest\u00ebs s\u00eb opozit\u00ebs.<\/p>\n<p>N\u00eb p\u00ebrgjigje t\u00eb akuzave t\u00eb ardhura nga ana e maxhoranc\u00ebs, e cila konsideron grev\u00ebn e uris\u00eb si penges\u00eb q\u00eb po i b\u00ebhet vendit n\u00eb rrug\u00ebn drejt Europ\u00ebs, Rama tha se jan\u00eb kutit\u00eb e mbyllura ato q\u00eb e mbajn\u00eb Shqip\u00ebrin\u00eb larg Europ\u00ebs.<br \/>\n\u201cNuk \u00ebsht\u00eb greva jon\u00eb e uris\u00eb q\u00eb ka sjell\u00eb thellimin e kriz\u00ebs, por thellimi i kriz\u00ebs q\u00eb ka sjell\u00eb grev\u00ebn ton\u00eb t\u00eb uris\u00eb. Mungesa e normalitetit demokratik t\u00eb k\u00ebtij vendi \u00ebsht\u00eb shkaku i protestave tona. Jan\u00eb kutit\u00eb e mbyllura t\u00eb zgjedhjeve q\u00eb e mbajn\u00eb Shqip\u00ebrin\u00eb larg Europ\u00ebs\u201d u shpreh Rama.<\/p>\n<p>Duke u b\u00ebr\u00eb thirrje forcave t\u00eb policis\u00eb t\u00eb veprojn\u00eb sipas Kushtetut\u00ebs pa u b\u00ebr\u00eb mjet i interesave t\u00eb pushtetit, Rama tha se populli do t\u00eb arrij\u00eb tek e ardhmja e d\u00ebshiruar pa thyer asnj\u00eb xham e pa k\u00ebputur asnj\u00eb lule.<\/p>\n<p>Nd\u00ebrsa shprehu mir\u00ebnjohje e admirim p\u00ebr grevist\u00ebt q\u00eb jan\u00eb duke p\u00ebrmbyllur dit\u00ebn e 14-t\u00eb n\u00eb munges\u00eb t\u00eb plot\u00eb t\u00eb ushqimit, Rama theksoi se beteja p\u00ebr Shqip\u00ebrin\u00eb e re \u00ebsht\u00eb e v\u00ebshtir\u00eb dhe e mundimshme por n\u00eb interes t\u00eb cdo qytetari.<br \/>\n\u201cAskush mos mendoj\u00eb se ne do t\u00eb thyhemi ne nuk l\u00ebvizim prej k\u00ebtej sepse ajo q\u00eb ne k\u00ebrkojm\u00eb \u00ebsht\u00eb interesi yn\u00eb komb\u00ebtar, interesi i cdo qytetari. Kjo \u00ebsht\u00eb nj\u00eb betej\u00eb p\u00ebr Shqip\u00ebrin\u00eb e re, p\u00ebr ta cliruar vendin nga kthetrat e korrupsionit, \u00ebsht\u00eb nj\u00eb betej\u00eb p\u00ebr vendin ton\u00eb ku populli zgjedh ata q\u00eb do ta qeverisin&#8221;, vazhdoi m\u00eb tej kryesocialisti.<\/p>\n<p><strong>ORA 19:20 &#8211; GREVISTET FLASIN NGA CADRA: ZGJEDHJE T\u00cb PARAKOHSHME N\u00cbSE NUK KA TRANSPARENC\u00cb<\/strong><br \/>\nFatmir Xhafaj, deputeti grevist, ka deklaruar nga greva e uris\u00eb se \u201cSot \u00ebsht\u00eb dita e 14-t\u00eb e grev\u00ebs, 14 dit\u00eb rezistenc\u00eb p\u00ebr transparenc\u00eb, sipas tij nuk jan\u00eb pak p\u00ebr nj\u00eb kauz\u00eb t\u00eb v\u00ebrtet\u00eb q\u00eb ka n\u00eb themel clirimin e zgjedhjeve.<br \/>\n\u201cNe nuk do t\u00eb ikim me k\u00ebmb\u00ebt tona nga kjo cad\u00ebr por do ta p\u00ebrshkall\u00ebzojm\u00eb m\u00eb tej k\u00ebt\u00eb grev\u00eb. Ne sot po k\u00ebrkojm\u00eb thjesht dhe vet\u00ebm nj\u00eb t\u00eb drejt\u00eb legjitime, por n\u00ebse nuk plot\u00ebsohet kjo e drejt\u00eb k\u00ebrkojm\u00eb t\u00eb largohet kjo qeveri dhe t\u00eb nisin zgjedhje t\u00eb parakohshme. Jemi t\u00eb gatsh\u00ebm t\u00eb negociojm\u00eb, por jo t\u00eb b\u00ebjm\u00eb pazare n\u00eb kurriz t\u00eb kauz\u00ebs s\u00eb demokracis\u00eb\u201d, &#8211; theksoi Xhafaj.<\/p>\n<p>Deputeti socialist, Ilir Beqja i futur prej 14 dit\u00ebsh n\u00eb grev\u00ebn e uris\u00eb e quajti aksionin e opozit\u00ebs \u201cBetej\u00ebn m\u00eb t\u00eb madhe midis qytetaris\u00eb dhe barbaris\u00eb\u201d. Beqja n\u00ebnvizoi vendosm\u00ebrin\u00eb p\u00ebr t\u00eb cuar deri n\u00eb fund kauz\u00ebn p\u00ebr transparenc\u00eb nd\u00ebrsa tha se p\u00ebrmes rezistenc\u00ebs , opozita do ti jap\u00eb fund barbaris\u00eb n\u00eb vend.<\/p>\n<p>Nd\u00ebrsa deputeti Arben Ahmetaj \u00ebsht\u00eb shprehur se \u201cNuk dalim me k\u00ebmb\u00eb nga kjo cad\u00ebr deri n\u00eb dit\u00ebn q\u00eb Sali Berisha dhe qeveria e tij e korruptuar nuk gjunj\u00ebzohet para nj\u00eb populli democrat\u201d<\/p>\n<p>Kreu i G99, <strong>Erion Veliaj<\/strong> shprehu falenderime p\u00ebr qytetar\u00ebt mb\u00ebshtet\u00ebs, \u201cPas 300 or\u00ebsh n\u00eb k\u00ebt\u00eb cad\u00ebr kemi pasur 3 mij\u00eb qytetar\u00eb q\u00eb na mb\u00ebshtesnin\u201d, prandaj i themi Sali Berish\u00ebs se populli nuk ju do m\u00eb, do transparenc\u00eb dhe do Europ\u00ebn k\u00ebtu\u201d, deklaroi Veliaj.<\/p>\n<p>Gjat\u00eb fjal\u00ebs s\u00eb tij, deputeti Taulant Balla ju drejtua forcave t\u00eb policis\u00eb duke u b\u00ebr\u00eb thirrje t\u00eb mos i tremben protest\u00ebs s\u00eb opozit\u00ebs.<br \/>\n\u201cD\u00ebshiroj ti them nj\u00eb mesazh t\u00eb shkurt\u00ebr 2000 punonj\u00ebsve t\u00eb polisic\u00eb q\u00eb kan\u00eb rrethuar sot kryeministrin\u00eb. Ne nuk jemi k\u00ebtu kund\u00ebr jush, ne duam ti jepim dinjitet pun\u00ebs suaj, sepse morali i policis\u00eb ka humbur, sepse qeveria jon\u00eb drejtohet nga nj\u00eb kryeminist\u00ebr hajdut\u201d u shpreh Balla.<\/p>\n<p>\u201cSot ne njer\u00ebzit e k\u00ebtij vendi q\u00eb luftojm\u00eb p\u00ebr demokraci jemi nj\u00eb, prandaj un\u00eb sot e kam harruar emrin tim, mbaj emrin e cdo shqiptari q\u00eb proteston\u201d, &#8211; deklaroi deputetja Shega Ligori.<\/p>\n<p>Nd\u00ebrsa k\u00ebng\u00ebtarja Elsa Lila ka mish\u00ebruar n\u00eb k\u00ebng\u00eb \u201cFjal\u00ebt e qiriut\u201d t\u00eb Naim Frash\u00ebrit dhe m\u00eb pas ka deklaruar se \u201cJemi t\u00eb gjith\u00eb qirinj, q\u00eb po tretemi p\u00ebr shpres\u00eb, p\u00ebr liri, p\u00ebr t\u00b4ju dh\u00ebn\u00eb m\u00eb shum\u00eb drit\u00eb.\u201d<\/p>\n<p>M\u00eb tej deputeti Blendi Klosi n\u00ebnvizoi se Partia Socialiste arriti t\u00eb shnd\u00ebrrohet n\u00eb mish\u00ebrim t\u00eb k\u00ebrkesave t\u00eb t\u00eb gjith\u00eb shqipatr\u00ebve. \u201cPS arriti t\u00eb b\u00ebhet mish\u00ebrimi i k\u00ebrkesave t\u00eb gjith\u00eb shqiptar\u00ebve. &#8220;Ne arrit\u00ebm t\u00eb ishim nga 20 deputet\u00eb t\u00eb shnd\u00ebrrohemi n\u00eb 200 grevsit\u00eb e nga 200 grevist\u00eb n\u00eb 200 mij\u00eb mb\u00ebshtet\u00ebs, sepse ne jemi misionar\u00eb t\u00eb liris\u00eb\u201d, &#8211; tha Klosi.<br \/>\n\u201cBerisha mendon se ne do t\u00eb shkrihemi k\u00ebtu, por ai harron se nga ky moment nuk ka m\u00eb grevist\u00eb por misionar\u00eb, nga ky moment ka vet\u00ebm lule shprese dhe fitore\u201d, -deklaroi Klosi.<\/p>\n<p><strong>ORA: 19:09 &#8211; NGJELA: BERISHA T\u00cb PRANOJ\u00cb KOMPROMISIN E ND\u00cbRKOMB\u00cbTAR\u00cbVE<\/strong><br \/>\nKryetari i PLD-s\u00eb, Spartak Ngjela duke ju referuar deklarat\u00ebs s\u00eb sotme t\u00eb Ambasadorit Bosch p\u00ebr kompromisin e propozuar nga BE, SHBA e OSBE n\u00eb funksion t\u00eb zgjidhjes s\u00eb kriz\u00ebs politike n\u00eb vend, i b\u00ebri thirrje kreut t\u00eb qeveris\u00eb t\u00eb pranoj\u00eb zgjidhjen e ofruar nga b\u00ebrthama e demokracis\u00eb.<\/p>\n<p>\u201cSot n\u00eb tryez\u00ebn e k\u00ebtij kryeministri \u00ebsht\u00eb hedhur kompromisi i propozuar nga SHBA, BE dhe OSBE dhe ky palaco q\u00eb nuk b\u00ebn gj\u00eb tjet\u00ebr vecse bredh, nuk pranon kompromisin\u201d u shpreh Ngjela nd\u00ebrsa theksoi se opzita prej 9 muajsh k\u00ebrkon nj\u00eb t\u00eb drejt\u00eb elementare p\u00ebr transparenc\u00ebn e vot\u00ebs.<\/p>\n<p><strong>ORA 19:00 &#8211; DULE: N\u00cb SHESH M\u00cb SHUM\u00cb SE 250 MIJ\u00cb P\u00cbR VOT\u00cbN E LIR\u00cb<\/strong><br \/>\n\u201cJemi m\u00eb shum\u00eb se 250 mij\u00eb n\u00eb shesh p\u00ebr t\u00eb th\u00ebn\u00eb hapni kutit\u00eb, hapni rrug\u00ebn drejt Europ\u00ebs\u201d, k\u00ebshtu e ka nisur fjal\u00ebn e tij n\u00eb protest\u00eb kreu i PBDNJ-s\u00eb Vangjel Dule.<br \/>\nDuke theksuar se vendi \u00ebsht\u00eb n\u00eb kriz\u00eb t\u00eb thell\u00eb institucionale dhe ekonomike, Dule i ka b\u00ebr\u00eb thirrje qeveris\u00eb t\u00eb hap\u00eb kutit\u00eb e zgjedhjeve.<br \/>\n\u201cV\u00ebndi \u00ebsht\u00eb shitur dhe n\u00eb kriz\u00eb t\u00eb thell\u00eb, kriz\u00eb politike dhe institucionale, biznesi \u00ebsht\u00eb zhytur n\u00eb faliment, papun\u00ebsia po rritet, nd\u00ebrkomb\u00ebtar\u00ebt shprehin cdo dit\u00eb shqet\u00ebsimin se vendi yn\u00eb \u00ebsht\u00eb i vetmi vend i NATO-s q\u00eb nuk ka garantuar dot zgjedhjet e ndershme. Qeveria jon\u00eb \u00ebsht\u00eb ulur k\u00ebmb\u00ebkryq n\u00eb kutin\u00eb e zez\u00eb t\u00eb avionit t\u00eb rr\u00ebzuar n\u00eb zgjedhjet e 28 qershorit. Prandaj le ta d\u00ebgjoj\u00eb sot z\u00ebrin e popullit q\u00eb k\u00ebrkon transparenc\u00eb\u201d, &#8211; n\u00ebnvizoi Dule.<\/p>\n<p><strong>Ora 18:55 &#8211; NDOKA: OSE HAP KUTIT\u00cb, OSE LARGOHU<\/strong><br \/>\nKreu i PDK-s\u00eb Nard Ndoka ka akuzuar n\u00eb protest\u00ebn e sotme qeverin\u00eb se e kan\u00eb sh\u00ebnd\u00ebrruar shtetin demokratik n\u00eb karikatur\u00eb, nd\u00ebrsa I ka b\u00ebr\u00eb thirrje Berish\u00ebs, t\u00eb d\u00ebgjoj\u00eb qytetar\u00ebt, ose p\u00ebrndryshe ti hap\u00eb rrug\u00ebn zgjedhjeve t\u00eb reja.<\/p>\n<p>\u201cOse t\u00eb d\u00ebgjosh vullnetin e qytetar\u00ebve ose t\u00eb largohesh nj\u00ebher\u00eb e m\u00eb par\u00eb ,dhe ti l\u00ebsh rrug\u00ebn zgjedhjeve t\u00eb reja e t\u00eb ndershme\u201d, &#8211; deklaroi Ndoka. N\u00eb mbyllje t\u00eb fjal\u00ebs s\u00eb tij Ndoka u shpreh se, \u201cIntegrimi nuk \u00ebsht\u00eb sllogan, integrimi \u00ebsht\u00eb proces reformash. Ne e duam Shqip\u00ebrin\u00eb si e gjith\u00eb Europa.\u201d<\/p>\n<p><strong>ORA: 18:52 &#8211; MILO: SOT ORA FINALE, NUK MUND T\u00cb DUROHET M\u00cb<\/strong><br \/>\nKreu i PDS, Paskal Milo nisi fjal\u00ebn e tij p\u00ebrpara mb\u00ebshtet\u00ebsve t\u00eb shumt\u00eb t\u00eb mbledhur n\u00eb Bulevard duke i b\u00ebr\u00eb thirrje kryeministrit Berisha t\u00eb d\u00ebgjoj\u00eb z\u00ebrin e popullit, q\u00eb sic tha ai, \u00ebsht\u00eb derdhur rrug\u00ebve n\u00eb k\u00ebrkim t\u00eb demokracis\u00eb dhe vot\u00ebs s\u00eb lir\u00eb.<\/p>\n<p>\u201cSot dhjet\u00ebra mij\u00ebra shqiptar\u00eb d\u00ebshirojn\u00eb ti jepet fund k\u00ebsaj qeverie q\u00eb nuk d\u00ebgjon z\u00ebrin e arsyes. \u00cbsht\u00eb z\u00ebri i nj\u00eb populli t\u00eb t\u00ebr\u00eb q\u00eb \u00ebsht\u00eb derdhur rrug\u00ebve, q\u00eb k\u00ebrkon vot\u00ebn e lir\u00eb, demokracin\u00eb. Prandaj zoti Berisha d\u00ebgjoni z\u00ebrin e arsyes sa nuk \u00ebsht\u00eb von\u00eb, nuk mund t\u00eb durohet m\u00eb\u201d u shpreh Milo.<\/p>\n<p><strong>ORA 18:40 &#8211; NIS PROTESTA E OPOZITES, GJINUSHI: GREVA P\u00cbR NJ\u00cb QEVERI NDRYSHE<\/strong><br \/>\nN\u00eb protest\u00ebn e madhe t\u00eb paralajm\u00ebruar nga opozita ka folur I pari Kryetari i Partis\u00eb Social Demokrate, Sk\u00ebnder Gjinushi. P\u00ebrpara kryeministris\u00eb Gjinushi thekson se largimi i Sali Berish\u00ebs \u00ebsht\u00eb zgjidhja e kriz\u00ebs.<\/p>\n<p>\u201cKriza ka vet\u00ebm nj\u00eb em\u00ebr Sali Berisha. Zgjidhja \u00ebsht\u00eb vet\u00ebm nj\u00eb, largimi i tij. Ju e keni kapur me presh n\u00eb duar Saliun 2 her\u00eb, por tani e keni kapur me duar n\u00eb kuti. Populli e njeh si Sali Ruzhdia dhe i k\u00ebrkon vot\u00ebn e tij me cdo kusht\u201d, tha Gjinushi.<br \/>\nDuke l\u00ebshuar batuta kund\u00ebr qeveris\u00eb, Berish\u00ebs e Ilir Met\u00ebs, Gjinushi theksoi, \u201cSot 200 nga shok\u00ebt tan\u00eb jan\u00eb n\u00eb grev\u00eb urie dhe 200 000 shqiptar nuk kan\u00eb me se t\u00eb jetojn\u00eb, pushteti nuk merret n\u00eb tavolin\u00eb por as n\u00ebn tavolin\u00eb duke b\u00ebr\u00eb pazare me LSI. N\u00eb k\u00ebt\u00eb godin\u00eb mund t\u00eb hyni vet\u00ebm me votoat tuaja dhe jo t\u00eb p\u00ebrdor\u00ebsh Ilirin si cel\u00ebs kopil\u201d, deklaroi kreu i PSD-s\u00eb.<\/p>\n<p><strong>ORA: 17:51 &#8211; PRITET T\u00cb NIS\u00cb PROTESTA, BASHA V\u00cbZHGON NGA TARRACA E KRYEMINISTRIS\u00cb<\/strong><br \/>\nPritet t\u00eb nis\u00eb protesta e madhe e opozit\u00ebs n\u00eb Bulevardin p\u00ebrpara kryeministris\u00eb. Protestues nga t\u00eb gjitha qytetet e vendit do t\u00eb marshojn\u00eb drejt bulevardit nga akse t\u00eb ndryshme t\u00eb kryeqytetit. Protesta pritet t\u00eb nis\u00eb sikurse cdo dit\u00eb tjet\u00ebr n\u00eb or\u00ebn 18:00 nd\u00ebrsa sipas drejtuesve t\u00eb PS, ky do t\u00eb jet\u00eb manifestimi m\u00eb i madh opozitar.<br \/>\nPriten fjalime nga krer\u00ebt e PS dhe aleat\u00ebt nd\u00ebrsa nuk dihet se cfar\u00eb vendimesh do t\u00eb merren n\u00eb kuad\u00ebr t\u00eb asaj q\u00eb \u00ebsht\u00eb deklaruar nga opozita n\u00eb lidhje me p\u00ebrshkall\u00ebzimin e aksionit politik.<br \/>\nP\u00ebrpara selis\u00eb s\u00eb kryeministris\u00eb jan\u00eb n\u00eb gadishm\u00ebri forca t\u00eb shumta policore nd\u00ebrsa nuk mungon as vet\u00eb Ministri i Brendsh\u00ebm, Lul\u00ebzim Basha i cili \u00ebsht\u00eb shfaqur n\u00eb tarrac\u00ebn e godin\u00ebs.<\/p>\n<p><strong>ORA 17:40 &#8211; L\u00cb GREV\u00cbN GREVISTI I 35-T\u00cb<\/strong><br \/>\nSot n\u00eb dit\u00ebn e 14-t\u00eb t\u00eb grev\u00ebs, pak minuta para se t\u00eb filloj\u00eb protesta masive e opozit\u00ebs, d\u00ebrgohet n\u00eb spital grevisti i 35-t\u00eb. B\u00ebhet fjal\u00eb p\u00ebr P\u00ebrparim Metaj, 39 vjec.<br \/>\nMjek\u00ebt q\u00eb kujdesen p\u00ebr grevist\u00ebt kan\u00eb vendosur ta largojn\u00eb 39-vjecarin pas r\u00ebndimit t\u00eb gj\u00ebndjes s\u00eb tij sh\u00ebndet\u00ebsore. Luhatje tensioni, dhimbje t\u00eb forta stomaku, kan\u00eb q\u00ebn\u00eb simptomat q\u00eb kan\u00eb detyruar stafin mjek\u00ebsor ta d\u00ebrgojn\u00eb at\u00eb menj\u00ebher\u00eb drejt spitalit infektiv n\u00eb QSUT.<\/p>\n<p><strong>ORA 17:00 &#8211; DOKLE: 2000 QYTETAR\u00cb GATI P\u00cbR N\u00cb GREV\u00cb URIE<\/strong><br \/>\nDeputeti i Partis\u00eb Socialiste Namik Dokle, nj\u00eb or\u00eb p\u00ebrpara fillimit t\u00eb protest\u00ebs mmasive t\u00eb PS, deklaron se n\u00eb protest\u00eb do t\u00eb mblidhen qytetar\u00eb nga i gjith\u00eb vendi, nd\u00ebrsa shton q\u00eb policia po i pengon ata ti drejtohen bulevardit.\u201cN\u00eb protest\u00eb po vijn\u00eb qytetar\u00eb nga i gjith\u00eb vendi, por policia po pengon l\u00ebvizjen e tyre\u201d<\/p>\n<p>Duke theksuar se kryefjala e k\u00ebsaj proteste \u00ebsht\u00eb transparenca e zgjedhjeve ne jemi t\u00eb vendosur ti shkojm\u00eb asaj deri n\u00eb fund. \u201cRespektojm\u00eb dialogun respektojm\u00eb kontaktet me nd\u00ebrkomb\u00ebtar\u00ebt, por do ti shkojm\u00eb deri n\u00eb fund kauz\u00ebs son\u00eb p\u00ebr transparenc\u00eb\u201d, &#8211; theksoi Dokle nd\u00ebrkoh\u00eb q\u00eb deklaroi se jan\u00eb gati \u201c2000 mb\u00ebshtet\u00ebt\u00ebs p\u00ebr tu b\u00ebr\u00eb pjes\u00eb e grev\u00ebs s\u00eb uris\u00eb.\u201d<\/p>\n<p><strong>ORA 14:10 &#8211; SOT DY DIT\u00cbLINDJE BRENDA CADRAVE T\u00cb GREV\u00cbS S\u00cb URIS\u00cb<br \/>\n<em>Dy grevist\u00eb kan\u00eb pasur sot dit\u00eblindjen, nj\u00ebri prej t\u00eb cil\u00ebve deputet<\/em><\/strong><br \/>\nArtan Gaci 41 vjec dhe tjetri shtetasi, Bujar Cela, aktivist n\u00eb PS nga Lushnja. P\u00ebr k\u00ebr\u00eb arsye kreu i PS Edi Rama ka vizituar sot cadr\u00ebn e grevist\u00ebve, duke u dhuruar atyre lule dhe duke u uruar ditelindjen.<\/p>\n<p><strong>ORA 13:40 &#8211;\u00a0TJETER GREVIST LE GREVEN<br \/>\n<\/strong>Nj\u00eb tjet\u00ebr grevist d\u00ebrgohet n\u00eb spital, pas komplikacioneve n\u00eb stomak . Astrit Cengu, 36 vje\u00e7 nga Kuk\u00ebsi. Vete n\u00eb 34 numri i grevist\u00ebve q\u00eb l\u00ebn\u00eb grev\u00ebn e uris\u00eb.<\/p>\n<p><strong>Ora 13:05 &#8211; RAMA: GREVA P\u00cbR TRANSPARENC\u00cb, C\u00cbSHTJE E T\u00cb GJITHA PAL\u00cbVE<br \/>\n<\/strong>Kryetari i socialist\u00ebve Edi Rama theksoi dhe nj\u00ebher\u00eb sot se transparenca e zgjedhjeve \u00ebsht\u00eb nj\u00eb c\u00ebshtje q\u00eb nuk i p\u00ebrket vet\u00ebm PS, por t\u00eb gjith\u00eb qytetar\u00ebve, p\u00ebr t\u00eb ciln\u00eb ja vlen t\u00eb b\u00ebsh grev\u00eb. Pas daljes nga spitali infektiv ku q\u00ebndrojn\u00eb t\u00eb shtruar disa grevist\u00eb, Rama n\u00eb nj\u00eb prononcim p\u00ebr shtyp theksoi se \u201cedhe mjek\u00ebt jan\u00eb cuditur me v\u00ebrtet\u00ebsin\u00eb e k\u00ebsaj greve, me trupat e drobitur q\u00eb besojn\u00eb n\u00eb kauz\u00ebn e tyre q\u00eb \u00ebsht\u00eb thelb\u00ebsore dhe themelore\u201d.<br \/>\n\u201cTransparenca \u00ebsht\u00eb tashm\u00eb nj\u00eb interes publik, nuk \u00ebsht\u00eb e nj\u00eb pale por e t\u00eb gjitha pal\u00ebve. Dua t\u00eb theksoj se jemi t\u00eb vendosur p\u00ebr \u00e7do zgjidhje q\u00eb i hap rrug\u00eb transparenc\u00ebs&#8221;, vuri n\u00eb dukej Rama.<br \/>\nN\u00eb kuad\u00ebr t\u00eb p\u00ebrpjekjes s\u00eb grevist\u00ebve, Rama vuri n\u00eb dukje nj\u00eb tjet\u00ebr p\u00ebrpjekje sipas tij t\u00eb padenj\u00eb.<br \/>\n\u201c P\u00ebrball\u00eb k\u00ebsaj p\u00ebrpjekje, kemi nj\u00eb p\u00ebrpjekje t\u00eb padenj\u00eb t\u00eb sh\u00ebmtuar dhe t\u00eb l\u00ebkundur q\u00eb me balt\u00ebn e shpifjeve dhe l\u00ebkundjeve k\u00ebrkon t\u00eb dekurajoj\u00eb ata q\u00eb jan\u00eb t\u00eb vendosur e t\u00eb pal\u00ebkundur, qytetar\u00ebt e p\u00ebrfshir\u00eb n\u00eb k\u00ebt\u00eb betej\u00eb\u201d, u shpreh Rama.<\/p>\n<p><strong>ORA 11:40 &#8211; GREVISTI I 33-te DERGOHET NE SPITAL<\/strong><br \/>\nGrevisti i 33-t\u00eb \u00ebsht\u00eb detyruar t\u00eb nd\u00ebrpres\u00eb grev\u00ebn sot paradite p\u00ebr shkak t\u00eb komplikacioneve t\u00eb sh\u00ebndetit t\u00eb ardhura nga mos ushqyerja p\u00ebr dy jav\u00eb rresht. Ferit Leka, qytetar nga Elbasani, nj\u00ebkoh\u00ebsisht v\u00ebllai I deputetit t\u00eb k\u00ebtij qarku, Agim Leka \u00ebsht\u00eb transportuar rreth or\u00ebs 11.30 minuta me ambulanc\u00eb n\u00eb QSUT. Aktualisht n\u00eb kampin e grevist\u00ebve ndodhen rreth 170 protestues, nga 202 t\u00eb cil\u00ebt nis\u00ebn grev\u00ebn e uris\u00eb p\u00ebr trasnparenc\u00ebn e zgjedhjeve n\u00eb mb\u00ebrmjen e 30 prillit.<\/p>\n<p><strong>ORA 08:45 &#8211; DOKLE: GREVA NUK TERHIQET<\/strong><br \/>\nDeputeti socialist Namik Dokle tha sot n\u00eb m\u00ebngjes se grevist\u00ebt jan\u00eb t\u00eb dob\u00ebt fizikisht por me moral t\u00eb ngritur \u201cKan\u00eb dy jav\u00eb pa futur asgj\u00eb n\u00eb goj\u00eb, p\u00ebrvec ujit dhe serumit, megjithat\u00eb ato vazhdojn\u00eb t\u00eb q\u00ebndrojn\u00eb\u201d- tha Dokle n\u00eb nj\u00eb prononcim \u00ebpr NEWS24. \u201cAsk\u00ebnd t\u00eb mos g\u00ebnjej\u00eb mendja q\u00eb greva do t\u00ebrhiqet, jan\u00eb me qindra qytetar\u00eb q\u00eb k\u00ebrkojn\u00eb t\u00eb hyjn\u00eb n\u00eb grev\u00eb\u201d- theksoi deputeti socialist.<\/p>\n<p><strong>ORA 07: 40 &#8211; SOT PROTESTA E MADHE E OPOZITES<br \/>\n<\/strong>Protesta do t\u00eb nis\u00eb n\u00eb or\u00ebn 18 00: para godin\u00ebs s\u00eb kryeministris\u00eb n\u00eb bulevardin \u201cD\u00ebshmor\u00ebt e Kombit\u201d, nd\u00ebrsa \u201cGazeta Shqiptare \u201cshkruan sot se njer\u00ebz t\u00eb shumt\u00eb nga qarqe t\u00eb ndryshme t\u00eb vendit, me n\u00eb krye deputet\u00ebt e tyre, do t\u00eb bllokojn\u00eb p\u00ebr disa minuta rrug\u00ebt hyr\u00ebse p\u00ebr n\u00eb Tiran\u00eb para or\u00ebs 18:00.<\/p>\n<p>Para protest\u00ebt pritet t\u00eb mblidhet dhe grupi Parlamentar PS ku do t\u00eb sinkretizohen dhe t\u00eb gjitha detajet e protest\u00ebs s\u00eb pasdites.<\/p>\n<p>Drejtuesit e PS-s\u00eb garantojn\u00eb se protesta e sotme do t\u00eb jet\u00eb paq\u00ebsore ashtu si deri tani, nd\u00ebrsa u kan\u00eb b\u00ebr\u00eb thirrje forcave t\u00eb policis\u00eb q\u00eb t\u00eb zbatojn\u00eb ligjet e shtetit dhe jo urdhrat e pushtetit.<\/p>\n<p>Greva e uris\u00eb hyn sot n\u00eb dit\u00ebn e 14-t\u00eb dhe situata sh\u00ebndet\u00ebsore e grevist\u00ebve brenda kapmit para Kryeministris\u00eb sa vjen e r\u00ebndohet. \u00c7do dit\u00eb detyrohen t\u00eb l\u00ebn\u00eb grev\u00ebn shoq\u00ebruar me barela dhe me ambulanca 3-4 persona. 32 protestues kan\u00eb nd\u00ebrprer\u00eb grev\u00ebn, dhe jan\u00eb shtruar n\u00eb spital p\u00ebr shkak t\u00eb p\u00ebrkeq\u00ebsimit t\u00eb sh\u00ebndetit, nd\u00ebrsa 170 grevist\u00ebt e tjer\u00eb vazhdojn\u00eb t\u00eb q\u00ebndrojn\u00eb n\u00eb grev\u00eb urie t\u00eb vendosur deri n\u00eb plot\u00ebsimin e k\u00ebrkesave t\u00eb tyre.<\/p>\n<p>Si edhe n\u00eb protest\u00ebn e dat\u00ebs 30 prill, edhe p\u00ebr sot pritet t\u00eb angazhohen mij\u00ebra forca t\u00eb policis\u00eb jo vet\u00ebm para godin\u00ebs s\u00eb qeveris\u00eb, por edhe n\u00eb akset rrugore, nga do t\u00eb vijn\u00eb qytetar\u00ebt p\u00ebr t\u00eb marr\u00eb pjes\u00eb n\u00eb mitingun e or\u00ebs 18:00. N\u00eb sh\u00ebrbim do t\u00eb jen\u00eb edhe Forcat e Nd\u00ebrhyrjes s\u00eb Shpejt\u00eb.<\/p>\n<p>(<em>s.g\/d.b\/m.a\/e.n\/BalkanWeb<\/em>)<\/p>\n","protected":false},"excerpt":{"rendered":"<p>Rama: Rezistenc\u00eb me durim, kauza jon\u00eb po p\u00ebrparon Protesta vazhdon, Rama me greviste t\u00eb uris\u00eb, 14 maj 2010 TIRANE &#8211; Nis protesta e opozit\u00ebs n\u00eb Bulevardin &#8220;D\u00ebshmor\u00ebt e Kombit&#8221; n\u00eb mb\u00ebshtetje t\u00eb grev\u00ebs s\u00eb uris\u00eb t\u00eb deputet\u00ebve t\u00eb PS-s\u00eb dhe mb\u00ebshtet\u00ebsve t\u00eb tyre p\u00ebr transparenc\u00ebn e zgjedhjeve. N\u00eb dit\u00ebn e 14-t\u00eb t\u00eb grev\u00ebs sh\u00ebndeti i [&hellip;]<\/p>\n","protected":false},"author":1,"featured_media":0,"comment_status":"open","ping_status":"closed","sticky":false,"template":"","format":"standard","meta":{"footnotes":""},"categories":[2],"tags":[],"class_list":{"0":"post-2651","1":"post","2":"type-post","3":"status-publish","4":"format-standard","6":"category-artikuj"},"yoast_head":"<!-- This site is optimized with the Yoast SEO plugin v27.4 - https:\/\/yoast.com\/product\/yoast-seo-wordpress\/ -->\n<title>Opozita vazhdon grev\u00ebn dhe protestat - FjALA e LIR\u00cb - Arkivi<\/title>\n<meta name=\"robots\" content=\"index, follow, max-snippet:-1, max-image-preview:large, max-video-preview:-1\" \/>\n<link rel=\"canonical\" href=\"https:\/\/fjala.info\/2009-2015\/opozita-vazhdon-greven-dhe-protestat\/\" \/>\n<meta property=\"og:locale\" content=\"sq_AL\" \/>\n<meta property=\"og:type\" content=\"article\" \/>\n<meta property=\"og:title\" content=\"Opozita vazhdon grev\u00ebn dhe protestat - FjALA e LIR\u00cb - Arkivi\" \/>\n<meta property=\"og:description\" content=\"Rama: Rezistenc\u00eb me durim, kauza jon\u00eb po p\u00ebrparon Protesta vazhdon, Rama me greviste t\u00eb uris\u00eb, 14 maj 2010 TIRANE &#8211; Nis protesta e opozit\u00ebs n\u00eb Bulevardin &#8220;D\u00ebshmor\u00ebt e Kombit&#8221; n\u00eb mb\u00ebshtetje t\u00eb grev\u00ebs s\u00eb uris\u00eb t\u00eb deputet\u00ebve t\u00eb PS-s\u00eb dhe mb\u00ebshtet\u00ebsve t\u00eb tyre p\u00ebr transparenc\u00ebn e zgjedhjeve. N\u00eb dit\u00ebn e 14-t\u00eb t\u00eb grev\u00ebs sh\u00ebndeti i [&hellip;]\" \/>\n<meta property=\"og:url\" content=\"https:\/\/fjala.info\/2009-2015\/opozita-vazhdon-greven-dhe-protestat\/\" \/>\n<meta property=\"og:site_name\" content=\"FjALA e LIR\u00cb - Arkivi\" \/>\n<meta property=\"article:published_time\" content=\"2010-05-15T00:08:52+00:00\" \/>\n<meta property=\"og:image\" content=\"http:\/\/www.shkoder.net\/images\/fjala\/2010\/rama_me_greviste_140510.jpg\" \/>\n<meta name=\"author\" content=\"admin\" \/>\n<meta name=\"twitter:card\" content=\"summary_large_image\" \/>\n<meta name=\"twitter:label1\" content=\"Written by\" \/>\n\t<meta name=\"twitter:data1\" content=\"admin\" \/>\n\t<meta name=\"twitter:label2\" content=\"Est. reading time\" \/>\n\t<meta name=\"twitter:data2\" content=\"16 minutes\" \/>\n<script type=\"application\/ld+json\" class=\"yoast-schema-graph\">{\"@context\":\"https:\\\/\\\/schema.org\",\"@graph\":[{\"@type\":\"Article\",\"@id\":\"https:\\\/\\\/fjala.info\\\/2009-2015\\\/opozita-vazhdon-greven-dhe-protestat\\\/#article\",\"isPartOf\":{\"@id\":\"https:\\\/\\\/fjala.info\\\/2009-2015\\\/opozita-vazhdon-greven-dhe-protestat\\\/\"},\"author\":{\"name\":\"admin\",\"@id\":\"https:\\\/\\\/fjala.info\\\/2009-2015\\\/#\\\/schema\\\/person\\\/3aa1163ef05469c496fc94e77611ada2\"},\"headline\":\"Opozita vazhdon grev\u00ebn dhe protestat\",\"datePublished\":\"2010-05-15T00:08:52+00:00\",\"mainEntityOfPage\":{\"@id\":\"https:\\\/\\\/fjala.info\\\/2009-2015\\\/opozita-vazhdon-greven-dhe-protestat\\\/\"},\"wordCount\":3274,\"commentCount\":0,\"publisher\":{\"@id\":\"https:\\\/\\\/fjala.info\\\/2009-2015\\\/#organization\"},\"image\":{\"@id\":\"https:\\\/\\\/fjala.info\\\/2009-2015\\\/opozita-vazhdon-greven-dhe-protestat\\\/#primaryimage\"},\"thumbnailUrl\":\"http:\\\/\\\/www.shkoder.net\\\/images\\\/fjala\\\/2010\\\/rama_me_greviste_140510.jpg\",\"articleSection\":[\"Artikuj\"],\"inLanguage\":\"sq-AL\",\"potentialAction\":[{\"@type\":\"CommentAction\",\"name\":\"Comment\",\"target\":[\"https:\\\/\\\/fjala.info\\\/2009-2015\\\/opozita-vazhdon-greven-dhe-protestat\\\/#respond\"]}]},{\"@type\":\"WebPage\",\"@id\":\"https:\\\/\\\/fjala.info\\\/2009-2015\\\/opozita-vazhdon-greven-dhe-protestat\\\/\",\"url\":\"https:\\\/\\\/fjala.info\\\/2009-2015\\\/opozita-vazhdon-greven-dhe-protestat\\\/\",\"name\":\"Opozita vazhdon grev\u00ebn dhe protestat - FjALA e LIR\u00cb - Arkivi\",\"isPartOf\":{\"@id\":\"https:\\\/\\\/fjala.info\\\/2009-2015\\\/#website\"},\"primaryImageOfPage\":{\"@id\":\"https:\\\/\\\/fjala.info\\\/2009-2015\\\/opozita-vazhdon-greven-dhe-protestat\\\/#primaryimage\"},\"image\":{\"@id\":\"https:\\\/\\\/fjala.info\\\/2009-2015\\\/opozita-vazhdon-greven-dhe-protestat\\\/#primaryimage\"},\"thumbnailUrl\":\"http:\\\/\\\/www.shkoder.net\\\/images\\\/fjala\\\/2010\\\/rama_me_greviste_140510.jpg\",\"datePublished\":\"2010-05-15T00:08:52+00:00\",\"breadcrumb\":{\"@id\":\"https:\\\/\\\/fjala.info\\\/2009-2015\\\/opozita-vazhdon-greven-dhe-protestat\\\/#breadcrumb\"},\"inLanguage\":\"sq-AL\",\"potentialAction\":[{\"@type\":\"ReadAction\",\"target\":[\"https:\\\/\\\/fjala.info\\\/2009-2015\\\/opozita-vazhdon-greven-dhe-protestat\\\/\"]}]},{\"@type\":\"ImageObject\",\"inLanguage\":\"sq-AL\",\"@id\":\"https:\\\/\\\/fjala.info\\\/2009-2015\\\/opozita-vazhdon-greven-dhe-protestat\\\/#primaryimage\",\"url\":\"http:\\\/\\\/www.shkoder.net\\\/images\\\/fjala\\\/2010\\\/rama_me_greviste_140510.jpg\",\"contentUrl\":\"http:\\\/\\\/www.shkoder.net\\\/images\\\/fjala\\\/2010\\\/rama_me_greviste_140510.jpg\"},{\"@type\":\"BreadcrumbList\",\"@id\":\"https:\\\/\\\/fjala.info\\\/2009-2015\\\/opozita-vazhdon-greven-dhe-protestat\\\/#breadcrumb\",\"itemListElement\":[{\"@type\":\"ListItem\",\"position\":1,\"name\":\"Home\",\"item\":\"https:\\\/\\\/fjala.info\\\/2009-2015\\\/\"},{\"@type\":\"ListItem\",\"position\":2,\"name\":\"Opozita vazhdon grev\u00ebn dhe protestat\"}]},{\"@type\":\"WebSite\",\"@id\":\"https:\\\/\\\/fjala.info\\\/2009-2015\\\/#website\",\"url\":\"https:\\\/\\\/fjala.info\\\/2009-2015\\\/\",\"name\":\"FjALA e LIR\u00cb - Arkivi\",\"description\":\"Arkivi 2009-2015\",\"publisher\":{\"@id\":\"https:\\\/\\\/fjala.info\\\/2009-2015\\\/#organization\"},\"potentialAction\":[{\"@type\":\"SearchAction\",\"target\":{\"@type\":\"EntryPoint\",\"urlTemplate\":\"https:\\\/\\\/fjala.info\\\/2009-2015\\\/?s={search_term_string}\"},\"query-input\":{\"@type\":\"PropertyValueSpecification\",\"valueRequired\":true,\"valueName\":\"search_term_string\"}}],\"inLanguage\":\"sq-AL\"},{\"@type\":\"Organization\",\"@id\":\"https:\\\/\\\/fjala.info\\\/2009-2015\\\/#organization\",\"name\":\"FjALA e LIR\u00cb - Arkivi\",\"url\":\"https:\\\/\\\/fjala.info\\\/2009-2015\\\/\",\"logo\":{\"@type\":\"ImageObject\",\"inLanguage\":\"sq-AL\",\"@id\":\"https:\\\/\\\/fjala.info\\\/2009-2015\\\/#\\\/schema\\\/logo\\\/image\\\/\",\"url\":\"\",\"contentUrl\":\"\",\"caption\":\"FjALA e LIR\u00cb - Arkivi\"},\"image\":{\"@id\":\"https:\\\/\\\/fjala.info\\\/2009-2015\\\/#\\\/schema\\\/logo\\\/image\\\/\"}},{\"@type\":\"Person\",\"@id\":\"https:\\\/\\\/fjala.info\\\/2009-2015\\\/#\\\/schema\\\/person\\\/3aa1163ef05469c496fc94e77611ada2\",\"name\":\"admin\",\"image\":{\"@type\":\"ImageObject\",\"inLanguage\":\"sq-AL\",\"@id\":\"https:\\\/\\\/fjala.info\\\/2009-2015\\\/wp-content\\\/uploads\\\/2012\\\/02\\\/arben_cokaj-120x150.jpg\",\"url\":\"https:\\\/\\\/fjala.info\\\/2009-2015\\\/wp-content\\\/uploads\\\/2012\\\/02\\\/arben_cokaj-120x150.jpg\",\"contentUrl\":\"https:\\\/\\\/fjala.info\\\/2009-2015\\\/wp-content\\\/uploads\\\/2012\\\/02\\\/arben_cokaj-120x150.jpg\",\"caption\":\"admin\"},\"description\":\"Admin, Fjala e Lir\u00eb\",\"sameAs\":[\"https:\\\/\\\/fjala.info\\\/\"],\"url\":\"https:\\\/\\\/fjala.info\\\/2009-2015\\\/author\\\/admin\\\/\"}]}<\/script>\n<!-- \/ Yoast SEO plugin. -->","yoast_head_json":{"title":"Opozita vazhdon grev\u00ebn dhe protestat - FjALA e LIR\u00cb - Arkivi","robots":{"index":"index","follow":"follow","max-snippet":"max-snippet:-1","max-image-preview":"max-image-preview:large","max-video-preview":"max-video-preview:-1"},"canonical":"https:\/\/fjala.info\/2009-2015\/opozita-vazhdon-greven-dhe-protestat\/","og_locale":"sq_AL","og_type":"article","og_title":"Opozita vazhdon grev\u00ebn dhe protestat - FjALA e LIR\u00cb - Arkivi","og_description":"Rama: Rezistenc\u00eb me durim, kauza jon\u00eb po p\u00ebrparon Protesta vazhdon, Rama me greviste t\u00eb uris\u00eb, 14 maj 2010 TIRANE &#8211; Nis protesta e opozit\u00ebs n\u00eb Bulevardin &#8220;D\u00ebshmor\u00ebt e Kombit&#8221; n\u00eb mb\u00ebshtetje t\u00eb grev\u00ebs s\u00eb uris\u00eb t\u00eb deputet\u00ebve t\u00eb PS-s\u00eb dhe mb\u00ebshtet\u00ebsve t\u00eb tyre p\u00ebr transparenc\u00ebn e zgjedhjeve. N\u00eb dit\u00ebn e 14-t\u00eb t\u00eb grev\u00ebs sh\u00ebndeti i [&hellip;]","og_url":"https:\/\/fjala.info\/2009-2015\/opozita-vazhdon-greven-dhe-protestat\/","og_site_name":"FjALA e LIR\u00cb - Arkivi","article_published_time":"2010-05-15T00:08:52+00:00","og_image":[{"url":"http:\/\/www.shkoder.net\/images\/fjala\/2010\/rama_me_greviste_140510.jpg","type":"","width":"","height":""}],"author":"admin","twitter_card":"summary_large_image","twitter_misc":{"Written by":"admin","Est. reading time":"16 minutes"},"schema":{"@context":"https:\/\/schema.org","@graph":[{"@type":"Article","@id":"https:\/\/fjala.info\/2009-2015\/opozita-vazhdon-greven-dhe-protestat\/#article","isPartOf":{"@id":"https:\/\/fjala.info\/2009-2015\/opozita-vazhdon-greven-dhe-protestat\/"},"author":{"name":"admin","@id":"https:\/\/fjala.info\/2009-2015\/#\/schema\/person\/3aa1163ef05469c496fc94e77611ada2"},"headline":"Opozita vazhdon grev\u00ebn dhe protestat","datePublished":"2010-05-15T00:08:52+00:00","mainEntityOfPage":{"@id":"https:\/\/fjala.info\/2009-2015\/opozita-vazhdon-greven-dhe-protestat\/"},"wordCount":3274,"commentCount":0,"publisher":{"@id":"https:\/\/fjala.info\/2009-2015\/#organization"},"image":{"@id":"https:\/\/fjala.info\/2009-2015\/opozita-vazhdon-greven-dhe-protestat\/#primaryimage"},"thumbnailUrl":"http:\/\/www.shkoder.net\/images\/fjala\/2010\/rama_me_greviste_140510.jpg","articleSection":["Artikuj"],"inLanguage":"sq-AL","potentialAction":[{"@type":"CommentAction","name":"Comment","target":["https:\/\/fjala.info\/2009-2015\/opozita-vazhdon-greven-dhe-protestat\/#respond"]}]},{"@type":"WebPage","@id":"https:\/\/fjala.info\/2009-2015\/opozita-vazhdon-greven-dhe-protestat\/","url":"https:\/\/fjala.info\/2009-2015\/opozita-vazhdon-greven-dhe-protestat\/","name":"Opozita vazhdon grev\u00ebn dhe protestat - FjALA e LIR\u00cb - Arkivi","isPartOf":{"@id":"https:\/\/fjala.info\/2009-2015\/#website"},"primaryImageOfPage":{"@id":"https:\/\/fjala.info\/2009-2015\/opozita-vazhdon-greven-dhe-protestat\/#primaryimage"},"image":{"@id":"https:\/\/fjala.info\/2009-2015\/opozita-vazhdon-greven-dhe-protestat\/#primaryimage"},"thumbnailUrl":"http:\/\/www.shkoder.net\/images\/fjala\/2010\/rama_me_greviste_140510.jpg","datePublished":"2010-05-15T00:08:52+00:00","breadcrumb":{"@id":"https:\/\/fjala.info\/2009-2015\/opozita-vazhdon-greven-dhe-protestat\/#breadcrumb"},"inLanguage":"sq-AL","potentialAction":[{"@type":"ReadAction","target":["https:\/\/fjala.info\/2009-2015\/opozita-vazhdon-greven-dhe-protestat\/"]}]},{"@type":"ImageObject","inLanguage":"sq-AL","@id":"https:\/\/fjala.info\/2009-2015\/opozita-vazhdon-greven-dhe-protestat\/#primaryimage","url":"http:\/\/www.shkoder.net\/images\/fjala\/2010\/rama_me_greviste_140510.jpg","contentUrl":"http:\/\/www.shkoder.net\/images\/fjala\/2010\/rama_me_greviste_140510.jpg"},{"@type":"BreadcrumbList","@id":"https:\/\/fjala.info\/2009-2015\/opozita-vazhdon-greven-dhe-protestat\/#breadcrumb","itemListElement":[{"@type":"ListItem","position":1,"name":"Home","item":"https:\/\/fjala.info\/2009-2015\/"},{"@type":"ListItem","position":2,"name":"Opozita vazhdon grev\u00ebn dhe protestat"}]},{"@type":"WebSite","@id":"https:\/\/fjala.info\/2009-2015\/#website","url":"https:\/\/fjala.info\/2009-2015\/","name":"FjALA e LIR\u00cb - Arkivi","description":"Arkivi 2009-2015","publisher":{"@id":"https:\/\/fjala.info\/2009-2015\/#organization"},"potentialAction":[{"@type":"SearchAction","target":{"@type":"EntryPoint","urlTemplate":"https:\/\/fjala.info\/2009-2015\/?s={search_term_string}"},"query-input":{"@type":"PropertyValueSpecification","valueRequired":true,"valueName":"search_term_string"}}],"inLanguage":"sq-AL"},{"@type":"Organization","@id":"https:\/\/fjala.info\/2009-2015\/#organization","name":"FjALA e LIR\u00cb - Arkivi","url":"https:\/\/fjala.info\/2009-2015\/","logo":{"@type":"ImageObject","inLanguage":"sq-AL","@id":"https:\/\/fjala.info\/2009-2015\/#\/schema\/logo\/image\/","url":"","contentUrl":"","caption":"FjALA e LIR\u00cb - Arkivi"},"image":{"@id":"https:\/\/fjala.info\/2009-2015\/#\/schema\/logo\/image\/"}},{"@type":"Person","@id":"https:\/\/fjala.info\/2009-2015\/#\/schema\/person\/3aa1163ef05469c496fc94e77611ada2","name":"admin","image":{"@type":"ImageObject","inLanguage":"sq-AL","@id":"https:\/\/fjala.info\/2009-2015\/wp-content\/uploads\/2012\/02\/arben_cokaj-120x150.jpg","url":"https:\/\/fjala.info\/2009-2015\/wp-content\/uploads\/2012\/02\/arben_cokaj-120x150.jpg","contentUrl":"https:\/\/fjala.info\/2009-2015\/wp-content\/uploads\/2012\/02\/arben_cokaj-120x150.jpg","caption":"admin"},"description":"Admin, Fjala e Lir\u00eb","sameAs":["https:\/\/fjala.info\/"],"url":"https:\/\/fjala.info\/2009-2015\/author\/admin\/"}]}},"_links":{"self":[{"href":"https:\/\/fjala.info\/2009-2015\/wp-json\/wp\/v2\/posts\/2651","targetHints":{"allow":["GET"]}}],"collection":[{"href":"https:\/\/fjala.info\/2009-2015\/wp-json\/wp\/v2\/posts"}],"about":[{"href":"https:\/\/fjala.info\/2009-2015\/wp-json\/wp\/v2\/types\/post"}],"author":[{"embeddable":true,"href":"https:\/\/fjala.info\/2009-2015\/wp-json\/wp\/v2\/users\/1"}],"replies":[{"embeddable":true,"href":"https:\/\/fjala.info\/2009-2015\/wp-json\/wp\/v2\/comments?post=2651"}],"version-history":[{"count":0,"href":"https:\/\/fjala.info\/2009-2015\/wp-json\/wp\/v2\/posts\/2651\/revisions"}],"wp:attachment":[{"href":"https:\/\/fjala.info\/2009-2015\/wp-json\/wp\/v2\/media?parent=2651"}],"wp:term":[{"taxonomy":"category","embeddable":true,"href":"https:\/\/fjala.info\/2009-2015\/wp-json\/wp\/v2\/categories?post=2651"},{"taxonomy":"post_tag","embeddable":true,"href":"https:\/\/fjala.info\/2009-2015\/wp-json\/wp\/v2\/tags?post=2651"}],"curies":[{"name":"wp","href":"https:\/\/api.w.org\/{rel}","templated":true}]}}