{"id":2650,"date":"2012-04-26T22:57:39","date_gmt":"2012-04-26T21:57:39","guid":{"rendered":"http:\/\/fjala.shkoder.net\/?p=2650"},"modified":"2012-04-26T22:57:39","modified_gmt":"2012-04-26T21:57:39","slug":"na-duhet-ky-monument","status":"publish","type":"post","link":"https:\/\/fjala.info\/2009-2015\/na-duhet-ky-monument\/","title":{"rendered":"Na duhet ky monument!"},"content":{"rendered":"<p><img decoding=\"async\" class=\"alignright size-thumbnail wp-image-7236\" title=\"Mero Baze\" src=\"http:\/\/www.shkoder.net\/images\/fjala\/mero_baze1.jpg\" alt=\"\" width=\"150\" \/> Nga <strong>Mero Baze<\/strong>, <em>26 Prill 2012 <\/em><\/p>\n<p>Ende pa mbaruar konkursi politik p\u00ebr t\u00eb p\u00ebrzgjedhur nj\u00eb monument n\u00eb kujtim t\u00eb shpalljes s\u00eb Pavar\u00ebsis\u00eb, q\u00eb do t\u00eb vendoset n\u00eb Tiran\u00eb, ka s\u00eb paku dy akuza serioze q\u00eb skica \u00ebsht\u00eb e vjedhur. T\u00eb dy pretendimet jan\u00eb t\u00eb bazuara n\u00eb punime thuajse t\u00eb ngjashme, t\u00eb publikuara m\u00eb par\u00eb prej tyre, nj\u00ebri prej t\u00eb cil\u00ebve \u00ebsht\u00eb dhe piktori shqiptar me banim n\u00eb Austri, Fatmir Velaj.<\/p>\n<p>Nuk di sa ndikim do t\u00eb ken\u00eb denoncimet publike t\u00eb k\u00ebtyre artist\u00ebve ndaj juris\u00eb, por e sigurt \u00ebsht\u00eb q\u00eb n\u00eb karakterin e tij Berisha nuk pranon akuza, sidomos p\u00ebr vjedhje, dhe kjo do jet\u00eb nj\u00eb arsye q\u00eb tashm\u00eb ai do ta b\u00ebj\u00eb me \u00e7do kusht at\u00eb monument, biles at\u00eb q\u00eb ka p\u00ebrzgjedhur. Dhe ka shum\u00eb arsye p\u00ebrse nuk duhet penguar.<\/p>\n<p>Arsyeja kryesore \u00ebsht\u00eb se ky do t\u00eb jet\u00eb nj\u00eb monument atipik, nj\u00eb monument q\u00eb p\u00ebrkujton nj\u00eb ngjarje t\u00eb ndodhur larg vendit ku do t\u00eb vendoset, a thua se ka ndodhur n\u00eb nj\u00eb shtet tjet\u00ebr ku nuk lejohet t\u00eb shkojn\u00eb shqiptar\u00ebt. N\u00eb fakt \u00ebsht\u00eb nj\u00eb shqiptar, q\u00eb e ka bezdi at\u00eb qytet, dhe ai \u00ebsht\u00eb kryeministri i vendit. P\u00ebr arsyen e thjesht\u00eb se ai urren Vlor\u00ebn, \u00ebsht\u00eb mir\u00eb t\u00eb vendoset kjo \u201ckiosk\u00eb\u201d e pavar\u00ebsis\u00eb n\u00eb Tiran\u00eb, q\u00eb t\u00eb na kujtoj\u00eb jo shpalljen e pavar\u00ebsis\u00eb, por frik\u00ebn e ish- kryeministrit t\u00eb k\u00ebtij vendi, Sali Berisha, nga qyteti q\u00eb shpalli pavar\u00ebsin\u00eb m\u00eb 1912 nga turqit, dhe m\u00eb 1997 nga Berisha.<\/p>\n<p>Nj\u00eb arsye tjet\u00ebr e fort\u00eb \u00ebsht\u00eb pik\u00ebrisht akuza q\u00eb ky monument \u00ebsht\u00eb i vjedhur si ide. Nuk ka gj\u00eb m\u00eb t\u00eb q\u00eblluar q\u00eb mund t\u00eb p\u00ebrfaq\u00ebsoj\u00eb regjimin e Sali Berish\u00ebs se sa nj\u00eb monument i vjedhur. Kryeministri q\u00eb theu rekordet e vjedhjes n\u00eb historin\u00eb e 100 viteve t\u00eb shtetit shqiptar, e meriton nj\u00eb monument t\u00eb vjedhur p\u00ebr tu kujtuar gjithmon\u00eb se kur shteti mbushi 100 vjet, kishte n\u00eb krye t\u00eb tij nj\u00eb nga burrat m\u00eb hajdut\u00eb t\u00eb k\u00ebtij vendi. P\u00ebr k\u00ebt\u00eb arsye, qoft\u00eb dhe vet\u00ebm p\u00ebr k\u00ebt\u00eb arsye, m\u00ebkati i dy skulptor\u00ebve q\u00eb mesa duket jan\u00eb d\u00ebshtak\u00eb si vet\u00eb pushteti, \u00ebsht\u00eb shum\u00eb origjinal si m\u00ebkat, pasi p\u00ebrfaq\u00ebson thelbin e k\u00ebsaj qeverie.<\/p>\n<p>Do t\u00eb mjaftonte ky fakt q\u00eb t\u2019i jepnim nj\u00eb kuptim k\u00ebsaj skice p\u00ebr monument, dhe meq\u00eb ende nuk kemi nj\u00eb vend ku ta vendosim, \u00ebsht\u00eb mir\u00eb ta vendosim para kryeministris\u00eb, tek shkall\u00ebt e saj. Aty ajo na kujton t\u00eb gjith\u00ebve pse ky njeri nuk shkonte dot n\u00eb Vlor\u00eb p\u00ebr fest\u00ebn e pavar\u00ebsis\u00eb dhe pse i duhej ky monument e vjedhur p\u00ebr 100 vjetorin.<\/p>\n<p>S\u00eb fundmi ka dhe nj\u00eb arsye ekonomike pse duhet ky monument. Mu duk nga larg q\u00eb p\u00ebr t\u00eb nuk duhen shum\u00eb pare dhe pun\u00eb p\u00ebr tu b\u00ebr\u00eb. Drejtori i Galeris\u00eb po i ankohet ministrit se ende nuk ka paguar p\u00ebr konkursin e b\u00ebr\u00eb, dhe ka gjasa q\u00eb as skulptor\u00ebt q\u00eb kan\u00eb vjedhur iden\u00eb t\u00eb mos marrin ndonj\u00eb lek, por thjesht ndonj\u00eb dekorat\u00eb nga qeveria. Kostoja e saj e lir\u00eb nuk do t\u00eb n\u00eb b\u00ebj\u00eb t\u00eb na vras\u00eb nd\u00ebrgjegjja, q\u00eb kur ky regjim t\u00eb bjer\u00eb bashk\u00eb me b\u00ebmat e tij, prishja e k\u00ebsaj kioske t\u00eb sh\u00ebmtuar q\u00eb tenton t\u00eb na kujtoj\u00eb pavar\u00ebsin\u00eb, t\u00eb na kthehet n\u00eb nj\u00eb simbol t\u00eb ikjes s\u00eb nj\u00eb regjimi q\u00eb urrente qytetin e pavar\u00ebsis\u00eb dhe q\u00eb vidhte n\u00eb \u00e7do gj\u00eb, deri dhe tek nj\u00eb monument n\u00eb kujtim t\u00eb pavar\u00ebsis\u00eb.<\/p>\n<p>Kur dikush ik\u00ebn n\u00eb tradit\u00ebn ton\u00eb t\u00eb vjet\u00ebr, duhet thyer di\u00e7ka n\u00eb shenj\u00eb g\u00ebzimi, dhe q\u00eb t\u00eb mos prishim si\u00e7 prish\u00ebm m\u00eb \u201844 dhe \u201891 veprat q\u00eb kan\u00eb b\u00ebr\u00eb paraardh\u00ebsit, le t\u00eb prishim k\u00ebt\u00eb kiosk\u00eb simbol t\u00eb nj\u00eb regjimi q\u00eb tentoi t\u00eb kthej\u00eb n\u00eb vler\u00eb vjedhjen dhe vrasjen p\u00ebr hir t\u00eb pushtetit, dhe q\u00eb tentoi t\u00eb fyente pavar\u00ebsin\u00eb e Shqip\u00ebris\u00eb, vet\u00ebm se ajo \u00ebsht\u00eb nj\u00eb merit\u00eb q\u00eb i p\u00ebrket nj\u00eb qyteti q\u00eb e ka rr\u00ebzuar nj\u00eb her\u00eb nga pushteti t\u00eb parin e k\u00ebtij regjimi.<\/p>\n<p>P\u00ebr gjith\u00eb k\u00ebto arsye na duhet kjo monument. \u00cbsht\u00eb e lir\u00eb, \u00ebsht\u00eb e vjedhur dhe pa shpenzime, dhe e kemi kollaj p\u00ebr t\u00eb b\u00ebr\u00eb kurban bashk\u00eb me regjimin. I duhej ky simbol k\u00ebtij regjimi, nj\u00eb simbol i vjedhur p\u00ebr fest\u00ebn e pavar\u00ebsis\u00eb. Ndryshe nuk ka si t\u00eb mbajm\u00eb mend se tentoi t\u2019i vjedh\u00eb Vlor\u00ebs historin\u00eb dhe Shqip\u00ebris\u00eb t\u00eb drejt\u00ebn p\u00ebr t\u00eb qen\u00eb dinjitoze n\u00eb 100 vjetorin e Pavar\u00ebsis\u00eb.<\/p>\n","protected":false},"excerpt":{"rendered":"<p>Nga Mero Baze, 26 Prill 2012 Ende pa mbaruar konkursi politik p\u00ebr t\u00eb p\u00ebrzgjedhur nj\u00eb monument n\u00eb kujtim t\u00eb shpalljes s\u00eb Pavar\u00ebsis\u00eb, q\u00eb do t\u00eb vendoset n\u00eb Tiran\u00eb, ka s\u00eb paku dy akuza serioze q\u00eb skica \u00ebsht\u00eb e vjedhur. T\u00eb dy pretendimet jan\u00eb t\u00eb bazuara n\u00eb punime thuajse t\u00eb ngjashme, t\u00eb publikuara m\u00eb par\u00eb prej [&hellip;]<\/p>\n","protected":false},"author":1,"featured_media":0,"comment_status":"open","ping_status":"closed","sticky":false,"template":"","format":"standard","meta":{"footnotes":""},"categories":[2],"tags":[],"class_list":{"0":"post-2650","1":"post","2":"type-post","3":"status-publish","4":"format-standard","6":"category-artikuj"},"yoast_head":"<!-- This site is optimized with the Yoast SEO plugin v27.4 - https:\/\/yoast.com\/product\/yoast-seo-wordpress\/ -->\n<title>Na duhet ky monument! - FjALA e LIR\u00cb - Arkivi<\/title>\n<meta name=\"robots\" content=\"index, follow, max-snippet:-1, max-image-preview:large, max-video-preview:-1\" \/>\n<link rel=\"canonical\" href=\"https:\/\/fjala.info\/2009-2015\/na-duhet-ky-monument\/\" \/>\n<meta property=\"og:locale\" content=\"sq_AL\" \/>\n<meta property=\"og:type\" content=\"article\" \/>\n<meta property=\"og:title\" content=\"Na duhet ky monument! - FjALA e LIR\u00cb - Arkivi\" \/>\n<meta property=\"og:description\" content=\"Nga Mero Baze, 26 Prill 2012 Ende pa mbaruar konkursi politik p\u00ebr t\u00eb p\u00ebrzgjedhur nj\u00eb monument n\u00eb kujtim t\u00eb shpalljes s\u00eb Pavar\u00ebsis\u00eb, q\u00eb do t\u00eb vendoset n\u00eb Tiran\u00eb, ka s\u00eb paku dy akuza serioze q\u00eb skica \u00ebsht\u00eb e vjedhur. T\u00eb dy pretendimet jan\u00eb t\u00eb bazuara n\u00eb punime thuajse t\u00eb ngjashme, t\u00eb publikuara m\u00eb par\u00eb prej [&hellip;]\" \/>\n<meta property=\"og:url\" content=\"https:\/\/fjala.info\/2009-2015\/na-duhet-ky-monument\/\" \/>\n<meta property=\"og:site_name\" content=\"FjALA e LIR\u00cb - Arkivi\" \/>\n<meta property=\"article:published_time\" content=\"2012-04-26T21:57:39+00:00\" \/>\n<meta property=\"og:image\" content=\"http:\/\/www.shkoder.net\/images\/fjala\/mero_baze1.jpg\" \/>\n<meta name=\"author\" content=\"admin\" \/>\n<meta name=\"twitter:card\" content=\"summary_large_image\" \/>\n<meta name=\"twitter:label1\" content=\"Written by\" \/>\n\t<meta name=\"twitter:data1\" content=\"admin\" \/>\n\t<meta name=\"twitter:label2\" content=\"Est. reading time\" \/>\n\t<meta name=\"twitter:data2\" content=\"4 minutes\" \/>\n<script type=\"application\/ld+json\" class=\"yoast-schema-graph\">{\"@context\":\"https:\\\/\\\/schema.org\",\"@graph\":[{\"@type\":\"Article\",\"@id\":\"https:\\\/\\\/fjala.info\\\/2009-2015\\\/na-duhet-ky-monument\\\/#article\",\"isPartOf\":{\"@id\":\"https:\\\/\\\/fjala.info\\\/2009-2015\\\/na-duhet-ky-monument\\\/\"},\"author\":{\"name\":\"admin\",\"@id\":\"https:\\\/\\\/fjala.info\\\/2009-2015\\\/#\\\/schema\\\/person\\\/3aa1163ef05469c496fc94e77611ada2\"},\"headline\":\"Na duhet ky monument!\",\"datePublished\":\"2012-04-26T21:57:39+00:00\",\"mainEntityOfPage\":{\"@id\":\"https:\\\/\\\/fjala.info\\\/2009-2015\\\/na-duhet-ky-monument\\\/\"},\"wordCount\":783,\"commentCount\":0,\"publisher\":{\"@id\":\"https:\\\/\\\/fjala.info\\\/2009-2015\\\/#organization\"},\"image\":{\"@id\":\"https:\\\/\\\/fjala.info\\\/2009-2015\\\/na-duhet-ky-monument\\\/#primaryimage\"},\"thumbnailUrl\":\"http:\\\/\\\/www.shkoder.net\\\/images\\\/fjala\\\/mero_baze1.jpg\",\"articleSection\":[\"Artikuj\"],\"inLanguage\":\"sq-AL\",\"potentialAction\":[{\"@type\":\"CommentAction\",\"name\":\"Comment\",\"target\":[\"https:\\\/\\\/fjala.info\\\/2009-2015\\\/na-duhet-ky-monument\\\/#respond\"]}]},{\"@type\":\"WebPage\",\"@id\":\"https:\\\/\\\/fjala.info\\\/2009-2015\\\/na-duhet-ky-monument\\\/\",\"url\":\"https:\\\/\\\/fjala.info\\\/2009-2015\\\/na-duhet-ky-monument\\\/\",\"name\":\"Na duhet ky monument! - FjALA e LIR\u00cb - Arkivi\",\"isPartOf\":{\"@id\":\"https:\\\/\\\/fjala.info\\\/2009-2015\\\/#website\"},\"primaryImageOfPage\":{\"@id\":\"https:\\\/\\\/fjala.info\\\/2009-2015\\\/na-duhet-ky-monument\\\/#primaryimage\"},\"image\":{\"@id\":\"https:\\\/\\\/fjala.info\\\/2009-2015\\\/na-duhet-ky-monument\\\/#primaryimage\"},\"thumbnailUrl\":\"http:\\\/\\\/www.shkoder.net\\\/images\\\/fjala\\\/mero_baze1.jpg\",\"datePublished\":\"2012-04-26T21:57:39+00:00\",\"breadcrumb\":{\"@id\":\"https:\\\/\\\/fjala.info\\\/2009-2015\\\/na-duhet-ky-monument\\\/#breadcrumb\"},\"inLanguage\":\"sq-AL\",\"potentialAction\":[{\"@type\":\"ReadAction\",\"target\":[\"https:\\\/\\\/fjala.info\\\/2009-2015\\\/na-duhet-ky-monument\\\/\"]}]},{\"@type\":\"ImageObject\",\"inLanguage\":\"sq-AL\",\"@id\":\"https:\\\/\\\/fjala.info\\\/2009-2015\\\/na-duhet-ky-monument\\\/#primaryimage\",\"url\":\"http:\\\/\\\/www.shkoder.net\\\/images\\\/fjala\\\/mero_baze1.jpg\",\"contentUrl\":\"http:\\\/\\\/www.shkoder.net\\\/images\\\/fjala\\\/mero_baze1.jpg\"},{\"@type\":\"BreadcrumbList\",\"@id\":\"https:\\\/\\\/fjala.info\\\/2009-2015\\\/na-duhet-ky-monument\\\/#breadcrumb\",\"itemListElement\":[{\"@type\":\"ListItem\",\"position\":1,\"name\":\"Home\",\"item\":\"https:\\\/\\\/fjala.info\\\/2009-2015\\\/\"},{\"@type\":\"ListItem\",\"position\":2,\"name\":\"Na duhet ky monument!\"}]},{\"@type\":\"WebSite\",\"@id\":\"https:\\\/\\\/fjala.info\\\/2009-2015\\\/#website\",\"url\":\"https:\\\/\\\/fjala.info\\\/2009-2015\\\/\",\"name\":\"FjALA e LIR\u00cb - Arkivi\",\"description\":\"Arkivi 2009-2015\",\"publisher\":{\"@id\":\"https:\\\/\\\/fjala.info\\\/2009-2015\\\/#organization\"},\"potentialAction\":[{\"@type\":\"SearchAction\",\"target\":{\"@type\":\"EntryPoint\",\"urlTemplate\":\"https:\\\/\\\/fjala.info\\\/2009-2015\\\/?s={search_term_string}\"},\"query-input\":{\"@type\":\"PropertyValueSpecification\",\"valueRequired\":true,\"valueName\":\"search_term_string\"}}],\"inLanguage\":\"sq-AL\"},{\"@type\":\"Organization\",\"@id\":\"https:\\\/\\\/fjala.info\\\/2009-2015\\\/#organization\",\"name\":\"FjALA e LIR\u00cb - Arkivi\",\"url\":\"https:\\\/\\\/fjala.info\\\/2009-2015\\\/\",\"logo\":{\"@type\":\"ImageObject\",\"inLanguage\":\"sq-AL\",\"@id\":\"https:\\\/\\\/fjala.info\\\/2009-2015\\\/#\\\/schema\\\/logo\\\/image\\\/\",\"url\":\"\",\"contentUrl\":\"\",\"caption\":\"FjALA e LIR\u00cb - Arkivi\"},\"image\":{\"@id\":\"https:\\\/\\\/fjala.info\\\/2009-2015\\\/#\\\/schema\\\/logo\\\/image\\\/\"}},{\"@type\":\"Person\",\"@id\":\"https:\\\/\\\/fjala.info\\\/2009-2015\\\/#\\\/schema\\\/person\\\/3aa1163ef05469c496fc94e77611ada2\",\"name\":\"admin\",\"image\":{\"@type\":\"ImageObject\",\"inLanguage\":\"sq-AL\",\"@id\":\"https:\\\/\\\/fjala.info\\\/2009-2015\\\/wp-content\\\/uploads\\\/2012\\\/02\\\/arben_cokaj-120x150.jpg\",\"url\":\"https:\\\/\\\/fjala.info\\\/2009-2015\\\/wp-content\\\/uploads\\\/2012\\\/02\\\/arben_cokaj-120x150.jpg\",\"contentUrl\":\"https:\\\/\\\/fjala.info\\\/2009-2015\\\/wp-content\\\/uploads\\\/2012\\\/02\\\/arben_cokaj-120x150.jpg\",\"caption\":\"admin\"},\"description\":\"Admin, Fjala e Lir\u00eb\",\"sameAs\":[\"https:\\\/\\\/fjala.info\\\/\"],\"url\":\"https:\\\/\\\/fjala.info\\\/2009-2015\\\/author\\\/admin\\\/\"}]}<\/script>\n<!-- \/ Yoast SEO plugin. -->","yoast_head_json":{"title":"Na duhet ky monument! - FjALA e LIR\u00cb - Arkivi","robots":{"index":"index","follow":"follow","max-snippet":"max-snippet:-1","max-image-preview":"max-image-preview:large","max-video-preview":"max-video-preview:-1"},"canonical":"https:\/\/fjala.info\/2009-2015\/na-duhet-ky-monument\/","og_locale":"sq_AL","og_type":"article","og_title":"Na duhet ky monument! - FjALA e LIR\u00cb - Arkivi","og_description":"Nga Mero Baze, 26 Prill 2012 Ende pa mbaruar konkursi politik p\u00ebr t\u00eb p\u00ebrzgjedhur nj\u00eb monument n\u00eb kujtim t\u00eb shpalljes s\u00eb Pavar\u00ebsis\u00eb, q\u00eb do t\u00eb vendoset n\u00eb Tiran\u00eb, ka s\u00eb paku dy akuza serioze q\u00eb skica \u00ebsht\u00eb e vjedhur. T\u00eb dy pretendimet jan\u00eb t\u00eb bazuara n\u00eb punime thuajse t\u00eb ngjashme, t\u00eb publikuara m\u00eb par\u00eb prej [&hellip;]","og_url":"https:\/\/fjala.info\/2009-2015\/na-duhet-ky-monument\/","og_site_name":"FjALA e LIR\u00cb - Arkivi","article_published_time":"2012-04-26T21:57:39+00:00","og_image":[{"url":"http:\/\/www.shkoder.net\/images\/fjala\/mero_baze1.jpg","type":"","width":"","height":""}],"author":"admin","twitter_card":"summary_large_image","twitter_misc":{"Written by":"admin","Est. reading time":"4 minutes"},"schema":{"@context":"https:\/\/schema.org","@graph":[{"@type":"Article","@id":"https:\/\/fjala.info\/2009-2015\/na-duhet-ky-monument\/#article","isPartOf":{"@id":"https:\/\/fjala.info\/2009-2015\/na-duhet-ky-monument\/"},"author":{"name":"admin","@id":"https:\/\/fjala.info\/2009-2015\/#\/schema\/person\/3aa1163ef05469c496fc94e77611ada2"},"headline":"Na duhet ky monument!","datePublished":"2012-04-26T21:57:39+00:00","mainEntityOfPage":{"@id":"https:\/\/fjala.info\/2009-2015\/na-duhet-ky-monument\/"},"wordCount":783,"commentCount":0,"publisher":{"@id":"https:\/\/fjala.info\/2009-2015\/#organization"},"image":{"@id":"https:\/\/fjala.info\/2009-2015\/na-duhet-ky-monument\/#primaryimage"},"thumbnailUrl":"http:\/\/www.shkoder.net\/images\/fjala\/mero_baze1.jpg","articleSection":["Artikuj"],"inLanguage":"sq-AL","potentialAction":[{"@type":"CommentAction","name":"Comment","target":["https:\/\/fjala.info\/2009-2015\/na-duhet-ky-monument\/#respond"]}]},{"@type":"WebPage","@id":"https:\/\/fjala.info\/2009-2015\/na-duhet-ky-monument\/","url":"https:\/\/fjala.info\/2009-2015\/na-duhet-ky-monument\/","name":"Na duhet ky monument! - FjALA e LIR\u00cb - Arkivi","isPartOf":{"@id":"https:\/\/fjala.info\/2009-2015\/#website"},"primaryImageOfPage":{"@id":"https:\/\/fjala.info\/2009-2015\/na-duhet-ky-monument\/#primaryimage"},"image":{"@id":"https:\/\/fjala.info\/2009-2015\/na-duhet-ky-monument\/#primaryimage"},"thumbnailUrl":"http:\/\/www.shkoder.net\/images\/fjala\/mero_baze1.jpg","datePublished":"2012-04-26T21:57:39+00:00","breadcrumb":{"@id":"https:\/\/fjala.info\/2009-2015\/na-duhet-ky-monument\/#breadcrumb"},"inLanguage":"sq-AL","potentialAction":[{"@type":"ReadAction","target":["https:\/\/fjala.info\/2009-2015\/na-duhet-ky-monument\/"]}]},{"@type":"ImageObject","inLanguage":"sq-AL","@id":"https:\/\/fjala.info\/2009-2015\/na-duhet-ky-monument\/#primaryimage","url":"http:\/\/www.shkoder.net\/images\/fjala\/mero_baze1.jpg","contentUrl":"http:\/\/www.shkoder.net\/images\/fjala\/mero_baze1.jpg"},{"@type":"BreadcrumbList","@id":"https:\/\/fjala.info\/2009-2015\/na-duhet-ky-monument\/#breadcrumb","itemListElement":[{"@type":"ListItem","position":1,"name":"Home","item":"https:\/\/fjala.info\/2009-2015\/"},{"@type":"ListItem","position":2,"name":"Na duhet ky monument!"}]},{"@type":"WebSite","@id":"https:\/\/fjala.info\/2009-2015\/#website","url":"https:\/\/fjala.info\/2009-2015\/","name":"FjALA e LIR\u00cb - Arkivi","description":"Arkivi 2009-2015","publisher":{"@id":"https:\/\/fjala.info\/2009-2015\/#organization"},"potentialAction":[{"@type":"SearchAction","target":{"@type":"EntryPoint","urlTemplate":"https:\/\/fjala.info\/2009-2015\/?s={search_term_string}"},"query-input":{"@type":"PropertyValueSpecification","valueRequired":true,"valueName":"search_term_string"}}],"inLanguage":"sq-AL"},{"@type":"Organization","@id":"https:\/\/fjala.info\/2009-2015\/#organization","name":"FjALA e LIR\u00cb - Arkivi","url":"https:\/\/fjala.info\/2009-2015\/","logo":{"@type":"ImageObject","inLanguage":"sq-AL","@id":"https:\/\/fjala.info\/2009-2015\/#\/schema\/logo\/image\/","url":"","contentUrl":"","caption":"FjALA e LIR\u00cb - Arkivi"},"image":{"@id":"https:\/\/fjala.info\/2009-2015\/#\/schema\/logo\/image\/"}},{"@type":"Person","@id":"https:\/\/fjala.info\/2009-2015\/#\/schema\/person\/3aa1163ef05469c496fc94e77611ada2","name":"admin","image":{"@type":"ImageObject","inLanguage":"sq-AL","@id":"https:\/\/fjala.info\/2009-2015\/wp-content\/uploads\/2012\/02\/arben_cokaj-120x150.jpg","url":"https:\/\/fjala.info\/2009-2015\/wp-content\/uploads\/2012\/02\/arben_cokaj-120x150.jpg","contentUrl":"https:\/\/fjala.info\/2009-2015\/wp-content\/uploads\/2012\/02\/arben_cokaj-120x150.jpg","caption":"admin"},"description":"Admin, Fjala e Lir\u00eb","sameAs":["https:\/\/fjala.info\/"],"url":"https:\/\/fjala.info\/2009-2015\/author\/admin\/"}]}},"_links":{"self":[{"href":"https:\/\/fjala.info\/2009-2015\/wp-json\/wp\/v2\/posts\/2650","targetHints":{"allow":["GET"]}}],"collection":[{"href":"https:\/\/fjala.info\/2009-2015\/wp-json\/wp\/v2\/posts"}],"about":[{"href":"https:\/\/fjala.info\/2009-2015\/wp-json\/wp\/v2\/types\/post"}],"author":[{"embeddable":true,"href":"https:\/\/fjala.info\/2009-2015\/wp-json\/wp\/v2\/users\/1"}],"replies":[{"embeddable":true,"href":"https:\/\/fjala.info\/2009-2015\/wp-json\/wp\/v2\/comments?post=2650"}],"version-history":[{"count":0,"href":"https:\/\/fjala.info\/2009-2015\/wp-json\/wp\/v2\/posts\/2650\/revisions"}],"wp:attachment":[{"href":"https:\/\/fjala.info\/2009-2015\/wp-json\/wp\/v2\/media?parent=2650"}],"wp:term":[{"taxonomy":"category","embeddable":true,"href":"https:\/\/fjala.info\/2009-2015\/wp-json\/wp\/v2\/categories?post=2650"},{"taxonomy":"post_tag","embeddable":true,"href":"https:\/\/fjala.info\/2009-2015\/wp-json\/wp\/v2\/tags?post=2650"}],"curies":[{"name":"wp","href":"https:\/\/api.w.org\/{rel}","templated":true}]}}