{"id":2649,"date":"2010-05-15T00:58:12","date_gmt":"2010-05-14T23:58:12","guid":{"rendered":"http:\/\/fjala.shkoder.net\/?p=2649"},"modified":"2010-05-15T00:58:12","modified_gmt":"2010-05-14T23:58:12","slug":"dhjetor-90-pse-e-cova-berishen-te-studentet","status":"publish","type":"post","link":"https:\/\/fjala.info\/2009-2015\/dhjetor-90-pse-e-cova-berishen-te-studentet\/","title":{"rendered":"Dhjetor &#8217;90, pse e \u00e7ova Berish\u00ebn te student\u00ebt"},"content":{"rendered":"<p><strong>Ramiz Alia<\/strong>, <em>14.05.2010<\/em><\/p>\n<p><em><strong>Roli i ish-presidentit n\u00eb dit\u00ebt para nisjes zyrtare t\u00eb pluralizmit politik dhe si u zhvilluan ngjarjet n\u00eb presidenc\u00eb dhe n\u00eb qytetin Studenti<\/strong><\/em><\/p>\n<p>Sali Berisha e ka mohuar gjithnj\u00eb. Por edhe si n\u00eb shum\u00eb d\u00ebshmi t\u00eb tjera e v\u00ebrteta \u00ebsht\u00eb tjet\u00ebr. Ai u d\u00ebrgua t\u00eb bisedonte me student\u00ebt, nga ish-presidenti Ramiz Alia, p\u00ebr vet\u00eb faktin se meq\u00eb n\u00eb krye t\u00eb protestave t\u00eb student\u00ebve n\u00eb dhjetor &#8217;90 ishin tre tropojan\u00eb, duhej nj\u00eb pedagog nga Tropoja q\u00eb t\u00eb bisedonte me ta.<\/p>\n<p style=\"text-align: center;\"><img decoding=\"async\" style=\"margin-left: 10px; margin-right: 10px; border: 0px;\" src=\"http:\/\/www.shkoder.net\/images\/fjala\/2009\/dhjetor_90.jpg\" border=\"0\" alt=\"Berisha n\u00eb dhjetor '90\" width=\"500\" \/><br \/>\n<strong>Sali Berisha dhe Eduard Zaloshnja mes student\u00ebve n\u00eb dhjetor 1990<\/strong><\/p>\n<p>Berisha e kreu detyr\u00ebn e ngarkuar nga Alia dhe si\u00e7 thot\u00eb vet\u00eb Alia, n\u00eb kujtimet e p\u00ebrmbledhura n\u00eb librin &#8220;Jeta ime&#8221; botuar nga &#8220;Toena&#8221;, ai mori drejtimin e l\u00ebvizjes studentore p\u00ebr t\u00eb nisur karrier\u00ebn n\u00eb politik\u00eb.<\/p>\n<p>N\u00eb gjendjen q\u00eb p\u00ebrjetonte vendi n\u00eb fund t\u00eb vitit 1990, duke pasur parasysh se s\u00eb shpejti do t\u00eb zhvilloheshin edhe zgjedhjet p\u00ebr n\u00eb Kuvendin Popullor, mendova se ishte rasti q\u00eb, reformat q\u00eb kishim b\u00ebr\u00eb, t\u00eb \u00e7oheshin m\u00eb tej. K\u00ebshtu, filloi p\u00ebrpunimi i Kushtetut\u00ebs s\u00eb re, n\u00eb t\u00eb cil\u00ebn do t\u00eb hidheshin idet\u00eb e nj\u00eb transformimi m\u00eb rr\u00ebnj\u00ebsor t\u00eb shoq\u00ebris\u00eb son\u00eb.<\/p>\n<p>N\u00eb Kushtetut\u00ebn e re, do t\u00eb njihej e drejta e pron\u00ebs private, do t\u00eb pranoheshin lidhjet ekonomike me bot\u00ebn e jashtme, marrja e kredive dhe krijimi i nd\u00ebrmarrjeve t\u00eb p\u00ebrbashk\u00ebta, do t\u00eb sanksionohej liria e besimeve fetare, do t\u00eb p\u00ebrcaktoheshin liria dhe t\u00eb drejtat e individit, sipas normave t\u00eb KSBE etj.<\/p>\n<p>Nd\u00ebrkoh\u00eb, pa pritur miratimin e Kushtetut\u00ebs s\u00eb re, tashm\u00eb ishte e nevojshme t\u00eb hidhej edhe hapi tjet\u00ebr, ai q\u00eb kishte t\u00eb b\u00ebnte me pluralizmin politik. Ky, fillimisht u mendua t\u00eb zbatohej duke hequr tutel\u00ebn e Partise mbi organizatat e masave dhe duke shpallur pavar\u00ebsin\u00eb e tyre.<\/p>\n<p>Duhet t\u00eb pranoj se, zgjidhja q\u00eb k\u00ebrkova t&#8217;i jap \u00e7\u00ebshtjes s\u00eb pluripartitizmit, duke shpallur pavar\u00ebsin\u00eb e organizatave t\u00eb masave nga Partia e Pun\u00ebs dhe duke i konsideruar ato si subjekte elektorale m\u00eb vete n\u00eb zgjedhjet parlamentare q\u00eb po p\u00ebrgatiteshin, ishte nj\u00eb &#8220;modus vivendi&#8221;. N\u00eb k\u00ebt\u00eb m\u00ebnyr\u00eb, mendoja se do t&#8217;i hapej rrug\u00eb zhvillimit gradual t\u00eb procesit drejt faz\u00ebs finale, pluralizmit partiak, zhvillim q\u00eb do t\u00eb p\u00ebrjashtonte spontanitetin dhe ekseset.<\/p>\n<p>P\u00ebr mua, n\u00eb t\u00eb gjitha etapat, ato gjat\u00eb demokratizimit t\u00eb jet\u00ebs s\u00eb vendit, t\u00eb kalimit n\u00eb pluralizmin politik dhe m\u00eb pas, gjat\u00eb periudh\u00ebs s\u00eb par\u00eb t\u00eb tranzicionit nga nj\u00ebri sistem n\u00eb tjetrin, themelore ka qen\u00eb m\u00ebnjanimi i ekstremizmave, i konfrontimit t\u00eb ashp\u00ebr dhe sidomos, i p\u00ebrleshjeve v\u00ebllavras\u00ebse. Evitimi i tyre, p\u00ebrb\u00ebnte kredon e koh\u00ebs. K\u00ebsaj i jam kushtuar me t\u00eb gjitha forcat e mia, pa asnj\u00eb rezerv\u00eb.<\/p>\n<p>Por, ngjarjet q\u00eb pasuan, treguan se tashm\u00eb duheshin hedhur hapa m\u00eb t\u00eb shpejt\u00eb, q\u00eb domosdo do t\u00eb preknin edhe vet\u00eb sistemin shoq\u00ebror q\u00eb ekzistonte deri at\u00ebher\u00eb. K\u00ebshtu, n\u00eb procesin e p\u00ebrmbysjes s\u00eb socializmit, po i vinte radha edhe &#8220;gurit t\u00eb fundit t\u00eb dominos\u00eb&#8221;, Shqip\u00ebris\u00eb.<\/p>\n<p>Duhet theksuar se, ndryshimet q\u00eb ndodhen n\u00eb Shqip\u00ebri, ashtu si edhe n\u00eb vendet e tjera t\u00eb Evrop\u00ebs Lindore, u imponuan kryesisht nga nd\u00ebrhyrja dhe presioni i gjithansh\u00ebm nga jasht\u00eb, nga zhvillimet n\u00eb situat\u00ebn nd\u00ebrkomb\u00ebtare. Ish-Sekretari i Shtetit t\u00eb SHBA, Igellberger, gjat\u00eb vizit\u00ebs n\u00eb Shqip\u00ebri n\u00eb vitin 1992, iu deklaroi student\u00ebve t\u00eb Universitetit t\u00eb Tiran\u00ebs se &#8220;ndihm\u00eb nga ana e SHBA, duhet konsideruar edhe ajo \u00e7ka b\u00ebm\u00eb ne p\u00ebr shp\u00ebrb\u00ebrjen e Bashkimit Sovjetik, gj\u00eb q\u00eb krijoi kushtet p\u00ebr t\u00eb shkat\u00ebrruar komunizmin edhe tek ju&#8221;.<\/p>\n<p>N\u00eb k\u00ebt\u00eb koh\u00eb, erdhi n\u00eb sken\u00ebn politike shqiptare ajo q\u00eb njihet si l\u00ebvizja studentore e dhjetorit t\u00eb vitit 1990.<\/p>\n<p>Me l\u00ebvizjen e student\u00ebve, p\u00ebr her\u00eb t\u00eb par\u00eb q\u00eb nga \u00e7lirimi, Shqip\u00ebria u ndesh me nj\u00eb fenomen t\u00eb ri, me kund\u00ebrshtimin e hapur t\u00eb politik\u00ebs s\u00eb shtetit dhe t\u00eb Partis\u00eb. L\u00ebvizja e student\u00ebve, filloi n\u00eb Tiran\u00eb, pik\u00ebrisht kur p\u00ebrpara nesh shtrohej dilema e m\u00ebsip\u00ebrme.<\/p>\n<p>Manifestimi i student\u00ebve, nisi nat\u00ebn e 9 dhjetorit t\u00eb vitit 1990, duke marr\u00eb shkas nga disa t\u00eb meta q\u00eb viheshin re n\u00eb kushtet e jetes\u00ebs n\u00eb konviktet e tyre. Por, nuk ishte e v\u00ebshtir\u00eb t\u00eb kuptohej sfondi politik i k\u00ebtij veprimi.<\/p>\n<p>Diku nga ora 01. 00, m\u00eb njoftuan se student\u00ebt k\u00ebrkonin t\u00eb takoheshin me mua. Megjith\u00ebse kishte kaluar mesi i nat\u00ebs, njoftova se mund t\u00eb takohesha me nj\u00eb p\u00ebrfaq\u00ebsi t\u00eb student\u00ebve n\u00eb korpusin kryesor t\u00eb Universitetit. N\u00eb or\u00ebn 01. 30, m\u00eb njoftuan se student\u00ebt ishin gati dhe k\u00ebshtu un\u00eb vajta n\u00eb takim. Q\u00ebllimi im, ishte q\u00eb t\u00eb vendosja dialogun me student\u00ebt, n\u00eb m\u00ebnyr\u00eb q\u00eb t\u00eb evitohej \u00e7do acarim i m\u00ebtejsh\u00ebm.<br \/>\nU fut\u00ebm n\u00eb nj\u00eb nga sallat q\u00eb gjet\u00ebm t\u00eb hapur.<\/p>\n<p>Ishin rreth 30 student\u00eb. I pyeta menj\u00ebher\u00eb se \u00e7far\u00eb k\u00ebrkonin. M&#8217;u p\u00ebrgjigj\u00ebn se kishin vetem nj\u00eb k\u00ebrkes\u00eb: T\u00eb shkoja un\u00eb tek student\u00ebt, q\u00eb t\u00eb bisedoja me t\u00eb gjith\u00eb mas\u00ebn e t\u00eb rinjve, sepse e kishin humbur besimin se ndokush tjet\u00ebr mund t&#8217;i zgjidhte problemet e tyre. U p\u00ebrpoqa t\u00eb marr vesh \u00e7far\u00eb i shqet\u00ebsonte m\u00eb tep\u00ebr, p\u00ebrse nuk p\u00ebrdornin organizat\u00ebn e rinis\u00eb p\u00ebr t\u00eb formuluar k\u00ebrkesat dhe p\u00ebr t\u00eb kontrolluar zbatimin e tyre etj.<\/p>\n<p>Nuk mora p\u00ebrgjigje t\u00eb sakta. Por shkurt, m\u00eb p\u00ebrs\u00ebrit\u00ebn se kushtet e jetes\u00ebs n\u00eb konvikte ishin t\u00eb k\u00ebqija, se mensat dhe organet e tregtis\u00eb q\u00eb merreshin me to, nuk punonin mir\u00eb, se organizata e rinis\u00eb (BRPSH) nuk u p\u00ebrgjigjej interesave t\u00eb tyre, bile as donin t\u00eb d\u00ebgjonin p\u00ebr t\u00eb, etj. Pra, e gjith\u00eb puna, ishte q\u00eb t\u00eb merrnin fjal\u00ebn time se nes\u00ebr un\u00eb vet\u00eb, do t\u00eb shkoja n\u00eb konviktet e student\u00ebve p\u00ebr t\u00eb d\u00ebgjuar drejtp\u00ebrdrejt v\u00ebrejtjet e tyre dhe p\u00ebr t\u00eb biseduar me ta&#8221;.<\/p>\n<p>Pasi u p\u00ebrpoqa t&#8217;i qet\u00ebsoja, u dhash\u00eb fjal\u00ebn se do t\u00eb shkoja t\u00eb nes\u00ebrmen pasdite n\u00eb klubin e tyre, p\u00ebr t\u00eb biseduar me t\u00eb gjith\u00eb student\u00ebt, por me kusht, q\u00eb ata paradite t\u00eb ndiqnin m\u00ebsimet rregullisht. Edhe ata ran\u00eb dakord. K\u00ebshtu, u ndam\u00eb. Natyrisht, un\u00eb isha i bindur se manifestimi i student\u00ebve kishte synime politike.<\/p>\n<p>Ana ekonomike, sh\u00ebrbente p\u00ebr t\u00eb t\u00ebrhequr pas vetes t\u00eb gjith\u00eb mas\u00ebn e student\u00ebve. M\u00eb pas m\u00ebsova se, p\u00ebr t\u00eb shtuar revolt\u00ebn e konviktor\u00ebve, &#8220;dikush&#8221; kishte prer\u00eb kabllot elektrik\u00eb, k\u00ebshtu q\u00eb organizator\u00ebt e manifestimit, e pat\u00ebn m\u00eb t\u00eb leht\u00eb t\u00eb bashkonin n\u00eb protest\u00eb p\u00ebr kushtet e jetes\u00ebs mas\u00ebn e t\u00eb rinjve.<\/p>\n<p>T\u00eb nes\u00ebrmen, n\u00eb vend q\u00eb t\u00eb shkonin n\u00eb m\u00ebsim, student\u00ebt vazhduan demonstrat\u00ebn e tyre, k\u00ebsaj here dit\u00ebn dhe duke u p\u00ebrpjekur q\u00eb, nga konviktet, t\u00eb dilnin n\u00eb sheshet e qytetit.<\/p>\n<p>Forcat e rendit nuk i lejuan dhe i detyruan me forc\u00eb t\u00eb kthehen prapa, por kjo i acaroi m\u00eb tep\u00ebr student\u00ebt. Protesta e tyre, vazhdoi gjat\u00eb gjith\u00eb dit\u00ebs, por brenda territorit t\u00eb konvikteve.<\/p>\n<p>K\u00ebshtu, ra edhe mund\u00ebsia e takimit tim t\u00eb dyt\u00eb me t\u00eb gjith\u00eb student\u00ebt. Diten tjet\u00ebr, gjendja u keq\u00ebsua m\u00eb tej. K\u00ebrkesat e student\u00ebve, mor\u00ebn form\u00ebn e nj\u00eb peticioni dhe po konkretizoheshin. U b\u00eb evidente se, tashm\u00eb, primare nuk ishin k\u00ebrkesat p\u00ebr kushtet e jetes\u00ebs.<\/p>\n<p>N\u00eb krye dol\u00ebn k\u00ebrkesat politike, nga t\u00eb cilat, kryesore ishte ligj\u00ebrimi i l\u00ebvizjes studentore si forc\u00eb politike. Dhe ishte e qart\u00eb se student\u00ebt, ose m\u00eb mir\u00eb ata q\u00eb q\u00ebndronin pas tyre, nuk e kishin fjal\u00ebn p\u00ebr nj\u00eb organizat\u00eb t\u00eb rinis\u00eb studentore, por p\u00ebr nj\u00eb parti politike alternative.<\/p>\n<p>Tani, sheshi tek konviktet e student\u00ebve, filloi t\u00eb vizitohej gjithnj\u00eb e m\u00eb shum\u00eb nga njer\u00ebz t\u00eb ndrysh\u00ebm (jo student\u00eb), nga pun\u00ebtore, disa intelektual\u00eb etj. Edhe p\u00ebrfaq\u00ebsues t\u00eb ambasadave t\u00eb huaja, sidomos t\u00eb ambasad\u00ebs franceze n\u00eb Tiran\u00eb, ishin prezent\u00eb. Pasditen e von\u00eb t\u00eb dates 10 dhjetor, Xh. Gjoni, q\u00eb at\u00ebher\u00eb kryente funksionin e Sekretarit t\u00eb Partis\u00eb p\u00ebr Tiran\u00ebn, m\u00eb mori n\u00eb telefon p\u00ebr t\u00eb m\u00eb njoftuar se kishte thirrur disa pedagog\u00eb t\u00eb Universitetit q\u00eb t\u00eb shkonin tek student\u00ebt, p\u00ebr t\u00eb biseduar me ta dhe p\u00ebr t&#8217;i qet\u00ebsuar.<\/p>\n<p>Midis t\u00eb tjer\u00ebve, ai m\u00eb p\u00ebrmendi emrin e dr. Sali Berish\u00ebs. S. Berish\u00ebn un\u00eb nuk e njihja mir\u00eb. Kontaktin e par\u00eb me t\u00eb, un\u00eb e kam pasur, si\u00e7 e thash\u00eb m\u00eb lart, n\u00eb spitalin e Parisit ku ai ndodhej me grupin e mjek\u00ebve t\u00eb H. Kapos. Koh\u00ebt e fundit, kisha lexuar nj\u00eb a dy artikuj t\u00eb tij, t\u00eb botuar n\u00eb gazet\u00ebn &#8220;Z\u00ebri i Popullit&#8221; dhe kisha d\u00ebgjuar mendimet q\u00eb tha ai n\u00eb takimin q\u00eb b\u00ebra n\u00eb gusht t\u00eb vitit 1990 me intelektual\u00ebt e Tiran\u00ebs.<\/p>\n<p>Duke ditur se n\u00eb krye t\u00eb grupit q\u00eb takova nat\u00ebn von\u00eb n\u00eb sall\u00ebn e Universitetit, tre student\u00eb ishin nga Tropoja, mendova se Berisha, duke qen\u00eb edhe ai tropojan, mund t\u00eb ishte nj\u00eb nga personat e p\u00ebrshtatsh\u00ebm p\u00ebr t\u00eb mbajtur gjall\u00eb dialogun me student\u00ebt, n\u00eb m\u00ebnyr\u00eb q\u00eb t\u00eb zgjidheshin k\u00ebrkesa e tyre n\u00eb qet\u00ebsi.<\/p>\n<p>P\u00ebr k\u00ebt\u00eb arsye, i thash\u00eb Xhelilit q\u00eb t&#8217;i thoshte Berish\u00ebs q\u00eb, p\u00ebrpara se t\u00eb shkonte tek student\u00ebt, t\u00eb takohej me mua.<br \/>\nIshte diku rreth or\u00ebs 18. 00, 19. 00 ose aty rrotull, kur S. Berisha erdhi tek un\u00eb, n\u00eb sht\u00ebpi. Hym\u00eb drejt e n\u00eb tem\u00eb.<\/p>\n<p>Megjith\u00ebse ai e dinte gjendjen, un\u00eb e vura n\u00eb dijeni p\u00ebr \u00e7far\u00eb kishte ndodhur, p\u00ebr takimin q\u00eb kisha b\u00ebr\u00eb me student\u00ebt nj\u00eb nat\u00eb m\u00eb par\u00eb, p\u00ebr shkaqet q\u00eb nuk u arrit t\u00eb zhvillohej takimi i dyt\u00eb (sepse ngjarjet precipituan dhe marr\u00ebveshja u shkel nga student\u00ebt). I thash\u00eb q\u00eb t&#8217;iu thoshte student\u00ebve, nga ana ime, se &#8220;takimin q\u00eb k\u00ebrkuan me mua, e prish\u00ebn vet\u00eb, sepse nuk u kthyen n\u00eb m\u00ebsim, si\u00e7 m\u00eb kishin premtuar. Megjithat\u00eb, un\u00eb prap\u00ebseprap\u00eb isha gati p\u00ebr t\u00eb biseduar me ta, por n\u00eb qet\u00ebsi&#8221;.<\/p>\n<p>Saliu m\u00eb tha se do t\u00eb shkonte dhe do t\u00eb bisedonte me student\u00ebt, &#8220;megjith\u00ebse atje nuk kishte student\u00eb t\u00eb tij (t\u00eb mjek\u00ebsis\u00eb)&#8221;, prandaj nuk njihte t\u00eb tjer\u00ebt. E vura n\u00eb dijeni se, midis organizator\u00ebve t\u00eb manifestimit, sic m\u00eb than\u00eb kur takova p\u00ebrfaq\u00ebsin\u00eb e tyre, ishin 2-3 student\u00eb nga Tropoja, k\u00ebshtu q\u00eb nj\u00eb pik\u00eb kontakti mund t\u00eb gjendej, duke pasur parasysh se edhe vet\u00eb Saliu ishte nga Tropoja.<\/p>\n<p>Iku. Bashk\u00eb me t\u00eb, me student\u00ebt i vazhdonin bisedimet edhe ish-Ministri i Arsimit S. Gjinushi dhe ish-Sekretari i Par\u00eb i BRPSH-s\u00eb L. Bashkurti.<\/p>\n<p>Diku nga mesnata, Berisha u kthye p\u00ebrs\u00ebri tek un\u00eb. Ishte mjaft i shqet\u00ebsuar (t\u00eb pakt\u00ebn k\u00ebt\u00eb p\u00ebrshtypje m\u00eb la) dhe i lodhur. M\u00eb tha se kishte &#8220;biseduar gjat\u00eb me grupin udh\u00ebheq\u00ebs t\u00eb student\u00ebve, por, sapo merrej vesh me nj\u00eb pal\u00eb, vinte nj\u00eb tjet\u00ebr dhe e prishte kontrat\u00ebn dhe k\u00ebshtu \u00e7do gj\u00eb duhej t\u00eb fillonte nga e para. &#8221; Nga tropojan\u00ebt, ai me tha se nuk njihte asnj\u00ebrin. &#8220;Shkurt, -p\u00ebrfundoi Berisha,- \u00ebsht\u00eb e pamundur t\u00eb diskutohet normalisht me ata.<\/p>\n<p>Ka \u00e7\u00ebshtje, sidomos t\u00eb karakterit ekonomik, p\u00ebr t\u00eb cilat ata kan\u00eb t\u00eb drejt\u00eb, por kan\u00eb edhe k\u00ebrkesa t\u00eb tjera, q\u00eb as vet\u00eb nuk din\u00eb t&#8217;i formulojn\u00eb qart\u00eb. Me sa duket, ende nuk din\u00eb se \u00e7far\u00eb k\u00ebrkojn\u00eb&#8221;.<\/p>\n<p>Me kaq, mbaroi edhe takimi yn\u00eb. Ky \u00ebsht\u00eb takimi i fundit q\u00eb kam pasur me S. Berish\u00ebn si ish-an\u00ebtar i Partis\u00eb s\u00eb Pun\u00ebs. Jo m\u00eb larg, por pas dy dit\u00ebsh, ai hodhi tej teser\u00ebn e PPSH, p\u00ebr t\u00eb kaluar n\u00eb radh\u00ebt e opozit\u00ebs, t\u00eb Partis\u00eb Demokratike q\u00eb u krijua m\u00eb 12 dhjetor.<\/p>\n<p>Dit\u00ebn tjet\u00ebr, gjendja u keq\u00ebsua m\u00eb tej. K\u00ebrkesat e student\u00ebve, moren form\u00ebn e nj\u00eb peticioni dhe po konkretizoheshin. Ishte evidente q\u00eb, tashm\u00eb, primare nuk ishin kushtet materiale t\u00eb jetes\u00ebs. L\u00ebvizja studentore synonte di\u00e7ka tjet\u00ebr. Konkretisht, k\u00ebrkohej ligj\u00ebrimi i organizimit t\u00eb tyre si forc\u00eb politike alternative. Pra, shtrohej konkretisht problemi i pluralizmit partiak dhe ky k\u00ebrkonte zgjidhje.<\/p>\n<p>Nd\u00ebrkoh\u00eb, me l\u00ebvizjen studentore, u bashkuan edhe shum\u00eb njer\u00ebz nga qyteti i Tiran\u00ebs. Bile, pati vizitor\u00eb edhe nga rrethet, si nga Shkodra e Kavaja. Student\u00ebt ngulnin k\u00ebmb\u00eb q\u00eb t\u00eb takohesha p\u00ebrs\u00ebri me ta. Rash\u00eb dakord q\u00eb do t\u00eb takoja nj\u00eb p\u00ebrfaq\u00ebsi t\u00eb gjer\u00eb t\u00eb tyre n\u00eb dat\u00ebn 11 dhjetor, pasdite.<\/p>\n","protected":false},"excerpt":{"rendered":"<p>Ramiz Alia, 14.05.2010 Roli i ish-presidentit n\u00eb dit\u00ebt para nisjes zyrtare t\u00eb pluralizmit politik dhe si u zhvilluan ngjarjet n\u00eb presidenc\u00eb dhe n\u00eb qytetin Studenti Sali Berisha e ka mohuar gjithnj\u00eb. Por edhe si n\u00eb shum\u00eb d\u00ebshmi t\u00eb tjera e v\u00ebrteta \u00ebsht\u00eb tjet\u00ebr. Ai u d\u00ebrgua t\u00eb bisedonte me student\u00ebt, nga ish-presidenti Ramiz Alia, p\u00ebr [&hellip;]<\/p>\n","protected":false},"author":1,"featured_media":0,"comment_status":"open","ping_status":"closed","sticky":false,"template":"","format":"standard","meta":{"footnotes":""},"categories":[2],"tags":[],"class_list":{"0":"post-2649","1":"post","2":"type-post","3":"status-publish","4":"format-standard","6":"category-artikuj"},"yoast_head":"<!-- This site is optimized with the Yoast SEO plugin v27.4 - https:\/\/yoast.com\/product\/yoast-seo-wordpress\/ -->\n<title>Dhjetor &#039;90, pse e \u00e7ova Berish\u00ebn te student\u00ebt - FjALA e LIR\u00cb - Arkivi<\/title>\n<meta name=\"robots\" content=\"index, follow, max-snippet:-1, max-image-preview:large, max-video-preview:-1\" \/>\n<link rel=\"canonical\" href=\"https:\/\/fjala.info\/2009-2015\/dhjetor-90-pse-e-cova-berishen-te-studentet\/\" \/>\n<meta property=\"og:locale\" content=\"sq_AL\" \/>\n<meta property=\"og:type\" content=\"article\" \/>\n<meta property=\"og:title\" content=\"Dhjetor &#039;90, pse e \u00e7ova Berish\u00ebn te student\u00ebt - FjALA e LIR\u00cb - Arkivi\" \/>\n<meta property=\"og:description\" content=\"Ramiz Alia, 14.05.2010 Roli i ish-presidentit n\u00eb dit\u00ebt para nisjes zyrtare t\u00eb pluralizmit politik dhe si u zhvilluan ngjarjet n\u00eb presidenc\u00eb dhe n\u00eb qytetin Studenti Sali Berisha e ka mohuar gjithnj\u00eb. Por edhe si n\u00eb shum\u00eb d\u00ebshmi t\u00eb tjera e v\u00ebrteta \u00ebsht\u00eb tjet\u00ebr. Ai u d\u00ebrgua t\u00eb bisedonte me student\u00ebt, nga ish-presidenti Ramiz Alia, p\u00ebr [&hellip;]\" \/>\n<meta property=\"og:url\" content=\"https:\/\/fjala.info\/2009-2015\/dhjetor-90-pse-e-cova-berishen-te-studentet\/\" \/>\n<meta property=\"og:site_name\" content=\"FjALA e LIR\u00cb - Arkivi\" \/>\n<meta property=\"article:published_time\" content=\"2010-05-14T23:58:12+00:00\" \/>\n<meta property=\"og:image\" content=\"http:\/\/www.shkoder.net\/images\/fjala\/2009\/dhjetor_90.jpg\" \/>\n<meta name=\"author\" content=\"admin\" \/>\n<meta name=\"twitter:card\" content=\"summary_large_image\" \/>\n<meta name=\"twitter:label1\" content=\"Written by\" \/>\n\t<meta name=\"twitter:data1\" content=\"admin\" \/>\n\t<meta name=\"twitter:label2\" content=\"Est. reading time\" \/>\n\t<meta name=\"twitter:data2\" content=\"11 minutes\" \/>\n<script type=\"application\/ld+json\" class=\"yoast-schema-graph\">{\"@context\":\"https:\\\/\\\/schema.org\",\"@graph\":[{\"@type\":\"Article\",\"@id\":\"https:\\\/\\\/fjala.info\\\/2009-2015\\\/dhjetor-90-pse-e-cova-berishen-te-studentet\\\/#article\",\"isPartOf\":{\"@id\":\"https:\\\/\\\/fjala.info\\\/2009-2015\\\/dhjetor-90-pse-e-cova-berishen-te-studentet\\\/\"},\"author\":{\"name\":\"admin\",\"@id\":\"https:\\\/\\\/fjala.info\\\/2009-2015\\\/#\\\/schema\\\/person\\\/3aa1163ef05469c496fc94e77611ada2\"},\"headline\":\"Dhjetor &#8217;90, pse e \u00e7ova Berish\u00ebn te student\u00ebt\",\"datePublished\":\"2010-05-14T23:58:12+00:00\",\"mainEntityOfPage\":{\"@id\":\"https:\\\/\\\/fjala.info\\\/2009-2015\\\/dhjetor-90-pse-e-cova-berishen-te-studentet\\\/\"},\"wordCount\":2183,\"commentCount\":0,\"publisher\":{\"@id\":\"https:\\\/\\\/fjala.info\\\/2009-2015\\\/#organization\"},\"image\":{\"@id\":\"https:\\\/\\\/fjala.info\\\/2009-2015\\\/dhjetor-90-pse-e-cova-berishen-te-studentet\\\/#primaryimage\"},\"thumbnailUrl\":\"http:\\\/\\\/www.shkoder.net\\\/images\\\/fjala\\\/2009\\\/dhjetor_90.jpg\",\"articleSection\":[\"Artikuj\"],\"inLanguage\":\"sq-AL\",\"potentialAction\":[{\"@type\":\"CommentAction\",\"name\":\"Comment\",\"target\":[\"https:\\\/\\\/fjala.info\\\/2009-2015\\\/dhjetor-90-pse-e-cova-berishen-te-studentet\\\/#respond\"]}]},{\"@type\":\"WebPage\",\"@id\":\"https:\\\/\\\/fjala.info\\\/2009-2015\\\/dhjetor-90-pse-e-cova-berishen-te-studentet\\\/\",\"url\":\"https:\\\/\\\/fjala.info\\\/2009-2015\\\/dhjetor-90-pse-e-cova-berishen-te-studentet\\\/\",\"name\":\"Dhjetor '90, pse e \u00e7ova Berish\u00ebn te student\u00ebt - FjALA e LIR\u00cb - Arkivi\",\"isPartOf\":{\"@id\":\"https:\\\/\\\/fjala.info\\\/2009-2015\\\/#website\"},\"primaryImageOfPage\":{\"@id\":\"https:\\\/\\\/fjala.info\\\/2009-2015\\\/dhjetor-90-pse-e-cova-berishen-te-studentet\\\/#primaryimage\"},\"image\":{\"@id\":\"https:\\\/\\\/fjala.info\\\/2009-2015\\\/dhjetor-90-pse-e-cova-berishen-te-studentet\\\/#primaryimage\"},\"thumbnailUrl\":\"http:\\\/\\\/www.shkoder.net\\\/images\\\/fjala\\\/2009\\\/dhjetor_90.jpg\",\"datePublished\":\"2010-05-14T23:58:12+00:00\",\"breadcrumb\":{\"@id\":\"https:\\\/\\\/fjala.info\\\/2009-2015\\\/dhjetor-90-pse-e-cova-berishen-te-studentet\\\/#breadcrumb\"},\"inLanguage\":\"sq-AL\",\"potentialAction\":[{\"@type\":\"ReadAction\",\"target\":[\"https:\\\/\\\/fjala.info\\\/2009-2015\\\/dhjetor-90-pse-e-cova-berishen-te-studentet\\\/\"]}]},{\"@type\":\"ImageObject\",\"inLanguage\":\"sq-AL\",\"@id\":\"https:\\\/\\\/fjala.info\\\/2009-2015\\\/dhjetor-90-pse-e-cova-berishen-te-studentet\\\/#primaryimage\",\"url\":\"http:\\\/\\\/www.shkoder.net\\\/images\\\/fjala\\\/2009\\\/dhjetor_90.jpg\",\"contentUrl\":\"http:\\\/\\\/www.shkoder.net\\\/images\\\/fjala\\\/2009\\\/dhjetor_90.jpg\"},{\"@type\":\"BreadcrumbList\",\"@id\":\"https:\\\/\\\/fjala.info\\\/2009-2015\\\/dhjetor-90-pse-e-cova-berishen-te-studentet\\\/#breadcrumb\",\"itemListElement\":[{\"@type\":\"ListItem\",\"position\":1,\"name\":\"Home\",\"item\":\"https:\\\/\\\/fjala.info\\\/2009-2015\\\/\"},{\"@type\":\"ListItem\",\"position\":2,\"name\":\"Dhjetor &#8217;90, pse e \u00e7ova Berish\u00ebn te student\u00ebt\"}]},{\"@type\":\"WebSite\",\"@id\":\"https:\\\/\\\/fjala.info\\\/2009-2015\\\/#website\",\"url\":\"https:\\\/\\\/fjala.info\\\/2009-2015\\\/\",\"name\":\"FjALA e LIR\u00cb - Arkivi\",\"description\":\"Arkivi 2009-2015\",\"publisher\":{\"@id\":\"https:\\\/\\\/fjala.info\\\/2009-2015\\\/#organization\"},\"potentialAction\":[{\"@type\":\"SearchAction\",\"target\":{\"@type\":\"EntryPoint\",\"urlTemplate\":\"https:\\\/\\\/fjala.info\\\/2009-2015\\\/?s={search_term_string}\"},\"query-input\":{\"@type\":\"PropertyValueSpecification\",\"valueRequired\":true,\"valueName\":\"search_term_string\"}}],\"inLanguage\":\"sq-AL\"},{\"@type\":\"Organization\",\"@id\":\"https:\\\/\\\/fjala.info\\\/2009-2015\\\/#organization\",\"name\":\"FjALA e LIR\u00cb - Arkivi\",\"url\":\"https:\\\/\\\/fjala.info\\\/2009-2015\\\/\",\"logo\":{\"@type\":\"ImageObject\",\"inLanguage\":\"sq-AL\",\"@id\":\"https:\\\/\\\/fjala.info\\\/2009-2015\\\/#\\\/schema\\\/logo\\\/image\\\/\",\"url\":\"\",\"contentUrl\":\"\",\"caption\":\"FjALA e LIR\u00cb - Arkivi\"},\"image\":{\"@id\":\"https:\\\/\\\/fjala.info\\\/2009-2015\\\/#\\\/schema\\\/logo\\\/image\\\/\"}},{\"@type\":\"Person\",\"@id\":\"https:\\\/\\\/fjala.info\\\/2009-2015\\\/#\\\/schema\\\/person\\\/3aa1163ef05469c496fc94e77611ada2\",\"name\":\"admin\",\"image\":{\"@type\":\"ImageObject\",\"inLanguage\":\"sq-AL\",\"@id\":\"https:\\\/\\\/fjala.info\\\/2009-2015\\\/wp-content\\\/uploads\\\/2012\\\/02\\\/arben_cokaj-120x150.jpg\",\"url\":\"https:\\\/\\\/fjala.info\\\/2009-2015\\\/wp-content\\\/uploads\\\/2012\\\/02\\\/arben_cokaj-120x150.jpg\",\"contentUrl\":\"https:\\\/\\\/fjala.info\\\/2009-2015\\\/wp-content\\\/uploads\\\/2012\\\/02\\\/arben_cokaj-120x150.jpg\",\"caption\":\"admin\"},\"description\":\"Admin, Fjala e Lir\u00eb\",\"sameAs\":[\"https:\\\/\\\/fjala.info\\\/\"],\"url\":\"https:\\\/\\\/fjala.info\\\/2009-2015\\\/author\\\/admin\\\/\"}]}<\/script>\n<!-- \/ Yoast SEO plugin. -->","yoast_head_json":{"title":"Dhjetor '90, pse e \u00e7ova Berish\u00ebn te student\u00ebt - FjALA e LIR\u00cb - Arkivi","robots":{"index":"index","follow":"follow","max-snippet":"max-snippet:-1","max-image-preview":"max-image-preview:large","max-video-preview":"max-video-preview:-1"},"canonical":"https:\/\/fjala.info\/2009-2015\/dhjetor-90-pse-e-cova-berishen-te-studentet\/","og_locale":"sq_AL","og_type":"article","og_title":"Dhjetor '90, pse e \u00e7ova Berish\u00ebn te student\u00ebt - FjALA e LIR\u00cb - Arkivi","og_description":"Ramiz Alia, 14.05.2010 Roli i ish-presidentit n\u00eb dit\u00ebt para nisjes zyrtare t\u00eb pluralizmit politik dhe si u zhvilluan ngjarjet n\u00eb presidenc\u00eb dhe n\u00eb qytetin Studenti Sali Berisha e ka mohuar gjithnj\u00eb. Por edhe si n\u00eb shum\u00eb d\u00ebshmi t\u00eb tjera e v\u00ebrteta \u00ebsht\u00eb tjet\u00ebr. Ai u d\u00ebrgua t\u00eb bisedonte me student\u00ebt, nga ish-presidenti Ramiz Alia, p\u00ebr [&hellip;]","og_url":"https:\/\/fjala.info\/2009-2015\/dhjetor-90-pse-e-cova-berishen-te-studentet\/","og_site_name":"FjALA e LIR\u00cb - Arkivi","article_published_time":"2010-05-14T23:58:12+00:00","og_image":[{"url":"http:\/\/www.shkoder.net\/images\/fjala\/2009\/dhjetor_90.jpg","type":"","width":"","height":""}],"author":"admin","twitter_card":"summary_large_image","twitter_misc":{"Written by":"admin","Est. reading time":"11 minutes"},"schema":{"@context":"https:\/\/schema.org","@graph":[{"@type":"Article","@id":"https:\/\/fjala.info\/2009-2015\/dhjetor-90-pse-e-cova-berishen-te-studentet\/#article","isPartOf":{"@id":"https:\/\/fjala.info\/2009-2015\/dhjetor-90-pse-e-cova-berishen-te-studentet\/"},"author":{"name":"admin","@id":"https:\/\/fjala.info\/2009-2015\/#\/schema\/person\/3aa1163ef05469c496fc94e77611ada2"},"headline":"Dhjetor &#8217;90, pse e \u00e7ova Berish\u00ebn te student\u00ebt","datePublished":"2010-05-14T23:58:12+00:00","mainEntityOfPage":{"@id":"https:\/\/fjala.info\/2009-2015\/dhjetor-90-pse-e-cova-berishen-te-studentet\/"},"wordCount":2183,"commentCount":0,"publisher":{"@id":"https:\/\/fjala.info\/2009-2015\/#organization"},"image":{"@id":"https:\/\/fjala.info\/2009-2015\/dhjetor-90-pse-e-cova-berishen-te-studentet\/#primaryimage"},"thumbnailUrl":"http:\/\/www.shkoder.net\/images\/fjala\/2009\/dhjetor_90.jpg","articleSection":["Artikuj"],"inLanguage":"sq-AL","potentialAction":[{"@type":"CommentAction","name":"Comment","target":["https:\/\/fjala.info\/2009-2015\/dhjetor-90-pse-e-cova-berishen-te-studentet\/#respond"]}]},{"@type":"WebPage","@id":"https:\/\/fjala.info\/2009-2015\/dhjetor-90-pse-e-cova-berishen-te-studentet\/","url":"https:\/\/fjala.info\/2009-2015\/dhjetor-90-pse-e-cova-berishen-te-studentet\/","name":"Dhjetor '90, pse e \u00e7ova Berish\u00ebn te student\u00ebt - FjALA e LIR\u00cb - Arkivi","isPartOf":{"@id":"https:\/\/fjala.info\/2009-2015\/#website"},"primaryImageOfPage":{"@id":"https:\/\/fjala.info\/2009-2015\/dhjetor-90-pse-e-cova-berishen-te-studentet\/#primaryimage"},"image":{"@id":"https:\/\/fjala.info\/2009-2015\/dhjetor-90-pse-e-cova-berishen-te-studentet\/#primaryimage"},"thumbnailUrl":"http:\/\/www.shkoder.net\/images\/fjala\/2009\/dhjetor_90.jpg","datePublished":"2010-05-14T23:58:12+00:00","breadcrumb":{"@id":"https:\/\/fjala.info\/2009-2015\/dhjetor-90-pse-e-cova-berishen-te-studentet\/#breadcrumb"},"inLanguage":"sq-AL","potentialAction":[{"@type":"ReadAction","target":["https:\/\/fjala.info\/2009-2015\/dhjetor-90-pse-e-cova-berishen-te-studentet\/"]}]},{"@type":"ImageObject","inLanguage":"sq-AL","@id":"https:\/\/fjala.info\/2009-2015\/dhjetor-90-pse-e-cova-berishen-te-studentet\/#primaryimage","url":"http:\/\/www.shkoder.net\/images\/fjala\/2009\/dhjetor_90.jpg","contentUrl":"http:\/\/www.shkoder.net\/images\/fjala\/2009\/dhjetor_90.jpg"},{"@type":"BreadcrumbList","@id":"https:\/\/fjala.info\/2009-2015\/dhjetor-90-pse-e-cova-berishen-te-studentet\/#breadcrumb","itemListElement":[{"@type":"ListItem","position":1,"name":"Home","item":"https:\/\/fjala.info\/2009-2015\/"},{"@type":"ListItem","position":2,"name":"Dhjetor &#8217;90, pse e \u00e7ova Berish\u00ebn te student\u00ebt"}]},{"@type":"WebSite","@id":"https:\/\/fjala.info\/2009-2015\/#website","url":"https:\/\/fjala.info\/2009-2015\/","name":"FjALA e LIR\u00cb - Arkivi","description":"Arkivi 2009-2015","publisher":{"@id":"https:\/\/fjala.info\/2009-2015\/#organization"},"potentialAction":[{"@type":"SearchAction","target":{"@type":"EntryPoint","urlTemplate":"https:\/\/fjala.info\/2009-2015\/?s={search_term_string}"},"query-input":{"@type":"PropertyValueSpecification","valueRequired":true,"valueName":"search_term_string"}}],"inLanguage":"sq-AL"},{"@type":"Organization","@id":"https:\/\/fjala.info\/2009-2015\/#organization","name":"FjALA e LIR\u00cb - Arkivi","url":"https:\/\/fjala.info\/2009-2015\/","logo":{"@type":"ImageObject","inLanguage":"sq-AL","@id":"https:\/\/fjala.info\/2009-2015\/#\/schema\/logo\/image\/","url":"","contentUrl":"","caption":"FjALA e LIR\u00cb - Arkivi"},"image":{"@id":"https:\/\/fjala.info\/2009-2015\/#\/schema\/logo\/image\/"}},{"@type":"Person","@id":"https:\/\/fjala.info\/2009-2015\/#\/schema\/person\/3aa1163ef05469c496fc94e77611ada2","name":"admin","image":{"@type":"ImageObject","inLanguage":"sq-AL","@id":"https:\/\/fjala.info\/2009-2015\/wp-content\/uploads\/2012\/02\/arben_cokaj-120x150.jpg","url":"https:\/\/fjala.info\/2009-2015\/wp-content\/uploads\/2012\/02\/arben_cokaj-120x150.jpg","contentUrl":"https:\/\/fjala.info\/2009-2015\/wp-content\/uploads\/2012\/02\/arben_cokaj-120x150.jpg","caption":"admin"},"description":"Admin, Fjala e Lir\u00eb","sameAs":["https:\/\/fjala.info\/"],"url":"https:\/\/fjala.info\/2009-2015\/author\/admin\/"}]}},"_links":{"self":[{"href":"https:\/\/fjala.info\/2009-2015\/wp-json\/wp\/v2\/posts\/2649","targetHints":{"allow":["GET"]}}],"collection":[{"href":"https:\/\/fjala.info\/2009-2015\/wp-json\/wp\/v2\/posts"}],"about":[{"href":"https:\/\/fjala.info\/2009-2015\/wp-json\/wp\/v2\/types\/post"}],"author":[{"embeddable":true,"href":"https:\/\/fjala.info\/2009-2015\/wp-json\/wp\/v2\/users\/1"}],"replies":[{"embeddable":true,"href":"https:\/\/fjala.info\/2009-2015\/wp-json\/wp\/v2\/comments?post=2649"}],"version-history":[{"count":0,"href":"https:\/\/fjala.info\/2009-2015\/wp-json\/wp\/v2\/posts\/2649\/revisions"}],"wp:attachment":[{"href":"https:\/\/fjala.info\/2009-2015\/wp-json\/wp\/v2\/media?parent=2649"}],"wp:term":[{"taxonomy":"category","embeddable":true,"href":"https:\/\/fjala.info\/2009-2015\/wp-json\/wp\/v2\/categories?post=2649"},{"taxonomy":"post_tag","embeddable":true,"href":"https:\/\/fjala.info\/2009-2015\/wp-json\/wp\/v2\/tags?post=2649"}],"curies":[{"name":"wp","href":"https:\/\/api.w.org\/{rel}","templated":true}]}}