{"id":2647,"date":"2010-05-15T00:00:21","date_gmt":"2010-05-14T23:00:21","guid":{"rendered":"http:\/\/fjala.shkoder.net\/?p=2647"},"modified":"2010-05-15T00:00:21","modified_gmt":"2010-05-14T23:00:21","slug":"mirsetegjeta-kosove-faleminderit-familja-e-nderuar-saliu","status":"publish","type":"post","link":"https:\/\/fjala.info\/2009-2015\/mirsetegjeta-kosove-faleminderit-familja-e-nderuar-saliu\/","title":{"rendered":"Mirset\u00ebgjeta Kosov\u00eb! Faleminderit Familja e nderuar Saliu!"},"content":{"rendered":"<p><img decoding=\"async\" style=\"margin-left: 10px; margin-right: 10px; border: 0px;\" src=\"http:\/\/www.shkoder.net\/images\/fjala\/pp_simsia.jpg\" border=\"0\" alt=\"Pierre-Pandeli Simsia\" width=\"100\" align=\"left\" \/><\/p>\n<p><strong>Mbresa nga vizita n\u00eb Kosov\u00eb<\/strong>, <em>Maj, 2010<\/em><\/p>\n<p>Nga <strong>Pierre-Pandeli Simsia<\/strong><\/p>\n<p>K\u00ebt\u00eb vit, pushimet p\u00ebr t\u00eb shkuar pran\u00eb familjes sime n\u00eb Shqip\u00ebri, i planifikova n\u00eb dit\u00ebt e fundit t\u00eb prillit dhe t\u00eb fillim majit.<br \/>\nN\u00eb dit\u00ebt e para t\u00eb prillit, dit\u00ebt dukeshin t\u00eb ngadalta, p\u00ebr t\u2019ia l\u00ebn\u00eb radh\u00ebn nj\u00ebra tjetr\u00ebs derisa t\u00eb vinte data e nisjes.<br \/>\nSapo dola nga metroja, tingulli i telefonit, m\u00eb sinjalizonte mesazh.<br \/>\nMesazhi p\u00ebrsh\u00ebndet\u00ebs, m\u00eb vinte nga Familja Saliu, e cila, midis t\u00eb tjerave, m\u00eb njoftonte se ndodhej n\u00eb Kosov\u00eb, Prishtin\u00eb.<br \/>\nG\u00ebzimi dhe emocionet q\u00eb jetova n\u00eb ato \u00e7aste ishin t\u00eb m\u00ebdha.<br \/>\nNdalova dhe formova numrin nga m\u00eb kishte ardhur mesazhi.<br \/>\nD\u00ebgjova nj\u00eb z\u00eb t\u00eb \u00ebmb\u00ebl femre, q\u00eb iu p\u00ebrgjigj thirrjes sime telefonike.<br \/>\n&#8211; Familja Saliu?<br \/>\n&#8211; Po!<br \/>\n&#8211; Jam Pierre-Pandeli Simsia.<br \/>\n&#8211; Ooo! I nderruar zoti Simsia. Si jeni? Jam Rita, Rita Saliu &#8211; m\u00eb thot\u00eb.<br \/>\nU emocionova shum\u00eb. &#8211; Rita, mot\u00ebr! &#8211; i them. &#8211; T\u2019i l\u00ebm\u00eb m\u00ebnjan\u00eb fjal\u00ebt zonj\u00eb dhe zot\u00ebri. Le t\u2019i flasim me emra nj\u00ebri tjetrit; k\u00ebshtu besoj, se e b\u00ebjm\u00eb edhe m\u00eb t\u00eb afruesh\u00ebm komunikimin ton\u00eb.<br \/>\n&#8211; Plot\u00ebsisht e drejt\u00eb. Edhe mua k\u00ebshtu m\u00eb p\u00eblqen t\u00eb komunikoj me miqt\u00eb, shok\u00ebt, koleg\u00ebt\u2026, me emra &#8211; m\u00eb p\u00ebrgjigjet.<br \/>\nT\u00eb bisedosh me Rita Saliun, \u00ebsht\u00eb mrekulli, do ta quaj un\u00eb, sepse m\u00ebnyra e saj e komunikimit, z\u00ebri i \u00ebmb\u00ebl, edhe n\u00ebse nuk e njeh dhe bisedon p\u00ebr her\u00eb t\u00eb par\u00eb, t\u00eb imponojn\u00eb respekt.<br \/>\nMidis bised\u00ebs s\u00eb gjat\u00eb dhe t\u00eb k\u00ebndshme me bashkatdhetaren, kolegen time t\u00eb nderuar, m\u00ebsova se data e kthimit t\u00eb Rit\u00ebs nga Kosova n\u00eb Sh. B. A. korrespondonte me dat\u00ebn e kthimit tim. Koincidenc\u00eb e bukur edhe pse linjat ajrore t\u00eb fluturimit ishin t\u00eb ndryshme.<br \/>\n&#8211; Ju pres familjarisht, t\u00eb vini n\u00eb Kosov\u00eb, n\u00eb Prishtin\u00eb, n\u00eb sht\u00ebpin\u00eb time m\u00eb thot\u00eb Rita nga fundi i bised\u00ebs.<br \/>\nMes k\u00ebnaq\u00ebsis\u00eb dhe emocioneve q\u00eb ndjeva, i them, se \u00ebsht\u00eb d\u00ebshira dhe k\u00ebnaq\u00ebsia ime, t\u00eb vini ju n\u00eb Shqip\u00ebri, t\u00eb shihni edhe Beratin dhe Durr\u00ebsin, n\u00eb ve\u00e7anti.<br \/>\n&#8211; Her\u00eb tjet\u00ebr do vijm\u00eb ne, por k\u00ebsaj here do vini ju, &#8211; m\u00eb thot\u00eb Rita. &#8211; Bashk\u00eb me bashk\u00ebshorten t\u00ebnde dhe dy djemt\u00eb tuaj, ju presim n\u00eb Prishtin\u00eb.<br \/>\n\u2026\u2026\u2026<br \/>\nFtes\u00ebn, p\u00ebr t\u00eb vizituar Kosov\u00ebn, familja ime n\u00eb Shqip\u00ebri e priti me k\u00ebnaq\u00ebsi.<br \/>\nJo vet\u00ebm un\u00eb dhe bashk\u00ebshortja ime e nderuar, por ishte edhe d\u00ebshira e madhe e dy djemve tan\u00eb p\u00ebr t\u2019a par\u00eb Kosov\u00ebn nga af\u00ebr.<br \/>\nReja vullkanike n\u00eb Island\u00eb dhe bllokimi i pothuajse t\u00eb gjith\u00eb aeroporteve t\u00eb Evrop\u00ebs, b\u00ebri, q\u00eb t\u00eb m\u00eb shtyhej p\u00ebr nj\u00eb jav\u00eb data e nisjes p\u00ebr n\u00eb Shqip\u00ebri dhe data e kthimit. Kjo i reduktoi paksa, dit\u00ebt e qendrimit ton\u00eb n\u00eb Kosov\u00eb.<br \/>\nTre dit\u00eb, pasi kisha mb\u00ebrritur n\u00eb atdhe, i telefonoj Familjes Saliu n\u00eb Prishtin\u00eb.<br \/>\nMidis t\u00eb tjerash, e njoftoj edhe p\u00ebr vizit\u00ebn ton\u00eb n\u00eb Kosov\u00eb.<br \/>\nU g\u00ebzua shum\u00eb.<br \/>\n&#8211; J\u2019u presim, por edhe jemi b\u00ebr\u00eb merak, se nuk na keni telefonuar\u2026 Sapo t\u00eb mb\u00ebrrini n\u00eb Prishtin\u00eb, j\u2019u presim tek Hotel \u201cGRAND\u201d. Sht\u00ebpia jon\u00eb \u00ebsht\u00eb shum\u00eb pran\u00eb hotelit\u2026 &#8211; m\u00eb thot\u00eb Rita.<br \/>\n\u2026..<br \/>\nAutobusi i linj\u00ebs Tiran\u00eb-Prishtin\u00eb u nis nga Tirana n\u00eb or\u00ebn 18:00 , duke kaluar n\u00ebp\u00ebrmjet Republik\u00ebs s\u00eb Maqedonis\u00eb dhe, sipas orarit, duhet t\u00eb mb\u00ebrrinte n\u00eb Prishtin\u00eb n\u00eb or\u00ebn 5, n\u00eb m\u00ebngjesin e dit\u00ebs tjet\u00ebr.<br \/>\nNuk dua t\u00eb zgjatem n\u00eb at\u00eb udh\u00ebtim t\u00eb mrekulluesh\u00ebm, p\u00ebr t\u00eb p\u00ebrshkruar natyr\u00ebn e magjishme shqiptare, thesaret natyrore q\u00eb na i ka dh\u00ebn\u00eb vet\u00eb natyra.<br \/>\nSapo kaluam zyr\u00ebn doganore n\u00eb Republik\u00ebn e Maqedonis\u00eb dhe hym\u00eb n\u00eb tok\u00ebn e bekuar, Kosov\u00eb, kurrioziteti yn\u00eb ishte t\u00eb shihnim natyr\u00ebn, tok\u00ebn tjet\u00ebr shqiptare, gjysm\u00ebn e trupit t\u00eb tok\u00ebs m\u00ebm\u00eb, t\u00eb shk\u00ebputur dhimbsh\u00ebm, t\u00eb dh\u00ebn\u00eb padrejt\u00ebsisht dhe artificialisht nj\u00eb trupi tjet\u00ebr t\u00eb huaj.<br \/>\nEdhe pse ishte nat\u00eb, malet, grykat, luginat, fushat, pyjet, me gjelb\u00ebrimin e tyre, dalloheshin mir\u00eb.<br \/>\n\u2026..<br \/>\nAutobusi, sipas parashikimit, mb\u00ebrriti n\u00eb Prishtin\u00eb dy or\u00eb para.<br \/>\nN\u00eb or\u00ebn 3 t\u00eb m\u00ebngjesit, u gjend\u00ebm p\u00ebrpara Hotel GRAND n\u00eb qend\u00ebr t\u00eb Prishtin\u00ebs.<br \/>\nNuk donim ta \u201cshqet\u00ebsonim\u201d familjen prit\u00ebse n\u00eb at\u00eb or\u00eb edhe pse miqt\u00eb na prisnin n\u00eb apartamentin e tyre gjat\u00eb gjith\u00eb or\u00ebve t\u00eb nat\u00ebs.<br \/>\nMenduam t\u00eb hyjm\u00eb n\u00eb hotel, derisa t\u00eb shkonte ora 5.<br \/>\nU ul\u00ebm n\u00eb ndenj\u00ebset e hollit t\u00eb hotelit<br \/>\nPunonj\u00ebsit vijn\u00eb p\u00ebr t\u00eb na b\u00ebr\u00eb shoq\u00ebri. Kur m\u00ebsuan, se nga vinim dhe ku do shkonim (N\u00eb fytyrat e tyre ne pam\u00eb nj\u00eb shprehje g\u00ebzimi\u2026) na u duk, se interesimi i tyre p\u00ebr t\u00eb na k\u00ebnaqur m\u00eb mir\u00eb, sikur u shtua.<br \/>\n&#8211; Jo vet\u00ebm se jeni v\u00ebllez\u00ebrit dhe motra jon\u00eb t\u00eb nj\u00eb gjaku, por, ju qenkeni edhe miqt\u00eb e Familjes s\u00eb nderuar Saliu, miqt\u00eb e N\u00cbN\u00cbS son\u00eb t\u00eb madhe, t\u00eb n\u00ebn\u00ebs s\u00eb gjith\u00eb Kosov\u00ebs, Rita Saliu.<br \/>\nMenj\u00ebher\u00eb, ndjem\u00eb dashuri, respekt, emocione g\u00ebzimi, p\u00ebr at\u00eb familje t\u00eb nderuar, p\u00ebr at\u00eb grua zonj\u00eb t\u00eb respektuar, motra Rit\u00eb, q\u00eb edhe pse nuk e kishim par\u00eb dhe takuar ndonj\u00ebher\u00eb, po i shkonim n\u00eb sht\u00ebpi si miq, si v\u00ebllai tek motra, si motra tek motra, si nip\u00ebrit tek halla, tezja e tyre\u2026<br \/>\n\u201cRita Saliu\u201d &#8211; fola me vete dhe m&#8217;u shfaq portreti i Rit\u00ebs, q\u00eb e njihja vet\u00ebm n\u00ebp\u00ebrmjet fotografis\u00eb dhe poezive t\u00eb saja. . \u201cPo m\u00eb b\u00ebn t\u00eb ndjehem krenar me emrin t\u00ebnd q\u00eb ke l\u00ebn\u00eb tek t\u00eb gjith\u00eb njer\u00ebzit, me vepr\u00ebn t\u00ebnde fisnike dhe patriotike, me dashurine, p\u00ebr mbar\u00eb popullin e Kosov\u00ebs dhe gjith\u00eb miqve t\u00eb tu, anemban\u00eb kudo jan\u00eb\u2026\u201d<br \/>\nN\u00eb biseda t\u00eb ngrohta mes miqsh dhe shok\u00eb, ora ec\u00ebn pa u ndjer\u00eb. Nuk na shkoi mendja t\u00eb shihnim or\u00ebn, (Ora kishte kaluar nga 6-t\u00eb) kur, n\u00eb hyrjen kryesore t\u00eb Hotel GRAND, u shfaq nj\u00eb grua e pashme, me veshje t\u00eb rregullt, q\u00eb ne na u duk fisnike.<br \/>\nNa pa dhe eci drejt nesh. E menduam se duhet t\u00eb ishte Rita jon\u00eb, motra bujare q\u00eb po na priste.<br \/>\nSapo afrohet dhe ne \u00e7ohemi nga ndenj\u00ebset p\u00ebr t\u2019a takuar, na thot\u00eb: &#8211; \u00c7\u2019ka keni ba k\u00ebshtu? Keni ardh n\u00eb Prishtin\u00eb dhe nuk m\u00eb keni njoftu? (Rita i kishte telefonuar hotelit dhe kishte m\u00ebsuar p\u00ebr ardhjen ton\u00eb) Po j\u2019u prisja n\u00eb apartamentin tim gjith\u00eb nat\u00ebn\u2026 I vetmi apartament n\u00eb pallat me drit\u00ebn ndez, ka qen\u00eb apartamenti im\u2026<br \/>\nE buz\u00ebqeshur, motra Rit\u00eb, p\u00ebrqafohet me bashk\u00ebshorten time, si motra me motr\u00ebn, si t\u00eb ishin njohur prej koh\u00ebsh.<br \/>\nSi motra me v\u00ebllan\u00eb u p\u00ebrqafuam bashk\u00eb, ashtu dhe me dy djemt\u00eb e mi\u2026<br \/>\nI falenderoi punonj\u00ebsit e hotelit p\u00ebr shoq\u00ebrin\u00eb e tyre ndaj nesh dhe dol\u00ebm jasht\u00eb.<br \/>\n&#8211; Ni ktu e kam sht\u00ebpin\u00eb &#8211; na thot\u00eb, duke drejtuar gishtin tek nj\u00eb pallat.<br \/>\nAs 50-t\u00eb metra larg, nuk ishte pallati ku banon Familja Saliu n\u00eb qend\u00ebr t\u00eb Prishtin\u00ebs, nga Hotel GRAND.<br \/>\nDuke ecur drejt apartamentit, fytyra e motr\u00ebs Rit\u00eb shndriste nga g\u00ebzimi. (Sa t\u00eb \u00e7lirojn\u00eb nga emocionet shndritje t\u00eb tilla t\u00eb fytyr\u00ebs! Sa dashuri, k\u00ebnaq\u00ebsi, t\u00eb japin fjal\u00ebt e ngrohta mikprit\u00ebse n\u00eb t\u00eb tilla raste! Ta largojn\u00eb edhe at\u00eb pak druajtje, n\u00ebse t\u00eb ka z\u00ebn\u00eb n\u00eb ato \u00e7aste, p\u00ebr t\u2019ia l\u00ebn\u00eb vendin asaj, q\u00eb n\u00eb gjuh\u00ebn popullore quhet: T\u00eb rrish si n\u00eb sht\u00ebpin\u00eb t\u00ebnde\u201d)<\/p>\n<p>Apartamenti i Familjes Saliu, nj\u00eb apartament modest, me bujarin\u00eb, mikpritjen dashurin\u00eb njer\u00ebzore p\u00ebr v\u00ebllez\u00ebrit dhe motra t\u00eb nj\u00eb gjaku, ishte m\u00eb i madh\u00ebrish\u00ebm se nj\u00eb pallat luksoz. Luksi i atij apartamenti ishte buz\u00ebqeshja, dashuria, mikpritja, ngroht\u00ebsia q\u00eb na ofroi ajo familje e nderuar n\u00eb mbar\u00eb Kosov\u00ebn dhe popullin e saj, n\u00eb mbar\u00eb miqt\u00eb shok\u00ebt e saj.<br \/>\nAi apartament, ishte nj\u00eb muze i gjall\u00eb, ku e vjetra e nj\u00eb kohe t\u00eb shkuar, t\u00eb dhimbshme, t\u00eb p\u00ebrgjakshme dhe e reja, koha fitimtare, koha e liris\u00eb, ishin g\u00ebrshetuar me nj\u00ebra tjetr\u00ebn, si d\u00ebshmi, e asaj \u00e7\u2019far\u00eb p\u00ebrjetoi Kosova dhe populli i saj, \u00e7\u2018far\u00eb kan\u00eb b\u00ebr\u00eb n\u00ebnat, baballar\u00ebt, v\u00ebllez\u00ebrit dhe motrat kosovare, p\u00ebr t\u2018iu ardhur n\u00eb ndihm\u00eb bijve dhe bijave, q\u00eb luftuan p\u00ebr pavar\u00ebsin\u00eb e tok\u00ebs s\u00eb shenjt\u00eb, Kosov\u00eb.<br \/>\nShikonim n\u00eb \u00e7\u2019do pjes\u00eb t\u00eb atij apartamenti fotografi t\u00eb ndryshme makabre nga koha e luft\u00ebs, heronjt\u00eb kosovar\u00eb t\u00eb rr\u00ebn\u00eb p\u00ebr liri, heronj, bij\u00eb t\u00eb pafajsh\u00ebm t\u00eb djegur p\u00ebr s\u00eb gjalli nga \u00e7menduaria, bisha gjakatare serbe dhe ndjenim dhimbje. Loti nuk mund t\u00eb ndalohet s\u00eb rr\u00ebni, nga pamje t\u00eb tilla.<br \/>\nShikonim fotografi, zonj\u00ebn e nderuar, motr\u00ebn, n\u00ebn\u00ebn e gjith\u00eb Kosov\u00ebs, Rita Saliu, dal\u00eb me personalitetet m\u00eb t\u00eb larta t\u00eb shtetit Shqiptar, t\u00eb Shqip\u00ebris\u00eb dhe Kosov\u00ebs, me personalitete t\u00eb ndryshme amerikane, lexonim mir\u00ebnjohjet e shumta, q\u00eb ajo grua kishte marr\u00eb, e vler\u00ebsuar p\u00ebr ndihm\u00ebn, p\u00ebrkrahjen, sakrific\u00ebn e madhe, sh\u00ebrbes\u00ebn e saj, q\u00eb i ka b\u00ebr\u00eb n\u00ebn\u00ebs Kosov\u00eb dhe bijve, motrave dhe v\u00ebllez\u00ebrve t\u00eb saj, dhe ndjenim krenari, dashuri, respekt, shembullin, q\u00eb duhet t\u00eb marrim t\u00eb gjith\u00eb ne.<br \/>\nRita, m\u00eb duket se e kuptoi hutimin ton\u00eb, dhimbjen e madhe q\u00eb ne po jetonim n\u00eb ato \u00e7aste, p\u00ebr ato \u00e7\u2019far\u00eb po shihnim dhe, si p\u00ebr t\u00eb na larguar nga ajo, \u00e7\u2019far\u00eb ne po jetonim na thot\u00eb: &#8211; T\u00eb dashurit e mi! Jeni t\u00eb lodhur nga ai udh\u00ebtim i gjat\u00eb; ham\u00eb di\u00e7ka dhe t\u00eb shtriheni; t\u00eb shlodheni, \u00ebsht\u00eb herr\u00ebt ala&#8217;\u2026<br \/>\nA mund ta ndjenim ne lodhjen n\u00eb at\u00eb sht\u00ebpi, n\u00eb at\u00eb mrekulli mikpritje, n\u00eb at\u00eb bujari shqiptare?!<br \/>\nE pranuam at\u00eb, \u00e7\u2019far\u00eb na ofroi motra jon\u00eb, Rit\u00eb.<br \/>\nU ul\u00ebm n\u00eb tryez\u00ebn e ngr\u00ebnies. Pas pak, u d\u00ebgjua zilja e telefonit celular.<br \/>\nMot\u00ebr Rita, iu p\u00ebrgjigj thirrjes telefonike. Ne vet\u00ebm d\u00ebgjonim p\u00ebrgjigjet e saja. \u201cPo, po! K\u00ebtu jan\u00eb. Erdh\u00ebn, i kam k\u00ebtu n\u00eb sht\u00ebpi\u2026\u201d<br \/>\nIshte bashk\u00ebshorti i nderuar i Rit\u00ebs, inxhinier Adem Saliu. Na fliste nga Amerika e larg\u00ebt, nga Rodhe Island, ku jeton familja Saliu. Ishte i interesuar p\u00ebr shkuarjen ton\u00eb dhe, q\u00eb neve t\u00eb mos na mungonte asgj\u00eb, madje, edhe i thoshte bashk\u00ebshortes s\u00eb tij, se n\u00eb cil\u00ebt restorante duhet t\u00eb drekonim dhe t\u00eb darkonim, p\u00ebr t\u00eb na k\u00ebnaqur sa m\u00eb mir\u00eb.<br \/>\nPastaj d\u00ebshiroi t\u00eb fliste edhe me ne n\u00eb telefon.<br \/>\nFol\u00ebm me zot\u00ebrin\u00eb e nderuar Adem Saliu, si v\u00ebllai me v\u00ebllan\u00eb, si v\u00ebllai me motr\u00ebn.<br \/>\nMe \u00e7\u2019far\u00eb ushqimi tjet\u00ebr mund t\u00eb ngopet njeriu, miku, kur d\u00ebgjon z\u00ebrin e ngroht\u00eb t\u00eb nj\u00eb miku t\u00eb pa par\u00eb ndonj\u00ebher\u00eb, kur t\u00eb uron me gjith\u00eb zem\u00ebr mir\u00ebseardhjen n\u00eb sht\u00ebpin\u00eb e tij?! Kur shpreh keqardhjen, pse nuk ndodhet edhe ai n\u00eb ato dit\u00eb, pran\u00eb miqve t\u00eb tij, q\u00eb i kan\u00eb shkuar p\u00ebr vizit\u00eb?!<br \/>\nZot! \u00c7\u2019far\u00eb mrekulli! \u00c7\u2019far\u00eb dashuri! \u00c7\u2019far\u00eb respekt t\u00eb imponojn\u00eb njer\u00ebz t\u00eb till\u00eb! \u00c7\u2019far\u00eb ndjenj\u00eb v\u00ebllaz\u00ebrore t\u00eb dhuron i nj\u00ebjti gjak, gjaku yn\u00eb shqiptar!<br \/>\nBashk\u00ebshort\u00ebt Rita dhe Adem Saliu, njihen si veprimtar\u00eb t\u00eb devotsh\u00ebm p\u00ebr \u00e7\u00ebshtjen e madhe t\u00eb Kosov\u00ebs, n\u00eb sh\u00ebrbim t\u00eb \u00e7\u00ebshtjes komb\u00ebtare.<br \/>\nRita Saliu \u00ebsht\u00eb nj\u00eb grua inteligjente e rrall\u00eb. M\u00ebnyra e saj e qet\u00eb e t\u00eb folurit, t\u00eb b\u00ebn t\u00eb harrosh gjith\u00e7ka. Edhe t\u00eb ngr\u00ebnit e harruam,; ishim p\u00ebrqendruar n\u00eb \u00e7\u2019do fjal\u00eb q\u00eb ajo nxirrte nga goja. G\u00ebzimin p\u00ebr vajtjen ton\u00eb atje, e shprehte fytyra e saj e qeshur. Ashtu e pam\u00eb at\u00eb fytyr\u00eb gjat\u00eb gjith\u00eb koh\u00ebs.<br \/>\nKishte merakun edhe p\u00ebr dy djemt\u00eb tan\u00eb. &#8211; Duhet t\u00eb shtrihen e t\u00eb flen\u00eb djemt\u00eb; jan\u00eb t\u00eb rinj dhe t\u00eb lodhur nga rruga e gjat\u00eb.<br \/>\nE nd\u00ebrsa dy djemt\u00eb e mi u shtrin\u00eb p\u00ebr t\u00eb fjetur n\u00eb dhom\u00ebn tjet\u00ebr, ne t\u00eb tre, n\u00eb dhom\u00ebn e pritjes bisedonim e bisedonim.<br \/>\nN\u00eb bised\u00eb e sip\u00ebr, Rita kujtoi me respekt edhe bashkatdhetaret tona t\u00eb nderuara me banim n\u00eb Sh.B.A; Elmira Muja, Shqipe Biba, Julia Gjika, Shqipe Malushi, Anna Kohen, Rozi Theohari, Kozeta Mamaqi, Iliriana Sulkuqi, Aida Dismondy, Shpresa Vranari, Mimoza Daj\u00e7i\u2026<br \/>\nU ndjem\u00eb v\u00ebrtet\u00eb si n\u00eb sht\u00ebpin\u00eb ton\u00eb, n\u00eb at\u00eb sht\u00ebpi, ku zonja e saj, na e paraqiti si shtepin\u00eb ton\u00eb p\u00ebr t\u00eb fjetur.<br \/>\n\u2026\u2026\u2026\u2026\u2026..<br \/>\nMesdita kishte kaluar dhe, sapo dy djemt\u00eb tan\u00eb u zgjuan, Rita na thot\u00eb, t\u00eb dilnim jasht\u00eb p\u00ebr t\u00eb drekuar.<br \/>\nNuk ndjeheshim t\u00eb uritur, d\u00ebshira jon\u00eb ishte t\u00eb vizitonim Prishtin\u00ebn.<\/p>\n<p>Sht\u00ebpia e Familjes Saliu n\u00eb qend\u00ebr t\u00eb Prishtin\u00ebs, ndodhet n\u00eb nj\u00eb pozicion t\u00eb till\u00eb q\u00eb, n\u00eb cil\u00ebndo rrug\u00eb t\u00eb jesh, t\u00eb \u00e7on n\u00eb sht\u00ebpin\u00eb e saj.<br \/>\nQielli i pasdites s\u00eb 2 majit ishte i kthjell\u00ebt. Edhe pse rrezet e diellit binin t\u00eb nxehta, n\u00eb rrug\u00ebt e pastra dhe t\u00eb bukura t\u00eb Prishtin\u00ebs kishte gjall\u00ebri. Djem e vajza, t\u00eb rinj e t\u00eb reja, kishin mbushur plot baret, kafenet\u00eb. Shihje vet\u00ebm fytyra t\u00eb qeshura e t\u00eb g\u00ebzuara.<br \/>\nRita Saliu \u00ebsht\u00eb nj\u00eb personalitet i njohur n\u00eb Prishtin\u00eb dhe, t\u00eb dal\u00ebsh sh\u00ebtitje p\u00ebrkrah saj, biseda t\u00eb nd\u00ebrpritet shum\u00eb her\u00eb, sepse jan\u00eb miqt\u00eb, t\u00eb njohurit e saj, q\u00eb e p\u00ebrsh\u00ebndesin, e takojn\u00eb.<br \/>\nDuke ecur bulevardit kryesor, p\u00ebrpara \u201cGRAND\u201d-it, m\u2019u kujtua viti i larg\u00ebt i pranver\u00ebs 1981. E pyes Rit\u00ebn, n\u00ebse tek ky bulevard demostruan student\u00ebt. &#8211; Po! &#8211; m\u00eb thot\u00eb, &#8211; tek ky bulevard dhe tek ata t\u00eb tjer\u00ebt, duke drejtuar gishtin.<br \/>\nP\u00ebrpara bulevardit kryesor, qendronte madh\u00ebshtor portreti i ish Presidentit t\u00eb Kosov\u00ebs, t\u00eb madhit, t\u00eb pavdekshmit, Ibrahim Rugova.<br \/>\nQendrojm\u00eb p\u00ebrpara tij n\u00eb shenj\u00eb respekti dhe me d\u00ebshir\u00ebn t\u00eb dalim n\u00eb fotografi.<\/p>\n<p style=\"text-align: center;\"><img decoding=\"async\" style=\"margin-left: 10px; margin-right: 10px; border: 0px;\" src=\"http:\/\/www.shkoder.net\/images\/fjala\/2010\/pp_simsia_kosove.jpg\" border=\"0\" alt=\"Pierre-Pandeli Simsia n\u00eb Kosov\u00eb\" width=\"450\" \/><\/p>\n<p>Pastaj qendruam p\u00ebrpara monumentit t\u00eb Heroit t\u00eb Kombit Zahir Pajaziti.<\/p>\n<p style=\"text-align: center;\"><img decoding=\"async\" style=\"margin-left: 10px; margin-right: 10px; border: 0px;\" src=\"http:\/\/www.shkoder.net\/images\/fjala\/2010\/pp_simsia_kosove1.jpg\" border=\"0\" alt=\"Pierre-Pandeli Simsia n\u00eb Kosov\u00eb\" width=\"450\" \/><\/p>\n<p>Papritur, d\u00ebgjojm\u00eb nj\u00eb z\u00eb vajze t\u00eb vog\u00ebl. Nj\u00eb vog\u00eblushe e bukur, duke vrapuar po vinte drejt nesh.<br \/>\n&#8211; Rita ime e mir\u00eb. Zemra ime e vog\u00ebl\u2026 &#8211; d\u00ebgjuam motr\u00ebn ton\u00eb Rita Saliu t\u2019i thoshte vajz\u00ebs s\u00eb vog\u00ebl me emrin Rita, duke e p\u00ebrqafuar\u2026<br \/>\nGjat\u00eb bised\u00ebs me baban\u00eb e Rit\u00ebs s\u00eb vog\u00ebl, m\u00ebsuam, pse vajz\u00ebn e quanin Rita: \u201cP\u00ebr nder dhe vepr\u00ebs s\u00eb ndritur t\u00eb bij\u00ebs kosovare, t\u00eb n\u00ebn\u00ebs s\u00eb gjith\u00eb Kosov\u00ebs, Rita Saliu, ia kemi v\u00ebn\u00eb edhe ne emrin vajz\u00ebs son\u00eb, Rita. Le t\u00eb rritet edhe vajza jon\u00eb e t\u00eb ndjek\u00eb rrug\u00ebn e Rita Saliut.<br \/>\nA mund t\u00eb ndjej\u00eb njeriu k\u00ebnaq\u00ebsi m\u00eb t\u00eb madhe n\u00eb ato \u00e7aste, kur d\u00ebgjon se si vler\u00ebsohet intelektualja shqiptare, se si respektohet nj\u00eb grua, nj\u00eb n\u00ebn\u00eb, nj\u00eb mot\u00ebr, nj\u00eb kolege, bashkatdhetare nga qytetar\u00ebt e saj?!<\/p>\n<p style=\"text-align: center;\"><img decoding=\"async\" style=\"margin-left: 10px; margin-right: 10px; border: 0px;\" src=\"http:\/\/www.shkoder.net\/images\/fjala\/2010\/pp_simsia_kosove2.jpg\" border=\"0\" alt=\"Pierre-Pandeli Simsia n\u00eb Kosov\u00eb\" width=\"450\" \/><\/p>\n<p>Vazhdojm\u00eb ecjen n\u00eb bulevard, p\u00ebr t\u00eb shkuar tek monumenti i Heroit ton\u00eb Komb\u00ebtar, Gjergj Kastrioti, Sk\u00ebnderbeu, i cili ndodhet jo shume larg. Dhe p\u00ebrs\u00ebri, u d\u00ebgjua ting\u00ebllima e ziles s\u00eb telefonit celular t\u00eb Rit\u00ebs. Ishte prap zot\u00ebria i nderuar, Ing. Adem Saliu.<br \/>\nPasi foli me bashk\u00ebshorten e tij dhe pastaj me ne, m\u00ebsuam se, kishte edhe ai \u201cmerakun\u201d e tij p\u00ebr k\u00ebnaqjen ton\u00eb.<br \/>\nFamilja Saliu, i kishte marr\u00eb t\u00eb gjitha masat, q\u00eb neve t\u00eb mos na mungonte asgj\u00eb n\u00eb at\u00eb vizit\u00eb, madje edhe shoferi, q\u00eb do t\u00eb na shoq\u00ebronte.<br \/>\nNaser Gashi, ishte shoferi. Nj\u00eb burr\u00eb intelektual, q\u00eb kishte kaluar nj\u00eb fatkeq\u00ebsi, por fal\u00eb ndihm\u00ebs s\u00eb Familjes Saliu, e kishte kaluar at\u00eb me sukses.<br \/>\nDjali i tij, duke luajtur me shok\u00ebt, kishte p\u00ebsuar nj\u00eb djegie t\u00eb r\u00ebnd\u00eb. Ishte Familja Saliu ajo, q\u00eb i kishte ofruar ndihm\u00ebn e saj n\u00eb Sh.B.A. Jo vet\u00ebm duke i hapur der\u00ebn e sht\u00ebpis\u00eb, por edhe ndihma t\u00eb tjera, duke u interesuar n\u00eb mjek\u00eb dhe n\u00eb spitalet amerikane, p\u00ebr t\u2019i qendruar gjithmon\u00eb pran\u00eb.<\/p>\n<p style=\"text-align: center;\"><img decoding=\"async\" style=\"margin-left: 10px; margin-right: 10px; border: 0px;\" src=\"http:\/\/www.shkoder.net\/images\/fjala\/2010\/pp_simsia_kosove3.jpg\" border=\"0\" alt=\"Pierre-Pandeli Simsia n\u00eb Kosov\u00eb\" width=\"450\" \/><\/p>\n<p>&#8220;NEW BORN&#8221;, nj\u00eb tjet\u00ebr vend i ve\u00e7ant\u00eb n\u00eb Prishtin\u00eb, q\u00eb Rita nuk mund t\u00eb na linte pa e vizituar; simboli i rilindjes s\u00eb kryeqytetit pas shkat\u00ebrrimit t\u00eb luft\u00ebs, ku jan\u00eb t\u00eb sh\u00ebnuar mij\u00ebra firma t\u00eb qytetar\u00ebve t\u00eb Kosov\u00ebs.<\/p>\n<p>N\u00eb qend\u00ebr t\u00eb Prishtin\u00ebs, ishte n\u00eb punim e sip\u00ebr Katedralja e N\u00ebn\u00eb Terez\u00ebs, q\u00eb do t\u00eb p\u00ebrurohet n\u00eb 100 vjetorin e saj.<\/p>\n<p style=\"text-align: center;\"><img decoding=\"async\" style=\"margin-left: 10px; margin-right: 10px; border: 0px;\" src=\"http:\/\/www.shkoder.net\/images\/fjala\/2010\/pp_simsia_kosove4.jpg\" border=\"0\" alt=\"Pierre-Pandeli Simsia n\u00eb Kosov\u00eb\" width=\"450\" \/><\/p>\n<p>Shfryt\u00ebzova rastin me vajtjen ton\u00eb n\u00eb Prishtin\u00eb, t\u2019i telefonoja mikut tim, Prof. Dr. Zymer Neziri, K\u00ebshilltar Shkencor\/Prof. i rregullt n\u00eb Institutin Albanologjik t\u00eb Prishtin\u00ebs.<br \/>\nSigurisht, u g\u00ebzua dhe lam\u00eb or\u00ebn e takimit n\u00eb Grand Hotel.<br \/>\nTakimi me Prof. Nezirin, ishte emocionues.<br \/>\nJemi miq tek Familja Saliu, i them Profesor Nezirit, pasi u ul\u00ebm n\u00eb tavolin\u00eb; besoj se e njihni. (Rita erdhi 10-t\u00eb minuta m\u00eb von\u00eb).<br \/>\nProfesori, duke buz\u00ebqeshur m\u00eb thot\u00eb: Nuk ka njeri t\u00eb mos e njoh\u00eb at\u00eb familje, at\u00eb grua intelektuale, fisnike dhe humanitare, shkrimtaren e nderuar\u2026<br \/>\nKur u ndam\u00eb, profesori na ftoi dit\u00ebn tjet\u00ebr t\u00eb b\u00ebnim nj\u00eb vizit\u00eb n\u00eb Institutin Albanalogjik.<br \/>\nDo t\u00eb m\u00eb mbetet p\u00ebrher\u00eb n\u00eb kujtes\u00eb, pritja q\u00eb na u b\u00eb n\u00eb Institut. (Gjithmon\u00eb n\u00ebn shoq\u00ebrin\u00eb e Rit\u00ebs)<\/p>\n<p style=\"text-align: center;\"><img decoding=\"async\" style=\"margin-left: 10px; margin-right: 10px; border: 0px;\" src=\"http:\/\/www.shkoder.net\/images\/fjala\/2010\/pp_simsia_kosove5.jpg\" border=\"0\" alt=\"Pierre-Pandeli Simsia n\u00eb Kosov\u00eb\" width=\"450\" \/><br \/>\n<strong>Instituti Albanologjik, Prishtin\u00eb<\/strong><\/p>\n<p>Prof. Dr. Zymer Neziri, bashk\u00eb me profesor\u00ebt e tjer\u00eb Emin Kabashi, Adem Zejnullahu, etj. pasi na takoi n\u00eb hyrjen e godin\u00ebs, duke na uruar mirseardhjen, na njohu me ambientet e atij Instituti, i themeluar n\u00eb vitin 1953, si Instituti i par\u00eb i k\u00ebtij lloji, i ve\u00e7ant\u00eb p\u00ebr albanologjin\u00eb, nj\u00ebsia e par\u00eb shkencore p\u00ebr trevat shqiptare.<\/p>\n<p style=\"text-align: center;\"><img decoding=\"async\" style=\"margin-left: 10px; margin-right: 10px; border: 0px;\" src=\"http:\/\/www.shkoder.net\/images\/fjala\/2010\/pp_simsia_kosove6.jpg\" border=\"0\" alt=\"Pierre-Pandeli Simsia n\u00eb Kosov\u00eb\" width=\"450\" \/><\/p>\n<p>Professor Neziri, na ftoi t\u00eb shkonim n\u00eb zyr\u00ebn e tij, q\u00eb ndodhej n\u00eb katin e dyt\u00eb.<br \/>\nAtje m\u00ebsuam m\u00eb shum\u00eb rreth Institutit dhe aktivitetet e tij. T\u00eb ulur rreth tavolin\u00ebs n\u00eb zyr\u00ebn e tij, fol\u00ebm e biseduam, si miq, si t\u00eb ishim t\u00eb njohur prej koh\u00ebsh.<\/p>\n<p style=\"text-align: center;\"><img decoding=\"async\" style=\"margin-left: 10px; margin-right: 10px; border: 0px;\" src=\"http:\/\/www.shkoder.net\/images\/fjala\/2010\/pp_simsia_kosove7.jpg\" border=\"0\" alt=\"Pierre-Pandeli Simsia n\u00eb Kosov\u00eb\" width=\"450\" \/><br \/>\n<strong>Prof. Dr. Zymer Neziri<\/strong><\/p>\n<p>Vizita e radh\u00ebs, ishte tek varri i ish Presidentit Ibrahim Rrugova, udh\u00ebheq\u00ebsit q\u00eb la gjurm\u00eb dhe em\u00ebr t\u00eb ndritur n\u00eb Historin\u00eb e Kosov\u00ebs dhe mbar\u00eb Kombit ton\u00eb<\/p>\n<p style=\"text-align: center;\"><img decoding=\"async\" style=\"margin-left: 10px; margin-right: 10px; border: 0px;\" src=\"http:\/\/www.shkoder.net\/images\/fjala\/2010\/pp_simsia_kosove8.jpg\" border=\"0\" alt=\"Pierre-Pandeli Simsia n\u00eb Kosov\u00eb\" width=\"450\" \/><\/p>\n<p style=\"text-align: center;\"><img decoding=\"async\" style=\"margin-left: 10px; margin-right: 10px; border: 0px;\" src=\"http:\/\/www.shkoder.net\/images\/fjala\/2010\/pp_simsia_kosove9.jpg\" border=\"0\" alt=\"Pierre-Pandeli Simsia n\u00eb Kosov\u00eb\" width=\"450\" \/><\/p>\n<p>M\u00eb pas, vazhduam rrug\u00ebn, duke kaluar n\u00eb Fush\u00eb Kosov\u00eb, p\u00ebr t\u00eb hyr\u00eb n\u00eb Drenic\u00ebn herroike, vendi i ngjarjeve t\u00eb m\u00ebdha historike, duke kaluar n\u00eb Sk\u00ebnderaj, Drenas, Likoshan, Qirez, Prekaz.<br \/>\nRrug\u00ebs p\u00ebr n\u00eb Drenic\u00eb, nga ana e majt\u00eb, shtrihej Gryka e Llapushnikut p\u00ebrmes maleve t\u00eb Berish\u00ebs.<br \/>\nIshin ato male, ishte ajo gryk\u00eb, rruga e dhimbshme dhe e mundimshme e popullit t\u00eb Kosov\u00ebs gjat\u00eb luft\u00ebs, p\u00ebr t\u00eb l\u00ebn\u00eb vatrat e tyre, p\u00ebr t\u2019u strehuar p\u00ebrkoh\u00ebsisht tek familjet e nj\u00eb gjaku, tek v\u00ebllez\u00ebrit dhe motrat shqiptare n\u00eb Shqip\u00ebri.<br \/>\nN\u00eb t\u00eb gjitha ato fshatra q\u00eb kaluam, shkat\u00ebrrimi, zjarri dhe hiri i luft\u00ebs, ishte z\u00ebvend\u00ebsuar me sht\u00ebpit\u00eb e reja t\u00eb nd\u00ebrtuara nga vet\u00eb banor\u00ebt.<br \/>\nRrug\u00ebs p\u00ebr n\u00eb Drenic\u00eb, n\u00eb krah t\u00eb djatht\u00eb, ishin vorrezat. N\u00eb hyrje, varri Komandantit suprem, kryetrimit t\u00eb Drenices, luft\u00ebtari Shaban Palluzha.<br \/>\nQendruam dhe b\u00ebm\u00eb homazhe p\u00ebrpara varrit t\u00eb Kryetrimit Palluzha.<\/p>\n<p style=\"text-align: center;\"><img decoding=\"async\" style=\"margin-left: 10px; margin-right: 10px; border: 0px;\" src=\"http:\/\/www.shkoder.net\/images\/fjala\/2010\/pp_simsia_kosove10.jpg\" border=\"0\" alt=\"Pierre-Pandeli Simsia n\u00eb Kosov\u00eb\" width=\"450\" \/><\/p>\n<p style=\"text-align: center;\"><img decoding=\"async\" style=\"margin-left: 10px; margin-right: 10px; border: 0px;\" src=\"http:\/\/www.shkoder.net\/images\/fjala\/2010\/pp_simsia_kosove11.jpg\" border=\"0\" alt=\"Pierre-Pandeli Simsia n\u00eb Kosov\u00eb\" width=\"450\" \/><\/p>\n<p>Makina ndalon n\u00eb vendin p\u00ebr ku ishim nisur, n\u00eb Prekazin heroik, vendlindja e Heroit Legjendar, Kryekomandanti i Ushtris\u00eb \u00c7lirimtare t\u00eb Kosov\u00ebs, Adem Jashari, vendndodhja e varreve t\u00eb fisit Jasharaj.<br \/>\nN\u00eb hyrrje t\u00eb Prekaz-it, n\u00eb p\u00ebrfundim e sip\u00ebr, ngrihej madh\u00ebshtor, memoriali p\u00ebrkujtimor n\u00eb kujtim t\u00eb gjith\u00eb atyre luft\u00ebtar\u00ebve, q\u00eb dhan\u00eb jet\u00ebn p\u00ebr \u00e7lirimin e Kosov\u00ebs.<br \/>\nN\u00eb at\u00eb lagje t\u00eb Prekazit, jan\u00eb tre kulla: Kulla e Ahmet Delis\u00eb, q\u00eb m\u00eb 1912 me sopat\u00eb n\u00eb dor\u00eb luftoi kundra hordhive \u00e7etnike, Kulla e Tahir Meha-s, i cili u vra m\u00eb 13 Maj, 1981 dhe Kulla e tret\u00eb, \u00ebsht\u00eb Kulla e Adem Jasharit.<br \/>\nMemoriali q\u00eb po nd\u00ebrtohet i ka tre simbolikat. Tre kullat e Prekazit, tre figurat qendrore t\u00eb rezistenc\u00ebs s\u00eb fundit; t\u00eb bac\u00eb Shabanit dhe dy djemt\u00eb e tij, Hamza dhe komandant Jashari.<\/p>\n<p style=\"text-align: center;\"><img decoding=\"async\" style=\"margin-left: 10px; margin-right: 10px; border: 0px;\" src=\"http:\/\/www.shkoder.net\/images\/fjala\/2010\/pp_simsia_kosove12.jpg\" border=\"0\" alt=\"Pierre-Pandeli Simsia n\u00eb Kosov\u00eb\" width=\"450\" \/><\/p>\n<p>Memoriali, p\u00ebr \u00e7\u2019do vizitor, do jet\u00eb d\u00ebshmi p\u00ebr luft\u00ebn, herroizmin dhe sakrific\u00ebn e popullit t\u00eb Kosov\u00ebs ndaj barbarizmave serbe.<br \/>\nQendrojm\u00eb para memorialit.<br \/>\nP\u00ebrball\u00eb tij, shtrihet kompleksi p\u00ebrkujtimor i masakr\u00ebs s\u00eb Prekazit.<\/p>\n<p style=\"text-align: center;\"><img decoding=\"async\" style=\"margin-left: 10px; margin-right: 10px; border: 0px;\" src=\"http:\/\/www.shkoder.net\/images\/fjala\/2010\/pp_simsia_kosove13.jpg\" border=\"0\" alt=\"Pierre-Pandeli Simsia n\u00eb Kosov\u00eb\" width=\"450\" \/><\/p>\n<p>Prehen 59 trima; 52 varre jan\u00eb t\u00eb Familjes Jashari, nd\u00ebrsa 7 varret e tjer\u00eb jan\u00eb t\u00eb miqve t\u00eb asaj familje; Familjet Bazaj, Kicaj.<br \/>\nSipas projektit p\u00ebr kompleksin jan\u00eb 153 hektar zon\u00eb komb\u00ebtare, N\u00eb projekt \u00ebsht\u00eb edhe nd\u00ebrtimi i nj\u00eb muzeu, n\u00eb vendin ku u b\u00eb edhe p\u00ebrpjekja herroike.<br \/>\nKompleksi i varreve para lufte, ka qen\u00eb nj\u00eb fush\u00eb e gjelb\u00ebruar. Hamz\u00eb Jashari me disa shok\u00eb t\u00eb tjer\u00eb, arrit\u00ebn q\u00eb n\u00eb Drenic\u00eb t\u00eb pajtojn\u00eb 23 gjaqe, ku edhe \u00ebsht\u00eb mbajtur tubimi gjith\u00ebpopullor n\u00eb Drenic\u00eb.<\/p>\n<p style=\"text-align: center;\"><img decoding=\"async\" style=\"margin-left: 10px; margin-right: 10px; border: 0px;\" src=\"http:\/\/www.shkoder.net\/images\/fjala\/2010\/pp_simsia_kosove14.jpg\" border=\"0\" alt=\"Pierre-Pandeli Simsia n\u00eb Kosov\u00eb\" width=\"450\" \/><\/p>\n<p style=\"text-align: center;\"><img decoding=\"async\" style=\"margin-left: 10px; margin-right: 10px; border: 0px;\" src=\"http:\/\/www.shkoder.net\/images\/fjala\/2010\/pp_simsia_kosove15.jpg\" border=\"0\" alt=\"Pierre-Pandeli Simsia n\u00eb Kosov\u00eb\" width=\"450\" \/><\/p>\n<p>N\u00eb kompleksin p\u00ebrkujtimor Adem Jashari \u00ebsht\u00eb ndar\u00eb nj\u00eb pjes\u00eb e ve\u00e7ant\u00eb, e quajtur Loja e Pajtimit, ku jan\u00eb t\u00eb vendosur 24 gurr\u00eb mermeri vertikalisht, n\u00eb respekt t\u00eb 24 pleqve, sipas Kanunit t\u00eb Lek\u00eb Dukagjinit.<br \/>\nB\u00ebjm\u00eb homazhe, vendosim buqetat me lule. N\u00eb \u00e7\u2019do hap q\u00eb hidhnim, na dilnin p\u00ebrpara syve, herroizmi, lufta p\u00ebr liri, sakrifica e atyre bijve dhe bijave t\u00eb Kosov\u00ebs, dhimbja e madhe p\u00ebr t\u00eb rr\u00ebn\u00ebt. Ndjenim krenari p\u00ebr ata luft\u00ebtar\u00eb sypatrembur dhe t\u00eb pavdeksh\u00ebm, q\u00eb nuk kurrsyen gjakun, jet\u00ebn e tyre t\u00eb shtrenjt\u00eb p\u00ebr lirin\u00eb, pavar\u00ebsin\u00eb e n\u00ebn\u00ebs Kosov\u00eb, p\u00ebr v\u00ebllez\u00ebrit dhe motrat, p\u00ebr mbar\u00eb popullin heroik kosovar.<br \/>\nP\u00ebrball\u00eb Memorialit p\u00ebrkujtimor t\u00eb heroit Adem Jashari, n\u00eb mes t\u00eb kodr\u00ebs, mes gjelb\u00ebrimit, kuq\u00eblonte Flamuri Komb\u00ebtar Shqiptar.<br \/>\n\u201cN\u00eb at\u00eb vend, ku val\u00ebvitet ai flamur, \u00ebsht\u00eb strehuar p\u00ebr muaj t\u00eb t\u00ebr\u00eb Kryetrimi Jashari\u201c &#8211; na thot\u00eb, Rifat Bejta, drejtori i kompleksit p\u00ebrkujtimor, i cili na shoq\u00ebroi gjat\u00eb gjith\u00eb koh\u00ebs, duke na spjeguar heroizmin e atyre trimave.<\/p>\n<p style=\"text-align: center;\"><img decoding=\"async\" style=\"margin-left: 10px; margin-right: 10px; border: 0px;\" src=\"http:\/\/www.shkoder.net\/images\/fjala\/2010\/pp_simsia_kosove16.jpg\" border=\"0\" alt=\"Pierre-Pandeli Simsia n\u00eb Kosov\u00eb\" width=\"450\" \/><\/p>\n<p style=\"text-align: center;\"><img decoding=\"async\" style=\"margin-left: 10px; margin-right: 10px; border: 0px;\" src=\"http:\/\/www.shkoder.net\/images\/fjala\/2010\/pp_simsia_kosove17.jpg\" border=\"0\" alt=\"Pierre-Pandeli Simsia n\u00eb Kosov\u00eb\" width=\"450\" \/><\/p>\n<p style=\"text-align: center;\"><img decoding=\"async\" style=\"margin-left: 10px; margin-right: 10px; border: 0px;\" src=\"http:\/\/www.shkoder.net\/images\/fjala\/2010\/pp_simsia_kosove18.jpg\" border=\"0\" alt=\"Pierre-Pandeli Simsia n\u00eb Kosov\u00eb\" width=\"450\" \/><\/p>\n<p style=\"text-align: center;\"><img decoding=\"async\" style=\"margin-left: 10px; margin-right: 10px; border: 0px;\" src=\"http:\/\/www.shkoder.net\/images\/fjala\/2010\/pp_simsia_kosove19.jpg\" border=\"0\" alt=\"Pierre-Pandeli Simsia n\u00eb Kosov\u00eb\" width=\"450\" \/><\/p>\n<p>Kulla e Adem Jasharit, ku shiheshin ende plag\u00ebt e luft\u00ebs nga goditjet, ngrihej madh\u00ebshtore. N\u00eb hyrrje t\u00eb sht\u00ebpis\u00eb val\u00ebvitej Flamuri yn\u00eb kuq e zi me shqiponj\u00ebn dykrenore dhe busti i heroit legjendar Adem Hashari.<\/p>\n<p>Makina t\u00eb tjera pam\u00eb t\u00eb ndalonin dhe vizitor\u00eb t\u00eb shumt\u00eb, q\u00eb vinin p\u00ebr t\u00eb par\u00eb Kull\u00ebn e famshme t\u00eb Jasharave, q\u00eb la gjurm\u00eb t\u00eb arta n\u00eb Historin\u00eb e Kosov\u00ebs dhe Kombit ton\u00eb.<br \/>\nM\u00eb pas vazhduam rrug\u00ebn p\u00ebr tek kulla e Tahir Mehas, aktivisti politik, q\u00eb u vra n\u00eb vitin 1981 nga forcat policore jugosllave.<\/p>\n<p>U kthyem nga Drenica herroike p\u00ebr t\u00eb shkuar p\u00ebrs\u00ebri n\u00eb Prishtin\u00eb, duke marr\u00eb me vete dhimbjen, herroizmin, patriotizmin, pavdek\u00ebsin\u00eb e atyre bijve t\u00eb lavdish\u00ebm.<br \/>\nGjat\u00eb rrug\u00ebs p\u00ebr n\u00eb Prishtin\u00eb, pam\u00eb n\u00eb rind\u00ebrtim e sip\u00ebr, zgjerimin e rrug\u00ebs Prishtin\u00eb-Pej\u00eb, q\u00eb i ngjante nj\u00eb autostrade.<\/p>\n<p>Pas dy dit\u00ebsh, Rita do kthehej n\u00eb Sh.B.A. n\u00eb sht\u00ebpin\u00eb e saj, q\u00eb jeton s\u00eb bashku me familjen prej 20 vitesh, nd\u00ebrsa ne, do ktheheshim n\u00eb Shqip\u00ebri, p\u00ebr t\u00eb kaluar pjes\u00ebn tjet\u00ebr t\u00eb mbetur t\u00eb pushimeve.<br \/>\nDo largoheshim nga Kosova me kujtimet e m\u00ebdha dhe mbresat e paharuara.<br \/>\nDo largoheshim nga Prishtina e bukur dhe e past\u00ebr, nga ata njer\u00ebz t\u00eb mir\u00eb e t\u00eb kulturuar, nga apartamenti i Familjes Saliu, q\u00eb u b\u00eb streha p\u00ebr dit\u00eb me radh\u00eb e 50-t\u00eb f\u00ebmij\u00ebve t\u00eb mitur, n\u00ebn frik\u00ebn dhe k\u00ebrc\u00ebnimin e bish\u00ebs gjakatare serbe, nga ai apartament, q\u00eb na priti me dashuri dhe ngroht\u00ebsi.<br \/>\nDo largoheshim nga mot\u00ebr Rita, nga n\u00ebna e gjith\u00eb Kosov\u00ebs, q\u00eb e ka t\u00eb v\u00ebshtir\u00eb dhe nuk d\u00ebshiron t\u00eb flas\u00eb asnj\u00ebher\u00eb p\u00ebr veten e saj, por q\u00eb flasin p\u00ebr t\u00eb, vet\u00eb faktet, bamir\u00ebsia, \u00e7&#8217;do gj\u00eb, q\u00eb ajo dhe bashk\u00ebshorti i saj, Ing. Adem Saliu kan\u00eb b\u00ebr\u00eb p\u00ebr \u00e7\u00ebshtjen e madhe, Pavar\u00ebsia e Kosov\u00ebs, duke e ngritur z\u00ebrin e tyre, deri n\u00eb Departamentin e Shtetit?!<br \/>\nE si t\u00eb mos ndjesh repsekt p\u00ebr at\u00eb grua trime dhe patriote, kur m\u00ebson se ka sakrifikuar tre her\u00eb jet\u00ebn e saj, p\u00ebr t\u00eb hyr\u00eb mes zjarrit dhe barrotit gjat\u00eb luft\u00ebs n\u00eb Kosov\u00eb e t\u00eb ballafaqohet me shum\u00eb viktima?!<br \/>\nAjo grua me zem\u00ebr t\u00eb fort\u00eb e t\u00eb madhe, me dhimbjen prej n\u00ebne, ariti t\u2019i zmbath\u00eb vet\u00ebm k\u00ebpuc\u00ebt, nj\u00eb luft\u00ebtari t\u00eb ushtris\u00eb \u00e7lirimtare, nd\u00ebrsa ai digjej p\u00ebr s\u00eb gjalli!<br \/>\nE si t\u00eb mos krenohemi me motr\u00ebn ton\u00eb t\u00eb nderuar, Rita Saliu, an\u00ebtare nderi e shum\u00eb shoqatave n\u00eb USA!<br \/>\nFaleminderit motra jon\u00eb Rita!<br \/>\nFaleminderit Familja e nderuar Saliu.<br \/>\nLavdi bijve dhe bijave t\u00eb rr\u00ebn\u00eb p\u00ebr Liri.<br \/>\nE g\u00ebzofsh p\u00ebrjet\u00eb Pavar\u00ebsin\u00eb e shtrenjta Kosov\u00eb.<\/p>\n","protected":false},"excerpt":{"rendered":"<p>Mbresa nga vizita n\u00eb Kosov\u00eb, Maj, 2010 Nga Pierre-Pandeli Simsia K\u00ebt\u00eb vit, pushimet p\u00ebr t\u00eb shkuar pran\u00eb familjes sime n\u00eb Shqip\u00ebri, i planifikova n\u00eb dit\u00ebt e fundit t\u00eb prillit dhe t\u00eb fillim majit. N\u00eb dit\u00ebt e para t\u00eb prillit, dit\u00ebt dukeshin t\u00eb ngadalta, p\u00ebr t\u2019ia l\u00ebn\u00eb radh\u00ebn nj\u00ebra tjetr\u00ebs derisa t\u00eb vinte data e nisjes. [&hellip;]<\/p>\n","protected":false},"author":1,"featured_media":0,"comment_status":"open","ping_status":"closed","sticky":false,"template":"","format":"standard","meta":{"footnotes":""},"categories":[2],"tags":[],"class_list":{"0":"post-2647","1":"post","2":"type-post","3":"status-publish","4":"format-standard","6":"category-artikuj"},"yoast_head":"<!-- This site is optimized with the Yoast SEO plugin v27.4 - https:\/\/yoast.com\/product\/yoast-seo-wordpress\/ -->\n<title>Mirset\u00ebgjeta Kosov\u00eb! Faleminderit Familja e nderuar Saliu! - FjALA e LIR\u00cb - Arkivi<\/title>\n<meta name=\"robots\" content=\"index, follow, max-snippet:-1, max-image-preview:large, max-video-preview:-1\" \/>\n<link rel=\"canonical\" href=\"https:\/\/fjala.info\/2009-2015\/mirsetegjeta-kosove-faleminderit-familja-e-nderuar-saliu\/\" \/>\n<meta property=\"og:locale\" content=\"sq_AL\" \/>\n<meta property=\"og:type\" content=\"article\" \/>\n<meta property=\"og:title\" content=\"Mirset\u00ebgjeta Kosov\u00eb! Faleminderit Familja e nderuar Saliu! - FjALA e LIR\u00cb - Arkivi\" \/>\n<meta property=\"og:description\" content=\"Mbresa nga vizita n\u00eb Kosov\u00eb, Maj, 2010 Nga Pierre-Pandeli Simsia K\u00ebt\u00eb vit, pushimet p\u00ebr t\u00eb shkuar pran\u00eb familjes sime n\u00eb Shqip\u00ebri, i planifikova n\u00eb dit\u00ebt e fundit t\u00eb prillit dhe t\u00eb fillim majit. N\u00eb dit\u00ebt e para t\u00eb prillit, dit\u00ebt dukeshin t\u00eb ngadalta, p\u00ebr t\u2019ia l\u00ebn\u00eb radh\u00ebn nj\u00ebra tjetr\u00ebs derisa t\u00eb vinte data e nisjes. [&hellip;]\" \/>\n<meta property=\"og:url\" content=\"https:\/\/fjala.info\/2009-2015\/mirsetegjeta-kosove-faleminderit-familja-e-nderuar-saliu\/\" \/>\n<meta property=\"og:site_name\" content=\"FjALA e LIR\u00cb - Arkivi\" \/>\n<meta property=\"article:published_time\" content=\"2010-05-14T23:00:21+00:00\" \/>\n<meta property=\"og:image\" content=\"http:\/\/www.shkoder.net\/images\/fjala\/pp_simsia.jpg\" \/>\n<meta name=\"author\" content=\"admin\" \/>\n<meta name=\"twitter:card\" content=\"summary_large_image\" \/>\n<meta name=\"twitter:label1\" content=\"Written by\" \/>\n\t<meta name=\"twitter:data1\" content=\"admin\" \/>\n\t<meta name=\"twitter:label2\" content=\"Est. reading time\" \/>\n\t<meta name=\"twitter:data2\" content=\"21 minutes\" \/>\n<script type=\"application\/ld+json\" class=\"yoast-schema-graph\">{\"@context\":\"https:\\\/\\\/schema.org\",\"@graph\":[{\"@type\":\"Article\",\"@id\":\"https:\\\/\\\/fjala.info\\\/2009-2015\\\/mirsetegjeta-kosove-faleminderit-familja-e-nderuar-saliu\\\/#article\",\"isPartOf\":{\"@id\":\"https:\\\/\\\/fjala.info\\\/2009-2015\\\/mirsetegjeta-kosove-faleminderit-familja-e-nderuar-saliu\\\/\"},\"author\":{\"name\":\"admin\",\"@id\":\"https:\\\/\\\/fjala.info\\\/2009-2015\\\/#\\\/schema\\\/person\\\/3aa1163ef05469c496fc94e77611ada2\"},\"headline\":\"Mirset\u00ebgjeta Kosov\u00eb! Faleminderit Familja e nderuar Saliu!\",\"datePublished\":\"2010-05-14T23:00:21+00:00\",\"mainEntityOfPage\":{\"@id\":\"https:\\\/\\\/fjala.info\\\/2009-2015\\\/mirsetegjeta-kosove-faleminderit-familja-e-nderuar-saliu\\\/\"},\"wordCount\":4253,\"commentCount\":0,\"publisher\":{\"@id\":\"https:\\\/\\\/fjala.info\\\/2009-2015\\\/#organization\"},\"image\":{\"@id\":\"https:\\\/\\\/fjala.info\\\/2009-2015\\\/mirsetegjeta-kosove-faleminderit-familja-e-nderuar-saliu\\\/#primaryimage\"},\"thumbnailUrl\":\"http:\\\/\\\/www.shkoder.net\\\/images\\\/fjala\\\/pp_simsia.jpg\",\"articleSection\":[\"Artikuj\"],\"inLanguage\":\"sq-AL\",\"potentialAction\":[{\"@type\":\"CommentAction\",\"name\":\"Comment\",\"target\":[\"https:\\\/\\\/fjala.info\\\/2009-2015\\\/mirsetegjeta-kosove-faleminderit-familja-e-nderuar-saliu\\\/#respond\"]}]},{\"@type\":\"WebPage\",\"@id\":\"https:\\\/\\\/fjala.info\\\/2009-2015\\\/mirsetegjeta-kosove-faleminderit-familja-e-nderuar-saliu\\\/\",\"url\":\"https:\\\/\\\/fjala.info\\\/2009-2015\\\/mirsetegjeta-kosove-faleminderit-familja-e-nderuar-saliu\\\/\",\"name\":\"Mirset\u00ebgjeta Kosov\u00eb! Faleminderit Familja e nderuar Saliu! - FjALA e LIR\u00cb - Arkivi\",\"isPartOf\":{\"@id\":\"https:\\\/\\\/fjala.info\\\/2009-2015\\\/#website\"},\"primaryImageOfPage\":{\"@id\":\"https:\\\/\\\/fjala.info\\\/2009-2015\\\/mirsetegjeta-kosove-faleminderit-familja-e-nderuar-saliu\\\/#primaryimage\"},\"image\":{\"@id\":\"https:\\\/\\\/fjala.info\\\/2009-2015\\\/mirsetegjeta-kosove-faleminderit-familja-e-nderuar-saliu\\\/#primaryimage\"},\"thumbnailUrl\":\"http:\\\/\\\/www.shkoder.net\\\/images\\\/fjala\\\/pp_simsia.jpg\",\"datePublished\":\"2010-05-14T23:00:21+00:00\",\"breadcrumb\":{\"@id\":\"https:\\\/\\\/fjala.info\\\/2009-2015\\\/mirsetegjeta-kosove-faleminderit-familja-e-nderuar-saliu\\\/#breadcrumb\"},\"inLanguage\":\"sq-AL\",\"potentialAction\":[{\"@type\":\"ReadAction\",\"target\":[\"https:\\\/\\\/fjala.info\\\/2009-2015\\\/mirsetegjeta-kosove-faleminderit-familja-e-nderuar-saliu\\\/\"]}]},{\"@type\":\"ImageObject\",\"inLanguage\":\"sq-AL\",\"@id\":\"https:\\\/\\\/fjala.info\\\/2009-2015\\\/mirsetegjeta-kosove-faleminderit-familja-e-nderuar-saliu\\\/#primaryimage\",\"url\":\"http:\\\/\\\/www.shkoder.net\\\/images\\\/fjala\\\/pp_simsia.jpg\",\"contentUrl\":\"http:\\\/\\\/www.shkoder.net\\\/images\\\/fjala\\\/pp_simsia.jpg\"},{\"@type\":\"BreadcrumbList\",\"@id\":\"https:\\\/\\\/fjala.info\\\/2009-2015\\\/mirsetegjeta-kosove-faleminderit-familja-e-nderuar-saliu\\\/#breadcrumb\",\"itemListElement\":[{\"@type\":\"ListItem\",\"position\":1,\"name\":\"Home\",\"item\":\"https:\\\/\\\/fjala.info\\\/2009-2015\\\/\"},{\"@type\":\"ListItem\",\"position\":2,\"name\":\"Mirset\u00ebgjeta Kosov\u00eb! Faleminderit Familja e nderuar Saliu!\"}]},{\"@type\":\"WebSite\",\"@id\":\"https:\\\/\\\/fjala.info\\\/2009-2015\\\/#website\",\"url\":\"https:\\\/\\\/fjala.info\\\/2009-2015\\\/\",\"name\":\"FjALA e LIR\u00cb - Arkivi\",\"description\":\"Arkivi 2009-2015\",\"publisher\":{\"@id\":\"https:\\\/\\\/fjala.info\\\/2009-2015\\\/#organization\"},\"potentialAction\":[{\"@type\":\"SearchAction\",\"target\":{\"@type\":\"EntryPoint\",\"urlTemplate\":\"https:\\\/\\\/fjala.info\\\/2009-2015\\\/?s={search_term_string}\"},\"query-input\":{\"@type\":\"PropertyValueSpecification\",\"valueRequired\":true,\"valueName\":\"search_term_string\"}}],\"inLanguage\":\"sq-AL\"},{\"@type\":\"Organization\",\"@id\":\"https:\\\/\\\/fjala.info\\\/2009-2015\\\/#organization\",\"name\":\"FjALA e LIR\u00cb - Arkivi\",\"url\":\"https:\\\/\\\/fjala.info\\\/2009-2015\\\/\",\"logo\":{\"@type\":\"ImageObject\",\"inLanguage\":\"sq-AL\",\"@id\":\"https:\\\/\\\/fjala.info\\\/2009-2015\\\/#\\\/schema\\\/logo\\\/image\\\/\",\"url\":\"\",\"contentUrl\":\"\",\"caption\":\"FjALA e LIR\u00cb - Arkivi\"},\"image\":{\"@id\":\"https:\\\/\\\/fjala.info\\\/2009-2015\\\/#\\\/schema\\\/logo\\\/image\\\/\"}},{\"@type\":\"Person\",\"@id\":\"https:\\\/\\\/fjala.info\\\/2009-2015\\\/#\\\/schema\\\/person\\\/3aa1163ef05469c496fc94e77611ada2\",\"name\":\"admin\",\"image\":{\"@type\":\"ImageObject\",\"inLanguage\":\"sq-AL\",\"@id\":\"https:\\\/\\\/fjala.info\\\/2009-2015\\\/wp-content\\\/uploads\\\/2012\\\/02\\\/arben_cokaj-120x150.jpg\",\"url\":\"https:\\\/\\\/fjala.info\\\/2009-2015\\\/wp-content\\\/uploads\\\/2012\\\/02\\\/arben_cokaj-120x150.jpg\",\"contentUrl\":\"https:\\\/\\\/fjala.info\\\/2009-2015\\\/wp-content\\\/uploads\\\/2012\\\/02\\\/arben_cokaj-120x150.jpg\",\"caption\":\"admin\"},\"description\":\"Admin, Fjala e Lir\u00eb\",\"sameAs\":[\"https:\\\/\\\/fjala.info\\\/\"],\"url\":\"https:\\\/\\\/fjala.info\\\/2009-2015\\\/author\\\/admin\\\/\"}]}<\/script>\n<!-- \/ Yoast SEO plugin. -->","yoast_head_json":{"title":"Mirset\u00ebgjeta Kosov\u00eb! Faleminderit Familja e nderuar Saliu! - FjALA e LIR\u00cb - Arkivi","robots":{"index":"index","follow":"follow","max-snippet":"max-snippet:-1","max-image-preview":"max-image-preview:large","max-video-preview":"max-video-preview:-1"},"canonical":"https:\/\/fjala.info\/2009-2015\/mirsetegjeta-kosove-faleminderit-familja-e-nderuar-saliu\/","og_locale":"sq_AL","og_type":"article","og_title":"Mirset\u00ebgjeta Kosov\u00eb! Faleminderit Familja e nderuar Saliu! - FjALA e LIR\u00cb - Arkivi","og_description":"Mbresa nga vizita n\u00eb Kosov\u00eb, Maj, 2010 Nga Pierre-Pandeli Simsia K\u00ebt\u00eb vit, pushimet p\u00ebr t\u00eb shkuar pran\u00eb familjes sime n\u00eb Shqip\u00ebri, i planifikova n\u00eb dit\u00ebt e fundit t\u00eb prillit dhe t\u00eb fillim majit. N\u00eb dit\u00ebt e para t\u00eb prillit, dit\u00ebt dukeshin t\u00eb ngadalta, p\u00ebr t\u2019ia l\u00ebn\u00eb radh\u00ebn nj\u00ebra tjetr\u00ebs derisa t\u00eb vinte data e nisjes. [&hellip;]","og_url":"https:\/\/fjala.info\/2009-2015\/mirsetegjeta-kosove-faleminderit-familja-e-nderuar-saliu\/","og_site_name":"FjALA e LIR\u00cb - Arkivi","article_published_time":"2010-05-14T23:00:21+00:00","og_image":[{"url":"http:\/\/www.shkoder.net\/images\/fjala\/pp_simsia.jpg","type":"","width":"","height":""}],"author":"admin","twitter_card":"summary_large_image","twitter_misc":{"Written by":"admin","Est. reading time":"21 minutes"},"schema":{"@context":"https:\/\/schema.org","@graph":[{"@type":"Article","@id":"https:\/\/fjala.info\/2009-2015\/mirsetegjeta-kosove-faleminderit-familja-e-nderuar-saliu\/#article","isPartOf":{"@id":"https:\/\/fjala.info\/2009-2015\/mirsetegjeta-kosove-faleminderit-familja-e-nderuar-saliu\/"},"author":{"name":"admin","@id":"https:\/\/fjala.info\/2009-2015\/#\/schema\/person\/3aa1163ef05469c496fc94e77611ada2"},"headline":"Mirset\u00ebgjeta Kosov\u00eb! Faleminderit Familja e nderuar Saliu!","datePublished":"2010-05-14T23:00:21+00:00","mainEntityOfPage":{"@id":"https:\/\/fjala.info\/2009-2015\/mirsetegjeta-kosove-faleminderit-familja-e-nderuar-saliu\/"},"wordCount":4253,"commentCount":0,"publisher":{"@id":"https:\/\/fjala.info\/2009-2015\/#organization"},"image":{"@id":"https:\/\/fjala.info\/2009-2015\/mirsetegjeta-kosove-faleminderit-familja-e-nderuar-saliu\/#primaryimage"},"thumbnailUrl":"http:\/\/www.shkoder.net\/images\/fjala\/pp_simsia.jpg","articleSection":["Artikuj"],"inLanguage":"sq-AL","potentialAction":[{"@type":"CommentAction","name":"Comment","target":["https:\/\/fjala.info\/2009-2015\/mirsetegjeta-kosove-faleminderit-familja-e-nderuar-saliu\/#respond"]}]},{"@type":"WebPage","@id":"https:\/\/fjala.info\/2009-2015\/mirsetegjeta-kosove-faleminderit-familja-e-nderuar-saliu\/","url":"https:\/\/fjala.info\/2009-2015\/mirsetegjeta-kosove-faleminderit-familja-e-nderuar-saliu\/","name":"Mirset\u00ebgjeta Kosov\u00eb! Faleminderit Familja e nderuar Saliu! - FjALA e LIR\u00cb - Arkivi","isPartOf":{"@id":"https:\/\/fjala.info\/2009-2015\/#website"},"primaryImageOfPage":{"@id":"https:\/\/fjala.info\/2009-2015\/mirsetegjeta-kosove-faleminderit-familja-e-nderuar-saliu\/#primaryimage"},"image":{"@id":"https:\/\/fjala.info\/2009-2015\/mirsetegjeta-kosove-faleminderit-familja-e-nderuar-saliu\/#primaryimage"},"thumbnailUrl":"http:\/\/www.shkoder.net\/images\/fjala\/pp_simsia.jpg","datePublished":"2010-05-14T23:00:21+00:00","breadcrumb":{"@id":"https:\/\/fjala.info\/2009-2015\/mirsetegjeta-kosove-faleminderit-familja-e-nderuar-saliu\/#breadcrumb"},"inLanguage":"sq-AL","potentialAction":[{"@type":"ReadAction","target":["https:\/\/fjala.info\/2009-2015\/mirsetegjeta-kosove-faleminderit-familja-e-nderuar-saliu\/"]}]},{"@type":"ImageObject","inLanguage":"sq-AL","@id":"https:\/\/fjala.info\/2009-2015\/mirsetegjeta-kosove-faleminderit-familja-e-nderuar-saliu\/#primaryimage","url":"http:\/\/www.shkoder.net\/images\/fjala\/pp_simsia.jpg","contentUrl":"http:\/\/www.shkoder.net\/images\/fjala\/pp_simsia.jpg"},{"@type":"BreadcrumbList","@id":"https:\/\/fjala.info\/2009-2015\/mirsetegjeta-kosove-faleminderit-familja-e-nderuar-saliu\/#breadcrumb","itemListElement":[{"@type":"ListItem","position":1,"name":"Home","item":"https:\/\/fjala.info\/2009-2015\/"},{"@type":"ListItem","position":2,"name":"Mirset\u00ebgjeta Kosov\u00eb! Faleminderit Familja e nderuar Saliu!"}]},{"@type":"WebSite","@id":"https:\/\/fjala.info\/2009-2015\/#website","url":"https:\/\/fjala.info\/2009-2015\/","name":"FjALA e LIR\u00cb - Arkivi","description":"Arkivi 2009-2015","publisher":{"@id":"https:\/\/fjala.info\/2009-2015\/#organization"},"potentialAction":[{"@type":"SearchAction","target":{"@type":"EntryPoint","urlTemplate":"https:\/\/fjala.info\/2009-2015\/?s={search_term_string}"},"query-input":{"@type":"PropertyValueSpecification","valueRequired":true,"valueName":"search_term_string"}}],"inLanguage":"sq-AL"},{"@type":"Organization","@id":"https:\/\/fjala.info\/2009-2015\/#organization","name":"FjALA e LIR\u00cb - Arkivi","url":"https:\/\/fjala.info\/2009-2015\/","logo":{"@type":"ImageObject","inLanguage":"sq-AL","@id":"https:\/\/fjala.info\/2009-2015\/#\/schema\/logo\/image\/","url":"","contentUrl":"","caption":"FjALA e LIR\u00cb - Arkivi"},"image":{"@id":"https:\/\/fjala.info\/2009-2015\/#\/schema\/logo\/image\/"}},{"@type":"Person","@id":"https:\/\/fjala.info\/2009-2015\/#\/schema\/person\/3aa1163ef05469c496fc94e77611ada2","name":"admin","image":{"@type":"ImageObject","inLanguage":"sq-AL","@id":"https:\/\/fjala.info\/2009-2015\/wp-content\/uploads\/2012\/02\/arben_cokaj-120x150.jpg","url":"https:\/\/fjala.info\/2009-2015\/wp-content\/uploads\/2012\/02\/arben_cokaj-120x150.jpg","contentUrl":"https:\/\/fjala.info\/2009-2015\/wp-content\/uploads\/2012\/02\/arben_cokaj-120x150.jpg","caption":"admin"},"description":"Admin, Fjala e Lir\u00eb","sameAs":["https:\/\/fjala.info\/"],"url":"https:\/\/fjala.info\/2009-2015\/author\/admin\/"}]}},"_links":{"self":[{"href":"https:\/\/fjala.info\/2009-2015\/wp-json\/wp\/v2\/posts\/2647","targetHints":{"allow":["GET"]}}],"collection":[{"href":"https:\/\/fjala.info\/2009-2015\/wp-json\/wp\/v2\/posts"}],"about":[{"href":"https:\/\/fjala.info\/2009-2015\/wp-json\/wp\/v2\/types\/post"}],"author":[{"embeddable":true,"href":"https:\/\/fjala.info\/2009-2015\/wp-json\/wp\/v2\/users\/1"}],"replies":[{"embeddable":true,"href":"https:\/\/fjala.info\/2009-2015\/wp-json\/wp\/v2\/comments?post=2647"}],"version-history":[{"count":0,"href":"https:\/\/fjala.info\/2009-2015\/wp-json\/wp\/v2\/posts\/2647\/revisions"}],"wp:attachment":[{"href":"https:\/\/fjala.info\/2009-2015\/wp-json\/wp\/v2\/media?parent=2647"}],"wp:term":[{"taxonomy":"category","embeddable":true,"href":"https:\/\/fjala.info\/2009-2015\/wp-json\/wp\/v2\/categories?post=2647"},{"taxonomy":"post_tag","embeddable":true,"href":"https:\/\/fjala.info\/2009-2015\/wp-json\/wp\/v2\/tags?post=2647"}],"curies":[{"name":"wp","href":"https:\/\/api.w.org\/{rel}","templated":true}]}}