{"id":2644,"date":"2010-05-14T15:31:13","date_gmt":"2010-05-14T14:31:13","guid":{"rendered":"http:\/\/fjala.shkoder.net\/?p=2644"},"modified":"2010-05-14T15:31:13","modified_gmt":"2010-05-14T14:31:13","slug":"ikja-nga-sovraniteti","status":"publish","type":"post","link":"https:\/\/fjala.info\/2009-2015\/ikja-nga-sovraniteti\/","title":{"rendered":"IKJA NGA SOVRANITETI"},"content":{"rendered":"<p><img decoding=\"async\" style=\"margin-left: 10px; margin-right: 10px; border: 0px;\" src=\"http:\/\/www.shkoder.net\/images\/fjala\/bekim_rexhepi.jpg\" border=\"0\" alt=\"Bekim Rexhepi\" width=\"100\" align=\"right\" \/><\/p>\n<p><em>Serbia po orvatet qe n\u00eb k\u00ebto bisedime t\u00eb futet me disa tema t\u00eb ashtuquajtura teknike, duke u ndalur pastaj n\u00eb q\u00ebndrimin e saj obstruksionist\u00eb se si t\u00eb bisedojm\u00eb p\u00ebr tema t\u00eb tjera pa e kapur at\u00eb thelb\u00ebsore \u201c\u00e7\u00ebshtjen e statusit politik t\u00eb Kosov\u00ebs\u201d.<\/em><\/p>\n<p>Nga <strong>Bekim Rexhepi<\/strong><\/p>\n<p><strong>1. Formatet politike<\/strong><\/p>\n<p>P\u00ebrpjekjet e nd\u00ebrkomb\u00ebtar\u00ebve qe ti i ulin n\u00eb nj\u00eb tavolin\u00eb t\u00eb s\u00ebrishme Kosov\u00ebn e, edhe Serbin\u00eb, po shtohen dhe duket se k\u00ebt\u00eb radh\u00eb, jan\u00eb shtuar m\u00eb shum\u00eb gjasat dhe shpresat, p\u00ebr ti ulur v\u00ebrtet n\u00eb negociata. Se n\u00eb \u00e7far\u00eb nivelesh do t\u00eb b\u00ebhen k\u00ebto takime, tani \u00ebsht\u00eb paksa her\u00ebt t\u00eb spekulohet, por edhe jo t\u00eb mos parashikohet, sepse nuk mund t\u00eb quhen edhe bisedime t\u00eb v\u00ebrteta ngase edhe kjo iniciativ\u00eb nuk vije nga vullneti i pal\u00ebve, por nga imponimi i faktorit nd\u00ebrkomb\u00ebtar.<\/p>\n<p>N\u00ebse k\u00ebto biseda nuk prekin nivele t\u00eb larta t\u00eb politik\u00ebs zyrtare edhe t\u00eb Prishtin\u00ebs e, edhe t\u00eb Beogradit do t\u00eb thot\u00eb se ato mund t\u00eb jen\u00eb m\u00eb shum\u00eb joserioze, si\u00e7 ishin deri m\u00eb tani. T\u00eb merremi edhe pak me formatet politike dhe zyrtare te t\u00eb dy vendeve, Prishtina tashme \u00ebsht\u00eb m\u00eb e lir\u00eb n\u00eb t\u00eb gjitha aspektet politike q\u00eb t\u00eb bisedoj dhe t\u00eb vendos p\u00ebr vet\u00ebn dhe\/ose ato probleme qe akoma mund t\u00eb duken se jan\u00eb t\u00eb mundshme p\u00ebr tu zgjedhur mes dy vendeve. Prishtina edhe pse ka nj\u00eb staf pjes\u00ebrisht t\u00eb nxjerr\u00eb nga lufta, megjithat\u00eb viteve t\u00eb fundit, duhet pranuar se ka b\u00ebr\u00eb p\u00ebrvoj\u00ebn e saj n\u00eb disa takime nd\u00ebrkomb\u00ebtare.<\/p>\n<p>M\u00eb gjithsej ka edhe nj\u00eb droj\u00eb deri diku t\u00eb arsyeshme sepse gjat\u00eb k\u00ebtyre takimeve, i kan\u00eb b\u00ebr\u00eb goxha kompromise t\u00eb dhimbshme p\u00ebr t\u00eb ardhmen e Kosov\u00ebs, si nj\u00eb shtet i mundsh\u00ebm dhe funksional. Beogradi edhe pse mbetet i zorsh\u00ebm n\u00eb bisedime dhe n\u00eb formacione, mbase p\u00ebr faktin se akoma nuk ka nd\u00ebrruar logjik\u00ebn e vjet\u00ebr, p\u00ebr ta mbajtur \u00e7oft\u00eb edhe padrejt\u00eb Kosov\u00ebn n\u00eb juridiksionin e saj, dhe ka nj\u00eb staf q\u00eb mbase shquhet p\u00ebr jo kompromise. Stafi i saj mbetet nj\u00eb staf qe v\u00ebshtir\u00eb e b\u00ebn\u00eb negocimin pa bishtnime, k\u00ebt\u00eb e ka d\u00ebshmuar edhe ne ato pak takime q\u00eb u zhvilluan s\u00eb fundi edhe n\u00eb OKB.<\/p>\n<p><strong>2. Bisedat p\u00ebr \u00e7far\u00eb?<\/strong><\/p>\n<p>Edhe n\u00eb k\u00ebto bisedime q\u00eb pritet t\u00eb fillojn\u00eb, Serbia duket q\u00eb m\u00eb shum\u00eb do t\u00eb p\u00ebrqendrohet tek hapja e s\u00ebrishme e \u00e7\u00ebshtjes s\u00eb statusit politik, duke e b\u00ebr\u00eb rolin detetrminues se asnj\u00eb zgjidhje nuk mund t\u00eb ndodh ligjsh\u00ebm pa p\u00eblqimin p\u00ebrfundimtar t\u00eb Serbis\u00eb. Tani kur kemi realitet pavar\u00ebsin\u00eb e Kosov\u00ebs dhe nj\u00eb num\u00ebr solid t\u00eb njohjeve nd\u00ebrkomb\u00ebtare t\u00eb Kosov\u00ebs si shtet. P\u00ebrqendrimi n\u00eb \u00e7\u00ebshtjen e statusit politik t\u00eb Kosov\u00ebs nga Serbis\u00eb mbetet akoma nj\u00eb q\u00ebndrim joserioz e politik, p\u00ebrball\u00eb k\u00ebsaj \u00e7\u00ebshtje peng\u00eb mbesin edhe shum\u00eb probleme t\u00eb tjera q\u00eb mund t\u00eb zgjidheshin duke mos mbajtur ngarkes\u00ebn m\u00eb politike qe mbart\u00eb statusi.<\/p>\n<p>Nj\u00eb qasje m\u00eb e serioze e Serbis\u00eb n\u00eb Kosov\u00eb do t\u00eb mund t\u00eb shihej, dhe sikur t\u00eb angazhohej v\u00ebrtet n\u00eb veri t\u00eb Kosov\u00ebs qe atje t\u00eb kthente besimin politik, dhe jo t\u00eb ndodhin devijime q\u00eb d\u00ebmtojn\u00eb vet komunitetin serb. Nd\u00ebrsa ka koh\u00eb q\u00eb shqiptar\u00ebt po synojn\u00eb qe kjo \u00e7\u00ebshtje n\u00eb veri t\u00eb Kosov\u00ebs t\u00eb mund t\u00eb zgjidhet me mjete demokratike duke u integrua n\u00eb institucione dhe n\u00eb jet\u00ebn publike, sepse \u00ebsht\u00eb e pakuptueshme qe t\u00eb vazhdohet me anarki dhe me distancim agresiv\u00eb ndaj shtetit dhe ligjeve aktuale t\u00eb Kosov\u00eb. \u00c7do mbajtje e veriut t\u00eb Kosov\u00ebs me struktura paralele, e kriminale, madje duke mbajt n\u00eb fuqi bindje dhe ligjet e nj\u00eb shteti tjet\u00ebr p\u00ebrb\u00ebn nj\u00eb rrezik n\u00eb vete, nxit\u00eb tensione dhe shqet\u00ebsime politike.<\/p>\n<p><strong>3. Nxitim para vendimi<\/strong><\/p>\n<p>Negociatat me Serbin\u00eb jan\u00eb paksa t\u00eb parakohshme sepse dihet qe Serbia, t\u00eb drejt\u00ebn legjitime t\u00eb shqiptar\u00ebve p\u00ebr pavar\u00ebsi t\u00eb Kosov\u00ebs e ka d\u00ebrguar n\u00eb shqyrtim pran\u00eb Gjykat\u00ebn Nd\u00ebrkomb\u00ebtare p\u00ebr Drejt\u00ebsi.<\/p>\n<p>Jan\u00eb t\u00eb nxituara edhe p\u00ebr pal\u00ebn serbe, e cila ndon\u00ebse pret me skepticiz\u00ebm vendimin e GJND-s\u00eb, lidhur me deklarimin pro apo kund\u00ebr pavar\u00ebsis\u00eb s\u00eb Kosov\u00ebs. Sepse duke pasur nj\u00eb vendim t\u00eb GJND-s\u00eb, do t\u00eb mund t\u00eb kishim me pak paragjykime politike rreth legjitimitet politik t\u00eb pavar\u00ebsis\u00eb s\u00eb Kosov\u00ebs, zgjatja e k\u00ebsaj \u00e7\u00ebshtje serbe n\u00eb GJND, ka qen\u00eb nonsensi m\u00eb i madh politik serb q\u00eb mund ti shkaktoj\u00eb realitetit politik t\u00eb pavar\u00ebsis\u00eb s\u00eb Kosov\u00ebs. Asnj\u00eb gjykat\u00eb nuk mund t\u00eb anuloj vendimin e nj\u00eb vullneti politik si\u00e7 ka qen\u00eb ky i Kosov\u00ebs, sepse po t\u00eb shikohet kushtetuta Jugosllave, Kosov\u00ebs i garantohej ky vullnet politik.<\/p>\n<p>Brenda disa supozimeve mbetet tendenca serbe p\u00ebr tu nxituar n\u00eb bisedime me pal\u00ebn shqiptare, nj\u00eb vendim pro pavar\u00ebsis\u00eb s\u00eb Kosov\u00ebs nga GJND-ja, duket m\u00eb i mundsh\u00ebm se sa mbajtja e nj\u00eb neutraliteti, duke par\u00eb vrullin e integrimeve n\u00eb zon\u00ebn e BE, ka t\u00eb ngjar\u00eb q\u00eb kjo \u00e7\u00ebshtje t\u00eb mbyllet n\u00eb favor t\u00eb pavar\u00ebsis\u00eb s\u00eb Kosov\u00ebs. Pra, nxitimi p\u00ebr bisedime duket se i konvenon vet\u00ebm pal\u00ebs serbe dhe jo asaj shqiptare, duke i par\u00eb insistimet e nj\u00ebpasnj\u00ebshme t\u00eb zyrtar\u00ebve serb\u00eb n\u00eb t\u00eb gjitha takimet duke p\u00ebrfshir\u00eb edhe ato nd\u00ebrkomb\u00ebtare, Serbia po synon t\u00eb hap edhe nj\u00ebher\u00eb bisedimet, duke i b\u00ebr\u00eb deduksion vet bisedimeve.<\/p>\n<p>Serbia po orvatet qe n\u00eb k\u00ebto bisedime t\u00eb futet me disa tema t\u00eb ashtuquajtura teknike, duke u ndalur pastaj n\u00eb q\u00ebndrimin e saj obstruksionist\u00eb se si t\u00eb bisedojm\u00eb p\u00ebr tema t\u00eb tjera pa e kapur at\u00eb thelb\u00ebsore \u201c\u00e7\u00ebshtjen e statusit politik t\u00eb Kosov\u00ebs\u201d. Pra, nxitimi serb\u00eb tenton t\u00eb arrij\u00eb k\u00ebtu dhe n\u00eb \u00e7oft\u00eb se nuk do t\u00eb mund t\u00eb arrij\u00eb k\u00ebtu do t\u00eb orvatet t\u00eb parashtroj\u00eb edhe k\u00ebrkes\u00ebn e kamotshme p\u00ebr ndarjen e Kosov\u00ebs.<\/p>\n<p style=\"text-align: center;\">* * *<\/p>\n<p>Megjith\u00ebse, amerikan\u00ebt kan\u00eb p\u00ebrs\u00ebritur edhe k\u00ebt\u00eb jav\u00eb se: \u201cnuk do t\u00eb ket\u00eb bisedime p\u00ebr statusin dhe ndarje t\u00eb Kosov\u00ebs\u201d, ky q\u00ebndrim amerikan ndaj Kosov\u00ebs, \u00ebsht\u00eb m\u00eb i avancuari, dhe p\u00ebr k\u00ebt\u00eb mb\u00ebshtetje amerikane ndaj Kosov\u00ebs, ve\u00e7mas shqiptar\u00ebt kan\u00eb admirim dhe nuk ngurrojn\u00eb t\u00eb shprehin me fjal\u00eb t\u00eb ngrohta se \u00ebsht\u00eb nj\u00eb administrat\u00eb m\u00eb prefekt\u00eb e bot\u00ebs q\u00eb po mbron t\u00eb drejtat dhe lirit elementare t\u00eb popujve t\u00eb shtypur. Pala shqiptare duhet t\u00eb mbaj rezervat e saja ndaj nxitimit dhe vendimit, duke i matur gj\u00ebrat me nj\u00eb sakt\u00ebsi vendimi politik.<\/p>\n<p><em>14.05.2010<\/em><\/p>\n","protected":false},"excerpt":{"rendered":"<p>Serbia po orvatet qe n\u00eb k\u00ebto bisedime t\u00eb futet me disa tema t\u00eb ashtuquajtura teknike, duke u ndalur pastaj n\u00eb q\u00ebndrimin e saj obstruksionist\u00eb se si t\u00eb bisedojm\u00eb p\u00ebr tema t\u00eb tjera pa e kapur at\u00eb thelb\u00ebsore \u201c\u00e7\u00ebshtjen e statusit politik t\u00eb Kosov\u00ebs\u201d. Nga Bekim Rexhepi 1. Formatet politike P\u00ebrpjekjet e nd\u00ebrkomb\u00ebtar\u00ebve qe ti i [&hellip;]<\/p>\n","protected":false},"author":1,"featured_media":0,"comment_status":"open","ping_status":"closed","sticky":false,"template":"","format":"standard","meta":{"footnotes":""},"categories":[2],"tags":[],"class_list":{"0":"post-2644","1":"post","2":"type-post","3":"status-publish","4":"format-standard","6":"category-artikuj"},"yoast_head":"<!-- This site is optimized with the Yoast SEO plugin v27.4 - https:\/\/yoast.com\/product\/yoast-seo-wordpress\/ -->\n<title>IKJA NGA SOVRANITETI - FjALA e LIR\u00cb - Arkivi<\/title>\n<meta name=\"robots\" content=\"index, follow, max-snippet:-1, max-image-preview:large, max-video-preview:-1\" \/>\n<link rel=\"canonical\" href=\"https:\/\/fjala.info\/2009-2015\/ikja-nga-sovraniteti\/\" \/>\n<meta property=\"og:locale\" content=\"sq_AL\" \/>\n<meta property=\"og:type\" content=\"article\" \/>\n<meta property=\"og:title\" content=\"IKJA NGA SOVRANITETI - FjALA e LIR\u00cb - Arkivi\" \/>\n<meta property=\"og:description\" content=\"Serbia po orvatet qe n\u00eb k\u00ebto bisedime t\u00eb futet me disa tema t\u00eb ashtuquajtura teknike, duke u ndalur pastaj n\u00eb q\u00ebndrimin e saj obstruksionist\u00eb se si t\u00eb bisedojm\u00eb p\u00ebr tema t\u00eb tjera pa e kapur at\u00eb thelb\u00ebsore \u201c\u00e7\u00ebshtjen e statusit politik t\u00eb Kosov\u00ebs\u201d. Nga Bekim Rexhepi 1. Formatet politike P\u00ebrpjekjet e nd\u00ebrkomb\u00ebtar\u00ebve qe ti i [&hellip;]\" \/>\n<meta property=\"og:url\" content=\"https:\/\/fjala.info\/2009-2015\/ikja-nga-sovraniteti\/\" \/>\n<meta property=\"og:site_name\" content=\"FjALA e LIR\u00cb - Arkivi\" \/>\n<meta property=\"article:published_time\" content=\"2010-05-14T14:31:13+00:00\" \/>\n<meta property=\"og:image\" content=\"http:\/\/www.shkoder.net\/images\/fjala\/bekim_rexhepi.jpg\" \/>\n<meta name=\"author\" content=\"admin\" \/>\n<meta name=\"twitter:card\" content=\"summary_large_image\" \/>\n<meta name=\"twitter:label1\" content=\"Written by\" \/>\n\t<meta name=\"twitter:data1\" content=\"admin\" \/>\n\t<meta name=\"twitter:label2\" content=\"Est. reading time\" \/>\n\t<meta name=\"twitter:data2\" content=\"6 minutes\" \/>\n<script type=\"application\/ld+json\" class=\"yoast-schema-graph\">{\"@context\":\"https:\\\/\\\/schema.org\",\"@graph\":[{\"@type\":\"Article\",\"@id\":\"https:\\\/\\\/fjala.info\\\/2009-2015\\\/ikja-nga-sovraniteti\\\/#article\",\"isPartOf\":{\"@id\":\"https:\\\/\\\/fjala.info\\\/2009-2015\\\/ikja-nga-sovraniteti\\\/\"},\"author\":{\"name\":\"admin\",\"@id\":\"https:\\\/\\\/fjala.info\\\/2009-2015\\\/#\\\/schema\\\/person\\\/3aa1163ef05469c496fc94e77611ada2\"},\"headline\":\"IKJA NGA SOVRANITETI\",\"datePublished\":\"2010-05-14T14:31:13+00:00\",\"mainEntityOfPage\":{\"@id\":\"https:\\\/\\\/fjala.info\\\/2009-2015\\\/ikja-nga-sovraniteti\\\/\"},\"wordCount\":1133,\"commentCount\":0,\"publisher\":{\"@id\":\"https:\\\/\\\/fjala.info\\\/2009-2015\\\/#organization\"},\"image\":{\"@id\":\"https:\\\/\\\/fjala.info\\\/2009-2015\\\/ikja-nga-sovraniteti\\\/#primaryimage\"},\"thumbnailUrl\":\"http:\\\/\\\/www.shkoder.net\\\/images\\\/fjala\\\/bekim_rexhepi.jpg\",\"articleSection\":[\"Artikuj\"],\"inLanguage\":\"sq-AL\",\"potentialAction\":[{\"@type\":\"CommentAction\",\"name\":\"Comment\",\"target\":[\"https:\\\/\\\/fjala.info\\\/2009-2015\\\/ikja-nga-sovraniteti\\\/#respond\"]}]},{\"@type\":\"WebPage\",\"@id\":\"https:\\\/\\\/fjala.info\\\/2009-2015\\\/ikja-nga-sovraniteti\\\/\",\"url\":\"https:\\\/\\\/fjala.info\\\/2009-2015\\\/ikja-nga-sovraniteti\\\/\",\"name\":\"IKJA NGA SOVRANITETI - FjALA e LIR\u00cb - Arkivi\",\"isPartOf\":{\"@id\":\"https:\\\/\\\/fjala.info\\\/2009-2015\\\/#website\"},\"primaryImageOfPage\":{\"@id\":\"https:\\\/\\\/fjala.info\\\/2009-2015\\\/ikja-nga-sovraniteti\\\/#primaryimage\"},\"image\":{\"@id\":\"https:\\\/\\\/fjala.info\\\/2009-2015\\\/ikja-nga-sovraniteti\\\/#primaryimage\"},\"thumbnailUrl\":\"http:\\\/\\\/www.shkoder.net\\\/images\\\/fjala\\\/bekim_rexhepi.jpg\",\"datePublished\":\"2010-05-14T14:31:13+00:00\",\"breadcrumb\":{\"@id\":\"https:\\\/\\\/fjala.info\\\/2009-2015\\\/ikja-nga-sovraniteti\\\/#breadcrumb\"},\"inLanguage\":\"sq-AL\",\"potentialAction\":[{\"@type\":\"ReadAction\",\"target\":[\"https:\\\/\\\/fjala.info\\\/2009-2015\\\/ikja-nga-sovraniteti\\\/\"]}]},{\"@type\":\"ImageObject\",\"inLanguage\":\"sq-AL\",\"@id\":\"https:\\\/\\\/fjala.info\\\/2009-2015\\\/ikja-nga-sovraniteti\\\/#primaryimage\",\"url\":\"http:\\\/\\\/www.shkoder.net\\\/images\\\/fjala\\\/bekim_rexhepi.jpg\",\"contentUrl\":\"http:\\\/\\\/www.shkoder.net\\\/images\\\/fjala\\\/bekim_rexhepi.jpg\"},{\"@type\":\"BreadcrumbList\",\"@id\":\"https:\\\/\\\/fjala.info\\\/2009-2015\\\/ikja-nga-sovraniteti\\\/#breadcrumb\",\"itemListElement\":[{\"@type\":\"ListItem\",\"position\":1,\"name\":\"Home\",\"item\":\"https:\\\/\\\/fjala.info\\\/2009-2015\\\/\"},{\"@type\":\"ListItem\",\"position\":2,\"name\":\"IKJA NGA SOVRANITETI\"}]},{\"@type\":\"WebSite\",\"@id\":\"https:\\\/\\\/fjala.info\\\/2009-2015\\\/#website\",\"url\":\"https:\\\/\\\/fjala.info\\\/2009-2015\\\/\",\"name\":\"FjALA e LIR\u00cb - Arkivi\",\"description\":\"Arkivi 2009-2015\",\"publisher\":{\"@id\":\"https:\\\/\\\/fjala.info\\\/2009-2015\\\/#organization\"},\"potentialAction\":[{\"@type\":\"SearchAction\",\"target\":{\"@type\":\"EntryPoint\",\"urlTemplate\":\"https:\\\/\\\/fjala.info\\\/2009-2015\\\/?s={search_term_string}\"},\"query-input\":{\"@type\":\"PropertyValueSpecification\",\"valueRequired\":true,\"valueName\":\"search_term_string\"}}],\"inLanguage\":\"sq-AL\"},{\"@type\":\"Organization\",\"@id\":\"https:\\\/\\\/fjala.info\\\/2009-2015\\\/#organization\",\"name\":\"FjALA e LIR\u00cb - Arkivi\",\"url\":\"https:\\\/\\\/fjala.info\\\/2009-2015\\\/\",\"logo\":{\"@type\":\"ImageObject\",\"inLanguage\":\"sq-AL\",\"@id\":\"https:\\\/\\\/fjala.info\\\/2009-2015\\\/#\\\/schema\\\/logo\\\/image\\\/\",\"url\":\"\",\"contentUrl\":\"\",\"caption\":\"FjALA e LIR\u00cb - Arkivi\"},\"image\":{\"@id\":\"https:\\\/\\\/fjala.info\\\/2009-2015\\\/#\\\/schema\\\/logo\\\/image\\\/\"}},{\"@type\":\"Person\",\"@id\":\"https:\\\/\\\/fjala.info\\\/2009-2015\\\/#\\\/schema\\\/person\\\/3aa1163ef05469c496fc94e77611ada2\",\"name\":\"admin\",\"image\":{\"@type\":\"ImageObject\",\"inLanguage\":\"sq-AL\",\"@id\":\"https:\\\/\\\/fjala.info\\\/2009-2015\\\/wp-content\\\/uploads\\\/2012\\\/02\\\/arben_cokaj-120x150.jpg\",\"url\":\"https:\\\/\\\/fjala.info\\\/2009-2015\\\/wp-content\\\/uploads\\\/2012\\\/02\\\/arben_cokaj-120x150.jpg\",\"contentUrl\":\"https:\\\/\\\/fjala.info\\\/2009-2015\\\/wp-content\\\/uploads\\\/2012\\\/02\\\/arben_cokaj-120x150.jpg\",\"caption\":\"admin\"},\"description\":\"Admin, Fjala e Lir\u00eb\",\"sameAs\":[\"https:\\\/\\\/fjala.info\\\/\"],\"url\":\"https:\\\/\\\/fjala.info\\\/2009-2015\\\/author\\\/admin\\\/\"}]}<\/script>\n<!-- \/ Yoast SEO plugin. -->","yoast_head_json":{"title":"IKJA NGA SOVRANITETI - FjALA e LIR\u00cb - Arkivi","robots":{"index":"index","follow":"follow","max-snippet":"max-snippet:-1","max-image-preview":"max-image-preview:large","max-video-preview":"max-video-preview:-1"},"canonical":"https:\/\/fjala.info\/2009-2015\/ikja-nga-sovraniteti\/","og_locale":"sq_AL","og_type":"article","og_title":"IKJA NGA SOVRANITETI - FjALA e LIR\u00cb - Arkivi","og_description":"Serbia po orvatet qe n\u00eb k\u00ebto bisedime t\u00eb futet me disa tema t\u00eb ashtuquajtura teknike, duke u ndalur pastaj n\u00eb q\u00ebndrimin e saj obstruksionist\u00eb se si t\u00eb bisedojm\u00eb p\u00ebr tema t\u00eb tjera pa e kapur at\u00eb thelb\u00ebsore \u201c\u00e7\u00ebshtjen e statusit politik t\u00eb Kosov\u00ebs\u201d. Nga Bekim Rexhepi 1. Formatet politike P\u00ebrpjekjet e nd\u00ebrkomb\u00ebtar\u00ebve qe ti i [&hellip;]","og_url":"https:\/\/fjala.info\/2009-2015\/ikja-nga-sovraniteti\/","og_site_name":"FjALA e LIR\u00cb - Arkivi","article_published_time":"2010-05-14T14:31:13+00:00","og_image":[{"url":"http:\/\/www.shkoder.net\/images\/fjala\/bekim_rexhepi.jpg","type":"","width":"","height":""}],"author":"admin","twitter_card":"summary_large_image","twitter_misc":{"Written by":"admin","Est. reading time":"6 minutes"},"schema":{"@context":"https:\/\/schema.org","@graph":[{"@type":"Article","@id":"https:\/\/fjala.info\/2009-2015\/ikja-nga-sovraniteti\/#article","isPartOf":{"@id":"https:\/\/fjala.info\/2009-2015\/ikja-nga-sovraniteti\/"},"author":{"name":"admin","@id":"https:\/\/fjala.info\/2009-2015\/#\/schema\/person\/3aa1163ef05469c496fc94e77611ada2"},"headline":"IKJA NGA SOVRANITETI","datePublished":"2010-05-14T14:31:13+00:00","mainEntityOfPage":{"@id":"https:\/\/fjala.info\/2009-2015\/ikja-nga-sovraniteti\/"},"wordCount":1133,"commentCount":0,"publisher":{"@id":"https:\/\/fjala.info\/2009-2015\/#organization"},"image":{"@id":"https:\/\/fjala.info\/2009-2015\/ikja-nga-sovraniteti\/#primaryimage"},"thumbnailUrl":"http:\/\/www.shkoder.net\/images\/fjala\/bekim_rexhepi.jpg","articleSection":["Artikuj"],"inLanguage":"sq-AL","potentialAction":[{"@type":"CommentAction","name":"Comment","target":["https:\/\/fjala.info\/2009-2015\/ikja-nga-sovraniteti\/#respond"]}]},{"@type":"WebPage","@id":"https:\/\/fjala.info\/2009-2015\/ikja-nga-sovraniteti\/","url":"https:\/\/fjala.info\/2009-2015\/ikja-nga-sovraniteti\/","name":"IKJA NGA SOVRANITETI - FjALA e LIR\u00cb - Arkivi","isPartOf":{"@id":"https:\/\/fjala.info\/2009-2015\/#website"},"primaryImageOfPage":{"@id":"https:\/\/fjala.info\/2009-2015\/ikja-nga-sovraniteti\/#primaryimage"},"image":{"@id":"https:\/\/fjala.info\/2009-2015\/ikja-nga-sovraniteti\/#primaryimage"},"thumbnailUrl":"http:\/\/www.shkoder.net\/images\/fjala\/bekim_rexhepi.jpg","datePublished":"2010-05-14T14:31:13+00:00","breadcrumb":{"@id":"https:\/\/fjala.info\/2009-2015\/ikja-nga-sovraniteti\/#breadcrumb"},"inLanguage":"sq-AL","potentialAction":[{"@type":"ReadAction","target":["https:\/\/fjala.info\/2009-2015\/ikja-nga-sovraniteti\/"]}]},{"@type":"ImageObject","inLanguage":"sq-AL","@id":"https:\/\/fjala.info\/2009-2015\/ikja-nga-sovraniteti\/#primaryimage","url":"http:\/\/www.shkoder.net\/images\/fjala\/bekim_rexhepi.jpg","contentUrl":"http:\/\/www.shkoder.net\/images\/fjala\/bekim_rexhepi.jpg"},{"@type":"BreadcrumbList","@id":"https:\/\/fjala.info\/2009-2015\/ikja-nga-sovraniteti\/#breadcrumb","itemListElement":[{"@type":"ListItem","position":1,"name":"Home","item":"https:\/\/fjala.info\/2009-2015\/"},{"@type":"ListItem","position":2,"name":"IKJA NGA SOVRANITETI"}]},{"@type":"WebSite","@id":"https:\/\/fjala.info\/2009-2015\/#website","url":"https:\/\/fjala.info\/2009-2015\/","name":"FjALA e LIR\u00cb - Arkivi","description":"Arkivi 2009-2015","publisher":{"@id":"https:\/\/fjala.info\/2009-2015\/#organization"},"potentialAction":[{"@type":"SearchAction","target":{"@type":"EntryPoint","urlTemplate":"https:\/\/fjala.info\/2009-2015\/?s={search_term_string}"},"query-input":{"@type":"PropertyValueSpecification","valueRequired":true,"valueName":"search_term_string"}}],"inLanguage":"sq-AL"},{"@type":"Organization","@id":"https:\/\/fjala.info\/2009-2015\/#organization","name":"FjALA e LIR\u00cb - Arkivi","url":"https:\/\/fjala.info\/2009-2015\/","logo":{"@type":"ImageObject","inLanguage":"sq-AL","@id":"https:\/\/fjala.info\/2009-2015\/#\/schema\/logo\/image\/","url":"","contentUrl":"","caption":"FjALA e LIR\u00cb - Arkivi"},"image":{"@id":"https:\/\/fjala.info\/2009-2015\/#\/schema\/logo\/image\/"}},{"@type":"Person","@id":"https:\/\/fjala.info\/2009-2015\/#\/schema\/person\/3aa1163ef05469c496fc94e77611ada2","name":"admin","image":{"@type":"ImageObject","inLanguage":"sq-AL","@id":"https:\/\/fjala.info\/2009-2015\/wp-content\/uploads\/2012\/02\/arben_cokaj-120x150.jpg","url":"https:\/\/fjala.info\/2009-2015\/wp-content\/uploads\/2012\/02\/arben_cokaj-120x150.jpg","contentUrl":"https:\/\/fjala.info\/2009-2015\/wp-content\/uploads\/2012\/02\/arben_cokaj-120x150.jpg","caption":"admin"},"description":"Admin, Fjala e Lir\u00eb","sameAs":["https:\/\/fjala.info\/"],"url":"https:\/\/fjala.info\/2009-2015\/author\/admin\/"}]}},"_links":{"self":[{"href":"https:\/\/fjala.info\/2009-2015\/wp-json\/wp\/v2\/posts\/2644","targetHints":{"allow":["GET"]}}],"collection":[{"href":"https:\/\/fjala.info\/2009-2015\/wp-json\/wp\/v2\/posts"}],"about":[{"href":"https:\/\/fjala.info\/2009-2015\/wp-json\/wp\/v2\/types\/post"}],"author":[{"embeddable":true,"href":"https:\/\/fjala.info\/2009-2015\/wp-json\/wp\/v2\/users\/1"}],"replies":[{"embeddable":true,"href":"https:\/\/fjala.info\/2009-2015\/wp-json\/wp\/v2\/comments?post=2644"}],"version-history":[{"count":0,"href":"https:\/\/fjala.info\/2009-2015\/wp-json\/wp\/v2\/posts\/2644\/revisions"}],"wp:attachment":[{"href":"https:\/\/fjala.info\/2009-2015\/wp-json\/wp\/v2\/media?parent=2644"}],"wp:term":[{"taxonomy":"category","embeddable":true,"href":"https:\/\/fjala.info\/2009-2015\/wp-json\/wp\/v2\/categories?post=2644"},{"taxonomy":"post_tag","embeddable":true,"href":"https:\/\/fjala.info\/2009-2015\/wp-json\/wp\/v2\/tags?post=2644"}],"curies":[{"name":"wp","href":"https:\/\/api.w.org\/{rel}","templated":true}]}}