{"id":2643,"date":"2010-05-14T15:49:39","date_gmt":"2010-05-14T14:49:39","guid":{"rendered":"http:\/\/fjala.shkoder.net\/?p=2643"},"modified":"2010-05-14T15:49:39","modified_gmt":"2010-05-14T14:49:39","slug":"interviste-me-naim-miftarin-hetues-i-luftes-kunder-terrorizmit-dhe-krimit-te-organizuar-ne-kosove-dhe-rajon","status":"publish","type":"post","link":"https:\/\/fjala.info\/2009-2015\/interviste-me-naim-miftarin-hetues-i-luftes-kunder-terrorizmit-dhe-krimit-te-organizuar-ne-kosove-dhe-rajon\/","title":{"rendered":"Intervist\u00eb me Naim Miftarin hetues i luft\u00ebs kund\u00ebr terrorizmit dhe krimit t\u00eb  organizuar n\u00eb Kosov\u00eb dhe rajon"},"content":{"rendered":"<p><img decoding=\"async\" style=\"margin-left: 10px; margin-right: 10px; border: 0px;\" src=\"http:\/\/www.shkoder.net\/images\/fjala\/asllan_dibrani.jpg\" border=\"0\" alt=\"Asllan Dibrani\" width=\"100\" align=\"left\" \/><\/p>\n<p>Intervistoi <strong>Asllan Dibrani<\/strong><\/p>\n<p><em>Intervist\u00eb me Naim Miftarin ish epror i lart\u00eb i inteligjenc\u00ebs G2 ne U\u00c7K, inspektor i lart\u00eb n\u00eb MRP n\u00eb qeverin\u00eb e p\u00ebrkohshme Tha\u00e7i, po ashtu polic i ShPK-s\u00eb pjes\u00ebtar i Shik-ut dhe tani me pun\u00eb ne OJQ qendra e studimeve t\u00eb luft\u00ebs kund\u00ebr krimit te organizuar dhe terrorizmit me seli n\u00eb Prishtin\u00eb dhe Tiran\u00eb ku i preku shum\u00eb tema aktuale si\u00e7 ishin dy fraksionet e U\u00c7K-se dhe Farkut, keq menaxhimi i fondeve te 3% si fond nga Bukoshi dhe fondit &#8220;Vendlindja th\u00ebrret&#8221;nga l\u00ebvizja, keq p\u00ebrdorimin dhe trajtimin e m\u00ebrgat\u00ebs shqiptare nga strukturat aktuale n\u00eb Kosov\u00eb, korrupsionin dhe keq menaxhimin n\u00eb ekonomin\u00eb e Kosov\u00ebs, afer\u00ebn Bllaca q\u00eb trazoj gjendjen n\u00eb Kosov\u00eb, vjedhjen e nj\u00eb vlere t\u00eb madhe n\u00eb objektet e policis\u00eb n\u00eb Prishtin\u00eb, vjedhjen e pese milion eurosh nga nj\u00eb zyrtar gjerman ne Elektro-Kosov\u00eb dhe keq menaxhimin e gjendjes politike, ekonomike dhe kulturore nga strukturat e Unmikut dhe Eulexsit n\u00eb Kosov\u00eb,p\u00ebr vrasjet,p\u00ebr politik\u00ebn e vet\u00ebvendosjes me Albin Kurtin n\u00eb krye,zgjedhjet n\u00eb Kosov\u00eb etj. etj.<\/em><\/p>\n<p>Pyetjet sipas radh\u00ebs: <em>Zoti Naim ju keni ardhur nga m\u00ebrgata n\u00eb Gjermani dhe ju bashk\u00ebngjit\u00ebt forcave t\u00eb U\u00c7K-s\u00eb?<\/em><\/p>\n<p><img decoding=\"async\" style=\"margin-left: 10px; margin-right: 10px; border: 0px;\" src=\"http:\/\/www.shkoder.net\/images\/fjala\/2010\/naim_miftari.jpg\" border=\"0\" alt=\"Naim Miftari\" width=\"260\" align=\"left\" \/><br \/>\n<strong>Naim Miftari inspektor i ndjekjes se krimit te organizuar<\/strong><\/p>\n<p>Po un\u00eb ju bashk\u00ebngjita luft\u00ebs vullnetarisht me v\u00ebllez\u00ebrit e mi me 15.05.1998 gjer n\u00eb kufi meka p\u00ebrcjell Azem Syla dhe Haki Drenica kam qen\u00eb edhe me djalin e axh\u00ebs po ashtu vullnetar Naserin q\u00eb nga Gjermania me lidhje t\u00eb Fehmi Lladrovcit jemi vendosur n\u00eb Tiran\u00eb. Kishte shum\u00eb dezinformime por prej vitit 1991 kisha dijeni dhe lidhje t\u00eb af\u00ebrta me U\u00c7K, pasi disa familjar t\u00eb af\u00ebrm t\u00eb mi ishin pjes\u00eb e themelimit t\u00eb U\u00c7K dhe kishin shkuar n\u00eb ushtrime ushtarake n\u00eb Shqip\u00ebri me Zahir Pajazitin e Adem Jasharin. Un\u00eb n\u00eb at\u00eb koh\u00eb isha n\u00eb Kroaci, kurse organizimin p\u00ebr n\u00eb Shqip\u00ebri e b\u00ebnin dy daj\u00eb t\u00eb mi Imer dhe Zymer Berisha dhe disa tjer\u00eb, kontributin e k\u00ebtyre njer\u00ebzve sot nuk e p\u00ebrmend askush sepse rreth formimit te U\u00c7K ka disa opsione t\u00eb pa njohura, prandaj ka mjegull shum\u00eb dhe p\u00ebrfituesit e luft\u00ebs e kan\u00eb p\u00ebrvet\u00ebsuar shum\u00eb luft\u00ebn e U\u00c7K por e v\u00ebrteta del n\u00eb shesh her\u00ebt apo von\u00eb?<\/p>\n<p><em>Gjate luft\u00ebs n\u00eb ish jugosllavi ku ishit ju n\u00eb at\u00eb koh\u00eb?<\/em><br \/>\nGjat\u00eb luft\u00ebs kroate serbe isha pjes\u00ebtar i gard\u00ebs kroate dhe luftimet n\u00eb Osjek, Vukovar, Vinkovac, Illok, jan\u00eb vende ku kam luftuar s\u00eb bashku me gard\u00ebn kroate.<br \/>\n<em>Opinioni i juaj a \u00ebsht\u00eb treguar korrekt shteti kroat me shum\u00eb shqiptar\u00eb q\u00eb ishin pjes\u00ebmarr\u00ebs t\u00eb luft\u00ebs se Kroacis\u00eb?<\/em><\/p>\n<p>Me disa po kurse me shumic\u00ebn nuk \u00ebsht\u00eb tregu korrekt, po kemi pasur shum\u00eb shqiptar\u00eb pjes\u00ebmarr\u00ebs n\u00eb luft\u00ebn e Kroacis\u00eb dhe pati figura t\u00eb ndritshme si Bekim Berisha (Abeja), Rrahim Ademi gjenerali ma i suksessh\u00ebm n\u00eb luft\u00ebn e Kroacis\u00eb, Agim Ceku, Ahmet Krasniqi dhe Fehmi Lladrovci, i cili ka pasur n\u00eb Gospi\u00e7 nj\u00eb nj\u00ebsit ushtarak, mir\u00ebpo shum\u00eb shqiptar\u00eb pas lufte u harruan dhe u keqtrajtuan nga organet kroate. Kisha nj\u00eb shok shum\u00eb trim i njohur n\u00eb Kroaci, Shpetim Thaqi, i cili ishte pjes\u00ebtar i nj\u00ebsis\u00eb speciale t\u00eb policis\u00eb ushtarake, dhe q\u00eb n\u00eb rrethana te pasqaruara u vra, e shum\u00eb ndodhi tjera jo t\u00eb mira dhe n\u00eb d\u00ebmin e shqiptar\u00ebve&#8230;<\/p>\n<p><em>A keni reaguar di\u00e7ka ju ne forma te organizuara p\u00ebr pa korrekt\u00ebsin\u00eb e organeve kroate ndaj shqiptar\u00ebve?<\/em><br \/>\nJo nuk \u00ebsht\u00eb l\u00ebne hap\u00ebsire veprimi un\u00eb isha vet\u00ebm luft\u00ebtar i koh\u00ebs se nuk jetoja ne Kroaci, me par\u00eb, por Zekria Cana dhe nj\u00eb Tom Gashi jan\u00eb munduar ne at\u00eb koh\u00eb t\u00eb veprojn\u00eb di\u00e7ka por pa rezultate pozitive. Nj\u00eb periudh\u00eb jan\u00eb keqp\u00ebrdorur shqiptaret q\u00eb kan\u00eb dezertuar nga ushtria serbe duke i l\u00ebne edhe n\u00eb cil\u00ebsin\u00eb e t\u00eb harruarve, duke i detyruar t\u00eb punojn\u00eb n\u00ebp\u00ebr vagon\u00eb t\u00eb th\u00ebngjillit pun\u00ebn e hamallit t\u00eb krahut sa p\u00ebr buk\u00eb t\u00eb goj\u00ebs un\u00eb ata i kam pa vet sa isha ne Zagreb disa i njoh edhe sot.<br \/>\n<em>Po pik\u00ebrisht ju theksoni se zoti Rrahim Ademi ishte nj\u00eb luft\u00ebtar me z\u00eb edhe i respektuar por n\u00eb an\u00ebn tjet\u00ebr atij ju p\u00ebrgatit\u00eb l\u00ebnda p\u00ebr n\u00eb gjykat\u00ebn e Hag\u00ebs si e komentoni ju zoti Naim k\u00ebt\u00eb vep\u00ebr disi si e pa bes\u00eb ?<\/em><\/p>\n<p>Po z .Ademin e respektoj shum\u00eb, jo se e kam vendas por \u00ebsht\u00eb gjeni dhe nj\u00eb strateg ushtarak d\u00ebm q\u00eb nuk ju mund\u00ebsua me kan\u00eb pjes\u00eb e U\u00c7K me siguri do t\u00eb kishim tjet\u00ebr pasqyr\u00eb sot n\u00eb Kosov\u00eb, por ishte e v\u00ebrtet se ju montua nj\u00eb proces gjyq\u00ebsor zotit Ademit dhe disa gjeneral\u00ebve kroat. Ishte nj\u00eb loj\u00eb e p\u00ebrgatitur nga politika nd\u00ebrkomb\u00ebtare dhe kroate, sikurse rasti i mikut tim Ante Gotovin\u00ebs qe u arrestua n\u00eb Spanj\u00eb, p\u00ebr tu an\u00ebtar\u00ebsuar ne BE. Kroacia \u00ebsht\u00eb detyruar t\u00eb paguaj \u00e7mim t\u00eb lart\u00eb dhe t\u00eb b\u00ebj\u00eb pazare t\u00eb dhimbshme pune politike&#8230;<br \/>\n<em>Kush ishte Ante Gotovina ?<br \/>\n<\/em>Ishte komandant i operacionit Olluja &#8211; nj\u00eb person ma me autoritet dhe shum\u00eb i dashur p\u00ebr popullin dhe ushtrin\u00eb kroate. Ishte gjenerali ma i famsh\u00ebm i Kroacis\u00eb dhe nj\u00eb ish legjionar francez nd\u00ebrkomb\u00ebtar e ka pasur\u201d therr\u00eb n\u00eb sy\u201c k\u00ebt\u00eb njeri dhe presionet e Karlla Dela Pontes, gjykat\u00ebs s\u00eb Hag\u00ebs dhe bashk\u00ebsis\u00eb evropiane b\u00ebn\u00eb t\u00eb veten dhe ai gjendet akoma ne burgun e Hag\u00ebs. Dhe nj\u00eb sekret, Gotovina \u00ebsht\u00eb dor\u00ebzuar vet\u00eb p\u00ebr hir t\u00eb shtetit t\u00eb tij sikurse rasti Ramush Haradinaj n\u00eb Kosov\u00eb.<br \/>\n<em>T&#8217;i kthehemi edhe nj\u00eb here kthimit tuaj n\u00eb Kosove nga m\u00ebrgata ku ishit ju n\u00eb Gjermani \u00e7far\u00eb statusi kishit ju ?<br \/>\n<\/em>Isha nj\u00eb njeri i cili kisha kaluar atje pas shum\u00eb betejash e rreziqesh ku mu argumentua, se vi nga lufta frontale kroate dhe se jam i ndjekur nga sigurimi serbe, mu njoh q\u00ebndrimi i azilit,d.m.th isha me letra t\u00eb rregulluara n\u00eb Munchen. Fillimisht p\u00ebrgatitjet ushtarake qe kisha dhe lidhjet me rezistenc\u00ebn n\u00eb Kosov\u00eb, afria me Fehmi Lladrovcin nj\u00eb nder trimat e r\u00ebn\u00eb ne Kosov\u00eb nuk na linin t\u00eb qet\u00eb neve n\u00eb per\u00ebndim.<br \/>\n<em>Vendosja e juaj n\u00eb dit\u00ebn e kthimit n\u00eb Kosov\u00eb?<\/em><br \/>\nSi t\u2019ju themi lufta po thuajse filloj isha n\u00eb kontakt me disa familjar q\u00eb kishin qen\u00eb me Adem Jasharin dhe Zahirin n\u00eb grup, n\u00eb ushtrime ushtarake n\u00eb Shqip\u00ebri, fjala ishte qe t\u00eb kthehemi por ndasia politike nuk i lejoj te vinin me ne n\u00eb Kosov\u00eb, dy vet u kthyen kurse dy jo thoshin se Bujar Bukoshi nuk na ka thirr akoma ? Por trimi dihet kur \u00ebsht\u00eb rrezik puna, dhe po me kujtohet si sot nj\u00eb informate nj\u00eb gazete p\u00ebr masakr\u00ebn n\u00eb Qirez , t\u00eb nj\u00eb masakre t\u00eb pa par\u00eb me nj\u00eb terror kund\u00ebr f\u00ebmij\u00ebve dhe grave shtatz\u00ebna , n\u00eb gjysm\u00eb e kam l\u00ebn\u00eb pun\u00ebn edhe se isha kryepun\u00ebtor,i njoftova pun\u00ebtor\u00ebt me q\u00ebndrimin tim.<\/p>\n<p>Ka qen\u00eb diku ora 11 e dit\u00ebs pasi lexova at\u00eb gazet\u00eb u nisa p\u00ebr sht\u00ebpi. E njoftova gruan se un\u00eb e vendosa t\u00eb nisem p\u00ebr Kosov\u00eb, n\u00eb luft\u00eb, pasi qysh nga viti 91 kisha uniformat amerikane dhe nj\u00eb sasi armatimi n\u00eb Prishtin\u00eb dhe n\u00eb fshatin tim, shoqja u shtang p\u00ebr momentin dhe foli pak duke u arsyetuar se ku po na len\u00eb, mua me k\u00ebta f\u00ebmij\u00eb n\u00eb vend t\u00eb huaj ,dhe i thash pasi q\u00eb kam luftuar p\u00ebr kroat\u00ebt, q\u00eb nuk i kemi as komb as fe as te gjakut, por ky gjak q\u00eb po e sheh n\u00eb k\u00ebt\u00eb foto t\u00eb k\u00ebsaj gazete jan\u00eb t\u00eb popullit tim dhe un\u00eb dua ti bashk\u00ebngjit\u00ebm U\u00c7K n\u00eb luft\u00ebn e drejt t\u00eb popullit tim.<br \/>\n<em>Po ju cek\u00ebt se ishe kryepun\u00ebtor,\u00e7far\u00eb kryepun\u00ebtori ishit ju?<br \/>\n<\/em>Po punoja ne firm\u00ebn &#8220;Vaimberger&#8221; n\u00eb Vesling af\u00ebr Munchenit nj\u00eb firm\u00eb nd\u00ebrtimore ku kisha mbi 40 pun\u00ebtor, isha kryepun\u00ebtor dhe kisha rrog\u00eb shum\u00eb te mire.<br \/>\n<em>Po ju si\u00e7 po shihet paskeni pasur nj\u00eb standard t\u00eb mir\u00eb n\u00eb Gjermani dhe nuk ju dhimbej luksi i Gjermanis\u00eb ta lenit n\u00eb at\u00eb koh\u00eb ?<\/em><br \/>\nJo nuk m\u00eb \u00ebsht\u00eb dhimbsur dhe akoma mendoj se ishte hapi ma i mir\u00eb qe kam marr n\u00eb jet\u00eb se ideali p\u00ebr atdheun ishte ma i madh se sa mallrat e Gjermanis\u00eb.<br \/>\n<em>Kthimi i juaj ishte n\u00eb form\u00eb t\u00eb organizuar apo n\u00eb form\u00eb vetjake ?<\/em><br \/>\nPasi isha edhe n\u00eb organizimin e Fondit &#8220;Vendlindja th\u00ebrret&#8221; isha i obliguar q\u00eb t\u00eb m\u00eb z\u00ebvend\u00ebsoj dikush n\u00eb Gjermani po edhe kthimin e b\u00ebm\u00eb n\u00eb form\u00eb t\u00eb organizuar,un\u00eb at\u00eb dit\u00eb jam kthyer vet i 18-ta n\u00eb m\u00ebnyr\u00eb t\u00eb p\u00ebrgatitur, me kujtohet q\u00eb me mua erdhi djali i axh\u00ebs tim Naser Miftari i cili ishte nj\u00eb luft\u00ebtar shum\u00eb i suksessh\u00ebm me \u00e7\u2019rast i humbi edhe letrat e gjermanit nuk mundi me u kthye ma, fillimisht n\u00eb Tiran\u00eb jam takuar me Besim Malen (Murrizin), mandej me Azem Sylen, pas nj\u00eb dite kam takuar Ahmet Krasniqin, pasi e kam vendas dhe e njihja nga Kroacia ishim takuar rast\u00ebsisht edhe me Hajrullah Ternaven t\u00eb cilin e kisha pasur drejtor shkolle para shum\u00eb viteve n\u00eb Vushtrri q\u00eb ishte nj\u00eb njeri shum\u00eb aktiv n\u00eb \u00e7\u00ebshtjen e bashkimit t\u00eb forcave shqiptare, nuk q\u00ebndrova shum\u00eb n\u00eb Tiran\u00eb pas 6 dit\u00ebsh, me 26 veta u nis\u00ebm n\u00eb Kosov\u00eb ku na vendos\u00ebn n\u00eb Shtabin e P\u00ebrgjithsh\u00ebm t\u00eb U\u00c7K dhe n\u00eb fillim u takuam me Sulltanin dhe Rexhep Selimin, me t\u00eb cil\u00ebt kisha nj\u00eb shoq\u00ebri ma te af\u00ebrme me ta dhe kam edhe sot sepse e meritojn\u00eb kan\u00eb qen\u00eb luft\u00ebtar t\u00eb v\u00ebrtet e jo t\u00eb propagand\u00ebs . Fillimisht me vendos\u00ebn n\u00eb zon\u00ebn e Shal\u00ebs s\u00eb Bajgores si epror e ma von\u00eb n\u00eb nj\u00ebsitin e inteligjenc\u00ebs.<br \/>\n<em>Po ju a soll\u00ebt me vete ndonj\u00eb ndihme nga Gjermania ?<\/em><br \/>\nPo i ndihmova me aq sa kishim kursyer gjat\u00eb nj\u00eb periudhe t\u00eb pun\u00ebs n\u00eb Gjermani . Un\u00eb me vete kisha 74.000 marka bleva nj\u00eb telefon satelitor dy arm\u00eb me z\u00eb mbyt\u00ebs dhe nj\u00eb snajper- beret 12.5 mm ,gjate hyrjes n\u00eb Kosov\u00eb ja kem sjell 2 gulinova 12.7 dhe disa mjete tjera ku i kemi dor\u00ebzua n\u00eb Shtabin e P\u00ebrgjithsh\u00ebm t\u00eb U\u00c7K.<br \/>\n<em>Zoti Miftari si\u00e7 dihet n\u00eb luft\u00ebn e Kosov\u00ebs ishin dy fraksione ushtarake U\u00c7K dhe \u201cFark\u201dForcat e Armatosura t\u00eb Republik\u00ebs s\u00eb Kosov\u00ebs, si e keni ndier ju vet\u00ebn pran nj\u00eb realiteti t\u00eb hidhur ku shum\u00eb m\u00ebrgimtar edhe jan\u00eb irrituar me prezenc\u00ebn e tyre,dhe jan\u00eb hamendur nga pozicioni i tyre ?<\/em><br \/>\nPo ishte shum\u00eb e sakt\u00eb se kan\u00eb qen\u00eb realitet &#8220;Forcat e Armatosura t\u00eb Kosov\u00ebs&#8221;, qe ishin te p\u00ebrfaq\u00ebsuar nga qeveria e Bukoshit n\u00eb egzil e udh\u00ebhequr nga Ahmet krasniqi kolonel dhe U\u00c7K-ja ne an\u00ebn tjet\u00ebr e cila kishte terrenin dhe kishte t\u00eb drejt. Un\u00eb Ahmet Krasniqin e njihesha si luft\u00ebtar shume i mire, po ishte i frenuar nga Bujar Bukoshi dhe \u00ebsht\u00eb m\u00ebkat q\u00eb u vra nj\u00eb strateg ushtarak nga vet shqiptaret!&#8230;<br \/>\nBallafaqimi i juaj me k\u00ebto fraksione ushtarake mendimi i juaj dhe i m\u00ebrgimtar\u00ebve si ishte?<br \/>\nPo u munduam q\u00eb t\u00eb nd\u00ebrhynim pasi se cili kishte tendenc\u00eb te na merrte ne forc\u00ebn e vet p\u00ebr shembull Azem Syla na thoshte rri k\u00ebtu ata te Ahmet Krasniqit eja k\u00ebndej,k\u00ebshtu q\u00eb kan\u00eb krijuar shum\u00eb huti t\u00eb m\u00ebrgimtar\u00ebt duke i keqp\u00ebrdorur dhe keqtrajtuar shpeshher\u00eb, n\u00eb kishim shkuar me luftuar armikun e jo v\u00ebllez\u00ebrit tan\u00eb shkurt na interesonte lufta me serbin jo ndasit\u00eb nd\u00ebr vete&#8230;<br \/>\n<em>M\u00ebrgimtar\u00ebt a u arrit q\u00eb t\u00eb jen\u00eb unik rreth obligimit q\u00eb keni shkuar p\u00ebr ta \u00e7liruar atdheun?<\/em><br \/>\nAsnj\u00ebher\u00eb nuk u arrit unitet i plot, se sikur te ishim bashk\u00eb lufta do t\u00eb kishte tjet\u00ebr epilog dhe gj\u00ebrat do t\u00eb ishin shum\u00eb ma mir\u00eb se sa jan\u00eb sot!<br \/>\n<em>Po ju ku u radhitet si ushtar apo kishit ndonj\u00eb obligim t\u00eb ve\u00e7ant\u00eb?<\/em><br \/>\nUn\u00eb isha n\u00eb radh\u00ebt e U\u00c7K -se dhe jam krenar q\u00eb kam pas at\u00eb nder, isha pjes\u00ebtar n\u00eb zon\u00eb t\u00eb Shal\u00eb s\u00eb Bajgores por kam luftuar n\u00eb Drenic\u00eb, Dukagjin, Llap dhe Ka\u00e7anik etj.<\/p>\n<p style=\"text-align: center;\"><img decoding=\"async\" style=\"margin-left: 10px; margin-right: 10px; border: 0px;\" src=\"http:\/\/www.shkoder.net\/images\/fjala\/2010\/naim_miftari_uck.jpg\" border=\"0\" alt=\"Naim Miftari n\u00eb luft\u00eb\" width=\"350\" \/><br \/>\n<strong>Naim Miftari me nj\u00eb grup luft\u00ebtar\u00ebsh n\u00eb front t\u00eb luft\u00ebs<\/strong><\/p>\n<p><em>Ju ishit n\u00eb \u00e7far\u00eb pozicioni ushtarak si ushtar i thjesht apo ?<\/em><\/p>\n<p>Jo un\u00eb isha epror ushtarak ku e kisha nj\u00eb grup shum\u00eb te mir\u00eb ushtar\u00ebsh dhe epror\u00ebsh, dhe kisha dor\u00eb t\u00eb lir\u00eb p\u00ebr operime n\u00eb t\u00ebr\u00eb Kosov\u00ebn edhe pse ne disa raste komandant\u00ebt e zonave nuk ju ka ardhur mir\u00eb q\u00eb kemi b\u00eb aksione ne territoret e tyre.<br \/>\n<em>Pjes\u00ebmarr\u00ebsit nga per\u00ebndimi ishin te ardhur nga cilat shtete dhe a u privilegjuan ata njer\u00ebz ndonj\u00ebher\u00eb gjat\u00eb luft\u00ebs?<\/em><br \/>\nM\u00ebrgata shqiptare nuk u privilegjua asnj\u00eb her\u00eb ,as gjat\u00eb luft\u00ebs, as pas luft\u00ebs, as q\u00eb mund t&#8217;ju del Kosova kurr\u00eb haku se m\u00ebrgata shqiptare e financoi luft\u00ebn, materialisht edhe fizikisht ata dhan\u00eb maksimumin, erdh\u00ebn nga Gjermania ,Zvicerra ,Britania , Amerika , Shtetet e Beneluksit etj.<br \/>\n<em>Po Zot\u00ebri Naim kur jemi k\u00ebtu t\u00eb financa nga m\u00ebrgimtar\u00ebt ishin edhe dy fonde te grumbullimit t\u00eb mjeteve p\u00ebr luft\u00eb si\u00e7 ishte fondi i 3% dhe fondi &#8220;vendlindja th\u00ebrret &#8220;a mb\u00ebrrinin k\u00ebto mjete n\u00eb destinacionin e duhur ?<\/em><br \/>\nJo shumica e k\u00ebtyre mjeteve \u00ebsht\u00eb ruajtur n\u00ebp\u00ebr xhepat e atyre qe sot jan\u00eb milioner. K\u00ebto mjete jan\u00eb keqp\u00ebrdorur q\u00eb nga t\u00eb dy forcat e t\u00eb dy fraksioneve n\u00eb Kosov\u00eb, ku nj\u00eb sasi nuk dihet se ku i kan\u00eb quar, por shpresoj se do te vijn\u00eb koha dhe do te ndri\u00e7ohen se kush i keqp\u00ebrdori,do t\u00eb publikohen ma sakt\u00eb. Me plot p\u00ebrgjegj\u00ebsi them se mbi 90 p\u00ebr qind jan\u00eb keqp\u00ebrdorur dhe kan\u00eb p\u00ebrfunduar ne gjepat e lider\u00ebve te t\u00eb dy fraksioneve q\u00eb krijuan kapital marramend\u00ebs pas luft\u00ebs. N\u00eb zon\u00ebn e \u00c7i\u00e7avic\u00ebs n\u00eb munges\u00eb t\u00eb mjeteve ushtarake anti tanke dhe municionit dhe ushqimit gjat\u00eb ofensiv\u00ebs se 22 shtatorit kem mbet vet\u00ebm 17 ushtar nga 840 ushtar kat\u00ebr dit\u00eb luftim pa nd\u00ebrpre, pa ngr\u00ebn\u00eb buk\u00eb me goj\u00eb ? Si brigad\u00eb nuk kishim mjete luftarake ose shum\u00eb pak edhe pse kem pas epror te zot buk\u00ebn 90% na e kan\u00eb dh\u00ebn\u00eb fshatar\u00ebt e \u00c7i\u00e7avic\u00ebs.<br \/>\n<em>Opinioni i juaj se pa luft\u00eb kishte me u \u00e7liruar Kosova, sipas disa forcave politike q\u00eb kan\u00eb dal\u00eb me deklarata t\u00eb shpeshta ?<\/em><br \/>\nKurrsesi pa u futur shqiptar\u00ebt n\u00eb luft\u00eb nuk kemi pasur rrug\u00eb tjet\u00ebr t\u00eb shp\u00ebtimit,neve si komb na u kanos rreziku i asimilimit total, rinia ishin n\u00eb asimilim e sip\u00ebr, lufta e shp\u00ebtoj popullin ton\u00eb .Prandaj U\u00c7K-ja dhe gjith\u00eb atyre q\u00eb b\u00ebn\u00eb luft\u00eb nuk duhet t\u00eb harrohen dhe t\u00eb n\u00ebp\u00ebrk\u00ebmben si\u00e7 veprohet n\u00eb Kosov\u00eb!<\/p>\n<p><em>\u00a0<\/em><\/p>\n<p><em>At\u00ebher\u00eb epet p\u00ebrshtypja se si rezultat i U\u00c7K-s\u00eb edhe amerikan\u00ebt u fut\u00ebn ne front lufte si aleat me shqiptar\u00ebt ?<\/em><br \/>\nPo \u00ebsht\u00eb shume e v\u00ebrtet\u00eb se ishte vet\u00ebm nj\u00eb iluzion q\u00eb dot \u00e7liroheshim me dy gishta t\u00eb zotit Rugova dhe se do t\u00eb kemi nj\u00eb luft\u00eb t\u00eb barabart\u00eb me pushtuesin, pasi q\u00eb me armatim serb\u00ebt ishin ma te armatosur p\u00ebr shum\u00eb fish ma shum\u00eb , por duke ju fal\u00ebnderuar rezistenc\u00ebs heroike te U\u00c7K-se dhe popullit t\u00eb vuajtur , dhe faktori kryesore ishte se bota u lodh me Milosheviqin, Sllovenia ,Kroacia sidomos krimet e tmerrshme n\u00eb Bosnje u b\u00eb boll, dhe me ndihm\u00ebn amerikane, britanike, gjermane t\u00eb cil\u00ebt i fal\u00ebnderoj\u00eb gjat\u00eb ter historis\u00eb dhe NATO-se n\u00eb u \u00e7liruam 70%. Me mbledhjen e Dejtonit forma paq\u00ebsore ka marr fund, dhe ne \u00ebsht\u00eb dashur e pa dashur te futemi n\u00eb frontin e luft\u00ebs.<\/p>\n<p>Ju pos eprorit ushtarak kishit edhe ndonj\u00eb obligim tjet\u00ebr ne periudh\u00ebn e luft\u00ebs?<br \/>\nUn\u00eb isha edhe n\u00eb sh\u00ebrbimin e G2 t\u00eb zbulimit dhe kund\u00ebr zbulimit ne zon\u00ebn e kat\u00ebrt.<\/p>\n<p style=\"text-align: center;\"><img decoding=\"async\" style=\"margin-left: 10px; margin-right: 10px; border: 0px;\" src=\"http:\/\/www.shkoder.net\/images\/fjala\/2010\/naim_miftari_uck1.jpg\" border=\"0\" alt=\"Naim Miftari epror n\u00eb U\u00c7K-n\u00eb\" width=\"200\" align=\"left\" \/><strong>Naim Miftari epror i lart n\u00eb U\u00c7K<\/strong><\/p>\n<p><em>Po zoti Naim a mund te na theksoni di\u00e7ka lidhur me pozit\u00ebn e Mitrovic\u00ebs si mbeti ,si erdh deri te vendosja e forcave franceze atje, kush i vendosi?<\/em><br \/>\nNe p\u00ebrfundimin e luft\u00ebs ishim si zon\u00eb te rraskapitur shum\u00eb nga luftimet e pand\u00ebrprera gjat\u00eb t\u00ebr\u00eb luft\u00ebs n\u00eb Shal\u00eb \u00ebsht\u00eb luftuar frontalisht sepse ka disa arsye e para pozita strategjike, e dyta pasurin\u00eb e mineraleve jan\u00eb shum\u00eb t\u00eb m\u00ebdha dhe zona jon\u00eb e ka pas posht\u00ebruar shum\u00eb ushtrin\u00eb serbe me nx\u00ebnien e ushtareve serb rob luft\u00eb, q\u00eb s&#8217;ka ndodh tjet\u00ebr kund dhe aty \u00ebsht\u00eb luftua me muaj, jo me propagand\u00eb sikur do zona tjera por me arm\u00eb. Ju doni te pyetni a ka pas mund\u00ebsi me marr\u201d veriun \u201d tham\u00eb ushtarakisht, ne fillim jo por mas do dit\u00ebsh po, ka pas mund\u00ebsi por duke pas humbje te r\u00ebnda tek ne te KFOR -it dhe t\u00eb popullata n\u00eb veri, por p\u00ebrgjegj\u00ebsin\u00eb komandues nuk ka dasht\u00eb askush ta marr mbi vete si barr\u00eb, a sikur zon\u00eb e kat\u00ebrt nuk kemi pas mund\u00ebsi me marr veriun vet\u00ebm n\u00ebse do t\u00eb b\u00ebnim luft\u00eb me francez\u00ebt .<\/p>\n<p>Shkurt kryesor\u00ebt tan\u00eb ishin t\u00eb nx\u00ebn\u00eb me pun\u00eb ma t\u00eb r\u00ebnd\u00ebsishme p\u00ebr ta dhe lan\u00eb hap\u00ebsir\u00eb q\u00eb duke i shkelur parimet komb\u00ebtare p\u00ebr hir\u00eb t\u00eb atyre personale,dhe Mitrovica u la anash deri sa u vendos\u00ebn edhe forcat franceze q\u00eb ishin edhe miq tradicional t\u00eb serb\u00ebve, qe pik\u00ebrisht aty na ndan\u00eb Mitrovic\u00ebn, i cili themelet i ka ne Kumanov\u00eb n\u00eb marr\u00ebveshjen Serbi me disa forca antishqiptare. Ne kishim nj\u00eb strategji p\u00ebr Mitrovic\u00ebn por ata qe \u00ebsht\u00eb dashur me dh\u00ebne urdhrin s&#8217;kan\u00eb pas koh\u00eb, ja s&#8217;kan\u00eb pas guxim dhe ajo pap\u00ebrgjegj\u00ebsi i kushtoj ,po i kushton dhe do ti kushtoj Kosov\u00ebs.<br \/>\n<em>Po pse nuk u p\u00ebrqendruat n\u00eb Mitrovic\u00eb ju me forcat e U\u00c7K-s\u00eb ?<\/em><br \/>\nN\u00eb nj\u00eb num\u00ebr t\u00eb konsideruesh\u00ebm forcash n\u00eb ato momente ishim t\u00eb p\u00ebrgatitur q\u00eb t\u00eb p\u00ebrqendrohemi n\u00eb Mitrovic\u00eb por kishim penges\u00eb nga vet hierarkia e lart ushtarake e U\u00c7K-se dhe nga NATO, e shum\u00eb pengesa tjera pa num\u00ebr arsyesh krejt banale.<br \/>\n<em>Po nga kush kishit pengesa ?<br \/>\n<\/em>Pes\u00eb dit\u00eb para se me u vendose forcat e huaja, ne prisnim urdhrin q\u00eb t\u00eb futemi ne Mitrovic\u00eb,por na erdhi urdhri nga Shtabi i P\u00ebrgjithsh\u00ebm i U\u00c7K q\u00eb mos t\u00eb sulmojm\u00eb, gjendjen e kontrollonte KFORI ku na detyruan, tri dit rresht me ndez tre zjarre q\u00eb te aterrojn\u00eb helikopter\u00ebt e KFOR-it n\u00eb veri t\u00eb fshatit Nevalan q\u00eb t\u00eb merreshim vesh,por ata nuk erdh\u00ebn kurr\u00eb po shkuan n\u00eb Mitrovic\u00eb n\u00eb bised\u00eb me serb\u00ebt na u b\u00eb mashtrim.<\/p>\n<p><em>Po kjo konsiderohet si sabotim apo strategji e gabuar e urdh\u00ebruar nga Shtabi P\u00ebrgjithsh\u00ebm i U\u00c7K-se ?<\/em><br \/>\nSi do qe te vler\u00ebsohet ajo ishte nj\u00eb pa pjekuri dhe pavendosm\u00ebri se na dhan\u00eb urdh\u00ebr qe t\u00eb rrim\u00eb n\u00eb periferi t\u00eb qytetit , jo k\u00ebshtu jo ashtu ,si fund pat\u00ebm rastin ta pastrojm\u00eb Mitrovic\u00ebn nga mercenar t\u00eb Serbis\u00eb . Edhe n\u00eb Tavnik kur jemi vendos kemi qen tre veta me komandantin e brigad\u00ebs dhe nj\u00eb ushtar tjet\u00ebr nuk kemi pasur as urdh\u00ebr te hyjm\u00eb n\u00eb Mitrovic\u00eb por t\u00eb vendosemi ne periferi ne shkoll\u00ebn e Vaganices, por ne pa urdhrin jem vendos aty edhe pse kemi muajt me pas konflikt me para roj\u00ebn e NATO-se dhe me ushtrin\u00eb serbe q\u00eb ishin akoma aty me num\u00ebr te madh por komandat Rrahman Rama na ka p\u00ebrkrah n\u00eb at\u00eb vendim ?<\/p>\n<p>Kurse me uniform t\u00eb U\u00c7K ka qen\u00eb e ndaluar me u pa n\u00eb Mitrovic\u00eb por edhe nga Mitrovica jan\u00eb t\u00ebrheq,tek n\u00eb fund ushtria serbe nga Kosova, sepse marr\u00ebveshja e Kumanov\u00ebs ka pika qe na nuk i \u201cdim\u00eb\u201d dhe gjer u vendos KFOR-i n\u00eb qytet ne an\u00ebn e majt\u00eb te rrug\u00ebs kryesore t\u00eb jugut q\u00eb qon n\u00eb veri t\u00eb Mitrovic\u00ebs, ka qen\u00eb plot tanke serbe kurse ana e djatht\u00eb plot tanke franceze ? Forcat franceze erdh\u00ebn dhe u takuan fillimisht me kryetarin e komun\u00ebs serb nga Mitrovica nd\u00ebrsa udh\u00ebheq\u00ebsit tan\u00eb t\u00eb byros\u00eb politike, na ftonin n\u00eb Prizren n\u00eb mbledhje t\u00eb LPK \u2013se vet\u00ebk\u00ebnaq\u00ebsia kushton.<br \/>\n<em>Po zot\u00ebri Hashim Tha\u00e7i ishte p\u00ebrfaq\u00ebsues politik i shtabit t\u00eb p\u00ebrgjithsh\u00ebm nd\u00ebrsa ju thoni se kishim edhe pengesa ne at\u00eb ofensiv\u00ebn e mundshme, q\u00eb theksoni ju p\u00ebr ta \u00e7liruar veriun e Mitrovic\u00ebs?<\/em><br \/>\nHaqshim Thaqi u vet-shpall si lider politik i ndihmuar nga nj\u00eb num\u00ebr i caktuar njer\u00ebzish n\u00eb Rambuje. Kurse un\u00eb kurr\u00eb nuk e kam taku n\u00eb beteja anemban\u00eb Kosov\u00ebs, sikur kam taku Rexhen, Sylen, Fehmiun, Jakupin, Ramushin, Samiun etj. Zoti Tha\u00e7i nuk ka pasur potencial as ushtarak as strategjik, por nuk \u00ebsht\u00eb problemi vet\u00ebm tek Tha\u00e7i as t\u00eb nj\u00eb individ por faji \u00ebsht\u00eb i t\u00eb gjith\u00eb neve dhe qyteti i Mitrovic\u00ebs \u00ebsht\u00eb qytet i dy milion shqiptar\u00ebve, por p\u00ebr ato qaste \u00ebsht\u00eb p\u00ebrgjegj\u00ebsi e z. Tha\u00e7i dhe e shtabit t\u00eb p\u00ebrgjithsh\u00ebm.<br \/>\n<em>Flitet se Mitrovica ishte e boshatisur nga forcat e Serbis\u00eb n\u00eb at\u00eb koh\u00eb a ka t\u00eb b\u00ebj\u00eb me realitetin ?<\/em><br \/>\nJo nuk ka te b\u00ebj\u00eb me realitetin se forcat ushtarake serbe aty kan\u00eb qen\u00eb t\u00eb p\u00ebrqendruara n\u00eb num\u00ebr t\u00eb madh, t\u00eb gjitha nj\u00ebsit\u00eb e blinduara jan\u00eb t\u00ebrheq nga ky drejtim kan\u00eb qen\u00eb dy vijat kryesore te t\u00ebrheqjes nga rruga e Leposaviqit dhe aksi Zubin Potokut, 70% t\u00eb gjitha forcat serbe n\u00eb Kosov\u00eb jan\u00eb t\u00ebrheq nga ai drejtim dhe p\u00ebr ve\u00e7 tyre penges\u00eb, kan\u00eb qen\u00eb edhe forcat e KFOR-it , e di se viktima kishte me pasur shum\u00eb n\u00eb num\u00ebr n\u00eb t\u00eb dy an\u00ebt, po edhe nga forcat e KFOR-it, por me gjith\u00eb at\u00eb n\u00eb do t\u00eb \u00e7lironim vendin n\u00eb t\u00ebr\u00ebsi.<br \/>\nTa kishim me seriozitet \u00e7ka kishte ndodh\u00eb sikur ta humbte kok\u00ebn ndonj\u00eb komanduese ushtarak p\u00ebr Mitrovic\u00ebn un\u00eb them se ja kishe vler\u00eb, por veriu i Kosov\u00ebs sot si at\u00ebher\u00eb p\u00ebrmendet vet\u00ebm p\u00ebr marketing politik ose demagogji q\u00eb ta humbin p\u00ebrqendrimin diku tjet\u00ebr veriu \u00ebsht\u00eb i humbur nj\u00eb her\u00eb p\u00ebr nj\u00ebher\u00eb!<br \/>\n<em>Z. Miftrai a do t\u00eb pranonit ju personalisht vete p\u00ebrgjegj\u00ebsin q\u00eb ta sulmonit veriun edhe pse thoni se do t\u00eb kishit konflikt me forcat franceze apo t\u00eb tjerat n\u00eb ato koh\u00eb?<br \/>\n<\/em>Po me gjith\u00eb d\u00ebshire dhe ata qe me njohin e din se do ta b\u00ebja pa marre parasysh pasojat individuale po tjet\u00ebr zgjidhje nuk ka pas,pos lufte kund\u00ebr serbeve dhe KFOR-it n\u00eb veri, tjet\u00ebr alternativ\u00eb nuk ka pasur, ose ta l\u00ebm\u00eb gjendjen ashtu si\u00e7 e kemi l\u00ebn\u00eb kemi pas llogaritur t\u00eb kemi afro 200 ushtar ton\u00eb t\u00eb vrar\u00eb 3000 serb dhe afro 100 ushtar\u00eb t\u00eb KFOR-it n\u00ebse do ta sulmonim.<\/p>\n<p><em>Ju e theksoni se vullneti politik dhe strategjik ka munguar ?<\/em><br \/>\n\u00cbsht\u00eb e v\u00ebrtet se Mitrovica \u00ebsht\u00eb e dy milion shqiptar\u00ebve t\u00eb Kosov\u00ebs, e jo vet\u00ebm e 150 ushtrave, se ajo ka mundur t\u00eb \u00e7lirohet at\u00ebher\u00eb, ka mundur dje,mundet edhe sot edhe nes\u00ebr po duhet t\u00eb ket\u00eb vullnet, moral parim dhe q\u00ebndrim strategjik e jo fraza politike boshe p\u00ebr Mitrovic\u00ebn si\u00e7 veprohet!<\/p>\n<p><em>Ju pas \u00e7lirimit q\u00eb thuhet t\u00eb Kosov\u00ebs si e ndiet ju veten ?<\/em><br \/>\nP\u00ebr shkak se isha krye shef i G.2 p\u00ebr Mitrovice jo mir\u00eb.<br \/>\n<em>\u00c7ka d.m.th kjo G.2 ?<\/em><br \/>\nKjo \u00ebsht\u00eb nj\u00eb struktur\u00eb organizative ushtarake, zbulim dhe kund\u00ebr zbulim, goditje dhe kund\u00ebr goditje.<br \/>\n<em>Po p\u00ebrgjegj\u00ebsia e juaj pasi keni qene nj\u00eb figur\u00eb po thuajse kryesore e G2 edhe pas luft\u00ebs ?<\/em><br \/>\nUn\u00eb kam qen\u00eb luft\u00ebtar, kam pas fatin ta kam edhe nj\u00eb shok ideali me te cilin kemi punuar shum\u00eb, por q\u00eb \u00ebsht\u00eb mbyt kinse n\u00eb ndeshje komunikacioni pas luft\u00ebs, i ndjeri Ferki Aliu nj\u00eb atdhetar, pas vrasjes s\u00eb tij un\u00eb jam larguar nga Mitrovica, pasi nuk isha i k\u00ebnaqur me trajtimin e luft\u00ebrave anemban\u00eb Kosov\u00ebs, nd\u00ebrkoh\u00eb me sugjeroj nj\u00eb forc\u00eb ushtarake per\u00ebndimore pro shqiptare, q\u00eb t\u00eb kaloj n\u00eb policin\u00eb e Kosov\u00ebs, pasi isha inspektor i lart\u00eb n\u00eb Ministrin\u00eb e Brendshme dhe n\u00eb struktura te Shik-ut, lufta vazhdonte p\u00ebr paq\u00eb dhe rend ligjor.<br \/>\nPo si e gjet\u00ebt vet\u00ebn n\u00eb mesin e policis\u00eb kur kishte njer\u00ebz aty q\u00eb nuk kishin b\u00ebr\u00eb kurrfar\u00eb mundi p\u00ebr Kosov\u00ebn dhe ma shum\u00eb ishin t\u00eb d\u00ebmsh\u00ebm se sa q\u00eb kishin ndonj\u00eb vler\u00eb si t\u00eb till\u00eb edhe kishin l\u00ebne pasoja n\u00eb interesin e Kosov\u00ebs?<\/p>\n<p style=\"text-align: center;\"><img decoding=\"async\" style=\"margin-left: 10px; margin-right: 10px; border: 0px;\" src=\"http:\/\/www.shkoder.net\/images\/fjala\/2010\/naim_miftari_polici.jpg\" border=\"0\" alt=\"Naim Miftari n\u00eb sh\u00ebrbimin policor t\u00eb Kosov\u00ebs\" width=\"450\" \/><br \/>\n<strong>Naim Miftari n\u00eb sh\u00ebrbimin policor t\u00eb Kosov\u00ebs<\/strong><\/p>\n<p>Gjat\u00eb trajnimit n\u00eb polici kisha nderin qe kisha si instruktor dy ish pjes\u00ebtar te FBI-se amerikane por shpejt n\u00eb teren, e kam veten t\u00eb fyer kur p\u00ebr koleg me \u00ebsht\u00eb dasht\u00eb me punuar edhe me pjes\u00ebtar t\u00eb UDB-se dhe njer\u00ebz q\u00eb para luft\u00ebs kishin qen\u00eb bashk\u00ebpun\u00ebtor serb dhe kriminel ordiner. N\u00eb nj\u00eb rast me pat\u00ebn d\u00ebrguare q\u00eb ta siguroj p\u00ebrfaq\u00ebsin\u00eb serbe n\u00eb Prishtin\u00eb af\u00ebr kish\u00ebs katolike, \u00e7ka ishte fyerje dhe loj\u00eb e dikujt, por gj\u00eb t\u00eb cil\u00ebn e kam refuzua me k\u00ebrcenim se n\u00ebse me provokojn\u00eb serb\u00ebt do t\u00eb p\u00ebrdori arm\u00ebt kund\u00ebr tyre. Po ashtu n\u00eb mesin tone kishte njer\u00ebz q\u00eb kishin punuar me serb gjersa kishte hyr KFOR-i dhe tani\u201d punonin\u201d ne sh\u00ebrbimin policor t\u00eb Kosov\u00ebs,kishte femra police q\u00eb kishin ardhur edhe nga rrug\u00ebt e prostitucionit k\u00ebrkoj, falje nga ato police q\u00eb e meritojn\u00eb me mbajt uniformen e shtetit t\u00eb Kosov\u00ebs.<\/p>\n<p>Edhe sot ka te atill\u00eb, kan\u00eb qen\u00eb shum\u00eb t\u00eb d\u00ebmsh\u00ebm servilet sidomos stafi i epror\u00ebve ndaj t\u00eb huajve dhe se fjala e tyre madhore ishte gjithmon\u00eb t\u00eb thoshin &#8220;OKEJ&#8221;edhe kurr\u00eb n\u00eb fjalorin e tyre nuk ishte d\u00ebgjuar fjala\u201dNO\u201d. Injoranca shkonte gjer aty sa q\u00eb na ndaluan me komunikua dhe mu shoq\u00ebrua me pjes\u00ebtar t\u00eb TMK-se? Un\u00eb duke i par\u00eb k\u00ebto dukuri negative shum\u00eb shpejt rash\u00eb n\u00eb konflikt me sh\u00ebrbimet e huaja sekrete qe disa punonin kund\u00ebr Kosov\u00ebs. Ata kishin synim q\u00eb ne polic\u00ebt e Kosov\u00ebs ta luanim vet\u00ebm rolin e ndonj\u00eb sh\u00ebrb\u00ebtori, postieri apo spiuni.<\/p>\n<p>Nga q\u00ebndrimet e mia t\u00eb pa p\u00ebrkulshme,si revanshiz\u00ebm pasi kisha dhan\u00eb me shkrim nj\u00eb analiz\u00eb se si do t\u00eb vijn\u00eb ngjarjet n\u00eb t\u00eb ardhmen dhe q\u00eb dol\u00ebn t\u00eb sakta t\u00eb gjitha ato paralajm\u00ebrime,dhe pasi insistova n\u00eb arrestimin e v\u00ebllait t\u00eb nj\u00eb lideri politik p\u00ebr shkaqe kriminaliteti dhe keqp\u00ebrdorimi, prezenca ime u b\u00eb e rrezikshme p\u00ebr disa qarqe te huaja dhe vendore dhe nj\u00eb m\u00ebngjes n\u00eb ora kat\u00ebr erdh\u00ebn n\u00eb sht\u00ebpi ku flija me f\u00ebmij\u00ebt, me motiv kinse kontroll p\u00ebr arm\u00eb, nj\u00eb kontingjent i madh af\u00ebr 250 paramilitar\u00eb t\u00eb forcave speciale karabinier\u00eb me dhun\u00eb hyn\u00eb n\u00eb sht\u00ebpin\u00eb e prind\u00ebrve t\u00eb mi, si policia serbe ku i thyen dyert, dritaret dhe asistonin edhe me nj\u00eb helikopter, ku verbalisht ju thash se fashist\u00ebt kan\u00eb pas nj\u00eb nd\u00ebrhyrje ma t\u00eb but\u00eb sepse nuk kishte arsye as motiv me nd\u00ebrhy me forc\u00eb n\u00eb nj\u00eb familje me f\u00ebmij\u00eb t\u00eb vegj\u00ebl dhe rasti ka pas b\u00eb buj\u00eb n\u00eb mediet vendore, un\u00eb i kam pas njoftuar edhe qarqet vendore por askush kurr\u00eb nuk u p\u00ebrgjigje.<\/p>\n<p>Kur me arrestuan edhe mua kinse nj\u00eb v\u00ebllait tim Avniut iu gjet\u00ebn nj\u00eb kallashnikov un\u00eb iu thash v\u00ebllai i ka 31 vjet dhe ka qen\u00eb ushtar i U\u00c7K-s\u00eb dhe \u00e7ka ka te b\u00ebj\u00eb ai rast me mua, kur v\u00ebllai im nuk kishte krye krim ndaj askujt dhe se Kosova ishte plot arm\u00eb t\u00eb tilla, dhe v\u00ebllai kishte 31 vjet me ligj \u00e7do kush p\u00ebrgjigjet p\u00ebr veti. Por presioni vinte nga sh\u00ebrbimi informativ italian dhe tentonin q\u00eb t\u00eb jam \u201cbylbyl\u201d i tyre sidomos shum\u00eb ju interesonte puna ime para se te b\u00ebhesha polic, sepse kisha punuar n\u00eb funksione t\u00eb ndjeshme dhe kisha shum\u00eb informacione si pjes\u00ebtar i G2, U\u00c7K, TMK, MRP, SHIK dhe SHPK, ju interesonin sidomos dosjet ku ishin dhe t&#8217;i merrnin dhe pasi nuk ju shkova p\u00ebr shtati \u00ebsht\u00eb interesant kur major Kosta, krye shef i inteligjenc\u00ebs ushtarake italiane me thot\u00eb hapur se do t\u00eb arrestoja edhe n\u00ebse vet\u00ebm nj\u00eb thik\u00eb kuzhine ta gjenim t\u00eb ju.<\/p>\n<p>Ne kishim nj\u00eb p\u00ebrballje me realitetin n\u00eb Kosov\u00eb, k\u00ebshtu q\u00eb atyre as politik\u00ebs q\u00eb udh\u00ebheqin disa forca nuk iu konvenonte t\u00eb zbardhen gj\u00ebrat , nga ky far sh\u00ebrbimi mu afrua edhe posti i komandantit t\u00eb nj\u00eb stacioni n\u00eb jug t\u00eb Prishtin\u00ebs por nuk pranova t\u00eb jem\u201d kanarin\u00eb\u201d e askujt sikur shum\u00eb t\u00eb tjer\u00eb duke reaguar se nuk i n\u00ebnshtrohem edhe nj\u00eb here \u00e7izmes s\u00eb huaj ne i kishim konsideruar miq e jo okupues t\u00eb rinj t\u00eb Kosov\u00ebs. K\u00ebto ngjarje kan\u00eb qen\u00eb n\u00eb shtyp t\u00eb shkruara por pas tri dite u shpalla i lir\u00eb i pafajsh\u00ebm nga gjykata.<br \/>\n<em>Zoti Naim a u kthyet ju n\u00eb polici prap\u00eb n\u00eb pun\u00eb ?<br \/>\n<\/em>Jo n\u00eb polici nuk m\u00eb lejuan q\u00eb te kthehem kurr\u00eb nj\u00eb forc\u00eb anti shqiptare e ndihmuar nga nj\u00eb fraksion vendor n\u00eb polici mbante \u00e7\u00ebshtjen e mbyllur edhe pse faktet tregonin krejt di\u00e7ka tjet\u00ebr dhe jam i vetmi ne policin\u00eb e Kosov\u00ebs qe \u00ebsht\u00eb largu si i pa p\u00ebrshtatsh\u00ebm dhe i vetmi q\u00eb kurr\u00eb nuk mu \u00ebsht\u00eb lejua t\u00eb paraqitem para komisionit hetues as q\u00eb t\u00eb hapet dosja ime,dhe p\u00ebr k\u00ebt\u00eb pun\u00eb e kam njoftua si kryeministrin Tha\u00e7i si Sheremet Ahmetin por nuk kan\u00eb pas koh\u00eb ose s&#8217;kan\u00eb pas vullnet me u marr\u00eb me k\u00ebt\u00eb \u00e7\u00ebshtje, ky i fundit e di se \u00ebsht\u00eb i dob\u00ebt dhe se shpejti dot dal n\u00eb\u201d aut\u201d sepse \u00ebsht\u00eb konsumuar tep\u00ebr por nj\u00eb dit\u00eb do t\u00eb dalin arsyet e v\u00ebrteta n\u00eb shesh pse jam largu nga policia. Mund ta ftoj publikisht kryeministrin, le t\u00eb b\u00ebjn\u00eb nj\u00eb hetim korrekt zyrtar n\u00eb polici rreth k\u00ebtij rasti, mandej do t\u00eb shihet ku \u00ebsht\u00eb problemi dhe pengesa, edhe gazetar\u00ebt q\u00eb jan\u00eb marr\u00eb me hulumtimin e rastit jan\u00eb k\u00ebrc\u00ebnuare nga sh\u00ebrbimet e huaja sekrete n\u00eb policin e UNMIK-ut.<br \/>\n<em>Pasi jemi n\u00eb nj\u00eb bised\u00eb shum\u00eb te nxeht\u00eb t\u00eb pa drejt\u00ebsive n\u00eb Kosov\u00eb na flisni di\u00e7ka p\u00ebr rastin e afer\u00ebs Bllaca q\u00eb ka tensionuar mjaft gjendjen politike n\u00eb Kosov\u00eb, ju keni pas qasje n\u00eb ShIK pas luft\u00ebs dhe si G2 komenti i juaj?<\/em><\/p>\n<p><img decoding=\"async\" style=\"margin-left: 10px; margin-right: 10px; border: 0px;\" src=\"http:\/\/www.shkoder.net\/images\/fjala\/2010\/naim_miftari_manifestim.jpg\" border=\"0\" alt=\"Naim Miftari me nj\u00eb zyrtare te huaj n\u00eb nj\u00eb manifestim\" width=\"250\" align=\"left\" \/><br \/>\n<strong>Naim Miftari me nj\u00eb zyrtare te huaj n\u00eb nj\u00eb manifestim<\/strong><\/p>\n<p>Po gjat\u00eb QPK \u2013se, qeveria Tha\u00e7i kam ndihmuar Shikun pasi isha vet pjes\u00eb e tyre dhe rasti Bllaca \u00ebsht\u00eb aktual q\u00eb dy vite, ata njer\u00ebz q\u00eb p\u00ebrmenden aty i njoh te gjith\u00eb, p\u00ebr zotin Azem Sylen &#8220;daj\u00ebn&#8221; kam nj\u00eb respekt t\u00eb ve\u00e7ant\u00eb. Azemi \u00ebsht\u00eb atdhetar, p\u00ebr tjer\u00ebt nuk kam ndonj\u00eb arsye t&#8217;i respektoj, tregimi \u00ebsht\u00eb i besuesh\u00ebm, un\u00eb kam qen\u00eb vet n\u00eb ato lojna e di se ka shum\u00eb te v\u00ebrteta dhe se aty jan\u00eb zi shum\u00eb gj\u00ebra t\u00eb d\u00ebmshme&#8230;<br \/>\nMe shuarjen e QPK \u00ebsht\u00eb dashur q\u00eb edhe shik-u t\u00eb shuhet sikurse U\u00c7K-ja dhe ai sh\u00ebrbim ka ekzistua me miratimin e heshtur t\u00eb huajve por ka qen\u00eb i d\u00ebmsh\u00ebm p\u00ebr vendin dhe normal ka qen\u00eb instrument politik i \u00e7arqeve t\u00eb caktuara partiake. \u00cbsht\u00eb e v\u00ebrtet\u00eb q\u00eb pas luft\u00ebs jan\u00eb b\u00ebre disa vrasje t\u00eb r\u00ebnda q\u00eb nuk \u00ebsht\u00eb dashur t\u00eb b\u00ebhen si\u00e7 ishte rasti i Gjemail Mustaf\u00ebs,Maloku,Luci etj, z. Mustafa \u00ebsht\u00eb vrar\u00eb vet\u00ebm sepse e ka sjell z. Ibrahim Rugov\u00ebn n\u00eb Kosov\u00eb pas luft\u00ebs! Ishim n\u00eb ndjekjen e zbulimit n\u00eb at\u00eb rast por na kane krijuar shantazhe q\u00eb mos t\u00eb shkojm\u00eb n\u00eb ndjekjen e rastit p\u00ebr zbulim gjeja se \u00ebsht\u00eb kompetenc\u00eb e tjet\u00ebr kujt.<\/p>\n<p>Kurse vrasja e ud\u00ebbash\u00ebve, \u00ebsht\u00eb b\u00eb t\u00eb mbulohen gjurm\u00ebt e disa njer\u00ebzve q\u00eb sot jan\u00eb n\u00eb politik\u00eb dhe k\u00ebta ud\u00ebbash kan\u00eb dit\u00eb di\u00e7ka \u00e7ka publiku nuk dinte un\u00eb me nj\u00ebrin nga k\u00ebta ud\u00ebbash kam biseduar vet zyrtarisht pak dit para se t\u00eb vritej me nj\u00eb koleg timin Ferki Aliun nj\u00eb atdhetar te pa shoq dhe kemi m\u00ebsuar gj\u00ebra alarmuese dhe t\u00eb \u00e7uditshme shum\u00eb trondiste dhe nga ajo koh\u00eb jam zhg\u00ebnjyer shum\u00eb, por vjen koha q\u00eb t\u00eb tregohen ato gjera por jo sot dhe nuk \u00ebsht\u00eb vet\u00ebm nj\u00eb rast apo nj\u00eb njeri shum\u00eb kemi p\u00ebr t\u00eb th\u00ebn\u00eb dhe nj\u00eb dit\u00eb kur t\u00eb vjen koha do t\u00eb paraqesim te gjitha pran njer\u00ebzve qe nuk kursyen as kok\u00ebn p\u00ebr k\u00ebt\u00eb vend.<br \/>\n<em>Sipas jush afera Bllaca ka p\u00ebrfunduar apo jan\u00eb hetime q\u00eb duhet t\u00eb shkojn\u00eb drejt zgjidhjes ?<br \/>\n<\/em>Afera Bllaca nuk do te zgjidhet kurr\u00eb, se po te shkoj deri n\u00eb fund kjo afer\u00eb duhet me dh\u00ebne p\u00ebrgjegj\u00ebsi organet e UNMIK-ut dhe nd\u00ebrkomb\u00ebtar\u00ebt, sepse ato kan\u00eb pas p\u00ebrgjegj\u00ebsin\u00eb dhe forc\u00ebn n\u00eb dor\u00eb a personalisht jam i bindur se Azem Syla nuk mund t\u00eb bien ne at\u00eb nivel, n\u00ebse p\u00ebrgjigjen do te p\u00ebrgjigjen disa njer\u00ebz t\u00eb pa r\u00ebnd\u00ebsish\u00ebm si\u00e7 ndodh,\u00e7do her\u00eb, por sipas mendimit dhe dijenis\u00eb time fajtor\u00ebt jan\u00eb shum\u00eb ma lart se k\u00ebta njer\u00ebz, ne i dim\u00eb mir\u00eb kush jan\u00eb dhe \u00e7\u2019far gjurm\u00ebsh \u00ebsht\u00eb tentuar t\u00eb mbulohet me vrasje!<br \/>\n<em>Ndonj\u00eb shembull konkret t\u00eb keqp\u00ebrdorimeve nd\u00ebrkomb\u00ebtare ?<\/em><br \/>\nPo ka sa t\u00eb duash se pari rezoluta 1244, nd\u00ebr nenet e para ka qen\u00eb sjellja e demokracis\u00eb dhe zhvillimit ekonomik se \u00e7far\u00eb demokracie na vendos\u00ebn e pam\u00eb, se sa na zhvilluan ekonomin\u00eb e pam\u00eb edhe at\u00eb pune, nd\u00ebrkomb\u00ebtar\u00ebt jan\u00eb ata q\u00eb ndihmuan q\u00eb krimi i organizuar t\u00eb futet n\u00eb politik\u00eb.<\/p>\n<p>Pastaj terrori, droga, vrasjet, prostitucioni,nuk kan\u00eb qen\u00eb n\u00eb kultur\u00ebn shqiptare me par\u00eb, po m\u00eb kujtohet vjedhja e pes\u00eb milion eurosh nga nj\u00eb zyrtar gjermane n\u00eb Elektro-Kosov\u00eb dhe humbi pa gjurm\u00eb ku parlamenti dhe qeveria e Kosov\u00ebs nuk reaguan fare, populli u revoltua ,pes\u00eb milion euro d.m.th \u00e7do qytetar i Kosov\u00ebs u vodh nga 2,5 euro nga nj\u00eb hajn zyrtar q\u00eb ka ardhur me na &#8220;ndihmua&#8221; a shum\u00eb familje nuk kan\u00eb as buk\u00eb p\u00ebr f\u00ebmij\u00ebt e vet sa qe n\u00eb baz\u00eb te k\u00ebsaj skamje jan\u00eb duke u shpeshtuar edhe vet\u00ebvrasjet apo edhe ikja dhe boshatisja e Kosov\u00ebs nga qytetar\u00ebt e vet pa dokumente ku si pasoje vdesin n\u00ebp\u00ebr lumenjt\u00eb e Evrop\u00ebs vet\u00ebm me muajt me sigurua nj\u00eb kafshat\u00eb buk\u00eb p\u00ebr f\u00ebmij\u00ebt e vet !<br \/>\n<em>Reagimet e Eulexsit p\u00ebr paraqitjen e ushtar\u00ebve tan\u00eb me arm\u00eb publikisht n\u00eb nj\u00eb manifestim k\u00ebto dit\u00eb n\u00eb Kosov\u00eb a mundet t\u00eb konsiderohet si pa p\u00ebrgjegj\u00ebsi e Euleksit, kur ne jemi njohur si shtet dhe an\u00ebn tjet\u00ebr ata bien n\u00eb kund\u00ebrshtim me vet\u00ebn e vet kur nuk po ta njeh ushtrin\u00eb, sovranitetin e vendit etj?<\/em><br \/>\nShum\u00eb me vend \u00ebsht\u00eb konstatimi i juaj se kur t\u00eb njeh si shtet ai duhet te njeh me t\u00eb gjitha,por k\u00ebtu edhe na kane njohur edhe nuk zbatohet n\u00eb praktik\u00eb.<br \/>\n<em>A reagohet ndonj\u00ebher\u00eb nga Parlamenti dhe Qeveria e Kosov\u00ebs ky dhe t\u00eb ngjashme demonstrime provokuese t\u00eb Unmikut apo Eulexsit ndaj interesave elementare q\u00eb duhet ti ket\u00eb nj\u00eb shtet?<\/em><br \/>\nAta jan\u00eb n\u00eb hall p\u00ebr xhepat e vet dhe karriget me i nx\u00ebn\u00eb sa ma te buta dhe me b\u00ebr\u00eb zgjedhje sa ma shpesh dhe p\u00ebrpiqen t\u00eb b\u00ebhen ur\u00eb dhe te d\u00ebgjuesh\u00ebm ndaj te huajve!&#8230;<\/p>\n<p><em>Zgjedhjet n\u00eb Kosov\u00eb u b\u00ebn\u00eb shum\u00eb banale dhe t\u00eb m\u00ebrzitshme q\u00eb popullit i kushtuan shum\u00eb dhe moralin e popullit po e cenojn\u00eb me to ku ne shtetin gjerman me 80 milion,si shembull zgjedhjet u kryen vet\u00ebm p\u00ebr 24 or\u00eb e n\u00eb Kosov\u00eb zgjat\u00ebn edhe 4 muaj e nuk dihet a mund t&#8217;i p\u00ebrfundojn\u00eb akoma?<\/em><br \/>\nN\u00eb ato zgjedhje ka manipulime ku u b\u00ebn\u00eb objekt qesharak p\u00ebr bot\u00ebn, jan\u00eb p\u00ebr t&#8217;u gjykuar v\u00ebrtet.<br \/>\n<em>Po lufta e U\u00c7K-s\u00eb ishte nj\u00eb luft\u00eb e drejt dhe e shenjt\u00eb p\u00ebr Kosov\u00ebn ,si u trajtua t\u00eb forcat politike ?<\/em><br \/>\nUshtria \u00e7lirimtare e Kosov\u00ebs u keqp\u00ebrdor dhe u mashtrua qysh n\u00eb fillim dhe me t\u00eb u b\u00eb loj\u00eb edhe nga forcat politike t\u00eb Kosov\u00ebs edhe nga t\u00eb huajt q\u00eb vet\u00ebm n\u00eb Kosov\u00eb ndodhi q\u00eb njer\u00ebzit \u00e7lirimtar t\u00eb mbesin spektator pas p\u00ebrfundimit t\u00eb luft\u00ebs. Qarqe t\u00eb caktuara e keqp\u00ebrdoren emblem\u00ebn e U\u00c7K-s\u00eb dhe te gjitha k\u00ebto kan\u00eb qen\u00eb t\u00eb orkestruara nga sh\u00ebrbimet sekrete nd\u00ebrkomb\u00ebtare por edhe serbe dhe sh\u00ebrbimet sekrete vendore e kan\u00eb injoruar luft\u00ebn dhe njer\u00ebzit e U\u00c7K-s\u00eb pas luft\u00ebs. Forcat politike pran\u00eb Ibrahim Rugov\u00ebs, q\u00eb u thirren n\u00eb nj\u00eb organizat\u00eb kinse paq\u00ebsore dhe disa lider\u00eb politik\u00eb t\u00eb vet-shpallur te shtabit te p\u00ebrgjithsh\u00ebm t\u00eb U\u00c7K-s\u00eb kan\u00eb p\u00ebrfituar para dhe fuqi me k\u00ebto lojna dhe posht\u00ebrime, q\u00eb iu kan\u00eb b\u00ebr\u00eb \u00e7lirimtareve dhe popullit ton\u00eb pas luft\u00ebs.<br \/>\n<em>Po t\u00eb burgosurit politik a mendoni se jan\u00eb l\u00ebn\u00eb anash pasi un\u00eb vet jam ish i burgosur politik dhe mendoj se jan\u00eb injoruar dhe p\u00ebrdoren vet\u00ebm si emra dekorativ sot k\u00ebta njer\u00ebz q\u00eb ishin si z\u00ebdh\u00ebn\u00ebs p\u00ebr rr\u00ebnimin e ish sistemit komunist n\u00eb ish Jugosllavi dhe t\u00eb par\u00ebt n\u00eb Evrop\u00eb?<br \/>\n<\/em>Shum\u00eb jan\u00eb anashkaluar dhe ju kan\u00eb hyr\u00eb n\u00eb hak se po mos t\u00eb ishin k\u00ebta t\u00eb burgosur politik nuk kishte fare me u realizuar internacionalizimi nd\u00ebrkomb\u00ebtar i Kosov\u00ebs deri k\u00ebtu q\u00eb kemi ardhur sot .Duke u mb\u00ebshtetur n\u00eb aktivitetin e t\u00eb burgosurve politik u formua edhe U\u00c7K-ja po sot nuk mund ti gjesh as ne funksione q\u00eb e kan\u00eb merituar n\u00eb p\u00ebrjashtim t\u00eb tre kat\u00ebr vetave qe jan\u00eb te d\u00ebgjuesh\u00ebm ose veprojn\u00eb me imponime t\u00eb ndonj\u00eb partie politike.<br \/>\n<em>Ju zot\u00ebri po me nxisni qe t&#8217;ju shtroj edhe nj\u00eb pyetje lidhur me ngjarjet e 81-shit ishin si ngjarje t\u00eb organizuara t\u00eb studenteve , profesor\u00ebve dhe intelektualeve q\u00eb edhe pas tyre i cil\u00ebsuan si kund\u00ebrrevolucionare edhe nga vet faktori shqiptar p\u00ebr t\u00eb huajt mos te flasim ,por edhe sot e k\u00ebsaj dite disa qarqe dhe grupe &#8220;shqiptaresh&#8221; t\u00eb Kosov\u00ebs pa kurrfar\u00eb presioni i quajn\u00eb si te dyshimta komenti i juaj?<\/em><br \/>\nNgjarjet e viteve 81 ishin shum\u00eb me r\u00ebnd\u00ebsi q\u00eb ishin edhe ngjarjet e para ne Evrope kund\u00ebr komunizmit, k\u00ebto ngjarje ishin alfabeti i liris\u00eb q\u00eb pa to nuk mund te kishim shkuar ma tutje drejt zgjidhjes se \u00e7\u00ebshtjes s\u00eb Kosov\u00ebs. Pa ato ngjarje dhe pa te burgosurit politik nuk kishte me qene sot Kosova q\u00eb \u00ebsht\u00eb, po disa shqiptar\u00eb q\u00eb nuk jan\u00eb trazuar asnj\u00eb her\u00eb nga okupatori serb, normal q\u00eb i vler\u00ebson si negative k\u00ebto ngjarje t\u00eb 81-shit.<br \/>\n<em>Nj\u00eb pyetje tjet\u00ebr p\u00ebr ekonomin\u00eb e Kosov\u00ebs si e trajtoni ju politik\u00ebn e udh\u00ebhequr n\u00eb menaxhimin e ekonomis\u00eb s\u00eb Kosov\u00ebs, ku ka shum\u00eb biznesmen te huaj dhe shqiptar q\u00eb kan\u00eb ardhur t\u00eb investojn\u00eb k\u00ebtu, por qysh n\u00eb fillim kan\u00eb ngelur n\u00eb barrikadat e ndryshme burokratike dhe korrupsion?<br \/>\n<\/em>Prej fillimit n\u00eb ekonomi ka shkuar nj\u00eb organizim i dob\u00ebt, u menaxhua dob\u00ebt, ju shit pasuria, jo q\u00eb hapen ndonj\u00eb vend pune por edhe at\u00eb qe e pat\u00ebn populli ja humben, u pasuruan vet\u00ebm ata qe kishin mb\u00ebshtetje politike .Si rasti konkret,ministri Ahmet Shala ka b\u00ebr\u00eb nj\u00eb terror t\u00eb pa par\u00eb sa ka qen\u00eb n\u00eb AKM dhe sot minist\u00ebr i ekonomis\u00eb e ka shkall\u00ebzuar drejt rr\u00ebnimit ekonomin\u00eb e Kosov\u00ebs dhe pron\u00ebn ton\u00eb por si lojtar politik, e ka luajtur rolin e vet, i cili shpresoj se s\u00eb shpejti do te p\u00ebrgjigjet para drejt\u00ebsis\u00eb p\u00ebr keqp\u00ebrdorim t\u00eb pozit\u00ebs zyrtare por n\u00eb Kosov\u00eb ka shum\u00eb te atill\u00eb.<\/p>\n<p>Nj\u00eb num\u00ebr i vog\u00ebl \u00ebsht\u00eb pasuruar shum\u00eb, nd\u00ebrsa pun\u00ebtori, si ushtari, m\u00ebsuesi, mjeku, pensionisti etj mbet\u00ebn t\u00eb rrezikuar p\u00ebr nj\u00eb kafshat\u00eb buke. K\u00ebta qytetarin e kan\u00eb varf\u00ebruar skajshm\u00ebrisht ,un\u00eb njoh shum\u00eb firma t\u00eb huaja q\u00eb kan\u00eb dashur te investojn\u00eb k\u00ebtu por nuk kan\u00eb siguri sepse k\u00ebtu mungon nj\u00eb politik\u00eb zhvillimore ,p\u00ebr shembull nj\u00eb tender me fituar dikush as nj\u00ebher\u00eb nuk ka shans me marre pa i dh\u00ebn\u00eb 20 deri 30% te fitimit si dhurat\u00eb , tani e merr tenderin, un\u00eb e them me plot p\u00ebrgjegj\u00ebsi, t\u00eb cili do zyrtar apo minist\u00ebr po q\u00eb ti shkojm\u00eb procedur\u00ebs si duhet jan\u00eb t\u00eb prekur dhe e dim\u00eb se ka shum\u00eb raste te korrupsionit, por peshku i madh e han t\u00eb voglin.<br \/>\n<em>Sipas jush k\u00ebtu nuk sundon ligji, por korrupsioni, vrasja, hajnia e\u00a0mashtrimi ?<\/em><br \/>\nPo shihet qart\u00eb ku jemi me ekonomi dhe zhvillim, sot k\u00ebtu jan\u00eb vjedh miliarda euro dhe po vidhen edhe sot. Paret e AKM, pensionet jan\u00eb deponuar jasht\u00eb vendit, ku jan\u00eb dh\u00ebne me nj\u00eb interes 1% kurse bankat e huaja dhe bankat tona nj\u00eb qytetar kosovar \u00ebsht\u00eb i detyruar t\u00eb paguaj interesin 15% e ma tep\u00ebr, \u00ebsht\u00eb kjo hajni dikush vjel\u00eb pare t\u00eb majme p\u00ebr ato para t\u00eb Kosov\u00ebs dhe ato p\u00ebrfundojn\u00eb ne xhep t\u00eb ndonj\u00eb ministri apo ma lart por nuk shkojn\u00eb ne buxhet t\u00eb Kosov\u00ebs. Merreni si shembull KEK-un miliarda euro jan\u00eb dh\u00ebne, por ku jan\u00eb sot prap\u00eb se prap\u00eb kem terr n\u00eb Kosov\u00eb.<br \/>\n<em>Ju lut\u00ebm t\u00eb jeni ma konkret si i marrin k\u00ebto para k\u00ebta pas dore, nder tavolina, apo si?<\/em><br \/>\nK\u00ebto para ministrat qe jan\u00eb te futur ne k\u00ebto keqp\u00ebrdorime i marrin p\u00ebrmes mesit\u00ebve t\u00eb vet ose drejtp\u00ebrdrejt\u00eb, por shumic\u00ebn e pun\u00ebve t\u00eb ndyra i kryejn\u00eb me bashk\u00eb pun\u00ebtor t\u00eb vet s&#8217;\u00ebsht\u00eb kjo gj\u00eb sekret n\u00eb Kosov\u00eb sot. Ministrat q\u00eb kan\u00eb mase shumti para kan\u00eb korrupsion mase tep\u00ebrmi ky \u00ebsht\u00eb fakt sot n\u00eb Kosov\u00eb.<\/p>\n<p><em>Po p\u00ebr investitor\u00ebt shqiptar nga per\u00ebndimi ,a kane ndonj\u00eb privilegj n\u00eb krahasim me t\u00eb huajt kur shihet se nj\u00eb num\u00ebr i tyre kane interesa ta \u00e7ojn\u00eb vendin p\u00ebrpara?<\/em><br \/>\nMe keq ardhje ju them se ka manipulime gjithkund dhe pa parat e majme nuk mund te futet asnj\u00eb emigrant shqiptar k\u00ebtu n\u00eb treg dhe po t\u00eb mos ket\u00eb bisht politika \u00ebsht\u00eb e pamundur. Merreni me mend se \u00e7ka b\u00ebn\u00eb me Feronikelin ishin si konkurrent nj\u00eb shqiptar nga Shqip\u00ebria dhe nj\u00eb amerikan dhe kishin \u00e7mim shum\u00eb ma t\u00eb lart sesa Alferoni, k\u00ebta patriot\u00ebt tan\u00eb te AKM-se ja dhan\u00eb nj\u00eb firme ruse e cila ishte e regjistruar n\u00eb Lond\u00ebr ,Alferoni sot vjel nga Kosova jon e varf\u00ebr qindra miliona euro. Por krimi i organizuar \u00ebsht\u00eb duke u nxit q\u00eb nga dy pal\u00ebt edhe nga te huajt por edhe nga vendoret.<\/p>\n<p>Po p\u00ebr Feronikelin flitet se ngarkohen me 20-30 kamion\u00eb me auto-targa t\u00eb Serbis\u00eb dhe shkojn\u00eb jasht\u00eb vendit ku vlen t\u00eb p\u00ebrmendet se po te menaxhohet Feronikeli si xehe e ve\u00e7ant\u00eb n\u00eb Evrope do t\u00eb mbulonte interesat e Kosov\u00ebs p\u00ebr jete normale t\u00eb mbi 40% t\u00eb popullat\u00ebs.<br \/>\nE ceka ma lart k\u00ebtu jan\u00eb rust\u00eb q\u00eb pa pyetur NATO-ne e kan\u00eb pas okupua nj\u00eb pjes\u00eb t\u00eb mir\u00eb t\u00eb Kosov\u00ebs dhe nuk \u00ebsht\u00eb p\u00ebr \u00e7udi ajo se shkojn\u00eb p\u00ebr jasht\u00eb vendit kamion\u00ebt e vet\u00ebm t\u00eb Serbis\u00eb se dikush ju ka dh\u00ebne at\u00eb t\u00eb drejt, e ftoj publikun dhe gazetar\u00ebt ta v\u00ebrtetojn\u00eb k\u00ebt\u00eb t\u00eb dh\u00ebn\u00eb p\u00ebr k\u00ebt\u00eb ma se miri e din\u00eb t\u00eb AKM-ne Feronikeli \u00ebsht\u00eb nj\u00eb gjigant i rrall\u00eb n\u00eb bot\u00eb, \u00ebsht\u00eb nj\u00eb pasuri p\u00ebr Kosov\u00ebn, matrapaz\u00ebt nuk m\u00ebrziten q\u00eb p\u00ebson ekonomia e Kosov\u00ebs.<\/p>\n<p><em>Po zot\u00ebri Naim na sqaroni Trep\u00e7a nga kush menaxhohet sot q\u00eb dikur shtetet jugosllave jan\u00eb thirrur n\u00eb marr\u00ebveshje nd\u00ebrkomb\u00ebtare t\u00eb kontratave,q\u00eb e kishin si siguri apo garanci arin e Trep\u00e7\u00ebs q\u00eb n\u00ebn okupimin serb t\u00eb Kosov\u00ebs u n\u00ebnshkrua nj\u00eb marr\u00ebveshje me greket sa ishte Millosheviqi n\u00eb pushtet \u00e7ka ka ndodhur me te ?<\/em><br \/>\nTrep\u00e7a edhe sot e k\u00ebsaj dite ka mbetur pezull, pa u definuar ajo marr\u00ebveshje mir\u00eb nuk ka t\u00eb ardhme k\u00ebtu po heshtet edhe nga nd\u00ebrkomb\u00ebtaret edhe nga vendoret.<br \/>\n<em>Po me turizmin dim\u00ebror Kosova njihet me Brezovic\u00ebn, pozicioni i saj sot si nj\u00eb strategji p\u00ebr ket\u00eb l\u00ebmi?<\/em><br \/>\nEdhe ajo ka mbetur nen ndikimin e forcave paralele serbe dhe nuk mund te thuhet se qeveria apo strukturat politike t\u00eb Kosov\u00ebs jan\u00eb duke b\u00ebr\u00eb di\u00e7ka n\u00eb t\u00eb mir\u00eb dhe ndonj\u00eb investim nga buxheti i Kosov\u00ebs,n\u00eb Brezovic\u00eb pos kur nd\u00ebrtojn\u00eb vila p\u00ebr veti ja kur dalin vet me b\u00ebr\u00eb ndonj\u00eb pushim dim\u00ebror p\u00ebr veti pra Brezovic\u00ebn e ka n\u00eb dor\u00eb republika e Serbis\u00eb.<br \/>\n<em>A ka hara\u00e7 n\u00eb Kosov\u00eb nga grupet e caktuara dhe kush jan\u00eb ata?<\/em><br \/>\nPo ka hara\u00e7 dhe jan\u00eb disa grupe fillimisht jan\u00eb bandat qeveritare qe ta marrin kajmakun ve\u00e7 me fituar 20-30 %,tani ,dora e dyte vine disa grupe q\u00eb n\u00eb nj\u00eb far\u00eb m\u00ebnyre jan\u00eb grupe paralele ose te lidhur me pushtetin,p\u00ebr shembull paret me fajde jan\u00eb te d\u00ebnueshme n\u00eb vendet demokratike a k\u00ebtu i din pushteti se kush i jap dhe t\u00eb kujt jan\u00eb ato pare, kur do qoft\u00eb dhe kush do qoft\u00eb qe ka interes ta dij\u00eb se kush jan\u00eb, un\u00eb i japi me em\u00ebr e me mbiem\u00ebr se cil\u00ebt jan\u00eb ata dhe nga vin\u00eb ato p\u00ebr shembull para do dit\u00ebsh nj\u00eb firm\u00eb gjermane e vendosur n\u00eb Veterrnik t\u00eb Prishtin\u00ebs e quajtur MC, nj\u00eb firme e cila posedonte 320 pun\u00ebtor\u00eb po me nj\u00eb rast i kan\u00eb shkua nj\u00eb grup i caktuar, t\u00eb lidhur me strukturat t\u00eb njohura, p\u00ebr caktimin e nj\u00eb shume t\u00eb hara\u00e7it nga 70.000 euro, si kusht i pare nj\u00ebher\u00eb sa p\u00ebr fillim ose po ta vrasim drejtorin, po e kallim objektin,po eksplodonim etj,dhe ai i huaj \u00ebsht\u00eb detyruar me ik nga Kosova dhe po t\u00eb mos p\u00ebrziheshim ne ajo firm\u00eb u mbyllke dhe 320 pun\u00ebtor do te mbetshin pa pun\u00eb ky \u00ebsht\u00eb realitet sot n\u00eb Kosov\u00eb.<br \/>\n<em>\u00c7ka mendoni kush mund te nd\u00ebrroj k\u00ebt\u00eb pozite t\u00eb k\u00ebsaj gjendje aq te rend\u00eb n\u00eb Kosov\u00eb dhe a mund t&#8217;i rrahet tavolina t\u00eb huajt ne raste konkrete, kur \u00ebsht\u00eb interesi i yn\u00eb q\u00eb n\u00eb nj\u00eb m\u00ebnyr\u00eb jan\u00eb folkloriste t\u00eb k\u00ebsaj gjendje dhe k\u00ebta nj\u00eb dite duhet t\u00eb ik\u00ebn nga k\u00ebtu?<\/em><br \/>\nK\u00ebt\u00eb mundet vet\u00ebm nj\u00eb politik\u00eb radikale nacionale t\u00eb ndikoj ne nd\u00ebrrimin e k\u00ebsaj gjendje .Por p\u00ebr ti rrahur tavolin\u00ebn e dikujt, duhet te jen\u00eb t\u00eb past\u00ebr vet fillimisht se normal k\u00ebta jam njer\u00ebz qe rrojn\u00eb me rroga te majme k\u00ebtu, por ne duhet ta kemi vendin tone apozicional ne strukturat e shtetit.<br \/>\n<em>Po m\u00ebrgata shqiptare a \u00ebsht\u00eb e anashkaluar?<\/em><br \/>\nPo e ceka me lart nj\u00ebher\u00eb, po dhe pa lek e mb\u00ebshtetje politike mos ja m\u00ebsyni Kosov\u00ebs se do te zhg\u00ebnjeheni shum\u00eb keq.<br \/>\nJu si ish pjes\u00ebtar i G.2, TMK , MRP, shikut policis\u00eb dhe tani si hetues n\u00eb nj\u00eb organizat\u00eb joqeveritare q\u00eb e luftoni krimin dhe terrorizmin a kini d\u00ebshmi, dosje, fakte se me siguri ju punoni ne form\u00eb kolektive.<br \/>\nPo kem shum\u00eb dhe po ti publikonim te gjitha dosjet dhe argumentet qa i kem mbledh q\u00eb 15 vite do te kishte trazira t\u00eb papara dhe konflikte, ne nuk duam gjakderdhje, por koha i bien gj\u00ebrat n\u00eb vendin e vet populli ka tru, sy, dhe vesh po t\u00eb publikoheshin gj\u00ebrat shum\u00eb &#8220;patriot&#8221; tan\u00eb dhe njer\u00ebz nga politika qe sot vjellin zjarr p\u00ebr patriotiz\u00ebm nuk dot kishte vend p\u00ebr ta n\u00eb Kosov\u00eb.<br \/>\n<em>Po pse nuk ja dozoni drejt\u00ebsis\u00eb vendore apo t\u00eb Eulexsit q\u00eb po thon\u00eb se jemi t\u00eb p\u00ebrpikt\u00eb dhe t\u00eb vendosur q\u00eb t\u00eb sundoj ligji dhe drejt\u00ebsia ato materiale nga lufta dhe pas luft\u00ebs ?<\/em><br \/>\nCil\u00ebs drejt\u00ebsi, cilit Eulex, po ata jan\u00eb aty ve\u00e7 ndonj\u00eb ish ushtar t\u00eb U\u00c7K-s\u00eb me d\u00ebnua ja dhe ndonj\u00eb fukara ose ndonj\u00eb rojtar komune qe korruptohet p\u00ebr 20 euro EULEX-se dhe UNMIK-un e dallojn\u00eb vet\u00ebm emrat,sepse \u00ebsht\u00eb e nj\u00ebjta strukture q\u00eb ka qen\u00eb n\u00eb UNMIK, ata nuk guxojn\u00eb krimin e organizuar me luftuar se disa jan\u00eb edhe vet te implikuar ne krime dhe hajni .P\u00ebr krer\u00ebt e krimit te organizuar nuk ekziston ligji, sepse ata jan\u00eb vet ligj dhe me gjith\u00eb zotimet EULEX p\u00ebr ligje nuk do t\u00eb ken\u00eb suksese se as vet nuk jan\u00eb t\u00eb interesuar t\u00eb zbardhen rastet dhe te d\u00ebnohet krimi i organizuar p\u00ebr t\u00eb cilin e ceku edhe nj\u00ebher\u00eb \u00ebsht\u00eb i ky\u00e7ur n\u00eb politik\u00eb.<br \/>\n<em>Ku \u00ebsht\u00eb policia e Kosov\u00ebs drejt\u00ebsia sot dhe ushtria e Kosov\u00ebs?<\/em><br \/>\nPolicia e Kosov\u00ebs dhe drejt\u00ebsia s\u00eb pari duhet t\u00eb zhvishet nga ndikimet politike dhe elemente kriminale q\u00eb i kan\u00eb brenda veti dhe ta ken\u00eb nj\u00eb standard t\u00eb mir\u00eb ekonomik,mandej munden me qen\u00eb shum\u00eb efikas sepse ka potencial me qen\u00eb policia ma e suksesshme e rajonit por polici i uritur p\u00ebr buk\u00eb nuk mund t\u00eb jet\u00eb polic i drejt, ase gjyqtar e prokuror. Kurse sa p\u00ebr ushtri t\u00eb Kosov\u00ebs, Kosova nuk ka ushtri as TMK nuk ka qen\u00eb por as FSK nuk jan\u00eb ushtri po forc\u00eb civile,ushtrin\u00eb e kem pas U\u00c7K-n\u00eb por vet e kemi shp\u00ebrb\u00ebr\u00eb sa p\u00ebr shembull Serbia sot ka m\u00eb shum\u00eb tanke aktive sesa pjes\u00ebtar qe ka sot FSK t\u00eb cil\u00ebt jan\u00eb t\u00eb pajisur me armatim t\u00eb let\u00eb ose armatim q\u00eb n\u00eb luft\u00ebrat e shekullit 21 thirren armatim i gjuetar\u00ebve ,ushtria ka tjet\u00ebr synim tjet\u00ebr destinim .Sa p\u00ebr ilustrim Serbia vet\u00ebm qe ta blej nj\u00eb eskadril\u00eb avijonesh lufte ka nda mbi nj\u00eb miliard euro.<br \/>\n<em>Po afera e vjedhjeve ne polici si e komentoni at\u00eb ngjarje q\u00eb \u00ebsht\u00eb shum\u00eb irituese q\u00eb ne i kemi vendos\u00eb aty me ruajt e jo me na e vjedhur ?!<\/em><br \/>\nSe pari vjedhja nuk \u00ebsht\u00eb b\u00ebr\u00eb nga policet e Kosov\u00ebs dhe vjedhja nuk \u00ebsht\u00eb b\u00ebr\u00eb n\u00eb at\u00eb koh\u00eb kur ka shp\u00ebrthye skandali por shum\u00eb koh\u00eb ma par\u00eb mund t\u00eb ket\u00eb ndonj\u00eb individ vendor por \u00ebsht\u00eb marr nga dora e huaj jo e policis\u00eb s\u00eb Kosov\u00ebs dhe \u00ebsht\u00eb marr me disa etapa dhe ka p\u00ebrfundua jasht\u00eb Ballkanit. Un\u00eb kam punuar n\u00eb polici e di aty ka shum\u00eb djem te mir\u00eb, aty qe jet\u00ebn e rrezikojn\u00eb \u00e7do dit p\u00ebr t\u00eb mir\u00ebn e vendit ton\u00eb. Ndodhit\u00eb negative b\u00ebhen nga individ jo nga policia e Kosov\u00ebs, kurse do afera iu kan\u00eb servuar nga nd\u00ebrkomb\u00ebtar\u00ebt.<br \/>\nPo l\u00ebvizja vet\u00ebvendosja \u00e7\u2019fare mendimi keni p\u00ebr ta? Aty kam shum\u00eb miq dhe \u00ebsht\u00eb opozita e vetme s\u00eb bashku me disa forca tjera sot p\u00ebr sot n\u00eb Kosov\u00eb, por prap\u00eb jan\u00eb opozit\u00eb dhe nuk kane mund\u00ebsi p\u00ebr ma shum\u00eb a n\u00eb te gjitha gjerat kane t\u00eb drejt, \u00e7ka thoin por nuk di se ku do t\u00eb gjinden po u fut\u00ebn n\u00eb politik\u00eb se aty duhet t\u00eb jen\u00eb ur\u00eb e dikujt tjet\u00ebr.<br \/>\n<em>Ku jan\u00eb familjet e d\u00ebshmove, veteran\u00ebt, invalid\u00ebt e luft\u00ebs sot dhe shoqatat e luft\u00ebs ?<br \/>\n<\/em>Fatkeq\u00ebsisht jan\u00eb pjesa ma e harruar e shoq\u00ebris\u00eb, pjesa ma e varf\u00ebr n\u00eb Kosov\u00ebn e varf\u00ebr dhe p\u00ebrmenden vet\u00ebm p\u00ebr makijazh politik sot sidomos kur jan\u00eb zgjedhjet af\u00ebr .Dhe po t\u00eb pyetsha un\u00eb si d\u00ebshmor\u00eb, do ti futesha t\u00eb gjith\u00eb polic\u00ebt e vrar\u00eb pas luft\u00ebs n\u00eb Kosov\u00eb sepse edhe ata kan\u00eb vdekur p\u00ebr shtetin e Kosov\u00ebs . Sa p\u00ebr shoqata kan\u00eb ndihmua sa kan\u00eb pas mund\u00ebsi ka pas keqp\u00ebrdorime edhe aty shum\u00eb dhe te gjitha jan\u00eb n\u00ebn kontrollime dhe t\u00eb varura politikisht, pra nuk e kan\u00eb as forc\u00ebn as guximin q\u00eb ta mbrojn\u00eb me \u00e7\u2019do kusht, d\u00ebshmorin, familjar\u00ebt e tyre invalidin dhe veteranin e luft\u00ebs.<br \/>\n<em>A keni ndonj\u00eb droj\u00eb apo ndonj\u00eb frik\u00eb p\u00ebr nj\u00eb intervist\u00eb q\u00eb mund te cil\u00ebsohet nd\u00ebr ma te nxehtat e koh\u00ebs?<\/em><\/p>\n<p>Jo as nga kjo, as n\u00eb t\u00eb ardhmen jo, tjet\u00ebr kush duhet t\u00eb frikohet, drejt\u00ebsia del dikur n\u00eb shesh, kurse \u00e7do njeri q\u00eb mund te sjell kund\u00ebr argument, le t\u00eb m\u00eb denoncojn\u00eb pran organeve kompetente,ose publikisht le t\u00eb m\u00eb kund\u00ebrshtojn\u00eb pastaj ju tregoj se kush jan\u00eb dhe \u00e7ka ka akoma shum\u00eb gj\u00ebra t\u00eb liga mbi supet e tyre , se gjaku i d\u00ebshmoreve dhe djersa e popullit do ti vras ata q\u00eb cenojn\u00eb identitetin dhe vler\u00ebn e popullit liridash\u00ebs q\u00eb aq shum\u00eb dha prej vetes t\u00eb del nj\u00ebher\u00eb n\u00eb drit\u00eb.<br \/>\n<em>P\u00ebr fund a keni ndonj\u00eb porosi apo t\u00eb shtoni di\u00e7ka ?<\/em><br \/>\nZoti Dibrani ju fal\u00ebnderoj p\u00ebrzem\u00ebrsisht juve dhe i p\u00ebrsh\u00ebndes te gjith\u00eb lexuesit q\u00eb kan\u00eb mund\u00ebsi ta lexojn\u00eb k\u00ebt\u00eb intervist\u00eb me informata te hidhura por realitet i pad\u00ebshiruesh\u00ebm p\u00ebr neve q\u00eb duam ta nd\u00ebrtojm\u00eb shtetin ton\u00eb t\u00eb Kosov\u00ebs.<br \/>\nIntervistoi: Asllan Dibrani Prishtin\u00eb Mars 2010<\/p>\n","protected":false},"excerpt":{"rendered":"<p>Intervistoi Asllan Dibrani Intervist\u00eb me Naim Miftarin ish epror i lart\u00eb i inteligjenc\u00ebs G2 ne U\u00c7K, inspektor i lart\u00eb n\u00eb MRP n\u00eb qeverin\u00eb e p\u00ebrkohshme Tha\u00e7i, po ashtu polic i ShPK-s\u00eb pjes\u00ebtar i Shik-ut dhe tani me pun\u00eb ne OJQ qendra e studimeve t\u00eb luft\u00ebs kund\u00ebr krimit te organizuar dhe terrorizmit me seli n\u00eb Prishtin\u00eb [&hellip;]<\/p>\n","protected":false},"author":1,"featured_media":0,"comment_status":"open","ping_status":"closed","sticky":false,"template":"","format":"standard","meta":{"footnotes":""},"categories":[4],"tags":[],"class_list":{"0":"post-2643","1":"post","2":"type-post","3":"status-publish","4":"format-standard","6":"category-intervista"},"yoast_head":"<!-- This site is optimized with the Yoast SEO plugin v27.4 - https:\/\/yoast.com\/product\/yoast-seo-wordpress\/ -->\n<title>Intervist\u00eb me Naim Miftarin hetues i luft\u00ebs kund\u00ebr terrorizmit dhe krimit t\u00eb organizuar n\u00eb Kosov\u00eb dhe rajon - FjALA e LIR\u00cb - Arkivi<\/title>\n<meta name=\"robots\" content=\"index, follow, max-snippet:-1, max-image-preview:large, max-video-preview:-1\" \/>\n<link rel=\"canonical\" href=\"https:\/\/fjala.info\/2009-2015\/interviste-me-naim-miftarin-hetues-i-luftes-kunder-terrorizmit-dhe-krimit-te-organizuar-ne-kosove-dhe-rajon\/\" \/>\n<meta property=\"og:locale\" content=\"sq_AL\" \/>\n<meta property=\"og:type\" content=\"article\" \/>\n<meta property=\"og:title\" content=\"Intervist\u00eb me Naim Miftarin hetues i luft\u00ebs kund\u00ebr terrorizmit dhe krimit t\u00eb organizuar n\u00eb Kosov\u00eb dhe rajon - FjALA e LIR\u00cb - Arkivi\" \/>\n<meta property=\"og:description\" content=\"Intervistoi Asllan Dibrani Intervist\u00eb me Naim Miftarin ish epror i lart\u00eb i inteligjenc\u00ebs G2 ne U\u00c7K, inspektor i lart\u00eb n\u00eb MRP n\u00eb qeverin\u00eb e p\u00ebrkohshme Tha\u00e7i, po ashtu polic i ShPK-s\u00eb pjes\u00ebtar i Shik-ut dhe tani me pun\u00eb ne OJQ qendra e studimeve t\u00eb luft\u00ebs kund\u00ebr krimit te organizuar dhe terrorizmit me seli n\u00eb Prishtin\u00eb [&hellip;]\" \/>\n<meta property=\"og:url\" content=\"https:\/\/fjala.info\/2009-2015\/interviste-me-naim-miftarin-hetues-i-luftes-kunder-terrorizmit-dhe-krimit-te-organizuar-ne-kosove-dhe-rajon\/\" \/>\n<meta property=\"og:site_name\" content=\"FjALA e LIR\u00cb - Arkivi\" \/>\n<meta property=\"article:published_time\" content=\"2010-05-14T14:49:39+00:00\" \/>\n<meta property=\"og:image\" content=\"http:\/\/www.shkoder.net\/images\/fjala\/asllan_dibrani.jpg\" \/>\n<meta name=\"author\" content=\"admin\" \/>\n<meta name=\"twitter:card\" content=\"summary_large_image\" \/>\n<meta name=\"twitter:label1\" content=\"Written by\" \/>\n\t<meta name=\"twitter:data1\" content=\"admin\" \/>\n\t<meta name=\"twitter:label2\" content=\"Est. reading time\" \/>\n\t<meta name=\"twitter:data2\" content=\"46 minutes\" \/>\n<script type=\"application\/ld+json\" class=\"yoast-schema-graph\">{\"@context\":\"https:\\\/\\\/schema.org\",\"@graph\":[{\"@type\":\"Article\",\"@id\":\"https:\\\/\\\/fjala.info\\\/2009-2015\\\/interviste-me-naim-miftarin-hetues-i-luftes-kunder-terrorizmit-dhe-krimit-te-organizuar-ne-kosove-dhe-rajon\\\/#article\",\"isPartOf\":{\"@id\":\"https:\\\/\\\/fjala.info\\\/2009-2015\\\/interviste-me-naim-miftarin-hetues-i-luftes-kunder-terrorizmit-dhe-krimit-te-organizuar-ne-kosove-dhe-rajon\\\/\"},\"author\":{\"name\":\"admin\",\"@id\":\"https:\\\/\\\/fjala.info\\\/2009-2015\\\/#\\\/schema\\\/person\\\/3aa1163ef05469c496fc94e77611ada2\"},\"headline\":\"Intervist\u00eb me Naim Miftarin hetues i luft\u00ebs kund\u00ebr terrorizmit dhe krimit t\u00eb organizuar n\u00eb Kosov\u00eb dhe rajon\",\"datePublished\":\"2010-05-14T14:49:39+00:00\",\"mainEntityOfPage\":{\"@id\":\"https:\\\/\\\/fjala.info\\\/2009-2015\\\/interviste-me-naim-miftarin-hetues-i-luftes-kunder-terrorizmit-dhe-krimit-te-organizuar-ne-kosove-dhe-rajon\\\/\"},\"wordCount\":9156,\"commentCount\":0,\"publisher\":{\"@id\":\"https:\\\/\\\/fjala.info\\\/2009-2015\\\/#organization\"},\"image\":{\"@id\":\"https:\\\/\\\/fjala.info\\\/2009-2015\\\/interviste-me-naim-miftarin-hetues-i-luftes-kunder-terrorizmit-dhe-krimit-te-organizuar-ne-kosove-dhe-rajon\\\/#primaryimage\"},\"thumbnailUrl\":\"http:\\\/\\\/www.shkoder.net\\\/images\\\/fjala\\\/asllan_dibrani.jpg\",\"articleSection\":[\"Intervista\"],\"inLanguage\":\"sq-AL\",\"potentialAction\":[{\"@type\":\"CommentAction\",\"name\":\"Comment\",\"target\":[\"https:\\\/\\\/fjala.info\\\/2009-2015\\\/interviste-me-naim-miftarin-hetues-i-luftes-kunder-terrorizmit-dhe-krimit-te-organizuar-ne-kosove-dhe-rajon\\\/#respond\"]}]},{\"@type\":\"WebPage\",\"@id\":\"https:\\\/\\\/fjala.info\\\/2009-2015\\\/interviste-me-naim-miftarin-hetues-i-luftes-kunder-terrorizmit-dhe-krimit-te-organizuar-ne-kosove-dhe-rajon\\\/\",\"url\":\"https:\\\/\\\/fjala.info\\\/2009-2015\\\/interviste-me-naim-miftarin-hetues-i-luftes-kunder-terrorizmit-dhe-krimit-te-organizuar-ne-kosove-dhe-rajon\\\/\",\"name\":\"Intervist\u00eb me Naim Miftarin hetues i luft\u00ebs kund\u00ebr terrorizmit dhe krimit t\u00eb organizuar n\u00eb Kosov\u00eb dhe rajon - FjALA e LIR\u00cb - Arkivi\",\"isPartOf\":{\"@id\":\"https:\\\/\\\/fjala.info\\\/2009-2015\\\/#website\"},\"primaryImageOfPage\":{\"@id\":\"https:\\\/\\\/fjala.info\\\/2009-2015\\\/interviste-me-naim-miftarin-hetues-i-luftes-kunder-terrorizmit-dhe-krimit-te-organizuar-ne-kosove-dhe-rajon\\\/#primaryimage\"},\"image\":{\"@id\":\"https:\\\/\\\/fjala.info\\\/2009-2015\\\/interviste-me-naim-miftarin-hetues-i-luftes-kunder-terrorizmit-dhe-krimit-te-organizuar-ne-kosove-dhe-rajon\\\/#primaryimage\"},\"thumbnailUrl\":\"http:\\\/\\\/www.shkoder.net\\\/images\\\/fjala\\\/asllan_dibrani.jpg\",\"datePublished\":\"2010-05-14T14:49:39+00:00\",\"breadcrumb\":{\"@id\":\"https:\\\/\\\/fjala.info\\\/2009-2015\\\/interviste-me-naim-miftarin-hetues-i-luftes-kunder-terrorizmit-dhe-krimit-te-organizuar-ne-kosove-dhe-rajon\\\/#breadcrumb\"},\"inLanguage\":\"sq-AL\",\"potentialAction\":[{\"@type\":\"ReadAction\",\"target\":[\"https:\\\/\\\/fjala.info\\\/2009-2015\\\/interviste-me-naim-miftarin-hetues-i-luftes-kunder-terrorizmit-dhe-krimit-te-organizuar-ne-kosove-dhe-rajon\\\/\"]}]},{\"@type\":\"ImageObject\",\"inLanguage\":\"sq-AL\",\"@id\":\"https:\\\/\\\/fjala.info\\\/2009-2015\\\/interviste-me-naim-miftarin-hetues-i-luftes-kunder-terrorizmit-dhe-krimit-te-organizuar-ne-kosove-dhe-rajon\\\/#primaryimage\",\"url\":\"http:\\\/\\\/www.shkoder.net\\\/images\\\/fjala\\\/asllan_dibrani.jpg\",\"contentUrl\":\"http:\\\/\\\/www.shkoder.net\\\/images\\\/fjala\\\/asllan_dibrani.jpg\"},{\"@type\":\"BreadcrumbList\",\"@id\":\"https:\\\/\\\/fjala.info\\\/2009-2015\\\/interviste-me-naim-miftarin-hetues-i-luftes-kunder-terrorizmit-dhe-krimit-te-organizuar-ne-kosove-dhe-rajon\\\/#breadcrumb\",\"itemListElement\":[{\"@type\":\"ListItem\",\"position\":1,\"name\":\"Home\",\"item\":\"https:\\\/\\\/fjala.info\\\/2009-2015\\\/\"},{\"@type\":\"ListItem\",\"position\":2,\"name\":\"Intervist\u00eb me Naim Miftarin hetues i luft\u00ebs kund\u00ebr terrorizmit dhe krimit t\u00eb organizuar n\u00eb Kosov\u00eb dhe rajon\"}]},{\"@type\":\"WebSite\",\"@id\":\"https:\\\/\\\/fjala.info\\\/2009-2015\\\/#website\",\"url\":\"https:\\\/\\\/fjala.info\\\/2009-2015\\\/\",\"name\":\"FjALA e LIR\u00cb - Arkivi\",\"description\":\"Arkivi 2009-2015\",\"publisher\":{\"@id\":\"https:\\\/\\\/fjala.info\\\/2009-2015\\\/#organization\"},\"potentialAction\":[{\"@type\":\"SearchAction\",\"target\":{\"@type\":\"EntryPoint\",\"urlTemplate\":\"https:\\\/\\\/fjala.info\\\/2009-2015\\\/?s={search_term_string}\"},\"query-input\":{\"@type\":\"PropertyValueSpecification\",\"valueRequired\":true,\"valueName\":\"search_term_string\"}}],\"inLanguage\":\"sq-AL\"},{\"@type\":\"Organization\",\"@id\":\"https:\\\/\\\/fjala.info\\\/2009-2015\\\/#organization\",\"name\":\"FjALA e LIR\u00cb - Arkivi\",\"url\":\"https:\\\/\\\/fjala.info\\\/2009-2015\\\/\",\"logo\":{\"@type\":\"ImageObject\",\"inLanguage\":\"sq-AL\",\"@id\":\"https:\\\/\\\/fjala.info\\\/2009-2015\\\/#\\\/schema\\\/logo\\\/image\\\/\",\"url\":\"\",\"contentUrl\":\"\",\"caption\":\"FjALA e LIR\u00cb - Arkivi\"},\"image\":{\"@id\":\"https:\\\/\\\/fjala.info\\\/2009-2015\\\/#\\\/schema\\\/logo\\\/image\\\/\"}},{\"@type\":\"Person\",\"@id\":\"https:\\\/\\\/fjala.info\\\/2009-2015\\\/#\\\/schema\\\/person\\\/3aa1163ef05469c496fc94e77611ada2\",\"name\":\"admin\",\"image\":{\"@type\":\"ImageObject\",\"inLanguage\":\"sq-AL\",\"@id\":\"https:\\\/\\\/fjala.info\\\/2009-2015\\\/wp-content\\\/uploads\\\/2012\\\/02\\\/arben_cokaj-120x150.jpg\",\"url\":\"https:\\\/\\\/fjala.info\\\/2009-2015\\\/wp-content\\\/uploads\\\/2012\\\/02\\\/arben_cokaj-120x150.jpg\",\"contentUrl\":\"https:\\\/\\\/fjala.info\\\/2009-2015\\\/wp-content\\\/uploads\\\/2012\\\/02\\\/arben_cokaj-120x150.jpg\",\"caption\":\"admin\"},\"description\":\"Admin, Fjala e Lir\u00eb\",\"sameAs\":[\"https:\\\/\\\/fjala.info\\\/\"],\"url\":\"https:\\\/\\\/fjala.info\\\/2009-2015\\\/author\\\/admin\\\/\"}]}<\/script>\n<!-- \/ Yoast SEO plugin. -->","yoast_head_json":{"title":"Intervist\u00eb me Naim Miftarin hetues i luft\u00ebs kund\u00ebr terrorizmit dhe krimit t\u00eb organizuar n\u00eb Kosov\u00eb dhe rajon - FjALA e LIR\u00cb - Arkivi","robots":{"index":"index","follow":"follow","max-snippet":"max-snippet:-1","max-image-preview":"max-image-preview:large","max-video-preview":"max-video-preview:-1"},"canonical":"https:\/\/fjala.info\/2009-2015\/interviste-me-naim-miftarin-hetues-i-luftes-kunder-terrorizmit-dhe-krimit-te-organizuar-ne-kosove-dhe-rajon\/","og_locale":"sq_AL","og_type":"article","og_title":"Intervist\u00eb me Naim Miftarin hetues i luft\u00ebs kund\u00ebr terrorizmit dhe krimit t\u00eb organizuar n\u00eb Kosov\u00eb dhe rajon - FjALA e LIR\u00cb - Arkivi","og_description":"Intervistoi Asllan Dibrani Intervist\u00eb me Naim Miftarin ish epror i lart\u00eb i inteligjenc\u00ebs G2 ne U\u00c7K, inspektor i lart\u00eb n\u00eb MRP n\u00eb qeverin\u00eb e p\u00ebrkohshme Tha\u00e7i, po ashtu polic i ShPK-s\u00eb pjes\u00ebtar i Shik-ut dhe tani me pun\u00eb ne OJQ qendra e studimeve t\u00eb luft\u00ebs kund\u00ebr krimit te organizuar dhe terrorizmit me seli n\u00eb Prishtin\u00eb [&hellip;]","og_url":"https:\/\/fjala.info\/2009-2015\/interviste-me-naim-miftarin-hetues-i-luftes-kunder-terrorizmit-dhe-krimit-te-organizuar-ne-kosove-dhe-rajon\/","og_site_name":"FjALA e LIR\u00cb - Arkivi","article_published_time":"2010-05-14T14:49:39+00:00","og_image":[{"url":"http:\/\/www.shkoder.net\/images\/fjala\/asllan_dibrani.jpg","type":"","width":"","height":""}],"author":"admin","twitter_card":"summary_large_image","twitter_misc":{"Written by":"admin","Est. reading time":"46 minutes"},"schema":{"@context":"https:\/\/schema.org","@graph":[{"@type":"Article","@id":"https:\/\/fjala.info\/2009-2015\/interviste-me-naim-miftarin-hetues-i-luftes-kunder-terrorizmit-dhe-krimit-te-organizuar-ne-kosove-dhe-rajon\/#article","isPartOf":{"@id":"https:\/\/fjala.info\/2009-2015\/interviste-me-naim-miftarin-hetues-i-luftes-kunder-terrorizmit-dhe-krimit-te-organizuar-ne-kosove-dhe-rajon\/"},"author":{"name":"admin","@id":"https:\/\/fjala.info\/2009-2015\/#\/schema\/person\/3aa1163ef05469c496fc94e77611ada2"},"headline":"Intervist\u00eb me Naim Miftarin hetues i luft\u00ebs kund\u00ebr terrorizmit dhe krimit t\u00eb organizuar n\u00eb Kosov\u00eb dhe rajon","datePublished":"2010-05-14T14:49:39+00:00","mainEntityOfPage":{"@id":"https:\/\/fjala.info\/2009-2015\/interviste-me-naim-miftarin-hetues-i-luftes-kunder-terrorizmit-dhe-krimit-te-organizuar-ne-kosove-dhe-rajon\/"},"wordCount":9156,"commentCount":0,"publisher":{"@id":"https:\/\/fjala.info\/2009-2015\/#organization"},"image":{"@id":"https:\/\/fjala.info\/2009-2015\/interviste-me-naim-miftarin-hetues-i-luftes-kunder-terrorizmit-dhe-krimit-te-organizuar-ne-kosove-dhe-rajon\/#primaryimage"},"thumbnailUrl":"http:\/\/www.shkoder.net\/images\/fjala\/asllan_dibrani.jpg","articleSection":["Intervista"],"inLanguage":"sq-AL","potentialAction":[{"@type":"CommentAction","name":"Comment","target":["https:\/\/fjala.info\/2009-2015\/interviste-me-naim-miftarin-hetues-i-luftes-kunder-terrorizmit-dhe-krimit-te-organizuar-ne-kosove-dhe-rajon\/#respond"]}]},{"@type":"WebPage","@id":"https:\/\/fjala.info\/2009-2015\/interviste-me-naim-miftarin-hetues-i-luftes-kunder-terrorizmit-dhe-krimit-te-organizuar-ne-kosove-dhe-rajon\/","url":"https:\/\/fjala.info\/2009-2015\/interviste-me-naim-miftarin-hetues-i-luftes-kunder-terrorizmit-dhe-krimit-te-organizuar-ne-kosove-dhe-rajon\/","name":"Intervist\u00eb me Naim Miftarin hetues i luft\u00ebs kund\u00ebr terrorizmit dhe krimit t\u00eb organizuar n\u00eb Kosov\u00eb dhe rajon - FjALA e LIR\u00cb - Arkivi","isPartOf":{"@id":"https:\/\/fjala.info\/2009-2015\/#website"},"primaryImageOfPage":{"@id":"https:\/\/fjala.info\/2009-2015\/interviste-me-naim-miftarin-hetues-i-luftes-kunder-terrorizmit-dhe-krimit-te-organizuar-ne-kosove-dhe-rajon\/#primaryimage"},"image":{"@id":"https:\/\/fjala.info\/2009-2015\/interviste-me-naim-miftarin-hetues-i-luftes-kunder-terrorizmit-dhe-krimit-te-organizuar-ne-kosove-dhe-rajon\/#primaryimage"},"thumbnailUrl":"http:\/\/www.shkoder.net\/images\/fjala\/asllan_dibrani.jpg","datePublished":"2010-05-14T14:49:39+00:00","breadcrumb":{"@id":"https:\/\/fjala.info\/2009-2015\/interviste-me-naim-miftarin-hetues-i-luftes-kunder-terrorizmit-dhe-krimit-te-organizuar-ne-kosove-dhe-rajon\/#breadcrumb"},"inLanguage":"sq-AL","potentialAction":[{"@type":"ReadAction","target":["https:\/\/fjala.info\/2009-2015\/interviste-me-naim-miftarin-hetues-i-luftes-kunder-terrorizmit-dhe-krimit-te-organizuar-ne-kosove-dhe-rajon\/"]}]},{"@type":"ImageObject","inLanguage":"sq-AL","@id":"https:\/\/fjala.info\/2009-2015\/interviste-me-naim-miftarin-hetues-i-luftes-kunder-terrorizmit-dhe-krimit-te-organizuar-ne-kosove-dhe-rajon\/#primaryimage","url":"http:\/\/www.shkoder.net\/images\/fjala\/asllan_dibrani.jpg","contentUrl":"http:\/\/www.shkoder.net\/images\/fjala\/asllan_dibrani.jpg"},{"@type":"BreadcrumbList","@id":"https:\/\/fjala.info\/2009-2015\/interviste-me-naim-miftarin-hetues-i-luftes-kunder-terrorizmit-dhe-krimit-te-organizuar-ne-kosove-dhe-rajon\/#breadcrumb","itemListElement":[{"@type":"ListItem","position":1,"name":"Home","item":"https:\/\/fjala.info\/2009-2015\/"},{"@type":"ListItem","position":2,"name":"Intervist\u00eb me Naim Miftarin hetues i luft\u00ebs kund\u00ebr terrorizmit dhe krimit t\u00eb organizuar n\u00eb Kosov\u00eb dhe rajon"}]},{"@type":"WebSite","@id":"https:\/\/fjala.info\/2009-2015\/#website","url":"https:\/\/fjala.info\/2009-2015\/","name":"FjALA e LIR\u00cb - Arkivi","description":"Arkivi 2009-2015","publisher":{"@id":"https:\/\/fjala.info\/2009-2015\/#organization"},"potentialAction":[{"@type":"SearchAction","target":{"@type":"EntryPoint","urlTemplate":"https:\/\/fjala.info\/2009-2015\/?s={search_term_string}"},"query-input":{"@type":"PropertyValueSpecification","valueRequired":true,"valueName":"search_term_string"}}],"inLanguage":"sq-AL"},{"@type":"Organization","@id":"https:\/\/fjala.info\/2009-2015\/#organization","name":"FjALA e LIR\u00cb - Arkivi","url":"https:\/\/fjala.info\/2009-2015\/","logo":{"@type":"ImageObject","inLanguage":"sq-AL","@id":"https:\/\/fjala.info\/2009-2015\/#\/schema\/logo\/image\/","url":"","contentUrl":"","caption":"FjALA e LIR\u00cb - Arkivi"},"image":{"@id":"https:\/\/fjala.info\/2009-2015\/#\/schema\/logo\/image\/"}},{"@type":"Person","@id":"https:\/\/fjala.info\/2009-2015\/#\/schema\/person\/3aa1163ef05469c496fc94e77611ada2","name":"admin","image":{"@type":"ImageObject","inLanguage":"sq-AL","@id":"https:\/\/fjala.info\/2009-2015\/wp-content\/uploads\/2012\/02\/arben_cokaj-120x150.jpg","url":"https:\/\/fjala.info\/2009-2015\/wp-content\/uploads\/2012\/02\/arben_cokaj-120x150.jpg","contentUrl":"https:\/\/fjala.info\/2009-2015\/wp-content\/uploads\/2012\/02\/arben_cokaj-120x150.jpg","caption":"admin"},"description":"Admin, Fjala e Lir\u00eb","sameAs":["https:\/\/fjala.info\/"],"url":"https:\/\/fjala.info\/2009-2015\/author\/admin\/"}]}},"_links":{"self":[{"href":"https:\/\/fjala.info\/2009-2015\/wp-json\/wp\/v2\/posts\/2643","targetHints":{"allow":["GET"]}}],"collection":[{"href":"https:\/\/fjala.info\/2009-2015\/wp-json\/wp\/v2\/posts"}],"about":[{"href":"https:\/\/fjala.info\/2009-2015\/wp-json\/wp\/v2\/types\/post"}],"author":[{"embeddable":true,"href":"https:\/\/fjala.info\/2009-2015\/wp-json\/wp\/v2\/users\/1"}],"replies":[{"embeddable":true,"href":"https:\/\/fjala.info\/2009-2015\/wp-json\/wp\/v2\/comments?post=2643"}],"version-history":[{"count":0,"href":"https:\/\/fjala.info\/2009-2015\/wp-json\/wp\/v2\/posts\/2643\/revisions"}],"wp:attachment":[{"href":"https:\/\/fjala.info\/2009-2015\/wp-json\/wp\/v2\/media?parent=2643"}],"wp:term":[{"taxonomy":"category","embeddable":true,"href":"https:\/\/fjala.info\/2009-2015\/wp-json\/wp\/v2\/categories?post=2643"},{"taxonomy":"post_tag","embeddable":true,"href":"https:\/\/fjala.info\/2009-2015\/wp-json\/wp\/v2\/tags?post=2643"}],"curies":[{"name":"wp","href":"https:\/\/api.w.org\/{rel}","templated":true}]}}