{"id":2638,"date":"2010-05-13T22:06:18","date_gmt":"2010-05-13T21:06:18","guid":{"rendered":"http:\/\/fjala.shkoder.net\/?p=2638"},"modified":"2010-05-13T22:06:18","modified_gmt":"2010-05-13T21:06:18","slug":"berisha-e-rama-te-pranojne-dialog-politik-pa-kushte","status":"publish","type":"post","link":"https:\/\/fjala.info\/2009-2015\/berisha-e-rama-te-pranojne-dialog-politik-pa-kushte\/","title":{"rendered":"Berisha e Rama t\u00eb pranojn\u00eb dialog politik pa kushte"},"content":{"rendered":"<p><strong>Rexhep Meidani <\/strong>&amp; <strong>Alfred Moisiu<\/strong>, <em>13.05.2010<\/em><\/p>\n<p>Duke shprehur shqet\u00ebsimin ton\u00eb njer\u00ebzor e qytetar p\u00ebr gjendjen sh\u00ebndet\u00ebsore t\u00eb p\u00ebrkeq\u00ebsuar nga ora n\u00eb or\u00eb e grevist\u00ebve t\u00eb uris\u00eb<br \/>\nDuke e ndjekur me mjaft preokupim situat\u00ebn politike t\u00eb krijuar prej koh\u00ebsh n\u00eb vendin ton\u00eb, munges\u00ebn e theksuar t\u00eb dialogut politik, mosfunksionimin e institucioneve kryesore politike dhe mosbesimin e thell\u00eb midis forcave kryesore politike<br \/>\nDuke paralajm\u00ebruar se p\u00ebrshkall\u00ebzimi i k\u00ebsaj gjendjeje nga k\u00ebmb\u00ebngulja e pal\u00ebve p\u00ebr protesta apo kund\u00ebrprotesta, refuzim t\u00eb institucioneve apo refuzim t\u00eb detyrimit kushtetues p\u00ebr mir\u00ebqeverisjen e vendit, mund t\u00eb \u00e7oj\u00eb n\u00eb nj\u00eb situat\u00eb akoma m\u00eb alarmante<br \/>\nDuke shprehur pak\u00ebnaq\u00ebsin\u00eb ndaj nj\u00eb fushate p\u00ebrdorimi, keqp\u00ebrdorimi, ndarjeje dhe etiketimi midis dhe ndaj grupeve t\u00eb caktuara t\u00eb shoq\u00ebris\u00eb, shoq\u00ebris\u00eb civile, medias dhe aktor\u00ebve t\u00eb tjer\u00eb civil\u00eb<br \/>\nDuke vler\u00ebsuar se \u00e7do zgjatje apo thellim I kriz\u00ebs nuk \u00ebsht\u00eb n\u00eb interesin madhor t\u00eb vendit, t\u00eb aspiratave tona shtet\u00ebrore dhe publike dhe as n\u00eb dobi t\u00eb t\u00eb gjith\u00eb qytetar\u00ebve, p\u00ebrfshir\u00eb edhe atyre t\u00eb angazhuar n\u00eb parti politike<br \/>\nDhe sidomos duke rikthesuar r\u00ebnd\u00ebsin\u00eb e madhe q\u00eb ka p\u00ebr vendin ton\u00eb stabiliteti demokratik dhe ecja pa vones\u00eb drejt procesit t\u00eb integrimit europian<\/p>\n<p>\u2022 Nj\u00eb shtet demokratik dhe nj\u00eb vend an\u00ebtar i NATO-s dhe aspirues p\u00ebr n\u00eb BE ka detyrimin dhe p\u00ebrgjegj\u00ebsin\u00eb t\u00eb sillet n\u00eb m\u00ebnyr\u00eb sa m\u00eb demokratike e qytetare, t\u00eb p\u00ebrgjegjshme dhe institucionale. Asnj\u00eb individ, parti, pushtet apo projekt politik nuk ka t\u00eb drejt\u00eb dhe nuk mundet t\u00eb lejohet t\u00eb n\u00ebp\u00ebrk\u00ebmb\u00eb k\u00ebt\u00eb interes madhor kombetar. Ndaj,<\/p>\n<p>\u2022 Me p\u00ebrgjegj\u00ebsin\u00eb qytetare por edhe p\u00ebrgjegj\u00ebsin\u00eb e institucionit t\u00eb lart\u00eb t\u00eb kryetarit t\u00eb shtetit shqiptar, t\u00eb cilin kemi patur nderin t\u00eb p\u00ebrfaq\u00ebsojm\u00eb, apelojm\u00eb t\u00eb dy aktor\u00ebt politik\u00eb dhe forcat politike mb\u00ebshtet\u00ebse t\u00eb tyre, q\u00eb t\u00eb p\u00ebrdorin t\u00eb gjitha energjit\u00eb e tyre n\u00eb dobi t\u00eb zgjidhjes politike, t\u00eb shmangin p\u00ebrshkall\u00ebzimin e m\u00ebtejsh\u00ebm t\u00eb situates, deklarimet e veprimet provokuese apo denigruese dhe t\u00eb vendosin interesat e Shqip\u00ebris\u00eb mbi interesat politike t\u00eb momentit.<\/p>\n<p>&#8211; Mbi k\u00ebt\u00eb baz\u00eb, apelojm\u00eb zotin Sali Berisha, kryeminist\u00ebr dhe kryetar i PD-s\u00eb dhe zotin Edi Rama, kryetar i PS-s\u00eb, q\u00eb s\u00eb bashku dhe sa m\u00eb shpejt t\u00eb heqin dor\u00eb nga aksionet politike t\u00eb nj\u00ebanshme dhe t\u00eb pranojn\u00eb hyrjen n\u00eb dialog politik t\u00eb pakusht\u00ebzuar. Dialogu dhe vet\u00ebm dialogu politik i bazuar n\u00eb normat kushtetuese t\u00eb respektit t\u00eb institucioneve dhe detyrimit t\u00eb patjet\u00ebrsuesh\u00ebn p\u00ebr transparenc\u00eb publike, \u00ebsht\u00eb rruga e vetme dhe e denj\u00eb p\u00ebr t\u00eb gjetur nj\u00eb zgjidhje politike t\u00eb shpejt\u00eb, t\u00eb pranuar, p\u00ebrfshir\u00ebse dhe afatgjat\u00eb.<\/p>\n<p><strong>Rexhep Meidani, President (1997-2002), Alfred Moisiu, President (2002-2007)<\/strong><\/p>\n","protected":false},"excerpt":{"rendered":"<p>Rexhep Meidani &amp; Alfred Moisiu, 13.05.2010 Duke shprehur shqet\u00ebsimin ton\u00eb njer\u00ebzor e qytetar p\u00ebr gjendjen sh\u00ebndet\u00ebsore t\u00eb p\u00ebrkeq\u00ebsuar nga ora n\u00eb or\u00eb e grevist\u00ebve t\u00eb uris\u00eb Duke e ndjekur me mjaft preokupim situat\u00ebn politike t\u00eb krijuar prej koh\u00ebsh n\u00eb vendin ton\u00eb, munges\u00ebn e theksuar t\u00eb dialogut politik, mosfunksionimin e institucioneve kryesore politike dhe mosbesimin e [&hellip;]<\/p>\n","protected":false},"author":1,"featured_media":0,"comment_status":"open","ping_status":"closed","sticky":false,"template":"","format":"standard","meta":{"footnotes":""},"categories":[2],"tags":[],"class_list":{"0":"post-2638","1":"post","2":"type-post","3":"status-publish","4":"format-standard","6":"category-artikuj"},"yoast_head":"<!-- This site is optimized with the Yoast SEO plugin v27.4 - https:\/\/yoast.com\/product\/yoast-seo-wordpress\/ -->\n<title>Berisha e Rama t\u00eb pranojn\u00eb dialog politik pa kushte - FjALA e LIR\u00cb - Arkivi<\/title>\n<meta name=\"robots\" content=\"index, follow, max-snippet:-1, max-image-preview:large, max-video-preview:-1\" \/>\n<link rel=\"canonical\" href=\"https:\/\/fjala.info\/2009-2015\/berisha-e-rama-te-pranojne-dialog-politik-pa-kushte\/\" \/>\n<meta property=\"og:locale\" content=\"sq_AL\" \/>\n<meta property=\"og:type\" content=\"article\" \/>\n<meta property=\"og:title\" content=\"Berisha e Rama t\u00eb pranojn\u00eb dialog politik pa kushte - FjALA e LIR\u00cb - Arkivi\" \/>\n<meta property=\"og:description\" content=\"Rexhep Meidani &amp; Alfred Moisiu, 13.05.2010 Duke shprehur shqet\u00ebsimin ton\u00eb njer\u00ebzor e qytetar p\u00ebr gjendjen sh\u00ebndet\u00ebsore t\u00eb p\u00ebrkeq\u00ebsuar nga ora n\u00eb or\u00eb e grevist\u00ebve t\u00eb uris\u00eb Duke e ndjekur me mjaft preokupim situat\u00ebn politike t\u00eb krijuar prej koh\u00ebsh n\u00eb vendin ton\u00eb, munges\u00ebn e theksuar t\u00eb dialogut politik, mosfunksionimin e institucioneve kryesore politike dhe mosbesimin e [&hellip;]\" \/>\n<meta property=\"og:url\" content=\"https:\/\/fjala.info\/2009-2015\/berisha-e-rama-te-pranojne-dialog-politik-pa-kushte\/\" \/>\n<meta property=\"og:site_name\" content=\"FjALA e LIR\u00cb - Arkivi\" \/>\n<meta property=\"article:published_time\" content=\"2010-05-13T21:06:18+00:00\" \/>\n<meta name=\"author\" content=\"admin\" \/>\n<meta name=\"twitter:card\" content=\"summary_large_image\" \/>\n<meta name=\"twitter:label1\" content=\"Written by\" \/>\n\t<meta name=\"twitter:data1\" content=\"admin\" \/>\n\t<meta name=\"twitter:label2\" content=\"Est. reading time\" \/>\n\t<meta name=\"twitter:data2\" content=\"2 minutes\" \/>\n<script type=\"application\/ld+json\" class=\"yoast-schema-graph\">{\"@context\":\"https:\\\/\\\/schema.org\",\"@graph\":[{\"@type\":\"Article\",\"@id\":\"https:\\\/\\\/fjala.info\\\/2009-2015\\\/berisha-e-rama-te-pranojne-dialog-politik-pa-kushte\\\/#article\",\"isPartOf\":{\"@id\":\"https:\\\/\\\/fjala.info\\\/2009-2015\\\/berisha-e-rama-te-pranojne-dialog-politik-pa-kushte\\\/\"},\"author\":{\"name\":\"admin\",\"@id\":\"https:\\\/\\\/fjala.info\\\/2009-2015\\\/#\\\/schema\\\/person\\\/3aa1163ef05469c496fc94e77611ada2\"},\"headline\":\"Berisha e Rama t\u00eb pranojn\u00eb dialog politik pa kushte\",\"datePublished\":\"2010-05-13T21:06:18+00:00\",\"mainEntityOfPage\":{\"@id\":\"https:\\\/\\\/fjala.info\\\/2009-2015\\\/berisha-e-rama-te-pranojne-dialog-politik-pa-kushte\\\/\"},\"wordCount\":482,\"commentCount\":0,\"publisher\":{\"@id\":\"https:\\\/\\\/fjala.info\\\/2009-2015\\\/#organization\"},\"articleSection\":[\"Artikuj\"],\"inLanguage\":\"sq-AL\",\"potentialAction\":[{\"@type\":\"CommentAction\",\"name\":\"Comment\",\"target\":[\"https:\\\/\\\/fjala.info\\\/2009-2015\\\/berisha-e-rama-te-pranojne-dialog-politik-pa-kushte\\\/#respond\"]}]},{\"@type\":\"WebPage\",\"@id\":\"https:\\\/\\\/fjala.info\\\/2009-2015\\\/berisha-e-rama-te-pranojne-dialog-politik-pa-kushte\\\/\",\"url\":\"https:\\\/\\\/fjala.info\\\/2009-2015\\\/berisha-e-rama-te-pranojne-dialog-politik-pa-kushte\\\/\",\"name\":\"Berisha e Rama t\u00eb pranojn\u00eb dialog politik pa kushte - FjALA e LIR\u00cb - Arkivi\",\"isPartOf\":{\"@id\":\"https:\\\/\\\/fjala.info\\\/2009-2015\\\/#website\"},\"datePublished\":\"2010-05-13T21:06:18+00:00\",\"breadcrumb\":{\"@id\":\"https:\\\/\\\/fjala.info\\\/2009-2015\\\/berisha-e-rama-te-pranojne-dialog-politik-pa-kushte\\\/#breadcrumb\"},\"inLanguage\":\"sq-AL\",\"potentialAction\":[{\"@type\":\"ReadAction\",\"target\":[\"https:\\\/\\\/fjala.info\\\/2009-2015\\\/berisha-e-rama-te-pranojne-dialog-politik-pa-kushte\\\/\"]}]},{\"@type\":\"BreadcrumbList\",\"@id\":\"https:\\\/\\\/fjala.info\\\/2009-2015\\\/berisha-e-rama-te-pranojne-dialog-politik-pa-kushte\\\/#breadcrumb\",\"itemListElement\":[{\"@type\":\"ListItem\",\"position\":1,\"name\":\"Home\",\"item\":\"https:\\\/\\\/fjala.info\\\/2009-2015\\\/\"},{\"@type\":\"ListItem\",\"position\":2,\"name\":\"Berisha e Rama t\u00eb pranojn\u00eb dialog politik pa kushte\"}]},{\"@type\":\"WebSite\",\"@id\":\"https:\\\/\\\/fjala.info\\\/2009-2015\\\/#website\",\"url\":\"https:\\\/\\\/fjala.info\\\/2009-2015\\\/\",\"name\":\"FjALA e LIR\u00cb - Arkivi\",\"description\":\"Arkivi 2009-2015\",\"publisher\":{\"@id\":\"https:\\\/\\\/fjala.info\\\/2009-2015\\\/#organization\"},\"potentialAction\":[{\"@type\":\"SearchAction\",\"target\":{\"@type\":\"EntryPoint\",\"urlTemplate\":\"https:\\\/\\\/fjala.info\\\/2009-2015\\\/?s={search_term_string}\"},\"query-input\":{\"@type\":\"PropertyValueSpecification\",\"valueRequired\":true,\"valueName\":\"search_term_string\"}}],\"inLanguage\":\"sq-AL\"},{\"@type\":\"Organization\",\"@id\":\"https:\\\/\\\/fjala.info\\\/2009-2015\\\/#organization\",\"name\":\"FjALA e LIR\u00cb - Arkivi\",\"url\":\"https:\\\/\\\/fjala.info\\\/2009-2015\\\/\",\"logo\":{\"@type\":\"ImageObject\",\"inLanguage\":\"sq-AL\",\"@id\":\"https:\\\/\\\/fjala.info\\\/2009-2015\\\/#\\\/schema\\\/logo\\\/image\\\/\",\"url\":\"\",\"contentUrl\":\"\",\"caption\":\"FjALA e LIR\u00cb - Arkivi\"},\"image\":{\"@id\":\"https:\\\/\\\/fjala.info\\\/2009-2015\\\/#\\\/schema\\\/logo\\\/image\\\/\"}},{\"@type\":\"Person\",\"@id\":\"https:\\\/\\\/fjala.info\\\/2009-2015\\\/#\\\/schema\\\/person\\\/3aa1163ef05469c496fc94e77611ada2\",\"name\":\"admin\",\"image\":{\"@type\":\"ImageObject\",\"inLanguage\":\"sq-AL\",\"@id\":\"https:\\\/\\\/fjala.info\\\/2009-2015\\\/wp-content\\\/uploads\\\/2012\\\/02\\\/arben_cokaj-120x150.jpg\",\"url\":\"https:\\\/\\\/fjala.info\\\/2009-2015\\\/wp-content\\\/uploads\\\/2012\\\/02\\\/arben_cokaj-120x150.jpg\",\"contentUrl\":\"https:\\\/\\\/fjala.info\\\/2009-2015\\\/wp-content\\\/uploads\\\/2012\\\/02\\\/arben_cokaj-120x150.jpg\",\"caption\":\"admin\"},\"description\":\"Admin, Fjala e Lir\u00eb\",\"sameAs\":[\"https:\\\/\\\/fjala.info\\\/\"],\"url\":\"https:\\\/\\\/fjala.info\\\/2009-2015\\\/author\\\/admin\\\/\"}]}<\/script>\n<!-- \/ Yoast SEO plugin. -->","yoast_head_json":{"title":"Berisha e Rama t\u00eb pranojn\u00eb dialog politik pa kushte - FjALA e LIR\u00cb - Arkivi","robots":{"index":"index","follow":"follow","max-snippet":"max-snippet:-1","max-image-preview":"max-image-preview:large","max-video-preview":"max-video-preview:-1"},"canonical":"https:\/\/fjala.info\/2009-2015\/berisha-e-rama-te-pranojne-dialog-politik-pa-kushte\/","og_locale":"sq_AL","og_type":"article","og_title":"Berisha e Rama t\u00eb pranojn\u00eb dialog politik pa kushte - FjALA e LIR\u00cb - Arkivi","og_description":"Rexhep Meidani &amp; Alfred Moisiu, 13.05.2010 Duke shprehur shqet\u00ebsimin ton\u00eb njer\u00ebzor e qytetar p\u00ebr gjendjen sh\u00ebndet\u00ebsore t\u00eb p\u00ebrkeq\u00ebsuar nga ora n\u00eb or\u00eb e grevist\u00ebve t\u00eb uris\u00eb Duke e ndjekur me mjaft preokupim situat\u00ebn politike t\u00eb krijuar prej koh\u00ebsh n\u00eb vendin ton\u00eb, munges\u00ebn e theksuar t\u00eb dialogut politik, mosfunksionimin e institucioneve kryesore politike dhe mosbesimin e [&hellip;]","og_url":"https:\/\/fjala.info\/2009-2015\/berisha-e-rama-te-pranojne-dialog-politik-pa-kushte\/","og_site_name":"FjALA e LIR\u00cb - Arkivi","article_published_time":"2010-05-13T21:06:18+00:00","author":"admin","twitter_card":"summary_large_image","twitter_misc":{"Written by":"admin","Est. reading time":"2 minutes"},"schema":{"@context":"https:\/\/schema.org","@graph":[{"@type":"Article","@id":"https:\/\/fjala.info\/2009-2015\/berisha-e-rama-te-pranojne-dialog-politik-pa-kushte\/#article","isPartOf":{"@id":"https:\/\/fjala.info\/2009-2015\/berisha-e-rama-te-pranojne-dialog-politik-pa-kushte\/"},"author":{"name":"admin","@id":"https:\/\/fjala.info\/2009-2015\/#\/schema\/person\/3aa1163ef05469c496fc94e77611ada2"},"headline":"Berisha e Rama t\u00eb pranojn\u00eb dialog politik pa kushte","datePublished":"2010-05-13T21:06:18+00:00","mainEntityOfPage":{"@id":"https:\/\/fjala.info\/2009-2015\/berisha-e-rama-te-pranojne-dialog-politik-pa-kushte\/"},"wordCount":482,"commentCount":0,"publisher":{"@id":"https:\/\/fjala.info\/2009-2015\/#organization"},"articleSection":["Artikuj"],"inLanguage":"sq-AL","potentialAction":[{"@type":"CommentAction","name":"Comment","target":["https:\/\/fjala.info\/2009-2015\/berisha-e-rama-te-pranojne-dialog-politik-pa-kushte\/#respond"]}]},{"@type":"WebPage","@id":"https:\/\/fjala.info\/2009-2015\/berisha-e-rama-te-pranojne-dialog-politik-pa-kushte\/","url":"https:\/\/fjala.info\/2009-2015\/berisha-e-rama-te-pranojne-dialog-politik-pa-kushte\/","name":"Berisha e Rama t\u00eb pranojn\u00eb dialog politik pa kushte - FjALA e LIR\u00cb - Arkivi","isPartOf":{"@id":"https:\/\/fjala.info\/2009-2015\/#website"},"datePublished":"2010-05-13T21:06:18+00:00","breadcrumb":{"@id":"https:\/\/fjala.info\/2009-2015\/berisha-e-rama-te-pranojne-dialog-politik-pa-kushte\/#breadcrumb"},"inLanguage":"sq-AL","potentialAction":[{"@type":"ReadAction","target":["https:\/\/fjala.info\/2009-2015\/berisha-e-rama-te-pranojne-dialog-politik-pa-kushte\/"]}]},{"@type":"BreadcrumbList","@id":"https:\/\/fjala.info\/2009-2015\/berisha-e-rama-te-pranojne-dialog-politik-pa-kushte\/#breadcrumb","itemListElement":[{"@type":"ListItem","position":1,"name":"Home","item":"https:\/\/fjala.info\/2009-2015\/"},{"@type":"ListItem","position":2,"name":"Berisha e Rama t\u00eb pranojn\u00eb dialog politik pa kushte"}]},{"@type":"WebSite","@id":"https:\/\/fjala.info\/2009-2015\/#website","url":"https:\/\/fjala.info\/2009-2015\/","name":"FjALA e LIR\u00cb - Arkivi","description":"Arkivi 2009-2015","publisher":{"@id":"https:\/\/fjala.info\/2009-2015\/#organization"},"potentialAction":[{"@type":"SearchAction","target":{"@type":"EntryPoint","urlTemplate":"https:\/\/fjala.info\/2009-2015\/?s={search_term_string}"},"query-input":{"@type":"PropertyValueSpecification","valueRequired":true,"valueName":"search_term_string"}}],"inLanguage":"sq-AL"},{"@type":"Organization","@id":"https:\/\/fjala.info\/2009-2015\/#organization","name":"FjALA e LIR\u00cb - Arkivi","url":"https:\/\/fjala.info\/2009-2015\/","logo":{"@type":"ImageObject","inLanguage":"sq-AL","@id":"https:\/\/fjala.info\/2009-2015\/#\/schema\/logo\/image\/","url":"","contentUrl":"","caption":"FjALA e LIR\u00cb - Arkivi"},"image":{"@id":"https:\/\/fjala.info\/2009-2015\/#\/schema\/logo\/image\/"}},{"@type":"Person","@id":"https:\/\/fjala.info\/2009-2015\/#\/schema\/person\/3aa1163ef05469c496fc94e77611ada2","name":"admin","image":{"@type":"ImageObject","inLanguage":"sq-AL","@id":"https:\/\/fjala.info\/2009-2015\/wp-content\/uploads\/2012\/02\/arben_cokaj-120x150.jpg","url":"https:\/\/fjala.info\/2009-2015\/wp-content\/uploads\/2012\/02\/arben_cokaj-120x150.jpg","contentUrl":"https:\/\/fjala.info\/2009-2015\/wp-content\/uploads\/2012\/02\/arben_cokaj-120x150.jpg","caption":"admin"},"description":"Admin, Fjala e Lir\u00eb","sameAs":["https:\/\/fjala.info\/"],"url":"https:\/\/fjala.info\/2009-2015\/author\/admin\/"}]}},"_links":{"self":[{"href":"https:\/\/fjala.info\/2009-2015\/wp-json\/wp\/v2\/posts\/2638","targetHints":{"allow":["GET"]}}],"collection":[{"href":"https:\/\/fjala.info\/2009-2015\/wp-json\/wp\/v2\/posts"}],"about":[{"href":"https:\/\/fjala.info\/2009-2015\/wp-json\/wp\/v2\/types\/post"}],"author":[{"embeddable":true,"href":"https:\/\/fjala.info\/2009-2015\/wp-json\/wp\/v2\/users\/1"}],"replies":[{"embeddable":true,"href":"https:\/\/fjala.info\/2009-2015\/wp-json\/wp\/v2\/comments?post=2638"}],"version-history":[{"count":0,"href":"https:\/\/fjala.info\/2009-2015\/wp-json\/wp\/v2\/posts\/2638\/revisions"}],"wp:attachment":[{"href":"https:\/\/fjala.info\/2009-2015\/wp-json\/wp\/v2\/media?parent=2638"}],"wp:term":[{"taxonomy":"category","embeddable":true,"href":"https:\/\/fjala.info\/2009-2015\/wp-json\/wp\/v2\/categories?post=2638"},{"taxonomy":"post_tag","embeddable":true,"href":"https:\/\/fjala.info\/2009-2015\/wp-json\/wp\/v2\/tags?post=2638"}],"curies":[{"name":"wp","href":"https:\/\/api.w.org\/{rel}","templated":true}]}}