{"id":2637,"date":"2012-04-26T22:25:14","date_gmt":"2012-04-26T21:25:14","guid":{"rendered":"http:\/\/fjala.shkoder.net\/?p=2637"},"modified":"2012-04-26T22:25:14","modified_gmt":"2012-04-26T21:25:14","slug":"me-ne-fund-nje-zyrtar-denoncon-mafian-ne-apo-me-pushtet","status":"publish","type":"post","link":"https:\/\/fjala.info\/2009-2015\/me-ne-fund-nje-zyrtar-denoncon-mafian-ne-apo-me-pushtet\/","title":{"rendered":"M\u00eb n\u00eb fund, nj\u00eb zyrtar denoncon \u2018mafian n\u00eb apo me pushtet\u2019."},"content":{"rendered":"<p><img decoding=\"async\" class=\"alignright size-thumbnail wp-image-7236\" title=\"F\u00ebmij\u00eb n\u00eb g\u00ebrmadha\" src=\"http:\/\/www.shkoder.net\/2012\/femije_germadha.jpg\" alt=\"\" width=\"300\" \/> Nga <strong>Mustafa Nano<\/strong>, <em>26 prill 2012<\/em><\/p>\n<p>Drejtori i policis\u00eb s\u00eb qarkut Dib\u00ebr, Shemsi Pren\u00e7i, ka dh\u00ebn\u00eb dor\u00ebheqjen. Dy dit\u00eb m\u00eb par\u00eb, ai \u00ebsht\u00eb pezulluar nga kjo detyr\u00eb me urdh\u00ebr t\u00eb ministrit t\u00eb brendsh\u00ebm, Bujar Nishani, me motivacionin se \u201cka b\u00ebr\u00eb luft\u00eb selektive ndaj bizneseve t\u00eb kromit, dhe se ka tejkaluar kompetencat, duke u b\u00ebr\u00eb penges\u00eb n\u00eb eksportimin e k\u00ebtij malli made in Albania n\u00eb tregjet e huaja\u201d. Fraz\u00ebn n\u00eb thonj\u00ebza e kam marr\u00eb nga raportimi i djesh\u00ebm n\u00eb versionin online t\u00eb shqiptares.com, ku lihej t\u00eb kuptohej se ka pasur ankesa e protesta nga njer\u00ebz q\u00eb merren me biznesin e kromit, dhe se ministri i ndodhur sandwich mes k\u00ebtyre protestave t\u00eb njer\u00ebzve me ndikim e par\u00e1 nga nj\u00ebra an\u00eb dhe vart\u00ebsit t\u00eb tij nga ana tjet\u00ebr, ka zgjedhur t\u00eb mbaj\u00eb an\u00ebn e t\u00eb par\u00ebve dhe t\u00eb pezulloj\u00eb t\u00eb dytin.<\/p>\n<p>Shemsi Pren\u00e7i ka dal\u00eb dje n\u00eb nj\u00eb konferenc\u00eb p\u00ebr shtypin, dhe ka dh\u00ebn\u00eb versionin e vet t\u00eb ngjarjes. Nuk ka dh\u00ebn\u00eb detaje, por ka l\u00ebn\u00eb t\u00eb kuptohen dy gj\u00ebra: 1. Ai di shum\u00eb gj\u00ebra; dhe 2. Askush nuk i \u00ebsht\u00eb b\u00ebr\u00eb krah n\u00eb betej\u00ebn q\u00eb ai po b\u00ebn me \u201cmafian e kromit\u201d, q\u00eb ai her\u00eb pas here i quan \u201cshpellat e mafias\u201d. Sakt\u00ebsisht ai tha se \u201cnuk gjeta mb\u00ebshtetjen n\u00eb shtet; denoncimi im ka r\u00ebn\u00eb n\u00eb vesh t\u00eb shurdh\u00ebr; \u00ebsht\u00eb koha q\u00eb qytetar\u00ebt t\u00eb d\u00ebgjojn\u00eb; [duhet] ta harrojn\u00eb se duke m\u00eb k\u00ebrc\u00ebnuar me buk\u00ebn e goj\u00ebs apo me jet\u00ebn un\u00eb do t\u00eb hesht; do denoncoj n\u00eb Prokurorin\u00eb e P\u00ebrgjithshme dhe n\u00eb publik, pasi [k\u00ebto] nuk [duket se] jan\u00eb t\u00eb lidhura me shpellat e mafias; do luftoj dh\u00ebmb\u00eb p\u00ebr dh\u00ebmb\u00eb me mafian e shpellave t\u00eb Bulqiz\u00ebs q\u00eb i ka rr\u00ebnj\u00ebt n\u00eb Tiran\u00eb; nuk do t\u00eb hesht m\u00eb.\u201d Dhe me shprehjen e fundit (\u201cnuk do t\u00eb hesht m\u00eb\u201d), l\u00eb t\u00eb kuptohet se ka koh\u00eb q\u00eb di e q\u00eb sheh gj\u00ebra.<\/p>\n<p>\u00cbsht\u00eb nga t\u00eb paktat raste, ku nj\u00eb zyrtar i lart\u00eb i administrat\u00ebs s\u00eb qeveris\u00eb Berisha distancohet haptazi nga praktika t\u00eb paligjshme, korruptive e mafioze, q\u00eb ndodhin e b\u00ebhen para hund\u00ebs s\u00eb t\u00eb gjith\u00ebve. Duhet ta marrim Shemsi Pren\u00e7in si modelin e zyrtarit me integritet moral, e si modelin e policit q\u00eb po b\u00ebn nj\u00eb denoncim bazuar n\u00eb nj\u00eb shqet\u00ebsim t\u00eb vetin gjenuin p\u00ebrball\u00eb grupeve t\u00eb korruptuara me pushtet, apo t\u00eb lidhura me pushtetin? Personalisht, nuk kam ide. Pren\u00e7i si personazh, ashtu si shum\u00eb zyrtar\u00eb e polic\u00eb t\u00eb tjer\u00eb q\u00eb mbulojn\u00eb poste t\u00eb r\u00ebnd\u00ebsishme, nuk \u00ebsht\u00eb shum\u00eb i ndri\u00e7uar nga mass-media.<\/p>\n<p>Nuk dihet ndonj\u00eb gj\u00eb e madhe. P\u00ebr sakt\u00ebsi raportimi, mund t\u00eb themi se ai u b\u00eb i gjall\u00eb pak dit\u00eb para zgjedhjeve t\u00eb fundit lokale, kur nga pozitat e kreut t\u00eb Forcave t\u00eb Nd\u00ebrhyrjes s\u00eb Shpejt\u00eb denoncoi zv.ministrin Avenir Peka, at\u00eb koh\u00eb minist\u00ebr de facto (pasi ministri Basha i ish futur gar\u00ebs p\u00ebr kreun e bashkis\u00eb s\u00eb Tiran\u00ebs), se i kish dh\u00ebn\u00eb urdh\u00ebr \u201ct\u00eb shtypte nj\u00eb tubim t\u00eb opozit\u00ebs n\u00eb Bathore\u201d, ku ish verifikuar nj\u00eb lloj tensioni mes pal\u00ebve, dhe se m\u00eb pas, pas refuzimit q\u00eb i kish b\u00ebr\u00eb k\u00ebtij urdh\u00ebri, kish marr\u00eb t\u00eb shara, fyerje e k\u00ebrc\u00ebnime me jet\u00ebn nga ana e Pek\u00ebs. \u00c7\u00ebshtja u mbyll shpejt e shpejt, dhe Pren\u00e7i nj\u00eb dit\u00eb prej dit\u00ebsh e pa veten t\u00eb em\u00ebruar si drejtor t\u00eb policis\u00eb n\u00eb qarkun Dib\u00ebr, ku ishte deri para dy dit\u00ebsh.<\/p>\n<p>Rip\u00ebrs\u00ebris pyetjen: Duhet t\u00eb besojm\u00eb n\u00eb motivimin e mir\u00eb t\u00eb Pren\u00e7it n\u00eb k\u00ebt\u00eb denoncim? E rip\u00ebrs\u00ebris p\u00ebr t\u00eb th\u00ebn\u00eb se nuk \u00ebsht\u00eb p\u00ebrgjigja e k\u00ebsaj pyetjeje q\u00eb m\u00eb intereson (njer\u00ebz q\u00eb e njohin m\u00eb mir\u00eb mund t\u2019i japin p\u00ebrgjigje k\u00ebsaj pyetjeje). M\u00eb intereson fakti q\u00eb nj\u00eb zyrtar merr guximin t\u00eb denoncoj\u00eb \u2018mafian n\u00eb apo me pushtet\u2019, apo th\u00ebn\u00eb n\u00eb p\u00ebrgjith\u00ebsi, lidhjen e shkurt\u00ebr korruptive mes bizneseve q\u00eb punojn\u00eb n\u00eb shp\u00ebrfillje t\u00eb ligjeve e rregullave dhe strukturave t\u00eb pushtetit apo shtetit.<\/p>\n<p>\u00cbsht\u00eb nj\u00eb gj\u00eb q\u00eb ndodh shum\u00eb rrall\u00eb k\u00ebtyre an\u00ebve, ku njer\u00ebzit nuk e kan\u00eb b\u00ebr\u00eb t\u00eb udh\u00ebs t\u00eb ngrejn\u00eb z\u00ebrin kund\u00ebr atyre q\u00eb c\u00ebnojn\u00eb t\u00eb mir\u00ebn publike apo dhunojn\u00eb ligjet e shtetit, p\u00ebr sa koh\u00eb q\u00eb nuk \u00ebsht\u00eb d\u00ebmtuar interesi i tyre i ngusht\u00eb. Njer\u00ebzit e administrat\u00ebs publike shqiptare, pothuaj q\u00eb t\u00eb gjith\u00eb, kan\u00eb treguar gjith\u00eb k\u00ebto koh\u00eb, por sidomos vitet e fundit, se vendi i pun\u00ebs q\u00eb kan\u00eb, tok me t\u00eb mirat legale e ilegale q\u00eb prodhon, \u00ebsht\u00eb ku e ku m\u00eb i r\u00ebnd\u00ebsish\u00ebm se sa interesi m\u00eb sublime publik apo nacional.<\/p>\n<p>Po marr nj\u00eb rrethan\u00eb q\u00eb m\u00eb duket shum\u00eb ilustruese. E kam fjal\u00ebn p\u00ebr procesin e negocjimit t\u00eb marr\u00ebveshjes s\u00eb p\u00ebrcaktimit t\u00eb kufirit detar mes Shqip\u00ebris\u00eb e Greqis\u00eb. Si q\u00ebndron realisht \u00e7\u00ebshtja? \u00cbsht\u00eb e v\u00ebrtet\u00eb pra q\u00eb kjo marr\u00ebveshje i shkon pas volles interesave t\u00eb Greqis\u00eb, dhe \u00ebsht\u00eb krejt n\u00eb d\u00ebm t\u00eb interesave t\u00eb Shqip\u00ebris\u00eb?<\/p>\n<p>Q\u00eb t\u00eb fitoj pak besuesh\u00ebmri n\u00eb arsyetimet q\u00eb po b\u00ebj, e n\u00eb p\u00ebrfundimet ku do t\u00eb arrij, po heq dor\u00eb nga bindja q\u00eb kam e po mbetem tek nj\u00eb version minimal, ose th\u00ebn\u00eb ndryshe, tek nj\u00eb v\u00ebzhgim me pahir \u2018objektiv\u2019: \u201cAjo marr\u00ebveshje ishte shum\u00eb e diskutueshme\u201d. Dhe n\u00eb k\u00ebto rrethana, kur qeveria shqiptare po hartonte pra nj\u00eb marr\u00ebveshje q\u00eb ha diskutim t\u00eb b\u00ebn p\u00ebrtshtypje, madje t\u00eb l\u00eb pa goj\u00eb, fakti q\u00eb asnj\u00eb prej shqiptar\u00ebve t\u00eb administrat\u00ebs son\u00eb t\u00eb p\u00ebrfshir\u00eb n\u00eb nj\u00eb m\u00ebnyr\u00eb a n\u00eb nj\u00eb tjet\u00ebr n\u00eb hartimin, p\u00ebrgatitjen e negocjimin e k\u00ebsaj marr\u00ebveshjeje nuk i b\u00ebri publike ca dyshime t\u00eb vetat.<\/p>\n<p>Duhet t\u00eb ken\u00eb qen\u00eb t\u00eb pakt\u00ebn mbi 100 shqiptar\u00eb t\u00eb paguar nga buxheti i shtetit, n\u00ebpun\u00ebs, ekspert\u00eb, diplomat\u00eb, drejtor\u00eb, sekretar\u00eb, k\u00ebshilltar\u00eb, zv. ministra, ministra t\u00eb ministrive e dikastereve t\u00eb ndryshme (n\u00eb kryeministri, ministrin\u00eb e mbrojtjes, ministrin\u00eb e jashtme, etj), q\u00eb e kan\u00eb ndjekur n\u00eb vijim\u00ebsi k\u00ebt\u00eb \u00e7\u00ebshtje, q\u00eb e kan\u00eb diskutuar e shqyrtuar mes tyre, dhe t\u00eb vjen t\u00eb plas\u00ebsh q\u00eb asnj\u00eb syresh nuk u ndie deri n\u00eb fund, kur Gjykata Kushtetuese i tha \u2018stop\u2019 marr\u00ebveshjes (sikur t\u00eb mos ishin 5-6 an\u00ebtar\u00eb t\u00eb GJK-s\u00eb, vendi i pun\u00ebs t\u00eb t\u00eb cil\u00ebve \u00ebsht\u00eb i mbrojtur dhe i blinduar n\u00eb m\u00ebnyr\u00eb kushtetuese, ajo marr\u00ebveshje do ish tani nj\u00eb fakt i kryer).<\/p>\n<p>Si \u00ebsht\u00eb e mundur q\u00eb t\u00eb gjith\u00eb k\u00ebta njer\u00ebz kan\u00eb jetuar fare pa t\u00eb keq me nj\u00eb dyshim t\u00eb till\u00eb (vini re: po flas gjith\u00eb koh\u00ebn p\u00ebr dyshime; e jo p\u00ebr bindje)? Si \u00ebsht\u00eb e mundur q\u00eb thjesht e vet\u00ebm p\u00ebr nj\u00eb rrog\u00eb e p\u00ebr nj\u00eb palo status q\u00eb u vjen prej t\u00eb q\u00ebnit zyrtar i administrat\u00ebs publike t\u2019mos i ken\u00eb dh\u00ebn\u00eb z\u00eb k\u00ebtij dyshimi mbi shitjen e interesave komb\u00ebtare? Qofshin ata q\u00eb jan\u00eb!<\/p>\n<p>Por kjo \u00ebsht\u00eb Shqip\u00ebria. T\u00eb nj\u00ebjt\u00ebn gj\u00eb mund t\u00eb thoshim dhe p\u00ebr 21 janarin. Jan\u00eb me dhjetra vet\u00eb q\u00eb e din\u00eb at\u00eb q\u00eb ka ndodhur, q\u00eb e din\u00eb se kush ka urdh\u00ebruar t\u00eb q\u00ebllohet me arm\u00eb mbi protestuesit, q\u00eb din\u00eb gjith\u00e7ka q\u00eb ka ndodhur at\u00eb dit\u00eb, dhe \u00ebsht\u00eb skandaloz fakti q\u00eb asnj\u00eb prej tyre nuk guxon t\u00eb b\u00ebj\u00eb nj\u00eb denoncim. Apo t\u00eb distancohet nga banda e vras\u00ebsve, duke u th\u00ebn\u00eb \u201cju kam b\u00ebr\u00eb naft\u00ebn m\u00fa n\u00eb rrog\u00ebn q\u00eb m\u00eb jepni!\u201d<\/p>\n<p>N\u00eb k\u00ebt\u00eb kontekst pra t\u00eb b\u00ebn p\u00ebrshtypje sa t\u00eb duash q\u00eb m\u00eb n\u00eb fund del nj\u00eb zyrtar i lart\u00eb i shtetit, n\u00eb k\u00ebt\u00eb rrethan\u00eb nj\u00eb drejtor policie, dhe thot\u00eb: \u201cUn\u00eb denoncoj mafien me dhe n\u00eb pushtet\u201d. Kjo \u00ebsht\u00eb nj\u00eb ngjarje e r\u00ebnd\u00ebsishme. Shum\u00eb e r\u00ebnd\u00ebsishme.<\/p>\n<p><em>Shqip<\/em><\/p>\n","protected":false},"excerpt":{"rendered":"<p>Nga Mustafa Nano, 26 prill 2012 Drejtori i policis\u00eb s\u00eb qarkut Dib\u00ebr, Shemsi Pren\u00e7i, ka dh\u00ebn\u00eb dor\u00ebheqjen. Dy dit\u00eb m\u00eb par\u00eb, ai \u00ebsht\u00eb pezulluar nga kjo detyr\u00eb me urdh\u00ebr t\u00eb ministrit t\u00eb brendsh\u00ebm, Bujar Nishani, me motivacionin se \u201cka b\u00ebr\u00eb luft\u00eb selektive ndaj bizneseve t\u00eb kromit, dhe se ka tejkaluar kompetencat, duke u b\u00ebr\u00eb penges\u00eb [&hellip;]<\/p>\n","protected":false},"author":1,"featured_media":0,"comment_status":"open","ping_status":"closed","sticky":false,"template":"","format":"standard","meta":{"footnotes":""},"categories":[2],"tags":[],"class_list":{"0":"post-2637","1":"post","2":"type-post","3":"status-publish","4":"format-standard","6":"category-artikuj"},"yoast_head":"<!-- This site is optimized with the Yoast SEO plugin v27.4 - https:\/\/yoast.com\/product\/yoast-seo-wordpress\/ -->\n<title>M\u00eb n\u00eb fund, nj\u00eb zyrtar denoncon \u2018mafian n\u00eb apo me pushtet\u2019. - FjALA e LIR\u00cb - Arkivi<\/title>\n<meta name=\"robots\" content=\"index, follow, max-snippet:-1, max-image-preview:large, max-video-preview:-1\" \/>\n<link rel=\"canonical\" href=\"https:\/\/fjala.info\/2009-2015\/me-ne-fund-nje-zyrtar-denoncon-mafian-ne-apo-me-pushtet\/\" \/>\n<meta property=\"og:locale\" content=\"sq_AL\" \/>\n<meta property=\"og:type\" content=\"article\" \/>\n<meta property=\"og:title\" content=\"M\u00eb n\u00eb fund, nj\u00eb zyrtar denoncon \u2018mafian n\u00eb apo me pushtet\u2019. - FjALA e LIR\u00cb - Arkivi\" \/>\n<meta property=\"og:description\" content=\"Nga Mustafa Nano, 26 prill 2012 Drejtori i policis\u00eb s\u00eb qarkut Dib\u00ebr, Shemsi Pren\u00e7i, ka dh\u00ebn\u00eb dor\u00ebheqjen. Dy dit\u00eb m\u00eb par\u00eb, ai \u00ebsht\u00eb pezulluar nga kjo detyr\u00eb me urdh\u00ebr t\u00eb ministrit t\u00eb brendsh\u00ebm, Bujar Nishani, me motivacionin se \u201cka b\u00ebr\u00eb luft\u00eb selektive ndaj bizneseve t\u00eb kromit, dhe se ka tejkaluar kompetencat, duke u b\u00ebr\u00eb penges\u00eb [&hellip;]\" \/>\n<meta property=\"og:url\" content=\"https:\/\/fjala.info\/2009-2015\/me-ne-fund-nje-zyrtar-denoncon-mafian-ne-apo-me-pushtet\/\" \/>\n<meta property=\"og:site_name\" content=\"FjALA e LIR\u00cb - Arkivi\" \/>\n<meta property=\"article:published_time\" content=\"2012-04-26T21:25:14+00:00\" \/>\n<meta property=\"og:image\" content=\"http:\/\/www.shkoder.net\/2012\/femije_germadha.jpg\" \/>\n<meta name=\"author\" content=\"admin\" \/>\n<meta name=\"twitter:card\" content=\"summary_large_image\" \/>\n<meta name=\"twitter:label1\" content=\"Written by\" \/>\n\t<meta name=\"twitter:data1\" content=\"admin\" \/>\n\t<meta name=\"twitter:label2\" content=\"Est. reading time\" \/>\n\t<meta name=\"twitter:data2\" content=\"7 minutes\" \/>\n<script type=\"application\/ld+json\" class=\"yoast-schema-graph\">{\"@context\":\"https:\\\/\\\/schema.org\",\"@graph\":[{\"@type\":\"Article\",\"@id\":\"https:\\\/\\\/fjala.info\\\/2009-2015\\\/me-ne-fund-nje-zyrtar-denoncon-mafian-ne-apo-me-pushtet\\\/#article\",\"isPartOf\":{\"@id\":\"https:\\\/\\\/fjala.info\\\/2009-2015\\\/me-ne-fund-nje-zyrtar-denoncon-mafian-ne-apo-me-pushtet\\\/\"},\"author\":{\"name\":\"admin\",\"@id\":\"https:\\\/\\\/fjala.info\\\/2009-2015\\\/#\\\/schema\\\/person\\\/3aa1163ef05469c496fc94e77611ada2\"},\"headline\":\"M\u00eb n\u00eb fund, nj\u00eb zyrtar denoncon \u2018mafian n\u00eb apo me pushtet\u2019.\",\"datePublished\":\"2012-04-26T21:25:14+00:00\",\"mainEntityOfPage\":{\"@id\":\"https:\\\/\\\/fjala.info\\\/2009-2015\\\/me-ne-fund-nje-zyrtar-denoncon-mafian-ne-apo-me-pushtet\\\/\"},\"wordCount\":1383,\"commentCount\":0,\"publisher\":{\"@id\":\"https:\\\/\\\/fjala.info\\\/2009-2015\\\/#organization\"},\"image\":{\"@id\":\"https:\\\/\\\/fjala.info\\\/2009-2015\\\/me-ne-fund-nje-zyrtar-denoncon-mafian-ne-apo-me-pushtet\\\/#primaryimage\"},\"thumbnailUrl\":\"http:\\\/\\\/www.shkoder.net\\\/2012\\\/femije_germadha.jpg\",\"articleSection\":[\"Artikuj\"],\"inLanguage\":\"sq-AL\",\"potentialAction\":[{\"@type\":\"CommentAction\",\"name\":\"Comment\",\"target\":[\"https:\\\/\\\/fjala.info\\\/2009-2015\\\/me-ne-fund-nje-zyrtar-denoncon-mafian-ne-apo-me-pushtet\\\/#respond\"]}]},{\"@type\":\"WebPage\",\"@id\":\"https:\\\/\\\/fjala.info\\\/2009-2015\\\/me-ne-fund-nje-zyrtar-denoncon-mafian-ne-apo-me-pushtet\\\/\",\"url\":\"https:\\\/\\\/fjala.info\\\/2009-2015\\\/me-ne-fund-nje-zyrtar-denoncon-mafian-ne-apo-me-pushtet\\\/\",\"name\":\"M\u00eb n\u00eb fund, nj\u00eb zyrtar denoncon \u2018mafian n\u00eb apo me pushtet\u2019. - FjALA e LIR\u00cb - Arkivi\",\"isPartOf\":{\"@id\":\"https:\\\/\\\/fjala.info\\\/2009-2015\\\/#website\"},\"primaryImageOfPage\":{\"@id\":\"https:\\\/\\\/fjala.info\\\/2009-2015\\\/me-ne-fund-nje-zyrtar-denoncon-mafian-ne-apo-me-pushtet\\\/#primaryimage\"},\"image\":{\"@id\":\"https:\\\/\\\/fjala.info\\\/2009-2015\\\/me-ne-fund-nje-zyrtar-denoncon-mafian-ne-apo-me-pushtet\\\/#primaryimage\"},\"thumbnailUrl\":\"http:\\\/\\\/www.shkoder.net\\\/2012\\\/femije_germadha.jpg\",\"datePublished\":\"2012-04-26T21:25:14+00:00\",\"breadcrumb\":{\"@id\":\"https:\\\/\\\/fjala.info\\\/2009-2015\\\/me-ne-fund-nje-zyrtar-denoncon-mafian-ne-apo-me-pushtet\\\/#breadcrumb\"},\"inLanguage\":\"sq-AL\",\"potentialAction\":[{\"@type\":\"ReadAction\",\"target\":[\"https:\\\/\\\/fjala.info\\\/2009-2015\\\/me-ne-fund-nje-zyrtar-denoncon-mafian-ne-apo-me-pushtet\\\/\"]}]},{\"@type\":\"ImageObject\",\"inLanguage\":\"sq-AL\",\"@id\":\"https:\\\/\\\/fjala.info\\\/2009-2015\\\/me-ne-fund-nje-zyrtar-denoncon-mafian-ne-apo-me-pushtet\\\/#primaryimage\",\"url\":\"http:\\\/\\\/www.shkoder.net\\\/2012\\\/femije_germadha.jpg\",\"contentUrl\":\"http:\\\/\\\/www.shkoder.net\\\/2012\\\/femije_germadha.jpg\"},{\"@type\":\"BreadcrumbList\",\"@id\":\"https:\\\/\\\/fjala.info\\\/2009-2015\\\/me-ne-fund-nje-zyrtar-denoncon-mafian-ne-apo-me-pushtet\\\/#breadcrumb\",\"itemListElement\":[{\"@type\":\"ListItem\",\"position\":1,\"name\":\"Home\",\"item\":\"https:\\\/\\\/fjala.info\\\/2009-2015\\\/\"},{\"@type\":\"ListItem\",\"position\":2,\"name\":\"M\u00eb n\u00eb fund, nj\u00eb zyrtar denoncon \u2018mafian n\u00eb apo me pushtet\u2019.\"}]},{\"@type\":\"WebSite\",\"@id\":\"https:\\\/\\\/fjala.info\\\/2009-2015\\\/#website\",\"url\":\"https:\\\/\\\/fjala.info\\\/2009-2015\\\/\",\"name\":\"FjALA e LIR\u00cb - Arkivi\",\"description\":\"Arkivi 2009-2015\",\"publisher\":{\"@id\":\"https:\\\/\\\/fjala.info\\\/2009-2015\\\/#organization\"},\"potentialAction\":[{\"@type\":\"SearchAction\",\"target\":{\"@type\":\"EntryPoint\",\"urlTemplate\":\"https:\\\/\\\/fjala.info\\\/2009-2015\\\/?s={search_term_string}\"},\"query-input\":{\"@type\":\"PropertyValueSpecification\",\"valueRequired\":true,\"valueName\":\"search_term_string\"}}],\"inLanguage\":\"sq-AL\"},{\"@type\":\"Organization\",\"@id\":\"https:\\\/\\\/fjala.info\\\/2009-2015\\\/#organization\",\"name\":\"FjALA e LIR\u00cb - Arkivi\",\"url\":\"https:\\\/\\\/fjala.info\\\/2009-2015\\\/\",\"logo\":{\"@type\":\"ImageObject\",\"inLanguage\":\"sq-AL\",\"@id\":\"https:\\\/\\\/fjala.info\\\/2009-2015\\\/#\\\/schema\\\/logo\\\/image\\\/\",\"url\":\"\",\"contentUrl\":\"\",\"caption\":\"FjALA e LIR\u00cb - Arkivi\"},\"image\":{\"@id\":\"https:\\\/\\\/fjala.info\\\/2009-2015\\\/#\\\/schema\\\/logo\\\/image\\\/\"}},{\"@type\":\"Person\",\"@id\":\"https:\\\/\\\/fjala.info\\\/2009-2015\\\/#\\\/schema\\\/person\\\/3aa1163ef05469c496fc94e77611ada2\",\"name\":\"admin\",\"image\":{\"@type\":\"ImageObject\",\"inLanguage\":\"sq-AL\",\"@id\":\"https:\\\/\\\/fjala.info\\\/2009-2015\\\/wp-content\\\/uploads\\\/2012\\\/02\\\/arben_cokaj-120x150.jpg\",\"url\":\"https:\\\/\\\/fjala.info\\\/2009-2015\\\/wp-content\\\/uploads\\\/2012\\\/02\\\/arben_cokaj-120x150.jpg\",\"contentUrl\":\"https:\\\/\\\/fjala.info\\\/2009-2015\\\/wp-content\\\/uploads\\\/2012\\\/02\\\/arben_cokaj-120x150.jpg\",\"caption\":\"admin\"},\"description\":\"Admin, Fjala e Lir\u00eb\",\"sameAs\":[\"https:\\\/\\\/fjala.info\\\/\"],\"url\":\"https:\\\/\\\/fjala.info\\\/2009-2015\\\/author\\\/admin\\\/\"}]}<\/script>\n<!-- \/ Yoast SEO plugin. -->","yoast_head_json":{"title":"M\u00eb n\u00eb fund, nj\u00eb zyrtar denoncon \u2018mafian n\u00eb apo me pushtet\u2019. - FjALA e LIR\u00cb - Arkivi","robots":{"index":"index","follow":"follow","max-snippet":"max-snippet:-1","max-image-preview":"max-image-preview:large","max-video-preview":"max-video-preview:-1"},"canonical":"https:\/\/fjala.info\/2009-2015\/me-ne-fund-nje-zyrtar-denoncon-mafian-ne-apo-me-pushtet\/","og_locale":"sq_AL","og_type":"article","og_title":"M\u00eb n\u00eb fund, nj\u00eb zyrtar denoncon \u2018mafian n\u00eb apo me pushtet\u2019. - FjALA e LIR\u00cb - Arkivi","og_description":"Nga Mustafa Nano, 26 prill 2012 Drejtori i policis\u00eb s\u00eb qarkut Dib\u00ebr, Shemsi Pren\u00e7i, ka dh\u00ebn\u00eb dor\u00ebheqjen. Dy dit\u00eb m\u00eb par\u00eb, ai \u00ebsht\u00eb pezulluar nga kjo detyr\u00eb me urdh\u00ebr t\u00eb ministrit t\u00eb brendsh\u00ebm, Bujar Nishani, me motivacionin se \u201cka b\u00ebr\u00eb luft\u00eb selektive ndaj bizneseve t\u00eb kromit, dhe se ka tejkaluar kompetencat, duke u b\u00ebr\u00eb penges\u00eb [&hellip;]","og_url":"https:\/\/fjala.info\/2009-2015\/me-ne-fund-nje-zyrtar-denoncon-mafian-ne-apo-me-pushtet\/","og_site_name":"FjALA e LIR\u00cb - Arkivi","article_published_time":"2012-04-26T21:25:14+00:00","og_image":[{"url":"http:\/\/www.shkoder.net\/2012\/femije_germadha.jpg","type":"","width":"","height":""}],"author":"admin","twitter_card":"summary_large_image","twitter_misc":{"Written by":"admin","Est. reading time":"7 minutes"},"schema":{"@context":"https:\/\/schema.org","@graph":[{"@type":"Article","@id":"https:\/\/fjala.info\/2009-2015\/me-ne-fund-nje-zyrtar-denoncon-mafian-ne-apo-me-pushtet\/#article","isPartOf":{"@id":"https:\/\/fjala.info\/2009-2015\/me-ne-fund-nje-zyrtar-denoncon-mafian-ne-apo-me-pushtet\/"},"author":{"name":"admin","@id":"https:\/\/fjala.info\/2009-2015\/#\/schema\/person\/3aa1163ef05469c496fc94e77611ada2"},"headline":"M\u00eb n\u00eb fund, nj\u00eb zyrtar denoncon \u2018mafian n\u00eb apo me pushtet\u2019.","datePublished":"2012-04-26T21:25:14+00:00","mainEntityOfPage":{"@id":"https:\/\/fjala.info\/2009-2015\/me-ne-fund-nje-zyrtar-denoncon-mafian-ne-apo-me-pushtet\/"},"wordCount":1383,"commentCount":0,"publisher":{"@id":"https:\/\/fjala.info\/2009-2015\/#organization"},"image":{"@id":"https:\/\/fjala.info\/2009-2015\/me-ne-fund-nje-zyrtar-denoncon-mafian-ne-apo-me-pushtet\/#primaryimage"},"thumbnailUrl":"http:\/\/www.shkoder.net\/2012\/femije_germadha.jpg","articleSection":["Artikuj"],"inLanguage":"sq-AL","potentialAction":[{"@type":"CommentAction","name":"Comment","target":["https:\/\/fjala.info\/2009-2015\/me-ne-fund-nje-zyrtar-denoncon-mafian-ne-apo-me-pushtet\/#respond"]}]},{"@type":"WebPage","@id":"https:\/\/fjala.info\/2009-2015\/me-ne-fund-nje-zyrtar-denoncon-mafian-ne-apo-me-pushtet\/","url":"https:\/\/fjala.info\/2009-2015\/me-ne-fund-nje-zyrtar-denoncon-mafian-ne-apo-me-pushtet\/","name":"M\u00eb n\u00eb fund, nj\u00eb zyrtar denoncon \u2018mafian n\u00eb apo me pushtet\u2019. - FjALA e LIR\u00cb - Arkivi","isPartOf":{"@id":"https:\/\/fjala.info\/2009-2015\/#website"},"primaryImageOfPage":{"@id":"https:\/\/fjala.info\/2009-2015\/me-ne-fund-nje-zyrtar-denoncon-mafian-ne-apo-me-pushtet\/#primaryimage"},"image":{"@id":"https:\/\/fjala.info\/2009-2015\/me-ne-fund-nje-zyrtar-denoncon-mafian-ne-apo-me-pushtet\/#primaryimage"},"thumbnailUrl":"http:\/\/www.shkoder.net\/2012\/femije_germadha.jpg","datePublished":"2012-04-26T21:25:14+00:00","breadcrumb":{"@id":"https:\/\/fjala.info\/2009-2015\/me-ne-fund-nje-zyrtar-denoncon-mafian-ne-apo-me-pushtet\/#breadcrumb"},"inLanguage":"sq-AL","potentialAction":[{"@type":"ReadAction","target":["https:\/\/fjala.info\/2009-2015\/me-ne-fund-nje-zyrtar-denoncon-mafian-ne-apo-me-pushtet\/"]}]},{"@type":"ImageObject","inLanguage":"sq-AL","@id":"https:\/\/fjala.info\/2009-2015\/me-ne-fund-nje-zyrtar-denoncon-mafian-ne-apo-me-pushtet\/#primaryimage","url":"http:\/\/www.shkoder.net\/2012\/femije_germadha.jpg","contentUrl":"http:\/\/www.shkoder.net\/2012\/femije_germadha.jpg"},{"@type":"BreadcrumbList","@id":"https:\/\/fjala.info\/2009-2015\/me-ne-fund-nje-zyrtar-denoncon-mafian-ne-apo-me-pushtet\/#breadcrumb","itemListElement":[{"@type":"ListItem","position":1,"name":"Home","item":"https:\/\/fjala.info\/2009-2015\/"},{"@type":"ListItem","position":2,"name":"M\u00eb n\u00eb fund, nj\u00eb zyrtar denoncon \u2018mafian n\u00eb apo me pushtet\u2019."}]},{"@type":"WebSite","@id":"https:\/\/fjala.info\/2009-2015\/#website","url":"https:\/\/fjala.info\/2009-2015\/","name":"FjALA e LIR\u00cb - Arkivi","description":"Arkivi 2009-2015","publisher":{"@id":"https:\/\/fjala.info\/2009-2015\/#organization"},"potentialAction":[{"@type":"SearchAction","target":{"@type":"EntryPoint","urlTemplate":"https:\/\/fjala.info\/2009-2015\/?s={search_term_string}"},"query-input":{"@type":"PropertyValueSpecification","valueRequired":true,"valueName":"search_term_string"}}],"inLanguage":"sq-AL"},{"@type":"Organization","@id":"https:\/\/fjala.info\/2009-2015\/#organization","name":"FjALA e LIR\u00cb - Arkivi","url":"https:\/\/fjala.info\/2009-2015\/","logo":{"@type":"ImageObject","inLanguage":"sq-AL","@id":"https:\/\/fjala.info\/2009-2015\/#\/schema\/logo\/image\/","url":"","contentUrl":"","caption":"FjALA e LIR\u00cb - Arkivi"},"image":{"@id":"https:\/\/fjala.info\/2009-2015\/#\/schema\/logo\/image\/"}},{"@type":"Person","@id":"https:\/\/fjala.info\/2009-2015\/#\/schema\/person\/3aa1163ef05469c496fc94e77611ada2","name":"admin","image":{"@type":"ImageObject","inLanguage":"sq-AL","@id":"https:\/\/fjala.info\/2009-2015\/wp-content\/uploads\/2012\/02\/arben_cokaj-120x150.jpg","url":"https:\/\/fjala.info\/2009-2015\/wp-content\/uploads\/2012\/02\/arben_cokaj-120x150.jpg","contentUrl":"https:\/\/fjala.info\/2009-2015\/wp-content\/uploads\/2012\/02\/arben_cokaj-120x150.jpg","caption":"admin"},"description":"Admin, Fjala e Lir\u00eb","sameAs":["https:\/\/fjala.info\/"],"url":"https:\/\/fjala.info\/2009-2015\/author\/admin\/"}]}},"_links":{"self":[{"href":"https:\/\/fjala.info\/2009-2015\/wp-json\/wp\/v2\/posts\/2637","targetHints":{"allow":["GET"]}}],"collection":[{"href":"https:\/\/fjala.info\/2009-2015\/wp-json\/wp\/v2\/posts"}],"about":[{"href":"https:\/\/fjala.info\/2009-2015\/wp-json\/wp\/v2\/types\/post"}],"author":[{"embeddable":true,"href":"https:\/\/fjala.info\/2009-2015\/wp-json\/wp\/v2\/users\/1"}],"replies":[{"embeddable":true,"href":"https:\/\/fjala.info\/2009-2015\/wp-json\/wp\/v2\/comments?post=2637"}],"version-history":[{"count":0,"href":"https:\/\/fjala.info\/2009-2015\/wp-json\/wp\/v2\/posts\/2637\/revisions"}],"wp:attachment":[{"href":"https:\/\/fjala.info\/2009-2015\/wp-json\/wp\/v2\/media?parent=2637"}],"wp:term":[{"taxonomy":"category","embeddable":true,"href":"https:\/\/fjala.info\/2009-2015\/wp-json\/wp\/v2\/categories?post=2637"},{"taxonomy":"post_tag","embeddable":true,"href":"https:\/\/fjala.info\/2009-2015\/wp-json\/wp\/v2\/tags?post=2637"}],"curies":[{"name":"wp","href":"https:\/\/api.w.org\/{rel}","templated":true}]}}