{"id":2636,"date":"2010-05-13T22:03:52","date_gmt":"2010-05-13T21:03:52","guid":{"rendered":"http:\/\/fjala.shkoder.net\/?p=2636"},"modified":"2010-05-13T22:03:52","modified_gmt":"2010-05-13T21:03:52","slug":"nje-shenim-per-greven-dhe-lirine","status":"publish","type":"post","link":"https:\/\/fjala.info\/2009-2015\/nje-shenim-per-greven-dhe-lirine\/","title":{"rendered":"Nj\u00eb sh\u00ebnim p\u00ebr grev\u00ebn dhe lirin\u00eb"},"content":{"rendered":"<p><strong>Mimoza Dervishi<\/strong><\/p>\n<p>T\u00eb mart\u00ebn, me disa koleg\u00eb gazetar\u00eb iu bashkuam nj\u00eb grupi t\u00eb madh intelektual\u00ebsh dhe aty rreth mesdit\u00ebs hym\u00eb n\u00eb \u00e7adr\u00ebn e bulevardit &#8220;D\u00ebshmor\u00ebt e Kombit&#8221;. Kisha hyr\u00eb dhe nj\u00eb jav\u00eb m\u00eb par\u00eb dhe krah profesionit q\u00eb m\u00eb detyron t\u00eb shkoj atje dhe shoh e prek se \u00e7far\u00eb b\u00ebhet, nuk mund t\u00eb shmang shqet\u00ebsimin njer\u00ebzor p\u00ebr 200 qytetar\u00eb q\u00eb po rrojn\u00eb prej dit\u00ebsh vet\u00ebm me uj\u00eb.<\/p>\n<p>Nuk \u00ebsht\u00eb greva e par\u00eb q\u00eb me bie radha t\u00eb hyj. Dikur n\u00eb shkurt t\u00eb 1997-s, kam kap\u00ebrcyer pragun e Universitetit t\u00eb Vlor\u00ebs, ku disa student\u00eb, n\u00eb mosh\u00ebn time at\u00eb koh\u00eb, protestonin kund\u00ebr regjimit piramidal t\u00eb Berish\u00ebs. Kur hyra, nj\u00eb student, n\u00eb k\u00ebmbim t\u00eb lules q\u00eb i dhash\u00eb, m\u00eb dhuroi nj\u00eb faqe t\u00eb gazet\u00ebs &#8220;Koha Jon\u00eb&#8221;, q\u00eb e mbante si hajmali n\u00eb xhepin e brendsh\u00ebm.<\/p>\n<p>M\u00eb pas, fill pas zgjedhjeve t\u00eb atij viti t\u00eb v\u00ebshtir\u00eb, n\u00eb selin\u00eb e Kuvendit t\u00eb Shqip\u00ebris\u00eb, nj\u00eb plak i urt\u00eb i s\u00eb djatht\u00ebs, Pjet\u00ebr Arbnori, protestonte n\u00eb m\u00ebnyr\u00ebn e tij. Arrita t\u00eb hyj n\u00eb at\u00eb kthin\u00eb t\u00eb vog\u00ebl ku ishte shtrir\u00eb, p\u00ebr ta intervistuar, dhe e mbaj mend dhe tani trupin e tij t\u00eb drobitur mb\u00ebshtjell\u00eb me pizhame ngjyre boj\u00ebqielli. M\u00eb duket se m\u00eb vinte ende era hi nga ai i gazet\u00ebs s\u00eb djegur &#8220;Koha Jon\u00eb&#8221;. Arbnori protestonte p\u00ebr lirin\u00eb  e medias.<\/p>\n<p>N\u00eb t\u00eb dyja k\u00ebto raste t\u00eb ndodhura n\u00eb nj\u00eb vit t\u00eb zymt\u00eb shqiptar, me protagoniste n\u00eb kahe t\u00eb kund\u00ebrta, kam ndier ve\u00e7 respekt dhe shqet\u00ebsimin njer\u00ebzor se mos p\u00ebsojn\u00eb gj\u00eb. Profesionalisht vet\u00ebm m\u00eb kan\u00eb sh\u00ebrbyer k\u00ebto eksperienca. Pas 13 vjet\u00ebsh, as q\u00eb e kisha menduar se do kap\u00ebrceja pragun e nj\u00eb tjet\u00ebr greve urie, ku jan\u00eb jo pak, por 200 njer\u00ebz t\u00eb mb\u00ebshtjell\u00eb me ngjyrat e flamurit komb\u00ebtar. Un\u00eb kam respekt p\u00ebr grevist\u00ebt e bulevardit, dhe nuk mendoj \u00e7far\u00eb luksesh po m\u00eb mungojn\u00eb, pse ata pengojn\u00eb trafikun, por m\u00eb zihet buka n\u00eb fyt, sepse atyre u mungon buka. Un\u00eb e kuptoj shqet\u00ebsimin e atyre q\u00eb nuk p\u00ebrdorin dot makin\u00ebn lirsh\u00ebm kur bulevardi \u00ebsht\u00eb i z\u00ebn\u00eb, por nuk mendoj q\u00eb pse makina ime ec\u00ebn m\u00eb ngadal\u00eb, demokracia nuk funksionon. <\/p>\n<p>Me apo pa trafik, demokracia k\u00ebtu as nuk ec\u00ebn, as nuk shtyhet, sepse zgjedhjet vidhen dhe s&#8217;ka m\u00eb keq se t\u00eb vjedh\u00ebsh zgjedhjen e tjetrit. E di q\u00eb ajo \u00e7ad\u00ebr po ngadal\u00ebson trafikun, por shpresoj se do shtyj\u00eb p\u00ebrpara demokracin\u00eb.<br \/>\nAs m\u00eb b\u00ebn p\u00ebrshtypje fare q\u00eb n\u00eb televizionin &#8220;Klan&#8221;, emri im dhe i disa koleg\u00ebve t\u00eb mi u p\u00ebrmend\u00ebn nj\u00eb p\u00ebr nj\u00eb, si n\u00eb ato flet\u00ebrrufet\u00eb komuniste, pse kishim guxuar t\u00eb \u00e7onim nj\u00eb tuf\u00eb lule te grevist\u00ebt. Dhe madje dua t\u2019u tregoj flet\u00ebrr\u00ebfyesve se un\u00eb kaloj p\u00ebrdit\u00eb nga \u00e7adra, pa pyetur k\u00ebnd, pa i dh\u00ebne llogari kujt. Ashtu si kur shkruaj, v\u00eb emrin tim dhe p\u00ebrdor gjith\u00eb lirin\u00eb time. T\u00eb cil\u00ebn nuk e negocioj, aq m\u00eb pak e shk\u00ebmbej.<\/p>\n<p>Jetojm\u00eb n\u00eb koh\u00ebra t\u00eb \u00e7uditshme, ku media n\u00eb p\u00ebrgjith\u00ebsi \u00ebsht\u00eb antiopozitare, dhe ku media qeveritare b\u00ebn t\u00eb persekutuar\u00ebn, ku gazeta q\u00eb i japin nj\u00eb nam t\u00eb keq shtypit shqiptar, merren me dramat personale t\u00eb grevist\u00ebve, ku nx\u00ebn\u00ebsit nxirren me dhun\u00eb t\u00eb protestojn\u00eb kund\u00ebr protest\u00ebs dhe ku nj\u00eb grup artist\u00ebsh, v\u00ebn\u00eb firmat kundra grev\u00ebs. M\u2019u desh shum\u00eb ta g\u00eblltisja k\u00ebt\u00eb lajmin me intelektual\u00eb dhe artist\u00eb. Kujtoj q\u00eb n\u00eb nj\u00eb bot\u00eb t\u00eb emancipuar, artist\u00ebt e lir\u00eb, rebel\u00eb nga natyra, zot dhe zot\u00ebrues vet\u00ebm t\u00eb talentit t\u00eb tyre, jan\u00eb t\u00eb par\u00ebt q\u00eb rreshtohen kundra \u00e7do m\u00ebkati qeveritar, jan\u00eb nism\u00ebtar\u00eb t\u00eb rrymave, i japin z\u00eb asaj q\u00eb t\u00eb tjer\u00ebt edhe kan\u00eb v\u00ebshtir\u00ebsi ta shprehin, kryesisht liris\u00eb. Kundra-mitingasit dhe kundra -grevist\u00ebt m\u00eb jan\u00eb dhimbsur dhe m\u00eb jan\u00eb dukur t\u00eb pashk\u00ebputur nga mentaliteti komunist dhe rroga e shtetit, sot m\u00eb duken dhe t\u00eb paaft\u00eb. Sepse kur e quan veten artist, vet\u00ebm mediokriteti t\u00eb detyron t\u00eb vihesh n\u00eb listat e pushtetit. <\/p>\n<p>Sepse artist\u00ebt nuk jan\u00eb njer\u00ebz dokudo, nuk jan\u00eb si ai punonj\u00ebsi i thjesht\u00eb i administrat\u00ebs, q\u00eb n\u00eb k\u00ebt\u00eb Shqip\u00ebri t\u00eb varf\u00ebr e t\u00eb papun\u00eb,  s&#8217;ka ku mbytet po humbi pun\u00ebn pse nuk del n\u00eb miting. Jetojm\u00eb n\u00eb bot\u00ebn e antivlerave, ku nj\u00eb televizion q\u00eb m\u00eb shum\u00eb mbahet, pse gazetar\u00ebt e tij t\u00eb famsh\u00ebm jan\u00eb pjes\u00eb e pandar\u00eb e delegacioneve qeveritare, guxon t\u00eb na tregoj\u00eb me gisht pse b\u00ebjm\u00eb nj\u00eb gjest human. Po si mund t\u00eb kompleksohesh kur n\u00eb dor\u00eb ke vet\u00ebm at\u00eb gj\u00ebn\u00eb e vog\u00ebl q\u00eb sa vjen e zvog\u00eblohet e q\u00eb quhet liri e shprehjes dhe kur n\u00eb an\u00ebn tjet\u00ebr ke gazetare &#8211; seksere t\u00eb nj\u00eb Shqip\u00ebrie mesjetare ku nuk funksionojn\u00eb institucionet, po lajm\u00ebsit, edhe p\u00ebr hir t\u00eb tyre.<\/p>\n<p>Lista e &#8220;Klanit&#8221; m\u2019u duk si ish-listat e SHIK-ut, ose atij SHISH-it q\u00eb Berisha me ligj nuk e futi dot n\u00eb dor\u00eb. Pavar\u00ebsisht etiketimeve nga njer\u00ebz pa asnj\u00eb etiket\u00eb, personalisht e v\u00eb kok\u00ebn e qet\u00eb n\u00eb jast\u00ebk&#8230;<\/p>\n<p>Kur na duhej t\u00eb linim nj\u00eb sh\u00ebnim n\u00eb librin e p\u00ebrshtypjeve t\u00eb grev\u00ebs, nj\u00eb grevist po dilte me rr\u00ebmbim p\u00ebr n\u00eb spital. Na u desh ta duartrokisnim te  dera, sipas ritualit t\u00eb \u00e7adr\u00ebs, k\u00ebtij &#8220;qyteti&#8221; t\u00eb vog\u00ebl magjik, rrethuar me lule dhe uj\u00eb. N\u00eb pamund\u00ebsi p\u00ebr t\u00eb l\u00ebn\u00eb nj\u00eb sh\u00ebnim aty, po e l\u00eb k\u00ebtu, q\u00eb ta lexojn\u00eb m\u00eb shum\u00eb se 200 zemra:<\/p>\n<p>Ju i dhat\u00eb nj\u00eb kuptim t\u00eb ri fjal\u00ebs RESPEKT, saq\u00eb m\u00eb duhet t\u00eb gjej nj\u00eb fjal\u00eb tjet\u00ebr. Mos u trishtoni kur d\u00ebgjoni q\u00eb &#8220;elitar\u00eb&#8221;, madje ish t\u00eb burgosur p\u00ebr lirin\u00eb ju baltosin, dhe kan\u00eb akoma faqe t\u00eb flasin p\u00ebr liri dhe rregulla, as nga gazetar\u00eb frikaman\u00eb q\u00eb fshihen pas paanshm\u00ebris\u00eb, aq m\u00eb pak nga ata t\u00eb rac\u00ebs s\u00eb fundme q\u00eb s&#8217;kan\u00eb lidhje as me humanizmin, as nga artist\u00eb q\u00eb marrin ende rrog\u00ebn n\u00eb shtet, e aq m\u00eb pak nga intelektual\u00eb q\u00eb n\u00eb dit\u00eb t\u00eb tilla, futen posht\u00eb divaneve.<\/p>\n<p>Un\u00eb ju kam borxh or\u00eb dhe dit\u00eb t\u00eb jet\u00ebs suaj, ju kam borxh sh\u00ebtitjet me f\u00ebmij\u00ebt, b\u00ebrjen e detyrave n\u00eb dark\u00eb me to, puthjet e tyre t\u00eb \u00ebmbla n\u00eb m\u00ebngjes, ju kam borxh p\u00ebrditshm\u00ebrin\u00eb q\u00eb e lat\u00eb peng n\u00eb themel t\u00eb bulevardit qendror, ju kam borxh forc\u00ebn q\u00eb marr kur vij aty dhe q\u00eb nuk di kur do t\u2019ua kthej, e a do jem ndonj\u00ebher\u00eb n\u00eb gjendje t\u2019ua kthej. E kam p\u00ebr borxh ta p\u00ebrdor gjith\u00eb forc\u00ebn e liris\u00eb time, tashm\u00eb n\u00eb kufijt\u00eb e mbijetes\u00ebs, me shpres\u00ebn se shton qoft\u00eb dhe nj\u00eb pik\u00eb t\u00eb vetme n\u00eb oqeanin e madh t\u00eb liris\u00eb suaj, t\u00eb asaj lirie q\u00eb po ju tret n\u00eb sublimim, p\u00ebr hir t\u00eb liris\u00eb s\u00eb t\u00eb gjith\u00ebve.<\/p>\n","protected":false},"excerpt":{"rendered":"<p>Mimoza Dervishi T\u00eb mart\u00ebn, me disa koleg\u00eb gazetar\u00eb iu bashkuam nj\u00eb grupi t\u00eb madh intelektual\u00ebsh dhe aty rreth mesdit\u00ebs hym\u00eb n\u00eb \u00e7adr\u00ebn e bulevardit &#8220;D\u00ebshmor\u00ebt e Kombit&#8221;. Kisha hyr\u00eb dhe nj\u00eb jav\u00eb m\u00eb par\u00eb dhe krah profesionit q\u00eb m\u00eb detyron t\u00eb shkoj atje dhe shoh e prek se \u00e7far\u00eb b\u00ebhet, nuk mund t\u00eb shmang shqet\u00ebsimin [&hellip;]<\/p>\n","protected":false},"author":1,"featured_media":0,"comment_status":"open","ping_status":"closed","sticky":false,"template":"","format":"standard","meta":{"footnotes":""},"categories":[2],"tags":[],"class_list":{"0":"post-2636","1":"post","2":"type-post","3":"status-publish","4":"format-standard","6":"category-artikuj"},"yoast_head":"<!-- This site is optimized with the Yoast SEO plugin v27.4 - https:\/\/yoast.com\/product\/yoast-seo-wordpress\/ -->\n<title>Nj\u00eb sh\u00ebnim p\u00ebr grev\u00ebn dhe lirin\u00eb - FjALA e LIR\u00cb - Arkivi<\/title>\n<meta name=\"robots\" content=\"index, follow, max-snippet:-1, max-image-preview:large, max-video-preview:-1\" \/>\n<link rel=\"canonical\" href=\"https:\/\/fjala.info\/2009-2015\/nje-shenim-per-greven-dhe-lirine\/\" \/>\n<meta property=\"og:locale\" content=\"sq_AL\" \/>\n<meta property=\"og:type\" content=\"article\" \/>\n<meta property=\"og:title\" content=\"Nj\u00eb sh\u00ebnim p\u00ebr grev\u00ebn dhe lirin\u00eb - FjALA e LIR\u00cb - Arkivi\" \/>\n<meta property=\"og:description\" content=\"Mimoza Dervishi T\u00eb mart\u00ebn, me disa koleg\u00eb gazetar\u00eb iu bashkuam nj\u00eb grupi t\u00eb madh intelektual\u00ebsh dhe aty rreth mesdit\u00ebs hym\u00eb n\u00eb \u00e7adr\u00ebn e bulevardit &#8220;D\u00ebshmor\u00ebt e Kombit&#8221;. Kisha hyr\u00eb dhe nj\u00eb jav\u00eb m\u00eb par\u00eb dhe krah profesionit q\u00eb m\u00eb detyron t\u00eb shkoj atje dhe shoh e prek se \u00e7far\u00eb b\u00ebhet, nuk mund t\u00eb shmang shqet\u00ebsimin [&hellip;]\" \/>\n<meta property=\"og:url\" content=\"https:\/\/fjala.info\/2009-2015\/nje-shenim-per-greven-dhe-lirine\/\" \/>\n<meta property=\"og:site_name\" content=\"FjALA e LIR\u00cb - Arkivi\" \/>\n<meta property=\"article:published_time\" content=\"2010-05-13T21:03:52+00:00\" \/>\n<meta name=\"author\" content=\"admin\" \/>\n<meta name=\"twitter:card\" content=\"summary_large_image\" \/>\n<meta name=\"twitter:label1\" content=\"Written by\" \/>\n\t<meta name=\"twitter:data1\" content=\"admin\" \/>\n\t<meta name=\"twitter:label2\" content=\"Est. reading time\" \/>\n\t<meta name=\"twitter:data2\" content=\"6 minutes\" \/>\n<script type=\"application\/ld+json\" class=\"yoast-schema-graph\">{\"@context\":\"https:\\\/\\\/schema.org\",\"@graph\":[{\"@type\":\"Article\",\"@id\":\"https:\\\/\\\/fjala.info\\\/2009-2015\\\/nje-shenim-per-greven-dhe-lirine\\\/#article\",\"isPartOf\":{\"@id\":\"https:\\\/\\\/fjala.info\\\/2009-2015\\\/nje-shenim-per-greven-dhe-lirine\\\/\"},\"author\":{\"name\":\"admin\",\"@id\":\"https:\\\/\\\/fjala.info\\\/2009-2015\\\/#\\\/schema\\\/person\\\/3aa1163ef05469c496fc94e77611ada2\"},\"headline\":\"Nj\u00eb sh\u00ebnim p\u00ebr grev\u00ebn dhe lirin\u00eb\",\"datePublished\":\"2010-05-13T21:03:52+00:00\",\"mainEntityOfPage\":{\"@id\":\"https:\\\/\\\/fjala.info\\\/2009-2015\\\/nje-shenim-per-greven-dhe-lirine\\\/\"},\"wordCount\":1220,\"commentCount\":0,\"publisher\":{\"@id\":\"https:\\\/\\\/fjala.info\\\/2009-2015\\\/#organization\"},\"articleSection\":[\"Artikuj\"],\"inLanguage\":\"sq-AL\",\"potentialAction\":[{\"@type\":\"CommentAction\",\"name\":\"Comment\",\"target\":[\"https:\\\/\\\/fjala.info\\\/2009-2015\\\/nje-shenim-per-greven-dhe-lirine\\\/#respond\"]}]},{\"@type\":\"WebPage\",\"@id\":\"https:\\\/\\\/fjala.info\\\/2009-2015\\\/nje-shenim-per-greven-dhe-lirine\\\/\",\"url\":\"https:\\\/\\\/fjala.info\\\/2009-2015\\\/nje-shenim-per-greven-dhe-lirine\\\/\",\"name\":\"Nj\u00eb sh\u00ebnim p\u00ebr grev\u00ebn dhe lirin\u00eb - FjALA e LIR\u00cb - Arkivi\",\"isPartOf\":{\"@id\":\"https:\\\/\\\/fjala.info\\\/2009-2015\\\/#website\"},\"datePublished\":\"2010-05-13T21:03:52+00:00\",\"breadcrumb\":{\"@id\":\"https:\\\/\\\/fjala.info\\\/2009-2015\\\/nje-shenim-per-greven-dhe-lirine\\\/#breadcrumb\"},\"inLanguage\":\"sq-AL\",\"potentialAction\":[{\"@type\":\"ReadAction\",\"target\":[\"https:\\\/\\\/fjala.info\\\/2009-2015\\\/nje-shenim-per-greven-dhe-lirine\\\/\"]}]},{\"@type\":\"BreadcrumbList\",\"@id\":\"https:\\\/\\\/fjala.info\\\/2009-2015\\\/nje-shenim-per-greven-dhe-lirine\\\/#breadcrumb\",\"itemListElement\":[{\"@type\":\"ListItem\",\"position\":1,\"name\":\"Home\",\"item\":\"https:\\\/\\\/fjala.info\\\/2009-2015\\\/\"},{\"@type\":\"ListItem\",\"position\":2,\"name\":\"Nj\u00eb sh\u00ebnim p\u00ebr grev\u00ebn dhe lirin\u00eb\"}]},{\"@type\":\"WebSite\",\"@id\":\"https:\\\/\\\/fjala.info\\\/2009-2015\\\/#website\",\"url\":\"https:\\\/\\\/fjala.info\\\/2009-2015\\\/\",\"name\":\"FjALA e LIR\u00cb - Arkivi\",\"description\":\"Arkivi 2009-2015\",\"publisher\":{\"@id\":\"https:\\\/\\\/fjala.info\\\/2009-2015\\\/#organization\"},\"potentialAction\":[{\"@type\":\"SearchAction\",\"target\":{\"@type\":\"EntryPoint\",\"urlTemplate\":\"https:\\\/\\\/fjala.info\\\/2009-2015\\\/?s={search_term_string}\"},\"query-input\":{\"@type\":\"PropertyValueSpecification\",\"valueRequired\":true,\"valueName\":\"search_term_string\"}}],\"inLanguage\":\"sq-AL\"},{\"@type\":\"Organization\",\"@id\":\"https:\\\/\\\/fjala.info\\\/2009-2015\\\/#organization\",\"name\":\"FjALA e LIR\u00cb - Arkivi\",\"url\":\"https:\\\/\\\/fjala.info\\\/2009-2015\\\/\",\"logo\":{\"@type\":\"ImageObject\",\"inLanguage\":\"sq-AL\",\"@id\":\"https:\\\/\\\/fjala.info\\\/2009-2015\\\/#\\\/schema\\\/logo\\\/image\\\/\",\"url\":\"\",\"contentUrl\":\"\",\"caption\":\"FjALA e LIR\u00cb - Arkivi\"},\"image\":{\"@id\":\"https:\\\/\\\/fjala.info\\\/2009-2015\\\/#\\\/schema\\\/logo\\\/image\\\/\"}},{\"@type\":\"Person\",\"@id\":\"https:\\\/\\\/fjala.info\\\/2009-2015\\\/#\\\/schema\\\/person\\\/3aa1163ef05469c496fc94e77611ada2\",\"name\":\"admin\",\"image\":{\"@type\":\"ImageObject\",\"inLanguage\":\"sq-AL\",\"@id\":\"https:\\\/\\\/fjala.info\\\/2009-2015\\\/wp-content\\\/uploads\\\/2012\\\/02\\\/arben_cokaj-120x150.jpg\",\"url\":\"https:\\\/\\\/fjala.info\\\/2009-2015\\\/wp-content\\\/uploads\\\/2012\\\/02\\\/arben_cokaj-120x150.jpg\",\"contentUrl\":\"https:\\\/\\\/fjala.info\\\/2009-2015\\\/wp-content\\\/uploads\\\/2012\\\/02\\\/arben_cokaj-120x150.jpg\",\"caption\":\"admin\"},\"description\":\"Admin, Fjala e Lir\u00eb\",\"sameAs\":[\"https:\\\/\\\/fjala.info\\\/\"],\"url\":\"https:\\\/\\\/fjala.info\\\/2009-2015\\\/author\\\/admin\\\/\"}]}<\/script>\n<!-- \/ Yoast SEO plugin. -->","yoast_head_json":{"title":"Nj\u00eb sh\u00ebnim p\u00ebr grev\u00ebn dhe lirin\u00eb - FjALA e LIR\u00cb - Arkivi","robots":{"index":"index","follow":"follow","max-snippet":"max-snippet:-1","max-image-preview":"max-image-preview:large","max-video-preview":"max-video-preview:-1"},"canonical":"https:\/\/fjala.info\/2009-2015\/nje-shenim-per-greven-dhe-lirine\/","og_locale":"sq_AL","og_type":"article","og_title":"Nj\u00eb sh\u00ebnim p\u00ebr grev\u00ebn dhe lirin\u00eb - FjALA e LIR\u00cb - Arkivi","og_description":"Mimoza Dervishi T\u00eb mart\u00ebn, me disa koleg\u00eb gazetar\u00eb iu bashkuam nj\u00eb grupi t\u00eb madh intelektual\u00ebsh dhe aty rreth mesdit\u00ebs hym\u00eb n\u00eb \u00e7adr\u00ebn e bulevardit &#8220;D\u00ebshmor\u00ebt e Kombit&#8221;. Kisha hyr\u00eb dhe nj\u00eb jav\u00eb m\u00eb par\u00eb dhe krah profesionit q\u00eb m\u00eb detyron t\u00eb shkoj atje dhe shoh e prek se \u00e7far\u00eb b\u00ebhet, nuk mund t\u00eb shmang shqet\u00ebsimin [&hellip;]","og_url":"https:\/\/fjala.info\/2009-2015\/nje-shenim-per-greven-dhe-lirine\/","og_site_name":"FjALA e LIR\u00cb - Arkivi","article_published_time":"2010-05-13T21:03:52+00:00","author":"admin","twitter_card":"summary_large_image","twitter_misc":{"Written by":"admin","Est. reading time":"6 minutes"},"schema":{"@context":"https:\/\/schema.org","@graph":[{"@type":"Article","@id":"https:\/\/fjala.info\/2009-2015\/nje-shenim-per-greven-dhe-lirine\/#article","isPartOf":{"@id":"https:\/\/fjala.info\/2009-2015\/nje-shenim-per-greven-dhe-lirine\/"},"author":{"name":"admin","@id":"https:\/\/fjala.info\/2009-2015\/#\/schema\/person\/3aa1163ef05469c496fc94e77611ada2"},"headline":"Nj\u00eb sh\u00ebnim p\u00ebr grev\u00ebn dhe lirin\u00eb","datePublished":"2010-05-13T21:03:52+00:00","mainEntityOfPage":{"@id":"https:\/\/fjala.info\/2009-2015\/nje-shenim-per-greven-dhe-lirine\/"},"wordCount":1220,"commentCount":0,"publisher":{"@id":"https:\/\/fjala.info\/2009-2015\/#organization"},"articleSection":["Artikuj"],"inLanguage":"sq-AL","potentialAction":[{"@type":"CommentAction","name":"Comment","target":["https:\/\/fjala.info\/2009-2015\/nje-shenim-per-greven-dhe-lirine\/#respond"]}]},{"@type":"WebPage","@id":"https:\/\/fjala.info\/2009-2015\/nje-shenim-per-greven-dhe-lirine\/","url":"https:\/\/fjala.info\/2009-2015\/nje-shenim-per-greven-dhe-lirine\/","name":"Nj\u00eb sh\u00ebnim p\u00ebr grev\u00ebn dhe lirin\u00eb - FjALA e LIR\u00cb - Arkivi","isPartOf":{"@id":"https:\/\/fjala.info\/2009-2015\/#website"},"datePublished":"2010-05-13T21:03:52+00:00","breadcrumb":{"@id":"https:\/\/fjala.info\/2009-2015\/nje-shenim-per-greven-dhe-lirine\/#breadcrumb"},"inLanguage":"sq-AL","potentialAction":[{"@type":"ReadAction","target":["https:\/\/fjala.info\/2009-2015\/nje-shenim-per-greven-dhe-lirine\/"]}]},{"@type":"BreadcrumbList","@id":"https:\/\/fjala.info\/2009-2015\/nje-shenim-per-greven-dhe-lirine\/#breadcrumb","itemListElement":[{"@type":"ListItem","position":1,"name":"Home","item":"https:\/\/fjala.info\/2009-2015\/"},{"@type":"ListItem","position":2,"name":"Nj\u00eb sh\u00ebnim p\u00ebr grev\u00ebn dhe lirin\u00eb"}]},{"@type":"WebSite","@id":"https:\/\/fjala.info\/2009-2015\/#website","url":"https:\/\/fjala.info\/2009-2015\/","name":"FjALA e LIR\u00cb - Arkivi","description":"Arkivi 2009-2015","publisher":{"@id":"https:\/\/fjala.info\/2009-2015\/#organization"},"potentialAction":[{"@type":"SearchAction","target":{"@type":"EntryPoint","urlTemplate":"https:\/\/fjala.info\/2009-2015\/?s={search_term_string}"},"query-input":{"@type":"PropertyValueSpecification","valueRequired":true,"valueName":"search_term_string"}}],"inLanguage":"sq-AL"},{"@type":"Organization","@id":"https:\/\/fjala.info\/2009-2015\/#organization","name":"FjALA e LIR\u00cb - Arkivi","url":"https:\/\/fjala.info\/2009-2015\/","logo":{"@type":"ImageObject","inLanguage":"sq-AL","@id":"https:\/\/fjala.info\/2009-2015\/#\/schema\/logo\/image\/","url":"","contentUrl":"","caption":"FjALA e LIR\u00cb - Arkivi"},"image":{"@id":"https:\/\/fjala.info\/2009-2015\/#\/schema\/logo\/image\/"}},{"@type":"Person","@id":"https:\/\/fjala.info\/2009-2015\/#\/schema\/person\/3aa1163ef05469c496fc94e77611ada2","name":"admin","image":{"@type":"ImageObject","inLanguage":"sq-AL","@id":"https:\/\/fjala.info\/2009-2015\/wp-content\/uploads\/2012\/02\/arben_cokaj-120x150.jpg","url":"https:\/\/fjala.info\/2009-2015\/wp-content\/uploads\/2012\/02\/arben_cokaj-120x150.jpg","contentUrl":"https:\/\/fjala.info\/2009-2015\/wp-content\/uploads\/2012\/02\/arben_cokaj-120x150.jpg","caption":"admin"},"description":"Admin, Fjala e Lir\u00eb","sameAs":["https:\/\/fjala.info\/"],"url":"https:\/\/fjala.info\/2009-2015\/author\/admin\/"}]}},"_links":{"self":[{"href":"https:\/\/fjala.info\/2009-2015\/wp-json\/wp\/v2\/posts\/2636","targetHints":{"allow":["GET"]}}],"collection":[{"href":"https:\/\/fjala.info\/2009-2015\/wp-json\/wp\/v2\/posts"}],"about":[{"href":"https:\/\/fjala.info\/2009-2015\/wp-json\/wp\/v2\/types\/post"}],"author":[{"embeddable":true,"href":"https:\/\/fjala.info\/2009-2015\/wp-json\/wp\/v2\/users\/1"}],"replies":[{"embeddable":true,"href":"https:\/\/fjala.info\/2009-2015\/wp-json\/wp\/v2\/comments?post=2636"}],"version-history":[{"count":0,"href":"https:\/\/fjala.info\/2009-2015\/wp-json\/wp\/v2\/posts\/2636\/revisions"}],"wp:attachment":[{"href":"https:\/\/fjala.info\/2009-2015\/wp-json\/wp\/v2\/media?parent=2636"}],"wp:term":[{"taxonomy":"category","embeddable":true,"href":"https:\/\/fjala.info\/2009-2015\/wp-json\/wp\/v2\/categories?post=2636"},{"taxonomy":"post_tag","embeddable":true,"href":"https:\/\/fjala.info\/2009-2015\/wp-json\/wp\/v2\/tags?post=2636"}],"curies":[{"name":"wp","href":"https:\/\/api.w.org\/{rel}","templated":true}]}}