{"id":2635,"date":"2012-04-26T21:46:00","date_gmt":"2012-04-26T20:46:00","guid":{"rendered":"http:\/\/fjala.shkoder.net\/?p=2635"},"modified":"2012-04-26T21:46:00","modified_gmt":"2012-04-26T20:46:00","slug":"aktualiteti-i-mendimit-te-gramshit","status":"publish","type":"post","link":"https:\/\/fjala.info\/2009-2015\/aktualiteti-i-mendimit-te-gramshit\/","title":{"rendered":"Aktualiteti i mendimit t\u00eb Gramshit"},"content":{"rendered":"<p><img decoding=\"async\" class=\"alignleft size-thumbnail wp-image-7236\" title=\"Antonio Gramshi\" src=\"http:\/\/www.shkoder.net\/2012\/antonio_gramshi.jpg\" alt=\"\" width=\"100\" \/> <strong>Mitat Shuli<\/strong><\/p>\n<p>N\u00eb 27 prill 1937 plot 75 vjet m\u00eb pare n\u00eb nj\u00eb klinik\u00eb t\u00eb Rom\u00ebs vdiq n\u00eb mosh\u00ebn 46 vje\u00e7are nj\u00ebri nga kund\u00ebrshtar\u00ebt kryesor\u00eb t\u00eb regjimit fashist,nj\u00ebher\u00ebsh nj\u00eb nga mendjet m\u00eb brillante dhe kritike t\u00eb koh\u00ebs Antonio Gramshi. (Antonio Gramsci 22.01.1891 ~ 27.04.1937) N\u00eb hap\u00ebsir\u00ebn shqiptare kam frik\u00eb se kjo date do t\u00eb kaloj\u00eb n\u00eb heshtje, asnj\u00eb aktivitet p\u00ebrkujtimor apo debat kushtuar mendimit t\u00eb Gramshit. Arsyet p\u00ebr ta b\u00ebr\u00eb nuk mungojn\u00eb. Shqip\u00ebria m\u00eb sakt\u00eb Gramshi nga ka origjin\u00ebn, duhet t\u00eb ndihen mire q\u00eb i kan\u00eb dh\u00ebn\u00eb mbiemrin, nj\u00eb personaliteti t\u00eb till\u00eb. Nj\u00eb battalion i t\u00ebr\u00eb partizan gjat\u00eb luft\u00ebs antifashiste nacional\u00e7lirimtare n\u00eb t\u00eb cilin b\u00ebnin pjes\u00eb mjaft Italian\u00eb q\u00eb pas kapitullimit t\u00eb Italis\u00ebvendos\u00ebn t\u00eb rreshtoheshin me forcat \u00e7lirimtare kund\u00ebr Gjerman\u00ebve mbante emrin e Antonio Gramshit.<\/p>\n<p>Por m\u00eb shum\u00eb se gjith\u00eb k\u00ebto \u00e7far\u00eb duhet p\u00ebrmendur, theksuar, analizuar \u00ebsht\u00eb mendimi dhe idet\u00eb e tij. Regjimi fashist duke d\u00ebnuar me mbi 20 vjet burg nj\u00eb njeri t\u00eb brisht\u00eb e t\u00eb l\u00ebnguar nga s\u00ebmundja nd\u00ebrsa kishte imunitetin e deputetit kish si q\u00ebllim \u201ct\u00eb ndalte p\u00ebr 20 vjet trurin e k\u00ebtij njeriu t\u00eb funksiononte\u201d, si\u00e7 shkruhej n\u00eb aktin e akuz\u00ebs. Nuk mendoj q\u00eb k\u00ebto rrjeshta t\u00eb z\u00ebv\u00ebnd\u00ebsojn\u00eb at\u00eb q\u00eb shum\u00eb vende me k\u00ebllqe po b\u00ebjn\u00eb, n\u00eb k\u00ebt\u00eb date, seminare, studime e analiza, sesa t\u00eb hedh nj\u00eb gur n\u00eb mo\u00e7alishten tone. N\u00eb vend t\u00eb zakonit t\u00eb hebrenjve p\u00ebr ti vendosur nj\u00eb guri\u00e7k\u00eb mbi varr.<\/p>\n<p>Sot n\u00eb kontekstin bashk\u00ebkohor, kriza ekonomike shpesh e trajtuar si kriz\u00eb sistemi, l\u00ebvizjet n\u00eb kahun demokratik n\u00eb vendet arabe e njohur si Pranvera Arabe, dhe realiteti yn\u00eb i p\u00ebrgjumur ei n\u00ebp\u00ebrk\u00ebmbur e b\u00ebjn\u00eb t\u00eb domosdoshme e t\u00eb shendetshme nj\u00eb analize t\u00eb mendimit Gramshian.<\/p>\n<p>P\u00ebr tu theksuar \u00ebsht\u00eb se nj\u00eb rivler\u00ebsim e analiz\u00eb e till\u00eb b\u00ebhet nga Brazili n\u00eb Amerik\u00eb, nga Evropa n\u00eb vendet Arabe apo vendet Latine. Nd\u00ebrsa \u00ebsht\u00eb p\u00ebr tu n\u00ebnvizuar q\u00eb n\u00eb k\u00ebto dit\u00eb autoritetet me n\u00eb z\u00eb t\u00eb Italis\u00eb dhe Evrop\u00ebs jan\u00eb referuar rezistenc\u00ebs si historia nga duhet t\u00eb m\u00ebsojm\u00eb. Kund\u00ebr kriz\u00ebs \u201ct\u00eb bashkohemi nj\u00eblloj si dje gjat\u00eb rezistenc\u00ebs\u201d tha pak dit\u00eb m\u00eb pare Mario Draghi President i Bank\u00ebs Qendrore Evropiane. I b\u00ebn\u00eb iso Kryeministri Monti e presidenti Napolitano.<br \/>\nAktivitete t\u00eb shumta n\u00eb nderim t\u00eb Gramshit u zhvilluan k\u00ebt\u00eb jav\u00eb nga Sardenja q\u00eb e lindi n\u00eb Milano.I njohur dhe I p\u00ebrkthyer n\u00eb mbar\u00eb bot\u00ebn me \u201cFletoret\u201d dhe \u201cLetra nga burgu\u201d,sot t\u00eb shumt\u00eb jan\u00eb ata q\u00eb rizbulojn\u00eb vlerat e mendimit t\u00eb Gramshit.<\/p>\n<p>Para se flluska Berluskoniane t\u00eb shp\u00ebrb\u00ebhej dhe ai t\u00eb jepte dor\u00ebheqjen,dhe pse e filloi legjislatur\u00ebn me 100 deputet\u00eb m\u00eb shum\u00eb se opozita, n\u00eb sken\u00ebn e Sanremos dy aktor\u00eb lexuan \u201cIndiferent\u00ebt\u201d t\u00eb A. Gramshit. Jehona qe e madhe dhe jo vet\u00ebm n\u00eb Itali.! Nj\u00ebqind vjet pasi u shkruan ato vlenin nj\u00eblloj, vlenin m\u00eb shum\u00eb r\u00ebndonin m\u00eb shum\u00eb. Forca e fjal\u00ebve, sinqeriteti i vepr\u00ebs jan\u00eb t\u00eb tilla q\u00eb v\u00ebshtir\u00eb t\u00eb rrish n\u00eb dritare, t\u00eb pakt\u00ebn p\u00ebr nj\u00eb \u00e7ast.!!<\/p>\n<p>Derisa rutina, individualizmi i sot\u00ebm dhe t\u00eb vepruarit p\u00ebr hesapin t\u00ebnd t\u00eb t\u00eb mbytin n\u00eb mo\u00e7alin q\u00eb mbyt q\u00ebllimet m\u00eb t\u00eb larta,d\u00ebshirat m\u00eb t\u00eb pastra, vullnetet m\u00eb t\u00eb mira si\u00e7 mund t\u00eb shprehej Gramshi.<br \/>\nShqiptar\u00ebt t\u00eb topitur duket se nuk kan\u00eb koh\u00eb p\u00ebr t\u00eb menduar, regjimi i ka katandisur n\u00eb qenie p\u00ebr t\u00eb cilat par\u00ebsore \u00ebsht\u00eb mbijetesa, rezultatet n\u00eb terma monetare e materiale. K\u00ebtu gazetat jan\u00eb pun\u00eb e disave dhe pak rendesi ka mendimi, thellesia, analiza n\u00eb termin Gramshian pra shkencor t\u00eb argumentit. Partit\u00eb jan\u00eb kthyer n\u00eb l\u00ebvozhga, etiketa n\u00eb t\u00eb cilat mungon pik\u00ebrisht P\u0401RMBAJTA, VIZIONI e p\u00ebr rrjedhoj\u00eb nuk mund t\u00eb ket\u00eb FRYM\u0401. Nd\u00ebrsa ndiejm\u00eb t\u00eb gjith\u00eb se i domosdosh\u00ebm si ajri apo dielli \u00ebsht\u00eb nj\u00eb mendim i strukturuar mire dhe shprehur qart\u00eb, i urt\u00eb dhe nj\u00ebher\u00ebsh kritik, sepse revolucionar n\u00eb raport me rezultatet e derisotme dhe t\u00eb shkuar\u00ebn.<\/p>\n<p>Dhe si t\u00eb mos i drejtosh gishtin p\u00ebrs\u00ebri<br \/>\n&#8211; indiferentizmit si\u00e7 b\u00ebnte Gramshi, \u201cajo q\u00eb ndodh e keqja q\u00eb na bie e pllakos gjith\u00e7ka nuk \u00ebsht\u00eb rezultat i t\u00eb pakt\u00ebve q\u00eb punojn\u00eb,sesa I indifferences dhe munges\u00ebs s\u00eb shumic\u00ebs ,q\u00eb braktis vullnetin e saj dhe lejon q\u00eb kjo t\u00eb ndodh\u00eb\u201d.<br \/>\n-analfabetizmit, sepse \u201cn\u00ebse t\u00eb rinjt\u00eb e pun\u00ebtor\u00ebt organizohen dhe zot\u00ebrojn\u00eb diturin\u00eb nuk ka m\u00eb vend p\u00ebr nj\u00eb regjim t\u00eb vjet\u00ebr themeluar mbi priviligjet dhe padrejt\u00ebsin\u00eb\u201d si\u00e7 shprehej Berlinguer.<br \/>\n-kultur\u00ebn, duke kuptuar veten dhe t\u00eb tjer\u00ebt, momentin historik dhe rolin tend n\u00eb t\u00eb.<br \/>\nBesoj q\u00ebt\u00eb jetosh do t\u00eb thot\u00eb t\u00eb jesh qytetar t\u00eb mbash q\u00ebndrim, \u2026t\u00eb jesh partian.<\/p>\n<p>Dhe patjet\u00ebr pritshm\u00ebria, v\u00ebshtrimi duhet tu drejtohet t\u00eb rinjve, t\u00eb cil\u00ebve me fjal\u00ebt e Gramshit tu themi:tunduni,vihuni n\u00eb lvizje sepse kemi nevoj\u00eb p\u00ebr gjith\u00eb entuziazmin tuaj, organizoi sepse kemi nevoj\u00eb p\u00ebr gjith\u00eb forc\u00ebn tuaj, studioni sepse kemi nevoj\u00eb p\u00ebr inteligjenc\u00ebn tuaja.<\/p>\n<p>M\u00eb aktual se kaq m\u00eb shqiptar se kaq.<\/p>\n","protected":false},"excerpt":{"rendered":"<p>Mitat Shuli N\u00eb 27 prill 1937 plot 75 vjet m\u00eb pare n\u00eb nj\u00eb klinik\u00eb t\u00eb Rom\u00ebs vdiq n\u00eb mosh\u00ebn 46 vje\u00e7are nj\u00ebri nga kund\u00ebrshtar\u00ebt kryesor\u00eb t\u00eb regjimit fashist,nj\u00ebher\u00ebsh nj\u00eb nga mendjet m\u00eb brillante dhe kritike t\u00eb koh\u00ebs Antonio Gramshi. (Antonio Gramsci 22.01.1891 ~ 27.04.1937) N\u00eb hap\u00ebsir\u00ebn shqiptare kam frik\u00eb se kjo date do t\u00eb kaloj\u00eb [&hellip;]<\/p>\n","protected":false},"author":1,"featured_media":0,"comment_status":"open","ping_status":"closed","sticky":false,"template":"","format":"standard","meta":{"footnotes":""},"categories":[2],"tags":[],"class_list":{"0":"post-2635","1":"post","2":"type-post","3":"status-publish","4":"format-standard","6":"category-artikuj"},"yoast_head":"<!-- This site is optimized with the Yoast SEO plugin v27.4 - https:\/\/yoast.com\/product\/yoast-seo-wordpress\/ -->\n<title>Aktualiteti i mendimit t\u00eb Gramshit - FjALA e LIR\u00cb - Arkivi<\/title>\n<meta name=\"robots\" content=\"index, follow, max-snippet:-1, max-image-preview:large, max-video-preview:-1\" \/>\n<link rel=\"canonical\" href=\"https:\/\/fjala.info\/2009-2015\/aktualiteti-i-mendimit-te-gramshit\/\" \/>\n<meta property=\"og:locale\" content=\"sq_AL\" \/>\n<meta property=\"og:type\" content=\"article\" \/>\n<meta property=\"og:title\" content=\"Aktualiteti i mendimit t\u00eb Gramshit - FjALA e LIR\u00cb - Arkivi\" \/>\n<meta property=\"og:description\" content=\"Mitat Shuli N\u00eb 27 prill 1937 plot 75 vjet m\u00eb pare n\u00eb nj\u00eb klinik\u00eb t\u00eb Rom\u00ebs vdiq n\u00eb mosh\u00ebn 46 vje\u00e7are nj\u00ebri nga kund\u00ebrshtar\u00ebt kryesor\u00eb t\u00eb regjimit fashist,nj\u00ebher\u00ebsh nj\u00eb nga mendjet m\u00eb brillante dhe kritike t\u00eb koh\u00ebs Antonio Gramshi. (Antonio Gramsci 22.01.1891 ~ 27.04.1937) N\u00eb hap\u00ebsir\u00ebn shqiptare kam frik\u00eb se kjo date do t\u00eb kaloj\u00eb [&hellip;]\" \/>\n<meta property=\"og:url\" content=\"https:\/\/fjala.info\/2009-2015\/aktualiteti-i-mendimit-te-gramshit\/\" \/>\n<meta property=\"og:site_name\" content=\"FjALA e LIR\u00cb - Arkivi\" \/>\n<meta property=\"article:published_time\" content=\"2012-04-26T20:46:00+00:00\" \/>\n<meta property=\"og:image\" content=\"http:\/\/www.shkoder.net\/2012\/antonio_gramshi.jpg\" \/>\n<meta name=\"author\" content=\"admin\" \/>\n<meta name=\"twitter:card\" content=\"summary_large_image\" \/>\n<meta name=\"twitter:label1\" content=\"Written by\" \/>\n\t<meta name=\"twitter:data1\" content=\"admin\" \/>\n\t<meta name=\"twitter:label2\" content=\"Est. reading time\" \/>\n\t<meta name=\"twitter:data2\" content=\"4 minutes\" \/>\n<script type=\"application\/ld+json\" class=\"yoast-schema-graph\">{\"@context\":\"https:\\\/\\\/schema.org\",\"@graph\":[{\"@type\":\"Article\",\"@id\":\"https:\\\/\\\/fjala.info\\\/2009-2015\\\/aktualiteti-i-mendimit-te-gramshit\\\/#article\",\"isPartOf\":{\"@id\":\"https:\\\/\\\/fjala.info\\\/2009-2015\\\/aktualiteti-i-mendimit-te-gramshit\\\/\"},\"author\":{\"name\":\"admin\",\"@id\":\"https:\\\/\\\/fjala.info\\\/2009-2015\\\/#\\\/schema\\\/person\\\/3aa1163ef05469c496fc94e77611ada2\"},\"headline\":\"Aktualiteti i mendimit t\u00eb Gramshit\",\"datePublished\":\"2012-04-26T20:46:00+00:00\",\"mainEntityOfPage\":{\"@id\":\"https:\\\/\\\/fjala.info\\\/2009-2015\\\/aktualiteti-i-mendimit-te-gramshit\\\/\"},\"wordCount\":900,\"commentCount\":0,\"publisher\":{\"@id\":\"https:\\\/\\\/fjala.info\\\/2009-2015\\\/#organization\"},\"image\":{\"@id\":\"https:\\\/\\\/fjala.info\\\/2009-2015\\\/aktualiteti-i-mendimit-te-gramshit\\\/#primaryimage\"},\"thumbnailUrl\":\"http:\\\/\\\/www.shkoder.net\\\/2012\\\/antonio_gramshi.jpg\",\"articleSection\":[\"Artikuj\"],\"inLanguage\":\"sq-AL\",\"potentialAction\":[{\"@type\":\"CommentAction\",\"name\":\"Comment\",\"target\":[\"https:\\\/\\\/fjala.info\\\/2009-2015\\\/aktualiteti-i-mendimit-te-gramshit\\\/#respond\"]}]},{\"@type\":\"WebPage\",\"@id\":\"https:\\\/\\\/fjala.info\\\/2009-2015\\\/aktualiteti-i-mendimit-te-gramshit\\\/\",\"url\":\"https:\\\/\\\/fjala.info\\\/2009-2015\\\/aktualiteti-i-mendimit-te-gramshit\\\/\",\"name\":\"Aktualiteti i mendimit t\u00eb Gramshit - FjALA e LIR\u00cb - Arkivi\",\"isPartOf\":{\"@id\":\"https:\\\/\\\/fjala.info\\\/2009-2015\\\/#website\"},\"primaryImageOfPage\":{\"@id\":\"https:\\\/\\\/fjala.info\\\/2009-2015\\\/aktualiteti-i-mendimit-te-gramshit\\\/#primaryimage\"},\"image\":{\"@id\":\"https:\\\/\\\/fjala.info\\\/2009-2015\\\/aktualiteti-i-mendimit-te-gramshit\\\/#primaryimage\"},\"thumbnailUrl\":\"http:\\\/\\\/www.shkoder.net\\\/2012\\\/antonio_gramshi.jpg\",\"datePublished\":\"2012-04-26T20:46:00+00:00\",\"breadcrumb\":{\"@id\":\"https:\\\/\\\/fjala.info\\\/2009-2015\\\/aktualiteti-i-mendimit-te-gramshit\\\/#breadcrumb\"},\"inLanguage\":\"sq-AL\",\"potentialAction\":[{\"@type\":\"ReadAction\",\"target\":[\"https:\\\/\\\/fjala.info\\\/2009-2015\\\/aktualiteti-i-mendimit-te-gramshit\\\/\"]}]},{\"@type\":\"ImageObject\",\"inLanguage\":\"sq-AL\",\"@id\":\"https:\\\/\\\/fjala.info\\\/2009-2015\\\/aktualiteti-i-mendimit-te-gramshit\\\/#primaryimage\",\"url\":\"http:\\\/\\\/www.shkoder.net\\\/2012\\\/antonio_gramshi.jpg\",\"contentUrl\":\"http:\\\/\\\/www.shkoder.net\\\/2012\\\/antonio_gramshi.jpg\"},{\"@type\":\"BreadcrumbList\",\"@id\":\"https:\\\/\\\/fjala.info\\\/2009-2015\\\/aktualiteti-i-mendimit-te-gramshit\\\/#breadcrumb\",\"itemListElement\":[{\"@type\":\"ListItem\",\"position\":1,\"name\":\"Home\",\"item\":\"https:\\\/\\\/fjala.info\\\/2009-2015\\\/\"},{\"@type\":\"ListItem\",\"position\":2,\"name\":\"Aktualiteti i mendimit t\u00eb Gramshit\"}]},{\"@type\":\"WebSite\",\"@id\":\"https:\\\/\\\/fjala.info\\\/2009-2015\\\/#website\",\"url\":\"https:\\\/\\\/fjala.info\\\/2009-2015\\\/\",\"name\":\"FjALA e LIR\u00cb - Arkivi\",\"description\":\"Arkivi 2009-2015\",\"publisher\":{\"@id\":\"https:\\\/\\\/fjala.info\\\/2009-2015\\\/#organization\"},\"potentialAction\":[{\"@type\":\"SearchAction\",\"target\":{\"@type\":\"EntryPoint\",\"urlTemplate\":\"https:\\\/\\\/fjala.info\\\/2009-2015\\\/?s={search_term_string}\"},\"query-input\":{\"@type\":\"PropertyValueSpecification\",\"valueRequired\":true,\"valueName\":\"search_term_string\"}}],\"inLanguage\":\"sq-AL\"},{\"@type\":\"Organization\",\"@id\":\"https:\\\/\\\/fjala.info\\\/2009-2015\\\/#organization\",\"name\":\"FjALA e LIR\u00cb - Arkivi\",\"url\":\"https:\\\/\\\/fjala.info\\\/2009-2015\\\/\",\"logo\":{\"@type\":\"ImageObject\",\"inLanguage\":\"sq-AL\",\"@id\":\"https:\\\/\\\/fjala.info\\\/2009-2015\\\/#\\\/schema\\\/logo\\\/image\\\/\",\"url\":\"\",\"contentUrl\":\"\",\"caption\":\"FjALA e LIR\u00cb - Arkivi\"},\"image\":{\"@id\":\"https:\\\/\\\/fjala.info\\\/2009-2015\\\/#\\\/schema\\\/logo\\\/image\\\/\"}},{\"@type\":\"Person\",\"@id\":\"https:\\\/\\\/fjala.info\\\/2009-2015\\\/#\\\/schema\\\/person\\\/3aa1163ef05469c496fc94e77611ada2\",\"name\":\"admin\",\"image\":{\"@type\":\"ImageObject\",\"inLanguage\":\"sq-AL\",\"@id\":\"https:\\\/\\\/fjala.info\\\/2009-2015\\\/wp-content\\\/uploads\\\/2012\\\/02\\\/arben_cokaj-120x150.jpg\",\"url\":\"https:\\\/\\\/fjala.info\\\/2009-2015\\\/wp-content\\\/uploads\\\/2012\\\/02\\\/arben_cokaj-120x150.jpg\",\"contentUrl\":\"https:\\\/\\\/fjala.info\\\/2009-2015\\\/wp-content\\\/uploads\\\/2012\\\/02\\\/arben_cokaj-120x150.jpg\",\"caption\":\"admin\"},\"description\":\"Admin, Fjala e Lir\u00eb\",\"sameAs\":[\"https:\\\/\\\/fjala.info\\\/\"],\"url\":\"https:\\\/\\\/fjala.info\\\/2009-2015\\\/author\\\/admin\\\/\"}]}<\/script>\n<!-- \/ Yoast SEO plugin. -->","yoast_head_json":{"title":"Aktualiteti i mendimit t\u00eb Gramshit - FjALA e LIR\u00cb - Arkivi","robots":{"index":"index","follow":"follow","max-snippet":"max-snippet:-1","max-image-preview":"max-image-preview:large","max-video-preview":"max-video-preview:-1"},"canonical":"https:\/\/fjala.info\/2009-2015\/aktualiteti-i-mendimit-te-gramshit\/","og_locale":"sq_AL","og_type":"article","og_title":"Aktualiteti i mendimit t\u00eb Gramshit - FjALA e LIR\u00cb - Arkivi","og_description":"Mitat Shuli N\u00eb 27 prill 1937 plot 75 vjet m\u00eb pare n\u00eb nj\u00eb klinik\u00eb t\u00eb Rom\u00ebs vdiq n\u00eb mosh\u00ebn 46 vje\u00e7are nj\u00ebri nga kund\u00ebrshtar\u00ebt kryesor\u00eb t\u00eb regjimit fashist,nj\u00ebher\u00ebsh nj\u00eb nga mendjet m\u00eb brillante dhe kritike t\u00eb koh\u00ebs Antonio Gramshi. (Antonio Gramsci 22.01.1891 ~ 27.04.1937) N\u00eb hap\u00ebsir\u00ebn shqiptare kam frik\u00eb se kjo date do t\u00eb kaloj\u00eb [&hellip;]","og_url":"https:\/\/fjala.info\/2009-2015\/aktualiteti-i-mendimit-te-gramshit\/","og_site_name":"FjALA e LIR\u00cb - Arkivi","article_published_time":"2012-04-26T20:46:00+00:00","og_image":[{"url":"http:\/\/www.shkoder.net\/2012\/antonio_gramshi.jpg","type":"","width":"","height":""}],"author":"admin","twitter_card":"summary_large_image","twitter_misc":{"Written by":"admin","Est. reading time":"4 minutes"},"schema":{"@context":"https:\/\/schema.org","@graph":[{"@type":"Article","@id":"https:\/\/fjala.info\/2009-2015\/aktualiteti-i-mendimit-te-gramshit\/#article","isPartOf":{"@id":"https:\/\/fjala.info\/2009-2015\/aktualiteti-i-mendimit-te-gramshit\/"},"author":{"name":"admin","@id":"https:\/\/fjala.info\/2009-2015\/#\/schema\/person\/3aa1163ef05469c496fc94e77611ada2"},"headline":"Aktualiteti i mendimit t\u00eb Gramshit","datePublished":"2012-04-26T20:46:00+00:00","mainEntityOfPage":{"@id":"https:\/\/fjala.info\/2009-2015\/aktualiteti-i-mendimit-te-gramshit\/"},"wordCount":900,"commentCount":0,"publisher":{"@id":"https:\/\/fjala.info\/2009-2015\/#organization"},"image":{"@id":"https:\/\/fjala.info\/2009-2015\/aktualiteti-i-mendimit-te-gramshit\/#primaryimage"},"thumbnailUrl":"http:\/\/www.shkoder.net\/2012\/antonio_gramshi.jpg","articleSection":["Artikuj"],"inLanguage":"sq-AL","potentialAction":[{"@type":"CommentAction","name":"Comment","target":["https:\/\/fjala.info\/2009-2015\/aktualiteti-i-mendimit-te-gramshit\/#respond"]}]},{"@type":"WebPage","@id":"https:\/\/fjala.info\/2009-2015\/aktualiteti-i-mendimit-te-gramshit\/","url":"https:\/\/fjala.info\/2009-2015\/aktualiteti-i-mendimit-te-gramshit\/","name":"Aktualiteti i mendimit t\u00eb Gramshit - FjALA e LIR\u00cb - Arkivi","isPartOf":{"@id":"https:\/\/fjala.info\/2009-2015\/#website"},"primaryImageOfPage":{"@id":"https:\/\/fjala.info\/2009-2015\/aktualiteti-i-mendimit-te-gramshit\/#primaryimage"},"image":{"@id":"https:\/\/fjala.info\/2009-2015\/aktualiteti-i-mendimit-te-gramshit\/#primaryimage"},"thumbnailUrl":"http:\/\/www.shkoder.net\/2012\/antonio_gramshi.jpg","datePublished":"2012-04-26T20:46:00+00:00","breadcrumb":{"@id":"https:\/\/fjala.info\/2009-2015\/aktualiteti-i-mendimit-te-gramshit\/#breadcrumb"},"inLanguage":"sq-AL","potentialAction":[{"@type":"ReadAction","target":["https:\/\/fjala.info\/2009-2015\/aktualiteti-i-mendimit-te-gramshit\/"]}]},{"@type":"ImageObject","inLanguage":"sq-AL","@id":"https:\/\/fjala.info\/2009-2015\/aktualiteti-i-mendimit-te-gramshit\/#primaryimage","url":"http:\/\/www.shkoder.net\/2012\/antonio_gramshi.jpg","contentUrl":"http:\/\/www.shkoder.net\/2012\/antonio_gramshi.jpg"},{"@type":"BreadcrumbList","@id":"https:\/\/fjala.info\/2009-2015\/aktualiteti-i-mendimit-te-gramshit\/#breadcrumb","itemListElement":[{"@type":"ListItem","position":1,"name":"Home","item":"https:\/\/fjala.info\/2009-2015\/"},{"@type":"ListItem","position":2,"name":"Aktualiteti i mendimit t\u00eb Gramshit"}]},{"@type":"WebSite","@id":"https:\/\/fjala.info\/2009-2015\/#website","url":"https:\/\/fjala.info\/2009-2015\/","name":"FjALA e LIR\u00cb - Arkivi","description":"Arkivi 2009-2015","publisher":{"@id":"https:\/\/fjala.info\/2009-2015\/#organization"},"potentialAction":[{"@type":"SearchAction","target":{"@type":"EntryPoint","urlTemplate":"https:\/\/fjala.info\/2009-2015\/?s={search_term_string}"},"query-input":{"@type":"PropertyValueSpecification","valueRequired":true,"valueName":"search_term_string"}}],"inLanguage":"sq-AL"},{"@type":"Organization","@id":"https:\/\/fjala.info\/2009-2015\/#organization","name":"FjALA e LIR\u00cb - Arkivi","url":"https:\/\/fjala.info\/2009-2015\/","logo":{"@type":"ImageObject","inLanguage":"sq-AL","@id":"https:\/\/fjala.info\/2009-2015\/#\/schema\/logo\/image\/","url":"","contentUrl":"","caption":"FjALA e LIR\u00cb - Arkivi"},"image":{"@id":"https:\/\/fjala.info\/2009-2015\/#\/schema\/logo\/image\/"}},{"@type":"Person","@id":"https:\/\/fjala.info\/2009-2015\/#\/schema\/person\/3aa1163ef05469c496fc94e77611ada2","name":"admin","image":{"@type":"ImageObject","inLanguage":"sq-AL","@id":"https:\/\/fjala.info\/2009-2015\/wp-content\/uploads\/2012\/02\/arben_cokaj-120x150.jpg","url":"https:\/\/fjala.info\/2009-2015\/wp-content\/uploads\/2012\/02\/arben_cokaj-120x150.jpg","contentUrl":"https:\/\/fjala.info\/2009-2015\/wp-content\/uploads\/2012\/02\/arben_cokaj-120x150.jpg","caption":"admin"},"description":"Admin, Fjala e Lir\u00eb","sameAs":["https:\/\/fjala.info\/"],"url":"https:\/\/fjala.info\/2009-2015\/author\/admin\/"}]}},"_links":{"self":[{"href":"https:\/\/fjala.info\/2009-2015\/wp-json\/wp\/v2\/posts\/2635","targetHints":{"allow":["GET"]}}],"collection":[{"href":"https:\/\/fjala.info\/2009-2015\/wp-json\/wp\/v2\/posts"}],"about":[{"href":"https:\/\/fjala.info\/2009-2015\/wp-json\/wp\/v2\/types\/post"}],"author":[{"embeddable":true,"href":"https:\/\/fjala.info\/2009-2015\/wp-json\/wp\/v2\/users\/1"}],"replies":[{"embeddable":true,"href":"https:\/\/fjala.info\/2009-2015\/wp-json\/wp\/v2\/comments?post=2635"}],"version-history":[{"count":0,"href":"https:\/\/fjala.info\/2009-2015\/wp-json\/wp\/v2\/posts\/2635\/revisions"}],"wp:attachment":[{"href":"https:\/\/fjala.info\/2009-2015\/wp-json\/wp\/v2\/media?parent=2635"}],"wp:term":[{"taxonomy":"category","embeddable":true,"href":"https:\/\/fjala.info\/2009-2015\/wp-json\/wp\/v2\/categories?post=2635"},{"taxonomy":"post_tag","embeddable":true,"href":"https:\/\/fjala.info\/2009-2015\/wp-json\/wp\/v2\/tags?post=2635"}],"curies":[{"name":"wp","href":"https:\/\/api.w.org\/{rel}","templated":true}]}}