{"id":2634,"date":"2010-05-13T21:31:39","date_gmt":"2010-05-13T20:31:39","guid":{"rendered":"http:\/\/fjala.shkoder.net\/?p=2634"},"modified":"2010-05-13T21:31:39","modified_gmt":"2010-05-13T20:31:39","slug":"greva-e-urise-dhe-nderkombetaret","status":"publish","type":"post","link":"https:\/\/fjala.info\/2009-2015\/greva-e-urise-dhe-nderkombetaret\/","title":{"rendered":"Greva e uris\u00eb dhe nd\u00ebrkomb\u00ebtar\u00ebt"},"content":{"rendered":"<p><img decoding=\"async\" style=\"margin-left: 10px; margin-right: 10px; border: 0px;\" src=\"http:\/\/www.shkoder.net\/images\/fjala\/skender_minxhozi.jpg\" border=\"0\" alt=\"Sk\u00ebnder Minxhozi\" width=\"100\" align=\"right\" \/><\/p>\n<p><strong>Sk\u00ebnder Minxhozi<\/strong><\/p>\n<p>N\u00eb dit\u00ebn e 12 t\u00eb grev\u00ebs s\u00eb uris\u00eb s\u00eb opozit\u00ebs, panorama e vetme q\u00eb arrihet t\u00eb shihet p\u00ebrmes retorik\u00ebs ekstreme dhe gjuh\u00ebs s\u00eb k\u00ebrc\u00ebnimit, \u00ebsht\u00eb ajo e nj\u00eb bllokade t\u00eb v\u00ebrtet\u00eb t\u00eb negociatave p\u00ebr gjetjen e nj\u00eb kompromisi. P\u00ebrkund\u00ebr fjal\u00ebve p\u00ebr nj\u00eb projekt t\u00eb disa p\u00ebrfaq\u00ebsuesve diplomatik\u00eb, p\u00ebr nj\u00eb kompromis lidhur me materialet zgjedhore, pa prekur flet\u00ebt e votimit, duket se situata ka mbetur pak a shum\u00eb ajo e dit\u00ebs s\u00eb par\u00eb t\u00eb grev\u00ebs. Nga nj\u00ebra an\u00eb, Kryeministri b\u00ebn sikur nuk e ka dritaren e zyr\u00ebs mbi \u00e7adrat e grevist\u00ebve, duke b\u00ebr\u00eb sikur nuk sheh, sikur nuk d\u00ebgjon, sikur nuk kupton. Nga ana tjet\u00ebr, opozita vijon ta avancoj\u00eb kauz\u00ebn e saj edhe p\u00ebrmes tik-takut delikat t\u00eb or\u00ebve, q\u00eb grevist\u00ebt i marrin sh\u00ebndetit dhe uris\u00eb s\u00eb tyre.<\/p>\n<p>Nga kjo p\u00ebrballje, deri tani, s\u2019ka dal\u00eb asnj\u00eb produkt p\u00ebr t\u00eb qen\u00eb. Kriza vazhdon, protestat po ashtu dhe qeveria me opozit\u00ebn ndodhen n\u00eb minimumin historik t\u00eb komunikimit t\u00eb arritur q\u00eb prej shum\u00eb vitesh. Nd\u00ebrkoh\u00eb q\u00eb axhenda e pun\u00ebve shqiptare fryhet e fryhet, duke arshivuar e l\u00ebn\u00eb m\u00ebnjan\u00eb kompromise, reforma dhe procese esenciale p\u00ebr integrimin e vendit, stabilitetin e tij ekonomik e social.<\/p>\n<p>\u00cbsht\u00eb e v\u00ebshtir\u00eb t\u00eb thuhet sot, kur greva ka hyr\u00eb n\u00eb nj\u00eb faz\u00eb delikate t\u00eb saj nga pik\u00ebpamja sh\u00ebndet\u00ebsore, se cilat jan\u00eb llogarit\u00eb politike q\u00eb b\u00ebhen mbi ato 28 \u00e7adra n\u00eb bulevardin qendror t\u00eb Tiran\u00ebs. P\u00ebr aq sa termi \u201cllogari\u201d p\u00ebrmban brenda nj\u00eb ngjyrim negativ e ndoshta t\u00eb pavend p\u00ebr grev\u00ebn e uris\u00eb, s\u2019mund t\u00eb mos thuhet se me k\u00ebt\u00eb protest\u00eb, pal\u00ebt politike po reklamojn\u00eb dhe po mundohen t\u00eb avancojn\u00eb t\u00eb drejtat dhe interesat e tyre brenda kriz\u00ebs. Pozita, me profilin e ul\u00ebt q\u00eb po mban, po pret q\u00eb greva t\u00eb degjeneroj\u00eb n\u00eb nj\u00eb sakrific\u00eb pa dobi dhe pa fryte.<\/p>\n<p>Opozita, nga ana e saj, po p\u00ebrpiqet q\u00eb imazhin dhe mesazhin e grev\u00ebs ta mbaj\u00eb gjall\u00eb dhe ta p\u00ebrhap\u00eb, n\u00eb form\u00ebn e nj\u00eb proteste publike n\u00eb t\u00eb gjith\u00eb vendin, duke u munduar q\u00eb kauz\u00ebn e grevist\u00ebve p\u00ebr hetimin e zgjedhjeve, ta pasuroj\u00eb me list\u00ebn e gjat\u00eb t\u00eb krizave dhe t\u00eb problemeve sociale q\u00eb ka Shqip\u00ebria e sotme. N\u00eb mes t\u00eb k\u00ebsaj krize ka deri tani nj\u00eb pal\u00eb q\u00eb refuzon t\u00eb marr\u00eb rolin q\u00eb zakonisht e ka luajtur me d\u00ebshir\u00eb dhe protagoniz\u00ebm t\u00eb pa fshehur: nd\u00ebrkomb\u00ebtar\u00ebt. N\u00eb dy jav\u00eb grev\u00eb urie, deklarimet, r\u00ebndom t\u00eb p\u00ebrditshme t\u00eb ambasador\u00ebve n\u00eb Tiran\u00eb, p\u00ebr tema nga m\u00eb t\u00eb ndryshmet, num\u00ebrohen me gishtat e nj\u00eb dore.<\/p>\n<p>Heshtja e diplomat\u00ebve t\u00eb huaj \u201czhurmon\u201d q\u00eb p\u00ebr s\u00eb largu. Ky pasivitet disi i pakuptimt\u00eb ndodh n\u00eb lidhje me nj\u00eb kriz\u00eb, e cila, n\u00ebse mahiset m\u00eb tutje, mund t\u00eb k\u00ebrkoj\u00eb shum\u00eb m\u00eb tep\u00ebr energji nga vet\u00eb bashk\u00ebsia nd\u00ebrkomb\u00ebtare, p\u00ebr t\u2019u zgjidhur e p\u00ebr t\u2019u qet\u00ebsuar. Edhe n\u00eb t\u00eb shkuar\u00ebn, ky vend ka ngritur kurthe t\u00eb tilla p\u00ebr partner\u00ebt e huaj, t\u00eb cil\u00ebt kan\u00eb neglizhuar situata politike fillimisht embrionale dhe jo shqet\u00ebsuese, q\u00eb m\u00eb von\u00eb kan\u00eb degjeneruar n\u00eb kriza t\u00eb thella, q\u00eb kan\u00eb k\u00ebrkuar nd\u00ebrhyrje paqeruajt\u00ebsish e uniformash ushtarake.<\/p>\n<p>Ai q\u00eb sot duket si nj\u00eb fushim i izoluar njer\u00ebzish n\u00eb bulevard dhe si nj\u00eb tek\u00eb e kreut t\u00eb opozit\u00ebs, mund t\u00eb marr\u00eb potencialisht p\u00ebrmasat e nj\u00eb konflikti t\u00eb v\u00ebrtet\u00eb politik e social, n\u00eb mjedisin e ngarkuar t\u00eb nj\u00eb vendi q\u00eb ka nj\u00eb list\u00eb t\u00eb gjat\u00eb hallesh p\u00ebr t\u00eb zgjidhur.<\/p>\n<p>Heshtja e t\u00eb huajve natyrsh\u00ebm ka goditur e nervozuar opozit\u00ebn, duke ruajtur t\u00eb paprekur nj\u00ebkoh\u00ebsisht buz\u00ebqeshjen n\u00eb fytyr\u00ebn e Kryeministrit, i cili e injoron n\u00eb m\u00ebnyr\u00eb insistuese p\u00ebrplasjen me grev\u00ebn dhe me Edi Ram\u00ebn. Por taktika e v\u00ebnies s\u00eb grev\u00ebs n\u00ebn presion dhe e sfumimit gradual t\u00eb pesh\u00ebs s\u00eb saj, ka funksionuar vet\u00ebm pjes\u00ebrisht. \u00cbsht\u00eb e v\u00ebrtet\u00eb q\u00eb greva deri tani s\u2019ka sjell\u00eb rezultat politik t\u00eb preksh\u00ebm, \u00ebsht\u00eb e v\u00ebrtet\u00eb q\u00eb ajo s\u2019ka arritur t\u00eb shtyj\u00eb pal\u00ebt drejt nj\u00eb tryeze bisedimesh, por \u00ebsht\u00eb po kaq e v\u00ebrtet\u00eb q\u00eb ajo \u00ebsht\u00eb prej dit\u00ebsh m\u00eb se e dukshme n\u00eb opinionin publik vendas.<\/p>\n<p>N\u00ebse t\u00eb huajt kan\u00eb vendosur t\u00eb mos flasin dhe t\u00eb mos veprojn\u00eb n\u00eb k\u00ebt\u00eb p\u00ebrplasje t\u00eb fundit (t\u00eb pakt\u00ebn aq sa fol\u00ebn p\u00ebr mbrojtjen e homoseksualit t\u00eb \u201cBig Brother\u201d), do t\u00eb thot\u00eb se ata ose e n\u00ebnvler\u00ebsojn\u00eb riskun e grev\u00ebs dhe t\u00eb asaj q\u00eb mund t\u00eb rrjedh\u00eb prej saj, ose s\u2019e kan\u00eb kuptuar si\u00e7 duhet instinktin autodestruktiv t\u00eb politik\u00ebs shqiptare, e cila historikisht i falet vet\u00ebm \u201cper\u00ebndive\u201d t\u00eb luft\u00ebs. N\u00ebse ata q\u00eb tradicionalisht kan\u00eb qen\u00eb arbitrat e demokracis\u00eb shqiptare, heshtin sot, ne duhet t\u00eb kuptojm\u00eb automatikisht se greva, n\u00eb vetvete nj\u00eb rrethan\u00eb ekstreme q\u00eb shtyn drejt pasioneve m\u00eb shum\u00eb sesa drejt arsyes, po lihet n\u00eb fatin e saj.<\/p>\n<p>P\u00ebrpjekja e ambasador\u00ebve, nga ana tjet\u00ebr, q\u00eb k\u00ebt\u00eb mision ta marr\u00eb p\u00ebrsip\u00ebr Presidenti i Republik\u00ebs, nj\u00eb institucion i demotivuar dhe totalisht i hutuar nga kompleksiteti i ngjarjeve, d\u00ebshmon se vullneti politik i Per\u00ebndimit p\u00ebr t\u00eb qet\u00ebsuar situat\u00ebn n\u00eb Shqip\u00ebri \u00ebsht\u00eb i pamjaftuesh\u00ebm dhe fatkeq\u00ebsisht improvizues e spontan. Kriza shqiptare ndodh n\u00eb nj\u00eb kontekst t\u00eb r\u00ebnduar zhvillimesh negative n\u00eb rajon e Europ\u00eb. Kjo s\u2019e b\u00ebn asfare m\u00eb t\u00eb mir\u00eb pritshm\u00ebrin\u00eb p\u00ebr t\u00eb ardhmen e af\u00ebrt. Kriza e borxhit grek, ngjarjet n\u00eb Maqedoni e Kosov\u00eb, jan\u00eb vet\u00ebm koka e list\u00ebs s\u00eb peripecive ku ndodhet sot Europa dhe ku fatkeq\u00ebsisht, te jesh shqiptar, do t\u00eb thot\u00eb t\u00eb jesh jasht\u00eb t\u00eb gjith\u00eb \u201cradar\u00ebve\u201d. Si\u00e7 po e shohim&#8230;<\/p>\n","protected":false},"excerpt":{"rendered":"<p>Sk\u00ebnder Minxhozi N\u00eb dit\u00ebn e 12 t\u00eb grev\u00ebs s\u00eb uris\u00eb s\u00eb opozit\u00ebs, panorama e vetme q\u00eb arrihet t\u00eb shihet p\u00ebrmes retorik\u00ebs ekstreme dhe gjuh\u00ebs s\u00eb k\u00ebrc\u00ebnimit, \u00ebsht\u00eb ajo e nj\u00eb bllokade t\u00eb v\u00ebrtet\u00eb t\u00eb negociatave p\u00ebr gjetjen e nj\u00eb kompromisi. P\u00ebrkund\u00ebr fjal\u00ebve p\u00ebr nj\u00eb projekt t\u00eb disa p\u00ebrfaq\u00ebsuesve diplomatik\u00eb, p\u00ebr nj\u00eb kompromis lidhur me materialet [&hellip;]<\/p>\n","protected":false},"author":1,"featured_media":0,"comment_status":"open","ping_status":"closed","sticky":false,"template":"","format":"standard","meta":{"footnotes":""},"categories":[2],"tags":[],"class_list":{"0":"post-2634","1":"post","2":"type-post","3":"status-publish","4":"format-standard","6":"category-artikuj"},"yoast_head":"<!-- This site is optimized with the Yoast SEO plugin v27.4 - https:\/\/yoast.com\/product\/yoast-seo-wordpress\/ -->\n<title>Greva e uris\u00eb dhe nd\u00ebrkomb\u00ebtar\u00ebt - FjALA e LIR\u00cb - Arkivi<\/title>\n<meta name=\"robots\" content=\"index, follow, max-snippet:-1, max-image-preview:large, max-video-preview:-1\" \/>\n<link rel=\"canonical\" href=\"https:\/\/fjala.info\/2009-2015\/greva-e-urise-dhe-nderkombetaret\/\" \/>\n<meta property=\"og:locale\" content=\"sq_AL\" \/>\n<meta property=\"og:type\" content=\"article\" \/>\n<meta property=\"og:title\" content=\"Greva e uris\u00eb dhe nd\u00ebrkomb\u00ebtar\u00ebt - FjALA e LIR\u00cb - Arkivi\" \/>\n<meta property=\"og:description\" content=\"Sk\u00ebnder Minxhozi N\u00eb dit\u00ebn e 12 t\u00eb grev\u00ebs s\u00eb uris\u00eb s\u00eb opozit\u00ebs, panorama e vetme q\u00eb arrihet t\u00eb shihet p\u00ebrmes retorik\u00ebs ekstreme dhe gjuh\u00ebs s\u00eb k\u00ebrc\u00ebnimit, \u00ebsht\u00eb ajo e nj\u00eb bllokade t\u00eb v\u00ebrtet\u00eb t\u00eb negociatave p\u00ebr gjetjen e nj\u00eb kompromisi. P\u00ebrkund\u00ebr fjal\u00ebve p\u00ebr nj\u00eb projekt t\u00eb disa p\u00ebrfaq\u00ebsuesve diplomatik\u00eb, p\u00ebr nj\u00eb kompromis lidhur me materialet [&hellip;]\" \/>\n<meta property=\"og:url\" content=\"https:\/\/fjala.info\/2009-2015\/greva-e-urise-dhe-nderkombetaret\/\" \/>\n<meta property=\"og:site_name\" content=\"FjALA e LIR\u00cb - Arkivi\" \/>\n<meta property=\"article:published_time\" content=\"2010-05-13T20:31:39+00:00\" \/>\n<meta property=\"og:image\" content=\"http:\/\/www.shkoder.net\/images\/fjala\/skender_minxhozi.jpg\" \/>\n<meta name=\"author\" content=\"admin\" \/>\n<meta name=\"twitter:card\" content=\"summary_large_image\" \/>\n<meta name=\"twitter:label1\" content=\"Written by\" \/>\n\t<meta name=\"twitter:data1\" content=\"admin\" \/>\n\t<meta name=\"twitter:label2\" content=\"Est. reading time\" \/>\n\t<meta name=\"twitter:data2\" content=\"5 minutes\" \/>\n<script type=\"application\/ld+json\" class=\"yoast-schema-graph\">{\"@context\":\"https:\\\/\\\/schema.org\",\"@graph\":[{\"@type\":\"Article\",\"@id\":\"https:\\\/\\\/fjala.info\\\/2009-2015\\\/greva-e-urise-dhe-nderkombetaret\\\/#article\",\"isPartOf\":{\"@id\":\"https:\\\/\\\/fjala.info\\\/2009-2015\\\/greva-e-urise-dhe-nderkombetaret\\\/\"},\"author\":{\"name\":\"admin\",\"@id\":\"https:\\\/\\\/fjala.info\\\/2009-2015\\\/#\\\/schema\\\/person\\\/3aa1163ef05469c496fc94e77611ada2\"},\"headline\":\"Greva e uris\u00eb dhe nd\u00ebrkomb\u00ebtar\u00ebt\",\"datePublished\":\"2010-05-13T20:31:39+00:00\",\"mainEntityOfPage\":{\"@id\":\"https:\\\/\\\/fjala.info\\\/2009-2015\\\/greva-e-urise-dhe-nderkombetaret\\\/\"},\"wordCount\":1032,\"commentCount\":0,\"publisher\":{\"@id\":\"https:\\\/\\\/fjala.info\\\/2009-2015\\\/#organization\"},\"image\":{\"@id\":\"https:\\\/\\\/fjala.info\\\/2009-2015\\\/greva-e-urise-dhe-nderkombetaret\\\/#primaryimage\"},\"thumbnailUrl\":\"http:\\\/\\\/www.shkoder.net\\\/images\\\/fjala\\\/skender_minxhozi.jpg\",\"articleSection\":[\"Artikuj\"],\"inLanguage\":\"sq-AL\",\"potentialAction\":[{\"@type\":\"CommentAction\",\"name\":\"Comment\",\"target\":[\"https:\\\/\\\/fjala.info\\\/2009-2015\\\/greva-e-urise-dhe-nderkombetaret\\\/#respond\"]}]},{\"@type\":\"WebPage\",\"@id\":\"https:\\\/\\\/fjala.info\\\/2009-2015\\\/greva-e-urise-dhe-nderkombetaret\\\/\",\"url\":\"https:\\\/\\\/fjala.info\\\/2009-2015\\\/greva-e-urise-dhe-nderkombetaret\\\/\",\"name\":\"Greva e uris\u00eb dhe nd\u00ebrkomb\u00ebtar\u00ebt - FjALA e LIR\u00cb - Arkivi\",\"isPartOf\":{\"@id\":\"https:\\\/\\\/fjala.info\\\/2009-2015\\\/#website\"},\"primaryImageOfPage\":{\"@id\":\"https:\\\/\\\/fjala.info\\\/2009-2015\\\/greva-e-urise-dhe-nderkombetaret\\\/#primaryimage\"},\"image\":{\"@id\":\"https:\\\/\\\/fjala.info\\\/2009-2015\\\/greva-e-urise-dhe-nderkombetaret\\\/#primaryimage\"},\"thumbnailUrl\":\"http:\\\/\\\/www.shkoder.net\\\/images\\\/fjala\\\/skender_minxhozi.jpg\",\"datePublished\":\"2010-05-13T20:31:39+00:00\",\"breadcrumb\":{\"@id\":\"https:\\\/\\\/fjala.info\\\/2009-2015\\\/greva-e-urise-dhe-nderkombetaret\\\/#breadcrumb\"},\"inLanguage\":\"sq-AL\",\"potentialAction\":[{\"@type\":\"ReadAction\",\"target\":[\"https:\\\/\\\/fjala.info\\\/2009-2015\\\/greva-e-urise-dhe-nderkombetaret\\\/\"]}]},{\"@type\":\"ImageObject\",\"inLanguage\":\"sq-AL\",\"@id\":\"https:\\\/\\\/fjala.info\\\/2009-2015\\\/greva-e-urise-dhe-nderkombetaret\\\/#primaryimage\",\"url\":\"http:\\\/\\\/www.shkoder.net\\\/images\\\/fjala\\\/skender_minxhozi.jpg\",\"contentUrl\":\"http:\\\/\\\/www.shkoder.net\\\/images\\\/fjala\\\/skender_minxhozi.jpg\"},{\"@type\":\"BreadcrumbList\",\"@id\":\"https:\\\/\\\/fjala.info\\\/2009-2015\\\/greva-e-urise-dhe-nderkombetaret\\\/#breadcrumb\",\"itemListElement\":[{\"@type\":\"ListItem\",\"position\":1,\"name\":\"Home\",\"item\":\"https:\\\/\\\/fjala.info\\\/2009-2015\\\/\"},{\"@type\":\"ListItem\",\"position\":2,\"name\":\"Greva e uris\u00eb dhe nd\u00ebrkomb\u00ebtar\u00ebt\"}]},{\"@type\":\"WebSite\",\"@id\":\"https:\\\/\\\/fjala.info\\\/2009-2015\\\/#website\",\"url\":\"https:\\\/\\\/fjala.info\\\/2009-2015\\\/\",\"name\":\"FjALA e LIR\u00cb - Arkivi\",\"description\":\"Arkivi 2009-2015\",\"publisher\":{\"@id\":\"https:\\\/\\\/fjala.info\\\/2009-2015\\\/#organization\"},\"potentialAction\":[{\"@type\":\"SearchAction\",\"target\":{\"@type\":\"EntryPoint\",\"urlTemplate\":\"https:\\\/\\\/fjala.info\\\/2009-2015\\\/?s={search_term_string}\"},\"query-input\":{\"@type\":\"PropertyValueSpecification\",\"valueRequired\":true,\"valueName\":\"search_term_string\"}}],\"inLanguage\":\"sq-AL\"},{\"@type\":\"Organization\",\"@id\":\"https:\\\/\\\/fjala.info\\\/2009-2015\\\/#organization\",\"name\":\"FjALA e LIR\u00cb - Arkivi\",\"url\":\"https:\\\/\\\/fjala.info\\\/2009-2015\\\/\",\"logo\":{\"@type\":\"ImageObject\",\"inLanguage\":\"sq-AL\",\"@id\":\"https:\\\/\\\/fjala.info\\\/2009-2015\\\/#\\\/schema\\\/logo\\\/image\\\/\",\"url\":\"\",\"contentUrl\":\"\",\"caption\":\"FjALA e LIR\u00cb - Arkivi\"},\"image\":{\"@id\":\"https:\\\/\\\/fjala.info\\\/2009-2015\\\/#\\\/schema\\\/logo\\\/image\\\/\"}},{\"@type\":\"Person\",\"@id\":\"https:\\\/\\\/fjala.info\\\/2009-2015\\\/#\\\/schema\\\/person\\\/3aa1163ef05469c496fc94e77611ada2\",\"name\":\"admin\",\"image\":{\"@type\":\"ImageObject\",\"inLanguage\":\"sq-AL\",\"@id\":\"https:\\\/\\\/fjala.info\\\/2009-2015\\\/wp-content\\\/uploads\\\/2012\\\/02\\\/arben_cokaj-120x150.jpg\",\"url\":\"https:\\\/\\\/fjala.info\\\/2009-2015\\\/wp-content\\\/uploads\\\/2012\\\/02\\\/arben_cokaj-120x150.jpg\",\"contentUrl\":\"https:\\\/\\\/fjala.info\\\/2009-2015\\\/wp-content\\\/uploads\\\/2012\\\/02\\\/arben_cokaj-120x150.jpg\",\"caption\":\"admin\"},\"description\":\"Admin, Fjala e Lir\u00eb\",\"sameAs\":[\"https:\\\/\\\/fjala.info\\\/\"],\"url\":\"https:\\\/\\\/fjala.info\\\/2009-2015\\\/author\\\/admin\\\/\"}]}<\/script>\n<!-- \/ Yoast SEO plugin. -->","yoast_head_json":{"title":"Greva e uris\u00eb dhe nd\u00ebrkomb\u00ebtar\u00ebt - FjALA e LIR\u00cb - Arkivi","robots":{"index":"index","follow":"follow","max-snippet":"max-snippet:-1","max-image-preview":"max-image-preview:large","max-video-preview":"max-video-preview:-1"},"canonical":"https:\/\/fjala.info\/2009-2015\/greva-e-urise-dhe-nderkombetaret\/","og_locale":"sq_AL","og_type":"article","og_title":"Greva e uris\u00eb dhe nd\u00ebrkomb\u00ebtar\u00ebt - FjALA e LIR\u00cb - Arkivi","og_description":"Sk\u00ebnder Minxhozi N\u00eb dit\u00ebn e 12 t\u00eb grev\u00ebs s\u00eb uris\u00eb s\u00eb opozit\u00ebs, panorama e vetme q\u00eb arrihet t\u00eb shihet p\u00ebrmes retorik\u00ebs ekstreme dhe gjuh\u00ebs s\u00eb k\u00ebrc\u00ebnimit, \u00ebsht\u00eb ajo e nj\u00eb bllokade t\u00eb v\u00ebrtet\u00eb t\u00eb negociatave p\u00ebr gjetjen e nj\u00eb kompromisi. P\u00ebrkund\u00ebr fjal\u00ebve p\u00ebr nj\u00eb projekt t\u00eb disa p\u00ebrfaq\u00ebsuesve diplomatik\u00eb, p\u00ebr nj\u00eb kompromis lidhur me materialet [&hellip;]","og_url":"https:\/\/fjala.info\/2009-2015\/greva-e-urise-dhe-nderkombetaret\/","og_site_name":"FjALA e LIR\u00cb - Arkivi","article_published_time":"2010-05-13T20:31:39+00:00","og_image":[{"url":"http:\/\/www.shkoder.net\/images\/fjala\/skender_minxhozi.jpg","type":"","width":"","height":""}],"author":"admin","twitter_card":"summary_large_image","twitter_misc":{"Written by":"admin","Est. reading time":"5 minutes"},"schema":{"@context":"https:\/\/schema.org","@graph":[{"@type":"Article","@id":"https:\/\/fjala.info\/2009-2015\/greva-e-urise-dhe-nderkombetaret\/#article","isPartOf":{"@id":"https:\/\/fjala.info\/2009-2015\/greva-e-urise-dhe-nderkombetaret\/"},"author":{"name":"admin","@id":"https:\/\/fjala.info\/2009-2015\/#\/schema\/person\/3aa1163ef05469c496fc94e77611ada2"},"headline":"Greva e uris\u00eb dhe nd\u00ebrkomb\u00ebtar\u00ebt","datePublished":"2010-05-13T20:31:39+00:00","mainEntityOfPage":{"@id":"https:\/\/fjala.info\/2009-2015\/greva-e-urise-dhe-nderkombetaret\/"},"wordCount":1032,"commentCount":0,"publisher":{"@id":"https:\/\/fjala.info\/2009-2015\/#organization"},"image":{"@id":"https:\/\/fjala.info\/2009-2015\/greva-e-urise-dhe-nderkombetaret\/#primaryimage"},"thumbnailUrl":"http:\/\/www.shkoder.net\/images\/fjala\/skender_minxhozi.jpg","articleSection":["Artikuj"],"inLanguage":"sq-AL","potentialAction":[{"@type":"CommentAction","name":"Comment","target":["https:\/\/fjala.info\/2009-2015\/greva-e-urise-dhe-nderkombetaret\/#respond"]}]},{"@type":"WebPage","@id":"https:\/\/fjala.info\/2009-2015\/greva-e-urise-dhe-nderkombetaret\/","url":"https:\/\/fjala.info\/2009-2015\/greva-e-urise-dhe-nderkombetaret\/","name":"Greva e uris\u00eb dhe nd\u00ebrkomb\u00ebtar\u00ebt - FjALA e LIR\u00cb - Arkivi","isPartOf":{"@id":"https:\/\/fjala.info\/2009-2015\/#website"},"primaryImageOfPage":{"@id":"https:\/\/fjala.info\/2009-2015\/greva-e-urise-dhe-nderkombetaret\/#primaryimage"},"image":{"@id":"https:\/\/fjala.info\/2009-2015\/greva-e-urise-dhe-nderkombetaret\/#primaryimage"},"thumbnailUrl":"http:\/\/www.shkoder.net\/images\/fjala\/skender_minxhozi.jpg","datePublished":"2010-05-13T20:31:39+00:00","breadcrumb":{"@id":"https:\/\/fjala.info\/2009-2015\/greva-e-urise-dhe-nderkombetaret\/#breadcrumb"},"inLanguage":"sq-AL","potentialAction":[{"@type":"ReadAction","target":["https:\/\/fjala.info\/2009-2015\/greva-e-urise-dhe-nderkombetaret\/"]}]},{"@type":"ImageObject","inLanguage":"sq-AL","@id":"https:\/\/fjala.info\/2009-2015\/greva-e-urise-dhe-nderkombetaret\/#primaryimage","url":"http:\/\/www.shkoder.net\/images\/fjala\/skender_minxhozi.jpg","contentUrl":"http:\/\/www.shkoder.net\/images\/fjala\/skender_minxhozi.jpg"},{"@type":"BreadcrumbList","@id":"https:\/\/fjala.info\/2009-2015\/greva-e-urise-dhe-nderkombetaret\/#breadcrumb","itemListElement":[{"@type":"ListItem","position":1,"name":"Home","item":"https:\/\/fjala.info\/2009-2015\/"},{"@type":"ListItem","position":2,"name":"Greva e uris\u00eb dhe nd\u00ebrkomb\u00ebtar\u00ebt"}]},{"@type":"WebSite","@id":"https:\/\/fjala.info\/2009-2015\/#website","url":"https:\/\/fjala.info\/2009-2015\/","name":"FjALA e LIR\u00cb - Arkivi","description":"Arkivi 2009-2015","publisher":{"@id":"https:\/\/fjala.info\/2009-2015\/#organization"},"potentialAction":[{"@type":"SearchAction","target":{"@type":"EntryPoint","urlTemplate":"https:\/\/fjala.info\/2009-2015\/?s={search_term_string}"},"query-input":{"@type":"PropertyValueSpecification","valueRequired":true,"valueName":"search_term_string"}}],"inLanguage":"sq-AL"},{"@type":"Organization","@id":"https:\/\/fjala.info\/2009-2015\/#organization","name":"FjALA e LIR\u00cb - Arkivi","url":"https:\/\/fjala.info\/2009-2015\/","logo":{"@type":"ImageObject","inLanguage":"sq-AL","@id":"https:\/\/fjala.info\/2009-2015\/#\/schema\/logo\/image\/","url":"","contentUrl":"","caption":"FjALA e LIR\u00cb - Arkivi"},"image":{"@id":"https:\/\/fjala.info\/2009-2015\/#\/schema\/logo\/image\/"}},{"@type":"Person","@id":"https:\/\/fjala.info\/2009-2015\/#\/schema\/person\/3aa1163ef05469c496fc94e77611ada2","name":"admin","image":{"@type":"ImageObject","inLanguage":"sq-AL","@id":"https:\/\/fjala.info\/2009-2015\/wp-content\/uploads\/2012\/02\/arben_cokaj-120x150.jpg","url":"https:\/\/fjala.info\/2009-2015\/wp-content\/uploads\/2012\/02\/arben_cokaj-120x150.jpg","contentUrl":"https:\/\/fjala.info\/2009-2015\/wp-content\/uploads\/2012\/02\/arben_cokaj-120x150.jpg","caption":"admin"},"description":"Admin, Fjala e Lir\u00eb","sameAs":["https:\/\/fjala.info\/"],"url":"https:\/\/fjala.info\/2009-2015\/author\/admin\/"}]}},"_links":{"self":[{"href":"https:\/\/fjala.info\/2009-2015\/wp-json\/wp\/v2\/posts\/2634","targetHints":{"allow":["GET"]}}],"collection":[{"href":"https:\/\/fjala.info\/2009-2015\/wp-json\/wp\/v2\/posts"}],"about":[{"href":"https:\/\/fjala.info\/2009-2015\/wp-json\/wp\/v2\/types\/post"}],"author":[{"embeddable":true,"href":"https:\/\/fjala.info\/2009-2015\/wp-json\/wp\/v2\/users\/1"}],"replies":[{"embeddable":true,"href":"https:\/\/fjala.info\/2009-2015\/wp-json\/wp\/v2\/comments?post=2634"}],"version-history":[{"count":0,"href":"https:\/\/fjala.info\/2009-2015\/wp-json\/wp\/v2\/posts\/2634\/revisions"}],"wp:attachment":[{"href":"https:\/\/fjala.info\/2009-2015\/wp-json\/wp\/v2\/media?parent=2634"}],"wp:term":[{"taxonomy":"category","embeddable":true,"href":"https:\/\/fjala.info\/2009-2015\/wp-json\/wp\/v2\/categories?post=2634"},{"taxonomy":"post_tag","embeddable":true,"href":"https:\/\/fjala.info\/2009-2015\/wp-json\/wp\/v2\/tags?post=2634"}],"curies":[{"name":"wp","href":"https:\/\/api.w.org\/{rel}","templated":true}]}}