{"id":2633,"date":"2012-04-26T21:06:40","date_gmt":"2012-04-26T20:06:40","guid":{"rendered":"http:\/\/fjala.shkoder.net\/?p=2633"},"modified":"2012-04-26T21:06:40","modified_gmt":"2012-04-26T20:06:40","slug":"festa-e-100-vjetorit-te-jete-pa-turqit-skerkuan-falje-ende-per-pushtimin-dhe-vrasjet-shekullore","status":"publish","type":"post","link":"https:\/\/fjala.info\/2009-2015\/festa-e-100-vjetorit-te-jete-pa-turqit-skerkuan-falje-ende-per-pushtimin-dhe-vrasjet-shekullore\/","title":{"rendered":"FESTA E 100 VJETORIT T\u00cb JET\u00cb PA TURQIT- S\u2019KERKUAN FALJE ENDE PER PUSHTIMIN DHE VRASJET SHEKULLORE"},"content":{"rendered":"<p><img decoding=\"async\" class=\"alignleft size-thumbnail wp-image-7236\" title=\"Xhevat Rexhaj\" src=\"http:\/\/www.shkoder.net\/2012\/xhevat_rexhaj.jpg\" alt=\"\" width=\"200\" \/> <strong>Xhevat Rexhaj<\/strong><\/p>\n<p>Marre nga <a href=\"http:\/\/tribunashqiptare.net\/?p=6555\">http:\/\/tribunashqiptare.net\/?p=6555<\/a><\/p>\n<p>Historia e njer\u00ebzimit ishte dhe mbetet e mbushur me situata dhe ngjarje t\u00eb furishme per perudhat kohore q\u00eb kaloi njer\u00ebzimi. Dihet mir\u00ebfilli se shekujt\u00eb e kaluar ishin shekuj luft\u00ebrash dhe shekuj gjenocidesh q\u00eb popuj dhe kombe t\u00eb ndryshme kishin ushtruar ndaj popujve dhe kombeve t\u00eb caktuara n\u00eb regjione dhe cepe t\u00eb ndryshme t\u00eb rruzullit toksor. Nji nder popujt\u00eb m\u00eb t\u00eb vjeter t\u00eb Evropes ishim edhe ne shqiptar\u00ebt t\u00eb cilet historikisht dhe dokumentarikisht perbenim nji civilizim t\u00eb hersh\u00ebm qysh se prej Pellazg\u00ebve, ilir\u00ebve e m\u00eb von\u00eb u thirrem shqip\u00ebtar\u00eb q\u00eb me shekuj e mij\u00ebra vjet\u00eb mbijetuam kthetrat dhe pushtimet nd\u00ebr m\u00eb t\u00eb egrat q\u00eb ishte e mundshme.<\/p>\n<p>Ky popull qysh n\u00eb kohen e para krishtit kishte territorin, gjuh\u00ebn, kultur\u00ebn, zhvillimin, pasurin\u00eb tok\u00ebsore dhe detare, dhe kishte qenjen e vet t\u00eb njohur dhe ditur pe\u00ebr ato koh\u00ebra. Populli i yn\u00eb ishte i shtrir\u00eb n\u00eb pjesen m\u00eb t\u00eb mir\u00eb dhe m\u00eb t\u00eb perfeksionuar nga natyra q\u00eb t\u00eb kishte nj\u00eb zhvillim dhe nj\u00eb mir\u00ebqenje t\u00eb duhur fal\u00eb resurseve t\u00eb sip\u00ebr permendura, por n\u00eb t\u00eb njejten koh\u00eb ishte edhe hal\u00eb n\u00eb sy p\u00ebr armiq t\u00eb ndrysh\u00ebm q\u00eb zbriten nga vise t\u00eb ndryshme p\u00ebr t\u00eb cop\u00ebtuar dhe tkurrur tokat tona t\u00eb mbijetuara me shekuj.<\/p>\n<p><img decoding=\"async\" class=\"alignright size-thumbnail wp-image-7236\" title=\"Rugova dhe N\u00ebn\u00eb Tereza\" src=\"http:\/\/www.shkoder.net\/2012\/rugova_nene_tereza.jpg\" alt=\"\" width=\"300\" \/>Pas luft\u00ebrave pra koh\u00ebs s\u00eb Romak\u00ebve dhe bizantit, shqiptaret disi mbeten ende t\u00eb shtrir\u00eb n\u00eb nji hap\u00ebsir\u00eb t\u00eb caktuar duke ruajtur me luft\u00eb dhe mund trojet e veta buz\u00eb Detit Adriatik dhe Jon\u00eb, dhe deri n\u00eb brendi t\u00eb Bosnjes dhe Serbis\u00eb s\u00eb sotme, Maqedonis dhe Greqis. Q\u00eb kjo t\u00eb ndryshohej ma von\u00eb shkak u b\u00eb pushtimi osman, pra sulltan\u00eb i cili n\u00eb fillim t\u00eb shekullit t\u00eb 14 pushtoi Ballkanin n\u00eb pergjith\u00ebsi dhe tokat shqiptare n\u00eb veqanti edh pse ma shum\u00eb se 27 vite shqiptar\u00ebt t\u00eb prir\u00eb nga Gjergj Kastrioti e b\u00ebn\u00eb t\u00eb pamunduren t\u00eb mundur duke shkaktua d\u00ebme t\u00eb shumta ushtris\u00eb sulltaneze nga anadolli.<\/p>\n<p>Mjerisht me vdekjen e Gjergj Kastriotit edhe u shua me dhun\u00eb kryengritja dhe lufta e shqiptar\u00ebve karshi turq\u00ebve, dhe keshtu Turqia e aso kohshme pushtoi n\u00eb ter\u00eb tokat tona arb\u00ebrore dhe instaloi nj\u00eb pushtet t\u00eb dhunshem dhe gjenocidial karshi shqiptar\u00ebve. Q\u00eb prej atyre viteve t\u00eb pas 1480 ve p\u00ebr shqiptaret dhe trojet e tyre filloi tmerri i v\u00ebrtet q\u00eb do t\u00eb zgjaste afer 5 shekuj t\u00eb ter\u00eb n\u00ebn\u00eb zgjedhen turke, n\u00ebn dhunen turke e cila m\u00eb von\u00eb do t\u00eb shoq\u00ebrohej edhe me dhunen e serb\u00ebve, grek\u00ebve, malazezve e maqedonve gjithnji me ndihmen dhe shtytjen q\u00eb ua jepte Turqia e sulltanve q\u00eb sa m\u00eb shum\u00eb t\u00eb demtonin dhe l\u00ebndonin trungun dhe qenjen shqiptare apo siq na quanin ata \u201c Arrnaut\u00ebve\u201d.<\/p>\n<p>Shekuj t\u00eb ter\u00eb shqiptaria u desh ti pershtatej edhe me dhun\u00eb nji jete t\u00eb re, nji jete barabare t\u00eb nenshtrueshme nga zullumet turke, u desht t\u00eb perqafohej nji fe e pa njohur dhe e padashur p\u00ebr shqiptarin\u00eb nji fe q\u00eb me von\u00eb do t\u00eb sillte pasoja edhe m\u00eb fatale n\u00eb trungun mabar\u00eb shqiptar\u00eb ,ngase do t\u00eb hasmonte shqiptar\u00ebt nder veti duke krijue ndasi n\u00eb baza fetare q\u00eb permes tyre ta mbante sa m\u00eb gjat\u00eb n\u00ebn sundim mbar\u00eb shqiptarin\u00eb. Mjerisht\u00eb edhe ashtu ndodhi dhe shqiptar\u00ebt filluan t\u00eb ken\u00eb dy e tri fe brenda vetes, dhe me kete disi dob\u00ebsohej kombi, ngase Turqit ishin t\u00eb interesuar q\u00eb shqipatr\u00ebt mos t\u00eb thirren n\u00eb komb apo n\u00eb etni por t\u00eb thirreshin n\u00eb myslimanizem ose then\u00eb tro\u00e7 ne baz\u00eb fetare!<\/p>\n<p>Megjithate edhe gjat\u00eb gjith\u00eb kesaj katrahure turke kunder shqiptar\u00ebve, shumica shqiptare gjithmon mundohej q\u00eb me kryengritje dhe me luft\u00ebra t\u00eb caktuara ta luftonte armikun barbar nga Anadolli, por mjerisht Turqia ishte forc\u00eb e madhe ushtarake dhe i shtypte keto ngritje dhe kryengritje t\u00eb trimave shqiptar\u00eb, keshtu ndodhi edhe n\u00eb kohen e Rilindjes komb\u00ebtare dhe Lidhjes s\u00eb Prizrenit ku Turqia me dhun\u00eb t\u00eb papar\u00eb shkat\u00ebrroi t\u00eb gjitha perpjekjet e shqiptar\u00ebve q\u00eb t\u00eb liroheshin nga turqit, dhe tani m\u00eb edhe nga armiqet e tjer\u00eb q\u00eb me ndihmen e Turqis\u00eb kishin pushtue tokat tona dhe shkaktonin dhun\u00eb t\u00eb papar\u00eb kund\u00ebr shqiptar\u00ebve, ndersa Turqia bente sehir\u00eb dhe nuk ndermerte asgj\u00eb q\u00eb ti ndalte keto bisha barbare serbo sllave q\u00eb benin gjenocid ndaj shqiptar\u00ebve.<\/p>\n<p>Kur kihen parasysh t\u00eb gjitha k\u00ebto dhe kur edhe sot e dijm\u00eb nga historia se turqit mllefin m\u00eb t\u00eb madh e kishin ndaj ne shqiptar\u00ebve, nuk lejuan asnji shkoll\u00eb n\u00eb gjuhen sdhqipe, nuk lejuan dhe as nuk ndertuan asnji infrastruktur\u00eb rrugore apo qytetare, nuk ndertuan asnji spital dhe nuk lejuan q\u00eb t\u00eb kishte s\u00eb paku nj\u00eb ecje ekonomike m\u00eb t\u00eb duhur, ngase perkundrazi ata e eksploatonin krejt\u00eb pasurin\u00eb ton\u00eb p\u00ebr n\u00eb Turqi.<\/p>\n<p>Nga ana tjeter Turqia lejonte serb\u00ebt dhe malazez\u00ebt e grek\u00ebt q\u00eb t\u00eb nd\u00ebrtonin shkolla, kisha, dhe univerzitete n\u00eb gjuh\u00ebt e tyre, Turqia i lejonte shkiet, greket dhe malazezet e maqedonet q\u00eb t\u00eb shkolloheshin n\u00eb gjuhet e tyre amtare, i ndihmonte edhe n\u00eb ndertimin e infrastruktures rrugore dhe qytetare, pra thjesht\u00eb Turqia i stimulonte me \u00e7do gj\u00eb armiq\u00ebt e shqiptar\u00ebve nd\u00ebrsa nga ana tjeter ndalonte \u00e7do gj\u00eb p\u00ebr \u201c vllaznit \u201c e tyre nga feja , kjo vertet nuk do komnet dhe me kete kuptohet se Turqia ishte armiku dhe perbindshi kryesor q\u00eb jo vetem se vet na shkat\u00ebrroi per 500 vjet, por edh yshti armiqet tan\u00eb t\u00eb cilet edhe ishin \u201c kaurra \u201c sipas islamit t\u00eb tyre q\u00eb t\u00eb na vrisnin dhe t\u00eb na shfarosnin qenjen ton\u00eb komb\u00ebtare. Kjo nuk do komnet vetem se duhet t\u00eb thuhet se ishte nji gjenocid\u00eb i ndertuar kryek\u00ebput kunder shqiptar\u00ebve.<\/p>\n<p>Mbas gjith\u00eb k\u00ebtyre katarahurave q\u00eb p\u00ebrjetuan shqiptar\u00ebt n\u00ebn zgjedh\u00ebn turke filloi nji perudh\u00eb e re n\u00eb fillimet e viteve 1900, dhe athere populli shqiptar\u00eb filloi t\u00eb organizohej m\u00eb fort dhe m\u00eb mir\u00eb p\u00ebr ti dhen\u00eb shkelmin perfundimtar\u00eb t\u00eb semures s\u00eb Bosforit dhe ta percillte per n\u00eb Anadollak armikun shekullor t\u00eb shqiptar\u00ebve.<\/p>\n<p>N\u00eb keto vite edhe n\u00eb sken\u00ebn e gjith\u00eb bot\u00ebs filloi t\u00eb leviz\u00eb nji puhi drejt\u00eb nji lufte t\u00eb re me p\u00ebrmasa bot\u00ebrore, shi p\u00ebr kete shqiptar\u00ebt e pan\u00eb rastin q\u00eb t\u00eb mund t\u00eb bejn\u00eb pun\u00eb t\u00eb m\u00ebdha dhe t\u00eb \u00e7lirohen nga Turqia barbare, me gjitha peripecit e m\u00ebdha kjo do t\u00eb ndodhte n\u00eb vitin 1912, por t\u00eb ndalemi pak\u00ebz edhe me k\u00ebte rast rreth shpalljes s\u00eb pavar\u00ebsis\u00eb s\u00eb Shqip\u00ebris: edhe me k\u00ebt\u00eb rast Turqia luajti lojen e vet t\u00eb poshter, dhe me leht\u00ebsin m\u00eb t\u00eb madhe Turqia b\u00ebri lojra me tokat shqiptare me marr\u00ebveshje me Rusin cariste, keshtu Turqia ua dhuroi tokat shqiptare Serbis\u00eb, Greqis\u00eb, Malit t\u00eb Zi dhe Maqedonis\u00eb, keto jan\u00eb t\u00eb verteta t\u00eb pa mohueshme edhe historikisht t\u00eb dokumentuara, por shqiptar\u00ebt ende nuk po e kan\u00eb guximin q\u00eb k\u00ebto t&#8217;i thon\u00eb haptas, k\u00ebte e deshmoi edhe rasti i fundit i rastit t\u00eb Kosov\u00ebs para Gjykat\u00ebs Nderkomb\u00ebtare t\u00eb Drejt\u00ebsis\u00eb n\u00eb Hag\u00eb, kur Turqia nuk dergoi asnj\u00ebr material rreth rastit n\u00eb fjal\u00eb, ngase do ta d\u00ebmtonte Serbin\u00eb duke treguar tapit\u00eb e vjetra turke se Kosova ishte edhe m\u00eb lart se te Molla e Kuqe, pra edhe me k\u00ebte rast Turqia d\u00ebmtoi q\u00ebshtjen shqiptare si edhe me shekuj me radh\u00eb. Viti 1912 vertet solli pavar\u00ebsin, ama pavar\u00ebsin\u00eb e gjysm\u00ebs s\u00eb Shqip\u00ebris\u00eb, ngase me dhjet\u00ebra mijera kilometra katrore mbeten nen pushtimin e armiq\u00ebve sllav\u00eb si dhurat\u00eb q\u00eb moren nga pushtuesi i ballkanit Turqia.<\/p>\n<p>Shqip\u00ebria u pavar\u00ebsua por jo ajo natyrale, Shqip\u00ebria u pavar\u00ebsua edhe me ndihemn e miq\u00ebve europian e amerikan\u00eb edhe pse ne kemi merak q\u00eb shpesh ta shajm\u00eb Evropen \u201ckurv\u00eb\u201c por realiteti \u00ebsht\u00eb ky se ne duhet ta shajm\u00eb Turqin q\u00eb na la tokat tona t\u00eb pushtuara nder sllav\u00eb t\u00eb cilet i moren si dhurata p\u00ebr dhanjen e femrave t\u00eb tyre sulltan\u00ebve dhe pashajve turk t\u00eb krisur.<\/p>\n<p>E tani m\u00eb sot pas 100 vjet\u00ebve shqiptar\u00ebt kudo n\u00eb bot\u00eb pergatiten q\u00eb t\u00eb festojn\u00eb pavar\u00ebsin e shtetit t \u00eb tyre, pavar\u00ebsin e shtetit q\u00eb mbeti gjys\u00ebm shteti, q\u00eb mbeti shteti m\u00eb i coptuar n\u00eb Evrop\u00eb, e shtetit q\u00eb doli si m\u00eb i shkatrruari nga pushtmi i eg\u00ebr dhe i gjat\u00eb sulltanez, pra pavar\u00ebsin e shtetit t\u00eb mbetur pezull pa gjymtyr\u00ebt e saja natyrore, Kosoven, Qamerin, Mal\u00ebsin, Iliriden e k\u00ebshtu me radh.<\/p>\n<p>Ne kete vit jemi t\u00eb g\u00ebzuar q\u00eb do t\u00eb festojm\u00eb k\u00ebte pavar\u00ebsi, megjithat\u00eb kemi pse t\u00eb festojm\u00eb dhe t\u00eb g\u00ebzohemi ngase sot kemi edhe nj\u00eb gjymtyr\u00eb n\u00eb trupin am\u00eb kemi shtetin q\u00eb fitoi lirin\u00eb dhe pavar\u00ebsin e kjo \u00ebsht\u00eb Dardania, kemi pse t\u00eb g\u00ebzohemi ngase shqiptar\u00ebt po vet\u00ebdij\u00ebsohen se kemi edhe shum\u00eb pun\u00eb p\u00ebr t\u00eb b\u00ebr\u00eb q\u00eb ti qesim per ledine tapit\u00eb turke q\u00eb i mban\u00eb t\u00eb mbyllura hermemtikisht Turqia edhe sot e k\u00ebsaj dite, t\u00eb cilat nuk i tregon se deri ku shtriheshin tokat shqiptare, q\u00eb sot e k\u00ebsaj dite Turqia nuk deshiron ti prish marr\u00ebdhenjet me Serbin\u00eb, pra ne duhet t\u00eb punojm\u00eb q\u00eb kur t\u00eb vij\u00eb koha dhe momenti t\u00eb bashkojm\u00eb tokat tona q\u00eb ishin tonat me mij\u00ebra vite. Shqiptar\u00ebt do t\u00eb festojn\u00eb kete vit 100 vjetorin e pavar\u00ebsis\u00eb, dhe duhet t\u00eb festojm\u00eb s\u00eb bashku t\u00eb gjith\u00eb shqiptar\u00ebt, por mjerisht\u00eb nuk do t\u00eb mund t\u00eb festojn\u00eb miliona shqiptar\u00eb t\u00eb asimiluar n\u00eb shtetin turk, shqiptar\u00eb q\u00eb nuk kan\u00eb shkolla shqipe, q\u00eb nuk kan\u00eb emra shqip dhe nuk kan\u00eb m\u00eb as histori shqiptare, ngase i asimiloi edhe ata me dhun\u00eb Turqia ose \u201cvllau\u201c mysliman?!.<\/p>\n<p>Ne shqiptar\u00ebt do t\u00eb festojm\u00eb por t\u00eb festojm\u00eb pa turqit, ne do t\u00eb festojm\u00eb dhe do t\u00eb ftojm\u00eb miq\u00eb n\u00eb festime por jo turqit, ngase ne u desh me qindra vjet t\u00eb luftojm\u00eb kunder turq\u00ebve q\u00eb t\u00eb pavar\u00ebsonim vetem gjysmen e shtetit shqiptar\u00eb, pra nuk na duhen turqit n\u00eb festime, nuk na duhen perfaqsuesit e tyre n\u00eb festa, ngase ende nuk \u00ebsht\u00eb rasti e as koha, ngase Turqia ende ska kerkue s\u00eb paku falje p\u00ebr pushtimin dhe gjenocidin ndaj shqiptar\u00ebve me shekuj, ngase Turqia ende ska b\u00ebr\u00eb as m\u00eb t\u00eb voglin gjest q\u00eb t\u00eb pendohet zyrtarisht p\u00ebr t\u00eb bemat e tyre shekuj me radh, pra shkurt nuk na duhen turqit n\u00eb k\u00ebte pervjetor.<\/p>\n<p>Gjermani e sotme ende paguan d\u00ebme lufte p\u00ebr hebrenjet, Gjermania ende paguan d\u00ebme lufte ndaj Polonis\u00eb dhe Frances, pra ende dhe ende vetem per 4 vjet lufte, ndersa Turqia na ka shkat\u00ebrrue 500 vjet e asgj\u00eb t\u00eb mos bej, jo kjo nuk duhet t\u00eb lejohet, andaj nuk na duhen n\u00eb festime, na duhen miq\u00ebt tan\u00eb Evropian dhe Amerikan. Na duhen ata q\u00eb edhe sot e k\u00ebsaj dite na e ruajn\u00eb qenjen komb\u00ebtare, q\u00eb na \u00e7liruan nga sllavi e rusi serb.<\/p>\n<p>Une do t\u00eb festoi 100 vjetorin e pavar\u00ebsis\u00eb s\u00eb Shqip\u00ebris dhe ate pa turqit, nese turqit marrin pjes\u00eb pa u pendue dhe pa kerkim falje une si shqiptar\u00eb dhe si kombtar\u00eb me kaqikun tim nuk do t\u00eb festoi kete 100 vjetor.<br \/>\nT\u00eb ket\u00eb kujdes paria e Shqip\u00ebris\u00eb dhe t\u00eb luaj rolin vendimtar\u00eb n\u00eb pergatitjen madheshtore t\u00eb festimeve por pa R. Taip Erdogana\u2026.<\/p>\n<p>I nderuari Kryeminister i Shqip\u00ebris\u00eb, ne shqiptar\u00ebt si patem si kemi dhe kurren e kurres nuk do ti kemi vellez\u00ebr armiqet tan\u00eb, andaj t\u00eb jeni n\u00eb nivel t\u00eb funkcionit dhe respektit q\u00eb keni nder shqiptar\u00eb, mos ju lutem t\u00eb na perzihet gjaku kastriot me ata sulltan\u00eb- nuk \u00ebsht\u00eb e mundur kurr\u00eb\u2026.<\/p>\n","protected":false},"excerpt":{"rendered":"<p>Xhevat Rexhaj Marre nga http:\/\/tribunashqiptare.net\/?p=6555 Historia e njer\u00ebzimit ishte dhe mbetet e mbushur me situata dhe ngjarje t\u00eb furishme per perudhat kohore q\u00eb kaloi njer\u00ebzimi. Dihet mir\u00ebfilli se shekujt\u00eb e kaluar ishin shekuj luft\u00ebrash dhe shekuj gjenocidesh q\u00eb popuj dhe kombe t\u00eb ndryshme kishin ushtruar ndaj popujve dhe kombeve t\u00eb caktuara n\u00eb regjione dhe cepe [&hellip;]<\/p>\n","protected":false},"author":1,"featured_media":0,"comment_status":"open","ping_status":"closed","sticky":false,"template":"","format":"standard","meta":{"footnotes":""},"categories":[2],"tags":[],"class_list":{"0":"post-2633","1":"post","2":"type-post","3":"status-publish","4":"format-standard","6":"category-artikuj"},"yoast_head":"<!-- This site is optimized with the Yoast SEO plugin v27.4 - https:\/\/yoast.com\/product\/yoast-seo-wordpress\/ -->\n<title>FESTA E 100 VJETORIT T\u00cb JET\u00cb PA TURQIT- S\u2019KERKUAN FALJE ENDE PER PUSHTIMIN DHE VRASJET SHEKULLORE - FjALA e LIR\u00cb - Arkivi<\/title>\n<meta name=\"robots\" content=\"index, follow, max-snippet:-1, max-image-preview:large, max-video-preview:-1\" \/>\n<link rel=\"canonical\" href=\"https:\/\/fjala.info\/2009-2015\/festa-e-100-vjetorit-te-jete-pa-turqit-skerkuan-falje-ende-per-pushtimin-dhe-vrasjet-shekullore\/\" \/>\n<meta property=\"og:locale\" content=\"sq_AL\" \/>\n<meta property=\"og:type\" content=\"article\" \/>\n<meta property=\"og:title\" content=\"FESTA E 100 VJETORIT T\u00cb JET\u00cb PA TURQIT- S\u2019KERKUAN FALJE ENDE PER PUSHTIMIN DHE VRASJET SHEKULLORE - FjALA e LIR\u00cb - Arkivi\" \/>\n<meta property=\"og:description\" content=\"Xhevat Rexhaj Marre nga http:\/\/tribunashqiptare.net\/?p=6555 Historia e njer\u00ebzimit ishte dhe mbetet e mbushur me situata dhe ngjarje t\u00eb furishme per perudhat kohore q\u00eb kaloi njer\u00ebzimi. Dihet mir\u00ebfilli se shekujt\u00eb e kaluar ishin shekuj luft\u00ebrash dhe shekuj gjenocidesh q\u00eb popuj dhe kombe t\u00eb ndryshme kishin ushtruar ndaj popujve dhe kombeve t\u00eb caktuara n\u00eb regjione dhe cepe [&hellip;]\" \/>\n<meta property=\"og:url\" content=\"https:\/\/fjala.info\/2009-2015\/festa-e-100-vjetorit-te-jete-pa-turqit-skerkuan-falje-ende-per-pushtimin-dhe-vrasjet-shekullore\/\" \/>\n<meta property=\"og:site_name\" content=\"FjALA e LIR\u00cb - Arkivi\" \/>\n<meta property=\"article:published_time\" content=\"2012-04-26T20:06:40+00:00\" \/>\n<meta property=\"og:image\" content=\"http:\/\/www.shkoder.net\/2012\/xhevat_rexhaj.jpg\" \/>\n<meta name=\"author\" content=\"admin\" \/>\n<meta name=\"twitter:card\" content=\"summary_large_image\" \/>\n<meta name=\"twitter:label1\" content=\"Written by\" \/>\n\t<meta name=\"twitter:data1\" content=\"admin\" \/>\n\t<meta name=\"twitter:label2\" content=\"Est. reading time\" \/>\n\t<meta name=\"twitter:data2\" content=\"10 minutes\" \/>\n<script type=\"application\/ld+json\" class=\"yoast-schema-graph\">{\"@context\":\"https:\\\/\\\/schema.org\",\"@graph\":[{\"@type\":\"Article\",\"@id\":\"https:\\\/\\\/fjala.info\\\/2009-2015\\\/festa-e-100-vjetorit-te-jete-pa-turqit-skerkuan-falje-ende-per-pushtimin-dhe-vrasjet-shekullore\\\/#article\",\"isPartOf\":{\"@id\":\"https:\\\/\\\/fjala.info\\\/2009-2015\\\/festa-e-100-vjetorit-te-jete-pa-turqit-skerkuan-falje-ende-per-pushtimin-dhe-vrasjet-shekullore\\\/\"},\"author\":{\"name\":\"admin\",\"@id\":\"https:\\\/\\\/fjala.info\\\/2009-2015\\\/#\\\/schema\\\/person\\\/3aa1163ef05469c496fc94e77611ada2\"},\"headline\":\"FESTA E 100 VJETORIT T\u00cb JET\u00cb PA TURQIT- S\u2019KERKUAN FALJE ENDE PER PUSHTIMIN DHE VRASJET SHEKULLORE\",\"datePublished\":\"2012-04-26T20:06:40+00:00\",\"mainEntityOfPage\":{\"@id\":\"https:\\\/\\\/fjala.info\\\/2009-2015\\\/festa-e-100-vjetorit-te-jete-pa-turqit-skerkuan-falje-ende-per-pushtimin-dhe-vrasjet-shekullore\\\/\"},\"wordCount\":1968,\"commentCount\":0,\"publisher\":{\"@id\":\"https:\\\/\\\/fjala.info\\\/2009-2015\\\/#organization\"},\"image\":{\"@id\":\"https:\\\/\\\/fjala.info\\\/2009-2015\\\/festa-e-100-vjetorit-te-jete-pa-turqit-skerkuan-falje-ende-per-pushtimin-dhe-vrasjet-shekullore\\\/#primaryimage\"},\"thumbnailUrl\":\"http:\\\/\\\/www.shkoder.net\\\/2012\\\/xhevat_rexhaj.jpg\",\"articleSection\":[\"Artikuj\"],\"inLanguage\":\"sq-AL\",\"potentialAction\":[{\"@type\":\"CommentAction\",\"name\":\"Comment\",\"target\":[\"https:\\\/\\\/fjala.info\\\/2009-2015\\\/festa-e-100-vjetorit-te-jete-pa-turqit-skerkuan-falje-ende-per-pushtimin-dhe-vrasjet-shekullore\\\/#respond\"]}]},{\"@type\":\"WebPage\",\"@id\":\"https:\\\/\\\/fjala.info\\\/2009-2015\\\/festa-e-100-vjetorit-te-jete-pa-turqit-skerkuan-falje-ende-per-pushtimin-dhe-vrasjet-shekullore\\\/\",\"url\":\"https:\\\/\\\/fjala.info\\\/2009-2015\\\/festa-e-100-vjetorit-te-jete-pa-turqit-skerkuan-falje-ende-per-pushtimin-dhe-vrasjet-shekullore\\\/\",\"name\":\"FESTA E 100 VJETORIT T\u00cb JET\u00cb PA TURQIT- S\u2019KERKUAN FALJE ENDE PER PUSHTIMIN DHE VRASJET SHEKULLORE - FjALA e LIR\u00cb - Arkivi\",\"isPartOf\":{\"@id\":\"https:\\\/\\\/fjala.info\\\/2009-2015\\\/#website\"},\"primaryImageOfPage\":{\"@id\":\"https:\\\/\\\/fjala.info\\\/2009-2015\\\/festa-e-100-vjetorit-te-jete-pa-turqit-skerkuan-falje-ende-per-pushtimin-dhe-vrasjet-shekullore\\\/#primaryimage\"},\"image\":{\"@id\":\"https:\\\/\\\/fjala.info\\\/2009-2015\\\/festa-e-100-vjetorit-te-jete-pa-turqit-skerkuan-falje-ende-per-pushtimin-dhe-vrasjet-shekullore\\\/#primaryimage\"},\"thumbnailUrl\":\"http:\\\/\\\/www.shkoder.net\\\/2012\\\/xhevat_rexhaj.jpg\",\"datePublished\":\"2012-04-26T20:06:40+00:00\",\"breadcrumb\":{\"@id\":\"https:\\\/\\\/fjala.info\\\/2009-2015\\\/festa-e-100-vjetorit-te-jete-pa-turqit-skerkuan-falje-ende-per-pushtimin-dhe-vrasjet-shekullore\\\/#breadcrumb\"},\"inLanguage\":\"sq-AL\",\"potentialAction\":[{\"@type\":\"ReadAction\",\"target\":[\"https:\\\/\\\/fjala.info\\\/2009-2015\\\/festa-e-100-vjetorit-te-jete-pa-turqit-skerkuan-falje-ende-per-pushtimin-dhe-vrasjet-shekullore\\\/\"]}]},{\"@type\":\"ImageObject\",\"inLanguage\":\"sq-AL\",\"@id\":\"https:\\\/\\\/fjala.info\\\/2009-2015\\\/festa-e-100-vjetorit-te-jete-pa-turqit-skerkuan-falje-ende-per-pushtimin-dhe-vrasjet-shekullore\\\/#primaryimage\",\"url\":\"http:\\\/\\\/www.shkoder.net\\\/2012\\\/xhevat_rexhaj.jpg\",\"contentUrl\":\"http:\\\/\\\/www.shkoder.net\\\/2012\\\/xhevat_rexhaj.jpg\"},{\"@type\":\"BreadcrumbList\",\"@id\":\"https:\\\/\\\/fjala.info\\\/2009-2015\\\/festa-e-100-vjetorit-te-jete-pa-turqit-skerkuan-falje-ende-per-pushtimin-dhe-vrasjet-shekullore\\\/#breadcrumb\",\"itemListElement\":[{\"@type\":\"ListItem\",\"position\":1,\"name\":\"Home\",\"item\":\"https:\\\/\\\/fjala.info\\\/2009-2015\\\/\"},{\"@type\":\"ListItem\",\"position\":2,\"name\":\"FESTA E 100 VJETORIT T\u00cb JET\u00cb PA TURQIT- S\u2019KERKUAN FALJE ENDE PER PUSHTIMIN DHE VRASJET SHEKULLORE\"}]},{\"@type\":\"WebSite\",\"@id\":\"https:\\\/\\\/fjala.info\\\/2009-2015\\\/#website\",\"url\":\"https:\\\/\\\/fjala.info\\\/2009-2015\\\/\",\"name\":\"FjALA e LIR\u00cb - Arkivi\",\"description\":\"Arkivi 2009-2015\",\"publisher\":{\"@id\":\"https:\\\/\\\/fjala.info\\\/2009-2015\\\/#organization\"},\"potentialAction\":[{\"@type\":\"SearchAction\",\"target\":{\"@type\":\"EntryPoint\",\"urlTemplate\":\"https:\\\/\\\/fjala.info\\\/2009-2015\\\/?s={search_term_string}\"},\"query-input\":{\"@type\":\"PropertyValueSpecification\",\"valueRequired\":true,\"valueName\":\"search_term_string\"}}],\"inLanguage\":\"sq-AL\"},{\"@type\":\"Organization\",\"@id\":\"https:\\\/\\\/fjala.info\\\/2009-2015\\\/#organization\",\"name\":\"FjALA e LIR\u00cb - Arkivi\",\"url\":\"https:\\\/\\\/fjala.info\\\/2009-2015\\\/\",\"logo\":{\"@type\":\"ImageObject\",\"inLanguage\":\"sq-AL\",\"@id\":\"https:\\\/\\\/fjala.info\\\/2009-2015\\\/#\\\/schema\\\/logo\\\/image\\\/\",\"url\":\"\",\"contentUrl\":\"\",\"caption\":\"FjALA e LIR\u00cb - Arkivi\"},\"image\":{\"@id\":\"https:\\\/\\\/fjala.info\\\/2009-2015\\\/#\\\/schema\\\/logo\\\/image\\\/\"}},{\"@type\":\"Person\",\"@id\":\"https:\\\/\\\/fjala.info\\\/2009-2015\\\/#\\\/schema\\\/person\\\/3aa1163ef05469c496fc94e77611ada2\",\"name\":\"admin\",\"image\":{\"@type\":\"ImageObject\",\"inLanguage\":\"sq-AL\",\"@id\":\"https:\\\/\\\/fjala.info\\\/2009-2015\\\/wp-content\\\/uploads\\\/2012\\\/02\\\/arben_cokaj-120x150.jpg\",\"url\":\"https:\\\/\\\/fjala.info\\\/2009-2015\\\/wp-content\\\/uploads\\\/2012\\\/02\\\/arben_cokaj-120x150.jpg\",\"contentUrl\":\"https:\\\/\\\/fjala.info\\\/2009-2015\\\/wp-content\\\/uploads\\\/2012\\\/02\\\/arben_cokaj-120x150.jpg\",\"caption\":\"admin\"},\"description\":\"Admin, Fjala e Lir\u00eb\",\"sameAs\":[\"https:\\\/\\\/fjala.info\\\/\"],\"url\":\"https:\\\/\\\/fjala.info\\\/2009-2015\\\/author\\\/admin\\\/\"}]}<\/script>\n<!-- \/ Yoast SEO plugin. -->","yoast_head_json":{"title":"FESTA E 100 VJETORIT T\u00cb JET\u00cb PA TURQIT- S\u2019KERKUAN FALJE ENDE PER PUSHTIMIN DHE VRASJET SHEKULLORE - FjALA e LIR\u00cb - Arkivi","robots":{"index":"index","follow":"follow","max-snippet":"max-snippet:-1","max-image-preview":"max-image-preview:large","max-video-preview":"max-video-preview:-1"},"canonical":"https:\/\/fjala.info\/2009-2015\/festa-e-100-vjetorit-te-jete-pa-turqit-skerkuan-falje-ende-per-pushtimin-dhe-vrasjet-shekullore\/","og_locale":"sq_AL","og_type":"article","og_title":"FESTA E 100 VJETORIT T\u00cb JET\u00cb PA TURQIT- S\u2019KERKUAN FALJE ENDE PER PUSHTIMIN DHE VRASJET SHEKULLORE - FjALA e LIR\u00cb - Arkivi","og_description":"Xhevat Rexhaj Marre nga http:\/\/tribunashqiptare.net\/?p=6555 Historia e njer\u00ebzimit ishte dhe mbetet e mbushur me situata dhe ngjarje t\u00eb furishme per perudhat kohore q\u00eb kaloi njer\u00ebzimi. Dihet mir\u00ebfilli se shekujt\u00eb e kaluar ishin shekuj luft\u00ebrash dhe shekuj gjenocidesh q\u00eb popuj dhe kombe t\u00eb ndryshme kishin ushtruar ndaj popujve dhe kombeve t\u00eb caktuara n\u00eb regjione dhe cepe [&hellip;]","og_url":"https:\/\/fjala.info\/2009-2015\/festa-e-100-vjetorit-te-jete-pa-turqit-skerkuan-falje-ende-per-pushtimin-dhe-vrasjet-shekullore\/","og_site_name":"FjALA e LIR\u00cb - Arkivi","article_published_time":"2012-04-26T20:06:40+00:00","og_image":[{"url":"http:\/\/www.shkoder.net\/2012\/xhevat_rexhaj.jpg","type":"","width":"","height":""}],"author":"admin","twitter_card":"summary_large_image","twitter_misc":{"Written by":"admin","Est. reading time":"10 minutes"},"schema":{"@context":"https:\/\/schema.org","@graph":[{"@type":"Article","@id":"https:\/\/fjala.info\/2009-2015\/festa-e-100-vjetorit-te-jete-pa-turqit-skerkuan-falje-ende-per-pushtimin-dhe-vrasjet-shekullore\/#article","isPartOf":{"@id":"https:\/\/fjala.info\/2009-2015\/festa-e-100-vjetorit-te-jete-pa-turqit-skerkuan-falje-ende-per-pushtimin-dhe-vrasjet-shekullore\/"},"author":{"name":"admin","@id":"https:\/\/fjala.info\/2009-2015\/#\/schema\/person\/3aa1163ef05469c496fc94e77611ada2"},"headline":"FESTA E 100 VJETORIT T\u00cb JET\u00cb PA TURQIT- S\u2019KERKUAN FALJE ENDE PER PUSHTIMIN DHE VRASJET SHEKULLORE","datePublished":"2012-04-26T20:06:40+00:00","mainEntityOfPage":{"@id":"https:\/\/fjala.info\/2009-2015\/festa-e-100-vjetorit-te-jete-pa-turqit-skerkuan-falje-ende-per-pushtimin-dhe-vrasjet-shekullore\/"},"wordCount":1968,"commentCount":0,"publisher":{"@id":"https:\/\/fjala.info\/2009-2015\/#organization"},"image":{"@id":"https:\/\/fjala.info\/2009-2015\/festa-e-100-vjetorit-te-jete-pa-turqit-skerkuan-falje-ende-per-pushtimin-dhe-vrasjet-shekullore\/#primaryimage"},"thumbnailUrl":"http:\/\/www.shkoder.net\/2012\/xhevat_rexhaj.jpg","articleSection":["Artikuj"],"inLanguage":"sq-AL","potentialAction":[{"@type":"CommentAction","name":"Comment","target":["https:\/\/fjala.info\/2009-2015\/festa-e-100-vjetorit-te-jete-pa-turqit-skerkuan-falje-ende-per-pushtimin-dhe-vrasjet-shekullore\/#respond"]}]},{"@type":"WebPage","@id":"https:\/\/fjala.info\/2009-2015\/festa-e-100-vjetorit-te-jete-pa-turqit-skerkuan-falje-ende-per-pushtimin-dhe-vrasjet-shekullore\/","url":"https:\/\/fjala.info\/2009-2015\/festa-e-100-vjetorit-te-jete-pa-turqit-skerkuan-falje-ende-per-pushtimin-dhe-vrasjet-shekullore\/","name":"FESTA E 100 VJETORIT T\u00cb JET\u00cb PA TURQIT- S\u2019KERKUAN FALJE ENDE PER PUSHTIMIN DHE VRASJET SHEKULLORE - FjALA e LIR\u00cb - Arkivi","isPartOf":{"@id":"https:\/\/fjala.info\/2009-2015\/#website"},"primaryImageOfPage":{"@id":"https:\/\/fjala.info\/2009-2015\/festa-e-100-vjetorit-te-jete-pa-turqit-skerkuan-falje-ende-per-pushtimin-dhe-vrasjet-shekullore\/#primaryimage"},"image":{"@id":"https:\/\/fjala.info\/2009-2015\/festa-e-100-vjetorit-te-jete-pa-turqit-skerkuan-falje-ende-per-pushtimin-dhe-vrasjet-shekullore\/#primaryimage"},"thumbnailUrl":"http:\/\/www.shkoder.net\/2012\/xhevat_rexhaj.jpg","datePublished":"2012-04-26T20:06:40+00:00","breadcrumb":{"@id":"https:\/\/fjala.info\/2009-2015\/festa-e-100-vjetorit-te-jete-pa-turqit-skerkuan-falje-ende-per-pushtimin-dhe-vrasjet-shekullore\/#breadcrumb"},"inLanguage":"sq-AL","potentialAction":[{"@type":"ReadAction","target":["https:\/\/fjala.info\/2009-2015\/festa-e-100-vjetorit-te-jete-pa-turqit-skerkuan-falje-ende-per-pushtimin-dhe-vrasjet-shekullore\/"]}]},{"@type":"ImageObject","inLanguage":"sq-AL","@id":"https:\/\/fjala.info\/2009-2015\/festa-e-100-vjetorit-te-jete-pa-turqit-skerkuan-falje-ende-per-pushtimin-dhe-vrasjet-shekullore\/#primaryimage","url":"http:\/\/www.shkoder.net\/2012\/xhevat_rexhaj.jpg","contentUrl":"http:\/\/www.shkoder.net\/2012\/xhevat_rexhaj.jpg"},{"@type":"BreadcrumbList","@id":"https:\/\/fjala.info\/2009-2015\/festa-e-100-vjetorit-te-jete-pa-turqit-skerkuan-falje-ende-per-pushtimin-dhe-vrasjet-shekullore\/#breadcrumb","itemListElement":[{"@type":"ListItem","position":1,"name":"Home","item":"https:\/\/fjala.info\/2009-2015\/"},{"@type":"ListItem","position":2,"name":"FESTA E 100 VJETORIT T\u00cb JET\u00cb PA TURQIT- S\u2019KERKUAN FALJE ENDE PER PUSHTIMIN DHE VRASJET SHEKULLORE"}]},{"@type":"WebSite","@id":"https:\/\/fjala.info\/2009-2015\/#website","url":"https:\/\/fjala.info\/2009-2015\/","name":"FjALA e LIR\u00cb - Arkivi","description":"Arkivi 2009-2015","publisher":{"@id":"https:\/\/fjala.info\/2009-2015\/#organization"},"potentialAction":[{"@type":"SearchAction","target":{"@type":"EntryPoint","urlTemplate":"https:\/\/fjala.info\/2009-2015\/?s={search_term_string}"},"query-input":{"@type":"PropertyValueSpecification","valueRequired":true,"valueName":"search_term_string"}}],"inLanguage":"sq-AL"},{"@type":"Organization","@id":"https:\/\/fjala.info\/2009-2015\/#organization","name":"FjALA e LIR\u00cb - Arkivi","url":"https:\/\/fjala.info\/2009-2015\/","logo":{"@type":"ImageObject","inLanguage":"sq-AL","@id":"https:\/\/fjala.info\/2009-2015\/#\/schema\/logo\/image\/","url":"","contentUrl":"","caption":"FjALA e LIR\u00cb - Arkivi"},"image":{"@id":"https:\/\/fjala.info\/2009-2015\/#\/schema\/logo\/image\/"}},{"@type":"Person","@id":"https:\/\/fjala.info\/2009-2015\/#\/schema\/person\/3aa1163ef05469c496fc94e77611ada2","name":"admin","image":{"@type":"ImageObject","inLanguage":"sq-AL","@id":"https:\/\/fjala.info\/2009-2015\/wp-content\/uploads\/2012\/02\/arben_cokaj-120x150.jpg","url":"https:\/\/fjala.info\/2009-2015\/wp-content\/uploads\/2012\/02\/arben_cokaj-120x150.jpg","contentUrl":"https:\/\/fjala.info\/2009-2015\/wp-content\/uploads\/2012\/02\/arben_cokaj-120x150.jpg","caption":"admin"},"description":"Admin, Fjala e Lir\u00eb","sameAs":["https:\/\/fjala.info\/"],"url":"https:\/\/fjala.info\/2009-2015\/author\/admin\/"}]}},"_links":{"self":[{"href":"https:\/\/fjala.info\/2009-2015\/wp-json\/wp\/v2\/posts\/2633","targetHints":{"allow":["GET"]}}],"collection":[{"href":"https:\/\/fjala.info\/2009-2015\/wp-json\/wp\/v2\/posts"}],"about":[{"href":"https:\/\/fjala.info\/2009-2015\/wp-json\/wp\/v2\/types\/post"}],"author":[{"embeddable":true,"href":"https:\/\/fjala.info\/2009-2015\/wp-json\/wp\/v2\/users\/1"}],"replies":[{"embeddable":true,"href":"https:\/\/fjala.info\/2009-2015\/wp-json\/wp\/v2\/comments?post=2633"}],"version-history":[{"count":0,"href":"https:\/\/fjala.info\/2009-2015\/wp-json\/wp\/v2\/posts\/2633\/revisions"}],"wp:attachment":[{"href":"https:\/\/fjala.info\/2009-2015\/wp-json\/wp\/v2\/media?parent=2633"}],"wp:term":[{"taxonomy":"category","embeddable":true,"href":"https:\/\/fjala.info\/2009-2015\/wp-json\/wp\/v2\/categories?post=2633"},{"taxonomy":"post_tag","embeddable":true,"href":"https:\/\/fjala.info\/2009-2015\/wp-json\/wp\/v2\/tags?post=2633"}],"curies":[{"name":"wp","href":"https:\/\/api.w.org\/{rel}","templated":true}]}}