{"id":2631,"date":"2010-05-13T21:26:03","date_gmt":"2010-05-13T20:26:03","guid":{"rendered":"http:\/\/fjala.shkoder.net\/?p=2631"},"modified":"2010-05-13T21:26:03","modified_gmt":"2010-05-13T20:26:03","slug":"prononcimi-i-plote-per-mediat-i-deputetit-brace","status":"publish","type":"post","link":"https:\/\/fjala.info\/2009-2015\/prononcimi-i-plote-per-mediat-i-deputetit-brace\/","title":{"rendered":"Prononcimi i plot\u00eb p\u00ebr mediat i deputetit Bra\u00e7e"},"content":{"rendered":"<p><img decoding=\"async\" style=\"margin-left: 10px; margin-right: 10px; border: 0px;\" src=\"http:\/\/www.shkoder.net\/images\/fjala\/erjon_brace.jpg\" border=\"0\" alt=\"Erion Bra\u00e7e\" width=\"100\" align=\"right\" \/><\/p>\n<p>\u201cP\u00ebr shkak t\u00eb kriz\u00ebs ekonomike dhe financiare, q\u00eb vjen si pasoj\u00eb e keqqeverisjes s\u00eb Sali Berish\u00ebs, arka e shtetit \u00ebsht\u00eb bosh.<\/p>\n<p>Nj\u00eb akt i fundit i qeveris\u00eb dhe i Bank\u00ebs s\u00eb Shqip\u00ebris\u00eb, me pasurin\u00eb publike n\u00eb nj\u00eb proces privatizimi, apo shitje, d\u00ebshmon gjithmon\u00eb e m\u00eb qart\u00eb se arka e shtetit vazhdon t\u00eb jet\u00eb gjithnj\u00eb e m\u00eb tep\u00ebr bosh. E kam fjal\u00ebn p\u00ebr njoftimin e djesh\u00ebm, t\u00eb shitjes s\u00eb Hotel Dajtit, vet\u00ebm pak metra larg prej k\u00ebtej, Bank\u00ebs s\u00eb Shqip\u00ebris\u00eb n\u00eb vler\u00ebn e 30 milion dollar\u00ebsh.<\/p>\n<p>Nj\u00eb operacion i past\u00ebr q\u00eb nuk justifikon blerjen e k\u00ebtij objekti nga ana e Bank\u00ebs s\u00eb Shqip\u00ebris\u00eb, por q\u00eb d\u00ebshmon qart\u00ebsisht dh\u00ebnien e parave nga Bank\u00ebs e Shqip\u00ebris\u00eb, p\u00ebr arkat bosh t\u00eb qeveris\u00eb s\u00eb Sali Berish\u00ebs.<\/p>\n<p>Do doja t\u2019ju kujtoja q\u00eb nga muaji janar i k\u00ebtij viti, Banka e Shqip\u00ebris\u00eb n\u00eb m\u00ebnyr\u00eb t\u00eb pa justifikuar, i ka dh\u00ebn\u00eb qeveris\u00eb s\u00eb Republik\u00ebs s\u00eb Shqip\u00ebris\u00eb, 3 miliard lek\u00eb t\u00eb reja ose 30 milion\u00eb dollar\u00eb, kredi direkte. Ashtu si\u00e7 brenda tre muajve t\u00eb par\u00eb t\u00eb vitit, si asnj\u00ebher\u00eb m\u00eb par\u00eb, Banka e Shqip\u00ebris\u00eb i ka transferuar qeveris\u00eb s\u00eb Republik\u00ebs s\u00eb Shqip\u00ebris\u00eb, 2.5 miliard\u00eb lek\u00eb t\u00eb reja t\u00eb tjera si fitim i transferuesh\u00ebm nga Banka e Shqip\u00ebris\u00eb, n\u00eb arkat e qeveris\u00eb.<\/p>\n<p>Gjithsej vet\u00ebm tre raste duke p\u00ebrfshir\u00eb dhe blerjen e Hotel Dajtit, Banka e Shqip\u00ebris\u00eb i ka dh\u00ebn\u00eb qeveris\u00eb s\u00eb Republik\u00ebs s\u00eb Shqip\u00ebris\u00eb, p\u00ebrgjith\u00ebsisht n\u00eb m\u00ebnyr\u00eb t\u00eb pa justifikuar, 8.5 miliard\u00eb lek\u00eb t\u00eb reja ose 85 milion\u00eb dollar\u00eb, p\u00ebr t\u00eb mbushur ark\u00ebn e boshatisur t\u00eb qeveris\u00eb s\u00eb Shqip\u00ebris\u00eb.<\/p>\n<p>S\u00eb dyti doja t\u2019ju thoja q\u00eb blerja e Hotel Dajtit nga Banka e Shqip\u00ebris\u00eb \u00ebsht\u00eb totalisht e pajustifikuar, dhe nj\u00eb shp\u00ebrdorim i kot i parave t\u00eb Bank\u00ebs s\u00eb Shqip\u00ebris\u00eb. Banka e Shqip\u00ebris\u00eb ka marr\u00eb ambiente me qera, ish godin\u00ebn e VEF-\u00ebs n\u00eb sheshin Avni Rustemi. Ka marr\u00eb ambiente t\u00eb tjera ma qera n\u00eb godina t\u00eb reja t\u00eb p\u00ebrfunduara, p\u00ebr t\u00eb zhvendosur funksionet e Bank\u00ebs s\u00eb Shqip\u00ebris\u00eb n\u00eb momentin q\u00eb do ti n\u00ebnshtrohet rikonstruksionit t\u00eb ambienteve aktuale t\u00eb k\u00ebsaj banke.<\/p>\n<p>Pra po shpenzon 30 milion\u00eb dollar\u00eb, vler\u00eb t\u00eb cil\u00ebs do ti shtohen parat\u00eb t\u00eb tjera p\u00ebr t\u00eb rikonstruktuar at\u00eb ngrehin\u00eb hoteliere n\u00eb zem\u00ebr t\u00eb Tiran\u00ebs, p\u00ebr ta kthyer n\u00eb ambiente pune p\u00ebr Bank\u00ebn e Shqip\u00ebris\u00eb, kur fare mir\u00eb mund t\u00eb harxhonte shum\u00eb m\u00eb pak duke marr\u00eb ambiente me qera dhe duke mos shp\u00ebrdoruar parat\u00eb e Bank\u00ebs s\u00eb Shqip\u00ebris\u00eb. P\u00ebr m\u00eb tep\u00ebr \u00e7mimi me t\u00eb cilin po blen \u00ebsht\u00eb skandaloz. Vlera m\u00eb e madhe e dh\u00ebn\u00eb disa her\u00eb na ankande t\u00eb d\u00ebshtuara p\u00ebr t\u00eb shitur Hotel Dajtin, ka qen\u00eb diku tek 7.5 milion\u00eb dollar\u00eb. Gj\u00eb q\u00eb d\u00ebshmon dhe nj\u00ebher\u00eb tjet\u00ebr se operacion i blerjes nga Banka e Shqip\u00ebris\u00eb t\u00eb Hotel Dajtit, \u00ebsht\u00eb thell\u00ebsisht spekulativ dhe i pa justifikuar, n\u00eb shp\u00ebrdorim t\u00eb parave t\u00eb Bank\u00ebs s\u00eb Shqip\u00ebris\u00eb.<\/p>\n<p>E fundit q\u00eb doja t\u2019ju thoja ka t\u00eb b\u00ebj\u00eb pik\u00ebrisht me k\u00ebt\u00eb histori q\u00eb po vazhdon. Nj\u00eb p\u00ebrfaq\u00ebsues tashm\u00eb i kthyer totalisht n\u00eb politik, q\u00eb drejton si guvernator Bank\u00ebn e Shqip\u00ebris\u00eb, ortak i vjet\u00ebr me Sali Berish\u00ebn, q\u00eb nga viti 1996, po mundohet t\u00eb mbaj\u00eb n\u00eb k\u00ebmb\u00eb nj\u00eb ngrehin\u00eb, e cila duhet t\u00eb kishte r\u00ebn\u00eb p\u00ebr shkak t\u00eb arkave bosh q\u00eb ka. T\u00eb ardhura si pasoj\u00eb e shp\u00ebrdorimeve t\u00eb m\u00ebdha me parat\u00eb publike t\u00eb shqiptar\u00ebve. Arkat jan\u00eb bosh\u00eb sepse Sali Berisha vjedh. Arkat jan\u00eb bosh sepse Sali Berisha po keqp\u00ebrdoron parat\u00eb publike t\u00eb shqiptar\u00ebve. Sot ka dal\u00eb vendimi, vet\u00ebm festa e \u00c7iljet\u00ebs n\u00eb dat\u00ebn 1 maj, ka kushtuar 30 milion\u00eb lek\u00eb t\u00eb reja, ose 300 milion\u00eb lek\u00eb t\u00eb vjetra.<\/p>\n<p>Kjo \u00ebsht\u00eb arsyeja pse arkat mbeten bosh, dhe natyrisht kjo nuk mund t\u00eb jet\u00eb arsye q\u00eb banka e Shqip\u00ebris\u00eb dhe guvernatori i saj, t\u00eb shp\u00ebrdoroj\u00eb parat\u00eb e Bank\u00ebs s\u00eb Shqip\u00ebris\u00eb, bank\u00ebs s\u00eb kombit, bank\u00ebs s\u00eb shqiptar\u00ebve, p\u00ebr t\u00eb mbushur apo p\u00ebr t\u00eb financuar m\u00eb pas ahengjet dhe haremet e Sali Berish\u00ebs dhe t\u00eb tijve.\u201d<\/p>\n","protected":false},"excerpt":{"rendered":"<p>\u201cP\u00ebr shkak t\u00eb kriz\u00ebs ekonomike dhe financiare, q\u00eb vjen si pasoj\u00eb e keqqeverisjes s\u00eb Sali Berish\u00ebs, arka e shtetit \u00ebsht\u00eb bosh. Nj\u00eb akt i fundit i qeveris\u00eb dhe i Bank\u00ebs s\u00eb Shqip\u00ebris\u00eb, me pasurin\u00eb publike n\u00eb nj\u00eb proces privatizimi, apo shitje, d\u00ebshmon gjithmon\u00eb e m\u00eb qart\u00eb se arka e shtetit vazhdon t\u00eb jet\u00eb gjithnj\u00eb e [&hellip;]<\/p>\n","protected":false},"author":1,"featured_media":0,"comment_status":"open","ping_status":"closed","sticky":false,"template":"","format":"standard","meta":{"footnotes":""},"categories":[2],"tags":[],"class_list":{"0":"post-2631","1":"post","2":"type-post","3":"status-publish","4":"format-standard","6":"category-artikuj"},"yoast_head":"<!-- This site is optimized with the Yoast SEO plugin v27.4 - https:\/\/yoast.com\/product\/yoast-seo-wordpress\/ -->\n<title>Prononcimi i plot\u00eb p\u00ebr mediat i deputetit Bra\u00e7e - FjALA e LIR\u00cb - Arkivi<\/title>\n<meta name=\"robots\" content=\"index, follow, max-snippet:-1, max-image-preview:large, max-video-preview:-1\" \/>\n<link rel=\"canonical\" href=\"https:\/\/fjala.info\/2009-2015\/prononcimi-i-plote-per-mediat-i-deputetit-brace\/\" \/>\n<meta property=\"og:locale\" content=\"sq_AL\" \/>\n<meta property=\"og:type\" content=\"article\" \/>\n<meta property=\"og:title\" content=\"Prononcimi i plot\u00eb p\u00ebr mediat i deputetit Bra\u00e7e - FjALA e LIR\u00cb - Arkivi\" \/>\n<meta property=\"og:description\" content=\"\u201cP\u00ebr shkak t\u00eb kriz\u00ebs ekonomike dhe financiare, q\u00eb vjen si pasoj\u00eb e keqqeverisjes s\u00eb Sali Berish\u00ebs, arka e shtetit \u00ebsht\u00eb bosh. Nj\u00eb akt i fundit i qeveris\u00eb dhe i Bank\u00ebs s\u00eb Shqip\u00ebris\u00eb, me pasurin\u00eb publike n\u00eb nj\u00eb proces privatizimi, apo shitje, d\u00ebshmon gjithmon\u00eb e m\u00eb qart\u00eb se arka e shtetit vazhdon t\u00eb jet\u00eb gjithnj\u00eb e [&hellip;]\" \/>\n<meta property=\"og:url\" content=\"https:\/\/fjala.info\/2009-2015\/prononcimi-i-plote-per-mediat-i-deputetit-brace\/\" \/>\n<meta property=\"og:site_name\" content=\"FjALA e LIR\u00cb - Arkivi\" \/>\n<meta property=\"article:published_time\" content=\"2010-05-13T20:26:03+00:00\" \/>\n<meta property=\"og:image\" content=\"http:\/\/www.shkoder.net\/images\/fjala\/erjon_brace.jpg\" \/>\n<meta name=\"author\" content=\"admin\" \/>\n<meta name=\"twitter:card\" content=\"summary_large_image\" \/>\n<meta name=\"twitter:label1\" content=\"Written by\" \/>\n\t<meta name=\"twitter:data1\" content=\"admin\" \/>\n\t<meta name=\"twitter:label2\" content=\"Est. reading time\" \/>\n\t<meta name=\"twitter:data2\" content=\"4 minutes\" \/>\n<script type=\"application\/ld+json\" class=\"yoast-schema-graph\">{\"@context\":\"https:\\\/\\\/schema.org\",\"@graph\":[{\"@type\":\"Article\",\"@id\":\"https:\\\/\\\/fjala.info\\\/2009-2015\\\/prononcimi-i-plote-per-mediat-i-deputetit-brace\\\/#article\",\"isPartOf\":{\"@id\":\"https:\\\/\\\/fjala.info\\\/2009-2015\\\/prononcimi-i-plote-per-mediat-i-deputetit-brace\\\/\"},\"author\":{\"name\":\"admin\",\"@id\":\"https:\\\/\\\/fjala.info\\\/2009-2015\\\/#\\\/schema\\\/person\\\/3aa1163ef05469c496fc94e77611ada2\"},\"headline\":\"Prononcimi i plot\u00eb p\u00ebr mediat i deputetit Bra\u00e7e\",\"datePublished\":\"2010-05-13T20:26:03+00:00\",\"mainEntityOfPage\":{\"@id\":\"https:\\\/\\\/fjala.info\\\/2009-2015\\\/prononcimi-i-plote-per-mediat-i-deputetit-brace\\\/\"},\"wordCount\":745,\"commentCount\":0,\"publisher\":{\"@id\":\"https:\\\/\\\/fjala.info\\\/2009-2015\\\/#organization\"},\"image\":{\"@id\":\"https:\\\/\\\/fjala.info\\\/2009-2015\\\/prononcimi-i-plote-per-mediat-i-deputetit-brace\\\/#primaryimage\"},\"thumbnailUrl\":\"http:\\\/\\\/www.shkoder.net\\\/images\\\/fjala\\\/erjon_brace.jpg\",\"articleSection\":[\"Artikuj\"],\"inLanguage\":\"sq-AL\",\"potentialAction\":[{\"@type\":\"CommentAction\",\"name\":\"Comment\",\"target\":[\"https:\\\/\\\/fjala.info\\\/2009-2015\\\/prononcimi-i-plote-per-mediat-i-deputetit-brace\\\/#respond\"]}]},{\"@type\":\"WebPage\",\"@id\":\"https:\\\/\\\/fjala.info\\\/2009-2015\\\/prononcimi-i-plote-per-mediat-i-deputetit-brace\\\/\",\"url\":\"https:\\\/\\\/fjala.info\\\/2009-2015\\\/prononcimi-i-plote-per-mediat-i-deputetit-brace\\\/\",\"name\":\"Prononcimi i plot\u00eb p\u00ebr mediat i deputetit Bra\u00e7e - FjALA e LIR\u00cb - Arkivi\",\"isPartOf\":{\"@id\":\"https:\\\/\\\/fjala.info\\\/2009-2015\\\/#website\"},\"primaryImageOfPage\":{\"@id\":\"https:\\\/\\\/fjala.info\\\/2009-2015\\\/prononcimi-i-plote-per-mediat-i-deputetit-brace\\\/#primaryimage\"},\"image\":{\"@id\":\"https:\\\/\\\/fjala.info\\\/2009-2015\\\/prononcimi-i-plote-per-mediat-i-deputetit-brace\\\/#primaryimage\"},\"thumbnailUrl\":\"http:\\\/\\\/www.shkoder.net\\\/images\\\/fjala\\\/erjon_brace.jpg\",\"datePublished\":\"2010-05-13T20:26:03+00:00\",\"breadcrumb\":{\"@id\":\"https:\\\/\\\/fjala.info\\\/2009-2015\\\/prononcimi-i-plote-per-mediat-i-deputetit-brace\\\/#breadcrumb\"},\"inLanguage\":\"sq-AL\",\"potentialAction\":[{\"@type\":\"ReadAction\",\"target\":[\"https:\\\/\\\/fjala.info\\\/2009-2015\\\/prononcimi-i-plote-per-mediat-i-deputetit-brace\\\/\"]}]},{\"@type\":\"ImageObject\",\"inLanguage\":\"sq-AL\",\"@id\":\"https:\\\/\\\/fjala.info\\\/2009-2015\\\/prononcimi-i-plote-per-mediat-i-deputetit-brace\\\/#primaryimage\",\"url\":\"http:\\\/\\\/www.shkoder.net\\\/images\\\/fjala\\\/erjon_brace.jpg\",\"contentUrl\":\"http:\\\/\\\/www.shkoder.net\\\/images\\\/fjala\\\/erjon_brace.jpg\"},{\"@type\":\"BreadcrumbList\",\"@id\":\"https:\\\/\\\/fjala.info\\\/2009-2015\\\/prononcimi-i-plote-per-mediat-i-deputetit-brace\\\/#breadcrumb\",\"itemListElement\":[{\"@type\":\"ListItem\",\"position\":1,\"name\":\"Home\",\"item\":\"https:\\\/\\\/fjala.info\\\/2009-2015\\\/\"},{\"@type\":\"ListItem\",\"position\":2,\"name\":\"Prononcimi i plot\u00eb p\u00ebr mediat i deputetit Bra\u00e7e\"}]},{\"@type\":\"WebSite\",\"@id\":\"https:\\\/\\\/fjala.info\\\/2009-2015\\\/#website\",\"url\":\"https:\\\/\\\/fjala.info\\\/2009-2015\\\/\",\"name\":\"FjALA e LIR\u00cb - Arkivi\",\"description\":\"Arkivi 2009-2015\",\"publisher\":{\"@id\":\"https:\\\/\\\/fjala.info\\\/2009-2015\\\/#organization\"},\"potentialAction\":[{\"@type\":\"SearchAction\",\"target\":{\"@type\":\"EntryPoint\",\"urlTemplate\":\"https:\\\/\\\/fjala.info\\\/2009-2015\\\/?s={search_term_string}\"},\"query-input\":{\"@type\":\"PropertyValueSpecification\",\"valueRequired\":true,\"valueName\":\"search_term_string\"}}],\"inLanguage\":\"sq-AL\"},{\"@type\":\"Organization\",\"@id\":\"https:\\\/\\\/fjala.info\\\/2009-2015\\\/#organization\",\"name\":\"FjALA e LIR\u00cb - Arkivi\",\"url\":\"https:\\\/\\\/fjala.info\\\/2009-2015\\\/\",\"logo\":{\"@type\":\"ImageObject\",\"inLanguage\":\"sq-AL\",\"@id\":\"https:\\\/\\\/fjala.info\\\/2009-2015\\\/#\\\/schema\\\/logo\\\/image\\\/\",\"url\":\"\",\"contentUrl\":\"\",\"caption\":\"FjALA e LIR\u00cb - Arkivi\"},\"image\":{\"@id\":\"https:\\\/\\\/fjala.info\\\/2009-2015\\\/#\\\/schema\\\/logo\\\/image\\\/\"}},{\"@type\":\"Person\",\"@id\":\"https:\\\/\\\/fjala.info\\\/2009-2015\\\/#\\\/schema\\\/person\\\/3aa1163ef05469c496fc94e77611ada2\",\"name\":\"admin\",\"image\":{\"@type\":\"ImageObject\",\"inLanguage\":\"sq-AL\",\"@id\":\"https:\\\/\\\/fjala.info\\\/2009-2015\\\/wp-content\\\/uploads\\\/2012\\\/02\\\/arben_cokaj-120x150.jpg\",\"url\":\"https:\\\/\\\/fjala.info\\\/2009-2015\\\/wp-content\\\/uploads\\\/2012\\\/02\\\/arben_cokaj-120x150.jpg\",\"contentUrl\":\"https:\\\/\\\/fjala.info\\\/2009-2015\\\/wp-content\\\/uploads\\\/2012\\\/02\\\/arben_cokaj-120x150.jpg\",\"caption\":\"admin\"},\"description\":\"Admin, Fjala e Lir\u00eb\",\"sameAs\":[\"https:\\\/\\\/fjala.info\\\/\"],\"url\":\"https:\\\/\\\/fjala.info\\\/2009-2015\\\/author\\\/admin\\\/\"}]}<\/script>\n<!-- \/ Yoast SEO plugin. -->","yoast_head_json":{"title":"Prononcimi i plot\u00eb p\u00ebr mediat i deputetit Bra\u00e7e - FjALA e LIR\u00cb - Arkivi","robots":{"index":"index","follow":"follow","max-snippet":"max-snippet:-1","max-image-preview":"max-image-preview:large","max-video-preview":"max-video-preview:-1"},"canonical":"https:\/\/fjala.info\/2009-2015\/prononcimi-i-plote-per-mediat-i-deputetit-brace\/","og_locale":"sq_AL","og_type":"article","og_title":"Prononcimi i plot\u00eb p\u00ebr mediat i deputetit Bra\u00e7e - FjALA e LIR\u00cb - Arkivi","og_description":"\u201cP\u00ebr shkak t\u00eb kriz\u00ebs ekonomike dhe financiare, q\u00eb vjen si pasoj\u00eb e keqqeverisjes s\u00eb Sali Berish\u00ebs, arka e shtetit \u00ebsht\u00eb bosh. Nj\u00eb akt i fundit i qeveris\u00eb dhe i Bank\u00ebs s\u00eb Shqip\u00ebris\u00eb, me pasurin\u00eb publike n\u00eb nj\u00eb proces privatizimi, apo shitje, d\u00ebshmon gjithmon\u00eb e m\u00eb qart\u00eb se arka e shtetit vazhdon t\u00eb jet\u00eb gjithnj\u00eb e [&hellip;]","og_url":"https:\/\/fjala.info\/2009-2015\/prononcimi-i-plote-per-mediat-i-deputetit-brace\/","og_site_name":"FjALA e LIR\u00cb - Arkivi","article_published_time":"2010-05-13T20:26:03+00:00","og_image":[{"url":"http:\/\/www.shkoder.net\/images\/fjala\/erjon_brace.jpg","type":"","width":"","height":""}],"author":"admin","twitter_card":"summary_large_image","twitter_misc":{"Written by":"admin","Est. reading time":"4 minutes"},"schema":{"@context":"https:\/\/schema.org","@graph":[{"@type":"Article","@id":"https:\/\/fjala.info\/2009-2015\/prononcimi-i-plote-per-mediat-i-deputetit-brace\/#article","isPartOf":{"@id":"https:\/\/fjala.info\/2009-2015\/prononcimi-i-plote-per-mediat-i-deputetit-brace\/"},"author":{"name":"admin","@id":"https:\/\/fjala.info\/2009-2015\/#\/schema\/person\/3aa1163ef05469c496fc94e77611ada2"},"headline":"Prononcimi i plot\u00eb p\u00ebr mediat i deputetit Bra\u00e7e","datePublished":"2010-05-13T20:26:03+00:00","mainEntityOfPage":{"@id":"https:\/\/fjala.info\/2009-2015\/prononcimi-i-plote-per-mediat-i-deputetit-brace\/"},"wordCount":745,"commentCount":0,"publisher":{"@id":"https:\/\/fjala.info\/2009-2015\/#organization"},"image":{"@id":"https:\/\/fjala.info\/2009-2015\/prononcimi-i-plote-per-mediat-i-deputetit-brace\/#primaryimage"},"thumbnailUrl":"http:\/\/www.shkoder.net\/images\/fjala\/erjon_brace.jpg","articleSection":["Artikuj"],"inLanguage":"sq-AL","potentialAction":[{"@type":"CommentAction","name":"Comment","target":["https:\/\/fjala.info\/2009-2015\/prononcimi-i-plote-per-mediat-i-deputetit-brace\/#respond"]}]},{"@type":"WebPage","@id":"https:\/\/fjala.info\/2009-2015\/prononcimi-i-plote-per-mediat-i-deputetit-brace\/","url":"https:\/\/fjala.info\/2009-2015\/prononcimi-i-plote-per-mediat-i-deputetit-brace\/","name":"Prononcimi i plot\u00eb p\u00ebr mediat i deputetit Bra\u00e7e - FjALA e LIR\u00cb - Arkivi","isPartOf":{"@id":"https:\/\/fjala.info\/2009-2015\/#website"},"primaryImageOfPage":{"@id":"https:\/\/fjala.info\/2009-2015\/prononcimi-i-plote-per-mediat-i-deputetit-brace\/#primaryimage"},"image":{"@id":"https:\/\/fjala.info\/2009-2015\/prononcimi-i-plote-per-mediat-i-deputetit-brace\/#primaryimage"},"thumbnailUrl":"http:\/\/www.shkoder.net\/images\/fjala\/erjon_brace.jpg","datePublished":"2010-05-13T20:26:03+00:00","breadcrumb":{"@id":"https:\/\/fjala.info\/2009-2015\/prononcimi-i-plote-per-mediat-i-deputetit-brace\/#breadcrumb"},"inLanguage":"sq-AL","potentialAction":[{"@type":"ReadAction","target":["https:\/\/fjala.info\/2009-2015\/prononcimi-i-plote-per-mediat-i-deputetit-brace\/"]}]},{"@type":"ImageObject","inLanguage":"sq-AL","@id":"https:\/\/fjala.info\/2009-2015\/prononcimi-i-plote-per-mediat-i-deputetit-brace\/#primaryimage","url":"http:\/\/www.shkoder.net\/images\/fjala\/erjon_brace.jpg","contentUrl":"http:\/\/www.shkoder.net\/images\/fjala\/erjon_brace.jpg"},{"@type":"BreadcrumbList","@id":"https:\/\/fjala.info\/2009-2015\/prononcimi-i-plote-per-mediat-i-deputetit-brace\/#breadcrumb","itemListElement":[{"@type":"ListItem","position":1,"name":"Home","item":"https:\/\/fjala.info\/2009-2015\/"},{"@type":"ListItem","position":2,"name":"Prononcimi i plot\u00eb p\u00ebr mediat i deputetit Bra\u00e7e"}]},{"@type":"WebSite","@id":"https:\/\/fjala.info\/2009-2015\/#website","url":"https:\/\/fjala.info\/2009-2015\/","name":"FjALA e LIR\u00cb - Arkivi","description":"Arkivi 2009-2015","publisher":{"@id":"https:\/\/fjala.info\/2009-2015\/#organization"},"potentialAction":[{"@type":"SearchAction","target":{"@type":"EntryPoint","urlTemplate":"https:\/\/fjala.info\/2009-2015\/?s={search_term_string}"},"query-input":{"@type":"PropertyValueSpecification","valueRequired":true,"valueName":"search_term_string"}}],"inLanguage":"sq-AL"},{"@type":"Organization","@id":"https:\/\/fjala.info\/2009-2015\/#organization","name":"FjALA e LIR\u00cb - Arkivi","url":"https:\/\/fjala.info\/2009-2015\/","logo":{"@type":"ImageObject","inLanguage":"sq-AL","@id":"https:\/\/fjala.info\/2009-2015\/#\/schema\/logo\/image\/","url":"","contentUrl":"","caption":"FjALA e LIR\u00cb - Arkivi"},"image":{"@id":"https:\/\/fjala.info\/2009-2015\/#\/schema\/logo\/image\/"}},{"@type":"Person","@id":"https:\/\/fjala.info\/2009-2015\/#\/schema\/person\/3aa1163ef05469c496fc94e77611ada2","name":"admin","image":{"@type":"ImageObject","inLanguage":"sq-AL","@id":"https:\/\/fjala.info\/2009-2015\/wp-content\/uploads\/2012\/02\/arben_cokaj-120x150.jpg","url":"https:\/\/fjala.info\/2009-2015\/wp-content\/uploads\/2012\/02\/arben_cokaj-120x150.jpg","contentUrl":"https:\/\/fjala.info\/2009-2015\/wp-content\/uploads\/2012\/02\/arben_cokaj-120x150.jpg","caption":"admin"},"description":"Admin, Fjala e Lir\u00eb","sameAs":["https:\/\/fjala.info\/"],"url":"https:\/\/fjala.info\/2009-2015\/author\/admin\/"}]}},"_links":{"self":[{"href":"https:\/\/fjala.info\/2009-2015\/wp-json\/wp\/v2\/posts\/2631","targetHints":{"allow":["GET"]}}],"collection":[{"href":"https:\/\/fjala.info\/2009-2015\/wp-json\/wp\/v2\/posts"}],"about":[{"href":"https:\/\/fjala.info\/2009-2015\/wp-json\/wp\/v2\/types\/post"}],"author":[{"embeddable":true,"href":"https:\/\/fjala.info\/2009-2015\/wp-json\/wp\/v2\/users\/1"}],"replies":[{"embeddable":true,"href":"https:\/\/fjala.info\/2009-2015\/wp-json\/wp\/v2\/comments?post=2631"}],"version-history":[{"count":0,"href":"https:\/\/fjala.info\/2009-2015\/wp-json\/wp\/v2\/posts\/2631\/revisions"}],"wp:attachment":[{"href":"https:\/\/fjala.info\/2009-2015\/wp-json\/wp\/v2\/media?parent=2631"}],"wp:term":[{"taxonomy":"category","embeddable":true,"href":"https:\/\/fjala.info\/2009-2015\/wp-json\/wp\/v2\/categories?post=2631"},{"taxonomy":"post_tag","embeddable":true,"href":"https:\/\/fjala.info\/2009-2015\/wp-json\/wp\/v2\/tags?post=2631"}],"curies":[{"name":"wp","href":"https:\/\/api.w.org\/{rel}","templated":true}]}}