{"id":2629,"date":"2010-05-13T21:17:51","date_gmt":"2010-05-13T20:17:51","guid":{"rendered":"http:\/\/fjala.shkoder.net\/?p=2629"},"modified":"2010-05-13T21:17:51","modified_gmt":"2010-05-13T20:17:51","slug":"cfare-mund-te-beje-presidenti-topi","status":"publish","type":"post","link":"https:\/\/fjala.info\/2009-2015\/cfare-mund-te-beje-presidenti-topi\/","title":{"rendered":"\u00c7far\u00eb mund t\u00eb b\u00ebj\u00eb Presidenti Topi"},"content":{"rendered":"<p><strong>Artan Fuga<\/strong>, <em>13.05.2010<\/em><\/p>\n<p>Dit\u00ebt e fundit, n\u00eb kushtet e rritjes s\u00eb tensionit midis grupeve t\u00eb protestuesve, t\u00eb nxitur nga deputet\u00eb t\u00eb Partis\u00eb Socialiste, p\u00ebr t\u00eb bllokuar rrug\u00ebt e kombit dhe forcave t\u00eb policis\u00eb, si edhe p\u00ebrpjekjeve p\u00ebr t\u00eb zgjidhur kontekstin e v\u00ebshtir\u00eb t\u00eb grev\u00ebs s\u00eb uris\u00eb (e cila nuk ka t\u00eb b\u00ebj\u00eb si filozofi me aktet e para), dhe bllokimin politik t\u00eb Kuvendit, jan\u00eb shtuar edhe z\u00ebrat kritik\u00eb q\u00eb k\u00ebrkojn\u00eb nga Presidenti Topi t\u00eb jet\u00eb m\u00eb aktiv.<\/p>\n<p>Disa edhe pothuajse e anatemojn\u00eb, duke prekur k\u00ebshtu me ose pa q\u00ebllim edhe tull\u00ebn e fundit t\u00eb mureve t\u00eb sht\u00ebpis\u00eb son\u00eb t\u00eb p\u00ebrbashk\u00ebt, e cila duhet pranuar ndodhet para goditjeve t\u00eb forta. <\/p>\n<p>T\u00eb gjej\u00eb nj\u00eb zgjidhje \u2013 i k\u00ebrkojn\u00eb. Por si mundet q\u00eb nj\u00eb njeri i vet\u00ebm, qoft\u00eb ky edhe Presidenti i Republik\u00ebs, t\u00eb gjej\u00eb zgjidhje kur dihet q\u00eb kuadri kushtetues i vendit e detyron at\u00eb t\u00eb veproj\u00eb vet\u00ebm brenda disa kompetencave ligjore t\u00eb p\u00ebrcaktuara.<br \/>\n\u00c7far\u00eb i k\u00ebrkojn\u00eb atij? Q\u00eb t\u00eb urdh\u00ebroj\u00eb Qeverin\u00eb apo Kuvendin q\u00eb komisioni hetimor t\u00eb nis\u00eb t\u00eb num\u00ebroj\u00eb flet\u00ebt e votimit n\u00eb kutit\u00eb e hapura? Apo q\u00eb t\u2019iu mbush\u00eb mendjen grevist\u00ebve q\u00eb t\u00eb heqin dor\u00eb nga greva e uris\u00eb? Kuptohet q\u00eb jan\u00eb k\u00ebrkesa q\u00eb ai sado t\u00eb ket\u00eb d\u00ebshir\u00ebn e mir\u00eb nuk mund t\u2019iu jap\u00eb zgjidhje. <\/p>\n<p>Duke qen\u00eb se jav\u00eb m\u00eb par\u00eb, kur Presidenti Topi nisi tavolin\u00ebn e negociatave, kam qen\u00eb shum\u00eb i rezervuar, p\u00ebrse jo, le t\u00eb themi kritik, p\u00ebr k\u00ebt\u00eb p\u00ebrgjegj\u00ebsi q\u00eb ai mori mbi supe m\u2019at\u00ebkoh\u00eb, nuk m\u00eb lejon nd\u00ebrgjegjja p\u00ebr t\u00eb mos th\u00ebn\u00eb dy fjal\u00eb lidhur me \u00e7far\u00eb i k\u00ebrkohet atij nga artikullshkrues t\u00eb vetmuar, nga moralist\u00eb apo edhe grupe njer\u00ebzish nga kampe t\u00eb ndryshme: Ku \u00ebsht\u00eb Presidenti Topi?  <\/p>\n<p>P\u00ebrse isha kritik disa jav\u00eb m\u00eb par\u00eb, kur ai mori iniciativ\u00ebn e tavolin\u00ebs s\u00eb negocimit, pavar\u00ebsisht d\u00ebshir\u00ebs s\u00eb tij t\u00eb mir\u00eb? <\/p>\n<p>Sepse roli i tij n\u00eb k\u00ebt\u00eb rast nuk do t\u00eb ishte juridik, por thjesht politik. Kurse Kushtetuta, veprimin presidencial e mbyll t\u00ebr\u00ebsisht brenda nj\u00eb kuadri juridik t\u00eb qart\u00eb e t\u00eb prer\u00eb veprimesh, dhe b\u00ebn shum\u00eb mir\u00eb. Aksioni i lir\u00eb politik, po ta trajtosh Kushtetut\u00ebn rigorozisht, nuk \u00ebsht\u00eb se i lejohet shum\u00eb Presidentit t\u00eb Republik\u00ebs. Isha kritik m\u2019at\u00ebher\u00eb edhe sepse gjykoja se Presidenti i Republik\u00ebs \u00ebsht\u00eb i fundit q\u00eb hyn n\u00eb loj\u00eb, n\u00eb nj\u00eb kriz\u00eb politike t\u00eb v\u00ebrtet\u00eb apo t\u00eb stisur. Sikur tavolina t\u00eb d\u00ebshtonte, sikurse d\u00ebshtoi, kisha frik\u00eb se kjo disfat\u00eb mund t\u00eb merrte me vete edhe reputacionin dhe autoritetin shtet\u00ebror dhe moral t\u00eb Presidentit t\u00eb Republik\u00ebs, p\u00ebr t\u00eb cil\u00ebt kombi ka shum\u00eb nevoj\u00eb t\u00eb q\u00ebndroj\u00eb i paprekur. <\/p>\n<p>Gjithmon\u00eb nj\u00eb institucion ka nevoj\u00eb t\u00eb mbetet i paprekur nga krizat dhe konfliktet politike kalimtare. Ku \u00ebsht\u00eb edhe nj\u00eb nga funksionet e republikave parlamentare. T\u00eb ndahet roli i shefit t\u00eb shtetit nga krizat politike partiake. <\/p>\n<p>Se nuk na rrihet ne! Kur Republika ishte gjysm\u00eb presidenciale, donim nj\u00eb President t\u00eb dob\u00ebt, pra nj\u00eb Republik\u00eb parlamentare, kurse tani q\u00eb e kemi, duam nj\u00eb President Republike t\u00eb fort\u00eb, pra nj\u00eb President t\u00eb gjith\u00ebfuqish\u00ebm q\u00eb i jep fund me nj\u00eb t\u00eb r\u00ebn\u00eb t\u00eb sopat\u00ebs krizave politike. <\/p>\n<p>Duam at\u00eb q\u00eb nuk kemi. Kjo \u00ebsht\u00eb drama jon\u00eb q\u00eb shpreh munges\u00eb n\u00eb pjekurin\u00eb politike. <\/p>\n<p>Nuk isha partizan i saj tavoline n\u00eb at\u00eb koh\u00eb, edhe p\u00ebr shkak sepse doja q\u00eb funksionet e Presidentit t\u00eb Republik\u00ebs t\u00eb mos b\u00ebheshin ato t\u00eb nj\u00eb \u201cshkesi\u201d q\u00eb b\u00ebn mediatorin p\u00ebr kompromise, t\u00eb cilat shpesh kan\u00eb qen\u00eb krejt t\u00eb paprincipta dhe q\u00eb kan\u00eb sjell\u00eb kriza edhe m\u00eb t\u00eb m\u00ebdha n\u00eb t\u00eb ardhmen. Shpesh ky rol i \u201cshp\u00ebtimtarit\u201d e p\u00ebrk\u00ebdhel sedr\u00ebn e nj\u00eb burri shteti, q\u00eb e sh\u00ebnon k\u00ebt\u00eb akt n\u00eb CV-n\u00eb e tij, por q\u00eb nuk ka t\u00eb b\u00ebj\u00eb me ruajtjen e themeleve t\u00eb shtetit. Zgjidhjet e minut\u00ebs s\u00eb fundit jan\u00eb gjithmon\u00eb me pasoja t\u00eb r\u00ebnda. <\/p>\n<p>Prandaj tani kur Presidenti Topi po q\u00ebndron disi m\u00ebnjan\u00eb, sigurisht i shqet\u00ebsuar dhe me d\u00ebshir\u00ebn e zgjidhjes s\u00eb tensionit politik, nuk mund t\u00eb mos ndihem disi i qet\u00eb.<br \/>\n\u00c7far\u00eb i k\u00ebrkohet Presidentit Topi? T\u00eb shkoj\u00eb t\u2019i jap\u00eb nj\u00eb dor\u00eb p\u00ebr ta ngritur at\u00eb policin, q\u00eb disa njer\u00ebz t\u00eb pap\u00ebrgjegjsh\u00ebm e gremis\u00ebn nga bordura e udh\u00ebs dhe q\u00eb u ngrit me vuajtje p\u00ebr t\u2019u riv\u00ebn\u00eb n\u00eb krye t\u00eb detyr\u00ebs? A ka ardhur koha ta kuptojm\u00eb se asnj\u00eb prej qytetar\u00ebve t\u00eb k\u00ebtij vendi nuk \u00ebsht\u00eb i sigurt n\u00eb jet\u00ebn e tij personale, kur vihet dor\u00eb mbi nj\u00eb polic e jo m\u00eb kur gremiset ai nga bordura e rrug\u00ebs dhe askush nuk ngre z\u00ebrin p\u00ebr k\u00ebt\u00eb? Nuk duhen b\u00ebr\u00eb shaka t\u00eb tilla. Shum\u00eb \u00ebsht\u00eb shum\u00eb. Nuk ka t\u00eb b\u00ebj\u00eb dhuna ndaj policis\u00eb me idealet e nj\u00eb greve urie n\u00eb p\u00ebrgjith\u00ebsi dhe filozofin\u00eb e saj t\u00eb vuajtjes. Bashkimi i t\u00eb dyjave jep simbole t\u00eb turbullta q\u00eb nuk dihet se ku na \u00e7ojn\u00eb. <\/p>\n<p>Kujdes !<br \/>\nM\u00eb mir\u00eb t\u00eb bjer\u00eb nj\u00eb kull\u00eb diku n\u00eb nj\u00eb shesh nd\u00ebrtimi, sesa t\u00eb rr\u00ebzohet nj\u00eb polic dhe askush t\u00eb mos shqet\u00ebsohet p\u00ebr k\u00ebt\u00eb.<\/p>\n<p>Shpesh gjykoje se thirrjet q\u00eb kriz\u00ebn ta zgjidh\u00eb Presidenti Topi jan\u00eb me motive psikanalitike. Sherrin e b\u00ebjm\u00eb ne, rregullin e vendos babai i kombit. Por, ja q\u00eb Presidenti nuk \u00ebsht\u00eb babai autoritar i nj\u00eb familje t\u00eb madhe q\u00eb vendos dor\u00ebn mbi tavolin\u00eb dhe i b\u00ebn t\u00eb gjith\u00eb sus! Jan\u00eb vizione psikologjike q\u00eb na vijn\u00eb nga ideologjia m\u00eb e lasht\u00eb shqiptare, patriarkati. K\u00ebrkojn\u00eb nj\u00eb zgjidhje nga lart, nj\u00eb mrekulli. Jemi m\u00ebsuar nga librat ku heronjt\u00eb zgjidhin situata. Nuk e di sesa jan\u00eb t\u00eb v\u00ebrtet\u00eb k\u00ebto libra apo jan\u00eb kujtime personazhesh q\u00eb na p\u00ebrkundin n\u00eb iluzione. <\/p>\n<p>    Ka tre mund\u00ebsi p\u00ebr t\u00eb vepruar p\u00ebr Presidentin Topi. T\u00eb tjera nuk ka. Ta mbledhim mendjen dhe t\u00eb mos b\u00ebjm\u00eb si ata f\u00ebmij\u00ebt q\u00eb n\u00eb loj\u00eb e sip\u00ebr shkat\u00ebrrojn\u00eb sht\u00ebpin\u00eb dhe pastaj n\u00eb dark\u00eb, t\u00eb penduar k\u00ebrkojn\u00eb nga babai q\u00eb t\u00eb vendos\u00eb kartona n\u00eb xhamat e thyer, nga ku hyn i gjith\u00eb shiu e bresh\u00ebri i nj\u00eb pranvere t\u00eb ftoht\u00eb. <\/p>\n<p>Mund\u00ebsia e par\u00eb, t\u00eb ushtroj\u00eb mekanizma q\u00eb sigurojn\u00eb rendin n\u00eb vend, qoft\u00eb duke mbledhur komitetin e siguris\u00eb komb\u00ebtare, etj., sepse ka shenja q\u00eb ka shkelje masive dhe t\u00eb dhunshme t\u00eb rendit dhe t\u00eb qet\u00ebsis\u00eb publike. Q\u00eb nuk kan\u00eb t\u00eb b\u00ebjn\u00eb me grev\u00ebn e uris\u00eb, e p\u00ebrs\u00ebris, n\u00eb \u00e7do \u00e7ast. Por, ai b\u00ebn mir\u00eb q\u00eb nuk ec\u00ebn n\u00eb drejtim t\u00eb k\u00ebsaj ane sepse ka besim te politika dhe te qytetar\u00ebt e k\u00ebtij vendi, te shumica e p\u00ebrgjegjshme e tyre. Kujtimet e vitit \u201997 nuk jan\u00eb ende larg, ndon\u00ebse sikurse e kam th\u00ebn\u00eb disa her\u00eb, ne jemi treguar disa her\u00eb nj\u00eb komb amnezik.<br \/>\nMund\u00ebsia e dyt\u00eb, t\u00eb ushtroj\u00eb kompetenca e tij funksionale n\u00eb planin juridik. Ai po e thot\u00eb k\u00ebt\u00eb, ndon\u00ebse do t\u00eb d\u00ebshiroja ta thoshte edhe me z\u00eb m\u00eb t\u00eb plot\u00eb, edhe p\u00ebr ata q\u00eb e duan tro\u00e7. <\/p>\n<p>\u00c7far\u00eb jan\u00eb institucionet demokratike q\u00eb ai p\u00ebrmend? Ligji dhe institucionet sigurisht. N\u00ebse i k\u00ebrkohet nj\u00eb referendum, t\u2019i jap\u00eb udh\u00eb nj\u00eb referendumi. N\u00ebse \u00e7\u00ebshtja shkon n\u00eb Gjykat\u00ebn e Lart\u00eb, t\u00eb garantoj\u00eb funksionimin e sistemit t\u00eb drejt\u00ebsis\u00eb. T\u00eb b\u00ebj\u00eb thirrje q\u00eb pal\u00ebt t\u00eb kuvendojn\u00eb n\u00eb Parlament dhe n\u00ebse gjejn\u00eb nj\u00eb ligj t\u00eb mir\u00eb ta aprovoj\u00eb at\u00eb. N\u00ebse \u00e7\u00ebshtja shkon n\u00eb Strasburg aq m\u00eb mir\u00eb, edhe p\u00ebr Presidentin Topi. Ja k\u00ebto kuptoj me zgjidhje demokratike. Por, q\u00eb t\u00eb marr\u00eb n\u00eb mbrojtje aksione q\u00eb shkelin kolektivisht ligjin, qoft\u00eb edhe p\u00ebr solidarizim me nj\u00eb grev\u00eb urie, (q\u00eb ngjall shqet\u00ebsim psikologjik p\u00ebr fatin e njer\u00ebzve t\u00eb ngujuar brenda) kjo \u00ebsht\u00eb paksa shum\u00eb p\u00ebr t\u2019ia k\u00ebrkuar nj\u00eb Presidenti Republike. <\/p>\n<p>S\u00eb treti, n\u00ebse pal\u00ebt politike ia k\u00ebrkojn\u00eb, ai po deklaron se e ka t\u00eb hapur zyr\u00ebn e tij p\u00ebr nj\u00eb tavolin\u00eb p\u00ebr negociata. Por, k\u00ebtu thjesht si mikprit\u00ebs sepse Presidenti nuk ka p\u00ebrse t\u00eb kuturis\u00eb p\u00ebr t\u00eb hyr\u00eb n\u00eb kulisa kompromisesh, q\u00eb nuk kan\u00eb t\u00eb b\u00ebjn\u00eb fare me detyr\u00ebn e tij, por p\u00ebrkundrazi e d\u00ebmtojn\u00eb r\u00ebnd\u00eb at\u00eb. Nuk di v\u00ebrtet se \u00e7far\u00eb i k\u00ebrkojn\u00eb Presidentit Topi tani dhe n\u00eb kontekstin aktual? Ai nuk mund t\u00eb b\u00ebj\u00eb at\u00eb q\u00eb nuk ka mund\u00ebsi ta b\u00ebj\u00eb. Kurse qytetar\u00ebt, politikan\u00ebt e t\u00eb gjitha pal\u00ebve, intelektual\u00ebt, ata po, ata, pra ne, mund t\u00eb b\u00ebjn\u00eb gjith\u00e7ka. <\/p>\n<p>Mund t\u00eb rrin\u00eb t\u00eb b\u00ebjn\u00eb sehir si vuajn\u00eb n\u00eb nj\u00eb grev\u00eb urie disa njer\u00ebz q\u00eb meritojn\u00eb tjet\u00ebr fat, apo t\u2019i brohorasin ata nga jasht\u00eb, si gremiset nga bordura e rrug\u00ebs drejt e mbi dheun e pluhurosur, nj\u00eb polic q\u00eb simbolizon sigurin\u00eb ton\u00eb t\u00eb p\u00ebrbashk\u00ebt, apo ta brohorasin at\u00eb, mund t\u00eb meditojn\u00eb pak p\u00ebr historin\u00eb ton\u00eb t\u00eb larg\u00ebt dhe t\u00eb af\u00ebrt tragjike, mund t\u00eb ringrihemi t\u00eb gjith\u00eb tok si sfinksa, p\u00ebr t\u00eb ecur drejt nj\u00eb Shqip\u00ebrie t\u00eb fort\u00eb si shtet i ligjit dhe vet\u00ebm i ligjit dhe i liris\u00eb.  <\/p>\n","protected":false},"excerpt":{"rendered":"<p>Artan Fuga, 13.05.2010 Dit\u00ebt e fundit, n\u00eb kushtet e rritjes s\u00eb tensionit midis grupeve t\u00eb protestuesve, t\u00eb nxitur nga deputet\u00eb t\u00eb Partis\u00eb Socialiste, p\u00ebr t\u00eb bllokuar rrug\u00ebt e kombit dhe forcave t\u00eb policis\u00eb, si edhe p\u00ebrpjekjeve p\u00ebr t\u00eb zgjidhur kontekstin e v\u00ebshtir\u00eb t\u00eb grev\u00ebs s\u00eb uris\u00eb (e cila nuk ka t\u00eb b\u00ebj\u00eb si filozofi me [&hellip;]<\/p>\n","protected":false},"author":1,"featured_media":0,"comment_status":"open","ping_status":"closed","sticky":false,"template":"","format":"standard","meta":{"footnotes":""},"categories":[2],"tags":[],"class_list":{"0":"post-2629","1":"post","2":"type-post","3":"status-publish","4":"format-standard","6":"category-artikuj"},"yoast_head":"<!-- This site is optimized with the Yoast SEO plugin v27.4 - https:\/\/yoast.com\/product\/yoast-seo-wordpress\/ -->\n<title>\u00c7far\u00eb mund t\u00eb b\u00ebj\u00eb Presidenti Topi - FjALA e LIR\u00cb - Arkivi<\/title>\n<meta name=\"robots\" content=\"index, follow, max-snippet:-1, max-image-preview:large, max-video-preview:-1\" \/>\n<link rel=\"canonical\" href=\"https:\/\/fjala.info\/2009-2015\/cfare-mund-te-beje-presidenti-topi\/\" \/>\n<meta property=\"og:locale\" content=\"sq_AL\" \/>\n<meta property=\"og:type\" content=\"article\" \/>\n<meta property=\"og:title\" content=\"\u00c7far\u00eb mund t\u00eb b\u00ebj\u00eb Presidenti Topi - FjALA e LIR\u00cb - Arkivi\" \/>\n<meta property=\"og:description\" content=\"Artan Fuga, 13.05.2010 Dit\u00ebt e fundit, n\u00eb kushtet e rritjes s\u00eb tensionit midis grupeve t\u00eb protestuesve, t\u00eb nxitur nga deputet\u00eb t\u00eb Partis\u00eb Socialiste, p\u00ebr t\u00eb bllokuar rrug\u00ebt e kombit dhe forcave t\u00eb policis\u00eb, si edhe p\u00ebrpjekjeve p\u00ebr t\u00eb zgjidhur kontekstin e v\u00ebshtir\u00eb t\u00eb grev\u00ebs s\u00eb uris\u00eb (e cila nuk ka t\u00eb b\u00ebj\u00eb si filozofi me [&hellip;]\" \/>\n<meta property=\"og:url\" content=\"https:\/\/fjala.info\/2009-2015\/cfare-mund-te-beje-presidenti-topi\/\" \/>\n<meta property=\"og:site_name\" content=\"FjALA e LIR\u00cb - Arkivi\" \/>\n<meta property=\"article:published_time\" content=\"2010-05-13T20:17:51+00:00\" \/>\n<meta name=\"author\" content=\"admin\" \/>\n<meta name=\"twitter:card\" content=\"summary_large_image\" \/>\n<meta name=\"twitter:label1\" content=\"Written by\" \/>\n\t<meta name=\"twitter:data1\" content=\"admin\" \/>\n\t<meta name=\"twitter:label2\" content=\"Est. reading time\" \/>\n\t<meta name=\"twitter:data2\" content=\"8 minutes\" \/>\n<script type=\"application\/ld+json\" class=\"yoast-schema-graph\">{\"@context\":\"https:\\\/\\\/schema.org\",\"@graph\":[{\"@type\":\"Article\",\"@id\":\"https:\\\/\\\/fjala.info\\\/2009-2015\\\/cfare-mund-te-beje-presidenti-topi\\\/#article\",\"isPartOf\":{\"@id\":\"https:\\\/\\\/fjala.info\\\/2009-2015\\\/cfare-mund-te-beje-presidenti-topi\\\/\"},\"author\":{\"name\":\"admin\",\"@id\":\"https:\\\/\\\/fjala.info\\\/2009-2015\\\/#\\\/schema\\\/person\\\/3aa1163ef05469c496fc94e77611ada2\"},\"headline\":\"\u00c7far\u00eb mund t\u00eb b\u00ebj\u00eb Presidenti Topi\",\"datePublished\":\"2010-05-13T20:17:51+00:00\",\"mainEntityOfPage\":{\"@id\":\"https:\\\/\\\/fjala.info\\\/2009-2015\\\/cfare-mund-te-beje-presidenti-topi\\\/\"},\"wordCount\":1602,\"commentCount\":0,\"publisher\":{\"@id\":\"https:\\\/\\\/fjala.info\\\/2009-2015\\\/#organization\"},\"articleSection\":[\"Artikuj\"],\"inLanguage\":\"sq-AL\",\"potentialAction\":[{\"@type\":\"CommentAction\",\"name\":\"Comment\",\"target\":[\"https:\\\/\\\/fjala.info\\\/2009-2015\\\/cfare-mund-te-beje-presidenti-topi\\\/#respond\"]}]},{\"@type\":\"WebPage\",\"@id\":\"https:\\\/\\\/fjala.info\\\/2009-2015\\\/cfare-mund-te-beje-presidenti-topi\\\/\",\"url\":\"https:\\\/\\\/fjala.info\\\/2009-2015\\\/cfare-mund-te-beje-presidenti-topi\\\/\",\"name\":\"\u00c7far\u00eb mund t\u00eb b\u00ebj\u00eb Presidenti Topi - FjALA e LIR\u00cb - Arkivi\",\"isPartOf\":{\"@id\":\"https:\\\/\\\/fjala.info\\\/2009-2015\\\/#website\"},\"datePublished\":\"2010-05-13T20:17:51+00:00\",\"breadcrumb\":{\"@id\":\"https:\\\/\\\/fjala.info\\\/2009-2015\\\/cfare-mund-te-beje-presidenti-topi\\\/#breadcrumb\"},\"inLanguage\":\"sq-AL\",\"potentialAction\":[{\"@type\":\"ReadAction\",\"target\":[\"https:\\\/\\\/fjala.info\\\/2009-2015\\\/cfare-mund-te-beje-presidenti-topi\\\/\"]}]},{\"@type\":\"BreadcrumbList\",\"@id\":\"https:\\\/\\\/fjala.info\\\/2009-2015\\\/cfare-mund-te-beje-presidenti-topi\\\/#breadcrumb\",\"itemListElement\":[{\"@type\":\"ListItem\",\"position\":1,\"name\":\"Home\",\"item\":\"https:\\\/\\\/fjala.info\\\/2009-2015\\\/\"},{\"@type\":\"ListItem\",\"position\":2,\"name\":\"\u00c7far\u00eb mund t\u00eb b\u00ebj\u00eb Presidenti Topi\"}]},{\"@type\":\"WebSite\",\"@id\":\"https:\\\/\\\/fjala.info\\\/2009-2015\\\/#website\",\"url\":\"https:\\\/\\\/fjala.info\\\/2009-2015\\\/\",\"name\":\"FjALA e LIR\u00cb - Arkivi\",\"description\":\"Arkivi 2009-2015\",\"publisher\":{\"@id\":\"https:\\\/\\\/fjala.info\\\/2009-2015\\\/#organization\"},\"potentialAction\":[{\"@type\":\"SearchAction\",\"target\":{\"@type\":\"EntryPoint\",\"urlTemplate\":\"https:\\\/\\\/fjala.info\\\/2009-2015\\\/?s={search_term_string}\"},\"query-input\":{\"@type\":\"PropertyValueSpecification\",\"valueRequired\":true,\"valueName\":\"search_term_string\"}}],\"inLanguage\":\"sq-AL\"},{\"@type\":\"Organization\",\"@id\":\"https:\\\/\\\/fjala.info\\\/2009-2015\\\/#organization\",\"name\":\"FjALA e LIR\u00cb - Arkivi\",\"url\":\"https:\\\/\\\/fjala.info\\\/2009-2015\\\/\",\"logo\":{\"@type\":\"ImageObject\",\"inLanguage\":\"sq-AL\",\"@id\":\"https:\\\/\\\/fjala.info\\\/2009-2015\\\/#\\\/schema\\\/logo\\\/image\\\/\",\"url\":\"\",\"contentUrl\":\"\",\"caption\":\"FjALA e LIR\u00cb - Arkivi\"},\"image\":{\"@id\":\"https:\\\/\\\/fjala.info\\\/2009-2015\\\/#\\\/schema\\\/logo\\\/image\\\/\"}},{\"@type\":\"Person\",\"@id\":\"https:\\\/\\\/fjala.info\\\/2009-2015\\\/#\\\/schema\\\/person\\\/3aa1163ef05469c496fc94e77611ada2\",\"name\":\"admin\",\"image\":{\"@type\":\"ImageObject\",\"inLanguage\":\"sq-AL\",\"@id\":\"https:\\\/\\\/fjala.info\\\/2009-2015\\\/wp-content\\\/uploads\\\/2012\\\/02\\\/arben_cokaj-120x150.jpg\",\"url\":\"https:\\\/\\\/fjala.info\\\/2009-2015\\\/wp-content\\\/uploads\\\/2012\\\/02\\\/arben_cokaj-120x150.jpg\",\"contentUrl\":\"https:\\\/\\\/fjala.info\\\/2009-2015\\\/wp-content\\\/uploads\\\/2012\\\/02\\\/arben_cokaj-120x150.jpg\",\"caption\":\"admin\"},\"description\":\"Admin, Fjala e Lir\u00eb\",\"sameAs\":[\"https:\\\/\\\/fjala.info\\\/\"],\"url\":\"https:\\\/\\\/fjala.info\\\/2009-2015\\\/author\\\/admin\\\/\"}]}<\/script>\n<!-- \/ Yoast SEO plugin. -->","yoast_head_json":{"title":"\u00c7far\u00eb mund t\u00eb b\u00ebj\u00eb Presidenti Topi - FjALA e LIR\u00cb - Arkivi","robots":{"index":"index","follow":"follow","max-snippet":"max-snippet:-1","max-image-preview":"max-image-preview:large","max-video-preview":"max-video-preview:-1"},"canonical":"https:\/\/fjala.info\/2009-2015\/cfare-mund-te-beje-presidenti-topi\/","og_locale":"sq_AL","og_type":"article","og_title":"\u00c7far\u00eb mund t\u00eb b\u00ebj\u00eb Presidenti Topi - FjALA e LIR\u00cb - Arkivi","og_description":"Artan Fuga, 13.05.2010 Dit\u00ebt e fundit, n\u00eb kushtet e rritjes s\u00eb tensionit midis grupeve t\u00eb protestuesve, t\u00eb nxitur nga deputet\u00eb t\u00eb Partis\u00eb Socialiste, p\u00ebr t\u00eb bllokuar rrug\u00ebt e kombit dhe forcave t\u00eb policis\u00eb, si edhe p\u00ebrpjekjeve p\u00ebr t\u00eb zgjidhur kontekstin e v\u00ebshtir\u00eb t\u00eb grev\u00ebs s\u00eb uris\u00eb (e cila nuk ka t\u00eb b\u00ebj\u00eb si filozofi me [&hellip;]","og_url":"https:\/\/fjala.info\/2009-2015\/cfare-mund-te-beje-presidenti-topi\/","og_site_name":"FjALA e LIR\u00cb - Arkivi","article_published_time":"2010-05-13T20:17:51+00:00","author":"admin","twitter_card":"summary_large_image","twitter_misc":{"Written by":"admin","Est. reading time":"8 minutes"},"schema":{"@context":"https:\/\/schema.org","@graph":[{"@type":"Article","@id":"https:\/\/fjala.info\/2009-2015\/cfare-mund-te-beje-presidenti-topi\/#article","isPartOf":{"@id":"https:\/\/fjala.info\/2009-2015\/cfare-mund-te-beje-presidenti-topi\/"},"author":{"name":"admin","@id":"https:\/\/fjala.info\/2009-2015\/#\/schema\/person\/3aa1163ef05469c496fc94e77611ada2"},"headline":"\u00c7far\u00eb mund t\u00eb b\u00ebj\u00eb Presidenti Topi","datePublished":"2010-05-13T20:17:51+00:00","mainEntityOfPage":{"@id":"https:\/\/fjala.info\/2009-2015\/cfare-mund-te-beje-presidenti-topi\/"},"wordCount":1602,"commentCount":0,"publisher":{"@id":"https:\/\/fjala.info\/2009-2015\/#organization"},"articleSection":["Artikuj"],"inLanguage":"sq-AL","potentialAction":[{"@type":"CommentAction","name":"Comment","target":["https:\/\/fjala.info\/2009-2015\/cfare-mund-te-beje-presidenti-topi\/#respond"]}]},{"@type":"WebPage","@id":"https:\/\/fjala.info\/2009-2015\/cfare-mund-te-beje-presidenti-topi\/","url":"https:\/\/fjala.info\/2009-2015\/cfare-mund-te-beje-presidenti-topi\/","name":"\u00c7far\u00eb mund t\u00eb b\u00ebj\u00eb Presidenti Topi - FjALA e LIR\u00cb - Arkivi","isPartOf":{"@id":"https:\/\/fjala.info\/2009-2015\/#website"},"datePublished":"2010-05-13T20:17:51+00:00","breadcrumb":{"@id":"https:\/\/fjala.info\/2009-2015\/cfare-mund-te-beje-presidenti-topi\/#breadcrumb"},"inLanguage":"sq-AL","potentialAction":[{"@type":"ReadAction","target":["https:\/\/fjala.info\/2009-2015\/cfare-mund-te-beje-presidenti-topi\/"]}]},{"@type":"BreadcrumbList","@id":"https:\/\/fjala.info\/2009-2015\/cfare-mund-te-beje-presidenti-topi\/#breadcrumb","itemListElement":[{"@type":"ListItem","position":1,"name":"Home","item":"https:\/\/fjala.info\/2009-2015\/"},{"@type":"ListItem","position":2,"name":"\u00c7far\u00eb mund t\u00eb b\u00ebj\u00eb Presidenti Topi"}]},{"@type":"WebSite","@id":"https:\/\/fjala.info\/2009-2015\/#website","url":"https:\/\/fjala.info\/2009-2015\/","name":"FjALA e LIR\u00cb - Arkivi","description":"Arkivi 2009-2015","publisher":{"@id":"https:\/\/fjala.info\/2009-2015\/#organization"},"potentialAction":[{"@type":"SearchAction","target":{"@type":"EntryPoint","urlTemplate":"https:\/\/fjala.info\/2009-2015\/?s={search_term_string}"},"query-input":{"@type":"PropertyValueSpecification","valueRequired":true,"valueName":"search_term_string"}}],"inLanguage":"sq-AL"},{"@type":"Organization","@id":"https:\/\/fjala.info\/2009-2015\/#organization","name":"FjALA e LIR\u00cb - Arkivi","url":"https:\/\/fjala.info\/2009-2015\/","logo":{"@type":"ImageObject","inLanguage":"sq-AL","@id":"https:\/\/fjala.info\/2009-2015\/#\/schema\/logo\/image\/","url":"","contentUrl":"","caption":"FjALA e LIR\u00cb - Arkivi"},"image":{"@id":"https:\/\/fjala.info\/2009-2015\/#\/schema\/logo\/image\/"}},{"@type":"Person","@id":"https:\/\/fjala.info\/2009-2015\/#\/schema\/person\/3aa1163ef05469c496fc94e77611ada2","name":"admin","image":{"@type":"ImageObject","inLanguage":"sq-AL","@id":"https:\/\/fjala.info\/2009-2015\/wp-content\/uploads\/2012\/02\/arben_cokaj-120x150.jpg","url":"https:\/\/fjala.info\/2009-2015\/wp-content\/uploads\/2012\/02\/arben_cokaj-120x150.jpg","contentUrl":"https:\/\/fjala.info\/2009-2015\/wp-content\/uploads\/2012\/02\/arben_cokaj-120x150.jpg","caption":"admin"},"description":"Admin, Fjala e Lir\u00eb","sameAs":["https:\/\/fjala.info\/"],"url":"https:\/\/fjala.info\/2009-2015\/author\/admin\/"}]}},"_links":{"self":[{"href":"https:\/\/fjala.info\/2009-2015\/wp-json\/wp\/v2\/posts\/2629","targetHints":{"allow":["GET"]}}],"collection":[{"href":"https:\/\/fjala.info\/2009-2015\/wp-json\/wp\/v2\/posts"}],"about":[{"href":"https:\/\/fjala.info\/2009-2015\/wp-json\/wp\/v2\/types\/post"}],"author":[{"embeddable":true,"href":"https:\/\/fjala.info\/2009-2015\/wp-json\/wp\/v2\/users\/1"}],"replies":[{"embeddable":true,"href":"https:\/\/fjala.info\/2009-2015\/wp-json\/wp\/v2\/comments?post=2629"}],"version-history":[{"count":0,"href":"https:\/\/fjala.info\/2009-2015\/wp-json\/wp\/v2\/posts\/2629\/revisions"}],"wp:attachment":[{"href":"https:\/\/fjala.info\/2009-2015\/wp-json\/wp\/v2\/media?parent=2629"}],"wp:term":[{"taxonomy":"category","embeddable":true,"href":"https:\/\/fjala.info\/2009-2015\/wp-json\/wp\/v2\/categories?post=2629"},{"taxonomy":"post_tag","embeddable":true,"href":"https:\/\/fjala.info\/2009-2015\/wp-json\/wp\/v2\/tags?post=2629"}],"curies":[{"name":"wp","href":"https:\/\/api.w.org\/{rel}","templated":true}]}}