{"id":2625,"date":"2012-04-26T09:24:25","date_gmt":"2012-04-26T08:24:25","guid":{"rendered":"http:\/\/fjala.shkoder.net\/?p=2625"},"modified":"2012-04-26T09:24:25","modified_gmt":"2012-04-26T08:24:25","slug":"shpirti-i-poetit-mall-e-verage-ne-haiku","status":"publish","type":"post","link":"https:\/\/fjala.info\/2009-2015\/shpirti-i-poetit-mall-e-verage-ne-haiku\/","title":{"rendered":"SHPIRTI I POETIT MALL E V\u00cbRAG\u00cb N\u00cb HAIKU"},"content":{"rendered":"<p><strong>BOTIM I RADH\u00cbS I Dr. ZEF MULAJ<\/strong><br \/>\n<img decoding=\"async\" class=\"alignright size-thumbnail wp-image-7236\" title=\"Halil Haxhosaj\" src=\"http:\/\/www.shkoder.net\/2012\/halil_haxhosaj.jpg\" alt=\"\" width=\"150\" \/><br \/>\n<strong>Halil Haxhosaj<\/strong><\/p>\n<p>Krijuesi tashm\u00eb i njohur, Zef Mulaj, botoi p\u00ebrmbledhjen e vet t\u00eb suksesshme ma haiku \u201cLulet e shpirti\u201d. \u00cbsht\u00eb kjo nj\u00eb vep\u00ebr, e cila mish\u00ebrohet bujsh\u00ebm me mallin, dashurin\u00eb, krenarin\u00eb, por edhe kujtimin dhe bukurin\u00eb e pakrahasueshme t\u00eb vendlindjes s\u00eb poetit Mulaj, Mal\u00ebsis\u00eb dhe trev\u00ebs s\u00eb saj madh\u00ebshtore. T\u00eb gjitha k\u00ebto nuancime, por edhe shtresime t\u00eb tjera ngjizen, defilojn\u00eb, por edhe shtresohen n\u00eb poetik\u00ebn haikiane t\u00eb Zef Mulajt.<\/p>\n<p>Shtrija e l\u00ebnd\u00ebs poetike nuk ngarend n\u00ebp\u00ebr lakesa e kthesa t\u00eb papritura e t\u00eb pakutueshme, por ajo e bashkuar me ndjenj\u00ebn, mallin dhe pse jo edhe p\u00ebrmallimin, mbars\u00ebt me nj\u00eb figuracion aq t\u00eb dendur, por edhe aq t\u00eb k\u00ebrkuar, t\u00eb latuar dhe t\u00eb p\u00ebrjetuat sepse:<\/p>\n<blockquote><p><em>K\u00ebng\u00ebt e zogjve<br \/>\nI k\u00ebndoj dhe un\u00eb.<br \/>\nGjithnj\u00eb n\u00eb fluturim.<\/em><\/p><\/blockquote>\n<p>shkruan poeti n\u00eb k\u00ebt\u00eb trevarg\u00ebsh t\u00eb haikut. Dhe \u00e7do gj\u00eb k\u00ebtu \u00ebsht\u00eb k\u00ebng\u00eb zogjsh t\u00eb cil\u00ebn e k\u00ebndon edhe poeti sepse ka nj\u00eb mall t\u00eb madh, madje edhe dashuri t\u00eb pakalueshme p\u00ebr vendlindjen e vet, bukurit\u00eb e saj si dhe t\u00eb mirat e t\u00eb ve\u00e7antat. Ato kan\u00eb mbetur puthje n\u00eb buz\u00eb e djalit, por edhe t\u00eb vajz\u00ebs s\u00eb Mal\u00ebsis\u00eb s\u00eb Gjakov\u00ebs q\u00eb presin ende nj\u00ebri tjetrin p\u00ebr ta realizuar dashurin\u00eb.<\/p>\n<p><img decoding=\"async\" class=\"aligncenter size-thumbnail wp-image-7236\" title=\"Zef Mulaj - Lulet e shpirtit\" src=\"http:\/\/www.shkoder.net\/2012\/zef_mulaj_lulet_e_shpirtit.jpg\" alt=\"\" width=\"500\" \/><\/p>\n<p>Dhe k\u00ebshtu t\u00ebr\u00eb l\u00ebnda artistike e v\u00ebllimit poetik \u201cLulet e shpirtit\u201d t\u00eb Zef Mulajt \u00ebsht\u00eb p\u00ebrshkrim, n\u00eb radh\u00eb t\u00eb par\u00eb individual, pra personal i jet\u00ebs dhe i koloritit t\u00eb saj n\u00eb k\u00ebt\u00eb trev\u00eb n\u00eb rrethin ku kishte lindur, ishte rritur, por edhe kishte jetuar poeti dhe krijuesi i k\u00ebsaj poetike. Nuancat e ve\u00e7anta, por edhe dalluese e p\u00ebrjetuese q\u00eb i kan\u00eb ndodhur, por edhe q\u00eb i ndodhin tash poetit, krijuesit, pra subjektit lirik, b\u00ebhen duke menduar, gjykuar e p\u00ebrkujtuar sipas normave t\u00eb cilat kan\u00eb nj\u00eb kosto bukur t\u00eb shtrenjt\u00eb, e besa nganj\u00ebher\u00eb edhe t\u00eb pap\u00ebrballueshme.<\/p>\n<p>Rr\u00ebmbimi i nj\u00eb trajtese paksa tjet\u00ebr i momenteve e shpijn\u00eb subjektit lirik t\u00eb vargjeve poetike t\u00eb poezive n\u00ebp\u00ebr t\u00eb gjitha dredhit\u00eb, por edhe bukurit\u00eb e pse jo edhe hyjnit\u00eb e Mal\u00ebsis\u00eb. Atje drita \u00ebsht\u00eb drit\u00eb, rrezja \u00ebsht\u00eb rreze, k\u00ebnga \u00ebsht\u00eb k\u00ebng\u00eb por edhe hareja, gazmendi e g\u00ebzimi jan\u00eb k\u00ebnaq\u00ebsi tejet ndijesore dhe ngadh\u00ebnjyes.<\/p>\n<p>T\u00eb gjitha k\u00ebto elemente prarohen n\u00eb peizazhet madh\u00ebshtore dhe t\u00eb papara t\u00eb k\u00ebsaj treve. K\u00ebshtu q\u00eb peizazhi, atmosfera, koloriti dhe frym\u00ebmarrja e subjektit lirik n\u00eb at\u00eb natyre peizazhike \u00ebsht\u00eb panoram\u00eb figurative plot metafora, dhe figura t\u00eb tjera. T\u00eb gjitha antinomit\u00eb e k\u00ebsaj bukurie natyrore krijojn\u00eb imazhe dhe peizazhe artistike edhe p\u00ebr pen\u00ebn e poetit t\u00eb poezis\u00eb s\u00eb haikut, Zef Mulaj.<\/p>\n<blockquote><p><em>I kam prekur malet<br \/>\nMe rrahjet e zemr\u00ebs.<br \/>\nAtje frym\u00ebmarrja.<\/em><\/p><\/blockquote>\n<p>Kjo tablo e k\u00ebtij peizazhi poetik tash krijohet nga pena e poetit e jo nga brusha e piktorit. Ai i prek malet me rrahjet e zemr\u00ebs dhe frym\u00ebmarrja ka tjet\u00ebr rit\u00ebm, tjet\u00ebr rrahje, tjet\u00ebr ngarendje n\u00eb at\u00eb bukuri mahnit\u00ebse, e pse jo edhe magjike. Dromcat e k\u00ebtij peizazhi kan\u00eb ngjyr\u00ebn e vet burimore, autoktone q\u00eb nuk gjendet kund tjet\u00ebr. Dhe frym\u00ebmarrja ka leht\u00ebsi. Ajo \u00ebsht\u00eb e lirshme, \u00ebsht\u00eb e fresk\u00ebt \u00ebsht\u00eb e afsh\u00ebt. Dhe t\u00eb gjitha k\u00ebto burojn\u00eb gurgulluesh\u00ebm n\u00eb vargjet e k\u00ebsaj poezie t\u00eb poeti Zef Mulaj.<\/p>\n<p>N\u00eb k\u00ebt\u00eb atmosfer\u00eb shtrati i lumit \u00ebsht\u00eb i fryr\u00eb ngase nj\u00eb ngroht\u00ebsi e stin\u00ebs po afrohet. Dhe sa her\u00eb q\u00eb ndihet ngroht\u00ebsia n\u00eb natyr\u00ebn e Mal\u00ebsis\u00eb njer\u00ebzimi, n\u00eb k\u00ebt\u00eb rast mal\u00ebsori, g\u00ebzohet dhe p\u00ebrgatitet q\u00eb t\u00eb festoj\u00eb. Dhe kjo fest\u00eb ka kuptimin e jet\u00ebs, pun\u00ebs, ardhm\u00ebris\u00eb dhe ringjalljes. Ai, pra mal\u00ebsori kapu\u00e7bardh\u00eb, ia nis k\u00ebng\u00ebs \u201cmaj\u00eb krahu\u201d q\u00eb ushton, por edhe jehon \u00ebmb\u00ebl n\u00eb Lugjet e Verdha. Kjo gj\u00eb paraqitet me q\u00ebllim t\u00eb caktuar p\u00ebr t\u00eb shprehur besnik\u00ebrisht edhe autoktonin\u00eb dhe zakonet e virgj\u00ebra shqiptare. Lugjet e Verdha nuk jan\u00eb vet\u00ebm element p\u00ebrrallor, por jan\u00eb edhe vend i dashuris\u00eb, bukuris\u00eb dhe jet\u00ebs idilike e t\u00eb virgj\u00ebr t\u00eb Mal\u00ebsis\u00eb s\u00eb Gjakov\u00ebs dhe mal\u00ebsor\u00ebve t\u00eb saj.<\/p>\n<p>P\u00ebrshkrimi artistik i peizazhit t\u00eb k\u00ebsaj natyre nga pena krijuese e Zef Mulajt nuk \u00ebsht\u00eb i nj\u00ebtrajtshme, por pasqyrohet duke u shp\u00ebrndar\u00eb n\u00eb t\u00eb gjitha poret e frym\u00ebmarrjes s\u00eb saj. Andaj, kjo bukuri frymon me mal\u00ebsorin \u201ckapu\u00e7bardh\u00eb\u201d, me vash\u00ebn belholl\u00eb, sy shqiponj\u00eb e me bukuri si Zan\u00eb, me djalin dragua e zem\u00ebrbardh\u00eb dhe me ujin e kthjell\u00ebt, t\u00eb d\u00eblir\u00eb dhe t\u00eb ftoft\u00eb si akulli i majave t\u00eb kreshtave shum\u00ebshekullore. Rruga e transmetimit artistik t\u00eb k\u00ebsaj bukurie nuk ngurron t\u00eb shtrihet n\u00eb t\u00eb gjitha skajet e jet\u00ebs s\u00eb mal\u00ebsor\u00ebve t\u00eb k\u00ebsaj ane. Andaj edhe pena e poetit Mulaj kullon art poetik, figuracion dhe shprehje q\u00eb kan\u00eb pasqyrimin e t\u00eb bukur\u00ebs dhe t\u00eb madh\u00ebrishmes.<\/p>\n<blockquote><p><em>Djepi i drurit t\u00eb ri<br \/>\nN\u00eb vat\u00ebr p\u00ebrkundet.<br \/>\nPishat alpine rriten. <\/em><\/p><\/blockquote>\n<p>E t\u00ebr\u00eb kjo nuk duket se ka marr\u00eb ngjyrime artificiale, madje as t\u00eb importuara, por burojn\u00eb nga gurrat e bukuris\u00eb s\u00eb bjeshk\u00ebs. N\u00eb ato bjeshk\u00eb kan\u00eb dal\u00eb drur\u00eb t\u00eb rinj, t\u00eb cil\u00ebt duke u p\u00ebrshtatur me koh\u00ebn p\u00ebrkundin djepa n\u00eb vatrat e mal\u00ebsor\u00ebve. Por, prap\u00ebseprap\u00eb pishat alpine e rrisin shtatin ende n\u00ebp\u00ebr k\u00ebto rr\u00ebpira. E rruga e papenguar sot rr\u00ebshqet \u00e7dokund dhe shtrihet gjer\u00eb e gjat\u00eb. N\u00ebp\u00ebr k\u00ebto rrug\u00eb nuk ka asnj\u00eb penges\u00eb p\u00ebr t\u2019i penguar marshimet e tyre drejt nj\u00eb jete t\u00eb re, por tash tjet\u00ebr fare dhe tjet\u00ebr soj.<\/p>\n<p>Poeti Zef Mulaj me k\u00ebto vargje dhe me k\u00ebt\u00eb lloj t\u00eb poezis\u00eb ka rritur t\u00eb sh\u00ebnoj\u00eb nj\u00eb nivel t\u00eb lakmuesh\u00ebm poetik jo vet\u00ebm n\u00eb organizimin e t\u00ebr\u00ebsis\u00eb artistike, por edhe n\u00eb pasurimin dhe kultivimin e shprehjes poetike si n\u00eb nivelin leksikor, po ashtu edhe n\u00eb at\u00eb frazeologjik, sintakstik dhe stilistik.<\/p>\n<p>Edhe n\u00eb pik\u00ebpamje t\u00eb zhanrit she strukturimit t\u00eb librit, poeti Mulaj tregon kujdes t\u00eb duhur n\u00eb kultivimin e poezis\u00eb haiku nga m\u00eb t\u00eb ndryshmet duke e k\u00ebnaqur shijen e lexuesit me nj\u00eb laryshi e begati llojesh dhe formash t\u00eb ndryshme poetike dhe varg\u00ebzuese. Megjithat\u00eb m\u00eb dominuese jan\u00eb ato me tematik\u00eb t\u00eb nostalgjis\u00eb s\u00eb m\u00ebrgimtarit q\u00eb jan\u00eb m\u00eb t\u00eb shumtat dhe m\u00eb t\u00eb p\u00ebrjetuarat. Nj\u00eb pjes\u00eb t\u00eb madhe z\u00ebn\u00eb edhe poezit\u00eb haiku me tematik\u00eb t\u00eb angazhuar, n\u00eb kuptimin e mir\u00eb t\u00eb fjal\u00ebs, me tem\u00eb poetike aktuale. Andaj aktualiteti \u00ebsht\u00eb element dominues n\u00eb k\u00ebt\u00eb v\u00ebllim poetik t\u00eb autorit Zef Mulaj.<\/p>\n<p>Duhet potencuar sepse nj\u00eb num\u00ebr paksa t\u00eb ve\u00e7ant\u00eb z\u00ebn\u00eb edhe haikut me tematik udh\u00ebp\u00ebrshkruese q\u00eb rrin\u00eb krenare n\u00eb varg\u00ebzimin e k\u00ebtij v\u00ebllimi, ani pse nuk shterohen fare nga pjesa tjet\u00ebr e tyre.<br \/>\nDhe krejt n\u00eb fund mund t\u00eb themi se autori Zef Mulaj n\u00eb v\u00ebllimin \u201cLulet e shpirtit\u201d t\u00eb strukturuar n\u00eb form\u00ebn e poezis\u00eb haiku ia ka arritur sado kudo q\u00eb t\u00eb shtroj\u00eb nj\u00eb form\u00eb paksa tjet\u00ebr, e pse jo edhe t\u00eb ve\u00e7ant\u00eb t\u00eb k\u00ebsaj forme t\u00eb poezis\u00eb.<\/p>\n<p>Andaj besoj se kjo vep\u00ebr do t\u2019i gjej\u00eb lexuesit e vet, por edhe Zef Mulaj do t\u00eb shkruaj prap\u00eb n\u00eb t\u00eb ardhmen e tij poetike vepra t\u00eb tjera me poezi haiku.<\/p>\n","protected":false},"excerpt":{"rendered":"<p>BOTIM I RADH\u00cbS I Dr. ZEF MULAJ Halil Haxhosaj Krijuesi tashm\u00eb i njohur, Zef Mulaj, botoi p\u00ebrmbledhjen e vet t\u00eb suksesshme ma haiku \u201cLulet e shpirti\u201d. \u00cbsht\u00eb kjo nj\u00eb vep\u00ebr, e cila mish\u00ebrohet bujsh\u00ebm me mallin, dashurin\u00eb, krenarin\u00eb, por edhe kujtimin dhe bukurin\u00eb e pakrahasueshme t\u00eb vendlindjes s\u00eb poetit Mulaj, Mal\u00ebsis\u00eb dhe trev\u00ebs s\u00eb saj [&hellip;]<\/p>\n","protected":false},"author":1,"featured_media":0,"comment_status":"open","ping_status":"closed","sticky":false,"template":"","format":"standard","meta":{"footnotes":""},"categories":[2,7],"tags":[],"class_list":{"0":"post-2625","1":"post","2":"type-post","3":"status-publish","4":"format-standard","6":"category-artikuj","7":"category-letersi"},"yoast_head":"<!-- This site is optimized with the Yoast SEO plugin v27.4 - https:\/\/yoast.com\/product\/yoast-seo-wordpress\/ -->\n<title>SHPIRTI I POETIT MALL E V\u00cbRAG\u00cb N\u00cb HAIKU - FjALA e LIR\u00cb - Arkivi<\/title>\n<meta name=\"robots\" content=\"index, follow, max-snippet:-1, max-image-preview:large, max-video-preview:-1\" \/>\n<link rel=\"canonical\" href=\"https:\/\/fjala.info\/2009-2015\/shpirti-i-poetit-mall-e-verage-ne-haiku\/\" \/>\n<meta property=\"og:locale\" content=\"sq_AL\" \/>\n<meta property=\"og:type\" content=\"article\" \/>\n<meta property=\"og:title\" content=\"SHPIRTI I POETIT MALL E V\u00cbRAG\u00cb N\u00cb HAIKU - FjALA e LIR\u00cb - Arkivi\" \/>\n<meta property=\"og:description\" content=\"BOTIM I RADH\u00cbS I Dr. ZEF MULAJ Halil Haxhosaj Krijuesi tashm\u00eb i njohur, Zef Mulaj, botoi p\u00ebrmbledhjen e vet t\u00eb suksesshme ma haiku \u201cLulet e shpirti\u201d. \u00cbsht\u00eb kjo nj\u00eb vep\u00ebr, e cila mish\u00ebrohet bujsh\u00ebm me mallin, dashurin\u00eb, krenarin\u00eb, por edhe kujtimin dhe bukurin\u00eb e pakrahasueshme t\u00eb vendlindjes s\u00eb poetit Mulaj, Mal\u00ebsis\u00eb dhe trev\u00ebs s\u00eb saj [&hellip;]\" \/>\n<meta property=\"og:url\" content=\"https:\/\/fjala.info\/2009-2015\/shpirti-i-poetit-mall-e-verage-ne-haiku\/\" \/>\n<meta property=\"og:site_name\" content=\"FjALA e LIR\u00cb - Arkivi\" \/>\n<meta property=\"article:published_time\" content=\"2012-04-26T08:24:25+00:00\" \/>\n<meta property=\"og:image\" content=\"http:\/\/www.shkoder.net\/2012\/halil_haxhosaj.jpg\" \/>\n<meta name=\"author\" content=\"admin\" \/>\n<meta name=\"twitter:card\" content=\"summary_large_image\" \/>\n<meta name=\"twitter:label1\" content=\"Written by\" \/>\n\t<meta name=\"twitter:data1\" content=\"admin\" \/>\n\t<meta name=\"twitter:label2\" content=\"Est. reading time\" \/>\n\t<meta name=\"twitter:data2\" content=\"6 minutes\" \/>\n<script type=\"application\/ld+json\" class=\"yoast-schema-graph\">{\"@context\":\"https:\\\/\\\/schema.org\",\"@graph\":[{\"@type\":\"Article\",\"@id\":\"https:\\\/\\\/fjala.info\\\/2009-2015\\\/shpirti-i-poetit-mall-e-verage-ne-haiku\\\/#article\",\"isPartOf\":{\"@id\":\"https:\\\/\\\/fjala.info\\\/2009-2015\\\/shpirti-i-poetit-mall-e-verage-ne-haiku\\\/\"},\"author\":{\"name\":\"admin\",\"@id\":\"https:\\\/\\\/fjala.info\\\/2009-2015\\\/#\\\/schema\\\/person\\\/3aa1163ef05469c496fc94e77611ada2\"},\"headline\":\"SHPIRTI I POETIT MALL E V\u00cbRAG\u00cb N\u00cb HAIKU\",\"datePublished\":\"2012-04-26T08:24:25+00:00\",\"mainEntityOfPage\":{\"@id\":\"https:\\\/\\\/fjala.info\\\/2009-2015\\\/shpirti-i-poetit-mall-e-verage-ne-haiku\\\/\"},\"wordCount\":1294,\"commentCount\":0,\"publisher\":{\"@id\":\"https:\\\/\\\/fjala.info\\\/2009-2015\\\/#organization\"},\"image\":{\"@id\":\"https:\\\/\\\/fjala.info\\\/2009-2015\\\/shpirti-i-poetit-mall-e-verage-ne-haiku\\\/#primaryimage\"},\"thumbnailUrl\":\"http:\\\/\\\/www.shkoder.net\\\/2012\\\/halil_haxhosaj.jpg\",\"articleSection\":[\"Artikuj\",\"Let\u00ebrsi\"],\"inLanguage\":\"sq-AL\",\"potentialAction\":[{\"@type\":\"CommentAction\",\"name\":\"Comment\",\"target\":[\"https:\\\/\\\/fjala.info\\\/2009-2015\\\/shpirti-i-poetit-mall-e-verage-ne-haiku\\\/#respond\"]}]},{\"@type\":\"WebPage\",\"@id\":\"https:\\\/\\\/fjala.info\\\/2009-2015\\\/shpirti-i-poetit-mall-e-verage-ne-haiku\\\/\",\"url\":\"https:\\\/\\\/fjala.info\\\/2009-2015\\\/shpirti-i-poetit-mall-e-verage-ne-haiku\\\/\",\"name\":\"SHPIRTI I POETIT MALL E V\u00cbRAG\u00cb N\u00cb HAIKU - FjALA e LIR\u00cb - Arkivi\",\"isPartOf\":{\"@id\":\"https:\\\/\\\/fjala.info\\\/2009-2015\\\/#website\"},\"primaryImageOfPage\":{\"@id\":\"https:\\\/\\\/fjala.info\\\/2009-2015\\\/shpirti-i-poetit-mall-e-verage-ne-haiku\\\/#primaryimage\"},\"image\":{\"@id\":\"https:\\\/\\\/fjala.info\\\/2009-2015\\\/shpirti-i-poetit-mall-e-verage-ne-haiku\\\/#primaryimage\"},\"thumbnailUrl\":\"http:\\\/\\\/www.shkoder.net\\\/2012\\\/halil_haxhosaj.jpg\",\"datePublished\":\"2012-04-26T08:24:25+00:00\",\"breadcrumb\":{\"@id\":\"https:\\\/\\\/fjala.info\\\/2009-2015\\\/shpirti-i-poetit-mall-e-verage-ne-haiku\\\/#breadcrumb\"},\"inLanguage\":\"sq-AL\",\"potentialAction\":[{\"@type\":\"ReadAction\",\"target\":[\"https:\\\/\\\/fjala.info\\\/2009-2015\\\/shpirti-i-poetit-mall-e-verage-ne-haiku\\\/\"]}]},{\"@type\":\"ImageObject\",\"inLanguage\":\"sq-AL\",\"@id\":\"https:\\\/\\\/fjala.info\\\/2009-2015\\\/shpirti-i-poetit-mall-e-verage-ne-haiku\\\/#primaryimage\",\"url\":\"http:\\\/\\\/www.shkoder.net\\\/2012\\\/halil_haxhosaj.jpg\",\"contentUrl\":\"http:\\\/\\\/www.shkoder.net\\\/2012\\\/halil_haxhosaj.jpg\"},{\"@type\":\"BreadcrumbList\",\"@id\":\"https:\\\/\\\/fjala.info\\\/2009-2015\\\/shpirti-i-poetit-mall-e-verage-ne-haiku\\\/#breadcrumb\",\"itemListElement\":[{\"@type\":\"ListItem\",\"position\":1,\"name\":\"Home\",\"item\":\"https:\\\/\\\/fjala.info\\\/2009-2015\\\/\"},{\"@type\":\"ListItem\",\"position\":2,\"name\":\"SHPIRTI I POETIT MALL E V\u00cbRAG\u00cb N\u00cb HAIKU\"}]},{\"@type\":\"WebSite\",\"@id\":\"https:\\\/\\\/fjala.info\\\/2009-2015\\\/#website\",\"url\":\"https:\\\/\\\/fjala.info\\\/2009-2015\\\/\",\"name\":\"FjALA e LIR\u00cb - Arkivi\",\"description\":\"Arkivi 2009-2015\",\"publisher\":{\"@id\":\"https:\\\/\\\/fjala.info\\\/2009-2015\\\/#organization\"},\"potentialAction\":[{\"@type\":\"SearchAction\",\"target\":{\"@type\":\"EntryPoint\",\"urlTemplate\":\"https:\\\/\\\/fjala.info\\\/2009-2015\\\/?s={search_term_string}\"},\"query-input\":{\"@type\":\"PropertyValueSpecification\",\"valueRequired\":true,\"valueName\":\"search_term_string\"}}],\"inLanguage\":\"sq-AL\"},{\"@type\":\"Organization\",\"@id\":\"https:\\\/\\\/fjala.info\\\/2009-2015\\\/#organization\",\"name\":\"FjALA e LIR\u00cb - Arkivi\",\"url\":\"https:\\\/\\\/fjala.info\\\/2009-2015\\\/\",\"logo\":{\"@type\":\"ImageObject\",\"inLanguage\":\"sq-AL\",\"@id\":\"https:\\\/\\\/fjala.info\\\/2009-2015\\\/#\\\/schema\\\/logo\\\/image\\\/\",\"url\":\"\",\"contentUrl\":\"\",\"caption\":\"FjALA e LIR\u00cb - Arkivi\"},\"image\":{\"@id\":\"https:\\\/\\\/fjala.info\\\/2009-2015\\\/#\\\/schema\\\/logo\\\/image\\\/\"}},{\"@type\":\"Person\",\"@id\":\"https:\\\/\\\/fjala.info\\\/2009-2015\\\/#\\\/schema\\\/person\\\/3aa1163ef05469c496fc94e77611ada2\",\"name\":\"admin\",\"image\":{\"@type\":\"ImageObject\",\"inLanguage\":\"sq-AL\",\"@id\":\"https:\\\/\\\/fjala.info\\\/2009-2015\\\/wp-content\\\/uploads\\\/2012\\\/02\\\/arben_cokaj-120x150.jpg\",\"url\":\"https:\\\/\\\/fjala.info\\\/2009-2015\\\/wp-content\\\/uploads\\\/2012\\\/02\\\/arben_cokaj-120x150.jpg\",\"contentUrl\":\"https:\\\/\\\/fjala.info\\\/2009-2015\\\/wp-content\\\/uploads\\\/2012\\\/02\\\/arben_cokaj-120x150.jpg\",\"caption\":\"admin\"},\"description\":\"Admin, Fjala e Lir\u00eb\",\"sameAs\":[\"https:\\\/\\\/fjala.info\\\/\"],\"url\":\"https:\\\/\\\/fjala.info\\\/2009-2015\\\/author\\\/admin\\\/\"}]}<\/script>\n<!-- \/ Yoast SEO plugin. -->","yoast_head_json":{"title":"SHPIRTI I POETIT MALL E V\u00cbRAG\u00cb N\u00cb HAIKU - FjALA e LIR\u00cb - Arkivi","robots":{"index":"index","follow":"follow","max-snippet":"max-snippet:-1","max-image-preview":"max-image-preview:large","max-video-preview":"max-video-preview:-1"},"canonical":"https:\/\/fjala.info\/2009-2015\/shpirti-i-poetit-mall-e-verage-ne-haiku\/","og_locale":"sq_AL","og_type":"article","og_title":"SHPIRTI I POETIT MALL E V\u00cbRAG\u00cb N\u00cb HAIKU - FjALA e LIR\u00cb - Arkivi","og_description":"BOTIM I RADH\u00cbS I Dr. ZEF MULAJ Halil Haxhosaj Krijuesi tashm\u00eb i njohur, Zef Mulaj, botoi p\u00ebrmbledhjen e vet t\u00eb suksesshme ma haiku \u201cLulet e shpirti\u201d. \u00cbsht\u00eb kjo nj\u00eb vep\u00ebr, e cila mish\u00ebrohet bujsh\u00ebm me mallin, dashurin\u00eb, krenarin\u00eb, por edhe kujtimin dhe bukurin\u00eb e pakrahasueshme t\u00eb vendlindjes s\u00eb poetit Mulaj, Mal\u00ebsis\u00eb dhe trev\u00ebs s\u00eb saj [&hellip;]","og_url":"https:\/\/fjala.info\/2009-2015\/shpirti-i-poetit-mall-e-verage-ne-haiku\/","og_site_name":"FjALA e LIR\u00cb - Arkivi","article_published_time":"2012-04-26T08:24:25+00:00","og_image":[{"url":"http:\/\/www.shkoder.net\/2012\/halil_haxhosaj.jpg","type":"","width":"","height":""}],"author":"admin","twitter_card":"summary_large_image","twitter_misc":{"Written by":"admin","Est. reading time":"6 minutes"},"schema":{"@context":"https:\/\/schema.org","@graph":[{"@type":"Article","@id":"https:\/\/fjala.info\/2009-2015\/shpirti-i-poetit-mall-e-verage-ne-haiku\/#article","isPartOf":{"@id":"https:\/\/fjala.info\/2009-2015\/shpirti-i-poetit-mall-e-verage-ne-haiku\/"},"author":{"name":"admin","@id":"https:\/\/fjala.info\/2009-2015\/#\/schema\/person\/3aa1163ef05469c496fc94e77611ada2"},"headline":"SHPIRTI I POETIT MALL E V\u00cbRAG\u00cb N\u00cb HAIKU","datePublished":"2012-04-26T08:24:25+00:00","mainEntityOfPage":{"@id":"https:\/\/fjala.info\/2009-2015\/shpirti-i-poetit-mall-e-verage-ne-haiku\/"},"wordCount":1294,"commentCount":0,"publisher":{"@id":"https:\/\/fjala.info\/2009-2015\/#organization"},"image":{"@id":"https:\/\/fjala.info\/2009-2015\/shpirti-i-poetit-mall-e-verage-ne-haiku\/#primaryimage"},"thumbnailUrl":"http:\/\/www.shkoder.net\/2012\/halil_haxhosaj.jpg","articleSection":["Artikuj","Let\u00ebrsi"],"inLanguage":"sq-AL","potentialAction":[{"@type":"CommentAction","name":"Comment","target":["https:\/\/fjala.info\/2009-2015\/shpirti-i-poetit-mall-e-verage-ne-haiku\/#respond"]}]},{"@type":"WebPage","@id":"https:\/\/fjala.info\/2009-2015\/shpirti-i-poetit-mall-e-verage-ne-haiku\/","url":"https:\/\/fjala.info\/2009-2015\/shpirti-i-poetit-mall-e-verage-ne-haiku\/","name":"SHPIRTI I POETIT MALL E V\u00cbRAG\u00cb N\u00cb HAIKU - FjALA e LIR\u00cb - Arkivi","isPartOf":{"@id":"https:\/\/fjala.info\/2009-2015\/#website"},"primaryImageOfPage":{"@id":"https:\/\/fjala.info\/2009-2015\/shpirti-i-poetit-mall-e-verage-ne-haiku\/#primaryimage"},"image":{"@id":"https:\/\/fjala.info\/2009-2015\/shpirti-i-poetit-mall-e-verage-ne-haiku\/#primaryimage"},"thumbnailUrl":"http:\/\/www.shkoder.net\/2012\/halil_haxhosaj.jpg","datePublished":"2012-04-26T08:24:25+00:00","breadcrumb":{"@id":"https:\/\/fjala.info\/2009-2015\/shpirti-i-poetit-mall-e-verage-ne-haiku\/#breadcrumb"},"inLanguage":"sq-AL","potentialAction":[{"@type":"ReadAction","target":["https:\/\/fjala.info\/2009-2015\/shpirti-i-poetit-mall-e-verage-ne-haiku\/"]}]},{"@type":"ImageObject","inLanguage":"sq-AL","@id":"https:\/\/fjala.info\/2009-2015\/shpirti-i-poetit-mall-e-verage-ne-haiku\/#primaryimage","url":"http:\/\/www.shkoder.net\/2012\/halil_haxhosaj.jpg","contentUrl":"http:\/\/www.shkoder.net\/2012\/halil_haxhosaj.jpg"},{"@type":"BreadcrumbList","@id":"https:\/\/fjala.info\/2009-2015\/shpirti-i-poetit-mall-e-verage-ne-haiku\/#breadcrumb","itemListElement":[{"@type":"ListItem","position":1,"name":"Home","item":"https:\/\/fjala.info\/2009-2015\/"},{"@type":"ListItem","position":2,"name":"SHPIRTI I POETIT MALL E V\u00cbRAG\u00cb N\u00cb HAIKU"}]},{"@type":"WebSite","@id":"https:\/\/fjala.info\/2009-2015\/#website","url":"https:\/\/fjala.info\/2009-2015\/","name":"FjALA e LIR\u00cb - Arkivi","description":"Arkivi 2009-2015","publisher":{"@id":"https:\/\/fjala.info\/2009-2015\/#organization"},"potentialAction":[{"@type":"SearchAction","target":{"@type":"EntryPoint","urlTemplate":"https:\/\/fjala.info\/2009-2015\/?s={search_term_string}"},"query-input":{"@type":"PropertyValueSpecification","valueRequired":true,"valueName":"search_term_string"}}],"inLanguage":"sq-AL"},{"@type":"Organization","@id":"https:\/\/fjala.info\/2009-2015\/#organization","name":"FjALA e LIR\u00cb - Arkivi","url":"https:\/\/fjala.info\/2009-2015\/","logo":{"@type":"ImageObject","inLanguage":"sq-AL","@id":"https:\/\/fjala.info\/2009-2015\/#\/schema\/logo\/image\/","url":"","contentUrl":"","caption":"FjALA e LIR\u00cb - Arkivi"},"image":{"@id":"https:\/\/fjala.info\/2009-2015\/#\/schema\/logo\/image\/"}},{"@type":"Person","@id":"https:\/\/fjala.info\/2009-2015\/#\/schema\/person\/3aa1163ef05469c496fc94e77611ada2","name":"admin","image":{"@type":"ImageObject","inLanguage":"sq-AL","@id":"https:\/\/fjala.info\/2009-2015\/wp-content\/uploads\/2012\/02\/arben_cokaj-120x150.jpg","url":"https:\/\/fjala.info\/2009-2015\/wp-content\/uploads\/2012\/02\/arben_cokaj-120x150.jpg","contentUrl":"https:\/\/fjala.info\/2009-2015\/wp-content\/uploads\/2012\/02\/arben_cokaj-120x150.jpg","caption":"admin"},"description":"Admin, Fjala e Lir\u00eb","sameAs":["https:\/\/fjala.info\/"],"url":"https:\/\/fjala.info\/2009-2015\/author\/admin\/"}]}},"_links":{"self":[{"href":"https:\/\/fjala.info\/2009-2015\/wp-json\/wp\/v2\/posts\/2625","targetHints":{"allow":["GET"]}}],"collection":[{"href":"https:\/\/fjala.info\/2009-2015\/wp-json\/wp\/v2\/posts"}],"about":[{"href":"https:\/\/fjala.info\/2009-2015\/wp-json\/wp\/v2\/types\/post"}],"author":[{"embeddable":true,"href":"https:\/\/fjala.info\/2009-2015\/wp-json\/wp\/v2\/users\/1"}],"replies":[{"embeddable":true,"href":"https:\/\/fjala.info\/2009-2015\/wp-json\/wp\/v2\/comments?post=2625"}],"version-history":[{"count":0,"href":"https:\/\/fjala.info\/2009-2015\/wp-json\/wp\/v2\/posts\/2625\/revisions"}],"wp:attachment":[{"href":"https:\/\/fjala.info\/2009-2015\/wp-json\/wp\/v2\/media?parent=2625"}],"wp:term":[{"taxonomy":"category","embeddable":true,"href":"https:\/\/fjala.info\/2009-2015\/wp-json\/wp\/v2\/categories?post=2625"},{"taxonomy":"post_tag","embeddable":true,"href":"https:\/\/fjala.info\/2009-2015\/wp-json\/wp\/v2\/tags?post=2625"}],"curies":[{"name":"wp","href":"https:\/\/api.w.org\/{rel}","templated":true}]}}