{"id":2623,"date":"2010-05-13T17:54:08","date_gmt":"2010-05-13T16:54:08","guid":{"rendered":"http:\/\/fjala.shkoder.net\/?p=2623"},"modified":"2010-05-13T17:54:08","modified_gmt":"2010-05-13T16:54:08","slug":"incidenti-ne-radushe-i-4-terti-i-vrare-kreu-i-ak-bdsh-skenar-i-pergatitur","status":"publish","type":"post","link":"https:\/\/fjala.info\/2009-2015\/incidenti-ne-radushe-i-4-terti-i-vrare-kreu-i-ak-bdsh-skenar-i-pergatitur\/","title":{"rendered":"Incidenti n\u00eb Radush\u00eb, i 4-t\u00ebrti i vrar\u00eb, kreu i AK BDSH: Skenar i p\u00ebrgatitur"},"content":{"rendered":"<p><img decoding=\"async\" style=\"margin-left: 10px; margin-right: 10px; border: 0px;\" src=\"http:\/\/www.shkoder.net\/images\/fjala\/2010\/kreu_ak.jpg\" border=\"0\" alt=\"Kreu AK BDSH\" width=\"150\" align=\"left\" \/><\/p>\n<p><em>SHKUP <\/em>&#8211; Personi i kat\u00ebrt q\u00eb mbeti i vrare n\u00eb incidentin e s\u00eb m\u00ebrkur\u00ebs n\u00eb fshatin Radush\u00eb t\u00eb Shkupit \u00ebsht\u00eb identifikuar. Sipas agjencise se lajmeve rajonale, ai quhet Harun Aliu, i njohur si komandant Kushtrimi, i cili ka qene edhe kryetar i partise Alternativa Kombetare (AK). Trupi i tij i pajet\u00eb i eshte dorezuar mbr\u00ebm\u00eb familjareve. Nderkohe tre personat e tjere te vrare jan\u00eb: Xhafer Shala 31-vje\u00e7 nga Prishtina, Shaban Zenuni nga fshati Merov\u00eb i Maqedonis\u00eb dhe Qemajl Fejzullahu nga fshati G\u00ebr\u00e7ec, po ne Maqedoni.<\/p>\n<p>Ministria e Brendshme maqedonase njoftoi dje se te kater keta persona qe po transportonin nje arsenal armesh nga Radusha n\u00eb drejtim t\u00eb Shkupit, nuk pranuan te ndalonte ne nje pike kontrolli te policise dhe madje qelluan me arme kunder forcave te rendit. Me pas erdhi kunderpergjigja qe solli vdekjen e tyre.<\/p>\n<p><strong>Kush ishte Harun Aliu<\/strong><\/p>\n<p>Harun Aliu, p\u00ebr t\u00eb cilin ekzistonte nje fletarresti dhe i cili n\u00eb munges\u00eb \u00ebsht\u00eb d\u00ebnuar me burg t\u00eb p\u00ebrjetsh\u00ebm p\u00ebr shkak t\u00eb vrasjes s\u00eb nj\u00eb polici, \u00ebsht\u00eb nj\u00ebri nga 4 t\u00eb vrar\u00ebt n\u00eb aksionin e djesh\u00ebm policor n\u00eb af\u00ebrsi t\u00eb fshatit Radush\u00ebs. Aliu, banues n\u00eb lagjen Hasanbeg t\u00eb Shkupit, konsiderohej si organizator i grupit i cili n\u00eb shenj\u00eb hakmarrjeje p\u00ebr aksionin policor n\u00eb fshatin Brodec, n\u00eb 3 janar t\u00eb vitit 2008 sulmoi nj\u00eb xhip t\u00eb policis\u00eb, gjat\u00eb t\u00eb cilit sulm u vra polici Zoran Markovski, nd\u00ebrsa kat\u00ebr koleg\u00eb t\u00eb tij u plagos\u00ebn. Nga koha e k\u00ebtij sulmi Aliu ishte n\u00eb arrati dhe u d\u00ebnua n\u00eb munges\u00eb. Por, Harun Aliu ishte politikisht aktiv si drejtues i partis\u00eb Alternativa Komb\u00ebtare dhe \u00ebsht\u00eb nj\u00ebri nd\u00ebr njer\u00ebzit q\u00eb formimoi Ushtrin\u00eb \u00c7lirimtare Komb\u00ebtare, ku njihej me nofk\u00ebn Komandant Kushtrimi.<\/p>\n<p><strong>BDSH<\/strong><\/p>\n<p>Por, sipas partive shqiptare ne vend, e gjithe ngjarja nuk eshte gje tjeter vecse nje kurth i mireorganizuar nga autoritetet maqedonase. Kreu i Bashkimit Demokratik Shqiptar, Bardhyl Mahmuti deklaroi sot se vrasja e kat\u00ebr shqiptar\u00ebve n\u00eb Radush\u00eb \u00ebsht\u00eb nje spektak\u00ebl tragjik i kurdisur nga Ministria e Pun\u00ebve t\u00eb Brendshme e Maqedonis\u00eb, q\u00eb nxjerr n\u00eb shesh urrejtjen antishqiptare t\u00eb institucioneve shtet\u00ebrore maqedonase. Sipas tij, propagandimi me pompozitet i vrasjes s\u00eb kat\u00ebr shqiptar\u00ebve dhe ekspozimi i \u201cfakteve\u201d p\u00ebr gjoja implikimin e tyre n\u00eb trafiqe arm\u00ebsh nxjerrin n\u00eb pah kurdisjen e k\u00ebtij skenari dhe p\u00ebrpjekje p\u00ebr t\u00eb fshehur ekzekutimin e tyre monstruoz.<\/p>\n<p>\u201c<em>Sikur realisht t\u00eb kishte patur gjithe ate Eksploziv ne furgon t\u00eb gjith\u00eb e dim\u00eb se e vet\u00ebm nj\u00eb shk\u00ebndij\u00eb e vog\u00ebl do t\u00eb provokonte nj\u00eb shp\u00ebrthim t\u00eb fuqishem q\u00eb do t\u00eb ishte degjuar n\u00eb t\u00eb gjithe Maqedonine<\/em>\u201d &#8211; tha kreu i BDSH-se.<\/p>\n<p>Kjo e fundit d\u00ebnon ekzekutimin e kat\u00ebr shqiptar\u00ebve dhe k\u00ebrkon q\u00eb t\u00eb b\u00ebhet nj\u00eb ekspertiz\u00eb e pavarur p\u00ebr t\u00eb ndri\u00e7uar ngjarjen.<\/p>\n<p><strong>Veteran\u00ebt: N\u00eb Maqedoni po p\u00ebrgatitet nj\u00eb skenar si n\u00eb vitin 2001 <\/strong><\/p>\n<p>N\u00eb Maqedoni po p\u00ebrgatitet nj\u00eb skenar i nj\u00ebjt\u00eb si n\u00eb vitin 2001, q\u00eb at\u00ebher\u00eb ishte inskenuar n\u00eb Lubjan\u00eb dhe Prizren, b\u00ebjn\u00eb t\u00eb ditur drejtues t\u00eb Shoqat\u00ebs Maqedonase t\u00eb Veteran\u00ebve t\u00eb Mbrojtjes dhe Siguris\u00eb n\u00eb Maqedoni (SHBMSM). Sipa drejtuesve t\u00eb k\u00ebsaj shoqate, n\u00eb Maqedoni po p\u00ebrgatitet nj\u00eb kriz\u00eb e kontrolluar n\u00eb rajonin p\u00ebrreth fshatrave Vaksinc\u00eb, Llojan, Sllup\u00e7an, Likov\u00eb, Hara\u00e7in\u00eb, Tanush\u00eb, Bllac\u00eb e deri n\u00eb Jazhinc\u00eb.<\/p>\n<p>\u201cMendoj se kemi kapacitet p\u00ebr t&#8217;iu kund\u00ebrv\u00ebn\u00eb t\u00eb gjith\u00eb k\u00ebtyre tentimeve p\u00ebr destabilizim t\u00eb Maqedonis\u00eb, nd\u00ebrsa me k\u00ebt\u00eb p\u00ebrpjekje bashk\u00ebsia nd\u00ebrkomb\u00ebtare do t\u00eb kuptoj\u00eb se me k\u00eb kemi pun\u00eb\u201d, ka theksuar Ivan Babanovski nga kjo shoqat\u00eb, i njohur edhe si ish-pjes\u00ebtar i sigurimit dhe profesor n\u00eb Universitetin e Sigurimit n\u00eb Shkup.<\/p>\n<p>(<em>d.b\/News24\/BalkanWeb<\/em>)<\/p>\n","protected":false},"excerpt":{"rendered":"<p>SHKUP &#8211; Personi i kat\u00ebrt q\u00eb mbeti i vrare n\u00eb incidentin e s\u00eb m\u00ebrkur\u00ebs n\u00eb fshatin Radush\u00eb t\u00eb Shkupit \u00ebsht\u00eb identifikuar. Sipas agjencise se lajmeve rajonale, ai quhet Harun Aliu, i njohur si komandant Kushtrimi, i cili ka qene edhe kryetar i partise Alternativa Kombetare (AK). Trupi i tij i pajet\u00eb i eshte dorezuar mbr\u00ebm\u00eb [&hellip;]<\/p>\n","protected":false},"author":1,"featured_media":0,"comment_status":"open","ping_status":"closed","sticky":false,"template":"","format":"standard","meta":{"footnotes":""},"categories":[2],"tags":[],"class_list":{"0":"post-2623","1":"post","2":"type-post","3":"status-publish","4":"format-standard","6":"category-artikuj"},"yoast_head":"<!-- This site is optimized with the Yoast SEO plugin v27.4 - https:\/\/yoast.com\/product\/yoast-seo-wordpress\/ -->\n<title>Incidenti n\u00eb Radush\u00eb, i 4-t\u00ebrti i vrar\u00eb, kreu i AK BDSH: Skenar i p\u00ebrgatitur - FjALA e LIR\u00cb - Arkivi<\/title>\n<meta name=\"robots\" content=\"index, follow, max-snippet:-1, max-image-preview:large, max-video-preview:-1\" \/>\n<link rel=\"canonical\" href=\"https:\/\/fjala.info\/2009-2015\/incidenti-ne-radushe-i-4-terti-i-vrare-kreu-i-ak-bdsh-skenar-i-pergatitur\/\" \/>\n<meta property=\"og:locale\" content=\"sq_AL\" \/>\n<meta property=\"og:type\" content=\"article\" \/>\n<meta property=\"og:title\" content=\"Incidenti n\u00eb Radush\u00eb, i 4-t\u00ebrti i vrar\u00eb, kreu i AK BDSH: Skenar i p\u00ebrgatitur - FjALA e LIR\u00cb - Arkivi\" \/>\n<meta property=\"og:description\" content=\"SHKUP &#8211; Personi i kat\u00ebrt q\u00eb mbeti i vrare n\u00eb incidentin e s\u00eb m\u00ebrkur\u00ebs n\u00eb fshatin Radush\u00eb t\u00eb Shkupit \u00ebsht\u00eb identifikuar. Sipas agjencise se lajmeve rajonale, ai quhet Harun Aliu, i njohur si komandant Kushtrimi, i cili ka qene edhe kryetar i partise Alternativa Kombetare (AK). Trupi i tij i pajet\u00eb i eshte dorezuar mbr\u00ebm\u00eb [&hellip;]\" \/>\n<meta property=\"og:url\" content=\"https:\/\/fjala.info\/2009-2015\/incidenti-ne-radushe-i-4-terti-i-vrare-kreu-i-ak-bdsh-skenar-i-pergatitur\/\" \/>\n<meta property=\"og:site_name\" content=\"FjALA e LIR\u00cb - Arkivi\" \/>\n<meta property=\"article:published_time\" content=\"2010-05-13T16:54:08+00:00\" \/>\n<meta property=\"og:image\" content=\"http:\/\/www.shkoder.net\/images\/fjala\/2010\/kreu_ak.jpg\" \/>\n<meta name=\"author\" content=\"admin\" \/>\n<meta name=\"twitter:card\" content=\"summary_large_image\" \/>\n<meta name=\"twitter:label1\" content=\"Written by\" \/>\n\t<meta name=\"twitter:data1\" content=\"admin\" \/>\n\t<meta name=\"twitter:label2\" content=\"Est. reading time\" \/>\n\t<meta name=\"twitter:data2\" content=\"3 minutes\" \/>\n<script type=\"application\/ld+json\" class=\"yoast-schema-graph\">{\"@context\":\"https:\\\/\\\/schema.org\",\"@graph\":[{\"@type\":\"Article\",\"@id\":\"https:\\\/\\\/fjala.info\\\/2009-2015\\\/incidenti-ne-radushe-i-4-terti-i-vrare-kreu-i-ak-bdsh-skenar-i-pergatitur\\\/#article\",\"isPartOf\":{\"@id\":\"https:\\\/\\\/fjala.info\\\/2009-2015\\\/incidenti-ne-radushe-i-4-terti-i-vrare-kreu-i-ak-bdsh-skenar-i-pergatitur\\\/\"},\"author\":{\"name\":\"admin\",\"@id\":\"https:\\\/\\\/fjala.info\\\/2009-2015\\\/#\\\/schema\\\/person\\\/3aa1163ef05469c496fc94e77611ada2\"},\"headline\":\"Incidenti n\u00eb Radush\u00eb, i 4-t\u00ebrti i vrar\u00eb, kreu i AK BDSH: Skenar i p\u00ebrgatitur\",\"datePublished\":\"2010-05-13T16:54:08+00:00\",\"mainEntityOfPage\":{\"@id\":\"https:\\\/\\\/fjala.info\\\/2009-2015\\\/incidenti-ne-radushe-i-4-terti-i-vrare-kreu-i-ak-bdsh-skenar-i-pergatitur\\\/\"},\"wordCount\":655,\"commentCount\":0,\"publisher\":{\"@id\":\"https:\\\/\\\/fjala.info\\\/2009-2015\\\/#organization\"},\"image\":{\"@id\":\"https:\\\/\\\/fjala.info\\\/2009-2015\\\/incidenti-ne-radushe-i-4-terti-i-vrare-kreu-i-ak-bdsh-skenar-i-pergatitur\\\/#primaryimage\"},\"thumbnailUrl\":\"http:\\\/\\\/www.shkoder.net\\\/images\\\/fjala\\\/2010\\\/kreu_ak.jpg\",\"articleSection\":[\"Artikuj\"],\"inLanguage\":\"sq-AL\",\"potentialAction\":[{\"@type\":\"CommentAction\",\"name\":\"Comment\",\"target\":[\"https:\\\/\\\/fjala.info\\\/2009-2015\\\/incidenti-ne-radushe-i-4-terti-i-vrare-kreu-i-ak-bdsh-skenar-i-pergatitur\\\/#respond\"]}]},{\"@type\":\"WebPage\",\"@id\":\"https:\\\/\\\/fjala.info\\\/2009-2015\\\/incidenti-ne-radushe-i-4-terti-i-vrare-kreu-i-ak-bdsh-skenar-i-pergatitur\\\/\",\"url\":\"https:\\\/\\\/fjala.info\\\/2009-2015\\\/incidenti-ne-radushe-i-4-terti-i-vrare-kreu-i-ak-bdsh-skenar-i-pergatitur\\\/\",\"name\":\"Incidenti n\u00eb Radush\u00eb, i 4-t\u00ebrti i vrar\u00eb, kreu i AK BDSH: Skenar i p\u00ebrgatitur - FjALA e LIR\u00cb - Arkivi\",\"isPartOf\":{\"@id\":\"https:\\\/\\\/fjala.info\\\/2009-2015\\\/#website\"},\"primaryImageOfPage\":{\"@id\":\"https:\\\/\\\/fjala.info\\\/2009-2015\\\/incidenti-ne-radushe-i-4-terti-i-vrare-kreu-i-ak-bdsh-skenar-i-pergatitur\\\/#primaryimage\"},\"image\":{\"@id\":\"https:\\\/\\\/fjala.info\\\/2009-2015\\\/incidenti-ne-radushe-i-4-terti-i-vrare-kreu-i-ak-bdsh-skenar-i-pergatitur\\\/#primaryimage\"},\"thumbnailUrl\":\"http:\\\/\\\/www.shkoder.net\\\/images\\\/fjala\\\/2010\\\/kreu_ak.jpg\",\"datePublished\":\"2010-05-13T16:54:08+00:00\",\"breadcrumb\":{\"@id\":\"https:\\\/\\\/fjala.info\\\/2009-2015\\\/incidenti-ne-radushe-i-4-terti-i-vrare-kreu-i-ak-bdsh-skenar-i-pergatitur\\\/#breadcrumb\"},\"inLanguage\":\"sq-AL\",\"potentialAction\":[{\"@type\":\"ReadAction\",\"target\":[\"https:\\\/\\\/fjala.info\\\/2009-2015\\\/incidenti-ne-radushe-i-4-terti-i-vrare-kreu-i-ak-bdsh-skenar-i-pergatitur\\\/\"]}]},{\"@type\":\"ImageObject\",\"inLanguage\":\"sq-AL\",\"@id\":\"https:\\\/\\\/fjala.info\\\/2009-2015\\\/incidenti-ne-radushe-i-4-terti-i-vrare-kreu-i-ak-bdsh-skenar-i-pergatitur\\\/#primaryimage\",\"url\":\"http:\\\/\\\/www.shkoder.net\\\/images\\\/fjala\\\/2010\\\/kreu_ak.jpg\",\"contentUrl\":\"http:\\\/\\\/www.shkoder.net\\\/images\\\/fjala\\\/2010\\\/kreu_ak.jpg\"},{\"@type\":\"BreadcrumbList\",\"@id\":\"https:\\\/\\\/fjala.info\\\/2009-2015\\\/incidenti-ne-radushe-i-4-terti-i-vrare-kreu-i-ak-bdsh-skenar-i-pergatitur\\\/#breadcrumb\",\"itemListElement\":[{\"@type\":\"ListItem\",\"position\":1,\"name\":\"Home\",\"item\":\"https:\\\/\\\/fjala.info\\\/2009-2015\\\/\"},{\"@type\":\"ListItem\",\"position\":2,\"name\":\"Incidenti n\u00eb Radush\u00eb, i 4-t\u00ebrti i vrar\u00eb, kreu i AK BDSH: Skenar i p\u00ebrgatitur\"}]},{\"@type\":\"WebSite\",\"@id\":\"https:\\\/\\\/fjala.info\\\/2009-2015\\\/#website\",\"url\":\"https:\\\/\\\/fjala.info\\\/2009-2015\\\/\",\"name\":\"FjALA e LIR\u00cb - Arkivi\",\"description\":\"Arkivi 2009-2015\",\"publisher\":{\"@id\":\"https:\\\/\\\/fjala.info\\\/2009-2015\\\/#organization\"},\"potentialAction\":[{\"@type\":\"SearchAction\",\"target\":{\"@type\":\"EntryPoint\",\"urlTemplate\":\"https:\\\/\\\/fjala.info\\\/2009-2015\\\/?s={search_term_string}\"},\"query-input\":{\"@type\":\"PropertyValueSpecification\",\"valueRequired\":true,\"valueName\":\"search_term_string\"}}],\"inLanguage\":\"sq-AL\"},{\"@type\":\"Organization\",\"@id\":\"https:\\\/\\\/fjala.info\\\/2009-2015\\\/#organization\",\"name\":\"FjALA e LIR\u00cb - Arkivi\",\"url\":\"https:\\\/\\\/fjala.info\\\/2009-2015\\\/\",\"logo\":{\"@type\":\"ImageObject\",\"inLanguage\":\"sq-AL\",\"@id\":\"https:\\\/\\\/fjala.info\\\/2009-2015\\\/#\\\/schema\\\/logo\\\/image\\\/\",\"url\":\"\",\"contentUrl\":\"\",\"caption\":\"FjALA e LIR\u00cb - Arkivi\"},\"image\":{\"@id\":\"https:\\\/\\\/fjala.info\\\/2009-2015\\\/#\\\/schema\\\/logo\\\/image\\\/\"}},{\"@type\":\"Person\",\"@id\":\"https:\\\/\\\/fjala.info\\\/2009-2015\\\/#\\\/schema\\\/person\\\/3aa1163ef05469c496fc94e77611ada2\",\"name\":\"admin\",\"image\":{\"@type\":\"ImageObject\",\"inLanguage\":\"sq-AL\",\"@id\":\"https:\\\/\\\/fjala.info\\\/2009-2015\\\/wp-content\\\/uploads\\\/2012\\\/02\\\/arben_cokaj-120x150.jpg\",\"url\":\"https:\\\/\\\/fjala.info\\\/2009-2015\\\/wp-content\\\/uploads\\\/2012\\\/02\\\/arben_cokaj-120x150.jpg\",\"contentUrl\":\"https:\\\/\\\/fjala.info\\\/2009-2015\\\/wp-content\\\/uploads\\\/2012\\\/02\\\/arben_cokaj-120x150.jpg\",\"caption\":\"admin\"},\"description\":\"Admin, Fjala e Lir\u00eb\",\"sameAs\":[\"https:\\\/\\\/fjala.info\\\/\"],\"url\":\"https:\\\/\\\/fjala.info\\\/2009-2015\\\/author\\\/admin\\\/\"}]}<\/script>\n<!-- \/ Yoast SEO plugin. -->","yoast_head_json":{"title":"Incidenti n\u00eb Radush\u00eb, i 4-t\u00ebrti i vrar\u00eb, kreu i AK BDSH: Skenar i p\u00ebrgatitur - FjALA e LIR\u00cb - Arkivi","robots":{"index":"index","follow":"follow","max-snippet":"max-snippet:-1","max-image-preview":"max-image-preview:large","max-video-preview":"max-video-preview:-1"},"canonical":"https:\/\/fjala.info\/2009-2015\/incidenti-ne-radushe-i-4-terti-i-vrare-kreu-i-ak-bdsh-skenar-i-pergatitur\/","og_locale":"sq_AL","og_type":"article","og_title":"Incidenti n\u00eb Radush\u00eb, i 4-t\u00ebrti i vrar\u00eb, kreu i AK BDSH: Skenar i p\u00ebrgatitur - FjALA e LIR\u00cb - Arkivi","og_description":"SHKUP &#8211; Personi i kat\u00ebrt q\u00eb mbeti i vrare n\u00eb incidentin e s\u00eb m\u00ebrkur\u00ebs n\u00eb fshatin Radush\u00eb t\u00eb Shkupit \u00ebsht\u00eb identifikuar. Sipas agjencise se lajmeve rajonale, ai quhet Harun Aliu, i njohur si komandant Kushtrimi, i cili ka qene edhe kryetar i partise Alternativa Kombetare (AK). Trupi i tij i pajet\u00eb i eshte dorezuar mbr\u00ebm\u00eb [&hellip;]","og_url":"https:\/\/fjala.info\/2009-2015\/incidenti-ne-radushe-i-4-terti-i-vrare-kreu-i-ak-bdsh-skenar-i-pergatitur\/","og_site_name":"FjALA e LIR\u00cb - Arkivi","article_published_time":"2010-05-13T16:54:08+00:00","og_image":[{"url":"http:\/\/www.shkoder.net\/images\/fjala\/2010\/kreu_ak.jpg","type":"","width":"","height":""}],"author":"admin","twitter_card":"summary_large_image","twitter_misc":{"Written by":"admin","Est. reading time":"3 minutes"},"schema":{"@context":"https:\/\/schema.org","@graph":[{"@type":"Article","@id":"https:\/\/fjala.info\/2009-2015\/incidenti-ne-radushe-i-4-terti-i-vrare-kreu-i-ak-bdsh-skenar-i-pergatitur\/#article","isPartOf":{"@id":"https:\/\/fjala.info\/2009-2015\/incidenti-ne-radushe-i-4-terti-i-vrare-kreu-i-ak-bdsh-skenar-i-pergatitur\/"},"author":{"name":"admin","@id":"https:\/\/fjala.info\/2009-2015\/#\/schema\/person\/3aa1163ef05469c496fc94e77611ada2"},"headline":"Incidenti n\u00eb Radush\u00eb, i 4-t\u00ebrti i vrar\u00eb, kreu i AK BDSH: Skenar i p\u00ebrgatitur","datePublished":"2010-05-13T16:54:08+00:00","mainEntityOfPage":{"@id":"https:\/\/fjala.info\/2009-2015\/incidenti-ne-radushe-i-4-terti-i-vrare-kreu-i-ak-bdsh-skenar-i-pergatitur\/"},"wordCount":655,"commentCount":0,"publisher":{"@id":"https:\/\/fjala.info\/2009-2015\/#organization"},"image":{"@id":"https:\/\/fjala.info\/2009-2015\/incidenti-ne-radushe-i-4-terti-i-vrare-kreu-i-ak-bdsh-skenar-i-pergatitur\/#primaryimage"},"thumbnailUrl":"http:\/\/www.shkoder.net\/images\/fjala\/2010\/kreu_ak.jpg","articleSection":["Artikuj"],"inLanguage":"sq-AL","potentialAction":[{"@type":"CommentAction","name":"Comment","target":["https:\/\/fjala.info\/2009-2015\/incidenti-ne-radushe-i-4-terti-i-vrare-kreu-i-ak-bdsh-skenar-i-pergatitur\/#respond"]}]},{"@type":"WebPage","@id":"https:\/\/fjala.info\/2009-2015\/incidenti-ne-radushe-i-4-terti-i-vrare-kreu-i-ak-bdsh-skenar-i-pergatitur\/","url":"https:\/\/fjala.info\/2009-2015\/incidenti-ne-radushe-i-4-terti-i-vrare-kreu-i-ak-bdsh-skenar-i-pergatitur\/","name":"Incidenti n\u00eb Radush\u00eb, i 4-t\u00ebrti i vrar\u00eb, kreu i AK BDSH: Skenar i p\u00ebrgatitur - FjALA e LIR\u00cb - Arkivi","isPartOf":{"@id":"https:\/\/fjala.info\/2009-2015\/#website"},"primaryImageOfPage":{"@id":"https:\/\/fjala.info\/2009-2015\/incidenti-ne-radushe-i-4-terti-i-vrare-kreu-i-ak-bdsh-skenar-i-pergatitur\/#primaryimage"},"image":{"@id":"https:\/\/fjala.info\/2009-2015\/incidenti-ne-radushe-i-4-terti-i-vrare-kreu-i-ak-bdsh-skenar-i-pergatitur\/#primaryimage"},"thumbnailUrl":"http:\/\/www.shkoder.net\/images\/fjala\/2010\/kreu_ak.jpg","datePublished":"2010-05-13T16:54:08+00:00","breadcrumb":{"@id":"https:\/\/fjala.info\/2009-2015\/incidenti-ne-radushe-i-4-terti-i-vrare-kreu-i-ak-bdsh-skenar-i-pergatitur\/#breadcrumb"},"inLanguage":"sq-AL","potentialAction":[{"@type":"ReadAction","target":["https:\/\/fjala.info\/2009-2015\/incidenti-ne-radushe-i-4-terti-i-vrare-kreu-i-ak-bdsh-skenar-i-pergatitur\/"]}]},{"@type":"ImageObject","inLanguage":"sq-AL","@id":"https:\/\/fjala.info\/2009-2015\/incidenti-ne-radushe-i-4-terti-i-vrare-kreu-i-ak-bdsh-skenar-i-pergatitur\/#primaryimage","url":"http:\/\/www.shkoder.net\/images\/fjala\/2010\/kreu_ak.jpg","contentUrl":"http:\/\/www.shkoder.net\/images\/fjala\/2010\/kreu_ak.jpg"},{"@type":"BreadcrumbList","@id":"https:\/\/fjala.info\/2009-2015\/incidenti-ne-radushe-i-4-terti-i-vrare-kreu-i-ak-bdsh-skenar-i-pergatitur\/#breadcrumb","itemListElement":[{"@type":"ListItem","position":1,"name":"Home","item":"https:\/\/fjala.info\/2009-2015\/"},{"@type":"ListItem","position":2,"name":"Incidenti n\u00eb Radush\u00eb, i 4-t\u00ebrti i vrar\u00eb, kreu i AK BDSH: Skenar i p\u00ebrgatitur"}]},{"@type":"WebSite","@id":"https:\/\/fjala.info\/2009-2015\/#website","url":"https:\/\/fjala.info\/2009-2015\/","name":"FjALA e LIR\u00cb - Arkivi","description":"Arkivi 2009-2015","publisher":{"@id":"https:\/\/fjala.info\/2009-2015\/#organization"},"potentialAction":[{"@type":"SearchAction","target":{"@type":"EntryPoint","urlTemplate":"https:\/\/fjala.info\/2009-2015\/?s={search_term_string}"},"query-input":{"@type":"PropertyValueSpecification","valueRequired":true,"valueName":"search_term_string"}}],"inLanguage":"sq-AL"},{"@type":"Organization","@id":"https:\/\/fjala.info\/2009-2015\/#organization","name":"FjALA e LIR\u00cb - Arkivi","url":"https:\/\/fjala.info\/2009-2015\/","logo":{"@type":"ImageObject","inLanguage":"sq-AL","@id":"https:\/\/fjala.info\/2009-2015\/#\/schema\/logo\/image\/","url":"","contentUrl":"","caption":"FjALA e LIR\u00cb - Arkivi"},"image":{"@id":"https:\/\/fjala.info\/2009-2015\/#\/schema\/logo\/image\/"}},{"@type":"Person","@id":"https:\/\/fjala.info\/2009-2015\/#\/schema\/person\/3aa1163ef05469c496fc94e77611ada2","name":"admin","image":{"@type":"ImageObject","inLanguage":"sq-AL","@id":"https:\/\/fjala.info\/2009-2015\/wp-content\/uploads\/2012\/02\/arben_cokaj-120x150.jpg","url":"https:\/\/fjala.info\/2009-2015\/wp-content\/uploads\/2012\/02\/arben_cokaj-120x150.jpg","contentUrl":"https:\/\/fjala.info\/2009-2015\/wp-content\/uploads\/2012\/02\/arben_cokaj-120x150.jpg","caption":"admin"},"description":"Admin, Fjala e Lir\u00eb","sameAs":["https:\/\/fjala.info\/"],"url":"https:\/\/fjala.info\/2009-2015\/author\/admin\/"}]}},"_links":{"self":[{"href":"https:\/\/fjala.info\/2009-2015\/wp-json\/wp\/v2\/posts\/2623","targetHints":{"allow":["GET"]}}],"collection":[{"href":"https:\/\/fjala.info\/2009-2015\/wp-json\/wp\/v2\/posts"}],"about":[{"href":"https:\/\/fjala.info\/2009-2015\/wp-json\/wp\/v2\/types\/post"}],"author":[{"embeddable":true,"href":"https:\/\/fjala.info\/2009-2015\/wp-json\/wp\/v2\/users\/1"}],"replies":[{"embeddable":true,"href":"https:\/\/fjala.info\/2009-2015\/wp-json\/wp\/v2\/comments?post=2623"}],"version-history":[{"count":0,"href":"https:\/\/fjala.info\/2009-2015\/wp-json\/wp\/v2\/posts\/2623\/revisions"}],"wp:attachment":[{"href":"https:\/\/fjala.info\/2009-2015\/wp-json\/wp\/v2\/media?parent=2623"}],"wp:term":[{"taxonomy":"category","embeddable":true,"href":"https:\/\/fjala.info\/2009-2015\/wp-json\/wp\/v2\/categories?post=2623"},{"taxonomy":"post_tag","embeddable":true,"href":"https:\/\/fjala.info\/2009-2015\/wp-json\/wp\/v2\/tags?post=2623"}],"curies":[{"name":"wp","href":"https:\/\/api.w.org\/{rel}","templated":true}]}}