{"id":2621,"date":"2010-05-13T09:08:04","date_gmt":"2010-05-13T08:08:04","guid":{"rendered":"http:\/\/fjala.shkoder.net\/?p=2621"},"modified":"2010-05-13T09:08:04","modified_gmt":"2010-05-13T08:08:04","slug":"shperfillja-e-drames-se-grevisteve-gabim-i-rende","status":"publish","type":"post","link":"https:\/\/fjala.info\/2009-2015\/shperfillja-e-drames-se-grevisteve-gabim-i-rende\/","title":{"rendered":"Shp\u00ebrfillja e dram\u00ebs s\u00eb grevist\u00ebve, gabim i r\u00ebnd\u00eb"},"content":{"rendered":"<p><strong>Prof. Dr. Rami Memushaj<\/strong>, <em>13.05.2010<\/em><\/p>\n<p><strong>Po b\u00ebhen dit\u00eb q\u00eb duket sikur shteti nuk ekziston m\u00eb<\/strong>.<\/p>\n<p>Sh\u00ebtitorja &#8220;D\u00ebshmor\u00ebt e Kombit&#8221; prej dy jav\u00ebsh \u00ebsht\u00eb kthyer n\u00eb nj\u00eb sken\u00eb ku, n\u00ebn dritaret e zyr\u00ebs s\u00eb kryeministrit dhe t\u00eb kryetares s\u00eb Kuvendit Popullor, po luhet nj\u00eb dram\u00eb e dhimbshme e m\u00eb shum\u00eb se 200 njer\u00ebzve, burra e gra, t\u00eb cil\u00ebt jan\u00eb hedhur n\u00eb nj\u00eb grev\u00eb urie.<\/p>\n<p>Dhe greva e tyre po arrin n\u00eb kufijt\u00eb e q\u00ebndres\u00ebs fizike njer\u00ebzore. Ve\u00e7 mitingjeve t\u00eb p\u00ebrditshme n\u00eb k\u00ebt\u00eb sh\u00ebtitore, ku mblidhen mij\u00ebra qytetar\u00eb nga t\u00eb gjitha an\u00ebt e vendit, protestues nga veriu n\u00eb jug po bllokojn\u00eb rrug\u00ebt komb\u00ebtare.<\/p>\n<p>Dhe n\u00eb nj\u00eb situat\u00eb t\u00eb till\u00eb t\u00eb nder\u00eb kryeministri i vendit po bredh fshatrave t\u00eb Veriut me g\u00ebrsh\u00ebr\u00eb n\u00eb xhep p\u00ebr t\u00eb prer\u00eb shirita p\u00ebrurimesh.<\/p>\n<p>Nj\u00eblloj si paraardh\u00ebsi i tij Ramiz Alia, q\u00eb endej maleve t\u00eb Veriut p\u00ebr t\u00eb trumbetuar arritjet e socializmit n\u00eb nj\u00eb koh\u00eb kur sistemit monist i kishte ardhur fundi, edhe kryeministri yn\u00eb k\u00ebrkon t&#8217;i shmanget realitetit, duke b\u00ebr\u00eb sikur \u00e7do gj\u00eb \u00ebsht\u00eb normale.<br \/>\nShp\u00ebrfillja e gjith\u00eb k\u00ebtyre q\u00eb po ndodhin \u00ebsht\u00eb me shum\u00eb rrezik.<\/p>\n<p>Zoti Berisha nuk duhet ta ket\u00eb harruar se shembja e shtetit m\u00eb 1997-\u00ebn ndodhi pik\u00ebrisht se ai i n\u00ebnvler\u00ebsoi protestat paq\u00ebsore t\u00eb qytetar\u00ebve dhe k\u00ebrkes\u00ebn e grevist\u00ebve t\u00eb uris\u00eb p\u00ebr dor\u00ebheqjen e kryeministrit t\u00eb asaj kohe. Duke mos i dh\u00ebn\u00eb zgjidhje t\u00eb shpejt\u00eb dhe t\u00eb arsyeshme problemit, ai ndoqi rrug\u00ebn e dhun\u00ebs, q\u00eb \u00e7oi n\u00eb shembjen e shtetit.<\/p>\n<p>P\u00ebr nj\u00eb kryeminist\u00ebr nuk \u00ebsht\u00eb men\u00e7uri politike t\u00eb injoroj\u00eb nj\u00eb dram\u00eb q\u00eb po ndodh me jet\u00ebt e dyqind e ca vet\u00ebve posht\u00eb dritareve t\u00eb zyr\u00ebs s\u00eb tij.<\/p>\n<p>Nga pik\u00ebpamja humane, kjo pashpirt\u00ebsi nuk i ka hije si njeri, si prind, si mjek dhe si politikan q\u00eb \u00ebsht\u00eb betuar para Kushtetut\u00ebs t&#8217;i sh\u00ebrbej\u00eb popullit. \u00cbsht\u00eb pik\u00ebrisht ai dhe jo kush tjet\u00ebr q\u00eb duhet t&#8217;i jap\u00eb zgjidhje situat\u00ebs: ose t&#8217;i jap\u00eb fund grev\u00ebs duke i nxjerr\u00eb grevist\u00ebt nga \u00e7adrat, ose t\u00eb ulet n\u00eb bisedime me opozit\u00ebn.<\/p>\n<p>Rruga e mesme q\u00eb ka zgjedhur kryeministri, duke shpresuar n\u00eb dor\u00ebzimin e grevist\u00ebve dhe t\u00eb opozit\u00ebs, mbart rreziqe t\u00eb paparashikuara.<br \/>\nPersonalizimi i konfliktit politik, duke e k\u00ebrkuar burimin e s\u00eb keqes te kreu i opozit\u00ebs, \u00ebsht\u00eb nj\u00eb thjesht\u00ebzim folklorik i problematik\u00ebs.<\/p>\n<p>Problematika \u00ebsht\u00eb shum\u00eb m\u00eb e thell\u00eb se nj\u00eb konflikt midis dy individ\u00ebsh. Opozita, radh\u00ebt e s\u00eb cil\u00ebs jan\u00eb shtuar edhe me p\u00ebrfaq\u00ebsues t\u00eb s\u00eb djatht\u00ebs, nuk mund t\u00eb injorohet.<\/p>\n<p>E mir\u00eb ose e keqe, kjo \u00ebsht\u00eb opozita dhe shumic\u00ebs q\u00eb qeveris i bie barra t\u00eb merret vesh pik\u00ebrisht me k\u00ebt\u00eb opozit\u00eb. Nuk mund t\u00eb ket\u00eb t\u00eb ardhme vendi pa opozit\u00eb dhe pa e d\u00ebgjuar opozit\u00ebn. N\u00eb asnj\u00eb vend demokratik nuk ndodh e as ka ndodhur q\u00eb pozita qeveris\u00ebse ta modeloj\u00eb opozit\u00ebn sipas d\u00ebshirave t\u00eb veta. Kjo mund t\u00eb ndodh\u00eb n\u00eb regjime q\u00eb shtiren si demokratike, t\u00eb cilat e duan opozit\u00ebn si fasad\u00eb.<\/p>\n<p>Duke huazuar sjellje dhe propaganda t\u00eb diktaturave fashiste e komuniste, si antimitingjet alla-Ramiz Alia dhe protestimet alla-gjeneral gramafoni t\u00eb grave &#8220;demokrate&#8221;, t\u00eb grupeve t\u00eb t\u00eb p\u00ebrndjekurve e t\u00eb lloj-lloj grupeve t\u00eb nxitura, letrat e porositura t\u00eb intelektual\u00ebve q\u00eb jan\u00eb v\u00ebn\u00eb n\u00eb rresht, deklarimet agresive t\u00eb z\u00ebdh\u00ebn\u00ebsve e t\u00eb tellall\u00ebve t\u00eb shtetit etj., kryeministri po e shp\u00ebrfytyron qeverisjen duke i dh\u00ebn\u00eb asaj nj\u00eb natyr\u00eb fashistoide.<br \/>\nVeprime t\u00eb tilla q\u00eb nuk i shkojn\u00eb nj\u00eb shteti demokratik, nuk b\u00ebjn\u00eb gj\u00eb tjet\u00ebr ve\u00e7se e p\u00ebr\u00e7ajn\u00eb skajshm\u00ebrisht shoq\u00ebrin\u00eb shqiptare edhe deri tani t\u00eb shk\u00ebrmoqur.<\/p>\n<p>Po m\u00eb e keqja \u00ebsht\u00eb se k\u00ebto veprime e p\u00ebrkeq\u00ebsojn\u00eb edhe m\u00eb shum\u00eb gjendjen. Pra, shp\u00ebrfillja e dram\u00ebs n\u00eb sh\u00ebtitoren &#8220;D\u00ebshmor\u00ebt e Kombit&#8221; \u00ebsht\u00eb nj\u00eb gabim i r\u00ebnd\u00eb.<\/p>\n<p>Ashti si injorimi i grev\u00ebs dhe i protestave t\u00eb qindra mij\u00ebra qytetar\u00ebve nga t\u00eb kat\u00ebr an\u00ebt e vendit, edhe tregimi i muskujve duke keqp\u00ebrdorur policin\u00eb, forcat e nd\u00ebrhyrjes s\u00eb shpejt\u00eb etj., nuk kan\u00eb rezultat tjet\u00ebr ve\u00e7se acarimin e situat\u00ebs. Protestat jan\u00eb paq\u00ebsore, por provokimi i protestuesve me an\u00eb t\u00eb forcave t\u00eb rendit dhe duke p\u00ebrdorur lloj-lloj m\u00ebnyrash t\u00eb tjera, mund ta p\u00ebrkeq\u00ebsoj\u00eb gjendjen.<\/p>\n<p>Duke vepruar n\u00eb k\u00ebt\u00eb m\u00ebnyr\u00eb, \u00ebsht\u00eb si t&#8217;i hedh\u00ebsh benzin\u00eb zjarrit. P\u00ebrdorimi i dhun\u00ebs kund\u00ebr protestuesve paq\u00ebsor\u00eb (ka muaj q\u00eb protestohet, po nuk \u00ebsht\u00eb thyer asnj\u00eb xham) do t\u00eb ket\u00eb si produkt vet\u00ebm rr\u00ebnimin e autoritetit t\u00eb shtetit, edhe k\u00ebshtu shum\u00eb t\u00eb brisht\u00eb.<\/p>\n<p>Ve\u00e7 k\u00ebsaj, t\u00eb mos harrohet edhe nj\u00eb rrethan\u00eb tjet\u00ebr: jemi nj\u00eb vend i vog\u00ebl, me lidhje t\u00eb shumta historike, miq\u00ebsie, krushqie, shoq\u00ebrore midis krahinave, ndryshe \u00e7far\u00eb mendojn\u00eb disa. K\u00ebto lidhje i paralizojn\u00eb edhe forcat e rendit, t\u00eb cilat nuk mund t\u00eb veprojn\u00eb si simotrat e tyre n\u00eb Greqi, Itali etj.<\/p>\n<p>Kjo qe edhe arsyeja pse u shemb shteti m\u00eb 1997, kur ushtar\u00ebt dhe militant\u00ebt e d\u00ebrguar kund\u00ebr protestuesve zhvesh\u00ebn uniformat dhe hodh\u00ebn arm\u00ebt. Larg qoft\u00eb q\u00eb shteti t\u00eb shembet edhe nj\u00eb her\u00eb: kjo do t\u00eb ishte nj\u00eb katastrof\u00eb p\u00ebr vendin, q\u00eb nuk do t&#8217;i falej m\u00eb kryeministrit ton\u00eb. Prandaj k\u00ebsaj radhe duhet t&#8217;i b\u00ebj\u00eb mir\u00eb llogarit\u00eb dhe t&#8217;i jap\u00eb zgjidhje t\u00eb arsyeshme e t\u00eb urt\u00eb situat\u00ebs.<\/p>\n<p>Populli thot\u00eb: &#8220;Guri s&#8217;dredh, burri dredh&#8221;. Kuptimi i k\u00ebsaj shprehje \u00ebsht\u00eb q\u00eb, n\u00eb situata t\u00eb caktuara, nj\u00eb politikan i men\u00e7ur dhe largpam\u00ebs, duhet t&#8217;i rishikoj\u00eb q\u00ebndrimet, duke ndjekur rrug\u00ebn e arsyes. T\u00eb veprosh n\u00eb k\u00ebt\u00eb m\u00ebnyr\u00eb, \u00ebsht\u00eb burr\u00ebri dhe men\u00e7uri. T\u00eb udh\u00ebhiqesh nga pasionet dhe nga k\u00ebshillat e k\u00ebshilltar\u00ebve t\u00eb k\u00ebqinj nuk \u00ebsht\u00eb burr\u00ebri, po kryene\u00e7\u00ebsi dhe munges\u00eb men\u00e7urie.<\/p>\n<p>Ka ardhur \u00e7asti q\u00eb kryeministri yn\u00eb ta l\u00ebr\u00eb kryene\u00e7\u00ebsin\u00eb dhe t&#8217;i kthehet rrug\u00ebs s\u00eb urt\u00ebsis\u00eb. Dhe sa m\u00eb shpejt ta hedh\u00eb k\u00ebt\u00eb hap, aq m\u00eb mir\u00eb do t\u00eb jet\u00eb p\u00ebr t\u00eb dhe p\u00ebr t\u00eb gjith\u00eb Shqip\u00ebrin\u00eb.<\/p>\n","protected":false},"excerpt":{"rendered":"<p>Prof. Dr. Rami Memushaj, 13.05.2010 Po b\u00ebhen dit\u00eb q\u00eb duket sikur shteti nuk ekziston m\u00eb. Sh\u00ebtitorja &#8220;D\u00ebshmor\u00ebt e Kombit&#8221; prej dy jav\u00ebsh \u00ebsht\u00eb kthyer n\u00eb nj\u00eb sken\u00eb ku, n\u00ebn dritaret e zyr\u00ebs s\u00eb kryeministrit dhe t\u00eb kryetares s\u00eb Kuvendit Popullor, po luhet nj\u00eb dram\u00eb e dhimbshme e m\u00eb shum\u00eb se 200 njer\u00ebzve, burra e gra, [&hellip;]<\/p>\n","protected":false},"author":1,"featured_media":0,"comment_status":"open","ping_status":"closed","sticky":false,"template":"","format":"standard","meta":{"footnotes":""},"categories":[2],"tags":[],"class_list":{"0":"post-2621","1":"post","2":"type-post","3":"status-publish","4":"format-standard","6":"category-artikuj"},"yoast_head":"<!-- This site is optimized with the Yoast SEO plugin v27.4 - https:\/\/yoast.com\/product\/yoast-seo-wordpress\/ -->\n<title>Shp\u00ebrfillja e dram\u00ebs s\u00eb grevist\u00ebve, gabim i r\u00ebnd\u00eb - FjALA e LIR\u00cb - Arkivi<\/title>\n<meta name=\"robots\" content=\"index, follow, max-snippet:-1, max-image-preview:large, max-video-preview:-1\" \/>\n<link rel=\"canonical\" href=\"https:\/\/fjala.info\/2009-2015\/shperfillja-e-drames-se-grevisteve-gabim-i-rende\/\" \/>\n<meta property=\"og:locale\" content=\"sq_AL\" \/>\n<meta property=\"og:type\" content=\"article\" \/>\n<meta property=\"og:title\" content=\"Shp\u00ebrfillja e dram\u00ebs s\u00eb grevist\u00ebve, gabim i r\u00ebnd\u00eb - FjALA e LIR\u00cb - Arkivi\" \/>\n<meta property=\"og:description\" content=\"Prof. Dr. Rami Memushaj, 13.05.2010 Po b\u00ebhen dit\u00eb q\u00eb duket sikur shteti nuk ekziston m\u00eb. Sh\u00ebtitorja &#8220;D\u00ebshmor\u00ebt e Kombit&#8221; prej dy jav\u00ebsh \u00ebsht\u00eb kthyer n\u00eb nj\u00eb sken\u00eb ku, n\u00ebn dritaret e zyr\u00ebs s\u00eb kryeministrit dhe t\u00eb kryetares s\u00eb Kuvendit Popullor, po luhet nj\u00eb dram\u00eb e dhimbshme e m\u00eb shum\u00eb se 200 njer\u00ebzve, burra e gra, [&hellip;]\" \/>\n<meta property=\"og:url\" content=\"https:\/\/fjala.info\/2009-2015\/shperfillja-e-drames-se-grevisteve-gabim-i-rende\/\" \/>\n<meta property=\"og:site_name\" content=\"FjALA e LIR\u00cb - Arkivi\" \/>\n<meta property=\"article:published_time\" content=\"2010-05-13T08:08:04+00:00\" \/>\n<meta name=\"author\" content=\"admin\" \/>\n<meta name=\"twitter:card\" content=\"summary_large_image\" \/>\n<meta name=\"twitter:label1\" content=\"Written by\" \/>\n\t<meta name=\"twitter:data1\" content=\"admin\" \/>\n\t<meta name=\"twitter:label2\" content=\"Est. reading time\" \/>\n\t<meta name=\"twitter:data2\" content=\"5 minutes\" \/>\n<script type=\"application\/ld+json\" class=\"yoast-schema-graph\">{\"@context\":\"https:\\\/\\\/schema.org\",\"@graph\":[{\"@type\":\"Article\",\"@id\":\"https:\\\/\\\/fjala.info\\\/2009-2015\\\/shperfillja-e-drames-se-grevisteve-gabim-i-rende\\\/#article\",\"isPartOf\":{\"@id\":\"https:\\\/\\\/fjala.info\\\/2009-2015\\\/shperfillja-e-drames-se-grevisteve-gabim-i-rende\\\/\"},\"author\":{\"name\":\"admin\",\"@id\":\"https:\\\/\\\/fjala.info\\\/2009-2015\\\/#\\\/schema\\\/person\\\/3aa1163ef05469c496fc94e77611ada2\"},\"headline\":\"Shp\u00ebrfillja e dram\u00ebs s\u00eb grevist\u00ebve, gabim i r\u00ebnd\u00eb\",\"datePublished\":\"2010-05-13T08:08:04+00:00\",\"mainEntityOfPage\":{\"@id\":\"https:\\\/\\\/fjala.info\\\/2009-2015\\\/shperfillja-e-drames-se-grevisteve-gabim-i-rende\\\/\"},\"wordCount\":1093,\"commentCount\":0,\"publisher\":{\"@id\":\"https:\\\/\\\/fjala.info\\\/2009-2015\\\/#organization\"},\"articleSection\":[\"Artikuj\"],\"inLanguage\":\"sq-AL\",\"potentialAction\":[{\"@type\":\"CommentAction\",\"name\":\"Comment\",\"target\":[\"https:\\\/\\\/fjala.info\\\/2009-2015\\\/shperfillja-e-drames-se-grevisteve-gabim-i-rende\\\/#respond\"]}]},{\"@type\":\"WebPage\",\"@id\":\"https:\\\/\\\/fjala.info\\\/2009-2015\\\/shperfillja-e-drames-se-grevisteve-gabim-i-rende\\\/\",\"url\":\"https:\\\/\\\/fjala.info\\\/2009-2015\\\/shperfillja-e-drames-se-grevisteve-gabim-i-rende\\\/\",\"name\":\"Shp\u00ebrfillja e dram\u00ebs s\u00eb grevist\u00ebve, gabim i r\u00ebnd\u00eb - FjALA e LIR\u00cb - Arkivi\",\"isPartOf\":{\"@id\":\"https:\\\/\\\/fjala.info\\\/2009-2015\\\/#website\"},\"datePublished\":\"2010-05-13T08:08:04+00:00\",\"breadcrumb\":{\"@id\":\"https:\\\/\\\/fjala.info\\\/2009-2015\\\/shperfillja-e-drames-se-grevisteve-gabim-i-rende\\\/#breadcrumb\"},\"inLanguage\":\"sq-AL\",\"potentialAction\":[{\"@type\":\"ReadAction\",\"target\":[\"https:\\\/\\\/fjala.info\\\/2009-2015\\\/shperfillja-e-drames-se-grevisteve-gabim-i-rende\\\/\"]}]},{\"@type\":\"BreadcrumbList\",\"@id\":\"https:\\\/\\\/fjala.info\\\/2009-2015\\\/shperfillja-e-drames-se-grevisteve-gabim-i-rende\\\/#breadcrumb\",\"itemListElement\":[{\"@type\":\"ListItem\",\"position\":1,\"name\":\"Home\",\"item\":\"https:\\\/\\\/fjala.info\\\/2009-2015\\\/\"},{\"@type\":\"ListItem\",\"position\":2,\"name\":\"Shp\u00ebrfillja e dram\u00ebs s\u00eb grevist\u00ebve, gabim i r\u00ebnd\u00eb\"}]},{\"@type\":\"WebSite\",\"@id\":\"https:\\\/\\\/fjala.info\\\/2009-2015\\\/#website\",\"url\":\"https:\\\/\\\/fjala.info\\\/2009-2015\\\/\",\"name\":\"FjALA e LIR\u00cb - Arkivi\",\"description\":\"Arkivi 2009-2015\",\"publisher\":{\"@id\":\"https:\\\/\\\/fjala.info\\\/2009-2015\\\/#organization\"},\"potentialAction\":[{\"@type\":\"SearchAction\",\"target\":{\"@type\":\"EntryPoint\",\"urlTemplate\":\"https:\\\/\\\/fjala.info\\\/2009-2015\\\/?s={search_term_string}\"},\"query-input\":{\"@type\":\"PropertyValueSpecification\",\"valueRequired\":true,\"valueName\":\"search_term_string\"}}],\"inLanguage\":\"sq-AL\"},{\"@type\":\"Organization\",\"@id\":\"https:\\\/\\\/fjala.info\\\/2009-2015\\\/#organization\",\"name\":\"FjALA e LIR\u00cb - Arkivi\",\"url\":\"https:\\\/\\\/fjala.info\\\/2009-2015\\\/\",\"logo\":{\"@type\":\"ImageObject\",\"inLanguage\":\"sq-AL\",\"@id\":\"https:\\\/\\\/fjala.info\\\/2009-2015\\\/#\\\/schema\\\/logo\\\/image\\\/\",\"url\":\"\",\"contentUrl\":\"\",\"caption\":\"FjALA e LIR\u00cb - Arkivi\"},\"image\":{\"@id\":\"https:\\\/\\\/fjala.info\\\/2009-2015\\\/#\\\/schema\\\/logo\\\/image\\\/\"}},{\"@type\":\"Person\",\"@id\":\"https:\\\/\\\/fjala.info\\\/2009-2015\\\/#\\\/schema\\\/person\\\/3aa1163ef05469c496fc94e77611ada2\",\"name\":\"admin\",\"image\":{\"@type\":\"ImageObject\",\"inLanguage\":\"sq-AL\",\"@id\":\"https:\\\/\\\/fjala.info\\\/2009-2015\\\/wp-content\\\/uploads\\\/2012\\\/02\\\/arben_cokaj-120x150.jpg\",\"url\":\"https:\\\/\\\/fjala.info\\\/2009-2015\\\/wp-content\\\/uploads\\\/2012\\\/02\\\/arben_cokaj-120x150.jpg\",\"contentUrl\":\"https:\\\/\\\/fjala.info\\\/2009-2015\\\/wp-content\\\/uploads\\\/2012\\\/02\\\/arben_cokaj-120x150.jpg\",\"caption\":\"admin\"},\"description\":\"Admin, Fjala e Lir\u00eb\",\"sameAs\":[\"https:\\\/\\\/fjala.info\\\/\"],\"url\":\"https:\\\/\\\/fjala.info\\\/2009-2015\\\/author\\\/admin\\\/\"}]}<\/script>\n<!-- \/ Yoast SEO plugin. -->","yoast_head_json":{"title":"Shp\u00ebrfillja e dram\u00ebs s\u00eb grevist\u00ebve, gabim i r\u00ebnd\u00eb - FjALA e LIR\u00cb - Arkivi","robots":{"index":"index","follow":"follow","max-snippet":"max-snippet:-1","max-image-preview":"max-image-preview:large","max-video-preview":"max-video-preview:-1"},"canonical":"https:\/\/fjala.info\/2009-2015\/shperfillja-e-drames-se-grevisteve-gabim-i-rende\/","og_locale":"sq_AL","og_type":"article","og_title":"Shp\u00ebrfillja e dram\u00ebs s\u00eb grevist\u00ebve, gabim i r\u00ebnd\u00eb - FjALA e LIR\u00cb - Arkivi","og_description":"Prof. Dr. Rami Memushaj, 13.05.2010 Po b\u00ebhen dit\u00eb q\u00eb duket sikur shteti nuk ekziston m\u00eb. Sh\u00ebtitorja &#8220;D\u00ebshmor\u00ebt e Kombit&#8221; prej dy jav\u00ebsh \u00ebsht\u00eb kthyer n\u00eb nj\u00eb sken\u00eb ku, n\u00ebn dritaret e zyr\u00ebs s\u00eb kryeministrit dhe t\u00eb kryetares s\u00eb Kuvendit Popullor, po luhet nj\u00eb dram\u00eb e dhimbshme e m\u00eb shum\u00eb se 200 njer\u00ebzve, burra e gra, [&hellip;]","og_url":"https:\/\/fjala.info\/2009-2015\/shperfillja-e-drames-se-grevisteve-gabim-i-rende\/","og_site_name":"FjALA e LIR\u00cb - Arkivi","article_published_time":"2010-05-13T08:08:04+00:00","author":"admin","twitter_card":"summary_large_image","twitter_misc":{"Written by":"admin","Est. reading time":"5 minutes"},"schema":{"@context":"https:\/\/schema.org","@graph":[{"@type":"Article","@id":"https:\/\/fjala.info\/2009-2015\/shperfillja-e-drames-se-grevisteve-gabim-i-rende\/#article","isPartOf":{"@id":"https:\/\/fjala.info\/2009-2015\/shperfillja-e-drames-se-grevisteve-gabim-i-rende\/"},"author":{"name":"admin","@id":"https:\/\/fjala.info\/2009-2015\/#\/schema\/person\/3aa1163ef05469c496fc94e77611ada2"},"headline":"Shp\u00ebrfillja e dram\u00ebs s\u00eb grevist\u00ebve, gabim i r\u00ebnd\u00eb","datePublished":"2010-05-13T08:08:04+00:00","mainEntityOfPage":{"@id":"https:\/\/fjala.info\/2009-2015\/shperfillja-e-drames-se-grevisteve-gabim-i-rende\/"},"wordCount":1093,"commentCount":0,"publisher":{"@id":"https:\/\/fjala.info\/2009-2015\/#organization"},"articleSection":["Artikuj"],"inLanguage":"sq-AL","potentialAction":[{"@type":"CommentAction","name":"Comment","target":["https:\/\/fjala.info\/2009-2015\/shperfillja-e-drames-se-grevisteve-gabim-i-rende\/#respond"]}]},{"@type":"WebPage","@id":"https:\/\/fjala.info\/2009-2015\/shperfillja-e-drames-se-grevisteve-gabim-i-rende\/","url":"https:\/\/fjala.info\/2009-2015\/shperfillja-e-drames-se-grevisteve-gabim-i-rende\/","name":"Shp\u00ebrfillja e dram\u00ebs s\u00eb grevist\u00ebve, gabim i r\u00ebnd\u00eb - FjALA e LIR\u00cb - Arkivi","isPartOf":{"@id":"https:\/\/fjala.info\/2009-2015\/#website"},"datePublished":"2010-05-13T08:08:04+00:00","breadcrumb":{"@id":"https:\/\/fjala.info\/2009-2015\/shperfillja-e-drames-se-grevisteve-gabim-i-rende\/#breadcrumb"},"inLanguage":"sq-AL","potentialAction":[{"@type":"ReadAction","target":["https:\/\/fjala.info\/2009-2015\/shperfillja-e-drames-se-grevisteve-gabim-i-rende\/"]}]},{"@type":"BreadcrumbList","@id":"https:\/\/fjala.info\/2009-2015\/shperfillja-e-drames-se-grevisteve-gabim-i-rende\/#breadcrumb","itemListElement":[{"@type":"ListItem","position":1,"name":"Home","item":"https:\/\/fjala.info\/2009-2015\/"},{"@type":"ListItem","position":2,"name":"Shp\u00ebrfillja e dram\u00ebs s\u00eb grevist\u00ebve, gabim i r\u00ebnd\u00eb"}]},{"@type":"WebSite","@id":"https:\/\/fjala.info\/2009-2015\/#website","url":"https:\/\/fjala.info\/2009-2015\/","name":"FjALA e LIR\u00cb - Arkivi","description":"Arkivi 2009-2015","publisher":{"@id":"https:\/\/fjala.info\/2009-2015\/#organization"},"potentialAction":[{"@type":"SearchAction","target":{"@type":"EntryPoint","urlTemplate":"https:\/\/fjala.info\/2009-2015\/?s={search_term_string}"},"query-input":{"@type":"PropertyValueSpecification","valueRequired":true,"valueName":"search_term_string"}}],"inLanguage":"sq-AL"},{"@type":"Organization","@id":"https:\/\/fjala.info\/2009-2015\/#organization","name":"FjALA e LIR\u00cb - Arkivi","url":"https:\/\/fjala.info\/2009-2015\/","logo":{"@type":"ImageObject","inLanguage":"sq-AL","@id":"https:\/\/fjala.info\/2009-2015\/#\/schema\/logo\/image\/","url":"","contentUrl":"","caption":"FjALA e LIR\u00cb - Arkivi"},"image":{"@id":"https:\/\/fjala.info\/2009-2015\/#\/schema\/logo\/image\/"}},{"@type":"Person","@id":"https:\/\/fjala.info\/2009-2015\/#\/schema\/person\/3aa1163ef05469c496fc94e77611ada2","name":"admin","image":{"@type":"ImageObject","inLanguage":"sq-AL","@id":"https:\/\/fjala.info\/2009-2015\/wp-content\/uploads\/2012\/02\/arben_cokaj-120x150.jpg","url":"https:\/\/fjala.info\/2009-2015\/wp-content\/uploads\/2012\/02\/arben_cokaj-120x150.jpg","contentUrl":"https:\/\/fjala.info\/2009-2015\/wp-content\/uploads\/2012\/02\/arben_cokaj-120x150.jpg","caption":"admin"},"description":"Admin, Fjala e Lir\u00eb","sameAs":["https:\/\/fjala.info\/"],"url":"https:\/\/fjala.info\/2009-2015\/author\/admin\/"}]}},"_links":{"self":[{"href":"https:\/\/fjala.info\/2009-2015\/wp-json\/wp\/v2\/posts\/2621","targetHints":{"allow":["GET"]}}],"collection":[{"href":"https:\/\/fjala.info\/2009-2015\/wp-json\/wp\/v2\/posts"}],"about":[{"href":"https:\/\/fjala.info\/2009-2015\/wp-json\/wp\/v2\/types\/post"}],"author":[{"embeddable":true,"href":"https:\/\/fjala.info\/2009-2015\/wp-json\/wp\/v2\/users\/1"}],"replies":[{"embeddable":true,"href":"https:\/\/fjala.info\/2009-2015\/wp-json\/wp\/v2\/comments?post=2621"}],"version-history":[{"count":0,"href":"https:\/\/fjala.info\/2009-2015\/wp-json\/wp\/v2\/posts\/2621\/revisions"}],"wp:attachment":[{"href":"https:\/\/fjala.info\/2009-2015\/wp-json\/wp\/v2\/media?parent=2621"}],"wp:term":[{"taxonomy":"category","embeddable":true,"href":"https:\/\/fjala.info\/2009-2015\/wp-json\/wp\/v2\/categories?post=2621"},{"taxonomy":"post_tag","embeddable":true,"href":"https:\/\/fjala.info\/2009-2015\/wp-json\/wp\/v2\/tags?post=2621"}],"curies":[{"name":"wp","href":"https:\/\/api.w.org\/{rel}","templated":true}]}}