{"id":262,"date":"2011-11-20T09:20:29","date_gmt":"2011-11-20T08:20:29","guid":{"rendered":"http:\/\/fjala.shkoder.net\/?p=262"},"modified":"2011-11-20T09:20:29","modified_gmt":"2011-11-20T08:20:29","slug":"pse-nuk-flet-ilir-meta-per-miqte-e-arrestuar-per-korrupsion","status":"publish","type":"post","link":"https:\/\/fjala.info\/2009-2015\/pse-nuk-flet-ilir-meta-per-miqte-e-arrestuar-per-korrupsion\/","title":{"rendered":"Pse nuk flet Ilir Meta p\u00ebr miqt\u00eb e arrestuar p\u00ebr korrupsion?"},"content":{"rendered":"<p><img decoding=\"async\" class=\"alignright size-thumbnail wp-image-7236\" title=\"Ilir Meta &amp; co.\" src=\"http:\/\/www.shkoder.net\/images\/fjala\/2011\/meta_co.jpg\" alt=\"\" width=\"300\" \/><strong>TemA<\/strong>, <em>19 N\u00ebntor 2011<\/em><\/p>\n<p>Roland \u00c7elmeta vazhdon t\u00eb mbaj\u00eb detyrat partiake n\u00eb L\u00ebvizjen Socialiste p\u00ebr Integrim edhe pse tashm\u00eb \u00ebsht\u00eb n\u00ebn pranga si truri i vjedhjes me karburantet e pesh\u00ebn e ushqimeve n\u00eb Ministrin\u00eb e Ekonomis\u00eb ku ai punonte si zv\/drejtori i p\u00ebrgjithsh\u00ebm pran\u00eb drejtoris\u00eb s\u00eb Metrologjis\u00eb dhe Kalibrimit. Akoma s\u2019ka asnj\u00eb reagim dhe asnj\u00eb q\u00ebndrim nga kjo parti zyrtarisht dhe nga kreu i k\u00ebsaj partie Ilir Meta p\u00ebr at\u00eb \u00e7far\u00eb kan\u00eb b\u00ebr\u00eb drejtuesit e saj dhe t\u00eb pun\u00ebsuarit n\u00eb ministrin\u00eb e drejtuar nga LSI q\u00eb prej vitit 2009.<\/p>\n<p>Nd\u00ebrkoh\u00eb q\u00eb nj\u00eb grup an\u00ebtar\u00ebsh t\u00eb LSI-s\u00eb, t\u00eb pun\u00ebsuar aty jo p\u00ebr merita profesionale, por p\u00ebr p\u00ebrkat\u00ebsin\u00eb e tyre partiake, jan\u00eb n\u00eb burg p\u00ebr vjedhje t\u00eb \u201cxhepave\u201d t\u00eb shqiptareve duke i g\u00ebnjyer ata p\u00ebr ushqimet e karburantin, kjo parti nuk ka denjuar t\u00eb b\u00ebj\u00eb asnj\u00eb deklarat\u00eb p\u00ebr k\u00ebt\u00eb \u00e7\u00ebshtje, qoft\u00eb edhe nj\u00eb distancim sa p\u00ebr sy e faqe nga t\u00eb korruptuarit e nga korrupsioni.<\/p>\n<p>Asnj\u00eb deklarat\u00eb. Nd\u00ebrkoh\u00eb Ilir Meta, kreu i partis\u00eb, q\u00eb po p\u00ebrballet p\u00ebr veten e tij n\u00eb nj\u00eb gjyq me akuz\u00ebn p\u00ebr korrupsion pik\u00ebrisht k\u00ebto dit\u00eb po b\u00ebn takime partie me t\u00eb rinj e t\u00eb reja, duke mos folur fare p\u00ebr ato t\u00eb rinjt\u00eb q\u00eb ia jan\u00eb futur n\u00eb burg dhe q\u00eb ishin miqt\u00eb e tij. Nga ana tjet\u00ebr \u00ebsht\u00eb kujdesur q\u00eb edhe gjyqi i tyre t\u00eb shkoj\u00eb fjoll\u00eb e mos tu hyj\u00eb gjemb n\u00eb k\u00ebmb\u00eb duke autorizuar avokatin e tij personal n\u00eb mbrojtje t\u00eb nj\u00ebrit prej t\u00eb akuzuarve, nj\u00eb mik i vjet\u00ebr e financues i LSI-s\u00eb, Roland \u00c7elmet\u00ebs.<\/p>\n<p>\u00c7elmeta ka p\u00ebr avokat G\u00ebzim Veleshnjen, nj\u00eb prej avokat\u00ebve t\u00eb Ilir Met\u00ebs. Sipas njoftimit t\u00eb djesh\u00ebm t\u00eb LSI-s\u00eb, Meta b\u00ebri nj\u00eb takim me an\u00ebtar\u00ebt dhe simpatizant\u00ebt e L\u00ebvizjes Rinore p\u00ebr Integrim, nj\u00eb forum i LSI-s\u00eb ku \u00c7elmeta ishte drejtues. Duket se kjo gj\u00eb nuk i ka shqet\u00ebsuar t\u00eb rinjt\u00eb, t\u00eb cil\u00ebt kan\u00eb marr\u00eb p\u00ebrkrahje nga kryetari i partis\u00eb q\u00eb t\u00eb vazhdojn\u00eb t\u00eb militojn\u00eb n\u00eb k\u00ebt\u00eb parti se nj\u00eb dit\u00eb do t\u00eb \u201cshp\u00ebrblehen\u201d.<\/p>\n<p>\u201c\u00cbsht\u00eb forumi m\u00eb aktiv dhe q\u00eb p\u00ebrfaq\u00ebsohet n\u00eb m\u00ebnyr\u00eb dinjitoze jo vet\u00ebm n\u00eb strukturat e LSI-s\u00eb por edhe n\u00eb pushtetin vendor duke qen\u00eb pjes\u00eb e vendimmarrjes\u201d, tha Meta duke folur para tyre. Ai shtoi se \u201cun\u00eb mendoj q\u00eb ky \u00ebsht\u00eb nj\u00eb angazhim, i cili p\u00ebrfaq\u00ebson n\u00eb radh\u00eb t\u00eb par\u00eb nj\u00eb investim p\u00ebr t\u00eb gjith\u00eb ju, nj\u00eb investim p\u00ebr t\u00eb ardhmen tuaj\u201d.<\/p>\n","protected":false},"excerpt":{"rendered":"<p>TemA, 19 N\u00ebntor 2011 Roland \u00c7elmeta vazhdon t\u00eb mbaj\u00eb detyrat partiake n\u00eb L\u00ebvizjen Socialiste p\u00ebr Integrim edhe pse tashm\u00eb \u00ebsht\u00eb n\u00ebn pranga si truri i vjedhjes me karburantet e pesh\u00ebn e ushqimeve n\u00eb Ministrin\u00eb e Ekonomis\u00eb ku ai punonte si zv\/drejtori i p\u00ebrgjithsh\u00ebm pran\u00eb drejtoris\u00eb s\u00eb Metrologjis\u00eb dhe Kalibrimit. Akoma s\u2019ka asnj\u00eb reagim dhe asnj\u00eb [&hellip;]<\/p>\n","protected":false},"author":1,"featured_media":0,"comment_status":"open","ping_status":"closed","sticky":false,"template":"","format":"standard","meta":{"footnotes":""},"categories":[2,5],"tags":[],"class_list":{"0":"post-262","1":"post","2":"type-post","3":"status-publish","4":"format-standard","6":"category-artikuj","7":"category-lajme"},"yoast_head":"<!-- This site is optimized with the Yoast SEO plugin v27.4 - https:\/\/yoast.com\/product\/yoast-seo-wordpress\/ -->\n<title>Pse nuk flet Ilir Meta p\u00ebr miqt\u00eb e arrestuar p\u00ebr korrupsion? - FjALA e LIR\u00cb - Arkivi<\/title>\n<meta name=\"robots\" content=\"index, follow, max-snippet:-1, max-image-preview:large, max-video-preview:-1\" \/>\n<link rel=\"canonical\" href=\"https:\/\/fjala.info\/2009-2015\/pse-nuk-flet-ilir-meta-per-miqte-e-arrestuar-per-korrupsion\/\" \/>\n<meta property=\"og:locale\" content=\"sq_AL\" \/>\n<meta property=\"og:type\" content=\"article\" \/>\n<meta property=\"og:title\" content=\"Pse nuk flet Ilir Meta p\u00ebr miqt\u00eb e arrestuar p\u00ebr korrupsion? - FjALA e LIR\u00cb - Arkivi\" \/>\n<meta property=\"og:description\" content=\"TemA, 19 N\u00ebntor 2011 Roland \u00c7elmeta vazhdon t\u00eb mbaj\u00eb detyrat partiake n\u00eb L\u00ebvizjen Socialiste p\u00ebr Integrim edhe pse tashm\u00eb \u00ebsht\u00eb n\u00ebn pranga si truri i vjedhjes me karburantet e pesh\u00ebn e ushqimeve n\u00eb Ministrin\u00eb e Ekonomis\u00eb ku ai punonte si zv\/drejtori i p\u00ebrgjithsh\u00ebm pran\u00eb drejtoris\u00eb s\u00eb Metrologjis\u00eb dhe Kalibrimit. Akoma s\u2019ka asnj\u00eb reagim dhe asnj\u00eb [&hellip;]\" \/>\n<meta property=\"og:url\" content=\"https:\/\/fjala.info\/2009-2015\/pse-nuk-flet-ilir-meta-per-miqte-e-arrestuar-per-korrupsion\/\" \/>\n<meta property=\"og:site_name\" content=\"FjALA e LIR\u00cb - Arkivi\" \/>\n<meta property=\"article:published_time\" content=\"2011-11-20T08:20:29+00:00\" \/>\n<meta property=\"og:image\" content=\"http:\/\/www.shkoder.net\/images\/fjala\/2011\/meta_co.jpg\" \/>\n<meta name=\"author\" content=\"admin\" \/>\n<meta name=\"twitter:card\" content=\"summary_large_image\" \/>\n<meta name=\"twitter:label1\" content=\"Written by\" \/>\n\t<meta name=\"twitter:data1\" content=\"admin\" \/>\n\t<meta name=\"twitter:label2\" content=\"Est. reading time\" \/>\n\t<meta name=\"twitter:data2\" content=\"2 minutes\" \/>\n<script type=\"application\/ld+json\" class=\"yoast-schema-graph\">{\"@context\":\"https:\\\/\\\/schema.org\",\"@graph\":[{\"@type\":\"Article\",\"@id\":\"https:\\\/\\\/fjala.info\\\/2009-2015\\\/pse-nuk-flet-ilir-meta-per-miqte-e-arrestuar-per-korrupsion\\\/#article\",\"isPartOf\":{\"@id\":\"https:\\\/\\\/fjala.info\\\/2009-2015\\\/pse-nuk-flet-ilir-meta-per-miqte-e-arrestuar-per-korrupsion\\\/\"},\"author\":{\"name\":\"admin\",\"@id\":\"https:\\\/\\\/fjala.info\\\/2009-2015\\\/#\\\/schema\\\/person\\\/3aa1163ef05469c496fc94e77611ada2\"},\"headline\":\"Pse nuk flet Ilir Meta p\u00ebr miqt\u00eb e arrestuar p\u00ebr korrupsion?\",\"datePublished\":\"2011-11-20T08:20:29+00:00\",\"mainEntityOfPage\":{\"@id\":\"https:\\\/\\\/fjala.info\\\/2009-2015\\\/pse-nuk-flet-ilir-meta-per-miqte-e-arrestuar-per-korrupsion\\\/\"},\"wordCount\":461,\"commentCount\":0,\"publisher\":{\"@id\":\"https:\\\/\\\/fjala.info\\\/2009-2015\\\/#organization\"},\"image\":{\"@id\":\"https:\\\/\\\/fjala.info\\\/2009-2015\\\/pse-nuk-flet-ilir-meta-per-miqte-e-arrestuar-per-korrupsion\\\/#primaryimage\"},\"thumbnailUrl\":\"http:\\\/\\\/www.shkoder.net\\\/images\\\/fjala\\\/2011\\\/meta_co.jpg\",\"articleSection\":[\"Artikuj\",\"Lajme\"],\"inLanguage\":\"sq-AL\",\"potentialAction\":[{\"@type\":\"CommentAction\",\"name\":\"Comment\",\"target\":[\"https:\\\/\\\/fjala.info\\\/2009-2015\\\/pse-nuk-flet-ilir-meta-per-miqte-e-arrestuar-per-korrupsion\\\/#respond\"]}]},{\"@type\":\"WebPage\",\"@id\":\"https:\\\/\\\/fjala.info\\\/2009-2015\\\/pse-nuk-flet-ilir-meta-per-miqte-e-arrestuar-per-korrupsion\\\/\",\"url\":\"https:\\\/\\\/fjala.info\\\/2009-2015\\\/pse-nuk-flet-ilir-meta-per-miqte-e-arrestuar-per-korrupsion\\\/\",\"name\":\"Pse nuk flet Ilir Meta p\u00ebr miqt\u00eb e arrestuar p\u00ebr korrupsion? - FjALA e LIR\u00cb - Arkivi\",\"isPartOf\":{\"@id\":\"https:\\\/\\\/fjala.info\\\/2009-2015\\\/#website\"},\"primaryImageOfPage\":{\"@id\":\"https:\\\/\\\/fjala.info\\\/2009-2015\\\/pse-nuk-flet-ilir-meta-per-miqte-e-arrestuar-per-korrupsion\\\/#primaryimage\"},\"image\":{\"@id\":\"https:\\\/\\\/fjala.info\\\/2009-2015\\\/pse-nuk-flet-ilir-meta-per-miqte-e-arrestuar-per-korrupsion\\\/#primaryimage\"},\"thumbnailUrl\":\"http:\\\/\\\/www.shkoder.net\\\/images\\\/fjala\\\/2011\\\/meta_co.jpg\",\"datePublished\":\"2011-11-20T08:20:29+00:00\",\"breadcrumb\":{\"@id\":\"https:\\\/\\\/fjala.info\\\/2009-2015\\\/pse-nuk-flet-ilir-meta-per-miqte-e-arrestuar-per-korrupsion\\\/#breadcrumb\"},\"inLanguage\":\"sq-AL\",\"potentialAction\":[{\"@type\":\"ReadAction\",\"target\":[\"https:\\\/\\\/fjala.info\\\/2009-2015\\\/pse-nuk-flet-ilir-meta-per-miqte-e-arrestuar-per-korrupsion\\\/\"]}]},{\"@type\":\"ImageObject\",\"inLanguage\":\"sq-AL\",\"@id\":\"https:\\\/\\\/fjala.info\\\/2009-2015\\\/pse-nuk-flet-ilir-meta-per-miqte-e-arrestuar-per-korrupsion\\\/#primaryimage\",\"url\":\"http:\\\/\\\/www.shkoder.net\\\/images\\\/fjala\\\/2011\\\/meta_co.jpg\",\"contentUrl\":\"http:\\\/\\\/www.shkoder.net\\\/images\\\/fjala\\\/2011\\\/meta_co.jpg\"},{\"@type\":\"BreadcrumbList\",\"@id\":\"https:\\\/\\\/fjala.info\\\/2009-2015\\\/pse-nuk-flet-ilir-meta-per-miqte-e-arrestuar-per-korrupsion\\\/#breadcrumb\",\"itemListElement\":[{\"@type\":\"ListItem\",\"position\":1,\"name\":\"Home\",\"item\":\"https:\\\/\\\/fjala.info\\\/2009-2015\\\/\"},{\"@type\":\"ListItem\",\"position\":2,\"name\":\"Pse nuk flet Ilir Meta p\u00ebr miqt\u00eb e arrestuar p\u00ebr korrupsion?\"}]},{\"@type\":\"WebSite\",\"@id\":\"https:\\\/\\\/fjala.info\\\/2009-2015\\\/#website\",\"url\":\"https:\\\/\\\/fjala.info\\\/2009-2015\\\/\",\"name\":\"FjALA e LIR\u00cb - Arkivi\",\"description\":\"Arkivi 2009-2015\",\"publisher\":{\"@id\":\"https:\\\/\\\/fjala.info\\\/2009-2015\\\/#organization\"},\"potentialAction\":[{\"@type\":\"SearchAction\",\"target\":{\"@type\":\"EntryPoint\",\"urlTemplate\":\"https:\\\/\\\/fjala.info\\\/2009-2015\\\/?s={search_term_string}\"},\"query-input\":{\"@type\":\"PropertyValueSpecification\",\"valueRequired\":true,\"valueName\":\"search_term_string\"}}],\"inLanguage\":\"sq-AL\"},{\"@type\":\"Organization\",\"@id\":\"https:\\\/\\\/fjala.info\\\/2009-2015\\\/#organization\",\"name\":\"FjALA e LIR\u00cb - Arkivi\",\"url\":\"https:\\\/\\\/fjala.info\\\/2009-2015\\\/\",\"logo\":{\"@type\":\"ImageObject\",\"inLanguage\":\"sq-AL\",\"@id\":\"https:\\\/\\\/fjala.info\\\/2009-2015\\\/#\\\/schema\\\/logo\\\/image\\\/\",\"url\":\"\",\"contentUrl\":\"\",\"caption\":\"FjALA e LIR\u00cb - Arkivi\"},\"image\":{\"@id\":\"https:\\\/\\\/fjala.info\\\/2009-2015\\\/#\\\/schema\\\/logo\\\/image\\\/\"}},{\"@type\":\"Person\",\"@id\":\"https:\\\/\\\/fjala.info\\\/2009-2015\\\/#\\\/schema\\\/person\\\/3aa1163ef05469c496fc94e77611ada2\",\"name\":\"admin\",\"image\":{\"@type\":\"ImageObject\",\"inLanguage\":\"sq-AL\",\"@id\":\"https:\\\/\\\/fjala.info\\\/2009-2015\\\/wp-content\\\/uploads\\\/2012\\\/02\\\/arben_cokaj-120x150.jpg\",\"url\":\"https:\\\/\\\/fjala.info\\\/2009-2015\\\/wp-content\\\/uploads\\\/2012\\\/02\\\/arben_cokaj-120x150.jpg\",\"contentUrl\":\"https:\\\/\\\/fjala.info\\\/2009-2015\\\/wp-content\\\/uploads\\\/2012\\\/02\\\/arben_cokaj-120x150.jpg\",\"caption\":\"admin\"},\"description\":\"Admin, Fjala e Lir\u00eb\",\"sameAs\":[\"https:\\\/\\\/fjala.info\\\/\"],\"url\":\"https:\\\/\\\/fjala.info\\\/2009-2015\\\/author\\\/admin\\\/\"}]}<\/script>\n<!-- \/ Yoast SEO plugin. -->","yoast_head_json":{"title":"Pse nuk flet Ilir Meta p\u00ebr miqt\u00eb e arrestuar p\u00ebr korrupsion? - FjALA e LIR\u00cb - Arkivi","robots":{"index":"index","follow":"follow","max-snippet":"max-snippet:-1","max-image-preview":"max-image-preview:large","max-video-preview":"max-video-preview:-1"},"canonical":"https:\/\/fjala.info\/2009-2015\/pse-nuk-flet-ilir-meta-per-miqte-e-arrestuar-per-korrupsion\/","og_locale":"sq_AL","og_type":"article","og_title":"Pse nuk flet Ilir Meta p\u00ebr miqt\u00eb e arrestuar p\u00ebr korrupsion? - FjALA e LIR\u00cb - Arkivi","og_description":"TemA, 19 N\u00ebntor 2011 Roland \u00c7elmeta vazhdon t\u00eb mbaj\u00eb detyrat partiake n\u00eb L\u00ebvizjen Socialiste p\u00ebr Integrim edhe pse tashm\u00eb \u00ebsht\u00eb n\u00ebn pranga si truri i vjedhjes me karburantet e pesh\u00ebn e ushqimeve n\u00eb Ministrin\u00eb e Ekonomis\u00eb ku ai punonte si zv\/drejtori i p\u00ebrgjithsh\u00ebm pran\u00eb drejtoris\u00eb s\u00eb Metrologjis\u00eb dhe Kalibrimit. Akoma s\u2019ka asnj\u00eb reagim dhe asnj\u00eb [&hellip;]","og_url":"https:\/\/fjala.info\/2009-2015\/pse-nuk-flet-ilir-meta-per-miqte-e-arrestuar-per-korrupsion\/","og_site_name":"FjALA e LIR\u00cb - Arkivi","article_published_time":"2011-11-20T08:20:29+00:00","og_image":[{"url":"http:\/\/www.shkoder.net\/images\/fjala\/2011\/meta_co.jpg","type":"","width":"","height":""}],"author":"admin","twitter_card":"summary_large_image","twitter_misc":{"Written by":"admin","Est. reading time":"2 minutes"},"schema":{"@context":"https:\/\/schema.org","@graph":[{"@type":"Article","@id":"https:\/\/fjala.info\/2009-2015\/pse-nuk-flet-ilir-meta-per-miqte-e-arrestuar-per-korrupsion\/#article","isPartOf":{"@id":"https:\/\/fjala.info\/2009-2015\/pse-nuk-flet-ilir-meta-per-miqte-e-arrestuar-per-korrupsion\/"},"author":{"name":"admin","@id":"https:\/\/fjala.info\/2009-2015\/#\/schema\/person\/3aa1163ef05469c496fc94e77611ada2"},"headline":"Pse nuk flet Ilir Meta p\u00ebr miqt\u00eb e arrestuar p\u00ebr korrupsion?","datePublished":"2011-11-20T08:20:29+00:00","mainEntityOfPage":{"@id":"https:\/\/fjala.info\/2009-2015\/pse-nuk-flet-ilir-meta-per-miqte-e-arrestuar-per-korrupsion\/"},"wordCount":461,"commentCount":0,"publisher":{"@id":"https:\/\/fjala.info\/2009-2015\/#organization"},"image":{"@id":"https:\/\/fjala.info\/2009-2015\/pse-nuk-flet-ilir-meta-per-miqte-e-arrestuar-per-korrupsion\/#primaryimage"},"thumbnailUrl":"http:\/\/www.shkoder.net\/images\/fjala\/2011\/meta_co.jpg","articleSection":["Artikuj","Lajme"],"inLanguage":"sq-AL","potentialAction":[{"@type":"CommentAction","name":"Comment","target":["https:\/\/fjala.info\/2009-2015\/pse-nuk-flet-ilir-meta-per-miqte-e-arrestuar-per-korrupsion\/#respond"]}]},{"@type":"WebPage","@id":"https:\/\/fjala.info\/2009-2015\/pse-nuk-flet-ilir-meta-per-miqte-e-arrestuar-per-korrupsion\/","url":"https:\/\/fjala.info\/2009-2015\/pse-nuk-flet-ilir-meta-per-miqte-e-arrestuar-per-korrupsion\/","name":"Pse nuk flet Ilir Meta p\u00ebr miqt\u00eb e arrestuar p\u00ebr korrupsion? - FjALA e LIR\u00cb - Arkivi","isPartOf":{"@id":"https:\/\/fjala.info\/2009-2015\/#website"},"primaryImageOfPage":{"@id":"https:\/\/fjala.info\/2009-2015\/pse-nuk-flet-ilir-meta-per-miqte-e-arrestuar-per-korrupsion\/#primaryimage"},"image":{"@id":"https:\/\/fjala.info\/2009-2015\/pse-nuk-flet-ilir-meta-per-miqte-e-arrestuar-per-korrupsion\/#primaryimage"},"thumbnailUrl":"http:\/\/www.shkoder.net\/images\/fjala\/2011\/meta_co.jpg","datePublished":"2011-11-20T08:20:29+00:00","breadcrumb":{"@id":"https:\/\/fjala.info\/2009-2015\/pse-nuk-flet-ilir-meta-per-miqte-e-arrestuar-per-korrupsion\/#breadcrumb"},"inLanguage":"sq-AL","potentialAction":[{"@type":"ReadAction","target":["https:\/\/fjala.info\/2009-2015\/pse-nuk-flet-ilir-meta-per-miqte-e-arrestuar-per-korrupsion\/"]}]},{"@type":"ImageObject","inLanguage":"sq-AL","@id":"https:\/\/fjala.info\/2009-2015\/pse-nuk-flet-ilir-meta-per-miqte-e-arrestuar-per-korrupsion\/#primaryimage","url":"http:\/\/www.shkoder.net\/images\/fjala\/2011\/meta_co.jpg","contentUrl":"http:\/\/www.shkoder.net\/images\/fjala\/2011\/meta_co.jpg"},{"@type":"BreadcrumbList","@id":"https:\/\/fjala.info\/2009-2015\/pse-nuk-flet-ilir-meta-per-miqte-e-arrestuar-per-korrupsion\/#breadcrumb","itemListElement":[{"@type":"ListItem","position":1,"name":"Home","item":"https:\/\/fjala.info\/2009-2015\/"},{"@type":"ListItem","position":2,"name":"Pse nuk flet Ilir Meta p\u00ebr miqt\u00eb e arrestuar p\u00ebr korrupsion?"}]},{"@type":"WebSite","@id":"https:\/\/fjala.info\/2009-2015\/#website","url":"https:\/\/fjala.info\/2009-2015\/","name":"FjALA e LIR\u00cb - Arkivi","description":"Arkivi 2009-2015","publisher":{"@id":"https:\/\/fjala.info\/2009-2015\/#organization"},"potentialAction":[{"@type":"SearchAction","target":{"@type":"EntryPoint","urlTemplate":"https:\/\/fjala.info\/2009-2015\/?s={search_term_string}"},"query-input":{"@type":"PropertyValueSpecification","valueRequired":true,"valueName":"search_term_string"}}],"inLanguage":"sq-AL"},{"@type":"Organization","@id":"https:\/\/fjala.info\/2009-2015\/#organization","name":"FjALA e LIR\u00cb - Arkivi","url":"https:\/\/fjala.info\/2009-2015\/","logo":{"@type":"ImageObject","inLanguage":"sq-AL","@id":"https:\/\/fjala.info\/2009-2015\/#\/schema\/logo\/image\/","url":"","contentUrl":"","caption":"FjALA e LIR\u00cb - Arkivi"},"image":{"@id":"https:\/\/fjala.info\/2009-2015\/#\/schema\/logo\/image\/"}},{"@type":"Person","@id":"https:\/\/fjala.info\/2009-2015\/#\/schema\/person\/3aa1163ef05469c496fc94e77611ada2","name":"admin","image":{"@type":"ImageObject","inLanguage":"sq-AL","@id":"https:\/\/fjala.info\/2009-2015\/wp-content\/uploads\/2012\/02\/arben_cokaj-120x150.jpg","url":"https:\/\/fjala.info\/2009-2015\/wp-content\/uploads\/2012\/02\/arben_cokaj-120x150.jpg","contentUrl":"https:\/\/fjala.info\/2009-2015\/wp-content\/uploads\/2012\/02\/arben_cokaj-120x150.jpg","caption":"admin"},"description":"Admin, Fjala e Lir\u00eb","sameAs":["https:\/\/fjala.info\/"],"url":"https:\/\/fjala.info\/2009-2015\/author\/admin\/"}]}},"_links":{"self":[{"href":"https:\/\/fjala.info\/2009-2015\/wp-json\/wp\/v2\/posts\/262","targetHints":{"allow":["GET"]}}],"collection":[{"href":"https:\/\/fjala.info\/2009-2015\/wp-json\/wp\/v2\/posts"}],"about":[{"href":"https:\/\/fjala.info\/2009-2015\/wp-json\/wp\/v2\/types\/post"}],"author":[{"embeddable":true,"href":"https:\/\/fjala.info\/2009-2015\/wp-json\/wp\/v2\/users\/1"}],"replies":[{"embeddable":true,"href":"https:\/\/fjala.info\/2009-2015\/wp-json\/wp\/v2\/comments?post=262"}],"version-history":[{"count":0,"href":"https:\/\/fjala.info\/2009-2015\/wp-json\/wp\/v2\/posts\/262\/revisions"}],"wp:attachment":[{"href":"https:\/\/fjala.info\/2009-2015\/wp-json\/wp\/v2\/media?parent=262"}],"wp:term":[{"taxonomy":"category","embeddable":true,"href":"https:\/\/fjala.info\/2009-2015\/wp-json\/wp\/v2\/categories?post=262"},{"taxonomy":"post_tag","embeddable":true,"href":"https:\/\/fjala.info\/2009-2015\/wp-json\/wp\/v2\/tags?post=262"}],"curies":[{"name":"wp","href":"https:\/\/api.w.org\/{rel}","templated":true}]}}