{"id":2619,"date":"2010-05-13T10:05:54","date_gmt":"2010-05-13T09:05:54","guid":{"rendered":"http:\/\/fjala.shkoder.net\/?p=2619"},"modified":"2010-05-13T10:05:54","modified_gmt":"2010-05-13T09:05:54","slug":"cfare-do-te-thote-zgjidheni-vete","status":"publish","type":"post","link":"https:\/\/fjala.info\/2009-2015\/cfare-do-te-thote-zgjidheni-vete\/","title":{"rendered":"\u00c7far\u00eb do t\u00eb thot\u00eb &#8216;zgjidheni vet\u00eb&#8217;"},"content":{"rendered":"<p><img decoding=\"async\" style=\"margin-left: 10px; margin-right: 10px; border: 0px;\" src=\"http:\/\/www.shkoder.net\/images\/fjala\/prec_zogaj.jpg\" border=\"0\" alt=\"Pre\u00e7 Zogaj\" width=\"150\" align=\"left\" \/><\/p>\n<p><strong>Pre\u00e7 Zogaj<\/strong>, <em>13.05.2010<\/em><\/p>\n<p>Jan\u00eb shtuar z\u00ebrat nga Europa q\u00eb i k\u00ebrkojn\u00eb klas\u00ebs politike shqiptare ta zgjidh\u00eb vet\u00eb kriz\u00ebn e saj. Dit\u00ebt e fundit, komisioneri p\u00ebr zgjerimin, zoti Stefan Fule, e ka p\u00ebrs\u00ebritur dendur k\u00ebt\u00eb k\u00ebrkes\u00eb, duke referuar edhe mjetet q\u00eb Shqip\u00ebria ka e duhet t\u00eb p\u00ebrdor\u00eb, si\u00e7 jan\u00eb Gjykata, Kushtetuta, Institucionet.<\/p>\n<p>N\u00eb pamje t\u00eb par\u00eb, ky q\u00ebndrim duket si shprehje respekti dhe besimi n\u00eb aft\u00ebsit\u00eb e elit\u00ebs dhe institucioneve shqiptare. Shqip\u00ebria ec\u00ebn e duhet t\u00eb ec\u00eb vet\u00eb tani q\u00eb \u00ebsht\u00eb b\u00ebr\u00eb an\u00ebtare e NATO-s dhe po k\u00ebrkon t\u00eb marr\u00eb statusin e vendit kandidat n\u00eb BE!<\/p>\n<p>Mir\u00ebpo, po t\u00eb mbahet parasysh d\u00ebshtimi i deritanish\u00ebm i p\u00ebrpjekjeve t\u00eb Europ\u00ebs p\u00ebr zgjidhjen e kriz\u00ebs son\u00eb politike, vetiu t\u00eb shkon mendja se ky q\u00ebndrim nuk ka t\u00eb b\u00ebj\u00eb me shprehjen e respektit. Duket me shum\u00eb si lodhje e Europ\u00ebs me ne, madje edhe si braktisje, qoft\u00eb edhe e \u00e7astit. Zgjidheni vet\u00eb!<\/p>\n<p>Ne q\u00eb nuk zgjidhem gj\u00eb deri me sot n\u00eb pranin\u00eb e delegacionit t\u00eb madh t\u00eb K\u00ebshillit t\u00eb Europ\u00ebs, me ndihm\u00ebn e zyrtar\u00ebve m\u00eb t\u00eb lart\u00eb t\u00eb Komisionit p\u00ebr Zgjerimin, me ecejaket aktive dhe fort dashamir\u00ebse t\u00eb ambasador\u00ebve Widhers t\u00eb SHBA-s\u00eb, Montobio t\u00eb Spanj\u00ebs, Lohan t\u00eb BE-s\u00eb dhe Boch t\u00eb OSBE-s\u00eb, ne pra q\u00eb i kthyem duarbosh gjith\u00eb k\u00ebta partner\u00eb, gjith\u00eb k\u00ebta miq, gjith\u00eb k\u00ebta nd\u00ebrmjet\u00ebs, duhet ta zgjidhim vet\u00eb, duhet t\u00eb vrasim veten e t\u00eb zgjidhim vet\u00eb!<\/p>\n<p>N\u00eb fakt, n\u00eb k\u00ebt\u00eb kontekst, kjo formul\u00eb me shum\u00eb kuptime, ka edhe kuptimin e nd\u00ebshkimit. Ju nd\u00ebshkojm\u00eb ta gjeni vet\u00eb zgjidhjen p\u00ebr kriz\u00ebn tuaj! Koha ka filluar! Po nuk e gjet\u00ebt, kriza do t&#8217;ju p\u00ebrpij\u00eb n\u00eb vorbull\u00ebn e saj t\u00eb gjith\u00ebve.<\/p>\n<p>A v\u00ebrtet\u00eb besojn\u00eb n\u00eb Europ\u00eb se qeveria dhe opozita e Shqip\u00ebris\u00eb mund t\u00eb nd\u00ebrtojn\u00eb vet\u00eb, pa nd\u00ebrmjet\u00ebsim, nj\u00eb dialog t\u00eb frytsh\u00ebm q\u00eb do t&#8217;i jepte fund kriz\u00ebs? Nuk besoj! T\u00eb k\u00ebrkosh dialog brenda institucioneve, t\u00eb k\u00ebrkosh zgjidhje brenda parlamentit &#8211; kjo \u00ebsht\u00eb parimore. Ne duhet t&#8217;i fal\u00ebnderojm\u00eb zyrtar\u00ebt europian\u00eb q\u00eb nuk m\u00ebrziten t\u00eb na p\u00ebrs\u00ebrisin pa pushim mesazhe t\u00eb tilla t\u00eb drejta.<\/p>\n<p>Por, ne em\u00ebr t\u00eb mir\u00ebsjelljes, e kemi p\u00ebr detyr\u00eb t&#8217;u themi: k\u00ebto mesazhe nuk mjaftojn\u00eb m\u00eb, nuk ting\u00ebllojn\u00eb m\u00eb dhe nuk lidhen m\u00eb me kriz\u00ebn shqiptare. Kuvendi i Shqip\u00ebris\u00eb e konsumoi bot\u00ebrisht vullnetin e shumic\u00ebs qeveritare p\u00ebr t\u00eb mos e zgjidhur kriz\u00ebn, duke ngritur nj\u00eb komision hetimor t\u00eb nj\u00ebansh\u00ebm, t\u00eb pavlefsh\u00ebm, q\u00eb ka mbetur n\u00eb let\u00ebr.<\/p>\n<p>Kriza shqiptare ka ekspozuar para bot\u00ebs dob\u00ebsit\u00eb e institucioneve q\u00eb jan\u00eb dob\u00ebsit\u00eb e demokracis\u00eb n\u00eb k\u00ebt\u00eb vend. Kriza e refuzimit t\u00eb transparenc\u00ebs s\u00eb zgjedhjeve ka b\u00ebr\u00eb vetvetiu, pa dashje, nj\u00eb transparenc\u00eb t\u00eb nj\u00eb lloji tjet\u00ebr: transparenc\u00ebn e frik\u00ebs s\u00eb qeveris\u00eb p\u00ebr t&#8217;u p\u00ebrballur me hetimin parlamentar t\u00eb kutive t\u00eb votimit; transparenc\u00ebn e nj\u00eb sistemi ku arbitrariteti ka v\u00ebn\u00eb n\u00eb gjunj\u00eb garancit\u00eb.<\/p>\n<p>Shum\u00ebkush n\u00eb Europ\u00eb dhe n\u00eb Shqip\u00ebri nuk e kishte ditur k\u00ebt\u00eb. Por e mori vesh, fal\u00eb kriz\u00ebs q\u00eb po nxjerr n\u00eb drit\u00eb t\u00eb v\u00ebrtet\u00ebn e Shqip\u00ebris\u00eb.<\/p>\n<p>Shumica e PD-s\u00eb, me mb\u00ebshtetjen e PS-s\u00eb, ka prishur vitin e kaluar disa balanca jetike t\u00eb pushteteve, duke i len\u00eb krizat eventuale pa menaxhim institucional, n\u00eb m\u00ebshir\u00ebn e fatit, apo n\u00eb m\u00ebshir\u00ebn e pal\u00ebve antagoniste.<\/p>\n<p>Presidenti i Republik\u00ebs, edhe pse nuk i mungon dashja dhe vullneti, \u00ebsht\u00eb rezervuar t\u00eb konsumohet n\u00eb role dhe n\u00eb zgjidhje q\u00eb nuk i sheh t\u00eb mb\u00ebshtetura qart\u00eb n\u00eb kompetencat e tij.<\/p>\n<p>N\u00eb k\u00ebto kushte, p\u00ebr tu b\u00ebr\u00eb ajo q\u00eb po k\u00ebrkon Europa, nuk mbetet gj\u00eb tjet\u00ebr, ve\u00e7se Berisha t&#8217;i telefonoj\u00eb Ram\u00ebs p\u00ebr t\u00eb vendosur s\u00eb bashku zgjidhjen e ng\u00ebr\u00e7it. Kjo do t\u00eb ishte zgjidhja m\u00eb e mir\u00eb.<\/p>\n<p>Un\u00eb mendoj se ket\u00eb zgjidhje pret ajo pjes\u00eb e Europ\u00ebs q\u00eb na k\u00ebrkon me sinqeritet ta zgjidhim vet\u00eb problemin. Nuk po thot\u00eb kush nuk ekziston problemi. Po thon\u00eb &#8220;zgjidheni&#8221;. Kushdo q\u00eb ka dy para mend e merr vesh se kjo thirrje i drejtohet pik\u00ebs\u00ebpari kryeministrit t\u00eb vendit.<\/p>\n<p>Por &#8220;telefonata&#8221; e Berish\u00ebs duket nj\u00eb utopi p\u00ebr momentin. Berisha \u00ebsht\u00eb p\u00ebrfshir\u00eb n\u00eb nj\u00eb loj\u00eb nervash me opozit\u00ebn, me mendimin se sakrifica e grevist\u00ebve t\u00eb uris\u00eb ka nj\u00eb limit, nd\u00ebrsa ai \u00ebsht\u00eb komod n\u00eb pritjen e tij.<\/p>\n<p>Ai nuk po k\u00ebrkon zgjidhje, si\u00e7 e k\u00ebshillon Europa, por po pret t\u00eb dor\u00ebzohen grevist\u00ebt, t\u00eb t\u00ebrhiqet Rama. \u00cbsht\u00eb e \u00e7uditshme se si mund ta mendoj\u00eb k\u00ebt\u00eb nj\u00eb politikan profesionist, q\u00eb e ka provuar vet\u00eb se \u00e7do t\u00eb thot\u00eb t\u00eb ngresh n\u00eb k\u00ebmb\u00eb nj\u00eb l\u00ebvizje politike kaq popullore.<\/p>\n<p>N\u00eb l\u00ebvizje t\u00eb tilla ka nj\u00eb moment ku l\u00ebvizja e drejton liderin po aq sa lideri l\u00ebvizjen. N\u00eb mos me shum\u00eb. N\u00eb k\u00ebt\u00eb pik\u00eb \u00ebsht\u00eb sot l\u00ebvizja e opozit\u00ebs p\u00ebr transparenc\u00ebn e kutive.<\/p>\n<p>Kushdo ka t\u00eb drejt\u00eb ta lexoj\u00eb sipas mendjes s\u00eb vet k\u00ebrkes\u00ebn e Europ\u00ebs &#8220;zgjidheni vete&#8221;. Shum\u00eb njer\u00ebz e lexojn\u00eb edhe si nj\u00eb nxitje p\u00ebr t&#8217;u derdhur edhe me shum\u00eb n\u00eb protesta demokratike t\u00eb pandalshme.<\/p>\n<p>P\u00ebrvoja ka treguar se krer\u00ebt politik\u00eb t\u00eb Shqip\u00ebris\u00eb dhe vet\u00eb kryeministrit aktual nuk vin\u00eb t\u00eb zgjidhja e duhur n\u00eb koh\u00ebn e duhur, por vet\u00ebm kur mbushet kupa. K\u00ebto zgjidhje kan\u00eb kosto t\u00eb lart\u00eb dhe nuk u dihet asnj\u00ebher\u00eb fundi.<br \/>\nBarra \u00ebsht\u00eb edhe besim, thot\u00eb nj\u00eb fjal\u00eb e urt\u00eb.<\/p>\n<p>Ne e fal\u00ebnderojm\u00eb Europ\u00ebn q\u00eb na nxit ta zgjidhim vet\u00eb kriz\u00ebn. Pa u futur n\u00eb kuptimet e shumta t\u00eb k\u00ebsaj k\u00ebshille, duhet t&#8217;i themi Europ\u00ebs me ndershm\u00ebri, sot dhe jo nes\u00ebr: Duam ta zgjidhim vet\u00eb, por gj\u00ebrat jan\u00eb pleksur n\u00eb at\u00eb m\u00ebnyr\u00eb sa nuk e b\u00ebjm\u00eb dot.<\/p>\n<p>Kemi nevoj\u00eb p\u00ebr ndihm\u00eb urgjente nga Europa dhe SHBA-ja. Kemi nevoj\u00eb p\u00ebr ndihm\u00eb konkrete, q\u00eb nuk mbetet n\u00eb rrafshin e parimeve t\u00eb p\u00ebrgjithshme. Kemi nevoj\u00eb q\u00eb Europa t\u00eb hyj\u00eb n\u00eb p\u00ebrmbajtjen e kriz\u00ebs.<\/p>\n<p>Kemi nevoj\u00eb q\u00eb zyrtar\u00ebt e Komisionit p\u00ebr Zgjerimin, por edhe t\u00eb tjer\u00eb q\u00eb merren me Shqip\u00ebrin\u00eb, te lexojn\u00eb raportin e OSBE-ODHRI-i, ku p\u00ebrtej dy tre fjalive me karakter politik q\u00eb jan\u00eb shtuar n\u00eb Vjen\u00eb, v\u00ebzhguesit e terrenit kan\u00eb listuar t\u00eb gjitha shkeljet e Kart\u00ebs s\u00eb Kopenhagenit n\u00eb zgjedhjet e 28 qershorit 2009, p\u00ebrfshir\u00eb num\u00ebrimin e keq dhe shum\u00eb t\u00eb keq n\u00eb nj\u00eb t\u00eb tret\u00ebn e territorit. Po aty, v\u00ebzhguesit kan\u00eb &#8220;gdhendur&#8221; fraz\u00ebn fatale se besimi i shqiptar\u00ebve te zgjedhjet \u00ebsht\u00eb d\u00ebmtuar r\u00ebnd\u00eb.<\/p>\n<p>M\u00eb tej, Europa do t\u00eb na ndihmonte shum\u00eb po t\u00eb shoh\u00eb e reflektoj\u00eb mbi kutin\u00eb e Ruzhdijes, e vetmja q\u00eb \u00ebsht\u00eb hapur. Do t\u00eb na ndihmonte shum\u00eb po t\u00eb shoh\u00eb se dy parti politike, PDK dhe LZHK, kan\u00eb b\u00ebr\u00eb padi penale p\u00ebr manipulim t\u00eb zgjedhjeve, e para n\u00eb prokurorin\u00eb e Shkodr\u00ebs, e dyta n\u00eb at\u00eb t\u00eb Tiran\u00ebs, por, si n\u00eb nj\u00eb p\u00ebrbetim t\u00eb p\u00ebrgjithsh\u00ebm kund\u00ebr transparenc\u00ebs, edhe rruga e prokuroris\u00eb rezulton e mbyllur p\u00ebr opozit\u00ebn.<\/p>\n<p>S\u00eb fundi, Europa do t\u00eb na ndihmonte shum\u00eb n\u00ebse e merr dhe e sheh me syt\u00eb e vet Kushtetut\u00ebn e Shqip\u00ebris\u00eb, n\u00ebse bindet vet\u00eb se cili \u00ebsht\u00eb neni, cila \u00ebsht\u00eb klauzola q\u00eb ndalon hetimin parlamentar t\u00eb kutive.<\/p>\n<p>T\u00eb gjith\u00eb jemi dakord q\u00eb hetimi t\u00eb respektoj\u00eb Kushtetut\u00ebn dhe t\u00eb garantoj\u00eb transparenc\u00ebn. Por, me k\u00ebt\u00eb formul\u00eb qeveria luan sikur Kushtetuta nuk lejon hapjen e kutive. Europa ka d\u00ebgjuar qeverin\u00eb dhe ne nuk mund ta qortojm\u00eb pse i ka besuar qeveris\u00eb son\u00eb.<\/p>\n<p>Por \u00ebsht\u00eb momenti ta shoh\u00eb me sy, \u00ebsht\u00eb momenti ta k\u00ebrkoj\u00eb t\u00eb p\u00ebrkthyer nenin q\u00eb ndalon transparenc\u00ebn. Ky nuk \u00ebsht\u00eb cenim i sovranitetit. Posaq\u00eb Shqip\u00ebria synon t\u00eb b\u00ebhet pjes\u00eb e Europ\u00ebs, Europa ka t\u00eb drejt\u00eb ta luaj\u00eb k\u00ebt\u00eb rol n\u00eb Shqip\u00ebri. I lutemi!<\/p>\n","protected":false},"excerpt":{"rendered":"<p>Pre\u00e7 Zogaj, 13.05.2010 Jan\u00eb shtuar z\u00ebrat nga Europa q\u00eb i k\u00ebrkojn\u00eb klas\u00ebs politike shqiptare ta zgjidh\u00eb vet\u00eb kriz\u00ebn e saj. Dit\u00ebt e fundit, komisioneri p\u00ebr zgjerimin, zoti Stefan Fule, e ka p\u00ebrs\u00ebritur dendur k\u00ebt\u00eb k\u00ebrkes\u00eb, duke referuar edhe mjetet q\u00eb Shqip\u00ebria ka e duhet t\u00eb p\u00ebrdor\u00eb, si\u00e7 jan\u00eb Gjykata, Kushtetuta, Institucionet. N\u00eb pamje t\u00eb par\u00eb, [&hellip;]<\/p>\n","protected":false},"author":1,"featured_media":0,"comment_status":"open","ping_status":"closed","sticky":false,"template":"","format":"standard","meta":{"footnotes":""},"categories":[2],"tags":[],"class_list":{"0":"post-2619","1":"post","2":"type-post","3":"status-publish","4":"format-standard","6":"category-artikuj"},"yoast_head":"<!-- This site is optimized with the Yoast SEO plugin v27.4 - https:\/\/yoast.com\/product\/yoast-seo-wordpress\/ -->\n<title>\u00c7far\u00eb do t\u00eb thot\u00eb &#039;zgjidheni vet\u00eb&#039; - FjALA e LIR\u00cb - Arkivi<\/title>\n<meta name=\"robots\" content=\"index, follow, max-snippet:-1, max-image-preview:large, max-video-preview:-1\" \/>\n<link rel=\"canonical\" href=\"https:\/\/fjala.info\/2009-2015\/cfare-do-te-thote-zgjidheni-vete\/\" \/>\n<meta property=\"og:locale\" content=\"sq_AL\" \/>\n<meta property=\"og:type\" content=\"article\" \/>\n<meta property=\"og:title\" content=\"\u00c7far\u00eb do t\u00eb thot\u00eb &#039;zgjidheni vet\u00eb&#039; - FjALA e LIR\u00cb - Arkivi\" \/>\n<meta property=\"og:description\" content=\"Pre\u00e7 Zogaj, 13.05.2010 Jan\u00eb shtuar z\u00ebrat nga Europa q\u00eb i k\u00ebrkojn\u00eb klas\u00ebs politike shqiptare ta zgjidh\u00eb vet\u00eb kriz\u00ebn e saj. Dit\u00ebt e fundit, komisioneri p\u00ebr zgjerimin, zoti Stefan Fule, e ka p\u00ebrs\u00ebritur dendur k\u00ebt\u00eb k\u00ebrkes\u00eb, duke referuar edhe mjetet q\u00eb Shqip\u00ebria ka e duhet t\u00eb p\u00ebrdor\u00eb, si\u00e7 jan\u00eb Gjykata, Kushtetuta, Institucionet. N\u00eb pamje t\u00eb par\u00eb, [&hellip;]\" \/>\n<meta property=\"og:url\" content=\"https:\/\/fjala.info\/2009-2015\/cfare-do-te-thote-zgjidheni-vete\/\" \/>\n<meta property=\"og:site_name\" content=\"FjALA e LIR\u00cb - Arkivi\" \/>\n<meta property=\"article:published_time\" content=\"2010-05-13T09:05:54+00:00\" \/>\n<meta property=\"og:image\" content=\"http:\/\/www.shkoder.net\/images\/fjala\/prec_zogaj.jpg\" \/>\n<meta name=\"author\" content=\"admin\" \/>\n<meta name=\"twitter:card\" content=\"summary_large_image\" \/>\n<meta name=\"twitter:label1\" content=\"Written by\" \/>\n\t<meta name=\"twitter:data1\" content=\"admin\" \/>\n\t<meta name=\"twitter:label2\" content=\"Est. reading time\" \/>\n\t<meta name=\"twitter:data2\" content=\"7 minutes\" \/>\n<script type=\"application\/ld+json\" class=\"yoast-schema-graph\">{\"@context\":\"https:\\\/\\\/schema.org\",\"@graph\":[{\"@type\":\"Article\",\"@id\":\"https:\\\/\\\/fjala.info\\\/2009-2015\\\/cfare-do-te-thote-zgjidheni-vete\\\/#article\",\"isPartOf\":{\"@id\":\"https:\\\/\\\/fjala.info\\\/2009-2015\\\/cfare-do-te-thote-zgjidheni-vete\\\/\"},\"author\":{\"name\":\"admin\",\"@id\":\"https:\\\/\\\/fjala.info\\\/2009-2015\\\/#\\\/schema\\\/person\\\/3aa1163ef05469c496fc94e77611ada2\"},\"headline\":\"\u00c7far\u00eb do t\u00eb thot\u00eb &#8216;zgjidheni vet\u00eb&#8217;\",\"datePublished\":\"2010-05-13T09:05:54+00:00\",\"mainEntityOfPage\":{\"@id\":\"https:\\\/\\\/fjala.info\\\/2009-2015\\\/cfare-do-te-thote-zgjidheni-vete\\\/\"},\"wordCount\":1403,\"commentCount\":0,\"publisher\":{\"@id\":\"https:\\\/\\\/fjala.info\\\/2009-2015\\\/#organization\"},\"image\":{\"@id\":\"https:\\\/\\\/fjala.info\\\/2009-2015\\\/cfare-do-te-thote-zgjidheni-vete\\\/#primaryimage\"},\"thumbnailUrl\":\"http:\\\/\\\/www.shkoder.net\\\/images\\\/fjala\\\/prec_zogaj.jpg\",\"articleSection\":[\"Artikuj\"],\"inLanguage\":\"sq-AL\",\"potentialAction\":[{\"@type\":\"CommentAction\",\"name\":\"Comment\",\"target\":[\"https:\\\/\\\/fjala.info\\\/2009-2015\\\/cfare-do-te-thote-zgjidheni-vete\\\/#respond\"]}]},{\"@type\":\"WebPage\",\"@id\":\"https:\\\/\\\/fjala.info\\\/2009-2015\\\/cfare-do-te-thote-zgjidheni-vete\\\/\",\"url\":\"https:\\\/\\\/fjala.info\\\/2009-2015\\\/cfare-do-te-thote-zgjidheni-vete\\\/\",\"name\":\"\u00c7far\u00eb do t\u00eb thot\u00eb 'zgjidheni vet\u00eb' - FjALA e LIR\u00cb - Arkivi\",\"isPartOf\":{\"@id\":\"https:\\\/\\\/fjala.info\\\/2009-2015\\\/#website\"},\"primaryImageOfPage\":{\"@id\":\"https:\\\/\\\/fjala.info\\\/2009-2015\\\/cfare-do-te-thote-zgjidheni-vete\\\/#primaryimage\"},\"image\":{\"@id\":\"https:\\\/\\\/fjala.info\\\/2009-2015\\\/cfare-do-te-thote-zgjidheni-vete\\\/#primaryimage\"},\"thumbnailUrl\":\"http:\\\/\\\/www.shkoder.net\\\/images\\\/fjala\\\/prec_zogaj.jpg\",\"datePublished\":\"2010-05-13T09:05:54+00:00\",\"breadcrumb\":{\"@id\":\"https:\\\/\\\/fjala.info\\\/2009-2015\\\/cfare-do-te-thote-zgjidheni-vete\\\/#breadcrumb\"},\"inLanguage\":\"sq-AL\",\"potentialAction\":[{\"@type\":\"ReadAction\",\"target\":[\"https:\\\/\\\/fjala.info\\\/2009-2015\\\/cfare-do-te-thote-zgjidheni-vete\\\/\"]}]},{\"@type\":\"ImageObject\",\"inLanguage\":\"sq-AL\",\"@id\":\"https:\\\/\\\/fjala.info\\\/2009-2015\\\/cfare-do-te-thote-zgjidheni-vete\\\/#primaryimage\",\"url\":\"http:\\\/\\\/www.shkoder.net\\\/images\\\/fjala\\\/prec_zogaj.jpg\",\"contentUrl\":\"http:\\\/\\\/www.shkoder.net\\\/images\\\/fjala\\\/prec_zogaj.jpg\"},{\"@type\":\"BreadcrumbList\",\"@id\":\"https:\\\/\\\/fjala.info\\\/2009-2015\\\/cfare-do-te-thote-zgjidheni-vete\\\/#breadcrumb\",\"itemListElement\":[{\"@type\":\"ListItem\",\"position\":1,\"name\":\"Home\",\"item\":\"https:\\\/\\\/fjala.info\\\/2009-2015\\\/\"},{\"@type\":\"ListItem\",\"position\":2,\"name\":\"\u00c7far\u00eb do t\u00eb thot\u00eb &#8216;zgjidheni vet\u00eb&#8217;\"}]},{\"@type\":\"WebSite\",\"@id\":\"https:\\\/\\\/fjala.info\\\/2009-2015\\\/#website\",\"url\":\"https:\\\/\\\/fjala.info\\\/2009-2015\\\/\",\"name\":\"FjALA e LIR\u00cb - Arkivi\",\"description\":\"Arkivi 2009-2015\",\"publisher\":{\"@id\":\"https:\\\/\\\/fjala.info\\\/2009-2015\\\/#organization\"},\"potentialAction\":[{\"@type\":\"SearchAction\",\"target\":{\"@type\":\"EntryPoint\",\"urlTemplate\":\"https:\\\/\\\/fjala.info\\\/2009-2015\\\/?s={search_term_string}\"},\"query-input\":{\"@type\":\"PropertyValueSpecification\",\"valueRequired\":true,\"valueName\":\"search_term_string\"}}],\"inLanguage\":\"sq-AL\"},{\"@type\":\"Organization\",\"@id\":\"https:\\\/\\\/fjala.info\\\/2009-2015\\\/#organization\",\"name\":\"FjALA e LIR\u00cb - Arkivi\",\"url\":\"https:\\\/\\\/fjala.info\\\/2009-2015\\\/\",\"logo\":{\"@type\":\"ImageObject\",\"inLanguage\":\"sq-AL\",\"@id\":\"https:\\\/\\\/fjala.info\\\/2009-2015\\\/#\\\/schema\\\/logo\\\/image\\\/\",\"url\":\"\",\"contentUrl\":\"\",\"caption\":\"FjALA e LIR\u00cb - Arkivi\"},\"image\":{\"@id\":\"https:\\\/\\\/fjala.info\\\/2009-2015\\\/#\\\/schema\\\/logo\\\/image\\\/\"}},{\"@type\":\"Person\",\"@id\":\"https:\\\/\\\/fjala.info\\\/2009-2015\\\/#\\\/schema\\\/person\\\/3aa1163ef05469c496fc94e77611ada2\",\"name\":\"admin\",\"image\":{\"@type\":\"ImageObject\",\"inLanguage\":\"sq-AL\",\"@id\":\"https:\\\/\\\/fjala.info\\\/2009-2015\\\/wp-content\\\/uploads\\\/2012\\\/02\\\/arben_cokaj-120x150.jpg\",\"url\":\"https:\\\/\\\/fjala.info\\\/2009-2015\\\/wp-content\\\/uploads\\\/2012\\\/02\\\/arben_cokaj-120x150.jpg\",\"contentUrl\":\"https:\\\/\\\/fjala.info\\\/2009-2015\\\/wp-content\\\/uploads\\\/2012\\\/02\\\/arben_cokaj-120x150.jpg\",\"caption\":\"admin\"},\"description\":\"Admin, Fjala e Lir\u00eb\",\"sameAs\":[\"https:\\\/\\\/fjala.info\\\/\"],\"url\":\"https:\\\/\\\/fjala.info\\\/2009-2015\\\/author\\\/admin\\\/\"}]}<\/script>\n<!-- \/ Yoast SEO plugin. -->","yoast_head_json":{"title":"\u00c7far\u00eb do t\u00eb thot\u00eb 'zgjidheni vet\u00eb' - FjALA e LIR\u00cb - Arkivi","robots":{"index":"index","follow":"follow","max-snippet":"max-snippet:-1","max-image-preview":"max-image-preview:large","max-video-preview":"max-video-preview:-1"},"canonical":"https:\/\/fjala.info\/2009-2015\/cfare-do-te-thote-zgjidheni-vete\/","og_locale":"sq_AL","og_type":"article","og_title":"\u00c7far\u00eb do t\u00eb thot\u00eb 'zgjidheni vet\u00eb' - FjALA e LIR\u00cb - Arkivi","og_description":"Pre\u00e7 Zogaj, 13.05.2010 Jan\u00eb shtuar z\u00ebrat nga Europa q\u00eb i k\u00ebrkojn\u00eb klas\u00ebs politike shqiptare ta zgjidh\u00eb vet\u00eb kriz\u00ebn e saj. Dit\u00ebt e fundit, komisioneri p\u00ebr zgjerimin, zoti Stefan Fule, e ka p\u00ebrs\u00ebritur dendur k\u00ebt\u00eb k\u00ebrkes\u00eb, duke referuar edhe mjetet q\u00eb Shqip\u00ebria ka e duhet t\u00eb p\u00ebrdor\u00eb, si\u00e7 jan\u00eb Gjykata, Kushtetuta, Institucionet. N\u00eb pamje t\u00eb par\u00eb, [&hellip;]","og_url":"https:\/\/fjala.info\/2009-2015\/cfare-do-te-thote-zgjidheni-vete\/","og_site_name":"FjALA e LIR\u00cb - Arkivi","article_published_time":"2010-05-13T09:05:54+00:00","og_image":[{"url":"http:\/\/www.shkoder.net\/images\/fjala\/prec_zogaj.jpg","type":"","width":"","height":""}],"author":"admin","twitter_card":"summary_large_image","twitter_misc":{"Written by":"admin","Est. reading time":"7 minutes"},"schema":{"@context":"https:\/\/schema.org","@graph":[{"@type":"Article","@id":"https:\/\/fjala.info\/2009-2015\/cfare-do-te-thote-zgjidheni-vete\/#article","isPartOf":{"@id":"https:\/\/fjala.info\/2009-2015\/cfare-do-te-thote-zgjidheni-vete\/"},"author":{"name":"admin","@id":"https:\/\/fjala.info\/2009-2015\/#\/schema\/person\/3aa1163ef05469c496fc94e77611ada2"},"headline":"\u00c7far\u00eb do t\u00eb thot\u00eb &#8216;zgjidheni vet\u00eb&#8217;","datePublished":"2010-05-13T09:05:54+00:00","mainEntityOfPage":{"@id":"https:\/\/fjala.info\/2009-2015\/cfare-do-te-thote-zgjidheni-vete\/"},"wordCount":1403,"commentCount":0,"publisher":{"@id":"https:\/\/fjala.info\/2009-2015\/#organization"},"image":{"@id":"https:\/\/fjala.info\/2009-2015\/cfare-do-te-thote-zgjidheni-vete\/#primaryimage"},"thumbnailUrl":"http:\/\/www.shkoder.net\/images\/fjala\/prec_zogaj.jpg","articleSection":["Artikuj"],"inLanguage":"sq-AL","potentialAction":[{"@type":"CommentAction","name":"Comment","target":["https:\/\/fjala.info\/2009-2015\/cfare-do-te-thote-zgjidheni-vete\/#respond"]}]},{"@type":"WebPage","@id":"https:\/\/fjala.info\/2009-2015\/cfare-do-te-thote-zgjidheni-vete\/","url":"https:\/\/fjala.info\/2009-2015\/cfare-do-te-thote-zgjidheni-vete\/","name":"\u00c7far\u00eb do t\u00eb thot\u00eb 'zgjidheni vet\u00eb' - FjALA e LIR\u00cb - Arkivi","isPartOf":{"@id":"https:\/\/fjala.info\/2009-2015\/#website"},"primaryImageOfPage":{"@id":"https:\/\/fjala.info\/2009-2015\/cfare-do-te-thote-zgjidheni-vete\/#primaryimage"},"image":{"@id":"https:\/\/fjala.info\/2009-2015\/cfare-do-te-thote-zgjidheni-vete\/#primaryimage"},"thumbnailUrl":"http:\/\/www.shkoder.net\/images\/fjala\/prec_zogaj.jpg","datePublished":"2010-05-13T09:05:54+00:00","breadcrumb":{"@id":"https:\/\/fjala.info\/2009-2015\/cfare-do-te-thote-zgjidheni-vete\/#breadcrumb"},"inLanguage":"sq-AL","potentialAction":[{"@type":"ReadAction","target":["https:\/\/fjala.info\/2009-2015\/cfare-do-te-thote-zgjidheni-vete\/"]}]},{"@type":"ImageObject","inLanguage":"sq-AL","@id":"https:\/\/fjala.info\/2009-2015\/cfare-do-te-thote-zgjidheni-vete\/#primaryimage","url":"http:\/\/www.shkoder.net\/images\/fjala\/prec_zogaj.jpg","contentUrl":"http:\/\/www.shkoder.net\/images\/fjala\/prec_zogaj.jpg"},{"@type":"BreadcrumbList","@id":"https:\/\/fjala.info\/2009-2015\/cfare-do-te-thote-zgjidheni-vete\/#breadcrumb","itemListElement":[{"@type":"ListItem","position":1,"name":"Home","item":"https:\/\/fjala.info\/2009-2015\/"},{"@type":"ListItem","position":2,"name":"\u00c7far\u00eb do t\u00eb thot\u00eb &#8216;zgjidheni vet\u00eb&#8217;"}]},{"@type":"WebSite","@id":"https:\/\/fjala.info\/2009-2015\/#website","url":"https:\/\/fjala.info\/2009-2015\/","name":"FjALA e LIR\u00cb - Arkivi","description":"Arkivi 2009-2015","publisher":{"@id":"https:\/\/fjala.info\/2009-2015\/#organization"},"potentialAction":[{"@type":"SearchAction","target":{"@type":"EntryPoint","urlTemplate":"https:\/\/fjala.info\/2009-2015\/?s={search_term_string}"},"query-input":{"@type":"PropertyValueSpecification","valueRequired":true,"valueName":"search_term_string"}}],"inLanguage":"sq-AL"},{"@type":"Organization","@id":"https:\/\/fjala.info\/2009-2015\/#organization","name":"FjALA e LIR\u00cb - Arkivi","url":"https:\/\/fjala.info\/2009-2015\/","logo":{"@type":"ImageObject","inLanguage":"sq-AL","@id":"https:\/\/fjala.info\/2009-2015\/#\/schema\/logo\/image\/","url":"","contentUrl":"","caption":"FjALA e LIR\u00cb - Arkivi"},"image":{"@id":"https:\/\/fjala.info\/2009-2015\/#\/schema\/logo\/image\/"}},{"@type":"Person","@id":"https:\/\/fjala.info\/2009-2015\/#\/schema\/person\/3aa1163ef05469c496fc94e77611ada2","name":"admin","image":{"@type":"ImageObject","inLanguage":"sq-AL","@id":"https:\/\/fjala.info\/2009-2015\/wp-content\/uploads\/2012\/02\/arben_cokaj-120x150.jpg","url":"https:\/\/fjala.info\/2009-2015\/wp-content\/uploads\/2012\/02\/arben_cokaj-120x150.jpg","contentUrl":"https:\/\/fjala.info\/2009-2015\/wp-content\/uploads\/2012\/02\/arben_cokaj-120x150.jpg","caption":"admin"},"description":"Admin, Fjala e Lir\u00eb","sameAs":["https:\/\/fjala.info\/"],"url":"https:\/\/fjala.info\/2009-2015\/author\/admin\/"}]}},"_links":{"self":[{"href":"https:\/\/fjala.info\/2009-2015\/wp-json\/wp\/v2\/posts\/2619","targetHints":{"allow":["GET"]}}],"collection":[{"href":"https:\/\/fjala.info\/2009-2015\/wp-json\/wp\/v2\/posts"}],"about":[{"href":"https:\/\/fjala.info\/2009-2015\/wp-json\/wp\/v2\/types\/post"}],"author":[{"embeddable":true,"href":"https:\/\/fjala.info\/2009-2015\/wp-json\/wp\/v2\/users\/1"}],"replies":[{"embeddable":true,"href":"https:\/\/fjala.info\/2009-2015\/wp-json\/wp\/v2\/comments?post=2619"}],"version-history":[{"count":0,"href":"https:\/\/fjala.info\/2009-2015\/wp-json\/wp\/v2\/posts\/2619\/revisions"}],"wp:attachment":[{"href":"https:\/\/fjala.info\/2009-2015\/wp-json\/wp\/v2\/media?parent=2619"}],"wp:term":[{"taxonomy":"category","embeddable":true,"href":"https:\/\/fjala.info\/2009-2015\/wp-json\/wp\/v2\/categories?post=2619"},{"taxonomy":"post_tag","embeddable":true,"href":"https:\/\/fjala.info\/2009-2015\/wp-json\/wp\/v2\/tags?post=2619"}],"curies":[{"name":"wp","href":"https:\/\/api.w.org\/{rel}","templated":true}]}}