{"id":2617,"date":"2010-05-13T10:03:43","date_gmt":"2010-05-13T09:03:43","guid":{"rendered":"http:\/\/fjala.shkoder.net\/?p=2617"},"modified":"2010-05-13T10:03:43","modified_gmt":"2010-05-13T09:03:43","slug":"nje-leter-per-argita-dhe-shkelzen-berishen","status":"publish","type":"post","link":"https:\/\/fjala.info\/2009-2015\/nje-leter-per-argita-dhe-shkelzen-berishen\/","title":{"rendered":"Nj\u00eb let\u00ebr p\u00ebr Argita dhe Shk\u00eblzen Berish\u00ebn"},"content":{"rendered":"<p><strong>Muhedin Brokaj<\/strong>, <em>Ish-Ushtarak, 13.05.2010<\/em><\/p>\n<p>F\u00ebmij\u00eb t\u00eb mir\u00eb! Jam nj\u00eb prind paksa m\u00eb i moshuar se babai juaj. Edhe un\u00eb kam f\u00ebmij\u00eb dhe i dua shum\u00eb. Po kaq dashuri kam p\u00ebr t\u00eb tjer\u00eb q\u00eb s&#8217;jan\u00eb n\u00eb lidhje familjare me mua. Jam rritur dhe edukuar si i till\u00eb n\u00eb familje, shkoll\u00eb dhe shoq\u00ebri.<\/p>\n<p>Kjo \u00ebsht\u00eb arsyeja e vetme dhe i vetmi motiv q\u00eb kam rriskuar skajm\u00ebrisht jet\u00ebn time p\u00ebr t\u00eb shp\u00ebtuar n\u00eb koh\u00eb t\u00eb ndryshme 6 persona: 5 nga mbytja (3 n\u00eb det, 1 n\u00eb lum dhe 1 n\u00eb liqen t\u00eb Pogradecit), si dhe kam shp\u00ebtuar nj\u00eb grua nga thikat e keqb\u00ebr\u00ebsit. Nuk kam qen\u00eb n\u00eb ndonj\u00eb skuad\u00ebr shp\u00ebtimi, jam ndodhur rast\u00ebsisht.<\/p>\n<p>Kam ndier k\u00ebnaq\u00ebsin\u00eb q\u00eb shp\u00ebtova ata njer\u00ebz nga vdekja e sigurt. P\u00ebr mua ky ka qen\u00eb i vetmi &#8220;shp\u00ebrblim&#8221;. Ah, jo. Edhe nj\u00eb faleminderit prej tyre. Asgj\u00eb m\u00eb shum\u00eb. M\u00eb besoni. Babai juaj kur kishte t\u00eb veshur bluz\u00ebn e bardh\u00eb, me siguri ka shp\u00ebtuar shum\u00eb jet\u00eb njer\u00ebzish. Ka marr\u00eb fal\u00ebnderime e mir\u00ebnjohje, si dhe rrog\u00ebn duke qen\u00eb brenda profesionit t\u00eb tij.<\/p>\n<p>Po tani? Un\u00eb jam nj\u00eb pensionist, tmerr\u00ebsisht i pashp\u00ebrblyer p\u00ebr aq sa kam dh\u00ebn\u00eb ashtu si edhe koleg\u00ebt e mi ish-ushtarak\u00eb. Babai juaj? Q\u00eb kur braktisi Hipokratin ka b\u00ebr\u00eb m\u00eb t\u00eb pabesueshmen! Ka vrar\u00eb e plasur zemra shum\u00eb m\u00eb shum\u00eb nga sa ka sh\u00ebruar dikur! Nga Tropoja juaj e deri n\u00eb skajin m\u00eb jugor t\u00eb Shqip\u00ebris\u00eb.<\/p>\n<p>Natyrisht, jo si bandit me revolver n\u00eb dor\u00eb. Kur t\u00eb shuhet dashuria dhe ndjeshm\u00ebria dhe t\u00eb pushton makut\u00ebria e sundimtarit, ka m\u00ebnyra t\u00eb tep\u00ebrta p\u00ebr t\u00eb vrar\u00eb. K\u00ebto nuk i them vet\u00ebm un\u00eb dhe as ju nuk i d\u00ebgjoni p\u00ebr her\u00eb t\u00eb par\u00eb.<\/p>\n<p>Babai juaj thot\u00eb se ka takuar sa e sa sheik\u00eb, kryeministra dhe president\u00eb. Ka puthur dhe dor\u00ebn e shenjt\u00ebris\u00eb s\u00eb tij, Pap\u00ebs s\u00eb Rom\u00ebs. Po \u00e7far\u00eb na ka sjell\u00eb? \u00c7udit\u00ebrisht urrejtje e sjellje pa etik\u00eb. Jan\u00eb fajet e babait tuaj pse shumica e shqiptar\u00ebve e kan\u00eb d\u00ebnuar n\u00eb nd\u00ebrgjegjen e tyre maksimalisht r\u00ebnd\u00eb. Lus zotit t\u00eb mbetet vet\u00ebm \u00ebnd\u00ebrr dhe t\u00eb shuhet gradualisht.<\/p>\n<p>F\u00ebmij\u00eb t\u00eb mir\u00eb! Ju jeni t\u00eb men\u00e7ur dhe duhet t\u00eb \u00e7moni e vler\u00ebsoni pik\u00ebrisht ata q\u00eb b\u00ebjn\u00eb kritika, qofshin t\u00eb ashpra dhe i thon\u00eb t\u00eb v\u00ebrtetat n\u00eb sy. Ju dhe babai juaj ruajuni nga sahanl\u00ebpir\u00ebsit dhe servil\u00ebt mizerab\u00ebl. Ata jan\u00eb llumi i rac\u00ebs njer\u00ebzore.<\/p>\n<p>Situata \u00ebsht\u00eb n\u00eb prag katastrofe. Urrejtja dhe pak\u00ebnaq\u00ebsit\u00eb kan\u00eb pushtuar vendin. Protestat e demonstratat jan\u00eb beteja. &#8220;N\u00eb beteja, shpirti e b\u00ebn njeriun kaq t\u00eb fort\u00eb sa q\u00eb e kthen n\u00eb statuj\u00eb, t\u00ebr\u00eb ai mish b\u00ebhet granit&#8221; &#8211; ka shkruar Viktor Hygo.<\/p>\n<p>Nj\u00eb rast t\u00eb till\u00eb e kam p\u00ebrjetuar personalisht me 40 shok\u00eb t\u00eb mi ish-student\u00eb ushtarak\u00eb t\u00eb kthyer n\u00eb atdhe para kohe nga nj\u00eb vend ish-mik. Dhe kur? N\u00eb koh\u00ebn e tmerrshme t\u00eb diktatur\u00ebs. E nis\u00ebm pik\u00ebrisht m\u00eb 4 shtator 1961, n\u00eb Pashaliman, ku &#8220;na syrgjynos\u00ebn&#8221; p\u00ebr t\u00eb vazhduar studimet e m\u00ebtejshme.<\/p>\n<p>Qeveri n\u00eb alarm, ne t\u00eb vendosur. N\u00eb dhomat e izolimit, 4 prej nesh rruajt\u00ebn kok\u00ebn dhe vetullat. E pa par\u00eb, e pa d\u00ebgjuar. Ju as nuk mund ta imagjinoni \u00e7do t\u00eb thoshte nj\u00eb veprim\u00a0 i till\u00eb n\u00eb at\u00eb koh\u00eb. Kur rregullorja e disiplin\u00ebs t\u00eb detyron t\u00eb t\u00eb qethin kok\u00ebn me makin\u00eb vet\u00ebm &#8220;zero&#8221;, dhe ti detyron berberin t\u00eb t\u00eb rruaj\u00eb kok\u00ebn dhe vetullat, do t\u00eb thoshte t\u00eb prisje d\u00ebnim t\u00eb r\u00ebnd\u00eb, t\u00eb flijoheshe.<\/p>\n<p>Por ndodhi \u00e7udia: Pas edhe disa masave t\u00eb tjera represive ndaj nesh, erdhi nj\u00eb zgjidhje: Kushte m\u00eb t\u00eb mira jetese dhe program m\u00ebsimor alternativ. K\u00ebshtu ndodhi n\u00eb ato vite t\u00eb larg\u00ebta, n\u00eb zem\u00ebr t\u00eb diktatur\u00ebs.<\/p>\n<p>Shum\u00eb &#8220;kapiten pas furtune&#8221; nuk kan\u00eb p\u00ebr t\u00eb besuar. Aq m\u00eb tep\u00ebr q\u00eb at\u00ebher\u00eb e mbuloi heshtja e q\u00ebllimshme dhe q\u00eb po q\u00ebndron ende n\u00eb &#8220;kafazin&#8221; e mbyllur n\u00eb Pashaliman. Edhe un\u00eb nuk mund ta shtjelloj me gjat\u00eb aktualisht, sepse nuk \u00ebsht\u00eb ky q\u00ebllimi i k\u00ebsaj letre.<\/p>\n<p>Ti Argita dhe ti Shk\u00eblzen jeni t\u00eb rinj. Do t\u00eb jetoni edhe shum\u00eb vjet pas largimit nga kjo bot\u00eb t\u00eb babait tuaj edhe t\u00eb shum\u00eb prej nesh. Jeni edhe t\u00eb pasur. Ta g\u00ebzoni. Por q\u00eb t\u00eb mos mbeteni t\u00eb turp\u00ebruar, kam nj\u00eb lutje: Tundeni fort baban\u00eb tuaj dhe i thoni: Mjaft m\u00eb! Besoj se ndjeshm\u00ebrin\u00eb e prindit nuk e ka humbur. Bashkim Shehu e mallkoi t\u00eb atin, Mehmetin, pas vdekjes. Von\u00eb.<\/p>\n<p>Ju p\u00ebrqafoj sinqerisht. Muhedin Brokaj, VLOR\u00cb<\/p>\n","protected":false},"excerpt":{"rendered":"<p>Muhedin Brokaj, Ish-Ushtarak, 13.05.2010 F\u00ebmij\u00eb t\u00eb mir\u00eb! Jam nj\u00eb prind paksa m\u00eb i moshuar se babai juaj. Edhe un\u00eb kam f\u00ebmij\u00eb dhe i dua shum\u00eb. Po kaq dashuri kam p\u00ebr t\u00eb tjer\u00eb q\u00eb s&#8217;jan\u00eb n\u00eb lidhje familjare me mua. Jam rritur dhe edukuar si i till\u00eb n\u00eb familje, shkoll\u00eb dhe shoq\u00ebri. Kjo \u00ebsht\u00eb arsyeja e [&hellip;]<\/p>\n","protected":false},"author":1,"featured_media":0,"comment_status":"open","ping_status":"closed","sticky":false,"template":"","format":"standard","meta":{"footnotes":""},"categories":[2],"tags":[],"class_list":{"0":"post-2617","1":"post","2":"type-post","3":"status-publish","4":"format-standard","6":"category-artikuj"},"yoast_head":"<!-- This site is optimized with the Yoast SEO plugin v27.4 - https:\/\/yoast.com\/product\/yoast-seo-wordpress\/ -->\n<title>Nj\u00eb let\u00ebr p\u00ebr Argita dhe Shk\u00eblzen Berish\u00ebn - FjALA e LIR\u00cb - Arkivi<\/title>\n<meta name=\"robots\" content=\"index, follow, max-snippet:-1, max-image-preview:large, max-video-preview:-1\" \/>\n<link rel=\"canonical\" href=\"https:\/\/fjala.info\/2009-2015\/nje-leter-per-argita-dhe-shkelzen-berishen\/\" \/>\n<meta property=\"og:locale\" content=\"sq_AL\" \/>\n<meta property=\"og:type\" content=\"article\" \/>\n<meta property=\"og:title\" content=\"Nj\u00eb let\u00ebr p\u00ebr Argita dhe Shk\u00eblzen Berish\u00ebn - FjALA e LIR\u00cb - Arkivi\" \/>\n<meta property=\"og:description\" content=\"Muhedin Brokaj, Ish-Ushtarak, 13.05.2010 F\u00ebmij\u00eb t\u00eb mir\u00eb! Jam nj\u00eb prind paksa m\u00eb i moshuar se babai juaj. Edhe un\u00eb kam f\u00ebmij\u00eb dhe i dua shum\u00eb. Po kaq dashuri kam p\u00ebr t\u00eb tjer\u00eb q\u00eb s&#8217;jan\u00eb n\u00eb lidhje familjare me mua. Jam rritur dhe edukuar si i till\u00eb n\u00eb familje, shkoll\u00eb dhe shoq\u00ebri. Kjo \u00ebsht\u00eb arsyeja e [&hellip;]\" \/>\n<meta property=\"og:url\" content=\"https:\/\/fjala.info\/2009-2015\/nje-leter-per-argita-dhe-shkelzen-berishen\/\" \/>\n<meta property=\"og:site_name\" content=\"FjALA e LIR\u00cb - Arkivi\" \/>\n<meta property=\"article:published_time\" content=\"2010-05-13T09:03:43+00:00\" \/>\n<meta name=\"author\" content=\"admin\" \/>\n<meta name=\"twitter:card\" content=\"summary_large_image\" \/>\n<meta name=\"twitter:label1\" content=\"Written by\" \/>\n\t<meta name=\"twitter:data1\" content=\"admin\" \/>\n\t<meta name=\"twitter:label2\" content=\"Est. reading time\" \/>\n\t<meta name=\"twitter:data2\" content=\"4 minutes\" \/>\n<script type=\"application\/ld+json\" class=\"yoast-schema-graph\">{\"@context\":\"https:\\\/\\\/schema.org\",\"@graph\":[{\"@type\":\"Article\",\"@id\":\"https:\\\/\\\/fjala.info\\\/2009-2015\\\/nje-leter-per-argita-dhe-shkelzen-berishen\\\/#article\",\"isPartOf\":{\"@id\":\"https:\\\/\\\/fjala.info\\\/2009-2015\\\/nje-leter-per-argita-dhe-shkelzen-berishen\\\/\"},\"author\":{\"name\":\"admin\",\"@id\":\"https:\\\/\\\/fjala.info\\\/2009-2015\\\/#\\\/schema\\\/person\\\/3aa1163ef05469c496fc94e77611ada2\"},\"headline\":\"Nj\u00eb let\u00ebr p\u00ebr Argita dhe Shk\u00eblzen Berish\u00ebn\",\"datePublished\":\"2010-05-13T09:03:43+00:00\",\"mainEntityOfPage\":{\"@id\":\"https:\\\/\\\/fjala.info\\\/2009-2015\\\/nje-leter-per-argita-dhe-shkelzen-berishen\\\/\"},\"wordCount\":808,\"commentCount\":0,\"publisher\":{\"@id\":\"https:\\\/\\\/fjala.info\\\/2009-2015\\\/#organization\"},\"articleSection\":[\"Artikuj\"],\"inLanguage\":\"sq-AL\",\"potentialAction\":[{\"@type\":\"CommentAction\",\"name\":\"Comment\",\"target\":[\"https:\\\/\\\/fjala.info\\\/2009-2015\\\/nje-leter-per-argita-dhe-shkelzen-berishen\\\/#respond\"]}]},{\"@type\":\"WebPage\",\"@id\":\"https:\\\/\\\/fjala.info\\\/2009-2015\\\/nje-leter-per-argita-dhe-shkelzen-berishen\\\/\",\"url\":\"https:\\\/\\\/fjala.info\\\/2009-2015\\\/nje-leter-per-argita-dhe-shkelzen-berishen\\\/\",\"name\":\"Nj\u00eb let\u00ebr p\u00ebr Argita dhe Shk\u00eblzen Berish\u00ebn - FjALA e LIR\u00cb - Arkivi\",\"isPartOf\":{\"@id\":\"https:\\\/\\\/fjala.info\\\/2009-2015\\\/#website\"},\"datePublished\":\"2010-05-13T09:03:43+00:00\",\"breadcrumb\":{\"@id\":\"https:\\\/\\\/fjala.info\\\/2009-2015\\\/nje-leter-per-argita-dhe-shkelzen-berishen\\\/#breadcrumb\"},\"inLanguage\":\"sq-AL\",\"potentialAction\":[{\"@type\":\"ReadAction\",\"target\":[\"https:\\\/\\\/fjala.info\\\/2009-2015\\\/nje-leter-per-argita-dhe-shkelzen-berishen\\\/\"]}]},{\"@type\":\"BreadcrumbList\",\"@id\":\"https:\\\/\\\/fjala.info\\\/2009-2015\\\/nje-leter-per-argita-dhe-shkelzen-berishen\\\/#breadcrumb\",\"itemListElement\":[{\"@type\":\"ListItem\",\"position\":1,\"name\":\"Home\",\"item\":\"https:\\\/\\\/fjala.info\\\/2009-2015\\\/\"},{\"@type\":\"ListItem\",\"position\":2,\"name\":\"Nj\u00eb let\u00ebr p\u00ebr Argita dhe Shk\u00eblzen Berish\u00ebn\"}]},{\"@type\":\"WebSite\",\"@id\":\"https:\\\/\\\/fjala.info\\\/2009-2015\\\/#website\",\"url\":\"https:\\\/\\\/fjala.info\\\/2009-2015\\\/\",\"name\":\"FjALA e LIR\u00cb - Arkivi\",\"description\":\"Arkivi 2009-2015\",\"publisher\":{\"@id\":\"https:\\\/\\\/fjala.info\\\/2009-2015\\\/#organization\"},\"potentialAction\":[{\"@type\":\"SearchAction\",\"target\":{\"@type\":\"EntryPoint\",\"urlTemplate\":\"https:\\\/\\\/fjala.info\\\/2009-2015\\\/?s={search_term_string}\"},\"query-input\":{\"@type\":\"PropertyValueSpecification\",\"valueRequired\":true,\"valueName\":\"search_term_string\"}}],\"inLanguage\":\"sq-AL\"},{\"@type\":\"Organization\",\"@id\":\"https:\\\/\\\/fjala.info\\\/2009-2015\\\/#organization\",\"name\":\"FjALA e LIR\u00cb - Arkivi\",\"url\":\"https:\\\/\\\/fjala.info\\\/2009-2015\\\/\",\"logo\":{\"@type\":\"ImageObject\",\"inLanguage\":\"sq-AL\",\"@id\":\"https:\\\/\\\/fjala.info\\\/2009-2015\\\/#\\\/schema\\\/logo\\\/image\\\/\",\"url\":\"\",\"contentUrl\":\"\",\"caption\":\"FjALA e LIR\u00cb - Arkivi\"},\"image\":{\"@id\":\"https:\\\/\\\/fjala.info\\\/2009-2015\\\/#\\\/schema\\\/logo\\\/image\\\/\"}},{\"@type\":\"Person\",\"@id\":\"https:\\\/\\\/fjala.info\\\/2009-2015\\\/#\\\/schema\\\/person\\\/3aa1163ef05469c496fc94e77611ada2\",\"name\":\"admin\",\"image\":{\"@type\":\"ImageObject\",\"inLanguage\":\"sq-AL\",\"@id\":\"https:\\\/\\\/fjala.info\\\/2009-2015\\\/wp-content\\\/uploads\\\/2012\\\/02\\\/arben_cokaj-120x150.jpg\",\"url\":\"https:\\\/\\\/fjala.info\\\/2009-2015\\\/wp-content\\\/uploads\\\/2012\\\/02\\\/arben_cokaj-120x150.jpg\",\"contentUrl\":\"https:\\\/\\\/fjala.info\\\/2009-2015\\\/wp-content\\\/uploads\\\/2012\\\/02\\\/arben_cokaj-120x150.jpg\",\"caption\":\"admin\"},\"description\":\"Admin, Fjala e Lir\u00eb\",\"sameAs\":[\"https:\\\/\\\/fjala.info\\\/\"],\"url\":\"https:\\\/\\\/fjala.info\\\/2009-2015\\\/author\\\/admin\\\/\"}]}<\/script>\n<!-- \/ Yoast SEO plugin. -->","yoast_head_json":{"title":"Nj\u00eb let\u00ebr p\u00ebr Argita dhe Shk\u00eblzen Berish\u00ebn - FjALA e LIR\u00cb - Arkivi","robots":{"index":"index","follow":"follow","max-snippet":"max-snippet:-1","max-image-preview":"max-image-preview:large","max-video-preview":"max-video-preview:-1"},"canonical":"https:\/\/fjala.info\/2009-2015\/nje-leter-per-argita-dhe-shkelzen-berishen\/","og_locale":"sq_AL","og_type":"article","og_title":"Nj\u00eb let\u00ebr p\u00ebr Argita dhe Shk\u00eblzen Berish\u00ebn - FjALA e LIR\u00cb - Arkivi","og_description":"Muhedin Brokaj, Ish-Ushtarak, 13.05.2010 F\u00ebmij\u00eb t\u00eb mir\u00eb! Jam nj\u00eb prind paksa m\u00eb i moshuar se babai juaj. Edhe un\u00eb kam f\u00ebmij\u00eb dhe i dua shum\u00eb. Po kaq dashuri kam p\u00ebr t\u00eb tjer\u00eb q\u00eb s&#8217;jan\u00eb n\u00eb lidhje familjare me mua. Jam rritur dhe edukuar si i till\u00eb n\u00eb familje, shkoll\u00eb dhe shoq\u00ebri. Kjo \u00ebsht\u00eb arsyeja e [&hellip;]","og_url":"https:\/\/fjala.info\/2009-2015\/nje-leter-per-argita-dhe-shkelzen-berishen\/","og_site_name":"FjALA e LIR\u00cb - Arkivi","article_published_time":"2010-05-13T09:03:43+00:00","author":"admin","twitter_card":"summary_large_image","twitter_misc":{"Written by":"admin","Est. reading time":"4 minutes"},"schema":{"@context":"https:\/\/schema.org","@graph":[{"@type":"Article","@id":"https:\/\/fjala.info\/2009-2015\/nje-leter-per-argita-dhe-shkelzen-berishen\/#article","isPartOf":{"@id":"https:\/\/fjala.info\/2009-2015\/nje-leter-per-argita-dhe-shkelzen-berishen\/"},"author":{"name":"admin","@id":"https:\/\/fjala.info\/2009-2015\/#\/schema\/person\/3aa1163ef05469c496fc94e77611ada2"},"headline":"Nj\u00eb let\u00ebr p\u00ebr Argita dhe Shk\u00eblzen Berish\u00ebn","datePublished":"2010-05-13T09:03:43+00:00","mainEntityOfPage":{"@id":"https:\/\/fjala.info\/2009-2015\/nje-leter-per-argita-dhe-shkelzen-berishen\/"},"wordCount":808,"commentCount":0,"publisher":{"@id":"https:\/\/fjala.info\/2009-2015\/#organization"},"articleSection":["Artikuj"],"inLanguage":"sq-AL","potentialAction":[{"@type":"CommentAction","name":"Comment","target":["https:\/\/fjala.info\/2009-2015\/nje-leter-per-argita-dhe-shkelzen-berishen\/#respond"]}]},{"@type":"WebPage","@id":"https:\/\/fjala.info\/2009-2015\/nje-leter-per-argita-dhe-shkelzen-berishen\/","url":"https:\/\/fjala.info\/2009-2015\/nje-leter-per-argita-dhe-shkelzen-berishen\/","name":"Nj\u00eb let\u00ebr p\u00ebr Argita dhe Shk\u00eblzen Berish\u00ebn - FjALA e LIR\u00cb - Arkivi","isPartOf":{"@id":"https:\/\/fjala.info\/2009-2015\/#website"},"datePublished":"2010-05-13T09:03:43+00:00","breadcrumb":{"@id":"https:\/\/fjala.info\/2009-2015\/nje-leter-per-argita-dhe-shkelzen-berishen\/#breadcrumb"},"inLanguage":"sq-AL","potentialAction":[{"@type":"ReadAction","target":["https:\/\/fjala.info\/2009-2015\/nje-leter-per-argita-dhe-shkelzen-berishen\/"]}]},{"@type":"BreadcrumbList","@id":"https:\/\/fjala.info\/2009-2015\/nje-leter-per-argita-dhe-shkelzen-berishen\/#breadcrumb","itemListElement":[{"@type":"ListItem","position":1,"name":"Home","item":"https:\/\/fjala.info\/2009-2015\/"},{"@type":"ListItem","position":2,"name":"Nj\u00eb let\u00ebr p\u00ebr Argita dhe Shk\u00eblzen Berish\u00ebn"}]},{"@type":"WebSite","@id":"https:\/\/fjala.info\/2009-2015\/#website","url":"https:\/\/fjala.info\/2009-2015\/","name":"FjALA e LIR\u00cb - Arkivi","description":"Arkivi 2009-2015","publisher":{"@id":"https:\/\/fjala.info\/2009-2015\/#organization"},"potentialAction":[{"@type":"SearchAction","target":{"@type":"EntryPoint","urlTemplate":"https:\/\/fjala.info\/2009-2015\/?s={search_term_string}"},"query-input":{"@type":"PropertyValueSpecification","valueRequired":true,"valueName":"search_term_string"}}],"inLanguage":"sq-AL"},{"@type":"Organization","@id":"https:\/\/fjala.info\/2009-2015\/#organization","name":"FjALA e LIR\u00cb - Arkivi","url":"https:\/\/fjala.info\/2009-2015\/","logo":{"@type":"ImageObject","inLanguage":"sq-AL","@id":"https:\/\/fjala.info\/2009-2015\/#\/schema\/logo\/image\/","url":"","contentUrl":"","caption":"FjALA e LIR\u00cb - Arkivi"},"image":{"@id":"https:\/\/fjala.info\/2009-2015\/#\/schema\/logo\/image\/"}},{"@type":"Person","@id":"https:\/\/fjala.info\/2009-2015\/#\/schema\/person\/3aa1163ef05469c496fc94e77611ada2","name":"admin","image":{"@type":"ImageObject","inLanguage":"sq-AL","@id":"https:\/\/fjala.info\/2009-2015\/wp-content\/uploads\/2012\/02\/arben_cokaj-120x150.jpg","url":"https:\/\/fjala.info\/2009-2015\/wp-content\/uploads\/2012\/02\/arben_cokaj-120x150.jpg","contentUrl":"https:\/\/fjala.info\/2009-2015\/wp-content\/uploads\/2012\/02\/arben_cokaj-120x150.jpg","caption":"admin"},"description":"Admin, Fjala e Lir\u00eb","sameAs":["https:\/\/fjala.info\/"],"url":"https:\/\/fjala.info\/2009-2015\/author\/admin\/"}]}},"_links":{"self":[{"href":"https:\/\/fjala.info\/2009-2015\/wp-json\/wp\/v2\/posts\/2617","targetHints":{"allow":["GET"]}}],"collection":[{"href":"https:\/\/fjala.info\/2009-2015\/wp-json\/wp\/v2\/posts"}],"about":[{"href":"https:\/\/fjala.info\/2009-2015\/wp-json\/wp\/v2\/types\/post"}],"author":[{"embeddable":true,"href":"https:\/\/fjala.info\/2009-2015\/wp-json\/wp\/v2\/users\/1"}],"replies":[{"embeddable":true,"href":"https:\/\/fjala.info\/2009-2015\/wp-json\/wp\/v2\/comments?post=2617"}],"version-history":[{"count":0,"href":"https:\/\/fjala.info\/2009-2015\/wp-json\/wp\/v2\/posts\/2617\/revisions"}],"wp:attachment":[{"href":"https:\/\/fjala.info\/2009-2015\/wp-json\/wp\/v2\/media?parent=2617"}],"wp:term":[{"taxonomy":"category","embeddable":true,"href":"https:\/\/fjala.info\/2009-2015\/wp-json\/wp\/v2\/categories?post=2617"},{"taxonomy":"post_tag","embeddable":true,"href":"https:\/\/fjala.info\/2009-2015\/wp-json\/wp\/v2\/tags?post=2617"}],"curies":[{"name":"wp","href":"https:\/\/api.w.org\/{rel}","templated":true}]}}