{"id":2615,"date":"2012-04-25T09:30:34","date_gmt":"2012-04-25T08:30:34","guid":{"rendered":"http:\/\/fjala.shkoder.net\/?p=2615"},"modified":"2012-04-25T09:30:34","modified_gmt":"2012-04-25T08:30:34","slug":"kioska-e-pavaresise","status":"publish","type":"post","link":"https:\/\/fjala.info\/2009-2015\/kioska-e-pavaresise\/","title":{"rendered":"\u201cKioska\u201d e Pavar\u00ebsis\u00eb"},"content":{"rendered":"<p><img decoding=\"async\" class=\"alignright size-thumbnail wp-image-7236\" title=\"Mero Baze\" src=\"http:\/\/www.shkoder.net\/images\/fjala\/mero_baze1.jpg\" alt=\"\" width=\"150\" \/> Nga <strong>Mero Baze<\/strong>, <em>24 Prill 2012<\/em><\/p>\n<p>Nj\u00eb monument, q\u00eb i p\u00ebrngjante shum\u00eb nj\u00eb kioske, \u00ebsht\u00eb p\u00ebrzgjedhur nga Ministria e Kultur\u00ebs si monumenti simbol i Pavar\u00ebsis\u00eb, q\u00eb do t\u00eb vendoset n\u00eb Tiran\u00eb. Nuk dihet ende sheshi, rruga apo nd\u00ebrtesa para s\u00eb cil\u00ebs do t\u00eb vendoset. Nuk \u00ebsht\u00eb menduar p\u00ebr k\u00ebt\u00eb. Meq\u00eb p\u00ebr 100 vjetorin nuk u p\u00ebrmbush\u00ebn dot premtimet e m\u00ebdha q\u00eb t\u00eb kthenin v\u00ebmendjen tek Tirana, si\u00e7 ishte parlamenti dhe stadiumi i ri, u sajua shpejt di\u00e7ka tjet\u00ebr. Nj\u00eb si pun\u00eb kioske. I shkon shum\u00eb stilit dhe identitetit t\u00eb qeverisjes Berisha.<\/p>\n<p>Nuk dua t\u00eb hyj n\u00eb polemika me shijet e juris\u00eb apo qytetar\u00ebve, pasi si\u00e7 thash\u00eb jam shum\u00eb dakord q\u00eb ajo t\u00eb p\u00ebrfaq\u00ebsoj\u00eb Pavar\u00ebsin\u00eb n\u00eb koh\u00ebn e Berish\u00ebs. \u00cbsht\u00eb nj\u00eb simbol i qart\u00eb i m\u00ebnyr\u00ebs sesi ai qeveris. Kioska, nga vet\u00eb konstrukti i saj, \u00ebsht\u00eb di\u00e7ka e p\u00ebrkohshme, di\u00e7ka pa rr\u00ebnj\u00eb, di\u00e7ka q\u00eb ngulet e shkulet sipas biznesit t\u00eb vog\u00ebl t\u00eb t\u00eb zotit, p\u00ebr t\u00eb zgjidhur hallet e dit\u00ebs. \u00cbsht\u00eb di\u00e7ka q\u00eb i p\u00ebrshtatet shum\u00eb Sali Berish\u00ebs n\u00eb k\u00ebt\u00eb 100 vjetor t\u00eb pavar\u00ebsis\u00eb. Duke pasur nj\u00eb problem psikologjik me Vlor\u00ebn, p\u00ebr shkak se \u00ebsht\u00eb qyteti q\u00eb e ka detyruar t\u00eb prish\u00eb shtetin p\u00ebr t\u00eb ruajtur pushtetin, ai po p\u00ebrs\u00ebrit sindrom\u00ebn e vitit 1997 p\u00ebr t\u00eb prishur tashm\u00eb historin\u00eb e shtetit p\u00ebr hir t\u00eb historis\u00eb s\u00eb pushtetit. Ideja se Vlora nuk \u00ebsht\u00eb e tij e b\u00ebn at\u00eb t\u00eb veproj\u00eb sikur nuk \u00ebsht\u00eb dhe e Shqip\u00ebris\u00eb.<\/p>\n<p>N\u00eb dalldin\u00eb e tij patriotike p\u00ebr t\u00eb mbuluar at\u00eb q\u00eb po b\u00ebn me Vlor\u00ebn, ai premtoi p\u00ebrve\u00e7 kiosk\u00ebs s\u00eb pavar\u00ebsis\u00eb dhe nj\u00eb varrez\u00eb p\u00ebr mbret\u00ebrin\u00eb shqiptare, nj\u00eb lloj panteoni p\u00ebr ta, duke sjell\u00eb prej Parisit eshtrat e Ahmet Zogut. Shqip\u00ebria realisht ka nevoj\u00eb p\u00ebr nj\u00eb varrez\u00eb t\u00eb personaliteteve t\u00eb saj. Por jo p\u00ebr nj\u00eb varrez\u00eb t\u00eb mbret\u00ebris\u00eb, pasi ne kemi pasur vet\u00ebm nj\u00eb mbret, dhe ai i b\u00ebr\u00eb n\u00eb mosh\u00ebn 32 vje\u00e7e dhe i shkuror\u00ebzuar po nga t\u00eb vet\u00ebt n\u00eb mosh\u00ebn 45 vje\u00e7e.<\/p>\n<p>Nj\u00ebqindvjetori i Pavar\u00ebsis\u00eb ndoshta ka nevoj\u00eb p\u00ebr nj\u00eb varrez\u00eb t\u00eb p\u00ebrbashk\u00ebt p\u00ebr 83 firm\u00ebtar\u00ebt e pavar\u00ebsis\u00eb. Ndoshta ka nevoj\u00eb p\u00ebr nj\u00eb varrez\u00eb ku t\u00eb prehen figurat politike m\u00eb t\u00eb spikatura t\u00eb historis\u00eb. Por nj\u00eb varrez\u00eb mbret\u00ebrore p\u00ebr nj\u00eb kuror\u00eb 13 vje\u00e7are \u00ebsht\u00eb e tep\u00ebrt. Ahmet Zogu mund t\u00eb varroset plot dinjitet pik\u00ebrisht n\u00eb nj\u00eb varrez\u00eb t\u00eb njer\u00ebzve t\u00eb shquar t\u00eb vendit, por jo i vetmuar n\u00eb nj\u00eb varrez\u00eb ku nuk e respekton askush.<\/p>\n<p>Por kam frik\u00eb se Sali Berish\u00ebs Ahmet Zogu nuk i \u00ebsht\u00eb kujtuar si burr\u00eb shteti, por si i ngjashmi i vet, me t\u00eb nj\u00ebjtin hall n\u00eb 25 vjetorin e pavar\u00ebsis\u00eb. N\u00eb vitin 1937, kur Shqip\u00ebria festoi p\u00ebr her\u00eb t\u00eb par\u00eb 25 vjetorin, nj\u00ebsoj si Sali Berisha, Ahmet Zogu i orientoi festimet n\u00eb Tiran\u00eb. Arsyeja p\u00ebr t\u00eb ishte dhe m\u00eb e fort\u00eb. N\u00eb Vlor\u00eb, bash tek Sheshi i Flamurit, af\u00ebr vendit ku u shpall pavar\u00ebsia, ishte varri i Avni Rustemit, njeriut q\u00eb ai e kish vrar\u00eb pas shpine n\u00eb Tiran\u00eb p\u00ebr hesape politike dhe luft\u00eb p\u00ebr pushtet. Duke mos qen\u00eb shum\u00eb i prirur t\u00eb shkonte n\u00eb nj\u00eb qytet q\u00eb i kujtonte jo vet\u00ebm drit\u00ebhijet n\u00eb t\u00eb cilat kish kaluar kurora e pushtetit t\u00eb tij mbret\u00ebror, por dhe n\u00eb nj\u00eb qytet plot lavdi pa mbret si\u00e7 ishte Vlora, ai nj\u00ebsoj si Berisha tani b\u00ebri nj\u00eb statuj\u00eb t\u00eb pavar\u00ebsis\u00eb n\u00eb Tiran\u00eb, e vendosi aty ku sot \u00ebsht\u00eb Sk\u00ebnderbeu, organizoi parada dhe festime, dhe nuk shkoi n\u00eb Vlor\u00eb at\u00eb dit\u00eb.<\/p>\n<p>Kjo paralele historike na e b\u00ebn m\u00eb t\u00eb kuptuesh\u00ebm faktin q\u00eb Berisha sot, dit\u00ebn kur p\u00ebrfundoi modelin e kiosk\u00ebs p\u00ebr pavar\u00ebsin\u00eb, kishte m\u00eb shum\u00eb n\u00eb mendje Ahmet Zogun dhe nj\u00eb varrez\u00eb p\u00ebr t\u00eb, se Ismail Qemal bej Vlor\u00ebn dhe varrin e tij n\u00eb Vlor\u00eb.<\/p>\n<p>Kioska e Pavar\u00ebsis\u00eb q\u00eb Berisha tashm\u00eb sajoi si nj\u00eb mund\u00ebsi q\u00eb t\u00eb jet\u00eb sa m\u00eb \u201cmobil\u201d p\u00ebr t\u00eb manovruar me fest\u00ebn e pavar\u00ebsis\u00eb, tashm\u00eb do t\u00eb pres\u00eb rrug\u00ebn, sheshin apo nd\u00ebrtes\u00ebn para s\u00eb cil\u00ebs do t\u00eb vendoset. Tani p\u00ebr tani u ngjan atyre \u201cKioskave t\u00eb Kunatit\u201d, q\u00eb i vendos me raste tek Rruga e Toptan\u00ebve p\u00ebr t\u00eb b\u00ebr\u00eb ndonj\u00eb lek dhe pastaj i mban t\u00eb mbyllura tek parkingu i Bar Kalas\u00eb. Edhe Kioska e Pavar\u00ebsis\u00eb s\u00eb Berish\u00ebs, at\u00eb fat ka.<\/p>\n<p>I duhet sa p\u00ebr t\u00eb shmangur Vlor\u00ebn, sa p\u00ebr t\u00eb imituar Zogun, sa p\u00ebr t\u00eb injoruar firm\u00ebtar\u00ebt e Pavar\u00ebsis\u00eb dhe Babain e Pavar\u00ebsis\u00eb, sa p\u00ebr t\u00eb fshir\u00eb nga kujtesa jon\u00eb premtimet e rrejshme q\u00eb b\u00ebri p\u00ebr 100 vjetorin\u2026 I duhet mbi t\u00eb gjitha p\u00ebr t\u00eb futur veten p\u00ebrkoh\u00ebsisht n\u00eb histori, duke e kthyer 28 N\u00ebntorin n\u00eb nj\u00eb panair patriotizmi, ku dhe ai do ket\u00eb kiosk\u00ebn e vet, p\u00ebrkrah nd\u00ebrtes\u00ebs s\u00eb r\u00ebnd\u00eb t\u00eb shtetit q\u00eb i lan\u00eb paraardh\u00ebsit e tij q\u00eb nga Ismail Qemal Bej Vlora. Mos ia ngisni k\u00ebt\u00eb kiosk\u00eb. Ai e meriton ta ket\u00eb at\u00eb si simbol t\u00eb asaj \u00e7far\u00eb i ka dh\u00ebn\u00eb k\u00ebtij vendi: \u00c7do gj\u00eb t\u00eb p\u00ebrkohshme. Kioska!!!<\/p>\n","protected":false},"excerpt":{"rendered":"<p>Nga Mero Baze, 24 Prill 2012 Nj\u00eb monument, q\u00eb i p\u00ebrngjante shum\u00eb nj\u00eb kioske, \u00ebsht\u00eb p\u00ebrzgjedhur nga Ministria e Kultur\u00ebs si monumenti simbol i Pavar\u00ebsis\u00eb, q\u00eb do t\u00eb vendoset n\u00eb Tiran\u00eb. Nuk dihet ende sheshi, rruga apo nd\u00ebrtesa para s\u00eb cil\u00ebs do t\u00eb vendoset. Nuk \u00ebsht\u00eb menduar p\u00ebr k\u00ebt\u00eb. Meq\u00eb p\u00ebr 100 vjetorin nuk u [&hellip;]<\/p>\n","protected":false},"author":1,"featured_media":0,"comment_status":"open","ping_status":"closed","sticky":false,"template":"","format":"standard","meta":{"footnotes":""},"categories":[2],"tags":[],"class_list":{"0":"post-2615","1":"post","2":"type-post","3":"status-publish","4":"format-standard","6":"category-artikuj"},"yoast_head":"<!-- This site is optimized with the Yoast SEO plugin v27.4 - https:\/\/yoast.com\/product\/yoast-seo-wordpress\/ -->\n<title>\u201cKioska\u201d e Pavar\u00ebsis\u00eb - FjALA e LIR\u00cb - Arkivi<\/title>\n<meta name=\"robots\" content=\"index, follow, max-snippet:-1, max-image-preview:large, max-video-preview:-1\" \/>\n<link rel=\"canonical\" href=\"https:\/\/fjala.info\/2009-2015\/kioska-e-pavaresise\/\" \/>\n<meta property=\"og:locale\" content=\"sq_AL\" \/>\n<meta property=\"og:type\" content=\"article\" \/>\n<meta property=\"og:title\" content=\"\u201cKioska\u201d e Pavar\u00ebsis\u00eb - FjALA e LIR\u00cb - Arkivi\" \/>\n<meta property=\"og:description\" content=\"Nga Mero Baze, 24 Prill 2012 Nj\u00eb monument, q\u00eb i p\u00ebrngjante shum\u00eb nj\u00eb kioske, \u00ebsht\u00eb p\u00ebrzgjedhur nga Ministria e Kultur\u00ebs si monumenti simbol i Pavar\u00ebsis\u00eb, q\u00eb do t\u00eb vendoset n\u00eb Tiran\u00eb. Nuk dihet ende sheshi, rruga apo nd\u00ebrtesa para s\u00eb cil\u00ebs do t\u00eb vendoset. Nuk \u00ebsht\u00eb menduar p\u00ebr k\u00ebt\u00eb. Meq\u00eb p\u00ebr 100 vjetorin nuk u [&hellip;]\" \/>\n<meta property=\"og:url\" content=\"https:\/\/fjala.info\/2009-2015\/kioska-e-pavaresise\/\" \/>\n<meta property=\"og:site_name\" content=\"FjALA e LIR\u00cb - Arkivi\" \/>\n<meta property=\"article:published_time\" content=\"2012-04-25T08:30:34+00:00\" \/>\n<meta property=\"og:image\" content=\"http:\/\/www.shkoder.net\/images\/fjala\/mero_baze1.jpg\" \/>\n<meta name=\"author\" content=\"admin\" \/>\n<meta name=\"twitter:card\" content=\"summary_large_image\" \/>\n<meta name=\"twitter:label1\" content=\"Written by\" \/>\n\t<meta name=\"twitter:data1\" content=\"admin\" \/>\n\t<meta name=\"twitter:label2\" content=\"Est. reading time\" \/>\n\t<meta name=\"twitter:data2\" content=\"5 minutes\" \/>\n<script type=\"application\/ld+json\" class=\"yoast-schema-graph\">{\"@context\":\"https:\\\/\\\/schema.org\",\"@graph\":[{\"@type\":\"Article\",\"@id\":\"https:\\\/\\\/fjala.info\\\/2009-2015\\\/kioska-e-pavaresise\\\/#article\",\"isPartOf\":{\"@id\":\"https:\\\/\\\/fjala.info\\\/2009-2015\\\/kioska-e-pavaresise\\\/\"},\"author\":{\"name\":\"admin\",\"@id\":\"https:\\\/\\\/fjala.info\\\/2009-2015\\\/#\\\/schema\\\/person\\\/3aa1163ef05469c496fc94e77611ada2\"},\"headline\":\"\u201cKioska\u201d e Pavar\u00ebsis\u00eb\",\"datePublished\":\"2012-04-25T08:30:34+00:00\",\"mainEntityOfPage\":{\"@id\":\"https:\\\/\\\/fjala.info\\\/2009-2015\\\/kioska-e-pavaresise\\\/\"},\"wordCount\":931,\"commentCount\":0,\"publisher\":{\"@id\":\"https:\\\/\\\/fjala.info\\\/2009-2015\\\/#organization\"},\"image\":{\"@id\":\"https:\\\/\\\/fjala.info\\\/2009-2015\\\/kioska-e-pavaresise\\\/#primaryimage\"},\"thumbnailUrl\":\"http:\\\/\\\/www.shkoder.net\\\/images\\\/fjala\\\/mero_baze1.jpg\",\"articleSection\":[\"Artikuj\"],\"inLanguage\":\"sq-AL\",\"potentialAction\":[{\"@type\":\"CommentAction\",\"name\":\"Comment\",\"target\":[\"https:\\\/\\\/fjala.info\\\/2009-2015\\\/kioska-e-pavaresise\\\/#respond\"]}]},{\"@type\":\"WebPage\",\"@id\":\"https:\\\/\\\/fjala.info\\\/2009-2015\\\/kioska-e-pavaresise\\\/\",\"url\":\"https:\\\/\\\/fjala.info\\\/2009-2015\\\/kioska-e-pavaresise\\\/\",\"name\":\"\u201cKioska\u201d e Pavar\u00ebsis\u00eb - FjALA e LIR\u00cb - Arkivi\",\"isPartOf\":{\"@id\":\"https:\\\/\\\/fjala.info\\\/2009-2015\\\/#website\"},\"primaryImageOfPage\":{\"@id\":\"https:\\\/\\\/fjala.info\\\/2009-2015\\\/kioska-e-pavaresise\\\/#primaryimage\"},\"image\":{\"@id\":\"https:\\\/\\\/fjala.info\\\/2009-2015\\\/kioska-e-pavaresise\\\/#primaryimage\"},\"thumbnailUrl\":\"http:\\\/\\\/www.shkoder.net\\\/images\\\/fjala\\\/mero_baze1.jpg\",\"datePublished\":\"2012-04-25T08:30:34+00:00\",\"breadcrumb\":{\"@id\":\"https:\\\/\\\/fjala.info\\\/2009-2015\\\/kioska-e-pavaresise\\\/#breadcrumb\"},\"inLanguage\":\"sq-AL\",\"potentialAction\":[{\"@type\":\"ReadAction\",\"target\":[\"https:\\\/\\\/fjala.info\\\/2009-2015\\\/kioska-e-pavaresise\\\/\"]}]},{\"@type\":\"ImageObject\",\"inLanguage\":\"sq-AL\",\"@id\":\"https:\\\/\\\/fjala.info\\\/2009-2015\\\/kioska-e-pavaresise\\\/#primaryimage\",\"url\":\"http:\\\/\\\/www.shkoder.net\\\/images\\\/fjala\\\/mero_baze1.jpg\",\"contentUrl\":\"http:\\\/\\\/www.shkoder.net\\\/images\\\/fjala\\\/mero_baze1.jpg\"},{\"@type\":\"BreadcrumbList\",\"@id\":\"https:\\\/\\\/fjala.info\\\/2009-2015\\\/kioska-e-pavaresise\\\/#breadcrumb\",\"itemListElement\":[{\"@type\":\"ListItem\",\"position\":1,\"name\":\"Home\",\"item\":\"https:\\\/\\\/fjala.info\\\/2009-2015\\\/\"},{\"@type\":\"ListItem\",\"position\":2,\"name\":\"\u201cKioska\u201d e Pavar\u00ebsis\u00eb\"}]},{\"@type\":\"WebSite\",\"@id\":\"https:\\\/\\\/fjala.info\\\/2009-2015\\\/#website\",\"url\":\"https:\\\/\\\/fjala.info\\\/2009-2015\\\/\",\"name\":\"FjALA e LIR\u00cb - Arkivi\",\"description\":\"Arkivi 2009-2015\",\"publisher\":{\"@id\":\"https:\\\/\\\/fjala.info\\\/2009-2015\\\/#organization\"},\"potentialAction\":[{\"@type\":\"SearchAction\",\"target\":{\"@type\":\"EntryPoint\",\"urlTemplate\":\"https:\\\/\\\/fjala.info\\\/2009-2015\\\/?s={search_term_string}\"},\"query-input\":{\"@type\":\"PropertyValueSpecification\",\"valueRequired\":true,\"valueName\":\"search_term_string\"}}],\"inLanguage\":\"sq-AL\"},{\"@type\":\"Organization\",\"@id\":\"https:\\\/\\\/fjala.info\\\/2009-2015\\\/#organization\",\"name\":\"FjALA e LIR\u00cb - Arkivi\",\"url\":\"https:\\\/\\\/fjala.info\\\/2009-2015\\\/\",\"logo\":{\"@type\":\"ImageObject\",\"inLanguage\":\"sq-AL\",\"@id\":\"https:\\\/\\\/fjala.info\\\/2009-2015\\\/#\\\/schema\\\/logo\\\/image\\\/\",\"url\":\"\",\"contentUrl\":\"\",\"caption\":\"FjALA e LIR\u00cb - Arkivi\"},\"image\":{\"@id\":\"https:\\\/\\\/fjala.info\\\/2009-2015\\\/#\\\/schema\\\/logo\\\/image\\\/\"}},{\"@type\":\"Person\",\"@id\":\"https:\\\/\\\/fjala.info\\\/2009-2015\\\/#\\\/schema\\\/person\\\/3aa1163ef05469c496fc94e77611ada2\",\"name\":\"admin\",\"image\":{\"@type\":\"ImageObject\",\"inLanguage\":\"sq-AL\",\"@id\":\"https:\\\/\\\/fjala.info\\\/2009-2015\\\/wp-content\\\/uploads\\\/2012\\\/02\\\/arben_cokaj-120x150.jpg\",\"url\":\"https:\\\/\\\/fjala.info\\\/2009-2015\\\/wp-content\\\/uploads\\\/2012\\\/02\\\/arben_cokaj-120x150.jpg\",\"contentUrl\":\"https:\\\/\\\/fjala.info\\\/2009-2015\\\/wp-content\\\/uploads\\\/2012\\\/02\\\/arben_cokaj-120x150.jpg\",\"caption\":\"admin\"},\"description\":\"Admin, Fjala e Lir\u00eb\",\"sameAs\":[\"https:\\\/\\\/fjala.info\\\/\"],\"url\":\"https:\\\/\\\/fjala.info\\\/2009-2015\\\/author\\\/admin\\\/\"}]}<\/script>\n<!-- \/ Yoast SEO plugin. -->","yoast_head_json":{"title":"\u201cKioska\u201d e Pavar\u00ebsis\u00eb - FjALA e LIR\u00cb - Arkivi","robots":{"index":"index","follow":"follow","max-snippet":"max-snippet:-1","max-image-preview":"max-image-preview:large","max-video-preview":"max-video-preview:-1"},"canonical":"https:\/\/fjala.info\/2009-2015\/kioska-e-pavaresise\/","og_locale":"sq_AL","og_type":"article","og_title":"\u201cKioska\u201d e Pavar\u00ebsis\u00eb - FjALA e LIR\u00cb - Arkivi","og_description":"Nga Mero Baze, 24 Prill 2012 Nj\u00eb monument, q\u00eb i p\u00ebrngjante shum\u00eb nj\u00eb kioske, \u00ebsht\u00eb p\u00ebrzgjedhur nga Ministria e Kultur\u00ebs si monumenti simbol i Pavar\u00ebsis\u00eb, q\u00eb do t\u00eb vendoset n\u00eb Tiran\u00eb. Nuk dihet ende sheshi, rruga apo nd\u00ebrtesa para s\u00eb cil\u00ebs do t\u00eb vendoset. Nuk \u00ebsht\u00eb menduar p\u00ebr k\u00ebt\u00eb. Meq\u00eb p\u00ebr 100 vjetorin nuk u [&hellip;]","og_url":"https:\/\/fjala.info\/2009-2015\/kioska-e-pavaresise\/","og_site_name":"FjALA e LIR\u00cb - Arkivi","article_published_time":"2012-04-25T08:30:34+00:00","og_image":[{"url":"http:\/\/www.shkoder.net\/images\/fjala\/mero_baze1.jpg","type":"","width":"","height":""}],"author":"admin","twitter_card":"summary_large_image","twitter_misc":{"Written by":"admin","Est. reading time":"5 minutes"},"schema":{"@context":"https:\/\/schema.org","@graph":[{"@type":"Article","@id":"https:\/\/fjala.info\/2009-2015\/kioska-e-pavaresise\/#article","isPartOf":{"@id":"https:\/\/fjala.info\/2009-2015\/kioska-e-pavaresise\/"},"author":{"name":"admin","@id":"https:\/\/fjala.info\/2009-2015\/#\/schema\/person\/3aa1163ef05469c496fc94e77611ada2"},"headline":"\u201cKioska\u201d e Pavar\u00ebsis\u00eb","datePublished":"2012-04-25T08:30:34+00:00","mainEntityOfPage":{"@id":"https:\/\/fjala.info\/2009-2015\/kioska-e-pavaresise\/"},"wordCount":931,"commentCount":0,"publisher":{"@id":"https:\/\/fjala.info\/2009-2015\/#organization"},"image":{"@id":"https:\/\/fjala.info\/2009-2015\/kioska-e-pavaresise\/#primaryimage"},"thumbnailUrl":"http:\/\/www.shkoder.net\/images\/fjala\/mero_baze1.jpg","articleSection":["Artikuj"],"inLanguage":"sq-AL","potentialAction":[{"@type":"CommentAction","name":"Comment","target":["https:\/\/fjala.info\/2009-2015\/kioska-e-pavaresise\/#respond"]}]},{"@type":"WebPage","@id":"https:\/\/fjala.info\/2009-2015\/kioska-e-pavaresise\/","url":"https:\/\/fjala.info\/2009-2015\/kioska-e-pavaresise\/","name":"\u201cKioska\u201d e Pavar\u00ebsis\u00eb - FjALA e LIR\u00cb - Arkivi","isPartOf":{"@id":"https:\/\/fjala.info\/2009-2015\/#website"},"primaryImageOfPage":{"@id":"https:\/\/fjala.info\/2009-2015\/kioska-e-pavaresise\/#primaryimage"},"image":{"@id":"https:\/\/fjala.info\/2009-2015\/kioska-e-pavaresise\/#primaryimage"},"thumbnailUrl":"http:\/\/www.shkoder.net\/images\/fjala\/mero_baze1.jpg","datePublished":"2012-04-25T08:30:34+00:00","breadcrumb":{"@id":"https:\/\/fjala.info\/2009-2015\/kioska-e-pavaresise\/#breadcrumb"},"inLanguage":"sq-AL","potentialAction":[{"@type":"ReadAction","target":["https:\/\/fjala.info\/2009-2015\/kioska-e-pavaresise\/"]}]},{"@type":"ImageObject","inLanguage":"sq-AL","@id":"https:\/\/fjala.info\/2009-2015\/kioska-e-pavaresise\/#primaryimage","url":"http:\/\/www.shkoder.net\/images\/fjala\/mero_baze1.jpg","contentUrl":"http:\/\/www.shkoder.net\/images\/fjala\/mero_baze1.jpg"},{"@type":"BreadcrumbList","@id":"https:\/\/fjala.info\/2009-2015\/kioska-e-pavaresise\/#breadcrumb","itemListElement":[{"@type":"ListItem","position":1,"name":"Home","item":"https:\/\/fjala.info\/2009-2015\/"},{"@type":"ListItem","position":2,"name":"\u201cKioska\u201d e Pavar\u00ebsis\u00eb"}]},{"@type":"WebSite","@id":"https:\/\/fjala.info\/2009-2015\/#website","url":"https:\/\/fjala.info\/2009-2015\/","name":"FjALA e LIR\u00cb - Arkivi","description":"Arkivi 2009-2015","publisher":{"@id":"https:\/\/fjala.info\/2009-2015\/#organization"},"potentialAction":[{"@type":"SearchAction","target":{"@type":"EntryPoint","urlTemplate":"https:\/\/fjala.info\/2009-2015\/?s={search_term_string}"},"query-input":{"@type":"PropertyValueSpecification","valueRequired":true,"valueName":"search_term_string"}}],"inLanguage":"sq-AL"},{"@type":"Organization","@id":"https:\/\/fjala.info\/2009-2015\/#organization","name":"FjALA e LIR\u00cb - Arkivi","url":"https:\/\/fjala.info\/2009-2015\/","logo":{"@type":"ImageObject","inLanguage":"sq-AL","@id":"https:\/\/fjala.info\/2009-2015\/#\/schema\/logo\/image\/","url":"","contentUrl":"","caption":"FjALA e LIR\u00cb - Arkivi"},"image":{"@id":"https:\/\/fjala.info\/2009-2015\/#\/schema\/logo\/image\/"}},{"@type":"Person","@id":"https:\/\/fjala.info\/2009-2015\/#\/schema\/person\/3aa1163ef05469c496fc94e77611ada2","name":"admin","image":{"@type":"ImageObject","inLanguage":"sq-AL","@id":"https:\/\/fjala.info\/2009-2015\/wp-content\/uploads\/2012\/02\/arben_cokaj-120x150.jpg","url":"https:\/\/fjala.info\/2009-2015\/wp-content\/uploads\/2012\/02\/arben_cokaj-120x150.jpg","contentUrl":"https:\/\/fjala.info\/2009-2015\/wp-content\/uploads\/2012\/02\/arben_cokaj-120x150.jpg","caption":"admin"},"description":"Admin, Fjala e Lir\u00eb","sameAs":["https:\/\/fjala.info\/"],"url":"https:\/\/fjala.info\/2009-2015\/author\/admin\/"}]}},"_links":{"self":[{"href":"https:\/\/fjala.info\/2009-2015\/wp-json\/wp\/v2\/posts\/2615","targetHints":{"allow":["GET"]}}],"collection":[{"href":"https:\/\/fjala.info\/2009-2015\/wp-json\/wp\/v2\/posts"}],"about":[{"href":"https:\/\/fjala.info\/2009-2015\/wp-json\/wp\/v2\/types\/post"}],"author":[{"embeddable":true,"href":"https:\/\/fjala.info\/2009-2015\/wp-json\/wp\/v2\/users\/1"}],"replies":[{"embeddable":true,"href":"https:\/\/fjala.info\/2009-2015\/wp-json\/wp\/v2\/comments?post=2615"}],"version-history":[{"count":0,"href":"https:\/\/fjala.info\/2009-2015\/wp-json\/wp\/v2\/posts\/2615\/revisions"}],"wp:attachment":[{"href":"https:\/\/fjala.info\/2009-2015\/wp-json\/wp\/v2\/media?parent=2615"}],"wp:term":[{"taxonomy":"category","embeddable":true,"href":"https:\/\/fjala.info\/2009-2015\/wp-json\/wp\/v2\/categories?post=2615"},{"taxonomy":"post_tag","embeddable":true,"href":"https:\/\/fjala.info\/2009-2015\/wp-json\/wp\/v2\/tags?post=2615"}],"curies":[{"name":"wp","href":"https:\/\/api.w.org\/{rel}","templated":true}]}}