{"id":2612,"date":"2012-04-23T22:22:28","date_gmt":"2012-04-23T21:22:28","guid":{"rendered":"http:\/\/fjala.shkoder.net\/?p=2612"},"modified":"2012-04-23T22:22:28","modified_gmt":"2012-04-23T21:22:28","slug":"kriza-e-librit-shqip","status":"publish","type":"post","link":"https:\/\/fjala.info\/2009-2015\/kriza-e-librit-shqip\/","title":{"rendered":"Kriza e librit shqip"},"content":{"rendered":"<p><img decoding=\"async\" class=\"alignright size-thumbnail wp-image-7236\" title=\"Ndue Ukaj\" src=\"http:\/\/www.shkoder.net\/2012\/ndue_ukaj.jpg\" alt=\"\" width=\"150\" \/> <strong>Ndue Ukaj<\/strong><\/p>\n<p>Me 23 prill, \u00ebsht\u00eb dita e librit. N\u00eb Kosov\u00eb, ku krizat e shum\u00ebfishta shoq\u00ebrore, jan\u00eb t\u00eb shumta, kjo dit\u00eb, nuk \u00ebsht\u00eb e dallueshme dhe k\u00ebsisoj s\u2019ka sesi t\u00eb p\u00ebrb\u00ebj ndonj\u00eb r\u00ebnd\u00ebsi.<\/p>\n<p>Shkrimtar\u00ebt shqiptar\u00eb t\u00eb k\u00ebsaj pjese, t\u00eb shkap\u00ebrderdhur si delet e sulmuara nga ujqit, e kan\u00eb t\u00eb zorshme t\u00eb mbajn\u00eb kurrizin drejt p\u00ebrball\u00eb politik\u00ebs dhe t\u2019iu q\u00ebndrojn\u00eb me dinjitetin e shkrimtarit, furtunave t\u00eb saj. Si alternativ\u00eb, disa preferojn\u00eb heshtjen, e shum\u00eb sosh b\u00ebjn\u00eb pun\u00ebn e argat\u00ebllekut.<\/p>\n<p>E p\u00ebr k\u00ebto arsye, q\u00eb assesi s\u2019 jan\u00eb t\u00eb vetmet, kjo dit\u00eb, duhet me na sh\u00ebrbye si moment reflektimi e meditimi, me e kuptua katandisjen dhe mjerimin e librit shqip, si dhe pozit\u00ebn e palakueshme t\u00eb shkrimtarit shqiptar.<\/p>\n<p>N\u00ebse kthejm\u00eb shikimin prapa n\u00eb historin\u00eb shqiptare, nga evidencat e shumta letrare t\u00eb mir\u00ebnjohura, e kuptojm\u00eb se momentet ma t\u00eb r\u00ebnd\u00ebsishme t\u00eb jet\u00ebs komb\u00ebtare shqiptare, i kan\u00eb krijua shkrimtar\u00ebt, t\u00eb cil\u00ebt u b\u00ebn misionar\u00eb t\u00eb ideve komb\u00ebtare, n\u00eb koh\u00eb kur k\u00ebrkohej liria, e pastaj t\u00eb ideve p\u00ebrparimtare dhe emancipimit, n\u00eb koh\u00eb kur k\u00ebrkohej zhvillimi e emancipimi.<\/p>\n<p>Krist Maloki, erudit i let\u00ebrsis\u00eb dhe kultur\u00ebs shqiptare, i cili i p\u00ebrket periudh\u00ebs s\u00eb art\u00eb t\u00eb viteve t\u00eb 30-ta, kur diskutonte p\u00ebr literatur\u00ebn shqiptare, pat shkruar: \u201cParalel me gjendjen dhe rjedhjet sociale qindron edhe literatura e jon\u00eb e shkatrueme. Pa nj\u00eb drejtim, pa nj\u00eb q\u00ebllim t\u00eb p\u00ebrbashk\u00ebt-mbasi u shterp edhe lopa e patriotizmit-vjershojn poetet e sotshem ner gjithfar\u00eb an\u00ebsh t\u00eb Shqip\u00ebni\u00ebs e gjithfar\u00eb vendesh t\u00eb huej, sejcili n\u00eb mendje t\u00eb vet\u00eb, pa fije inspiracijonit e shije artistike\u201d. Kan\u00eb kaluar dekada dhe let\u00ebrsia shqipe ka p\u00ebrjetua momente t\u00eb ndryshme evolimi dhe transformimi, mir\u00ebpo sot, n\u00ebse jemi t\u00eb vet\u00ebdijsh\u00ebm dhe heqim qafe dalldin\u00eb dhe vetk\u00ebnaq\u00ebsin\u00eb mburravece, mund t\u00eb themi se asnj\u00eb presje s\u2019mund t\u2019i hiqet vler\u00ebsimit t\u00eb K. Malokit.<\/p>\n<p>N\u00eb Kosov\u00eb, ka pak ose aspak shkrimtar\u00eb t\u00eb iluminun prej ideve t\u00eb mir\u00ebfillta letrare dhe estetike. Madje, let\u00ebrsia n\u00eb Kosov\u00eb, ende vazhdon t\u00eb jet\u00eb n\u00eb funksione joestetike (Northrop Fray) dhe ideologjike.<\/p>\n<p>N\u00eb Kosov\u00eb, librin e ka rr\u00ebmbye n\u00eb laboratorin e vet\u00eb padijes politika dhe e ka vu n\u00eb funksion t\u00eb \u201csh\u00ebrbimit\u201d ideologjik. Prandaj, nuk \u00ebsht\u00eb aspak e rast\u00ebsishme, ajo \u00e7far\u00eb ka ndodh n\u00eb fush\u00ebn e librit shqip n\u00eb dekad\u00ebn e fundit, n\u00eb t\u00eb cil\u00ebn munden me u gjet duzina t\u00eb t\u00ebra librash t\u00eb pavlera, por pak ose fare libra me vlera t\u00eb dallueshme artistike.<\/p>\n<p>Andaj, mundet me u konstatua pa hamendje, Kosova n\u00eb vitet e liris\u00eb, ka prodhua duzina librash, por pak vlera. K\u00ebt\u00eb fakt, e pranojn\u00eb gjith\u00eb njoh\u00ebsit e k\u00ebsaj let\u00ebrsie. Sot, \u00ebsht\u00eb e zorshme ose e pamundur t\u00eb b\u00ebhet nj\u00eb regjist\u00ebr me 10 libra t\u00eb mir\u00ebfillt\u00eb n\u00eb fush\u00ebn e proz\u00ebs, poezis\u00eb, kritik\u00ebs, dram\u00ebs, q\u00eb mund t\u2019iu ofrohen lexuesve t\u00eb p\u00ebrbotshme.<\/p>\n<p>Poezia, e cila \u00ebsht\u00eb mbret\u00ebresha e arteve, vuan nga nj\u00eb doz\u00eb kontinuele e patetizmi dhe poet\u00ebt shqiptar\u00eb, ende shkruajn\u00eb duke \u201cmjel lop\u00ebn\u201d e shterrur patriotike, pa inspirim dhe pa shije artistike.<\/p>\n<p>As mendimi p\u00ebr let\u00ebrsin\u00eb, i njohur ndryshe si kritika letrare, nuk q\u00ebndron m\u00eb mir\u00eb. P\u00ebrkundrazi, ai \u00ebsht\u00eb barrikadu brenda oborreve t\u00eb ndryshme partiake dhe k\u00ebshtu \u00ebsht\u00eb b\u00eb nj\u00eb mur i v\u00ebrtet pengues mes let\u00ebrsis\u00eb dhe lexuesve. Kritik\u00ebt letrare, kan\u00eb krijuar kultet e tyre p\u00ebr shkrimtar\u00ebt, duke ju pamund\u00ebsuar lexuesve t\u2019i lexojn\u00eb dhe vler\u00ebsojn\u00eb vet\u00eb.<\/p>\n<p>Drama shqipe, po ashtu \u00ebsht\u00eb n\u00eb trysnin\u00eb e politik\u00ebs dhe nuk \u00ebsht\u00eb zhvillua sipas ligj\u00ebsive t\u00eb saj t\u00eb natyrshme.<\/p>\n<p>Ky p\u00ebrshkrim, p\u00ebr gjendjen e let\u00ebrsis\u00eb shqipe, \u00ebsht\u00eb nj\u00eb d\u00ebshmi e qart\u00eb se gjendja e p\u00ebrgjithshme e shkrimit shqip dhe librit n\u00eb Kosov\u00eb \u00ebsht\u00eb n\u00eb kriz\u00eb t\u00eb thell\u00eb.<\/p>\n<p>Nj\u00eb proverb i njohur latin\u00eb thot\u00eb: &#8220;A verbis, ad verbera&#8221; &#8211; &#8220;Nga fjal\u00ebt, tek kamxhiku&#8221;. Proverbi n\u00eb fjal\u00eb, \u00ebsht\u00eb nj\u00eb sinjalistik\u00eb dometh\u00ebn\u00ebse, p\u00ebr rolin dhe pesh\u00ebn q\u00eb ka fjala e shkruar. Ndaj k\u00ebtij fushe shpirt\u00ebrore, n\u00eb k\u00ebto vite lirie, nuk \u00ebsht\u00eb treguar aspak kujdes dhe respekt, duke harruar se kultura \u00ebsht\u00eb shpirti i nj\u00eb kombi, nd\u00ebrsa libri, \u00ebsht\u00eb nj\u00eb nga shtyllat e tij.<\/p>\n<p>Dita e librit, edhe nj\u00ebher\u00eb na p\u00ebrkujton se n\u00eb \u00e7\u2019 krize t\u00eb thell\u00eb \u00ebsht\u00eb libri, se n\u00eb \u00e7\u2019kriz\u00eb \u00ebsht\u00eb let\u00ebrsia, mendimi kritik\u00eb letrar dhe n\u00eb p\u00ebrgjith\u00ebsi kultura. Kosova, v\u00ebrtet\u00eb ka kriza t\u00eb shum\u00ebfishta, por ajo e deformimeve shpirt\u00ebrore, \u00ebsht\u00eb m\u00eb e madhja, m\u00eb e rrezikshmja dhe m\u00eb kompleksja. Kosova, k\u00ebto viteve t\u00eb fundit, ka krijuar shkrimtar\u00eb servil, kritik\u00eb letrar argat\u00eb dhe njer\u00ebz t\u00eb \u201ckultur\u00ebs\u201d, q\u00eb t\u00eb vetmen pun\u00eb q\u00eb e b\u00ebjn\u00eb mir\u00eb, \u00ebsht\u00eb sh\u00ebrbimi ndaj pushteteve dhe partive.<\/p>\n<p>Kosova mjerisht, sot ka aq pak individualitete t\u00eb theksuara krijuese, sa t\u00eb kap ankthi. Shumica e shkrimtar\u00ebve shqiptar\u00eb n\u00eb Kosov\u00eb, t\u00eb futur n\u00ebn sqetullat e fondeve t\u00eb ndryshme, shkollave t\u00eb ndryshme dhe interesave t\u00eb ndryshme politike, b\u00ebjn\u00eb gjith\u00e7ka tjet\u00ebr, p\u00ebrve\u00e7 se kultur\u00eb.<\/p>\n<p>Libri \u00ebsht\u00eb i shenjt\u00eb, thoshte shkrimtari erudit Hose Luis Borhes. Andaj, si shkrimtar q\u00eb e \u00e7monte fjal\u00ebn deri n\u00eb adhurim, ai k\u00ebrkon tretman t\u00eb ve\u00e7ant\u00eb p\u00ebr librin.<br \/>\nPo e mbyll k\u00ebt\u00eb shkrim, me nj\u00eb referenc\u00eb nga ky autor, pa dashur dhe pasur nevoj\u00eb komentimi t\u00eb m\u00ebtutjesh\u00ebm: \u201cTa v\u00ebsh nj\u00eb lib\u00ebr n\u00eb duart e nj\u00eb injoranti, \u00ebsht\u00eb po aq e rrezikshme sa t\u00eb v\u00ebsh nj\u00eb shpat\u00eb n\u00eb duart e nj\u00eb f\u00ebmije. Ja pra se \u00e7far\u00eb mendohej at\u00ebher\u00eb p\u00ebr librin\u201d.<\/p>\n","protected":false},"excerpt":{"rendered":"<p>Ndue Ukaj Me 23 prill, \u00ebsht\u00eb dita e librit. N\u00eb Kosov\u00eb, ku krizat e shum\u00ebfishta shoq\u00ebrore, jan\u00eb t\u00eb shumta, kjo dit\u00eb, nuk \u00ebsht\u00eb e dallueshme dhe k\u00ebsisoj s\u2019ka sesi t\u00eb p\u00ebrb\u00ebj ndonj\u00eb r\u00ebnd\u00ebsi. Shkrimtar\u00ebt shqiptar\u00eb t\u00eb k\u00ebsaj pjese, t\u00eb shkap\u00ebrderdhur si delet e sulmuara nga ujqit, e kan\u00eb t\u00eb zorshme t\u00eb mbajn\u00eb kurrizin drejt p\u00ebrball\u00eb [&hellip;]<\/p>\n","protected":false},"author":1,"featured_media":0,"comment_status":"open","ping_status":"closed","sticky":false,"template":"","format":"standard","meta":{"footnotes":""},"categories":[2],"tags":[],"class_list":{"0":"post-2612","1":"post","2":"type-post","3":"status-publish","4":"format-standard","6":"category-artikuj"},"yoast_head":"<!-- This site is optimized with the Yoast SEO plugin v27.4 - https:\/\/yoast.com\/product\/yoast-seo-wordpress\/ -->\n<title>Kriza e librit shqip - FjALA e LIR\u00cb - Arkivi<\/title>\n<meta name=\"robots\" content=\"index, follow, max-snippet:-1, max-image-preview:large, max-video-preview:-1\" \/>\n<link rel=\"canonical\" href=\"https:\/\/fjala.info\/2009-2015\/kriza-e-librit-shqip\/\" \/>\n<meta property=\"og:locale\" content=\"sq_AL\" \/>\n<meta property=\"og:type\" content=\"article\" \/>\n<meta property=\"og:title\" content=\"Kriza e librit shqip - FjALA e LIR\u00cb - Arkivi\" \/>\n<meta property=\"og:description\" content=\"Ndue Ukaj Me 23 prill, \u00ebsht\u00eb dita e librit. N\u00eb Kosov\u00eb, ku krizat e shum\u00ebfishta shoq\u00ebrore, jan\u00eb t\u00eb shumta, kjo dit\u00eb, nuk \u00ebsht\u00eb e dallueshme dhe k\u00ebsisoj s\u2019ka sesi t\u00eb p\u00ebrb\u00ebj ndonj\u00eb r\u00ebnd\u00ebsi. Shkrimtar\u00ebt shqiptar\u00eb t\u00eb k\u00ebsaj pjese, t\u00eb shkap\u00ebrderdhur si delet e sulmuara nga ujqit, e kan\u00eb t\u00eb zorshme t\u00eb mbajn\u00eb kurrizin drejt p\u00ebrball\u00eb [&hellip;]\" \/>\n<meta property=\"og:url\" content=\"https:\/\/fjala.info\/2009-2015\/kriza-e-librit-shqip\/\" \/>\n<meta property=\"og:site_name\" content=\"FjALA e LIR\u00cb - Arkivi\" \/>\n<meta property=\"article:published_time\" content=\"2012-04-23T21:22:28+00:00\" \/>\n<meta property=\"og:image\" content=\"http:\/\/www.shkoder.net\/2012\/ndue_ukaj.jpg\" \/>\n<meta name=\"author\" content=\"admin\" \/>\n<meta name=\"twitter:card\" content=\"summary_large_image\" \/>\n<meta name=\"twitter:label1\" content=\"Written by\" \/>\n\t<meta name=\"twitter:data1\" content=\"admin\" \/>\n\t<meta name=\"twitter:label2\" content=\"Est. reading time\" \/>\n\t<meta name=\"twitter:data2\" content=\"5 minutes\" \/>\n<script type=\"application\/ld+json\" class=\"yoast-schema-graph\">{\"@context\":\"https:\\\/\\\/schema.org\",\"@graph\":[{\"@type\":\"Article\",\"@id\":\"https:\\\/\\\/fjala.info\\\/2009-2015\\\/kriza-e-librit-shqip\\\/#article\",\"isPartOf\":{\"@id\":\"https:\\\/\\\/fjala.info\\\/2009-2015\\\/kriza-e-librit-shqip\\\/\"},\"author\":{\"name\":\"admin\",\"@id\":\"https:\\\/\\\/fjala.info\\\/2009-2015\\\/#\\\/schema\\\/person\\\/3aa1163ef05469c496fc94e77611ada2\"},\"headline\":\"Kriza e librit shqip\",\"datePublished\":\"2012-04-23T21:22:28+00:00\",\"mainEntityOfPage\":{\"@id\":\"https:\\\/\\\/fjala.info\\\/2009-2015\\\/kriza-e-librit-shqip\\\/\"},\"wordCount\":979,\"commentCount\":0,\"publisher\":{\"@id\":\"https:\\\/\\\/fjala.info\\\/2009-2015\\\/#organization\"},\"image\":{\"@id\":\"https:\\\/\\\/fjala.info\\\/2009-2015\\\/kriza-e-librit-shqip\\\/#primaryimage\"},\"thumbnailUrl\":\"http:\\\/\\\/www.shkoder.net\\\/2012\\\/ndue_ukaj.jpg\",\"articleSection\":[\"Artikuj\"],\"inLanguage\":\"sq-AL\",\"potentialAction\":[{\"@type\":\"CommentAction\",\"name\":\"Comment\",\"target\":[\"https:\\\/\\\/fjala.info\\\/2009-2015\\\/kriza-e-librit-shqip\\\/#respond\"]}]},{\"@type\":\"WebPage\",\"@id\":\"https:\\\/\\\/fjala.info\\\/2009-2015\\\/kriza-e-librit-shqip\\\/\",\"url\":\"https:\\\/\\\/fjala.info\\\/2009-2015\\\/kriza-e-librit-shqip\\\/\",\"name\":\"Kriza e librit shqip - FjALA e LIR\u00cb - Arkivi\",\"isPartOf\":{\"@id\":\"https:\\\/\\\/fjala.info\\\/2009-2015\\\/#website\"},\"primaryImageOfPage\":{\"@id\":\"https:\\\/\\\/fjala.info\\\/2009-2015\\\/kriza-e-librit-shqip\\\/#primaryimage\"},\"image\":{\"@id\":\"https:\\\/\\\/fjala.info\\\/2009-2015\\\/kriza-e-librit-shqip\\\/#primaryimage\"},\"thumbnailUrl\":\"http:\\\/\\\/www.shkoder.net\\\/2012\\\/ndue_ukaj.jpg\",\"datePublished\":\"2012-04-23T21:22:28+00:00\",\"breadcrumb\":{\"@id\":\"https:\\\/\\\/fjala.info\\\/2009-2015\\\/kriza-e-librit-shqip\\\/#breadcrumb\"},\"inLanguage\":\"sq-AL\",\"potentialAction\":[{\"@type\":\"ReadAction\",\"target\":[\"https:\\\/\\\/fjala.info\\\/2009-2015\\\/kriza-e-librit-shqip\\\/\"]}]},{\"@type\":\"ImageObject\",\"inLanguage\":\"sq-AL\",\"@id\":\"https:\\\/\\\/fjala.info\\\/2009-2015\\\/kriza-e-librit-shqip\\\/#primaryimage\",\"url\":\"http:\\\/\\\/www.shkoder.net\\\/2012\\\/ndue_ukaj.jpg\",\"contentUrl\":\"http:\\\/\\\/www.shkoder.net\\\/2012\\\/ndue_ukaj.jpg\"},{\"@type\":\"BreadcrumbList\",\"@id\":\"https:\\\/\\\/fjala.info\\\/2009-2015\\\/kriza-e-librit-shqip\\\/#breadcrumb\",\"itemListElement\":[{\"@type\":\"ListItem\",\"position\":1,\"name\":\"Home\",\"item\":\"https:\\\/\\\/fjala.info\\\/2009-2015\\\/\"},{\"@type\":\"ListItem\",\"position\":2,\"name\":\"Kriza e librit shqip\"}]},{\"@type\":\"WebSite\",\"@id\":\"https:\\\/\\\/fjala.info\\\/2009-2015\\\/#website\",\"url\":\"https:\\\/\\\/fjala.info\\\/2009-2015\\\/\",\"name\":\"FjALA e LIR\u00cb - Arkivi\",\"description\":\"Arkivi 2009-2015\",\"publisher\":{\"@id\":\"https:\\\/\\\/fjala.info\\\/2009-2015\\\/#organization\"},\"potentialAction\":[{\"@type\":\"SearchAction\",\"target\":{\"@type\":\"EntryPoint\",\"urlTemplate\":\"https:\\\/\\\/fjala.info\\\/2009-2015\\\/?s={search_term_string}\"},\"query-input\":{\"@type\":\"PropertyValueSpecification\",\"valueRequired\":true,\"valueName\":\"search_term_string\"}}],\"inLanguage\":\"sq-AL\"},{\"@type\":\"Organization\",\"@id\":\"https:\\\/\\\/fjala.info\\\/2009-2015\\\/#organization\",\"name\":\"FjALA e LIR\u00cb - Arkivi\",\"url\":\"https:\\\/\\\/fjala.info\\\/2009-2015\\\/\",\"logo\":{\"@type\":\"ImageObject\",\"inLanguage\":\"sq-AL\",\"@id\":\"https:\\\/\\\/fjala.info\\\/2009-2015\\\/#\\\/schema\\\/logo\\\/image\\\/\",\"url\":\"\",\"contentUrl\":\"\",\"caption\":\"FjALA e LIR\u00cb - Arkivi\"},\"image\":{\"@id\":\"https:\\\/\\\/fjala.info\\\/2009-2015\\\/#\\\/schema\\\/logo\\\/image\\\/\"}},{\"@type\":\"Person\",\"@id\":\"https:\\\/\\\/fjala.info\\\/2009-2015\\\/#\\\/schema\\\/person\\\/3aa1163ef05469c496fc94e77611ada2\",\"name\":\"admin\",\"image\":{\"@type\":\"ImageObject\",\"inLanguage\":\"sq-AL\",\"@id\":\"https:\\\/\\\/fjala.info\\\/2009-2015\\\/wp-content\\\/uploads\\\/2012\\\/02\\\/arben_cokaj-120x150.jpg\",\"url\":\"https:\\\/\\\/fjala.info\\\/2009-2015\\\/wp-content\\\/uploads\\\/2012\\\/02\\\/arben_cokaj-120x150.jpg\",\"contentUrl\":\"https:\\\/\\\/fjala.info\\\/2009-2015\\\/wp-content\\\/uploads\\\/2012\\\/02\\\/arben_cokaj-120x150.jpg\",\"caption\":\"admin\"},\"description\":\"Admin, Fjala e Lir\u00eb\",\"sameAs\":[\"https:\\\/\\\/fjala.info\\\/\"],\"url\":\"https:\\\/\\\/fjala.info\\\/2009-2015\\\/author\\\/admin\\\/\"}]}<\/script>\n<!-- \/ Yoast SEO plugin. -->","yoast_head_json":{"title":"Kriza e librit shqip - FjALA e LIR\u00cb - Arkivi","robots":{"index":"index","follow":"follow","max-snippet":"max-snippet:-1","max-image-preview":"max-image-preview:large","max-video-preview":"max-video-preview:-1"},"canonical":"https:\/\/fjala.info\/2009-2015\/kriza-e-librit-shqip\/","og_locale":"sq_AL","og_type":"article","og_title":"Kriza e librit shqip - FjALA e LIR\u00cb - Arkivi","og_description":"Ndue Ukaj Me 23 prill, \u00ebsht\u00eb dita e librit. N\u00eb Kosov\u00eb, ku krizat e shum\u00ebfishta shoq\u00ebrore, jan\u00eb t\u00eb shumta, kjo dit\u00eb, nuk \u00ebsht\u00eb e dallueshme dhe k\u00ebsisoj s\u2019ka sesi t\u00eb p\u00ebrb\u00ebj ndonj\u00eb r\u00ebnd\u00ebsi. Shkrimtar\u00ebt shqiptar\u00eb t\u00eb k\u00ebsaj pjese, t\u00eb shkap\u00ebrderdhur si delet e sulmuara nga ujqit, e kan\u00eb t\u00eb zorshme t\u00eb mbajn\u00eb kurrizin drejt p\u00ebrball\u00eb [&hellip;]","og_url":"https:\/\/fjala.info\/2009-2015\/kriza-e-librit-shqip\/","og_site_name":"FjALA e LIR\u00cb - Arkivi","article_published_time":"2012-04-23T21:22:28+00:00","og_image":[{"url":"http:\/\/www.shkoder.net\/2012\/ndue_ukaj.jpg","type":"","width":"","height":""}],"author":"admin","twitter_card":"summary_large_image","twitter_misc":{"Written by":"admin","Est. reading time":"5 minutes"},"schema":{"@context":"https:\/\/schema.org","@graph":[{"@type":"Article","@id":"https:\/\/fjala.info\/2009-2015\/kriza-e-librit-shqip\/#article","isPartOf":{"@id":"https:\/\/fjala.info\/2009-2015\/kriza-e-librit-shqip\/"},"author":{"name":"admin","@id":"https:\/\/fjala.info\/2009-2015\/#\/schema\/person\/3aa1163ef05469c496fc94e77611ada2"},"headline":"Kriza e librit shqip","datePublished":"2012-04-23T21:22:28+00:00","mainEntityOfPage":{"@id":"https:\/\/fjala.info\/2009-2015\/kriza-e-librit-shqip\/"},"wordCount":979,"commentCount":0,"publisher":{"@id":"https:\/\/fjala.info\/2009-2015\/#organization"},"image":{"@id":"https:\/\/fjala.info\/2009-2015\/kriza-e-librit-shqip\/#primaryimage"},"thumbnailUrl":"http:\/\/www.shkoder.net\/2012\/ndue_ukaj.jpg","articleSection":["Artikuj"],"inLanguage":"sq-AL","potentialAction":[{"@type":"CommentAction","name":"Comment","target":["https:\/\/fjala.info\/2009-2015\/kriza-e-librit-shqip\/#respond"]}]},{"@type":"WebPage","@id":"https:\/\/fjala.info\/2009-2015\/kriza-e-librit-shqip\/","url":"https:\/\/fjala.info\/2009-2015\/kriza-e-librit-shqip\/","name":"Kriza e librit shqip - FjALA e LIR\u00cb - Arkivi","isPartOf":{"@id":"https:\/\/fjala.info\/2009-2015\/#website"},"primaryImageOfPage":{"@id":"https:\/\/fjala.info\/2009-2015\/kriza-e-librit-shqip\/#primaryimage"},"image":{"@id":"https:\/\/fjala.info\/2009-2015\/kriza-e-librit-shqip\/#primaryimage"},"thumbnailUrl":"http:\/\/www.shkoder.net\/2012\/ndue_ukaj.jpg","datePublished":"2012-04-23T21:22:28+00:00","breadcrumb":{"@id":"https:\/\/fjala.info\/2009-2015\/kriza-e-librit-shqip\/#breadcrumb"},"inLanguage":"sq-AL","potentialAction":[{"@type":"ReadAction","target":["https:\/\/fjala.info\/2009-2015\/kriza-e-librit-shqip\/"]}]},{"@type":"ImageObject","inLanguage":"sq-AL","@id":"https:\/\/fjala.info\/2009-2015\/kriza-e-librit-shqip\/#primaryimage","url":"http:\/\/www.shkoder.net\/2012\/ndue_ukaj.jpg","contentUrl":"http:\/\/www.shkoder.net\/2012\/ndue_ukaj.jpg"},{"@type":"BreadcrumbList","@id":"https:\/\/fjala.info\/2009-2015\/kriza-e-librit-shqip\/#breadcrumb","itemListElement":[{"@type":"ListItem","position":1,"name":"Home","item":"https:\/\/fjala.info\/2009-2015\/"},{"@type":"ListItem","position":2,"name":"Kriza e librit shqip"}]},{"@type":"WebSite","@id":"https:\/\/fjala.info\/2009-2015\/#website","url":"https:\/\/fjala.info\/2009-2015\/","name":"FjALA e LIR\u00cb - Arkivi","description":"Arkivi 2009-2015","publisher":{"@id":"https:\/\/fjala.info\/2009-2015\/#organization"},"potentialAction":[{"@type":"SearchAction","target":{"@type":"EntryPoint","urlTemplate":"https:\/\/fjala.info\/2009-2015\/?s={search_term_string}"},"query-input":{"@type":"PropertyValueSpecification","valueRequired":true,"valueName":"search_term_string"}}],"inLanguage":"sq-AL"},{"@type":"Organization","@id":"https:\/\/fjala.info\/2009-2015\/#organization","name":"FjALA e LIR\u00cb - Arkivi","url":"https:\/\/fjala.info\/2009-2015\/","logo":{"@type":"ImageObject","inLanguage":"sq-AL","@id":"https:\/\/fjala.info\/2009-2015\/#\/schema\/logo\/image\/","url":"","contentUrl":"","caption":"FjALA e LIR\u00cb - Arkivi"},"image":{"@id":"https:\/\/fjala.info\/2009-2015\/#\/schema\/logo\/image\/"}},{"@type":"Person","@id":"https:\/\/fjala.info\/2009-2015\/#\/schema\/person\/3aa1163ef05469c496fc94e77611ada2","name":"admin","image":{"@type":"ImageObject","inLanguage":"sq-AL","@id":"https:\/\/fjala.info\/2009-2015\/wp-content\/uploads\/2012\/02\/arben_cokaj-120x150.jpg","url":"https:\/\/fjala.info\/2009-2015\/wp-content\/uploads\/2012\/02\/arben_cokaj-120x150.jpg","contentUrl":"https:\/\/fjala.info\/2009-2015\/wp-content\/uploads\/2012\/02\/arben_cokaj-120x150.jpg","caption":"admin"},"description":"Admin, Fjala e Lir\u00eb","sameAs":["https:\/\/fjala.info\/"],"url":"https:\/\/fjala.info\/2009-2015\/author\/admin\/"}]}},"_links":{"self":[{"href":"https:\/\/fjala.info\/2009-2015\/wp-json\/wp\/v2\/posts\/2612","targetHints":{"allow":["GET"]}}],"collection":[{"href":"https:\/\/fjala.info\/2009-2015\/wp-json\/wp\/v2\/posts"}],"about":[{"href":"https:\/\/fjala.info\/2009-2015\/wp-json\/wp\/v2\/types\/post"}],"author":[{"embeddable":true,"href":"https:\/\/fjala.info\/2009-2015\/wp-json\/wp\/v2\/users\/1"}],"replies":[{"embeddable":true,"href":"https:\/\/fjala.info\/2009-2015\/wp-json\/wp\/v2\/comments?post=2612"}],"version-history":[{"count":0,"href":"https:\/\/fjala.info\/2009-2015\/wp-json\/wp\/v2\/posts\/2612\/revisions"}],"wp:attachment":[{"href":"https:\/\/fjala.info\/2009-2015\/wp-json\/wp\/v2\/media?parent=2612"}],"wp:term":[{"taxonomy":"category","embeddable":true,"href":"https:\/\/fjala.info\/2009-2015\/wp-json\/wp\/v2\/categories?post=2612"},{"taxonomy":"post_tag","embeddable":true,"href":"https:\/\/fjala.info\/2009-2015\/wp-json\/wp\/v2\/tags?post=2612"}],"curies":[{"name":"wp","href":"https:\/\/api.w.org\/{rel}","templated":true}]}}