{"id":2605,"date":"2012-04-23T14:45:43","date_gmt":"2012-04-23T13:45:43","guid":{"rendered":"http:\/\/fjala.shkoder.net\/?p=2605"},"modified":"2012-04-23T14:45:43","modified_gmt":"2012-04-23T13:45:43","slug":"me-23-prill-shen-gjergjin-e-festojne-kristjanet-dhe-myslimanet","status":"publish","type":"post","link":"https:\/\/fjala.info\/2009-2015\/me-23-prill-shen-gjergjin-e-festojne-kristjanet-dhe-myslimanet\/","title":{"rendered":"M\u00eb 23 prill Sh\u00ebn Gjergjin e festojne kristjanet dhe mysliman\u00ebt"},"content":{"rendered":"<p><img decoding=\"async\" class=\"alignright size-thumbnail wp-image-7236\" title=\"Sh\u00ebn Gjergji\" src=\"http:\/\/www.shkoder.net\/2012\/shen_gjergji.jpg\" alt=\"\" width=\"300\" \/>\u00a0(<em>simbol i triumfit mbi t\u00eb keqen<\/em>)<\/p>\n<p>Te gjithe shqiptaret kristjan dhe muhamedan e festojne Shen Gjergjin ne kujtim te Heroit kombetar Gjergj Kastriotit, i cili i bashkoi dhe luftoi me popullin shqiptar kundra te keqes se madhe, kundra pushtuesit aziatik, kundra djallit osman.<\/p>\n<p>Sh\u00ebn Gjergji \u00ebsht\u00eb shenjt tep\u00ebr i njohur edhe n\u00eb Shqip\u00ebri. Devocioni i tij ka p\u00ebrshkuar shekujt, duke u lidhur me zakone shum\u00eb t\u00eb bukura t\u00eb ardhjes s\u00eb pranver\u00ebs, si\u00e7 \u00ebsht\u00eb zakoni i varjes s\u00eb gemave t\u00eb blert\u00eb, simbol i ringjalljes s\u00eb natyr\u00ebs, n\u00eb dyert e jashtme e t\u00eb brendshme t\u00eb sht\u00ebpive. K\u00ebto doke simbolike, prek\u00ebse t\u00eb fest\u00ebs s\u00eb Shenjtit i p\u00ebrshkruan shkrimtari i madh, Ernest Koliqi, n\u00eb poezin\u00eb e njohur \u201cDit\u00eb Sh\u00ebngjergjash\u201d.<\/p>\n<p>N\u00eb Shqip\u00ebri ndeshet dendur edhe toponimi \u2018Sh\u00ebn Gjergj\u2019, q\u00eb d\u00ebshmon p\u00ebr ekzistenc\u00ebn e Kishave e kuvendeve t\u00eb lashta kushtuar Shenjtit n\u00eb Veri e n\u00eb Jug: mjafton t\u00eb kujtojm\u00eb Sh\u00ebn Gjergjin e Tiran\u00ebs e at\u00eb t\u00eb Vlor\u00ebs, ku i fundit i njohur edhe n\u00eb bot\u00eb p\u00ebr bukurit\u00eb e natyr\u00ebs; e sidomos Kish\u00ebn e re t\u00eb Sh\u00ebn Gjergjit n\u00eb N\u00ebnshat t\u00eb dioqez\u00ebs s\u00eb Sap\u00ebs, q\u00eb d\u00ebshmon p\u00ebr p\u00ebrt\u00ebritjen e traditave t\u00eb lashta n\u00eb koh\u00eb t\u00eb reja. Emri Gjergj \u00ebsht\u00eb shum\u00eb i p\u00ebrhapur nd\u00ebr shqiptar\u00eb n\u00eb trajtat Gjergj, Gjergjush, Gjush, Xhorxh, Gjorg p\u00ebr burrat e Gjorgjina p\u00ebr grat\u00eb. E mjafton t\u00eb kujtojm\u00eb se dy nga burrat m\u00eb t\u00eb shquar t\u00eb trojeve shqiptare, mbajn\u00eb emrin e Shenjtit: Gjergj Kastrioti e Gjergj Fishta.<\/p>\n<p>N\u00eb tradit\u00ebn islame Gjergjit i \u00ebsht\u00eb dh\u00ebn\u00eb titullin e \u201cprofetit\u201d, dhe historite e veprave t\u00eb tij, q\u00eb datojn\u00eb q\u00eb nga koha e Uehb ibn Munebih (rreth vitit 728-33), riprodhon thuajse fjal\u00eb p\u00ebr fjal\u00eb versione e vjet\u00ebr siriane e vizatime t\u00eb legjend\u00ebs, t\u00eb cilat, megjithat\u00eb,\u201cinjoron aspektin luftarak t\u00eb figur\u00ebs s\u00eb shenjtorit dhe vendndodhjen e luft\u00ebn e tij me dragoin ose Beryto Lida, e cila, me gjithat\u00eb, p\u00ebrkushtimi popullor n\u00eb Islam ka ruajtur kujtimin deri n\u00ebdit\u00ebt tona\u201d (G. Levi i Vida, cit. n\u00eb bibl., f. 143). Marre nga http:\/\/www.santiebeati.it\/schede\/s26850.htm ).<\/p>\n<p>Sot m\u00eb 23 prill kalendari i Kish\u00ebs katolike p\u00ebrkujton sh\u00ebn Gjergjin, martir nga Lidia qyteti i sotem Jaffa ne Izrael. \u00cbsht\u00eb nj\u00eb nga shenjtor\u00ebt m\u00eb t\u00eb njohur, simbol i triumfit mbi t\u00eb keqen dhe kasnec i pranver\u00ebs. Sh\u00ebn Gjergji lindi n\u00eb Kapadokie, ku edhe u b\u00eb oficer i ushtris\u00eb romake. I kthyer n\u00eb fen\u00eb e krishter\u00eb nga e \u00ebma, hoqi dor\u00eb nga ky rang. Gjat\u00eb shp\u00ebrthimit t\u00eb martirizimit kund\u00ebr t\u00eb krishter\u00ebve, u burgos dhe u martirizua. I p\u00ebrballoi me nj\u00eb heroiz\u00ebm t\u00eb pashoq t\u00eb gjitha torturat e edhe vdekjen, n\u00eb em\u00ebr t\u00eb Krishtit.<\/p>\n<p>Kulti i tij, shum\u00eb i lasht\u00eb, nisi t\u00eb p\u00ebrhapej s\u00eb pari n\u00eb Palestin\u00eb. Figura e Sh\u00ebn Gjergjit u lidh me goj\u00ebdh\u00ebn\u00ebn e famshme t\u00eb fitores mbi dragoin, e cila n\u00eb p\u00ebrfytyrimin popullor simbolizonte fitoren e krishterimit mbi dhun\u00ebn \u00e7njer\u00ebzore t\u00eb s\u00eb keqes. Prandaj n\u00eb ikonografi paraqitet gjithnj\u00eb si kalor\u00ebs kreshnik q\u00eb ndeshet dhe mund draguan.<\/p>\n<p>Devocioni ndaj Shenjtit u rrit e u p\u00ebrhap gjithnj\u00eb m\u00eb tep\u00ebr n\u00eb rrjedh\u00eb shekujsh. N\u00eb mesjet\u00eb, kalor\u00ebsit e zgjodh\u00ebn Pajtor. Pas tyre u zgjodh edhe Pajtor i mbret\u00ebrve t\u00eb Anglis\u00eb, duke nisur nga Rikard Zem\u00ebrluani. Mbetet dhe sot e k\u00ebsaj dite Pajtor i sht\u00ebpis\u00eb mbret\u00ebrore angleze e trojeve t\u00eb saj.<\/p>\n<p>Publikue n\u00eb: http:\/\/kosova.albemigrant.com\/?p=7590<\/p>\n","protected":false},"excerpt":{"rendered":"<p>\u00a0(simbol i triumfit mbi t\u00eb keqen) Te gjithe shqiptaret kristjan dhe muhamedan e festojne Shen Gjergjin ne kujtim te Heroit kombetar Gjergj Kastriotit, i cili i bashkoi dhe luftoi me popullin shqiptar kundra te keqes se madhe, kundra pushtuesit aziatik, kundra djallit osman. Sh\u00ebn Gjergji \u00ebsht\u00eb shenjt tep\u00ebr i njohur edhe n\u00eb Shqip\u00ebri. Devocioni i [&hellip;]<\/p>\n","protected":false},"author":1,"featured_media":0,"comment_status":"open","ping_status":"closed","sticky":false,"template":"","format":"standard","meta":{"footnotes":""},"categories":[2],"tags":[],"class_list":{"0":"post-2605","1":"post","2":"type-post","3":"status-publish","4":"format-standard","6":"category-artikuj"},"yoast_head":"<!-- This site is optimized with the Yoast SEO plugin v27.4 - https:\/\/yoast.com\/product\/yoast-seo-wordpress\/ -->\n<title>M\u00eb 23 prill Sh\u00ebn Gjergjin e festojne kristjanet dhe mysliman\u00ebt - FjALA e LIR\u00cb - Arkivi<\/title>\n<meta name=\"robots\" content=\"index, follow, max-snippet:-1, max-image-preview:large, max-video-preview:-1\" \/>\n<link rel=\"canonical\" href=\"https:\/\/fjala.info\/2009-2015\/me-23-prill-shen-gjergjin-e-festojne-kristjanet-dhe-myslimanet\/\" \/>\n<meta property=\"og:locale\" content=\"sq_AL\" \/>\n<meta property=\"og:type\" content=\"article\" \/>\n<meta property=\"og:title\" content=\"M\u00eb 23 prill Sh\u00ebn Gjergjin e festojne kristjanet dhe mysliman\u00ebt - FjALA e LIR\u00cb - Arkivi\" \/>\n<meta property=\"og:description\" content=\"\u00a0(simbol i triumfit mbi t\u00eb keqen) Te gjithe shqiptaret kristjan dhe muhamedan e festojne Shen Gjergjin ne kujtim te Heroit kombetar Gjergj Kastriotit, i cili i bashkoi dhe luftoi me popullin shqiptar kundra te keqes se madhe, kundra pushtuesit aziatik, kundra djallit osman. Sh\u00ebn Gjergji \u00ebsht\u00eb shenjt tep\u00ebr i njohur edhe n\u00eb Shqip\u00ebri. Devocioni i [&hellip;]\" \/>\n<meta property=\"og:url\" content=\"https:\/\/fjala.info\/2009-2015\/me-23-prill-shen-gjergjin-e-festojne-kristjanet-dhe-myslimanet\/\" \/>\n<meta property=\"og:site_name\" content=\"FjALA e LIR\u00cb - Arkivi\" \/>\n<meta property=\"article:published_time\" content=\"2012-04-23T13:45:43+00:00\" \/>\n<meta property=\"og:image\" content=\"http:\/\/www.shkoder.net\/2012\/shen_gjergji.jpg\" \/>\n<meta name=\"author\" content=\"admin\" \/>\n<meta name=\"twitter:card\" content=\"summary_large_image\" \/>\n<meta name=\"twitter:label1\" content=\"Written by\" \/>\n\t<meta name=\"twitter:data1\" content=\"admin\" \/>\n\t<meta name=\"twitter:label2\" content=\"Est. reading time\" \/>\n\t<meta name=\"twitter:data2\" content=\"3 minutes\" \/>\n<script type=\"application\/ld+json\" class=\"yoast-schema-graph\">{\"@context\":\"https:\\\/\\\/schema.org\",\"@graph\":[{\"@type\":\"Article\",\"@id\":\"https:\\\/\\\/fjala.info\\\/2009-2015\\\/me-23-prill-shen-gjergjin-e-festojne-kristjanet-dhe-myslimanet\\\/#article\",\"isPartOf\":{\"@id\":\"https:\\\/\\\/fjala.info\\\/2009-2015\\\/me-23-prill-shen-gjergjin-e-festojne-kristjanet-dhe-myslimanet\\\/\"},\"author\":{\"name\":\"admin\",\"@id\":\"https:\\\/\\\/fjala.info\\\/2009-2015\\\/#\\\/schema\\\/person\\\/3aa1163ef05469c496fc94e77611ada2\"},\"headline\":\"M\u00eb 23 prill Sh\u00ebn Gjergjin e festojne kristjanet dhe mysliman\u00ebt\",\"datePublished\":\"2012-04-23T13:45:43+00:00\",\"mainEntityOfPage\":{\"@id\":\"https:\\\/\\\/fjala.info\\\/2009-2015\\\/me-23-prill-shen-gjergjin-e-festojne-kristjanet-dhe-myslimanet\\\/\"},\"wordCount\":616,\"commentCount\":0,\"publisher\":{\"@id\":\"https:\\\/\\\/fjala.info\\\/2009-2015\\\/#organization\"},\"image\":{\"@id\":\"https:\\\/\\\/fjala.info\\\/2009-2015\\\/me-23-prill-shen-gjergjin-e-festojne-kristjanet-dhe-myslimanet\\\/#primaryimage\"},\"thumbnailUrl\":\"http:\\\/\\\/www.shkoder.net\\\/2012\\\/shen_gjergji.jpg\",\"articleSection\":[\"Artikuj\"],\"inLanguage\":\"sq-AL\",\"potentialAction\":[{\"@type\":\"CommentAction\",\"name\":\"Comment\",\"target\":[\"https:\\\/\\\/fjala.info\\\/2009-2015\\\/me-23-prill-shen-gjergjin-e-festojne-kristjanet-dhe-myslimanet\\\/#respond\"]}]},{\"@type\":\"WebPage\",\"@id\":\"https:\\\/\\\/fjala.info\\\/2009-2015\\\/me-23-prill-shen-gjergjin-e-festojne-kristjanet-dhe-myslimanet\\\/\",\"url\":\"https:\\\/\\\/fjala.info\\\/2009-2015\\\/me-23-prill-shen-gjergjin-e-festojne-kristjanet-dhe-myslimanet\\\/\",\"name\":\"M\u00eb 23 prill Sh\u00ebn Gjergjin e festojne kristjanet dhe mysliman\u00ebt - FjALA e LIR\u00cb - Arkivi\",\"isPartOf\":{\"@id\":\"https:\\\/\\\/fjala.info\\\/2009-2015\\\/#website\"},\"primaryImageOfPage\":{\"@id\":\"https:\\\/\\\/fjala.info\\\/2009-2015\\\/me-23-prill-shen-gjergjin-e-festojne-kristjanet-dhe-myslimanet\\\/#primaryimage\"},\"image\":{\"@id\":\"https:\\\/\\\/fjala.info\\\/2009-2015\\\/me-23-prill-shen-gjergjin-e-festojne-kristjanet-dhe-myslimanet\\\/#primaryimage\"},\"thumbnailUrl\":\"http:\\\/\\\/www.shkoder.net\\\/2012\\\/shen_gjergji.jpg\",\"datePublished\":\"2012-04-23T13:45:43+00:00\",\"breadcrumb\":{\"@id\":\"https:\\\/\\\/fjala.info\\\/2009-2015\\\/me-23-prill-shen-gjergjin-e-festojne-kristjanet-dhe-myslimanet\\\/#breadcrumb\"},\"inLanguage\":\"sq-AL\",\"potentialAction\":[{\"@type\":\"ReadAction\",\"target\":[\"https:\\\/\\\/fjala.info\\\/2009-2015\\\/me-23-prill-shen-gjergjin-e-festojne-kristjanet-dhe-myslimanet\\\/\"]}]},{\"@type\":\"ImageObject\",\"inLanguage\":\"sq-AL\",\"@id\":\"https:\\\/\\\/fjala.info\\\/2009-2015\\\/me-23-prill-shen-gjergjin-e-festojne-kristjanet-dhe-myslimanet\\\/#primaryimage\",\"url\":\"http:\\\/\\\/www.shkoder.net\\\/2012\\\/shen_gjergji.jpg\",\"contentUrl\":\"http:\\\/\\\/www.shkoder.net\\\/2012\\\/shen_gjergji.jpg\"},{\"@type\":\"BreadcrumbList\",\"@id\":\"https:\\\/\\\/fjala.info\\\/2009-2015\\\/me-23-prill-shen-gjergjin-e-festojne-kristjanet-dhe-myslimanet\\\/#breadcrumb\",\"itemListElement\":[{\"@type\":\"ListItem\",\"position\":1,\"name\":\"Home\",\"item\":\"https:\\\/\\\/fjala.info\\\/2009-2015\\\/\"},{\"@type\":\"ListItem\",\"position\":2,\"name\":\"M\u00eb 23 prill Sh\u00ebn Gjergjin e festojne kristjanet dhe mysliman\u00ebt\"}]},{\"@type\":\"WebSite\",\"@id\":\"https:\\\/\\\/fjala.info\\\/2009-2015\\\/#website\",\"url\":\"https:\\\/\\\/fjala.info\\\/2009-2015\\\/\",\"name\":\"FjALA e LIR\u00cb - Arkivi\",\"description\":\"Arkivi 2009-2015\",\"publisher\":{\"@id\":\"https:\\\/\\\/fjala.info\\\/2009-2015\\\/#organization\"},\"potentialAction\":[{\"@type\":\"SearchAction\",\"target\":{\"@type\":\"EntryPoint\",\"urlTemplate\":\"https:\\\/\\\/fjala.info\\\/2009-2015\\\/?s={search_term_string}\"},\"query-input\":{\"@type\":\"PropertyValueSpecification\",\"valueRequired\":true,\"valueName\":\"search_term_string\"}}],\"inLanguage\":\"sq-AL\"},{\"@type\":\"Organization\",\"@id\":\"https:\\\/\\\/fjala.info\\\/2009-2015\\\/#organization\",\"name\":\"FjALA e LIR\u00cb - Arkivi\",\"url\":\"https:\\\/\\\/fjala.info\\\/2009-2015\\\/\",\"logo\":{\"@type\":\"ImageObject\",\"inLanguage\":\"sq-AL\",\"@id\":\"https:\\\/\\\/fjala.info\\\/2009-2015\\\/#\\\/schema\\\/logo\\\/image\\\/\",\"url\":\"\",\"contentUrl\":\"\",\"caption\":\"FjALA e LIR\u00cb - Arkivi\"},\"image\":{\"@id\":\"https:\\\/\\\/fjala.info\\\/2009-2015\\\/#\\\/schema\\\/logo\\\/image\\\/\"}},{\"@type\":\"Person\",\"@id\":\"https:\\\/\\\/fjala.info\\\/2009-2015\\\/#\\\/schema\\\/person\\\/3aa1163ef05469c496fc94e77611ada2\",\"name\":\"admin\",\"image\":{\"@type\":\"ImageObject\",\"inLanguage\":\"sq-AL\",\"@id\":\"https:\\\/\\\/fjala.info\\\/2009-2015\\\/wp-content\\\/uploads\\\/2012\\\/02\\\/arben_cokaj-120x150.jpg\",\"url\":\"https:\\\/\\\/fjala.info\\\/2009-2015\\\/wp-content\\\/uploads\\\/2012\\\/02\\\/arben_cokaj-120x150.jpg\",\"contentUrl\":\"https:\\\/\\\/fjala.info\\\/2009-2015\\\/wp-content\\\/uploads\\\/2012\\\/02\\\/arben_cokaj-120x150.jpg\",\"caption\":\"admin\"},\"description\":\"Admin, Fjala e Lir\u00eb\",\"sameAs\":[\"https:\\\/\\\/fjala.info\\\/\"],\"url\":\"https:\\\/\\\/fjala.info\\\/2009-2015\\\/author\\\/admin\\\/\"}]}<\/script>\n<!-- \/ Yoast SEO plugin. -->","yoast_head_json":{"title":"M\u00eb 23 prill Sh\u00ebn Gjergjin e festojne kristjanet dhe mysliman\u00ebt - FjALA e LIR\u00cb - Arkivi","robots":{"index":"index","follow":"follow","max-snippet":"max-snippet:-1","max-image-preview":"max-image-preview:large","max-video-preview":"max-video-preview:-1"},"canonical":"https:\/\/fjala.info\/2009-2015\/me-23-prill-shen-gjergjin-e-festojne-kristjanet-dhe-myslimanet\/","og_locale":"sq_AL","og_type":"article","og_title":"M\u00eb 23 prill Sh\u00ebn Gjergjin e festojne kristjanet dhe mysliman\u00ebt - FjALA e LIR\u00cb - Arkivi","og_description":"\u00a0(simbol i triumfit mbi t\u00eb keqen) Te gjithe shqiptaret kristjan dhe muhamedan e festojne Shen Gjergjin ne kujtim te Heroit kombetar Gjergj Kastriotit, i cili i bashkoi dhe luftoi me popullin shqiptar kundra te keqes se madhe, kundra pushtuesit aziatik, kundra djallit osman. Sh\u00ebn Gjergji \u00ebsht\u00eb shenjt tep\u00ebr i njohur edhe n\u00eb Shqip\u00ebri. Devocioni i [&hellip;]","og_url":"https:\/\/fjala.info\/2009-2015\/me-23-prill-shen-gjergjin-e-festojne-kristjanet-dhe-myslimanet\/","og_site_name":"FjALA e LIR\u00cb - Arkivi","article_published_time":"2012-04-23T13:45:43+00:00","og_image":[{"url":"http:\/\/www.shkoder.net\/2012\/shen_gjergji.jpg","type":"","width":"","height":""}],"author":"admin","twitter_card":"summary_large_image","twitter_misc":{"Written by":"admin","Est. reading time":"3 minutes"},"schema":{"@context":"https:\/\/schema.org","@graph":[{"@type":"Article","@id":"https:\/\/fjala.info\/2009-2015\/me-23-prill-shen-gjergjin-e-festojne-kristjanet-dhe-myslimanet\/#article","isPartOf":{"@id":"https:\/\/fjala.info\/2009-2015\/me-23-prill-shen-gjergjin-e-festojne-kristjanet-dhe-myslimanet\/"},"author":{"name":"admin","@id":"https:\/\/fjala.info\/2009-2015\/#\/schema\/person\/3aa1163ef05469c496fc94e77611ada2"},"headline":"M\u00eb 23 prill Sh\u00ebn Gjergjin e festojne kristjanet dhe mysliman\u00ebt","datePublished":"2012-04-23T13:45:43+00:00","mainEntityOfPage":{"@id":"https:\/\/fjala.info\/2009-2015\/me-23-prill-shen-gjergjin-e-festojne-kristjanet-dhe-myslimanet\/"},"wordCount":616,"commentCount":0,"publisher":{"@id":"https:\/\/fjala.info\/2009-2015\/#organization"},"image":{"@id":"https:\/\/fjala.info\/2009-2015\/me-23-prill-shen-gjergjin-e-festojne-kristjanet-dhe-myslimanet\/#primaryimage"},"thumbnailUrl":"http:\/\/www.shkoder.net\/2012\/shen_gjergji.jpg","articleSection":["Artikuj"],"inLanguage":"sq-AL","potentialAction":[{"@type":"CommentAction","name":"Comment","target":["https:\/\/fjala.info\/2009-2015\/me-23-prill-shen-gjergjin-e-festojne-kristjanet-dhe-myslimanet\/#respond"]}]},{"@type":"WebPage","@id":"https:\/\/fjala.info\/2009-2015\/me-23-prill-shen-gjergjin-e-festojne-kristjanet-dhe-myslimanet\/","url":"https:\/\/fjala.info\/2009-2015\/me-23-prill-shen-gjergjin-e-festojne-kristjanet-dhe-myslimanet\/","name":"M\u00eb 23 prill Sh\u00ebn Gjergjin e festojne kristjanet dhe mysliman\u00ebt - FjALA e LIR\u00cb - Arkivi","isPartOf":{"@id":"https:\/\/fjala.info\/2009-2015\/#website"},"primaryImageOfPage":{"@id":"https:\/\/fjala.info\/2009-2015\/me-23-prill-shen-gjergjin-e-festojne-kristjanet-dhe-myslimanet\/#primaryimage"},"image":{"@id":"https:\/\/fjala.info\/2009-2015\/me-23-prill-shen-gjergjin-e-festojne-kristjanet-dhe-myslimanet\/#primaryimage"},"thumbnailUrl":"http:\/\/www.shkoder.net\/2012\/shen_gjergji.jpg","datePublished":"2012-04-23T13:45:43+00:00","breadcrumb":{"@id":"https:\/\/fjala.info\/2009-2015\/me-23-prill-shen-gjergjin-e-festojne-kristjanet-dhe-myslimanet\/#breadcrumb"},"inLanguage":"sq-AL","potentialAction":[{"@type":"ReadAction","target":["https:\/\/fjala.info\/2009-2015\/me-23-prill-shen-gjergjin-e-festojne-kristjanet-dhe-myslimanet\/"]}]},{"@type":"ImageObject","inLanguage":"sq-AL","@id":"https:\/\/fjala.info\/2009-2015\/me-23-prill-shen-gjergjin-e-festojne-kristjanet-dhe-myslimanet\/#primaryimage","url":"http:\/\/www.shkoder.net\/2012\/shen_gjergji.jpg","contentUrl":"http:\/\/www.shkoder.net\/2012\/shen_gjergji.jpg"},{"@type":"BreadcrumbList","@id":"https:\/\/fjala.info\/2009-2015\/me-23-prill-shen-gjergjin-e-festojne-kristjanet-dhe-myslimanet\/#breadcrumb","itemListElement":[{"@type":"ListItem","position":1,"name":"Home","item":"https:\/\/fjala.info\/2009-2015\/"},{"@type":"ListItem","position":2,"name":"M\u00eb 23 prill Sh\u00ebn Gjergjin e festojne kristjanet dhe mysliman\u00ebt"}]},{"@type":"WebSite","@id":"https:\/\/fjala.info\/2009-2015\/#website","url":"https:\/\/fjala.info\/2009-2015\/","name":"FjALA e LIR\u00cb - Arkivi","description":"Arkivi 2009-2015","publisher":{"@id":"https:\/\/fjala.info\/2009-2015\/#organization"},"potentialAction":[{"@type":"SearchAction","target":{"@type":"EntryPoint","urlTemplate":"https:\/\/fjala.info\/2009-2015\/?s={search_term_string}"},"query-input":{"@type":"PropertyValueSpecification","valueRequired":true,"valueName":"search_term_string"}}],"inLanguage":"sq-AL"},{"@type":"Organization","@id":"https:\/\/fjala.info\/2009-2015\/#organization","name":"FjALA e LIR\u00cb - Arkivi","url":"https:\/\/fjala.info\/2009-2015\/","logo":{"@type":"ImageObject","inLanguage":"sq-AL","@id":"https:\/\/fjala.info\/2009-2015\/#\/schema\/logo\/image\/","url":"","contentUrl":"","caption":"FjALA e LIR\u00cb - Arkivi"},"image":{"@id":"https:\/\/fjala.info\/2009-2015\/#\/schema\/logo\/image\/"}},{"@type":"Person","@id":"https:\/\/fjala.info\/2009-2015\/#\/schema\/person\/3aa1163ef05469c496fc94e77611ada2","name":"admin","image":{"@type":"ImageObject","inLanguage":"sq-AL","@id":"https:\/\/fjala.info\/2009-2015\/wp-content\/uploads\/2012\/02\/arben_cokaj-120x150.jpg","url":"https:\/\/fjala.info\/2009-2015\/wp-content\/uploads\/2012\/02\/arben_cokaj-120x150.jpg","contentUrl":"https:\/\/fjala.info\/2009-2015\/wp-content\/uploads\/2012\/02\/arben_cokaj-120x150.jpg","caption":"admin"},"description":"Admin, Fjala e Lir\u00eb","sameAs":["https:\/\/fjala.info\/"],"url":"https:\/\/fjala.info\/2009-2015\/author\/admin\/"}]}},"_links":{"self":[{"href":"https:\/\/fjala.info\/2009-2015\/wp-json\/wp\/v2\/posts\/2605","targetHints":{"allow":["GET"]}}],"collection":[{"href":"https:\/\/fjala.info\/2009-2015\/wp-json\/wp\/v2\/posts"}],"about":[{"href":"https:\/\/fjala.info\/2009-2015\/wp-json\/wp\/v2\/types\/post"}],"author":[{"embeddable":true,"href":"https:\/\/fjala.info\/2009-2015\/wp-json\/wp\/v2\/users\/1"}],"replies":[{"embeddable":true,"href":"https:\/\/fjala.info\/2009-2015\/wp-json\/wp\/v2\/comments?post=2605"}],"version-history":[{"count":0,"href":"https:\/\/fjala.info\/2009-2015\/wp-json\/wp\/v2\/posts\/2605\/revisions"}],"wp:attachment":[{"href":"https:\/\/fjala.info\/2009-2015\/wp-json\/wp\/v2\/media?parent=2605"}],"wp:term":[{"taxonomy":"category","embeddable":true,"href":"https:\/\/fjala.info\/2009-2015\/wp-json\/wp\/v2\/categories?post=2605"},{"taxonomy":"post_tag","embeddable":true,"href":"https:\/\/fjala.info\/2009-2015\/wp-json\/wp\/v2\/tags?post=2605"}],"curies":[{"name":"wp","href":"https:\/\/api.w.org\/{rel}","templated":true}]}}