{"id":2599,"date":"2012-04-21T22:49:24","date_gmt":"2012-04-21T21:49:24","guid":{"rendered":"http:\/\/fjala.shkoder.net\/?p=2599"},"modified":"2012-04-21T22:49:24","modified_gmt":"2012-04-21T21:49:24","slug":"histori-flamuresh","status":"publish","type":"post","link":"https:\/\/fjala.info\/2009-2015\/histori-flamuresh\/","title":{"rendered":"Histori  flamur\u00ebsh"},"content":{"rendered":"<p><strong>Mitat Shuli<\/strong><\/p>\n<p>Ne shqiptar\u00ebve q\u00eb si\u00e7 e thot\u00eb k\u00ebnga vritemi e pritemi p\u00ebr flamur,tranzicioni apo m\u00eb mir\u00eb agonia e jon\u00eb e st\u00ebrzgjatur na i ka shtuar telashet bashk\u00eb me shtimin e flamujve. Kjo q\u00eb ju tregoj nuk ka t\u00eb b\u00ebj\u00eb me ndonj\u00eb p\u00ebr\u00e7mim apo hierarki t\u00eb flamujve q\u00eb ndeshen n\u00ebp\u00ebr rrug\u00ebt apo istitucionet tona,por me zellin ton\u00eb per tu ndar\u00eb dhe sherrin e shamat\u00ebn dhe paaft\u00ebsin\u00eb e politik\u00ebs p\u00ebr ti respektuar flamujt, istitucionet dhe shqip\u00ebrin\u00eb e shqiptar\u00ebt.<\/p>\n<p>Ky zell buron dhe percillet n\u00eb m\u00ebnyr\u00eb vertikale,zinxhiri I trasmisionit ndjek k\u00ebt\u00eb rrug\u00eb Kryeministri dora vet\u00eb, qeveri PD, istitucione shtet\u00ebrore, flamurxhinj t\u00eb zellsh\u00ebm dhe n\u00eb fund popull q\u00eb ngjyrat apo flamurin ka p\u00ebrzem\u00ebr a p\u00ebr hall.<\/p>\n<p>P\u00ebr vite pata jetuar ne Itali dhe im bir sapo zbrisnim n\u00eb Durr\u00ebs dhe merrnim rrug\u00ebn p\u00ebr n\u00eb Elbasan, kthente kok\u00ebn rrotull dhe pasi gjente t\u00eb parin th\u00ebrriste ja flamuri shqiptar .Numurimi I flamujve rrug\u00ebs na shoq\u00ebronte deri n\u00eb sht\u00ebpi.I kishim ngulitur ne kok\u00eb q\u00eb ky yni \u00ebsht\u00eb flamuri m\u00eb i bukur n\u00eb bot\u00eb\u2026<\/p>\n<p>Tashm\u00eb kemi nj\u00eb vit n\u00eb Shqip\u00ebrin\u00eb ton\u00eb .Dhe ky rr\u00ebfim e ka fillin para ca dit\u00ebsh kur f\u00ebmij\u00ebt me than\u00eb se ju duheshin lek\u00eb n\u00eb shkoll\u00eb se do blenin flamur p\u00ebr shkoll\u00ebn.P\u00ebr 100vjetorin e pavar\u00ebsis\u00eb shkoll\u00ebs i duhej flamuri.<\/p>\n<p>Po,po flamurin q\u00eb val\u00ebvitet mbi tarrac\u00ebn e ishrepartit ushtarak t\u00eb kthyer n\u00eb shkoll\u00eb e blene nxenesit duke kontribuar sejcili me lek\u00ebt e tyre.P\u00ebr ne q\u00eb kemi jetuar p\u00ebr vite jasht\u00eb \u00ebsht\u00eb e pakonceptueshme sesi shteti t\u00eb arrij\u00eb deri k\u00ebtu.Duke humbur kopetenca, autoritet q\u00eb vetem ai i ka.Pra shteti nuk \u00ebsht\u00eb i afte t\u00eb jet\u00eb i till\u00eb duke filluar qysh nga simbolet.<\/p>\n<p>Ne k\u00ebt\u00eb m\u00ebnyr\u00eb m\u00eb thon\u00eb blihen drut\u00eb apo rezistencat p\u00ebr ngrohje n\u00eb dim\u00ebr, bile edhe flet\u00ebt p\u00ebr provim.Dua ta respektoj shtetin tim ,por a nuk do t\u00eb ishte m\u00eb mir\u00eb q\u00eb shteti im t\u00eb kishte respekt p\u00ebr veten.Por duke u larguar nga lagjia ime buz\u00eb ullishtes n\u00eb periferi t\u00eb Elbasanit do ju kujtoja se sa p\u00ebr zem\u00ebr i ka Berisha flamuret<\/p>\n<p>Kuptohet jo p\u00ebr t\u00eb gjith\u00eb flamur\u00ebt, sepse po aq sa ka qejf t\u00eb vet\u00ebt urren t\u00eb tjer\u00eb flamuj.Saq\u00eb edhe stem\u00ebn e republik\u00ebs, zhgab\u00ebn e zez\u00eb dhe fush\u00ebn e kuqe nuk le rast pa i ngjyrosur bardh\u00eb e blu. N\u00eb mbledhjet e qeveris\u00eb q\u00eb b\u00ebhen enkas p\u00ebr kamerat televisive patjet\u00ebr keni par\u00eb flamurin e NATOs, ju siguroj se n\u00eb asnj\u00eb vend tjet\u00ebr nuk ndodh kjo. P\u00ebr vite n\u00eb Itali flamurin e NATOs e pash\u00eb vet\u00ebm n\u00eb hyrje t\u00eb bazave ushtarake n\u00eb kronikat mbi fluturimet gjat\u00eb operacioneve t\u00eb aleanc\u00ebs, apo samitet e NATOs.<\/p>\n<p>Asnj\u00eb qeveri e vendeve te aleanc\u00ebs n\u00eb mbledhjet e saj rutine nuk ekspozon flamurin e nj\u00eb organizmi ushtarak si NATO. Zelli ka marr\u00eb edhe ca bashki e komuna k\u00ebshtu m\u00eb ndodhi q\u00eb flamurin n\u00eb fjal\u00eb e pash\u00eb n\u00eb maj\u00eb t\u00eb \u00e7atis\u00eb n\u00eb nj\u00eb fshat t\u00eb larg\u00ebt t\u00eb Librazhdit. Patjet\u00ebr i kini par\u00eb flamuret blu n\u00eb t\u00eb hyr\u00eb t\u00eb Tiran\u00ebs kur zbret nga K\u00ebrraba. I kini par\u00eb patjet\u00ebr flamuret blu ndan\u00eb rrug\u00ebve mbi sht\u00ebpi apo dyqane, kioska dhe baraka<\/p>\n<p>Dikush e v\u00eb n\u00eb maj\u00eb t\u00eb nd\u00ebrtesave q\u00eb vazhdojn\u00eb e rriten duke domonuar peizazhin, e kan\u00eb si shenj\u00eb perkat\u00ebsie apo supremacie T\u00eb tjer\u00eb e kan\u00ebsi hajmali, siguri, shpres\u00eb se flamuri \u00ebsht\u00eb n\u00eb gj\u00ebndje t\u00eb anulloj\u00eb nd\u00ebrhyrjet e inspektoriateve nd\u00ebrtimore apo t\u00eb z\u00ebvend\u00ebsoj\u00eb lejet nd\u00ebrtimore. Do keni par\u00eb gjithashtu flamujt e grisur t\u00eb armiqve t\u00eb Kryeministrit. Dikush duhet t\u00eb merret edhe me k\u00ebt\u00eb. N\u00eb dit\u00ebn p\u00ebr nj\u00eb shqip\u00ebri t\u00eb past\u00ebr, n\u00eb emisionin fiks fare pam\u00eb nx\u00ebn\u00ebsit e nj\u00eb shkolle k\u00ebtu n\u00eb Elbasan q\u00eb pastronin dhe m\u00ebsueset q\u00eb b\u00ebnin muhabet.shum\u00eb gj\u00ebra mund t\u00eb thuhen p\u00ebr to,por un\u00eb i kuptoj ato.<\/p>\n<p>Dita e Shqip\u00ebris\u00eb s\u00eb past\u00ebr \u00ebsht\u00eb nj\u00eb tjet\u00ebr histori flamur\u00ebsh, i ashtuquajturi kryeminist\u00ebr ua vodhi shoqatave t\u00eb cilave do t\u00eb duhej ti falenderonte publikisht p\u00ebr iden\u00eb.Ai dhe qeveria p\u00ebrgjegj\u00ebs p\u00ebr katandisjen e mjedisit n\u00eb k\u00ebt\u00eb far\u00ebfeje nxitoi t\u00eb merrte flamurin leck\u00eb t\u00eb mbrojt\u00ebsit t\u00eb mjedisit. N\u00eb k\u00ebt\u00eb m\u00ebnyr\u00eb si\u00e7 b\u00ebn p\u00ebrdit\u00eb provokoi, l\u00ebndoi shpirtin qytetar t\u00eb k\u00ebtij vendi.Ajo q\u00eb pam\u00eb n\u00eb ekran ishte inskenimi i parad\u00ebs n\u00eb fjal\u00eb.<\/p>\n<p>M\u00ebsueset e dinin k\u00ebt\u00eb, duhet t\u00eb merrnin pjes\u00eb n\u00eb parad\u00eb, ishte urdh\u00ebr nga lart.Besoj askush,asnj\u00eb drejtori arsimore nuk e ka \u00e7uar nd\u00ebrm\u00ebnd t\u00eb thosh jo, kam nj\u00eb program m\u00ebsimor m\u00eb t\u00eb r\u00ebnd\u00ebsish\u00ebm se sa t\u00eb b\u00ebjm\u00eb sikur pastrojm\u00eb rrug\u00ebt n\u00ebn nj\u00eb dit\u00eb shiu.M\u00eb thoni sa vlen pastrimi i letrave pran\u00eb shkoll\u00ebs kur ajo vet\u00eb \u00ebsht\u00eb e pap\u00ebrshtatshme si e till\u00eb, kur ajo rrethohet nga nd\u00ebrtesa t\u00eb cilat rrezikojn\u00eb t\u00eb bien e t\u00eb provokojn\u00eb ndonj\u00eb tragjedi.<\/p>\n<p>Dhe p\u00ebr m\u00eb tep\u00ebr vet\u00ebm pak m\u00eb tutje kanali i ujrave t\u00eb zeza \u00ebsht\u00eb n\u00eb qiell t\u00eb hapur. Kot Berisha shkoi t\u00eb pastronte q\u00ebndr\u00ebn e Kamz\u00ebs Telekamerat duhet t\u00eb fokusohen n\u00eb q\u00ebnd\u00ebr fare t\u00eb sheshit,pamjet pak m\u00eb tutje nuk i p\u00ebrkasin propagand\u00ebs, filmit me flamuj dhe qeverisjen m\u00eb trasparente n\u00eb bot\u00eb ato na p\u00ebrkasin ne t\u00eb tjer\u00ebve, i p\u00ebrkasin realitetit ton\u00eb t\u00eb p\u00ebrditsh\u00ebm.Q\u00eb t\u00eb pap\u00ebrgjegjshmit nuk duan ta shohin.<\/p>\n","protected":false},"excerpt":{"rendered":"<p>Mitat Shuli Ne shqiptar\u00ebve q\u00eb si\u00e7 e thot\u00eb k\u00ebnga vritemi e pritemi p\u00ebr flamur,tranzicioni apo m\u00eb mir\u00eb agonia e jon\u00eb e st\u00ebrzgjatur na i ka shtuar telashet bashk\u00eb me shtimin e flamujve. Kjo q\u00eb ju tregoj nuk ka t\u00eb b\u00ebj\u00eb me ndonj\u00eb p\u00ebr\u00e7mim apo hierarki t\u00eb flamujve q\u00eb ndeshen n\u00ebp\u00ebr rrug\u00ebt apo istitucionet tona,por me [&hellip;]<\/p>\n","protected":false},"author":1,"featured_media":0,"comment_status":"open","ping_status":"closed","sticky":false,"template":"","format":"standard","meta":{"footnotes":""},"categories":[2],"tags":[],"class_list":{"0":"post-2599","1":"post","2":"type-post","3":"status-publish","4":"format-standard","6":"category-artikuj"},"yoast_head":"<!-- This site is optimized with the Yoast SEO plugin v27.4 - https:\/\/yoast.com\/product\/yoast-seo-wordpress\/ -->\n<title>Histori flamur\u00ebsh - FjALA e LIR\u00cb - Arkivi<\/title>\n<meta name=\"robots\" content=\"index, follow, max-snippet:-1, max-image-preview:large, max-video-preview:-1\" \/>\n<link rel=\"canonical\" href=\"https:\/\/fjala.info\/2009-2015\/histori-flamuresh\/\" \/>\n<meta property=\"og:locale\" content=\"sq_AL\" \/>\n<meta property=\"og:type\" content=\"article\" \/>\n<meta property=\"og:title\" content=\"Histori flamur\u00ebsh - FjALA e LIR\u00cb - Arkivi\" \/>\n<meta property=\"og:description\" content=\"Mitat Shuli Ne shqiptar\u00ebve q\u00eb si\u00e7 e thot\u00eb k\u00ebnga vritemi e pritemi p\u00ebr flamur,tranzicioni apo m\u00eb mir\u00eb agonia e jon\u00eb e st\u00ebrzgjatur na i ka shtuar telashet bashk\u00eb me shtimin e flamujve. Kjo q\u00eb ju tregoj nuk ka t\u00eb b\u00ebj\u00eb me ndonj\u00eb p\u00ebr\u00e7mim apo hierarki t\u00eb flamujve q\u00eb ndeshen n\u00ebp\u00ebr rrug\u00ebt apo istitucionet tona,por me [&hellip;]\" \/>\n<meta property=\"og:url\" content=\"https:\/\/fjala.info\/2009-2015\/histori-flamuresh\/\" \/>\n<meta property=\"og:site_name\" content=\"FjALA e LIR\u00cb - Arkivi\" \/>\n<meta property=\"article:published_time\" content=\"2012-04-21T21:49:24+00:00\" \/>\n<meta name=\"author\" content=\"admin\" \/>\n<meta name=\"twitter:card\" content=\"summary_large_image\" \/>\n<meta name=\"twitter:label1\" content=\"Written by\" \/>\n\t<meta name=\"twitter:data1\" content=\"admin\" \/>\n\t<meta name=\"twitter:label2\" content=\"Est. reading time\" \/>\n\t<meta name=\"twitter:data2\" content=\"5 minutes\" \/>\n<script type=\"application\/ld+json\" class=\"yoast-schema-graph\">{\"@context\":\"https:\\\/\\\/schema.org\",\"@graph\":[{\"@type\":\"Article\",\"@id\":\"https:\\\/\\\/fjala.info\\\/2009-2015\\\/histori-flamuresh\\\/#article\",\"isPartOf\":{\"@id\":\"https:\\\/\\\/fjala.info\\\/2009-2015\\\/histori-flamuresh\\\/\"},\"author\":{\"name\":\"admin\",\"@id\":\"https:\\\/\\\/fjala.info\\\/2009-2015\\\/#\\\/schema\\\/person\\\/3aa1163ef05469c496fc94e77611ada2\"},\"headline\":\"Histori flamur\u00ebsh\",\"datePublished\":\"2012-04-21T21:49:24+00:00\",\"mainEntityOfPage\":{\"@id\":\"https:\\\/\\\/fjala.info\\\/2009-2015\\\/histori-flamuresh\\\/\"},\"wordCount\":982,\"commentCount\":0,\"publisher\":{\"@id\":\"https:\\\/\\\/fjala.info\\\/2009-2015\\\/#organization\"},\"articleSection\":[\"Artikuj\"],\"inLanguage\":\"sq-AL\",\"potentialAction\":[{\"@type\":\"CommentAction\",\"name\":\"Comment\",\"target\":[\"https:\\\/\\\/fjala.info\\\/2009-2015\\\/histori-flamuresh\\\/#respond\"]}]},{\"@type\":\"WebPage\",\"@id\":\"https:\\\/\\\/fjala.info\\\/2009-2015\\\/histori-flamuresh\\\/\",\"url\":\"https:\\\/\\\/fjala.info\\\/2009-2015\\\/histori-flamuresh\\\/\",\"name\":\"Histori flamur\u00ebsh - FjALA e LIR\u00cb - Arkivi\",\"isPartOf\":{\"@id\":\"https:\\\/\\\/fjala.info\\\/2009-2015\\\/#website\"},\"datePublished\":\"2012-04-21T21:49:24+00:00\",\"breadcrumb\":{\"@id\":\"https:\\\/\\\/fjala.info\\\/2009-2015\\\/histori-flamuresh\\\/#breadcrumb\"},\"inLanguage\":\"sq-AL\",\"potentialAction\":[{\"@type\":\"ReadAction\",\"target\":[\"https:\\\/\\\/fjala.info\\\/2009-2015\\\/histori-flamuresh\\\/\"]}]},{\"@type\":\"BreadcrumbList\",\"@id\":\"https:\\\/\\\/fjala.info\\\/2009-2015\\\/histori-flamuresh\\\/#breadcrumb\",\"itemListElement\":[{\"@type\":\"ListItem\",\"position\":1,\"name\":\"Home\",\"item\":\"https:\\\/\\\/fjala.info\\\/2009-2015\\\/\"},{\"@type\":\"ListItem\",\"position\":2,\"name\":\"Histori flamur\u00ebsh\"}]},{\"@type\":\"WebSite\",\"@id\":\"https:\\\/\\\/fjala.info\\\/2009-2015\\\/#website\",\"url\":\"https:\\\/\\\/fjala.info\\\/2009-2015\\\/\",\"name\":\"FjALA e LIR\u00cb - Arkivi\",\"description\":\"Arkivi 2009-2015\",\"publisher\":{\"@id\":\"https:\\\/\\\/fjala.info\\\/2009-2015\\\/#organization\"},\"potentialAction\":[{\"@type\":\"SearchAction\",\"target\":{\"@type\":\"EntryPoint\",\"urlTemplate\":\"https:\\\/\\\/fjala.info\\\/2009-2015\\\/?s={search_term_string}\"},\"query-input\":{\"@type\":\"PropertyValueSpecification\",\"valueRequired\":true,\"valueName\":\"search_term_string\"}}],\"inLanguage\":\"sq-AL\"},{\"@type\":\"Organization\",\"@id\":\"https:\\\/\\\/fjala.info\\\/2009-2015\\\/#organization\",\"name\":\"FjALA e LIR\u00cb - Arkivi\",\"url\":\"https:\\\/\\\/fjala.info\\\/2009-2015\\\/\",\"logo\":{\"@type\":\"ImageObject\",\"inLanguage\":\"sq-AL\",\"@id\":\"https:\\\/\\\/fjala.info\\\/2009-2015\\\/#\\\/schema\\\/logo\\\/image\\\/\",\"url\":\"\",\"contentUrl\":\"\",\"caption\":\"FjALA e LIR\u00cb - Arkivi\"},\"image\":{\"@id\":\"https:\\\/\\\/fjala.info\\\/2009-2015\\\/#\\\/schema\\\/logo\\\/image\\\/\"}},{\"@type\":\"Person\",\"@id\":\"https:\\\/\\\/fjala.info\\\/2009-2015\\\/#\\\/schema\\\/person\\\/3aa1163ef05469c496fc94e77611ada2\",\"name\":\"admin\",\"image\":{\"@type\":\"ImageObject\",\"inLanguage\":\"sq-AL\",\"@id\":\"https:\\\/\\\/fjala.info\\\/2009-2015\\\/wp-content\\\/uploads\\\/2012\\\/02\\\/arben_cokaj-120x150.jpg\",\"url\":\"https:\\\/\\\/fjala.info\\\/2009-2015\\\/wp-content\\\/uploads\\\/2012\\\/02\\\/arben_cokaj-120x150.jpg\",\"contentUrl\":\"https:\\\/\\\/fjala.info\\\/2009-2015\\\/wp-content\\\/uploads\\\/2012\\\/02\\\/arben_cokaj-120x150.jpg\",\"caption\":\"admin\"},\"description\":\"Admin, Fjala e Lir\u00eb\",\"sameAs\":[\"https:\\\/\\\/fjala.info\\\/\"],\"url\":\"https:\\\/\\\/fjala.info\\\/2009-2015\\\/author\\\/admin\\\/\"}]}<\/script>\n<!-- \/ Yoast SEO plugin. -->","yoast_head_json":{"title":"Histori flamur\u00ebsh - FjALA e LIR\u00cb - Arkivi","robots":{"index":"index","follow":"follow","max-snippet":"max-snippet:-1","max-image-preview":"max-image-preview:large","max-video-preview":"max-video-preview:-1"},"canonical":"https:\/\/fjala.info\/2009-2015\/histori-flamuresh\/","og_locale":"sq_AL","og_type":"article","og_title":"Histori flamur\u00ebsh - FjALA e LIR\u00cb - Arkivi","og_description":"Mitat Shuli Ne shqiptar\u00ebve q\u00eb si\u00e7 e thot\u00eb k\u00ebnga vritemi e pritemi p\u00ebr flamur,tranzicioni apo m\u00eb mir\u00eb agonia e jon\u00eb e st\u00ebrzgjatur na i ka shtuar telashet bashk\u00eb me shtimin e flamujve. Kjo q\u00eb ju tregoj nuk ka t\u00eb b\u00ebj\u00eb me ndonj\u00eb p\u00ebr\u00e7mim apo hierarki t\u00eb flamujve q\u00eb ndeshen n\u00ebp\u00ebr rrug\u00ebt apo istitucionet tona,por me [&hellip;]","og_url":"https:\/\/fjala.info\/2009-2015\/histori-flamuresh\/","og_site_name":"FjALA e LIR\u00cb - Arkivi","article_published_time":"2012-04-21T21:49:24+00:00","author":"admin","twitter_card":"summary_large_image","twitter_misc":{"Written by":"admin","Est. reading time":"5 minutes"},"schema":{"@context":"https:\/\/schema.org","@graph":[{"@type":"Article","@id":"https:\/\/fjala.info\/2009-2015\/histori-flamuresh\/#article","isPartOf":{"@id":"https:\/\/fjala.info\/2009-2015\/histori-flamuresh\/"},"author":{"name":"admin","@id":"https:\/\/fjala.info\/2009-2015\/#\/schema\/person\/3aa1163ef05469c496fc94e77611ada2"},"headline":"Histori flamur\u00ebsh","datePublished":"2012-04-21T21:49:24+00:00","mainEntityOfPage":{"@id":"https:\/\/fjala.info\/2009-2015\/histori-flamuresh\/"},"wordCount":982,"commentCount":0,"publisher":{"@id":"https:\/\/fjala.info\/2009-2015\/#organization"},"articleSection":["Artikuj"],"inLanguage":"sq-AL","potentialAction":[{"@type":"CommentAction","name":"Comment","target":["https:\/\/fjala.info\/2009-2015\/histori-flamuresh\/#respond"]}]},{"@type":"WebPage","@id":"https:\/\/fjala.info\/2009-2015\/histori-flamuresh\/","url":"https:\/\/fjala.info\/2009-2015\/histori-flamuresh\/","name":"Histori flamur\u00ebsh - FjALA e LIR\u00cb - Arkivi","isPartOf":{"@id":"https:\/\/fjala.info\/2009-2015\/#website"},"datePublished":"2012-04-21T21:49:24+00:00","breadcrumb":{"@id":"https:\/\/fjala.info\/2009-2015\/histori-flamuresh\/#breadcrumb"},"inLanguage":"sq-AL","potentialAction":[{"@type":"ReadAction","target":["https:\/\/fjala.info\/2009-2015\/histori-flamuresh\/"]}]},{"@type":"BreadcrumbList","@id":"https:\/\/fjala.info\/2009-2015\/histori-flamuresh\/#breadcrumb","itemListElement":[{"@type":"ListItem","position":1,"name":"Home","item":"https:\/\/fjala.info\/2009-2015\/"},{"@type":"ListItem","position":2,"name":"Histori flamur\u00ebsh"}]},{"@type":"WebSite","@id":"https:\/\/fjala.info\/2009-2015\/#website","url":"https:\/\/fjala.info\/2009-2015\/","name":"FjALA e LIR\u00cb - Arkivi","description":"Arkivi 2009-2015","publisher":{"@id":"https:\/\/fjala.info\/2009-2015\/#organization"},"potentialAction":[{"@type":"SearchAction","target":{"@type":"EntryPoint","urlTemplate":"https:\/\/fjala.info\/2009-2015\/?s={search_term_string}"},"query-input":{"@type":"PropertyValueSpecification","valueRequired":true,"valueName":"search_term_string"}}],"inLanguage":"sq-AL"},{"@type":"Organization","@id":"https:\/\/fjala.info\/2009-2015\/#organization","name":"FjALA e LIR\u00cb - Arkivi","url":"https:\/\/fjala.info\/2009-2015\/","logo":{"@type":"ImageObject","inLanguage":"sq-AL","@id":"https:\/\/fjala.info\/2009-2015\/#\/schema\/logo\/image\/","url":"","contentUrl":"","caption":"FjALA e LIR\u00cb - Arkivi"},"image":{"@id":"https:\/\/fjala.info\/2009-2015\/#\/schema\/logo\/image\/"}},{"@type":"Person","@id":"https:\/\/fjala.info\/2009-2015\/#\/schema\/person\/3aa1163ef05469c496fc94e77611ada2","name":"admin","image":{"@type":"ImageObject","inLanguage":"sq-AL","@id":"https:\/\/fjala.info\/2009-2015\/wp-content\/uploads\/2012\/02\/arben_cokaj-120x150.jpg","url":"https:\/\/fjala.info\/2009-2015\/wp-content\/uploads\/2012\/02\/arben_cokaj-120x150.jpg","contentUrl":"https:\/\/fjala.info\/2009-2015\/wp-content\/uploads\/2012\/02\/arben_cokaj-120x150.jpg","caption":"admin"},"description":"Admin, Fjala e Lir\u00eb","sameAs":["https:\/\/fjala.info\/"],"url":"https:\/\/fjala.info\/2009-2015\/author\/admin\/"}]}},"_links":{"self":[{"href":"https:\/\/fjala.info\/2009-2015\/wp-json\/wp\/v2\/posts\/2599","targetHints":{"allow":["GET"]}}],"collection":[{"href":"https:\/\/fjala.info\/2009-2015\/wp-json\/wp\/v2\/posts"}],"about":[{"href":"https:\/\/fjala.info\/2009-2015\/wp-json\/wp\/v2\/types\/post"}],"author":[{"embeddable":true,"href":"https:\/\/fjala.info\/2009-2015\/wp-json\/wp\/v2\/users\/1"}],"replies":[{"embeddable":true,"href":"https:\/\/fjala.info\/2009-2015\/wp-json\/wp\/v2\/comments?post=2599"}],"version-history":[{"count":0,"href":"https:\/\/fjala.info\/2009-2015\/wp-json\/wp\/v2\/posts\/2599\/revisions"}],"wp:attachment":[{"href":"https:\/\/fjala.info\/2009-2015\/wp-json\/wp\/v2\/media?parent=2599"}],"wp:term":[{"taxonomy":"category","embeddable":true,"href":"https:\/\/fjala.info\/2009-2015\/wp-json\/wp\/v2\/categories?post=2599"},{"taxonomy":"post_tag","embeddable":true,"href":"https:\/\/fjala.info\/2009-2015\/wp-json\/wp\/v2\/tags?post=2599"}],"curies":[{"name":"wp","href":"https:\/\/api.w.org\/{rel}","templated":true}]}}