{"id":2597,"date":"2012-04-21T16:09:38","date_gmt":"2012-04-21T15:09:38","guid":{"rendered":"http:\/\/fjala.shkoder.net\/?p=2597"},"modified":"2012-04-21T16:09:38","modified_gmt":"2012-04-21T15:09:38","slug":"valentin-brucaj-vellazeria-e-berishes-me-turqine-tentative-per-te-ndryshuar-kursin-politik-te-shqiperis","status":"publish","type":"post","link":"https:\/\/fjala.info\/2009-2015\/valentin-brucaj-vellazeria-e-berishes-me-turqine-tentative-per-te-ndryshuar-kursin-politik-te-shqiperis\/","title":{"rendered":"Valentin Bru\u00e7aj: V\u00ebllaz\u00ebria e Berish\u00ebs me Turqin\u00eb, tentativ\u00eb p\u00ebr t\u00eb ndryshuar kursin politik t\u00eb Shqip\u00ebris"},"content":{"rendered":"<p><img decoding=\"async\" class=\"alignright size-thumbnail wp-image-7236\" title=\"Valentin Bru\u00e7aj\" src=\"http:\/\/www.shkoder.net\/images\/fjala\/2011\/\/valentin_brucaj.jpg\" alt=\"\" width=\"150\" \/> <strong>VALENTIN BRU\u00c7AJ<\/strong><\/p>\n<p>Sa her\u00eb flitet q\u00eb shqiptar\u00ebt jane v\u00ebllez\u00ebr t\u00eb nj\u00eb kombi tjet\u00ebr, si p\u00ebr kon\u00e7idenc\u00eb ky komb \u00ebsht\u00eb gjithmon\u00eb Turqia. Pamvarsisht diferencave racore n\u00eb mes shqiptar\u00ebve t\u00eb bardh\u00eb \u2013 europian dhe turqeve \u2013 mongol, preferohet gjithmon\u00eb e m\u00eb shum\u00eb q\u00eb ti m\u00ebshohet teoris\u00eb s\u00eb k\u00ebsaj v\u00ebllaz\u00ebrie. Arsyeja \u00ebsht\u00eb ajo q\u00eb ka qen\u00eb p\u00ebrgjat\u00eb gjith\u00eb historis\u00eb pes\u00ebqindvje\u00e7are; besimi i perbashk\u00ebt islam.Teoria e re neo-otomane \u00ebsht\u00eb e nd\u00ebrtuar mbi bazat se, v\u00ebllez\u00ebr duhen konsideruar vet\u00ebm ata popuj dhe ata individ q\u00eb i p\u00ebrkasin k\u00ebtij besimi.<\/p>\n<p>N\u00eb baz\u00eb te k\u00ebsaj teorie, thuren \u00ebnd\u00ebrra, ringjallen fantazma perandorake, krijohen konfederata n\u00eb mes shtetesh, n\u00eb rastin ton\u00eb n\u00eb mes Turqis\u00eb, Bosnies, dhe shqiptar\u00ebve t\u00eb Ballkanit, ku asnj\u00eb prej ketyre faktor\u00ebve nuk i lidh asgj\u00eb mes nj\u00ebri-tjetrit p\u00ebrve\u00e7 se nj\u00eb pjes\u00eb e tyre i islamizoi Perandoria e vjeter Osmane. Deri tani k\u00ebto teori kan\u00eb kaluar n\u00eb heshtje sepse promovuesit e tyre nuk jan\u00eb marr\u00eb asnjeher\u00eb seriozisht, n\u00eb saj\u00eb t\u00eb antishqiptarizmit t\u00eb tyre. Por nga momenti q\u00eb teoria e v\u00ebllaz\u00ebris\u00eb ngrihet n\u00eb k\u00ebmb\u00eb edhe nga politika, do t\u00eb thote se fantazmat nuk jan\u00eb krejt t\u00eb padukshme, ato jan\u00eb duke u shnd\u00ebrruar n\u00eb nj\u00eb realitet t\u00eb preksh\u00ebm dhe imponues.<\/p>\n<p>Sa m\u00eb shum\u00eb q\u00eb kerkohet t\u2019i abinojn\u00eb shqiptar\u00ebt si filoturk, aq m\u00eb shum\u00eb vllaz\u00ebria me Turqin\u00eb ting\u00ebllon fallso, e sh\u00ebmtuar, hipokrite. Asgj\u00eb nuk mund t\u2019a rend t\u00eb qendrushme nj\u00eb teori q\u00eb nd\u00ebrtohet mbi baza t\u00eb paq\u00ebndrueshme historike. N\u00eb Europ\u00eb, shum\u00eb popuj kan prejardhje t\u00eb nj\u00ebjta kulturore dhe etnike por asnj\u00ebher\u00eb nuk konsiderohen v\u00ebllez\u00ebr. Spanjoll\u00ebt, portugezet, italian\u00ebt dhe francez\u00ebt jan\u00eb t\u00eb gjith\u00eb popuj latin, q\u00eb po t\u00eb duam t\u00eb ndjekim me \u00e7\u2019do kusht logjik\u00ebn e v\u00ebllaz\u00ebris\u00eb ata jan\u00eb me t\u00eb v\u00ebrtet\u00eb v\u00ebllez\u00ebr t\u00eb t\u00eb nj\u00ebjtit gjak, ku edhe gjuh\u00ebt q\u00eb flasin rrjedhin nga latinishtja dhe jan\u00eb shum\u00eb t\u00eb ngjashme me nj\u00ebra-tjetren, por m\u00eb t\u00eb shumt\u00ebn e rasteve konsiderohen kusherinj\u00eb.<\/p>\n<p>Po ashtu mund t\u00eb thuhet p\u00ebr gjerman\u00ebt e anglezet, pasi i perkasin fiseve dhe kultur\u00ebs s\u00eb nj\u00ebjt\u00eb anglosaksone, p\u00ebr t\u00eb p\u00ebrfunduar me sllav\u00ebt e lindjes. N\u00eb shume raste, gjat\u00eb historis\u00eb, k\u00ebto kombe ishin agresor ndaj nj\u00ebri-tjetrit, shpesh her\u00eb edhe e pushtuan nj\u00ebri-tjetrin, por k\u00ebto luft\u00ebra i konsiderojn\u00eb si pjesa m\u00eb e zez\u00eb e historis\u00eb s\u00eb tyre, dhe n\u00eb asnj\u00eb moment agresionet apo pushtimet nuk i rendin k\u00ebta popuj v\u00ebllez\u00ebr, p\u00ebrkundrazi, luft\u00ebrat kan\u00eb kontribuar negativisht n\u00eb ftohjen e v\u00ebllaz\u00ebrive t\u00eb v\u00ebrteta.<\/p>\n<p>Shqiptar\u00ebt, gjinetikisht por as kulturalisht nuk jan\u00eb pjes\u00eb e asnj\u00eb grupi kulturor ose gjuh\u00ebsor, nuk jane as v\u00ebllez\u00ebr me latinet, as me anglosakson\u00ebt, as me sllav\u00ebt, \u00ebsht\u00eb e pashpjegueshme si mund t\u00eb jen\u00eb v\u00ebllez\u00ebr me nomad\u00ebt mongol. Esht\u00eb tejet posht\u00ebruese q\u00eb sot pas 100 vitesh pavar\u00ebsi, shqiptar\u00ebt ndihen ende t\u00eb kerc\u00ebnuar dhe kerkohet t\u2019u imponohet me \u00e7\u2019do kusht teoria se, se pushtuesi yn\u00eb m\u00eb i eger \u00ebsht\u00eb vellai jon\u00eb m\u00eb i af\u00ebrt.<\/p>\n<p>Deri k\u00ebtu problemi \u00ebsht\u00eb historik dhe paradoksalisht ndoshta \u00ebsht\u00eb aspekti m\u00eb pak e r\u00ebnd\u00ebsish\u00ebm e k\u00ebsaj \u00e7\u00ebshtje. Aspekti kryesor i k\u00ebsaj \u00e7\u00ebshtje \u00ebsht\u00eb politik, dhe deklarata e Berish\u00ebs nuk duhet par\u00eb vet\u00ebm si deklarat\u00eb p\u00ebrsonale. Natyrisht se deklarata e Berish\u00ebs \u00ebsht\u00eb nj\u00eb deklarat\u00eb edhe p\u00ebrsonale, dhe sikur Berisha mos t\u2019i perkiste besimit musliman nuk do t\u00eb kishte b\u00ebr\u00eb kurr\u00eb nj\u00eb deklarat\u00eb kaq t\u00eb pap\u00ebrgjeshme, por kjo deklarat\u00eb duhet par\u00eb n\u00eb kontekstin politk.<\/p>\n<p>V\u00ebllazeria e Berish\u00ebs me Turqin\u00eb nuk \u00ebsht\u00eb thjesht\u00eb m\u00ebndimi p\u00ebrsonal i kryeministrit, por kursi i ri politik i Republik\u00ebs s\u00eb Shqip\u00ebris\u00eb. D\u00ebshtimet e nj\u00ebpasnj\u00ebshme p\u00ebr marrjen statusin e v\u00ebndit kandidat, dhe mosvullneti politik p\u00ebr t\u00eb plot\u00ebsuara kushtet q\u00eb u ka v\u00ebn\u00eb Europa, klasa politike shqiptare tenton t\u00eb zgjedh\u00eb rrug\u00ebn me t\u00eb shkurter; t\u2019i bashkangjitet \u00ebnd\u00ebrres s\u00eb re neo-otomane dhe t\u00eb b\u00ebhet pjes\u00eb e nj\u00eb federate t\u00eb re islamiko \u2013 ballkanike. Pjes\u00eb e k\u00ebsaj federate do t\u00eb jet\u00eb edhe v\u00ebllai tjet\u00ebr i Edoganit, Hashim Tha\u00e7i.<\/p>\n<p>Federata me Turqin\u00eb \u00ebsht\u00eb m\u00eb e leht\u00eb se antarsimi n\u00eb BE. Turqia nuk ka kushte t\u00eb v\u00ebshtira, nuk k\u00ebrkon t\u00eb luftohet korrupsioni, nuk k\u00ebrkon zhvillimin e reformave, nuk lyp qe te respektohen te drejtat e njeriut, as t\u00eb respektohen pakicat etnike dhe fetare, sepse ajo \u00ebsht\u00eb shkel\u00ebsi me i madh i tyre n\u00eb Ballkan dhe Europ\u00eb. K\u00ebrkesat e Turqis\u00eb ndaj politik\u00ebs shqiptare jan\u00eb t\u00eb thjeshta dhe realizohen me pak mundim. Ato p\u00ebrq\u00ebndrohen n\u00eb pak pika; mjafton t\u00eb nd\u00ebrtohet ndonj\u00eb xhami m\u00eb shum\u00eb n\u00ebp\u00ebr Shqip\u00ebri, n\u00eb fund t\u00eb fundit parat\u00eb i paguan ajo, ndonj\u00eb investim me leverdi si n\u00eb rastin e Albtelekomit, dhe shqiptar\u00ebt t\u00eb pranojn\u00eb se Perandoria Osmane nuk ishte nj\u00eb pushtues por thjesht\u00eb bashk\u00ebjetuam p\u00ebr pes\u00ebqind vjet si v\u00ebllez\u00ebr t\u00eb t\u00eb nj\u00ebtit gjak.<\/p>\n<p>P\u00ebr plotesimin e k\u00ebtyre k\u00ebrkesave, politikan\u00ebt shqiptar nuk kan\u00eb nevoj\u00eb t\u00eb b\u00ebjn\u00eb sakrifica p\u00ebrsonale dhe as t\u2019u n\u00ebnshtrohen \u201cdiktateve\u201d t\u00eb Brukselit. Pastaj kur b\u00ebhet fjal\u00eb p\u00ebr k\u00ebrkesat e Turqis\u00eb, politika shqiptare ka d\u00ebshmuar se ka nj\u00eb kohezion t\u00eb p\u00ebrsosur qeveri-opozit\u00eb, si n\u00eb asnj\u00eb rast tjet\u00ebr. Si p\u00ebr magji zhduken t\u00eb gjitha mosmarr\u00ebveshjet, \u201cinteresat\u201d e kombit vihen n\u00eb plan t\u00eb par\u00eb t\u00eb axhend\u00ebs.<\/p>\n<p>Edi Rama, p\u00ebr t\u00eb d\u00ebshmuar se nuk drejton nj\u00eb forc\u00eb destruktive q\u00eb n\u00eb munges\u00eb t\u00eb ideve din vet\u00ebm t\u00eb bojkotoj\u00eb parlamentin, n\u00eb koh\u00ebn kur ishte kryebashkiaku Tiran\u00ebs, propozoi dhe miratoi projektin p\u00ebr t\u00eb nd\u00ebrtuar n\u00eb mes t\u00eb Tran\u00ebs nj\u00eb qend\u00ebr gjigandeske logjistike islamike, m\u00eb t\u00eb madhen n\u00eb Ballkan duke i dh\u00ebn\u00eb Tiran\u00ebs dhe Shqip\u00ebris\u00eb nj\u00eb imazh islamik q\u00eb n\u00eb t\u00eb v\u00ebrtet\u00eb nuk e ka. Po ashtu Luli, politikani i gjeneratave t\u00eb reja, veproi me t\u00eb nj\u00ebjtin kohezion, vendosi te ndjek rrug\u00ebn e paraardh\u00ebsit t\u00eb tij\u00eb me moton e re politike q\u00eb, nuk duhet shkaterruar puna e paraardh\u00ebsit, edhe se kjo vlen vet\u00ebm n\u00eb rastin konkret.<\/p>\n<p>Jo gjithmon\u00eb politika shqiptare ka pasur nj\u00eb vizion te qart\u00eb n\u00eb qasjet e saj politke me Perendimin, sidomos Partia Demokratike e Berish\u00ebs. E shkuara e saj, jo gjithmon\u00eb ka q\u00ebn\u00eb koerente me politik\u00ebn q\u00eb ka propaganduar. Po t\u00eb kthejm\u00eb kok\u00ebn prapa e t\u00eb shikojm\u00eb politik\u00ebn e ndjekur nga kjo parti, e kaluara e saj ka m\u00eb shum\u00eb hije se drit\u00eb n\u00eb kontekstin e mardh\u00ebnieve me Per\u00ebndimin. V\u00ebllaz\u00ebria e Berish\u00ebs me Turqin\u00eb, nuk fillojn\u00eb tek frazat pak elegante t\u00eb Stambollit, ato i kan\u00eb rr\u00ebnj\u00ebt q\u00eb nga koha e Ministrit t\u00eb Br\u00ebnd\u00ebsh\u00ebm Bashkim Gazidete q\u00eb Ministrine e pati shnd\u00ebrruar n\u00eb nj\u00eb xhami. Nga koha kur Shqip\u00ebria hoqi vizat p\u00ebr t\u00eb gjith\u00eb shtetasit e v\u00ebndeve islamike, dhe n\u00ebn petkun e investitor\u00ebve apo misionar\u00ebve humanitar qe shnd\u00ebrruar n\u00eb nj\u00eb \u201ctok\u00eb t\u00eb pa zot\u201d.<\/p>\n<p>N\u00eb saj\u00eb t\u00eb k\u00ebtyre politikave, duhet kujtuar se n\u00eb vitin 1997 mes Tiranes dhe Uashingtonit pati pothuajse nj\u00eb kriz\u00eb t\u00eb r\u00ebnd\u00eb diplomatke. Bile ende sot Berisha pret t\u00eb b\u00ebj\u00eb nj\u00eb vizit\u00eb zyrtare n\u00eb Uashington, pas atyre t\u00eb Rames e Spahiut, por ftesa po vonon te vij\u00eb. Veprimet e Berish\u00ebs sot, jan\u00eb vazhdimi i rrug\u00ebs q\u00eb u nd\u00ebrmor pas anatrsimit n\u00eb Konferenc\u00ebn Islamike, anatrisim ky q\u00eb nuk ishte nj\u00eb gj\u00eb e rastit por nj\u00eb projekt afatgjat\u00eb p\u00ebr t\u2019iu bashkangjitur orientit fondamentalist. Projekt q\u00eb pati nj\u00eb nd\u00ebrprerje t\u00eb shkrurt\u00ebr n\u00eb vitin 1997 pas presion\u00ebve te larta te per\u00ebndimoreve dhe rr\u00ebzimit t\u00eb rregjimit q\u00eb kishte nd\u00ebrtuar Berisha.<\/p>\n<p>Shqiptar\u00ebt e zgjodh\u00ebn Berish\u00ebn kryeminist\u00ebr, sepse ai u premtoi atyre se do t\u00eb luftonte kurrupsionin dhe do t\u00eb kryente reformat p\u00ebr t\u00eb antarsuar v\u00ebndin n\u00eb Bashkimin Europian. Politika e Berish\u00ebs n\u00eb k\u00ebt\u00eb drejtim falimentoi, si n\u00eb luft\u00ebn kund\u00ebr korrupsionit ashtu edhe n\u00eb marrjen e statusit t\u00eb v\u00ebndit kandidat. Kur nj\u00eb klas\u00eb politike d\u00ebshton dhe zhg\u00ebnjnen elektoratin, nuk mbetet gj\u00eb tjet\u00ebr vet\u00ebm t\u2019u lirojn\u00eb v\u00ebndin t\u00eb tjerve, jo t\u00eb tentoj\u00eb t\u00eb ndryshoj\u00eb kursin politik n\u00eb vazhdim. U takon shqiptar\u00ebve t\u00eb zgjedhin n\u00eb mes Per\u00ebndimit e Orientit, jo politik\u00ebs.<\/p>\n<p>Politikan\u00ebt duhet t\u00eb jen\u00eb t\u00eb vet\u00ebdish\u00ebm se karriget shtet\u00ebrore ku jan\u00eb te ulur, jan\u00eb mandati q\u00eb shqiptar\u00ebt u kan\u00eb dh\u00ebn\u00eb per t\u00eb realizuar aspiratat e tyre, jo t\u2019a konsiderojn\u00eb Shqip\u00ebrin\u00eb nj\u00eb pron\u00eb personale q\u00eb mund t\u2019a p\u00ebrdorin sipas qefeve te rastit. Nga t\u00eb gjitha sondazhet q\u00eb jan\u00eb organizuar n\u00eb t\u00eb kaluaren rezulton se 99% e shqiptar\u00ebve jan\u00eb pro antarsimit n\u00eb Bashkimin Europian. Nj\u00eb fakt q\u00eb meriton m\u00eb shum\u00eb v\u00ebm\u00ebndje nga politika.<\/p>\n<p>Berisha u pati premtua shqiptar\u00ebve se 100 Vjetorin e Pavarsis\u00eb do t\u2019a festonin si shtet kandidat p\u00ebr t\u2019u antarsuar ne BE, n\u00eb munges\u00eb t\u00eb k\u00ebtij premtimi, do t\u2019u sjell\u00eb kryeministrin e Turqis\u00eb, Rexhep Erdogan. Natyrisht nuk ka asgj\u00eb t\u00eb keqe q\u00eb kryeministri i Turqise t\u00eb festoj\u00eb pavarsin\u00eb e shqiptar\u00ebve nga Perandoria Osmane s\u00eb bashku me shqiptar\u00ebt, por me prokupon fati i Gjergjit Kastriotit.<\/p>\n<p>Fatos Nano kur ishte kryeminist\u00ebr, p\u00ebr t\u2019i krijuar nj\u00eb atmosfer\u00eb sa m\u00eb t\u00eb p\u00ebrshtatshme kryeministrit turk dhe nga frika se prezenca e tij mund t\u00eb tmerronte \u201cmikun\u201d nga Anadolli, e hoqi fare nga zyra e tij. Nuk do t\u00eb habiteshim n\u00ebse edhe n\u00eb k\u00ebt\u00eb rast do t\u00eb krijohej ndonj\u00eb komision parlamentar p\u00ebr t\u00eb verifikuar ligjshm\u00ebrin\u00eb e bustit q\u00eb ndodhet n\u00eb sheshin kryesor t\u00eb Tiran\u00ebs.<\/p>\n<p>Meq\u00eb aty e vun\u00eb komunistat, dhe me moton e fam\u00ebshme berishiane se, duhet shkat\u00ebrruar \u00e7\u2019do gj\u00eb komuniste, mund t\u00eb p\u00ebrfitohet t\u2019a largojn\u00eb p\u00ebrkoh\u00ebsisht, gjoja se e ka nd\u00ebrtua Enver Hoxha por n\u00eb t\u00eb v\u00ebrtet\u00eb p\u00ebr t\u2019i krijuar kushte m\u00eb t\u00eb mira Rexhepit kur t\u00eb vij\u00eb p\u00ebr t\u00eb festuar Pavarsin\u00eb tone prej tij. N\u00eb 100 Vjetorin e Pavarsis\u00eb, nuk mund t\u00eb kishe menyre m\u00eb t\u00eb mire se kjo p\u00ebr t\u00eb festuar lindjen e shtetit shqiptar. Pastaj edhe Gjergji \u00ebsht\u00eb i lodhur me nderime hipokrite dhe fraza retorike. N\u00eb t\u00eb v\u00ebrtet\u00eb asnj\u00ebher nuk \u00ebsht\u00eb ndier rehat af\u00ebr minares q\u00eb ka aty af\u00ebr, tani q\u00eb pritet t\u00eb nd\u00ebrtohet nj\u00eb m\u00eb e madhe se ajo e sulltanit, do t\u00eb zbres\u00eb ai vet\u00eb nga kali dhe do t\u00eb shkoj\u00eb tek busti i tij n\u00eb Rom\u00eb apo Budapest, ku ajri \u00ebsht\u00eb m\u00eb i mir\u00eb dhe ndoshta edhe mir\u00ebnjohja shum\u00eb me e madhe<\/p>\n","protected":false},"excerpt":{"rendered":"<p>VALENTIN BRU\u00c7AJ Sa her\u00eb flitet q\u00eb shqiptar\u00ebt jane v\u00ebllez\u00ebr t\u00eb nj\u00eb kombi tjet\u00ebr, si p\u00ebr kon\u00e7idenc\u00eb ky komb \u00ebsht\u00eb gjithmon\u00eb Turqia. Pamvarsisht diferencave racore n\u00eb mes shqiptar\u00ebve t\u00eb bardh\u00eb \u2013 europian dhe turqeve \u2013 mongol, preferohet gjithmon\u00eb e m\u00eb shum\u00eb q\u00eb ti m\u00ebshohet teoris\u00eb s\u00eb k\u00ebsaj v\u00ebllaz\u00ebrie. Arsyeja \u00ebsht\u00eb ajo q\u00eb ka qen\u00eb p\u00ebrgjat\u00eb gjith\u00eb [&hellip;]<\/p>\n","protected":false},"author":1,"featured_media":0,"comment_status":"open","ping_status":"closed","sticky":false,"template":"","format":"standard","meta":{"footnotes":""},"categories":[2],"tags":[],"class_list":{"0":"post-2597","1":"post","2":"type-post","3":"status-publish","4":"format-standard","6":"category-artikuj"},"yoast_head":"<!-- This site is optimized with the Yoast SEO plugin v27.4 - https:\/\/yoast.com\/product\/yoast-seo-wordpress\/ -->\n<title>Valentin Bru\u00e7aj: V\u00ebllaz\u00ebria e Berish\u00ebs me Turqin\u00eb, tentativ\u00eb p\u00ebr t\u00eb ndryshuar kursin politik t\u00eb Shqip\u00ebris - FjALA e LIR\u00cb - Arkivi<\/title>\n<meta name=\"robots\" content=\"index, follow, max-snippet:-1, max-image-preview:large, max-video-preview:-1\" \/>\n<link rel=\"canonical\" href=\"https:\/\/fjala.info\/2009-2015\/valentin-brucaj-vellazeria-e-berishes-me-turqine-tentative-per-te-ndryshuar-kursin-politik-te-shqiperis\/\" \/>\n<meta property=\"og:locale\" content=\"sq_AL\" \/>\n<meta property=\"og:type\" content=\"article\" \/>\n<meta property=\"og:title\" content=\"Valentin Bru\u00e7aj: V\u00ebllaz\u00ebria e Berish\u00ebs me Turqin\u00eb, tentativ\u00eb p\u00ebr t\u00eb ndryshuar kursin politik t\u00eb Shqip\u00ebris - FjALA e LIR\u00cb - Arkivi\" \/>\n<meta property=\"og:description\" content=\"VALENTIN BRU\u00c7AJ Sa her\u00eb flitet q\u00eb shqiptar\u00ebt jane v\u00ebllez\u00ebr t\u00eb nj\u00eb kombi tjet\u00ebr, si p\u00ebr kon\u00e7idenc\u00eb ky komb \u00ebsht\u00eb gjithmon\u00eb Turqia. Pamvarsisht diferencave racore n\u00eb mes shqiptar\u00ebve t\u00eb bardh\u00eb \u2013 europian dhe turqeve \u2013 mongol, preferohet gjithmon\u00eb e m\u00eb shum\u00eb q\u00eb ti m\u00ebshohet teoris\u00eb s\u00eb k\u00ebsaj v\u00ebllaz\u00ebrie. Arsyeja \u00ebsht\u00eb ajo q\u00eb ka qen\u00eb p\u00ebrgjat\u00eb gjith\u00eb [&hellip;]\" \/>\n<meta property=\"og:url\" content=\"https:\/\/fjala.info\/2009-2015\/valentin-brucaj-vellazeria-e-berishes-me-turqine-tentative-per-te-ndryshuar-kursin-politik-te-shqiperis\/\" \/>\n<meta property=\"og:site_name\" content=\"FjALA e LIR\u00cb - Arkivi\" \/>\n<meta property=\"article:published_time\" content=\"2012-04-21T15:09:38+00:00\" \/>\n<meta property=\"og:image\" content=\"http:\/\/www.shkoder.net\/images\/fjala\/2011\/\/valentin_brucaj.jpg\" \/>\n<meta name=\"author\" content=\"admin\" \/>\n<meta name=\"twitter:card\" content=\"summary_large_image\" \/>\n<meta name=\"twitter:label1\" content=\"Written by\" \/>\n\t<meta name=\"twitter:data1\" content=\"admin\" \/>\n\t<meta name=\"twitter:label2\" content=\"Est. reading time\" \/>\n\t<meta name=\"twitter:data2\" content=\"9 minutes\" \/>\n<script type=\"application\/ld+json\" class=\"yoast-schema-graph\">{\"@context\":\"https:\\\/\\\/schema.org\",\"@graph\":[{\"@type\":\"Article\",\"@id\":\"https:\\\/\\\/fjala.info\\\/2009-2015\\\/valentin-brucaj-vellazeria-e-berishes-me-turqine-tentative-per-te-ndryshuar-kursin-politik-te-shqiperis\\\/#article\",\"isPartOf\":{\"@id\":\"https:\\\/\\\/fjala.info\\\/2009-2015\\\/valentin-brucaj-vellazeria-e-berishes-me-turqine-tentative-per-te-ndryshuar-kursin-politik-te-shqiperis\\\/\"},\"author\":{\"name\":\"admin\",\"@id\":\"https:\\\/\\\/fjala.info\\\/2009-2015\\\/#\\\/schema\\\/person\\\/3aa1163ef05469c496fc94e77611ada2\"},\"headline\":\"Valentin Bru\u00e7aj: V\u00ebllaz\u00ebria e Berish\u00ebs me Turqin\u00eb, tentativ\u00eb p\u00ebr t\u00eb ndryshuar kursin politik t\u00eb Shqip\u00ebris\",\"datePublished\":\"2012-04-21T15:09:38+00:00\",\"mainEntityOfPage\":{\"@id\":\"https:\\\/\\\/fjala.info\\\/2009-2015\\\/valentin-brucaj-vellazeria-e-berishes-me-turqine-tentative-per-te-ndryshuar-kursin-politik-te-shqiperis\\\/\"},\"wordCount\":1865,\"commentCount\":0,\"publisher\":{\"@id\":\"https:\\\/\\\/fjala.info\\\/2009-2015\\\/#organization\"},\"image\":{\"@id\":\"https:\\\/\\\/fjala.info\\\/2009-2015\\\/valentin-brucaj-vellazeria-e-berishes-me-turqine-tentative-per-te-ndryshuar-kursin-politik-te-shqiperis\\\/#primaryimage\"},\"thumbnailUrl\":\"http:\\\/\\\/www.shkoder.net\\\/images\\\/fjala\\\/2011\\\/\\\/valentin_brucaj.jpg\",\"articleSection\":[\"Artikuj\"],\"inLanguage\":\"sq-AL\",\"potentialAction\":[{\"@type\":\"CommentAction\",\"name\":\"Comment\",\"target\":[\"https:\\\/\\\/fjala.info\\\/2009-2015\\\/valentin-brucaj-vellazeria-e-berishes-me-turqine-tentative-per-te-ndryshuar-kursin-politik-te-shqiperis\\\/#respond\"]}]},{\"@type\":\"WebPage\",\"@id\":\"https:\\\/\\\/fjala.info\\\/2009-2015\\\/valentin-brucaj-vellazeria-e-berishes-me-turqine-tentative-per-te-ndryshuar-kursin-politik-te-shqiperis\\\/\",\"url\":\"https:\\\/\\\/fjala.info\\\/2009-2015\\\/valentin-brucaj-vellazeria-e-berishes-me-turqine-tentative-per-te-ndryshuar-kursin-politik-te-shqiperis\\\/\",\"name\":\"Valentin Bru\u00e7aj: V\u00ebllaz\u00ebria e Berish\u00ebs me Turqin\u00eb, tentativ\u00eb p\u00ebr t\u00eb ndryshuar kursin politik t\u00eb Shqip\u00ebris - FjALA e LIR\u00cb - Arkivi\",\"isPartOf\":{\"@id\":\"https:\\\/\\\/fjala.info\\\/2009-2015\\\/#website\"},\"primaryImageOfPage\":{\"@id\":\"https:\\\/\\\/fjala.info\\\/2009-2015\\\/valentin-brucaj-vellazeria-e-berishes-me-turqine-tentative-per-te-ndryshuar-kursin-politik-te-shqiperis\\\/#primaryimage\"},\"image\":{\"@id\":\"https:\\\/\\\/fjala.info\\\/2009-2015\\\/valentin-brucaj-vellazeria-e-berishes-me-turqine-tentative-per-te-ndryshuar-kursin-politik-te-shqiperis\\\/#primaryimage\"},\"thumbnailUrl\":\"http:\\\/\\\/www.shkoder.net\\\/images\\\/fjala\\\/2011\\\/\\\/valentin_brucaj.jpg\",\"datePublished\":\"2012-04-21T15:09:38+00:00\",\"breadcrumb\":{\"@id\":\"https:\\\/\\\/fjala.info\\\/2009-2015\\\/valentin-brucaj-vellazeria-e-berishes-me-turqine-tentative-per-te-ndryshuar-kursin-politik-te-shqiperis\\\/#breadcrumb\"},\"inLanguage\":\"sq-AL\",\"potentialAction\":[{\"@type\":\"ReadAction\",\"target\":[\"https:\\\/\\\/fjala.info\\\/2009-2015\\\/valentin-brucaj-vellazeria-e-berishes-me-turqine-tentative-per-te-ndryshuar-kursin-politik-te-shqiperis\\\/\"]}]},{\"@type\":\"ImageObject\",\"inLanguage\":\"sq-AL\",\"@id\":\"https:\\\/\\\/fjala.info\\\/2009-2015\\\/valentin-brucaj-vellazeria-e-berishes-me-turqine-tentative-per-te-ndryshuar-kursin-politik-te-shqiperis\\\/#primaryimage\",\"url\":\"http:\\\/\\\/www.shkoder.net\\\/images\\\/fjala\\\/2011\\\/\\\/valentin_brucaj.jpg\",\"contentUrl\":\"http:\\\/\\\/www.shkoder.net\\\/images\\\/fjala\\\/2011\\\/\\\/valentin_brucaj.jpg\"},{\"@type\":\"BreadcrumbList\",\"@id\":\"https:\\\/\\\/fjala.info\\\/2009-2015\\\/valentin-brucaj-vellazeria-e-berishes-me-turqine-tentative-per-te-ndryshuar-kursin-politik-te-shqiperis\\\/#breadcrumb\",\"itemListElement\":[{\"@type\":\"ListItem\",\"position\":1,\"name\":\"Home\",\"item\":\"https:\\\/\\\/fjala.info\\\/2009-2015\\\/\"},{\"@type\":\"ListItem\",\"position\":2,\"name\":\"Valentin Bru\u00e7aj: V\u00ebllaz\u00ebria e Berish\u00ebs me Turqin\u00eb, tentativ\u00eb p\u00ebr t\u00eb ndryshuar kursin politik t\u00eb Shqip\u00ebris\"}]},{\"@type\":\"WebSite\",\"@id\":\"https:\\\/\\\/fjala.info\\\/2009-2015\\\/#website\",\"url\":\"https:\\\/\\\/fjala.info\\\/2009-2015\\\/\",\"name\":\"FjALA e LIR\u00cb - Arkivi\",\"description\":\"Arkivi 2009-2015\",\"publisher\":{\"@id\":\"https:\\\/\\\/fjala.info\\\/2009-2015\\\/#organization\"},\"potentialAction\":[{\"@type\":\"SearchAction\",\"target\":{\"@type\":\"EntryPoint\",\"urlTemplate\":\"https:\\\/\\\/fjala.info\\\/2009-2015\\\/?s={search_term_string}\"},\"query-input\":{\"@type\":\"PropertyValueSpecification\",\"valueRequired\":true,\"valueName\":\"search_term_string\"}}],\"inLanguage\":\"sq-AL\"},{\"@type\":\"Organization\",\"@id\":\"https:\\\/\\\/fjala.info\\\/2009-2015\\\/#organization\",\"name\":\"FjALA e LIR\u00cb - Arkivi\",\"url\":\"https:\\\/\\\/fjala.info\\\/2009-2015\\\/\",\"logo\":{\"@type\":\"ImageObject\",\"inLanguage\":\"sq-AL\",\"@id\":\"https:\\\/\\\/fjala.info\\\/2009-2015\\\/#\\\/schema\\\/logo\\\/image\\\/\",\"url\":\"\",\"contentUrl\":\"\",\"caption\":\"FjALA e LIR\u00cb - Arkivi\"},\"image\":{\"@id\":\"https:\\\/\\\/fjala.info\\\/2009-2015\\\/#\\\/schema\\\/logo\\\/image\\\/\"}},{\"@type\":\"Person\",\"@id\":\"https:\\\/\\\/fjala.info\\\/2009-2015\\\/#\\\/schema\\\/person\\\/3aa1163ef05469c496fc94e77611ada2\",\"name\":\"admin\",\"image\":{\"@type\":\"ImageObject\",\"inLanguage\":\"sq-AL\",\"@id\":\"https:\\\/\\\/fjala.info\\\/2009-2015\\\/wp-content\\\/uploads\\\/2012\\\/02\\\/arben_cokaj-120x150.jpg\",\"url\":\"https:\\\/\\\/fjala.info\\\/2009-2015\\\/wp-content\\\/uploads\\\/2012\\\/02\\\/arben_cokaj-120x150.jpg\",\"contentUrl\":\"https:\\\/\\\/fjala.info\\\/2009-2015\\\/wp-content\\\/uploads\\\/2012\\\/02\\\/arben_cokaj-120x150.jpg\",\"caption\":\"admin\"},\"description\":\"Admin, Fjala e Lir\u00eb\",\"sameAs\":[\"https:\\\/\\\/fjala.info\\\/\"],\"url\":\"https:\\\/\\\/fjala.info\\\/2009-2015\\\/author\\\/admin\\\/\"}]}<\/script>\n<!-- \/ Yoast SEO plugin. -->","yoast_head_json":{"title":"Valentin Bru\u00e7aj: V\u00ebllaz\u00ebria e Berish\u00ebs me Turqin\u00eb, tentativ\u00eb p\u00ebr t\u00eb ndryshuar kursin politik t\u00eb Shqip\u00ebris - FjALA e LIR\u00cb - Arkivi","robots":{"index":"index","follow":"follow","max-snippet":"max-snippet:-1","max-image-preview":"max-image-preview:large","max-video-preview":"max-video-preview:-1"},"canonical":"https:\/\/fjala.info\/2009-2015\/valentin-brucaj-vellazeria-e-berishes-me-turqine-tentative-per-te-ndryshuar-kursin-politik-te-shqiperis\/","og_locale":"sq_AL","og_type":"article","og_title":"Valentin Bru\u00e7aj: V\u00ebllaz\u00ebria e Berish\u00ebs me Turqin\u00eb, tentativ\u00eb p\u00ebr t\u00eb ndryshuar kursin politik t\u00eb Shqip\u00ebris - FjALA e LIR\u00cb - Arkivi","og_description":"VALENTIN BRU\u00c7AJ Sa her\u00eb flitet q\u00eb shqiptar\u00ebt jane v\u00ebllez\u00ebr t\u00eb nj\u00eb kombi tjet\u00ebr, si p\u00ebr kon\u00e7idenc\u00eb ky komb \u00ebsht\u00eb gjithmon\u00eb Turqia. Pamvarsisht diferencave racore n\u00eb mes shqiptar\u00ebve t\u00eb bardh\u00eb \u2013 europian dhe turqeve \u2013 mongol, preferohet gjithmon\u00eb e m\u00eb shum\u00eb q\u00eb ti m\u00ebshohet teoris\u00eb s\u00eb k\u00ebsaj v\u00ebllaz\u00ebrie. Arsyeja \u00ebsht\u00eb ajo q\u00eb ka qen\u00eb p\u00ebrgjat\u00eb gjith\u00eb [&hellip;]","og_url":"https:\/\/fjala.info\/2009-2015\/valentin-brucaj-vellazeria-e-berishes-me-turqine-tentative-per-te-ndryshuar-kursin-politik-te-shqiperis\/","og_site_name":"FjALA e LIR\u00cb - Arkivi","article_published_time":"2012-04-21T15:09:38+00:00","og_image":[{"url":"http:\/\/www.shkoder.net\/images\/fjala\/2011\/\/valentin_brucaj.jpg","type":"","width":"","height":""}],"author":"admin","twitter_card":"summary_large_image","twitter_misc":{"Written by":"admin","Est. reading time":"9 minutes"},"schema":{"@context":"https:\/\/schema.org","@graph":[{"@type":"Article","@id":"https:\/\/fjala.info\/2009-2015\/valentin-brucaj-vellazeria-e-berishes-me-turqine-tentative-per-te-ndryshuar-kursin-politik-te-shqiperis\/#article","isPartOf":{"@id":"https:\/\/fjala.info\/2009-2015\/valentin-brucaj-vellazeria-e-berishes-me-turqine-tentative-per-te-ndryshuar-kursin-politik-te-shqiperis\/"},"author":{"name":"admin","@id":"https:\/\/fjala.info\/2009-2015\/#\/schema\/person\/3aa1163ef05469c496fc94e77611ada2"},"headline":"Valentin Bru\u00e7aj: V\u00ebllaz\u00ebria e Berish\u00ebs me Turqin\u00eb, tentativ\u00eb p\u00ebr t\u00eb ndryshuar kursin politik t\u00eb Shqip\u00ebris","datePublished":"2012-04-21T15:09:38+00:00","mainEntityOfPage":{"@id":"https:\/\/fjala.info\/2009-2015\/valentin-brucaj-vellazeria-e-berishes-me-turqine-tentative-per-te-ndryshuar-kursin-politik-te-shqiperis\/"},"wordCount":1865,"commentCount":0,"publisher":{"@id":"https:\/\/fjala.info\/2009-2015\/#organization"},"image":{"@id":"https:\/\/fjala.info\/2009-2015\/valentin-brucaj-vellazeria-e-berishes-me-turqine-tentative-per-te-ndryshuar-kursin-politik-te-shqiperis\/#primaryimage"},"thumbnailUrl":"http:\/\/www.shkoder.net\/images\/fjala\/2011\/\/valentin_brucaj.jpg","articleSection":["Artikuj"],"inLanguage":"sq-AL","potentialAction":[{"@type":"CommentAction","name":"Comment","target":["https:\/\/fjala.info\/2009-2015\/valentin-brucaj-vellazeria-e-berishes-me-turqine-tentative-per-te-ndryshuar-kursin-politik-te-shqiperis\/#respond"]}]},{"@type":"WebPage","@id":"https:\/\/fjala.info\/2009-2015\/valentin-brucaj-vellazeria-e-berishes-me-turqine-tentative-per-te-ndryshuar-kursin-politik-te-shqiperis\/","url":"https:\/\/fjala.info\/2009-2015\/valentin-brucaj-vellazeria-e-berishes-me-turqine-tentative-per-te-ndryshuar-kursin-politik-te-shqiperis\/","name":"Valentin Bru\u00e7aj: V\u00ebllaz\u00ebria e Berish\u00ebs me Turqin\u00eb, tentativ\u00eb p\u00ebr t\u00eb ndryshuar kursin politik t\u00eb Shqip\u00ebris - FjALA e LIR\u00cb - Arkivi","isPartOf":{"@id":"https:\/\/fjala.info\/2009-2015\/#website"},"primaryImageOfPage":{"@id":"https:\/\/fjala.info\/2009-2015\/valentin-brucaj-vellazeria-e-berishes-me-turqine-tentative-per-te-ndryshuar-kursin-politik-te-shqiperis\/#primaryimage"},"image":{"@id":"https:\/\/fjala.info\/2009-2015\/valentin-brucaj-vellazeria-e-berishes-me-turqine-tentative-per-te-ndryshuar-kursin-politik-te-shqiperis\/#primaryimage"},"thumbnailUrl":"http:\/\/www.shkoder.net\/images\/fjala\/2011\/\/valentin_brucaj.jpg","datePublished":"2012-04-21T15:09:38+00:00","breadcrumb":{"@id":"https:\/\/fjala.info\/2009-2015\/valentin-brucaj-vellazeria-e-berishes-me-turqine-tentative-per-te-ndryshuar-kursin-politik-te-shqiperis\/#breadcrumb"},"inLanguage":"sq-AL","potentialAction":[{"@type":"ReadAction","target":["https:\/\/fjala.info\/2009-2015\/valentin-brucaj-vellazeria-e-berishes-me-turqine-tentative-per-te-ndryshuar-kursin-politik-te-shqiperis\/"]}]},{"@type":"ImageObject","inLanguage":"sq-AL","@id":"https:\/\/fjala.info\/2009-2015\/valentin-brucaj-vellazeria-e-berishes-me-turqine-tentative-per-te-ndryshuar-kursin-politik-te-shqiperis\/#primaryimage","url":"http:\/\/www.shkoder.net\/images\/fjala\/2011\/\/valentin_brucaj.jpg","contentUrl":"http:\/\/www.shkoder.net\/images\/fjala\/2011\/\/valentin_brucaj.jpg"},{"@type":"BreadcrumbList","@id":"https:\/\/fjala.info\/2009-2015\/valentin-brucaj-vellazeria-e-berishes-me-turqine-tentative-per-te-ndryshuar-kursin-politik-te-shqiperis\/#breadcrumb","itemListElement":[{"@type":"ListItem","position":1,"name":"Home","item":"https:\/\/fjala.info\/2009-2015\/"},{"@type":"ListItem","position":2,"name":"Valentin Bru\u00e7aj: V\u00ebllaz\u00ebria e Berish\u00ebs me Turqin\u00eb, tentativ\u00eb p\u00ebr t\u00eb ndryshuar kursin politik t\u00eb Shqip\u00ebris"}]},{"@type":"WebSite","@id":"https:\/\/fjala.info\/2009-2015\/#website","url":"https:\/\/fjala.info\/2009-2015\/","name":"FjALA e LIR\u00cb - Arkivi","description":"Arkivi 2009-2015","publisher":{"@id":"https:\/\/fjala.info\/2009-2015\/#organization"},"potentialAction":[{"@type":"SearchAction","target":{"@type":"EntryPoint","urlTemplate":"https:\/\/fjala.info\/2009-2015\/?s={search_term_string}"},"query-input":{"@type":"PropertyValueSpecification","valueRequired":true,"valueName":"search_term_string"}}],"inLanguage":"sq-AL"},{"@type":"Organization","@id":"https:\/\/fjala.info\/2009-2015\/#organization","name":"FjALA e LIR\u00cb - Arkivi","url":"https:\/\/fjala.info\/2009-2015\/","logo":{"@type":"ImageObject","inLanguage":"sq-AL","@id":"https:\/\/fjala.info\/2009-2015\/#\/schema\/logo\/image\/","url":"","contentUrl":"","caption":"FjALA e LIR\u00cb - Arkivi"},"image":{"@id":"https:\/\/fjala.info\/2009-2015\/#\/schema\/logo\/image\/"}},{"@type":"Person","@id":"https:\/\/fjala.info\/2009-2015\/#\/schema\/person\/3aa1163ef05469c496fc94e77611ada2","name":"admin","image":{"@type":"ImageObject","inLanguage":"sq-AL","@id":"https:\/\/fjala.info\/2009-2015\/wp-content\/uploads\/2012\/02\/arben_cokaj-120x150.jpg","url":"https:\/\/fjala.info\/2009-2015\/wp-content\/uploads\/2012\/02\/arben_cokaj-120x150.jpg","contentUrl":"https:\/\/fjala.info\/2009-2015\/wp-content\/uploads\/2012\/02\/arben_cokaj-120x150.jpg","caption":"admin"},"description":"Admin, Fjala e Lir\u00eb","sameAs":["https:\/\/fjala.info\/"],"url":"https:\/\/fjala.info\/2009-2015\/author\/admin\/"}]}},"_links":{"self":[{"href":"https:\/\/fjala.info\/2009-2015\/wp-json\/wp\/v2\/posts\/2597","targetHints":{"allow":["GET"]}}],"collection":[{"href":"https:\/\/fjala.info\/2009-2015\/wp-json\/wp\/v2\/posts"}],"about":[{"href":"https:\/\/fjala.info\/2009-2015\/wp-json\/wp\/v2\/types\/post"}],"author":[{"embeddable":true,"href":"https:\/\/fjala.info\/2009-2015\/wp-json\/wp\/v2\/users\/1"}],"replies":[{"embeddable":true,"href":"https:\/\/fjala.info\/2009-2015\/wp-json\/wp\/v2\/comments?post=2597"}],"version-history":[{"count":0,"href":"https:\/\/fjala.info\/2009-2015\/wp-json\/wp\/v2\/posts\/2597\/revisions"}],"wp:attachment":[{"href":"https:\/\/fjala.info\/2009-2015\/wp-json\/wp\/v2\/media?parent=2597"}],"wp:term":[{"taxonomy":"category","embeddable":true,"href":"https:\/\/fjala.info\/2009-2015\/wp-json\/wp\/v2\/categories?post=2597"},{"taxonomy":"post_tag","embeddable":true,"href":"https:\/\/fjala.info\/2009-2015\/wp-json\/wp\/v2\/tags?post=2597"}],"curies":[{"name":"wp","href":"https:\/\/api.w.org\/{rel}","templated":true}]}}