{"id":2596,"date":"2010-05-12T22:36:09","date_gmt":"2010-05-12T21:36:09","guid":{"rendered":"http:\/\/fjala.shkoder.net\/?p=2596"},"modified":"2010-05-12T22:36:09","modified_gmt":"2010-05-12T21:36:09","slug":"humbja-e-kauzes-se-opozites-i-jep-kuraje-pushtetit","status":"publish","type":"post","link":"https:\/\/fjala.info\/2009-2015\/humbja-e-kauzes-se-opozites-i-jep-kuraje-pushtetit\/","title":{"rendered":"Humbja e kauz\u00ebs s\u00eb opozit\u00ebs i jep kuraj\u00eb pushtetit"},"content":{"rendered":"<p><img decoding=\"async\" style=\"margin-left: 10px; margin-right: 10px; border: 0px;\" src=\"http:\/\/www.shkoder.net\/images\/fjala\/mero_baze1.jpg\" border=\"0\" alt=\"Mero Baze\" width=\"100\" align=\"right\" \/><\/p>\n<p>Nga <strong>Mero Baze<\/strong>, &#8220;<em>Faktori Plus<\/em>&#8221;<\/p>\n<p>Sa m\u00eb shum\u00eb kalojn\u00eb dit\u00ebt dhe greva e uris\u00eb hyn\u00eb n\u00eb faza kritike, aq m\u00eb shum\u00eb duket se kryeministri po shton p\u00ebrpjekjet p\u00ebr t\u00eb rritur d\u00ebshp\u00ebrimin rreth rezultateve t\u00eb mundshme t\u00eb protest\u00ebs. Kryeministri ka shtuar skenat e shtirura si i qet\u00eb para kamerave dhe tenton her\u00eb pas here t\u00eb b\u00ebj\u00eb shaka para tyre, t\u00eb cilat n\u00eb t\u00eb v\u00ebrtet\u00eb m\u00eb shum\u00eb d\u00ebshmojn\u00eb gjendjen e r\u00ebnd\u00eb psikologjike t\u00eb kryeministrit se sa humorin q\u00eb nuk arrin t\u00eb prodhoj\u00eb dot.<\/p>\n<p>Mjafton t\u00eb marr\u00ebsh pamjet filmike t\u00eb p\u00ebrpjekjeve t\u00eb kryeministrit p\u00ebr t\u00eb b\u00ebr\u00eb humor dhe t\u2019ia jap\u00ebsh nj\u00eb mjeku psikiat\u00ebr, p\u00ebr t\u00eb kuptuar se greva ka arritur suksesin e saj t\u00eb par\u00eb, ka nxjerr\u00eb nga normaliteti njer\u00ebzor kryeministrin. Por greva ka arritur dhe nj\u00eb sukses politik brenda PD dhe n\u00eb shoq\u00ebri. N\u00ebse vini re skalionin q\u00eb po p\u00ebrdor Berisha kund\u00ebr grev\u00ebs, vihet re se po shfaqen fytyra t\u00eb panjohura dhe thuajse anonime nj\u00ebsoj si lista e mjekeve, hartuar nga gruaja e tij apo lista e artist\u00ebve rrog\u00ebtar\u00eb.<\/p>\n<p>Kjo tregon se p\u00ebrdit\u00eb e m\u00eb shum\u00eb intelektual\u00ebt shqiptar\u00eb, por dhe vet\u00eb figurat politike brenda PD-s\u00eb, po b\u00ebjn\u00eb kujdes t\u00eb mos konsumojn\u00eb portretin e tyre kund\u00ebr nj\u00eb kauze, e cila po ndan shoq\u00ebrin\u00eb shqiptare. Ata q\u00eb po angazhohen kund\u00ebr grev\u00ebs tani jan\u00eb anonim\u00ebt e shoq\u00ebris\u00eb shqiptare dhe anonim\u00ebt e PD-s\u00eb. Pjesa tjet\u00ebr mb\u00ebshtet protest\u00ebn ose \u00ebsht\u00eb pjes\u00eb e shumic\u00ebs s\u00eb heshtur q\u00eb mb\u00ebshtet at\u00eb.<\/p>\n<p>Por rezultati real i protest\u00ebs \u00ebsht\u00eb p\u00ebrfshirja e qindra mij\u00ebra njer\u00ebzve n\u00eb k\u00ebto manifestime. Mb\u00ebshtetja ndaj protest\u00ebs ka tejkaluar fuqin\u00eb e k\u00ebrkesave t\u00eb saj fillestare dhe sot mbi nj\u00eb milion\u00eb shqiptar\u00eb q\u00eb mb\u00ebshtesin k\u00ebt\u00eb protest\u00eb, kan\u00eb nj\u00eb pritshm\u00ebri shum\u00eb m\u00eb t\u00eb madhe p\u00ebr bilancin e k\u00ebsaj beteje se sa hapja e kutive apo hetimi i zgjedhjeve. Rezistenca e Berish\u00ebs dhe p\u00ebrpjekja e tij p\u00ebr ta provokuar protest\u00ebn, ka pjekur bindjen popullore se ky politikan \u00ebsht\u00eb armik i zgjedhjeve t\u00eb lira n\u00eb Shqip\u00ebri.<\/p>\n<p>Berisha mendon se ka n\u00eb dor\u00eb d\u00ebshtimin e protest\u00ebs me indiferenc\u00ebn ndaj saj, por n\u00eb t\u00eb v\u00ebrtet\u00eb ka n\u00eb dor\u00eb vet\u00ebm kolapsin e vendit dhe sistemit parlamentar. N\u00ebse Berisha refuzon t\u00eb d\u00ebgjoj\u00eb z\u00ebrin e protest\u00ebs, bilanci i k\u00ebsaj proteste do t\u00eb jet\u00eb i r\u00ebnd\u00eb, pasi do t\u00eb paralizoj\u00eb jet\u00ebn parlamentare dhe zgjedhjet vendore q\u00eb vijn\u00eb gjasht\u00eb muaj m\u00eb von\u00eb. Dhe vet\u00ebm nj\u00eb kryeminist\u00ebr jo normal mund ta \u00e7oj\u00eb vendin n\u00eb k\u00ebt\u00eb kolaps.<\/p>\n<p>P\u00ebr shum\u00eb shqiptar\u00eb q\u00eb nuk jan\u00eb votues fanatik\u00eb t\u00eb Berish\u00ebs dhe Ram\u00ebs, rezultati i k\u00ebsaj beteje ka m\u00eb shum\u00eb r\u00ebnd\u00ebsi se sa rezultatet e zgjedhjeve. N\u00ebse Edi Rama t\u00ebrhiqet nga kjo kauz\u00eb, atij i krijohet komoditeti i madh q\u00eb kur t\u00eb fitoj\u00eb pushtetin q\u00eb vjen vet\u00eb n\u00eb dor\u00eb pas kalb\u00ebzimit t\u00eb Berish\u00ebs, t\u00eb mos b\u00ebj\u00eb m\u00eb kurr\u00eb zgjedhje n\u00eb k\u00ebt\u00eb vend dhe t\u00eb na kujtoj\u00eb me ciniz\u00ebm si Berisha tani, se kjo shoq\u00ebri s\u2019ka fuqi t\u00eb mund\u00eb nj\u00eb lider q\u00eb bllokon lirin\u00eb e zgjedhjeve.<\/p>\n<p>Ndaj nj\u00eb bilanc pozitiv i k\u00ebsaj beteje, \u00ebsht\u00eb m\u00eb shum\u00eb nj\u00eb fitore p\u00ebr Sali Berish\u00ebn sesa p\u00ebr Edi Ram\u00ebn. Nga nj\u00eb bilanc i suksessh\u00ebm i k\u00ebsaj beteje, Berisha mbetet dhe ca koh\u00eb n\u00eb pushtet dhe Shqip\u00ebria krijon nj\u00eb sistem nd\u00ebshkues ndaj hajdut\u00ebve t\u00eb votave. E kund\u00ebrta do t\u00eb sjell\u00eb nj\u00eb paralizim t\u00eb shtetit ligjor dhe nj\u00eb inkurajim t\u00eb madh p\u00ebr t\u00eb gjith\u00eb ata q\u00eb kan\u00eb prekur zgjedhjet n\u00eb k\u00ebt\u00eb vend.<\/p>\n","protected":false},"excerpt":{"rendered":"<p><img decoding=\"async\" style=\"margin-left: 10px; margin-right: 10px; border: 0px;\" src=\"http:\/\/www.shkoder.net\/images\/fjala\/mero_baze1.jpg\" border=\"0\" alt=\"Mero Baze\" width=\"100\" align=\"right\" \/> <\/p>\n<p>Nga <strong>Mero Baze<\/strong>, &#8220;<em>Faktori Plus<\/em>&#8221; <\/p>\n<p>Sa m\u00eb shum\u00eb kalojn\u00eb dit\u00ebt dhe greva e uris\u00eb hyn\u00eb n\u00eb faza kritike, aq m\u00eb shum\u00eb duket se kryeministri po shton p\u00ebrpjekjet p\u00ebr t\u00eb rritur d\u00ebshp\u00ebrimin rreth rezultateve t\u00eb mundshme t\u00eb protest\u00ebs. Kryeministri ka shtuar skenat e shtirura si i qet\u00eb para kamerave dhe tenton her\u00eb pas here t\u00eb<\/p>\n","protected":false},"author":1,"featured_media":0,"comment_status":"open","ping_status":"closed","sticky":false,"template":"","format":"standard","meta":{"footnotes":""},"categories":[2],"tags":[],"class_list":{"0":"post-2596","1":"post","2":"type-post","3":"status-publish","4":"format-standard","6":"category-artikuj"},"yoast_head":"<!-- This site is optimized with the Yoast SEO plugin v27.4 - https:\/\/yoast.com\/product\/yoast-seo-wordpress\/ -->\n<title>Humbja e kauz\u00ebs s\u00eb opozit\u00ebs i jep kuraj\u00eb pushtetit - FjALA e LIR\u00cb - Arkivi<\/title>\n<meta name=\"robots\" content=\"index, follow, max-snippet:-1, max-image-preview:large, max-video-preview:-1\" \/>\n<link rel=\"canonical\" href=\"https:\/\/fjala.info\/2009-2015\/humbja-e-kauzes-se-opozites-i-jep-kuraje-pushtetit\/\" \/>\n<meta property=\"og:locale\" content=\"sq_AL\" \/>\n<meta property=\"og:type\" content=\"article\" \/>\n<meta property=\"og:title\" content=\"Humbja e kauz\u00ebs s\u00eb opozit\u00ebs i jep kuraj\u00eb pushtetit - FjALA e LIR\u00cb - Arkivi\" \/>\n<meta property=\"og:description\" content=\"Nga Mero Baze, &quot;Faktori Plus&quot;  Sa m\u00eb shum\u00eb kalojn\u00eb dit\u00ebt dhe greva e uris\u00eb hyn\u00eb n\u00eb faza kritike, aq m\u00eb shum\u00eb duket se kryeministri po shton p\u00ebrpjekjet p\u00ebr t\u00eb rritur d\u00ebshp\u00ebrimin rreth rezultateve t\u00eb mundshme t\u00eb protest\u00ebs. Kryeministri ka shtuar skenat e shtirura si i qet\u00eb para kamerave dhe tenton her\u00eb pas here t\u00eb\" \/>\n<meta property=\"og:url\" content=\"https:\/\/fjala.info\/2009-2015\/humbja-e-kauzes-se-opozites-i-jep-kuraje-pushtetit\/\" \/>\n<meta property=\"og:site_name\" content=\"FjALA e LIR\u00cb - Arkivi\" \/>\n<meta property=\"article:published_time\" content=\"2010-05-12T21:36:09+00:00\" \/>\n<meta property=\"og:image\" content=\"http:\/\/www.shkoder.net\/images\/fjala\/mero_baze1.jpg\" \/>\n<meta name=\"author\" content=\"admin\" \/>\n<meta name=\"twitter:card\" content=\"summary_large_image\" \/>\n<meta name=\"twitter:label1\" content=\"Written by\" \/>\n\t<meta name=\"twitter:data1\" content=\"admin\" \/>\n\t<meta name=\"twitter:label2\" content=\"Est. reading time\" \/>\n\t<meta name=\"twitter:data2\" content=\"3 minutes\" \/>\n<script type=\"application\/ld+json\" class=\"yoast-schema-graph\">{\"@context\":\"https:\\\/\\\/schema.org\",\"@graph\":[{\"@type\":\"Article\",\"@id\":\"https:\\\/\\\/fjala.info\\\/2009-2015\\\/humbja-e-kauzes-se-opozites-i-jep-kuraje-pushtetit\\\/#article\",\"isPartOf\":{\"@id\":\"https:\\\/\\\/fjala.info\\\/2009-2015\\\/humbja-e-kauzes-se-opozites-i-jep-kuraje-pushtetit\\\/\"},\"author\":{\"name\":\"admin\",\"@id\":\"https:\\\/\\\/fjala.info\\\/2009-2015\\\/#\\\/schema\\\/person\\\/3aa1163ef05469c496fc94e77611ada2\"},\"headline\":\"Humbja e kauz\u00ebs s\u00eb opozit\u00ebs i jep kuraj\u00eb pushtetit\",\"datePublished\":\"2010-05-12T21:36:09+00:00\",\"mainEntityOfPage\":{\"@id\":\"https:\\\/\\\/fjala.info\\\/2009-2015\\\/humbja-e-kauzes-se-opozites-i-jep-kuraje-pushtetit\\\/\"},\"wordCount\":653,\"commentCount\":0,\"publisher\":{\"@id\":\"https:\\\/\\\/fjala.info\\\/2009-2015\\\/#organization\"},\"image\":{\"@id\":\"https:\\\/\\\/fjala.info\\\/2009-2015\\\/humbja-e-kauzes-se-opozites-i-jep-kuraje-pushtetit\\\/#primaryimage\"},\"thumbnailUrl\":\"http:\\\/\\\/www.shkoder.net\\\/images\\\/fjala\\\/mero_baze1.jpg\",\"articleSection\":[\"Artikuj\"],\"inLanguage\":\"sq-AL\",\"potentialAction\":[{\"@type\":\"CommentAction\",\"name\":\"Comment\",\"target\":[\"https:\\\/\\\/fjala.info\\\/2009-2015\\\/humbja-e-kauzes-se-opozites-i-jep-kuraje-pushtetit\\\/#respond\"]}]},{\"@type\":\"WebPage\",\"@id\":\"https:\\\/\\\/fjala.info\\\/2009-2015\\\/humbja-e-kauzes-se-opozites-i-jep-kuraje-pushtetit\\\/\",\"url\":\"https:\\\/\\\/fjala.info\\\/2009-2015\\\/humbja-e-kauzes-se-opozites-i-jep-kuraje-pushtetit\\\/\",\"name\":\"Humbja e kauz\u00ebs s\u00eb opozit\u00ebs i jep kuraj\u00eb pushtetit - FjALA e LIR\u00cb - Arkivi\",\"isPartOf\":{\"@id\":\"https:\\\/\\\/fjala.info\\\/2009-2015\\\/#website\"},\"primaryImageOfPage\":{\"@id\":\"https:\\\/\\\/fjala.info\\\/2009-2015\\\/humbja-e-kauzes-se-opozites-i-jep-kuraje-pushtetit\\\/#primaryimage\"},\"image\":{\"@id\":\"https:\\\/\\\/fjala.info\\\/2009-2015\\\/humbja-e-kauzes-se-opozites-i-jep-kuraje-pushtetit\\\/#primaryimage\"},\"thumbnailUrl\":\"http:\\\/\\\/www.shkoder.net\\\/images\\\/fjala\\\/mero_baze1.jpg\",\"datePublished\":\"2010-05-12T21:36:09+00:00\",\"breadcrumb\":{\"@id\":\"https:\\\/\\\/fjala.info\\\/2009-2015\\\/humbja-e-kauzes-se-opozites-i-jep-kuraje-pushtetit\\\/#breadcrumb\"},\"inLanguage\":\"sq-AL\",\"potentialAction\":[{\"@type\":\"ReadAction\",\"target\":[\"https:\\\/\\\/fjala.info\\\/2009-2015\\\/humbja-e-kauzes-se-opozites-i-jep-kuraje-pushtetit\\\/\"]}]},{\"@type\":\"ImageObject\",\"inLanguage\":\"sq-AL\",\"@id\":\"https:\\\/\\\/fjala.info\\\/2009-2015\\\/humbja-e-kauzes-se-opozites-i-jep-kuraje-pushtetit\\\/#primaryimage\",\"url\":\"http:\\\/\\\/www.shkoder.net\\\/images\\\/fjala\\\/mero_baze1.jpg\",\"contentUrl\":\"http:\\\/\\\/www.shkoder.net\\\/images\\\/fjala\\\/mero_baze1.jpg\"},{\"@type\":\"BreadcrumbList\",\"@id\":\"https:\\\/\\\/fjala.info\\\/2009-2015\\\/humbja-e-kauzes-se-opozites-i-jep-kuraje-pushtetit\\\/#breadcrumb\",\"itemListElement\":[{\"@type\":\"ListItem\",\"position\":1,\"name\":\"Home\",\"item\":\"https:\\\/\\\/fjala.info\\\/2009-2015\\\/\"},{\"@type\":\"ListItem\",\"position\":2,\"name\":\"Humbja e kauz\u00ebs s\u00eb opozit\u00ebs i jep kuraj\u00eb pushtetit\"}]},{\"@type\":\"WebSite\",\"@id\":\"https:\\\/\\\/fjala.info\\\/2009-2015\\\/#website\",\"url\":\"https:\\\/\\\/fjala.info\\\/2009-2015\\\/\",\"name\":\"FjALA e LIR\u00cb - Arkivi\",\"description\":\"Arkivi 2009-2015\",\"publisher\":{\"@id\":\"https:\\\/\\\/fjala.info\\\/2009-2015\\\/#organization\"},\"potentialAction\":[{\"@type\":\"SearchAction\",\"target\":{\"@type\":\"EntryPoint\",\"urlTemplate\":\"https:\\\/\\\/fjala.info\\\/2009-2015\\\/?s={search_term_string}\"},\"query-input\":{\"@type\":\"PropertyValueSpecification\",\"valueRequired\":true,\"valueName\":\"search_term_string\"}}],\"inLanguage\":\"sq-AL\"},{\"@type\":\"Organization\",\"@id\":\"https:\\\/\\\/fjala.info\\\/2009-2015\\\/#organization\",\"name\":\"FjALA e LIR\u00cb - Arkivi\",\"url\":\"https:\\\/\\\/fjala.info\\\/2009-2015\\\/\",\"logo\":{\"@type\":\"ImageObject\",\"inLanguage\":\"sq-AL\",\"@id\":\"https:\\\/\\\/fjala.info\\\/2009-2015\\\/#\\\/schema\\\/logo\\\/image\\\/\",\"url\":\"\",\"contentUrl\":\"\",\"caption\":\"FjALA e LIR\u00cb - Arkivi\"},\"image\":{\"@id\":\"https:\\\/\\\/fjala.info\\\/2009-2015\\\/#\\\/schema\\\/logo\\\/image\\\/\"}},{\"@type\":\"Person\",\"@id\":\"https:\\\/\\\/fjala.info\\\/2009-2015\\\/#\\\/schema\\\/person\\\/3aa1163ef05469c496fc94e77611ada2\",\"name\":\"admin\",\"image\":{\"@type\":\"ImageObject\",\"inLanguage\":\"sq-AL\",\"@id\":\"https:\\\/\\\/fjala.info\\\/2009-2015\\\/wp-content\\\/uploads\\\/2012\\\/02\\\/arben_cokaj-120x150.jpg\",\"url\":\"https:\\\/\\\/fjala.info\\\/2009-2015\\\/wp-content\\\/uploads\\\/2012\\\/02\\\/arben_cokaj-120x150.jpg\",\"contentUrl\":\"https:\\\/\\\/fjala.info\\\/2009-2015\\\/wp-content\\\/uploads\\\/2012\\\/02\\\/arben_cokaj-120x150.jpg\",\"caption\":\"admin\"},\"description\":\"Admin, Fjala e Lir\u00eb\",\"sameAs\":[\"https:\\\/\\\/fjala.info\\\/\"],\"url\":\"https:\\\/\\\/fjala.info\\\/2009-2015\\\/author\\\/admin\\\/\"}]}<\/script>\n<!-- \/ Yoast SEO plugin. -->","yoast_head_json":{"title":"Humbja e kauz\u00ebs s\u00eb opozit\u00ebs i jep kuraj\u00eb pushtetit - FjALA e LIR\u00cb - Arkivi","robots":{"index":"index","follow":"follow","max-snippet":"max-snippet:-1","max-image-preview":"max-image-preview:large","max-video-preview":"max-video-preview:-1"},"canonical":"https:\/\/fjala.info\/2009-2015\/humbja-e-kauzes-se-opozites-i-jep-kuraje-pushtetit\/","og_locale":"sq_AL","og_type":"article","og_title":"Humbja e kauz\u00ebs s\u00eb opozit\u00ebs i jep kuraj\u00eb pushtetit - FjALA e LIR\u00cb - Arkivi","og_description":"Nga Mero Baze, \"Faktori Plus\"  Sa m\u00eb shum\u00eb kalojn\u00eb dit\u00ebt dhe greva e uris\u00eb hyn\u00eb n\u00eb faza kritike, aq m\u00eb shum\u00eb duket se kryeministri po shton p\u00ebrpjekjet p\u00ebr t\u00eb rritur d\u00ebshp\u00ebrimin rreth rezultateve t\u00eb mundshme t\u00eb protest\u00ebs. Kryeministri ka shtuar skenat e shtirura si i qet\u00eb para kamerave dhe tenton her\u00eb pas here t\u00eb","og_url":"https:\/\/fjala.info\/2009-2015\/humbja-e-kauzes-se-opozites-i-jep-kuraje-pushtetit\/","og_site_name":"FjALA e LIR\u00cb - Arkivi","article_published_time":"2010-05-12T21:36:09+00:00","og_image":[{"url":"http:\/\/www.shkoder.net\/images\/fjala\/mero_baze1.jpg","type":"","width":"","height":""}],"author":"admin","twitter_card":"summary_large_image","twitter_misc":{"Written by":"admin","Est. reading time":"3 minutes"},"schema":{"@context":"https:\/\/schema.org","@graph":[{"@type":"Article","@id":"https:\/\/fjala.info\/2009-2015\/humbja-e-kauzes-se-opozites-i-jep-kuraje-pushtetit\/#article","isPartOf":{"@id":"https:\/\/fjala.info\/2009-2015\/humbja-e-kauzes-se-opozites-i-jep-kuraje-pushtetit\/"},"author":{"name":"admin","@id":"https:\/\/fjala.info\/2009-2015\/#\/schema\/person\/3aa1163ef05469c496fc94e77611ada2"},"headline":"Humbja e kauz\u00ebs s\u00eb opozit\u00ebs i jep kuraj\u00eb pushtetit","datePublished":"2010-05-12T21:36:09+00:00","mainEntityOfPage":{"@id":"https:\/\/fjala.info\/2009-2015\/humbja-e-kauzes-se-opozites-i-jep-kuraje-pushtetit\/"},"wordCount":653,"commentCount":0,"publisher":{"@id":"https:\/\/fjala.info\/2009-2015\/#organization"},"image":{"@id":"https:\/\/fjala.info\/2009-2015\/humbja-e-kauzes-se-opozites-i-jep-kuraje-pushtetit\/#primaryimage"},"thumbnailUrl":"http:\/\/www.shkoder.net\/images\/fjala\/mero_baze1.jpg","articleSection":["Artikuj"],"inLanguage":"sq-AL","potentialAction":[{"@type":"CommentAction","name":"Comment","target":["https:\/\/fjala.info\/2009-2015\/humbja-e-kauzes-se-opozites-i-jep-kuraje-pushtetit\/#respond"]}]},{"@type":"WebPage","@id":"https:\/\/fjala.info\/2009-2015\/humbja-e-kauzes-se-opozites-i-jep-kuraje-pushtetit\/","url":"https:\/\/fjala.info\/2009-2015\/humbja-e-kauzes-se-opozites-i-jep-kuraje-pushtetit\/","name":"Humbja e kauz\u00ebs s\u00eb opozit\u00ebs i jep kuraj\u00eb pushtetit - FjALA e LIR\u00cb - Arkivi","isPartOf":{"@id":"https:\/\/fjala.info\/2009-2015\/#website"},"primaryImageOfPage":{"@id":"https:\/\/fjala.info\/2009-2015\/humbja-e-kauzes-se-opozites-i-jep-kuraje-pushtetit\/#primaryimage"},"image":{"@id":"https:\/\/fjala.info\/2009-2015\/humbja-e-kauzes-se-opozites-i-jep-kuraje-pushtetit\/#primaryimage"},"thumbnailUrl":"http:\/\/www.shkoder.net\/images\/fjala\/mero_baze1.jpg","datePublished":"2010-05-12T21:36:09+00:00","breadcrumb":{"@id":"https:\/\/fjala.info\/2009-2015\/humbja-e-kauzes-se-opozites-i-jep-kuraje-pushtetit\/#breadcrumb"},"inLanguage":"sq-AL","potentialAction":[{"@type":"ReadAction","target":["https:\/\/fjala.info\/2009-2015\/humbja-e-kauzes-se-opozites-i-jep-kuraje-pushtetit\/"]}]},{"@type":"ImageObject","inLanguage":"sq-AL","@id":"https:\/\/fjala.info\/2009-2015\/humbja-e-kauzes-se-opozites-i-jep-kuraje-pushtetit\/#primaryimage","url":"http:\/\/www.shkoder.net\/images\/fjala\/mero_baze1.jpg","contentUrl":"http:\/\/www.shkoder.net\/images\/fjala\/mero_baze1.jpg"},{"@type":"BreadcrumbList","@id":"https:\/\/fjala.info\/2009-2015\/humbja-e-kauzes-se-opozites-i-jep-kuraje-pushtetit\/#breadcrumb","itemListElement":[{"@type":"ListItem","position":1,"name":"Home","item":"https:\/\/fjala.info\/2009-2015\/"},{"@type":"ListItem","position":2,"name":"Humbja e kauz\u00ebs s\u00eb opozit\u00ebs i jep kuraj\u00eb pushtetit"}]},{"@type":"WebSite","@id":"https:\/\/fjala.info\/2009-2015\/#website","url":"https:\/\/fjala.info\/2009-2015\/","name":"FjALA e LIR\u00cb - Arkivi","description":"Arkivi 2009-2015","publisher":{"@id":"https:\/\/fjala.info\/2009-2015\/#organization"},"potentialAction":[{"@type":"SearchAction","target":{"@type":"EntryPoint","urlTemplate":"https:\/\/fjala.info\/2009-2015\/?s={search_term_string}"},"query-input":{"@type":"PropertyValueSpecification","valueRequired":true,"valueName":"search_term_string"}}],"inLanguage":"sq-AL"},{"@type":"Organization","@id":"https:\/\/fjala.info\/2009-2015\/#organization","name":"FjALA e LIR\u00cb - Arkivi","url":"https:\/\/fjala.info\/2009-2015\/","logo":{"@type":"ImageObject","inLanguage":"sq-AL","@id":"https:\/\/fjala.info\/2009-2015\/#\/schema\/logo\/image\/","url":"","contentUrl":"","caption":"FjALA e LIR\u00cb - Arkivi"},"image":{"@id":"https:\/\/fjala.info\/2009-2015\/#\/schema\/logo\/image\/"}},{"@type":"Person","@id":"https:\/\/fjala.info\/2009-2015\/#\/schema\/person\/3aa1163ef05469c496fc94e77611ada2","name":"admin","image":{"@type":"ImageObject","inLanguage":"sq-AL","@id":"https:\/\/fjala.info\/2009-2015\/wp-content\/uploads\/2012\/02\/arben_cokaj-120x150.jpg","url":"https:\/\/fjala.info\/2009-2015\/wp-content\/uploads\/2012\/02\/arben_cokaj-120x150.jpg","contentUrl":"https:\/\/fjala.info\/2009-2015\/wp-content\/uploads\/2012\/02\/arben_cokaj-120x150.jpg","caption":"admin"},"description":"Admin, Fjala e Lir\u00eb","sameAs":["https:\/\/fjala.info\/"],"url":"https:\/\/fjala.info\/2009-2015\/author\/admin\/"}]}},"_links":{"self":[{"href":"https:\/\/fjala.info\/2009-2015\/wp-json\/wp\/v2\/posts\/2596","targetHints":{"allow":["GET"]}}],"collection":[{"href":"https:\/\/fjala.info\/2009-2015\/wp-json\/wp\/v2\/posts"}],"about":[{"href":"https:\/\/fjala.info\/2009-2015\/wp-json\/wp\/v2\/types\/post"}],"author":[{"embeddable":true,"href":"https:\/\/fjala.info\/2009-2015\/wp-json\/wp\/v2\/users\/1"}],"replies":[{"embeddable":true,"href":"https:\/\/fjala.info\/2009-2015\/wp-json\/wp\/v2\/comments?post=2596"}],"version-history":[{"count":0,"href":"https:\/\/fjala.info\/2009-2015\/wp-json\/wp\/v2\/posts\/2596\/revisions"}],"wp:attachment":[{"href":"https:\/\/fjala.info\/2009-2015\/wp-json\/wp\/v2\/media?parent=2596"}],"wp:term":[{"taxonomy":"category","embeddable":true,"href":"https:\/\/fjala.info\/2009-2015\/wp-json\/wp\/v2\/categories?post=2596"},{"taxonomy":"post_tag","embeddable":true,"href":"https:\/\/fjala.info\/2009-2015\/wp-json\/wp\/v2\/tags?post=2596"}],"curies":[{"name":"wp","href":"https:\/\/api.w.org\/{rel}","templated":true}]}}