{"id":2595,"date":"2012-04-21T14:59:42","date_gmt":"2012-04-21T13:59:42","guid":{"rendered":"http:\/\/fjala.shkoder.net\/?p=2595"},"modified":"2012-04-21T14:59:42","modified_gmt":"2012-04-21T13:59:42","slug":"ndue-ukaj-humbja-e-imunitetit-kombetar","status":"publish","type":"post","link":"https:\/\/fjala.info\/2009-2015\/ndue-ukaj-humbja-e-imunitetit-kombetar\/","title":{"rendered":"Ndue Ukaj: Humbja e imunitetit komb\u00ebtar"},"content":{"rendered":"<p><img decoding=\"async\" class=\"alignright size-thumbnail wp-image-7236\" title=\"Ndue Ukaj\" src=\"http:\/\/www.shkoder.net\/2012\/ndue_ukaj.jpg\" alt=\"\" width=\"150\" \/> Nj\u00eb shtet a komb, e p\u00ebrbajn\u00eb t\u00ebr\u00ebsia territoriale dhe ana e tij shpirt\u00ebrore. Than\u00eb ndryshe, \u00e7do komb a shtet, ve\u00e7 integritetin territorial, ka edhe at\u00eb shpirt\u00ebror. K\u00ebto dy kategori, s\u2019b\u00ebjn\u00eb pa nj\u00ebra-tjetr\u00ebn, ngase vet\u00ebm duke qen\u00eb ne harmoni e sforcojn\u00eb substanc\u00ebn komb\u00ebtare. Andaj, ashtu si\u00e7 nuk guxohet dhe s\u2019duhet lejohet cenimi integriteti t\u00eb asnj\u00eb shteti, po ashtu nuk guxohet t\u00eb preket imuniteti shpirt\u00ebror i asnj\u00eb kombi a shteti. Sepse ky imunitet, \u00ebsht\u00eb forca q\u00eb i v\u00eb n\u00eb l\u00ebvizje gjitha damar\u00ebt e kombit. Sulmet, p\u00ebrbuzja dhe p\u00ebrbaltja e figurave t\u00eb sh\u00ebnjuara komb\u00ebtare, \u00ebsht\u00eb tendenc\u00eb e rrezikshme q\u00eb e v\u00eb n\u00eb rrezik imunitetin e kombit ton\u00eb. Andaj, p\u00ebrball\u00eb k\u00ebsaj gjendje t\u00eb rrezikshme, duhet reflektuar drejt\u00eb dhe qart\u00eb, pa hamendje dhe ashtu si\u00e7 parap\u00ebrcakton nevoja p\u00ebr ta mbrojt kombin dhe figurat e shenjta t\u00eb tij, nga sulmet e ndryshme.<\/p>\n<p>Kur preket imuniteti shpirt\u00ebror i nj\u00eb shteti, at\u00ebher\u00eb rreziku me e cenua t\u00ebr\u00ebsin\u00eb e tij, integritetin e tij, \u00ebsht\u00eb shum\u00eb i leht\u00eb. Kjo p\u00ebr faktin se vet\u00ebm ky imuniteti shpirt\u00ebror, i b\u00ebn kombet dhe shtetet t\u00eb jen\u00eb t\u00eb bashkuar dhe unik p\u00ebrball\u00eb sfidave. Madje, \u00ebsht\u00eb ky imunitet dhe kjo nevoj\u00eb psikologjike e kombeve, ajo domosdoja q\u00eb i motivon qytetar\u00ebt e saj ta mbrojn\u00eb t\u00ebr\u00ebsin\u00eb territoriale t\u00eb tij.<\/p>\n<p>\u00c7do komb, q\u00eb d\u00ebshiron t\u00eb gjalloj\u00eb dhe t\u00eb q\u00ebndroj stoik p\u00ebrball\u00eb t\u00eb papriturave, e ruan t\u00eb paprekshme kujtes\u00ebn historike, historin\u00eb dhe heronjt\u00eb, e mbi t\u00eb gjitha, ka masa preventive, q\u00eb ta ruaj imunitetin shpirt\u00ebror e komb\u00ebtar.<\/p>\n<p>Si kurr\u00eb m\u00eb par\u00eb, n\u00eb koh\u00ebn kur shqiptar\u00ebt jetojn\u00eb si asnj\u00ebher\u00eb m\u00eb par\u00eb t\u00eb lir\u00eb, imuniteti komb\u00ebtar po ndjehet i k\u00ebrc\u00ebnuar. Ai, \u00e7do dit\u00eb e m\u00eb shum\u00eb po l\u00ebndohet, tani nga brenda, pik\u00ebs\u00ebpari n\u00ebp\u00ebrmjet tendencave t\u00eb orkestruara dhe tejet t\u00eb rrezikshme, q\u00eb synojn\u00eb t\u00eb cenojn\u00eb integritetin e figurave komb\u00ebtare, t\u00eb provenienc\u00ebs s\u00eb caktuar.<\/p>\n<p>A \u00ebsht\u00eb lufta e ndyt\u00eb politike kund\u00ebr pjes\u00ebs m\u00eb vitale dhe m\u00eb t\u00eb madhe t\u00eb figurave t\u00eb ndritshme komb\u00ebtare, p\u00ebrpjekje p\u00ebr me shkat\u00ebrrua imunitetin komb\u00ebtar? P\u00ebrgjigja pa hamendje \u00ebsht\u00eb po. A duhet lejuar shqiptar\u00ebt nj\u00eb gj\u00eb t\u00eb till\u00eb? Pa hamendje, jo.<\/p>\n<p>E kjo shtron pyetjen tjet\u00ebr, a munden shqiptar\u00ebt ta ruajn\u00eb t\u00eb sh\u00ebndetsh\u00ebm imunitetin komb\u00ebtar, n\u00ebse ata lejojn\u00eb q\u00eb t\u00eb anatemohen figurat e ndritshme historike, mbi t\u00eb cilat rroj\u00eb kombi yn\u00eb, si Sk\u00ebnderbeu, Pjet\u00ebr Bogdani, Naim Frash\u00ebri, Gjergj Fishta, Fan Noli, Faik Konica, Ernest Koliqi, Mit\u2019hat Frash\u00ebri, Ismail Kadare, N\u00ebn\u00eb Tereza, Ibrahim Rugova, e shume e shum\u00eb figura tjera. P\u00ebrgjigja pa asnj\u00eb m\u00ebdyshje, prap\u00eb \u00ebsht\u00eb jo e madhe. Kjo p\u00ebr faktin se n\u00eb k\u00ebto figura \u00ebsht\u00eb thandruar historia dhe kujtesa jon\u00eb komb\u00ebtare. Andaj p\u00ebrpjekja me e tjet\u00ebrsua at\u00eb, \u00ebsht\u00eb e d\u00ebshtume.<\/p>\n<p>Ka nj\u00eb koh\u00eb t\u00eb gjat\u00eb q\u00eb shfaqen hapur apetitet \u00e7orodit\u00ebse t\u00eb disa grupeve religjioze n\u00eb trojet shqiptare, q\u00eb k\u00ebrkojn\u00eb t\u00eb tjet\u00ebrsohet historia, pse dikujt ju paska tekur turqit t\u2019i shohin v\u00ebllez\u00ebr, nd\u00ebrsa shqiptar\u00ebt ateist, katolik, protestan dhe ortodoks, si t\u00eb huaj. Ky soj diskursi, koh\u00ebve t\u00eb fundit, i dalur n\u00eb sip\u00ebrfaqe lakuriq, realisht \u00ebsht\u00eb rreziku m\u00eb i madh p\u00ebr imunitetin ton\u00eb komb\u00ebtar, i cili ka bashk\u00ebjetuar dhe ekzistuar, vet\u00ebm duke qen\u00eb i till\u00eb \u00e7far\u00eb e njeh historia.<\/p>\n<p>N\u00eb em\u00ebr t\u00eb nj\u00eb doktrine t\u00eb verb\u00ebr ideologjike, q\u00eb fryn nga er\u00ebrat e k\u00ebqija, tek ne, ka filluar t\u00eb sulmohet heroi yn\u00eb komb\u00ebtar, Sk\u00ebnderbeu, anatemohet korifeu i kultur\u00ebs dhe let\u00ebrsis\u00eb shqipe, Pjet\u00ebr Bogdanin, gjuhet shigjeta helmesh kund\u00ebr Gjergj Fisht\u00ebs dhe Anton Harapit, vjell\u00ebt vner\u00eb urrejtje kund\u00ebr Faik Konic\u00ebs, Mit\u2019hat Frash\u00ebrit, Fan Nolit, urrehet pam\u00ebshirsh\u00ebm dhe p\u00ebrbuzet N\u00ebn\u00eb Tereza, ekskomunikohet dhe p\u00ebrjashtohet Ismial Kadare, stigmatizohet Ibrahim Rugova, e kush jo tjet\u00ebr. P\u00ebrball\u00eb k\u00ebtyre hordhive, shteti duhet t\u00eb veproj, ashtu si\u00e7 vepron n\u00eb \u00e7do shoq\u00ebri, ngase p\u00ebrbaltja e figurave t\u00eb ndritshme komb\u00ebtare, \u00ebsht\u00eb k\u00ebrc\u00ebnim serioz i integritetit t\u00eb tij.<\/p>\n<p>Edhe n\u00eb k\u00ebto dit\u00eb vape e pushimesh, bisedat e bezdisshme p\u00ebr politik\u00ebn dhe p\u00ebr fatin e kombit, jan\u00eb t\u00eb paevitueshme. Kudo dhe nga \u00e7do kush. Kjo dometh\u00ebn\u00eb, se ne, ende nuk kemi tejkaluar faz\u00ebn e embrionale t\u00eb aft\u00ebsis\u00eb p\u00ebr ta ruajtur t\u00eb paprekur dhe t\u00eb shenjt\u00eb identitetin komb\u00ebtar.<br \/>\nShqiptar\u00ebt, historikisht ka ndodhur q\u00eb t\u00eb bashkohen n\u00eb koh\u00eb t\u00eb v\u00ebshtira, nd\u00ebrsa tani n\u00eb liri, jan\u00eb t\u00eb p\u00ebr\u00e7ar\u00eb, si \u00ebsht\u00eb m\u00eb s\u00eb keqi. E ndarjet jan\u00eb shum\u00eb t\u00eb thella. P\u00ebr m\u00eb tep\u00ebr, ato jan\u00eb historike, politike, fetare dhe \u00e7far\u00eb jo tjetra.<\/p>\n<p>E gjith\u00eb kjo d\u00ebshmon p\u00ebr nj\u00eb gjendje t\u00eb st\u00ebrngarkuar, n\u00eb t\u00eb cil\u00ebn duhet vepruar dhe reaguar me shum\u00eb maturi, me q\u00ebllimin m\u00eb t\u00eb mir\u00eb, t\u00eb ruhet substanca komb\u00ebtare dhe imuniteti komb\u00ebtar i paprekur.<\/p>\n<p>Shpjegimet e lehta p\u00ebr k\u00ebt\u00eb q\u00eb po ndodh jan\u00eb t\u00eb pamundshme. Ato t\u00eb p\u00ebrimta, t\u00eb orientojn\u00eb n\u00ebp\u00ebr histori, ku k\u00ebrkohen zakonisht shkaktar\u00ebt e k\u00ebsaj gjendje. Kjo arsye, \u00e7do njeri racional e shtyt\u00eb t\u00eb b\u00ebj\u00eb analiza t\u00eb thella dhe krahasimtare, n\u00eb m\u00ebnyr\u00eb q\u00eb t\u00eb arrij n\u00eb konkludime t\u00eb caktuara. N\u00eb t\u00eb kaluar\u00ebn shqiptare, ka pasur debate t\u00eb shumta p\u00ebr plag\u00ebt shqiptare. Madje, n\u00eb koh\u00ebn kur u b\u00eb Shqip\u00ebria, por lypsej b\u00ebheshin shqiptar\u00ebt, u organizuan shqiptar\u00ebt brenda rrymave dhe l\u00ebvizjeve t\u00eb ndryshme shoq\u00ebrore, me nj\u00eb q\u00ebllim, t\u00eb hiqej ndryshku, prapambeturia dhe injoranca, plag\u00eb k\u00ebto q\u00eb kishin l\u00ebn\u00eb pushtuesit dhe t\u00eb organizohej kaosi i brendsh\u00ebm komb\u00ebtar. Ishin k\u00ebto vitet e arta, kur u bisedua shum\u00eb p\u00ebr nevoj\u00ebn q\u00eb shqiptar\u00ebt t\u00eb ken\u00eb nj\u00eb identitet unik, pa nevoja p\u00ebr mbishtresa t\u00eb ardhura dhunshme. E gjith\u00eb kjo \u00e7oj\u00eb te nevoja e \u00e7lirimit nga e keqja, e p\u00ebr t\u00eb cil\u00ebn tem\u00eb pata shkruar para disa kohe.<\/p>\n<p>Sot, krizat e identitetit shqiptar shp\u00ebrfaq\u00ebn hapur. Madje shohim se n\u00ebn petkun e nj\u00eb fetarizmi q\u00eb pretendon t\u00eb b\u00ebhet model politik\u00eb e ideologjik, reduktohen tiparet dhe shenj\u00ebzimet q\u00eb identifikuan dhe identifikojn\u00eb shqiptar\u00ebt si komb me identitet t\u00eb caktuar dhe qart\u00ebsisht t\u00eb njohur europian.<br \/>\nA ka nevoje shqiptar\u00ebt t\u00eb \u00e7lirohen nga e keqja?<\/p>\n<p>Edhe naivet m\u00eb t\u00eb m\u00ebdhenj dhe patriot\u00ebt e dalldisur, e kuptojn\u00eb se kombi shqiptar \u00ebsht\u00eb n\u00eb rrezik. Ai, nuk \u00ebsht\u00eb unik, as n\u00eb raport me historin\u00eb, as n\u00eb raport me t\u00eb tashmen dhe \u00e7ka \u00ebsht\u00eb m\u00eb e rrezikshmja, as n\u00eb raport me t\u00eb ardhmen. Kjo \u00ebsht\u00eb nj\u00eb d\u00ebshmi se p\u00ebrball\u00eb tij ka sfida t\u00eb shum\u00ebfishta, por nj\u00eb nga ato m\u00eb t\u00eb rrezikshmet mbetet humbja e imunitetit komb\u00ebtar. Kjo ka b\u00eb q\u00eb n\u00eb ambientet tona, duke filluar nga familja e deri tek institucionet m\u00eb t\u00eb larta shoq\u00ebrore, t\u00eb shohim gjithfar\u00eb p\u00ebrzierjesh kulturash, p\u00ebrpos atyre shqiptare.<\/p>\n<p>Nj\u00eb mik i imi, i zhg\u00ebnjyer tej mase me zhvillimet shoq\u00ebrore, m\u00eb thot\u00eb tej mase i tronditur, si t\u2019ia b\u00ebjm\u00eb t\u00eb jemi pas rob\u00ebrive t\u00eb gjata, vet\u00ebm shqiptar?<\/p>\n<p>I trishtuar num\u00ebron ankthet e t\u00eb qenit shqiptar, n\u00eb nj\u00eb shoq\u00ebri ku filozofia e \u201cduam bab\u00ebn\u201d synon t\u00eb merr timonin e drejtimit t\u00eb shoq\u00ebris\u00eb, n\u00ebn trysnin e fshehur t\u00eb identifikimit t\u00eb shqiptar\u00ebve t\u00eb islamizuar me otoman\u00ebt e dikursh\u00ebm, pra turqit e sot\u00ebm.<\/p>\n<p>N\u00eb rrethana t\u00eb tilla, kur krizat e identitetit shqiptar shp\u00ebrfaq\u00ebn gjithnj\u00eb e m\u00eb shum\u00eb, shqiptar\u00ebt kan\u00eb filluar preferencat personale fetare, t\u2019i kthejn\u00eb n\u00eb modele komb\u00ebtare. Kjo \u00ebsht\u00eb nj\u00eb tendenc\u00eb e rrezikshme, q\u00eb ngacmon imunitetin komb\u00ebtar, at\u00eb imunitet t\u00eb domosdosh\u00ebm p\u00ebr t\u00eb cilin n\u00ebp\u00ebr gjitha koh\u00ebt u b\u00eb shum\u00eb dhe u investua pamas\u00eb.<\/p>\n","protected":false},"excerpt":{"rendered":"<p>Nj\u00eb shtet a komb, e p\u00ebrbajn\u00eb t\u00ebr\u00ebsia territoriale dhe ana e tij shpirt\u00ebrore. Than\u00eb ndryshe, \u00e7do komb a shtet, ve\u00e7 integritetin territorial, ka edhe at\u00eb shpirt\u00ebror. K\u00ebto dy kategori, s\u2019b\u00ebjn\u00eb pa nj\u00ebra-tjetr\u00ebn, ngase vet\u00ebm duke qen\u00eb ne harmoni e sforcojn\u00eb substanc\u00ebn komb\u00ebtare. Andaj, ashtu si\u00e7 nuk guxohet dhe s\u2019duhet lejohet cenimi integriteti t\u00eb asnj\u00eb shteti, [&hellip;]<\/p>\n","protected":false},"author":1,"featured_media":0,"comment_status":"open","ping_status":"closed","sticky":false,"template":"","format":"standard","meta":{"footnotes":""},"categories":[2],"tags":[],"class_list":{"0":"post-2595","1":"post","2":"type-post","3":"status-publish","4":"format-standard","6":"category-artikuj"},"yoast_head":"<!-- This site is optimized with the Yoast SEO plugin v27.4 - https:\/\/yoast.com\/product\/yoast-seo-wordpress\/ -->\n<title>Ndue Ukaj: Humbja e imunitetit komb\u00ebtar - FjALA e LIR\u00cb - Arkivi<\/title>\n<meta name=\"robots\" content=\"index, follow, max-snippet:-1, max-image-preview:large, max-video-preview:-1\" \/>\n<link rel=\"canonical\" href=\"https:\/\/fjala.info\/2009-2015\/ndue-ukaj-humbja-e-imunitetit-kombetar\/\" \/>\n<meta property=\"og:locale\" content=\"sq_AL\" \/>\n<meta property=\"og:type\" content=\"article\" \/>\n<meta property=\"og:title\" content=\"Ndue Ukaj: Humbja e imunitetit komb\u00ebtar - FjALA e LIR\u00cb - Arkivi\" \/>\n<meta property=\"og:description\" content=\"Nj\u00eb shtet a komb, e p\u00ebrbajn\u00eb t\u00ebr\u00ebsia territoriale dhe ana e tij shpirt\u00ebrore. Than\u00eb ndryshe, \u00e7do komb a shtet, ve\u00e7 integritetin territorial, ka edhe at\u00eb shpirt\u00ebror. K\u00ebto dy kategori, s\u2019b\u00ebjn\u00eb pa nj\u00ebra-tjetr\u00ebn, ngase vet\u00ebm duke qen\u00eb ne harmoni e sforcojn\u00eb substanc\u00ebn komb\u00ebtare. Andaj, ashtu si\u00e7 nuk guxohet dhe s\u2019duhet lejohet cenimi integriteti t\u00eb asnj\u00eb shteti, [&hellip;]\" \/>\n<meta property=\"og:url\" content=\"https:\/\/fjala.info\/2009-2015\/ndue-ukaj-humbja-e-imunitetit-kombetar\/\" \/>\n<meta property=\"og:site_name\" content=\"FjALA e LIR\u00cb - Arkivi\" \/>\n<meta property=\"article:published_time\" content=\"2012-04-21T13:59:42+00:00\" \/>\n<meta property=\"og:image\" content=\"http:\/\/www.shkoder.net\/2012\/ndue_ukaj.jpg\" \/>\n<meta name=\"author\" content=\"admin\" \/>\n<meta name=\"twitter:card\" content=\"summary_large_image\" \/>\n<meta name=\"twitter:label1\" content=\"Written by\" \/>\n\t<meta name=\"twitter:data1\" content=\"admin\" \/>\n\t<meta name=\"twitter:label2\" content=\"Est. reading time\" \/>\n\t<meta name=\"twitter:data2\" content=\"7 minutes\" \/>\n<script type=\"application\/ld+json\" class=\"yoast-schema-graph\">{\"@context\":\"https:\\\/\\\/schema.org\",\"@graph\":[{\"@type\":\"Article\",\"@id\":\"https:\\\/\\\/fjala.info\\\/2009-2015\\\/ndue-ukaj-humbja-e-imunitetit-kombetar\\\/#article\",\"isPartOf\":{\"@id\":\"https:\\\/\\\/fjala.info\\\/2009-2015\\\/ndue-ukaj-humbja-e-imunitetit-kombetar\\\/\"},\"author\":{\"name\":\"admin\",\"@id\":\"https:\\\/\\\/fjala.info\\\/2009-2015\\\/#\\\/schema\\\/person\\\/3aa1163ef05469c496fc94e77611ada2\"},\"headline\":\"Ndue Ukaj: Humbja e imunitetit komb\u00ebtar\",\"datePublished\":\"2012-04-21T13:59:42+00:00\",\"mainEntityOfPage\":{\"@id\":\"https:\\\/\\\/fjala.info\\\/2009-2015\\\/ndue-ukaj-humbja-e-imunitetit-kombetar\\\/\"},\"wordCount\":1369,\"commentCount\":0,\"publisher\":{\"@id\":\"https:\\\/\\\/fjala.info\\\/2009-2015\\\/#organization\"},\"image\":{\"@id\":\"https:\\\/\\\/fjala.info\\\/2009-2015\\\/ndue-ukaj-humbja-e-imunitetit-kombetar\\\/#primaryimage\"},\"thumbnailUrl\":\"http:\\\/\\\/www.shkoder.net\\\/2012\\\/ndue_ukaj.jpg\",\"articleSection\":[\"Artikuj\"],\"inLanguage\":\"sq-AL\",\"potentialAction\":[{\"@type\":\"CommentAction\",\"name\":\"Comment\",\"target\":[\"https:\\\/\\\/fjala.info\\\/2009-2015\\\/ndue-ukaj-humbja-e-imunitetit-kombetar\\\/#respond\"]}]},{\"@type\":\"WebPage\",\"@id\":\"https:\\\/\\\/fjala.info\\\/2009-2015\\\/ndue-ukaj-humbja-e-imunitetit-kombetar\\\/\",\"url\":\"https:\\\/\\\/fjala.info\\\/2009-2015\\\/ndue-ukaj-humbja-e-imunitetit-kombetar\\\/\",\"name\":\"Ndue Ukaj: Humbja e imunitetit komb\u00ebtar - FjALA e LIR\u00cb - Arkivi\",\"isPartOf\":{\"@id\":\"https:\\\/\\\/fjala.info\\\/2009-2015\\\/#website\"},\"primaryImageOfPage\":{\"@id\":\"https:\\\/\\\/fjala.info\\\/2009-2015\\\/ndue-ukaj-humbja-e-imunitetit-kombetar\\\/#primaryimage\"},\"image\":{\"@id\":\"https:\\\/\\\/fjala.info\\\/2009-2015\\\/ndue-ukaj-humbja-e-imunitetit-kombetar\\\/#primaryimage\"},\"thumbnailUrl\":\"http:\\\/\\\/www.shkoder.net\\\/2012\\\/ndue_ukaj.jpg\",\"datePublished\":\"2012-04-21T13:59:42+00:00\",\"breadcrumb\":{\"@id\":\"https:\\\/\\\/fjala.info\\\/2009-2015\\\/ndue-ukaj-humbja-e-imunitetit-kombetar\\\/#breadcrumb\"},\"inLanguage\":\"sq-AL\",\"potentialAction\":[{\"@type\":\"ReadAction\",\"target\":[\"https:\\\/\\\/fjala.info\\\/2009-2015\\\/ndue-ukaj-humbja-e-imunitetit-kombetar\\\/\"]}]},{\"@type\":\"ImageObject\",\"inLanguage\":\"sq-AL\",\"@id\":\"https:\\\/\\\/fjala.info\\\/2009-2015\\\/ndue-ukaj-humbja-e-imunitetit-kombetar\\\/#primaryimage\",\"url\":\"http:\\\/\\\/www.shkoder.net\\\/2012\\\/ndue_ukaj.jpg\",\"contentUrl\":\"http:\\\/\\\/www.shkoder.net\\\/2012\\\/ndue_ukaj.jpg\"},{\"@type\":\"BreadcrumbList\",\"@id\":\"https:\\\/\\\/fjala.info\\\/2009-2015\\\/ndue-ukaj-humbja-e-imunitetit-kombetar\\\/#breadcrumb\",\"itemListElement\":[{\"@type\":\"ListItem\",\"position\":1,\"name\":\"Home\",\"item\":\"https:\\\/\\\/fjala.info\\\/2009-2015\\\/\"},{\"@type\":\"ListItem\",\"position\":2,\"name\":\"Ndue Ukaj: Humbja e imunitetit komb\u00ebtar\"}]},{\"@type\":\"WebSite\",\"@id\":\"https:\\\/\\\/fjala.info\\\/2009-2015\\\/#website\",\"url\":\"https:\\\/\\\/fjala.info\\\/2009-2015\\\/\",\"name\":\"FjALA e LIR\u00cb - Arkivi\",\"description\":\"Arkivi 2009-2015\",\"publisher\":{\"@id\":\"https:\\\/\\\/fjala.info\\\/2009-2015\\\/#organization\"},\"potentialAction\":[{\"@type\":\"SearchAction\",\"target\":{\"@type\":\"EntryPoint\",\"urlTemplate\":\"https:\\\/\\\/fjala.info\\\/2009-2015\\\/?s={search_term_string}\"},\"query-input\":{\"@type\":\"PropertyValueSpecification\",\"valueRequired\":true,\"valueName\":\"search_term_string\"}}],\"inLanguage\":\"sq-AL\"},{\"@type\":\"Organization\",\"@id\":\"https:\\\/\\\/fjala.info\\\/2009-2015\\\/#organization\",\"name\":\"FjALA e LIR\u00cb - Arkivi\",\"url\":\"https:\\\/\\\/fjala.info\\\/2009-2015\\\/\",\"logo\":{\"@type\":\"ImageObject\",\"inLanguage\":\"sq-AL\",\"@id\":\"https:\\\/\\\/fjala.info\\\/2009-2015\\\/#\\\/schema\\\/logo\\\/image\\\/\",\"url\":\"\",\"contentUrl\":\"\",\"caption\":\"FjALA e LIR\u00cb - Arkivi\"},\"image\":{\"@id\":\"https:\\\/\\\/fjala.info\\\/2009-2015\\\/#\\\/schema\\\/logo\\\/image\\\/\"}},{\"@type\":\"Person\",\"@id\":\"https:\\\/\\\/fjala.info\\\/2009-2015\\\/#\\\/schema\\\/person\\\/3aa1163ef05469c496fc94e77611ada2\",\"name\":\"admin\",\"image\":{\"@type\":\"ImageObject\",\"inLanguage\":\"sq-AL\",\"@id\":\"https:\\\/\\\/fjala.info\\\/2009-2015\\\/wp-content\\\/uploads\\\/2012\\\/02\\\/arben_cokaj-120x150.jpg\",\"url\":\"https:\\\/\\\/fjala.info\\\/2009-2015\\\/wp-content\\\/uploads\\\/2012\\\/02\\\/arben_cokaj-120x150.jpg\",\"contentUrl\":\"https:\\\/\\\/fjala.info\\\/2009-2015\\\/wp-content\\\/uploads\\\/2012\\\/02\\\/arben_cokaj-120x150.jpg\",\"caption\":\"admin\"},\"description\":\"Admin, Fjala e Lir\u00eb\",\"sameAs\":[\"https:\\\/\\\/fjala.info\\\/\"],\"url\":\"https:\\\/\\\/fjala.info\\\/2009-2015\\\/author\\\/admin\\\/\"}]}<\/script>\n<!-- \/ Yoast SEO plugin. -->","yoast_head_json":{"title":"Ndue Ukaj: Humbja e imunitetit komb\u00ebtar - FjALA e LIR\u00cb - Arkivi","robots":{"index":"index","follow":"follow","max-snippet":"max-snippet:-1","max-image-preview":"max-image-preview:large","max-video-preview":"max-video-preview:-1"},"canonical":"https:\/\/fjala.info\/2009-2015\/ndue-ukaj-humbja-e-imunitetit-kombetar\/","og_locale":"sq_AL","og_type":"article","og_title":"Ndue Ukaj: Humbja e imunitetit komb\u00ebtar - FjALA e LIR\u00cb - Arkivi","og_description":"Nj\u00eb shtet a komb, e p\u00ebrbajn\u00eb t\u00ebr\u00ebsia territoriale dhe ana e tij shpirt\u00ebrore. Than\u00eb ndryshe, \u00e7do komb a shtet, ve\u00e7 integritetin territorial, ka edhe at\u00eb shpirt\u00ebror. K\u00ebto dy kategori, s\u2019b\u00ebjn\u00eb pa nj\u00ebra-tjetr\u00ebn, ngase vet\u00ebm duke qen\u00eb ne harmoni e sforcojn\u00eb substanc\u00ebn komb\u00ebtare. Andaj, ashtu si\u00e7 nuk guxohet dhe s\u2019duhet lejohet cenimi integriteti t\u00eb asnj\u00eb shteti, [&hellip;]","og_url":"https:\/\/fjala.info\/2009-2015\/ndue-ukaj-humbja-e-imunitetit-kombetar\/","og_site_name":"FjALA e LIR\u00cb - Arkivi","article_published_time":"2012-04-21T13:59:42+00:00","og_image":[{"url":"http:\/\/www.shkoder.net\/2012\/ndue_ukaj.jpg","type":"","width":"","height":""}],"author":"admin","twitter_card":"summary_large_image","twitter_misc":{"Written by":"admin","Est. reading time":"7 minutes"},"schema":{"@context":"https:\/\/schema.org","@graph":[{"@type":"Article","@id":"https:\/\/fjala.info\/2009-2015\/ndue-ukaj-humbja-e-imunitetit-kombetar\/#article","isPartOf":{"@id":"https:\/\/fjala.info\/2009-2015\/ndue-ukaj-humbja-e-imunitetit-kombetar\/"},"author":{"name":"admin","@id":"https:\/\/fjala.info\/2009-2015\/#\/schema\/person\/3aa1163ef05469c496fc94e77611ada2"},"headline":"Ndue Ukaj: Humbja e imunitetit komb\u00ebtar","datePublished":"2012-04-21T13:59:42+00:00","mainEntityOfPage":{"@id":"https:\/\/fjala.info\/2009-2015\/ndue-ukaj-humbja-e-imunitetit-kombetar\/"},"wordCount":1369,"commentCount":0,"publisher":{"@id":"https:\/\/fjala.info\/2009-2015\/#organization"},"image":{"@id":"https:\/\/fjala.info\/2009-2015\/ndue-ukaj-humbja-e-imunitetit-kombetar\/#primaryimage"},"thumbnailUrl":"http:\/\/www.shkoder.net\/2012\/ndue_ukaj.jpg","articleSection":["Artikuj"],"inLanguage":"sq-AL","potentialAction":[{"@type":"CommentAction","name":"Comment","target":["https:\/\/fjala.info\/2009-2015\/ndue-ukaj-humbja-e-imunitetit-kombetar\/#respond"]}]},{"@type":"WebPage","@id":"https:\/\/fjala.info\/2009-2015\/ndue-ukaj-humbja-e-imunitetit-kombetar\/","url":"https:\/\/fjala.info\/2009-2015\/ndue-ukaj-humbja-e-imunitetit-kombetar\/","name":"Ndue Ukaj: Humbja e imunitetit komb\u00ebtar - FjALA e LIR\u00cb - Arkivi","isPartOf":{"@id":"https:\/\/fjala.info\/2009-2015\/#website"},"primaryImageOfPage":{"@id":"https:\/\/fjala.info\/2009-2015\/ndue-ukaj-humbja-e-imunitetit-kombetar\/#primaryimage"},"image":{"@id":"https:\/\/fjala.info\/2009-2015\/ndue-ukaj-humbja-e-imunitetit-kombetar\/#primaryimage"},"thumbnailUrl":"http:\/\/www.shkoder.net\/2012\/ndue_ukaj.jpg","datePublished":"2012-04-21T13:59:42+00:00","breadcrumb":{"@id":"https:\/\/fjala.info\/2009-2015\/ndue-ukaj-humbja-e-imunitetit-kombetar\/#breadcrumb"},"inLanguage":"sq-AL","potentialAction":[{"@type":"ReadAction","target":["https:\/\/fjala.info\/2009-2015\/ndue-ukaj-humbja-e-imunitetit-kombetar\/"]}]},{"@type":"ImageObject","inLanguage":"sq-AL","@id":"https:\/\/fjala.info\/2009-2015\/ndue-ukaj-humbja-e-imunitetit-kombetar\/#primaryimage","url":"http:\/\/www.shkoder.net\/2012\/ndue_ukaj.jpg","contentUrl":"http:\/\/www.shkoder.net\/2012\/ndue_ukaj.jpg"},{"@type":"BreadcrumbList","@id":"https:\/\/fjala.info\/2009-2015\/ndue-ukaj-humbja-e-imunitetit-kombetar\/#breadcrumb","itemListElement":[{"@type":"ListItem","position":1,"name":"Home","item":"https:\/\/fjala.info\/2009-2015\/"},{"@type":"ListItem","position":2,"name":"Ndue Ukaj: Humbja e imunitetit komb\u00ebtar"}]},{"@type":"WebSite","@id":"https:\/\/fjala.info\/2009-2015\/#website","url":"https:\/\/fjala.info\/2009-2015\/","name":"FjALA e LIR\u00cb - Arkivi","description":"Arkivi 2009-2015","publisher":{"@id":"https:\/\/fjala.info\/2009-2015\/#organization"},"potentialAction":[{"@type":"SearchAction","target":{"@type":"EntryPoint","urlTemplate":"https:\/\/fjala.info\/2009-2015\/?s={search_term_string}"},"query-input":{"@type":"PropertyValueSpecification","valueRequired":true,"valueName":"search_term_string"}}],"inLanguage":"sq-AL"},{"@type":"Organization","@id":"https:\/\/fjala.info\/2009-2015\/#organization","name":"FjALA e LIR\u00cb - Arkivi","url":"https:\/\/fjala.info\/2009-2015\/","logo":{"@type":"ImageObject","inLanguage":"sq-AL","@id":"https:\/\/fjala.info\/2009-2015\/#\/schema\/logo\/image\/","url":"","contentUrl":"","caption":"FjALA e LIR\u00cb - Arkivi"},"image":{"@id":"https:\/\/fjala.info\/2009-2015\/#\/schema\/logo\/image\/"}},{"@type":"Person","@id":"https:\/\/fjala.info\/2009-2015\/#\/schema\/person\/3aa1163ef05469c496fc94e77611ada2","name":"admin","image":{"@type":"ImageObject","inLanguage":"sq-AL","@id":"https:\/\/fjala.info\/2009-2015\/wp-content\/uploads\/2012\/02\/arben_cokaj-120x150.jpg","url":"https:\/\/fjala.info\/2009-2015\/wp-content\/uploads\/2012\/02\/arben_cokaj-120x150.jpg","contentUrl":"https:\/\/fjala.info\/2009-2015\/wp-content\/uploads\/2012\/02\/arben_cokaj-120x150.jpg","caption":"admin"},"description":"Admin, Fjala e Lir\u00eb","sameAs":["https:\/\/fjala.info\/"],"url":"https:\/\/fjala.info\/2009-2015\/author\/admin\/"}]}},"_links":{"self":[{"href":"https:\/\/fjala.info\/2009-2015\/wp-json\/wp\/v2\/posts\/2595","targetHints":{"allow":["GET"]}}],"collection":[{"href":"https:\/\/fjala.info\/2009-2015\/wp-json\/wp\/v2\/posts"}],"about":[{"href":"https:\/\/fjala.info\/2009-2015\/wp-json\/wp\/v2\/types\/post"}],"author":[{"embeddable":true,"href":"https:\/\/fjala.info\/2009-2015\/wp-json\/wp\/v2\/users\/1"}],"replies":[{"embeddable":true,"href":"https:\/\/fjala.info\/2009-2015\/wp-json\/wp\/v2\/comments?post=2595"}],"version-history":[{"count":0,"href":"https:\/\/fjala.info\/2009-2015\/wp-json\/wp\/v2\/posts\/2595\/revisions"}],"wp:attachment":[{"href":"https:\/\/fjala.info\/2009-2015\/wp-json\/wp\/v2\/media?parent=2595"}],"wp:term":[{"taxonomy":"category","embeddable":true,"href":"https:\/\/fjala.info\/2009-2015\/wp-json\/wp\/v2\/categories?post=2595"},{"taxonomy":"post_tag","embeddable":true,"href":"https:\/\/fjala.info\/2009-2015\/wp-json\/wp\/v2\/tags?post=2595"}],"curies":[{"name":"wp","href":"https:\/\/api.w.org\/{rel}","templated":true}]}}