{"id":2594,"date":"2010-05-12T22:23:00","date_gmt":"2010-05-12T21:23:00","guid":{"rendered":"http:\/\/fjala.shkoder.net\/?p=2594"},"modified":"2010-05-12T22:23:00","modified_gmt":"2010-05-12T21:23:00","slug":"kriza-mund-te-precipitoje","status":"publish","type":"post","link":"https:\/\/fjala.info\/2009-2015\/kriza-mund-te-precipitoje\/","title":{"rendered":"Kriza mund t\u00eb precipitoj\u00eb"},"content":{"rendered":"<p><strong>Zyrtari i SHBA-s\u00eb, Stuard Xhons, dhe analisti Bugajski, apel p\u00ebr zgjidhjen e kriz\u00ebs<\/strong>:<\/p>\n<p>Nga Uashingtoni ka mb\u00ebrritur nj\u00eb sinjal q\u00eb situata politike n\u00eb Shqip\u00ebri k\u00ebrkon nd\u00ebrmjet\u00ebsimin e menj\u00ebhersh\u00ebm p\u00ebr gjetjen e nj\u00eb zgjidhjeje. Zyrtari i Departamentit t\u00eb Shtetit, Stuard Xhons, tha se p\u00ebrplasja, \u00ebsht\u00eb e d\u00ebmshme p\u00ebr vendin. Nd\u00ebrsa analisti Janush Bugajski ka b\u00ebr\u00eb thirrje p\u00ebr mosacarimin e m\u00ebtejsh\u00ebm. Qendra p\u00ebr Studime Strategjike dhe Nd\u00ebrkomb\u00ebtare n\u00eb Uashington zhvilloi nj\u00eb konferenc\u00eb mbi Ballkanin dhe sfidat e tij n\u00eb rrug\u00ebn e integrimit europian. <\/p>\n<p>Pjes\u00ebmarr\u00ebsit n\u00eb konferenc\u00eb theksuan p\u00ebrparimin e b\u00ebr\u00eb deri tani nga vendet e rajonit, por vun\u00eb n\u00eb pah gjithashtu edhe sfidat me t\u00eb cilat p\u00ebrballen ato, mes tyre edhe Shqip\u00ebria dhe Kosova. Duke folur p\u00ebr mosmarr\u00ebveshjet e fundit politike n\u00eb Shqip\u00ebri, zv\/ndihm\u00ebssekretari i shtetit p\u00ebr \u00e7\u00ebshtjet e Europ\u00ebs dhe Euroazis\u00eb, Stuart Xhons, tha se ato jan\u00eb t\u00eb d\u00ebmshme p\u00ebr integrimin europian t\u00eb vendit. <\/p>\n<p>\u201cTani po shohim mosmarr\u00ebveshje serioze politike n\u00eb Shqip\u00ebri. Greva e uris\u00eb, bojkoti, mendoj se jan\u00eb shum\u00eb t\u00eb d\u00ebmshme p\u00ebr perspektiv\u00ebn e Shqip\u00ebris\u00eb n\u00eb integrimin europian. Por faji nuk mund t\u2019i vihet askujt p\u00ebrve\u00e7se vet\u00eb shqiptar\u00ebve\u201d, u shpreh ai. Janush Bugajski, drejtor i Projektit p\u00ebr Demokracit\u00eb e Reja Europiane n\u00eb Qendr\u00ebn p\u00ebr Studime Strategjike dhe Nd\u00ebrkomb\u00ebtare, po ashtu thot\u00eb se gjendja n\u00eb Shqip\u00ebri \u00ebsht\u00eb serioze kur b\u00ebhet fjal\u00eb p\u00ebr polarizim dhe kur Parlamenti nuk arrin t\u00eb funksionoj\u00eb. \u201cKy \u00ebsht\u00eb nj\u00eb ng\u00ebr\u00e7 q\u00eb nuk lejon miratimin e ligjeve t\u00eb r\u00ebnd\u00ebsishme, reformave t\u00eb r\u00ebnd\u00ebsishme dhe t\u2019i tregoj\u00eb Bashkimit Europian se vendi \u00ebsht\u00eb i bashkuar t\u00eb pakt\u00ebn p\u00ebr sa u p\u00ebrket parimeve baz\u00eb\u201d, theksoi ai. <\/p>\n<p>Protestat, thot\u00eb zoti Bugajski, jan\u00eb t\u00eb paparashikueshme dhe nuk dihet rezultati i tyre. Ajo q\u00eb mund t\u00eb jet\u00eb m\u00eb e rrezikshme, thot\u00eb ai, \u00ebsht\u00eb paralizimi i mund\u00ebsis\u00eb p\u00ebr qeverisje. Por n\u00ebse pal\u00ebt n\u00eb Shqip\u00ebri nuk arrijn\u00eb t\u2019i zgjidhin vet\u00eb mosmarr\u00ebveshjet e tyre, \u00e7far\u00eb roli mund t\u00eb luaj\u00eb komuniteti nd\u00ebrkomb\u00ebtar? \u201cZgjidhja duhet t\u00eb vij\u00eb nga shqiptar\u00ebt, por mund t\u00eb nd\u00ebrmjet\u00ebsohet nga jasht\u00eb. Dhe k\u00ebtu mendoj se Shtetet e Bashkuara mund t\u00eb luajn\u00eb nj\u00eb rol t\u00eb r\u00ebnd\u00ebsish\u00ebm dhe pozitiv\u201d, u shpreh analisti. <\/p>\n<p>Duke folur p\u00ebr Kosov\u00ebn dhe sfidat e saj, zyrtari i BE, Xhons, tha se \u00e7\u00ebshtja e zgjerimit t\u00eb njohjeve, mund t\u00eb gjej\u00eb zgjidhje pas vendimit k\u00ebshillimor nga Gjykata Nd\u00ebrkomb\u00ebtare e Drejt\u00ebsis\u00eb. Megjithat\u00eb, ai tha se p\u00ebr Shtetet e Bashkuara kjo \u00e7\u00ebshtje \u00ebsht\u00eb e qart\u00eb. \u201cP\u00ebr sa u p\u00ebrket Shteteve t\u00eb Bashkuara, \u00e7\u00ebshtja e statusit t\u00eb Kosov\u00ebs \u00ebsht\u00eb zgjidhur. Sovraniteti dhe pavar\u00ebsia e saj jan\u00eb t\u00eb pakthyeshme dhe k\u00ebt\u00eb mendim e kan\u00eb edhe 22 vende partnere tona europiane\u201d, u shpreh ai. <\/p>\n<p>Por njoftimet e fundit nga Kosova flasin edhe p\u00ebr sfida t\u00eb reja brenda vendit. Bugajski komenton edhe hetimet e fundit p\u00ebr korrupsion brenda qeveris\u00eb. \u201cMendoj se \u00ebsht\u00eb mir\u00eb q\u00eb ndodhin, sepse \u00ebsht\u00eb proces m\u00eb i hapur hetimi p\u00ebr t\u2019i treguar popullit t\u00eb Kosov\u00ebs se askush nuk \u00ebsht\u00eb i papreksh\u00ebm para drejt\u00ebsis\u00eb. Dhe n\u00ebse ka korrupsion n\u00eb nivelet m\u00eb t\u00eb larta, at\u00ebher\u00eb do t\u00eb ket\u00eb hetime, akuza dhe d\u00ebnime\u201d, vler\u00ebsoi ai. <\/p>\n<p>Bugajski thot\u00eb se p\u00ebr aq koh\u00eb sa hetimet t\u00eb jen\u00eb t\u00eb drejta dhe t\u00eb mos b\u00ebhen n\u00eb baza partiake, kjo do t\u00eb jet\u00eb nj\u00eb gj\u00eb pozitive. Nd\u00ebrsa, p\u00ebr reform\u00ebn n\u00eb qeverin\u00eb e Kosov\u00ebs, zoti Bugajski thot\u00eb se ky ishte vet\u00ebm fillimi. \u201cDo t\u00eb doja q\u00eb reforma t\u00eb ishte m\u00eb e gjer\u00eb. T\u00eb p\u00ebrfshinte m\u00eb shum\u00eb institucione dhe individ\u00eb. T\u00eb kishte nj\u00eb kontroll m\u00eb t\u00eb holl\u00ebsish\u00ebm t\u00eb pasurive, lidhjeve, rrjeteve t\u00eb secilit individ n\u00eb qeveri, n\u00eb m\u00ebnyr\u00eb q\u00eb publiku ta  dij\u00eb se k\u00eb po zgjedh\u201d, n\u00ebnvizoi Bugajski. Megjithat\u00eb, shton ai, reformat nuk jan\u00eb thuajse kurr\u00eb t\u00eb mjaftueshme.<\/p>\n<p><em>Marr\u00eb nga VOA<\/em><\/p>\n","protected":false},"excerpt":{"rendered":"<p>Zyrtari i SHBA-s\u00eb, Stuard Xhons, dhe analisti Bugajski, apel p\u00ebr zgjidhjen e kriz\u00ebs: Nga Uashingtoni ka mb\u00ebrritur nj\u00eb sinjal q\u00eb situata politike n\u00eb Shqip\u00ebri k\u00ebrkon nd\u00ebrmjet\u00ebsimin e menj\u00ebhersh\u00ebm p\u00ebr gjetjen e nj\u00eb zgjidhjeje. Zyrtari i Departamentit t\u00eb Shtetit, Stuard Xhons, tha se p\u00ebrplasja, \u00ebsht\u00eb e d\u00ebmshme p\u00ebr vendin. Nd\u00ebrsa analisti Janush Bugajski ka b\u00ebr\u00eb thirrje [&hellip;]<\/p>\n","protected":false},"author":1,"featured_media":0,"comment_status":"open","ping_status":"closed","sticky":false,"template":"","format":"standard","meta":{"footnotes":""},"categories":[2],"tags":[],"class_list":{"0":"post-2594","1":"post","2":"type-post","3":"status-publish","4":"format-standard","6":"category-artikuj"},"yoast_head":"<!-- This site is optimized with the Yoast SEO plugin v27.4 - https:\/\/yoast.com\/product\/yoast-seo-wordpress\/ -->\n<title>Kriza mund t\u00eb precipitoj\u00eb - FjALA e LIR\u00cb - Arkivi<\/title>\n<meta name=\"robots\" content=\"index, follow, max-snippet:-1, max-image-preview:large, max-video-preview:-1\" \/>\n<link rel=\"canonical\" href=\"https:\/\/fjala.info\/2009-2015\/kriza-mund-te-precipitoje\/\" \/>\n<meta property=\"og:locale\" content=\"sq_AL\" \/>\n<meta property=\"og:type\" content=\"article\" \/>\n<meta property=\"og:title\" content=\"Kriza mund t\u00eb precipitoj\u00eb - FjALA e LIR\u00cb - Arkivi\" \/>\n<meta property=\"og:description\" content=\"Zyrtari i SHBA-s\u00eb, Stuard Xhons, dhe analisti Bugajski, apel p\u00ebr zgjidhjen e kriz\u00ebs: Nga Uashingtoni ka mb\u00ebrritur nj\u00eb sinjal q\u00eb situata politike n\u00eb Shqip\u00ebri k\u00ebrkon nd\u00ebrmjet\u00ebsimin e menj\u00ebhersh\u00ebm p\u00ebr gjetjen e nj\u00eb zgjidhjeje. Zyrtari i Departamentit t\u00eb Shtetit, Stuard Xhons, tha se p\u00ebrplasja, \u00ebsht\u00eb e d\u00ebmshme p\u00ebr vendin. Nd\u00ebrsa analisti Janush Bugajski ka b\u00ebr\u00eb thirrje [&hellip;]\" \/>\n<meta property=\"og:url\" content=\"https:\/\/fjala.info\/2009-2015\/kriza-mund-te-precipitoje\/\" \/>\n<meta property=\"og:site_name\" content=\"FjALA e LIR\u00cb - Arkivi\" \/>\n<meta property=\"article:published_time\" content=\"2010-05-12T21:23:00+00:00\" \/>\n<meta name=\"author\" content=\"admin\" \/>\n<meta name=\"twitter:card\" content=\"summary_large_image\" \/>\n<meta name=\"twitter:label1\" content=\"Written by\" \/>\n\t<meta name=\"twitter:data1\" content=\"admin\" \/>\n\t<meta name=\"twitter:label2\" content=\"Est. reading time\" \/>\n\t<meta name=\"twitter:data2\" content=\"3 minutes\" \/>\n<script type=\"application\/ld+json\" class=\"yoast-schema-graph\">{\"@context\":\"https:\\\/\\\/schema.org\",\"@graph\":[{\"@type\":\"Article\",\"@id\":\"https:\\\/\\\/fjala.info\\\/2009-2015\\\/kriza-mund-te-precipitoje\\\/#article\",\"isPartOf\":{\"@id\":\"https:\\\/\\\/fjala.info\\\/2009-2015\\\/kriza-mund-te-precipitoje\\\/\"},\"author\":{\"name\":\"admin\",\"@id\":\"https:\\\/\\\/fjala.info\\\/2009-2015\\\/#\\\/schema\\\/person\\\/3aa1163ef05469c496fc94e77611ada2\"},\"headline\":\"Kriza mund t\u00eb precipitoj\u00eb\",\"datePublished\":\"2010-05-12T21:23:00+00:00\",\"mainEntityOfPage\":{\"@id\":\"https:\\\/\\\/fjala.info\\\/2009-2015\\\/kriza-mund-te-precipitoje\\\/\"},\"wordCount\":701,\"commentCount\":0,\"publisher\":{\"@id\":\"https:\\\/\\\/fjala.info\\\/2009-2015\\\/#organization\"},\"articleSection\":[\"Artikuj\"],\"inLanguage\":\"sq-AL\",\"potentialAction\":[{\"@type\":\"CommentAction\",\"name\":\"Comment\",\"target\":[\"https:\\\/\\\/fjala.info\\\/2009-2015\\\/kriza-mund-te-precipitoje\\\/#respond\"]}]},{\"@type\":\"WebPage\",\"@id\":\"https:\\\/\\\/fjala.info\\\/2009-2015\\\/kriza-mund-te-precipitoje\\\/\",\"url\":\"https:\\\/\\\/fjala.info\\\/2009-2015\\\/kriza-mund-te-precipitoje\\\/\",\"name\":\"Kriza mund t\u00eb precipitoj\u00eb - FjALA e LIR\u00cb - Arkivi\",\"isPartOf\":{\"@id\":\"https:\\\/\\\/fjala.info\\\/2009-2015\\\/#website\"},\"datePublished\":\"2010-05-12T21:23:00+00:00\",\"breadcrumb\":{\"@id\":\"https:\\\/\\\/fjala.info\\\/2009-2015\\\/kriza-mund-te-precipitoje\\\/#breadcrumb\"},\"inLanguage\":\"sq-AL\",\"potentialAction\":[{\"@type\":\"ReadAction\",\"target\":[\"https:\\\/\\\/fjala.info\\\/2009-2015\\\/kriza-mund-te-precipitoje\\\/\"]}]},{\"@type\":\"BreadcrumbList\",\"@id\":\"https:\\\/\\\/fjala.info\\\/2009-2015\\\/kriza-mund-te-precipitoje\\\/#breadcrumb\",\"itemListElement\":[{\"@type\":\"ListItem\",\"position\":1,\"name\":\"Home\",\"item\":\"https:\\\/\\\/fjala.info\\\/2009-2015\\\/\"},{\"@type\":\"ListItem\",\"position\":2,\"name\":\"Kriza mund t\u00eb precipitoj\u00eb\"}]},{\"@type\":\"WebSite\",\"@id\":\"https:\\\/\\\/fjala.info\\\/2009-2015\\\/#website\",\"url\":\"https:\\\/\\\/fjala.info\\\/2009-2015\\\/\",\"name\":\"FjALA e LIR\u00cb - Arkivi\",\"description\":\"Arkivi 2009-2015\",\"publisher\":{\"@id\":\"https:\\\/\\\/fjala.info\\\/2009-2015\\\/#organization\"},\"potentialAction\":[{\"@type\":\"SearchAction\",\"target\":{\"@type\":\"EntryPoint\",\"urlTemplate\":\"https:\\\/\\\/fjala.info\\\/2009-2015\\\/?s={search_term_string}\"},\"query-input\":{\"@type\":\"PropertyValueSpecification\",\"valueRequired\":true,\"valueName\":\"search_term_string\"}}],\"inLanguage\":\"sq-AL\"},{\"@type\":\"Organization\",\"@id\":\"https:\\\/\\\/fjala.info\\\/2009-2015\\\/#organization\",\"name\":\"FjALA e LIR\u00cb - Arkivi\",\"url\":\"https:\\\/\\\/fjala.info\\\/2009-2015\\\/\",\"logo\":{\"@type\":\"ImageObject\",\"inLanguage\":\"sq-AL\",\"@id\":\"https:\\\/\\\/fjala.info\\\/2009-2015\\\/#\\\/schema\\\/logo\\\/image\\\/\",\"url\":\"\",\"contentUrl\":\"\",\"caption\":\"FjALA e LIR\u00cb - Arkivi\"},\"image\":{\"@id\":\"https:\\\/\\\/fjala.info\\\/2009-2015\\\/#\\\/schema\\\/logo\\\/image\\\/\"}},{\"@type\":\"Person\",\"@id\":\"https:\\\/\\\/fjala.info\\\/2009-2015\\\/#\\\/schema\\\/person\\\/3aa1163ef05469c496fc94e77611ada2\",\"name\":\"admin\",\"image\":{\"@type\":\"ImageObject\",\"inLanguage\":\"sq-AL\",\"@id\":\"https:\\\/\\\/fjala.info\\\/2009-2015\\\/wp-content\\\/uploads\\\/2012\\\/02\\\/arben_cokaj-120x150.jpg\",\"url\":\"https:\\\/\\\/fjala.info\\\/2009-2015\\\/wp-content\\\/uploads\\\/2012\\\/02\\\/arben_cokaj-120x150.jpg\",\"contentUrl\":\"https:\\\/\\\/fjala.info\\\/2009-2015\\\/wp-content\\\/uploads\\\/2012\\\/02\\\/arben_cokaj-120x150.jpg\",\"caption\":\"admin\"},\"description\":\"Admin, Fjala e Lir\u00eb\",\"sameAs\":[\"https:\\\/\\\/fjala.info\\\/\"],\"url\":\"https:\\\/\\\/fjala.info\\\/2009-2015\\\/author\\\/admin\\\/\"}]}<\/script>\n<!-- \/ Yoast SEO plugin. -->","yoast_head_json":{"title":"Kriza mund t\u00eb precipitoj\u00eb - FjALA e LIR\u00cb - Arkivi","robots":{"index":"index","follow":"follow","max-snippet":"max-snippet:-1","max-image-preview":"max-image-preview:large","max-video-preview":"max-video-preview:-1"},"canonical":"https:\/\/fjala.info\/2009-2015\/kriza-mund-te-precipitoje\/","og_locale":"sq_AL","og_type":"article","og_title":"Kriza mund t\u00eb precipitoj\u00eb - FjALA e LIR\u00cb - Arkivi","og_description":"Zyrtari i SHBA-s\u00eb, Stuard Xhons, dhe analisti Bugajski, apel p\u00ebr zgjidhjen e kriz\u00ebs: Nga Uashingtoni ka mb\u00ebrritur nj\u00eb sinjal q\u00eb situata politike n\u00eb Shqip\u00ebri k\u00ebrkon nd\u00ebrmjet\u00ebsimin e menj\u00ebhersh\u00ebm p\u00ebr gjetjen e nj\u00eb zgjidhjeje. Zyrtari i Departamentit t\u00eb Shtetit, Stuard Xhons, tha se p\u00ebrplasja, \u00ebsht\u00eb e d\u00ebmshme p\u00ebr vendin. Nd\u00ebrsa analisti Janush Bugajski ka b\u00ebr\u00eb thirrje [&hellip;]","og_url":"https:\/\/fjala.info\/2009-2015\/kriza-mund-te-precipitoje\/","og_site_name":"FjALA e LIR\u00cb - Arkivi","article_published_time":"2010-05-12T21:23:00+00:00","author":"admin","twitter_card":"summary_large_image","twitter_misc":{"Written by":"admin","Est. reading time":"3 minutes"},"schema":{"@context":"https:\/\/schema.org","@graph":[{"@type":"Article","@id":"https:\/\/fjala.info\/2009-2015\/kriza-mund-te-precipitoje\/#article","isPartOf":{"@id":"https:\/\/fjala.info\/2009-2015\/kriza-mund-te-precipitoje\/"},"author":{"name":"admin","@id":"https:\/\/fjala.info\/2009-2015\/#\/schema\/person\/3aa1163ef05469c496fc94e77611ada2"},"headline":"Kriza mund t\u00eb precipitoj\u00eb","datePublished":"2010-05-12T21:23:00+00:00","mainEntityOfPage":{"@id":"https:\/\/fjala.info\/2009-2015\/kriza-mund-te-precipitoje\/"},"wordCount":701,"commentCount":0,"publisher":{"@id":"https:\/\/fjala.info\/2009-2015\/#organization"},"articleSection":["Artikuj"],"inLanguage":"sq-AL","potentialAction":[{"@type":"CommentAction","name":"Comment","target":["https:\/\/fjala.info\/2009-2015\/kriza-mund-te-precipitoje\/#respond"]}]},{"@type":"WebPage","@id":"https:\/\/fjala.info\/2009-2015\/kriza-mund-te-precipitoje\/","url":"https:\/\/fjala.info\/2009-2015\/kriza-mund-te-precipitoje\/","name":"Kriza mund t\u00eb precipitoj\u00eb - FjALA e LIR\u00cb - Arkivi","isPartOf":{"@id":"https:\/\/fjala.info\/2009-2015\/#website"},"datePublished":"2010-05-12T21:23:00+00:00","breadcrumb":{"@id":"https:\/\/fjala.info\/2009-2015\/kriza-mund-te-precipitoje\/#breadcrumb"},"inLanguage":"sq-AL","potentialAction":[{"@type":"ReadAction","target":["https:\/\/fjala.info\/2009-2015\/kriza-mund-te-precipitoje\/"]}]},{"@type":"BreadcrumbList","@id":"https:\/\/fjala.info\/2009-2015\/kriza-mund-te-precipitoje\/#breadcrumb","itemListElement":[{"@type":"ListItem","position":1,"name":"Home","item":"https:\/\/fjala.info\/2009-2015\/"},{"@type":"ListItem","position":2,"name":"Kriza mund t\u00eb precipitoj\u00eb"}]},{"@type":"WebSite","@id":"https:\/\/fjala.info\/2009-2015\/#website","url":"https:\/\/fjala.info\/2009-2015\/","name":"FjALA e LIR\u00cb - Arkivi","description":"Arkivi 2009-2015","publisher":{"@id":"https:\/\/fjala.info\/2009-2015\/#organization"},"potentialAction":[{"@type":"SearchAction","target":{"@type":"EntryPoint","urlTemplate":"https:\/\/fjala.info\/2009-2015\/?s={search_term_string}"},"query-input":{"@type":"PropertyValueSpecification","valueRequired":true,"valueName":"search_term_string"}}],"inLanguage":"sq-AL"},{"@type":"Organization","@id":"https:\/\/fjala.info\/2009-2015\/#organization","name":"FjALA e LIR\u00cb - Arkivi","url":"https:\/\/fjala.info\/2009-2015\/","logo":{"@type":"ImageObject","inLanguage":"sq-AL","@id":"https:\/\/fjala.info\/2009-2015\/#\/schema\/logo\/image\/","url":"","contentUrl":"","caption":"FjALA e LIR\u00cb - Arkivi"},"image":{"@id":"https:\/\/fjala.info\/2009-2015\/#\/schema\/logo\/image\/"}},{"@type":"Person","@id":"https:\/\/fjala.info\/2009-2015\/#\/schema\/person\/3aa1163ef05469c496fc94e77611ada2","name":"admin","image":{"@type":"ImageObject","inLanguage":"sq-AL","@id":"https:\/\/fjala.info\/2009-2015\/wp-content\/uploads\/2012\/02\/arben_cokaj-120x150.jpg","url":"https:\/\/fjala.info\/2009-2015\/wp-content\/uploads\/2012\/02\/arben_cokaj-120x150.jpg","contentUrl":"https:\/\/fjala.info\/2009-2015\/wp-content\/uploads\/2012\/02\/arben_cokaj-120x150.jpg","caption":"admin"},"description":"Admin, Fjala e Lir\u00eb","sameAs":["https:\/\/fjala.info\/"],"url":"https:\/\/fjala.info\/2009-2015\/author\/admin\/"}]}},"_links":{"self":[{"href":"https:\/\/fjala.info\/2009-2015\/wp-json\/wp\/v2\/posts\/2594","targetHints":{"allow":["GET"]}}],"collection":[{"href":"https:\/\/fjala.info\/2009-2015\/wp-json\/wp\/v2\/posts"}],"about":[{"href":"https:\/\/fjala.info\/2009-2015\/wp-json\/wp\/v2\/types\/post"}],"author":[{"embeddable":true,"href":"https:\/\/fjala.info\/2009-2015\/wp-json\/wp\/v2\/users\/1"}],"replies":[{"embeddable":true,"href":"https:\/\/fjala.info\/2009-2015\/wp-json\/wp\/v2\/comments?post=2594"}],"version-history":[{"count":0,"href":"https:\/\/fjala.info\/2009-2015\/wp-json\/wp\/v2\/posts\/2594\/revisions"}],"wp:attachment":[{"href":"https:\/\/fjala.info\/2009-2015\/wp-json\/wp\/v2\/media?parent=2594"}],"wp:term":[{"taxonomy":"category","embeddable":true,"href":"https:\/\/fjala.info\/2009-2015\/wp-json\/wp\/v2\/categories?post=2594"},{"taxonomy":"post_tag","embeddable":true,"href":"https:\/\/fjala.info\/2009-2015\/wp-json\/wp\/v2\/tags?post=2594"}],"curies":[{"name":"wp","href":"https:\/\/api.w.org\/{rel}","templated":true}]}}