{"id":2592,"date":"2010-05-12T21:55:11","date_gmt":"2010-05-12T20:55:11","guid":{"rendered":"http:\/\/fjala.shkoder.net\/?p=2592"},"modified":"2010-05-12T21:55:11","modified_gmt":"2010-05-12T20:55:11","slug":"kriza-shqiptare-dhe-rajoni","status":"publish","type":"post","link":"https:\/\/fjala.info\/2009-2015\/kriza-shqiptare-dhe-rajoni\/","title":{"rendered":"Kriza shqiptare dhe rajoni"},"content":{"rendered":"<p><img decoding=\"async\" style=\"margin-left: 10px; margin-right: 10px; border: 0px;\" src=\"http:\/\/www.shkoder.net\/images\/fjala\/mentor_nazarko.jpg\" border=\"0\" alt=\"Mentor Nazarko\" width=\"100\" align=\"right\" \/><\/p>\n<p><strong>Mentor Nazarko<\/strong>, <em>12.05.2010<\/em><\/p>\n<p>Greva e uris\u00eb e Partis\u00eb socialiste \u00ebsht\u00eb faktori kryesor q\u00eb p\u00ebrcakton kriz\u00ebn politike n\u00eb vend, por lidhja mes tyre nuk \u00ebsht\u00eb lidhje univoke. Dmth e till\u00eb q\u00eb duhet t\u00eb themi ekskluzivisht se Greva krijoi Kriz\u00ebn. Edhe Kriza solli Grev\u00ebn dhe tashm\u00eb, Greva ndikon n\u00eb thellimin spiralor t\u00eb kriz\u00ebs s\u00eb brendshme politike n\u00eb Shqip\u00ebri. P\u00ebrkeq\u00ebsimi i kriz\u00ebs ekonomike shqiptare &#8211; ndalimi i rritjes sipas t\u00eb dh\u00ebnave zyrtare, pastaj p\u00ebrfaq\u00ebson nj\u00eb faktor tjet\u00ebr q\u00eb ndikon sken\u00ebn publike komb\u00ebtare ku po luhen aktet dramatike t\u00eb grev\u00ebs.<\/p>\n<p>Si pasoj\u00eb e kriz\u00ebs ekonomike, ka frustrim t\u00eb madh shoq\u00ebror prej papun\u00ebsis\u00eb, ka shfaqje t\u00eb fort\u00eb t\u00eb acarimit popullor, ka dhun\u00eb. T\u00eb gjith\u00eb k\u00ebto element\u00eb q\u00eb po shohim sot nga bllokimi i rrug\u00ebve, deri te rreshtimi i intelektual\u00ebve, grupeve t\u00eb interesit, mediave, etj, n\u00eb blloqe si dekor shqet\u00ebsues i grev\u00ebs p\u00ebrfaq\u00ebsojn\u00eb kontekstin e brendsh\u00ebm, ku pal\u00ebt po luajn\u00eb q\u00eb t\u00eb fitojn\u00eb n\u00eb fund betej\u00ebn politikisht si investim p\u00ebr zgjedhjet e ardhshme lokale apo komb\u00ebtare. Kjo form\u00eb kund\u00ebrv\u00ebnie po ekstremizohet duke bartur far\u00ebn e p\u00ebrplasjes n\u00eb nj\u00eb spirale, q\u00eb n\u00ebse nuk administrohet n\u00eb koh\u00eb, askush nuk mund ta frenoj\u00eb.<\/p>\n<p>N\u00ebse n\u00eb fillim Edi Rama, Partia Socialiste e kishte t\u00eb v\u00ebshtir\u00eb t\u00eb mobilizonte nj\u00eb front cil\u00ebsor mb\u00ebshtet\u00ebsish, mediatizimi i grev\u00ebs, p\u00ebrmasat e saj po krijojn\u00eb mb\u00ebshtet\u00ebs t\u00eb rinj, e pse jo dhe n\u00eb gjirin e elektoratit t\u00eb pavendosur, apo t\u00eb atyre t\u00eb rinjve q\u00eb po krijojn\u00eb bindjet e tyre politike pik\u00ebrisht sot. Por pavar\u00ebsisht k\u00ebtyre v\u00ebzhgimeve, ajo q\u00eb mund t\u00eb thuhet sot me bllokimet e rrug\u00ebve n\u00eb t\u00eb gjith\u00eb territorin dhe me lajm\u00ebrimet p\u00ebr p\u00ebrshkall\u00ebzimin e protest\u00ebs n\u00eb 14 maj, \u00ebsht\u00eb se zhvillimet po hyjn\u00eb n\u00eb nj\u00eb terren t\u00eb paparashikuesh\u00ebm. Kriza shqiptare po b\u00ebhet e paparashikueshme.<\/p>\n<p>Por kjo grev\u00eb nuk ka vet\u00ebm nj\u00eb kontekst t\u00eb brendsh\u00ebm. Ka dhe nj\u00eb kontekst nd\u00ebrkomb\u00ebtar, dhe m\u00eb ngusht\u00eb akoma nj\u00eb kontekst rajonal. N\u00eb planin nd\u00ebrkomb\u00ebtar me vler\u00eb p\u00ebr Shqip\u00ebrin\u00eb, duket se qeveria hyri me nj\u00eblloj avantazhi p\u00ebr nj\u00eb mori arsyesh. Asnj\u00eb qeveri evropiane apo per\u00ebndimore nuk preferon t\u00eb nd\u00ebrroj\u00eb dramatikisht kursin e zhvillimeve shqiptare duke kontribuar n\u00eb nj\u00eb zgjidhje q\u00eb favorizon t\u00ebr\u00ebsisht opozit\u00ebn.<\/p>\n<p>Zoti Berisha ka m\u00ebsuar aq shum\u00eb nga d\u00ebshtimet e veta t\u00eb shumta qoft\u00eb n\u00eb rolin e opozitarit, qoft\u00eb n\u00eb rolin e drejtuesit t\u00eb shtetit, sa din t\u00eb gjej\u00eb kanale p\u00ebr t\u2019i ndikuar nd\u00ebrkomb\u00ebtar\u00ebt me t\u00eb gjitha m\u00ebnyrat, qoft\u00eb dhe me loj\u00ebrat me trafikun e interesit, q\u00eb pasi i ka m\u00ebsuar, nuk i harron m\u00eb. Privatizimet e ndryshme, tenderat nd\u00ebrkomb\u00ebtar\u00eb t\u00eb Shqip\u00ebris\u00eb kan\u00eb qen\u00eb gjithashtu element q\u00eb ka prodhuar konsensus rreth k\u00ebsaj qeverie n\u00eb aren\u00ebn globale, p\u00ebr aq sa faktor\u00ebt global\u00eb merren me Shqip\u00ebrin\u00eb.<\/p>\n<p><strong>Konteksti rajonal<\/strong><br \/>\nPor n\u00eb favor t\u00eb Berish\u00ebs n\u00eb fillimin e kriz\u00ebs kishte dhe ka dhe p\u00ebr pak koh\u00eb nj\u00eb element tjet\u00ebr- konteksti rajonal. N\u00eb vendet rreth Shqip\u00ebris\u00eb po shfaqen kriza t\u00eb brendshme q\u00eb kan\u00eb implikime t\u00eb forta jasht\u00eb kufijve. Shtimi i Shqip\u00ebris\u00eb n\u00eb hart\u00ebn e zonave t\u00eb rajonit n\u00eb kriz\u00eb duket qart\u00ebsisht nj\u00eb element q\u00eb i frik\u00ebson evropian\u00ebt.<\/p>\n<p>N\u00eb krye t\u00eb list\u00ebs \u00ebsht\u00eb kriza greke, q\u00eb e ndikon rajonin jo vet\u00ebm me implikime ekonomike dhe financiare, por dhe me pamjet e dhun\u00ebs, protestave q\u00eb bartin sigurisht viruse ngjit\u00ebs p\u00ebr shoq\u00ebrit\u00eb rreth e p\u00ebrqark Greqis\u00eb. Edhe aty shqiptar\u00ebt nuk jan\u00eb element i par\u00ebnd\u00ebsish\u00ebm, me numrin e madh t\u00eb t\u00eb pun\u00ebsuarve n\u00eb ekonomin\u00eb greke, me depozitat e tyre n\u00eb bankat greke, me kontributin n\u00eb sistemin pensionistik grek, pse jo dhe me potencialin e tyre t\u00eb frustrimit t\u00eb krijuar prej diskriminimit shum\u00ebvje\u00e7ar q\u00eb kulmoi me aktin primitiv t\u00eb Kret\u00ebs. Pavar\u00ebsisht se Greqia p\u00ebrfaq\u00ebson nj\u00eb sistem politik t\u00eb stabilizuar, t\u00eb aft\u00eb p\u00ebrgjith\u00ebsisht q\u00eb t\u00eb administroj\u00eb kriza t\u00eb forta, pavar\u00ebsisht ndihm\u00ebs evropiane dhe bot\u00ebrore, gjithsesi rrezatimi i saj destabilizues n\u00eb rajon mbetet. Por nuk \u00ebsht\u00eb vet\u00ebm Greqia.<\/p>\n<p>Maqedonia \u00ebsht\u00eb e ngopur me avuj krize, qoft\u00eb n\u00eb planin politik, qoft\u00eb n\u00eb at\u00eb shoq\u00ebror, qoft\u00eb n\u00eb at\u00eb nd\u00ebretnik. Aty Greqia ndikon n\u00eb edhe m\u00eb sepse n\u00eb konfliktin p\u00ebr emrin, ajo nuk duket e interesuar t\u00eb l\u00ebshoj\u00eb pe pik\u00ebrisht sot, kur gjendet vet\u00eb e p\u00ebrfshir\u00eb n\u00eb nj\u00eb kriz\u00eb t\u00eb fort\u00eb. N\u00eb planin ekonomik dhe financiar VMRO-DPMNE n\u00eb pushtet, e fort\u00eb n\u00eb letra p\u00ebr shkak t\u00eb mandateve, po preferon t\u00eb marr\u00eb p\u00ebr etnin\u00eb maqedonase pjes\u00ebn e luanit n\u00eb burimet e brendshme, megjith\u00ebse shqiptar\u00ebt e emigracionit, kontribuojn\u00eb shum\u00eb n\u00eb stabilizimin e sistemit financiar maqedonas.<\/p>\n<p>Marr\u00ebdh\u00ebniet nd\u00ebretnike n\u00eb Maqedoni po acarohen edhe m\u00eb p\u00ebr shkak t\u00eb intransigjenc\u00ebs s\u00eb k\u00ebsaj Qeverie, e cila nuk po zbaton garancit\u00eb e fiksuara me Marr\u00ebveshjen e Ohrit p\u00ebr ish ushtar\u00ebt e U\u00aaK-s\u00eb. Nj\u00eb grup i armatosur n\u00eb kufi me Kosov\u00ebn sfidon prej nj\u00eb kohe t\u00eb gjat\u00eb autoritetin e shtetit maqedonas, duke shqet\u00ebsuar jo thjesht maqedonasit. Sepse si vend i vog\u00ebl i rrethuar nga armiq, Maqedonia \u00ebsht\u00eb nj\u00eb lloj teatri ku fusin nga pak duart t\u00eb gjith\u00eb: Serbia, Greqia, Bullgaria, e pse jo dhe Kosova.<\/p>\n<p>Sikur t\u00eb mos mjaftonin k\u00ebto dhe Kosova gjendet n\u00eb paradhom\u00ebn e nj\u00eblloj krize q\u00eb ka pak nga t\u00eb gjitha. Ka p\u00ebrplasje euro-amerikane p\u00ebr privatizime asetesh strategjike, tender\u00eb nd\u00ebrkomb\u00ebtar\u00eb rrug\u00ebsh, e pse jo dhe p\u00ebr arsye t\u00eb tjera. Aktivizimi i fort\u00eb i EULEX-it n\u00eb luft\u00eb ndaj korrupsionit q\u00eb filloi me akuz\u00ebn ndaj ministrit t\u00eb transporteve Limaj, nuk p\u00ebrfaq\u00ebson ndonj\u00eb element stabilizues. Vendimi i Gjykat\u00ebs Nd\u00ebrkomb\u00ebtare p\u00ebr statusin nuk \u00ebsht\u00eb dh\u00ebn\u00eb, por q\u00eb tani po turbullon ujrat kosovare.<\/p>\n<p>Jan\u00eb shtuar z\u00ebrat p\u00ebr ndarje territoresh. N\u00eb k\u00ebt\u00eb mishel\u00eb, po shtohen z\u00ebrat p\u00ebr zgjedhje t\u00eb parakohshme nga opozita e Haradinajt q\u00eb her\u00eb pas here merr avdes n\u00eb Tiran\u00eb tek kryeministri Berisha. Opozita sheh nga e gjith\u00eb kjo, dob\u00ebsim t\u00eb pozitave t\u00eb qeveris\u00eb dhe \u00ebsht\u00eb brenda t\u00eb drejt\u00ebs s\u00eb vet t\u00eb k\u00ebrkoj\u00eb t\u00eb p\u00ebrfitoj\u00eb. Qeveria nga ana e saj, duket se po e interpreton gabim situat\u00ebn: po shfaqet retorik\u00eb antieuropiane, megjith\u00ebse n\u00eb form\u00ebn e kritikave p\u00ebr EULEX-in, q\u00eb mund t\u00eb krijoj\u00eb probleme dhe n\u00eb terren. Kur EULEX-i kritikohet nga zyrtar\u00eb t\u00eb lart\u00eb, po populli \u00e7\u2019b\u00ebn?<\/p>\n<p>E pra n\u00eb nj\u00eb situat\u00eb t\u00eb till\u00eb kriza shqiptare q\u00eb thellohet n\u00ebp\u00ebrmjet grev\u00ebs deri m\u00eb tani nuk \u00ebsht\u00eb par\u00eb me sy t\u00eb mir\u00eb nga faktori nd\u00ebrkomb\u00ebtar. Ai mund t\u00eb nd\u00ebrhyj\u00eb n\u00eb favor t\u00eb opozit\u00ebs vet\u00ebm n\u00ebse bindet se kriza duhet ndaluar q\u00eb tani, para se nes\u00ebr t\u00eb jet\u00eb von\u00eb. Nd\u00ebrkoh\u00eb kjo qeveri do t\u00eb dob\u00ebsohet n\u00eb planin nd\u00ebrkomb\u00ebtar edhe p\u00ebr shkak se nuk po tregohet e aft\u00eb q\u00eb ta zgjidh\u00eb vet\u00eb kriz\u00ebn. Krizat ballkanike ndikojn\u00eb nj\u00ebra tjetr\u00ebn, me kanale publik\u00eb dhe jo publik\u00eb. Por p\u00ebr nd\u00ebrhyrjen vendimtare per\u00ebndimore, opozita duhet t\u00eb punoj\u00eb akoma dhe m\u00eb shum\u00eb. Ajo duhet t\u00eb jap\u00eb garanci se nuk do ta p\u00ebrshkall\u00ebzoj\u00eb n\u00eb form\u00eb ekstremale protest\u00ebn, por dhe duke e bindur per\u00ebndimin se duhen shmangur skenar\u00eb grek\u00eb krize q\u00eb p\u00ebr Shqip\u00ebrin\u00eb do t\u00eb ishin shkat\u00ebrrimtar\u00eb. \u00cbsht\u00eb detyr\u00eb e v\u00ebshtir\u00eb, por jo e pamundur.<\/p>\n<p>Fitimi masiv i mb\u00ebshtetjes n\u00eb planin e brendsh\u00ebm, pra nj\u00eb faktorizim i fort\u00eb i opozit\u00ebs, njohja e t\u00eb gjith\u00eb t\u00eb dh\u00ebnave ekonomike dhe financiare t\u00eb Shqip\u00ebris\u00eb, mund t\u2019i kandis\u00eb nd\u00ebrkomb\u00ebtar\u00ebt t\u00eb nd\u00ebrhyjn\u00eb n\u00eb nj\u00eb form\u00eb p\u00ebrfundimtare n\u00eb zgjidhjen e kriz\u00ebs shqiptare dhe kjo nd\u00ebrhyrje s\u2019ka sesi t\u00eb jet\u00eb n\u00eb favor t\u00eb qeveris\u00eb. Vazhdimi i kriz\u00ebs shqiptare m\u00eb n\u00eb nj\u00eb rast t\u00eb till\u00eb nuk mund t\u00eb tolerohej. Ofertat e qeveris\u00eb p\u00ebr zgjidhjen e kriz\u00ebs jan\u00eb korrekte p\u00ebr koh\u00eb t\u00eb tjera, por si\u00e7 thoshte Pre\u00e7 Zogaj n\u00eb nj\u00eb editorial t\u00eb vetin, koha i vjet\u00ebron shum\u00eb shpejt zgjidhjet. Pra zgjidhja do t\u00eb vinte vet\u00ebm nga jasht\u00eb.<\/p>\n","protected":false},"excerpt":{"rendered":"<p>Mentor Nazarko, 12.05.2010 Greva e uris\u00eb e Partis\u00eb socialiste \u00ebsht\u00eb faktori kryesor q\u00eb p\u00ebrcakton kriz\u00ebn politike n\u00eb vend, por lidhja mes tyre nuk \u00ebsht\u00eb lidhje univoke. Dmth e till\u00eb q\u00eb duhet t\u00eb themi ekskluzivisht se Greva krijoi Kriz\u00ebn. Edhe Kriza solli Grev\u00ebn dhe tashm\u00eb, Greva ndikon n\u00eb thellimin spiralor t\u00eb kriz\u00ebs s\u00eb brendshme politike n\u00eb [&hellip;]<\/p>\n","protected":false},"author":1,"featured_media":0,"comment_status":"open","ping_status":"closed","sticky":false,"template":"","format":"standard","meta":{"footnotes":""},"categories":[2],"tags":[],"class_list":{"0":"post-2592","1":"post","2":"type-post","3":"status-publish","4":"format-standard","6":"category-artikuj"},"yoast_head":"<!-- This site is optimized with the Yoast SEO plugin v27.4 - https:\/\/yoast.com\/product\/yoast-seo-wordpress\/ -->\n<title>Kriza shqiptare dhe rajoni - FjALA e LIR\u00cb - Arkivi<\/title>\n<meta name=\"robots\" content=\"index, follow, max-snippet:-1, max-image-preview:large, max-video-preview:-1\" \/>\n<link rel=\"canonical\" href=\"https:\/\/fjala.info\/2009-2015\/kriza-shqiptare-dhe-rajoni\/\" \/>\n<meta property=\"og:locale\" content=\"sq_AL\" \/>\n<meta property=\"og:type\" content=\"article\" \/>\n<meta property=\"og:title\" content=\"Kriza shqiptare dhe rajoni - FjALA e LIR\u00cb - Arkivi\" \/>\n<meta property=\"og:description\" content=\"Mentor Nazarko, 12.05.2010 Greva e uris\u00eb e Partis\u00eb socialiste \u00ebsht\u00eb faktori kryesor q\u00eb p\u00ebrcakton kriz\u00ebn politike n\u00eb vend, por lidhja mes tyre nuk \u00ebsht\u00eb lidhje univoke. Dmth e till\u00eb q\u00eb duhet t\u00eb themi ekskluzivisht se Greva krijoi Kriz\u00ebn. Edhe Kriza solli Grev\u00ebn dhe tashm\u00eb, Greva ndikon n\u00eb thellimin spiralor t\u00eb kriz\u00ebs s\u00eb brendshme politike n\u00eb [&hellip;]\" \/>\n<meta property=\"og:url\" content=\"https:\/\/fjala.info\/2009-2015\/kriza-shqiptare-dhe-rajoni\/\" \/>\n<meta property=\"og:site_name\" content=\"FjALA e LIR\u00cb - Arkivi\" \/>\n<meta property=\"article:published_time\" content=\"2010-05-12T20:55:11+00:00\" \/>\n<meta property=\"og:image\" content=\"http:\/\/www.shkoder.net\/images\/fjala\/mentor_nazarko.jpg\" \/>\n<meta name=\"author\" content=\"admin\" \/>\n<meta name=\"twitter:card\" content=\"summary_large_image\" \/>\n<meta name=\"twitter:label1\" content=\"Written by\" \/>\n\t<meta name=\"twitter:data1\" content=\"admin\" \/>\n\t<meta name=\"twitter:label2\" content=\"Est. reading time\" \/>\n\t<meta name=\"twitter:data2\" content=\"7 minutes\" \/>\n<script type=\"application\/ld+json\" class=\"yoast-schema-graph\">{\"@context\":\"https:\\\/\\\/schema.org\",\"@graph\":[{\"@type\":\"Article\",\"@id\":\"https:\\\/\\\/fjala.info\\\/2009-2015\\\/kriza-shqiptare-dhe-rajoni\\\/#article\",\"isPartOf\":{\"@id\":\"https:\\\/\\\/fjala.info\\\/2009-2015\\\/kriza-shqiptare-dhe-rajoni\\\/\"},\"author\":{\"name\":\"admin\",\"@id\":\"https:\\\/\\\/fjala.info\\\/2009-2015\\\/#\\\/schema\\\/person\\\/3aa1163ef05469c496fc94e77611ada2\"},\"headline\":\"Kriza shqiptare dhe rajoni\",\"datePublished\":\"2010-05-12T20:55:11+00:00\",\"mainEntityOfPage\":{\"@id\":\"https:\\\/\\\/fjala.info\\\/2009-2015\\\/kriza-shqiptare-dhe-rajoni\\\/\"},\"wordCount\":1424,\"commentCount\":0,\"publisher\":{\"@id\":\"https:\\\/\\\/fjala.info\\\/2009-2015\\\/#organization\"},\"image\":{\"@id\":\"https:\\\/\\\/fjala.info\\\/2009-2015\\\/kriza-shqiptare-dhe-rajoni\\\/#primaryimage\"},\"thumbnailUrl\":\"http:\\\/\\\/www.shkoder.net\\\/images\\\/fjala\\\/mentor_nazarko.jpg\",\"articleSection\":[\"Artikuj\"],\"inLanguage\":\"sq-AL\",\"potentialAction\":[{\"@type\":\"CommentAction\",\"name\":\"Comment\",\"target\":[\"https:\\\/\\\/fjala.info\\\/2009-2015\\\/kriza-shqiptare-dhe-rajoni\\\/#respond\"]}]},{\"@type\":\"WebPage\",\"@id\":\"https:\\\/\\\/fjala.info\\\/2009-2015\\\/kriza-shqiptare-dhe-rajoni\\\/\",\"url\":\"https:\\\/\\\/fjala.info\\\/2009-2015\\\/kriza-shqiptare-dhe-rajoni\\\/\",\"name\":\"Kriza shqiptare dhe rajoni - FjALA e LIR\u00cb - Arkivi\",\"isPartOf\":{\"@id\":\"https:\\\/\\\/fjala.info\\\/2009-2015\\\/#website\"},\"primaryImageOfPage\":{\"@id\":\"https:\\\/\\\/fjala.info\\\/2009-2015\\\/kriza-shqiptare-dhe-rajoni\\\/#primaryimage\"},\"image\":{\"@id\":\"https:\\\/\\\/fjala.info\\\/2009-2015\\\/kriza-shqiptare-dhe-rajoni\\\/#primaryimage\"},\"thumbnailUrl\":\"http:\\\/\\\/www.shkoder.net\\\/images\\\/fjala\\\/mentor_nazarko.jpg\",\"datePublished\":\"2010-05-12T20:55:11+00:00\",\"breadcrumb\":{\"@id\":\"https:\\\/\\\/fjala.info\\\/2009-2015\\\/kriza-shqiptare-dhe-rajoni\\\/#breadcrumb\"},\"inLanguage\":\"sq-AL\",\"potentialAction\":[{\"@type\":\"ReadAction\",\"target\":[\"https:\\\/\\\/fjala.info\\\/2009-2015\\\/kriza-shqiptare-dhe-rajoni\\\/\"]}]},{\"@type\":\"ImageObject\",\"inLanguage\":\"sq-AL\",\"@id\":\"https:\\\/\\\/fjala.info\\\/2009-2015\\\/kriza-shqiptare-dhe-rajoni\\\/#primaryimage\",\"url\":\"http:\\\/\\\/www.shkoder.net\\\/images\\\/fjala\\\/mentor_nazarko.jpg\",\"contentUrl\":\"http:\\\/\\\/www.shkoder.net\\\/images\\\/fjala\\\/mentor_nazarko.jpg\"},{\"@type\":\"BreadcrumbList\",\"@id\":\"https:\\\/\\\/fjala.info\\\/2009-2015\\\/kriza-shqiptare-dhe-rajoni\\\/#breadcrumb\",\"itemListElement\":[{\"@type\":\"ListItem\",\"position\":1,\"name\":\"Home\",\"item\":\"https:\\\/\\\/fjala.info\\\/2009-2015\\\/\"},{\"@type\":\"ListItem\",\"position\":2,\"name\":\"Kriza shqiptare dhe rajoni\"}]},{\"@type\":\"WebSite\",\"@id\":\"https:\\\/\\\/fjala.info\\\/2009-2015\\\/#website\",\"url\":\"https:\\\/\\\/fjala.info\\\/2009-2015\\\/\",\"name\":\"FjALA e LIR\u00cb - Arkivi\",\"description\":\"Arkivi 2009-2015\",\"publisher\":{\"@id\":\"https:\\\/\\\/fjala.info\\\/2009-2015\\\/#organization\"},\"potentialAction\":[{\"@type\":\"SearchAction\",\"target\":{\"@type\":\"EntryPoint\",\"urlTemplate\":\"https:\\\/\\\/fjala.info\\\/2009-2015\\\/?s={search_term_string}\"},\"query-input\":{\"@type\":\"PropertyValueSpecification\",\"valueRequired\":true,\"valueName\":\"search_term_string\"}}],\"inLanguage\":\"sq-AL\"},{\"@type\":\"Organization\",\"@id\":\"https:\\\/\\\/fjala.info\\\/2009-2015\\\/#organization\",\"name\":\"FjALA e LIR\u00cb - Arkivi\",\"url\":\"https:\\\/\\\/fjala.info\\\/2009-2015\\\/\",\"logo\":{\"@type\":\"ImageObject\",\"inLanguage\":\"sq-AL\",\"@id\":\"https:\\\/\\\/fjala.info\\\/2009-2015\\\/#\\\/schema\\\/logo\\\/image\\\/\",\"url\":\"\",\"contentUrl\":\"\",\"caption\":\"FjALA e LIR\u00cb - Arkivi\"},\"image\":{\"@id\":\"https:\\\/\\\/fjala.info\\\/2009-2015\\\/#\\\/schema\\\/logo\\\/image\\\/\"}},{\"@type\":\"Person\",\"@id\":\"https:\\\/\\\/fjala.info\\\/2009-2015\\\/#\\\/schema\\\/person\\\/3aa1163ef05469c496fc94e77611ada2\",\"name\":\"admin\",\"image\":{\"@type\":\"ImageObject\",\"inLanguage\":\"sq-AL\",\"@id\":\"https:\\\/\\\/fjala.info\\\/2009-2015\\\/wp-content\\\/uploads\\\/2012\\\/02\\\/arben_cokaj-120x150.jpg\",\"url\":\"https:\\\/\\\/fjala.info\\\/2009-2015\\\/wp-content\\\/uploads\\\/2012\\\/02\\\/arben_cokaj-120x150.jpg\",\"contentUrl\":\"https:\\\/\\\/fjala.info\\\/2009-2015\\\/wp-content\\\/uploads\\\/2012\\\/02\\\/arben_cokaj-120x150.jpg\",\"caption\":\"admin\"},\"description\":\"Admin, Fjala e Lir\u00eb\",\"sameAs\":[\"https:\\\/\\\/fjala.info\\\/\"],\"url\":\"https:\\\/\\\/fjala.info\\\/2009-2015\\\/author\\\/admin\\\/\"}]}<\/script>\n<!-- \/ Yoast SEO plugin. -->","yoast_head_json":{"title":"Kriza shqiptare dhe rajoni - FjALA e LIR\u00cb - Arkivi","robots":{"index":"index","follow":"follow","max-snippet":"max-snippet:-1","max-image-preview":"max-image-preview:large","max-video-preview":"max-video-preview:-1"},"canonical":"https:\/\/fjala.info\/2009-2015\/kriza-shqiptare-dhe-rajoni\/","og_locale":"sq_AL","og_type":"article","og_title":"Kriza shqiptare dhe rajoni - FjALA e LIR\u00cb - Arkivi","og_description":"Mentor Nazarko, 12.05.2010 Greva e uris\u00eb e Partis\u00eb socialiste \u00ebsht\u00eb faktori kryesor q\u00eb p\u00ebrcakton kriz\u00ebn politike n\u00eb vend, por lidhja mes tyre nuk \u00ebsht\u00eb lidhje univoke. Dmth e till\u00eb q\u00eb duhet t\u00eb themi ekskluzivisht se Greva krijoi Kriz\u00ebn. Edhe Kriza solli Grev\u00ebn dhe tashm\u00eb, Greva ndikon n\u00eb thellimin spiralor t\u00eb kriz\u00ebs s\u00eb brendshme politike n\u00eb [&hellip;]","og_url":"https:\/\/fjala.info\/2009-2015\/kriza-shqiptare-dhe-rajoni\/","og_site_name":"FjALA e LIR\u00cb - Arkivi","article_published_time":"2010-05-12T20:55:11+00:00","og_image":[{"url":"http:\/\/www.shkoder.net\/images\/fjala\/mentor_nazarko.jpg","type":"","width":"","height":""}],"author":"admin","twitter_card":"summary_large_image","twitter_misc":{"Written by":"admin","Est. reading time":"7 minutes"},"schema":{"@context":"https:\/\/schema.org","@graph":[{"@type":"Article","@id":"https:\/\/fjala.info\/2009-2015\/kriza-shqiptare-dhe-rajoni\/#article","isPartOf":{"@id":"https:\/\/fjala.info\/2009-2015\/kriza-shqiptare-dhe-rajoni\/"},"author":{"name":"admin","@id":"https:\/\/fjala.info\/2009-2015\/#\/schema\/person\/3aa1163ef05469c496fc94e77611ada2"},"headline":"Kriza shqiptare dhe rajoni","datePublished":"2010-05-12T20:55:11+00:00","mainEntityOfPage":{"@id":"https:\/\/fjala.info\/2009-2015\/kriza-shqiptare-dhe-rajoni\/"},"wordCount":1424,"commentCount":0,"publisher":{"@id":"https:\/\/fjala.info\/2009-2015\/#organization"},"image":{"@id":"https:\/\/fjala.info\/2009-2015\/kriza-shqiptare-dhe-rajoni\/#primaryimage"},"thumbnailUrl":"http:\/\/www.shkoder.net\/images\/fjala\/mentor_nazarko.jpg","articleSection":["Artikuj"],"inLanguage":"sq-AL","potentialAction":[{"@type":"CommentAction","name":"Comment","target":["https:\/\/fjala.info\/2009-2015\/kriza-shqiptare-dhe-rajoni\/#respond"]}]},{"@type":"WebPage","@id":"https:\/\/fjala.info\/2009-2015\/kriza-shqiptare-dhe-rajoni\/","url":"https:\/\/fjala.info\/2009-2015\/kriza-shqiptare-dhe-rajoni\/","name":"Kriza shqiptare dhe rajoni - FjALA e LIR\u00cb - Arkivi","isPartOf":{"@id":"https:\/\/fjala.info\/2009-2015\/#website"},"primaryImageOfPage":{"@id":"https:\/\/fjala.info\/2009-2015\/kriza-shqiptare-dhe-rajoni\/#primaryimage"},"image":{"@id":"https:\/\/fjala.info\/2009-2015\/kriza-shqiptare-dhe-rajoni\/#primaryimage"},"thumbnailUrl":"http:\/\/www.shkoder.net\/images\/fjala\/mentor_nazarko.jpg","datePublished":"2010-05-12T20:55:11+00:00","breadcrumb":{"@id":"https:\/\/fjala.info\/2009-2015\/kriza-shqiptare-dhe-rajoni\/#breadcrumb"},"inLanguage":"sq-AL","potentialAction":[{"@type":"ReadAction","target":["https:\/\/fjala.info\/2009-2015\/kriza-shqiptare-dhe-rajoni\/"]}]},{"@type":"ImageObject","inLanguage":"sq-AL","@id":"https:\/\/fjala.info\/2009-2015\/kriza-shqiptare-dhe-rajoni\/#primaryimage","url":"http:\/\/www.shkoder.net\/images\/fjala\/mentor_nazarko.jpg","contentUrl":"http:\/\/www.shkoder.net\/images\/fjala\/mentor_nazarko.jpg"},{"@type":"BreadcrumbList","@id":"https:\/\/fjala.info\/2009-2015\/kriza-shqiptare-dhe-rajoni\/#breadcrumb","itemListElement":[{"@type":"ListItem","position":1,"name":"Home","item":"https:\/\/fjala.info\/2009-2015\/"},{"@type":"ListItem","position":2,"name":"Kriza shqiptare dhe rajoni"}]},{"@type":"WebSite","@id":"https:\/\/fjala.info\/2009-2015\/#website","url":"https:\/\/fjala.info\/2009-2015\/","name":"FjALA e LIR\u00cb - Arkivi","description":"Arkivi 2009-2015","publisher":{"@id":"https:\/\/fjala.info\/2009-2015\/#organization"},"potentialAction":[{"@type":"SearchAction","target":{"@type":"EntryPoint","urlTemplate":"https:\/\/fjala.info\/2009-2015\/?s={search_term_string}"},"query-input":{"@type":"PropertyValueSpecification","valueRequired":true,"valueName":"search_term_string"}}],"inLanguage":"sq-AL"},{"@type":"Organization","@id":"https:\/\/fjala.info\/2009-2015\/#organization","name":"FjALA e LIR\u00cb - Arkivi","url":"https:\/\/fjala.info\/2009-2015\/","logo":{"@type":"ImageObject","inLanguage":"sq-AL","@id":"https:\/\/fjala.info\/2009-2015\/#\/schema\/logo\/image\/","url":"","contentUrl":"","caption":"FjALA e LIR\u00cb - Arkivi"},"image":{"@id":"https:\/\/fjala.info\/2009-2015\/#\/schema\/logo\/image\/"}},{"@type":"Person","@id":"https:\/\/fjala.info\/2009-2015\/#\/schema\/person\/3aa1163ef05469c496fc94e77611ada2","name":"admin","image":{"@type":"ImageObject","inLanguage":"sq-AL","@id":"https:\/\/fjala.info\/2009-2015\/wp-content\/uploads\/2012\/02\/arben_cokaj-120x150.jpg","url":"https:\/\/fjala.info\/2009-2015\/wp-content\/uploads\/2012\/02\/arben_cokaj-120x150.jpg","contentUrl":"https:\/\/fjala.info\/2009-2015\/wp-content\/uploads\/2012\/02\/arben_cokaj-120x150.jpg","caption":"admin"},"description":"Admin, Fjala e Lir\u00eb","sameAs":["https:\/\/fjala.info\/"],"url":"https:\/\/fjala.info\/2009-2015\/author\/admin\/"}]}},"_links":{"self":[{"href":"https:\/\/fjala.info\/2009-2015\/wp-json\/wp\/v2\/posts\/2592","targetHints":{"allow":["GET"]}}],"collection":[{"href":"https:\/\/fjala.info\/2009-2015\/wp-json\/wp\/v2\/posts"}],"about":[{"href":"https:\/\/fjala.info\/2009-2015\/wp-json\/wp\/v2\/types\/post"}],"author":[{"embeddable":true,"href":"https:\/\/fjala.info\/2009-2015\/wp-json\/wp\/v2\/users\/1"}],"replies":[{"embeddable":true,"href":"https:\/\/fjala.info\/2009-2015\/wp-json\/wp\/v2\/comments?post=2592"}],"version-history":[{"count":0,"href":"https:\/\/fjala.info\/2009-2015\/wp-json\/wp\/v2\/posts\/2592\/revisions"}],"wp:attachment":[{"href":"https:\/\/fjala.info\/2009-2015\/wp-json\/wp\/v2\/media?parent=2592"}],"wp:term":[{"taxonomy":"category","embeddable":true,"href":"https:\/\/fjala.info\/2009-2015\/wp-json\/wp\/v2\/categories?post=2592"},{"taxonomy":"post_tag","embeddable":true,"href":"https:\/\/fjala.info\/2009-2015\/wp-json\/wp\/v2\/tags?post=2592"}],"curies":[{"name":"wp","href":"https:\/\/api.w.org\/{rel}","templated":true}]}}