{"id":2590,"date":"2012-04-20T09:58:33","date_gmt":"2012-04-20T08:58:33","guid":{"rendered":"http:\/\/fjala.shkoder.net\/?p=2590"},"modified":"2012-04-20T09:58:33","modified_gmt":"2012-04-20T08:58:33","slug":"nuk-ka-islam-te-moderuem-por-ka-muslimane-te-moderuem","status":"publish","type":"post","link":"https:\/\/fjala.info\/2009-2015\/nuk-ka-islam-te-moderuem-por-ka-muslimane-te-moderuem\/","title":{"rendered":"Nuk ka \u201cIslam t\u00eb moderuem\u201d, por ka musliman\u00eb t\u00eb moderuem"},"content":{"rendered":"<p>N\u00eb shkrimin e dat\u00ebs 07.01.2011 t\u00eb gazet\u00ebs \u201cFeithfreedom\u201d(\u201cLiria e Besimit\u201d: <a href=\"http:\/\/www.italian.faithfreedom.org\/comment.php?t=2309\">http:\/\/www.italian.faithfreedom.org\/comment.php?t=2309<\/a>) pyetjes se nji gazetari se \u201cCili asht ndryshimi midis Islamit t\u00eb Moderuem dhe Islamit integralist n\u00eb Egjipt\u201d, nj\u00eb ishmusliman egjiptian, aktivist p\u00ebr mbrojtjen e t\u00eb Drejtave t\u00eb Njeriut, i asht p\u00ebrgjegj\u00eb:<\/p>\n<p><img decoding=\"async\" class=\"aligncenter size-thumbnail wp-image-7236\" title=\"Islami - liria me per\u00e7e\" src=\"http:\/\/www.shkoder.net\/2012\/islami_liria_me_perce.jpg\" alt=\"\" width=\"500\" \/><\/p>\n<p>\u201cNuk mund t\u00eb ekzistoj\u00eb nj\u00eb\u201cIslam i moderuem\u201d, por ekzistojn\u00eb musliman\u00eb t\u00eb moderuem\u201d. Termi \u201cIslami i moderuem\u201d asht nj\u00eb g\u00ebnjeshter, e cila qarkullon n\u00eb P\u00ebrendim. Kush e njeh Islamin, kush e ka studjue Islamin dhe kush ka lind\u00eb n\u00eb nj\u00eb familje muslimane e di fort mir\u00eb se nuk mund t\u00eb ekzistoj\u00eb nj\u00eb \u201cIslam i moderuem\u201d, sepse m\u00ebsimet e tij jan\u00eb agresive dhe t\u00eb dhun\u00ebshme. Islami me mesimet e tij nuk mund t\u00eb jet\u00eb i moderuem, absolutisht, por egzistojn\u00eb musliman\u00eb t\u00eb moderuem, t\u00eb cil\u00ebt nuk i zbatojn\u00eb fjal\u00eb p\u00ebr fjal\u00eb m\u00ebsimet e Kur\u2019an-it. N\u00eb Egjipt, megjith\u00ebse muxhedin\u00ebt i th\u00ebrrasin besimtart\u00eb me megafona n\u00eb or\u00ebt e faljeve, jan\u00eb vet\u00ebm 20% e musliman\u00ebve egjiptian\u00eb q\u00eb shkojn\u00eb n\u00eb xhami\u201d.)<\/p>\n<p>Sqarim paraprak: Termi \u201cIdeologji\u201d asht p\u00ebrdor\u00eb p\u00ebr t\u00eb par\u00ebn her\u00eb n\u00eb vitin 1796 nga mendimtari francez Antoine-Louis-Claude Destutt de Tracy n\u00eb librin e tij \u201cM\u00e9moire sur la facult\u00e9 de penser\u201d. Ketu termi \u201cIdeologji\u201d p\u00ebrcaktohet si \u201cShkenca e ideve dhe e sanksioneve\u201d . Pra\u201cIdeologji\u201d quhet ajo Id\u00e8, kund\u00ebrshtimi i zbatimit t\u00eb s\u00eb cil\u00ebs d\u00ebnohet me sanksione nga organet nd\u00ebshkimore.<br \/>\nMbas d\u00ebshtimit t\u00eb dy ideologjive, t\u00eb nazizmit dhe t\u00eb komunizmit, q\u00eb i sollen shum\u00eb fatkeqesi dhe dame t\u00eb medha bot\u00ebs, sot del si problem ideologjia e terrorizmit islamik. P\u00ebr frenimin e tij del i nevojshem studimi: 1) i burimit teorik dhe 2) i shkaqeve objektive t\u00eb lindjes s\u00eb terrorizmit islamik.<\/p>\n<p>1. <strong>Burimi teorik<\/strong><br \/>\n1) Ideologjia komuniste bazohej n\u00eb librin e Karl Marksit \u201cKapitali\u201d. K\u00ebtu shoqnia ndahet n\u00eb dy klasa: \u201cKlasa e pun\u00ebtor\u00ebve dhe e fshatar\u00ebve\u201d, e ardhun n\u00eb pushtet me revolucion t\u00eb armatosun, dhe klasat e p\u00ebrmbysuna. Klasa n\u00eb fuqi do t\u2019i luftonte me dhun\u00eb klasat e p\u00ebrmbysuna. Komunist\u00ebt propagandonin se \u201cKomunizmi do t\u00eb sundoj\u00eb bot\u00ebn\u201d . Kjo ideologji d\u00ebshtoi.<br \/>\n2) Ideologjia naziste bazohej n\u00eb librin e Hitlerit \u201cMein Kampf\u201d. K\u00ebtu njer\u00ebzit ndaheshin n\u00eb \u201cRac\u00ebn e Past\u00ebrt\u201d, q\u00eb duhej t\u00eb sundonte me dhun\u00eb mbi racat tjera. Nazist\u00ebt propagandonin se \u201cNazismi do t\u00eb sundoj\u00eb boten\u201d . Edhe kjo ideologji d\u00ebshtoi.<br \/>\n3) Ideologjia e Islamizmit bazohet n\u00eb librin e Muhammetit \u201cKur\u2019an-i\u201d. K\u00ebtu njer\u00ebzit ndahen n\u00eb dy kategori, n\u00eb musliman\u00eb, besimtar\u00eb t\u00eb \u201cKur\u2019an-it\u201d, dhe n\u00eb jomusliman\u00eb, jobesimtar\u00eb t\u00eb \u201cKur\u2019an-it\u201d. Besimtart\u00eb do t\u00eb ndjekin me dhun\u00eb dhe do t\u00eb vrasin jobesimtart\u00eb e Kur\u2019an-it (Syrja 4, Ajeti 89) e te tjera ajete. Edhe islamik\u00ebt propagandojn\u00eb se \u201cIslami do t\u00eb sundoj\u00eb bot\u00ebn\u201d.<\/p>\n<p>K\u00ebto tre libra trajtojn\u00eb aspekte t\u00eb ndryshme t\u00eb jet\u00ebs njer\u00ebzore simbas racave, simbas klasave dhe simbas llojeve t\u00eb besimeve. Ato kan\u00eb t\u00eb perbashk\u00ebt dy element\u00eb:<br \/>\na) P\u00ebrdorimin e dhun\u00ebs kund\u00ebr t\u00eb ndryshmit dhe<br \/>\nb) Sistemin e mbyllun t\u00eb shoqnis\u00eb ku k\u00ebto ideologji aplikohen.<\/p>\n<p>Sistem i mbyllun quhet ai sistem ku sundon nj\u00eb Ideologji e vetme, e cila zbatohet n\u00ebp\u00ebrmjet dhun\u00ebs. Te tria k\u00ebto Ideologji, komunizmi, nazizmi dhe islamizmi ushtrohen me dhun\u00eb jo vetem ndaj t\u00eb ndryshm\u00ebve, por edhe ndaj vet\u00eb pjestar\u00ebve t\u00eb saj disident\u00eb, q\u00eb devijon\u00eb. Vet\u00ebm n\u00eb shoqnit\u00eb e hapuna demokratike lejohen dhe mbrohen \u201ct\u00eb ndryshmit\u201d dhe t\u00eb drejtat e tyne. N\u00eb sistemet e mbylluna individi i n\u00ebnshtrohet me dhun\u00eb Ideologjis\u00eb sunduese.<\/p>\n<p>Kjo asht arsyeja q\u00eb mbreti absolut i Arabis\u00eb Saudite, Abd-Allah, n\u00eb fjalimin e tij televiziv t\u00eb 27 gushtit 2008 nd\u00ebr t\u00eb tjera tha: \u201cNa nuk kemi nevoj\u00eb p\u00ebr demokraci, na nuk kemi nevoj\u00eb p\u00ebr parti politike, na nuk kemi nevoj\u00eb p\u00ebr t\u00eb drejtat e njeriut p\u00ebrendimore, na nuk kemi nevoj\u00eb p\u00ebr lirin\u00eb e tyne t\u00eb fjal\u00ebs. P\u00ebr \u00e7far\u00eb na duhet asht Kur\u2019an-i. Ai rregullon jet\u00ebn ton\u00eb t\u00eb p\u00ebrkryeme. Ky asht legjislacioni ma i mir\u00eb n\u00eb historin\u00eb e njer\u00ebzimit, ai asht fjala e All-llahut. Nuk ka asgja ma t\u00eb mir\u00eb se ligji i All-llahut.\u201d ( <a href=\"http:\/\/europenews.dk\/en\/node\/13862\">http:\/\/europenews.dk\/en\/node\/13862<\/a>)<\/p>\n<p>2. <strong>Shkaqet objektive t\u00eb lindjes s\u00eb terrorizmit islamik<\/strong><br \/>\nShkak objektiv i lindjes s\u00eb nazizmit ishte kriza ekonomike e Gjermanis\u00eb. Shkak objektiv i lindjes s\u00eb komunizmit ishte gjendja e keqe ekonomike e klasave punojse. Shkak objektiv i lindjes s\u00eb islamizmit ishte gjendja tejet e keqe dhe e \u00e7thurun e shoqnis\u00eb s\u00eb vendeve arabe n\u00eb shekullin e VII. P\u00ebr vendosjen e nj\u00ebfar\u00eb rregulli nd\u00ebr ato popuj, q\u00eb edhe sot jan\u00eb n\u00eb nj\u00eb nivel tejet t\u00eb ult\u00eb ekonomik dhe zhvillimi kulturor, Muhammeti bani nj\u00eb pun\u00eb t\u00eb madhe pozitive tue vendos\u00eb disa rregulla n\u00eb k\u00ebte shoqni anarshike dhe tue krijue k\u00ebshtu nj\u00eb shoqni me disa rregulla t\u00eb dobishme p\u00ebr at\u00eb periudh\u00eb dhe p\u00ebr ata popuj.<\/p>\n<p>Kjo asht merita e tij e madhe, sepse askush n\u00eb bot\u00eb nuk do t\u00eb kishte muejt\u00eb t\u00eb vendoste ato rregulla n\u00eb shoqnin\u00eb e atyne vendeve. Ai nuk kishte rrug\u00eb tjet\u00ebr t\u00eb siguronte zbatimin e atyne rregullave p\u00ebrve\u00e7 se: E para, t\u2019i deklaronte k\u00ebto rregulla t\u00eb zbrituna nga Zoti. E dyta, t\u00eb zbatoheshin n\u00ebp\u00ebrmjet Ligjit t\u00eb Sundimtar\u00ebve \u2013 Sheriatit. K\u00ebshtu ai krijoi nj\u00eb shkrimje organike n\u00eb rrethin e mbyllun t\u00eb Besimit fetar me Pushtetin ekzekutiv. Prandej, n\u00eb dallim me Besimet tjera Fetare, t\u00eb cilat nuk kan\u00eb asnj\u00eb lidhje me pushtetin ekzekutiv, Islami nuk asht thjesht\u00eb nj\u00eb \u201cBesim Fetar\u201d, por asht nj\u00eb \u201cIdeologji\u201d, dmth nj\u00eb Id\u00e8 e zbatueme n\u00ebp\u00ebrmjet dhun\u00ebs s\u00eb sanksioneve nd\u00ebshkuese.<\/p>\n<p>Simbas Kur\u2019an-it sanksionet nd\u00ebshkuese p\u00ebr moszbatimin e ligjve t\u00eb Sheriatit jan\u00eb: vrasjet e t\u00eb ndryshmeve dhe te atyne muslimanve qe e lane islamin (Syrja 4, Ajeti 89); gur\u00ebzimet (vrasjet me gur\u00eb: Syrja36, Ajeti 18); rrahjet e grave (Syrja 4, Ajeti 34); premja e duerve hajdut\u00ebve (Syrja 5, Ajeti 38); mbajtja e robreshave (Syrja 24, Ajeti 31) etj. etj.<\/p>\n<p>Ashtu si n\u00eb gjiun e shoqnis\u00eb s\u00eb mbyllun naziste ka pas\u00eb disident\u00eb; ashtu si n\u00eb gjiun e shoqnis\u00eb s\u00eb mbyllun komuniste ka pas\u00eb disident\u00eb; ashtu edhe n\u00eb gjiun e shoqnis\u00eb s\u00eb mbyllun islame sot ka disident\u00eb (ishmusliman\u00eb dhe musliman\u00eb t\u00eb moderuem), t\u00eb cil\u00ebt po e transformojn\u00eb nga mbrend\u00eb islamizmin. Shembull kemi ishmuslimanin egjiptjan q\u00eb thot\u00eb se: Nuk ekziston \u201cIslami i moderuem\u201d, por ekzistojn\u00eb musliman\u00eb t\u00eb moderuem\u201d, t\u00eb cil\u00ebt zbatojn\u00eb n\u00eb m\u00ebnyr\u00eb t\u00eb moderueme e jo fjal\u00eb p\u00ebr fjal\u00eb parimet e islamit\u201d.<\/p>\n<p>Me qellim q\u00eb Islami t\u00eb konsiderohet nj\u00eb Besim Fetar si t\u00eb gjith\u00eb Besimet tjera, del e nevojshme q\u00eb Besimi fetar islam t\u00eb ndahet nga ligji imponues-nd\u00ebshkues i Sheriatit t\u00eb sundimtarve, pr\u00e0 lai\u00e7izimi i Islamit. Vet\u00ebm n\u00eb k\u00ebte m\u00ebnyr\u00eb mund t\u2019i hiqet baza teorike dhe praktike Terrorizmit Islamik. Vet\u00ebm n\u00eb k\u00ebte m\u00ebnyr\u00eb Besimi Islam do t\u00eb mund t\u00eb p\u00ebrhapet si Besim Fetar pa probleme. N\u00eb rast t\u00eb kunder, me p\u00ebrhapjen e Ides\u00eb s\u00eb t\u00eb Drejtave t\u00eb Njeriut, Islami si ideologji do t\u00eb eleminohet vetvetiu nga shoqnit\u00eb demokratike, ashtu si\u00e7 u eleminuen dy ideologjit\u00eb tjera t\u00eb shekullit t\u00eb kaluem.<\/p>\n<p>Nj\u00eb hap n\u00eb k\u00ebt\u00eb drejtim asht ba me formimin jasht\u00eb vendeve arabe t\u00eb shoqatave t\u00eb ishmusliman\u00ebve, t\u00eb cil\u00ebt e kan\u00eb braktis\u00eb islamin si ideologji e dhun\u00ebs. Po ashtu nj\u00eb hap konkret shtetnor e ka ba n\u00eb shtator t\u00eb vitit 2009 Kazakistani, vendi aziatik me shumic\u00eb musulmane, i cili ka heq\u00eb me ligje disa Syre t\u00eb Kur\u2019an-it, si syre antikushtetuese. Lexo shkrimin e Abu Ayoub ne sitin <a href=\"http:\/\/islamnw.wordpress.com\/2009\/10\/10\/le-kazakhstan-interdit-des-sourates-du-coran\/\">http:\/\/islamnw.wordpress.com\/2009\/10\/10\/le-kazakhstan-interdit-des-sourates-du-coran\/<\/a> ).<\/p>\n<p>Hapja e shoqnis\u00eb s\u00eb mbyllun islame n\u00ebp\u00ebrmjet emigrant\u00ebve musliman\u00eb n\u00eb vendet e shoqnive t\u00eb hapuna p\u00ebrendimore ka si pasoj\u00eb q\u00eb k\u00ebto emigrant\u00eb t\u00eb bahen gjithnj\u00eb e ma shum\u00eb t\u00eb vet\u00ebdijsh\u00ebm p\u00ebr t\u00eb \u201cDrejtat e Njeriut\u201d, p\u00ebr t\u00eb \u201cDrejtat e tyne\u201d, t\u00eb cilat iu mungojn\u00eb n\u00eb vendet e tyne t\u00eb origjin\u00ebs. Kjo v\u00ebrteton transformimin gradual psiko-kultural t\u00eb tyne dhe t\u00eb mbasardh\u00ebs\u00ebve t\u00eb tyne. Nuk ka qenje njer\u00ebzore (apo shtazore) q\u00eb nuk don t\u00eb ndjehet e lir\u00eb.<\/p>\n<p>P\u00ebr k\u00ebte arsye jam i bindun se kontakti i k\u00ebtyne miljona musliman\u00ebve me qytetnimin dhe kultur\u00ebn e popujve t\u00eb lir\u00eb europian\u00eb, rritja e nivelit ekonomik dhe kulturor, rritja e vet\u00ebdijes s\u00eb t\u00eb Drejtave Personale, t\u00eb gjitha k\u00ebto s\u00eb bashku do t\u00eb kontribuojn\u00eb n\u00eb zhvillimin dhe n\u00eb emancipimin e tyne dhe indirekt edhe t\u00eb vendeve t\u00eb mbylluna prej ku del Terrorizmi Islamik. Rruga asht e gjat\u00eb.<\/p>\n<p><strong>Paul Tedeschini <\/strong>&#8211; <em>me 10 janar 2011 \u2013 Itali<\/em><\/p>\n","protected":false},"excerpt":{"rendered":"<p>N\u00eb shkrimin e dat\u00ebs 07.01.2011 t\u00eb gazet\u00ebs \u201cFeithfreedom\u201d(\u201cLiria e Besimit\u201d: http:\/\/www.italian.faithfreedom.org\/comment.php?t=2309) pyetjes se nji gazetari se \u201cCili asht ndryshimi midis Islamit t\u00eb Moderuem dhe Islamit integralist n\u00eb Egjipt\u201d, nj\u00eb ishmusliman egjiptian, aktivist p\u00ebr mbrojtjen e t\u00eb Drejtave t\u00eb Njeriut, i asht p\u00ebrgjegj\u00eb: \u201cNuk mund t\u00eb ekzistoj\u00eb nj\u00eb\u201cIslam i moderuem\u201d, por ekzistojn\u00eb musliman\u00eb t\u00eb moderuem\u201d. Termi [&hellip;]<\/p>\n","protected":false},"author":1,"featured_media":0,"comment_status":"open","ping_status":"closed","sticky":false,"template":"","format":"standard","meta":{"footnotes":""},"categories":[2],"tags":[],"class_list":{"0":"post-2590","1":"post","2":"type-post","3":"status-publish","4":"format-standard","6":"category-artikuj"},"yoast_head":"<!-- This site is optimized with the Yoast SEO plugin v27.4 - https:\/\/yoast.com\/product\/yoast-seo-wordpress\/ -->\n<title>Nuk ka \u201cIslam t\u00eb moderuem\u201d, por ka musliman\u00eb t\u00eb moderuem - FjALA e LIR\u00cb - Arkivi<\/title>\n<meta name=\"robots\" content=\"index, follow, max-snippet:-1, max-image-preview:large, max-video-preview:-1\" \/>\n<link rel=\"canonical\" href=\"https:\/\/fjala.info\/2009-2015\/nuk-ka-islam-te-moderuem-por-ka-muslimane-te-moderuem\/\" \/>\n<meta property=\"og:locale\" content=\"sq_AL\" \/>\n<meta property=\"og:type\" content=\"article\" \/>\n<meta property=\"og:title\" content=\"Nuk ka \u201cIslam t\u00eb moderuem\u201d, por ka musliman\u00eb t\u00eb moderuem - FjALA e LIR\u00cb - Arkivi\" \/>\n<meta property=\"og:description\" content=\"N\u00eb shkrimin e dat\u00ebs 07.01.2011 t\u00eb gazet\u00ebs \u201cFeithfreedom\u201d(\u201cLiria e Besimit\u201d: http:\/\/www.italian.faithfreedom.org\/comment.php?t=2309) pyetjes se nji gazetari se \u201cCili asht ndryshimi midis Islamit t\u00eb Moderuem dhe Islamit integralist n\u00eb Egjipt\u201d, nj\u00eb ishmusliman egjiptian, aktivist p\u00ebr mbrojtjen e t\u00eb Drejtave t\u00eb Njeriut, i asht p\u00ebrgjegj\u00eb: \u201cNuk mund t\u00eb ekzistoj\u00eb nj\u00eb\u201cIslam i moderuem\u201d, por ekzistojn\u00eb musliman\u00eb t\u00eb moderuem\u201d. Termi [&hellip;]\" \/>\n<meta property=\"og:url\" content=\"https:\/\/fjala.info\/2009-2015\/nuk-ka-islam-te-moderuem-por-ka-muslimane-te-moderuem\/\" \/>\n<meta property=\"og:site_name\" content=\"FjALA e LIR\u00cb - Arkivi\" \/>\n<meta property=\"article:published_time\" content=\"2012-04-20T08:58:33+00:00\" \/>\n<meta property=\"og:image\" content=\"http:\/\/www.shkoder.net\/2012\/islami_liria_me_perce.jpg\" \/>\n<meta name=\"author\" content=\"admin\" \/>\n<meta name=\"twitter:card\" content=\"summary_large_image\" \/>\n<meta name=\"twitter:label1\" content=\"Written by\" \/>\n\t<meta name=\"twitter:data1\" content=\"admin\" \/>\n\t<meta name=\"twitter:label2\" content=\"Est. reading time\" \/>\n\t<meta name=\"twitter:data2\" content=\"7 minutes\" \/>\n<script type=\"application\/ld+json\" class=\"yoast-schema-graph\">{\"@context\":\"https:\\\/\\\/schema.org\",\"@graph\":[{\"@type\":\"Article\",\"@id\":\"https:\\\/\\\/fjala.info\\\/2009-2015\\\/nuk-ka-islam-te-moderuem-por-ka-muslimane-te-moderuem\\\/#article\",\"isPartOf\":{\"@id\":\"https:\\\/\\\/fjala.info\\\/2009-2015\\\/nuk-ka-islam-te-moderuem-por-ka-muslimane-te-moderuem\\\/\"},\"author\":{\"name\":\"admin\",\"@id\":\"https:\\\/\\\/fjala.info\\\/2009-2015\\\/#\\\/schema\\\/person\\\/3aa1163ef05469c496fc94e77611ada2\"},\"headline\":\"Nuk ka \u201cIslam t\u00eb moderuem\u201d, por ka musliman\u00eb t\u00eb moderuem\",\"datePublished\":\"2012-04-20T08:58:33+00:00\",\"mainEntityOfPage\":{\"@id\":\"https:\\\/\\\/fjala.info\\\/2009-2015\\\/nuk-ka-islam-te-moderuem-por-ka-muslimane-te-moderuem\\\/\"},\"wordCount\":1445,\"commentCount\":0,\"publisher\":{\"@id\":\"https:\\\/\\\/fjala.info\\\/2009-2015\\\/#organization\"},\"image\":{\"@id\":\"https:\\\/\\\/fjala.info\\\/2009-2015\\\/nuk-ka-islam-te-moderuem-por-ka-muslimane-te-moderuem\\\/#primaryimage\"},\"thumbnailUrl\":\"http:\\\/\\\/www.shkoder.net\\\/2012\\\/islami_liria_me_perce.jpg\",\"articleSection\":[\"Artikuj\"],\"inLanguage\":\"sq-AL\",\"potentialAction\":[{\"@type\":\"CommentAction\",\"name\":\"Comment\",\"target\":[\"https:\\\/\\\/fjala.info\\\/2009-2015\\\/nuk-ka-islam-te-moderuem-por-ka-muslimane-te-moderuem\\\/#respond\"]}]},{\"@type\":\"WebPage\",\"@id\":\"https:\\\/\\\/fjala.info\\\/2009-2015\\\/nuk-ka-islam-te-moderuem-por-ka-muslimane-te-moderuem\\\/\",\"url\":\"https:\\\/\\\/fjala.info\\\/2009-2015\\\/nuk-ka-islam-te-moderuem-por-ka-muslimane-te-moderuem\\\/\",\"name\":\"Nuk ka \u201cIslam t\u00eb moderuem\u201d, por ka musliman\u00eb t\u00eb moderuem - FjALA e LIR\u00cb - Arkivi\",\"isPartOf\":{\"@id\":\"https:\\\/\\\/fjala.info\\\/2009-2015\\\/#website\"},\"primaryImageOfPage\":{\"@id\":\"https:\\\/\\\/fjala.info\\\/2009-2015\\\/nuk-ka-islam-te-moderuem-por-ka-muslimane-te-moderuem\\\/#primaryimage\"},\"image\":{\"@id\":\"https:\\\/\\\/fjala.info\\\/2009-2015\\\/nuk-ka-islam-te-moderuem-por-ka-muslimane-te-moderuem\\\/#primaryimage\"},\"thumbnailUrl\":\"http:\\\/\\\/www.shkoder.net\\\/2012\\\/islami_liria_me_perce.jpg\",\"datePublished\":\"2012-04-20T08:58:33+00:00\",\"breadcrumb\":{\"@id\":\"https:\\\/\\\/fjala.info\\\/2009-2015\\\/nuk-ka-islam-te-moderuem-por-ka-muslimane-te-moderuem\\\/#breadcrumb\"},\"inLanguage\":\"sq-AL\",\"potentialAction\":[{\"@type\":\"ReadAction\",\"target\":[\"https:\\\/\\\/fjala.info\\\/2009-2015\\\/nuk-ka-islam-te-moderuem-por-ka-muslimane-te-moderuem\\\/\"]}]},{\"@type\":\"ImageObject\",\"inLanguage\":\"sq-AL\",\"@id\":\"https:\\\/\\\/fjala.info\\\/2009-2015\\\/nuk-ka-islam-te-moderuem-por-ka-muslimane-te-moderuem\\\/#primaryimage\",\"url\":\"http:\\\/\\\/www.shkoder.net\\\/2012\\\/islami_liria_me_perce.jpg\",\"contentUrl\":\"http:\\\/\\\/www.shkoder.net\\\/2012\\\/islami_liria_me_perce.jpg\"},{\"@type\":\"BreadcrumbList\",\"@id\":\"https:\\\/\\\/fjala.info\\\/2009-2015\\\/nuk-ka-islam-te-moderuem-por-ka-muslimane-te-moderuem\\\/#breadcrumb\",\"itemListElement\":[{\"@type\":\"ListItem\",\"position\":1,\"name\":\"Home\",\"item\":\"https:\\\/\\\/fjala.info\\\/2009-2015\\\/\"},{\"@type\":\"ListItem\",\"position\":2,\"name\":\"Nuk ka \u201cIslam t\u00eb moderuem\u201d, por ka musliman\u00eb t\u00eb moderuem\"}]},{\"@type\":\"WebSite\",\"@id\":\"https:\\\/\\\/fjala.info\\\/2009-2015\\\/#website\",\"url\":\"https:\\\/\\\/fjala.info\\\/2009-2015\\\/\",\"name\":\"FjALA e LIR\u00cb - Arkivi\",\"description\":\"Arkivi 2009-2015\",\"publisher\":{\"@id\":\"https:\\\/\\\/fjala.info\\\/2009-2015\\\/#organization\"},\"potentialAction\":[{\"@type\":\"SearchAction\",\"target\":{\"@type\":\"EntryPoint\",\"urlTemplate\":\"https:\\\/\\\/fjala.info\\\/2009-2015\\\/?s={search_term_string}\"},\"query-input\":{\"@type\":\"PropertyValueSpecification\",\"valueRequired\":true,\"valueName\":\"search_term_string\"}}],\"inLanguage\":\"sq-AL\"},{\"@type\":\"Organization\",\"@id\":\"https:\\\/\\\/fjala.info\\\/2009-2015\\\/#organization\",\"name\":\"FjALA e LIR\u00cb - Arkivi\",\"url\":\"https:\\\/\\\/fjala.info\\\/2009-2015\\\/\",\"logo\":{\"@type\":\"ImageObject\",\"inLanguage\":\"sq-AL\",\"@id\":\"https:\\\/\\\/fjala.info\\\/2009-2015\\\/#\\\/schema\\\/logo\\\/image\\\/\",\"url\":\"\",\"contentUrl\":\"\",\"caption\":\"FjALA e LIR\u00cb - Arkivi\"},\"image\":{\"@id\":\"https:\\\/\\\/fjala.info\\\/2009-2015\\\/#\\\/schema\\\/logo\\\/image\\\/\"}},{\"@type\":\"Person\",\"@id\":\"https:\\\/\\\/fjala.info\\\/2009-2015\\\/#\\\/schema\\\/person\\\/3aa1163ef05469c496fc94e77611ada2\",\"name\":\"admin\",\"image\":{\"@type\":\"ImageObject\",\"inLanguage\":\"sq-AL\",\"@id\":\"https:\\\/\\\/fjala.info\\\/2009-2015\\\/wp-content\\\/uploads\\\/2012\\\/02\\\/arben_cokaj-120x150.jpg\",\"url\":\"https:\\\/\\\/fjala.info\\\/2009-2015\\\/wp-content\\\/uploads\\\/2012\\\/02\\\/arben_cokaj-120x150.jpg\",\"contentUrl\":\"https:\\\/\\\/fjala.info\\\/2009-2015\\\/wp-content\\\/uploads\\\/2012\\\/02\\\/arben_cokaj-120x150.jpg\",\"caption\":\"admin\"},\"description\":\"Admin, Fjala e Lir\u00eb\",\"sameAs\":[\"https:\\\/\\\/fjala.info\\\/\"],\"url\":\"https:\\\/\\\/fjala.info\\\/2009-2015\\\/author\\\/admin\\\/\"}]}<\/script>\n<!-- \/ Yoast SEO plugin. -->","yoast_head_json":{"title":"Nuk ka \u201cIslam t\u00eb moderuem\u201d, por ka musliman\u00eb t\u00eb moderuem - FjALA e LIR\u00cb - Arkivi","robots":{"index":"index","follow":"follow","max-snippet":"max-snippet:-1","max-image-preview":"max-image-preview:large","max-video-preview":"max-video-preview:-1"},"canonical":"https:\/\/fjala.info\/2009-2015\/nuk-ka-islam-te-moderuem-por-ka-muslimane-te-moderuem\/","og_locale":"sq_AL","og_type":"article","og_title":"Nuk ka \u201cIslam t\u00eb moderuem\u201d, por ka musliman\u00eb t\u00eb moderuem - FjALA e LIR\u00cb - Arkivi","og_description":"N\u00eb shkrimin e dat\u00ebs 07.01.2011 t\u00eb gazet\u00ebs \u201cFeithfreedom\u201d(\u201cLiria e Besimit\u201d: http:\/\/www.italian.faithfreedom.org\/comment.php?t=2309) pyetjes se nji gazetari se \u201cCili asht ndryshimi midis Islamit t\u00eb Moderuem dhe Islamit integralist n\u00eb Egjipt\u201d, nj\u00eb ishmusliman egjiptian, aktivist p\u00ebr mbrojtjen e t\u00eb Drejtave t\u00eb Njeriut, i asht p\u00ebrgjegj\u00eb: \u201cNuk mund t\u00eb ekzistoj\u00eb nj\u00eb\u201cIslam i moderuem\u201d, por ekzistojn\u00eb musliman\u00eb t\u00eb moderuem\u201d. Termi [&hellip;]","og_url":"https:\/\/fjala.info\/2009-2015\/nuk-ka-islam-te-moderuem-por-ka-muslimane-te-moderuem\/","og_site_name":"FjALA e LIR\u00cb - Arkivi","article_published_time":"2012-04-20T08:58:33+00:00","og_image":[{"url":"http:\/\/www.shkoder.net\/2012\/islami_liria_me_perce.jpg","type":"","width":"","height":""}],"author":"admin","twitter_card":"summary_large_image","twitter_misc":{"Written by":"admin","Est. reading time":"7 minutes"},"schema":{"@context":"https:\/\/schema.org","@graph":[{"@type":"Article","@id":"https:\/\/fjala.info\/2009-2015\/nuk-ka-islam-te-moderuem-por-ka-muslimane-te-moderuem\/#article","isPartOf":{"@id":"https:\/\/fjala.info\/2009-2015\/nuk-ka-islam-te-moderuem-por-ka-muslimane-te-moderuem\/"},"author":{"name":"admin","@id":"https:\/\/fjala.info\/2009-2015\/#\/schema\/person\/3aa1163ef05469c496fc94e77611ada2"},"headline":"Nuk ka \u201cIslam t\u00eb moderuem\u201d, por ka musliman\u00eb t\u00eb moderuem","datePublished":"2012-04-20T08:58:33+00:00","mainEntityOfPage":{"@id":"https:\/\/fjala.info\/2009-2015\/nuk-ka-islam-te-moderuem-por-ka-muslimane-te-moderuem\/"},"wordCount":1445,"commentCount":0,"publisher":{"@id":"https:\/\/fjala.info\/2009-2015\/#organization"},"image":{"@id":"https:\/\/fjala.info\/2009-2015\/nuk-ka-islam-te-moderuem-por-ka-muslimane-te-moderuem\/#primaryimage"},"thumbnailUrl":"http:\/\/www.shkoder.net\/2012\/islami_liria_me_perce.jpg","articleSection":["Artikuj"],"inLanguage":"sq-AL","potentialAction":[{"@type":"CommentAction","name":"Comment","target":["https:\/\/fjala.info\/2009-2015\/nuk-ka-islam-te-moderuem-por-ka-muslimane-te-moderuem\/#respond"]}]},{"@type":"WebPage","@id":"https:\/\/fjala.info\/2009-2015\/nuk-ka-islam-te-moderuem-por-ka-muslimane-te-moderuem\/","url":"https:\/\/fjala.info\/2009-2015\/nuk-ka-islam-te-moderuem-por-ka-muslimane-te-moderuem\/","name":"Nuk ka \u201cIslam t\u00eb moderuem\u201d, por ka musliman\u00eb t\u00eb moderuem - FjALA e LIR\u00cb - Arkivi","isPartOf":{"@id":"https:\/\/fjala.info\/2009-2015\/#website"},"primaryImageOfPage":{"@id":"https:\/\/fjala.info\/2009-2015\/nuk-ka-islam-te-moderuem-por-ka-muslimane-te-moderuem\/#primaryimage"},"image":{"@id":"https:\/\/fjala.info\/2009-2015\/nuk-ka-islam-te-moderuem-por-ka-muslimane-te-moderuem\/#primaryimage"},"thumbnailUrl":"http:\/\/www.shkoder.net\/2012\/islami_liria_me_perce.jpg","datePublished":"2012-04-20T08:58:33+00:00","breadcrumb":{"@id":"https:\/\/fjala.info\/2009-2015\/nuk-ka-islam-te-moderuem-por-ka-muslimane-te-moderuem\/#breadcrumb"},"inLanguage":"sq-AL","potentialAction":[{"@type":"ReadAction","target":["https:\/\/fjala.info\/2009-2015\/nuk-ka-islam-te-moderuem-por-ka-muslimane-te-moderuem\/"]}]},{"@type":"ImageObject","inLanguage":"sq-AL","@id":"https:\/\/fjala.info\/2009-2015\/nuk-ka-islam-te-moderuem-por-ka-muslimane-te-moderuem\/#primaryimage","url":"http:\/\/www.shkoder.net\/2012\/islami_liria_me_perce.jpg","contentUrl":"http:\/\/www.shkoder.net\/2012\/islami_liria_me_perce.jpg"},{"@type":"BreadcrumbList","@id":"https:\/\/fjala.info\/2009-2015\/nuk-ka-islam-te-moderuem-por-ka-muslimane-te-moderuem\/#breadcrumb","itemListElement":[{"@type":"ListItem","position":1,"name":"Home","item":"https:\/\/fjala.info\/2009-2015\/"},{"@type":"ListItem","position":2,"name":"Nuk ka \u201cIslam t\u00eb moderuem\u201d, por ka musliman\u00eb t\u00eb moderuem"}]},{"@type":"WebSite","@id":"https:\/\/fjala.info\/2009-2015\/#website","url":"https:\/\/fjala.info\/2009-2015\/","name":"FjALA e LIR\u00cb - Arkivi","description":"Arkivi 2009-2015","publisher":{"@id":"https:\/\/fjala.info\/2009-2015\/#organization"},"potentialAction":[{"@type":"SearchAction","target":{"@type":"EntryPoint","urlTemplate":"https:\/\/fjala.info\/2009-2015\/?s={search_term_string}"},"query-input":{"@type":"PropertyValueSpecification","valueRequired":true,"valueName":"search_term_string"}}],"inLanguage":"sq-AL"},{"@type":"Organization","@id":"https:\/\/fjala.info\/2009-2015\/#organization","name":"FjALA e LIR\u00cb - Arkivi","url":"https:\/\/fjala.info\/2009-2015\/","logo":{"@type":"ImageObject","inLanguage":"sq-AL","@id":"https:\/\/fjala.info\/2009-2015\/#\/schema\/logo\/image\/","url":"","contentUrl":"","caption":"FjALA e LIR\u00cb - Arkivi"},"image":{"@id":"https:\/\/fjala.info\/2009-2015\/#\/schema\/logo\/image\/"}},{"@type":"Person","@id":"https:\/\/fjala.info\/2009-2015\/#\/schema\/person\/3aa1163ef05469c496fc94e77611ada2","name":"admin","image":{"@type":"ImageObject","inLanguage":"sq-AL","@id":"https:\/\/fjala.info\/2009-2015\/wp-content\/uploads\/2012\/02\/arben_cokaj-120x150.jpg","url":"https:\/\/fjala.info\/2009-2015\/wp-content\/uploads\/2012\/02\/arben_cokaj-120x150.jpg","contentUrl":"https:\/\/fjala.info\/2009-2015\/wp-content\/uploads\/2012\/02\/arben_cokaj-120x150.jpg","caption":"admin"},"description":"Admin, Fjala e Lir\u00eb","sameAs":["https:\/\/fjala.info\/"],"url":"https:\/\/fjala.info\/2009-2015\/author\/admin\/"}]}},"_links":{"self":[{"href":"https:\/\/fjala.info\/2009-2015\/wp-json\/wp\/v2\/posts\/2590","targetHints":{"allow":["GET"]}}],"collection":[{"href":"https:\/\/fjala.info\/2009-2015\/wp-json\/wp\/v2\/posts"}],"about":[{"href":"https:\/\/fjala.info\/2009-2015\/wp-json\/wp\/v2\/types\/post"}],"author":[{"embeddable":true,"href":"https:\/\/fjala.info\/2009-2015\/wp-json\/wp\/v2\/users\/1"}],"replies":[{"embeddable":true,"href":"https:\/\/fjala.info\/2009-2015\/wp-json\/wp\/v2\/comments?post=2590"}],"version-history":[{"count":0,"href":"https:\/\/fjala.info\/2009-2015\/wp-json\/wp\/v2\/posts\/2590\/revisions"}],"wp:attachment":[{"href":"https:\/\/fjala.info\/2009-2015\/wp-json\/wp\/v2\/media?parent=2590"}],"wp:term":[{"taxonomy":"category","embeddable":true,"href":"https:\/\/fjala.info\/2009-2015\/wp-json\/wp\/v2\/categories?post=2590"},{"taxonomy":"post_tag","embeddable":true,"href":"https:\/\/fjala.info\/2009-2015\/wp-json\/wp\/v2\/tags?post=2590"}],"curies":[{"name":"wp","href":"https:\/\/api.w.org\/{rel}","templated":true}]}}