{"id":2576,"date":"2010-05-12T08:49:50","date_gmt":"2010-05-12T07:49:50","guid":{"rendered":"http:\/\/fjala.shkoder.net\/?p=2576"},"modified":"2010-05-12T08:49:50","modified_gmt":"2010-05-12T07:49:50","slug":"ne-dime-ta-zgjidhim-edhe-ndryshe","status":"publish","type":"post","link":"https:\/\/fjala.info\/2009-2015\/ne-dime-ta-zgjidhim-edhe-ndryshe\/","title":{"rendered":"&#8216;Ne dim\u00eb ta zgjidhim edhe ndryshe&#8230;&#8217;"},"content":{"rendered":"<p><strong>ELONA DEMOLLARI<\/strong>, <em>11.05.2010<\/em><\/p>\n<p><strong>REPORTAZH BRENDA \u00c7ADRAVE <\/strong><\/p>\n<p><strong><em>Me grevist\u00ebt e uris\u00eb. Distanca mes &#8220;linj\u00ebs s\u00eb but\u00eb&#8221; t\u00eb PS dhe zem\u00ebrimit q\u00eb vlon n\u00eb \u00e7adra <\/em><\/strong><\/p>\n<p>P\u00ebr t\u00eb hyr\u00eb brenda \u00e7adrave t\u00eb grev\u00ebs s\u00eb uris\u00eb nuk \u00ebsht\u00eb e leht\u00eb. Nuk \u00ebsht\u00eb e leht\u00eb as t\u00eb q\u00ebndrosh, por k\u00ebsaj historie do t&#8217;i rikthehemi n\u00eb fund. N\u00eb fillim duhet marr\u00eb leje nga organizator\u00ebt e grev\u00ebs, ose nga drejtues t\u00eb lart\u00eb t\u00eb PS-s\u00eb. Leja jepet me zor dhe arsyet jan\u00eb t\u00eb kuptueshme. Pak minuta brenda \u00e7adr\u00ebs dhe kupton q\u00eb edhe pamja e nj\u00eb njeriu q\u00eb vjen nga jasht\u00eb i ngr\u00ebn\u00eb dhe i rehatuar, i nervozon grevist\u00ebt.<\/p>\n<p>Jemi brenda \u00e7adrave, n\u00eb dit\u00ebn e n\u00ebnt\u00eb t\u00eb sakrific\u00ebs s\u00eb k\u00ebtyre burrave dhe grave, q\u00eb i kemi kaq af\u00ebr dhe kaq larg nj\u00ebkoh\u00ebsisht. N\u00eb hyrje, nj\u00eb kontroll i im\u00ebt, i rrobave, \u00e7antave, deri n\u00eb flet\u00ebt e bllokut t\u00eb sh\u00ebnimeve. Asnj\u00eb karamele apo \u00e7am\u00e7ak\u00ebz, qoft\u00eb edhe duke e p\u00ebrtypur. Kontrolloret femra kan\u00eb fytyra t\u00eb ashpra dhe t\u00eb bezdisura. Ambulanca sapo ka marr\u00eb nj\u00eb tjet\u00ebr grevist. Ai del n\u00eb barel\u00eb me sy mbyllur dhe krah\u00eb t\u00eb varur. Brenda shp\u00ebrthejn\u00eb duartrokitjet.<br \/>\nHyjm\u00eb brenda \u00e7adr\u00ebs me nj\u00eb tuf\u00eb lule n\u00eb duar. T\u00eb gjith\u00eb na shigjetojn\u00eb me shikime. \u00cbsht\u00eb koh\u00eb dreke, ora 12:00. U thon\u00eb se jemi gazetar\u00eb. N\u00eb fillim rrin\u00eb t\u00eb stepur. Disa i mbajn\u00eb syt\u00eb mbyllur, nuk l\u00ebvizin. T\u00eb tjer\u00ebt na hedhin shikime kurioze. Kur i pyet se si jan\u00eb, &#8211; thon\u00eb se jan\u00eb t\u00eb fort\u00eb dhe se kan\u00eb fuqi t\u00eb rrin\u00eb &#8220;edhe 10 dit\u00eb&#8230; edhe nj\u00eb muaj akoma&#8230;&#8221;<br \/>\nBisedat e para jan\u00eb t\u00eb ndrojtura dhe formale. Por, pas disa or\u00ebsh q\u00ebndrimi, gj\u00ebja e par\u00eb q\u00eb kupton \u00ebsht\u00eb zem\u00ebrimi. &#8220;Eh, po nuk merr vesh k\u00ebshtu ky o jooo&#8230; E dim\u00eb ne se si e do ky, por nuk kemi \u00e7&#8217;t&#8217;u b\u00ebjm\u00eb k\u00ebtyre&#8221;&#8230; Dhe tregojn\u00eb me kok\u00eb nga deputeti i qarkut: &#8220;Na k\u00ebshillojn\u00eb t\u00eb jemi sa m\u00eb t\u00eb qet\u00eb&#8230;&#8221;.<br \/>\nJasht\u00eb orator\u00ebt flasin dhe p\u00ebrsh\u00ebndesin grevist\u00ebt, b\u00ebjn\u00eb thirrje p\u00ebr transparenc\u00eb dhe mjete demokratike, por brenda q\u00ebndrimi \u00ebsht\u00eb shum\u00eb m\u00eb i ashp\u00ebr.<br \/>\nShprehen n\u00eb m\u00ebnyra nga m\u00eb t\u00eb ndryshmet, por thuajse t\u00eb gjith\u00eb grevist\u00ebt jo-deputet\u00eb nuk jan\u00eb p\u00ebr linj\u00ebn e but\u00eb t\u00eb pritjes s\u00eb reagimit qeveritar q\u00eb kumtohet jasht\u00eb nga drejtues politik\u00eb t\u00eb opozit\u00ebs. Ka edhe nga ata m\u00eb radikal\u00ebt&#8230; Pllakat e ftohta akull t\u00eb bulevardit nat\u00ebn, uria dhe indiferenca e godin\u00ebs p\u00ebrball\u00eb, kan\u00eb b\u00ebr\u00eb t\u00eb vet\u00ebn: &#8220;&#8230;Nuk m\u00eb l\u00eb njeri, se jam gati t\u00eb marr bomb\u00ebn n\u00eb kurriz e t&#8217;i dal\u00eb p\u00ebrpara&#8230; Kjo \u00ebsht\u00eb m\u00eb keq se nazizmi&#8230;&#8221;.<\/p>\n<p style=\"text-align: center;\">***<\/p>\n<p>Nj\u00eb ish-zyrtar policie (pjesa m\u00eb e madhe e grevist\u00ebve, para titullit t\u00eb profesionit kan\u00eb nj\u00eb (ish) &#8211; jan\u00eb flakur nga puna p\u00ebr arsye politike), na bashkohet p\u00ebr t\u00eb folur. T\u00eb tjer\u00ebt i th\u00ebrrasin &#8220;komandant&#8221;:<br \/>\n&#8220;&#8230; H\u00eb komandat, se ti i di k\u00ebto pun\u00eb si zgjidhen. Na udh\u00ebzo&#8230;&#8221;<br \/>\nAi p\u00ebrgjigjet: &#8220;E di, e di&#8230;&#8221;, dhe b\u00ebn nj\u00eb shenj\u00eb me duar. &#8220;&#8230;Vet\u00ebm me k\u00ebt\u00eb ik\u00ebn ai, po \u00e7&#8217;t&#8217;u b\u00ebj k\u00ebtyre&#8230;&#8221;. V\u00ebshtrimet jan\u00eb prap\u00eb nga deputet\u00ebt.<br \/>\n&#8220;&#8230;Kjo alternativa e hapjes s\u00eb materialeve zgjedhore \u00ebsht\u00eb kot&#8230; Do futet n\u00eb loj\u00eb Ministria e Brendshme, pra p\u00ebrs\u00ebri do manipulohet. Jo or jo, ne duam t\u00eb num\u00ebrohen flet\u00ebt e votimit, ndryshe kot sa rrim\u00eb k\u00ebtu brenda. N\u00ebse pranohet alternativa e hapjes vet\u00ebm t\u00eb materialeve zgjedhore, gjith\u00eb mundi yn\u00eb ka qen\u00eb i kot\u00eb, sakrific\u00eb e kot\u00eb, nuk e pranojm\u00eb k\u00ebt\u00eb alternativ\u00eb n\u00eb asnj\u00eb lloj m\u00ebnyre&#8221;.<br \/>\nAta jan\u00eb shum\u00eb t\u00eb v\u00ebmendsh\u00ebm ndaj mediave. Lexojn\u00eb pothuajse \u00e7do gazet\u00eb dhe ndjekin \u00e7do edicion informativ. Heshtin t\u00eb gjith\u00eb dhe v\u00ebmendja \u00ebsht\u00eb maksimale kur d\u00ebgjohen lajmet p\u00ebr sh\u00ebndetin e grevist\u00ebve q\u00eb l\u00ebn\u00eb grev\u00ebn dhe transportohen me urgjenc\u00eb drejt spitalit.<br \/>\nKujtojn\u00eb gjendjen e djalit nga Vlora, Romeo Sinaj. Ai u b\u00eb m\u00eb keq nga t\u00eb gjith\u00eb. K\u00ebt\u00eb na e tregon Bledi, shoku i Romeos, q\u00eb e kishte pasur shtratin, n\u00eb krah t\u00eb tij. Kur e kan\u00eb par\u00eb Romeon n\u00eb at\u00eb gjendje \u00ebsht\u00eb k\u00ebrkuar me urgjenc\u00eb barela. Mjek\u00ebt ishin jasht\u00eb. Nga ankthi dhe shqet\u00ebsimi Bledit i \u00ebsht\u00eb dukur madje se mjeku q\u00eb po afrohej, ecte shum\u00eb ngadal\u00eb. Ka pasur nj\u00eb incident madje mes tij dhe mjekut. Tensioni dhe uria b\u00ebjn\u00eb t\u00eb vet\u00ebn.<br \/>\nPo ta pyes\u00ebsh Bledin se si e mendon q\u00eb do vej\u00eb kjo pun\u00eb, ai i bashkohet mendimit t\u00eb t\u00eb tjer\u00ebve. &#8220;Ne vlonjat\u00ebt dim\u00eb ta zgjidhim ndryshe k\u00ebt\u00eb \u00e7\u00ebshtje&#8230;&#8221;. Por nuk i lejojn\u00eb &#8220;t\u00eb b\u00ebjn\u00eb sipas kok\u00ebs&#8221;.<br \/>\n&#8220;K\u00ebshtu si po shkon kemi p\u00ebr t\u00eb ndenjur gjat\u00eb m\u00eb duket. Ky del e tallet, as do t&#8217;ia dij\u00eb fare&#8230; Nuk ik\u00ebn ky k\u00ebshtu&#8230; &#8211; shton Luani, nj\u00eb ish-arsimtar nga Peza.<\/p>\n<p style=\"text-align: center;\">***<\/p>\n<p><strong>N\u00eb \u00e7adr\u00ebn e grave, aty ku uria nuk e mund dot mir\u00ebsin\u00eb<\/strong><\/p>\n<p>&#8220;Ju ua kaloni shum\u00eb burrave n\u00eb Shqip\u00ebri e kudo n\u00eb bot\u00eb, krenohuni p\u00ebr k\u00ebt\u00eb! Jeni heroinat tona&#8221;. K\u00ebto jan\u00eb disa nga fjal\u00ebt q\u00eb shkruhen n\u00eb nj\u00eb let\u00ebr t\u00eb ngjitur n\u00eb nj\u00ebr\u00ebn nga plastmaset e \u00e7adr\u00ebs s\u00eb grave. Aty lulet ishin t\u00eb panum\u00ebrta. Kur shihje Sheg\u00ebn, Olt\u00ebn, Flor\u00ebn, Ermonel\u00ebn, Ledin, Elis\u00ebn, Anil\u00ebn dhe Moz\u00ebn, prekeshe. Edhe pse kishin 9 dit\u00eb n\u00eb grev\u00eb, kujdeseshin me sa mundnin t\u00eb ishin me flok\u00eb t\u00eb krehur, t\u00eb veshura bukur. Uria nuk kishte mundur dot t&#8217;ua hiqte buz\u00ebqeshjen dhe mir\u00ebsin\u00eb nga fytyra. Dhe pse t\u00eb lodhura, nuk p\u00ebrtonin t\u00eb t\u00eb jepnin nj\u00eb buz\u00ebqeshje t\u00eb ngroht\u00eb dhe t\u00eb t\u00eb transmetonin pak nga ai shpirti i sakrific\u00ebs brenda tyre. Nj\u00eb lloj energjie q\u00eb nuk e gjen kurrkund tjet\u00ebr.<br \/>\nI ndihmova t\u00eb b\u00ebheshin gati p\u00ebr p\u00ebrballjen me popullin n\u00eb mitingun e madh t\u00eb dat\u00ebs 9 maj. Bisedojn\u00eb me mua dhe nj\u00ebra-tjetr\u00ebn: &#8220;&#8230; Mos e nxirr k\u00ebt\u00eb q\u00eb ne krehim flok\u00ebt &#8211; thot\u00eb nj\u00ebra&#8230;&#8221; &#8211; &#8220;Jo, jo, ta nxjerr\u00eb &#8211; askush nuk mund t\u00eb na quaj\u00eb ne t\u00eb pista, si\u00e7 na kan\u00eb quajtur. Ne jemi gra zonja edhe k\u00ebtu ku jemi, jemi t\u00eb pastra drit\u00eb, t\u00eb rrethuara nga lulet, nga dashuria&#8230;&#8221;<br \/>\nJan\u00eb v\u00ebrtet t\u00eb admirueshme. Ambienti, \u00ebsht\u00eb i mbushur me lule, aroma e t\u00eb cilave mbush mushk\u00ebrit\u00eb tona dhe t\u00ebrheqin fluturat dhe zogjt\u00eb. Nd\u00ebrsa jemi duke biseduar nj\u00eb flutur e madhe hyn brenda dhe kalon thuajse n\u00eb krevatin e gjithsecil\u00ebs. E mor\u00ebm p\u00ebr mbar\u00ebsi dhe lajm-sjell\u00ebs t\u00eb mir\u00eb. Mesazhe t\u00eb shumt\u00eb u vijn\u00eb vazhdimisht n\u00eb telefon. U qeshet fytyra. Shega na tregon se kur flet me djalin e saj 10-vje\u00e7ar, i thot\u00eb se tani \u00ebsht\u00eb m\u00ebsuar pa t\u00eb n\u00eb sht\u00ebpi, por ndien nj\u00eb dashuri t\u00eb madhe n\u00eb zem\u00ebr. Ledi, nd\u00ebrkoh\u00eb, lexon nj\u00eb lib\u00ebr p\u00ebr f\u00ebmij\u00eb &#8220;\u00c7am\u00e7ak\u00ebzi&#8221;. E pyes me shaka n\u00ebse \u00ebsht\u00eb ribotim p\u00ebr t\u00eb rritur ai lib\u00ebr, pasi un\u00eb e kam lexuar kur kam qen\u00eb f\u00ebmij\u00eb fare dhe m\u00eb thot\u00eb se e lexon, sepse \u00e7do nat\u00eb ua lexonte vajzave n\u00eb mbr\u00ebmje, para se t&#8217;i vinte n\u00eb gjum\u00eb. K\u00ebshtu i duket se i ka m\u00eb pran\u00eb&#8230;<br \/>\nElis\u00ebs her\u00eb pas here i vijn\u00eb lule nga jasht\u00eb dhe student\u00eb t\u00eb ndrysh\u00ebm k\u00ebrkojn\u00eb ta takojn\u00eb. Dita q\u00eb ne ishim brenda ishte dita e protest\u00ebs s\u00eb qytetit t\u00eb Kor\u00e7\u00ebs dhe pati nj\u00eb moment kur protestuesit k\u00ebrkuan t\u00eb takonin Olt\u00ebn, deputeten e qarkut t\u00eb tyre. Olta nuk ishte mir\u00eb, por nuk kishte forc\u00eb ta mbante n\u00eb shtrat. U ngrit p\u00ebr t&#8217;i respektuar, nd\u00ebrkoh\u00eb q\u00eb njer\u00ebzit jasht\u00eb nuk pushonin s\u00eb thirruri emrin e saj. Olta u kap\u00ebrdi, por nuk mundi t&#8217;i mbante m\u00eb lot\u00ebt. As t\u00eb tjerat aty pran\u00eb saj, nuk mund\u00ebn&#8230;<br \/>\nErmonela, (krevatin tim e kisha p\u00ebrball\u00eb me t\u00eb) her\u00eb pas here m\u00eb buz\u00ebqeshte. Anila, nj\u00eb p\u00ebrkrah\u00ebse e Partis\u00eb Socialiste nga Elbasani ndihej e k\u00ebputur. I b\u00ebj nj\u00eb masazh p\u00ebr ta \u00e7lodhur. Flora nga Gjirokastra, \u00ebsht\u00eb m\u00eb gazmorja. Edhe pse ka r\u00ebn\u00eb n\u00eb pesh\u00eb, nuk \u00ebsht\u00eb e shqet\u00ebsuar. B\u00ebn shaka dhe thot\u00eb se i duhet t\u00eb bjer\u00eb edhe ca kile t\u00eb tjera, p\u00ebr t\u00eb arritur pesh\u00ebn ideale. Dhe k\u00ebt\u00eb e thot\u00eb me nj\u00eb buz\u00ebqeshje n\u00eb fytyr\u00eb.<br \/>\nNd\u00ebrsa Moza, mjekja q\u00eb i ka b\u00ebr\u00eb dy letra t\u00eb hapura n\u00eb &#8220;Shekulli&#8221;, kryeministrit Berisha p\u00ebr pron\u00ebn e saj t\u00eb mohuar, para se t\u00eb flem\u00eb, m\u00eb afrohet dhe m\u00eb tregon p\u00ebr jet\u00ebn n\u00eb Gjermani dhe p\u00ebr sorollatjet e pafundme n\u00eb Shqip\u00ebri.<br \/>\nU ndava me ato gra e vajza kurajoze rreth or\u00ebs 12 t\u00eb dit\u00ebs tjet\u00ebr. Kisha kaluar nat\u00ebn aty, dhe kisha marr\u00eb prej tyre shpres\u00eb dhe kuraj\u00eb t\u00eb atill\u00eb q\u00eb nuk e kam provuar kurr\u00eb m\u00eb par\u00eb.<\/p>\n<p><strong>Stafi i Marr\u00ebdh\u00ebnieve me Publikun, pika m\u00eb e dob\u00ebt e Ram\u00ebs<\/strong><\/p>\n<p>Si p\u00ebr t\u00eb prishur gjith\u00e7ka n\u00eb fund, m\u00eb vjen af\u00ebr nj\u00eb vajz\u00eb me pamje dhe sjellje vulgare. &#8220;Hajde jasht\u00eb se shum\u00eb ju kemi duru&#8230;&#8221;. (!) Z\u00ebrin e kishte t\u00eb fort\u00eb dhe fytyr\u00ebn t\u00eb fresk\u00ebt. Dukej q\u00eb kishte fjetur mir\u00eb n\u00eb shtrat t\u00eb ngroht\u00eb sht\u00ebpie.<br \/>\nS&#8217;e mora vesh \u00e7far\u00eb kishte sakt\u00ebsisht vajza, por m\u00eb von\u00eb m\u00ebsuam se ishte nj\u00eb an\u00ebtare e stafit t\u00eb Marr\u00ebdh\u00ebnieve me Publikun.<br \/>\nShpesh e kam pyetur veten dhe koleg\u00ebt gazetar\u00eb pse ky staf i Ram\u00ebs, dhe pse gjat\u00eb k\u00ebtyre dit\u00ebve t\u00eb v\u00ebshtira qeveria &#8211; q\u00eb n\u00eb fund t\u00eb fundit \u00ebsht\u00eb e zhytur e t\u00ebra n\u00eb llum &#8211; arrin t\u00eb prodhoj\u00eb p\u00ebrdit\u00eb &#8220;letra artist\u00ebsh&#8221;, &#8220;mitingje student\u00ebsh&#8221; etj., etj., kurse ky staf i propagand\u00ebs s\u00eb opozit\u00ebs nuk merret vesh n\u00eb ekziston. Kur pash\u00eb at\u00eb torollaken q\u00eb ul\u00ebrinte, e mora nj\u00eb pjes\u00eb t\u00eb p\u00ebrgjigjes.<\/p>\n<p style=\"text-align: center;\">***<\/p>\n<p><strong>LUAN RROSHI<\/strong>, ISH-ARSIMTAR-PEZ\u00cb:<\/p>\n<p>&#8220;<strong>Nd\u00ebrkomb\u00ebtar\u00ebt e kan\u00eb marr\u00eb leht\u00eb k\u00ebt\u00eb pun\u00eb<\/strong>&#8221;<\/p>\n<p><em>Luan, pse vendos\u00ebt t\u00eb futeshit n\u00eb grev\u00eb?<br \/>\n<\/em>Jam futur, sepse besoj q\u00eb kjo nuk \u00ebsht\u00eb vet\u00ebm \u00e7\u00ebshtje e elektoratit t\u00eb PS-s\u00eb. Jemi futur p\u00ebr transparenc\u00eb t\u00eb plot\u00eb t\u00eb zgjedhjeve n\u00eb Shqip\u00ebri. Po b\u00ebhen dy dekada, q\u00eb nga &#8217;90-ta dhe deri n\u00eb 2010, q\u00eb ka vet\u00ebm vjedhje votash. Flas p\u00ebr transparenc\u00ebn e votave, nd\u00ebrsa p\u00ebr drejtimin e qeveris\u00eb kjo mund t\u00eb jet\u00eb nj\u00eb nga qeverit\u00eb m\u00eb t\u00eb k\u00ebqija q\u00eb ka njohur historia. As qeverit\u00eb e huaja nuk kan\u00eb b\u00ebr\u00eb kaq d\u00ebme n\u00eb Shqip\u00ebri.<br \/>\nJasht\u00eb flitet q\u00eb jeni detyruar&#8230;<br \/>\nNjer\u00ebz q\u00eb nxjerrin k\u00ebto fjal\u00eb, p\u00ebr mua, shqeto fare, nuk besoj q\u00eb kan\u00eb n\u00eb deje gjak shqiptari. Nuk kan\u00eb gjak njeriu, besoj&#8230;<br \/>\n<em>\u00c7far\u00eb njer\u00ebzish keni l\u00ebn\u00eb n\u00eb sht\u00ebpi?<\/em><br \/>\nKam l\u00ebn\u00eb motr\u00ebn dhe n\u00ebn\u00ebn dhe jan\u00eb shum\u00eb t\u00eb shqet\u00ebsuara. T\u00eb shqet\u00ebsuar jan\u00eb edhe gjith\u00eb rrethi shoq\u00ebror. Kan\u00eb ardhur t\u00eb na shikojn\u00eb duke na p\u00ebrsh\u00ebndetur nga jasht\u00eb. Ju si gazetare e keni par\u00eb dhe vet\u00eb q\u00eb mund\u00ebsit\u00eb e takimit nuk i kemi. Kjo, p\u00ebr mendimin tim \u00ebsht\u00eb nj\u00eb grev\u00eb super ekstreme. Ne duam q\u00eb t\u00eb jet\u00eb e till\u00eb se e dim\u00eb si jan\u00eb b\u00ebr\u00eb grevat e dikurshme k\u00ebtu. Vet\u00ebm me uj\u00eb dhe n\u00eb fund as ujin nuk do ta pranojm\u00eb m\u00eb. \u00cbsht\u00eb mendimi im dhe i gjith\u00eb shok\u00ebve t\u00eb grupit tim q\u00eb jemi nga qarku i Tiran\u00ebs.<\/p>\n<p><em>Si mendon, pse ka kaq shum\u00eb njer\u00ebz n\u00eb mitingjet e protest\u00ebs?<\/em><br \/>\nNjer\u00ebzit kan\u00eb qen\u00eb aty se u kan\u00eb b\u00ebr\u00eb presione, u heqin rrog\u00ebn apo buk\u00ebn e f\u00ebmij\u00ebve, duke i l\u00ebn\u00eb n\u00eb m\u00ebshir\u00eb t\u00eb fatit. Kjo \u00ebsht\u00eb ekstremitet. Berish\u00ebn populli shqiptar e njeh fare mir\u00eb. Ai do p\u00ebrdori \u00e7far\u00ebdo lloj m\u00ebnyre, ne e kemi par\u00eb edhe n\u00eb &#8217;97-\u00ebn q\u00eb Shqip\u00ebris\u00eb i kishte r\u00ebn\u00eb flaka, nd\u00ebrsa ky vazhdonte t\u00eb rizgjidhte veten president. E ka zakon q\u00eb krihet kur vendi digjet. Tani merr gra dhe f\u00ebmij\u00eb shkollash i nxjerr n\u00ebp\u00ebr antimitingje. K\u00ebtu jemi fashiz\u00ebm. Sot \u00ebsht\u00eb 9 maji, fitorja mbi fashizmin. K\u00ebta i g\u00ebnjen mendja&#8230; Sado t\u00eb vonoj\u00eb, populli kurr\u00eb nuk mund ta duroj\u00eb nj\u00eb zgjedh\u00eb, aq m\u00eb pak nj\u00eb zgjedh\u00eb nga Berisha q\u00eb \u00ebsht\u00eb Nastradini m\u00eb i madh i galaktik\u00ebs.<br \/>\nDalin dhe m\u00ebsuesit me ta se ndryshe e p\u00ebsojn\u00eb si un\u00eb, i heqin nga puna. M\u00eb \u00ebsht\u00eb ofruar vendi i pun\u00ebs n\u00eb k\u00ebmbim t\u00eb vot\u00ebs, po kurr\u00eb n\u00eb bot\u00eb nuk mund ta tradhtoj shpirtin tim, jo me nj\u00eb vend pune, por edhe me pasurin\u00eb e t\u00ebr\u00eb bot\u00ebs. Q\u00eb t\u00eb imponosh tjetrin t\u00eb tradhtoj\u00eb shpirtin, kjo \u00ebsht\u00eb kaluar fashizmit.<\/p>\n<p><em>Po p\u00ebr q\u00ebndrimin e nd\u00ebrkomb\u00ebtar\u00ebve, \u00e7far\u00eb mendoni?<\/em><br \/>\nInstitucionet nd\u00ebrkomb\u00ebtare deri tani e kan\u00eb marr\u00eb k\u00ebt\u00eb pun\u00eb si di\u00e7ka t\u00eb leht\u00eb. Apo mund ta paragjykojn\u00eb si nj\u00eb fushat\u00eb t\u00eb nj\u00eb partie politike p\u00ebr t\u00eb ardhur n\u00eb pushtet. E kan\u00eb shum\u00eb gabim. Ne k\u00ebtu jemi t\u00eb vendosur t&#8217;i shkojm\u00eb k\u00ebsaj \u00e7\u00ebshtje deri n\u00eb fund.<\/p>\n<p style=\"text-align: center;\">***<\/p>\n<p><strong>RAKIP TOSKU<\/strong> &#8211; RROGOZHIN\u00cb:<\/p>\n<p>&#8220;<strong>Kthim prapa nuk ka, i japim kuraj\u00eb nj\u00ebri-tjetrit<\/strong>&#8221;<\/p>\n<p><em>Rakip, n\u00eb dit\u00ebn e 9-t\u00eb t\u00eb grev\u00ebs, si ndiheni?<\/em><br \/>\nKemi pas dhimbje koke, dhimbje trupi, dhimbje k\u00ebmb\u00ebsh. Por, morali \u00ebsht\u00eb shum\u00eb i lart\u00eb. Ne jemi shum\u00eb t\u00eb qart\u00eb, pa transparenc\u00ebn e votave, ne jemi t\u00eb vendosur se gj\u00ebrat do t\u00eb shkojn\u00eb deri n\u00eb vdekje. Kthim mbrapa nuk ka, edhe me shok\u00ebt flasim, i japim kuraj\u00eb nj\u00ebri-tjetrit. Protestuesit nga jasht\u00eb na japin nj\u00eb forc\u00eb t\u00eb madhe. Jan\u00eb vjedhur votat. Boll m\u00eb. T\u00eb ndahemi nga kjo gj\u00eb q\u00eb ka mbajtur peng shqiptar\u00ebt k\u00ebtu e 20 vjet. Askush nuk duhet t\u00eb guxoj\u00eb t\u00eb m\u00eb prek\u00eb vot\u00ebn. Gjithsecili t\u00eb ndihet i lir\u00eb p\u00ebr at\u00eb q\u00eb d\u00ebshiron, p\u00ebr at\u00eb mendon, t\u00eb ushqehet me djers\u00ebn e vet.<\/p>\n<p><em>\u00c7far\u00eb mesazhi ju jepni atyre njer\u00ebzve q\u00eb do donin t\u00eb protestonin si ju, por p\u00ebr shkak t\u00eb rrethanave, nuk munden?<\/em><br \/>\nUn\u00eb iu jap nj\u00eb mesazh t\u00eb fort\u00eb gjith\u00eb popullit opozitar: nga Saranda, Tropoja, Kor\u00e7a, Gjirokastra. I b\u00ebj thirrje popullit t\u00eb Rrogozhin\u00ebs, t\u00eb protestoj\u00eb me gjith\u00eb forc\u00ebn e shpirtit. T\u00eb dalin q\u00eb ta shporrim p\u00ebrfundimisht k\u00ebt\u00eb lloj qeverisje q\u00eb na p\u00ebr\u00e7au e na la pa pun\u00eb, q\u00eb na vjedh dhe tallet. T\u00eb ndahemi p\u00ebrfundimisht nga kjo maskarad\u00eb. Vajti 20 vjet kjo pun\u00eb k\u00ebshtu, boll m\u00eb!<\/p>\n<p><strong>KLODIANA SPAHIU<\/strong>:<\/p>\n<p>&#8220;<strong>Ata q\u00eb firmosin peticione, t\u00eb vijn\u00eb t\u00eb na takojn\u00eb<\/strong>&#8221;<\/p>\n<p><em>Klodi, ju keni hyr\u00eb k\u00ebtu fillimisht si greviste, p\u00ebr shkak t\u00eb gjendjes suaj sh\u00ebndet\u00ebsore t\u00eb r\u00ebnduar, ju desh t\u00eb hiqnit dor\u00eb dhe tani jeni k\u00ebtu si mjeke. Pak m\u00eb par\u00eb nj\u00ebri nga grevist\u00ebt q\u00eb un\u00eb intervistova tha se ne do heqim dhe ujin, pra nuk do konsumojm\u00eb m\u00eb as uj\u00eb, si e mendoni k\u00ebt\u00eb mas\u00eb?<\/em><br \/>\nKjo do t\u00eb jet\u00eb katastrof\u00eb&#8230; Sepse e dim\u00eb q\u00eb organizmi, t\u00eb pakt\u00ebn n\u00eb k\u00ebto kushte t\u00eb nxehta, n\u00eb temperatur\u00ebn e lart\u00eb do t\u00eb reagonte shum\u00eb keq. Ne p\u00ebrpiqemi n\u00eb \u00e7do moment, u q\u00ebndrojm\u00eb pran\u00eb, duke i detyruar q\u00eb t\u00eb marrin at\u00eb sasi uji q\u00eb \u00ebsht\u00eb e domosdoshme dhe nj\u00eb sasi t\u00eb vog\u00ebl glukoze, e cila \u00ebsht\u00eb e domosdoshme p\u00ebr t\u00eb marr\u00eb kalorit\u00eb minimale. Por, un\u00eb si mjeke nuk do t&#8217;ia lejoja dhe nuk do t&#8217;ia rekomandoja kurr\u00eb p\u00ebr t\u00eb b\u00ebr\u00eb nj\u00eb gj\u00eb t\u00eb till\u00eb.., T\u00eb shpresojm\u00eb se do sensibilizohet tashm\u00eb nj\u00eb her\u00eb e mir\u00eb qeveria dhe ta kuptojn\u00eb q\u00eb jan\u00eb t\u00eb vendosur t\u00eb gjith\u00eb.<\/p>\n<p>Ne ishim k\u00ebtu 24 or\u00eb me ju dhe e pam\u00eb q\u00eb \u00ebsht\u00eb nj\u00eb grev\u00eb tejet e rrept\u00eb e megjithat\u00eb ka njer\u00ebz jasht\u00eb q\u00eb nuk arrijn\u00eb ta besojn\u00eb q\u00eb grevist\u00ebt nuk fusin asgj\u00eb n\u00eb goj\u00eb. Ju keni qen\u00eb q\u00eb nga dita e par\u00eb k\u00ebtu&#8230;<br \/>\nK\u00ebtu nuk konsumohet gj\u00eb. Edhe uji q\u00eb u jepet grevist\u00ebve, u jepet me zor nga ne mjek\u00ebt, stafi mjek\u00ebsor. Jemi t\u00eb detyruar q\u00eb n\u00eb \u00e7do moment t&#8217;ia p\u00ebrs\u00ebrisim se duhet ta marrin. Un\u00eb jam shum\u00eb e indinjuar kur lexoj n\u00eb ato titrat q\u00eb p\u00ebrdoret sallam, a p\u00ebrdoret ushqim. \u00cbsht\u00eb turp i madh i k\u00ebtyre q\u00eb i shkruajn\u00eb k\u00ebto fjal\u00eb. \u00cbsht\u00eb ciniz\u00ebm, \u00ebsht\u00eb antinjer\u00ebzore, \u00ebsht\u00eb nj\u00eb skandal. Do t\u00eb mbeten gjith\u00eb jet\u00ebn me damk\u00eb. K\u00ebtu jan\u00eb qindra sy, jan\u00eb qindra d\u00ebshmitar\u00eb. Un\u00eb jam shum\u00eb e indinjuar me k\u00ebto, por ato jan\u00eb pak dhe nuk kan\u00eb zem\u00ebr. Shpresoj t&#8217;u r\u00ebndojn\u00eb gjith\u00eb jet\u00ebn k\u00ebto fjal\u00eb n\u00eb shpirt. Do vij\u00eb nj\u00eb moment q\u00eb do t&#8217;u p\u00ebrplasen n\u00eb fytyr\u00eb k\u00ebto lloj posht\u00ebrsish q\u00eb jan\u00eb duke b\u00ebr\u00eb.<\/p>\n<p><em>Sot n\u00eb m\u00ebngjes nj\u00eb pjes\u00eb e madhe me mediave e kishin botuar nj\u00eb let\u00ebr t\u00eb firmosur nga disa artist\u00eb q\u00eb i b\u00ebnin thirrje kryetarit Rama t\u00eb &#8220;linte&#8221; grevist\u00ebt t\u00eb iknin n\u00eb sht\u00ebpi. Cili \u00ebsht\u00eb reagimi juaj p\u00ebr k\u00ebt\u00eb? <\/em><br \/>\nNuk e di se si nj\u00eb artist mund t\u00eb shkruaj\u00eb, mund t\u00eb jet\u00eb kund\u00ebr nj\u00eb vullneti, nj\u00eb d\u00ebshire, nj\u00eb sakrifice q\u00eb b\u00ebhet edhe p\u00ebr f\u00ebmij\u00ebt e tyre, si p\u00ebr f\u00ebmij\u00ebt tan\u00eb. Ai artist q\u00eb firmos, duhet t\u00eb vij\u00eb k\u00ebtu, t\u00eb na takoj\u00eb dhe t\u00eb na shoh\u00eb dhe pastaj le t\u00eb firmos\u00eb.<\/p>\n","protected":false},"excerpt":{"rendered":"<p><strong>ELONA DEMOLLARI<\/strong>, <em>11.05.2010<\/em><\/p>\n<p><strong>REPORTAZH BRENDA \u00c7ADRAVE <\/strong><\/p>\n<p><strong><em>Me grevist\u00ebt e uris\u00eb. Distanca mes &#8220;linj\u00ebs s\u00eb but\u00eb&#8221; t\u00eb PS dhe zem\u00ebrimit q\u00eb vlon n\u00eb \u00e7adra <\/em><\/strong><\/p>\n<p>P\u00ebr t\u00eb hyr\u00eb brenda \u00e7adrave t\u00eb grev\u00ebs s\u00eb uris\u00eb nuk \u00ebsht\u00eb e leht\u00eb. Nuk \u00ebsht\u00eb e leht\u00eb as t\u00eb q\u00ebndrosh, por k\u00ebsaj historie do t&#8217;i rikthehemi n\u00eb fund. N\u00eb fillim duhet marr\u00eb leje nga organizator\u00ebt e grev\u00ebs, ose nga drejtues t\u00eb lart\u00eb t\u00eb PS-s\u00eb. Leja jepet me zor dhe arsyet jan\u00eb t\u00eb kuptueshme. Pak minuta brenda \u00e7adr\u00ebs dhe kupton q\u00eb edhe pamja e nj\u00eb njeriu q\u00eb vjen nga jasht\u00eb i ngr\u00ebn\u00eb dhe i rehatuar, i nervozon grevist\u00ebt.<\/p>\n","protected":false},"author":1,"featured_media":0,"comment_status":"open","ping_status":"closed","sticky":false,"template":"","format":"standard","meta":{"footnotes":""},"categories":[2,4],"tags":[],"class_list":{"0":"post-2576","1":"post","2":"type-post","3":"status-publish","4":"format-standard","6":"category-artikuj","7":"category-intervista"},"yoast_head":"<!-- This site is optimized with the Yoast SEO plugin v27.4 - https:\/\/yoast.com\/product\/yoast-seo-wordpress\/ -->\n<title>&#039;Ne dim\u00eb ta zgjidhim edhe ndryshe...&#039; - FjALA e LIR\u00cb - Arkivi<\/title>\n<meta name=\"robots\" content=\"index, follow, max-snippet:-1, max-image-preview:large, max-video-preview:-1\" \/>\n<link rel=\"canonical\" href=\"https:\/\/fjala.info\/2009-2015\/ne-dime-ta-zgjidhim-edhe-ndryshe\/\" \/>\n<meta property=\"og:locale\" content=\"sq_AL\" \/>\n<meta property=\"og:type\" content=\"article\" \/>\n<meta property=\"og:title\" content=\"&#039;Ne dim\u00eb ta zgjidhim edhe ndryshe...&#039; - FjALA e LIR\u00cb - Arkivi\" \/>\n<meta property=\"og:description\" content=\"ELONA DEMOLLARI, 11.05.2010 REPORTAZH BRENDA \u00c7ADRAVE  Me grevist\u00ebt e uris\u00eb. Distanca mes &quot;linj\u00ebs s\u00eb but\u00eb&quot; t\u00eb PS dhe zem\u00ebrimit q\u00eb vlon n\u00eb \u00e7adra  P\u00ebr t\u00eb hyr\u00eb brenda \u00e7adrave t\u00eb grev\u00ebs s\u00eb uris\u00eb nuk \u00ebsht\u00eb e leht\u00eb. Nuk \u00ebsht\u00eb e leht\u00eb as t\u00eb q\u00ebndrosh, por k\u00ebsaj historie do t&#039;i rikthehemi n\u00eb fund. N\u00eb fillim duhet marr\u00eb leje nga organizator\u00ebt e grev\u00ebs, ose nga drejtues t\u00eb lart\u00eb t\u00eb PS-s\u00eb. Leja jepet me zor dhe arsyet jan\u00eb t\u00eb kuptueshme. Pak minuta brenda \u00e7adr\u00ebs dhe kupton q\u00eb edhe pamja e nj\u00eb njeriu q\u00eb vjen nga jasht\u00eb i ngr\u00ebn\u00eb dhe i rehatuar, i nervozon grevist\u00ebt.\" \/>\n<meta property=\"og:url\" content=\"https:\/\/fjala.info\/2009-2015\/ne-dime-ta-zgjidhim-edhe-ndryshe\/\" \/>\n<meta property=\"og:site_name\" content=\"FjALA e LIR\u00cb - Arkivi\" \/>\n<meta property=\"article:published_time\" content=\"2010-05-12T07:49:50+00:00\" \/>\n<meta name=\"author\" content=\"admin\" \/>\n<meta name=\"twitter:card\" content=\"summary_large_image\" \/>\n<meta name=\"twitter:label1\" content=\"Written by\" \/>\n\t<meta name=\"twitter:data1\" content=\"admin\" \/>\n\t<meta name=\"twitter:label2\" content=\"Est. reading time\" \/>\n\t<meta name=\"twitter:data2\" content=\"15 minutes\" \/>\n<script type=\"application\/ld+json\" class=\"yoast-schema-graph\">{\"@context\":\"https:\\\/\\\/schema.org\",\"@graph\":[{\"@type\":\"Article\",\"@id\":\"https:\\\/\\\/fjala.info\\\/2009-2015\\\/ne-dime-ta-zgjidhim-edhe-ndryshe\\\/#article\",\"isPartOf\":{\"@id\":\"https:\\\/\\\/fjala.info\\\/2009-2015\\\/ne-dime-ta-zgjidhim-edhe-ndryshe\\\/\"},\"author\":{\"name\":\"admin\",\"@id\":\"https:\\\/\\\/fjala.info\\\/2009-2015\\\/#\\\/schema\\\/person\\\/3aa1163ef05469c496fc94e77611ada2\"},\"headline\":\"&#8216;Ne dim\u00eb ta zgjidhim edhe ndryshe&#8230;&#8217;\",\"datePublished\":\"2010-05-12T07:49:50+00:00\",\"mainEntityOfPage\":{\"@id\":\"https:\\\/\\\/fjala.info\\\/2009-2015\\\/ne-dime-ta-zgjidhim-edhe-ndryshe\\\/\"},\"wordCount\":2973,\"commentCount\":0,\"publisher\":{\"@id\":\"https:\\\/\\\/fjala.info\\\/2009-2015\\\/#organization\"},\"articleSection\":[\"Artikuj\",\"Intervista\"],\"inLanguage\":\"sq-AL\",\"potentialAction\":[{\"@type\":\"CommentAction\",\"name\":\"Comment\",\"target\":[\"https:\\\/\\\/fjala.info\\\/2009-2015\\\/ne-dime-ta-zgjidhim-edhe-ndryshe\\\/#respond\"]}]},{\"@type\":\"WebPage\",\"@id\":\"https:\\\/\\\/fjala.info\\\/2009-2015\\\/ne-dime-ta-zgjidhim-edhe-ndryshe\\\/\",\"url\":\"https:\\\/\\\/fjala.info\\\/2009-2015\\\/ne-dime-ta-zgjidhim-edhe-ndryshe\\\/\",\"name\":\"'Ne dim\u00eb ta zgjidhim edhe ndryshe...' - FjALA e LIR\u00cb - Arkivi\",\"isPartOf\":{\"@id\":\"https:\\\/\\\/fjala.info\\\/2009-2015\\\/#website\"},\"datePublished\":\"2010-05-12T07:49:50+00:00\",\"breadcrumb\":{\"@id\":\"https:\\\/\\\/fjala.info\\\/2009-2015\\\/ne-dime-ta-zgjidhim-edhe-ndryshe\\\/#breadcrumb\"},\"inLanguage\":\"sq-AL\",\"potentialAction\":[{\"@type\":\"ReadAction\",\"target\":[\"https:\\\/\\\/fjala.info\\\/2009-2015\\\/ne-dime-ta-zgjidhim-edhe-ndryshe\\\/\"]}]},{\"@type\":\"BreadcrumbList\",\"@id\":\"https:\\\/\\\/fjala.info\\\/2009-2015\\\/ne-dime-ta-zgjidhim-edhe-ndryshe\\\/#breadcrumb\",\"itemListElement\":[{\"@type\":\"ListItem\",\"position\":1,\"name\":\"Home\",\"item\":\"https:\\\/\\\/fjala.info\\\/2009-2015\\\/\"},{\"@type\":\"ListItem\",\"position\":2,\"name\":\"&#8216;Ne dim\u00eb ta zgjidhim edhe ndryshe&#8230;&#8217;\"}]},{\"@type\":\"WebSite\",\"@id\":\"https:\\\/\\\/fjala.info\\\/2009-2015\\\/#website\",\"url\":\"https:\\\/\\\/fjala.info\\\/2009-2015\\\/\",\"name\":\"FjALA e LIR\u00cb - Arkivi\",\"description\":\"Arkivi 2009-2015\",\"publisher\":{\"@id\":\"https:\\\/\\\/fjala.info\\\/2009-2015\\\/#organization\"},\"potentialAction\":[{\"@type\":\"SearchAction\",\"target\":{\"@type\":\"EntryPoint\",\"urlTemplate\":\"https:\\\/\\\/fjala.info\\\/2009-2015\\\/?s={search_term_string}\"},\"query-input\":{\"@type\":\"PropertyValueSpecification\",\"valueRequired\":true,\"valueName\":\"search_term_string\"}}],\"inLanguage\":\"sq-AL\"},{\"@type\":\"Organization\",\"@id\":\"https:\\\/\\\/fjala.info\\\/2009-2015\\\/#organization\",\"name\":\"FjALA e LIR\u00cb - Arkivi\",\"url\":\"https:\\\/\\\/fjala.info\\\/2009-2015\\\/\",\"logo\":{\"@type\":\"ImageObject\",\"inLanguage\":\"sq-AL\",\"@id\":\"https:\\\/\\\/fjala.info\\\/2009-2015\\\/#\\\/schema\\\/logo\\\/image\\\/\",\"url\":\"\",\"contentUrl\":\"\",\"caption\":\"FjALA e LIR\u00cb - Arkivi\"},\"image\":{\"@id\":\"https:\\\/\\\/fjala.info\\\/2009-2015\\\/#\\\/schema\\\/logo\\\/image\\\/\"}},{\"@type\":\"Person\",\"@id\":\"https:\\\/\\\/fjala.info\\\/2009-2015\\\/#\\\/schema\\\/person\\\/3aa1163ef05469c496fc94e77611ada2\",\"name\":\"admin\",\"image\":{\"@type\":\"ImageObject\",\"inLanguage\":\"sq-AL\",\"@id\":\"https:\\\/\\\/fjala.info\\\/2009-2015\\\/wp-content\\\/uploads\\\/2012\\\/02\\\/arben_cokaj-120x150.jpg\",\"url\":\"https:\\\/\\\/fjala.info\\\/2009-2015\\\/wp-content\\\/uploads\\\/2012\\\/02\\\/arben_cokaj-120x150.jpg\",\"contentUrl\":\"https:\\\/\\\/fjala.info\\\/2009-2015\\\/wp-content\\\/uploads\\\/2012\\\/02\\\/arben_cokaj-120x150.jpg\",\"caption\":\"admin\"},\"description\":\"Admin, Fjala e Lir\u00eb\",\"sameAs\":[\"https:\\\/\\\/fjala.info\\\/\"],\"url\":\"https:\\\/\\\/fjala.info\\\/2009-2015\\\/author\\\/admin\\\/\"}]}<\/script>\n<!-- \/ Yoast SEO plugin. -->","yoast_head_json":{"title":"'Ne dim\u00eb ta zgjidhim edhe ndryshe...' - FjALA e LIR\u00cb - Arkivi","robots":{"index":"index","follow":"follow","max-snippet":"max-snippet:-1","max-image-preview":"max-image-preview:large","max-video-preview":"max-video-preview:-1"},"canonical":"https:\/\/fjala.info\/2009-2015\/ne-dime-ta-zgjidhim-edhe-ndryshe\/","og_locale":"sq_AL","og_type":"article","og_title":"'Ne dim\u00eb ta zgjidhim edhe ndryshe...' - FjALA e LIR\u00cb - Arkivi","og_description":"ELONA DEMOLLARI, 11.05.2010 REPORTAZH BRENDA \u00c7ADRAVE  Me grevist\u00ebt e uris\u00eb. Distanca mes \"linj\u00ebs s\u00eb but\u00eb\" t\u00eb PS dhe zem\u00ebrimit q\u00eb vlon n\u00eb \u00e7adra  P\u00ebr t\u00eb hyr\u00eb brenda \u00e7adrave t\u00eb grev\u00ebs s\u00eb uris\u00eb nuk \u00ebsht\u00eb e leht\u00eb. Nuk \u00ebsht\u00eb e leht\u00eb as t\u00eb q\u00ebndrosh, por k\u00ebsaj historie do t'i rikthehemi n\u00eb fund. N\u00eb fillim duhet marr\u00eb leje nga organizator\u00ebt e grev\u00ebs, ose nga drejtues t\u00eb lart\u00eb t\u00eb PS-s\u00eb. Leja jepet me zor dhe arsyet jan\u00eb t\u00eb kuptueshme. Pak minuta brenda \u00e7adr\u00ebs dhe kupton q\u00eb edhe pamja e nj\u00eb njeriu q\u00eb vjen nga jasht\u00eb i ngr\u00ebn\u00eb dhe i rehatuar, i nervozon grevist\u00ebt.","og_url":"https:\/\/fjala.info\/2009-2015\/ne-dime-ta-zgjidhim-edhe-ndryshe\/","og_site_name":"FjALA e LIR\u00cb - Arkivi","article_published_time":"2010-05-12T07:49:50+00:00","author":"admin","twitter_card":"summary_large_image","twitter_misc":{"Written by":"admin","Est. reading time":"15 minutes"},"schema":{"@context":"https:\/\/schema.org","@graph":[{"@type":"Article","@id":"https:\/\/fjala.info\/2009-2015\/ne-dime-ta-zgjidhim-edhe-ndryshe\/#article","isPartOf":{"@id":"https:\/\/fjala.info\/2009-2015\/ne-dime-ta-zgjidhim-edhe-ndryshe\/"},"author":{"name":"admin","@id":"https:\/\/fjala.info\/2009-2015\/#\/schema\/person\/3aa1163ef05469c496fc94e77611ada2"},"headline":"&#8216;Ne dim\u00eb ta zgjidhim edhe ndryshe&#8230;&#8217;","datePublished":"2010-05-12T07:49:50+00:00","mainEntityOfPage":{"@id":"https:\/\/fjala.info\/2009-2015\/ne-dime-ta-zgjidhim-edhe-ndryshe\/"},"wordCount":2973,"commentCount":0,"publisher":{"@id":"https:\/\/fjala.info\/2009-2015\/#organization"},"articleSection":["Artikuj","Intervista"],"inLanguage":"sq-AL","potentialAction":[{"@type":"CommentAction","name":"Comment","target":["https:\/\/fjala.info\/2009-2015\/ne-dime-ta-zgjidhim-edhe-ndryshe\/#respond"]}]},{"@type":"WebPage","@id":"https:\/\/fjala.info\/2009-2015\/ne-dime-ta-zgjidhim-edhe-ndryshe\/","url":"https:\/\/fjala.info\/2009-2015\/ne-dime-ta-zgjidhim-edhe-ndryshe\/","name":"'Ne dim\u00eb ta zgjidhim edhe ndryshe...' - FjALA e LIR\u00cb - Arkivi","isPartOf":{"@id":"https:\/\/fjala.info\/2009-2015\/#website"},"datePublished":"2010-05-12T07:49:50+00:00","breadcrumb":{"@id":"https:\/\/fjala.info\/2009-2015\/ne-dime-ta-zgjidhim-edhe-ndryshe\/#breadcrumb"},"inLanguage":"sq-AL","potentialAction":[{"@type":"ReadAction","target":["https:\/\/fjala.info\/2009-2015\/ne-dime-ta-zgjidhim-edhe-ndryshe\/"]}]},{"@type":"BreadcrumbList","@id":"https:\/\/fjala.info\/2009-2015\/ne-dime-ta-zgjidhim-edhe-ndryshe\/#breadcrumb","itemListElement":[{"@type":"ListItem","position":1,"name":"Home","item":"https:\/\/fjala.info\/2009-2015\/"},{"@type":"ListItem","position":2,"name":"&#8216;Ne dim\u00eb ta zgjidhim edhe ndryshe&#8230;&#8217;"}]},{"@type":"WebSite","@id":"https:\/\/fjala.info\/2009-2015\/#website","url":"https:\/\/fjala.info\/2009-2015\/","name":"FjALA e LIR\u00cb - Arkivi","description":"Arkivi 2009-2015","publisher":{"@id":"https:\/\/fjala.info\/2009-2015\/#organization"},"potentialAction":[{"@type":"SearchAction","target":{"@type":"EntryPoint","urlTemplate":"https:\/\/fjala.info\/2009-2015\/?s={search_term_string}"},"query-input":{"@type":"PropertyValueSpecification","valueRequired":true,"valueName":"search_term_string"}}],"inLanguage":"sq-AL"},{"@type":"Organization","@id":"https:\/\/fjala.info\/2009-2015\/#organization","name":"FjALA e LIR\u00cb - Arkivi","url":"https:\/\/fjala.info\/2009-2015\/","logo":{"@type":"ImageObject","inLanguage":"sq-AL","@id":"https:\/\/fjala.info\/2009-2015\/#\/schema\/logo\/image\/","url":"","contentUrl":"","caption":"FjALA e LIR\u00cb - Arkivi"},"image":{"@id":"https:\/\/fjala.info\/2009-2015\/#\/schema\/logo\/image\/"}},{"@type":"Person","@id":"https:\/\/fjala.info\/2009-2015\/#\/schema\/person\/3aa1163ef05469c496fc94e77611ada2","name":"admin","image":{"@type":"ImageObject","inLanguage":"sq-AL","@id":"https:\/\/fjala.info\/2009-2015\/wp-content\/uploads\/2012\/02\/arben_cokaj-120x150.jpg","url":"https:\/\/fjala.info\/2009-2015\/wp-content\/uploads\/2012\/02\/arben_cokaj-120x150.jpg","contentUrl":"https:\/\/fjala.info\/2009-2015\/wp-content\/uploads\/2012\/02\/arben_cokaj-120x150.jpg","caption":"admin"},"description":"Admin, Fjala e Lir\u00eb","sameAs":["https:\/\/fjala.info\/"],"url":"https:\/\/fjala.info\/2009-2015\/author\/admin\/"}]}},"_links":{"self":[{"href":"https:\/\/fjala.info\/2009-2015\/wp-json\/wp\/v2\/posts\/2576","targetHints":{"allow":["GET"]}}],"collection":[{"href":"https:\/\/fjala.info\/2009-2015\/wp-json\/wp\/v2\/posts"}],"about":[{"href":"https:\/\/fjala.info\/2009-2015\/wp-json\/wp\/v2\/types\/post"}],"author":[{"embeddable":true,"href":"https:\/\/fjala.info\/2009-2015\/wp-json\/wp\/v2\/users\/1"}],"replies":[{"embeddable":true,"href":"https:\/\/fjala.info\/2009-2015\/wp-json\/wp\/v2\/comments?post=2576"}],"version-history":[{"count":0,"href":"https:\/\/fjala.info\/2009-2015\/wp-json\/wp\/v2\/posts\/2576\/revisions"}],"wp:attachment":[{"href":"https:\/\/fjala.info\/2009-2015\/wp-json\/wp\/v2\/media?parent=2576"}],"wp:term":[{"taxonomy":"category","embeddable":true,"href":"https:\/\/fjala.info\/2009-2015\/wp-json\/wp\/v2\/categories?post=2576"},{"taxonomy":"post_tag","embeddable":true,"href":"https:\/\/fjala.info\/2009-2015\/wp-json\/wp\/v2\/tags?post=2576"}],"curies":[{"name":"wp","href":"https:\/\/api.w.org\/{rel}","templated":true}]}}