{"id":2571,"date":"2010-05-12T09:38:44","date_gmt":"2010-05-12T08:38:44","guid":{"rendered":"http:\/\/fjala.shkoder.net\/?p=2571"},"modified":"2010-05-12T09:38:44","modified_gmt":"2010-05-12T08:38:44","slug":"grevistet-e-urise-perballe-rames-berishes-nderkombetareve-dhe-medias","status":"publish","type":"post","link":"https:\/\/fjala.info\/2009-2015\/grevistet-e-urise-perballe-rames-berishes-nderkombetareve-dhe-medias\/","title":{"rendered":"Grevist\u00ebt e uris\u00eb, p\u00ebrball\u00eb Ram\u00ebs, Berish\u00ebs, Nd\u00ebrkomb\u00ebtar\u00ebve dhe Medias"},"content":{"rendered":"<p><img decoding=\"async\" style=\"margin-left: 10px; margin-right: 10px; border: 0px;\" src=\"http:\/\/www.shkoder.net\/images\/fjala\/adrian_thano.jpg\" border=\"0\" alt=\"Adrian Thano\" width=\"150\" align=\"right\" \/><\/p>\n<p><strong>Adrian Thano<\/strong>, <em>12.05.2010<\/em><\/p>\n<p><strong>GREVIST\u00cbT DHE RAMA<\/strong><\/p>\n<p>&#8220;Instanc\u00eb m\u00eb vete&#8221; e quante pardje n\u00eb artikullin e tij, Pre\u00e7 Zogaj, \u00e7adr\u00ebn e grevist\u00ebve t\u00eb uris\u00eb. Pre\u00e7i \u00ebsht\u00eb si gjithmon\u00eb i qart\u00eb dhe inteligjent, por ka di\u00e7ka q\u00eb ai nuk e thot\u00eb akoma. Edhe t\u00eb tjer\u00eb nga opozita stepen ta thon\u00eb.<\/p>\n<p>Dyshoj se do mund ta mbajn\u00eb t\u00eb ndrydhur p\u00ebr shum\u00eb koh\u00eb, me gjas\u00eb qysh nes\u00ebr ky &#8220;zbulim&#8221; mund t\u00eb jet\u00eb vjetruar. B\u00ebhet fjal\u00eb p\u00ebr nj\u00eb distanc\u00eb t\u00eb qart\u00eb mes lidershipit t\u00eb PS-s\u00eb dhe grevist\u00ebve. Distanca nuk \u00ebsht\u00eb mbi at\u00eb q\u00eb duan; ajo \u00ebsht\u00eb e nj\u00ebjt\u00eb dhe e qart\u00eb. Distanca \u00ebsht\u00eb n\u00eb m\u00ebnyr\u00ebn se si ajo q\u00eb duan, DUHET arritur.<\/p>\n<p>Disa shenja t\u00eb jashtme, ndoshta t\u00eb vogla t\u00eb k\u00ebsaj distance t\u00eb r\u00ebnd\u00ebsishme, mund t\u00eb kapen edhe n\u00eb gjuh\u00ebn e parullave: &#8220;Hap kutit\u00eb ose largohu&#8221; &#8211; \u00ebsht\u00eb &#8220;parulla zyrtare&#8221; e lidershipit t\u00eb PS. &#8220;Hap kutit\u00eb ose k\u00ebput qaf\u00ebn&#8221;, &#8211; shkruanin n\u00eb parullat e tyre protestuesit lezhjan\u00eb e shkodran\u00eb pak dit\u00eb m\u00eb par\u00eb.<\/p>\n<p>Q\u00ebndrimi i grevist\u00ebve t\u00eb uris\u00eb (sidomos i qytetar\u00ebve jo-deputet\u00eb) dhe i protestuesve jasht\u00eb \u00e7adr\u00ebs, &#8211; mbi m\u00ebnyr\u00ebn si duhet vepruar dhe si duhet t\u00eb sillen p\u00ebrball\u00eb shurdh\u00ebris\u00eb s\u00eb qeveris\u00eb &#8211; \u00ebsht\u00eb shum\u00eb m\u00eb radikal se ai q\u00eb kumton lidershipi i PS-s\u00eb.<\/p>\n<p>Mjaftojn\u00eb pak or\u00eb brenda \u00e7adr\u00ebs s\u00eb uris\u00eb q\u00eb t\u00eb kuptosh se distanca mes dy kumteve jo vet\u00ebm ka marr\u00eb form\u00eb tashm\u00eb, por po b\u00ebhet e pap\u00ebrballueshme edhe p\u00ebr vet\u00eb Ram\u00ebn.<\/p>\n<p>S.Berisha po e sulmon Ram\u00ebn eg\u00ebrsisht.<\/p>\n<p>Ashtu si\u00e7 i ka hije, n\u00eb fund t\u00eb fundit. Ka ngritur kund\u00ebr tij, nj\u00eb koalicion anti-njeri t\u00eb paprecedent q\u00eb i ka kaluar tashm\u00eb edhe kufijt\u00eb e absurdit. N\u00eb fakt, S.Berisha b\u00ebn mir\u00eb ta fal\u00ebnderoj\u00eb Edi Ram\u00ebn.<\/p>\n<p>Sepse Rama sot \u00ebsht\u00eb moderuesi, madje frenuesi, i nj\u00eb energjie popullore antiqeveritare q\u00eb \u00ebsht\u00eb ku e ku m\u00eb e fort\u00eb dhe m\u00eb radikale se kumti i tij politik, kumt ky, i kompleksuar jo pak nga formimi i tij qytetar dhe nga q\u00ebndrimi i faktorit nd\u00ebrkomb\u00ebtar.<\/p>\n<p>Por, \u00ebsht\u00eb e v\u00ebrtet\u00eb gjithashtu q\u00eb kjo distanc\u00eb mes Ram\u00ebs dhe q\u00ebndres\u00ebs, &#8211; deri m\u00eb tash shp\u00ebtimtare p\u00ebr Berish\u00ebn &#8211; po zvog\u00eblohet me shpejt\u00ebsi. Sa m\u00eb shum\u00eb kalojn\u00eb or\u00ebt, aq m\u00eb shum\u00eb i afrohemi asaj pik\u00ebs q\u00eb nj\u00eb pushtet i men\u00e7ur do ta shmangte: pik\u00ebs ku q\u00ebndresa nuk ka m\u00eb asgj\u00eb p\u00ebr t\u00eb humbur.<\/p>\n<p><strong>GREVIST\u00cbT DHE S. BERISHA<\/strong><\/p>\n<p>&#8220;&#8230;Vet\u00ebm nj\u00eb popull shpirtmadh do t&#8217;i jepte kaq shum\u00eb mund\u00ebsi k\u00ebtij burri t\u00eb vog\u00ebl&#8230;&#8221;- thot\u00eb nj\u00eb varg i nj\u00eb p\u00ebrralle t\u00eb vjet\u00ebr arabe. Vet\u00ebm Shqip\u00ebria mund t\u00eb vazhdoj\u00eb t\u00eb bashk\u00ebjetoj\u00eb me nj\u00eb politikan si kryeministri i sot\u00ebm.<\/p>\n<p>Do mjaftonte vet\u00ebm 1 maji i k\u00ebtij viti q\u00eb marr\u00ebdh\u00ebnia t\u00eb thyhej p\u00ebrjet\u00eb. Nj\u00eb kryeminist\u00ebr q\u00eb v\u00eb gjysm\u00ebn e popullit t\u00eb k\u00ebndoj\u00eb kund\u00ebr gjysm\u00ebs tjet\u00ebr q\u00eb vuan, mund t\u00eb jet\u00eb \u00e7far\u00eb t\u00eb doj\u00eb, por jo kryeminist\u00ebr.<br \/>\nNdoshta, kjo \u00ebsht\u00eb disi &#8220;e holl\u00eb&#8221; p\u00ebr t&#8217;u v\u00ebn\u00eb re n\u00eb nj\u00eb CV politike si ajo e Berish\u00ebs.<\/p>\n<p>Ai \u00ebsht\u00eb shnd\u00ebrruesi i partis\u00eb s\u00eb shpres\u00ebs post-diktatur\u00eb n\u00eb nj\u00eb sekt torollak\u00ebsh dhe hajdut\u00ebsh; \u00ebsht\u00eb krye-shtetari i d\u00ebshtuar i 97-\u00ebs s\u00eb tmerrshme; opozitari i pap\u00ebrmbajtsh\u00ebm i grushteve t\u00eb shtetit, klouni i &#8220;sukseseve&#8221; ku g\u00eblojn\u00eb fantazmat e G\u00ebrdecit.<\/p>\n<p>Sot na fton t&#8217;i harrojm\u00eb k\u00ebto t\u00eb gjitha. Madje i k\u00ebrkon popullit t\u00eb tij t\u00eb shkat\u00ebrruar, ta trajtoj\u00eb si ajatollah, duke shtuar se i d\u00ebshiron edhe 20 apo 30 vjet t\u00eb tjera mund\u00ebsish politike (!).<\/p>\n<p>PS e sotme k\u00ebrkon ndjeshm\u00ebri dhe p\u00ebrgjegj\u00ebsi nga njeriu i kontrastit t\u00eb m\u00ebsip\u00ebrm. Kurse grevist\u00ebt e uris\u00eb e kan\u00eb t\u00eb qart\u00eb q\u00eb nuk kan\u00eb \u00e7&#8217;presin prej tij.<\/p>\n<p>Ai nuk ka asnj\u00eb p\u00ebrgjigje p\u00ebr ta.. Si\u00e7 nuk ka p\u00ebrgjigje p\u00ebr izolimin q\u00eb vazhdon ende pas 20 vitesh, p\u00ebr 97-\u00ebn, p\u00ebr 98-\u00ebn, p\u00ebr humbjen e dinjitetit, p\u00ebr kaosin me pronat, p\u00ebr shitjen e tregjeve dhe interesave shqiptare, p\u00ebr p\u00ebr\u00e7arjen e re klasore, p\u00ebr G\u00ebrdecin, p\u00ebrmbytjet, p\u00ebrdhunimin e Kushtetut\u00ebs, tentativ\u00ebn p\u00ebr t\u00eb prekur deri edhe integritetin territorial t\u00eb vendit, munges\u00ebn e drejt\u00ebsis\u00eb, t\u00eb shanseve t\u00eb barabarta, gjendjes s\u00eb mjer\u00eb t\u00eb arsimit, t\u00eb sh\u00ebndet\u00ebsis\u00eb, konfliktit t\u00eb ri t\u00eb sot\u00ebm etj, etj &#8211; shkurt p\u00ebr nj\u00eb katrahur\u00eb ku fajtor, sipas personazhit grotesk q\u00eb qeveris sot vendin, mund t\u00eb jet\u00eb gjithkush e gjith\u00e7ka, q\u00eb nga komunist\u00ebt, bijt\u00eb e komunist\u00ebve, nipat e komunisteve, CIA, Asfalia, eklipsi h\u00ebnor, UFO-t, etj., por kurr\u00eb ai vet\u00eb. Sepse ai harron q\u00eb \u00ebsht\u00eb shtetar.<\/p>\n<p>Harron q\u00eb paguhet, jo p\u00ebr t\u00eb gjetur justifikime, por p\u00ebr ta mbrojtur popullin e tij nga k\u00ebto, edhe sikur t\u00eb jen\u00eb t\u00eb gjitha t\u00eb v\u00ebrteta. Pra, nuk ka asgje te re n\u00eb shurdh\u00ebrin\u00eb e tij p\u00ebrball\u00eb grevist\u00ebve. Ai prap\u00eb nuk do sillet si shtetar. Ai do vazhdoj\u00eb t\u00eb tentoj\u00eb t\u00eb b\u00ebj\u00eb at\u00eb q\u00eb ka b\u00ebr\u00eb k\u00ebto 20 vjet: t\u00eb mb\u00ebshtetet tek VESET e shoq\u00ebris\u00eb, tek ngacmimi dhe aktivizimi i tyre si themel dhe kolon\u00eb pushteti.<\/p>\n<p>Shqip\u00ebria e sotme ka dy bashkautor\u00eb t\u00eb njohur, dy protagonist\u00eb politik\u00eb t\u00eb k\u00ebtyre 15-20 viteve t\u00eb fundit, ish-kryeministrin e djesh\u00ebm, m\u00ebtuesin e sot\u00ebm presidencial F. Nano dhe ish-presidentin e djesh\u00ebm, kryeministrin e sot\u00ebm S. Berisha. N\u00eb k\u00ebt\u00eb thelb, t\u00eb aktivizimit dhe p\u00ebrdorimit t\u00eb VESEVE t\u00eb shoq\u00ebris\u00eb p\u00ebr t\u00eb organizuar dhe kontrolluar pushtetin dhe shoq\u00ebrin\u00eb, k\u00ebta t\u00eb dy jan\u00eb krejt\u00ebsisht t\u00eb nj\u00ebjt\u00eb.<\/p>\n<p>Jan\u00eb po kaq t\u00eb ngjash\u00ebm edhe n\u00eb mitomanin\u00eb q\u00eb shoq\u00ebron fundin e tyre. Fatos Nano ishte kryeministri turist i nj\u00eb populli emigrant\u00ebsh, ky i sotmi \u00ebsht\u00eb kryeministri me Ipad i nj\u00eb vendi ku student\u00ebt e shk\u00eblqyer vrasin veten.<\/p>\n<p><strong>Shqip\u00ebria ndihet sot e lodhur p\u00ebrball\u00eb asaj q\u00eb k\u00ebta t\u00eb dy kan\u00eb prodhuar. E lodhur prej atyre q\u00eb i ngulen pushtetit si mizat n\u00eb kak\u00eb e nuk t\u00eb len\u00eb rrug\u00eb tjet\u00ebr p\u00ebr t&#8217;i hequr prej andej, ve\u00e7 t&#8217;i godas\u00ebsh fort e t\u00eb b\u00ebsh mut dynjan\u00eb.<\/strong><\/p>\n<p><strong>GREVIST\u00cbT DHE ND\u00cbRKOMB\u00cbTAR\u00cbT<\/strong><\/p>\n<p>N\u00eb disa intervista n\u00eb &#8220;Shekullin&#8221; e djesh\u00ebm, grevist\u00ebt e uris\u00eb e artikulonin qart\u00eb at\u00eb pyetjen q\u00eb e b\u00ebjm\u00eb sot t\u00eb gjith\u00eb: &#8220;Si \u00ebsht\u00eb puna me k\u00ebta nd\u00ebrkomb\u00ebtar\u00ebt ?&#8221;. V\u00ebrtet si \u00ebsht\u00eb puna me nd\u00ebrkomb\u00ebtar\u00ebt?<\/p>\n<p>Dhe p\u00ebr cil\u00ebt nd\u00ebrkomb\u00ebtar\u00eb e kemi fjal\u00ebn?<br \/>\nBashkimi Europian sot \u00ebsht\u00eb n\u00eb dit\u00eb t\u00eb k\u00ebqija. Kriza e fort\u00eb ekonomike n\u00eb p\u00ebrgjith\u00ebsi dhe ajo greke n\u00eb ve\u00e7anti, kan\u00eb shkaktuar \u00e7arje t\u00eb eurozon\u00ebs, ngacmim t\u00eb plag\u00ebs s\u00eb vjet\u00ebr identitare, forcim t\u00eb euroskepticizmit, etj.<\/p>\n<p>Sa p\u00ebr parantez\u00eb, n\u00eb rrethanat e sotme, qeveria jon\u00eb na nxjerr ne shqiptar\u00ebve edhe pak nastradin\u00ebr n\u00eb k\u00ebt\u00eb trokitjen ton\u00eb t\u00eb nxituar e t\u00eb paduruar n\u00eb der\u00ebn e nj\u00eb sht\u00ebpie t\u00eb mbytur n\u00eb hallet e veta. \u00cbsht\u00eb nj\u00ebsoj si t\u00eb d\u00ebgjosh zhurm\u00eb, potere dhe kambana morti n\u00eb vil\u00ebn e fqinjit t\u00ebnd dhe ti nga kasollja jote t\u00eb shkosh e t\u00eb trokas\u00ebsh n\u00eb der\u00eb me saze e me k\u00ebng\u00eb e t&#8217;i thuash: &#8220;Erdha un\u00eb, t\u00eb pim\u00eb nga nj\u00eb l\u00ebng&#8230;&#8221;<\/p>\n<p>Ka q\u00eb thon\u00eb se n\u00eb k\u00ebto rrethana, situata n\u00eb Shqip\u00ebri nuk i intereson askujt. N\u00eb fakt, jo tamam, askujt. Fqinj\u00ebt tan\u00eb, i kan\u00eb kthyer syt\u00eb k\u00ebtej. Shum\u00eb aktive Italia, p.sh. T\u00eb d\u00ebrguarit e Berluskonit premtojn\u00eb viza, afate pas afatesh dhe flasin si z\u00ebdh\u00ebn\u00ebs t\u00eb qeveris\u00eb s\u00eb Tiran\u00ebs.<\/p>\n<p>Si \u00ebsht\u00eb e v\u00ebrteta? E v\u00ebrteta \u00ebsht\u00eb q\u00eb deti \u00ebsht\u00eb b\u00ebr\u00eb kos. Shqip\u00ebria ka sot nj\u00eb kryeminist\u00ebr q\u00eb firmos gjith\u00e7ka, n\u00eb k\u00ebmbim t\u00eb &#8220;mbeshtetjes nderkombetare&#8221;. Ardian Klosi n\u00eb artikullin e djesh\u00ebm n\u00eb &#8220;Shekulli&#8221; p\u00ebr n\u00ebnshkruesit e nj\u00eb letre t\u00eb hapur kund\u00ebr grev\u00ebs s\u00eb uris\u00eb, shkruan: &#8220;&#8230;<\/p>\n<p><em>N\u00ebnshkruesit e k\u00ebsaj letre t\u00eb hapur jan\u00eb t\u00eb shqet\u00ebsuar p\u00ebr shtyrjen e liberalizimit t\u00eb vizave, por jo p\u00ebr legjitimitetin e pushtetit q\u00eb kemi mbi kok\u00eb sot, t\u00eb shqet\u00ebsuar p\u00ebr sh\u00ebndetin e grave n\u00eb \u00e7ad\u00ebr, por jo p\u00ebr sh\u00ebndetin e keq t\u00eb Shqip\u00ebris\u00eb, t\u00eb shqet\u00ebsuar p\u00ebr nocione t\u00eb p\u00ebrgjithshme si destini ose liria, por jo t\u00eb shqet\u00ebsuar se kryeministri i tyre u fal fqinj\u00ebve t\u00eb jugut DET dhe fqinj\u00ebve t\u00eb per\u00ebndimit TOK\u00cb nga t\u00eb SHQIP\u00cbRIS\u00cb, q\u00eb ta kthejn\u00eb n\u00eb depozit\u00eb mbeturinash&#8230;&#8221;.<\/em> etj.<\/p>\n<p>Po, e v\u00ebrtet\u00eb! Det, fqinj\u00ebve t\u00eb jugut, Tok\u00eb fqinj\u00ebve t\u00eb Per\u00ebndimit. K\u00ebrkesa q\u00eb fqinj\u00ebt tan\u00eb kan\u00eb shekuj q\u00eb i b\u00ebjn\u00eb pa i arritur dot, i firmosi kryeministri i sot\u00ebm brenda pak muajsh. K\u00ebto firma jane edhe pergjigja p\u00ebr disa nga qendrimet e sotme &#8220;nderkombetare&#8221;. P\u00ebr disa, sigurisht. N\u00eb p\u00ebrgjith\u00ebsi q\u00ebndrimi nd\u00ebrkomb\u00ebtar \u00ebsht\u00eb pro transparenc\u00ebs.<\/p>\n<p>Se nuk ka si t\u00eb jet\u00eb ndryshe. Por, mes tyre, ka nga ata q\u00eb, Shqip\u00ebria u intereson vetem p\u00ebr aq koh\u00eb sa n\u00eb pushtet \u00ebsht\u00eb nj\u00eb firmos\u00ebs i zellsh\u00ebm si Berisha, politikani q\u00eb n\u00eb gjith\u00eb karrier\u00ebn e vet, <strong>armikun num\u00ebr 1 ka opozit\u00ebn e popullit t\u00eb vet<\/strong>.<\/p>\n<p>Meq\u00eb jemi k\u00ebtu, po e ndajm\u00eb me lexuesit e Shekullit, nj\u00eb pyetje. K\u00ebrkoj ndjes\u00eb n\u00ebse duket pak bizarre, por m\u00eb duket e drejt\u00eb. Pak jav\u00eb m\u00eb par\u00eb pat\u00ebm nj\u00eb vizit\u00eb qeveritare n\u00eb Beograd e m\u00eb pas nj\u00eb lajm zyrtar p\u00ebr nj\u00eb ftes\u00eb n\u00eb Tiran\u00eb p\u00ebr kryeministrin serb. Garnitura ishte ajo e p\u00ebrhershmja: shum\u00eb buz\u00ebqeshje, shum\u00eb dashuri, shum\u00eb suksese, marr\u00ebdh\u00ebnie t\u00eb shk\u00eblqyera etj.<\/p>\n<p>Serbia \u00ebsht\u00eb nj\u00eb vend q\u00eb ende nuk ka k\u00ebrkuar falje zyrtare p\u00ebr genocidin n\u00eb Kosov\u00eb, spastrimin, vrasjet, p\u00ebrdhunimet, gjymtimet e atjeshme q\u00eb trondit\u00ebn bot\u00ebn. Pyetja \u00ebsht\u00eb kjo: Si ka mund\u00ebsi q\u00eb kryeministri i Shqip\u00ebris\u00eb gjen forca t\u00eb tejkaloj\u00eb k\u00ebt\u00eb dram\u00eb t\u00eb madhe ende t\u00eb fresk\u00ebt dhe t\u00eb jet\u00eb i gatsh\u00ebm t\u00eb ftoj\u00eb, t\u00eb lus\u00eb, t\u00eb pres\u00eb, t\u00eb fal\u00eb kryeministrin e Serbis\u00eb dhe nuk e gjen k\u00ebt\u00eb forc\u00eb p\u00ebr t&#8217;u ulur me shefin e opozit\u00ebs s\u00eb popullit t\u00eb tij? As duke pasur 200 shqiptar\u00eb, q\u00eb po sakrifikohen p\u00ebrpara zyr\u00ebs s\u00eb vet.<\/p>\n<p><strong>GREVIST\u00cbT DHE MEDIA<\/strong><\/p>\n<p>N\u00ebse dikush do t\u00eb donte sot t\u00eb nd\u00ebrtonte nj\u00eb identikit gazetari shqiptar do ta kishte t\u00eb pamundur. Por, n\u00eb vend t\u00eb k\u00ebtij identikiti t\u00eb munguar, do gjente leht\u00ebsisht nj\u00eb model t\u00eb rrem\u00eb, mjafton t\u00eb k\u00ebrkonte n\u00eb kufijt\u00eb mes \u00c7ilit t\u00eb koncerteve t\u00eb majit dhe \u00c7ilit t\u00eb debateve televizive. Pushtetit i duhen me aq mend sa e para ose me aq interesa biznesi sa i dyti.<\/p>\n<p>T\u00eb par\u00ebt sajdisen e m\u00eb pas shp\u00ebrdoren si fasad\u00eb torollak\u00ebsh, t\u00eb dyt\u00ebt jan\u00eb t\u00eb kapur p\u00ebr shkak t\u00eb shnd\u00ebrrimit n\u00eb biznesmen\u00eb me nevoj\u00eb t\u00eb pashmangshme p\u00ebr t\u00eb pasur akses n\u00eb buxhete, licenca e sh\u00ebrbime t\u00eb tjera t\u00eb administrat\u00ebs shtet\u00ebrore.<\/p>\n<p>Mes dy \u00e7ilave t\u00eb m\u00ebsip\u00ebrm, \u00e7ilen turli tipash t\u00eb tjer\u00eb, tregtar\u00ebt e p\u00ebrhersh\u00ebm t\u00eb flamujve, aplikant\u00eb p\u00ebr mask\u00eb politikani, mitoman\u00eb me paga pornostaresh etj.<br \/>\nP\u00ebr publikun jan\u00eb t\u00eb gjith\u00eb &#8220;gazetar\u00eb&#8221;.<\/p>\n<p>N\u00eb kaosin e 20 viteve t\u00eb fundit, ky publik nuk pati as rastin t\u00eb merrte vesh kush quhet gazetar. E jo vet\u00ebm publiku. N\u00eb k\u00ebt\u00eb pik\u00eb, ka nj\u00eb problem t\u00eb madh q\u00eb nuk nisi sot. Se kush quhet gazetar n\u00eb k\u00ebt\u00eb vend \u00ebsht\u00eb ende e pamundur ta thuash. Nuk ka ende nj\u00eb deontologji precize p\u00ebr t\u00eb qen\u00eb &#8220;ligj\u00ebrisht gazetar&#8221;.<\/p>\n<p>Ka plot q\u00eb e kan\u00eb vjedhur p\u00ebrgjat\u00eb k\u00ebtyre viteve emrin &#8220;gazetar&#8221; dhe ia kan\u00eb dh\u00ebn\u00eb vetes pa merak. Jan\u00eb pik\u00ebrisht k\u00ebta n\u00eb krye t\u00eb sulmeve ndaj opozit\u00ebs s\u00eb sotme, e disa prej tyre jan\u00eb \u00e7&#8217;njer\u00ebzor\u00eb, jan\u00eb skandaloz\u00eb dhe t\u00eb turpsh\u00ebm n\u00eb fyerjen q\u00eb u b\u00ebjn\u00eb grevist\u00ebve t\u00eb uris\u00eb.<\/p>\n<p>Nuk i njoh\u00ebm sot, sepse k\u00ebta kan\u00eb koh\u00eb q\u00eb sillen v\u00ebrdall\u00eb n\u00eb nj\u00eb karnaval t\u00eb madh t\u00eb p\u00ebrnatsh\u00ebm televiziv, ku secili ka zgjedhur mask\u00ebn e vet dhe feston. Populli opozitar, grevist\u00ebt e uris\u00eb, kritik\u00ebt e k\u00ebtij absurdi q\u00eb po qeveris, kan\u00eb t\u00eb drejt\u00eb q\u00eb habiten e irritohen me ta.<\/p>\n<p>Por, s\u00eb paku duhet b\u00ebr\u00eb e qart\u00eb q\u00eb ky soj nuk ka t\u00eb b\u00ebj\u00eb me gazetarin\u00eb. Edhe n\u00ebse kan\u00eb ndonj\u00eb lidhje me t\u00eb, ata jan\u00eb tredhur tashm\u00eb n\u00eb &#8220;gazetarin\u00eb&#8221; e tyre nga i nj\u00ebjti sistem i vesit, q\u00eb premion mask\u00ebn, abuzimin, patetizmin, urrejtjen, por kurr\u00eb t\u00eb v\u00ebrtet\u00ebn, merit\u00ebn, zot\u00ebsin\u00eb, bashk\u00ebjetes\u00ebn.<\/p>\n<p>Kolegu B.Prifti botoi tri dit\u00eb m\u00eb par\u00eb nj\u00eb sh\u00ebnim p\u00ebr sjelljen e mediave shqiptare k\u00ebto muaj. Nuk kam \u00e7far\u00eb t\u00eb shtoj se ai i ka th\u00ebn\u00eb t\u00eb gjitha. Media e ka humbur edhe busull\u00ebn edhe moralin. Kjo \u00ebsht\u00eb e v\u00ebrteta. Dhe ka ndodhur, sepse n\u00eb media gazetar\u00ebt jan\u00eb rac\u00eb n\u00eb zhdukje.<\/p>\n<p>K\u00ebtij reparti pseudo-mediatik, q\u00eb i \u00ebsht\u00eb bashkuar ushtris\u00eb me pages\u00eb anti-Ram\u00eb, i mbivendoset sot p\u00ebr fat t\u00eb keq edhe paaft\u00ebsia e stafit t\u00eb Ram\u00ebs q\u00eb merret me mediat. Ky staf d\u00ebshtoi fatalisht t\u00eb b\u00ebnte pjes\u00ebn e vet n\u00eb fushat\u00ebn elektorale t\u00eb 2005-\u00ebs dhe po d\u00ebshton edhe tani n\u00eb menaxhimin mediatik t\u00eb protestave. Nuk e gjen dot sot nj\u00eb kronik\u00eb televizive apo nj\u00eb lajm pro opozit\u00ebs n\u00eb median nd\u00ebrkomb\u00ebtare.<\/p>\n<p>Nuk ka asnj\u00eb kund\u00ebrveprim ndaj propagand\u00ebs s\u00eb absurdit qeveris\u00ebs, q\u00eb sajon p\u00ebrdit\u00eb &#8220;letra&#8221; e &#8220;deklarata&#8221;. Dhe \u00ebsht\u00eb e pashpjegueshme gjithashtu sjellja e tyre n\u00eb disa raste edhe ndaj mediave q\u00eb kan\u00eb qen\u00eb historikisht mike t\u00eb opozit\u00ebs n\u00eb k\u00ebt\u00eb vend, si &#8220;Shekulli&#8221;. Aft\u00ebsia e tyre duhet ritestuar.<\/p>\n","protected":false},"excerpt":{"rendered":"<p>Adrian Thano, 12.05.2010 GREVIST\u00cbT DHE RAMA &#8220;Instanc\u00eb m\u00eb vete&#8221; e quante pardje n\u00eb artikullin e tij, Pre\u00e7 Zogaj, \u00e7adr\u00ebn e grevist\u00ebve t\u00eb uris\u00eb. Pre\u00e7i \u00ebsht\u00eb si gjithmon\u00eb i qart\u00eb dhe inteligjent, por ka di\u00e7ka q\u00eb ai nuk e thot\u00eb akoma. Edhe t\u00eb tjer\u00eb nga opozita stepen ta thon\u00eb. Dyshoj se do mund ta mbajn\u00eb t\u00eb [&hellip;]<\/p>\n","protected":false},"author":1,"featured_media":0,"comment_status":"open","ping_status":"closed","sticky":false,"template":"","format":"standard","meta":{"footnotes":""},"categories":[2],"tags":[],"class_list":{"0":"post-2571","1":"post","2":"type-post","3":"status-publish","4":"format-standard","6":"category-artikuj"},"yoast_head":"<!-- This site is optimized with the Yoast SEO plugin v27.4 - https:\/\/yoast.com\/product\/yoast-seo-wordpress\/ -->\n<title>Grevist\u00ebt e uris\u00eb, p\u00ebrball\u00eb Ram\u00ebs, Berish\u00ebs, Nd\u00ebrkomb\u00ebtar\u00ebve dhe Medias - FjALA e LIR\u00cb - Arkivi<\/title>\n<meta name=\"robots\" content=\"index, follow, max-snippet:-1, max-image-preview:large, max-video-preview:-1\" \/>\n<link rel=\"canonical\" href=\"https:\/\/fjala.info\/2009-2015\/grevistet-e-urise-perballe-rames-berishes-nderkombetareve-dhe-medias\/\" \/>\n<meta property=\"og:locale\" content=\"sq_AL\" \/>\n<meta property=\"og:type\" content=\"article\" \/>\n<meta property=\"og:title\" content=\"Grevist\u00ebt e uris\u00eb, p\u00ebrball\u00eb Ram\u00ebs, Berish\u00ebs, Nd\u00ebrkomb\u00ebtar\u00ebve dhe Medias - FjALA e LIR\u00cb - Arkivi\" \/>\n<meta property=\"og:description\" content=\"Adrian Thano, 12.05.2010 GREVIST\u00cbT DHE RAMA &#8220;Instanc\u00eb m\u00eb vete&#8221; e quante pardje n\u00eb artikullin e tij, Pre\u00e7 Zogaj, \u00e7adr\u00ebn e grevist\u00ebve t\u00eb uris\u00eb. Pre\u00e7i \u00ebsht\u00eb si gjithmon\u00eb i qart\u00eb dhe inteligjent, por ka di\u00e7ka q\u00eb ai nuk e thot\u00eb akoma. Edhe t\u00eb tjer\u00eb nga opozita stepen ta thon\u00eb. Dyshoj se do mund ta mbajn\u00eb t\u00eb [&hellip;]\" \/>\n<meta property=\"og:url\" content=\"https:\/\/fjala.info\/2009-2015\/grevistet-e-urise-perballe-rames-berishes-nderkombetareve-dhe-medias\/\" \/>\n<meta property=\"og:site_name\" content=\"FjALA e LIR\u00cb - Arkivi\" \/>\n<meta property=\"article:published_time\" content=\"2010-05-12T08:38:44+00:00\" \/>\n<meta property=\"og:image\" content=\"http:\/\/www.shkoder.net\/images\/fjala\/adrian_thano.jpg\" \/>\n<meta name=\"author\" content=\"admin\" \/>\n<meta name=\"twitter:card\" content=\"summary_large_image\" \/>\n<meta name=\"twitter:label1\" content=\"Written by\" \/>\n\t<meta name=\"twitter:data1\" content=\"admin\" \/>\n\t<meta name=\"twitter:label2\" content=\"Est. reading time\" \/>\n\t<meta name=\"twitter:data2\" content=\"12 minutes\" \/>\n<script type=\"application\/ld+json\" class=\"yoast-schema-graph\">{\"@context\":\"https:\\\/\\\/schema.org\",\"@graph\":[{\"@type\":\"Article\",\"@id\":\"https:\\\/\\\/fjala.info\\\/2009-2015\\\/grevistet-e-urise-perballe-rames-berishes-nderkombetareve-dhe-medias\\\/#article\",\"isPartOf\":{\"@id\":\"https:\\\/\\\/fjala.info\\\/2009-2015\\\/grevistet-e-urise-perballe-rames-berishes-nderkombetareve-dhe-medias\\\/\"},\"author\":{\"name\":\"admin\",\"@id\":\"https:\\\/\\\/fjala.info\\\/2009-2015\\\/#\\\/schema\\\/person\\\/3aa1163ef05469c496fc94e77611ada2\"},\"headline\":\"Grevist\u00ebt e uris\u00eb, p\u00ebrball\u00eb Ram\u00ebs, Berish\u00ebs, Nd\u00ebrkomb\u00ebtar\u00ebve dhe Medias\",\"datePublished\":\"2010-05-12T08:38:44+00:00\",\"mainEntityOfPage\":{\"@id\":\"https:\\\/\\\/fjala.info\\\/2009-2015\\\/grevistet-e-urise-perballe-rames-berishes-nderkombetareve-dhe-medias\\\/\"},\"wordCount\":2406,\"commentCount\":0,\"publisher\":{\"@id\":\"https:\\\/\\\/fjala.info\\\/2009-2015\\\/#organization\"},\"image\":{\"@id\":\"https:\\\/\\\/fjala.info\\\/2009-2015\\\/grevistet-e-urise-perballe-rames-berishes-nderkombetareve-dhe-medias\\\/#primaryimage\"},\"thumbnailUrl\":\"http:\\\/\\\/www.shkoder.net\\\/images\\\/fjala\\\/adrian_thano.jpg\",\"articleSection\":[\"Artikuj\"],\"inLanguage\":\"sq-AL\",\"potentialAction\":[{\"@type\":\"CommentAction\",\"name\":\"Comment\",\"target\":[\"https:\\\/\\\/fjala.info\\\/2009-2015\\\/grevistet-e-urise-perballe-rames-berishes-nderkombetareve-dhe-medias\\\/#respond\"]}]},{\"@type\":\"WebPage\",\"@id\":\"https:\\\/\\\/fjala.info\\\/2009-2015\\\/grevistet-e-urise-perballe-rames-berishes-nderkombetareve-dhe-medias\\\/\",\"url\":\"https:\\\/\\\/fjala.info\\\/2009-2015\\\/grevistet-e-urise-perballe-rames-berishes-nderkombetareve-dhe-medias\\\/\",\"name\":\"Grevist\u00ebt e uris\u00eb, p\u00ebrball\u00eb Ram\u00ebs, Berish\u00ebs, Nd\u00ebrkomb\u00ebtar\u00ebve dhe Medias - FjALA e LIR\u00cb - Arkivi\",\"isPartOf\":{\"@id\":\"https:\\\/\\\/fjala.info\\\/2009-2015\\\/#website\"},\"primaryImageOfPage\":{\"@id\":\"https:\\\/\\\/fjala.info\\\/2009-2015\\\/grevistet-e-urise-perballe-rames-berishes-nderkombetareve-dhe-medias\\\/#primaryimage\"},\"image\":{\"@id\":\"https:\\\/\\\/fjala.info\\\/2009-2015\\\/grevistet-e-urise-perballe-rames-berishes-nderkombetareve-dhe-medias\\\/#primaryimage\"},\"thumbnailUrl\":\"http:\\\/\\\/www.shkoder.net\\\/images\\\/fjala\\\/adrian_thano.jpg\",\"datePublished\":\"2010-05-12T08:38:44+00:00\",\"breadcrumb\":{\"@id\":\"https:\\\/\\\/fjala.info\\\/2009-2015\\\/grevistet-e-urise-perballe-rames-berishes-nderkombetareve-dhe-medias\\\/#breadcrumb\"},\"inLanguage\":\"sq-AL\",\"potentialAction\":[{\"@type\":\"ReadAction\",\"target\":[\"https:\\\/\\\/fjala.info\\\/2009-2015\\\/grevistet-e-urise-perballe-rames-berishes-nderkombetareve-dhe-medias\\\/\"]}]},{\"@type\":\"ImageObject\",\"inLanguage\":\"sq-AL\",\"@id\":\"https:\\\/\\\/fjala.info\\\/2009-2015\\\/grevistet-e-urise-perballe-rames-berishes-nderkombetareve-dhe-medias\\\/#primaryimage\",\"url\":\"http:\\\/\\\/www.shkoder.net\\\/images\\\/fjala\\\/adrian_thano.jpg\",\"contentUrl\":\"http:\\\/\\\/www.shkoder.net\\\/images\\\/fjala\\\/adrian_thano.jpg\"},{\"@type\":\"BreadcrumbList\",\"@id\":\"https:\\\/\\\/fjala.info\\\/2009-2015\\\/grevistet-e-urise-perballe-rames-berishes-nderkombetareve-dhe-medias\\\/#breadcrumb\",\"itemListElement\":[{\"@type\":\"ListItem\",\"position\":1,\"name\":\"Home\",\"item\":\"https:\\\/\\\/fjala.info\\\/2009-2015\\\/\"},{\"@type\":\"ListItem\",\"position\":2,\"name\":\"Grevist\u00ebt e uris\u00eb, p\u00ebrball\u00eb Ram\u00ebs, Berish\u00ebs, Nd\u00ebrkomb\u00ebtar\u00ebve dhe Medias\"}]},{\"@type\":\"WebSite\",\"@id\":\"https:\\\/\\\/fjala.info\\\/2009-2015\\\/#website\",\"url\":\"https:\\\/\\\/fjala.info\\\/2009-2015\\\/\",\"name\":\"FjALA e LIR\u00cb - Arkivi\",\"description\":\"Arkivi 2009-2015\",\"publisher\":{\"@id\":\"https:\\\/\\\/fjala.info\\\/2009-2015\\\/#organization\"},\"potentialAction\":[{\"@type\":\"SearchAction\",\"target\":{\"@type\":\"EntryPoint\",\"urlTemplate\":\"https:\\\/\\\/fjala.info\\\/2009-2015\\\/?s={search_term_string}\"},\"query-input\":{\"@type\":\"PropertyValueSpecification\",\"valueRequired\":true,\"valueName\":\"search_term_string\"}}],\"inLanguage\":\"sq-AL\"},{\"@type\":\"Organization\",\"@id\":\"https:\\\/\\\/fjala.info\\\/2009-2015\\\/#organization\",\"name\":\"FjALA e LIR\u00cb - Arkivi\",\"url\":\"https:\\\/\\\/fjala.info\\\/2009-2015\\\/\",\"logo\":{\"@type\":\"ImageObject\",\"inLanguage\":\"sq-AL\",\"@id\":\"https:\\\/\\\/fjala.info\\\/2009-2015\\\/#\\\/schema\\\/logo\\\/image\\\/\",\"url\":\"\",\"contentUrl\":\"\",\"caption\":\"FjALA e LIR\u00cb - Arkivi\"},\"image\":{\"@id\":\"https:\\\/\\\/fjala.info\\\/2009-2015\\\/#\\\/schema\\\/logo\\\/image\\\/\"}},{\"@type\":\"Person\",\"@id\":\"https:\\\/\\\/fjala.info\\\/2009-2015\\\/#\\\/schema\\\/person\\\/3aa1163ef05469c496fc94e77611ada2\",\"name\":\"admin\",\"image\":{\"@type\":\"ImageObject\",\"inLanguage\":\"sq-AL\",\"@id\":\"https:\\\/\\\/fjala.info\\\/2009-2015\\\/wp-content\\\/uploads\\\/2012\\\/02\\\/arben_cokaj-120x150.jpg\",\"url\":\"https:\\\/\\\/fjala.info\\\/2009-2015\\\/wp-content\\\/uploads\\\/2012\\\/02\\\/arben_cokaj-120x150.jpg\",\"contentUrl\":\"https:\\\/\\\/fjala.info\\\/2009-2015\\\/wp-content\\\/uploads\\\/2012\\\/02\\\/arben_cokaj-120x150.jpg\",\"caption\":\"admin\"},\"description\":\"Admin, Fjala e Lir\u00eb\",\"sameAs\":[\"https:\\\/\\\/fjala.info\\\/\"],\"url\":\"https:\\\/\\\/fjala.info\\\/2009-2015\\\/author\\\/admin\\\/\"}]}<\/script>\n<!-- \/ Yoast SEO plugin. -->","yoast_head_json":{"title":"Grevist\u00ebt e uris\u00eb, p\u00ebrball\u00eb Ram\u00ebs, Berish\u00ebs, Nd\u00ebrkomb\u00ebtar\u00ebve dhe Medias - FjALA e LIR\u00cb - Arkivi","robots":{"index":"index","follow":"follow","max-snippet":"max-snippet:-1","max-image-preview":"max-image-preview:large","max-video-preview":"max-video-preview:-1"},"canonical":"https:\/\/fjala.info\/2009-2015\/grevistet-e-urise-perballe-rames-berishes-nderkombetareve-dhe-medias\/","og_locale":"sq_AL","og_type":"article","og_title":"Grevist\u00ebt e uris\u00eb, p\u00ebrball\u00eb Ram\u00ebs, Berish\u00ebs, Nd\u00ebrkomb\u00ebtar\u00ebve dhe Medias - FjALA e LIR\u00cb - Arkivi","og_description":"Adrian Thano, 12.05.2010 GREVIST\u00cbT DHE RAMA &#8220;Instanc\u00eb m\u00eb vete&#8221; e quante pardje n\u00eb artikullin e tij, Pre\u00e7 Zogaj, \u00e7adr\u00ebn e grevist\u00ebve t\u00eb uris\u00eb. Pre\u00e7i \u00ebsht\u00eb si gjithmon\u00eb i qart\u00eb dhe inteligjent, por ka di\u00e7ka q\u00eb ai nuk e thot\u00eb akoma. Edhe t\u00eb tjer\u00eb nga opozita stepen ta thon\u00eb. Dyshoj se do mund ta mbajn\u00eb t\u00eb [&hellip;]","og_url":"https:\/\/fjala.info\/2009-2015\/grevistet-e-urise-perballe-rames-berishes-nderkombetareve-dhe-medias\/","og_site_name":"FjALA e LIR\u00cb - Arkivi","article_published_time":"2010-05-12T08:38:44+00:00","og_image":[{"url":"http:\/\/www.shkoder.net\/images\/fjala\/adrian_thano.jpg","type":"","width":"","height":""}],"author":"admin","twitter_card":"summary_large_image","twitter_misc":{"Written by":"admin","Est. reading time":"12 minutes"},"schema":{"@context":"https:\/\/schema.org","@graph":[{"@type":"Article","@id":"https:\/\/fjala.info\/2009-2015\/grevistet-e-urise-perballe-rames-berishes-nderkombetareve-dhe-medias\/#article","isPartOf":{"@id":"https:\/\/fjala.info\/2009-2015\/grevistet-e-urise-perballe-rames-berishes-nderkombetareve-dhe-medias\/"},"author":{"name":"admin","@id":"https:\/\/fjala.info\/2009-2015\/#\/schema\/person\/3aa1163ef05469c496fc94e77611ada2"},"headline":"Grevist\u00ebt e uris\u00eb, p\u00ebrball\u00eb Ram\u00ebs, Berish\u00ebs, Nd\u00ebrkomb\u00ebtar\u00ebve dhe Medias","datePublished":"2010-05-12T08:38:44+00:00","mainEntityOfPage":{"@id":"https:\/\/fjala.info\/2009-2015\/grevistet-e-urise-perballe-rames-berishes-nderkombetareve-dhe-medias\/"},"wordCount":2406,"commentCount":0,"publisher":{"@id":"https:\/\/fjala.info\/2009-2015\/#organization"},"image":{"@id":"https:\/\/fjala.info\/2009-2015\/grevistet-e-urise-perballe-rames-berishes-nderkombetareve-dhe-medias\/#primaryimage"},"thumbnailUrl":"http:\/\/www.shkoder.net\/images\/fjala\/adrian_thano.jpg","articleSection":["Artikuj"],"inLanguage":"sq-AL","potentialAction":[{"@type":"CommentAction","name":"Comment","target":["https:\/\/fjala.info\/2009-2015\/grevistet-e-urise-perballe-rames-berishes-nderkombetareve-dhe-medias\/#respond"]}]},{"@type":"WebPage","@id":"https:\/\/fjala.info\/2009-2015\/grevistet-e-urise-perballe-rames-berishes-nderkombetareve-dhe-medias\/","url":"https:\/\/fjala.info\/2009-2015\/grevistet-e-urise-perballe-rames-berishes-nderkombetareve-dhe-medias\/","name":"Grevist\u00ebt e uris\u00eb, p\u00ebrball\u00eb Ram\u00ebs, Berish\u00ebs, Nd\u00ebrkomb\u00ebtar\u00ebve dhe Medias - FjALA e LIR\u00cb - Arkivi","isPartOf":{"@id":"https:\/\/fjala.info\/2009-2015\/#website"},"primaryImageOfPage":{"@id":"https:\/\/fjala.info\/2009-2015\/grevistet-e-urise-perballe-rames-berishes-nderkombetareve-dhe-medias\/#primaryimage"},"image":{"@id":"https:\/\/fjala.info\/2009-2015\/grevistet-e-urise-perballe-rames-berishes-nderkombetareve-dhe-medias\/#primaryimage"},"thumbnailUrl":"http:\/\/www.shkoder.net\/images\/fjala\/adrian_thano.jpg","datePublished":"2010-05-12T08:38:44+00:00","breadcrumb":{"@id":"https:\/\/fjala.info\/2009-2015\/grevistet-e-urise-perballe-rames-berishes-nderkombetareve-dhe-medias\/#breadcrumb"},"inLanguage":"sq-AL","potentialAction":[{"@type":"ReadAction","target":["https:\/\/fjala.info\/2009-2015\/grevistet-e-urise-perballe-rames-berishes-nderkombetareve-dhe-medias\/"]}]},{"@type":"ImageObject","inLanguage":"sq-AL","@id":"https:\/\/fjala.info\/2009-2015\/grevistet-e-urise-perballe-rames-berishes-nderkombetareve-dhe-medias\/#primaryimage","url":"http:\/\/www.shkoder.net\/images\/fjala\/adrian_thano.jpg","contentUrl":"http:\/\/www.shkoder.net\/images\/fjala\/adrian_thano.jpg"},{"@type":"BreadcrumbList","@id":"https:\/\/fjala.info\/2009-2015\/grevistet-e-urise-perballe-rames-berishes-nderkombetareve-dhe-medias\/#breadcrumb","itemListElement":[{"@type":"ListItem","position":1,"name":"Home","item":"https:\/\/fjala.info\/2009-2015\/"},{"@type":"ListItem","position":2,"name":"Grevist\u00ebt e uris\u00eb, p\u00ebrball\u00eb Ram\u00ebs, Berish\u00ebs, Nd\u00ebrkomb\u00ebtar\u00ebve dhe Medias"}]},{"@type":"WebSite","@id":"https:\/\/fjala.info\/2009-2015\/#website","url":"https:\/\/fjala.info\/2009-2015\/","name":"FjALA e LIR\u00cb - Arkivi","description":"Arkivi 2009-2015","publisher":{"@id":"https:\/\/fjala.info\/2009-2015\/#organization"},"potentialAction":[{"@type":"SearchAction","target":{"@type":"EntryPoint","urlTemplate":"https:\/\/fjala.info\/2009-2015\/?s={search_term_string}"},"query-input":{"@type":"PropertyValueSpecification","valueRequired":true,"valueName":"search_term_string"}}],"inLanguage":"sq-AL"},{"@type":"Organization","@id":"https:\/\/fjala.info\/2009-2015\/#organization","name":"FjALA e LIR\u00cb - Arkivi","url":"https:\/\/fjala.info\/2009-2015\/","logo":{"@type":"ImageObject","inLanguage":"sq-AL","@id":"https:\/\/fjala.info\/2009-2015\/#\/schema\/logo\/image\/","url":"","contentUrl":"","caption":"FjALA e LIR\u00cb - Arkivi"},"image":{"@id":"https:\/\/fjala.info\/2009-2015\/#\/schema\/logo\/image\/"}},{"@type":"Person","@id":"https:\/\/fjala.info\/2009-2015\/#\/schema\/person\/3aa1163ef05469c496fc94e77611ada2","name":"admin","image":{"@type":"ImageObject","inLanguage":"sq-AL","@id":"https:\/\/fjala.info\/2009-2015\/wp-content\/uploads\/2012\/02\/arben_cokaj-120x150.jpg","url":"https:\/\/fjala.info\/2009-2015\/wp-content\/uploads\/2012\/02\/arben_cokaj-120x150.jpg","contentUrl":"https:\/\/fjala.info\/2009-2015\/wp-content\/uploads\/2012\/02\/arben_cokaj-120x150.jpg","caption":"admin"},"description":"Admin, Fjala e Lir\u00eb","sameAs":["https:\/\/fjala.info\/"],"url":"https:\/\/fjala.info\/2009-2015\/author\/admin\/"}]}},"_links":{"self":[{"href":"https:\/\/fjala.info\/2009-2015\/wp-json\/wp\/v2\/posts\/2571","targetHints":{"allow":["GET"]}}],"collection":[{"href":"https:\/\/fjala.info\/2009-2015\/wp-json\/wp\/v2\/posts"}],"about":[{"href":"https:\/\/fjala.info\/2009-2015\/wp-json\/wp\/v2\/types\/post"}],"author":[{"embeddable":true,"href":"https:\/\/fjala.info\/2009-2015\/wp-json\/wp\/v2\/users\/1"}],"replies":[{"embeddable":true,"href":"https:\/\/fjala.info\/2009-2015\/wp-json\/wp\/v2\/comments?post=2571"}],"version-history":[{"count":0,"href":"https:\/\/fjala.info\/2009-2015\/wp-json\/wp\/v2\/posts\/2571\/revisions"}],"wp:attachment":[{"href":"https:\/\/fjala.info\/2009-2015\/wp-json\/wp\/v2\/media?parent=2571"}],"wp:term":[{"taxonomy":"category","embeddable":true,"href":"https:\/\/fjala.info\/2009-2015\/wp-json\/wp\/v2\/categories?post=2571"},{"taxonomy":"post_tag","embeddable":true,"href":"https:\/\/fjala.info\/2009-2015\/wp-json\/wp\/v2\/tags?post=2571"}],"curies":[{"name":"wp","href":"https:\/\/api.w.org\/{rel}","templated":true}]}}