{"id":2563,"date":"2010-05-11T23:59:43","date_gmt":"2010-05-11T22:59:43","guid":{"rendered":"http:\/\/fjala.shkoder.net\/?p=2563"},"modified":"2010-05-11T23:59:43","modified_gmt":"2010-05-11T22:59:43","slug":"provokimi-i-opozites-nuk-e-zgjidh-krizen","status":"publish","type":"post","link":"https:\/\/fjala.info\/2009-2015\/provokimi-i-opozites-nuk-e-zgjidh-krizen\/","title":{"rendered":"Provokimi i opozit\u00ebs nuk e zgjidh kriz\u00ebn"},"content":{"rendered":"<p><img decoding=\"async\" style=\"margin-left: 10px; margin-right: 10px; border: 0px;\" src=\"http:\/\/www.shkoder.net\/images\/fjala\/mero_baze1.jpg\" border=\"0\" alt=\"Mero Baze\" width=\"100\" align=\"right\" \/><\/p>\n<p>Nga <strong>Mero Baze<\/strong>, &#8220;<em>Faktori Plus<\/em>&#8221;<\/p>\n<p>Opozita shqiptare po p\u00ebrballet me mekanizmat e fundit t\u00eb de-inkurajimit t\u00eb saj n\u00eb periudh\u00ebn m\u00eb kritike t\u00eb zhvillimit t\u00eb protest\u00ebs. Policia ka nisur arrestimet n\u00eb nj\u00eb s\u00ebr\u00eb qytetesh ku protestuesit kan\u00eb tentuar t\u00eb bllokojn\u00eb rrug\u00ebt. Policia ka folur publikisht dhe p\u00ebr kuadrin ligjor ku e mb\u00ebshtet veprimin e saj si nj\u00eb paralajm\u00ebrim i qart\u00eb q\u00eb arrestimet do t\u00eb vazhdojn\u00eb. Ky moment kritik n\u00eb zhvillimin e protest\u00ebs, po ballafaqohet k\u00ebshtu me nj\u00eb gjest t\u00eb qart\u00eb force t\u00eb pushtetit, i cili po p\u00ebrpiqet t\u00eb de-kurajoj\u00eb opozit\u00ebn. Arrestimi i mb\u00ebshtet\u00ebsve t\u00eb opozit\u00ebs mund ta ngrej\u00eb ndjesh\u00ebm tensionin dhe ta fut\u00eb n\u00eb nj\u00eb spirale pa kthim konfrontimin e opozit\u00ebs me policin\u00eb, \u00e7ka do t\u00eb degradonte me shpejt\u00ebsi situat\u00ebn. <\/p>\n<p>Duke tentuar t&#8217;i shkurajoj\u00eb opozitar\u00ebt p\u00ebrmes arrestimeve, Berisha mund t\u00eb krijoj\u00eb vatra t\u00eb reja tensioni jasht\u00eb Tiran\u00ebs dhe n\u00eb p\u00ebrpjekje p\u00ebr t\u00eb izoluar Tiran\u00ebn nga rrethet, mund ta tensionoj\u00eb gjith\u00eb vendin p\u00ebrmes veprimeve t\u00eb tij ekstreme. \u00c7\u00ebshtja e protestave politike nuk mund t\u00eb menaxhohet si \u00e7\u00ebshtje e penaliteteve ordinere. Protestat simbolike politike duhet t\u00eb respektohet dhe t\u00eb trajtohet me maturi. \u00cbsht\u00eb e turpshme q\u00eb n\u00eb p\u00ebrpjekje p\u00ebr t\u00eb provokuar qytetar\u00ebt, ministri i brendsh\u00ebm Lulzim Basha u lexon atyre publikisht Kodin rrugor. <\/p>\n<p>P\u00ebrpara se ministri i Brendsh\u00ebm tu lexoj qytetar\u00ebve shqiptar\u00eb Kodin rrugor, duhet t\u00eb lexoj nj\u00eb here vet\u00eb Kodin Penal, t\u00eb cilin e ka shkelur n\u00eb dhjet\u00eb pika t\u00eb tij, duke u gjetur nga prokuroria shqiptare fajtor\u00eb p\u00ebr shp\u00ebrdorime me s\u00eb paku 220 milion euro. Ky njeri q\u00eb \u00ebsht\u00eb mbrojtur p\u00ebrmes politik\u00ebs nga nj\u00eb krim i verifikuesh\u00ebm k\u00ebrkon t\u00eb dhunoj\u00eb politik\u00ebn me nj\u00eb Kod rrugor. Mjafton kjo diferenc\u00eb n\u00eb raportin q\u00eb ky njeri ka me ligjin, q\u00eb t\u00eb inkurajoj\u00eb qytetar\u00ebt t\u00eb mos p\u00ebrfillin paralajm\u00ebrimet e tij dhe t\u00eb kthejn\u00eb rrug\u00ebt e Shqip\u00ebris\u00eb n\u00eb vatra p\u00ebrleshjeje dhe arrestimesh me policin\u00eb. <\/p>\n<p>Por zoti Basha, i cili \u00ebsht\u00eb personi m\u00eb i r\u00ebnd\u00ebsish\u00ebm i k\u00ebrkuar nga drejt\u00ebsia shqiptare dhe i mbrojtur nga Kryeministri, duhet po ashtu ta dij\u00eb se do t\u00eb mbaj\u00eb p\u00ebrgjegj\u00ebsi n\u00ebse provokimet e tij degradojn\u00eb situat\u00ebn n\u00eb p\u00ebrleshje. Ashtu si\u00e7 ai p\u00ebrpiqet t\u00eb de-kurajoj\u00eb opozit\u00ebn, po ashtu mund t\u00eb ndodh\u00eb q\u00eb militant\u00eb t\u00eb opozit\u00ebs t\u00eb shpartallojn\u00eb policin\u00eb dhe ta de-kurajojn\u00eb at\u00eb, t\u2019u bindet urdhrave t\u00eb tij duke na rikthyer pastaj n\u00eb situat\u00ebn e vitit 1997, \u00e7ka do t\u00eb jet\u00eb nj\u00eb p\u00ebrgjegj\u00ebsi shum\u00eb e r\u00ebnd\u00eb p\u00ebr t\u00eb. <\/p>\n<p>Vet\u00eb Basha ka qen\u00eb emigrant jasht\u00eb Shqip\u00ebris\u00eb n\u00eb at\u00eb koh\u00ebn, por shqiptar\u00ebt q\u00eb kan\u00eb jetuar k\u00ebtu e din\u00eb mir\u00eb \u00e7do t\u00eb thot\u00eb t\u00eb fus\u00ebsh policin\u00eb dhe ushtrin\u00eb kund\u00ebr qytetar\u00ebve dhe pastaj ta l\u00ebsh shtetin n\u00eb m\u00ebshir\u00eb t\u00eb fatit. P\u00ebrpara se qytetar\u00ebt t\u00eb provokohen deri n\u00eb k\u00ebt\u00eb pik\u00eb \u00ebsht\u00eb mir\u00eb q\u00eb situata politike t\u00eb trajtohet me seriozitet dhe qet\u00ebsi dhe jo t\u00eb kthehet provokimi i dhun\u00ebs n\u00eb objektiv qendror t\u00eb qeveris\u00eb. Pasi n\u00eb fund nga dhuna humbasin t\u00eb gjith\u00eb shqiptar\u00ebt, madje dhe zoti Basha pavar\u00ebsisht shtet\u00ebsis\u00eb s\u00eb tij holandeze.<\/p>\n","protected":false},"excerpt":{"rendered":"<p>Nga Mero Baze, &#8220;Faktori Plus&#8221; Opozita shqiptare po p\u00ebrballet me mekanizmat e fundit t\u00eb de-inkurajimit t\u00eb saj n\u00eb periudh\u00ebn m\u00eb kritike t\u00eb zhvillimit t\u00eb protest\u00ebs. Policia ka nisur arrestimet n\u00eb nj\u00eb s\u00ebr\u00eb qytetesh ku protestuesit kan\u00eb tentuar t\u00eb bllokojn\u00eb rrug\u00ebt. Policia ka folur publikisht dhe p\u00ebr kuadrin ligjor ku e mb\u00ebshtet veprimin e saj si [&hellip;]<\/p>\n","protected":false},"author":1,"featured_media":0,"comment_status":"open","ping_status":"closed","sticky":false,"template":"","format":"standard","meta":{"footnotes":""},"categories":[2],"tags":[],"class_list":{"0":"post-2563","1":"post","2":"type-post","3":"status-publish","4":"format-standard","6":"category-artikuj"},"yoast_head":"<!-- This site is optimized with the Yoast SEO plugin v27.4 - https:\/\/yoast.com\/product\/yoast-seo-wordpress\/ -->\n<title>Provokimi i opozit\u00ebs nuk e zgjidh kriz\u00ebn - FjALA e LIR\u00cb - Arkivi<\/title>\n<meta name=\"robots\" content=\"index, follow, max-snippet:-1, max-image-preview:large, max-video-preview:-1\" \/>\n<link rel=\"canonical\" href=\"https:\/\/fjala.info\/2009-2015\/provokimi-i-opozites-nuk-e-zgjidh-krizen\/\" \/>\n<meta property=\"og:locale\" content=\"sq_AL\" \/>\n<meta property=\"og:type\" content=\"article\" \/>\n<meta property=\"og:title\" content=\"Provokimi i opozit\u00ebs nuk e zgjidh kriz\u00ebn - FjALA e LIR\u00cb - Arkivi\" \/>\n<meta property=\"og:description\" content=\"Nga Mero Baze, &#8220;Faktori Plus&#8221; Opozita shqiptare po p\u00ebrballet me mekanizmat e fundit t\u00eb de-inkurajimit t\u00eb saj n\u00eb periudh\u00ebn m\u00eb kritike t\u00eb zhvillimit t\u00eb protest\u00ebs. Policia ka nisur arrestimet n\u00eb nj\u00eb s\u00ebr\u00eb qytetesh ku protestuesit kan\u00eb tentuar t\u00eb bllokojn\u00eb rrug\u00ebt. Policia ka folur publikisht dhe p\u00ebr kuadrin ligjor ku e mb\u00ebshtet veprimin e saj si [&hellip;]\" \/>\n<meta property=\"og:url\" content=\"https:\/\/fjala.info\/2009-2015\/provokimi-i-opozites-nuk-e-zgjidh-krizen\/\" \/>\n<meta property=\"og:site_name\" content=\"FjALA e LIR\u00cb - Arkivi\" \/>\n<meta property=\"article:published_time\" content=\"2010-05-11T22:59:43+00:00\" \/>\n<meta property=\"og:image\" content=\"http:\/\/www.shkoder.net\/images\/fjala\/mero_baze1.jpg\" \/>\n<meta name=\"author\" content=\"admin\" \/>\n<meta name=\"twitter:card\" content=\"summary_large_image\" \/>\n<meta name=\"twitter:label1\" content=\"Written by\" \/>\n\t<meta name=\"twitter:data1\" content=\"admin\" \/>\n\t<meta name=\"twitter:label2\" content=\"Est. reading time\" \/>\n\t<meta name=\"twitter:data2\" content=\"3 minutes\" \/>\n<script type=\"application\/ld+json\" class=\"yoast-schema-graph\">{\"@context\":\"https:\\\/\\\/schema.org\",\"@graph\":[{\"@type\":\"Article\",\"@id\":\"https:\\\/\\\/fjala.info\\\/2009-2015\\\/provokimi-i-opozites-nuk-e-zgjidh-krizen\\\/#article\",\"isPartOf\":{\"@id\":\"https:\\\/\\\/fjala.info\\\/2009-2015\\\/provokimi-i-opozites-nuk-e-zgjidh-krizen\\\/\"},\"author\":{\"name\":\"admin\",\"@id\":\"https:\\\/\\\/fjala.info\\\/2009-2015\\\/#\\\/schema\\\/person\\\/3aa1163ef05469c496fc94e77611ada2\"},\"headline\":\"Provokimi i opozit\u00ebs nuk e zgjidh kriz\u00ebn\",\"datePublished\":\"2010-05-11T22:59:43+00:00\",\"mainEntityOfPage\":{\"@id\":\"https:\\\/\\\/fjala.info\\\/2009-2015\\\/provokimi-i-opozites-nuk-e-zgjidh-krizen\\\/\"},\"wordCount\":562,\"commentCount\":0,\"publisher\":{\"@id\":\"https:\\\/\\\/fjala.info\\\/2009-2015\\\/#organization\"},\"image\":{\"@id\":\"https:\\\/\\\/fjala.info\\\/2009-2015\\\/provokimi-i-opozites-nuk-e-zgjidh-krizen\\\/#primaryimage\"},\"thumbnailUrl\":\"http:\\\/\\\/www.shkoder.net\\\/images\\\/fjala\\\/mero_baze1.jpg\",\"articleSection\":[\"Artikuj\"],\"inLanguage\":\"sq-AL\",\"potentialAction\":[{\"@type\":\"CommentAction\",\"name\":\"Comment\",\"target\":[\"https:\\\/\\\/fjala.info\\\/2009-2015\\\/provokimi-i-opozites-nuk-e-zgjidh-krizen\\\/#respond\"]}]},{\"@type\":\"WebPage\",\"@id\":\"https:\\\/\\\/fjala.info\\\/2009-2015\\\/provokimi-i-opozites-nuk-e-zgjidh-krizen\\\/\",\"url\":\"https:\\\/\\\/fjala.info\\\/2009-2015\\\/provokimi-i-opozites-nuk-e-zgjidh-krizen\\\/\",\"name\":\"Provokimi i opozit\u00ebs nuk e zgjidh kriz\u00ebn - FjALA e LIR\u00cb - Arkivi\",\"isPartOf\":{\"@id\":\"https:\\\/\\\/fjala.info\\\/2009-2015\\\/#website\"},\"primaryImageOfPage\":{\"@id\":\"https:\\\/\\\/fjala.info\\\/2009-2015\\\/provokimi-i-opozites-nuk-e-zgjidh-krizen\\\/#primaryimage\"},\"image\":{\"@id\":\"https:\\\/\\\/fjala.info\\\/2009-2015\\\/provokimi-i-opozites-nuk-e-zgjidh-krizen\\\/#primaryimage\"},\"thumbnailUrl\":\"http:\\\/\\\/www.shkoder.net\\\/images\\\/fjala\\\/mero_baze1.jpg\",\"datePublished\":\"2010-05-11T22:59:43+00:00\",\"breadcrumb\":{\"@id\":\"https:\\\/\\\/fjala.info\\\/2009-2015\\\/provokimi-i-opozites-nuk-e-zgjidh-krizen\\\/#breadcrumb\"},\"inLanguage\":\"sq-AL\",\"potentialAction\":[{\"@type\":\"ReadAction\",\"target\":[\"https:\\\/\\\/fjala.info\\\/2009-2015\\\/provokimi-i-opozites-nuk-e-zgjidh-krizen\\\/\"]}]},{\"@type\":\"ImageObject\",\"inLanguage\":\"sq-AL\",\"@id\":\"https:\\\/\\\/fjala.info\\\/2009-2015\\\/provokimi-i-opozites-nuk-e-zgjidh-krizen\\\/#primaryimage\",\"url\":\"http:\\\/\\\/www.shkoder.net\\\/images\\\/fjala\\\/mero_baze1.jpg\",\"contentUrl\":\"http:\\\/\\\/www.shkoder.net\\\/images\\\/fjala\\\/mero_baze1.jpg\"},{\"@type\":\"BreadcrumbList\",\"@id\":\"https:\\\/\\\/fjala.info\\\/2009-2015\\\/provokimi-i-opozites-nuk-e-zgjidh-krizen\\\/#breadcrumb\",\"itemListElement\":[{\"@type\":\"ListItem\",\"position\":1,\"name\":\"Home\",\"item\":\"https:\\\/\\\/fjala.info\\\/2009-2015\\\/\"},{\"@type\":\"ListItem\",\"position\":2,\"name\":\"Provokimi i opozit\u00ebs nuk e zgjidh kriz\u00ebn\"}]},{\"@type\":\"WebSite\",\"@id\":\"https:\\\/\\\/fjala.info\\\/2009-2015\\\/#website\",\"url\":\"https:\\\/\\\/fjala.info\\\/2009-2015\\\/\",\"name\":\"FjALA e LIR\u00cb - Arkivi\",\"description\":\"Arkivi 2009-2015\",\"publisher\":{\"@id\":\"https:\\\/\\\/fjala.info\\\/2009-2015\\\/#organization\"},\"potentialAction\":[{\"@type\":\"SearchAction\",\"target\":{\"@type\":\"EntryPoint\",\"urlTemplate\":\"https:\\\/\\\/fjala.info\\\/2009-2015\\\/?s={search_term_string}\"},\"query-input\":{\"@type\":\"PropertyValueSpecification\",\"valueRequired\":true,\"valueName\":\"search_term_string\"}}],\"inLanguage\":\"sq-AL\"},{\"@type\":\"Organization\",\"@id\":\"https:\\\/\\\/fjala.info\\\/2009-2015\\\/#organization\",\"name\":\"FjALA e LIR\u00cb - Arkivi\",\"url\":\"https:\\\/\\\/fjala.info\\\/2009-2015\\\/\",\"logo\":{\"@type\":\"ImageObject\",\"inLanguage\":\"sq-AL\",\"@id\":\"https:\\\/\\\/fjala.info\\\/2009-2015\\\/#\\\/schema\\\/logo\\\/image\\\/\",\"url\":\"\",\"contentUrl\":\"\",\"caption\":\"FjALA e LIR\u00cb - Arkivi\"},\"image\":{\"@id\":\"https:\\\/\\\/fjala.info\\\/2009-2015\\\/#\\\/schema\\\/logo\\\/image\\\/\"}},{\"@type\":\"Person\",\"@id\":\"https:\\\/\\\/fjala.info\\\/2009-2015\\\/#\\\/schema\\\/person\\\/3aa1163ef05469c496fc94e77611ada2\",\"name\":\"admin\",\"image\":{\"@type\":\"ImageObject\",\"inLanguage\":\"sq-AL\",\"@id\":\"https:\\\/\\\/fjala.info\\\/2009-2015\\\/wp-content\\\/uploads\\\/2012\\\/02\\\/arben_cokaj-120x150.jpg\",\"url\":\"https:\\\/\\\/fjala.info\\\/2009-2015\\\/wp-content\\\/uploads\\\/2012\\\/02\\\/arben_cokaj-120x150.jpg\",\"contentUrl\":\"https:\\\/\\\/fjala.info\\\/2009-2015\\\/wp-content\\\/uploads\\\/2012\\\/02\\\/arben_cokaj-120x150.jpg\",\"caption\":\"admin\"},\"description\":\"Admin, Fjala e Lir\u00eb\",\"sameAs\":[\"https:\\\/\\\/fjala.info\\\/\"],\"url\":\"https:\\\/\\\/fjala.info\\\/2009-2015\\\/author\\\/admin\\\/\"}]}<\/script>\n<!-- \/ Yoast SEO plugin. -->","yoast_head_json":{"title":"Provokimi i opozit\u00ebs nuk e zgjidh kriz\u00ebn - FjALA e LIR\u00cb - Arkivi","robots":{"index":"index","follow":"follow","max-snippet":"max-snippet:-1","max-image-preview":"max-image-preview:large","max-video-preview":"max-video-preview:-1"},"canonical":"https:\/\/fjala.info\/2009-2015\/provokimi-i-opozites-nuk-e-zgjidh-krizen\/","og_locale":"sq_AL","og_type":"article","og_title":"Provokimi i opozit\u00ebs nuk e zgjidh kriz\u00ebn - FjALA e LIR\u00cb - Arkivi","og_description":"Nga Mero Baze, &#8220;Faktori Plus&#8221; Opozita shqiptare po p\u00ebrballet me mekanizmat e fundit t\u00eb de-inkurajimit t\u00eb saj n\u00eb periudh\u00ebn m\u00eb kritike t\u00eb zhvillimit t\u00eb protest\u00ebs. Policia ka nisur arrestimet n\u00eb nj\u00eb s\u00ebr\u00eb qytetesh ku protestuesit kan\u00eb tentuar t\u00eb bllokojn\u00eb rrug\u00ebt. Policia ka folur publikisht dhe p\u00ebr kuadrin ligjor ku e mb\u00ebshtet veprimin e saj si [&hellip;]","og_url":"https:\/\/fjala.info\/2009-2015\/provokimi-i-opozites-nuk-e-zgjidh-krizen\/","og_site_name":"FjALA e LIR\u00cb - Arkivi","article_published_time":"2010-05-11T22:59:43+00:00","og_image":[{"url":"http:\/\/www.shkoder.net\/images\/fjala\/mero_baze1.jpg","type":"","width":"","height":""}],"author":"admin","twitter_card":"summary_large_image","twitter_misc":{"Written by":"admin","Est. reading time":"3 minutes"},"schema":{"@context":"https:\/\/schema.org","@graph":[{"@type":"Article","@id":"https:\/\/fjala.info\/2009-2015\/provokimi-i-opozites-nuk-e-zgjidh-krizen\/#article","isPartOf":{"@id":"https:\/\/fjala.info\/2009-2015\/provokimi-i-opozites-nuk-e-zgjidh-krizen\/"},"author":{"name":"admin","@id":"https:\/\/fjala.info\/2009-2015\/#\/schema\/person\/3aa1163ef05469c496fc94e77611ada2"},"headline":"Provokimi i opozit\u00ebs nuk e zgjidh kriz\u00ebn","datePublished":"2010-05-11T22:59:43+00:00","mainEntityOfPage":{"@id":"https:\/\/fjala.info\/2009-2015\/provokimi-i-opozites-nuk-e-zgjidh-krizen\/"},"wordCount":562,"commentCount":0,"publisher":{"@id":"https:\/\/fjala.info\/2009-2015\/#organization"},"image":{"@id":"https:\/\/fjala.info\/2009-2015\/provokimi-i-opozites-nuk-e-zgjidh-krizen\/#primaryimage"},"thumbnailUrl":"http:\/\/www.shkoder.net\/images\/fjala\/mero_baze1.jpg","articleSection":["Artikuj"],"inLanguage":"sq-AL","potentialAction":[{"@type":"CommentAction","name":"Comment","target":["https:\/\/fjala.info\/2009-2015\/provokimi-i-opozites-nuk-e-zgjidh-krizen\/#respond"]}]},{"@type":"WebPage","@id":"https:\/\/fjala.info\/2009-2015\/provokimi-i-opozites-nuk-e-zgjidh-krizen\/","url":"https:\/\/fjala.info\/2009-2015\/provokimi-i-opozites-nuk-e-zgjidh-krizen\/","name":"Provokimi i opozit\u00ebs nuk e zgjidh kriz\u00ebn - FjALA e LIR\u00cb - Arkivi","isPartOf":{"@id":"https:\/\/fjala.info\/2009-2015\/#website"},"primaryImageOfPage":{"@id":"https:\/\/fjala.info\/2009-2015\/provokimi-i-opozites-nuk-e-zgjidh-krizen\/#primaryimage"},"image":{"@id":"https:\/\/fjala.info\/2009-2015\/provokimi-i-opozites-nuk-e-zgjidh-krizen\/#primaryimage"},"thumbnailUrl":"http:\/\/www.shkoder.net\/images\/fjala\/mero_baze1.jpg","datePublished":"2010-05-11T22:59:43+00:00","breadcrumb":{"@id":"https:\/\/fjala.info\/2009-2015\/provokimi-i-opozites-nuk-e-zgjidh-krizen\/#breadcrumb"},"inLanguage":"sq-AL","potentialAction":[{"@type":"ReadAction","target":["https:\/\/fjala.info\/2009-2015\/provokimi-i-opozites-nuk-e-zgjidh-krizen\/"]}]},{"@type":"ImageObject","inLanguage":"sq-AL","@id":"https:\/\/fjala.info\/2009-2015\/provokimi-i-opozites-nuk-e-zgjidh-krizen\/#primaryimage","url":"http:\/\/www.shkoder.net\/images\/fjala\/mero_baze1.jpg","contentUrl":"http:\/\/www.shkoder.net\/images\/fjala\/mero_baze1.jpg"},{"@type":"BreadcrumbList","@id":"https:\/\/fjala.info\/2009-2015\/provokimi-i-opozites-nuk-e-zgjidh-krizen\/#breadcrumb","itemListElement":[{"@type":"ListItem","position":1,"name":"Home","item":"https:\/\/fjala.info\/2009-2015\/"},{"@type":"ListItem","position":2,"name":"Provokimi i opozit\u00ebs nuk e zgjidh kriz\u00ebn"}]},{"@type":"WebSite","@id":"https:\/\/fjala.info\/2009-2015\/#website","url":"https:\/\/fjala.info\/2009-2015\/","name":"FjALA e LIR\u00cb - Arkivi","description":"Arkivi 2009-2015","publisher":{"@id":"https:\/\/fjala.info\/2009-2015\/#organization"},"potentialAction":[{"@type":"SearchAction","target":{"@type":"EntryPoint","urlTemplate":"https:\/\/fjala.info\/2009-2015\/?s={search_term_string}"},"query-input":{"@type":"PropertyValueSpecification","valueRequired":true,"valueName":"search_term_string"}}],"inLanguage":"sq-AL"},{"@type":"Organization","@id":"https:\/\/fjala.info\/2009-2015\/#organization","name":"FjALA e LIR\u00cb - Arkivi","url":"https:\/\/fjala.info\/2009-2015\/","logo":{"@type":"ImageObject","inLanguage":"sq-AL","@id":"https:\/\/fjala.info\/2009-2015\/#\/schema\/logo\/image\/","url":"","contentUrl":"","caption":"FjALA e LIR\u00cb - Arkivi"},"image":{"@id":"https:\/\/fjala.info\/2009-2015\/#\/schema\/logo\/image\/"}},{"@type":"Person","@id":"https:\/\/fjala.info\/2009-2015\/#\/schema\/person\/3aa1163ef05469c496fc94e77611ada2","name":"admin","image":{"@type":"ImageObject","inLanguage":"sq-AL","@id":"https:\/\/fjala.info\/2009-2015\/wp-content\/uploads\/2012\/02\/arben_cokaj-120x150.jpg","url":"https:\/\/fjala.info\/2009-2015\/wp-content\/uploads\/2012\/02\/arben_cokaj-120x150.jpg","contentUrl":"https:\/\/fjala.info\/2009-2015\/wp-content\/uploads\/2012\/02\/arben_cokaj-120x150.jpg","caption":"admin"},"description":"Admin, Fjala e Lir\u00eb","sameAs":["https:\/\/fjala.info\/"],"url":"https:\/\/fjala.info\/2009-2015\/author\/admin\/"}]}},"_links":{"self":[{"href":"https:\/\/fjala.info\/2009-2015\/wp-json\/wp\/v2\/posts\/2563","targetHints":{"allow":["GET"]}}],"collection":[{"href":"https:\/\/fjala.info\/2009-2015\/wp-json\/wp\/v2\/posts"}],"about":[{"href":"https:\/\/fjala.info\/2009-2015\/wp-json\/wp\/v2\/types\/post"}],"author":[{"embeddable":true,"href":"https:\/\/fjala.info\/2009-2015\/wp-json\/wp\/v2\/users\/1"}],"replies":[{"embeddable":true,"href":"https:\/\/fjala.info\/2009-2015\/wp-json\/wp\/v2\/comments?post=2563"}],"version-history":[{"count":0,"href":"https:\/\/fjala.info\/2009-2015\/wp-json\/wp\/v2\/posts\/2563\/revisions"}],"wp:attachment":[{"href":"https:\/\/fjala.info\/2009-2015\/wp-json\/wp\/v2\/media?parent=2563"}],"wp:term":[{"taxonomy":"category","embeddable":true,"href":"https:\/\/fjala.info\/2009-2015\/wp-json\/wp\/v2\/categories?post=2563"},{"taxonomy":"post_tag","embeddable":true,"href":"https:\/\/fjala.info\/2009-2015\/wp-json\/wp\/v2\/tags?post=2563"}],"curies":[{"name":"wp","href":"https:\/\/api.w.org\/{rel}","templated":true}]}}