{"id":2557,"date":"2010-05-11T23:48:27","date_gmt":"2010-05-11T22:48:27","guid":{"rendered":"http:\/\/fjala.shkoder.net\/?p=2557"},"modified":"2010-05-11T23:48:27","modified_gmt":"2010-05-11T22:48:27","slug":"ndotja-nga-nafta-e-tacit-helmon-ballshin","status":"publish","type":"post","link":"https:\/\/fjala.info\/2009-2015\/ndotja-nga-nafta-e-tacit-helmon-ballshin\/","title":{"rendered":"Ndotja nga nafta e Tacit, helmon Ballshin"},"content":{"rendered":"<p>Nga <strong>TemA<\/strong><\/p>\n<p>Mbi 150 persona ka arritur numuri I te shtrurave ne spital nga qyteti I Ballshit, p\u00ebr shkak t\u00eb asaj q\u00eb dyshohet si nj\u00eb epidemic e shkaktuar nga ndotja e ujit t\u00eb pijsh\u00ebm nga rafineria e Ballshit, e cila \u00ebsht\u00eb burim ndotje n\u00eb qytet. Burimet spitalore, thon\u00eb dyshimi i par\u00eb \u00ebsht\u00eb p\u00ebr nj\u00eb helmim nga uji i pijsh\u00ebm, por nuk p\u00ebrjashtohet mund\u00ebsia dhe nga intesiteti I lart q \u00ebka shkaktuar n\u00eb a\u00ebr ndotja e thell\u00eb e mjedisit nga Rafineria.<\/p>\n<p>Pacientet jane paraqitur me simptoma te helmimit dhe shenj aanaloge, cka do t\u00eb thot\u00eb se \u00ebsht\u00eb I nj\u00ebti burim epidiemie. Ministria e Sh\u00ebndet\u00ebsis\u00eb, e cila njofton se ka ngritur nj\u00eb grup p\u00ebr hetimin e situat\u00ebs. Gjate nje prononcimi televiziv, drejtori i ISHP-se, Alban Ylli ka njoftuar se Ministria e Shendetesise ka urdheruar bllokimin e ujit te pijshem ne gjithe zonen, per te mundesuar lokalizimin e vatres.<\/p>\n<p>Rafineria e Ballshit qysh pas privatizmit t\u00eb saj po kthehet n\u00eb nj\u00eb ndot\u00ebse t\u00eb madhe t\u00eb mjedisit p\u00ebr shkak t\u00eb mosp\u00ebrpunimit t\u00eb naft\u00ebs sipas linj\u00ebs tekonologjike, por filtrimit t\u00eb naft\u00ebs D2 n\u00eb m\u00ebnyr\u00eb mekanike. Kjo ka shtuar ndjehs\u00ebm ndotjen e mjedisit dhe derdhjen e l\u00ebnd\u00ebve t\u00eb rrezikshme n\u00eb sip\u00ebrfaqe, t\u00eb cilat mund t\u00eb ken\u00eb dep\u00ebrtuar n\u00eb burimet ujore t\u00eb qytetit.<\/p>\n<p>Armo, pron\u00eb e s\u00eb cil\u00ebs \u00ebsht\u00eb Rafineria nuk ka b\u00ebr\u00eb ende ndonj\u00eb deklarat\u00eb rreth situat\u00ebs, por mediat n\u00ebn kontrollin e Rezart Tacit kan\u00eb fshehur lajmin cka rrit dyshimet se shkaku mund t\u00eb jet\u00eb t\u00eb ndotja e mjedisit prej rafineris\u00eb.<\/p>\n","protected":false},"excerpt":{"rendered":"<p>Nga TemA Mbi 150 persona ka arritur numuri I te shtrurave ne spital nga qyteti I Ballshit, p\u00ebr shkak t\u00eb asaj q\u00eb dyshohet si nj\u00eb epidemic e shkaktuar nga ndotja e ujit t\u00eb pijsh\u00ebm nga rafineria e Ballshit, e cila \u00ebsht\u00eb burim ndotje n\u00eb qytet. Burimet spitalore, thon\u00eb dyshimi i par\u00eb \u00ebsht\u00eb p\u00ebr nj\u00eb helmim [&hellip;]<\/p>\n","protected":false},"author":1,"featured_media":0,"comment_status":"open","ping_status":"closed","sticky":false,"template":"","format":"standard","meta":{"footnotes":""},"categories":[2],"tags":[],"class_list":{"0":"post-2557","1":"post","2":"type-post","3":"status-publish","4":"format-standard","6":"category-artikuj"},"yoast_head":"<!-- This site is optimized with the Yoast SEO plugin v27.4 - https:\/\/yoast.com\/product\/yoast-seo-wordpress\/ -->\n<title>Ndotja nga nafta e Tacit, helmon Ballshin - FjALA e LIR\u00cb - Arkivi<\/title>\n<meta name=\"robots\" content=\"index, follow, max-snippet:-1, max-image-preview:large, max-video-preview:-1\" \/>\n<link rel=\"canonical\" href=\"https:\/\/fjala.info\/2009-2015\/ndotja-nga-nafta-e-tacit-helmon-ballshin\/\" \/>\n<meta property=\"og:locale\" content=\"sq_AL\" \/>\n<meta property=\"og:type\" content=\"article\" \/>\n<meta property=\"og:title\" content=\"Ndotja nga nafta e Tacit, helmon Ballshin - FjALA e LIR\u00cb - Arkivi\" \/>\n<meta property=\"og:description\" content=\"Nga TemA Mbi 150 persona ka arritur numuri I te shtrurave ne spital nga qyteti I Ballshit, p\u00ebr shkak t\u00eb asaj q\u00eb dyshohet si nj\u00eb epidemic e shkaktuar nga ndotja e ujit t\u00eb pijsh\u00ebm nga rafineria e Ballshit, e cila \u00ebsht\u00eb burim ndotje n\u00eb qytet. Burimet spitalore, thon\u00eb dyshimi i par\u00eb \u00ebsht\u00eb p\u00ebr nj\u00eb helmim [&hellip;]\" \/>\n<meta property=\"og:url\" content=\"https:\/\/fjala.info\/2009-2015\/ndotja-nga-nafta-e-tacit-helmon-ballshin\/\" \/>\n<meta property=\"og:site_name\" content=\"FjALA e LIR\u00cb - Arkivi\" \/>\n<meta property=\"article:published_time\" content=\"2010-05-11T22:48:27+00:00\" \/>\n<meta name=\"author\" content=\"admin\" \/>\n<meta name=\"twitter:card\" content=\"summary_large_image\" \/>\n<meta name=\"twitter:label1\" content=\"Written by\" \/>\n\t<meta name=\"twitter:data1\" content=\"admin\" \/>\n\t<meta name=\"twitter:label2\" content=\"Est. reading time\" \/>\n\t<meta name=\"twitter:data2\" content=\"1 minute\" \/>\n<script type=\"application\/ld+json\" class=\"yoast-schema-graph\">{\"@context\":\"https:\\\/\\\/schema.org\",\"@graph\":[{\"@type\":\"Article\",\"@id\":\"https:\\\/\\\/fjala.info\\\/2009-2015\\\/ndotja-nga-nafta-e-tacit-helmon-ballshin\\\/#article\",\"isPartOf\":{\"@id\":\"https:\\\/\\\/fjala.info\\\/2009-2015\\\/ndotja-nga-nafta-e-tacit-helmon-ballshin\\\/\"},\"author\":{\"name\":\"admin\",\"@id\":\"https:\\\/\\\/fjala.info\\\/2009-2015\\\/#\\\/schema\\\/person\\\/3aa1163ef05469c496fc94e77611ada2\"},\"headline\":\"Ndotja nga nafta e Tacit, helmon Ballshin\",\"datePublished\":\"2010-05-11T22:48:27+00:00\",\"mainEntityOfPage\":{\"@id\":\"https:\\\/\\\/fjala.info\\\/2009-2015\\\/ndotja-nga-nafta-e-tacit-helmon-ballshin\\\/\"},\"wordCount\":279,\"commentCount\":0,\"publisher\":{\"@id\":\"https:\\\/\\\/fjala.info\\\/2009-2015\\\/#organization\"},\"articleSection\":[\"Artikuj\"],\"inLanguage\":\"sq-AL\",\"potentialAction\":[{\"@type\":\"CommentAction\",\"name\":\"Comment\",\"target\":[\"https:\\\/\\\/fjala.info\\\/2009-2015\\\/ndotja-nga-nafta-e-tacit-helmon-ballshin\\\/#respond\"]}]},{\"@type\":\"WebPage\",\"@id\":\"https:\\\/\\\/fjala.info\\\/2009-2015\\\/ndotja-nga-nafta-e-tacit-helmon-ballshin\\\/\",\"url\":\"https:\\\/\\\/fjala.info\\\/2009-2015\\\/ndotja-nga-nafta-e-tacit-helmon-ballshin\\\/\",\"name\":\"Ndotja nga nafta e Tacit, helmon Ballshin - FjALA e LIR\u00cb - Arkivi\",\"isPartOf\":{\"@id\":\"https:\\\/\\\/fjala.info\\\/2009-2015\\\/#website\"},\"datePublished\":\"2010-05-11T22:48:27+00:00\",\"breadcrumb\":{\"@id\":\"https:\\\/\\\/fjala.info\\\/2009-2015\\\/ndotja-nga-nafta-e-tacit-helmon-ballshin\\\/#breadcrumb\"},\"inLanguage\":\"sq-AL\",\"potentialAction\":[{\"@type\":\"ReadAction\",\"target\":[\"https:\\\/\\\/fjala.info\\\/2009-2015\\\/ndotja-nga-nafta-e-tacit-helmon-ballshin\\\/\"]}]},{\"@type\":\"BreadcrumbList\",\"@id\":\"https:\\\/\\\/fjala.info\\\/2009-2015\\\/ndotja-nga-nafta-e-tacit-helmon-ballshin\\\/#breadcrumb\",\"itemListElement\":[{\"@type\":\"ListItem\",\"position\":1,\"name\":\"Home\",\"item\":\"https:\\\/\\\/fjala.info\\\/2009-2015\\\/\"},{\"@type\":\"ListItem\",\"position\":2,\"name\":\"Ndotja nga nafta e Tacit, helmon Ballshin\"}]},{\"@type\":\"WebSite\",\"@id\":\"https:\\\/\\\/fjala.info\\\/2009-2015\\\/#website\",\"url\":\"https:\\\/\\\/fjala.info\\\/2009-2015\\\/\",\"name\":\"FjALA e LIR\u00cb - Arkivi\",\"description\":\"Arkivi 2009-2015\",\"publisher\":{\"@id\":\"https:\\\/\\\/fjala.info\\\/2009-2015\\\/#organization\"},\"potentialAction\":[{\"@type\":\"SearchAction\",\"target\":{\"@type\":\"EntryPoint\",\"urlTemplate\":\"https:\\\/\\\/fjala.info\\\/2009-2015\\\/?s={search_term_string}\"},\"query-input\":{\"@type\":\"PropertyValueSpecification\",\"valueRequired\":true,\"valueName\":\"search_term_string\"}}],\"inLanguage\":\"sq-AL\"},{\"@type\":\"Organization\",\"@id\":\"https:\\\/\\\/fjala.info\\\/2009-2015\\\/#organization\",\"name\":\"FjALA e LIR\u00cb - Arkivi\",\"url\":\"https:\\\/\\\/fjala.info\\\/2009-2015\\\/\",\"logo\":{\"@type\":\"ImageObject\",\"inLanguage\":\"sq-AL\",\"@id\":\"https:\\\/\\\/fjala.info\\\/2009-2015\\\/#\\\/schema\\\/logo\\\/image\\\/\",\"url\":\"\",\"contentUrl\":\"\",\"caption\":\"FjALA e LIR\u00cb - Arkivi\"},\"image\":{\"@id\":\"https:\\\/\\\/fjala.info\\\/2009-2015\\\/#\\\/schema\\\/logo\\\/image\\\/\"}},{\"@type\":\"Person\",\"@id\":\"https:\\\/\\\/fjala.info\\\/2009-2015\\\/#\\\/schema\\\/person\\\/3aa1163ef05469c496fc94e77611ada2\",\"name\":\"admin\",\"image\":{\"@type\":\"ImageObject\",\"inLanguage\":\"sq-AL\",\"@id\":\"https:\\\/\\\/fjala.info\\\/2009-2015\\\/wp-content\\\/uploads\\\/2012\\\/02\\\/arben_cokaj-120x150.jpg\",\"url\":\"https:\\\/\\\/fjala.info\\\/2009-2015\\\/wp-content\\\/uploads\\\/2012\\\/02\\\/arben_cokaj-120x150.jpg\",\"contentUrl\":\"https:\\\/\\\/fjala.info\\\/2009-2015\\\/wp-content\\\/uploads\\\/2012\\\/02\\\/arben_cokaj-120x150.jpg\",\"caption\":\"admin\"},\"description\":\"Admin, Fjala e Lir\u00eb\",\"sameAs\":[\"https:\\\/\\\/fjala.info\\\/\"],\"url\":\"https:\\\/\\\/fjala.info\\\/2009-2015\\\/author\\\/admin\\\/\"}]}<\/script>\n<!-- \/ Yoast SEO plugin. -->","yoast_head_json":{"title":"Ndotja nga nafta e Tacit, helmon Ballshin - FjALA e LIR\u00cb - Arkivi","robots":{"index":"index","follow":"follow","max-snippet":"max-snippet:-1","max-image-preview":"max-image-preview:large","max-video-preview":"max-video-preview:-1"},"canonical":"https:\/\/fjala.info\/2009-2015\/ndotja-nga-nafta-e-tacit-helmon-ballshin\/","og_locale":"sq_AL","og_type":"article","og_title":"Ndotja nga nafta e Tacit, helmon Ballshin - FjALA e LIR\u00cb - Arkivi","og_description":"Nga TemA Mbi 150 persona ka arritur numuri I te shtrurave ne spital nga qyteti I Ballshit, p\u00ebr shkak t\u00eb asaj q\u00eb dyshohet si nj\u00eb epidemic e shkaktuar nga ndotja e ujit t\u00eb pijsh\u00ebm nga rafineria e Ballshit, e cila \u00ebsht\u00eb burim ndotje n\u00eb qytet. Burimet spitalore, thon\u00eb dyshimi i par\u00eb \u00ebsht\u00eb p\u00ebr nj\u00eb helmim [&hellip;]","og_url":"https:\/\/fjala.info\/2009-2015\/ndotja-nga-nafta-e-tacit-helmon-ballshin\/","og_site_name":"FjALA e LIR\u00cb - Arkivi","article_published_time":"2010-05-11T22:48:27+00:00","author":"admin","twitter_card":"summary_large_image","twitter_misc":{"Written by":"admin","Est. reading time":"1 minute"},"schema":{"@context":"https:\/\/schema.org","@graph":[{"@type":"Article","@id":"https:\/\/fjala.info\/2009-2015\/ndotja-nga-nafta-e-tacit-helmon-ballshin\/#article","isPartOf":{"@id":"https:\/\/fjala.info\/2009-2015\/ndotja-nga-nafta-e-tacit-helmon-ballshin\/"},"author":{"name":"admin","@id":"https:\/\/fjala.info\/2009-2015\/#\/schema\/person\/3aa1163ef05469c496fc94e77611ada2"},"headline":"Ndotja nga nafta e Tacit, helmon Ballshin","datePublished":"2010-05-11T22:48:27+00:00","mainEntityOfPage":{"@id":"https:\/\/fjala.info\/2009-2015\/ndotja-nga-nafta-e-tacit-helmon-ballshin\/"},"wordCount":279,"commentCount":0,"publisher":{"@id":"https:\/\/fjala.info\/2009-2015\/#organization"},"articleSection":["Artikuj"],"inLanguage":"sq-AL","potentialAction":[{"@type":"CommentAction","name":"Comment","target":["https:\/\/fjala.info\/2009-2015\/ndotja-nga-nafta-e-tacit-helmon-ballshin\/#respond"]}]},{"@type":"WebPage","@id":"https:\/\/fjala.info\/2009-2015\/ndotja-nga-nafta-e-tacit-helmon-ballshin\/","url":"https:\/\/fjala.info\/2009-2015\/ndotja-nga-nafta-e-tacit-helmon-ballshin\/","name":"Ndotja nga nafta e Tacit, helmon Ballshin - FjALA e LIR\u00cb - Arkivi","isPartOf":{"@id":"https:\/\/fjala.info\/2009-2015\/#website"},"datePublished":"2010-05-11T22:48:27+00:00","breadcrumb":{"@id":"https:\/\/fjala.info\/2009-2015\/ndotja-nga-nafta-e-tacit-helmon-ballshin\/#breadcrumb"},"inLanguage":"sq-AL","potentialAction":[{"@type":"ReadAction","target":["https:\/\/fjala.info\/2009-2015\/ndotja-nga-nafta-e-tacit-helmon-ballshin\/"]}]},{"@type":"BreadcrumbList","@id":"https:\/\/fjala.info\/2009-2015\/ndotja-nga-nafta-e-tacit-helmon-ballshin\/#breadcrumb","itemListElement":[{"@type":"ListItem","position":1,"name":"Home","item":"https:\/\/fjala.info\/2009-2015\/"},{"@type":"ListItem","position":2,"name":"Ndotja nga nafta e Tacit, helmon Ballshin"}]},{"@type":"WebSite","@id":"https:\/\/fjala.info\/2009-2015\/#website","url":"https:\/\/fjala.info\/2009-2015\/","name":"FjALA e LIR\u00cb - Arkivi","description":"Arkivi 2009-2015","publisher":{"@id":"https:\/\/fjala.info\/2009-2015\/#organization"},"potentialAction":[{"@type":"SearchAction","target":{"@type":"EntryPoint","urlTemplate":"https:\/\/fjala.info\/2009-2015\/?s={search_term_string}"},"query-input":{"@type":"PropertyValueSpecification","valueRequired":true,"valueName":"search_term_string"}}],"inLanguage":"sq-AL"},{"@type":"Organization","@id":"https:\/\/fjala.info\/2009-2015\/#organization","name":"FjALA e LIR\u00cb - Arkivi","url":"https:\/\/fjala.info\/2009-2015\/","logo":{"@type":"ImageObject","inLanguage":"sq-AL","@id":"https:\/\/fjala.info\/2009-2015\/#\/schema\/logo\/image\/","url":"","contentUrl":"","caption":"FjALA e LIR\u00cb - Arkivi"},"image":{"@id":"https:\/\/fjala.info\/2009-2015\/#\/schema\/logo\/image\/"}},{"@type":"Person","@id":"https:\/\/fjala.info\/2009-2015\/#\/schema\/person\/3aa1163ef05469c496fc94e77611ada2","name":"admin","image":{"@type":"ImageObject","inLanguage":"sq-AL","@id":"https:\/\/fjala.info\/2009-2015\/wp-content\/uploads\/2012\/02\/arben_cokaj-120x150.jpg","url":"https:\/\/fjala.info\/2009-2015\/wp-content\/uploads\/2012\/02\/arben_cokaj-120x150.jpg","contentUrl":"https:\/\/fjala.info\/2009-2015\/wp-content\/uploads\/2012\/02\/arben_cokaj-120x150.jpg","caption":"admin"},"description":"Admin, Fjala e Lir\u00eb","sameAs":["https:\/\/fjala.info\/"],"url":"https:\/\/fjala.info\/2009-2015\/author\/admin\/"}]}},"_links":{"self":[{"href":"https:\/\/fjala.info\/2009-2015\/wp-json\/wp\/v2\/posts\/2557","targetHints":{"allow":["GET"]}}],"collection":[{"href":"https:\/\/fjala.info\/2009-2015\/wp-json\/wp\/v2\/posts"}],"about":[{"href":"https:\/\/fjala.info\/2009-2015\/wp-json\/wp\/v2\/types\/post"}],"author":[{"embeddable":true,"href":"https:\/\/fjala.info\/2009-2015\/wp-json\/wp\/v2\/users\/1"}],"replies":[{"embeddable":true,"href":"https:\/\/fjala.info\/2009-2015\/wp-json\/wp\/v2\/comments?post=2557"}],"version-history":[{"count":0,"href":"https:\/\/fjala.info\/2009-2015\/wp-json\/wp\/v2\/posts\/2557\/revisions"}],"wp:attachment":[{"href":"https:\/\/fjala.info\/2009-2015\/wp-json\/wp\/v2\/media?parent=2557"}],"wp:term":[{"taxonomy":"category","embeddable":true,"href":"https:\/\/fjala.info\/2009-2015\/wp-json\/wp\/v2\/categories?post=2557"},{"taxonomy":"post_tag","embeddable":true,"href":"https:\/\/fjala.info\/2009-2015\/wp-json\/wp\/v2\/tags?post=2557"}],"curies":[{"name":"wp","href":"https:\/\/api.w.org\/{rel}","templated":true}]}}