{"id":2550,"date":"2014-12-26T15:45:42","date_gmt":"2014-12-26T14:45:42","guid":{"rendered":"http:\/\/www.fjala.info\/?p=2550"},"modified":"2014-12-26T15:45:42","modified_gmt":"2014-12-26T14:45:42","slug":"qellimi-i-politikes-kriminale","status":"publish","type":"post","link":"https:\/\/fjala.info\/2009-2015\/qellimi-i-politikes-kriminale\/","title":{"rendered":"Q\u00cbLLIMI I POLITIK\u00cbS KRIMINALE"},"content":{"rendered":"<p><img decoding=\"async\" class=\"alignleft size-thumbnail wp-image-7236\" title=\"Dr. Zef Mulaj\" src=\"http:\/\/www.fjala.info\/2014\/zef_mulaj.jpg\" alt=\"\" width=\"200\" \/> Nga <strong>Dr. Zef Mulaj<\/strong> (<em>Itali<\/em>)<\/p>\n<p>Politika kriminale nuk \u00ebsht vet\u00ebm nj\u00eb instrument v\u00ebzhgimi. Ajo \u00ebsht\u00eb arti i p\u00ebrgatitjes p\u00ebr krijimin dhe zbatimin e standardit penal n\u00eb m\u00ebnyr\u00eb q\u00eb t\u00eb merren rezultatet m\u00eb t\u00eb mira n\u00eb luft\u00ebn kund\u00ebr krimit. Politika penale ka nj\u00eb ndikim t\u00eb r\u00ebnd\u00ebsish\u00ebm n\u00eb sistemin e parandalimit t\u00eb krimit, duke u p\u00ebrpjekur p\u00ebr t\u00eb krijuar nj\u00eb alternativ\u00eb p\u00ebr at\u00eb q\u00eb deri tani \u00ebsht\u00eb konsideruar si e vetmja rrug\u00eb p\u00ebrpara nga Shteti: represioni &#8220;ex post&#8221; i vepr\u00ebs s\u00eb kryer. Parandalimi duhet t\u00eb jet\u00eb nj\u00eb investim p\u00ebr t\u00eb ardhmen me lidhje me t\u00eb gjitha problemet e prognoz\u00ebs dhe vler\u00ebsimin e rezultateve.<\/p>\n<p>Hetimet empirike ofrojn\u00eb pak perspektiv\u00eb dhe alternativ\u00ebn e zgjidhjeve mediok\u00ebr t\u00eb mb\u00ebshtetura nga konfirmime modeste t\u00eb marra nga eksperimentet. Kriza e politik\u00ebs penale tani ndjehet n\u00eb mbar\u00eb bot\u00ebn. Stimulon k\u00ebrkimin e m\u00ebnyrave t\u00eb reja p\u00ebr t\u00eb zbuluar, si brenda, poashtu edhe jasht\u00eb ligjit klasik penal. Cilat jan\u00eb faktor\u00ebt q\u00eb \u00e7ojn\u00eb n\u00eb testimin e m\u00ebnyrave t\u00eb reja, t\u00eb jashtme, lidhur me ligjin tradicional t\u00eb instrumentit penal?<\/p>\n<p>Ajo duhet, para s\u00eb gjithash, t\u00eb parandaloj\u00eb kryerjen e krimeve, jo vet\u00ebm t\u00eb nd\u00ebshkuara, por edhe ato t\u00eb konsumuara. Dhe, p\u00ebr t\u00eb b\u00ebr\u00eb k\u00ebt\u00eb, duhet t\u00eb veprojn\u00eb n\u00eb faktor\u00ebt q\u00eb leht\u00ebsojn\u00eb dhe p\u00ebrcaktojn\u00eb fillimin e krimit t\u00eb njeriut n\u00eb shoq\u00ebri.<\/p>\n<p>Ekzaminimi i p\u00ebrgjithsh\u00ebm i \u00e7\u00ebshtjes n\u00eb parandalimin e krimit t\u00eb \u00e7on kryesisht n\u00eb fush\u00ebn e politik\u00ebs sociale ku politika penale \u00ebsht\u00eb e lidhur ngusht\u00eb. Konteksti social n\u00eb t\u00eb cil\u00ebn jetojm\u00eb \u00ebsht\u00eb subjekt i ndryshimeve t\u00eb shpejta q\u00eb mund t\u00eb shkaktojn\u00eb plakjen e parakohshme t\u00eb atyre kritereve t\u00eb konsideruara themelore n\u00eb nj\u00eb m\u00ebnyr\u00eb t\u00eb caktuar dhe t\u00eb \u00e7oj\u00eb, p\u00ebr k\u00ebt\u00eb arsye, n\u00eb pamjaftueshm\u00ebrin\u00eb e tyre n\u00eb lidhje me programin e parandalimit. Kjo shpie gjithnj\u00eb e m\u00eb shum\u00eb drejt nj\u00eb Europ\u00eb t\u00eb bashkuar, jo vet\u00ebm ekonomikisht, por edhe ligj\u00ebrisht.<\/p>\n<p>Vlerat kushtetuese mbi t\u00eb cilat q\u00ebndron ligji penal i shtetit, parashtron k\u00ebrkes\u00ebn q\u00eb t\u00eb merren me ato q\u00eb konsiderohen thelb\u00ebsore p\u00ebr kushtetut\u00ebn e Shteteve t\u00eb Bashkuara t\u00eb Europ\u00ebs. Ligji penal dhe ligji social do t\u00eb harmonizoj\u00eb n\u00eb m\u00ebnyr\u00eb optimale. N\u00eb aspektin e profilaksis\u00eb mund t\u00eb konsiderohet nj\u00eb parandalimin e krimit q\u00eb kryhet p\u00ebrmes nd\u00ebrhyrjeve t\u00eb drejtp\u00ebrdrejta n\u00eb shoq\u00ebri. N\u00eb k\u00ebt\u00eb kontekst mund t\u00eb zbatohet p\u00ebrmes masave parandaluese t\u00eb politik\u00ebs sociale. Reflektimi n\u00eb sfondin politik penal ka t\u00eb b\u00ebj\u00eb me nd\u00ebrtimin e individit q\u00eb t\u00eb p\u00ebrshtatet n\u00eb komunitet, t\u00eb individit q\u00eb ka hedhur themelet e para n\u00eb favor kund\u00ebr krimit.<\/p>\n<p>Faktori social ndikon fuqimisht mbi sjelljen njer\u00ebzore edhe si pasoj\u00eb e devijimit, bazuar mbi platform\u00ebn e kontaktit shoq\u00ebror me mjedisin rrethues. \u00cbsht\u00eb e r\u00ebnd\u00ebsishme, p\u00ebr k\u00ebt\u00eb arsye, analiza e kujdesshme e kushteve mjedisore n\u00eb t\u00eb cilat njeriu ushtron personalitetin. K\u00ebto lidhje, q\u00eb shum\u00eb studiues i argumentojn\u00eb me lidhjen nd\u00ebrmjet krimit dhe kushteve sociale, kulturore, q\u00eb hasen zakonisht n\u00eb nj\u00eb komunitet t\u00eb caktuar. Politika kriminale lufton p\u00ebr t\u00eb identifikuar shkaqet kryesore t\u00eb krimit. Kjo \u00ebsht\u00eb e mundur vet\u00ebm n\u00ebqoft\u00ebse njohim faktor\u00ebt q\u00eb e p\u00ebrcaktojn\u00eb at\u00eb.<\/p>\n<p>Vet\u00ebm at\u00ebher\u00eb mund t\u00eb filloj\u00eb nj\u00eb k\u00ebrkim i drejtp\u00ebrdrejt\u00eb p\u00ebr t\u00eb gjetur mjete t\u00eb ve\u00e7anta: &#8220;Ky \u00ebsht\u00eb q\u00ebllimi i politik\u00ebs kriminale&#8221;. Lidhje shkak\u00ebsore midis krimit dhe faktor\u00ebve social\u00eb. Hulumtimet kriminologjike, n\u00eb vijim, jan\u00eb p\u00ebrq\u00ebndruar gjithnj\u00eb e m\u00eb shum\u00eb n\u00eb nj\u00eb drejtim deskriptiv\/p\u00ebrshkrues, duke neglizhuar problemin etiologjik. Krimi, si \u00e7do veprim njer\u00ebzor, \u00ebsht\u00eb produkt i vullnetit, madje edhe n\u00eb individ\u00eb konsiderohen &#8220;normal\u00eb&#8221;, rrjedh prej predispozitave t\u00eb caktuara p\u00ebr arsye t\u00eb caktuara t\u00eb brendshme q\u00eb jan\u00eb t\u00eb ushqyer nga faktor\u00ebt endogjen\u00eb dhe ekzogjen\u00eb.<\/p>\n<p>N\u00eb disa raste, n\u00eb t\u00eb v\u00ebrtet\u00eb, d\u00ebnimi mund t\u00eb veproj\u00eb n\u00eb nj\u00eb nivel parandalues t\u00eb frik\u00ebsimit, sepse kjo \u00ebsht\u00eb kuptuar dhe pranuar n\u00eb vler\u00ebsimin e tij t\u00eb plot\u00eb negativ. N\u00eb raste t\u00eb tjera, megjithat\u00eb, parandalimi i p\u00ebrgjithsh\u00ebm nuk \u00ebsht\u00eb i mjaftuesh\u00ebm,Prandaj, n\u00eb analiz\u00ebn e shkaqeve q\u00eb formojn\u00eb shtres\u00ebn baz\u00eb n\u00eb procesin e kriminalizimit, \u00ebsht\u00eb thelb\u00ebsore p\u00ebr t\u00eb p\u00ebrcaktuar se si marr\u00ebdheniet sociale mund t\u00eb krijojn\u00eb efektet e sjelljes njer\u00ebzore t\u00eb detyruar. N\u00eb t\u00eb v\u00ebrtet\u00eb, ajo \u00ebsht\u00eb e nj\u00eb r\u00ebnd\u00ebsie par\u00ebsore, p\u00ebr t\u00eb theksuar ndikimin q\u00eb proceset e ndryshme t\u00eb socializimit n\u00eb nd\u00ebrgjegjen e njeriut.<\/p>\n<p>Me kalimin e koh\u00ebs, asimilohen rregulla t\u00eb sjelljes dhe vlerave t\u00eb kultur\u00ebs dominuese n\u00eb nj\u00eb moment t\u00eb caktuar historik. S\u00eb fundi, kur ajo arrin pjekurin\u00eb dhe autonomin\u00eb e mendimit, fillon t\u00eb zhvillohet n\u00eb hap\u00ebsir\u00ebn e tyre personale brenda kufinjve t\u00eb realizimit me t\u00eb dh\u00ebna nga konteksti shoq\u00ebror dhe kulturor n\u00eb t\u00eb cilin jetojn\u00eb. N\u00eb k\u00ebt\u00eb proces t\u00eb nd\u00ebrlikuar, ndodh nj\u00eb zhvendosje drejt brend\u00ebsis\u00eb s\u00eb standardeve aktuale. Me k\u00ebt\u00eb rast, pritet q\u00eb komuniteti t\u00eb formoj\u00eb nj\u00eb sistem vlerash q\u00eb nd\u00ebrlidhen me sjelljen sociale. Shum\u00eb faktor\u00eb dhe shum\u00eb subjekte bashk\u00ebveprojn\u00eb n\u00eb k\u00ebt\u00eb lloj t\u00eb evolucionit: familja si vendi kryesor i p\u00ebrvoj\u00ebs m\u00ebsimore; shkolla, qeliza e par\u00eb e sistemit social t\u00eb nj\u00eb komuniteti; bota e pun\u00ebs, si nj\u00eb mjet p\u00ebr p\u00ebrmbushjen personale n\u00eb komunitet. K\u00ebto elemente duhet t\u00eb ndikojm\u00eb shum\u00eb n\u00eb trajnimin e tij personal, n\u00eb sfondin kulturor, n\u00eb q\u00ebndrim social dhe nd\u00ebrgjegjen.<\/p>\n<p>P\u00ebrfshirja e qenies njer\u00ebzore n\u00eb kontekstin e tij social, varion nd\u00ebrmjet presioneve konformiste t\u00eb ushtruara nga komuniteti drejt nj\u00eb rendi shoq\u00ebror t\u00eb paracaktuar, dhe kjo ka nevoj\u00eb p\u00ebr realizimin e pakusht\u00ebzuar t\u00eb personalitetit. Nd\u00ebrgjegja, si nj\u00eb moment i kontrollit personal i p\u00ebrcaktuar nga procesi i nd\u00ebrkomb\u00ebtarizimit, i lidhur me kultur\u00ebn, besimet ideologjike, politike, fetare, \u00ebsht\u00eb prekur n\u00eb m\u00ebnyra t\u00eb ndryshme edhe nga sistemi juridik q\u00eb p\u00ebrshkruan p\u00ebr her\u00eb t\u00eb par\u00eb at\u00eb q\u00eb \u00ebsht\u00eb &#8220;e mir\u00eb&#8221; dhe at\u00eb q\u00eb \u00ebsht\u00eb &#8220;e keqe&#8221;. N\u00eb fakt, shkenc\u00ebrisht \u00ebsht\u00eb provuar se n\u00eb mes t\u00eb nd\u00ebrkomb\u00ebtarizimit t\u00eb standardeve n\u00eb nd\u00ebrgjegjen individuale dhe autoritetin e tyre efektiv, ekziston nj\u00eb marr\u00ebdh\u00ebnie reciproke: vet\u00ebm n\u00ebse sistemi individual i vlerave dhe stafit t\u00eb vet\u00eb-kontrollit, kryesisht p\u00ebrkon me rregullat e ligjit. K\u00ebshtusoj, mund t\u00eb shpresojm\u00eb q\u00eb ato t\u00eb ken\u00eb efikasitet t\u00eb plot\u00eb dhe efektiv.<\/p>\n<p>Prandaj, faktor\u00ebt e mjedisit dhe sh\u00ebrbimet personale sociale, jan\u00eb thelb\u00ebsor\u00eb n\u00eb p\u00ebrcaktimin e procesit t\u00eb socializimit dhe nd\u00ebrkomb\u00ebtarizimit t\u00eb rregullave ligjore. N\u00ebse ata \u00e7ojn\u00eb n\u00eb q\u00ebndrime dhe sjellje t\u00eb paligjshme, sjellja e njeriut at\u00ebher\u00eb \u00ebsht\u00eb nj\u00eb devijim shoq\u00ebror. P\u00ebrpjekjet m\u00eb t\u00eb mira p\u00ebr t\u00eb shpjeguar krimin d\u00ebshmojn\u00eb se t\u00eb gjith\u00eb t\u00eb interesuarit preokupohen rreth kuptimit t\u00eb k\u00ebtij fenomeni kompleks. Pra, n\u00eb aspektin e parandalimit t\u00eb krimit, n\u00eb m\u00ebnyr\u00eb t\u00eb pashmangshme, socializimi p\u00ebrfundon duke u b\u00ebr\u00eb gur themeli i \u00e7do p\u00ebrpjekje p\u00ebr nj\u00eb parandalim t\u00eb konsideruesh\u00ebm.<\/p>\n<p>Si ndodh kur njer\u00ebzit vijn\u00eb n\u00eb kontakt me disa faktor\u00eb social\u00eb jofunksionale? P\u00ebr k\u00ebt\u00eb ar\u00ebsye, un\u00eb e p\u00ebrs\u00ebris se politika e mir\u00eb sociale nga shteti prodhon nj\u00eb politik\u00eb t\u00eb shk\u00eblqyer penale. Koh\u00ebt e fundit, n\u00eb fakt, ka patur shum\u00eb ndryshime shoq\u00ebrore q\u00eb kan\u00eb shkaktuar forma t\u00eb reja t\u00eb krimit. Ndryshimi substancial n\u00eb vlerat themelore si tregu i pun\u00ebs, kriza e ideologjive, kolapsi i institucioneve sociale baz\u00eb, po ndikojn\u00eb n\u00eb sjelljen e individit n\u00eb komunitetin shoq\u00ebror. Shp\u00ebrndarja e rasteve n\u00eb mesin e shtresave t\u00eb ndryshme shoq\u00ebrore, sot \u00ebsht\u00eb ndjer\u00eb m\u00eb ashp\u00ebr.<\/p>\n<p>Pabarazi n\u00eb shp\u00ebrndarjen e pasuris\u00eb e kan\u00eb ndjer\u00eb si nj\u00eb barr\u00eb e madhe, ve\u00e7an\u00ebrisht grupet e rinj, nga papun\u00ebsia e shfrenuar dhe mungesa totale e politikave serioze sociale q\u00eb p\u00ebrfshijn\u00eb probleme konkrete t\u00eb tregut t\u00eb pun\u00ebs. Emancipimi i shpejt\u00eb i t\u00eb rinjve, edhe pse mb\u00ebshteten n\u00eb nivelin ideologjik, nuk \u00ebsht\u00eb arritur n\u00eb aspektin ekonomik dhe produktiv. Cilat jan\u00eb rrug\u00ebt p\u00ebr t\u00eb mbijetuar n\u00eb nj\u00eb shoq\u00ebri, si nj\u00eb m\u00ebnyr\u00eb p\u00ebr t\u00eb dal\u00eb me forc\u00eb nga nj\u00eb gjendje e munges\u00ebs absolute t\u00eb \u00e7far\u00ebdo mjeteve t\u00eb jetes\u00ebs? Me \u00e7far\u00eb perspektivash politika sociale \u00ebsht\u00eb n\u00eb gjendje t\u00eb ofroj\u00eb nj\u00eb alternativ\u00eb p\u00ebr rrug\u00ebt e tjera t\u00eb mbuluara tashm\u00eb nga politika penale?<\/p>\n<p>Vet\u00ebm rekursi n\u00eb t\u00eb drejt\u00ebn penale, nuk mund t\u00eb jet\u00eb e vetmja m\u00ebnyr\u00eb p\u00ebr t\u00eb parandaluar krimin. Faza represive duhet t\u00eb paraprij\u00eb politik\u00ebn sociale q\u00eb do t\u00eb manifestojn\u00eb veten n\u00eb nj\u00eb proces t\u00eb gjer\u00eb t\u00eb kriminalitetit t\u00eb profilaksis\u00eb sociale dhe individuale, ve\u00e7an\u00ebrisht n\u00eb lidhje me kategorit\u00eb e personave dhe mjediseve t\u00eb delikuenc\u00ebs. Kjo k\u00ebrkon nj\u00eb politik\u00eb ekonomik dhe sociale q\u00eb do t\u00eb zvog\u00ebloj\u00eb mund\u00ebsit\u00eb p\u00ebr krimin dhe shtyrjen drejt krimit.<\/p>\n<p>P\u00ebr reduktimin e pabarazit\u00eb serioze t\u00eb shoq\u00ebris\u00eb, politika penale tenton t\u00eb p\u00ebrmbaj\u00eb zgjerimin e pakontrolluar t\u00eb fenomenit kriminal. Nj\u00eb politik\u00eb e d\u00ebshirueshme sociale \u00ebsht\u00eb aajo q\u00eb kujdeset p\u00ebr t\u00eb ndryshuar struktur\u00ebn e cila \u00ebsht\u00eb e angazhuar n\u00eb formimin e nd\u00ebrgjegjes s\u00eb re. Kjo sh\u00ebrben si nj\u00eb radikalist i ri, q\u00eb \u00ebsht\u00eb i pranish\u00ebm n\u00eb t\u00eb gjitha fushat e ndryshme t\u00eb jet\u00ebs, reformat e tregut t\u00eb pun\u00ebs etj. Ekziston nevoja p\u00ebr reform\u00ebn e madhe q\u00eb komuniteti \u00ebsht\u00eb duke pritur p\u00ebr nj\u00eb koh\u00eb t\u00eb gjat\u00eb. Kjo duhet t\u00eb prek\u00eb fush\u00ebn sociale, juridike, ekonomike, administrative, politike, ideologjike dhe kulturore. Vet\u00ebm kjo mund t\u00eb shnd\u00ebrrohet n\u00eb trambulin\u00eb apo platform\u00eb dobiprur\u00ebse p\u00ebr n\u00eb Shqip\u00ebri dhe Europ\u00eb. Shanset m\u00eb t\u00eb mira p\u00ebr parandalimin e krimit social e politik, nd\u00ebrlidhen pik\u00ebrisht me integrimin organik midis t\u00eb gjith\u00eb sektor\u00ebve t\u00eb lartp\u00ebrmendur.<\/p>\n<p>D\u00ebnimet alternative reale me burg, jan\u00eb n\u00eb fush\u00ebn ekonomike: tregtia e lir\u00eb, barazimi i taksave dhe p\u00ebrjashtimit aksioneve minimale absolute, sektori i pun\u00ebve publike, parandalimi i var\u00ebsis\u00eb s\u00eb drog\u00ebs dhe alkoolizmi, format e ndryshme t\u00eb siguris\u00eb sociale, politikat p\u00ebr pun\u00ebsim maksimale n\u00eb fush\u00ebn politike, respektimi i t\u00eb drejtave individuale dhe sociale t\u00eb p\u00ebrfshira n\u00eb Kushtetut\u00eb, n\u00eb teknologjin\u00eb shkencore. Pasojn\u00eb p\u00ebrparimet mjek\u00ebsore, subvencionimi i hulumtimit, implementimi i shpejt\u00eb i drejt\u00ebsis\u00eb s\u00eb p\u00ebrgjegjshme ndaj nevojave t\u00eb viktimave, p\u00ebrhapja maksimale e teknologjive t\u00eb reja n\u00eb arsim, mb\u00ebshtetja dhe edukimi i f\u00ebmij\u00ebve t\u00eb braktisur, respektimi i modernizimit t\u00eb sistemit arsimor, dhe k\u00ebshtu me rradh\u00eb. Lufta kund\u00ebr krimit kaplon kryesisht sektorin ekonomik, social dhe kulturor, dhe pse jo, edhe at\u00eb politik dhe penal.<\/p>\n","protected":false},"excerpt":{"rendered":"<p>Nga Dr. Zef Mulaj (Itali) Politika kriminale nuk \u00ebsht vet\u00ebm nj\u00eb instrument v\u00ebzhgimi. Ajo \u00ebsht\u00eb arti i p\u00ebrgatitjes p\u00ebr krijimin dhe zbatimin e standardit penal n\u00eb m\u00ebnyr\u00eb q\u00eb t\u00eb merren rezultatet m\u00eb t\u00eb mira n\u00eb luft\u00ebn kund\u00ebr krimit. Politika penale ka nj\u00eb ndikim t\u00eb r\u00ebnd\u00ebsish\u00ebm n\u00eb sistemin e parandalimit t\u00eb krimit, duke u p\u00ebrpjekur p\u00ebr [&hellip;]<\/p>\n","protected":false},"author":1,"featured_media":0,"comment_status":"open","ping_status":"closed","sticky":false,"template":"","format":"standard","meta":{"footnotes":""},"categories":[2],"tags":[],"class_list":{"0":"post-2550","1":"post","2":"type-post","3":"status-publish","4":"format-standard","6":"category-artikuj"},"yoast_head":"<!-- This site is optimized with the Yoast SEO plugin v27.4 - https:\/\/yoast.com\/product\/yoast-seo-wordpress\/ -->\n<title>Q\u00cbLLIMI I POLITIK\u00cbS KRIMINALE - FjALA e LIR\u00cb - Arkivi<\/title>\n<meta name=\"robots\" content=\"index, follow, max-snippet:-1, max-image-preview:large, max-video-preview:-1\" \/>\n<link rel=\"canonical\" href=\"https:\/\/fjala.info\/2009-2015\/qellimi-i-politikes-kriminale\/\" \/>\n<meta property=\"og:locale\" content=\"sq_AL\" \/>\n<meta property=\"og:type\" content=\"article\" \/>\n<meta property=\"og:title\" content=\"Q\u00cbLLIMI I POLITIK\u00cbS KRIMINALE - FjALA e LIR\u00cb - Arkivi\" \/>\n<meta property=\"og:description\" content=\"Nga Dr. Zef Mulaj (Itali) Politika kriminale nuk \u00ebsht vet\u00ebm nj\u00eb instrument v\u00ebzhgimi. Ajo \u00ebsht\u00eb arti i p\u00ebrgatitjes p\u00ebr krijimin dhe zbatimin e standardit penal n\u00eb m\u00ebnyr\u00eb q\u00eb t\u00eb merren rezultatet m\u00eb t\u00eb mira n\u00eb luft\u00ebn kund\u00ebr krimit. Politika penale ka nj\u00eb ndikim t\u00eb r\u00ebnd\u00ebsish\u00ebm n\u00eb sistemin e parandalimit t\u00eb krimit, duke u p\u00ebrpjekur p\u00ebr [&hellip;]\" \/>\n<meta property=\"og:url\" content=\"https:\/\/fjala.info\/2009-2015\/qellimi-i-politikes-kriminale\/\" \/>\n<meta property=\"og:site_name\" content=\"FjALA e LIR\u00cb - Arkivi\" \/>\n<meta property=\"article:published_time\" content=\"2014-12-26T14:45:42+00:00\" \/>\n<meta property=\"og:image\" content=\"http:\/\/www.fjala.info\/2014\/zef_mulaj.jpg\" \/>\n<meta name=\"author\" content=\"admin\" \/>\n<meta name=\"twitter:card\" content=\"summary_large_image\" \/>\n<meta name=\"twitter:label1\" content=\"Written by\" \/>\n\t<meta name=\"twitter:data1\" content=\"admin\" \/>\n\t<meta name=\"twitter:label2\" content=\"Est. reading time\" \/>\n\t<meta name=\"twitter:data2\" content=\"9 minutes\" \/>\n<script type=\"application\/ld+json\" class=\"yoast-schema-graph\">{\"@context\":\"https:\\\/\\\/schema.org\",\"@graph\":[{\"@type\":\"Article\",\"@id\":\"https:\\\/\\\/fjala.info\\\/2009-2015\\\/qellimi-i-politikes-kriminale\\\/#article\",\"isPartOf\":{\"@id\":\"https:\\\/\\\/fjala.info\\\/2009-2015\\\/qellimi-i-politikes-kriminale\\\/\"},\"author\":{\"name\":\"admin\",\"@id\":\"https:\\\/\\\/fjala.info\\\/2009-2015\\\/#\\\/schema\\\/person\\\/3aa1163ef05469c496fc94e77611ada2\"},\"headline\":\"Q\u00cbLLIMI I POLITIK\u00cbS KRIMINALE\",\"datePublished\":\"2014-12-26T14:45:42+00:00\",\"mainEntityOfPage\":{\"@id\":\"https:\\\/\\\/fjala.info\\\/2009-2015\\\/qellimi-i-politikes-kriminale\\\/\"},\"wordCount\":1808,\"commentCount\":0,\"publisher\":{\"@id\":\"https:\\\/\\\/fjala.info\\\/2009-2015\\\/#organization\"},\"image\":{\"@id\":\"https:\\\/\\\/fjala.info\\\/2009-2015\\\/qellimi-i-politikes-kriminale\\\/#primaryimage\"},\"thumbnailUrl\":\"http:\\\/\\\/www.fjala.info\\\/2014\\\/zef_mulaj.jpg\",\"articleSection\":[\"Artikuj\"],\"inLanguage\":\"sq-AL\",\"potentialAction\":[{\"@type\":\"CommentAction\",\"name\":\"Comment\",\"target\":[\"https:\\\/\\\/fjala.info\\\/2009-2015\\\/qellimi-i-politikes-kriminale\\\/#respond\"]}]},{\"@type\":\"WebPage\",\"@id\":\"https:\\\/\\\/fjala.info\\\/2009-2015\\\/qellimi-i-politikes-kriminale\\\/\",\"url\":\"https:\\\/\\\/fjala.info\\\/2009-2015\\\/qellimi-i-politikes-kriminale\\\/\",\"name\":\"Q\u00cbLLIMI I POLITIK\u00cbS KRIMINALE - FjALA e LIR\u00cb - Arkivi\",\"isPartOf\":{\"@id\":\"https:\\\/\\\/fjala.info\\\/2009-2015\\\/#website\"},\"primaryImageOfPage\":{\"@id\":\"https:\\\/\\\/fjala.info\\\/2009-2015\\\/qellimi-i-politikes-kriminale\\\/#primaryimage\"},\"image\":{\"@id\":\"https:\\\/\\\/fjala.info\\\/2009-2015\\\/qellimi-i-politikes-kriminale\\\/#primaryimage\"},\"thumbnailUrl\":\"http:\\\/\\\/www.fjala.info\\\/2014\\\/zef_mulaj.jpg\",\"datePublished\":\"2014-12-26T14:45:42+00:00\",\"breadcrumb\":{\"@id\":\"https:\\\/\\\/fjala.info\\\/2009-2015\\\/qellimi-i-politikes-kriminale\\\/#breadcrumb\"},\"inLanguage\":\"sq-AL\",\"potentialAction\":[{\"@type\":\"ReadAction\",\"target\":[\"https:\\\/\\\/fjala.info\\\/2009-2015\\\/qellimi-i-politikes-kriminale\\\/\"]}]},{\"@type\":\"ImageObject\",\"inLanguage\":\"sq-AL\",\"@id\":\"https:\\\/\\\/fjala.info\\\/2009-2015\\\/qellimi-i-politikes-kriminale\\\/#primaryimage\",\"url\":\"http:\\\/\\\/www.fjala.info\\\/2014\\\/zef_mulaj.jpg\",\"contentUrl\":\"http:\\\/\\\/www.fjala.info\\\/2014\\\/zef_mulaj.jpg\"},{\"@type\":\"BreadcrumbList\",\"@id\":\"https:\\\/\\\/fjala.info\\\/2009-2015\\\/qellimi-i-politikes-kriminale\\\/#breadcrumb\",\"itemListElement\":[{\"@type\":\"ListItem\",\"position\":1,\"name\":\"Home\",\"item\":\"https:\\\/\\\/fjala.info\\\/2009-2015\\\/\"},{\"@type\":\"ListItem\",\"position\":2,\"name\":\"Q\u00cbLLIMI I POLITIK\u00cbS KRIMINALE\"}]},{\"@type\":\"WebSite\",\"@id\":\"https:\\\/\\\/fjala.info\\\/2009-2015\\\/#website\",\"url\":\"https:\\\/\\\/fjala.info\\\/2009-2015\\\/\",\"name\":\"FjALA e LIR\u00cb - Arkivi\",\"description\":\"Arkivi 2009-2015\",\"publisher\":{\"@id\":\"https:\\\/\\\/fjala.info\\\/2009-2015\\\/#organization\"},\"potentialAction\":[{\"@type\":\"SearchAction\",\"target\":{\"@type\":\"EntryPoint\",\"urlTemplate\":\"https:\\\/\\\/fjala.info\\\/2009-2015\\\/?s={search_term_string}\"},\"query-input\":{\"@type\":\"PropertyValueSpecification\",\"valueRequired\":true,\"valueName\":\"search_term_string\"}}],\"inLanguage\":\"sq-AL\"},{\"@type\":\"Organization\",\"@id\":\"https:\\\/\\\/fjala.info\\\/2009-2015\\\/#organization\",\"name\":\"FjALA e LIR\u00cb - Arkivi\",\"url\":\"https:\\\/\\\/fjala.info\\\/2009-2015\\\/\",\"logo\":{\"@type\":\"ImageObject\",\"inLanguage\":\"sq-AL\",\"@id\":\"https:\\\/\\\/fjala.info\\\/2009-2015\\\/#\\\/schema\\\/logo\\\/image\\\/\",\"url\":\"\",\"contentUrl\":\"\",\"caption\":\"FjALA e LIR\u00cb - Arkivi\"},\"image\":{\"@id\":\"https:\\\/\\\/fjala.info\\\/2009-2015\\\/#\\\/schema\\\/logo\\\/image\\\/\"}},{\"@type\":\"Person\",\"@id\":\"https:\\\/\\\/fjala.info\\\/2009-2015\\\/#\\\/schema\\\/person\\\/3aa1163ef05469c496fc94e77611ada2\",\"name\":\"admin\",\"image\":{\"@type\":\"ImageObject\",\"inLanguage\":\"sq-AL\",\"@id\":\"https:\\\/\\\/fjala.info\\\/2009-2015\\\/wp-content\\\/uploads\\\/2012\\\/02\\\/arben_cokaj-120x150.jpg\",\"url\":\"https:\\\/\\\/fjala.info\\\/2009-2015\\\/wp-content\\\/uploads\\\/2012\\\/02\\\/arben_cokaj-120x150.jpg\",\"contentUrl\":\"https:\\\/\\\/fjala.info\\\/2009-2015\\\/wp-content\\\/uploads\\\/2012\\\/02\\\/arben_cokaj-120x150.jpg\",\"caption\":\"admin\"},\"description\":\"Admin, Fjala e Lir\u00eb\",\"sameAs\":[\"https:\\\/\\\/fjala.info\\\/\"],\"url\":\"https:\\\/\\\/fjala.info\\\/2009-2015\\\/author\\\/admin\\\/\"}]}<\/script>\n<!-- \/ Yoast SEO plugin. -->","yoast_head_json":{"title":"Q\u00cbLLIMI I POLITIK\u00cbS KRIMINALE - FjALA e LIR\u00cb - Arkivi","robots":{"index":"index","follow":"follow","max-snippet":"max-snippet:-1","max-image-preview":"max-image-preview:large","max-video-preview":"max-video-preview:-1"},"canonical":"https:\/\/fjala.info\/2009-2015\/qellimi-i-politikes-kriminale\/","og_locale":"sq_AL","og_type":"article","og_title":"Q\u00cbLLIMI I POLITIK\u00cbS KRIMINALE - FjALA e LIR\u00cb - Arkivi","og_description":"Nga Dr. Zef Mulaj (Itali) Politika kriminale nuk \u00ebsht vet\u00ebm nj\u00eb instrument v\u00ebzhgimi. Ajo \u00ebsht\u00eb arti i p\u00ebrgatitjes p\u00ebr krijimin dhe zbatimin e standardit penal n\u00eb m\u00ebnyr\u00eb q\u00eb t\u00eb merren rezultatet m\u00eb t\u00eb mira n\u00eb luft\u00ebn kund\u00ebr krimit. Politika penale ka nj\u00eb ndikim t\u00eb r\u00ebnd\u00ebsish\u00ebm n\u00eb sistemin e parandalimit t\u00eb krimit, duke u p\u00ebrpjekur p\u00ebr [&hellip;]","og_url":"https:\/\/fjala.info\/2009-2015\/qellimi-i-politikes-kriminale\/","og_site_name":"FjALA e LIR\u00cb - Arkivi","article_published_time":"2014-12-26T14:45:42+00:00","og_image":[{"url":"http:\/\/www.fjala.info\/2014\/zef_mulaj.jpg","type":"","width":"","height":""}],"author":"admin","twitter_card":"summary_large_image","twitter_misc":{"Written by":"admin","Est. reading time":"9 minutes"},"schema":{"@context":"https:\/\/schema.org","@graph":[{"@type":"Article","@id":"https:\/\/fjala.info\/2009-2015\/qellimi-i-politikes-kriminale\/#article","isPartOf":{"@id":"https:\/\/fjala.info\/2009-2015\/qellimi-i-politikes-kriminale\/"},"author":{"name":"admin","@id":"https:\/\/fjala.info\/2009-2015\/#\/schema\/person\/3aa1163ef05469c496fc94e77611ada2"},"headline":"Q\u00cbLLIMI I POLITIK\u00cbS KRIMINALE","datePublished":"2014-12-26T14:45:42+00:00","mainEntityOfPage":{"@id":"https:\/\/fjala.info\/2009-2015\/qellimi-i-politikes-kriminale\/"},"wordCount":1808,"commentCount":0,"publisher":{"@id":"https:\/\/fjala.info\/2009-2015\/#organization"},"image":{"@id":"https:\/\/fjala.info\/2009-2015\/qellimi-i-politikes-kriminale\/#primaryimage"},"thumbnailUrl":"http:\/\/www.fjala.info\/2014\/zef_mulaj.jpg","articleSection":["Artikuj"],"inLanguage":"sq-AL","potentialAction":[{"@type":"CommentAction","name":"Comment","target":["https:\/\/fjala.info\/2009-2015\/qellimi-i-politikes-kriminale\/#respond"]}]},{"@type":"WebPage","@id":"https:\/\/fjala.info\/2009-2015\/qellimi-i-politikes-kriminale\/","url":"https:\/\/fjala.info\/2009-2015\/qellimi-i-politikes-kriminale\/","name":"Q\u00cbLLIMI I POLITIK\u00cbS KRIMINALE - FjALA e LIR\u00cb - Arkivi","isPartOf":{"@id":"https:\/\/fjala.info\/2009-2015\/#website"},"primaryImageOfPage":{"@id":"https:\/\/fjala.info\/2009-2015\/qellimi-i-politikes-kriminale\/#primaryimage"},"image":{"@id":"https:\/\/fjala.info\/2009-2015\/qellimi-i-politikes-kriminale\/#primaryimage"},"thumbnailUrl":"http:\/\/www.fjala.info\/2014\/zef_mulaj.jpg","datePublished":"2014-12-26T14:45:42+00:00","breadcrumb":{"@id":"https:\/\/fjala.info\/2009-2015\/qellimi-i-politikes-kriminale\/#breadcrumb"},"inLanguage":"sq-AL","potentialAction":[{"@type":"ReadAction","target":["https:\/\/fjala.info\/2009-2015\/qellimi-i-politikes-kriminale\/"]}]},{"@type":"ImageObject","inLanguage":"sq-AL","@id":"https:\/\/fjala.info\/2009-2015\/qellimi-i-politikes-kriminale\/#primaryimage","url":"http:\/\/www.fjala.info\/2014\/zef_mulaj.jpg","contentUrl":"http:\/\/www.fjala.info\/2014\/zef_mulaj.jpg"},{"@type":"BreadcrumbList","@id":"https:\/\/fjala.info\/2009-2015\/qellimi-i-politikes-kriminale\/#breadcrumb","itemListElement":[{"@type":"ListItem","position":1,"name":"Home","item":"https:\/\/fjala.info\/2009-2015\/"},{"@type":"ListItem","position":2,"name":"Q\u00cbLLIMI I POLITIK\u00cbS KRIMINALE"}]},{"@type":"WebSite","@id":"https:\/\/fjala.info\/2009-2015\/#website","url":"https:\/\/fjala.info\/2009-2015\/","name":"FjALA e LIR\u00cb - Arkivi","description":"Arkivi 2009-2015","publisher":{"@id":"https:\/\/fjala.info\/2009-2015\/#organization"},"potentialAction":[{"@type":"SearchAction","target":{"@type":"EntryPoint","urlTemplate":"https:\/\/fjala.info\/2009-2015\/?s={search_term_string}"},"query-input":{"@type":"PropertyValueSpecification","valueRequired":true,"valueName":"search_term_string"}}],"inLanguage":"sq-AL"},{"@type":"Organization","@id":"https:\/\/fjala.info\/2009-2015\/#organization","name":"FjALA e LIR\u00cb - Arkivi","url":"https:\/\/fjala.info\/2009-2015\/","logo":{"@type":"ImageObject","inLanguage":"sq-AL","@id":"https:\/\/fjala.info\/2009-2015\/#\/schema\/logo\/image\/","url":"","contentUrl":"","caption":"FjALA e LIR\u00cb - Arkivi"},"image":{"@id":"https:\/\/fjala.info\/2009-2015\/#\/schema\/logo\/image\/"}},{"@type":"Person","@id":"https:\/\/fjala.info\/2009-2015\/#\/schema\/person\/3aa1163ef05469c496fc94e77611ada2","name":"admin","image":{"@type":"ImageObject","inLanguage":"sq-AL","@id":"https:\/\/fjala.info\/2009-2015\/wp-content\/uploads\/2012\/02\/arben_cokaj-120x150.jpg","url":"https:\/\/fjala.info\/2009-2015\/wp-content\/uploads\/2012\/02\/arben_cokaj-120x150.jpg","contentUrl":"https:\/\/fjala.info\/2009-2015\/wp-content\/uploads\/2012\/02\/arben_cokaj-120x150.jpg","caption":"admin"},"description":"Admin, Fjala e Lir\u00eb","sameAs":["https:\/\/fjala.info\/"],"url":"https:\/\/fjala.info\/2009-2015\/author\/admin\/"}]}},"_links":{"self":[{"href":"https:\/\/fjala.info\/2009-2015\/wp-json\/wp\/v2\/posts\/2550","targetHints":{"allow":["GET"]}}],"collection":[{"href":"https:\/\/fjala.info\/2009-2015\/wp-json\/wp\/v2\/posts"}],"about":[{"href":"https:\/\/fjala.info\/2009-2015\/wp-json\/wp\/v2\/types\/post"}],"author":[{"embeddable":true,"href":"https:\/\/fjala.info\/2009-2015\/wp-json\/wp\/v2\/users\/1"}],"replies":[{"embeddable":true,"href":"https:\/\/fjala.info\/2009-2015\/wp-json\/wp\/v2\/comments?post=2550"}],"version-history":[{"count":0,"href":"https:\/\/fjala.info\/2009-2015\/wp-json\/wp\/v2\/posts\/2550\/revisions"}],"wp:attachment":[{"href":"https:\/\/fjala.info\/2009-2015\/wp-json\/wp\/v2\/media?parent=2550"}],"wp:term":[{"taxonomy":"category","embeddable":true,"href":"https:\/\/fjala.info\/2009-2015\/wp-json\/wp\/v2\/categories?post=2550"},{"taxonomy":"post_tag","embeddable":true,"href":"https:\/\/fjala.info\/2009-2015\/wp-json\/wp\/v2\/tags?post=2550"}],"curies":[{"name":"wp","href":"https:\/\/api.w.org\/{rel}","templated":true}]}}