{"id":2538,"date":"2013-05-19T14:46:41","date_gmt":"2013-05-19T13:46:41","guid":{"rendered":"http:\/\/fjala.info\/?p=2538"},"modified":"2013-05-19T14:46:41","modified_gmt":"2013-05-19T13:46:41","slug":"karakteri-i-shqiptareve-sipas-albanologeve-plot-me-kontradikta-te-beses-e-te-pabese-punetore-e-dembele-tolerante-e-gjakatare-injorante-e-te-zgjuar","status":"publish","type":"post","link":"https:\/\/fjala.info\/2009-2015\/karakteri-i-shqiptareve-sipas-albanologeve-plot-me-kontradikta-te-beses-e-te-pabese-punetore-e-dembele-tolerante-e-gjakatare-injorante-e-te-zgjuar\/","title":{"rendered":"Karakteri i shqiptar\u00ebve? Sipas albanolog\u00ebve, plot me kontradikta. T\u00eb bes\u00ebs e t\u00eb pabes\u00eb, pun\u00ebtor\u00eb e dembel\u00eb, tolerant\u00eb e gjakatar\u00eb&#8230; injorant\u00eb e t\u00eb zgjuar.\u201d"},"content":{"rendered":"<p><img decoding=\"async\" class=\"alignright size-thumbnail wp-image-7236\" title=\"Jerome\" alt=\"\" src=\"http:\/\/www.fjala.info\/2013\/jerome.jpg\" width=\"300\" \/> <strong>ResPublica.al<\/strong>, <em>19 maj 2013<\/em><\/p>\n<p>Shqiptar\u00ebt, k\u00ebta barinj, gjahtar\u00eb, cuba&#8230; Ky \u00ebsht\u00eb vet\u00ebm nj\u00eb nga 45 p\u00ebrshkrimet e sjella sot tek shtojca Rilindasi tek Shqiptarja.com. Franc Nop\u00e7a ka mbledhur opinionet e 45 albanolog\u00ebve, kryesisht t\u00eb shekullit 19 dhe fillimit t\u00eb shekullit t\u00eb 20-t\u00eb mbi karakterin e shqiptarit. Ka raste ku opinionet jan\u00eb kund\u00ebrth\u00ebn\u00ebse: dikush i quan p\u00ebrtac\u00eb, e dikush pun\u00ebtor\u00eb, dikush t\u00eb ndersh\u00ebm e dikush hileqar\u00eb, her\u00eb si me bes\u00eb e her\u00eb si t\u00eb pabes\u00eb.<\/p>\n<p>Psh, Giberti, m\u00eb 1914, i quan shqiptar\u00ebt \u201ct\u00eb zgjuar, si f\u00ebmij\u00eb, kalor\u00ebs dhe t\u00eb pabes\u00eb, dor\u00ebhapur dhe hajdut\u00eb, t\u00eb p\u00ebrshpirtsh\u00ebm dhe prap\u00eb pa ndjenj\u00eb fetare. E duan vendin e tyre po nuk kan\u00eb ndjenj\u00eb komb\u00ebtare. N\u00eb pik\u00ebpamjen fetare jan\u00eb tolerant\u00eb dhe prap\u00eb marrin pjes\u00eb n\u00eb luft\u00ebra t\u00eb p\u00ebrgjakshme fetare. Jan\u00eb shum\u00eb t\u00eb zgjuar dhe t\u00eb gjitha anomalit\u00eb e karakterit t\u00eb tyre shpjegohen me vobek\u00ebsin\u00eb, injoranc\u00ebn, dhe impulsivitetin e tyre.\u201d<\/p>\n<p><strong>k.c.<\/strong><\/p>\n","protected":false},"excerpt":{"rendered":"<p>ResPublica.al, 19 maj 2013 Shqiptar\u00ebt, k\u00ebta barinj, gjahtar\u00eb, cuba&#8230; Ky \u00ebsht\u00eb vet\u00ebm nj\u00eb nga 45 p\u00ebrshkrimet e sjella sot tek shtojca Rilindasi tek Shqiptarja.com. Franc Nop\u00e7a ka mbledhur opinionet e 45 albanolog\u00ebve, kryesisht t\u00eb shekullit 19 dhe fillimit t\u00eb shekullit t\u00eb 20-t\u00eb mbi karakterin e shqiptarit. Ka raste ku opinionet jan\u00eb kund\u00ebrth\u00ebn\u00ebse: dikush i quan [&hellip;]<\/p>\n","protected":false},"author":1,"featured_media":0,"comment_status":"open","ping_status":"closed","sticky":false,"template":"","format":"standard","meta":{"footnotes":""},"categories":[2,5],"tags":[],"class_list":{"0":"post-2538","1":"post","2":"type-post","3":"status-publish","4":"format-standard","6":"category-artikuj","7":"category-lajme"},"yoast_head":"<!-- This site is optimized with the Yoast SEO plugin v27.4 - https:\/\/yoast.com\/product\/yoast-seo-wordpress\/ -->\n<title>Karakteri i shqiptar\u00ebve? Sipas albanolog\u00ebve, plot me kontradikta. T\u00eb bes\u00ebs e t\u00eb pabes\u00eb, pun\u00ebtor\u00eb e dembel\u00eb, tolerant\u00eb e gjakatar\u00eb... injorant\u00eb e t\u00eb zgjuar.\u201d - FjALA e LIR\u00cb - Arkivi<\/title>\n<meta name=\"robots\" content=\"index, follow, max-snippet:-1, max-image-preview:large, max-video-preview:-1\" \/>\n<link rel=\"canonical\" href=\"https:\/\/fjala.info\/2009-2015\/karakteri-i-shqiptareve-sipas-albanologeve-plot-me-kontradikta-te-beses-e-te-pabese-punetore-e-dembele-tolerante-e-gjakatare-injorante-e-te-zgjuar\/\" \/>\n<meta property=\"og:locale\" content=\"sq_AL\" \/>\n<meta property=\"og:type\" content=\"article\" \/>\n<meta property=\"og:title\" content=\"Karakteri i shqiptar\u00ebve? Sipas albanolog\u00ebve, plot me kontradikta. T\u00eb bes\u00ebs e t\u00eb pabes\u00eb, pun\u00ebtor\u00eb e dembel\u00eb, tolerant\u00eb e gjakatar\u00eb... injorant\u00eb e t\u00eb zgjuar.\u201d - FjALA e LIR\u00cb - Arkivi\" \/>\n<meta property=\"og:description\" content=\"ResPublica.al, 19 maj 2013 Shqiptar\u00ebt, k\u00ebta barinj, gjahtar\u00eb, cuba&#8230; Ky \u00ebsht\u00eb vet\u00ebm nj\u00eb nga 45 p\u00ebrshkrimet e sjella sot tek shtojca Rilindasi tek Shqiptarja.com. Franc Nop\u00e7a ka mbledhur opinionet e 45 albanolog\u00ebve, kryesisht t\u00eb shekullit 19 dhe fillimit t\u00eb shekullit t\u00eb 20-t\u00eb mbi karakterin e shqiptarit. Ka raste ku opinionet jan\u00eb kund\u00ebrth\u00ebn\u00ebse: dikush i quan [&hellip;]\" \/>\n<meta property=\"og:url\" content=\"https:\/\/fjala.info\/2009-2015\/karakteri-i-shqiptareve-sipas-albanologeve-plot-me-kontradikta-te-beses-e-te-pabese-punetore-e-dembele-tolerante-e-gjakatare-injorante-e-te-zgjuar\/\" \/>\n<meta property=\"og:site_name\" content=\"FjALA e LIR\u00cb - Arkivi\" \/>\n<meta property=\"article:published_time\" content=\"2013-05-19T13:46:41+00:00\" \/>\n<meta property=\"og:image\" content=\"http:\/\/www.fjala.info\/2013\/jerome.jpg\" \/>\n<meta name=\"author\" content=\"admin\" \/>\n<meta name=\"twitter:card\" content=\"summary_large_image\" \/>\n<meta name=\"twitter:label1\" content=\"Written by\" \/>\n\t<meta name=\"twitter:data1\" content=\"admin\" \/>\n\t<meta name=\"twitter:label2\" content=\"Est. reading time\" \/>\n\t<meta name=\"twitter:data2\" content=\"1 minute\" \/>\n<script type=\"application\/ld+json\" class=\"yoast-schema-graph\">{\"@context\":\"https:\\\/\\\/schema.org\",\"@graph\":[{\"@type\":\"Article\",\"@id\":\"https:\\\/\\\/fjala.info\\\/2009-2015\\\/karakteri-i-shqiptareve-sipas-albanologeve-plot-me-kontradikta-te-beses-e-te-pabese-punetore-e-dembele-tolerante-e-gjakatare-injorante-e-te-zgjuar\\\/#article\",\"isPartOf\":{\"@id\":\"https:\\\/\\\/fjala.info\\\/2009-2015\\\/karakteri-i-shqiptareve-sipas-albanologeve-plot-me-kontradikta-te-beses-e-te-pabese-punetore-e-dembele-tolerante-e-gjakatare-injorante-e-te-zgjuar\\\/\"},\"author\":{\"name\":\"admin\",\"@id\":\"https:\\\/\\\/fjala.info\\\/2009-2015\\\/#\\\/schema\\\/person\\\/3aa1163ef05469c496fc94e77611ada2\"},\"headline\":\"Karakteri i shqiptar\u00ebve? Sipas albanolog\u00ebve, plot me kontradikta. T\u00eb bes\u00ebs e t\u00eb pabes\u00eb, pun\u00ebtor\u00eb e dembel\u00eb, tolerant\u00eb e gjakatar\u00eb&#8230; injorant\u00eb e t\u00eb zgjuar.\u201d\",\"datePublished\":\"2013-05-19T13:46:41+00:00\",\"mainEntityOfPage\":{\"@id\":\"https:\\\/\\\/fjala.info\\\/2009-2015\\\/karakteri-i-shqiptareve-sipas-albanologeve-plot-me-kontradikta-te-beses-e-te-pabese-punetore-e-dembele-tolerante-e-gjakatare-injorante-e-te-zgjuar\\\/\"},\"wordCount\":192,\"commentCount\":0,\"publisher\":{\"@id\":\"https:\\\/\\\/fjala.info\\\/2009-2015\\\/#organization\"},\"image\":{\"@id\":\"https:\\\/\\\/fjala.info\\\/2009-2015\\\/karakteri-i-shqiptareve-sipas-albanologeve-plot-me-kontradikta-te-beses-e-te-pabese-punetore-e-dembele-tolerante-e-gjakatare-injorante-e-te-zgjuar\\\/#primaryimage\"},\"thumbnailUrl\":\"http:\\\/\\\/www.fjala.info\\\/2013\\\/jerome.jpg\",\"articleSection\":[\"Artikuj\",\"Lajme\"],\"inLanguage\":\"sq-AL\",\"potentialAction\":[{\"@type\":\"CommentAction\",\"name\":\"Comment\",\"target\":[\"https:\\\/\\\/fjala.info\\\/2009-2015\\\/karakteri-i-shqiptareve-sipas-albanologeve-plot-me-kontradikta-te-beses-e-te-pabese-punetore-e-dembele-tolerante-e-gjakatare-injorante-e-te-zgjuar\\\/#respond\"]}]},{\"@type\":\"WebPage\",\"@id\":\"https:\\\/\\\/fjala.info\\\/2009-2015\\\/karakteri-i-shqiptareve-sipas-albanologeve-plot-me-kontradikta-te-beses-e-te-pabese-punetore-e-dembele-tolerante-e-gjakatare-injorante-e-te-zgjuar\\\/\",\"url\":\"https:\\\/\\\/fjala.info\\\/2009-2015\\\/karakteri-i-shqiptareve-sipas-albanologeve-plot-me-kontradikta-te-beses-e-te-pabese-punetore-e-dembele-tolerante-e-gjakatare-injorante-e-te-zgjuar\\\/\",\"name\":\"Karakteri i shqiptar\u00ebve? Sipas albanolog\u00ebve, plot me kontradikta. T\u00eb bes\u00ebs e t\u00eb pabes\u00eb, pun\u00ebtor\u00eb e dembel\u00eb, tolerant\u00eb e gjakatar\u00eb... injorant\u00eb e t\u00eb zgjuar.\u201d - FjALA e LIR\u00cb - Arkivi\",\"isPartOf\":{\"@id\":\"https:\\\/\\\/fjala.info\\\/2009-2015\\\/#website\"},\"primaryImageOfPage\":{\"@id\":\"https:\\\/\\\/fjala.info\\\/2009-2015\\\/karakteri-i-shqiptareve-sipas-albanologeve-plot-me-kontradikta-te-beses-e-te-pabese-punetore-e-dembele-tolerante-e-gjakatare-injorante-e-te-zgjuar\\\/#primaryimage\"},\"image\":{\"@id\":\"https:\\\/\\\/fjala.info\\\/2009-2015\\\/karakteri-i-shqiptareve-sipas-albanologeve-plot-me-kontradikta-te-beses-e-te-pabese-punetore-e-dembele-tolerante-e-gjakatare-injorante-e-te-zgjuar\\\/#primaryimage\"},\"thumbnailUrl\":\"http:\\\/\\\/www.fjala.info\\\/2013\\\/jerome.jpg\",\"datePublished\":\"2013-05-19T13:46:41+00:00\",\"breadcrumb\":{\"@id\":\"https:\\\/\\\/fjala.info\\\/2009-2015\\\/karakteri-i-shqiptareve-sipas-albanologeve-plot-me-kontradikta-te-beses-e-te-pabese-punetore-e-dembele-tolerante-e-gjakatare-injorante-e-te-zgjuar\\\/#breadcrumb\"},\"inLanguage\":\"sq-AL\",\"potentialAction\":[{\"@type\":\"ReadAction\",\"target\":[\"https:\\\/\\\/fjala.info\\\/2009-2015\\\/karakteri-i-shqiptareve-sipas-albanologeve-plot-me-kontradikta-te-beses-e-te-pabese-punetore-e-dembele-tolerante-e-gjakatare-injorante-e-te-zgjuar\\\/\"]}]},{\"@type\":\"ImageObject\",\"inLanguage\":\"sq-AL\",\"@id\":\"https:\\\/\\\/fjala.info\\\/2009-2015\\\/karakteri-i-shqiptareve-sipas-albanologeve-plot-me-kontradikta-te-beses-e-te-pabese-punetore-e-dembele-tolerante-e-gjakatare-injorante-e-te-zgjuar\\\/#primaryimage\",\"url\":\"http:\\\/\\\/www.fjala.info\\\/2013\\\/jerome.jpg\",\"contentUrl\":\"http:\\\/\\\/www.fjala.info\\\/2013\\\/jerome.jpg\"},{\"@type\":\"BreadcrumbList\",\"@id\":\"https:\\\/\\\/fjala.info\\\/2009-2015\\\/karakteri-i-shqiptareve-sipas-albanologeve-plot-me-kontradikta-te-beses-e-te-pabese-punetore-e-dembele-tolerante-e-gjakatare-injorante-e-te-zgjuar\\\/#breadcrumb\",\"itemListElement\":[{\"@type\":\"ListItem\",\"position\":1,\"name\":\"Home\",\"item\":\"https:\\\/\\\/fjala.info\\\/2009-2015\\\/\"},{\"@type\":\"ListItem\",\"position\":2,\"name\":\"Karakteri i shqiptar\u00ebve? Sipas albanolog\u00ebve, plot me kontradikta. T\u00eb bes\u00ebs e t\u00eb pabes\u00eb, pun\u00ebtor\u00eb e dembel\u00eb, tolerant\u00eb e gjakatar\u00eb&#8230; injorant\u00eb e t\u00eb zgjuar.\u201d\"}]},{\"@type\":\"WebSite\",\"@id\":\"https:\\\/\\\/fjala.info\\\/2009-2015\\\/#website\",\"url\":\"https:\\\/\\\/fjala.info\\\/2009-2015\\\/\",\"name\":\"FjALA e LIR\u00cb - Arkivi\",\"description\":\"Arkivi 2009-2015\",\"publisher\":{\"@id\":\"https:\\\/\\\/fjala.info\\\/2009-2015\\\/#organization\"},\"potentialAction\":[{\"@type\":\"SearchAction\",\"target\":{\"@type\":\"EntryPoint\",\"urlTemplate\":\"https:\\\/\\\/fjala.info\\\/2009-2015\\\/?s={search_term_string}\"},\"query-input\":{\"@type\":\"PropertyValueSpecification\",\"valueRequired\":true,\"valueName\":\"search_term_string\"}}],\"inLanguage\":\"sq-AL\"},{\"@type\":\"Organization\",\"@id\":\"https:\\\/\\\/fjala.info\\\/2009-2015\\\/#organization\",\"name\":\"FjALA e LIR\u00cb - Arkivi\",\"url\":\"https:\\\/\\\/fjala.info\\\/2009-2015\\\/\",\"logo\":{\"@type\":\"ImageObject\",\"inLanguage\":\"sq-AL\",\"@id\":\"https:\\\/\\\/fjala.info\\\/2009-2015\\\/#\\\/schema\\\/logo\\\/image\\\/\",\"url\":\"\",\"contentUrl\":\"\",\"caption\":\"FjALA e LIR\u00cb - Arkivi\"},\"image\":{\"@id\":\"https:\\\/\\\/fjala.info\\\/2009-2015\\\/#\\\/schema\\\/logo\\\/image\\\/\"}},{\"@type\":\"Person\",\"@id\":\"https:\\\/\\\/fjala.info\\\/2009-2015\\\/#\\\/schema\\\/person\\\/3aa1163ef05469c496fc94e77611ada2\",\"name\":\"admin\",\"image\":{\"@type\":\"ImageObject\",\"inLanguage\":\"sq-AL\",\"@id\":\"https:\\\/\\\/fjala.info\\\/2009-2015\\\/wp-content\\\/uploads\\\/2012\\\/02\\\/arben_cokaj-120x150.jpg\",\"url\":\"https:\\\/\\\/fjala.info\\\/2009-2015\\\/wp-content\\\/uploads\\\/2012\\\/02\\\/arben_cokaj-120x150.jpg\",\"contentUrl\":\"https:\\\/\\\/fjala.info\\\/2009-2015\\\/wp-content\\\/uploads\\\/2012\\\/02\\\/arben_cokaj-120x150.jpg\",\"caption\":\"admin\"},\"description\":\"Admin, Fjala e Lir\u00eb\",\"sameAs\":[\"https:\\\/\\\/fjala.info\\\/\"],\"url\":\"https:\\\/\\\/fjala.info\\\/2009-2015\\\/author\\\/admin\\\/\"}]}<\/script>\n<!-- \/ Yoast SEO plugin. -->","yoast_head_json":{"title":"Karakteri i shqiptar\u00ebve? Sipas albanolog\u00ebve, plot me kontradikta. T\u00eb bes\u00ebs e t\u00eb pabes\u00eb, pun\u00ebtor\u00eb e dembel\u00eb, tolerant\u00eb e gjakatar\u00eb... injorant\u00eb e t\u00eb zgjuar.\u201d - FjALA e LIR\u00cb - Arkivi","robots":{"index":"index","follow":"follow","max-snippet":"max-snippet:-1","max-image-preview":"max-image-preview:large","max-video-preview":"max-video-preview:-1"},"canonical":"https:\/\/fjala.info\/2009-2015\/karakteri-i-shqiptareve-sipas-albanologeve-plot-me-kontradikta-te-beses-e-te-pabese-punetore-e-dembele-tolerante-e-gjakatare-injorante-e-te-zgjuar\/","og_locale":"sq_AL","og_type":"article","og_title":"Karakteri i shqiptar\u00ebve? Sipas albanolog\u00ebve, plot me kontradikta. T\u00eb bes\u00ebs e t\u00eb pabes\u00eb, pun\u00ebtor\u00eb e dembel\u00eb, tolerant\u00eb e gjakatar\u00eb... injorant\u00eb e t\u00eb zgjuar.\u201d - FjALA e LIR\u00cb - Arkivi","og_description":"ResPublica.al, 19 maj 2013 Shqiptar\u00ebt, k\u00ebta barinj, gjahtar\u00eb, cuba&#8230; Ky \u00ebsht\u00eb vet\u00ebm nj\u00eb nga 45 p\u00ebrshkrimet e sjella sot tek shtojca Rilindasi tek Shqiptarja.com. Franc Nop\u00e7a ka mbledhur opinionet e 45 albanolog\u00ebve, kryesisht t\u00eb shekullit 19 dhe fillimit t\u00eb shekullit t\u00eb 20-t\u00eb mbi karakterin e shqiptarit. Ka raste ku opinionet jan\u00eb kund\u00ebrth\u00ebn\u00ebse: dikush i quan [&hellip;]","og_url":"https:\/\/fjala.info\/2009-2015\/karakteri-i-shqiptareve-sipas-albanologeve-plot-me-kontradikta-te-beses-e-te-pabese-punetore-e-dembele-tolerante-e-gjakatare-injorante-e-te-zgjuar\/","og_site_name":"FjALA e LIR\u00cb - Arkivi","article_published_time":"2013-05-19T13:46:41+00:00","og_image":[{"url":"http:\/\/www.fjala.info\/2013\/jerome.jpg","type":"","width":"","height":""}],"author":"admin","twitter_card":"summary_large_image","twitter_misc":{"Written by":"admin","Est. reading time":"1 minute"},"schema":{"@context":"https:\/\/schema.org","@graph":[{"@type":"Article","@id":"https:\/\/fjala.info\/2009-2015\/karakteri-i-shqiptareve-sipas-albanologeve-plot-me-kontradikta-te-beses-e-te-pabese-punetore-e-dembele-tolerante-e-gjakatare-injorante-e-te-zgjuar\/#article","isPartOf":{"@id":"https:\/\/fjala.info\/2009-2015\/karakteri-i-shqiptareve-sipas-albanologeve-plot-me-kontradikta-te-beses-e-te-pabese-punetore-e-dembele-tolerante-e-gjakatare-injorante-e-te-zgjuar\/"},"author":{"name":"admin","@id":"https:\/\/fjala.info\/2009-2015\/#\/schema\/person\/3aa1163ef05469c496fc94e77611ada2"},"headline":"Karakteri i shqiptar\u00ebve? Sipas albanolog\u00ebve, plot me kontradikta. T\u00eb bes\u00ebs e t\u00eb pabes\u00eb, pun\u00ebtor\u00eb e dembel\u00eb, tolerant\u00eb e gjakatar\u00eb&#8230; injorant\u00eb e t\u00eb zgjuar.\u201d","datePublished":"2013-05-19T13:46:41+00:00","mainEntityOfPage":{"@id":"https:\/\/fjala.info\/2009-2015\/karakteri-i-shqiptareve-sipas-albanologeve-plot-me-kontradikta-te-beses-e-te-pabese-punetore-e-dembele-tolerante-e-gjakatare-injorante-e-te-zgjuar\/"},"wordCount":192,"commentCount":0,"publisher":{"@id":"https:\/\/fjala.info\/2009-2015\/#organization"},"image":{"@id":"https:\/\/fjala.info\/2009-2015\/karakteri-i-shqiptareve-sipas-albanologeve-plot-me-kontradikta-te-beses-e-te-pabese-punetore-e-dembele-tolerante-e-gjakatare-injorante-e-te-zgjuar\/#primaryimage"},"thumbnailUrl":"http:\/\/www.fjala.info\/2013\/jerome.jpg","articleSection":["Artikuj","Lajme"],"inLanguage":"sq-AL","potentialAction":[{"@type":"CommentAction","name":"Comment","target":["https:\/\/fjala.info\/2009-2015\/karakteri-i-shqiptareve-sipas-albanologeve-plot-me-kontradikta-te-beses-e-te-pabese-punetore-e-dembele-tolerante-e-gjakatare-injorante-e-te-zgjuar\/#respond"]}]},{"@type":"WebPage","@id":"https:\/\/fjala.info\/2009-2015\/karakteri-i-shqiptareve-sipas-albanologeve-plot-me-kontradikta-te-beses-e-te-pabese-punetore-e-dembele-tolerante-e-gjakatare-injorante-e-te-zgjuar\/","url":"https:\/\/fjala.info\/2009-2015\/karakteri-i-shqiptareve-sipas-albanologeve-plot-me-kontradikta-te-beses-e-te-pabese-punetore-e-dembele-tolerante-e-gjakatare-injorante-e-te-zgjuar\/","name":"Karakteri i shqiptar\u00ebve? Sipas albanolog\u00ebve, plot me kontradikta. T\u00eb bes\u00ebs e t\u00eb pabes\u00eb, pun\u00ebtor\u00eb e dembel\u00eb, tolerant\u00eb e gjakatar\u00eb... injorant\u00eb e t\u00eb zgjuar.\u201d - FjALA e LIR\u00cb - Arkivi","isPartOf":{"@id":"https:\/\/fjala.info\/2009-2015\/#website"},"primaryImageOfPage":{"@id":"https:\/\/fjala.info\/2009-2015\/karakteri-i-shqiptareve-sipas-albanologeve-plot-me-kontradikta-te-beses-e-te-pabese-punetore-e-dembele-tolerante-e-gjakatare-injorante-e-te-zgjuar\/#primaryimage"},"image":{"@id":"https:\/\/fjala.info\/2009-2015\/karakteri-i-shqiptareve-sipas-albanologeve-plot-me-kontradikta-te-beses-e-te-pabese-punetore-e-dembele-tolerante-e-gjakatare-injorante-e-te-zgjuar\/#primaryimage"},"thumbnailUrl":"http:\/\/www.fjala.info\/2013\/jerome.jpg","datePublished":"2013-05-19T13:46:41+00:00","breadcrumb":{"@id":"https:\/\/fjala.info\/2009-2015\/karakteri-i-shqiptareve-sipas-albanologeve-plot-me-kontradikta-te-beses-e-te-pabese-punetore-e-dembele-tolerante-e-gjakatare-injorante-e-te-zgjuar\/#breadcrumb"},"inLanguage":"sq-AL","potentialAction":[{"@type":"ReadAction","target":["https:\/\/fjala.info\/2009-2015\/karakteri-i-shqiptareve-sipas-albanologeve-plot-me-kontradikta-te-beses-e-te-pabese-punetore-e-dembele-tolerante-e-gjakatare-injorante-e-te-zgjuar\/"]}]},{"@type":"ImageObject","inLanguage":"sq-AL","@id":"https:\/\/fjala.info\/2009-2015\/karakteri-i-shqiptareve-sipas-albanologeve-plot-me-kontradikta-te-beses-e-te-pabese-punetore-e-dembele-tolerante-e-gjakatare-injorante-e-te-zgjuar\/#primaryimage","url":"http:\/\/www.fjala.info\/2013\/jerome.jpg","contentUrl":"http:\/\/www.fjala.info\/2013\/jerome.jpg"},{"@type":"BreadcrumbList","@id":"https:\/\/fjala.info\/2009-2015\/karakteri-i-shqiptareve-sipas-albanologeve-plot-me-kontradikta-te-beses-e-te-pabese-punetore-e-dembele-tolerante-e-gjakatare-injorante-e-te-zgjuar\/#breadcrumb","itemListElement":[{"@type":"ListItem","position":1,"name":"Home","item":"https:\/\/fjala.info\/2009-2015\/"},{"@type":"ListItem","position":2,"name":"Karakteri i shqiptar\u00ebve? Sipas albanolog\u00ebve, plot me kontradikta. T\u00eb bes\u00ebs e t\u00eb pabes\u00eb, pun\u00ebtor\u00eb e dembel\u00eb, tolerant\u00eb e gjakatar\u00eb&#8230; injorant\u00eb e t\u00eb zgjuar.\u201d"}]},{"@type":"WebSite","@id":"https:\/\/fjala.info\/2009-2015\/#website","url":"https:\/\/fjala.info\/2009-2015\/","name":"FjALA e LIR\u00cb - Arkivi","description":"Arkivi 2009-2015","publisher":{"@id":"https:\/\/fjala.info\/2009-2015\/#organization"},"potentialAction":[{"@type":"SearchAction","target":{"@type":"EntryPoint","urlTemplate":"https:\/\/fjala.info\/2009-2015\/?s={search_term_string}"},"query-input":{"@type":"PropertyValueSpecification","valueRequired":true,"valueName":"search_term_string"}}],"inLanguage":"sq-AL"},{"@type":"Organization","@id":"https:\/\/fjala.info\/2009-2015\/#organization","name":"FjALA e LIR\u00cb - Arkivi","url":"https:\/\/fjala.info\/2009-2015\/","logo":{"@type":"ImageObject","inLanguage":"sq-AL","@id":"https:\/\/fjala.info\/2009-2015\/#\/schema\/logo\/image\/","url":"","contentUrl":"","caption":"FjALA e LIR\u00cb - Arkivi"},"image":{"@id":"https:\/\/fjala.info\/2009-2015\/#\/schema\/logo\/image\/"}},{"@type":"Person","@id":"https:\/\/fjala.info\/2009-2015\/#\/schema\/person\/3aa1163ef05469c496fc94e77611ada2","name":"admin","image":{"@type":"ImageObject","inLanguage":"sq-AL","@id":"https:\/\/fjala.info\/2009-2015\/wp-content\/uploads\/2012\/02\/arben_cokaj-120x150.jpg","url":"https:\/\/fjala.info\/2009-2015\/wp-content\/uploads\/2012\/02\/arben_cokaj-120x150.jpg","contentUrl":"https:\/\/fjala.info\/2009-2015\/wp-content\/uploads\/2012\/02\/arben_cokaj-120x150.jpg","caption":"admin"},"description":"Admin, Fjala e Lir\u00eb","sameAs":["https:\/\/fjala.info\/"],"url":"https:\/\/fjala.info\/2009-2015\/author\/admin\/"}]}},"_links":{"self":[{"href":"https:\/\/fjala.info\/2009-2015\/wp-json\/wp\/v2\/posts\/2538","targetHints":{"allow":["GET"]}}],"collection":[{"href":"https:\/\/fjala.info\/2009-2015\/wp-json\/wp\/v2\/posts"}],"about":[{"href":"https:\/\/fjala.info\/2009-2015\/wp-json\/wp\/v2\/types\/post"}],"author":[{"embeddable":true,"href":"https:\/\/fjala.info\/2009-2015\/wp-json\/wp\/v2\/users\/1"}],"replies":[{"embeddable":true,"href":"https:\/\/fjala.info\/2009-2015\/wp-json\/wp\/v2\/comments?post=2538"}],"version-history":[{"count":0,"href":"https:\/\/fjala.info\/2009-2015\/wp-json\/wp\/v2\/posts\/2538\/revisions"}],"wp:attachment":[{"href":"https:\/\/fjala.info\/2009-2015\/wp-json\/wp\/v2\/media?parent=2538"}],"wp:term":[{"taxonomy":"category","embeddable":true,"href":"https:\/\/fjala.info\/2009-2015\/wp-json\/wp\/v2\/categories?post=2538"},{"taxonomy":"post_tag","embeddable":true,"href":"https:\/\/fjala.info\/2009-2015\/wp-json\/wp\/v2\/tags?post=2538"}],"curies":[{"name":"wp","href":"https:\/\/api.w.org\/{rel}","templated":true}]}}