{"id":2526,"date":"2012-04-16T23:05:03","date_gmt":"2012-04-16T22:05:03","guid":{"rendered":"http:\/\/fjala.shkoder.net\/?p=2526"},"modified":"2012-04-16T23:05:03","modified_gmt":"2012-04-16T22:05:03","slug":"edi-rama-borxhi-ka-arritur-ne-100-e-gdp-se","status":"publish","type":"post","link":"https:\/\/fjala.info\/2009-2015\/edi-rama-borxhi-ka-arritur-ne-100-e-gdp-se\/","title":{"rendered":"Edi Rama: Borxhi ka arritur n\u00eb 100% e GDP-s\u00eb"},"content":{"rendered":"<p><img decoding=\"async\" class=\"alignleft size-thumbnail wp-image-7236\" title=\"Edi Rama\" src=\"http:\/\/www.shkoder.net\/2012\/edi_rama.jpg\" alt=\"\" width=\"300\" \/> <strong>ResPublica.al<\/strong>, <em>16 prill 2012<\/em><\/p>\n<p>Edi Rama ka deklaruar se \u201cborxhi i sot\u00ebm i Shqip\u00ebris\u00eb \u00ebsht\u00eb m\u00eb i madh se 60% e GDP-s\u00eb; \u00ebsht\u00eb s\u00eb paku 100%\u201d. Ai nuk e mb\u00ebshteti k\u00ebt\u00eb shif\u00ebr me shifra e statistika, por n\u00ebnvizoi se \u201cp\u00ebr [shlyerjen e] borxhit ne shpenzojm\u00eb [n\u00eb vit] m\u00eb shum\u00eb se fondet p\u00ebr arsimin dhe sh\u00ebndet\u00ebsin\u00eb dhe dyfish m\u00eb shum\u00eb se sa fondi p\u00ebr bujq\u00ebsin\u00eb\u201d, dhe se \u201cas privatizimet nuk e pak\u00ebsuan borxhin publik\u201d.<\/p>\n<p>Dhe n\u00eb k\u00ebt\u00eb pik\u00eb gjeti rast p\u00ebr t\u00eb dh\u00ebn\u00eb optik\u00ebn e vet mbi privatizimet e b\u00ebra e mbi privatizimin n\u00eb p\u00ebrgjith\u00ebsi: \u201cE vetmja konseguenc\u00eb e privatizimeve \u00ebsht\u00eb rr\u00ebnimi i sektor\u00ebve t\u00eb energjis\u00eb dhe naft\u00ebs. Ne nuk jemi kund\u00ebr privatizimeve n\u00eb vetvete, por m\u00ebnyra sesi privatizimet jan\u00eb b\u00ebr\u00eb deri k\u00ebtu \u00ebsht\u00eb m\u00ebnyra m\u00eb shembullore p\u00ebr t\u00eb privatizuar n\u00eb funksion t\u00eb interesave t\u00eb sotme t\u00eb pushtetit dhe blerjes s\u00eb ardhmes p\u00ebr pushtetin\u201d.<\/p>\n<p>T\u00eb gjitha k\u00ebto ai i tha n\u00eb nj\u00eb tryez\u00eb t\u00eb organizuar mbi politikat fiskale. \u201cNj\u00eb nga g\u00ebnjeshtrat \u00ebsht\u00eb se jan\u00eb ulur taksat, se kemi nj\u00eb qeveri t\u00eb vog\u00ebl e n\u00eb diet\u00eb\u201d, u shpreh ai, nd\u00ebrsa lidhur me argumentin e tryez\u00ebs b\u00ebri v\u00ebzhgimin se \u201cvet\u00eb qeveria e pranon sot se n\u00eb Shqip\u00ebri konsumi taksohet 3 her\u00eb m\u00eb shum\u00eb se fitimi dhe pasuria. Nj\u00eb familje shqiptare e zakonshme \u00ebsht\u00eb 3 her\u00eb m\u00eb shum\u00eb e taksuar se nj\u00eb kompani q\u00eb fiton apo nj\u00eb i pasur\u201d. Si pasoj\u00eb \u201crezulton se 10 kompani n\u00eb Shqip\u00ebri edhe pse kan\u00eb 12% t\u00eb xhiros s\u00eb tyre n\u00eb Shqip\u00ebri kan\u00eb 37% t\u00eb fitimit q\u00eb realizohet\u201d.<\/p>\n<p>Re.Pu.<\/p>\n","protected":false},"excerpt":{"rendered":"<p>ResPublica.al, 16 prill 2012 Edi Rama ka deklaruar se \u201cborxhi i sot\u00ebm i Shqip\u00ebris\u00eb \u00ebsht\u00eb m\u00eb i madh se 60% e GDP-s\u00eb; \u00ebsht\u00eb s\u00eb paku 100%\u201d. Ai nuk e mb\u00ebshteti k\u00ebt\u00eb shif\u00ebr me shifra e statistika, por n\u00ebnvizoi se \u201cp\u00ebr [shlyerjen e] borxhit ne shpenzojm\u00eb [n\u00eb vit] m\u00eb shum\u00eb se fondet p\u00ebr arsimin dhe sh\u00ebndet\u00ebsin\u00eb [&hellip;]<\/p>\n","protected":false},"author":1,"featured_media":0,"comment_status":"open","ping_status":"closed","sticky":false,"template":"","format":"standard","meta":{"footnotes":""},"categories":[5],"tags":[],"class_list":{"0":"post-2526","1":"post","2":"type-post","3":"status-publish","4":"format-standard","6":"category-lajme"},"yoast_head":"<!-- This site is optimized with the Yoast SEO plugin v27.4 - https:\/\/yoast.com\/product\/yoast-seo-wordpress\/ -->\n<title>Edi Rama: Borxhi ka arritur n\u00eb 100% e GDP-s\u00eb - FjALA e LIR\u00cb - Arkivi<\/title>\n<meta name=\"robots\" content=\"index, follow, max-snippet:-1, max-image-preview:large, max-video-preview:-1\" \/>\n<link rel=\"canonical\" href=\"https:\/\/fjala.info\/2009-2015\/edi-rama-borxhi-ka-arritur-ne-100-e-gdp-se\/\" \/>\n<meta property=\"og:locale\" content=\"sq_AL\" \/>\n<meta property=\"og:type\" content=\"article\" \/>\n<meta property=\"og:title\" content=\"Edi Rama: Borxhi ka arritur n\u00eb 100% e GDP-s\u00eb - FjALA e LIR\u00cb - Arkivi\" \/>\n<meta property=\"og:description\" content=\"ResPublica.al, 16 prill 2012 Edi Rama ka deklaruar se \u201cborxhi i sot\u00ebm i Shqip\u00ebris\u00eb \u00ebsht\u00eb m\u00eb i madh se 60% e GDP-s\u00eb; \u00ebsht\u00eb s\u00eb paku 100%\u201d. Ai nuk e mb\u00ebshteti k\u00ebt\u00eb shif\u00ebr me shifra e statistika, por n\u00ebnvizoi se \u201cp\u00ebr [shlyerjen e] borxhit ne shpenzojm\u00eb [n\u00eb vit] m\u00eb shum\u00eb se fondet p\u00ebr arsimin dhe sh\u00ebndet\u00ebsin\u00eb [&hellip;]\" \/>\n<meta property=\"og:url\" content=\"https:\/\/fjala.info\/2009-2015\/edi-rama-borxhi-ka-arritur-ne-100-e-gdp-se\/\" \/>\n<meta property=\"og:site_name\" content=\"FjALA e LIR\u00cb - Arkivi\" \/>\n<meta property=\"article:published_time\" content=\"2012-04-16T22:05:03+00:00\" \/>\n<meta property=\"og:image\" content=\"http:\/\/www.shkoder.net\/2012\/edi_rama.jpg\" \/>\n<meta name=\"author\" content=\"admin\" \/>\n<meta name=\"twitter:card\" content=\"summary_large_image\" \/>\n<meta name=\"twitter:label1\" content=\"Written by\" \/>\n\t<meta name=\"twitter:data1\" content=\"admin\" \/>\n\t<meta name=\"twitter:label2\" content=\"Est. reading time\" \/>\n\t<meta name=\"twitter:data2\" content=\"1 minute\" \/>\n<script type=\"application\/ld+json\" class=\"yoast-schema-graph\">{\"@context\":\"https:\\\/\\\/schema.org\",\"@graph\":[{\"@type\":\"Article\",\"@id\":\"https:\\\/\\\/fjala.info\\\/2009-2015\\\/edi-rama-borxhi-ka-arritur-ne-100-e-gdp-se\\\/#article\",\"isPartOf\":{\"@id\":\"https:\\\/\\\/fjala.info\\\/2009-2015\\\/edi-rama-borxhi-ka-arritur-ne-100-e-gdp-se\\\/\"},\"author\":{\"name\":\"admin\",\"@id\":\"https:\\\/\\\/fjala.info\\\/2009-2015\\\/#\\\/schema\\\/person\\\/3aa1163ef05469c496fc94e77611ada2\"},\"headline\":\"Edi Rama: Borxhi ka arritur n\u00eb 100% e GDP-s\u00eb\",\"datePublished\":\"2012-04-16T22:05:03+00:00\",\"mainEntityOfPage\":{\"@id\":\"https:\\\/\\\/fjala.info\\\/2009-2015\\\/edi-rama-borxhi-ka-arritur-ne-100-e-gdp-se\\\/\"},\"wordCount\":291,\"commentCount\":0,\"publisher\":{\"@id\":\"https:\\\/\\\/fjala.info\\\/2009-2015\\\/#organization\"},\"image\":{\"@id\":\"https:\\\/\\\/fjala.info\\\/2009-2015\\\/edi-rama-borxhi-ka-arritur-ne-100-e-gdp-se\\\/#primaryimage\"},\"thumbnailUrl\":\"http:\\\/\\\/www.shkoder.net\\\/2012\\\/edi_rama.jpg\",\"articleSection\":[\"Lajme\"],\"inLanguage\":\"sq-AL\",\"potentialAction\":[{\"@type\":\"CommentAction\",\"name\":\"Comment\",\"target\":[\"https:\\\/\\\/fjala.info\\\/2009-2015\\\/edi-rama-borxhi-ka-arritur-ne-100-e-gdp-se\\\/#respond\"]}]},{\"@type\":\"WebPage\",\"@id\":\"https:\\\/\\\/fjala.info\\\/2009-2015\\\/edi-rama-borxhi-ka-arritur-ne-100-e-gdp-se\\\/\",\"url\":\"https:\\\/\\\/fjala.info\\\/2009-2015\\\/edi-rama-borxhi-ka-arritur-ne-100-e-gdp-se\\\/\",\"name\":\"Edi Rama: Borxhi ka arritur n\u00eb 100% e GDP-s\u00eb - FjALA e LIR\u00cb - Arkivi\",\"isPartOf\":{\"@id\":\"https:\\\/\\\/fjala.info\\\/2009-2015\\\/#website\"},\"primaryImageOfPage\":{\"@id\":\"https:\\\/\\\/fjala.info\\\/2009-2015\\\/edi-rama-borxhi-ka-arritur-ne-100-e-gdp-se\\\/#primaryimage\"},\"image\":{\"@id\":\"https:\\\/\\\/fjala.info\\\/2009-2015\\\/edi-rama-borxhi-ka-arritur-ne-100-e-gdp-se\\\/#primaryimage\"},\"thumbnailUrl\":\"http:\\\/\\\/www.shkoder.net\\\/2012\\\/edi_rama.jpg\",\"datePublished\":\"2012-04-16T22:05:03+00:00\",\"breadcrumb\":{\"@id\":\"https:\\\/\\\/fjala.info\\\/2009-2015\\\/edi-rama-borxhi-ka-arritur-ne-100-e-gdp-se\\\/#breadcrumb\"},\"inLanguage\":\"sq-AL\",\"potentialAction\":[{\"@type\":\"ReadAction\",\"target\":[\"https:\\\/\\\/fjala.info\\\/2009-2015\\\/edi-rama-borxhi-ka-arritur-ne-100-e-gdp-se\\\/\"]}]},{\"@type\":\"ImageObject\",\"inLanguage\":\"sq-AL\",\"@id\":\"https:\\\/\\\/fjala.info\\\/2009-2015\\\/edi-rama-borxhi-ka-arritur-ne-100-e-gdp-se\\\/#primaryimage\",\"url\":\"http:\\\/\\\/www.shkoder.net\\\/2012\\\/edi_rama.jpg\",\"contentUrl\":\"http:\\\/\\\/www.shkoder.net\\\/2012\\\/edi_rama.jpg\"},{\"@type\":\"BreadcrumbList\",\"@id\":\"https:\\\/\\\/fjala.info\\\/2009-2015\\\/edi-rama-borxhi-ka-arritur-ne-100-e-gdp-se\\\/#breadcrumb\",\"itemListElement\":[{\"@type\":\"ListItem\",\"position\":1,\"name\":\"Home\",\"item\":\"https:\\\/\\\/fjala.info\\\/2009-2015\\\/\"},{\"@type\":\"ListItem\",\"position\":2,\"name\":\"Edi Rama: Borxhi ka arritur n\u00eb 100% e GDP-s\u00eb\"}]},{\"@type\":\"WebSite\",\"@id\":\"https:\\\/\\\/fjala.info\\\/2009-2015\\\/#website\",\"url\":\"https:\\\/\\\/fjala.info\\\/2009-2015\\\/\",\"name\":\"FjALA e LIR\u00cb - Arkivi\",\"description\":\"Arkivi 2009-2015\",\"publisher\":{\"@id\":\"https:\\\/\\\/fjala.info\\\/2009-2015\\\/#organization\"},\"potentialAction\":[{\"@type\":\"SearchAction\",\"target\":{\"@type\":\"EntryPoint\",\"urlTemplate\":\"https:\\\/\\\/fjala.info\\\/2009-2015\\\/?s={search_term_string}\"},\"query-input\":{\"@type\":\"PropertyValueSpecification\",\"valueRequired\":true,\"valueName\":\"search_term_string\"}}],\"inLanguage\":\"sq-AL\"},{\"@type\":\"Organization\",\"@id\":\"https:\\\/\\\/fjala.info\\\/2009-2015\\\/#organization\",\"name\":\"FjALA e LIR\u00cb - Arkivi\",\"url\":\"https:\\\/\\\/fjala.info\\\/2009-2015\\\/\",\"logo\":{\"@type\":\"ImageObject\",\"inLanguage\":\"sq-AL\",\"@id\":\"https:\\\/\\\/fjala.info\\\/2009-2015\\\/#\\\/schema\\\/logo\\\/image\\\/\",\"url\":\"\",\"contentUrl\":\"\",\"caption\":\"FjALA e LIR\u00cb - Arkivi\"},\"image\":{\"@id\":\"https:\\\/\\\/fjala.info\\\/2009-2015\\\/#\\\/schema\\\/logo\\\/image\\\/\"}},{\"@type\":\"Person\",\"@id\":\"https:\\\/\\\/fjala.info\\\/2009-2015\\\/#\\\/schema\\\/person\\\/3aa1163ef05469c496fc94e77611ada2\",\"name\":\"admin\",\"image\":{\"@type\":\"ImageObject\",\"inLanguage\":\"sq-AL\",\"@id\":\"https:\\\/\\\/fjala.info\\\/2009-2015\\\/wp-content\\\/uploads\\\/2012\\\/02\\\/arben_cokaj-120x150.jpg\",\"url\":\"https:\\\/\\\/fjala.info\\\/2009-2015\\\/wp-content\\\/uploads\\\/2012\\\/02\\\/arben_cokaj-120x150.jpg\",\"contentUrl\":\"https:\\\/\\\/fjala.info\\\/2009-2015\\\/wp-content\\\/uploads\\\/2012\\\/02\\\/arben_cokaj-120x150.jpg\",\"caption\":\"admin\"},\"description\":\"Admin, Fjala e Lir\u00eb\",\"sameAs\":[\"https:\\\/\\\/fjala.info\\\/\"],\"url\":\"https:\\\/\\\/fjala.info\\\/2009-2015\\\/author\\\/admin\\\/\"}]}<\/script>\n<!-- \/ Yoast SEO plugin. -->","yoast_head_json":{"title":"Edi Rama: Borxhi ka arritur n\u00eb 100% e GDP-s\u00eb - FjALA e LIR\u00cb - Arkivi","robots":{"index":"index","follow":"follow","max-snippet":"max-snippet:-1","max-image-preview":"max-image-preview:large","max-video-preview":"max-video-preview:-1"},"canonical":"https:\/\/fjala.info\/2009-2015\/edi-rama-borxhi-ka-arritur-ne-100-e-gdp-se\/","og_locale":"sq_AL","og_type":"article","og_title":"Edi Rama: Borxhi ka arritur n\u00eb 100% e GDP-s\u00eb - FjALA e LIR\u00cb - Arkivi","og_description":"ResPublica.al, 16 prill 2012 Edi Rama ka deklaruar se \u201cborxhi i sot\u00ebm i Shqip\u00ebris\u00eb \u00ebsht\u00eb m\u00eb i madh se 60% e GDP-s\u00eb; \u00ebsht\u00eb s\u00eb paku 100%\u201d. Ai nuk e mb\u00ebshteti k\u00ebt\u00eb shif\u00ebr me shifra e statistika, por n\u00ebnvizoi se \u201cp\u00ebr [shlyerjen e] borxhit ne shpenzojm\u00eb [n\u00eb vit] m\u00eb shum\u00eb se fondet p\u00ebr arsimin dhe sh\u00ebndet\u00ebsin\u00eb [&hellip;]","og_url":"https:\/\/fjala.info\/2009-2015\/edi-rama-borxhi-ka-arritur-ne-100-e-gdp-se\/","og_site_name":"FjALA e LIR\u00cb - Arkivi","article_published_time":"2012-04-16T22:05:03+00:00","og_image":[{"url":"http:\/\/www.shkoder.net\/2012\/edi_rama.jpg","type":"","width":"","height":""}],"author":"admin","twitter_card":"summary_large_image","twitter_misc":{"Written by":"admin","Est. reading time":"1 minute"},"schema":{"@context":"https:\/\/schema.org","@graph":[{"@type":"Article","@id":"https:\/\/fjala.info\/2009-2015\/edi-rama-borxhi-ka-arritur-ne-100-e-gdp-se\/#article","isPartOf":{"@id":"https:\/\/fjala.info\/2009-2015\/edi-rama-borxhi-ka-arritur-ne-100-e-gdp-se\/"},"author":{"name":"admin","@id":"https:\/\/fjala.info\/2009-2015\/#\/schema\/person\/3aa1163ef05469c496fc94e77611ada2"},"headline":"Edi Rama: Borxhi ka arritur n\u00eb 100% e GDP-s\u00eb","datePublished":"2012-04-16T22:05:03+00:00","mainEntityOfPage":{"@id":"https:\/\/fjala.info\/2009-2015\/edi-rama-borxhi-ka-arritur-ne-100-e-gdp-se\/"},"wordCount":291,"commentCount":0,"publisher":{"@id":"https:\/\/fjala.info\/2009-2015\/#organization"},"image":{"@id":"https:\/\/fjala.info\/2009-2015\/edi-rama-borxhi-ka-arritur-ne-100-e-gdp-se\/#primaryimage"},"thumbnailUrl":"http:\/\/www.shkoder.net\/2012\/edi_rama.jpg","articleSection":["Lajme"],"inLanguage":"sq-AL","potentialAction":[{"@type":"CommentAction","name":"Comment","target":["https:\/\/fjala.info\/2009-2015\/edi-rama-borxhi-ka-arritur-ne-100-e-gdp-se\/#respond"]}]},{"@type":"WebPage","@id":"https:\/\/fjala.info\/2009-2015\/edi-rama-borxhi-ka-arritur-ne-100-e-gdp-se\/","url":"https:\/\/fjala.info\/2009-2015\/edi-rama-borxhi-ka-arritur-ne-100-e-gdp-se\/","name":"Edi Rama: Borxhi ka arritur n\u00eb 100% e GDP-s\u00eb - FjALA e LIR\u00cb - Arkivi","isPartOf":{"@id":"https:\/\/fjala.info\/2009-2015\/#website"},"primaryImageOfPage":{"@id":"https:\/\/fjala.info\/2009-2015\/edi-rama-borxhi-ka-arritur-ne-100-e-gdp-se\/#primaryimage"},"image":{"@id":"https:\/\/fjala.info\/2009-2015\/edi-rama-borxhi-ka-arritur-ne-100-e-gdp-se\/#primaryimage"},"thumbnailUrl":"http:\/\/www.shkoder.net\/2012\/edi_rama.jpg","datePublished":"2012-04-16T22:05:03+00:00","breadcrumb":{"@id":"https:\/\/fjala.info\/2009-2015\/edi-rama-borxhi-ka-arritur-ne-100-e-gdp-se\/#breadcrumb"},"inLanguage":"sq-AL","potentialAction":[{"@type":"ReadAction","target":["https:\/\/fjala.info\/2009-2015\/edi-rama-borxhi-ka-arritur-ne-100-e-gdp-se\/"]}]},{"@type":"ImageObject","inLanguage":"sq-AL","@id":"https:\/\/fjala.info\/2009-2015\/edi-rama-borxhi-ka-arritur-ne-100-e-gdp-se\/#primaryimage","url":"http:\/\/www.shkoder.net\/2012\/edi_rama.jpg","contentUrl":"http:\/\/www.shkoder.net\/2012\/edi_rama.jpg"},{"@type":"BreadcrumbList","@id":"https:\/\/fjala.info\/2009-2015\/edi-rama-borxhi-ka-arritur-ne-100-e-gdp-se\/#breadcrumb","itemListElement":[{"@type":"ListItem","position":1,"name":"Home","item":"https:\/\/fjala.info\/2009-2015\/"},{"@type":"ListItem","position":2,"name":"Edi Rama: Borxhi ka arritur n\u00eb 100% e GDP-s\u00eb"}]},{"@type":"WebSite","@id":"https:\/\/fjala.info\/2009-2015\/#website","url":"https:\/\/fjala.info\/2009-2015\/","name":"FjALA e LIR\u00cb - Arkivi","description":"Arkivi 2009-2015","publisher":{"@id":"https:\/\/fjala.info\/2009-2015\/#organization"},"potentialAction":[{"@type":"SearchAction","target":{"@type":"EntryPoint","urlTemplate":"https:\/\/fjala.info\/2009-2015\/?s={search_term_string}"},"query-input":{"@type":"PropertyValueSpecification","valueRequired":true,"valueName":"search_term_string"}}],"inLanguage":"sq-AL"},{"@type":"Organization","@id":"https:\/\/fjala.info\/2009-2015\/#organization","name":"FjALA e LIR\u00cb - Arkivi","url":"https:\/\/fjala.info\/2009-2015\/","logo":{"@type":"ImageObject","inLanguage":"sq-AL","@id":"https:\/\/fjala.info\/2009-2015\/#\/schema\/logo\/image\/","url":"","contentUrl":"","caption":"FjALA e LIR\u00cb - Arkivi"},"image":{"@id":"https:\/\/fjala.info\/2009-2015\/#\/schema\/logo\/image\/"}},{"@type":"Person","@id":"https:\/\/fjala.info\/2009-2015\/#\/schema\/person\/3aa1163ef05469c496fc94e77611ada2","name":"admin","image":{"@type":"ImageObject","inLanguage":"sq-AL","@id":"https:\/\/fjala.info\/2009-2015\/wp-content\/uploads\/2012\/02\/arben_cokaj-120x150.jpg","url":"https:\/\/fjala.info\/2009-2015\/wp-content\/uploads\/2012\/02\/arben_cokaj-120x150.jpg","contentUrl":"https:\/\/fjala.info\/2009-2015\/wp-content\/uploads\/2012\/02\/arben_cokaj-120x150.jpg","caption":"admin"},"description":"Admin, Fjala e Lir\u00eb","sameAs":["https:\/\/fjala.info\/"],"url":"https:\/\/fjala.info\/2009-2015\/author\/admin\/"}]}},"_links":{"self":[{"href":"https:\/\/fjala.info\/2009-2015\/wp-json\/wp\/v2\/posts\/2526","targetHints":{"allow":["GET"]}}],"collection":[{"href":"https:\/\/fjala.info\/2009-2015\/wp-json\/wp\/v2\/posts"}],"about":[{"href":"https:\/\/fjala.info\/2009-2015\/wp-json\/wp\/v2\/types\/post"}],"author":[{"embeddable":true,"href":"https:\/\/fjala.info\/2009-2015\/wp-json\/wp\/v2\/users\/1"}],"replies":[{"embeddable":true,"href":"https:\/\/fjala.info\/2009-2015\/wp-json\/wp\/v2\/comments?post=2526"}],"version-history":[{"count":0,"href":"https:\/\/fjala.info\/2009-2015\/wp-json\/wp\/v2\/posts\/2526\/revisions"}],"wp:attachment":[{"href":"https:\/\/fjala.info\/2009-2015\/wp-json\/wp\/v2\/media?parent=2526"}],"wp:term":[{"taxonomy":"category","embeddable":true,"href":"https:\/\/fjala.info\/2009-2015\/wp-json\/wp\/v2\/categories?post=2526"},{"taxonomy":"post_tag","embeddable":true,"href":"https:\/\/fjala.info\/2009-2015\/wp-json\/wp\/v2\/tags?post=2526"}],"curies":[{"name":"wp","href":"https:\/\/api.w.org\/{rel}","templated":true}]}}