{"id":2524,"date":"2012-04-16T23:01:30","date_gmt":"2012-04-16T22:01:30","guid":{"rendered":"http:\/\/fjala.shkoder.net\/?p=2524"},"modified":"2012-04-16T23:01:30","modified_gmt":"2012-04-16T22:01:30","slug":"presidenti-nuk-duhet-te-jete-zgjatim-i-qeverise","status":"publish","type":"post","link":"https:\/\/fjala.info\/2009-2015\/presidenti-nuk-duhet-te-jete-zgjatim-i-qeverise\/","title":{"rendered":"Presidenti nuk duhet t\u00eb jet\u00eb zgjatim i qeveris\u00eb"},"content":{"rendered":"<p><img decoding=\"async\" class=\"alignright size-thumbnail wp-image-7236\" title=\"Karsten Ankj\u00e6r Jensen\" src=\"http:\/\/www.shkoder.net\/images\/fjala\/2011\/karsten_ankjaer_jensen.jpg\" alt=\"\" width=\"200\" \/> <em>Karsten Ankj\u00e6r Jensen<\/em><\/p>\n<p><strong>Luis Tanushi<\/strong><\/p>\n<p>Bashkimi Evropian k\u00ebrkon q\u00eb t\u00eb zgjidhet nj\u00eb president jasht\u00eb pal\u00ebve politike, q\u00eb t\u00eb shpreh unitetin e popullit dhe frym\u00ebn e Kushtetut\u00ebs. Ambasadori danez, Karsten Jensen, p\u00ebrfaq\u00ebsues i Presidenc\u00ebs daneze t\u00eb Komisionit Evropian, \u00ebsht\u00eb shprehur se nuk \u00ebsht\u00eb e domosdoshme q\u00eb presidenti i ardhsh\u00ebm shqiptar t\u00eb jet\u00eb politikan.<\/p>\n<p>Sipas tij, mjafton t\u00eb ket\u00eb integritet q\u00eb t\u00eb p\u00ebrmbush\u00eb kriterin e p\u00ebrfaq\u00ebsimit t\u00eb unitetit komb\u00ebtar. Ambasadori danez, i cili \u00ebsht\u00eb i shquar p\u00ebr frym\u00ebn e tij kritike ndaj qeveris\u00eb me mendime t\u00eb shprehura hapur, n\u00eb k\u00ebt\u00eb intervist\u00eb i bie ndesh politik\u00ebs q\u00eb merret me kalkulime matematike t\u00eb votave. Ai b\u00ebn thirrje p\u00ebr \u201cnj\u00eb president q\u00eb t\u00eb mos jet\u00eb zgjatim i qeveris\u00eb, por as i opozit\u00ebs\u201d.<\/p>\n<p><strong>-Si duhet t\u00eb jet\u00eb presidenti i ri i shqiptar\u00ebve?<\/strong><\/p>\n<p>Mendoj se shqiptar\u00ebt kan\u00eb nevoj\u00eb p\u00ebr nj\u00eb president t\u00eb pavarur, me integritet t\u00eb lart\u00eb; q\u00eb mund t\u00eb jet\u00eb simbol i unitetit t\u00eb qytetar\u00ebve dhe q\u00eb mund t\u00eb bashkoj\u00eb popullin shqiptar.<\/p>\n<p><strong>A mund t\u00eb jet\u00eb nj\u00eb president i till\u00eb vet\u00ebm nga nj\u00ebra parti, nga PD apo nga PS, apo duhet t\u00eb k\u00ebrkojm\u00eb nj\u00eb tjet\u00ebr?<\/strong><\/p>\n<p>Nuk mendoj se lidhjet partiake domosdoshm\u00ebrisht jan\u00eb t\u00eb r\u00ebnd\u00ebsishme. N\u00ebse shihni historin\u00eb shqiptare, ju keni pasur president\u00eb q\u00eb vinin nga parti t\u00eb ndryshme q\u00eb e kan\u00eb p\u00ebrmbushur detyr\u00ebn p\u00ebr t\u00eb qen\u00eb p\u00ebrfaq\u00ebsues t\u00eb popullit. Megjithat\u00eb, mendoj se \u00ebsht\u00eb gjithashtu e r\u00ebnd\u00ebsishme q\u00eb t\u00eb zgjerojm\u00eb k\u00ebndv\u00ebshtrimin. Presidenti nuk ka pse t\u00eb jet\u00eb domosdoshm\u00ebrisht nj\u00eb politikan. Un\u00eb mendoj se shum\u00eb njer\u00ebz n\u00eb Shqip\u00ebri kan\u00eb integritetin e nevojsh\u00ebm q\u00eb t\u00eb jen\u00eb mish\u00ebrim i unitetit komb\u00ebtar dhe interesit komb\u00ebtar-<\/p>\n<p><strong>&#8211; Cili \u00ebsht\u00eb profili q\u00eb faktori nd\u00ebrkomb\u00ebtar mb\u00ebshtet p\u00ebr figur\u00ebn e zyrtarit m\u00eb t\u00eb lart\u00eb t\u00eb shtetit. Dhe a \u00ebsht\u00eb e mundur q\u00eb p\u00ebr her\u00eb t\u00eb par\u00eb n\u00eb historin\u00eb e Shqip\u00ebris\u00eb figura e presidentit t\u00eb jet\u00eb nj\u00eb fem\u00ebr. A mund t\u00eb kemi nj\u00eb presidente fem\u00ebr?<\/strong><\/p>\n<p>Sigurisht q\u00eb mundeni. Nuk \u00ebsht\u00eb \u00e7\u00ebshtje seksi, mendoj se nuk \u00ebsht\u00eb as \u00e7\u00ebshtje moshe; un\u00eb mendoj se n\u00eb t\u00eb gjitha fushat, mes grave, mes t\u00eb rinjve, mes t\u00eb vjet\u00ebrve, mund t\u00eb gjeni njer\u00ebz q\u00eb kan\u00eb integritetin e nevojsh\u00ebm p\u00ebr t\u00eb z\u00ebn\u00eb k\u00ebt\u00eb post.<\/p>\n<p><strong>A duhet t\u00eb zgjedhim nj\u00eb president me 71 vota, apo me 84 t\u00eb tilla? <\/strong><\/p>\n<p>Kushtetuta e thot\u00eb se si duhet t\u00eb ecin procedurat, gjithsesi un\u00eb mendoj se \u00ebsht\u00eb e r\u00ebnd\u00ebsishme t\u00eb shihet edhe fryma kushtetuese. Dhe fryma \u00ebsht\u00eb q\u00eb personi q\u00eb zgjidhet president duhet t\u00eb p\u00ebrfaq\u00ebsoj\u00eb t\u00eb gjith\u00eb popullin, ai nuk mund t\u00eb jet\u00eb thjesht nj\u00eb zgjerim i qeveris\u00eb p.sh apo i opozit\u00ebs. Dhe, e kam th\u00ebn\u00eb edhe her\u00eb t\u00eb tjera, mendoj se k\u00ebto zgjedhje presidenciale do t\u00eb jen\u00eb test p\u00ebr demokracin\u00eb shqiptare, kjo \u00ebsht\u00eb nj\u00eb koh\u00eb kur Shqip\u00ebria mund t\u00eb tregoj\u00eb se e kupton v\u00ebrtet sjelljen demokratike dhe d\u00ebshiron t\u2019a mbaj\u00eb vendin n\u00eb rrjedh\u00ebn demokratike.<\/p>\n<p><strong>Kandidat me \u201cduar t\u00eb pastra\u201d p\u00ebr president<\/strong><\/p>\n<p>Si ta kuptojm\u00eb nj\u00eb kandidat p\u00ebr president me \u201cduar t\u00eb pastra\u201d? Teza e hedhur n\u00eb nj\u00eb intervist\u00eb t\u00eb m\u00ebparshme nga Ambasadori danez Jensen, ka t\u00eb b\u00ebj\u00eb me sa duket me shqet\u00ebsimin e diplomat\u00ebve p\u00ebr mund\u00ebsin\u00eb e zgjedhjes s\u00eb Presidentit nga radh\u00ebt e politik\u00ebs aktive, ose nga radh\u00ebt e atyre q\u00eb kan\u00eb qen\u00eb n\u00eb politik\u00eb, por jan\u00eb t\u00ebrhequr. N\u00eb k\u00ebt\u00eb priz\u00ebm, Jensen e shikon si shum\u00eb t\u00eb r\u00ebnd\u00ebsishme zgjedhjen e nj\u00eb presidenti t\u00eb pavarur dhe t\u00eb \u201cpanjollosur\u201d.<\/p>\n<p>Edhe n\u00eb nj\u00eb intervist\u00eb t\u00eb m\u00ebparshme Jensen \u00ebsht\u00eb shprehur se Shqip\u00ebria ka pasur disa president\u00eb t\u00eb vlefsh\u00ebm, q\u00eb kan\u00eb mbrojtur pavar\u00ebsin\u00eb e institucionit. \u201cMendoj se \u00ebsht\u00eb n\u00eb interesin jet\u00ebsor t\u00eb Shqip\u00ebris\u00eb q\u00eb n\u00eb korrik t\u00eb zgjedh\u00eb nj\u00eb president me duar t\u00eb pastra, t\u00eb pandjekur nga e kaluara dhe e tashmja. Nj\u00eb president me t\u00eb cilin t\u00eb gjith\u00eb do t\u00eb shtr\u00ebngonin duart dhe m\u00eb e r\u00ebnd\u00ebsishmja t\u00eb jet\u00eb nj\u00eb p\u00ebrfaq\u00ebsues i t\u00eb ardhmes s\u00eb Shqip\u00ebris\u00eb dhe jo i t\u00eb shkuar\u00ebs,\u201d ka th\u00ebn\u00eb Jensen<\/p>\n<p>Parlamenti do t\u00eb caktoj\u00eb jo m\u00eb von\u00eb se data 27 prill n\u00eb kalendarin e punimeve axhend\u00ebn p\u00ebr zgjedhjen e presidentit t\u00eb ri t\u00eb vendit, nd\u00ebrsa procedurat p\u00ebr zgjedhjen e tij do t\u00eb fillojn\u00eb jo m\u00eb von\u00eb se data 20 maj.<\/p>\n<p>&#8212;&#8212;&#8211;<br \/>\nJensen, ambasador i Danimark\u00ebs n\u00eb Shqip\u00ebri, n\u00eb t\u00eb kaluar\u00ebn ka punuar drejtor departamenti n\u00eb nj\u00eb nga drejtorit\u00eb e Ministris\u00eb s\u00eb Jashtme t\u00eb Danimark\u00ebs dhe n\u00eb misione diplomatike. Ka studiuar fillimisht n\u00eb Universitetin e Aalborg dhe m\u00eb pas n\u00eb Universitetin e Konektikat-it<\/p>\n","protected":false},"excerpt":{"rendered":"<p>Karsten Ankj\u00e6r Jensen Luis Tanushi Bashkimi Evropian k\u00ebrkon q\u00eb t\u00eb zgjidhet nj\u00eb president jasht\u00eb pal\u00ebve politike, q\u00eb t\u00eb shpreh unitetin e popullit dhe frym\u00ebn e Kushtetut\u00ebs. Ambasadori danez, Karsten Jensen, p\u00ebrfaq\u00ebsues i Presidenc\u00ebs daneze t\u00eb Komisionit Evropian, \u00ebsht\u00eb shprehur se nuk \u00ebsht\u00eb e domosdoshme q\u00eb presidenti i ardhsh\u00ebm shqiptar t\u00eb jet\u00eb politikan. Sipas tij, mjafton [&hellip;]<\/p>\n","protected":false},"author":1,"featured_media":0,"comment_status":"open","ping_status":"closed","sticky":false,"template":"","format":"standard","meta":{"footnotes":""},"categories":[2,4],"tags":[],"class_list":{"0":"post-2524","1":"post","2":"type-post","3":"status-publish","4":"format-standard","6":"category-artikuj","7":"category-intervista"},"yoast_head":"<!-- This site is optimized with the Yoast SEO plugin v27.4 - https:\/\/yoast.com\/product\/yoast-seo-wordpress\/ -->\n<title>Presidenti nuk duhet t\u00eb jet\u00eb zgjatim i qeveris\u00eb - FjALA e LIR\u00cb - Arkivi<\/title>\n<meta name=\"robots\" content=\"index, follow, max-snippet:-1, max-image-preview:large, max-video-preview:-1\" \/>\n<link rel=\"canonical\" href=\"https:\/\/fjala.info\/2009-2015\/presidenti-nuk-duhet-te-jete-zgjatim-i-qeverise\/\" \/>\n<meta property=\"og:locale\" content=\"sq_AL\" \/>\n<meta property=\"og:type\" content=\"article\" \/>\n<meta property=\"og:title\" content=\"Presidenti nuk duhet t\u00eb jet\u00eb zgjatim i qeveris\u00eb - FjALA e LIR\u00cb - Arkivi\" \/>\n<meta property=\"og:description\" content=\"Karsten Ankj\u00e6r Jensen Luis Tanushi Bashkimi Evropian k\u00ebrkon q\u00eb t\u00eb zgjidhet nj\u00eb president jasht\u00eb pal\u00ebve politike, q\u00eb t\u00eb shpreh unitetin e popullit dhe frym\u00ebn e Kushtetut\u00ebs. Ambasadori danez, Karsten Jensen, p\u00ebrfaq\u00ebsues i Presidenc\u00ebs daneze t\u00eb Komisionit Evropian, \u00ebsht\u00eb shprehur se nuk \u00ebsht\u00eb e domosdoshme q\u00eb presidenti i ardhsh\u00ebm shqiptar t\u00eb jet\u00eb politikan. Sipas tij, mjafton [&hellip;]\" \/>\n<meta property=\"og:url\" content=\"https:\/\/fjala.info\/2009-2015\/presidenti-nuk-duhet-te-jete-zgjatim-i-qeverise\/\" \/>\n<meta property=\"og:site_name\" content=\"FjALA e LIR\u00cb - Arkivi\" \/>\n<meta property=\"article:published_time\" content=\"2012-04-16T22:01:30+00:00\" \/>\n<meta property=\"og:image\" content=\"http:\/\/www.shkoder.net\/images\/fjala\/2011\/karsten_ankjaer_jensen.jpg\" \/>\n<meta name=\"author\" content=\"admin\" \/>\n<meta name=\"twitter:card\" content=\"summary_large_image\" \/>\n<meta name=\"twitter:label1\" content=\"Written by\" \/>\n\t<meta name=\"twitter:data1\" content=\"admin\" \/>\n\t<meta name=\"twitter:label2\" content=\"Est. reading time\" \/>\n\t<meta name=\"twitter:data2\" content=\"4 minutes\" \/>\n<script type=\"application\/ld+json\" class=\"yoast-schema-graph\">{\"@context\":\"https:\\\/\\\/schema.org\",\"@graph\":[{\"@type\":\"Article\",\"@id\":\"https:\\\/\\\/fjala.info\\\/2009-2015\\\/presidenti-nuk-duhet-te-jete-zgjatim-i-qeverise\\\/#article\",\"isPartOf\":{\"@id\":\"https:\\\/\\\/fjala.info\\\/2009-2015\\\/presidenti-nuk-duhet-te-jete-zgjatim-i-qeverise\\\/\"},\"author\":{\"name\":\"admin\",\"@id\":\"https:\\\/\\\/fjala.info\\\/2009-2015\\\/#\\\/schema\\\/person\\\/3aa1163ef05469c496fc94e77611ada2\"},\"headline\":\"Presidenti nuk duhet t\u00eb jet\u00eb zgjatim i qeveris\u00eb\",\"datePublished\":\"2012-04-16T22:01:30+00:00\",\"mainEntityOfPage\":{\"@id\":\"https:\\\/\\\/fjala.info\\\/2009-2015\\\/presidenti-nuk-duhet-te-jete-zgjatim-i-qeverise\\\/\"},\"wordCount\":814,\"commentCount\":0,\"publisher\":{\"@id\":\"https:\\\/\\\/fjala.info\\\/2009-2015\\\/#organization\"},\"image\":{\"@id\":\"https:\\\/\\\/fjala.info\\\/2009-2015\\\/presidenti-nuk-duhet-te-jete-zgjatim-i-qeverise\\\/#primaryimage\"},\"thumbnailUrl\":\"http:\\\/\\\/www.shkoder.net\\\/images\\\/fjala\\\/2011\\\/karsten_ankjaer_jensen.jpg\",\"articleSection\":[\"Artikuj\",\"Intervista\"],\"inLanguage\":\"sq-AL\",\"potentialAction\":[{\"@type\":\"CommentAction\",\"name\":\"Comment\",\"target\":[\"https:\\\/\\\/fjala.info\\\/2009-2015\\\/presidenti-nuk-duhet-te-jete-zgjatim-i-qeverise\\\/#respond\"]}]},{\"@type\":\"WebPage\",\"@id\":\"https:\\\/\\\/fjala.info\\\/2009-2015\\\/presidenti-nuk-duhet-te-jete-zgjatim-i-qeverise\\\/\",\"url\":\"https:\\\/\\\/fjala.info\\\/2009-2015\\\/presidenti-nuk-duhet-te-jete-zgjatim-i-qeverise\\\/\",\"name\":\"Presidenti nuk duhet t\u00eb jet\u00eb zgjatim i qeveris\u00eb - FjALA e LIR\u00cb - Arkivi\",\"isPartOf\":{\"@id\":\"https:\\\/\\\/fjala.info\\\/2009-2015\\\/#website\"},\"primaryImageOfPage\":{\"@id\":\"https:\\\/\\\/fjala.info\\\/2009-2015\\\/presidenti-nuk-duhet-te-jete-zgjatim-i-qeverise\\\/#primaryimage\"},\"image\":{\"@id\":\"https:\\\/\\\/fjala.info\\\/2009-2015\\\/presidenti-nuk-duhet-te-jete-zgjatim-i-qeverise\\\/#primaryimage\"},\"thumbnailUrl\":\"http:\\\/\\\/www.shkoder.net\\\/images\\\/fjala\\\/2011\\\/karsten_ankjaer_jensen.jpg\",\"datePublished\":\"2012-04-16T22:01:30+00:00\",\"breadcrumb\":{\"@id\":\"https:\\\/\\\/fjala.info\\\/2009-2015\\\/presidenti-nuk-duhet-te-jete-zgjatim-i-qeverise\\\/#breadcrumb\"},\"inLanguage\":\"sq-AL\",\"potentialAction\":[{\"@type\":\"ReadAction\",\"target\":[\"https:\\\/\\\/fjala.info\\\/2009-2015\\\/presidenti-nuk-duhet-te-jete-zgjatim-i-qeverise\\\/\"]}]},{\"@type\":\"ImageObject\",\"inLanguage\":\"sq-AL\",\"@id\":\"https:\\\/\\\/fjala.info\\\/2009-2015\\\/presidenti-nuk-duhet-te-jete-zgjatim-i-qeverise\\\/#primaryimage\",\"url\":\"http:\\\/\\\/www.shkoder.net\\\/images\\\/fjala\\\/2011\\\/karsten_ankjaer_jensen.jpg\",\"contentUrl\":\"http:\\\/\\\/www.shkoder.net\\\/images\\\/fjala\\\/2011\\\/karsten_ankjaer_jensen.jpg\"},{\"@type\":\"BreadcrumbList\",\"@id\":\"https:\\\/\\\/fjala.info\\\/2009-2015\\\/presidenti-nuk-duhet-te-jete-zgjatim-i-qeverise\\\/#breadcrumb\",\"itemListElement\":[{\"@type\":\"ListItem\",\"position\":1,\"name\":\"Home\",\"item\":\"https:\\\/\\\/fjala.info\\\/2009-2015\\\/\"},{\"@type\":\"ListItem\",\"position\":2,\"name\":\"Presidenti nuk duhet t\u00eb jet\u00eb zgjatim i qeveris\u00eb\"}]},{\"@type\":\"WebSite\",\"@id\":\"https:\\\/\\\/fjala.info\\\/2009-2015\\\/#website\",\"url\":\"https:\\\/\\\/fjala.info\\\/2009-2015\\\/\",\"name\":\"FjALA e LIR\u00cb - Arkivi\",\"description\":\"Arkivi 2009-2015\",\"publisher\":{\"@id\":\"https:\\\/\\\/fjala.info\\\/2009-2015\\\/#organization\"},\"potentialAction\":[{\"@type\":\"SearchAction\",\"target\":{\"@type\":\"EntryPoint\",\"urlTemplate\":\"https:\\\/\\\/fjala.info\\\/2009-2015\\\/?s={search_term_string}\"},\"query-input\":{\"@type\":\"PropertyValueSpecification\",\"valueRequired\":true,\"valueName\":\"search_term_string\"}}],\"inLanguage\":\"sq-AL\"},{\"@type\":\"Organization\",\"@id\":\"https:\\\/\\\/fjala.info\\\/2009-2015\\\/#organization\",\"name\":\"FjALA e LIR\u00cb - Arkivi\",\"url\":\"https:\\\/\\\/fjala.info\\\/2009-2015\\\/\",\"logo\":{\"@type\":\"ImageObject\",\"inLanguage\":\"sq-AL\",\"@id\":\"https:\\\/\\\/fjala.info\\\/2009-2015\\\/#\\\/schema\\\/logo\\\/image\\\/\",\"url\":\"\",\"contentUrl\":\"\",\"caption\":\"FjALA e LIR\u00cb - Arkivi\"},\"image\":{\"@id\":\"https:\\\/\\\/fjala.info\\\/2009-2015\\\/#\\\/schema\\\/logo\\\/image\\\/\"}},{\"@type\":\"Person\",\"@id\":\"https:\\\/\\\/fjala.info\\\/2009-2015\\\/#\\\/schema\\\/person\\\/3aa1163ef05469c496fc94e77611ada2\",\"name\":\"admin\",\"image\":{\"@type\":\"ImageObject\",\"inLanguage\":\"sq-AL\",\"@id\":\"https:\\\/\\\/fjala.info\\\/2009-2015\\\/wp-content\\\/uploads\\\/2012\\\/02\\\/arben_cokaj-120x150.jpg\",\"url\":\"https:\\\/\\\/fjala.info\\\/2009-2015\\\/wp-content\\\/uploads\\\/2012\\\/02\\\/arben_cokaj-120x150.jpg\",\"contentUrl\":\"https:\\\/\\\/fjala.info\\\/2009-2015\\\/wp-content\\\/uploads\\\/2012\\\/02\\\/arben_cokaj-120x150.jpg\",\"caption\":\"admin\"},\"description\":\"Admin, Fjala e Lir\u00eb\",\"sameAs\":[\"https:\\\/\\\/fjala.info\\\/\"],\"url\":\"https:\\\/\\\/fjala.info\\\/2009-2015\\\/author\\\/admin\\\/\"}]}<\/script>\n<!-- \/ Yoast SEO plugin. -->","yoast_head_json":{"title":"Presidenti nuk duhet t\u00eb jet\u00eb zgjatim i qeveris\u00eb - FjALA e LIR\u00cb - Arkivi","robots":{"index":"index","follow":"follow","max-snippet":"max-snippet:-1","max-image-preview":"max-image-preview:large","max-video-preview":"max-video-preview:-1"},"canonical":"https:\/\/fjala.info\/2009-2015\/presidenti-nuk-duhet-te-jete-zgjatim-i-qeverise\/","og_locale":"sq_AL","og_type":"article","og_title":"Presidenti nuk duhet t\u00eb jet\u00eb zgjatim i qeveris\u00eb - FjALA e LIR\u00cb - Arkivi","og_description":"Karsten Ankj\u00e6r Jensen Luis Tanushi Bashkimi Evropian k\u00ebrkon q\u00eb t\u00eb zgjidhet nj\u00eb president jasht\u00eb pal\u00ebve politike, q\u00eb t\u00eb shpreh unitetin e popullit dhe frym\u00ebn e Kushtetut\u00ebs. Ambasadori danez, Karsten Jensen, p\u00ebrfaq\u00ebsues i Presidenc\u00ebs daneze t\u00eb Komisionit Evropian, \u00ebsht\u00eb shprehur se nuk \u00ebsht\u00eb e domosdoshme q\u00eb presidenti i ardhsh\u00ebm shqiptar t\u00eb jet\u00eb politikan. Sipas tij, mjafton [&hellip;]","og_url":"https:\/\/fjala.info\/2009-2015\/presidenti-nuk-duhet-te-jete-zgjatim-i-qeverise\/","og_site_name":"FjALA e LIR\u00cb - Arkivi","article_published_time":"2012-04-16T22:01:30+00:00","og_image":[{"url":"http:\/\/www.shkoder.net\/images\/fjala\/2011\/karsten_ankjaer_jensen.jpg","type":"","width":"","height":""}],"author":"admin","twitter_card":"summary_large_image","twitter_misc":{"Written by":"admin","Est. reading time":"4 minutes"},"schema":{"@context":"https:\/\/schema.org","@graph":[{"@type":"Article","@id":"https:\/\/fjala.info\/2009-2015\/presidenti-nuk-duhet-te-jete-zgjatim-i-qeverise\/#article","isPartOf":{"@id":"https:\/\/fjala.info\/2009-2015\/presidenti-nuk-duhet-te-jete-zgjatim-i-qeverise\/"},"author":{"name":"admin","@id":"https:\/\/fjala.info\/2009-2015\/#\/schema\/person\/3aa1163ef05469c496fc94e77611ada2"},"headline":"Presidenti nuk duhet t\u00eb jet\u00eb zgjatim i qeveris\u00eb","datePublished":"2012-04-16T22:01:30+00:00","mainEntityOfPage":{"@id":"https:\/\/fjala.info\/2009-2015\/presidenti-nuk-duhet-te-jete-zgjatim-i-qeverise\/"},"wordCount":814,"commentCount":0,"publisher":{"@id":"https:\/\/fjala.info\/2009-2015\/#organization"},"image":{"@id":"https:\/\/fjala.info\/2009-2015\/presidenti-nuk-duhet-te-jete-zgjatim-i-qeverise\/#primaryimage"},"thumbnailUrl":"http:\/\/www.shkoder.net\/images\/fjala\/2011\/karsten_ankjaer_jensen.jpg","articleSection":["Artikuj","Intervista"],"inLanguage":"sq-AL","potentialAction":[{"@type":"CommentAction","name":"Comment","target":["https:\/\/fjala.info\/2009-2015\/presidenti-nuk-duhet-te-jete-zgjatim-i-qeverise\/#respond"]}]},{"@type":"WebPage","@id":"https:\/\/fjala.info\/2009-2015\/presidenti-nuk-duhet-te-jete-zgjatim-i-qeverise\/","url":"https:\/\/fjala.info\/2009-2015\/presidenti-nuk-duhet-te-jete-zgjatim-i-qeverise\/","name":"Presidenti nuk duhet t\u00eb jet\u00eb zgjatim i qeveris\u00eb - FjALA e LIR\u00cb - Arkivi","isPartOf":{"@id":"https:\/\/fjala.info\/2009-2015\/#website"},"primaryImageOfPage":{"@id":"https:\/\/fjala.info\/2009-2015\/presidenti-nuk-duhet-te-jete-zgjatim-i-qeverise\/#primaryimage"},"image":{"@id":"https:\/\/fjala.info\/2009-2015\/presidenti-nuk-duhet-te-jete-zgjatim-i-qeverise\/#primaryimage"},"thumbnailUrl":"http:\/\/www.shkoder.net\/images\/fjala\/2011\/karsten_ankjaer_jensen.jpg","datePublished":"2012-04-16T22:01:30+00:00","breadcrumb":{"@id":"https:\/\/fjala.info\/2009-2015\/presidenti-nuk-duhet-te-jete-zgjatim-i-qeverise\/#breadcrumb"},"inLanguage":"sq-AL","potentialAction":[{"@type":"ReadAction","target":["https:\/\/fjala.info\/2009-2015\/presidenti-nuk-duhet-te-jete-zgjatim-i-qeverise\/"]}]},{"@type":"ImageObject","inLanguage":"sq-AL","@id":"https:\/\/fjala.info\/2009-2015\/presidenti-nuk-duhet-te-jete-zgjatim-i-qeverise\/#primaryimage","url":"http:\/\/www.shkoder.net\/images\/fjala\/2011\/karsten_ankjaer_jensen.jpg","contentUrl":"http:\/\/www.shkoder.net\/images\/fjala\/2011\/karsten_ankjaer_jensen.jpg"},{"@type":"BreadcrumbList","@id":"https:\/\/fjala.info\/2009-2015\/presidenti-nuk-duhet-te-jete-zgjatim-i-qeverise\/#breadcrumb","itemListElement":[{"@type":"ListItem","position":1,"name":"Home","item":"https:\/\/fjala.info\/2009-2015\/"},{"@type":"ListItem","position":2,"name":"Presidenti nuk duhet t\u00eb jet\u00eb zgjatim i qeveris\u00eb"}]},{"@type":"WebSite","@id":"https:\/\/fjala.info\/2009-2015\/#website","url":"https:\/\/fjala.info\/2009-2015\/","name":"FjALA e LIR\u00cb - Arkivi","description":"Arkivi 2009-2015","publisher":{"@id":"https:\/\/fjala.info\/2009-2015\/#organization"},"potentialAction":[{"@type":"SearchAction","target":{"@type":"EntryPoint","urlTemplate":"https:\/\/fjala.info\/2009-2015\/?s={search_term_string}"},"query-input":{"@type":"PropertyValueSpecification","valueRequired":true,"valueName":"search_term_string"}}],"inLanguage":"sq-AL"},{"@type":"Organization","@id":"https:\/\/fjala.info\/2009-2015\/#organization","name":"FjALA e LIR\u00cb - Arkivi","url":"https:\/\/fjala.info\/2009-2015\/","logo":{"@type":"ImageObject","inLanguage":"sq-AL","@id":"https:\/\/fjala.info\/2009-2015\/#\/schema\/logo\/image\/","url":"","contentUrl":"","caption":"FjALA e LIR\u00cb - Arkivi"},"image":{"@id":"https:\/\/fjala.info\/2009-2015\/#\/schema\/logo\/image\/"}},{"@type":"Person","@id":"https:\/\/fjala.info\/2009-2015\/#\/schema\/person\/3aa1163ef05469c496fc94e77611ada2","name":"admin","image":{"@type":"ImageObject","inLanguage":"sq-AL","@id":"https:\/\/fjala.info\/2009-2015\/wp-content\/uploads\/2012\/02\/arben_cokaj-120x150.jpg","url":"https:\/\/fjala.info\/2009-2015\/wp-content\/uploads\/2012\/02\/arben_cokaj-120x150.jpg","contentUrl":"https:\/\/fjala.info\/2009-2015\/wp-content\/uploads\/2012\/02\/arben_cokaj-120x150.jpg","caption":"admin"},"description":"Admin, Fjala e Lir\u00eb","sameAs":["https:\/\/fjala.info\/"],"url":"https:\/\/fjala.info\/2009-2015\/author\/admin\/"}]}},"_links":{"self":[{"href":"https:\/\/fjala.info\/2009-2015\/wp-json\/wp\/v2\/posts\/2524","targetHints":{"allow":["GET"]}}],"collection":[{"href":"https:\/\/fjala.info\/2009-2015\/wp-json\/wp\/v2\/posts"}],"about":[{"href":"https:\/\/fjala.info\/2009-2015\/wp-json\/wp\/v2\/types\/post"}],"author":[{"embeddable":true,"href":"https:\/\/fjala.info\/2009-2015\/wp-json\/wp\/v2\/users\/1"}],"replies":[{"embeddable":true,"href":"https:\/\/fjala.info\/2009-2015\/wp-json\/wp\/v2\/comments?post=2524"}],"version-history":[{"count":0,"href":"https:\/\/fjala.info\/2009-2015\/wp-json\/wp\/v2\/posts\/2524\/revisions"}],"wp:attachment":[{"href":"https:\/\/fjala.info\/2009-2015\/wp-json\/wp\/v2\/media?parent=2524"}],"wp:term":[{"taxonomy":"category","embeddable":true,"href":"https:\/\/fjala.info\/2009-2015\/wp-json\/wp\/v2\/categories?post=2524"},{"taxonomy":"post_tag","embeddable":true,"href":"https:\/\/fjala.info\/2009-2015\/wp-json\/wp\/v2\/tags?post=2524"}],"curies":[{"name":"wp","href":"https:\/\/api.w.org\/{rel}","templated":true}]}}