{"id":2522,"date":"2012-04-16T22:57:58","date_gmt":"2012-04-16T21:57:58","guid":{"rendered":"http:\/\/fjala.shkoder.net\/?p=2522"},"modified":"2012-04-16T22:57:58","modified_gmt":"2012-04-16T21:57:58","slug":"maqedonia-eshte-kazablanka-e-ballkanit","status":"publish","type":"post","link":"https:\/\/fjala.info\/2009-2015\/maqedonia-eshte-kazablanka-e-ballkanit\/","title":{"rendered":"Maqedonia \u00ebsht\u00eb \u201cKazablanka e Ballkanit\u201d"},"content":{"rendered":"<p><img decoding=\"async\" class=\"alignleft size-thumbnail wp-image-7236\" title=\"Kim Mehmeti\" src=\"http:\/\/www.shkoder.net\/2012\/kim_mehmeti.jpg\" alt=\"\" width=\"300\" \/> <strong>TemA Online<\/strong>, <em>16 Prill 2012<\/em><\/p>\n<p>Pas vrasjes s\u00eb pes\u00eb djemve maqedonas, t\u00eb enjten e kaluar n\u00eb Shkup, pati akuza shabllone q\u00eb autor\u00ebsin\u00eb ua hidhnin shqiptar\u00ebve. U sh\u00ebnuan edhe disa sulme ndaj shqiptar\u00ebve dhe pasuris\u00eb s\u00eb tyre. Publicisti nga Maqedonia, Kim Mehmeti ka th\u00ebn\u00eb p\u00ebr \u201cTribuna Shqiptare\u201d, se k\u00ebto vrasje vijn\u00eb pas nj\u00eb vale incidentesh nd\u00ebretnike q\u00eb ndodh\u00ebn muajve t\u00eb fundit.<\/p>\n<p>Sipas Mehmetit, vrasja e pes\u00ebfisht\u00eb ka ndodhur disa dit\u00eb para Pashk\u00ebve ortodoks, nd\u00ebrsa viktimat jan\u00eb nga nj\u00eb rajon ku gjat\u00eb konfliktit t\u00eb 2001 pati dhjet\u00ebra viktima shqiptare dhe ku lagjet e pakta shqiptare jan\u00eb t\u00eb rrethuara nga fshatrat me banor\u00eb maqedonas.<\/p>\n<p>\u201cGjitha k\u00ebto rrethana t\u00eb \u00e7ojn\u00eb t\u00eb mendosh se n\u00ebse vrasjen nuk e ka b\u00ebr\u00eb ndonj\u00eb monstrum apo i s\u00ebmur\u00eb mendor, at\u00ebher\u00eb autor\u00eb t\u00eb saj mund t\u00eb jen\u00eb struktura mir\u00eb t\u00eb organizuara q\u00eb kan\u00eb p\u00ebr q\u00ebllim q\u00eb Maqedonin\u00eb ta fusin n\u00eb spiralen e vrasjeve nd\u00ebretnike, q\u00eb nuk do merrnin fund\u201d.<\/p>\n<p>\u201cM\u00eb n\u00eb fund, n\u00ebse shqiptar\u00ebt do donin ta destabilizonin k\u00ebt\u00eb shtet, at\u00eb do mund ta b\u00ebnin pa marr\u00eb n\u00eb qaf\u00eb viktima t\u00eb pafajshme, por thjesht\u00eb duke th\u00ebn\u00eb se nuk e duam k\u00ebt\u00eb shtet. Pastaj un\u00eb dua t\u00eb besoj se shqiptar\u00ebt do e mbrojn\u00eb at\u00eb ma madhoren q\u00eb kan\u00eb trash\u00ebguar nga e kaluara: kurr\u00eb mos vrasjen e f\u00ebmij\u00ebve t\u00eb pafajsh\u00ebm dhe kurr\u00eb mos i g\u00ebzohesh kuj\u00ebs s\u00eb cil\u00ebsdo n\u00ebne n\u00eb k\u00ebt\u00eb bot\u00eb\u201d, ka th\u00ebn\u00eb Mehmeti. Ai t\u00ebrheq v\u00ebrejtjen se nuk duhet harruar se Maqedonia \u00ebsht\u00eb \u201cKazablanka e Ballkanit\u201d, nj\u00ebsoj si\u00e7 nuk duhet harruar se n\u00eb k\u00ebt\u00eb shtet shum\u00eb\u00e7ka d\u00ebshmon se vendi \u00ebsht\u00eb n\u00eb duart e n\u00ebntok\u00ebs politike e jo n\u00eb ato t\u00eb institucioneve shtet\u00ebrore. \/indeksonline\/<\/p>\n","protected":false},"excerpt":{"rendered":"<p>TemA Online, 16 Prill 2012 Pas vrasjes s\u00eb pes\u00eb djemve maqedonas, t\u00eb enjten e kaluar n\u00eb Shkup, pati akuza shabllone q\u00eb autor\u00ebsin\u00eb ua hidhnin shqiptar\u00ebve. U sh\u00ebnuan edhe disa sulme ndaj shqiptar\u00ebve dhe pasuris\u00eb s\u00eb tyre. Publicisti nga Maqedonia, Kim Mehmeti ka th\u00ebn\u00eb p\u00ebr \u201cTribuna Shqiptare\u201d, se k\u00ebto vrasje vijn\u00eb pas nj\u00eb vale incidentesh nd\u00ebretnike [&hellip;]<\/p>\n","protected":false},"author":1,"featured_media":0,"comment_status":"open","ping_status":"closed","sticky":false,"template":"","format":"standard","meta":{"footnotes":""},"categories":[5],"tags":[],"class_list":{"0":"post-2522","1":"post","2":"type-post","3":"status-publish","4":"format-standard","6":"category-lajme"},"yoast_head":"<!-- This site is optimized with the Yoast SEO plugin v27.4 - https:\/\/yoast.com\/product\/yoast-seo-wordpress\/ -->\n<title>Maqedonia \u00ebsht\u00eb \u201cKazablanka e Ballkanit\u201d - FjALA e LIR\u00cb - Arkivi<\/title>\n<meta name=\"robots\" content=\"index, follow, max-snippet:-1, max-image-preview:large, max-video-preview:-1\" \/>\n<link rel=\"canonical\" href=\"https:\/\/fjala.info\/2009-2015\/maqedonia-eshte-kazablanka-e-ballkanit\/\" \/>\n<meta property=\"og:locale\" content=\"sq_AL\" \/>\n<meta property=\"og:type\" content=\"article\" \/>\n<meta property=\"og:title\" content=\"Maqedonia \u00ebsht\u00eb \u201cKazablanka e Ballkanit\u201d - FjALA e LIR\u00cb - Arkivi\" \/>\n<meta property=\"og:description\" content=\"TemA Online, 16 Prill 2012 Pas vrasjes s\u00eb pes\u00eb djemve maqedonas, t\u00eb enjten e kaluar n\u00eb Shkup, pati akuza shabllone q\u00eb autor\u00ebsin\u00eb ua hidhnin shqiptar\u00ebve. U sh\u00ebnuan edhe disa sulme ndaj shqiptar\u00ebve dhe pasuris\u00eb s\u00eb tyre. Publicisti nga Maqedonia, Kim Mehmeti ka th\u00ebn\u00eb p\u00ebr \u201cTribuna Shqiptare\u201d, se k\u00ebto vrasje vijn\u00eb pas nj\u00eb vale incidentesh nd\u00ebretnike [&hellip;]\" \/>\n<meta property=\"og:url\" content=\"https:\/\/fjala.info\/2009-2015\/maqedonia-eshte-kazablanka-e-ballkanit\/\" \/>\n<meta property=\"og:site_name\" content=\"FjALA e LIR\u00cb - Arkivi\" \/>\n<meta property=\"article:published_time\" content=\"2012-04-16T21:57:58+00:00\" \/>\n<meta property=\"og:image\" content=\"http:\/\/www.shkoder.net\/2012\/kim_mehmeti.jpg\" \/>\n<meta name=\"author\" content=\"admin\" \/>\n<meta name=\"twitter:card\" content=\"summary_large_image\" \/>\n<meta name=\"twitter:label1\" content=\"Written by\" \/>\n\t<meta name=\"twitter:data1\" content=\"admin\" \/>\n\t<meta name=\"twitter:label2\" content=\"Est. reading time\" \/>\n\t<meta name=\"twitter:data2\" content=\"2 minutes\" \/>\n<script type=\"application\/ld+json\" class=\"yoast-schema-graph\">{\"@context\":\"https:\\\/\\\/schema.org\",\"@graph\":[{\"@type\":\"Article\",\"@id\":\"https:\\\/\\\/fjala.info\\\/2009-2015\\\/maqedonia-eshte-kazablanka-e-ballkanit\\\/#article\",\"isPartOf\":{\"@id\":\"https:\\\/\\\/fjala.info\\\/2009-2015\\\/maqedonia-eshte-kazablanka-e-ballkanit\\\/\"},\"author\":{\"name\":\"admin\",\"@id\":\"https:\\\/\\\/fjala.info\\\/2009-2015\\\/#\\\/schema\\\/person\\\/3aa1163ef05469c496fc94e77611ada2\"},\"headline\":\"Maqedonia \u00ebsht\u00eb \u201cKazablanka e Ballkanit\u201d\",\"datePublished\":\"2012-04-16T21:57:58+00:00\",\"mainEntityOfPage\":{\"@id\":\"https:\\\/\\\/fjala.info\\\/2009-2015\\\/maqedonia-eshte-kazablanka-e-ballkanit\\\/\"},\"wordCount\":313,\"commentCount\":0,\"publisher\":{\"@id\":\"https:\\\/\\\/fjala.info\\\/2009-2015\\\/#organization\"},\"image\":{\"@id\":\"https:\\\/\\\/fjala.info\\\/2009-2015\\\/maqedonia-eshte-kazablanka-e-ballkanit\\\/#primaryimage\"},\"thumbnailUrl\":\"http:\\\/\\\/www.shkoder.net\\\/2012\\\/kim_mehmeti.jpg\",\"articleSection\":[\"Lajme\"],\"inLanguage\":\"sq-AL\",\"potentialAction\":[{\"@type\":\"CommentAction\",\"name\":\"Comment\",\"target\":[\"https:\\\/\\\/fjala.info\\\/2009-2015\\\/maqedonia-eshte-kazablanka-e-ballkanit\\\/#respond\"]}]},{\"@type\":\"WebPage\",\"@id\":\"https:\\\/\\\/fjala.info\\\/2009-2015\\\/maqedonia-eshte-kazablanka-e-ballkanit\\\/\",\"url\":\"https:\\\/\\\/fjala.info\\\/2009-2015\\\/maqedonia-eshte-kazablanka-e-ballkanit\\\/\",\"name\":\"Maqedonia \u00ebsht\u00eb \u201cKazablanka e Ballkanit\u201d - FjALA e LIR\u00cb - Arkivi\",\"isPartOf\":{\"@id\":\"https:\\\/\\\/fjala.info\\\/2009-2015\\\/#website\"},\"primaryImageOfPage\":{\"@id\":\"https:\\\/\\\/fjala.info\\\/2009-2015\\\/maqedonia-eshte-kazablanka-e-ballkanit\\\/#primaryimage\"},\"image\":{\"@id\":\"https:\\\/\\\/fjala.info\\\/2009-2015\\\/maqedonia-eshte-kazablanka-e-ballkanit\\\/#primaryimage\"},\"thumbnailUrl\":\"http:\\\/\\\/www.shkoder.net\\\/2012\\\/kim_mehmeti.jpg\",\"datePublished\":\"2012-04-16T21:57:58+00:00\",\"breadcrumb\":{\"@id\":\"https:\\\/\\\/fjala.info\\\/2009-2015\\\/maqedonia-eshte-kazablanka-e-ballkanit\\\/#breadcrumb\"},\"inLanguage\":\"sq-AL\",\"potentialAction\":[{\"@type\":\"ReadAction\",\"target\":[\"https:\\\/\\\/fjala.info\\\/2009-2015\\\/maqedonia-eshte-kazablanka-e-ballkanit\\\/\"]}]},{\"@type\":\"ImageObject\",\"inLanguage\":\"sq-AL\",\"@id\":\"https:\\\/\\\/fjala.info\\\/2009-2015\\\/maqedonia-eshte-kazablanka-e-ballkanit\\\/#primaryimage\",\"url\":\"http:\\\/\\\/www.shkoder.net\\\/2012\\\/kim_mehmeti.jpg\",\"contentUrl\":\"http:\\\/\\\/www.shkoder.net\\\/2012\\\/kim_mehmeti.jpg\"},{\"@type\":\"BreadcrumbList\",\"@id\":\"https:\\\/\\\/fjala.info\\\/2009-2015\\\/maqedonia-eshte-kazablanka-e-ballkanit\\\/#breadcrumb\",\"itemListElement\":[{\"@type\":\"ListItem\",\"position\":1,\"name\":\"Home\",\"item\":\"https:\\\/\\\/fjala.info\\\/2009-2015\\\/\"},{\"@type\":\"ListItem\",\"position\":2,\"name\":\"Maqedonia \u00ebsht\u00eb \u201cKazablanka e Ballkanit\u201d\"}]},{\"@type\":\"WebSite\",\"@id\":\"https:\\\/\\\/fjala.info\\\/2009-2015\\\/#website\",\"url\":\"https:\\\/\\\/fjala.info\\\/2009-2015\\\/\",\"name\":\"FjALA e LIR\u00cb - Arkivi\",\"description\":\"Arkivi 2009-2015\",\"publisher\":{\"@id\":\"https:\\\/\\\/fjala.info\\\/2009-2015\\\/#organization\"},\"potentialAction\":[{\"@type\":\"SearchAction\",\"target\":{\"@type\":\"EntryPoint\",\"urlTemplate\":\"https:\\\/\\\/fjala.info\\\/2009-2015\\\/?s={search_term_string}\"},\"query-input\":{\"@type\":\"PropertyValueSpecification\",\"valueRequired\":true,\"valueName\":\"search_term_string\"}}],\"inLanguage\":\"sq-AL\"},{\"@type\":\"Organization\",\"@id\":\"https:\\\/\\\/fjala.info\\\/2009-2015\\\/#organization\",\"name\":\"FjALA e LIR\u00cb - Arkivi\",\"url\":\"https:\\\/\\\/fjala.info\\\/2009-2015\\\/\",\"logo\":{\"@type\":\"ImageObject\",\"inLanguage\":\"sq-AL\",\"@id\":\"https:\\\/\\\/fjala.info\\\/2009-2015\\\/#\\\/schema\\\/logo\\\/image\\\/\",\"url\":\"\",\"contentUrl\":\"\",\"caption\":\"FjALA e LIR\u00cb - Arkivi\"},\"image\":{\"@id\":\"https:\\\/\\\/fjala.info\\\/2009-2015\\\/#\\\/schema\\\/logo\\\/image\\\/\"}},{\"@type\":\"Person\",\"@id\":\"https:\\\/\\\/fjala.info\\\/2009-2015\\\/#\\\/schema\\\/person\\\/3aa1163ef05469c496fc94e77611ada2\",\"name\":\"admin\",\"image\":{\"@type\":\"ImageObject\",\"inLanguage\":\"sq-AL\",\"@id\":\"https:\\\/\\\/fjala.info\\\/2009-2015\\\/wp-content\\\/uploads\\\/2012\\\/02\\\/arben_cokaj-120x150.jpg\",\"url\":\"https:\\\/\\\/fjala.info\\\/2009-2015\\\/wp-content\\\/uploads\\\/2012\\\/02\\\/arben_cokaj-120x150.jpg\",\"contentUrl\":\"https:\\\/\\\/fjala.info\\\/2009-2015\\\/wp-content\\\/uploads\\\/2012\\\/02\\\/arben_cokaj-120x150.jpg\",\"caption\":\"admin\"},\"description\":\"Admin, Fjala e Lir\u00eb\",\"sameAs\":[\"https:\\\/\\\/fjala.info\\\/\"],\"url\":\"https:\\\/\\\/fjala.info\\\/2009-2015\\\/author\\\/admin\\\/\"}]}<\/script>\n<!-- \/ Yoast SEO plugin. -->","yoast_head_json":{"title":"Maqedonia \u00ebsht\u00eb \u201cKazablanka e Ballkanit\u201d - FjALA e LIR\u00cb - Arkivi","robots":{"index":"index","follow":"follow","max-snippet":"max-snippet:-1","max-image-preview":"max-image-preview:large","max-video-preview":"max-video-preview:-1"},"canonical":"https:\/\/fjala.info\/2009-2015\/maqedonia-eshte-kazablanka-e-ballkanit\/","og_locale":"sq_AL","og_type":"article","og_title":"Maqedonia \u00ebsht\u00eb \u201cKazablanka e Ballkanit\u201d - FjALA e LIR\u00cb - Arkivi","og_description":"TemA Online, 16 Prill 2012 Pas vrasjes s\u00eb pes\u00eb djemve maqedonas, t\u00eb enjten e kaluar n\u00eb Shkup, pati akuza shabllone q\u00eb autor\u00ebsin\u00eb ua hidhnin shqiptar\u00ebve. U sh\u00ebnuan edhe disa sulme ndaj shqiptar\u00ebve dhe pasuris\u00eb s\u00eb tyre. Publicisti nga Maqedonia, Kim Mehmeti ka th\u00ebn\u00eb p\u00ebr \u201cTribuna Shqiptare\u201d, se k\u00ebto vrasje vijn\u00eb pas nj\u00eb vale incidentesh nd\u00ebretnike [&hellip;]","og_url":"https:\/\/fjala.info\/2009-2015\/maqedonia-eshte-kazablanka-e-ballkanit\/","og_site_name":"FjALA e LIR\u00cb - Arkivi","article_published_time":"2012-04-16T21:57:58+00:00","og_image":[{"url":"http:\/\/www.shkoder.net\/2012\/kim_mehmeti.jpg","type":"","width":"","height":""}],"author":"admin","twitter_card":"summary_large_image","twitter_misc":{"Written by":"admin","Est. reading time":"2 minutes"},"schema":{"@context":"https:\/\/schema.org","@graph":[{"@type":"Article","@id":"https:\/\/fjala.info\/2009-2015\/maqedonia-eshte-kazablanka-e-ballkanit\/#article","isPartOf":{"@id":"https:\/\/fjala.info\/2009-2015\/maqedonia-eshte-kazablanka-e-ballkanit\/"},"author":{"name":"admin","@id":"https:\/\/fjala.info\/2009-2015\/#\/schema\/person\/3aa1163ef05469c496fc94e77611ada2"},"headline":"Maqedonia \u00ebsht\u00eb \u201cKazablanka e Ballkanit\u201d","datePublished":"2012-04-16T21:57:58+00:00","mainEntityOfPage":{"@id":"https:\/\/fjala.info\/2009-2015\/maqedonia-eshte-kazablanka-e-ballkanit\/"},"wordCount":313,"commentCount":0,"publisher":{"@id":"https:\/\/fjala.info\/2009-2015\/#organization"},"image":{"@id":"https:\/\/fjala.info\/2009-2015\/maqedonia-eshte-kazablanka-e-ballkanit\/#primaryimage"},"thumbnailUrl":"http:\/\/www.shkoder.net\/2012\/kim_mehmeti.jpg","articleSection":["Lajme"],"inLanguage":"sq-AL","potentialAction":[{"@type":"CommentAction","name":"Comment","target":["https:\/\/fjala.info\/2009-2015\/maqedonia-eshte-kazablanka-e-ballkanit\/#respond"]}]},{"@type":"WebPage","@id":"https:\/\/fjala.info\/2009-2015\/maqedonia-eshte-kazablanka-e-ballkanit\/","url":"https:\/\/fjala.info\/2009-2015\/maqedonia-eshte-kazablanka-e-ballkanit\/","name":"Maqedonia \u00ebsht\u00eb \u201cKazablanka e Ballkanit\u201d - FjALA e LIR\u00cb - Arkivi","isPartOf":{"@id":"https:\/\/fjala.info\/2009-2015\/#website"},"primaryImageOfPage":{"@id":"https:\/\/fjala.info\/2009-2015\/maqedonia-eshte-kazablanka-e-ballkanit\/#primaryimage"},"image":{"@id":"https:\/\/fjala.info\/2009-2015\/maqedonia-eshte-kazablanka-e-ballkanit\/#primaryimage"},"thumbnailUrl":"http:\/\/www.shkoder.net\/2012\/kim_mehmeti.jpg","datePublished":"2012-04-16T21:57:58+00:00","breadcrumb":{"@id":"https:\/\/fjala.info\/2009-2015\/maqedonia-eshte-kazablanka-e-ballkanit\/#breadcrumb"},"inLanguage":"sq-AL","potentialAction":[{"@type":"ReadAction","target":["https:\/\/fjala.info\/2009-2015\/maqedonia-eshte-kazablanka-e-ballkanit\/"]}]},{"@type":"ImageObject","inLanguage":"sq-AL","@id":"https:\/\/fjala.info\/2009-2015\/maqedonia-eshte-kazablanka-e-ballkanit\/#primaryimage","url":"http:\/\/www.shkoder.net\/2012\/kim_mehmeti.jpg","contentUrl":"http:\/\/www.shkoder.net\/2012\/kim_mehmeti.jpg"},{"@type":"BreadcrumbList","@id":"https:\/\/fjala.info\/2009-2015\/maqedonia-eshte-kazablanka-e-ballkanit\/#breadcrumb","itemListElement":[{"@type":"ListItem","position":1,"name":"Home","item":"https:\/\/fjala.info\/2009-2015\/"},{"@type":"ListItem","position":2,"name":"Maqedonia \u00ebsht\u00eb \u201cKazablanka e Ballkanit\u201d"}]},{"@type":"WebSite","@id":"https:\/\/fjala.info\/2009-2015\/#website","url":"https:\/\/fjala.info\/2009-2015\/","name":"FjALA e LIR\u00cb - Arkivi","description":"Arkivi 2009-2015","publisher":{"@id":"https:\/\/fjala.info\/2009-2015\/#organization"},"potentialAction":[{"@type":"SearchAction","target":{"@type":"EntryPoint","urlTemplate":"https:\/\/fjala.info\/2009-2015\/?s={search_term_string}"},"query-input":{"@type":"PropertyValueSpecification","valueRequired":true,"valueName":"search_term_string"}}],"inLanguage":"sq-AL"},{"@type":"Organization","@id":"https:\/\/fjala.info\/2009-2015\/#organization","name":"FjALA e LIR\u00cb - Arkivi","url":"https:\/\/fjala.info\/2009-2015\/","logo":{"@type":"ImageObject","inLanguage":"sq-AL","@id":"https:\/\/fjala.info\/2009-2015\/#\/schema\/logo\/image\/","url":"","contentUrl":"","caption":"FjALA e LIR\u00cb - Arkivi"},"image":{"@id":"https:\/\/fjala.info\/2009-2015\/#\/schema\/logo\/image\/"}},{"@type":"Person","@id":"https:\/\/fjala.info\/2009-2015\/#\/schema\/person\/3aa1163ef05469c496fc94e77611ada2","name":"admin","image":{"@type":"ImageObject","inLanguage":"sq-AL","@id":"https:\/\/fjala.info\/2009-2015\/wp-content\/uploads\/2012\/02\/arben_cokaj-120x150.jpg","url":"https:\/\/fjala.info\/2009-2015\/wp-content\/uploads\/2012\/02\/arben_cokaj-120x150.jpg","contentUrl":"https:\/\/fjala.info\/2009-2015\/wp-content\/uploads\/2012\/02\/arben_cokaj-120x150.jpg","caption":"admin"},"description":"Admin, Fjala e Lir\u00eb","sameAs":["https:\/\/fjala.info\/"],"url":"https:\/\/fjala.info\/2009-2015\/author\/admin\/"}]}},"_links":{"self":[{"href":"https:\/\/fjala.info\/2009-2015\/wp-json\/wp\/v2\/posts\/2522","targetHints":{"allow":["GET"]}}],"collection":[{"href":"https:\/\/fjala.info\/2009-2015\/wp-json\/wp\/v2\/posts"}],"about":[{"href":"https:\/\/fjala.info\/2009-2015\/wp-json\/wp\/v2\/types\/post"}],"author":[{"embeddable":true,"href":"https:\/\/fjala.info\/2009-2015\/wp-json\/wp\/v2\/users\/1"}],"replies":[{"embeddable":true,"href":"https:\/\/fjala.info\/2009-2015\/wp-json\/wp\/v2\/comments?post=2522"}],"version-history":[{"count":0,"href":"https:\/\/fjala.info\/2009-2015\/wp-json\/wp\/v2\/posts\/2522\/revisions"}],"wp:attachment":[{"href":"https:\/\/fjala.info\/2009-2015\/wp-json\/wp\/v2\/media?parent=2522"}],"wp:term":[{"taxonomy":"category","embeddable":true,"href":"https:\/\/fjala.info\/2009-2015\/wp-json\/wp\/v2\/categories?post=2522"},{"taxonomy":"post_tag","embeddable":true,"href":"https:\/\/fjala.info\/2009-2015\/wp-json\/wp\/v2\/tags?post=2522"}],"curies":[{"name":"wp","href":"https:\/\/api.w.org\/{rel}","templated":true}]}}