{"id":2512,"date":"2012-04-15T22:59:59","date_gmt":"2012-04-15T21:59:59","guid":{"rendered":"http:\/\/fjala.shkoder.net\/?p=2512"},"modified":"2012-04-15T22:59:59","modified_gmt":"2012-04-15T21:59:59","slug":"jua-bej-me-keq-se-ne-21-janar","status":"publish","type":"post","link":"https:\/\/fjala.info\/2009-2015\/jua-bej-me-keq-se-ne-21-janar\/","title":{"rendered":"Jua b\u00ebj m\u00eb keq se n\u00eb 21 janar\u2026."},"content":{"rendered":"<p><img decoding=\"async\" class=\"alignleft size-thumbnail wp-image-7236\" title=\"Dr. Migena Aleksi\" src=\"http:\/\/www.shkoder.net\/2012\/migena_aleksi.jpg\" alt=\"\" width=\"150\" \/> <strong>Dr. Migena Aleksi<\/strong><\/p>\n<p>Votimi p\u00ebr an\u00ebtarin e ri t\u00eb KLD, p\u00ebr disa ishte nje test p\u00ebr aritmetik\u00ebn e mazhoranc\u00ebs n\u00eb parlament, p\u00ebr t\u00eb tjer\u00eb ishte nj\u00eb prov\u00eb gjenerale p\u00ebr votimin e ardhsh\u00ebm p\u00ebr Presidentin. Ishte padyshim edhe shp\u00ebrtallja e radh\u00ebs me pandehm\u00ebn se Berisha do t\u00eb lejoj\u00eb ndonj\u00ebher\u00eb nj\u00eb votim p\u00ebr t\u00eb cilin \u00ebsht\u00eb i bindur se nuk e fiton. Me t\u00eb drejt\u00eb u komentua dje se Berisha e d\u00ebshmoi hapur q\u00eb nuk do t\u00eb lejoj\u00eb n\u00eb asnj\u00eb rrethan\u00eb t\u00eb b\u00ebhen zgjedhje t\u00eb cilat mendon se e nxjerrin t\u00eb humbur.<\/p>\n<p>Por, mbi t\u00eb gjitha ngjarjet e s\u00eb enjtes n\u00eb Kuvend, do t\u00eb memorizohen p\u00ebr episodin shp\u00ebrthyes n\u00eb fund t\u00eb seanc\u00ebs. N\u00eb nj\u00eb video e cila \u00ebsht\u00eb realizuar me celular deputeti Taulant Balla, shihet kryeministri i vendit q\u00eb l\u00ebshon nga podiumi i Kuvendit fjal\u00ebt: \u201cE provuat m\u00eb 21 janar. Doni ta provoni p\u00ebrs\u00ebri? K\u00ebtu jam, jua b\u00ebj m\u00eb keq se m\u00eb 21 Janar\u201d.<\/p>\n<p>Kush vrau dhe pse u vran\u00eb demonstruesit e 21 janarit ka qen\u00eb e qart\u00eb q\u00eb prej fillimit. Ky krim i asaj dite kur si\u00e7 thot\u00eb Kadare \u201cn\u00eb sken\u00eb u thirr vdekja\u201d, ndodhi n\u00eb syt\u00eb e mij\u00ebra d\u00ebshmitar\u00ebve dhe n\u00eb fokusin e dhjet\u00ebra kamerave. Gjat\u00eb muajve q\u00eb pasuan, ky kryeminist\u00ebr u p\u00ebrfshi personalisht n\u00eb pengimin e hetimeve, n\u00eb spekulimin me kronologjin\u00eb e ngjarjes, e m\u00eb pas dol\u00ebn n\u00eb drit\u00eb provat me nd\u00ebrrim tytash, prishje gjilp\u00ebrash e fshirje server\u00ebsh.<\/p>\n<p>Por thirrmat e tij t\u00eb enjten n\u00eb Kuvend jan\u00eb prova m\u00eb e qart\u00eb q\u00eb 21 janari nuk ka lidhje me t\u00eb ashtuquajtur\u00ebn \u201cp\u00ebrgjigje ndaj dhun\u00ebs\u201d, me historit\u00eb me puce fantazmash apo sh\u00ebmtin\u00eb fyese t\u00eb marr\u00ebzive me \u00e7adra pistolet\u00eb. Kryeministri pohoi se 21 janari ishte nj\u00eb krim me paramendim. Prandaj u q\u00ebllua nd\u00ebrkoh\u00eb q\u00eb demonstrata ishte shkrehur, prandaj u q\u00eblluan njer\u00ebz me duar n\u00eb xhepa, prandaj u q\u00ebllua pas shpine nj\u00eb turm\u00eb n\u00eb ikje.<\/p>\n<p>Vrasjet dhe terrori i m\u00ebpas\u00ebm mbi protestues e kalimtar\u00eb n\u00eb bulevardin e Tiran\u00ebs nuk kan\u00eb patur lidhje me at\u00eb q\u00eb ndodhi n\u00eb demonstrat\u00eb, por me at\u00eb q\u00eb nuk duhej t\u00eb ndodhte m\u00eb pas. E pohon kryetari i K\u00ebshillit t\u00eb Ministrave dora vet\u00eb. Pohon se ka vrar\u00eb me skenarin e qart\u00eb p\u00ebr t\u00eb frik\u00ebsuar dhe n\u00ebnshtruar opozit\u00ebn dhe se \u00ebsht\u00eb i gatsh\u00ebm ta b\u00ebj p\u00ebrs\u00ebri. \u201cjua b\u00ebj m\u00eb keq se n\u00eb 21 janar\u2026\u201d (!)<\/p>\n<p>Dhe opozita n\u00eb fakt \u00ebsht\u00eb n\u00ebnshtruar. Asnj\u00eb opozit\u00eb n\u00eb bot\u00eb nuk do t\u00ebrhiqej pas 21 janarit. Asnj\u00eb opozit\u00eb n\u00eb bot\u00eb nuk do ti lejonte vetes ti thoshte popullit t\u00eb vet: tani, pasi ju vran\u00eb dhe ju p\u00ebrdhunuan, dilni e protestoni vet\u00eb. Asnj\u00eb opozit\u00eb n\u00eb bot\u00eb nuk do hiqej p\u00ebr hunde k\u00ebshtu gjith\u00eb k\u00ebta muaj shkat\u00ebrrues p\u00ebr vendin. Kjo nuk ka t\u00eb b\u00ebj me stilet, fjalimet, m\u00ebnyrat, apo qoft\u00eb edhe programet. Ka t\u00eb b\u00ebj me zemr\u00ebn. Opozita p\u00ebr fat t\u00eb keq nuk ka zem\u00ebr.<\/p>\n<p>P\u00ebr k\u00ebt\u00eb shkak aft\u00ebsia e saj p\u00ebr t\u00eb krijuar frym\u00eb, p\u00ebr t\u00eb ngjallur realisht shpres\u00eb p\u00ebrball\u00eb dikujt q\u00eb jo vet\u00ebm vret e dhunon por edhe guxon ta shpall\u00eb bot\u00ebrisht autor\u00ebsin\u00eb e krimit, l\u00eb shum\u00eb p\u00ebr t\u00eb d\u00ebshiruar. Mbi t\u00eb gjitha \u00ebsht\u00eb e trishtueshme ajo nuk arrin t\u00eb kuptoj\u00eb se shkalla e kuraj\u00ebs civile t\u00eb qytetar\u00ebve varet nga veprimet e saj, dhe jo e kund\u00ebrta.<\/p>\n","protected":false},"excerpt":{"rendered":"<p>Dr. Migena Aleksi Votimi p\u00ebr an\u00ebtarin e ri t\u00eb KLD, p\u00ebr disa ishte nje test p\u00ebr aritmetik\u00ebn e mazhoranc\u00ebs n\u00eb parlament, p\u00ebr t\u00eb tjer\u00eb ishte nj\u00eb prov\u00eb gjenerale p\u00ebr votimin e ardhsh\u00ebm p\u00ebr Presidentin. Ishte padyshim edhe shp\u00ebrtallja e radh\u00ebs me pandehm\u00ebn se Berisha do t\u00eb lejoj\u00eb ndonj\u00ebher\u00eb nj\u00eb votim p\u00ebr t\u00eb cilin \u00ebsht\u00eb i [&hellip;]<\/p>\n","protected":false},"author":1,"featured_media":0,"comment_status":"open","ping_status":"closed","sticky":false,"template":"","format":"standard","meta":{"footnotes":""},"categories":[2],"tags":[],"class_list":{"0":"post-2512","1":"post","2":"type-post","3":"status-publish","4":"format-standard","6":"category-artikuj"},"yoast_head":"<!-- This site is optimized with the Yoast SEO plugin v27.4 - https:\/\/yoast.com\/product\/yoast-seo-wordpress\/ -->\n<title>Jua b\u00ebj m\u00eb keq se n\u00eb 21 janar\u2026. - FjALA e LIR\u00cb - Arkivi<\/title>\n<meta name=\"robots\" content=\"index, follow, max-snippet:-1, max-image-preview:large, max-video-preview:-1\" \/>\n<link rel=\"canonical\" href=\"https:\/\/fjala.info\/2009-2015\/jua-bej-me-keq-se-ne-21-janar\/\" \/>\n<meta property=\"og:locale\" content=\"sq_AL\" \/>\n<meta property=\"og:type\" content=\"article\" \/>\n<meta property=\"og:title\" content=\"Jua b\u00ebj m\u00eb keq se n\u00eb 21 janar\u2026. - FjALA e LIR\u00cb - Arkivi\" \/>\n<meta property=\"og:description\" content=\"Dr. Migena Aleksi Votimi p\u00ebr an\u00ebtarin e ri t\u00eb KLD, p\u00ebr disa ishte nje test p\u00ebr aritmetik\u00ebn e mazhoranc\u00ebs n\u00eb parlament, p\u00ebr t\u00eb tjer\u00eb ishte nj\u00eb prov\u00eb gjenerale p\u00ebr votimin e ardhsh\u00ebm p\u00ebr Presidentin. Ishte padyshim edhe shp\u00ebrtallja e radh\u00ebs me pandehm\u00ebn se Berisha do t\u00eb lejoj\u00eb ndonj\u00ebher\u00eb nj\u00eb votim p\u00ebr t\u00eb cilin \u00ebsht\u00eb i [&hellip;]\" \/>\n<meta property=\"og:url\" content=\"https:\/\/fjala.info\/2009-2015\/jua-bej-me-keq-se-ne-21-janar\/\" \/>\n<meta property=\"og:site_name\" content=\"FjALA e LIR\u00cb - Arkivi\" \/>\n<meta property=\"article:published_time\" content=\"2012-04-15T21:59:59+00:00\" \/>\n<meta property=\"og:image\" content=\"http:\/\/www.shkoder.net\/2012\/migena_aleksi.jpg\" \/>\n<meta name=\"author\" content=\"admin\" \/>\n<meta name=\"twitter:card\" content=\"summary_large_image\" \/>\n<meta name=\"twitter:label1\" content=\"Written by\" \/>\n\t<meta name=\"twitter:data1\" content=\"admin\" \/>\n\t<meta name=\"twitter:label2\" content=\"Est. reading time\" \/>\n\t<meta name=\"twitter:data2\" content=\"3 minutes\" \/>\n<script type=\"application\/ld+json\" class=\"yoast-schema-graph\">{\"@context\":\"https:\\\/\\\/schema.org\",\"@graph\":[{\"@type\":\"Article\",\"@id\":\"https:\\\/\\\/fjala.info\\\/2009-2015\\\/jua-bej-me-keq-se-ne-21-janar\\\/#article\",\"isPartOf\":{\"@id\":\"https:\\\/\\\/fjala.info\\\/2009-2015\\\/jua-bej-me-keq-se-ne-21-janar\\\/\"},\"author\":{\"name\":\"admin\",\"@id\":\"https:\\\/\\\/fjala.info\\\/2009-2015\\\/#\\\/schema\\\/person\\\/3aa1163ef05469c496fc94e77611ada2\"},\"headline\":\"Jua b\u00ebj m\u00eb keq se n\u00eb 21 janar\u2026.\",\"datePublished\":\"2012-04-15T21:59:59+00:00\",\"mainEntityOfPage\":{\"@id\":\"https:\\\/\\\/fjala.info\\\/2009-2015\\\/jua-bej-me-keq-se-ne-21-janar\\\/\"},\"wordCount\":609,\"commentCount\":0,\"publisher\":{\"@id\":\"https:\\\/\\\/fjala.info\\\/2009-2015\\\/#organization\"},\"image\":{\"@id\":\"https:\\\/\\\/fjala.info\\\/2009-2015\\\/jua-bej-me-keq-se-ne-21-janar\\\/#primaryimage\"},\"thumbnailUrl\":\"http:\\\/\\\/www.shkoder.net\\\/2012\\\/migena_aleksi.jpg\",\"articleSection\":[\"Artikuj\"],\"inLanguage\":\"sq-AL\",\"potentialAction\":[{\"@type\":\"CommentAction\",\"name\":\"Comment\",\"target\":[\"https:\\\/\\\/fjala.info\\\/2009-2015\\\/jua-bej-me-keq-se-ne-21-janar\\\/#respond\"]}]},{\"@type\":\"WebPage\",\"@id\":\"https:\\\/\\\/fjala.info\\\/2009-2015\\\/jua-bej-me-keq-se-ne-21-janar\\\/\",\"url\":\"https:\\\/\\\/fjala.info\\\/2009-2015\\\/jua-bej-me-keq-se-ne-21-janar\\\/\",\"name\":\"Jua b\u00ebj m\u00eb keq se n\u00eb 21 janar\u2026. - FjALA e LIR\u00cb - Arkivi\",\"isPartOf\":{\"@id\":\"https:\\\/\\\/fjala.info\\\/2009-2015\\\/#website\"},\"primaryImageOfPage\":{\"@id\":\"https:\\\/\\\/fjala.info\\\/2009-2015\\\/jua-bej-me-keq-se-ne-21-janar\\\/#primaryimage\"},\"image\":{\"@id\":\"https:\\\/\\\/fjala.info\\\/2009-2015\\\/jua-bej-me-keq-se-ne-21-janar\\\/#primaryimage\"},\"thumbnailUrl\":\"http:\\\/\\\/www.shkoder.net\\\/2012\\\/migena_aleksi.jpg\",\"datePublished\":\"2012-04-15T21:59:59+00:00\",\"breadcrumb\":{\"@id\":\"https:\\\/\\\/fjala.info\\\/2009-2015\\\/jua-bej-me-keq-se-ne-21-janar\\\/#breadcrumb\"},\"inLanguage\":\"sq-AL\",\"potentialAction\":[{\"@type\":\"ReadAction\",\"target\":[\"https:\\\/\\\/fjala.info\\\/2009-2015\\\/jua-bej-me-keq-se-ne-21-janar\\\/\"]}]},{\"@type\":\"ImageObject\",\"inLanguage\":\"sq-AL\",\"@id\":\"https:\\\/\\\/fjala.info\\\/2009-2015\\\/jua-bej-me-keq-se-ne-21-janar\\\/#primaryimage\",\"url\":\"http:\\\/\\\/www.shkoder.net\\\/2012\\\/migena_aleksi.jpg\",\"contentUrl\":\"http:\\\/\\\/www.shkoder.net\\\/2012\\\/migena_aleksi.jpg\"},{\"@type\":\"BreadcrumbList\",\"@id\":\"https:\\\/\\\/fjala.info\\\/2009-2015\\\/jua-bej-me-keq-se-ne-21-janar\\\/#breadcrumb\",\"itemListElement\":[{\"@type\":\"ListItem\",\"position\":1,\"name\":\"Home\",\"item\":\"https:\\\/\\\/fjala.info\\\/2009-2015\\\/\"},{\"@type\":\"ListItem\",\"position\":2,\"name\":\"Jua b\u00ebj m\u00eb keq se n\u00eb 21 janar\u2026.\"}]},{\"@type\":\"WebSite\",\"@id\":\"https:\\\/\\\/fjala.info\\\/2009-2015\\\/#website\",\"url\":\"https:\\\/\\\/fjala.info\\\/2009-2015\\\/\",\"name\":\"FjALA e LIR\u00cb - Arkivi\",\"description\":\"Arkivi 2009-2015\",\"publisher\":{\"@id\":\"https:\\\/\\\/fjala.info\\\/2009-2015\\\/#organization\"},\"potentialAction\":[{\"@type\":\"SearchAction\",\"target\":{\"@type\":\"EntryPoint\",\"urlTemplate\":\"https:\\\/\\\/fjala.info\\\/2009-2015\\\/?s={search_term_string}\"},\"query-input\":{\"@type\":\"PropertyValueSpecification\",\"valueRequired\":true,\"valueName\":\"search_term_string\"}}],\"inLanguage\":\"sq-AL\"},{\"@type\":\"Organization\",\"@id\":\"https:\\\/\\\/fjala.info\\\/2009-2015\\\/#organization\",\"name\":\"FjALA e LIR\u00cb - Arkivi\",\"url\":\"https:\\\/\\\/fjala.info\\\/2009-2015\\\/\",\"logo\":{\"@type\":\"ImageObject\",\"inLanguage\":\"sq-AL\",\"@id\":\"https:\\\/\\\/fjala.info\\\/2009-2015\\\/#\\\/schema\\\/logo\\\/image\\\/\",\"url\":\"\",\"contentUrl\":\"\",\"caption\":\"FjALA e LIR\u00cb - Arkivi\"},\"image\":{\"@id\":\"https:\\\/\\\/fjala.info\\\/2009-2015\\\/#\\\/schema\\\/logo\\\/image\\\/\"}},{\"@type\":\"Person\",\"@id\":\"https:\\\/\\\/fjala.info\\\/2009-2015\\\/#\\\/schema\\\/person\\\/3aa1163ef05469c496fc94e77611ada2\",\"name\":\"admin\",\"image\":{\"@type\":\"ImageObject\",\"inLanguage\":\"sq-AL\",\"@id\":\"https:\\\/\\\/fjala.info\\\/2009-2015\\\/wp-content\\\/uploads\\\/2012\\\/02\\\/arben_cokaj-120x150.jpg\",\"url\":\"https:\\\/\\\/fjala.info\\\/2009-2015\\\/wp-content\\\/uploads\\\/2012\\\/02\\\/arben_cokaj-120x150.jpg\",\"contentUrl\":\"https:\\\/\\\/fjala.info\\\/2009-2015\\\/wp-content\\\/uploads\\\/2012\\\/02\\\/arben_cokaj-120x150.jpg\",\"caption\":\"admin\"},\"description\":\"Admin, Fjala e Lir\u00eb\",\"sameAs\":[\"https:\\\/\\\/fjala.info\\\/\"],\"url\":\"https:\\\/\\\/fjala.info\\\/2009-2015\\\/author\\\/admin\\\/\"}]}<\/script>\n<!-- \/ Yoast SEO plugin. -->","yoast_head_json":{"title":"Jua b\u00ebj m\u00eb keq se n\u00eb 21 janar\u2026. - FjALA e LIR\u00cb - Arkivi","robots":{"index":"index","follow":"follow","max-snippet":"max-snippet:-1","max-image-preview":"max-image-preview:large","max-video-preview":"max-video-preview:-1"},"canonical":"https:\/\/fjala.info\/2009-2015\/jua-bej-me-keq-se-ne-21-janar\/","og_locale":"sq_AL","og_type":"article","og_title":"Jua b\u00ebj m\u00eb keq se n\u00eb 21 janar\u2026. - FjALA e LIR\u00cb - Arkivi","og_description":"Dr. Migena Aleksi Votimi p\u00ebr an\u00ebtarin e ri t\u00eb KLD, p\u00ebr disa ishte nje test p\u00ebr aritmetik\u00ebn e mazhoranc\u00ebs n\u00eb parlament, p\u00ebr t\u00eb tjer\u00eb ishte nj\u00eb prov\u00eb gjenerale p\u00ebr votimin e ardhsh\u00ebm p\u00ebr Presidentin. Ishte padyshim edhe shp\u00ebrtallja e radh\u00ebs me pandehm\u00ebn se Berisha do t\u00eb lejoj\u00eb ndonj\u00ebher\u00eb nj\u00eb votim p\u00ebr t\u00eb cilin \u00ebsht\u00eb i [&hellip;]","og_url":"https:\/\/fjala.info\/2009-2015\/jua-bej-me-keq-se-ne-21-janar\/","og_site_name":"FjALA e LIR\u00cb - Arkivi","article_published_time":"2012-04-15T21:59:59+00:00","og_image":[{"url":"http:\/\/www.shkoder.net\/2012\/migena_aleksi.jpg","type":"","width":"","height":""}],"author":"admin","twitter_card":"summary_large_image","twitter_misc":{"Written by":"admin","Est. reading time":"3 minutes"},"schema":{"@context":"https:\/\/schema.org","@graph":[{"@type":"Article","@id":"https:\/\/fjala.info\/2009-2015\/jua-bej-me-keq-se-ne-21-janar\/#article","isPartOf":{"@id":"https:\/\/fjala.info\/2009-2015\/jua-bej-me-keq-se-ne-21-janar\/"},"author":{"name":"admin","@id":"https:\/\/fjala.info\/2009-2015\/#\/schema\/person\/3aa1163ef05469c496fc94e77611ada2"},"headline":"Jua b\u00ebj m\u00eb keq se n\u00eb 21 janar\u2026.","datePublished":"2012-04-15T21:59:59+00:00","mainEntityOfPage":{"@id":"https:\/\/fjala.info\/2009-2015\/jua-bej-me-keq-se-ne-21-janar\/"},"wordCount":609,"commentCount":0,"publisher":{"@id":"https:\/\/fjala.info\/2009-2015\/#organization"},"image":{"@id":"https:\/\/fjala.info\/2009-2015\/jua-bej-me-keq-se-ne-21-janar\/#primaryimage"},"thumbnailUrl":"http:\/\/www.shkoder.net\/2012\/migena_aleksi.jpg","articleSection":["Artikuj"],"inLanguage":"sq-AL","potentialAction":[{"@type":"CommentAction","name":"Comment","target":["https:\/\/fjala.info\/2009-2015\/jua-bej-me-keq-se-ne-21-janar\/#respond"]}]},{"@type":"WebPage","@id":"https:\/\/fjala.info\/2009-2015\/jua-bej-me-keq-se-ne-21-janar\/","url":"https:\/\/fjala.info\/2009-2015\/jua-bej-me-keq-se-ne-21-janar\/","name":"Jua b\u00ebj m\u00eb keq se n\u00eb 21 janar\u2026. - FjALA e LIR\u00cb - Arkivi","isPartOf":{"@id":"https:\/\/fjala.info\/2009-2015\/#website"},"primaryImageOfPage":{"@id":"https:\/\/fjala.info\/2009-2015\/jua-bej-me-keq-se-ne-21-janar\/#primaryimage"},"image":{"@id":"https:\/\/fjala.info\/2009-2015\/jua-bej-me-keq-se-ne-21-janar\/#primaryimage"},"thumbnailUrl":"http:\/\/www.shkoder.net\/2012\/migena_aleksi.jpg","datePublished":"2012-04-15T21:59:59+00:00","breadcrumb":{"@id":"https:\/\/fjala.info\/2009-2015\/jua-bej-me-keq-se-ne-21-janar\/#breadcrumb"},"inLanguage":"sq-AL","potentialAction":[{"@type":"ReadAction","target":["https:\/\/fjala.info\/2009-2015\/jua-bej-me-keq-se-ne-21-janar\/"]}]},{"@type":"ImageObject","inLanguage":"sq-AL","@id":"https:\/\/fjala.info\/2009-2015\/jua-bej-me-keq-se-ne-21-janar\/#primaryimage","url":"http:\/\/www.shkoder.net\/2012\/migena_aleksi.jpg","contentUrl":"http:\/\/www.shkoder.net\/2012\/migena_aleksi.jpg"},{"@type":"BreadcrumbList","@id":"https:\/\/fjala.info\/2009-2015\/jua-bej-me-keq-se-ne-21-janar\/#breadcrumb","itemListElement":[{"@type":"ListItem","position":1,"name":"Home","item":"https:\/\/fjala.info\/2009-2015\/"},{"@type":"ListItem","position":2,"name":"Jua b\u00ebj m\u00eb keq se n\u00eb 21 janar\u2026."}]},{"@type":"WebSite","@id":"https:\/\/fjala.info\/2009-2015\/#website","url":"https:\/\/fjala.info\/2009-2015\/","name":"FjALA e LIR\u00cb - Arkivi","description":"Arkivi 2009-2015","publisher":{"@id":"https:\/\/fjala.info\/2009-2015\/#organization"},"potentialAction":[{"@type":"SearchAction","target":{"@type":"EntryPoint","urlTemplate":"https:\/\/fjala.info\/2009-2015\/?s={search_term_string}"},"query-input":{"@type":"PropertyValueSpecification","valueRequired":true,"valueName":"search_term_string"}}],"inLanguage":"sq-AL"},{"@type":"Organization","@id":"https:\/\/fjala.info\/2009-2015\/#organization","name":"FjALA e LIR\u00cb - Arkivi","url":"https:\/\/fjala.info\/2009-2015\/","logo":{"@type":"ImageObject","inLanguage":"sq-AL","@id":"https:\/\/fjala.info\/2009-2015\/#\/schema\/logo\/image\/","url":"","contentUrl":"","caption":"FjALA e LIR\u00cb - Arkivi"},"image":{"@id":"https:\/\/fjala.info\/2009-2015\/#\/schema\/logo\/image\/"}},{"@type":"Person","@id":"https:\/\/fjala.info\/2009-2015\/#\/schema\/person\/3aa1163ef05469c496fc94e77611ada2","name":"admin","image":{"@type":"ImageObject","inLanguage":"sq-AL","@id":"https:\/\/fjala.info\/2009-2015\/wp-content\/uploads\/2012\/02\/arben_cokaj-120x150.jpg","url":"https:\/\/fjala.info\/2009-2015\/wp-content\/uploads\/2012\/02\/arben_cokaj-120x150.jpg","contentUrl":"https:\/\/fjala.info\/2009-2015\/wp-content\/uploads\/2012\/02\/arben_cokaj-120x150.jpg","caption":"admin"},"description":"Admin, Fjala e Lir\u00eb","sameAs":["https:\/\/fjala.info\/"],"url":"https:\/\/fjala.info\/2009-2015\/author\/admin\/"}]}},"_links":{"self":[{"href":"https:\/\/fjala.info\/2009-2015\/wp-json\/wp\/v2\/posts\/2512","targetHints":{"allow":["GET"]}}],"collection":[{"href":"https:\/\/fjala.info\/2009-2015\/wp-json\/wp\/v2\/posts"}],"about":[{"href":"https:\/\/fjala.info\/2009-2015\/wp-json\/wp\/v2\/types\/post"}],"author":[{"embeddable":true,"href":"https:\/\/fjala.info\/2009-2015\/wp-json\/wp\/v2\/users\/1"}],"replies":[{"embeddable":true,"href":"https:\/\/fjala.info\/2009-2015\/wp-json\/wp\/v2\/comments?post=2512"}],"version-history":[{"count":0,"href":"https:\/\/fjala.info\/2009-2015\/wp-json\/wp\/v2\/posts\/2512\/revisions"}],"wp:attachment":[{"href":"https:\/\/fjala.info\/2009-2015\/wp-json\/wp\/v2\/media?parent=2512"}],"wp:term":[{"taxonomy":"category","embeddable":true,"href":"https:\/\/fjala.info\/2009-2015\/wp-json\/wp\/v2\/categories?post=2512"},{"taxonomy":"post_tag","embeddable":true,"href":"https:\/\/fjala.info\/2009-2015\/wp-json\/wp\/v2\/tags?post=2512"}],"curies":[{"name":"wp","href":"https:\/\/api.w.org\/{rel}","templated":true}]}}