{"id":2508,"date":"2012-04-15T22:32:14","date_gmt":"2012-04-15T21:32:14","guid":{"rendered":"http:\/\/fjala.shkoder.net\/?p=2508"},"modified":"2012-04-15T22:32:14","modified_gmt":"2012-04-15T21:32:14","slug":"koha-e-filozofit-lavdrim-marrezise-apa-e-profesorit-tone-fundrrinat","status":"publish","type":"post","link":"https:\/\/fjala.info\/2009-2015\/koha-e-filozofit-lavdrim-marrezise-apa-e-profesorit-tone-fundrrinat\/","title":{"rendered":"Koha e filozofit, \u201cLavdrim Marr\u00ebzis\u00eb\u201d, apa e profesorit ton\u00eb, \u201cFundrrinat\u201c!"},"content":{"rendered":"<p><img decoding=\"async\" class=\"alignright size-thumbnail wp-image-7236\" title=\"Miradije Gashi\" src=\"http:\/\/www.shkoder.net\/2012\/miradije_gashi.jpg\" alt=\"\" width=\"200\" \/> <em>Miradija ne dhom\u00ebn e pun\u00ebs<\/em><\/p>\n<p>Nga <strong>Miradije Gashi<\/strong>, <em>Stuttgart<\/em><\/p>\n<p>Kur hesht ndihem e thyer, kur nuk hesht e \u00e7mendur! M\u00eb mundon di\u00e7ka kur shkruaj, edhe m\u00eb shum\u00eb kur nuk shkruaj! Vall\u00eb ka di\u00e7ka q\u00eb nuk t\u2018zhgenjen sot?! Ndalem pyes veten time, \u00e7\u2019\u00ebsht\u00eb duke ndodhur? Koha e filozofit R.\u201cLavdrim Marr\u00ebzis\u00eb\u201d, apo e profesorit ton\u00eb M.\u201cFundrrinat\u201d! Ajo qe m\u00eb b\u00ebn\u00eb p\u00ebrshtypje \u00e7udit\u00ebrisht \u00ebsht\u00eb se si padashur z\u00ebri im i brendsh\u00ebm peshperit, vall\u00eb duhet nd\u00ebrgjegj\u00ebsuar k\u00ebta njer\u00ebz? Teksa imagjinoj k\u00ebt\u00eb pyetje, hedh shkarazi nj\u00eb v\u00ebshtrim shkrimit t\u00eb profesorit, edhe pse s\u2019dua ta rikujtoj serish at\u00eb skic\u00eb t\u00eb dhimbjes s\u00eb para pes\u00ebmb\u00ebdhjet\u00ebvjet\u00ebsh.<\/p>\n<p>Me vjen t\u00eb qaj edhe t\u00eb qesh, kur ne fakt nuk \u00ebsht\u00eb aspak p\u00ebr t\u00eb qeshur, sepse s\u2019me pelqen te p\u00ebrkufizohem n\u00eb gj\u00ebra q\u00eb hapin plag\u00eb. Edhe nese arrij p\u00ebr nj\u00eb \u00e7ast t\u00eb perceptoj ndryshimin nd\u00ebrmjet \u201cFundrrinave\u201ddhe \u201cLavdrim Marr\u00ebzis\u00eb\u201d, m\u00eb duket dilema q\u00ebndron sot e t\u00ebr\u00eb diten n\u00eb rendin e shoq\u00ebris\u00eb tone djall\u00ebzore t\u00eb cil\u00ebt shtiren si miq\u00eb! Alternativa e fundit ka mbetur t\u00eb shkruarit, por k\u00ebrkohet ndryshuar p\u00ebrfytyrimi dhe koncepti i vet\u00ebdijes s\u00eb vet\u00eb qytetarit nga shprehjet kaq vulgare, kaq intolerante. Po nga k\u00ebta filozof\u00eb dikur\u00eb lexuam; se njeriu m\u00ebson nga paturp\u00ebsia, nga egoizmi, nga injoranca, m\u00ebson nga pavet\u00ebdija m\u00eb nj\u00eb fjal\u00eb m\u00ebson nga gjestet e ulta.<\/p>\n<p>N\u00ebse gjith\u00e7ka vazhdon me ritme intrigash dhe inskenimesh nga njer\u00ebz q\u00eb nuk kan\u00eb m\u00ebnyr\u00eb tjet\u00ebr p\u00ebr t\u00eb jetuar, vet\u00ebm fjalorin me nj\u00eb shkall\u00eb intelekti t\u00eb ul\u00ebt, t\u00eb l\u00eb p\u00ebr t\u00eb dyshuar s\u00eb v\u00ebrtet\u00eb \u00ebsht\u00eb ngritur nj\u00eb shtres\u00eb njer\u00ebzish m\u00eb veset m\u00eb t\u00eb k\u00ebqija vet\u00ebm p\u00ebr t\u00eb rr\u00ebnuar k\u00ebndo e kudo. Ndjenj\u00eb kjo q\u00eb ka koh\u00eb n\u00eb shoq\u00ebrin\u00eb ton\u00eb \u00ebsht\u00eb krijuar nj\u00eb hendek midis tinzar\u00ebve t\u00eb nj\u00eb \u00e7organizimi t\u00eb organizuar dhe atyre nacionalist\u00ebve t\u00eb dor\u00ebs s\u00eb par\u00eb q\u00eb punojn\u00eb p\u00ebr t\u00eb mir\u00ebn e Kombit dhe Trojeve Etnike! Kjo na b\u00ebn\u00eb t\u00eb kuptojm\u00eb s\u00eb p\u00ebrve\u00e7 q\u00eb jetojm\u00eb larg atdheut, jetojm\u00eb jet\u00ebn edhe ne kontrast duke u p\u00ebrballur me djall\u00ebzit\u00eb e ndryeshme, t\u00eb dh\u00ebmbj\u00ebs sepse vet\u00ebm nj\u00eb shpirt q\u00eb ka vuajtur me t\u00eb v\u00ebrtet\u00eb shum\u00eb, mund ta kuptoj\u00eb \u00e7\u2019\u00ebsht\u00eb njeriu, \u00e7\u2019\u00ebsht\u00eb krijuesi, \u00e7&#8217;\u00ebsht\u00eb m\u00ebm\u00ebdheu, \u00e7\u2019\u00ebsht\u00eb kurbeti!<\/p>\n<p>Ne pothuajse \u00e7do dit\u00eb kemi nevoj\u00eb t\u00eb takohemi p\u00ebr mes mediave t\u00eb shkruara, por vet\u00ebm me gjuh\u00ebn e miq\u00ebsis\u00eb, e jo ndryeshe. Ne librin \u201c lavdrimet e marr\u00ebzis\u00eb\u201c, lajka luan rol t\u00eb madh n\u00eb jet\u00eb kur \u00ebsht\u00eb ne pyetje etja p\u00ebr lavdi, bile nuk merr parasysh\u00eb maturin\u00eb vazhdon tej dokrrave duke mos e nuhatur v\u00ebrb\u00ebrin\u00eb jet\u00ebshkurt\u00ebr t\u00eb dokrr\u00ebs. N\u00eb t\u00eb v\u00ebrtet\u00eb kjo \u00ebsht\u00eb komedia q\u00eb luhet \u00e7do dit\u00eb ne mesin ton\u00eb! E n\u00eb k\u00ebt\u00eb loj\u00eb ka njer\u00ebz q\u00eb po bien viktim\u00eb nga egoizmat! Marr\u00ebzia merr n\u00ebp\u00ebr k\u00ebmb\u00eb edhe vet\u00eb drejt\u00ebsin\u00eb e vazhdon gjithnj\u00eb me ironi e nuk njeh pendes\u00eb, as keqardhje, nuk shqet\u00ebsohet p\u00ebr lig\u00ebsit\u00eb q\u00eb b\u00ebn\u00eb, s&#8217;kan\u00eb as turp as dashuri atdheu.<\/p>\n<p>T\u00eb marr\u00ebt, nuk zgjedhin metoden e veprimit, thurin me fjalorin aq sa din\u00eb, aq sa i lejon kaptina e kok\u00ebs p\u00ebr t\u00eb b\u00ebr\u00eb zhgarravina. K\u00ebnaqen dhe tallen kudo, nuk din\u00eb t\u2018respektojn\u00eb t\u00eb vlersojn\u00eb presidentin, ministrin, shkenctarin, atdhetarin, redaktorin, krijuesin, m\u00ebsuesin etj! Nd\u00ebrsa njer\u00ebzit e urt\u00eb e t\u00eb ditur jan\u00eb t\u00eb varf\u00ebr, durojn\u00eb dhembjen, jan\u00eb shpirtm\u00ebdhenj! K\u00ebrkesa e par\u00eb nuk \u00ebsht\u00eb nj\u00eb parakusht i nevojsh\u00ebm p\u00ebr t\u00eb ecur mbar\u00eb por vjen m\u00eb shum\u00eb si rezultat i mendjes, vet\u00ebdisiplin\u00ebs e vendosm\u00ebris\u00eb n\u00eb k\u00ebt\u00eb rrug\u00eb. Gj\u00ebja m\u00eb e lart\u00ebsuar tek njeriu \u00ebsht\u00eb arsyeja. N\u00ebse arsyeja dominon tek njeriu, ai i l\u00eb pas t\u00eb gjitha gj\u00ebrat q\u00eb kan\u00eb t\u00eb b\u00ebjn\u00eb me obskurantizmin dhe egoizmin, pra b\u00ebhet i aft\u00eb p\u00ebr t\u00eb q\u00ebndruar mbi k\u00ebt\u00eb nivel !!!<\/p>\n","protected":false},"excerpt":{"rendered":"<p>Miradija ne dhom\u00ebn e pun\u00ebs Nga Miradije Gashi, Stuttgart Kur hesht ndihem e thyer, kur nuk hesht e \u00e7mendur! M\u00eb mundon di\u00e7ka kur shkruaj, edhe m\u00eb shum\u00eb kur nuk shkruaj! Vall\u00eb ka di\u00e7ka q\u00eb nuk t\u2018zhgenjen sot?! Ndalem pyes veten time, \u00e7\u2019\u00ebsht\u00eb duke ndodhur? Koha e filozofit R.\u201cLavdrim Marr\u00ebzis\u00eb\u201d, apo e profesorit ton\u00eb M.\u201cFundrrinat\u201d! Ajo [&hellip;]<\/p>\n","protected":false},"author":1,"featured_media":0,"comment_status":"open","ping_status":"closed","sticky":false,"template":"","format":"standard","meta":{"footnotes":""},"categories":[2],"tags":[],"class_list":{"0":"post-2508","1":"post","2":"type-post","3":"status-publish","4":"format-standard","6":"category-artikuj"},"yoast_head":"<!-- This site is optimized with the Yoast SEO plugin v27.4 - https:\/\/yoast.com\/product\/yoast-seo-wordpress\/ -->\n<title>Koha e filozofit, \u201cLavdrim Marr\u00ebzis\u00eb\u201d, apa e profesorit ton\u00eb, \u201cFundrrinat\u201c! - FjALA e LIR\u00cb - Arkivi<\/title>\n<meta name=\"robots\" content=\"index, follow, max-snippet:-1, max-image-preview:large, max-video-preview:-1\" \/>\n<link rel=\"canonical\" href=\"https:\/\/fjala.info\/2009-2015\/koha-e-filozofit-lavdrim-marrezise-apa-e-profesorit-tone-fundrrinat\/\" \/>\n<meta property=\"og:locale\" content=\"sq_AL\" \/>\n<meta property=\"og:type\" content=\"article\" \/>\n<meta property=\"og:title\" content=\"Koha e filozofit, \u201cLavdrim Marr\u00ebzis\u00eb\u201d, apa e profesorit ton\u00eb, \u201cFundrrinat\u201c! - FjALA e LIR\u00cb - Arkivi\" \/>\n<meta property=\"og:description\" content=\"Miradija ne dhom\u00ebn e pun\u00ebs Nga Miradije Gashi, Stuttgart Kur hesht ndihem e thyer, kur nuk hesht e \u00e7mendur! M\u00eb mundon di\u00e7ka kur shkruaj, edhe m\u00eb shum\u00eb kur nuk shkruaj! Vall\u00eb ka di\u00e7ka q\u00eb nuk t\u2018zhgenjen sot?! Ndalem pyes veten time, \u00e7\u2019\u00ebsht\u00eb duke ndodhur? Koha e filozofit R.\u201cLavdrim Marr\u00ebzis\u00eb\u201d, apo e profesorit ton\u00eb M.\u201cFundrrinat\u201d! Ajo [&hellip;]\" \/>\n<meta property=\"og:url\" content=\"https:\/\/fjala.info\/2009-2015\/koha-e-filozofit-lavdrim-marrezise-apa-e-profesorit-tone-fundrrinat\/\" \/>\n<meta property=\"og:site_name\" content=\"FjALA e LIR\u00cb - Arkivi\" \/>\n<meta property=\"article:published_time\" content=\"2012-04-15T21:32:14+00:00\" \/>\n<meta property=\"og:image\" content=\"http:\/\/www.shkoder.net\/2012\/miradije_gashi.jpg\" \/>\n<meta name=\"author\" content=\"admin\" \/>\n<meta name=\"twitter:card\" content=\"summary_large_image\" \/>\n<meta name=\"twitter:label1\" content=\"Written by\" \/>\n\t<meta name=\"twitter:data1\" content=\"admin\" \/>\n\t<meta name=\"twitter:label2\" content=\"Est. reading time\" \/>\n\t<meta name=\"twitter:data2\" content=\"4 minutes\" \/>\n<script type=\"application\/ld+json\" class=\"yoast-schema-graph\">{\"@context\":\"https:\\\/\\\/schema.org\",\"@graph\":[{\"@type\":\"Article\",\"@id\":\"https:\\\/\\\/fjala.info\\\/2009-2015\\\/koha-e-filozofit-lavdrim-marrezise-apa-e-profesorit-tone-fundrrinat\\\/#article\",\"isPartOf\":{\"@id\":\"https:\\\/\\\/fjala.info\\\/2009-2015\\\/koha-e-filozofit-lavdrim-marrezise-apa-e-profesorit-tone-fundrrinat\\\/\"},\"author\":{\"name\":\"admin\",\"@id\":\"https:\\\/\\\/fjala.info\\\/2009-2015\\\/#\\\/schema\\\/person\\\/3aa1163ef05469c496fc94e77611ada2\"},\"headline\":\"Koha e filozofit, \u201cLavdrim Marr\u00ebzis\u00eb\u201d, apa e profesorit ton\u00eb, \u201cFundrrinat\u201c!\",\"datePublished\":\"2012-04-15T21:32:14+00:00\",\"mainEntityOfPage\":{\"@id\":\"https:\\\/\\\/fjala.info\\\/2009-2015\\\/koha-e-filozofit-lavdrim-marrezise-apa-e-profesorit-tone-fundrrinat\\\/\"},\"wordCount\":712,\"commentCount\":0,\"publisher\":{\"@id\":\"https:\\\/\\\/fjala.info\\\/2009-2015\\\/#organization\"},\"image\":{\"@id\":\"https:\\\/\\\/fjala.info\\\/2009-2015\\\/koha-e-filozofit-lavdrim-marrezise-apa-e-profesorit-tone-fundrrinat\\\/#primaryimage\"},\"thumbnailUrl\":\"http:\\\/\\\/www.shkoder.net\\\/2012\\\/miradije_gashi.jpg\",\"articleSection\":[\"Artikuj\"],\"inLanguage\":\"sq-AL\",\"potentialAction\":[{\"@type\":\"CommentAction\",\"name\":\"Comment\",\"target\":[\"https:\\\/\\\/fjala.info\\\/2009-2015\\\/koha-e-filozofit-lavdrim-marrezise-apa-e-profesorit-tone-fundrrinat\\\/#respond\"]}]},{\"@type\":\"WebPage\",\"@id\":\"https:\\\/\\\/fjala.info\\\/2009-2015\\\/koha-e-filozofit-lavdrim-marrezise-apa-e-profesorit-tone-fundrrinat\\\/\",\"url\":\"https:\\\/\\\/fjala.info\\\/2009-2015\\\/koha-e-filozofit-lavdrim-marrezise-apa-e-profesorit-tone-fundrrinat\\\/\",\"name\":\"Koha e filozofit, \u201cLavdrim Marr\u00ebzis\u00eb\u201d, apa e profesorit ton\u00eb, \u201cFundrrinat\u201c! - FjALA e LIR\u00cb - Arkivi\",\"isPartOf\":{\"@id\":\"https:\\\/\\\/fjala.info\\\/2009-2015\\\/#website\"},\"primaryImageOfPage\":{\"@id\":\"https:\\\/\\\/fjala.info\\\/2009-2015\\\/koha-e-filozofit-lavdrim-marrezise-apa-e-profesorit-tone-fundrrinat\\\/#primaryimage\"},\"image\":{\"@id\":\"https:\\\/\\\/fjala.info\\\/2009-2015\\\/koha-e-filozofit-lavdrim-marrezise-apa-e-profesorit-tone-fundrrinat\\\/#primaryimage\"},\"thumbnailUrl\":\"http:\\\/\\\/www.shkoder.net\\\/2012\\\/miradije_gashi.jpg\",\"datePublished\":\"2012-04-15T21:32:14+00:00\",\"breadcrumb\":{\"@id\":\"https:\\\/\\\/fjala.info\\\/2009-2015\\\/koha-e-filozofit-lavdrim-marrezise-apa-e-profesorit-tone-fundrrinat\\\/#breadcrumb\"},\"inLanguage\":\"sq-AL\",\"potentialAction\":[{\"@type\":\"ReadAction\",\"target\":[\"https:\\\/\\\/fjala.info\\\/2009-2015\\\/koha-e-filozofit-lavdrim-marrezise-apa-e-profesorit-tone-fundrrinat\\\/\"]}]},{\"@type\":\"ImageObject\",\"inLanguage\":\"sq-AL\",\"@id\":\"https:\\\/\\\/fjala.info\\\/2009-2015\\\/koha-e-filozofit-lavdrim-marrezise-apa-e-profesorit-tone-fundrrinat\\\/#primaryimage\",\"url\":\"http:\\\/\\\/www.shkoder.net\\\/2012\\\/miradije_gashi.jpg\",\"contentUrl\":\"http:\\\/\\\/www.shkoder.net\\\/2012\\\/miradije_gashi.jpg\"},{\"@type\":\"BreadcrumbList\",\"@id\":\"https:\\\/\\\/fjala.info\\\/2009-2015\\\/koha-e-filozofit-lavdrim-marrezise-apa-e-profesorit-tone-fundrrinat\\\/#breadcrumb\",\"itemListElement\":[{\"@type\":\"ListItem\",\"position\":1,\"name\":\"Home\",\"item\":\"https:\\\/\\\/fjala.info\\\/2009-2015\\\/\"},{\"@type\":\"ListItem\",\"position\":2,\"name\":\"Koha e filozofit, \u201cLavdrim Marr\u00ebzis\u00eb\u201d, apa e profesorit ton\u00eb, \u201cFundrrinat\u201c!\"}]},{\"@type\":\"WebSite\",\"@id\":\"https:\\\/\\\/fjala.info\\\/2009-2015\\\/#website\",\"url\":\"https:\\\/\\\/fjala.info\\\/2009-2015\\\/\",\"name\":\"FjALA e LIR\u00cb - Arkivi\",\"description\":\"Arkivi 2009-2015\",\"publisher\":{\"@id\":\"https:\\\/\\\/fjala.info\\\/2009-2015\\\/#organization\"},\"potentialAction\":[{\"@type\":\"SearchAction\",\"target\":{\"@type\":\"EntryPoint\",\"urlTemplate\":\"https:\\\/\\\/fjala.info\\\/2009-2015\\\/?s={search_term_string}\"},\"query-input\":{\"@type\":\"PropertyValueSpecification\",\"valueRequired\":true,\"valueName\":\"search_term_string\"}}],\"inLanguage\":\"sq-AL\"},{\"@type\":\"Organization\",\"@id\":\"https:\\\/\\\/fjala.info\\\/2009-2015\\\/#organization\",\"name\":\"FjALA e LIR\u00cb - Arkivi\",\"url\":\"https:\\\/\\\/fjala.info\\\/2009-2015\\\/\",\"logo\":{\"@type\":\"ImageObject\",\"inLanguage\":\"sq-AL\",\"@id\":\"https:\\\/\\\/fjala.info\\\/2009-2015\\\/#\\\/schema\\\/logo\\\/image\\\/\",\"url\":\"\",\"contentUrl\":\"\",\"caption\":\"FjALA e LIR\u00cb - Arkivi\"},\"image\":{\"@id\":\"https:\\\/\\\/fjala.info\\\/2009-2015\\\/#\\\/schema\\\/logo\\\/image\\\/\"}},{\"@type\":\"Person\",\"@id\":\"https:\\\/\\\/fjala.info\\\/2009-2015\\\/#\\\/schema\\\/person\\\/3aa1163ef05469c496fc94e77611ada2\",\"name\":\"admin\",\"image\":{\"@type\":\"ImageObject\",\"inLanguage\":\"sq-AL\",\"@id\":\"https:\\\/\\\/fjala.info\\\/2009-2015\\\/wp-content\\\/uploads\\\/2012\\\/02\\\/arben_cokaj-120x150.jpg\",\"url\":\"https:\\\/\\\/fjala.info\\\/2009-2015\\\/wp-content\\\/uploads\\\/2012\\\/02\\\/arben_cokaj-120x150.jpg\",\"contentUrl\":\"https:\\\/\\\/fjala.info\\\/2009-2015\\\/wp-content\\\/uploads\\\/2012\\\/02\\\/arben_cokaj-120x150.jpg\",\"caption\":\"admin\"},\"description\":\"Admin, Fjala e Lir\u00eb\",\"sameAs\":[\"https:\\\/\\\/fjala.info\\\/\"],\"url\":\"https:\\\/\\\/fjala.info\\\/2009-2015\\\/author\\\/admin\\\/\"}]}<\/script>\n<!-- \/ Yoast SEO plugin. -->","yoast_head_json":{"title":"Koha e filozofit, \u201cLavdrim Marr\u00ebzis\u00eb\u201d, apa e profesorit ton\u00eb, \u201cFundrrinat\u201c! - FjALA e LIR\u00cb - Arkivi","robots":{"index":"index","follow":"follow","max-snippet":"max-snippet:-1","max-image-preview":"max-image-preview:large","max-video-preview":"max-video-preview:-1"},"canonical":"https:\/\/fjala.info\/2009-2015\/koha-e-filozofit-lavdrim-marrezise-apa-e-profesorit-tone-fundrrinat\/","og_locale":"sq_AL","og_type":"article","og_title":"Koha e filozofit, \u201cLavdrim Marr\u00ebzis\u00eb\u201d, apa e profesorit ton\u00eb, \u201cFundrrinat\u201c! - FjALA e LIR\u00cb - Arkivi","og_description":"Miradija ne dhom\u00ebn e pun\u00ebs Nga Miradije Gashi, Stuttgart Kur hesht ndihem e thyer, kur nuk hesht e \u00e7mendur! M\u00eb mundon di\u00e7ka kur shkruaj, edhe m\u00eb shum\u00eb kur nuk shkruaj! Vall\u00eb ka di\u00e7ka q\u00eb nuk t\u2018zhgenjen sot?! Ndalem pyes veten time, \u00e7\u2019\u00ebsht\u00eb duke ndodhur? Koha e filozofit R.\u201cLavdrim Marr\u00ebzis\u00eb\u201d, apo e profesorit ton\u00eb M.\u201cFundrrinat\u201d! Ajo [&hellip;]","og_url":"https:\/\/fjala.info\/2009-2015\/koha-e-filozofit-lavdrim-marrezise-apa-e-profesorit-tone-fundrrinat\/","og_site_name":"FjALA e LIR\u00cb - Arkivi","article_published_time":"2012-04-15T21:32:14+00:00","og_image":[{"url":"http:\/\/www.shkoder.net\/2012\/miradije_gashi.jpg","type":"","width":"","height":""}],"author":"admin","twitter_card":"summary_large_image","twitter_misc":{"Written by":"admin","Est. reading time":"4 minutes"},"schema":{"@context":"https:\/\/schema.org","@graph":[{"@type":"Article","@id":"https:\/\/fjala.info\/2009-2015\/koha-e-filozofit-lavdrim-marrezise-apa-e-profesorit-tone-fundrrinat\/#article","isPartOf":{"@id":"https:\/\/fjala.info\/2009-2015\/koha-e-filozofit-lavdrim-marrezise-apa-e-profesorit-tone-fundrrinat\/"},"author":{"name":"admin","@id":"https:\/\/fjala.info\/2009-2015\/#\/schema\/person\/3aa1163ef05469c496fc94e77611ada2"},"headline":"Koha e filozofit, \u201cLavdrim Marr\u00ebzis\u00eb\u201d, apa e profesorit ton\u00eb, \u201cFundrrinat\u201c!","datePublished":"2012-04-15T21:32:14+00:00","mainEntityOfPage":{"@id":"https:\/\/fjala.info\/2009-2015\/koha-e-filozofit-lavdrim-marrezise-apa-e-profesorit-tone-fundrrinat\/"},"wordCount":712,"commentCount":0,"publisher":{"@id":"https:\/\/fjala.info\/2009-2015\/#organization"},"image":{"@id":"https:\/\/fjala.info\/2009-2015\/koha-e-filozofit-lavdrim-marrezise-apa-e-profesorit-tone-fundrrinat\/#primaryimage"},"thumbnailUrl":"http:\/\/www.shkoder.net\/2012\/miradije_gashi.jpg","articleSection":["Artikuj"],"inLanguage":"sq-AL","potentialAction":[{"@type":"CommentAction","name":"Comment","target":["https:\/\/fjala.info\/2009-2015\/koha-e-filozofit-lavdrim-marrezise-apa-e-profesorit-tone-fundrrinat\/#respond"]}]},{"@type":"WebPage","@id":"https:\/\/fjala.info\/2009-2015\/koha-e-filozofit-lavdrim-marrezise-apa-e-profesorit-tone-fundrrinat\/","url":"https:\/\/fjala.info\/2009-2015\/koha-e-filozofit-lavdrim-marrezise-apa-e-profesorit-tone-fundrrinat\/","name":"Koha e filozofit, \u201cLavdrim Marr\u00ebzis\u00eb\u201d, apa e profesorit ton\u00eb, \u201cFundrrinat\u201c! - FjALA e LIR\u00cb - Arkivi","isPartOf":{"@id":"https:\/\/fjala.info\/2009-2015\/#website"},"primaryImageOfPage":{"@id":"https:\/\/fjala.info\/2009-2015\/koha-e-filozofit-lavdrim-marrezise-apa-e-profesorit-tone-fundrrinat\/#primaryimage"},"image":{"@id":"https:\/\/fjala.info\/2009-2015\/koha-e-filozofit-lavdrim-marrezise-apa-e-profesorit-tone-fundrrinat\/#primaryimage"},"thumbnailUrl":"http:\/\/www.shkoder.net\/2012\/miradije_gashi.jpg","datePublished":"2012-04-15T21:32:14+00:00","breadcrumb":{"@id":"https:\/\/fjala.info\/2009-2015\/koha-e-filozofit-lavdrim-marrezise-apa-e-profesorit-tone-fundrrinat\/#breadcrumb"},"inLanguage":"sq-AL","potentialAction":[{"@type":"ReadAction","target":["https:\/\/fjala.info\/2009-2015\/koha-e-filozofit-lavdrim-marrezise-apa-e-profesorit-tone-fundrrinat\/"]}]},{"@type":"ImageObject","inLanguage":"sq-AL","@id":"https:\/\/fjala.info\/2009-2015\/koha-e-filozofit-lavdrim-marrezise-apa-e-profesorit-tone-fundrrinat\/#primaryimage","url":"http:\/\/www.shkoder.net\/2012\/miradije_gashi.jpg","contentUrl":"http:\/\/www.shkoder.net\/2012\/miradije_gashi.jpg"},{"@type":"BreadcrumbList","@id":"https:\/\/fjala.info\/2009-2015\/koha-e-filozofit-lavdrim-marrezise-apa-e-profesorit-tone-fundrrinat\/#breadcrumb","itemListElement":[{"@type":"ListItem","position":1,"name":"Home","item":"https:\/\/fjala.info\/2009-2015\/"},{"@type":"ListItem","position":2,"name":"Koha e filozofit, \u201cLavdrim Marr\u00ebzis\u00eb\u201d, apa e profesorit ton\u00eb, \u201cFundrrinat\u201c!"}]},{"@type":"WebSite","@id":"https:\/\/fjala.info\/2009-2015\/#website","url":"https:\/\/fjala.info\/2009-2015\/","name":"FjALA e LIR\u00cb - Arkivi","description":"Arkivi 2009-2015","publisher":{"@id":"https:\/\/fjala.info\/2009-2015\/#organization"},"potentialAction":[{"@type":"SearchAction","target":{"@type":"EntryPoint","urlTemplate":"https:\/\/fjala.info\/2009-2015\/?s={search_term_string}"},"query-input":{"@type":"PropertyValueSpecification","valueRequired":true,"valueName":"search_term_string"}}],"inLanguage":"sq-AL"},{"@type":"Organization","@id":"https:\/\/fjala.info\/2009-2015\/#organization","name":"FjALA e LIR\u00cb - Arkivi","url":"https:\/\/fjala.info\/2009-2015\/","logo":{"@type":"ImageObject","inLanguage":"sq-AL","@id":"https:\/\/fjala.info\/2009-2015\/#\/schema\/logo\/image\/","url":"","contentUrl":"","caption":"FjALA e LIR\u00cb - Arkivi"},"image":{"@id":"https:\/\/fjala.info\/2009-2015\/#\/schema\/logo\/image\/"}},{"@type":"Person","@id":"https:\/\/fjala.info\/2009-2015\/#\/schema\/person\/3aa1163ef05469c496fc94e77611ada2","name":"admin","image":{"@type":"ImageObject","inLanguage":"sq-AL","@id":"https:\/\/fjala.info\/2009-2015\/wp-content\/uploads\/2012\/02\/arben_cokaj-120x150.jpg","url":"https:\/\/fjala.info\/2009-2015\/wp-content\/uploads\/2012\/02\/arben_cokaj-120x150.jpg","contentUrl":"https:\/\/fjala.info\/2009-2015\/wp-content\/uploads\/2012\/02\/arben_cokaj-120x150.jpg","caption":"admin"},"description":"Admin, Fjala e Lir\u00eb","sameAs":["https:\/\/fjala.info\/"],"url":"https:\/\/fjala.info\/2009-2015\/author\/admin\/"}]}},"_links":{"self":[{"href":"https:\/\/fjala.info\/2009-2015\/wp-json\/wp\/v2\/posts\/2508","targetHints":{"allow":["GET"]}}],"collection":[{"href":"https:\/\/fjala.info\/2009-2015\/wp-json\/wp\/v2\/posts"}],"about":[{"href":"https:\/\/fjala.info\/2009-2015\/wp-json\/wp\/v2\/types\/post"}],"author":[{"embeddable":true,"href":"https:\/\/fjala.info\/2009-2015\/wp-json\/wp\/v2\/users\/1"}],"replies":[{"embeddable":true,"href":"https:\/\/fjala.info\/2009-2015\/wp-json\/wp\/v2\/comments?post=2508"}],"version-history":[{"count":0,"href":"https:\/\/fjala.info\/2009-2015\/wp-json\/wp\/v2\/posts\/2508\/revisions"}],"wp:attachment":[{"href":"https:\/\/fjala.info\/2009-2015\/wp-json\/wp\/v2\/media?parent=2508"}],"wp:term":[{"taxonomy":"category","embeddable":true,"href":"https:\/\/fjala.info\/2009-2015\/wp-json\/wp\/v2\/categories?post=2508"},{"taxonomy":"post_tag","embeddable":true,"href":"https:\/\/fjala.info\/2009-2015\/wp-json\/wp\/v2\/tags?post=2508"}],"curies":[{"name":"wp","href":"https:\/\/api.w.org\/{rel}","templated":true}]}}